{"id":16712,"date":"2018-12-12T12:46:20","date_gmt":"2018-12-12T15:46:20","guid":{"rendered":"https:\/\/ubirataonline.com.br\/?p=16712"},"modified":"2018-12-12T12:46:35","modified_gmt":"2018-12-12T15:46:35","slug":"suspeito-de-matar-a-mulher-em-ubirata-e-indiciado-por-feminicidio","status":"publish","type":"post","link":"https:\/\/ubirataonline.com.br\/en\/suspeito-de-matar-a-mulher-em-ubirata-e-indiciado-por-feminicidio\/","title":{"rendered":"Suspeito de matar a mulher em Ubirat\u00e3 \u00e9 indiciado por feminic\u00eddio"},"content":{"rendered":"<h2 class=\"wp-block-heading\">Inqu\u00e9rito conclu\u00eddo na ter\u00e7a-feira (11) aponta que a morte de Silvana da Silva foi causada por agress\u00f5es; companheiro teve a pris\u00e3o preventiva decretada.<\/h2>\n\n\n\n<p class=\"wp-block-paragraph\">O companheiro da mulher de 44 anos encontrada morta em casa, em Ubirat\u00e3, no oeste do Paran\u00e1, no dia 2 de dezembro, foi indiciado por feminic\u00eddio.<\/p>\n\n\n\n<p class=\"wp-block-paragraph\">O&nbsp;<a href=\"https:\/\/g1.globo.com\/pr\/oeste-sudoeste\/noticia\/2018\/12\/03\/companheiro-de-mulher-achada-morta-em-ubirata-e-preso-suspeito-do-crime.ghtml\">suspeito, que n\u00e3o teve o nome divulgado pela pol\u00edcia, foi preso em flagrante no dia do crime<\/a>&nbsp;e teve a pris\u00e3o preventiva decretada pela Justi\u00e7a.<\/p>\n\n\n\n<p class=\"wp-block-paragraph\">Segundo o inqu\u00e9rito policial, conclu\u00eddo na ter\u00e7a-feira (11) pelo delegado Ivo Viana, a morte de Silvana da Silva, de 44 anos, foi causada por agress\u00f5es praticadas pelo companheiro. O casal vivia junto havia um ano.<\/p>\n\n\n\n<p class=\"wp-block-paragraph\">No dia do crime, o jovem, de 22 anos, disse \u00e0 pol\u00edcia que ao acordar, por volta das 7h achou a mulher ca\u00edda no quarto.<\/p>\n\n\n\n<p class=\"wp-block-paragraph\">Ainda de acordo com o suspeito, a companheira havia chegado em casa por volta das 3h e que ele at\u00e9 ouviu um barulho como se algu\u00e9m tivesse ca\u00eddo, mas n\u00e3o se preocupou porque a mulher geralmente chegava b\u00eabada em casa.<\/p>\n\n\n\n<p class=\"wp-block-paragraph\">O Servi\u00e7o de Atendimento M\u00f3vel de Urg\u00eancia (Samu) foi chamado, mas a mulher j\u00e1 estava morta. Ela tinha v\u00e1rios hematomas pelo corpo e afundamento de cr\u00e2nio.<\/p>\n\n\n\n<p class=\"wp-block-paragraph\">\u201cNo curso da apura\u00e7\u00e3o foi poss\u00edvel verificar que as declara\u00e7\u00f5es dadas pelo convivente da v\u00edtima, em boa parte, foram inventadas, como uma poss\u00edvel tentativa de se furtar \u00e0 responsabilidade penal\u201d, comentou o delegado.<\/p>\n\n\n\n<p class=\"wp-block-paragraph\">Viana apontou ainda que o suspeito se contradisse v\u00e1rias vezes durante o interrogat\u00f3rio, especialmente sobre os hor\u00e1rios em que ele e Silvana teriam chegado e permanecido em casa no dia do crime.<\/p>\n\n\n\n<p class=\"wp-block-paragraph\">\u201cAliado a isso, o laudo de necropsia apontou que Silvana foi v\u00edtima de agress\u00f5es f\u00edsicas e que o corpo possivelmente foi movimentado depois da morte, contradizendo a vers\u00e3o do convivente, no sentido de que apenas teria virado o corpo da v\u00edtima quando a viu desfalecida no ch\u00e3o\u201d, completou.<\/p>\n\n\n\n<p class=\"wp-block-paragraph\">Testemunhas declararam que, apesar de n\u00e3o haver nenhum boletim de ocorr\u00eancia, Silvana era constantemente agredida pelo companheiro.<\/p>\n\n\n\n<p class=\"wp-block-paragraph\">O inqu\u00e9rito ser\u00e1 encaminhado ao Minist\u00e9rio P\u00fablico Estadual (MP-PR). O suspeito n\u00e3o tem advogado constitu\u00eddo.<\/p>\n\n\n\n<p class=\"wp-block-paragraph\">Globo.com<\/p>","protected":false},"excerpt":{"rendered":"<p>Inqu\u00e9rito conclu\u00eddo na ter\u00e7a-feira (11) aponta que a morte de Silvana da Silva foi causada por agress\u00f5es; companheiro teve a pris\u00e3o preventiva decretada. O companheiro da mulher de 44 anos encontrada morta em casa, em Ubirat\u00e3, no oeste do Paran\u00e1, no dia 2 de dezembro, foi indiciado por feminic\u00eddio. O&nbsp;suspeito, que n\u00e3o teve o nome [&hellip;]<\/p>\n","protected":false},"author":1,"featured_media":0,"comment_status":"closed","ping_status":"closed","sticky":false,"template":"","format":"standard","meta":{"googlesitekit_rrm_CAow2JLhCw:productID":"","_gspb_post_css":"","maa_idioma":"","maa_pais":"","footnotes":""},"categories":[12],"tags":[],"class_list":["post-16712","post","type-post","status-publish","format-standard","hentry","category-policial"],"blocksy_meta":[],"yoast_head":"<!-- This site is optimized with the Yoast SEO Premium plugin v27.6 (Yoast SEO v27.6) - https:\/\/yoast.com\/product\/yoast-seo-premium-wordpress\/ -->\n<title>Suspeito de matar a mulher em Ubirat\u00e3 \u00e9 indiciado por feminic\u00eddio - Ubirat\u00e3 Online Not\u00edcias - A realidade ao seu alcance!<\/title>\n<meta name=\"description\" content=\"Inqu\u00e9rito conclu\u00eddo na ter\u00e7a-feira (11) aponta que a morte de Silvana da Silva foi causada por agress\u00f5es; companheiro teve a pris\u00e3o preventiva decretada.\" \/>\n<meta name=\"robots\" content=\"index, follow, max-snippet:-1, max-image-preview:large, max-video-preview:-1\" \/>\n<link rel=\"canonical\" href=\"https:\/\/ubirataonline.com.br\/en\/suspeito-de-matar-a-mulher-em-ubirata-e-indiciado-por-feminicidio\/\" \/>\n<meta property=\"og:locale\" content=\"en_US\" \/>\n<meta property=\"og:type\" content=\"article\" \/>\n<meta property=\"og:title\" content=\"Suspeito de matar a mulher em Ubirat\u00e3 \u00e9 indiciado por feminic\u00eddio\" \/>\n<meta property=\"og:description\" content=\"Inqu\u00e9rito conclu\u00eddo na ter\u00e7a-feira (11) aponta que a morte de Silvana da Silva foi causada por agress\u00f5es; companheiro teve a pris\u00e3o preventiva decretada.\" \/>\n<meta property=\"og:url\" content=\"https:\/\/ubirataonline.com.br\/en\/suspeito-de-matar-a-mulher-em-ubirata-e-indiciado-por-feminicidio\/\" \/>\n<meta property=\"og:site_name\" content=\"Ubirat\u00e3 Online Not\u00edcias - A realidade ao seu alcance!\" \/>\n<meta property=\"article:publisher\" content=\"https:\/\/www.facebook.com\/portalubirataonline\" \/>\n<meta property=\"article:author\" content=\"https:\/\/www.facebook.com\/portalubirataonline\" \/>\n<meta property=\"article:published_time\" content=\"2018-12-12T15:46:20+00:00\" \/>\n<meta property=\"article:modified_time\" content=\"2018-12-12T15:46:35+00:00\" \/>\n<meta property=\"og:image\" content=\"https:\/\/ubirataonline.com.br\/wp-content\/uploads\/2026\/05\/logo2026.webp\" \/>\n\t<meta property=\"og:image:width\" content=\"1531\" \/>\n\t<meta property=\"og:image:height\" content=\"418\" \/>\n\t<meta property=\"og:image:type\" content=\"image\/webp\" \/>\n<meta name=\"author\" content=\"REDA\u00c7\u00c3O: UBIRAT\u00c3 ONLINE - F\u00c1BIO AUGUSTO CELESTINO\" \/>\n<meta name=\"twitter:card\" content=\"summary_large_image\" \/>\n<meta name=\"twitter:creator\" content=\"@x.com\/ubirataonline\" \/>\n<meta name=\"twitter:site\" content=\"@ubirataonline\" \/>\n<meta name=\"twitter:label1\" content=\"Written by\" \/>\n\t<meta name=\"twitter:data1\" content=\"REDA\u00c7\u00c3O: UBIRAT\u00c3 ONLINE - F\u00c1BIO AUGUSTO CELESTINO\" \/>\n\t<meta name=\"twitter:label2\" content=\"Est. reading time\" \/>\n\t<meta name=\"twitter:data2\" content=\"2 minutes\" \/>\n<script type=\"application\/ld+json\" class=\"yoast-schema-graph\">{\"@context\":\"https:\\\/\\\/schema.org\",\"@graph\":[{\"@type\":\"NewsArticle\",\"@id\":\"https:\\\/\\\/ubirataonline.com.br\\\/suspeito-de-matar-a-mulher-em-ubirata-e-indiciado-por-feminicidio\\\/#article\",\"isPartOf\":{\"@id\":\"https:\\\/\\\/ubirataonline.com.br\\\/suspeito-de-matar-a-mulher-em-ubirata-e-indiciado-por-feminicidio\\\/\"},\"author\":{\"name\":\"REDA\u00c7\u00c3O: UBIRAT\u00c3 ONLINE - F\u00c1BIO AUGUSTO CELESTINO\",\"@id\":\"https:\\\/\\\/ubirataonline.com.br\\\/#\\\/schema\\\/person\\\/372f87bbd3fdd79b8556b84c98d0bc1c\"},\"headline\":\"Suspeito de matar a mulher em Ubirat\u00e3 \u00e9 indiciado por feminic\u00eddio\",\"datePublished\":\"2018-12-12T15:46:20+00:00\",\"dateModified\":\"2018-12-12T15:46:35+00:00\",\"mainEntityOfPage\":{\"@id\":\"https:\\\/\\\/ubirataonline.com.br\\\/suspeito-de-matar-a-mulher-em-ubirata-e-indiciado-por-feminicidio\\\/\"},\"wordCount\":399,\"publisher\":{\"@id\":\"https:\\\/\\\/ubirataonline.com.br\\\/#organization\"},\"articleSection\":[\"Policial\"],\"inLanguage\":\"en-US\",\"copyrightYear\":\"2018\",\"copyrightHolder\":{\"@id\":\"https:\\\/\\\/ubirataonline.com.br\\\/en\\\/#organization\"}},{\"@type\":\"WebPage\",\"@id\":\"https:\\\/\\\/ubirataonline.com.br\\\/suspeito-de-matar-a-mulher-em-ubirata-e-indiciado-por-feminicidio\\\/\",\"url\":\"https:\\\/\\\/ubirataonline.com.br\\\/suspeito-de-matar-a-mulher-em-ubirata-e-indiciado-por-feminicidio\\\/\",\"name\":\"Suspeito de matar a mulher em Ubirat\u00e3 \u00e9 indiciado por feminic\u00eddio - Ubirat\u00e3 Online Not\u00edcias - A realidade ao seu alcance!\",\"isPartOf\":{\"@id\":\"https:\\\/\\\/ubirataonline.com.br\\\/#website\"},\"datePublished\":\"2018-12-12T15:46:20+00:00\",\"dateModified\":\"2018-12-12T15:46:35+00:00\",\"description\":\"Inqu\u00e9rito conclu\u00eddo na ter\u00e7a-feira (11) aponta que a morte de Silvana da Silva foi causada por agress\u00f5es; companheiro teve a pris\u00e3o preventiva decretada.\",\"breadcrumb\":{\"@id\":\"https:\\\/\\\/ubirataonline.com.br\\\/suspeito-de-matar-a-mulher-em-ubirata-e-indiciado-por-feminicidio\\\/#breadcrumb\"},\"inLanguage\":\"en-US\",\"potentialAction\":[{\"@type\":\"ReadAction\",\"target\":[\"https:\\\/\\\/ubirataonline.com.br\\\/suspeito-de-matar-a-mulher-em-ubirata-e-indiciado-por-feminicidio\\\/\"]}]},{\"@type\":\"BreadcrumbList\",\"@id\":\"https:\\\/\\\/ubirataonline.com.br\\\/suspeito-de-matar-a-mulher-em-ubirata-e-indiciado-por-feminicidio\\\/#breadcrumb\",\"itemListElement\":[{\"@type\":\"ListItem\",\"position\":1,\"name\":\"In\u00edcio\",\"item\":\"https:\\\/\\\/ubirataonline.com.br\\\/\"},{\"@type\":\"ListItem\",\"position\":2,\"name\":\"Suspeito de matar a mulher em Ubirat\u00e3 \u00e9 indiciado por feminic\u00eddio\"}]},{\"@type\":\"WebSite\",\"@id\":\"https:\\\/\\\/ubirataonline.com.br\\\/#website\",\"url\":\"https:\\\/\\\/ubirataonline.com.br\\\/\",\"name\":\"Ubirat\u00e3 Online Not\u00edcias\",\"description\":\"Not\u00edcias de Ubirat\u00e3, regi\u00e3o, Brasil e mundo, com informa\u00e7\u00e3o atualizada e compromisso com o leitor.\",\"publisher\":{\"@id\":\"https:\\\/\\\/ubirataonline.com.br\\\/#organization\"},\"alternateName\":\"Ubirat\u00e3 Online\",\"potentialAction\":[{\"@type\":\"SearchAction\",\"target\":{\"@type\":\"EntryPoint\",\"urlTemplate\":\"https:\\\/\\\/ubirataonline.com.br\\\/?s={search_term_string}\"},\"query-input\":{\"@type\":\"PropertyValueSpecification\",\"valueRequired\":true,\"valueName\":\"search_term_string\"}}],\"inLanguage\":\"en-US\"},{\"@type\":[\"Organization\",\"Place\"],\"@id\":\"https:\\\/\\\/ubirataonline.com.br\\\/#organization\",\"name\":\"Ubirat\u00e3 Online Not\u00edcias\",\"alternateName\":\"Ubirat\u00e3 Online\",\"url\":\"https:\\\/\\\/ubirataonline.com.br\\\/\",\"logo\":{\"@id\":\"https:\\\/\\\/ubirataonline.com.br\\\/suspeito-de-matar-a-mulher-em-ubirata-e-indiciado-por-feminicidio\\\/#local-main-organization-logo\"},\"image\":{\"@id\":\"https:\\\/\\\/ubirataonline.com.br\\\/suspeito-de-matar-a-mulher-em-ubirata-e-indiciado-por-feminicidio\\\/#local-main-organization-logo\"},\"sameAs\":[\"https:\\\/\\\/www.facebook.com\\\/portalubirataonline\",\"https:\\\/\\\/x.com\\\/ubirataonline\",\"https:\\\/\\\/mastodon.social\\\/@ubirataonline\",\"https:\\\/\\\/www.facebook.com\\\/groups\\\/311144672285604\",\"https:\\\/\\\/www.facebook.com\\\/UBTAOnline\",\"https:\\\/\\\/www.instagram.com\\\/portalubirataonline\\\/\",\"https:\\\/\\\/twitter.com\\\/ubirataonline\"],\"description\":\"Somos um portal de not\u00edcias independente, criado em 5 de janeiro de 2009, com o objetivo de informar, conectar e valorizar a nossa comunidade de Ubirat\u00e3 e toda aregi\u00e3o. Com conte\u00fado atualizado, confi\u00e1vel e relevante, o Ubirat\u00e3 Online \u00e9 o seu espa\u00e7o para ficar por dentro dos principais acontecimentos locais, regionais, Brasil, Mundo e de interesse geral. Nosso compromisso \u00e9 com a verdade, a transpar\u00eancia e o respeito ao leitor.\",\"legalName\":\"UBIRATA ONLINE NOT\u00cdCIAS\",\"foundingDate\":\"2009-01-05\",\"numberOfEmployees\":{\"@type\":\"QuantitativeValue\",\"minValue\":\"1\",\"maxValue\":\"10\"},\"publishingPrinciples\":\"https:\\\/\\\/ubirataonline.com.br\\\/faq\\\/\",\"address\":{\"@id\":\"https:\\\/\\\/ubirataonline.com.br\\\/suspeito-de-matar-a-mulher-em-ubirata-e-indiciado-por-feminicidio\\\/#local-main-place-address\"},\"geo\":{\"@type\":\"GeoCoordinates\",\"latitude\":\"-24.5361401\",\"longitude\":\"-52.9921776\"},\"telephone\":[\"+5544998308235\"],\"contactPoint\":{\"@type\":\"ContactPoint\",\"email\":\"contato@ubirataonline.com.br\"},\"openingHoursSpecification\":{\"@type\":\"OpeningHoursSpecification\",\"dayOfWeek\":[\"Monday\",\"Tuesday\",\"Wednesday\",\"Thursday\",\"Friday\",\"Saturday\",\"Sunday\"],\"opens\":\"00:00\",\"closes\":\"23:59\"},\"email\":\"contato@ubirataonline.com.br\",\"vatID\":\"47.621.418\\\/0001-80\"},{\"@type\":\"Person\",\"@id\":\"https:\\\/\\\/ubirataonline.com.br\\\/#\\\/schema\\\/person\\\/372f87bbd3fdd79b8556b84c98d0bc1c\",\"name\":\"REDA\u00c7\u00c3O: UBIRAT\u00c3 ONLINE - F\u00c1BIO AUGUSTO CELESTINO\",\"pronouns\":\"Ele\",\"description\":\"Desde 2003 trabalhando com not\u00edcias.\",\"sameAs\":[\"http:\\\/\\\/ubirataoline.com.br\",\"https:\\\/\\\/www.facebook.com\\\/portalubirataonline\",\"https:\\\/\\\/www.instagram.com\\\/ubirataonline_oficial\",\"https:\\\/\\\/x.com\\\/x.com\\\/ubirataonline\"],\"honorificPrefix\":\"Mr.\",\"honorificSuffix\":\"MD\",\"birthDate\":\"1980-06-16\",\"gender\":\"masculino\",\"award\":[\"V\u00e1rios pr\u00eamios de melhor portal da cidade\"],\"jobTitle\":\"Diretor\",\"url\":\"https:\\\/\\\/ubirataonline.com.br\\\/en\\\/author\\\/ubirataonline\\\/\"},{\"@type\":\"PostalAddress\",\"@id\":\"https:\\\/\\\/ubirataonline.com.br\\\/suspeito-de-matar-a-mulher-em-ubirata-e-indiciado-por-feminicidio\\\/#local-main-place-address\",\"streetAddress\":\"Rua dos Coqueiros, 104 - Bairro Boa Vista, Rua dos Coqueiros, 104 Bairro Boa Vista\",\"addressLocality\":\"UBIRATA\",\"postalCode\":\"85440-000\",\"addressRegion\":\"PR\",\"addressCountry\":\"BR\"},{\"@type\":\"ImageObject\",\"inLanguage\":\"en-US\",\"@id\":\"https:\\\/\\\/ubirataonline.com.br\\\/suspeito-de-matar-a-mulher-em-ubirata-e-indiciado-por-feminicidio\\\/#local-main-organization-logo\",\"url\":\"https:\\\/\\\/ubirataonline.com.br\\\/wp-content\\\/uploads\\\/2026\\\/06\\\/logoubirataonline-1.webp\",\"contentUrl\":\"https:\\\/\\\/ubirataonline.com.br\\\/wp-content\\\/uploads\\\/2026\\\/06\\\/logoubirataonline-1.webp\",\"width\":500,\"height\":500,\"caption\":\"Ubirat\u00e3 Online Not\u00edcias\"}]}<\/script>\n<meta name=\"geo.placename\" content=\"UBIRATA\" \/>\n<meta name=\"geo.position\" content=\"-24.5361401;-52.9921776\" \/>\n<meta name=\"geo.region\" content=\"Brazil\" \/>\n<!-- \/ Yoast SEO Premium plugin. -->","yoast_head_json":{"title":"Suspeito de matar a mulher em Ubirat\u00e3 \u00e9 indiciado por feminic\u00eddio - Ubirat\u00e3 Online Not\u00edcias - A realidade ao seu alcance!","description":"Inqu\u00e9rito conclu\u00eddo na ter\u00e7a-feira (11) aponta que a morte de Silvana da Silva foi causada por agress\u00f5es; companheiro teve a pris\u00e3o preventiva decretada.","robots":{"index":"index","follow":"follow","max-snippet":"max-snippet:-1","max-image-preview":"max-image-preview:large","max-video-preview":"max-video-preview:-1"},"canonical":"https:\/\/ubirataonline.com.br\/en\/suspeito-de-matar-a-mulher-em-ubirata-e-indiciado-por-feminicidio\/","og_locale":"en_US","og_type":"article","og_title":"Suspeito de matar a mulher em Ubirat\u00e3 \u00e9 indiciado por feminic\u00eddio","og_description":"Inqu\u00e9rito conclu\u00eddo na ter\u00e7a-feira (11) aponta que a morte de Silvana da Silva foi causada por agress\u00f5es; companheiro teve a pris\u00e3o preventiva decretada.","og_url":"https:\/\/ubirataonline.com.br\/en\/suspeito-de-matar-a-mulher-em-ubirata-e-indiciado-por-feminicidio\/","og_site_name":"Ubirat\u00e3 Online Not\u00edcias - A realidade ao seu alcance!","article_publisher":"https:\/\/www.facebook.com\/portalubirataonline","article_author":"https:\/\/www.facebook.com\/portalubirataonline","article_published_time":"2018-12-12T15:46:20+00:00","article_modified_time":"2018-12-12T15:46:35+00:00","og_image":[{"width":1531,"height":418,"url":"https:\/\/ubirataonline.com.br\/wp-content\/uploads\/2026\/05\/logo2026.webp","type":"image\/webp"}],"author":"REDA\u00c7\u00c3O: UBIRAT\u00c3 ONLINE - F\u00c1BIO AUGUSTO CELESTINO","twitter_card":"summary_large_image","twitter_creator":"@x.com\/ubirataonline","twitter_site":"@ubirataonline","twitter_misc":{"Written by":"REDA\u00c7\u00c3O: UBIRAT\u00c3 ONLINE - F\u00c1BIO AUGUSTO CELESTINO","Est. reading time":"2 minutes"},"schema":{"@context":"https:\/\/schema.org","@graph":[{"@type":"NewsArticle","@id":"https:\/\/ubirataonline.com.br\/suspeito-de-matar-a-mulher-em-ubirata-e-indiciado-por-feminicidio\/#article","isPartOf":{"@id":"https:\/\/ubirataonline.com.br\/suspeito-de-matar-a-mulher-em-ubirata-e-indiciado-por-feminicidio\/"},"author":{"name":"REDA\u00c7\u00c3O: UBIRAT\u00c3 ONLINE - F\u00c1BIO AUGUSTO CELESTINO","@id":"https:\/\/ubirataonline.com.br\/#\/schema\/person\/372f87bbd3fdd79b8556b84c98d0bc1c"},"headline":"Suspeito de matar a mulher em Ubirat\u00e3 \u00e9 indiciado por feminic\u00eddio","datePublished":"2018-12-12T15:46:20+00:00","dateModified":"2018-12-12T15:46:35+00:00","mainEntityOfPage":{"@id":"https:\/\/ubirataonline.com.br\/suspeito-de-matar-a-mulher-em-ubirata-e-indiciado-por-feminicidio\/"},"wordCount":399,"publisher":{"@id":"https:\/\/ubirataonline.com.br\/#organization"},"articleSection":["Policial"],"inLanguage":"en-US","copyrightYear":"2018","copyrightHolder":{"@id":"https:\/\/ubirataonline.com.br\/en\/#organization"}},{"@type":"WebPage","@id":"https:\/\/ubirataonline.com.br\/suspeito-de-matar-a-mulher-em-ubirata-e-indiciado-por-feminicidio\/","url":"https:\/\/ubirataonline.com.br\/suspeito-de-matar-a-mulher-em-ubirata-e-indiciado-por-feminicidio\/","name":"Suspeito de matar a mulher em Ubirat\u00e3 \u00e9 indiciado por feminic\u00eddio - Ubirat\u00e3 Online Not\u00edcias - A realidade ao seu alcance!","isPartOf":{"@id":"https:\/\/ubirataonline.com.br\/#website"},"datePublished":"2018-12-12T15:46:20+00:00","dateModified":"2018-12-12T15:46:35+00:00","description":"Inqu\u00e9rito conclu\u00eddo na ter\u00e7a-feira (11) aponta que a morte de Silvana da Silva foi causada por agress\u00f5es; companheiro teve a pris\u00e3o preventiva decretada.","breadcrumb":{"@id":"https:\/\/ubirataonline.com.br\/suspeito-de-matar-a-mulher-em-ubirata-e-indiciado-por-feminicidio\/#breadcrumb"},"inLanguage":"en-US","potentialAction":[{"@type":"ReadAction","target":["https:\/\/ubirataonline.com.br\/suspeito-de-matar-a-mulher-em-ubirata-e-indiciado-por-feminicidio\/"]}]},{"@type":"BreadcrumbList","@id":"https:\/\/ubirataonline.com.br\/suspeito-de-matar-a-mulher-em-ubirata-e-indiciado-por-feminicidio\/#breadcrumb","itemListElement":[{"@type":"ListItem","position":1,"name":"In\u00edcio","item":"https:\/\/ubirataonline.com.br\/"},{"@type":"ListItem","position":2,"name":"Suspeito de matar a mulher em Ubirat\u00e3 \u00e9 indiciado por feminic\u00eddio"}]},{"@type":"WebSite","@id":"https:\/\/ubirataonline.com.br\/#website","url":"https:\/\/ubirataonline.com.br\/","name":"Ubirat\u00e3 Online Not\u00edcias","description":"Not\u00edcias de Ubirat\u00e3, regi\u00e3o, Brasil e mundo, com informa\u00e7\u00e3o atualizada e compromisso com o leitor.","publisher":{"@id":"https:\/\/ubirataonline.com.br\/#organization"},"alternateName":"Ubirat\u00e3 Online","potentialAction":[{"@type":"SearchAction","target":{"@type":"EntryPoint","urlTemplate":"https:\/\/ubirataonline.com.br\/?s={search_term_string}"},"query-input":{"@type":"PropertyValueSpecification","valueRequired":true,"valueName":"search_term_string"}}],"inLanguage":"en-US"},{"@type":["Organization","Place"],"@id":"https:\/\/ubirataonline.com.br\/#organization","name":"Ubirat\u00e3 Online Not\u00edcias","alternateName":"Ubirat\u00e3 Online","url":"https:\/\/ubirataonline.com.br\/","logo":{"@id":"https:\/\/ubirataonline.com.br\/suspeito-de-matar-a-mulher-em-ubirata-e-indiciado-por-feminicidio\/#local-main-organization-logo"},"image":{"@id":"https:\/\/ubirataonline.com.br\/suspeito-de-matar-a-mulher-em-ubirata-e-indiciado-por-feminicidio\/#local-main-organization-logo"},"sameAs":["https:\/\/www.facebook.com\/portalubirataonline","https:\/\/x.com\/ubirataonline","https:\/\/mastodon.social\/@ubirataonline","https:\/\/www.facebook.com\/groups\/311144672285604","https:\/\/www.facebook.com\/UBTAOnline","https:\/\/www.instagram.com\/portalubirataonline\/","https:\/\/twitter.com\/ubirataonline"],"description":"Somos um portal de not\u00edcias independente, criado em 5 de janeiro de 2009, com o objetivo de informar, conectar e valorizar a nossa comunidade de Ubirat\u00e3 e toda aregi\u00e3o. Com conte\u00fado atualizado, confi\u00e1vel e relevante, o Ubirat\u00e3 Online \u00e9 o seu espa\u00e7o para ficar por dentro dos principais acontecimentos locais, regionais, Brasil, Mundo e de interesse geral. Nosso compromisso \u00e9 com a verdade, a transpar\u00eancia e o respeito ao leitor.","legalName":"UBIRATA ONLINE NOT\u00cdCIAS","foundingDate":"2009-01-05","numberOfEmployees":{"@type":"QuantitativeValue","minValue":"1","maxValue":"10"},"publishingPrinciples":"https:\/\/ubirataonline.com.br\/faq\/","address":{"@id":"https:\/\/ubirataonline.com.br\/suspeito-de-matar-a-mulher-em-ubirata-e-indiciado-por-feminicidio\/#local-main-place-address"},"geo":{"@type":"GeoCoordinates","latitude":"-24.5361401","longitude":"-52.9921776"},"telephone":["+5544998308235"],"contactPoint":{"@type":"ContactPoint","email":"contato@ubirataonline.com.br"},"openingHoursSpecification":{"@type":"OpeningHoursSpecification","dayOfWeek":["Monday","Tuesday","Wednesday","Thursday","Friday","Saturday","Sunday"],"opens":"00:00","closes":"23:59"},"email":"contato@ubirataonline.com.br","vatID":"47.621.418\/0001-80"},{"@type":"Person","@id":"https:\/\/ubirataonline.com.br\/#\/schema\/person\/372f87bbd3fdd79b8556b84c98d0bc1c","name":"REDA\u00c7\u00c3O: UBIRAT\u00c3 ONLINE - F\u00c1BIO AUGUSTO CELESTINO","pronouns":"Ele","description":"Desde 2003 trabalhando com not\u00edcias.","sameAs":["http:\/\/ubirataoline.com.br","https:\/\/www.facebook.com\/portalubirataonline","https:\/\/www.instagram.com\/ubirataonline_oficial","https:\/\/x.com\/x.com\/ubirataonline"],"honorificPrefix":"Mr.","honorificSuffix":"MD","birthDate":"1980-06-16","gender":"masculino","award":["V\u00e1rios pr\u00eamios de melhor portal da cidade"],"jobTitle":"Diretor","url":"https:\/\/ubirataonline.com.br\/en\/author\/ubirataonline\/"},{"@type":"PostalAddress","@id":"https:\/\/ubirataonline.com.br\/suspeito-de-matar-a-mulher-em-ubirata-e-indiciado-por-feminicidio\/#local-main-place-address","streetAddress":"Rua dos Coqueiros, 104 - Bairro Boa Vista, Rua dos Coqueiros, 104 Bairro Boa Vista","addressLocality":"UBIRATA","postalCode":"85440-000","addressRegion":"PR","addressCountry":"BR"},{"@type":"ImageObject","inLanguage":"en-US","@id":"https:\/\/ubirataonline.com.br\/suspeito-de-matar-a-mulher-em-ubirata-e-indiciado-por-feminicidio\/#local-main-organization-logo","url":"https:\/\/ubirataonline.com.br\/wp-content\/uploads\/2026\/06\/logoubirataonline-1.webp","contentUrl":"https:\/\/ubirataonline.com.br\/wp-content\/uploads\/2026\/06\/logoubirataonline-1.webp","width":500,"height":500,"caption":"Ubirat\u00e3 Online Not\u00edcias"}]},"geo.placename":"UBIRATA","geo.position":{"lat":"-24.5361401","long":"-52.9921776"},"geo.region":"Brazil"},"_links":{"self":[{"href":"https:\/\/ubirataonline.com.br\/en\/wp-json\/wp\/v2\/posts\/16712","targetHints":{"allow":["GET"]}}],"collection":[{"href":"https:\/\/ubirataonline.com.br\/en\/wp-json\/wp\/v2\/posts"}],"about":[{"href":"https:\/\/ubirataonline.com.br\/en\/wp-json\/wp\/v2\/types\/post"}],"author":[{"embeddable":true,"href":"https:\/\/ubirataonline.com.br\/en\/wp-json\/wp\/v2\/users\/1"}],"replies":[{"embeddable":true,"href":"https:\/\/ubirataonline.com.br\/en\/wp-json\/wp\/v2\/comments?post=16712"}],"version-history":[{"count":0,"href":"https:\/\/ubirataonline.com.br\/en\/wp-json\/wp\/v2\/posts\/16712\/revisions"}],"wp:attachment":[{"href":"https:\/\/ubirataonline.com.br\/en\/wp-json\/wp\/v2\/media?parent=16712"}],"wp:term":[{"taxonomy":"category","embeddable":true,"href":"https:\/\/ubirataonline.com.br\/en\/wp-json\/wp\/v2\/categories?post=16712"},{"taxonomy":"post_tag","embeddable":true,"href":"https:\/\/ubirataonline.com.br\/en\/wp-json\/wp\/v2\/tags?post=16712"}],"curies":[{"name":"wp","href":"https:\/\/api.w.org\/{rel}","templated":true}]}}