{"id":169279,"date":"2026-08-31T07:04:05","date_gmt":"2026-08-31T10:04:05","guid":{"rendered":"https:\/\/ubirataonline.com.br\/emendas-parlamentares-chegam-a-r-471-bilhoes-em-2025-apos-alta-de-315-em-11-anos-indica-ipea\/"},"modified":"2026-08-31T07:04:05","modified_gmt":"2026-08-31T10:04:05","slug":"emendas-parlamentares-chegam-a-r-471-bilhoes-em-2025-apos-alta-de-315-em-11-anos-indica-ipea","status":"publish","type":"post","link":"https:\/\/ubirataonline.com.br\/en\/emendas-parlamentares-chegam-a-r-471-bilhoes-em-2025-apos-alta-de-315-em-11-anos-indica-ipea\/","title":{"rendered":"Emendas parlamentares chegam a R$ 47,1 bilh\u00f5es em 2025 ap\u00f3s alta de 315% em 11 anos, indica Ipea"},"content":{"rendered":"<p>O montante empenhado em emendas parlamentares no or\u00e7amento federal saltou de R$ 11,3 bilh\u00f5es, em 2014, para R$ 47,1 bilh\u00f5es, em 2025, um crescimento real de 315% corrigido pela infla\u00e7\u00e3o, conforme levantamento feito pelo Instituto de Pesquisa Econ\u00f4mica Aplicada (Ipea).<\/p>\n<p>As emendas parlamentares s\u00e3o mecanismos que autorizam deputados e senadores a direcionar parte das verbas p\u00fablicas para \u00e1reas espec\u00edficas, como sa\u00fade, educa\u00e7\u00e3o e infraestrutura local. Segundo o estudo, esse aumento expressivo alterou significativamente o cen\u00e1rio do or\u00e7amento discricion\u00e1rio federal e o modo como as despesas p\u00fablicas s\u00e3o decididas e executadas.<\/p>\n<h3>Crescimento e impacto das emendas em pol\u00edticas sociais<\/h3>\n<p>O valor direcionado \u00e0s pol\u00edticas sociais subiu de R$ 9,2 bilh\u00f5es, em 2014, para R$ 35 bilh\u00f5es em 2025, o que representa um aumento real de 282%. Sa\u00fade, educa\u00e7\u00e3o e assist\u00eancia social receberam cerca de tr\u00eas quartos dos recursos empenhados via emendas neste \u00faltimo ano. Em particular, os recursos empenhados para a sa\u00fade cresceram de R$ 5,1 bilh\u00f5es para R$ 24,8 bilh\u00f5es entre 2014 e 2024, chegando a representar 45,4% das despesas discricion\u00e1rias do Minist\u00e9rio da Sa\u00fade, ante 18,6% em 2014.<\/p>\n<p>No \u00e2mbito da educa\u00e7\u00e3o, o volume das emendas mais que triplicou, de R$ 375,9 milh\u00f5es para R$ 1,58 bilh\u00e3o, entre 2014 e 2024, embora ainda represente cerca de 1% do or\u00e7amento total da pasta. Esse crescimento acompanhou uma mudan\u00e7a no perfil de gastos, com os recursos voltados para despesas correntes aumentando de 9% para 38% no mesmo intervalor temporal.<\/p>\n<h3>Altera\u00e7\u00f5es legislativas e maior autonomia parlamentar<\/h3>\n<p>Um ponto determinante para esse cen\u00e1rio foi a emenda constitucional aprovada em 2015, que tornou obrigat\u00f3ria a execu\u00e7\u00e3o das emendas individuais indicadas pelos parlamentares. Antes dessa mudan\u00e7a, embora deputados e senadores pudessem sugerir destinos para recursos, o governo tinha maior controle sobre quais emendas seriam efetivamente executadas.<\/p>\n<p>Com a nova regra, o Executivo \u00e9 obrigado a cumprir as indica\u00e7\u00f5es de cada parlamentar, o que, segundo os pesquisadores do Ipea, enfraqueceu a l\u00f3gica partid\u00e1ria predominante e ampliou a autonomia individual na aloca\u00e7\u00e3o dos recursos p\u00fablicos, fen\u00f4meno descrito como &#8220;parlamentarismo or\u00e7ament\u00e1rio&#8221;.<\/p>\n<h3>Desafios na execu\u00e7\u00e3o e propostas para maior transpar\u00eancia<\/h3>\n<p>Uma consequ\u00eancia desse crescimento \u00e9 que parte significativa das despesas correntes do setor p\u00fablico, especialmente em sa\u00fade, dependem agora das emendas parlamentares, cujo valor n\u00e3o tem garantia de continuidade anual. Segundo o Ipea, isso dificulta o planejamento de unidades como hospitais e prefeituras, que ficam suscet\u00edveis a novos direcionamentos pol\u00edticos para manter servi\u00e7os essenciais.<\/p>\n<p>Para aumentar a transpar\u00eancia e o controle, o estudo recomenda medidas como o fim das chamadas emendas Pix \u2014 que transferiam recursos diretamente a Estados e munic\u00edpios sem conv\u00eanios ou planos de trabalho pr\u00e9-estabelecidos \u2014, al\u00e9m de submeter as emendas a an\u00e1lise de m\u00e9rito nas comiss\u00f5es tem\u00e1ticas do Congresso e a ado\u00e7\u00e3o de identificadores \u00fanicos para rastreio desde a indica\u00e7\u00e3o at\u00e9 o benefici\u00e1rio final. Essas diretrizes buscam aprimorar a fiscaliza\u00e7\u00e3o e garantir que os recursos p\u00fablicos sejam aplicados de forma mais eficiente e clara.<\/p>","protected":false},"excerpt":{"rendered":"<p>O montante empenhado em emendas parlamentares no or\u00e7amento federal saltou de R$ 11,3 bilh\u00f5es, em 2014, para R$ 47,1 bilh\u00f5es, em 2025, um crescimento real de 315% corrigido pela infla\u00e7\u00e3o, conforme levantamento feito pelo Instituto de Pesquisa Econ\u00f4mica Aplicada (Ipea). As emendas parlamentares s\u00e3o mecanismos que autorizam deputados e senadores a direcionar parte das verbas [&hellip;]<\/p>\n","protected":false},"author":1,"featured_media":169280,"comment_status":"","ping_status":"","sticky":false,"template":"","format":"standard","meta":{"googlesitekit_rrm_CAow2JLhCw:productID":"","_gspb_post_css":"","maa_idioma":"","maa_pais":"","footnotes":""},"categories":[43088],"tags":[],"class_list":["post-169279","post","type-post","status-publish","format-standard","has-post-thumbnail","hentry","category-parana"],"blocksy_meta":[],"yoast_head":"<!-- This site is optimized with the Yoast SEO Premium plugin v27.6 (Yoast SEO v27.6) - https:\/\/yoast.com\/product\/yoast-seo-premium-wordpress\/ -->\n<title>Emendas parlamentares chegam a R$ 47,1 bilh\u00f5es em 2025 ap\u00f3s alta de 315% em 11 anos, indica Ipea - Ubirat\u00e3 Online Not\u00edcias - A realidade ao seu alcance!<\/title>\n<meta name=\"description\" content=\"O montante empenhado em emendas parlamentares no or\u00e7amento federal saltou de R$ 11,3 bilh\u00f5es, em 2014, para R$ 47,1 bilh\u00f5es, em 2025, um crescimento real\" \/>\n<meta name=\"robots\" content=\"index, follow, max-snippet:-1, max-image-preview:large, max-video-preview:-1\" \/>\n<link rel=\"canonical\" href=\"https:\/\/ubirataonline.com.br\/en\/emendas-parlamentares-chegam-a-r-471-bilhoes-em-2025-apos-alta-de-315-em-11-anos-indica-ipea\/\" \/>\n<meta property=\"og:locale\" content=\"en_US\" \/>\n<meta property=\"og:type\" content=\"article\" \/>\n<meta property=\"og:title\" content=\"Emendas parlamentares chegam a R$ 47,1 bilh\u00f5es em 2025 ap\u00f3s alta de 315% em 11 anos, indica Ipea\" \/>\n<meta property=\"og:description\" content=\"O montante empenhado em emendas parlamentares no or\u00e7amento federal saltou de R$ 11,3 bilh\u00f5es, em 2014, para R$ 47,1 bilh\u00f5es, em 2025, um crescimento real\" \/>\n<meta property=\"og:url\" content=\"https:\/\/ubirataonline.com.br\/en\/emendas-parlamentares-chegam-a-r-471-bilhoes-em-2025-apos-alta-de-315-em-11-anos-indica-ipea\/\" \/>\n<meta property=\"og:site_name\" content=\"Ubirat\u00e3 Online Not\u00edcias - A realidade ao seu alcance!\" \/>\n<meta property=\"article:publisher\" content=\"https:\/\/www.facebook.com\/portalubirataonline\" \/>\n<meta property=\"article:author\" content=\"https:\/\/www.facebook.com\/portalubirataonline\" \/>\n<meta property=\"article:published_time\" content=\"2026-08-31T10:04:05+00:00\" \/>\n<meta property=\"og:image\" content=\"https:\/\/ubirataonline.com.br\/wp-content\/uploads\/2026\/05\/logo2026.webp\" \/>\n\t<meta property=\"og:image:width\" content=\"1531\" \/>\n\t<meta property=\"og:image:height\" content=\"418\" \/>\n\t<meta property=\"og:image:type\" content=\"image\/webp\" \/>\n<meta name=\"author\" content=\"REDA\u00c7\u00c3O: UBIRAT\u00c3 ONLINE - F\u00c1BIO AUGUSTO CELESTINO\" \/>\n<meta name=\"twitter:card\" content=\"summary_large_image\" \/>\n<meta name=\"twitter:creator\" content=\"@x.com\/ubirataonline\" \/>\n<meta name=\"twitter:site\" content=\"@ubirataonline\" \/>\n<meta name=\"twitter:label1\" content=\"Written by\" \/>\n\t<meta name=\"twitter:data1\" content=\"REDA\u00c7\u00c3O: UBIRAT\u00c3 ONLINE - F\u00c1BIO AUGUSTO CELESTINO\" \/>\n\t<meta name=\"twitter:label2\" content=\"Est. reading time\" \/>\n\t<meta name=\"twitter:data2\" content=\"3 minutes\" \/>\n<script type=\"application\/ld+json\" class=\"yoast-schema-graph\">{\"@context\":\"https:\\\/\\\/schema.org\",\"@graph\":[{\"@type\":\"NewsArticle\",\"@id\":\"https:\\\/\\\/ubirataonline.com.br\\\/emendas-parlamentares-chegam-a-r-471-bilhoes-em-2025-apos-alta-de-315-em-11-anos-indica-ipea\\\/#article\",\"isPartOf\":{\"@id\":\"https:\\\/\\\/ubirataonline.com.br\\\/emendas-parlamentares-chegam-a-r-471-bilhoes-em-2025-apos-alta-de-315-em-11-anos-indica-ipea\\\/\"},\"author\":{\"name\":\"REDA\u00c7\u00c3O: UBIRAT\u00c3 ONLINE - F\u00c1BIO AUGUSTO CELESTINO\",\"@id\":\"https:\\\/\\\/ubirataonline.com.br\\\/#\\\/schema\\\/person\\\/372f87bbd3fdd79b8556b84c98d0bc1c\"},\"headline\":\"Emendas parlamentares chegam a R$ 47,1 bilh\u00f5es em 2025 ap\u00f3s alta de 315% em 11 anos, indica Ipea\",\"datePublished\":\"2026-08-31T10:04:05+00:00\",\"mainEntityOfPage\":{\"@id\":\"https:\\\/\\\/ubirataonline.com.br\\\/emendas-parlamentares-chegam-a-r-471-bilhoes-em-2025-apos-alta-de-315-em-11-anos-indica-ipea\\\/\"},\"wordCount\":536,\"publisher\":{\"@id\":\"https:\\\/\\\/ubirataonline.com.br\\\/#organization\"},\"image\":{\"@id\":\"https:\\\/\\\/ubirataonline.com.br\\\/emendas-parlamentares-chegam-a-r-471-bilhoes-em-2025-apos-alta-de-315-em-11-anos-indica-ipea\\\/#primaryimage\"},\"thumbnailUrl\":\"https:\\\/\\\/ubirataonline.com.br\\\/wp-content\\\/uploads\\\/2026\\\/08\\\/maaimg-post-169279-20260831-100428.webp\",\"articleSection\":[\"Paran\u00e1\"],\"inLanguage\":\"en-US\",\"copyrightYear\":\"2026\",\"copyrightHolder\":{\"@id\":\"https:\\\/\\\/ubirataonline.com.br\\\/en\\\/#organization\"}},{\"@type\":\"WebPage\",\"@id\":\"https:\\\/\\\/ubirataonline.com.br\\\/emendas-parlamentares-chegam-a-r-471-bilhoes-em-2025-apos-alta-de-315-em-11-anos-indica-ipea\\\/\",\"url\":\"https:\\\/\\\/ubirataonline.com.br\\\/emendas-parlamentares-chegam-a-r-471-bilhoes-em-2025-apos-alta-de-315-em-11-anos-indica-ipea\\\/\",\"name\":\"Emendas parlamentares chegam a R$ 47,1 bilh\u00f5es em 2025 ap\u00f3s alta de 315% em 11 anos, indica Ipea - Ubirat\u00e3 Online Not\u00edcias - A realidade ao seu alcance!\",\"isPartOf\":{\"@id\":\"https:\\\/\\\/ubirataonline.com.br\\\/#website\"},\"primaryImageOfPage\":{\"@id\":\"https:\\\/\\\/ubirataonline.com.br\\\/emendas-parlamentares-chegam-a-r-471-bilhoes-em-2025-apos-alta-de-315-em-11-anos-indica-ipea\\\/#primaryimage\"},\"image\":{\"@id\":\"https:\\\/\\\/ubirataonline.com.br\\\/emendas-parlamentares-chegam-a-r-471-bilhoes-em-2025-apos-alta-de-315-em-11-anos-indica-ipea\\\/#primaryimage\"},\"thumbnailUrl\":\"https:\\\/\\\/ubirataonline.com.br\\\/wp-content\\\/uploads\\\/2026\\\/08\\\/maaimg-post-169279-20260831-100428.webp\",\"datePublished\":\"2026-08-31T10:04:05+00:00\",\"description\":\"O montante empenhado em emendas parlamentares no or\u00e7amento federal saltou de R$ 11,3 bilh\u00f5es, em 2014, para R$ 47,1 bilh\u00f5es, em 2025, um crescimento real\",\"breadcrumb\":{\"@id\":\"https:\\\/\\\/ubirataonline.com.br\\\/emendas-parlamentares-chegam-a-r-471-bilhoes-em-2025-apos-alta-de-315-em-11-anos-indica-ipea\\\/#breadcrumb\"},\"inLanguage\":\"en-US\",\"potentialAction\":[{\"@type\":\"ReadAction\",\"target\":[\"https:\\\/\\\/ubirataonline.com.br\\\/emendas-parlamentares-chegam-a-r-471-bilhoes-em-2025-apos-alta-de-315-em-11-anos-indica-ipea\\\/\"]}]},{\"@type\":\"ImageObject\",\"inLanguage\":\"en-US\",\"@id\":\"https:\\\/\\\/ubirataonline.com.br\\\/emendas-parlamentares-chegam-a-r-471-bilhoes-em-2025-apos-alta-de-315-em-11-anos-indica-ipea\\\/#primaryimage\",\"url\":\"https:\\\/\\\/ubirataonline.com.br\\\/wp-content\\\/uploads\\\/2026\\\/08\\\/maaimg-post-169279-20260831-100428.webp\",\"contentUrl\":\"https:\\\/\\\/ubirataonline.com.br\\\/wp-content\\\/uploads\\\/2026\\\/08\\\/maaimg-post-169279-20260831-100428.webp\",\"width\":1536,\"height\":1024,\"caption\":\"Gr\u00e1fico ilustrativo das emendas parlamentares chegam r a R$ 47,1 bilh\u00f5es em 2025\"},{\"@type\":\"BreadcrumbList\",\"@id\":\"https:\\\/\\\/ubirataonline.com.br\\\/emendas-parlamentares-chegam-a-r-471-bilhoes-em-2025-apos-alta-de-315-em-11-anos-indica-ipea\\\/#breadcrumb\",\"itemListElement\":[{\"@type\":\"ListItem\",\"position\":1,\"name\":\"In\u00edcio\",\"item\":\"https:\\\/\\\/ubirataonline.com.br\\\/\"},{\"@type\":\"ListItem\",\"position\":2,\"name\":\"Emendas parlamentares chegam a R$ 47,1 bilh\u00f5es em 2025 ap\u00f3s alta de 315% em 11 anos, indica Ipea\"}]},{\"@type\":\"WebSite\",\"@id\":\"https:\\\/\\\/ubirataonline.com.br\\\/#website\",\"url\":\"https:\\\/\\\/ubirataonline.com.br\\\/\",\"name\":\"Ubirat\u00e3 Online Not\u00edcias\",\"description\":\"Not\u00edcias de Ubirat\u00e3, regi\u00e3o, Brasil e mundo, com informa\u00e7\u00e3o atualizada e compromisso com o leitor.\",\"publisher\":{\"@id\":\"https:\\\/\\\/ubirataonline.com.br\\\/#organization\"},\"alternateName\":\"Ubirat\u00e3 Online\",\"potentialAction\":[{\"@type\":\"SearchAction\",\"target\":{\"@type\":\"EntryPoint\",\"urlTemplate\":\"https:\\\/\\\/ubirataonline.com.br\\\/?s={search_term_string}\"},\"query-input\":{\"@type\":\"PropertyValueSpecification\",\"valueRequired\":true,\"valueName\":\"search_term_string\"}}],\"inLanguage\":\"en-US\"},{\"@type\":[\"Organization\",\"Place\"],\"@id\":\"https:\\\/\\\/ubirataonline.com.br\\\/#organization\",\"name\":\"Ubirat\u00e3 Online Not\u00edcias\",\"alternateName\":\"Ubirat\u00e3 Online\",\"url\":\"https:\\\/\\\/ubirataonline.com.br\\\/\",\"logo\":{\"@id\":\"https:\\\/\\\/ubirataonline.com.br\\\/emendas-parlamentares-chegam-a-r-471-bilhoes-em-2025-apos-alta-de-315-em-11-anos-indica-ipea\\\/#local-main-organization-logo\"},\"image\":{\"@id\":\"https:\\\/\\\/ubirataonline.com.br\\\/emendas-parlamentares-chegam-a-r-471-bilhoes-em-2025-apos-alta-de-315-em-11-anos-indica-ipea\\\/#local-main-organization-logo\"},\"sameAs\":[\"https:\\\/\\\/www.facebook.com\\\/portalubirataonline\",\"https:\\\/\\\/x.com\\\/ubirataonline\",\"https:\\\/\\\/mastodon.social\\\/@ubirataonline\",\"https:\\\/\\\/www.facebook.com\\\/groups\\\/311144672285604\",\"https:\\\/\\\/www.facebook.com\\\/UBTAOnline\",\"https:\\\/\\\/www.instagram.com\\\/portalubirataonline\\\/\",\"https:\\\/\\\/twitter.com\\\/ubirataonline\"],\"description\":\"Somos um portal de not\u00edcias independente, criado em 5 de janeiro de 2009, com o objetivo de informar, conectar e valorizar a nossa comunidade de Ubirat\u00e3 e toda aregi\u00e3o. Com conte\u00fado atualizado, confi\u00e1vel e relevante, o Ubirat\u00e3 Online \u00e9 o seu espa\u00e7o para ficar por dentro dos principais acontecimentos locais, regionais, Brasil, Mundo e de interesse geral. Nosso compromisso \u00e9 com a verdade, a transpar\u00eancia e o respeito ao leitor.\",\"legalName\":\"UBIRATA ONLINE NOT\u00cdCIAS\",\"foundingDate\":\"2009-01-05\",\"numberOfEmployees\":{\"@type\":\"QuantitativeValue\",\"minValue\":\"1\",\"maxValue\":\"10\"},\"publishingPrinciples\":\"https:\\\/\\\/ubirataonline.com.br\\\/faq\\\/\",\"address\":{\"@id\":\"https:\\\/\\\/ubirataonline.com.br\\\/emendas-parlamentares-chegam-a-r-471-bilhoes-em-2025-apos-alta-de-315-em-11-anos-indica-ipea\\\/#local-main-place-address\"},\"geo\":{\"@type\":\"GeoCoordinates\",\"latitude\":\"-24.5361401\",\"longitude\":\"-52.9921776\"},\"telephone\":[\"+5544998308235\"],\"contactPoint\":{\"@type\":\"ContactPoint\",\"email\":\"contato@ubirataonline.com.br\"},\"openingHoursSpecification\":{\"@type\":\"OpeningHoursSpecification\",\"dayOfWeek\":[\"Monday\",\"Tuesday\",\"Wednesday\",\"Thursday\",\"Friday\",\"Saturday\",\"Sunday\"],\"opens\":\"00:00\",\"closes\":\"23:59\"},\"email\":\"contato@ubirataonline.com.br\",\"vatID\":\"47.621.418\\\/0001-80\"},{\"@type\":\"Person\",\"@id\":\"https:\\\/\\\/ubirataonline.com.br\\\/#\\\/schema\\\/person\\\/372f87bbd3fdd79b8556b84c98d0bc1c\",\"name\":\"REDA\u00c7\u00c3O: UBIRAT\u00c3 ONLINE - F\u00c1BIO AUGUSTO CELESTINO\",\"pronouns\":\"Ele\",\"description\":\"Desde 2003 trabalhando com not\u00edcias.\",\"sameAs\":[\"http:\\\/\\\/ubirataoline.com.br\",\"https:\\\/\\\/www.facebook.com\\\/portalubirataonline\",\"https:\\\/\\\/www.instagram.com\\\/ubirataonline_oficial\",\"https:\\\/\\\/x.com\\\/x.com\\\/ubirataonline\"],\"honorificPrefix\":\"Mr.\",\"honorificSuffix\":\"MD\",\"birthDate\":\"1980-06-16\",\"gender\":\"masculino\",\"award\":[\"V\u00e1rios pr\u00eamios de melhor portal da cidade\"],\"jobTitle\":\"Diretor\",\"url\":\"https:\\\/\\\/ubirataonline.com.br\\\/en\\\/author\\\/ubirataonline\\\/\"},{\"@type\":\"PostalAddress\",\"@id\":\"https:\\\/\\\/ubirataonline.com.br\\\/emendas-parlamentares-chegam-a-r-471-bilhoes-em-2025-apos-alta-de-315-em-11-anos-indica-ipea\\\/#local-main-place-address\",\"streetAddress\":\"Rua dos Coqueiros, 104 - Bairro Boa Vista, Rua dos Coqueiros, 104 Bairro Boa Vista\",\"addressLocality\":\"UBIRATA\",\"postalCode\":\"85440-000\",\"addressRegion\":\"PR\",\"addressCountry\":\"BR\"},{\"@type\":\"ImageObject\",\"inLanguage\":\"en-US\",\"@id\":\"https:\\\/\\\/ubirataonline.com.br\\\/emendas-parlamentares-chegam-a-r-471-bilhoes-em-2025-apos-alta-de-315-em-11-anos-indica-ipea\\\/#local-main-organization-logo\",\"url\":\"https:\\\/\\\/ubirataonline.com.br\\\/wp-content\\\/uploads\\\/2026\\\/06\\\/logoubirataonline-1.webp\",\"contentUrl\":\"https:\\\/\\\/ubirataonline.com.br\\\/wp-content\\\/uploads\\\/2026\\\/06\\\/logoubirataonline-1.webp\",\"width\":500,\"height\":500,\"caption\":\"Ubirat\u00e3 Online Not\u00edcias\"}]}<\/script>\n<meta name=\"geo.placename\" content=\"UBIRATA\" \/>\n<meta name=\"geo.position\" content=\"-24.5361401;-52.9921776\" \/>\n<meta name=\"geo.region\" content=\"Brazil\" \/>\n<!-- \/ Yoast SEO Premium plugin. -->","yoast_head_json":{"title":"Emendas parlamentares chegam a R$ 47,1 bilh\u00f5es em 2025 ap\u00f3s alta de 315% em 11 anos, indica Ipea - Ubirat\u00e3 Online Not\u00edcias - A realidade ao seu alcance!","description":"O montante empenhado em emendas parlamentares no or\u00e7amento federal saltou de R$ 11,3 bilh\u00f5es, em 2014, para R$ 47,1 bilh\u00f5es, em 2025, um crescimento real","robots":{"index":"index","follow":"follow","max-snippet":"max-snippet:-1","max-image-preview":"max-image-preview:large","max-video-preview":"max-video-preview:-1"},"canonical":"https:\/\/ubirataonline.com.br\/en\/emendas-parlamentares-chegam-a-r-471-bilhoes-em-2025-apos-alta-de-315-em-11-anos-indica-ipea\/","og_locale":"en_US","og_type":"article","og_title":"Emendas parlamentares chegam a R$ 47,1 bilh\u00f5es em 2025 ap\u00f3s alta de 315% em 11 anos, indica Ipea","og_description":"O montante empenhado em emendas parlamentares no or\u00e7amento federal saltou de R$ 11,3 bilh\u00f5es, em 2014, para R$ 47,1 bilh\u00f5es, em 2025, um crescimento real","og_url":"https:\/\/ubirataonline.com.br\/en\/emendas-parlamentares-chegam-a-r-471-bilhoes-em-2025-apos-alta-de-315-em-11-anos-indica-ipea\/","og_site_name":"Ubirat\u00e3 Online Not\u00edcias - A realidade ao seu alcance!","article_publisher":"https:\/\/www.facebook.com\/portalubirataonline","article_author":"https:\/\/www.facebook.com\/portalubirataonline","article_published_time":"2026-08-31T10:04:05+00:00","og_image":[{"width":1531,"height":418,"url":"https:\/\/ubirataonline.com.br\/wp-content\/uploads\/2026\/05\/logo2026.webp","type":"image\/webp"}],"author":"REDA\u00c7\u00c3O: UBIRAT\u00c3 ONLINE - F\u00c1BIO AUGUSTO CELESTINO","twitter_card":"summary_large_image","twitter_creator":"@x.com\/ubirataonline","twitter_site":"@ubirataonline","twitter_misc":{"Written by":"REDA\u00c7\u00c3O: UBIRAT\u00c3 ONLINE - F\u00c1BIO AUGUSTO CELESTINO","Est. reading time":"3 minutes"},"schema":{"@context":"https:\/\/schema.org","@graph":[{"@type":"NewsArticle","@id":"https:\/\/ubirataonline.com.br\/emendas-parlamentares-chegam-a-r-471-bilhoes-em-2025-apos-alta-de-315-em-11-anos-indica-ipea\/#article","isPartOf":{"@id":"https:\/\/ubirataonline.com.br\/emendas-parlamentares-chegam-a-r-471-bilhoes-em-2025-apos-alta-de-315-em-11-anos-indica-ipea\/"},"author":{"name":"REDA\u00c7\u00c3O: UBIRAT\u00c3 ONLINE - F\u00c1BIO AUGUSTO CELESTINO","@id":"https:\/\/ubirataonline.com.br\/#\/schema\/person\/372f87bbd3fdd79b8556b84c98d0bc1c"},"headline":"Emendas parlamentares chegam a R$ 47,1 bilh\u00f5es em 2025 ap\u00f3s alta de 315% em 11 anos, indica Ipea","datePublished":"2026-08-31T10:04:05+00:00","mainEntityOfPage":{"@id":"https:\/\/ubirataonline.com.br\/emendas-parlamentares-chegam-a-r-471-bilhoes-em-2025-apos-alta-de-315-em-11-anos-indica-ipea\/"},"wordCount":536,"publisher":{"@id":"https:\/\/ubirataonline.com.br\/#organization"},"image":{"@id":"https:\/\/ubirataonline.com.br\/emendas-parlamentares-chegam-a-r-471-bilhoes-em-2025-apos-alta-de-315-em-11-anos-indica-ipea\/#primaryimage"},"thumbnailUrl":"https:\/\/ubirataonline.com.br\/wp-content\/uploads\/2026\/08\/maaimg-post-169279-20260831-100428.webp","articleSection":["Paran\u00e1"],"inLanguage":"en-US","copyrightYear":"2026","copyrightHolder":{"@id":"https:\/\/ubirataonline.com.br\/en\/#organization"}},{"@type":"WebPage","@id":"https:\/\/ubirataonline.com.br\/emendas-parlamentares-chegam-a-r-471-bilhoes-em-2025-apos-alta-de-315-em-11-anos-indica-ipea\/","url":"https:\/\/ubirataonline.com.br\/emendas-parlamentares-chegam-a-r-471-bilhoes-em-2025-apos-alta-de-315-em-11-anos-indica-ipea\/","name":"Emendas parlamentares chegam a R$ 47,1 bilh\u00f5es em 2025 ap\u00f3s alta de 315% em 11 anos, indica Ipea - Ubirat\u00e3 Online Not\u00edcias - A realidade ao seu alcance!","isPartOf":{"@id":"https:\/\/ubirataonline.com.br\/#website"},"primaryImageOfPage":{"@id":"https:\/\/ubirataonline.com.br\/emendas-parlamentares-chegam-a-r-471-bilhoes-em-2025-apos-alta-de-315-em-11-anos-indica-ipea\/#primaryimage"},"image":{"@id":"https:\/\/ubirataonline.com.br\/emendas-parlamentares-chegam-a-r-471-bilhoes-em-2025-apos-alta-de-315-em-11-anos-indica-ipea\/#primaryimage"},"thumbnailUrl":"https:\/\/ubirataonline.com.br\/wp-content\/uploads\/2026\/08\/maaimg-post-169279-20260831-100428.webp","datePublished":"2026-08-31T10:04:05+00:00","description":"O montante empenhado em emendas parlamentares no or\u00e7amento federal saltou de R$ 11,3 bilh\u00f5es, em 2014, para R$ 47,1 bilh\u00f5es, em 2025, um crescimento real","breadcrumb":{"@id":"https:\/\/ubirataonline.com.br\/emendas-parlamentares-chegam-a-r-471-bilhoes-em-2025-apos-alta-de-315-em-11-anos-indica-ipea\/#breadcrumb"},"inLanguage":"en-US","potentialAction":[{"@type":"ReadAction","target":["https:\/\/ubirataonline.com.br\/emendas-parlamentares-chegam-a-r-471-bilhoes-em-2025-apos-alta-de-315-em-11-anos-indica-ipea\/"]}]},{"@type":"ImageObject","inLanguage":"en-US","@id":"https:\/\/ubirataonline.com.br\/emendas-parlamentares-chegam-a-r-471-bilhoes-em-2025-apos-alta-de-315-em-11-anos-indica-ipea\/#primaryimage","url":"https:\/\/ubirataonline.com.br\/wp-content\/uploads\/2026\/08\/maaimg-post-169279-20260831-100428.webp","contentUrl":"https:\/\/ubirataonline.com.br\/wp-content\/uploads\/2026\/08\/maaimg-post-169279-20260831-100428.webp","width":1536,"height":1024,"caption":"Gr\u00e1fico ilustrativo das emendas parlamentares chegam r a R$ 47,1 bilh\u00f5es em 2025"},{"@type":"BreadcrumbList","@id":"https:\/\/ubirataonline.com.br\/emendas-parlamentares-chegam-a-r-471-bilhoes-em-2025-apos-alta-de-315-em-11-anos-indica-ipea\/#breadcrumb","itemListElement":[{"@type":"ListItem","position":1,"name":"In\u00edcio","item":"https:\/\/ubirataonline.com.br\/"},{"@type":"ListItem","position":2,"name":"Emendas parlamentares chegam a R$ 47,1 bilh\u00f5es em 2025 ap\u00f3s alta de 315% em 11 anos, indica Ipea"}]},{"@type":"WebSite","@id":"https:\/\/ubirataonline.com.br\/#website","url":"https:\/\/ubirataonline.com.br\/","name":"Ubirat\u00e3 Online Not\u00edcias","description":"Not\u00edcias de Ubirat\u00e3, regi\u00e3o, Brasil e mundo, com informa\u00e7\u00e3o atualizada e compromisso com o leitor.","publisher":{"@id":"https:\/\/ubirataonline.com.br\/#organization"},"alternateName":"Ubirat\u00e3 Online","potentialAction":[{"@type":"SearchAction","target":{"@type":"EntryPoint","urlTemplate":"https:\/\/ubirataonline.com.br\/?s={search_term_string}"},"query-input":{"@type":"PropertyValueSpecification","valueRequired":true,"valueName":"search_term_string"}}],"inLanguage":"en-US"},{"@type":["Organization","Place"],"@id":"https:\/\/ubirataonline.com.br\/#organization","name":"Ubirat\u00e3 Online Not\u00edcias","alternateName":"Ubirat\u00e3 Online","url":"https:\/\/ubirataonline.com.br\/","logo":{"@id":"https:\/\/ubirataonline.com.br\/emendas-parlamentares-chegam-a-r-471-bilhoes-em-2025-apos-alta-de-315-em-11-anos-indica-ipea\/#local-main-organization-logo"},"image":{"@id":"https:\/\/ubirataonline.com.br\/emendas-parlamentares-chegam-a-r-471-bilhoes-em-2025-apos-alta-de-315-em-11-anos-indica-ipea\/#local-main-organization-logo"},"sameAs":["https:\/\/www.facebook.com\/portalubirataonline","https:\/\/x.com\/ubirataonline","https:\/\/mastodon.social\/@ubirataonline","https:\/\/www.facebook.com\/groups\/311144672285604","https:\/\/www.facebook.com\/UBTAOnline","https:\/\/www.instagram.com\/portalubirataonline\/","https:\/\/twitter.com\/ubirataonline"],"description":"Somos um portal de not\u00edcias independente, criado em 5 de janeiro de 2009, com o objetivo de informar, conectar e valorizar a nossa comunidade de Ubirat\u00e3 e toda aregi\u00e3o. Com conte\u00fado atualizado, confi\u00e1vel e relevante, o Ubirat\u00e3 Online \u00e9 o seu espa\u00e7o para ficar por dentro dos principais acontecimentos locais, regionais, Brasil, Mundo e de interesse geral. Nosso compromisso \u00e9 com a verdade, a transpar\u00eancia e o respeito ao leitor.","legalName":"UBIRATA ONLINE NOT\u00cdCIAS","foundingDate":"2009-01-05","numberOfEmployees":{"@type":"QuantitativeValue","minValue":"1","maxValue":"10"},"publishingPrinciples":"https:\/\/ubirataonline.com.br\/faq\/","address":{"@id":"https:\/\/ubirataonline.com.br\/emendas-parlamentares-chegam-a-r-471-bilhoes-em-2025-apos-alta-de-315-em-11-anos-indica-ipea\/#local-main-place-address"},"geo":{"@type":"GeoCoordinates","latitude":"-24.5361401","longitude":"-52.9921776"},"telephone":["+5544998308235"],"contactPoint":{"@type":"ContactPoint","email":"contato@ubirataonline.com.br"},"openingHoursSpecification":{"@type":"OpeningHoursSpecification","dayOfWeek":["Monday","Tuesday","Wednesday","Thursday","Friday","Saturday","Sunday"],"opens":"00:00","closes":"23:59"},"email":"contato@ubirataonline.com.br","vatID":"47.621.418\/0001-80"},{"@type":"Person","@id":"https:\/\/ubirataonline.com.br\/#\/schema\/person\/372f87bbd3fdd79b8556b84c98d0bc1c","name":"REDA\u00c7\u00c3O: UBIRAT\u00c3 ONLINE - F\u00c1BIO AUGUSTO CELESTINO","pronouns":"Ele","description":"Desde 2003 trabalhando com not\u00edcias.","sameAs":["http:\/\/ubirataoline.com.br","https:\/\/www.facebook.com\/portalubirataonline","https:\/\/www.instagram.com\/ubirataonline_oficial","https:\/\/x.com\/x.com\/ubirataonline"],"honorificPrefix":"Mr.","honorificSuffix":"MD","birthDate":"1980-06-16","gender":"masculino","award":["V\u00e1rios pr\u00eamios de melhor portal da cidade"],"jobTitle":"Diretor","url":"https:\/\/ubirataonline.com.br\/en\/author\/ubirataonline\/"},{"@type":"PostalAddress","@id":"https:\/\/ubirataonline.com.br\/emendas-parlamentares-chegam-a-r-471-bilhoes-em-2025-apos-alta-de-315-em-11-anos-indica-ipea\/#local-main-place-address","streetAddress":"Rua dos Coqueiros, 104 - Bairro Boa Vista, Rua dos Coqueiros, 104 Bairro Boa Vista","addressLocality":"UBIRATA","postalCode":"85440-000","addressRegion":"PR","addressCountry":"BR"},{"@type":"ImageObject","inLanguage":"en-US","@id":"https:\/\/ubirataonline.com.br\/emendas-parlamentares-chegam-a-r-471-bilhoes-em-2025-apos-alta-de-315-em-11-anos-indica-ipea\/#local-main-organization-logo","url":"https:\/\/ubirataonline.com.br\/wp-content\/uploads\/2026\/06\/logoubirataonline-1.webp","contentUrl":"https:\/\/ubirataonline.com.br\/wp-content\/uploads\/2026\/06\/logoubirataonline-1.webp","width":500,"height":500,"caption":"Ubirat\u00e3 Online Not\u00edcias"}]},"geo.placename":"UBIRATA","geo.position":{"lat":"-24.5361401","long":"-52.9921776"},"geo.region":"Brazil"},"_links":{"self":[{"href":"https:\/\/ubirataonline.com.br\/en\/wp-json\/wp\/v2\/posts\/169279","targetHints":{"allow":["GET"]}}],"collection":[{"href":"https:\/\/ubirataonline.com.br\/en\/wp-json\/wp\/v2\/posts"}],"about":[{"href":"https:\/\/ubirataonline.com.br\/en\/wp-json\/wp\/v2\/types\/post"}],"author":[{"embeddable":true,"href":"https:\/\/ubirataonline.com.br\/en\/wp-json\/wp\/v2\/users\/1"}],"replies":[{"embeddable":true,"href":"https:\/\/ubirataonline.com.br\/en\/wp-json\/wp\/v2\/comments?post=169279"}],"version-history":[{"count":0,"href":"https:\/\/ubirataonline.com.br\/en\/wp-json\/wp\/v2\/posts\/169279\/revisions"}],"wp:featuredmedia":[{"embeddable":true,"href":"https:\/\/ubirataonline.com.br\/en\/wp-json\/wp\/v2\/media\/169280"}],"wp:attachment":[{"href":"https:\/\/ubirataonline.com.br\/en\/wp-json\/wp\/v2\/media?parent=169279"}],"wp:term":[{"taxonomy":"category","embeddable":true,"href":"https:\/\/ubirataonline.com.br\/en\/wp-json\/wp\/v2\/categories?post=169279"},{"taxonomy":"post_tag","embeddable":true,"href":"https:\/\/ubirataonline.com.br\/en\/wp-json\/wp\/v2\/tags?post=169279"}],"curies":[{"name":"wp","href":"https:\/\/api.w.org\/{rel}","templated":true}]}}