{"id":169332,"date":"2026-08-31T11:36:54","date_gmt":"2026-08-31T14:36:54","guid":{"rendered":"https:\/\/ubirataonline.com.br\/posso-descolorir-meu-cabelo-saiba-como-avaliar-e-proteger-os-fios-antes-e-depois-do-procedimento\/"},"modified":"2026-08-31T11:36:54","modified_gmt":"2026-08-31T14:36:54","slug":"posso-descolorir-meu-cabelo-saiba-como-avaliar-e-proteger-os-fios-antes-e-depois-do-procedimento","status":"publish","type":"post","link":"https:\/\/ubirataonline.com.br\/en\/posso-descolorir-meu-cabelo-saiba-como-avaliar-e-proteger-os-fios-antes-e-depois-do-procedimento\/","title":{"rendered":"Posso descolorir meu cabelo? Saiba como avaliar e proteger os fios antes e depois do procedimento"},"content":{"rendered":"<p>Mudar a cor dos cabelos com a descolora\u00e7\u00e3o \u00e9 um desejo comum para quem quer clarear os fios e renovar o visual. No entanto, segundo especialistas, \u00e9 fundamental avaliar a condi\u00e7\u00e3o atual do cabelo antes de realizar o procedimento para evitar danos, como a quebra e o ressecamento intenso.<\/p>\n<p>A descolora\u00e7\u00e3o remove os pigmentos naturais da fibra capilar para clarear os fios, mas pode alterar sua estrutura, aumentando a porosidade e reduzindo a resist\u00eancia. Por isso, identificar se o cabelo est\u00e1 preparado \u00e9 um passo indispens\u00e1vel antes de avan\u00e7ar na mudan\u00e7a.<\/p>\n<h3>Como saber se o cabelo est\u00e1 pronto para descolorir<\/h3>\n<p>O estado do cabelo, e n\u00e3o sua curvatura ou tipo, determina se a descolora\u00e7\u00e3o \u00e9 indicada. Fios que apresentam muita elasticidade \u2014 ou seja, que quando molhados esticam demais e n\u00e3o recuperam o formato original \u2014, quebra excessiva ou pontas muito danificadas exigem mais cuidados.<\/p>\n<p>Al\u00e9m disso, o hist\u00f3rico qu\u00edmico influencia na decis\u00e3o. Processos anteriores como alisamentos e colora\u00e7\u00f5es podem deixar o cabelo mais suscet\u00edvel a danos. Informar ao profissional todos os tratamentos realizados \u00e9 essencial para uma avalia\u00e7\u00e3o segura.<\/p>\n<p>O teste de mecha \u00e9 fundamental antes do procedimento. Ele consiste na aplica\u00e7\u00e3o da qu\u00edmica em uma pequena parte do cabelo para verificar a resist\u00eancia dos fios e a possibilidade de alcan\u00e7ar o tom desejado sem riscos. Mesmo quem j\u00e1 descoloriu antes deve repetir o teste, pois o estado da fibra pode mudar com o tempo e outros tratamentos.<\/p>\n<h3>Cuidados antes da descolora\u00e7\u00e3o<\/h3>\n<p>Nas semanas que antecedem o procedimento, \u00e9 recomendado fortalecer a fibra capilar com m\u00e1scaras nutritivas que promovam hidrata\u00e7\u00e3o e elasticidade. Produtos como a linha Intense Coco, da H2O Evolution, s\u00e3o indicados para restaurar a maciez e a sa\u00fade dos fios.<\/p>\n<p>Tamb\u00e9m \u00e9 importante evitar o uso frequente de secadores e chapinhas em temperaturas elevadas, pois o calor pode aumentar a fragilidade do cabelo. Novos processos qu\u00edmicos, como alisamentos, devem ser evitados antes da descolora\u00e7\u00e3o, e d\u00favidas sobre a compatibilidade das qu\u00edmicas anteriores precisam ser esclarecidas com o profissional.<\/p>\n<h3>Cuidados durante e ap\u00f3s a descolora\u00e7\u00e3o<\/h3>\n<p>A lavagem do cabelo antes do procedimento pode variar conforme a t\u00e9cnica, mas em geral evita-se lavar no mesmo dia para que a oleosidade natural proteja o couro cabeludo. Res\u00edduos de finalizadores devem estar controlados para n\u00e3o prejudicar a aplica\u00e7\u00e3o.<\/p>\n<p>Depois da descolora\u00e7\u00e3o, a fibra capilar fica mais porosa, o que pode resultar em maior embara\u00e7o e perda de hidrata\u00e7\u00e3o r\u00e1pida. Recomenda-se evitar banhos muito quentes, utilizar protetores t\u00e9rmicos ao usar secadores e limitar o uso da chapinha para ocasionalmente, com temperaturas moderadas.<\/p>\n<p>Para recuperar a for\u00e7a e suavidade, hidrata\u00e7\u00f5es frequentes com produtos adequados, como as linhas Intense Coco e Nutri Ceramidas da H2O Evolution, s\u00e3o essenciais. A reconstru\u00e7\u00e3o dos fios \u00e9 gradual e exige const\u00e2ncia para manter o cabelo bonito e saud\u00e1vel entre os retoques.<\/p>\n<h3>Quando \u00e9 melhor adiar a descolora\u00e7\u00e3o<\/h3>\n<p>Se o teste de mecha indicar fragilidade excessiva ou quebra, o ideal \u00e9 adiar o procedimento para tratar e fortalecer os fios. Tamb\u00e9m \u00e9 prudente esperar se o couro cabeludo estiver irritado ou houver d\u00favidas quanto \u00e0 compatibilidade dos produtos qu\u00edmicos j\u00e1 usados.<\/p>\n<p>Respeitar os limites do cabelo e proceder com etapas, principalmente para cabelos mais escuros, evita problemas como o corte qu\u00edmico e garante que a transforma\u00e7\u00e3o ocorra preservando a sa\u00fade dos fios.<\/p>\n<h2>Frequently asked questions<\/h2>\n<h3>Descolorir \u00e9 indicado para todos os tipos de cabelo?<\/h3>\n<p>A indica\u00e7\u00e3o depende da resist\u00eancia da fibra capilar, n\u00e3o do tipo ou da curvatura. Cabelos lisos ou cacheados podem ser descoloridos desde que tenham for\u00e7a suficiente para resistir ao processo.<\/p>\n<h3>Como o teste de mecha ajuda na prepara\u00e7\u00e3o para a descolora\u00e7\u00e3o?<\/h3>\n<p>O teste de mecha avalia a resist\u00eancia do fio \u00e0 qu\u00edmica e verifica se o tom desejado \u00e9 alcan\u00e7\u00e1vel com seguran\u00e7a, evitando danos severos durante o clareamento.<\/p>\n<h3>Quais cuidados s\u00e3o importantes ap\u00f3s a descolora\u00e7\u00e3o?<\/h3>\n<p>Ap\u00f3s a descolora\u00e7\u00e3o, \u00e9 fundamental hidratar regularmente, evitar \u00e1gua muito quente no banho, usar protetor t\u00e9rmico ao secar e limitar o uso de chapinhas para manter a sa\u00fade dos fios.<\/p>","protected":false},"excerpt":{"rendered":"<p>Mudar a cor dos cabelos com a descolora\u00e7\u00e3o \u00e9 um desejo comum para quem quer clarear os fios e renovar o visual. No entanto, segundo especialistas, \u00e9 fundamental avaliar a condi\u00e7\u00e3o atual do cabelo antes de realizar o procedimento para evitar danos, como a quebra e o ressecamento intenso. A descolora\u00e7\u00e3o remove os pigmentos naturais [&hellip;]<\/p>\n","protected":false},"author":1,"featured_media":169333,"comment_status":"","ping_status":"","sticky":false,"template":"","format":"standard","meta":{"googlesitekit_rrm_CAow2JLhCw:productID":"","_gspb_post_css":"","maa_idioma":"","maa_pais":"","footnotes":""},"categories":[4],"tags":[],"class_list":["post-169332","post","type-post","status-publish","format-standard","has-post-thumbnail","hentry","category-brasil"],"blocksy_meta":[],"yoast_head":"<!-- This site is optimized with the Yoast SEO Premium plugin v27.6 (Yoast SEO v27.6) - https:\/\/yoast.com\/product\/yoast-seo-premium-wordpress\/ -->\n<title>Posso descolorir meu cabelo? Saiba como avaliar e proteger os fios antes e depois do procedimento - Ubirat\u00e3 Online Not\u00edcias - A realidade ao seu alcance!<\/title>\n<meta name=\"description\" content=\"Mudar a cor dos cabelos com a descolora\u00e7\u00e3o \u00e9 um desejo comum para quem quer clarear os fios e renovar o visual. No entanto, segundo especialistas, \u00e9\" \/>\n<meta name=\"robots\" content=\"index, follow, max-snippet:-1, max-image-preview:large, max-video-preview:-1\" \/>\n<link rel=\"canonical\" href=\"https:\/\/ubirataonline.com.br\/en\/posso-descolorir-meu-cabelo-saiba-como-avaliar-e-proteger-os-fios-antes-e-depois-do-procedimento\/\" \/>\n<meta property=\"og:locale\" content=\"en_US\" \/>\n<meta property=\"og:type\" content=\"article\" \/>\n<meta property=\"og:title\" content=\"Posso descolorir meu cabelo? Saiba como avaliar e proteger os fios antes e depois do procedimento\" \/>\n<meta property=\"og:description\" content=\"Mudar a cor dos cabelos com a descolora\u00e7\u00e3o \u00e9 um desejo comum para quem quer clarear os fios e renovar o visual. No entanto, segundo especialistas, \u00e9\" \/>\n<meta property=\"og:url\" content=\"https:\/\/ubirataonline.com.br\/en\/posso-descolorir-meu-cabelo-saiba-como-avaliar-e-proteger-os-fios-antes-e-depois-do-procedimento\/\" \/>\n<meta property=\"og:site_name\" content=\"Ubirat\u00e3 Online Not\u00edcias - A realidade ao seu alcance!\" \/>\n<meta property=\"article:publisher\" content=\"https:\/\/www.facebook.com\/portalubirataonline\" \/>\n<meta property=\"article:author\" content=\"https:\/\/www.facebook.com\/portalubirataonline\" \/>\n<meta property=\"article:published_time\" content=\"2026-08-31T14:36:54+00:00\" \/>\n<meta property=\"og:image\" content=\"https:\/\/ubirataonline.com.br\/wp-content\/uploads\/2026\/05\/logo2026.webp\" \/>\n\t<meta property=\"og:image:width\" content=\"1531\" \/>\n\t<meta property=\"og:image:height\" content=\"418\" \/>\n\t<meta property=\"og:image:type\" content=\"image\/webp\" \/>\n<meta name=\"author\" content=\"REDA\u00c7\u00c3O: UBIRAT\u00c3 ONLINE - F\u00c1BIO AUGUSTO CELESTINO\" \/>\n<meta name=\"twitter:card\" content=\"summary_large_image\" \/>\n<meta name=\"twitter:creator\" content=\"@x.com\/ubirataonline\" \/>\n<meta name=\"twitter:site\" content=\"@ubirataonline\" \/>\n<meta name=\"twitter:label1\" content=\"Written by\" \/>\n\t<meta name=\"twitter:data1\" content=\"REDA\u00c7\u00c3O: UBIRAT\u00c3 ONLINE - F\u00c1BIO AUGUSTO CELESTINO\" \/>\n\t<meta name=\"twitter:label2\" content=\"Est. reading time\" \/>\n\t<meta name=\"twitter:data2\" content=\"4 minutes\" \/>\n<script type=\"application\/ld+json\" class=\"yoast-schema-graph\">{\"@context\":\"https:\\\/\\\/schema.org\",\"@graph\":[{\"@type\":\"NewsArticle\",\"@id\":\"https:\\\/\\\/ubirataonline.com.br\\\/posso-descolorir-meu-cabelo-saiba-como-avaliar-e-proteger-os-fios-antes-e-depois-do-procedimento\\\/#article\",\"isPartOf\":{\"@id\":\"https:\\\/\\\/ubirataonline.com.br\\\/posso-descolorir-meu-cabelo-saiba-como-avaliar-e-proteger-os-fios-antes-e-depois-do-procedimento\\\/\"},\"author\":{\"name\":\"REDA\u00c7\u00c3O: UBIRAT\u00c3 ONLINE - F\u00c1BIO AUGUSTO CELESTINO\",\"@id\":\"https:\\\/\\\/ubirataonline.com.br\\\/#\\\/schema\\\/person\\\/372f87bbd3fdd79b8556b84c98d0bc1c\"},\"headline\":\"Posso descolorir meu cabelo? Saiba como avaliar e proteger os fios antes e depois do procedimento\",\"datePublished\":\"2026-08-31T14:36:54+00:00\",\"mainEntityOfPage\":{\"@id\":\"https:\\\/\\\/ubirataonline.com.br\\\/posso-descolorir-meu-cabelo-saiba-como-avaliar-e-proteger-os-fios-antes-e-depois-do-procedimento\\\/\"},\"wordCount\":730,\"publisher\":{\"@id\":\"https:\\\/\\\/ubirataonline.com.br\\\/#organization\"},\"image\":{\"@id\":\"https:\\\/\\\/ubirataonline.com.br\\\/posso-descolorir-meu-cabelo-saiba-como-avaliar-e-proteger-os-fios-antes-e-depois-do-procedimento\\\/#primaryimage\"},\"thumbnailUrl\":\"https:\\\/\\\/ubirataonline.com.br\\\/wp-content\\\/uploads\\\/2026\\\/08\\\/maaimg-post-169332-20260831-143719.webp\",\"articleSection\":[\"Brasil\"],\"inLanguage\":\"en-US\",\"copyrightYear\":\"2026\",\"copyrightHolder\":{\"@id\":\"https:\\\/\\\/ubirataonline.com.br\\\/en\\\/#organization\"}},{\"@type\":\"WebPage\",\"@id\":\"https:\\\/\\\/ubirataonline.com.br\\\/posso-descolorir-meu-cabelo-saiba-como-avaliar-e-proteger-os-fios-antes-e-depois-do-procedimento\\\/\",\"url\":\"https:\\\/\\\/ubirataonline.com.br\\\/posso-descolorir-meu-cabelo-saiba-como-avaliar-e-proteger-os-fios-antes-e-depois-do-procedimento\\\/\",\"name\":\"Posso descolorir meu cabelo? Saiba como avaliar e proteger os fios antes e depois do procedimento - Ubirat\u00e3 Online Not\u00edcias - A realidade ao seu alcance!\",\"isPartOf\":{\"@id\":\"https:\\\/\\\/ubirataonline.com.br\\\/#website\"},\"primaryImageOfPage\":{\"@id\":\"https:\\\/\\\/ubirataonline.com.br\\\/posso-descolorir-meu-cabelo-saiba-como-avaliar-e-proteger-os-fios-antes-e-depois-do-procedimento\\\/#primaryimage\"},\"image\":{\"@id\":\"https:\\\/\\\/ubirataonline.com.br\\\/posso-descolorir-meu-cabelo-saiba-como-avaliar-e-proteger-os-fios-antes-e-depois-do-procedimento\\\/#primaryimage\"},\"thumbnailUrl\":\"https:\\\/\\\/ubirataonline.com.br\\\/wp-content\\\/uploads\\\/2026\\\/08\\\/maaimg-post-169332-20260831-143719.webp\",\"datePublished\":\"2026-08-31T14:36:54+00:00\",\"description\":\"Mudar a cor dos cabelos com a descolora\u00e7\u00e3o \u00e9 um desejo comum para quem quer clarear os fios e renovar o visual. No entanto, segundo especialistas, \u00e9\",\"breadcrumb\":{\"@id\":\"https:\\\/\\\/ubirataonline.com.br\\\/posso-descolorir-meu-cabelo-saiba-como-avaliar-e-proteger-os-fios-antes-e-depois-do-procedimento\\\/#breadcrumb\"},\"inLanguage\":\"en-US\",\"potentialAction\":[{\"@type\":\"ReadAction\",\"target\":[\"https:\\\/\\\/ubirataonline.com.br\\\/posso-descolorir-meu-cabelo-saiba-como-avaliar-e-proteger-os-fios-antes-e-depois-do-procedimento\\\/\"]}]},{\"@type\":\"ImageObject\",\"inLanguage\":\"en-US\",\"@id\":\"https:\\\/\\\/ubirataonline.com.br\\\/posso-descolorir-meu-cabelo-saiba-como-avaliar-e-proteger-os-fios-antes-e-depois-do-procedimento\\\/#primaryimage\",\"url\":\"https:\\\/\\\/ubirataonline.com.br\\\/wp-content\\\/uploads\\\/2026\\\/08\\\/maaimg-post-169332-20260831-143719.webp\",\"contentUrl\":\"https:\\\/\\\/ubirataonline.com.br\\\/wp-content\\\/uploads\\\/2026\\\/08\\\/maaimg-post-169332-20260831-143719.webp\",\"width\":1536,\"height\":1024,\"caption\":\"Imagem representando cuidados para descolorir cabelo com fios protegidos e avalia\u00e7\u00e3o\"},{\"@type\":\"BreadcrumbList\",\"@id\":\"https:\\\/\\\/ubirataonline.com.br\\\/posso-descolorir-meu-cabelo-saiba-como-avaliar-e-proteger-os-fios-antes-e-depois-do-procedimento\\\/#breadcrumb\",\"itemListElement\":[{\"@type\":\"ListItem\",\"position\":1,\"name\":\"In\u00edcio\",\"item\":\"https:\\\/\\\/ubirataonline.com.br\\\/\"},{\"@type\":\"ListItem\",\"position\":2,\"name\":\"Posso descolorir meu cabelo? Saiba como avaliar e proteger os fios antes e depois do procedimento\"}]},{\"@type\":\"WebSite\",\"@id\":\"https:\\\/\\\/ubirataonline.com.br\\\/#website\",\"url\":\"https:\\\/\\\/ubirataonline.com.br\\\/\",\"name\":\"Ubirat\u00e3 Online Not\u00edcias\",\"description\":\"Not\u00edcias de Ubirat\u00e3, regi\u00e3o, Brasil e mundo, com informa\u00e7\u00e3o atualizada e compromisso com o leitor.\",\"publisher\":{\"@id\":\"https:\\\/\\\/ubirataonline.com.br\\\/#organization\"},\"alternateName\":\"Ubirat\u00e3 Online\",\"potentialAction\":[{\"@type\":\"SearchAction\",\"target\":{\"@type\":\"EntryPoint\",\"urlTemplate\":\"https:\\\/\\\/ubirataonline.com.br\\\/?s={search_term_string}\"},\"query-input\":{\"@type\":\"PropertyValueSpecification\",\"valueRequired\":true,\"valueName\":\"search_term_string\"}}],\"inLanguage\":\"en-US\"},{\"@type\":[\"Organization\",\"Place\"],\"@id\":\"https:\\\/\\\/ubirataonline.com.br\\\/#organization\",\"name\":\"Ubirat\u00e3 Online Not\u00edcias\",\"alternateName\":\"Ubirat\u00e3 Online\",\"url\":\"https:\\\/\\\/ubirataonline.com.br\\\/\",\"logo\":{\"@id\":\"https:\\\/\\\/ubirataonline.com.br\\\/posso-descolorir-meu-cabelo-saiba-como-avaliar-e-proteger-os-fios-antes-e-depois-do-procedimento\\\/#local-main-organization-logo\"},\"image\":{\"@id\":\"https:\\\/\\\/ubirataonline.com.br\\\/posso-descolorir-meu-cabelo-saiba-como-avaliar-e-proteger-os-fios-antes-e-depois-do-procedimento\\\/#local-main-organization-logo\"},\"sameAs\":[\"https:\\\/\\\/www.facebook.com\\\/portalubirataonline\",\"https:\\\/\\\/x.com\\\/ubirataonline\",\"https:\\\/\\\/mastodon.social\\\/@ubirataonline\",\"https:\\\/\\\/www.facebook.com\\\/groups\\\/311144672285604\",\"https:\\\/\\\/www.facebook.com\\\/UBTAOnline\",\"https:\\\/\\\/www.instagram.com\\\/portalubirataonline\\\/\",\"https:\\\/\\\/twitter.com\\\/ubirataonline\"],\"description\":\"Somos um portal de not\u00edcias independente, criado em 5 de janeiro de 2009, com o objetivo de informar, conectar e valorizar a nossa comunidade de Ubirat\u00e3 e toda aregi\u00e3o. Com conte\u00fado atualizado, confi\u00e1vel e relevante, o Ubirat\u00e3 Online \u00e9 o seu espa\u00e7o para ficar por dentro dos principais acontecimentos locais, regionais, Brasil, Mundo e de interesse geral. Nosso compromisso \u00e9 com a verdade, a transpar\u00eancia e o respeito ao leitor.\",\"legalName\":\"UBIRATA ONLINE NOT\u00cdCIAS\",\"foundingDate\":\"2009-01-05\",\"numberOfEmployees\":{\"@type\":\"QuantitativeValue\",\"minValue\":\"1\",\"maxValue\":\"10\"},\"publishingPrinciples\":\"https:\\\/\\\/ubirataonline.com.br\\\/faq\\\/\",\"address\":{\"@id\":\"https:\\\/\\\/ubirataonline.com.br\\\/posso-descolorir-meu-cabelo-saiba-como-avaliar-e-proteger-os-fios-antes-e-depois-do-procedimento\\\/#local-main-place-address\"},\"geo\":{\"@type\":\"GeoCoordinates\",\"latitude\":\"-24.5361401\",\"longitude\":\"-52.9921776\"},\"telephone\":[\"+5544998308235\"],\"contactPoint\":{\"@type\":\"ContactPoint\",\"email\":\"contato@ubirataonline.com.br\"},\"openingHoursSpecification\":{\"@type\":\"OpeningHoursSpecification\",\"dayOfWeek\":[\"Monday\",\"Tuesday\",\"Wednesday\",\"Thursday\",\"Friday\",\"Saturday\",\"Sunday\"],\"opens\":\"00:00\",\"closes\":\"23:59\"},\"email\":\"contato@ubirataonline.com.br\",\"vatID\":\"47.621.418\\\/0001-80\"},{\"@type\":\"Person\",\"@id\":\"https:\\\/\\\/ubirataonline.com.br\\\/#\\\/schema\\\/person\\\/372f87bbd3fdd79b8556b84c98d0bc1c\",\"name\":\"REDA\u00c7\u00c3O: UBIRAT\u00c3 ONLINE - F\u00c1BIO AUGUSTO CELESTINO\",\"pronouns\":\"Ele\",\"description\":\"Desde 2003 trabalhando com not\u00edcias.\",\"sameAs\":[\"http:\\\/\\\/ubirataoline.com.br\",\"https:\\\/\\\/www.facebook.com\\\/portalubirataonline\",\"https:\\\/\\\/www.instagram.com\\\/ubirataonline_oficial\",\"https:\\\/\\\/x.com\\\/x.com\\\/ubirataonline\"],\"honorificPrefix\":\"Mr.\",\"honorificSuffix\":\"MD\",\"birthDate\":\"1980-06-16\",\"gender\":\"masculino\",\"award\":[\"V\u00e1rios pr\u00eamios de melhor portal da cidade\"],\"jobTitle\":\"Diretor\",\"url\":\"https:\\\/\\\/ubirataonline.com.br\\\/en\\\/author\\\/ubirataonline\\\/\"},{\"@type\":\"PostalAddress\",\"@id\":\"https:\\\/\\\/ubirataonline.com.br\\\/posso-descolorir-meu-cabelo-saiba-como-avaliar-e-proteger-os-fios-antes-e-depois-do-procedimento\\\/#local-main-place-address\",\"streetAddress\":\"Rua dos Coqueiros, 104 - Bairro Boa Vista, Rua dos Coqueiros, 104 Bairro Boa Vista\",\"addressLocality\":\"UBIRATA\",\"postalCode\":\"85440-000\",\"addressRegion\":\"PR\",\"addressCountry\":\"BR\"},{\"@type\":\"ImageObject\",\"inLanguage\":\"en-US\",\"@id\":\"https:\\\/\\\/ubirataonline.com.br\\\/posso-descolorir-meu-cabelo-saiba-como-avaliar-e-proteger-os-fios-antes-e-depois-do-procedimento\\\/#local-main-organization-logo\",\"url\":\"https:\\\/\\\/ubirataonline.com.br\\\/wp-content\\\/uploads\\\/2026\\\/06\\\/logoubirataonline-1.webp\",\"contentUrl\":\"https:\\\/\\\/ubirataonline.com.br\\\/wp-content\\\/uploads\\\/2026\\\/06\\\/logoubirataonline-1.webp\",\"width\":500,\"height\":500,\"caption\":\"Ubirat\u00e3 Online Not\u00edcias\"}]}<\/script>\n<meta name=\"geo.placename\" content=\"UBIRATA\" \/>\n<meta name=\"geo.position\" content=\"-24.5361401;-52.9921776\" \/>\n<meta name=\"geo.region\" content=\"Brazil\" \/>\n<!-- \/ Yoast SEO Premium plugin. -->","yoast_head_json":{"title":"Posso descolorir meu cabelo? Saiba como avaliar e proteger os fios antes e depois do procedimento - Ubirat\u00e3 Online Not\u00edcias - A realidade ao seu alcance!","description":"Mudar a cor dos cabelos com a descolora\u00e7\u00e3o \u00e9 um desejo comum para quem quer clarear os fios e renovar o visual. No entanto, segundo especialistas, \u00e9","robots":{"index":"index","follow":"follow","max-snippet":"max-snippet:-1","max-image-preview":"max-image-preview:large","max-video-preview":"max-video-preview:-1"},"canonical":"https:\/\/ubirataonline.com.br\/en\/posso-descolorir-meu-cabelo-saiba-como-avaliar-e-proteger-os-fios-antes-e-depois-do-procedimento\/","og_locale":"en_US","og_type":"article","og_title":"Posso descolorir meu cabelo? Saiba como avaliar e proteger os fios antes e depois do procedimento","og_description":"Mudar a cor dos cabelos com a descolora\u00e7\u00e3o \u00e9 um desejo comum para quem quer clarear os fios e renovar o visual. No entanto, segundo especialistas, \u00e9","og_url":"https:\/\/ubirataonline.com.br\/en\/posso-descolorir-meu-cabelo-saiba-como-avaliar-e-proteger-os-fios-antes-e-depois-do-procedimento\/","og_site_name":"Ubirat\u00e3 Online Not\u00edcias - A realidade ao seu alcance!","article_publisher":"https:\/\/www.facebook.com\/portalubirataonline","article_author":"https:\/\/www.facebook.com\/portalubirataonline","article_published_time":"2026-08-31T14:36:54+00:00","og_image":[{"width":1531,"height":418,"url":"https:\/\/ubirataonline.com.br\/wp-content\/uploads\/2026\/05\/logo2026.webp","type":"image\/webp"}],"author":"REDA\u00c7\u00c3O: UBIRAT\u00c3 ONLINE - F\u00c1BIO AUGUSTO CELESTINO","twitter_card":"summary_large_image","twitter_creator":"@x.com\/ubirataonline","twitter_site":"@ubirataonline","twitter_misc":{"Written by":"REDA\u00c7\u00c3O: UBIRAT\u00c3 ONLINE - F\u00c1BIO AUGUSTO CELESTINO","Est. reading time":"4 minutes"},"schema":{"@context":"https:\/\/schema.org","@graph":[{"@type":"NewsArticle","@id":"https:\/\/ubirataonline.com.br\/posso-descolorir-meu-cabelo-saiba-como-avaliar-e-proteger-os-fios-antes-e-depois-do-procedimento\/#article","isPartOf":{"@id":"https:\/\/ubirataonline.com.br\/posso-descolorir-meu-cabelo-saiba-como-avaliar-e-proteger-os-fios-antes-e-depois-do-procedimento\/"},"author":{"name":"REDA\u00c7\u00c3O: UBIRAT\u00c3 ONLINE - F\u00c1BIO AUGUSTO CELESTINO","@id":"https:\/\/ubirataonline.com.br\/#\/schema\/person\/372f87bbd3fdd79b8556b84c98d0bc1c"},"headline":"Posso descolorir meu cabelo? Saiba como avaliar e proteger os fios antes e depois do procedimento","datePublished":"2026-08-31T14:36:54+00:00","mainEntityOfPage":{"@id":"https:\/\/ubirataonline.com.br\/posso-descolorir-meu-cabelo-saiba-como-avaliar-e-proteger-os-fios-antes-e-depois-do-procedimento\/"},"wordCount":730,"publisher":{"@id":"https:\/\/ubirataonline.com.br\/#organization"},"image":{"@id":"https:\/\/ubirataonline.com.br\/posso-descolorir-meu-cabelo-saiba-como-avaliar-e-proteger-os-fios-antes-e-depois-do-procedimento\/#primaryimage"},"thumbnailUrl":"https:\/\/ubirataonline.com.br\/wp-content\/uploads\/2026\/08\/maaimg-post-169332-20260831-143719.webp","articleSection":["Brasil"],"inLanguage":"en-US","copyrightYear":"2026","copyrightHolder":{"@id":"https:\/\/ubirataonline.com.br\/en\/#organization"}},{"@type":"WebPage","@id":"https:\/\/ubirataonline.com.br\/posso-descolorir-meu-cabelo-saiba-como-avaliar-e-proteger-os-fios-antes-e-depois-do-procedimento\/","url":"https:\/\/ubirataonline.com.br\/posso-descolorir-meu-cabelo-saiba-como-avaliar-e-proteger-os-fios-antes-e-depois-do-procedimento\/","name":"Posso descolorir meu cabelo? Saiba como avaliar e proteger os fios antes e depois do procedimento - Ubirat\u00e3 Online Not\u00edcias - A realidade ao seu alcance!","isPartOf":{"@id":"https:\/\/ubirataonline.com.br\/#website"},"primaryImageOfPage":{"@id":"https:\/\/ubirataonline.com.br\/posso-descolorir-meu-cabelo-saiba-como-avaliar-e-proteger-os-fios-antes-e-depois-do-procedimento\/#primaryimage"},"image":{"@id":"https:\/\/ubirataonline.com.br\/posso-descolorir-meu-cabelo-saiba-como-avaliar-e-proteger-os-fios-antes-e-depois-do-procedimento\/#primaryimage"},"thumbnailUrl":"https:\/\/ubirataonline.com.br\/wp-content\/uploads\/2026\/08\/maaimg-post-169332-20260831-143719.webp","datePublished":"2026-08-31T14:36:54+00:00","description":"Mudar a cor dos cabelos com a descolora\u00e7\u00e3o \u00e9 um desejo comum para quem quer clarear os fios e renovar o visual. No entanto, segundo especialistas, \u00e9","breadcrumb":{"@id":"https:\/\/ubirataonline.com.br\/posso-descolorir-meu-cabelo-saiba-como-avaliar-e-proteger-os-fios-antes-e-depois-do-procedimento\/#breadcrumb"},"inLanguage":"en-US","potentialAction":[{"@type":"ReadAction","target":["https:\/\/ubirataonline.com.br\/posso-descolorir-meu-cabelo-saiba-como-avaliar-e-proteger-os-fios-antes-e-depois-do-procedimento\/"]}]},{"@type":"ImageObject","inLanguage":"en-US","@id":"https:\/\/ubirataonline.com.br\/posso-descolorir-meu-cabelo-saiba-como-avaliar-e-proteger-os-fios-antes-e-depois-do-procedimento\/#primaryimage","url":"https:\/\/ubirataonline.com.br\/wp-content\/uploads\/2026\/08\/maaimg-post-169332-20260831-143719.webp","contentUrl":"https:\/\/ubirataonline.com.br\/wp-content\/uploads\/2026\/08\/maaimg-post-169332-20260831-143719.webp","width":1536,"height":1024,"caption":"Imagem representando cuidados para descolorir cabelo com fios protegidos e avalia\u00e7\u00e3o"},{"@type":"BreadcrumbList","@id":"https:\/\/ubirataonline.com.br\/posso-descolorir-meu-cabelo-saiba-como-avaliar-e-proteger-os-fios-antes-e-depois-do-procedimento\/#breadcrumb","itemListElement":[{"@type":"ListItem","position":1,"name":"In\u00edcio","item":"https:\/\/ubirataonline.com.br\/"},{"@type":"ListItem","position":2,"name":"Posso descolorir meu cabelo? Saiba como avaliar e proteger os fios antes e depois do procedimento"}]},{"@type":"WebSite","@id":"https:\/\/ubirataonline.com.br\/#website","url":"https:\/\/ubirataonline.com.br\/","name":"Ubirat\u00e3 Online Not\u00edcias","description":"Not\u00edcias de Ubirat\u00e3, regi\u00e3o, Brasil e mundo, com informa\u00e7\u00e3o atualizada e compromisso com o leitor.","publisher":{"@id":"https:\/\/ubirataonline.com.br\/#organization"},"alternateName":"Ubirat\u00e3 Online","potentialAction":[{"@type":"SearchAction","target":{"@type":"EntryPoint","urlTemplate":"https:\/\/ubirataonline.com.br\/?s={search_term_string}"},"query-input":{"@type":"PropertyValueSpecification","valueRequired":true,"valueName":"search_term_string"}}],"inLanguage":"en-US"},{"@type":["Organization","Place"],"@id":"https:\/\/ubirataonline.com.br\/#organization","name":"Ubirat\u00e3 Online Not\u00edcias","alternateName":"Ubirat\u00e3 Online","url":"https:\/\/ubirataonline.com.br\/","logo":{"@id":"https:\/\/ubirataonline.com.br\/posso-descolorir-meu-cabelo-saiba-como-avaliar-e-proteger-os-fios-antes-e-depois-do-procedimento\/#local-main-organization-logo"},"image":{"@id":"https:\/\/ubirataonline.com.br\/posso-descolorir-meu-cabelo-saiba-como-avaliar-e-proteger-os-fios-antes-e-depois-do-procedimento\/#local-main-organization-logo"},"sameAs":["https:\/\/www.facebook.com\/portalubirataonline","https:\/\/x.com\/ubirataonline","https:\/\/mastodon.social\/@ubirataonline","https:\/\/www.facebook.com\/groups\/311144672285604","https:\/\/www.facebook.com\/UBTAOnline","https:\/\/www.instagram.com\/portalubirataonline\/","https:\/\/twitter.com\/ubirataonline"],"description":"Somos um portal de not\u00edcias independente, criado em 5 de janeiro de 2009, com o objetivo de informar, conectar e valorizar a nossa comunidade de Ubirat\u00e3 e toda aregi\u00e3o. Com conte\u00fado atualizado, confi\u00e1vel e relevante, o Ubirat\u00e3 Online \u00e9 o seu espa\u00e7o para ficar por dentro dos principais acontecimentos locais, regionais, Brasil, Mundo e de interesse geral. Nosso compromisso \u00e9 com a verdade, a transpar\u00eancia e o respeito ao leitor.","legalName":"UBIRATA ONLINE NOT\u00cdCIAS","foundingDate":"2009-01-05","numberOfEmployees":{"@type":"QuantitativeValue","minValue":"1","maxValue":"10"},"publishingPrinciples":"https:\/\/ubirataonline.com.br\/faq\/","address":{"@id":"https:\/\/ubirataonline.com.br\/posso-descolorir-meu-cabelo-saiba-como-avaliar-e-proteger-os-fios-antes-e-depois-do-procedimento\/#local-main-place-address"},"geo":{"@type":"GeoCoordinates","latitude":"-24.5361401","longitude":"-52.9921776"},"telephone":["+5544998308235"],"contactPoint":{"@type":"ContactPoint","email":"contato@ubirataonline.com.br"},"openingHoursSpecification":{"@type":"OpeningHoursSpecification","dayOfWeek":["Monday","Tuesday","Wednesday","Thursday","Friday","Saturday","Sunday"],"opens":"00:00","closes":"23:59"},"email":"contato@ubirataonline.com.br","vatID":"47.621.418\/0001-80"},{"@type":"Person","@id":"https:\/\/ubirataonline.com.br\/#\/schema\/person\/372f87bbd3fdd79b8556b84c98d0bc1c","name":"REDA\u00c7\u00c3O: UBIRAT\u00c3 ONLINE - F\u00c1BIO AUGUSTO CELESTINO","pronouns":"Ele","description":"Desde 2003 trabalhando com not\u00edcias.","sameAs":["http:\/\/ubirataoline.com.br","https:\/\/www.facebook.com\/portalubirataonline","https:\/\/www.instagram.com\/ubirataonline_oficial","https:\/\/x.com\/x.com\/ubirataonline"],"honorificPrefix":"Mr.","honorificSuffix":"MD","birthDate":"1980-06-16","gender":"masculino","award":["V\u00e1rios pr\u00eamios de melhor portal da cidade"],"jobTitle":"Diretor","url":"https:\/\/ubirataonline.com.br\/en\/author\/ubirataonline\/"},{"@type":"PostalAddress","@id":"https:\/\/ubirataonline.com.br\/posso-descolorir-meu-cabelo-saiba-como-avaliar-e-proteger-os-fios-antes-e-depois-do-procedimento\/#local-main-place-address","streetAddress":"Rua dos Coqueiros, 104 - Bairro Boa Vista, Rua dos Coqueiros, 104 Bairro Boa Vista","addressLocality":"UBIRATA","postalCode":"85440-000","addressRegion":"PR","addressCountry":"BR"},{"@type":"ImageObject","inLanguage":"en-US","@id":"https:\/\/ubirataonline.com.br\/posso-descolorir-meu-cabelo-saiba-como-avaliar-e-proteger-os-fios-antes-e-depois-do-procedimento\/#local-main-organization-logo","url":"https:\/\/ubirataonline.com.br\/wp-content\/uploads\/2026\/06\/logoubirataonline-1.webp","contentUrl":"https:\/\/ubirataonline.com.br\/wp-content\/uploads\/2026\/06\/logoubirataonline-1.webp","width":500,"height":500,"caption":"Ubirat\u00e3 Online Not\u00edcias"}]},"geo.placename":"UBIRATA","geo.position":{"lat":"-24.5361401","long":"-52.9921776"},"geo.region":"Brazil"},"_links":{"self":[{"href":"https:\/\/ubirataonline.com.br\/en\/wp-json\/wp\/v2\/posts\/169332","targetHints":{"allow":["GET"]}}],"collection":[{"href":"https:\/\/ubirataonline.com.br\/en\/wp-json\/wp\/v2\/posts"}],"about":[{"href":"https:\/\/ubirataonline.com.br\/en\/wp-json\/wp\/v2\/types\/post"}],"author":[{"embeddable":true,"href":"https:\/\/ubirataonline.com.br\/en\/wp-json\/wp\/v2\/users\/1"}],"replies":[{"embeddable":true,"href":"https:\/\/ubirataonline.com.br\/en\/wp-json\/wp\/v2\/comments?post=169332"}],"version-history":[{"count":0,"href":"https:\/\/ubirataonline.com.br\/en\/wp-json\/wp\/v2\/posts\/169332\/revisions"}],"wp:featuredmedia":[{"embeddable":true,"href":"https:\/\/ubirataonline.com.br\/en\/wp-json\/wp\/v2\/media\/169333"}],"wp:attachment":[{"href":"https:\/\/ubirataonline.com.br\/en\/wp-json\/wp\/v2\/media?parent=169332"}],"wp:term":[{"taxonomy":"category","embeddable":true,"href":"https:\/\/ubirataonline.com.br\/en\/wp-json\/wp\/v2\/categories?post=169332"},{"taxonomy":"post_tag","embeddable":true,"href":"https:\/\/ubirataonline.com.br\/en\/wp-json\/wp\/v2\/tags?post=169332"}],"curies":[{"name":"wp","href":"https:\/\/api.w.org\/{rel}","templated":true}]}}