{"id":169352,"date":"2026-08-31T12:37:44","date_gmt":"2026-08-31T15:37:44","guid":{"rendered":"https:\/\/ubirataonline.com.br\/requiao-filho-propoe-reducao-do-icms-para-pequenas-empresas-no-parana-em-agenda-de-campanha\/"},"modified":"2026-08-31T12:37:44","modified_gmt":"2026-08-31T15:37:44","slug":"requiao-filho-propoe-reducao-do-icms-para-pequenas-empresas-no-parana-em-agenda-de-campanha","status":"publish","type":"post","link":"https:\/\/ubirataonline.com.br\/en\/requiao-filho-propoe-reducao-do-icms-para-pequenas-empresas-no-parana-em-agenda-de-campanha\/","title":{"rendered":"Requi\u00e3o Filho prop\u00f5e redu\u00e7\u00e3o do ICMS para pequenas empresas no Paran\u00e1 em agenda de campanha"},"content":{"rendered":"<h2>Requi\u00e3o Filho prop\u00f5e redu\u00e7\u00e3o do ICMS para pequenas empresas no Paran\u00e1 em agenda de campanha<\/h2>\n<p>O candidato ao governo do Paran\u00e1 pelo PDT, Requi\u00e3o Filho, comunicou nesta segunda-feira (31) em Curitiba que pretende reduzir o Imposto Sobre Circula\u00e7\u00e3o de Mercadorias e Servi\u00e7os (ICMS) para pequenas e microempresas caso seja eleito. A declara\u00e7\u00e3o foi feita durante entrevista \u00e0 r\u00e1dio Banda B, marcando o in\u00edcio de sua agenda eleitoral.<\/p>\n<p>Segundo Requi\u00e3o Filho, a diminui\u00e7\u00e3o do ICMS visa promover a gera\u00e7\u00e3o de empregos e melhores condi\u00e7\u00f5es salariais no setor empresarial de menor porte. Al\u00e9m disso, o candidato afirmou que pretende recuperar o controle do estado na Copel para garantir uma energia el\u00e9trica com custo reduzido.<\/p>\n<h3>Plano para pequenas empresas e gera\u00e7\u00e3o de emprego<\/h3>\n<p>Durante a entrevista, o candidato destacou que a redu\u00e7\u00e3o do ICMS \u00e9 uma medida estrat\u00e9gica para facilitar a contrata\u00e7\u00e3o e o aumento salarial dos trabalhadores em pequenas e microempresas no Paran\u00e1. Ele ressaltou que com menos impostos, o setor produtivo teria maior capacidade de expans\u00e3o e contribui\u00e7\u00e3o para a economia local.<\/p>\n<h3>Recupera\u00e7\u00e3o do controle estatal na Copel<\/h3>\n<p>Requi\u00e3o Filho tamb\u00e9m comprometeu-se a restabelecer a influ\u00eancia do estado na Companhia Paranaense de Energia (Copel), buscando fortalecer a atua\u00e7\u00e3o p\u00fablica para negociar tarifas mais acess\u00edveis. Essa proposta integra seu plano para tornar a energia el\u00e9trica no Paran\u00e1 mais barata, beneficiando consumidores e empresas.<\/p>\n<h3>Agenda de campanha nesta segunda-feira<\/h3>\n<p>Ap\u00f3s a entrevista matinal, Requi\u00e3o Filho reuniu-se com apoiadores durante o hor\u00e1rio do almo\u00e7o. \u00c0 tarde, \u00e0s 15h, participou de um encontro com mulheres empreendedoras em Curitiba, seguido de uma entrevista \u00e0s 19h com o Sindicato dos Metal\u00fargicos da Grande Curitiba (SMC). Essas atividades fazem parte do calend\u00e1rio oficial permitido da campanha eleitoral de 2026, que teve in\u00edcio em 16 de agosto.<\/p>\n<h3>Contexto das Elei\u00e7\u00f5es 2026 no Paran\u00e1<\/h3>\n<p>O primeiro turno das elei\u00e7\u00f5es estaduais est\u00e1 previsto para 4 de outubro de 2026, com eventual segundo turno marcado para 25 de outubro. No Paran\u00e1, oito candidatos disputam o governo do estado, entre eles Requi\u00e3o Filho. Desde agosto, os postulantes podem solicitar votos e divulgar suas propostas dentro das normas da Justi\u00e7a Eleitoral.<\/p>\n<h2>Frequently asked questions<\/h2>\n<h3>Quando come\u00e7am oficialmente as campanhas eleitorais para o governo do Paran\u00e1?<\/h3>\n<p>A campanha eleitoral para o governo do Paran\u00e1 teve in\u00edcio em 16 de agosto de 2026, permitindo que candidatos promovam suas atividades de campanha conforme as regras da Justi\u00e7a Eleitoral.<\/p>\n<h3>Quais s\u00e3o os principais compromissos de Requi\u00e3o Filho para o setor empresarial?<\/h3>\n<p>Ele planeja reduzir o ICMS para pequenas e microempresas para estimular a contrata\u00e7\u00e3o e melhorar sal\u00e1rios, al\u00e9m de fortalecer o controle do estado na Copel para reduzir o custo da energia.<\/p>\n<h3>Quando ser\u00e3o realizados os turnos das elei\u00e7\u00f5es de 2026 no Paran\u00e1?<\/h3>\n<p>O primeiro turno est\u00e1 marcado para 4 de outubro de 2026, e o segundo turno, se necess\u00e1rio, ocorrer\u00e1 em 25 de outubro de 2026.<\/p>","protected":false},"excerpt":{"rendered":"<p>Requi\u00e3o Filho prop\u00f5e redu\u00e7\u00e3o do ICMS para pequenas empresas no Paran\u00e1 em agenda de campanha O candidato ao governo do Paran\u00e1 pelo PDT, Requi\u00e3o Filho, comunicou nesta segunda-feira (31) em Curitiba que pretende reduzir o Imposto Sobre Circula\u00e7\u00e3o de Mercadorias e Servi\u00e7os (ICMS) para pequenas e microempresas caso seja eleito. A declara\u00e7\u00e3o foi feita durante [&hellip;]<\/p>\n","protected":false},"author":1,"featured_media":169353,"comment_status":"","ping_status":"","sticky":false,"template":"","format":"standard","meta":{"googlesitekit_rrm_CAow2JLhCw:productID":"","_gspb_post_css":"","maa_idioma":"","maa_pais":"","footnotes":""},"categories":[4],"tags":[],"class_list":["post-169352","post","type-post","status-publish","format-standard","has-post-thumbnail","hentry","category-brasil"],"blocksy_meta":[],"yoast_head":"<!-- This site is optimized with the Yoast SEO Premium plugin v27.6 (Yoast SEO v27.6) - https:\/\/yoast.com\/product\/yoast-seo-premium-wordpress\/ -->\n<title>Requi\u00e3o Filho prop\u00f5e redu\u00e7\u00e3o do ICMS para pequenas empresas no Paran\u00e1 em agenda de campanha - Ubirat\u00e3 Online Not\u00edcias - A realidade ao seu alcance!<\/title>\n<meta name=\"description\" content=\"Requi\u00e3o Filho prop\u00f5e redu\u00e7\u00e3o do ICMS para pequenas empresas no Paran\u00e1 em agenda de campanhaO candidato ao governo do Paran\u00e1 pelo PDT, Requi\u00e3o Filho,\" \/>\n<meta name=\"robots\" content=\"index, follow, max-snippet:-1, max-image-preview:large, max-video-preview:-1\" \/>\n<link rel=\"canonical\" href=\"https:\/\/ubirataonline.com.br\/en\/requiao-filho-propoe-reducao-do-icms-para-pequenas-empresas-no-parana-em-agenda-de-campanha\/\" \/>\n<meta property=\"og:locale\" content=\"en_US\" \/>\n<meta property=\"og:type\" content=\"article\" \/>\n<meta property=\"og:title\" content=\"Requi\u00e3o Filho prop\u00f5e redu\u00e7\u00e3o do ICMS para pequenas empresas no Paran\u00e1 em agenda de campanha\" \/>\n<meta property=\"og:description\" content=\"Requi\u00e3o Filho prop\u00f5e redu\u00e7\u00e3o do ICMS para pequenas empresas no Paran\u00e1 em agenda de campanhaO candidato ao governo do Paran\u00e1 pelo PDT, Requi\u00e3o Filho,\" \/>\n<meta property=\"og:url\" content=\"https:\/\/ubirataonline.com.br\/en\/requiao-filho-propoe-reducao-do-icms-para-pequenas-empresas-no-parana-em-agenda-de-campanha\/\" \/>\n<meta property=\"og:site_name\" content=\"Ubirat\u00e3 Online Not\u00edcias - A realidade ao seu alcance!\" \/>\n<meta property=\"article:publisher\" content=\"https:\/\/www.facebook.com\/portalubirataonline\" \/>\n<meta property=\"article:author\" content=\"https:\/\/www.facebook.com\/portalubirataonline\" \/>\n<meta property=\"article:published_time\" content=\"2026-08-31T15:37:44+00:00\" \/>\n<meta property=\"og:image\" content=\"https:\/\/ubirataonline.com.br\/wp-content\/uploads\/2026\/05\/logo2026.webp\" \/>\n\t<meta property=\"og:image:width\" content=\"1531\" \/>\n\t<meta property=\"og:image:height\" content=\"418\" \/>\n\t<meta property=\"og:image:type\" content=\"image\/webp\" \/>\n<meta name=\"author\" content=\"REDA\u00c7\u00c3O: UBIRAT\u00c3 ONLINE - F\u00c1BIO AUGUSTO CELESTINO\" \/>\n<meta name=\"twitter:card\" content=\"summary_large_image\" \/>\n<meta name=\"twitter:creator\" content=\"@x.com\/ubirataonline\" \/>\n<meta name=\"twitter:site\" content=\"@ubirataonline\" \/>\n<meta name=\"twitter:label1\" content=\"Written by\" \/>\n\t<meta name=\"twitter:data1\" content=\"REDA\u00c7\u00c3O: UBIRAT\u00c3 ONLINE - F\u00c1BIO AUGUSTO CELESTINO\" \/>\n\t<meta name=\"twitter:label2\" content=\"Est. reading time\" \/>\n\t<meta name=\"twitter:data2\" content=\"2 minutes\" \/>\n<script type=\"application\/ld+json\" class=\"yoast-schema-graph\">{\"@context\":\"https:\\\/\\\/schema.org\",\"@graph\":[{\"@type\":\"NewsArticle\",\"@id\":\"https:\\\/\\\/ubirataonline.com.br\\\/requiao-filho-propoe-reducao-do-icms-para-pequenas-empresas-no-parana-em-agenda-de-campanha\\\/#article\",\"isPartOf\":{\"@id\":\"https:\\\/\\\/ubirataonline.com.br\\\/requiao-filho-propoe-reducao-do-icms-para-pequenas-empresas-no-parana-em-agenda-de-campanha\\\/\"},\"author\":{\"name\":\"REDA\u00c7\u00c3O: UBIRAT\u00c3 ONLINE - F\u00c1BIO AUGUSTO CELESTINO\",\"@id\":\"https:\\\/\\\/ubirataonline.com.br\\\/#\\\/schema\\\/person\\\/372f87bbd3fdd79b8556b84c98d0bc1c\"},\"headline\":\"Requi\u00e3o Filho prop\u00f5e redu\u00e7\u00e3o do ICMS para pequenas empresas no Paran\u00e1 em agenda de campanha\",\"datePublished\":\"2026-08-31T15:37:44+00:00\",\"mainEntityOfPage\":{\"@id\":\"https:\\\/\\\/ubirataonline.com.br\\\/requiao-filho-propoe-reducao-do-icms-para-pequenas-empresas-no-parana-em-agenda-de-campanha\\\/\"},\"wordCount\":520,\"publisher\":{\"@id\":\"https:\\\/\\\/ubirataonline.com.br\\\/#organization\"},\"image\":{\"@id\":\"https:\\\/\\\/ubirataonline.com.br\\\/requiao-filho-propoe-reducao-do-icms-para-pequenas-empresas-no-parana-em-agenda-de-campanha\\\/#primaryimage\"},\"thumbnailUrl\":\"https:\\\/\\\/ubirataonline.com.br\\\/wp-content\\\/uploads\\\/2026\\\/08\\\/maaimg-post-169352-20260831-153801.webp\",\"articleSection\":[\"Brasil\"],\"inLanguage\":\"en-US\",\"copyrightYear\":\"2026\",\"copyrightHolder\":{\"@id\":\"https:\\\/\\\/ubirataonline.com.br\\\/en\\\/#organization\"}},{\"@type\":\"WebPage\",\"@id\":\"https:\\\/\\\/ubirataonline.com.br\\\/requiao-filho-propoe-reducao-do-icms-para-pequenas-empresas-no-parana-em-agenda-de-campanha\\\/\",\"url\":\"https:\\\/\\\/ubirataonline.com.br\\\/requiao-filho-propoe-reducao-do-icms-para-pequenas-empresas-no-parana-em-agenda-de-campanha\\\/\",\"name\":\"Requi\u00e3o Filho prop\u00f5e redu\u00e7\u00e3o do ICMS para pequenas empresas no Paran\u00e1 em agenda de campanha - Ubirat\u00e3 Online Not\u00edcias - A realidade ao seu alcance!\",\"isPartOf\":{\"@id\":\"https:\\\/\\\/ubirataonline.com.br\\\/#website\"},\"primaryImageOfPage\":{\"@id\":\"https:\\\/\\\/ubirataonline.com.br\\\/requiao-filho-propoe-reducao-do-icms-para-pequenas-empresas-no-parana-em-agenda-de-campanha\\\/#primaryimage\"},\"image\":{\"@id\":\"https:\\\/\\\/ubirataonline.com.br\\\/requiao-filho-propoe-reducao-do-icms-para-pequenas-empresas-no-parana-em-agenda-de-campanha\\\/#primaryimage\"},\"thumbnailUrl\":\"https:\\\/\\\/ubirataonline.com.br\\\/wp-content\\\/uploads\\\/2026\\\/08\\\/maaimg-post-169352-20260831-153801.webp\",\"datePublished\":\"2026-08-31T15:37:44+00:00\",\"description\":\"Requi\u00e3o Filho prop\u00f5e redu\u00e7\u00e3o do ICMS para pequenas empresas no Paran\u00e1 em agenda de campanhaO candidato ao governo do Paran\u00e1 pelo PDT, Requi\u00e3o Filho,\",\"breadcrumb\":{\"@id\":\"https:\\\/\\\/ubirataonline.com.br\\\/requiao-filho-propoe-reducao-do-icms-para-pequenas-empresas-no-parana-em-agenda-de-campanha\\\/#breadcrumb\"},\"inLanguage\":\"en-US\",\"potentialAction\":[{\"@type\":\"ReadAction\",\"target\":[\"https:\\\/\\\/ubirataonline.com.br\\\/requiao-filho-propoe-reducao-do-icms-para-pequenas-empresas-no-parana-em-agenda-de-campanha\\\/\"]}]},{\"@type\":\"ImageObject\",\"inLanguage\":\"en-US\",\"@id\":\"https:\\\/\\\/ubirataonline.com.br\\\/requiao-filho-propoe-reducao-do-icms-para-pequenas-empresas-no-parana-em-agenda-de-campanha\\\/#primaryimage\",\"url\":\"https:\\\/\\\/ubirataonline.com.br\\\/wp-content\\\/uploads\\\/2026\\\/08\\\/maaimg-post-169352-20260831-153801.webp\",\"contentUrl\":\"https:\\\/\\\/ubirataonline.com.br\\\/wp-content\\\/uploads\\\/2026\\\/08\\\/maaimg-post-169352-20260831-153801.webp\",\"width\":1536,\"height\":1024,\"caption\":\"Ilustra\u00e7\u00e3o representando Requi\u00e3o Filho propondo redu\u00e7\u00e3o do ICMS para pequenas empresas\"},{\"@type\":\"BreadcrumbList\",\"@id\":\"https:\\\/\\\/ubirataonline.com.br\\\/requiao-filho-propoe-reducao-do-icms-para-pequenas-empresas-no-parana-em-agenda-de-campanha\\\/#breadcrumb\",\"itemListElement\":[{\"@type\":\"ListItem\",\"position\":1,\"name\":\"In\u00edcio\",\"item\":\"https:\\\/\\\/ubirataonline.com.br\\\/\"},{\"@type\":\"ListItem\",\"position\":2,\"name\":\"Requi\u00e3o Filho prop\u00f5e redu\u00e7\u00e3o do ICMS para pequenas empresas no Paran\u00e1 em agenda de campanha\"}]},{\"@type\":\"WebSite\",\"@id\":\"https:\\\/\\\/ubirataonline.com.br\\\/#website\",\"url\":\"https:\\\/\\\/ubirataonline.com.br\\\/\",\"name\":\"Ubirat\u00e3 Online Not\u00edcias\",\"description\":\"Not\u00edcias de Ubirat\u00e3, regi\u00e3o, Brasil e mundo, com informa\u00e7\u00e3o atualizada e compromisso com o leitor.\",\"publisher\":{\"@id\":\"https:\\\/\\\/ubirataonline.com.br\\\/#organization\"},\"alternateName\":\"Ubirat\u00e3 Online\",\"potentialAction\":[{\"@type\":\"SearchAction\",\"target\":{\"@type\":\"EntryPoint\",\"urlTemplate\":\"https:\\\/\\\/ubirataonline.com.br\\\/?s={search_term_string}\"},\"query-input\":{\"@type\":\"PropertyValueSpecification\",\"valueRequired\":true,\"valueName\":\"search_term_string\"}}],\"inLanguage\":\"en-US\"},{\"@type\":[\"Organization\",\"Place\"],\"@id\":\"https:\\\/\\\/ubirataonline.com.br\\\/#organization\",\"name\":\"Ubirat\u00e3 Online Not\u00edcias\",\"alternateName\":\"Ubirat\u00e3 Online\",\"url\":\"https:\\\/\\\/ubirataonline.com.br\\\/\",\"logo\":{\"@id\":\"https:\\\/\\\/ubirataonline.com.br\\\/requiao-filho-propoe-reducao-do-icms-para-pequenas-empresas-no-parana-em-agenda-de-campanha\\\/#local-main-organization-logo\"},\"image\":{\"@id\":\"https:\\\/\\\/ubirataonline.com.br\\\/requiao-filho-propoe-reducao-do-icms-para-pequenas-empresas-no-parana-em-agenda-de-campanha\\\/#local-main-organization-logo\"},\"sameAs\":[\"https:\\\/\\\/www.facebook.com\\\/portalubirataonline\",\"https:\\\/\\\/x.com\\\/ubirataonline\",\"https:\\\/\\\/mastodon.social\\\/@ubirataonline\",\"https:\\\/\\\/www.facebook.com\\\/groups\\\/311144672285604\",\"https:\\\/\\\/www.facebook.com\\\/UBTAOnline\",\"https:\\\/\\\/www.instagram.com\\\/portalubirataonline\\\/\",\"https:\\\/\\\/twitter.com\\\/ubirataonline\"],\"description\":\"Somos um portal de not\u00edcias independente, criado em 5 de janeiro de 2009, com o objetivo de informar, conectar e valorizar a nossa comunidade de Ubirat\u00e3 e toda aregi\u00e3o. Com conte\u00fado atualizado, confi\u00e1vel e relevante, o Ubirat\u00e3 Online \u00e9 o seu espa\u00e7o para ficar por dentro dos principais acontecimentos locais, regionais, Brasil, Mundo e de interesse geral. Nosso compromisso \u00e9 com a verdade, a transpar\u00eancia e o respeito ao leitor.\",\"legalName\":\"UBIRATA ONLINE NOT\u00cdCIAS\",\"foundingDate\":\"2009-01-05\",\"numberOfEmployees\":{\"@type\":\"QuantitativeValue\",\"minValue\":\"1\",\"maxValue\":\"10\"},\"publishingPrinciples\":\"https:\\\/\\\/ubirataonline.com.br\\\/faq\\\/\",\"address\":{\"@id\":\"https:\\\/\\\/ubirataonline.com.br\\\/requiao-filho-propoe-reducao-do-icms-para-pequenas-empresas-no-parana-em-agenda-de-campanha\\\/#local-main-place-address\"},\"geo\":{\"@type\":\"GeoCoordinates\",\"latitude\":\"-24.5361401\",\"longitude\":\"-52.9921776\"},\"telephone\":[\"+5544998308235\"],\"contactPoint\":{\"@type\":\"ContactPoint\",\"email\":\"contato@ubirataonline.com.br\"},\"openingHoursSpecification\":{\"@type\":\"OpeningHoursSpecification\",\"dayOfWeek\":[\"Monday\",\"Tuesday\",\"Wednesday\",\"Thursday\",\"Friday\",\"Saturday\",\"Sunday\"],\"opens\":\"00:00\",\"closes\":\"23:59\"},\"email\":\"contato@ubirataonline.com.br\",\"vatID\":\"47.621.418\\\/0001-80\"},{\"@type\":\"Person\",\"@id\":\"https:\\\/\\\/ubirataonline.com.br\\\/#\\\/schema\\\/person\\\/372f87bbd3fdd79b8556b84c98d0bc1c\",\"name\":\"REDA\u00c7\u00c3O: UBIRAT\u00c3 ONLINE - F\u00c1BIO AUGUSTO CELESTINO\",\"pronouns\":\"Ele\",\"description\":\"Desde 2003 trabalhando com not\u00edcias.\",\"sameAs\":[\"http:\\\/\\\/ubirataoline.com.br\",\"https:\\\/\\\/www.facebook.com\\\/portalubirataonline\",\"https:\\\/\\\/www.instagram.com\\\/ubirataonline_oficial\",\"https:\\\/\\\/x.com\\\/x.com\\\/ubirataonline\"],\"honorificPrefix\":\"Mr.\",\"honorificSuffix\":\"MD\",\"birthDate\":\"1980-06-16\",\"gender\":\"masculino\",\"award\":[\"V\u00e1rios pr\u00eamios de melhor portal da cidade\"],\"jobTitle\":\"Diretor\",\"url\":\"https:\\\/\\\/ubirataonline.com.br\\\/en\\\/author\\\/ubirataonline\\\/\"},{\"@type\":\"PostalAddress\",\"@id\":\"https:\\\/\\\/ubirataonline.com.br\\\/requiao-filho-propoe-reducao-do-icms-para-pequenas-empresas-no-parana-em-agenda-de-campanha\\\/#local-main-place-address\",\"streetAddress\":\"Rua dos Coqueiros, 104 - Bairro Boa Vista, Rua dos Coqueiros, 104 Bairro Boa Vista\",\"addressLocality\":\"UBIRATA\",\"postalCode\":\"85440-000\",\"addressRegion\":\"PR\",\"addressCountry\":\"BR\"},{\"@type\":\"ImageObject\",\"inLanguage\":\"en-US\",\"@id\":\"https:\\\/\\\/ubirataonline.com.br\\\/requiao-filho-propoe-reducao-do-icms-para-pequenas-empresas-no-parana-em-agenda-de-campanha\\\/#local-main-organization-logo\",\"url\":\"https:\\\/\\\/ubirataonline.com.br\\\/wp-content\\\/uploads\\\/2026\\\/06\\\/logoubirataonline-1.webp\",\"contentUrl\":\"https:\\\/\\\/ubirataonline.com.br\\\/wp-content\\\/uploads\\\/2026\\\/06\\\/logoubirataonline-1.webp\",\"width\":500,\"height\":500,\"caption\":\"Ubirat\u00e3 Online Not\u00edcias\"}]}<\/script>\n<meta name=\"geo.placename\" content=\"UBIRATA\" \/>\n<meta name=\"geo.position\" content=\"-24.5361401;-52.9921776\" \/>\n<meta name=\"geo.region\" content=\"Brazil\" \/>\n<!-- \/ Yoast SEO Premium plugin. -->","yoast_head_json":{"title":"Requi\u00e3o Filho prop\u00f5e redu\u00e7\u00e3o do ICMS para pequenas empresas no Paran\u00e1 em agenda de campanha - Ubirat\u00e3 Online Not\u00edcias - A realidade ao seu alcance!","description":"Requi\u00e3o Filho prop\u00f5e redu\u00e7\u00e3o do ICMS para pequenas empresas no Paran\u00e1 em agenda de campanhaO candidato ao governo do Paran\u00e1 pelo PDT, Requi\u00e3o Filho,","robots":{"index":"index","follow":"follow","max-snippet":"max-snippet:-1","max-image-preview":"max-image-preview:large","max-video-preview":"max-video-preview:-1"},"canonical":"https:\/\/ubirataonline.com.br\/en\/requiao-filho-propoe-reducao-do-icms-para-pequenas-empresas-no-parana-em-agenda-de-campanha\/","og_locale":"en_US","og_type":"article","og_title":"Requi\u00e3o Filho prop\u00f5e redu\u00e7\u00e3o do ICMS para pequenas empresas no Paran\u00e1 em agenda de campanha","og_description":"Requi\u00e3o Filho prop\u00f5e redu\u00e7\u00e3o do ICMS para pequenas empresas no Paran\u00e1 em agenda de campanhaO candidato ao governo do Paran\u00e1 pelo PDT, Requi\u00e3o Filho,","og_url":"https:\/\/ubirataonline.com.br\/en\/requiao-filho-propoe-reducao-do-icms-para-pequenas-empresas-no-parana-em-agenda-de-campanha\/","og_site_name":"Ubirat\u00e3 Online Not\u00edcias - A realidade ao seu alcance!","article_publisher":"https:\/\/www.facebook.com\/portalubirataonline","article_author":"https:\/\/www.facebook.com\/portalubirataonline","article_published_time":"2026-08-31T15:37:44+00:00","og_image":[{"width":1531,"height":418,"url":"https:\/\/ubirataonline.com.br\/wp-content\/uploads\/2026\/05\/logo2026.webp","type":"image\/webp"}],"author":"REDA\u00c7\u00c3O: UBIRAT\u00c3 ONLINE - F\u00c1BIO AUGUSTO CELESTINO","twitter_card":"summary_large_image","twitter_creator":"@x.com\/ubirataonline","twitter_site":"@ubirataonline","twitter_misc":{"Written by":"REDA\u00c7\u00c3O: UBIRAT\u00c3 ONLINE - F\u00c1BIO AUGUSTO CELESTINO","Est. reading time":"2 minutes"},"schema":{"@context":"https:\/\/schema.org","@graph":[{"@type":"NewsArticle","@id":"https:\/\/ubirataonline.com.br\/requiao-filho-propoe-reducao-do-icms-para-pequenas-empresas-no-parana-em-agenda-de-campanha\/#article","isPartOf":{"@id":"https:\/\/ubirataonline.com.br\/requiao-filho-propoe-reducao-do-icms-para-pequenas-empresas-no-parana-em-agenda-de-campanha\/"},"author":{"name":"REDA\u00c7\u00c3O: UBIRAT\u00c3 ONLINE - F\u00c1BIO AUGUSTO CELESTINO","@id":"https:\/\/ubirataonline.com.br\/#\/schema\/person\/372f87bbd3fdd79b8556b84c98d0bc1c"},"headline":"Requi\u00e3o Filho prop\u00f5e redu\u00e7\u00e3o do ICMS para pequenas empresas no Paran\u00e1 em agenda de campanha","datePublished":"2026-08-31T15:37:44+00:00","mainEntityOfPage":{"@id":"https:\/\/ubirataonline.com.br\/requiao-filho-propoe-reducao-do-icms-para-pequenas-empresas-no-parana-em-agenda-de-campanha\/"},"wordCount":520,"publisher":{"@id":"https:\/\/ubirataonline.com.br\/#organization"},"image":{"@id":"https:\/\/ubirataonline.com.br\/requiao-filho-propoe-reducao-do-icms-para-pequenas-empresas-no-parana-em-agenda-de-campanha\/#primaryimage"},"thumbnailUrl":"https:\/\/ubirataonline.com.br\/wp-content\/uploads\/2026\/08\/maaimg-post-169352-20260831-153801.webp","articleSection":["Brasil"],"inLanguage":"en-US","copyrightYear":"2026","copyrightHolder":{"@id":"https:\/\/ubirataonline.com.br\/en\/#organization"}},{"@type":"WebPage","@id":"https:\/\/ubirataonline.com.br\/requiao-filho-propoe-reducao-do-icms-para-pequenas-empresas-no-parana-em-agenda-de-campanha\/","url":"https:\/\/ubirataonline.com.br\/requiao-filho-propoe-reducao-do-icms-para-pequenas-empresas-no-parana-em-agenda-de-campanha\/","name":"Requi\u00e3o Filho prop\u00f5e redu\u00e7\u00e3o do ICMS para pequenas empresas no Paran\u00e1 em agenda de campanha - Ubirat\u00e3 Online Not\u00edcias - A realidade ao seu alcance!","isPartOf":{"@id":"https:\/\/ubirataonline.com.br\/#website"},"primaryImageOfPage":{"@id":"https:\/\/ubirataonline.com.br\/requiao-filho-propoe-reducao-do-icms-para-pequenas-empresas-no-parana-em-agenda-de-campanha\/#primaryimage"},"image":{"@id":"https:\/\/ubirataonline.com.br\/requiao-filho-propoe-reducao-do-icms-para-pequenas-empresas-no-parana-em-agenda-de-campanha\/#primaryimage"},"thumbnailUrl":"https:\/\/ubirataonline.com.br\/wp-content\/uploads\/2026\/08\/maaimg-post-169352-20260831-153801.webp","datePublished":"2026-08-31T15:37:44+00:00","description":"Requi\u00e3o Filho prop\u00f5e redu\u00e7\u00e3o do ICMS para pequenas empresas no Paran\u00e1 em agenda de campanhaO candidato ao governo do Paran\u00e1 pelo PDT, Requi\u00e3o Filho,","breadcrumb":{"@id":"https:\/\/ubirataonline.com.br\/requiao-filho-propoe-reducao-do-icms-para-pequenas-empresas-no-parana-em-agenda-de-campanha\/#breadcrumb"},"inLanguage":"en-US","potentialAction":[{"@type":"ReadAction","target":["https:\/\/ubirataonline.com.br\/requiao-filho-propoe-reducao-do-icms-para-pequenas-empresas-no-parana-em-agenda-de-campanha\/"]}]},{"@type":"ImageObject","inLanguage":"en-US","@id":"https:\/\/ubirataonline.com.br\/requiao-filho-propoe-reducao-do-icms-para-pequenas-empresas-no-parana-em-agenda-de-campanha\/#primaryimage","url":"https:\/\/ubirataonline.com.br\/wp-content\/uploads\/2026\/08\/maaimg-post-169352-20260831-153801.webp","contentUrl":"https:\/\/ubirataonline.com.br\/wp-content\/uploads\/2026\/08\/maaimg-post-169352-20260831-153801.webp","width":1536,"height":1024,"caption":"Ilustra\u00e7\u00e3o representando Requi\u00e3o Filho propondo redu\u00e7\u00e3o do ICMS para pequenas empresas"},{"@type":"BreadcrumbList","@id":"https:\/\/ubirataonline.com.br\/requiao-filho-propoe-reducao-do-icms-para-pequenas-empresas-no-parana-em-agenda-de-campanha\/#breadcrumb","itemListElement":[{"@type":"ListItem","position":1,"name":"In\u00edcio","item":"https:\/\/ubirataonline.com.br\/"},{"@type":"ListItem","position":2,"name":"Requi\u00e3o Filho prop\u00f5e redu\u00e7\u00e3o do ICMS para pequenas empresas no Paran\u00e1 em agenda de campanha"}]},{"@type":"WebSite","@id":"https:\/\/ubirataonline.com.br\/#website","url":"https:\/\/ubirataonline.com.br\/","name":"Ubirat\u00e3 Online Not\u00edcias","description":"Not\u00edcias de Ubirat\u00e3, regi\u00e3o, Brasil e mundo, com informa\u00e7\u00e3o atualizada e compromisso com o leitor.","publisher":{"@id":"https:\/\/ubirataonline.com.br\/#organization"},"alternateName":"Ubirat\u00e3 Online","potentialAction":[{"@type":"SearchAction","target":{"@type":"EntryPoint","urlTemplate":"https:\/\/ubirataonline.com.br\/?s={search_term_string}"},"query-input":{"@type":"PropertyValueSpecification","valueRequired":true,"valueName":"search_term_string"}}],"inLanguage":"en-US"},{"@type":["Organization","Place"],"@id":"https:\/\/ubirataonline.com.br\/#organization","name":"Ubirat\u00e3 Online Not\u00edcias","alternateName":"Ubirat\u00e3 Online","url":"https:\/\/ubirataonline.com.br\/","logo":{"@id":"https:\/\/ubirataonline.com.br\/requiao-filho-propoe-reducao-do-icms-para-pequenas-empresas-no-parana-em-agenda-de-campanha\/#local-main-organization-logo"},"image":{"@id":"https:\/\/ubirataonline.com.br\/requiao-filho-propoe-reducao-do-icms-para-pequenas-empresas-no-parana-em-agenda-de-campanha\/#local-main-organization-logo"},"sameAs":["https:\/\/www.facebook.com\/portalubirataonline","https:\/\/x.com\/ubirataonline","https:\/\/mastodon.social\/@ubirataonline","https:\/\/www.facebook.com\/groups\/311144672285604","https:\/\/www.facebook.com\/UBTAOnline","https:\/\/www.instagram.com\/portalubirataonline\/","https:\/\/twitter.com\/ubirataonline"],"description":"Somos um portal de not\u00edcias independente, criado em 5 de janeiro de 2009, com o objetivo de informar, conectar e valorizar a nossa comunidade de Ubirat\u00e3 e toda aregi\u00e3o. Com conte\u00fado atualizado, confi\u00e1vel e relevante, o Ubirat\u00e3 Online \u00e9 o seu espa\u00e7o para ficar por dentro dos principais acontecimentos locais, regionais, Brasil, Mundo e de interesse geral. Nosso compromisso \u00e9 com a verdade, a transpar\u00eancia e o respeito ao leitor.","legalName":"UBIRATA ONLINE NOT\u00cdCIAS","foundingDate":"2009-01-05","numberOfEmployees":{"@type":"QuantitativeValue","minValue":"1","maxValue":"10"},"publishingPrinciples":"https:\/\/ubirataonline.com.br\/faq\/","address":{"@id":"https:\/\/ubirataonline.com.br\/requiao-filho-propoe-reducao-do-icms-para-pequenas-empresas-no-parana-em-agenda-de-campanha\/#local-main-place-address"},"geo":{"@type":"GeoCoordinates","latitude":"-24.5361401","longitude":"-52.9921776"},"telephone":["+5544998308235"],"contactPoint":{"@type":"ContactPoint","email":"contato@ubirataonline.com.br"},"openingHoursSpecification":{"@type":"OpeningHoursSpecification","dayOfWeek":["Monday","Tuesday","Wednesday","Thursday","Friday","Saturday","Sunday"],"opens":"00:00","closes":"23:59"},"email":"contato@ubirataonline.com.br","vatID":"47.621.418\/0001-80"},{"@type":"Person","@id":"https:\/\/ubirataonline.com.br\/#\/schema\/person\/372f87bbd3fdd79b8556b84c98d0bc1c","name":"REDA\u00c7\u00c3O: UBIRAT\u00c3 ONLINE - F\u00c1BIO AUGUSTO CELESTINO","pronouns":"Ele","description":"Desde 2003 trabalhando com not\u00edcias.","sameAs":["http:\/\/ubirataoline.com.br","https:\/\/www.facebook.com\/portalubirataonline","https:\/\/www.instagram.com\/ubirataonline_oficial","https:\/\/x.com\/x.com\/ubirataonline"],"honorificPrefix":"Mr.","honorificSuffix":"MD","birthDate":"1980-06-16","gender":"masculino","award":["V\u00e1rios pr\u00eamios de melhor portal da cidade"],"jobTitle":"Diretor","url":"https:\/\/ubirataonline.com.br\/en\/author\/ubirataonline\/"},{"@type":"PostalAddress","@id":"https:\/\/ubirataonline.com.br\/requiao-filho-propoe-reducao-do-icms-para-pequenas-empresas-no-parana-em-agenda-de-campanha\/#local-main-place-address","streetAddress":"Rua dos Coqueiros, 104 - Bairro Boa Vista, Rua dos Coqueiros, 104 Bairro Boa Vista","addressLocality":"UBIRATA","postalCode":"85440-000","addressRegion":"PR","addressCountry":"BR"},{"@type":"ImageObject","inLanguage":"en-US","@id":"https:\/\/ubirataonline.com.br\/requiao-filho-propoe-reducao-do-icms-para-pequenas-empresas-no-parana-em-agenda-de-campanha\/#local-main-organization-logo","url":"https:\/\/ubirataonline.com.br\/wp-content\/uploads\/2026\/06\/logoubirataonline-1.webp","contentUrl":"https:\/\/ubirataonline.com.br\/wp-content\/uploads\/2026\/06\/logoubirataonline-1.webp","width":500,"height":500,"caption":"Ubirat\u00e3 Online Not\u00edcias"}]},"geo.placename":"UBIRATA","geo.position":{"lat":"-24.5361401","long":"-52.9921776"},"geo.region":"Brazil"},"_links":{"self":[{"href":"https:\/\/ubirataonline.com.br\/en\/wp-json\/wp\/v2\/posts\/169352","targetHints":{"allow":["GET"]}}],"collection":[{"href":"https:\/\/ubirataonline.com.br\/en\/wp-json\/wp\/v2\/posts"}],"about":[{"href":"https:\/\/ubirataonline.com.br\/en\/wp-json\/wp\/v2\/types\/post"}],"author":[{"embeddable":true,"href":"https:\/\/ubirataonline.com.br\/en\/wp-json\/wp\/v2\/users\/1"}],"replies":[{"embeddable":true,"href":"https:\/\/ubirataonline.com.br\/en\/wp-json\/wp\/v2\/comments?post=169352"}],"version-history":[{"count":0,"href":"https:\/\/ubirataonline.com.br\/en\/wp-json\/wp\/v2\/posts\/169352\/revisions"}],"wp:featuredmedia":[{"embeddable":true,"href":"https:\/\/ubirataonline.com.br\/en\/wp-json\/wp\/v2\/media\/169353"}],"wp:attachment":[{"href":"https:\/\/ubirataonline.com.br\/en\/wp-json\/wp\/v2\/media?parent=169352"}],"wp:term":[{"taxonomy":"category","embeddable":true,"href":"https:\/\/ubirataonline.com.br\/en\/wp-json\/wp\/v2\/categories?post=169352"},{"taxonomy":"post_tag","embeddable":true,"href":"https:\/\/ubirataonline.com.br\/en\/wp-json\/wp\/v2\/tags?post=169352"}],"curies":[{"name":"wp","href":"https:\/\/api.w.org\/{rel}","templated":true}]}}