{"id":169373,"date":"2026-08-31T13:38:38","date_gmt":"2026-08-31T16:38:38","guid":{"rendered":"https:\/\/ubirataonline.com.br\/ministro-do-planejamento-confirma-ajuste-fiscal-com-gatilhos-e-revisao-de-despesas-em-2027\/"},"modified":"2026-08-31T13:38:38","modified_gmt":"2026-08-31T16:38:38","slug":"ministro-do-planejamento-confirma-ajuste-fiscal-com-gatilhos-e-revisao-de-despesas-em-2027","status":"publish","type":"post","link":"https:\/\/ubirataonline.com.br\/en\/ministro-do-planejamento-confirma-ajuste-fiscal-com-gatilhos-e-revisao-de-despesas-em-2027\/","title":{"rendered":"Ministro do Planejamento confirma ajuste fiscal com gatilhos e revis\u00e3o de despesas em 2027"},"content":{"rendered":"<p>O ministro do Planejamento e Or\u00e7amento, Bruno Moretti, assegurou nesta segunda-feira, 31, que o governo adotar\u00e1 gatilhos, sublimites e revis\u00f5es das despesas para garantir o ajuste fiscal previsto para 2027. Segundo ele, n\u00e3o h\u00e1 atualmente discuss\u00e3o sobre mudan\u00e7as estruturais na pol\u00edtica de valoriza\u00e7\u00e3o do sal\u00e1rio m\u00ednimo.<\/p>\n<p>Em evento do BTG Pactual, Moretti destacou que o principal objetivo \u00e9 desacelerar o crescimento das despesas obrigat\u00f3rias e que o governo possui instrumentos legais suficientes para avan\u00e7ar no ajuste das contas p\u00fablicas, sem precisar de novas leis para elevar receita.<\/p>\n<h3>Ajuste e economias previstas<\/h3>\n<p>O ministro detalhou que o pacote de revis\u00e3o fiscal vigente representa uma economia estimada em cerca de R$ 80 bilh\u00f5es em despesas obrigat\u00f3rias para o or\u00e7amento de 2027. Incluindo medidas recentes, essa economia poder\u00e1 chegar a R$ 100 bilh\u00f5es.<\/p>\n<p>Moretti indicou que o modelo decis\u00f3rio do presidente Luiz In\u00e1cio Lula da Silva (PT) reconhece a necessidade de acelerar a consolida\u00e7\u00e3o fiscal em eventual novo mandato, buscando equil\u00edbrio fiscal sem transferir o custo do ajuste para a popula\u00e7\u00e3o mais vulner\u00e1vel.<\/p>\n<h3>Desindexa\u00e7\u00e3o e instrumentos fiscais<\/h3>\n<p>Sobre a eventual desindexa\u00e7\u00e3o dos benef\u00edcios previdenci\u00e1rios atrelados ao sal\u00e1rio m\u00ednimo, o ministro afirmou que esse tema n\u00e3o est\u00e1 na agenda atual do governo. Ele ressaltou que o projeto de lei de diretrizes or\u00e7ament\u00e1rias (LDO) encaminhado ao Congresso prev\u00ea um processo de consolida\u00e7\u00e3o fiscal correspondente a mais de dois pontos percentuais do Produto Interno Bruto (PIB) ao longo do mandato.<\/p>\n<p>Moretti refor\u00e7ou que mecanismos legais existentes s\u00e3o suficientes para os ajustes necess\u00e1rios e destacou que, se necess\u00e1rio, poder\u00e1 haver contingenciamento or\u00e7ament\u00e1rio em 2027.<\/p>\n<h3>Limita\u00e7\u00f5es e foco das medidas<\/h3>\n<p>Os gatilhos relacionados a despesas de pessoal, sa\u00fade e outras vincula\u00e7\u00f5es legais ser\u00e3o limitados ao arcabou\u00e7o fiscal que envolve \u00e1reas como seguran\u00e7a p\u00fablica e ci\u00eancia e tecnologia. A ideia \u00e9 ampliar a base de despesas discricion\u00e1rias para possibilitar maior flexibilidade.<\/p>\n<p>O ministro tamb\u00e9m mencionou que o ajuste realizado no terceiro mandato do presidente Lula foi de 2 pontos percentuais do PIB, e que a previs\u00e3o para 2027 \u00e9 de um ajuste adicional de 0,5 ponto percentual, podendo alcan\u00e7ar cerca de 2 pontos percentuais no final de um eventual quarto mandato.<\/p>\n<h2>Frequently asked questions<\/h2>\n<h3>Quais medidas comp\u00f5em o ajuste fiscal previsto para 2027?<\/h3>\n<p>Segundo o ministro Bruno Moretti, o ajuste inclui gatilhos autom\u00e1ticos, sublimites, limita\u00e7\u00f5es de vincula\u00e7\u00f5es constitucionais e revis\u00f5es de regras or\u00e7ament\u00e1rias para desacelerar o crescimento das despesas obrigat\u00f3rias.<\/p>\n<h3>O governo pretende alterar a pol\u00edtica de valoriza\u00e7\u00e3o do sal\u00e1rio m\u00ednimo?<\/h3>\n<p>N\u00e3o. De acordo com Moretti, a discuss\u00e3o sobre desindexa\u00e7\u00e3o dos benef\u00edcios previdenci\u00e1rios vinculados ao sal\u00e1rio m\u00ednimo n\u00e3o est\u00e1 na ordem do dia, sem planos para mudan\u00e7as estruturais nessa pol\u00edtica no momento.<\/p>\n<h3>Qual \u00e9 a perspectiva de economia com as medidas adotadas?<\/h3>\n<p>O pacote de revis\u00e3o fiscal atual representa uma economia de aproximadamente R$ 80 bilh\u00f5es em despesas obrigat\u00f3rias para 2027, podendo chegar a cerca de R$ 100 bilh\u00f5es com medidas mais recentes.<\/p>","protected":false},"excerpt":{"rendered":"<p>O ministro do Planejamento e Or\u00e7amento, Bruno Moretti, assegurou nesta segunda-feira, 31, que o governo adotar\u00e1 gatilhos, sublimites e revis\u00f5es das despesas para garantir o ajuste fiscal previsto para 2027. Segundo ele, n\u00e3o h\u00e1 atualmente discuss\u00e3o sobre mudan\u00e7as estruturais na pol\u00edtica de valoriza\u00e7\u00e3o do sal\u00e1rio m\u00ednimo. Em evento do BTG Pactual, Moretti destacou que o [&hellip;]<\/p>\n","protected":false},"author":1,"featured_media":169374,"comment_status":"","ping_status":"","sticky":false,"template":"","format":"standard","meta":{"googlesitekit_rrm_CAow2JLhCw:productID":"","_gspb_post_css":"","maa_idioma":"","maa_pais":"","footnotes":""},"categories":[43088],"tags":[],"class_list":["post-169373","post","type-post","status-publish","format-standard","has-post-thumbnail","hentry","category-parana"],"blocksy_meta":[],"yoast_head":"<!-- This site is optimized with the Yoast SEO Premium plugin v27.6 (Yoast SEO v27.6) - https:\/\/yoast.com\/product\/yoast-seo-premium-wordpress\/ -->\n<title>Ministro do Planejamento confirma ajuste fiscal com gatilhos e revis\u00e3o de despesas em 2027 - Ubirat\u00e3 Online Not\u00edcias - A realidade ao seu alcance!<\/title>\n<meta name=\"description\" content=\"O ministro do Planejamento e Or\u00e7amento, Bruno Moretti, assegurou nesta segunda-feira, 31, que o governo adotar\u00e1 gatilhos, sublimites e revis\u00f5es das\" \/>\n<meta name=\"robots\" content=\"index, follow, max-snippet:-1, max-image-preview:large, max-video-preview:-1\" \/>\n<link rel=\"canonical\" href=\"https:\/\/ubirataonline.com.br\/en\/ministro-do-planejamento-confirma-ajuste-fiscal-com-gatilhos-e-revisao-de-despesas-em-2027\/\" \/>\n<meta property=\"og:locale\" content=\"en_US\" \/>\n<meta property=\"og:type\" content=\"article\" \/>\n<meta property=\"og:title\" content=\"Ministro do Planejamento confirma ajuste fiscal com gatilhos e revis\u00e3o de despesas em 2027\" \/>\n<meta property=\"og:description\" content=\"O ministro do Planejamento e Or\u00e7amento, Bruno Moretti, assegurou nesta segunda-feira, 31, que o governo adotar\u00e1 gatilhos, sublimites e revis\u00f5es das\" \/>\n<meta property=\"og:url\" content=\"https:\/\/ubirataonline.com.br\/en\/ministro-do-planejamento-confirma-ajuste-fiscal-com-gatilhos-e-revisao-de-despesas-em-2027\/\" \/>\n<meta property=\"og:site_name\" content=\"Ubirat\u00e3 Online Not\u00edcias - A realidade ao seu alcance!\" \/>\n<meta property=\"article:publisher\" content=\"https:\/\/www.facebook.com\/portalubirataonline\" \/>\n<meta property=\"article:author\" content=\"https:\/\/www.facebook.com\/portalubirataonline\" \/>\n<meta property=\"article:published_time\" content=\"2026-08-31T16:38:38+00:00\" \/>\n<meta property=\"og:image\" content=\"https:\/\/ubirataonline.com.br\/wp-content\/uploads\/2026\/05\/logo2026.webp\" \/>\n\t<meta property=\"og:image:width\" content=\"1531\" \/>\n\t<meta property=\"og:image:height\" content=\"418\" \/>\n\t<meta property=\"og:image:type\" content=\"image\/webp\" \/>\n<meta name=\"author\" content=\"REDA\u00c7\u00c3O: UBIRAT\u00c3 ONLINE - F\u00c1BIO AUGUSTO CELESTINO\" \/>\n<meta name=\"twitter:card\" content=\"summary_large_image\" \/>\n<meta name=\"twitter:creator\" content=\"@x.com\/ubirataonline\" \/>\n<meta name=\"twitter:site\" content=\"@ubirataonline\" \/>\n<meta name=\"twitter:label1\" content=\"Written by\" \/>\n\t<meta name=\"twitter:data1\" content=\"REDA\u00c7\u00c3O: UBIRAT\u00c3 ONLINE - F\u00c1BIO AUGUSTO CELESTINO\" \/>\n\t<meta name=\"twitter:label2\" content=\"Est. reading time\" \/>\n\t<meta name=\"twitter:data2\" content=\"3 minutes\" \/>\n<script type=\"application\/ld+json\" class=\"yoast-schema-graph\">{\"@context\":\"https:\\\/\\\/schema.org\",\"@graph\":[{\"@type\":\"NewsArticle\",\"@id\":\"https:\\\/\\\/ubirataonline.com.br\\\/ministro-do-planejamento-confirma-ajuste-fiscal-com-gatilhos-e-revisao-de-despesas-em-2027\\\/#article\",\"isPartOf\":{\"@id\":\"https:\\\/\\\/ubirataonline.com.br\\\/ministro-do-planejamento-confirma-ajuste-fiscal-com-gatilhos-e-revisao-de-despesas-em-2027\\\/\"},\"author\":{\"name\":\"REDA\u00c7\u00c3O: UBIRAT\u00c3 ONLINE - F\u00c1BIO AUGUSTO CELESTINO\",\"@id\":\"https:\\\/\\\/ubirataonline.com.br\\\/#\\\/schema\\\/person\\\/372f87bbd3fdd79b8556b84c98d0bc1c\"},\"headline\":\"Ministro do Planejamento confirma ajuste fiscal com gatilhos e revis\u00e3o de despesas em 2027\",\"datePublished\":\"2026-08-31T16:38:38+00:00\",\"mainEntityOfPage\":{\"@id\":\"https:\\\/\\\/ubirataonline.com.br\\\/ministro-do-planejamento-confirma-ajuste-fiscal-com-gatilhos-e-revisao-de-despesas-em-2027\\\/\"},\"wordCount\":546,\"publisher\":{\"@id\":\"https:\\\/\\\/ubirataonline.com.br\\\/#organization\"},\"image\":{\"@id\":\"https:\\\/\\\/ubirataonline.com.br\\\/ministro-do-planejamento-confirma-ajuste-fiscal-com-gatilhos-e-revisao-de-despesas-em-2027\\\/#primaryimage\"},\"thumbnailUrl\":\"https:\\\/\\\/ubirataonline.com.br\\\/wp-content\\\/uploads\\\/2026\\\/08\\\/maaimg-post-169373-20260831-163858.webp\",\"articleSection\":[\"Paran\u00e1\"],\"inLanguage\":\"en-US\",\"copyrightYear\":\"2026\",\"copyrightHolder\":{\"@id\":\"https:\\\/\\\/ubirataonline.com.br\\\/en\\\/#organization\"}},{\"@type\":\"WebPage\",\"@id\":\"https:\\\/\\\/ubirataonline.com.br\\\/ministro-do-planejamento-confirma-ajuste-fiscal-com-gatilhos-e-revisao-de-despesas-em-2027\\\/\",\"url\":\"https:\\\/\\\/ubirataonline.com.br\\\/ministro-do-planejamento-confirma-ajuste-fiscal-com-gatilhos-e-revisao-de-despesas-em-2027\\\/\",\"name\":\"Ministro do Planejamento confirma ajuste fiscal com gatilhos e revis\u00e3o de despesas em 2027 - Ubirat\u00e3 Online Not\u00edcias - A realidade ao seu alcance!\",\"isPartOf\":{\"@id\":\"https:\\\/\\\/ubirataonline.com.br\\\/#website\"},\"primaryImageOfPage\":{\"@id\":\"https:\\\/\\\/ubirataonline.com.br\\\/ministro-do-planejamento-confirma-ajuste-fiscal-com-gatilhos-e-revisao-de-despesas-em-2027\\\/#primaryimage\"},\"image\":{\"@id\":\"https:\\\/\\\/ubirataonline.com.br\\\/ministro-do-planejamento-confirma-ajuste-fiscal-com-gatilhos-e-revisao-de-despesas-em-2027\\\/#primaryimage\"},\"thumbnailUrl\":\"https:\\\/\\\/ubirataonline.com.br\\\/wp-content\\\/uploads\\\/2026\\\/08\\\/maaimg-post-169373-20260831-163858.webp\",\"datePublished\":\"2026-08-31T16:38:38+00:00\",\"description\":\"O ministro do Planejamento e Or\u00e7amento, Bruno Moretti, assegurou nesta segunda-feira, 31, que o governo adotar\u00e1 gatilhos, sublimites e revis\u00f5es das\",\"breadcrumb\":{\"@id\":\"https:\\\/\\\/ubirataonline.com.br\\\/ministro-do-planejamento-confirma-ajuste-fiscal-com-gatilhos-e-revisao-de-despesas-em-2027\\\/#breadcrumb\"},\"inLanguage\":\"en-US\",\"potentialAction\":[{\"@type\":\"ReadAction\",\"target\":[\"https:\\\/\\\/ubirataonline.com.br\\\/ministro-do-planejamento-confirma-ajuste-fiscal-com-gatilhos-e-revisao-de-despesas-em-2027\\\/\"]}]},{\"@type\":\"ImageObject\",\"inLanguage\":\"en-US\",\"@id\":\"https:\\\/\\\/ubirataonline.com.br\\\/ministro-do-planejamento-confirma-ajuste-fiscal-com-gatilhos-e-revisao-de-despesas-em-2027\\\/#primaryimage\",\"url\":\"https:\\\/\\\/ubirataonline.com.br\\\/wp-content\\\/uploads\\\/2026\\\/08\\\/maaimg-post-169373-20260831-163858.webp\",\"contentUrl\":\"https:\\\/\\\/ubirataonline.com.br\\\/wp-content\\\/uploads\\\/2026\\\/08\\\/maaimg-post-169373-20260831-163858.webp\",\"width\":1536,\"height\":1024,\"caption\":\"Imagem capa mostra conceito de ministro planejamento confirma ajuste fiscal com gatilhos e revis\u00e3o de despesas\"},{\"@type\":\"BreadcrumbList\",\"@id\":\"https:\\\/\\\/ubirataonline.com.br\\\/ministro-do-planejamento-confirma-ajuste-fiscal-com-gatilhos-e-revisao-de-despesas-em-2027\\\/#breadcrumb\",\"itemListElement\":[{\"@type\":\"ListItem\",\"position\":1,\"name\":\"In\u00edcio\",\"item\":\"https:\\\/\\\/ubirataonline.com.br\\\/\"},{\"@type\":\"ListItem\",\"position\":2,\"name\":\"Ministro do Planejamento confirma ajuste fiscal com gatilhos e revis\u00e3o de despesas em 2027\"}]},{\"@type\":\"WebSite\",\"@id\":\"https:\\\/\\\/ubirataonline.com.br\\\/#website\",\"url\":\"https:\\\/\\\/ubirataonline.com.br\\\/\",\"name\":\"Ubirat\u00e3 Online Not\u00edcias\",\"description\":\"Not\u00edcias de Ubirat\u00e3, regi\u00e3o, Brasil e mundo, com informa\u00e7\u00e3o atualizada e compromisso com o leitor.\",\"publisher\":{\"@id\":\"https:\\\/\\\/ubirataonline.com.br\\\/#organization\"},\"alternateName\":\"Ubirat\u00e3 Online\",\"potentialAction\":[{\"@type\":\"SearchAction\",\"target\":{\"@type\":\"EntryPoint\",\"urlTemplate\":\"https:\\\/\\\/ubirataonline.com.br\\\/?s={search_term_string}\"},\"query-input\":{\"@type\":\"PropertyValueSpecification\",\"valueRequired\":true,\"valueName\":\"search_term_string\"}}],\"inLanguage\":\"en-US\"},{\"@type\":[\"Organization\",\"Place\"],\"@id\":\"https:\\\/\\\/ubirataonline.com.br\\\/#organization\",\"name\":\"Ubirat\u00e3 Online Not\u00edcias\",\"alternateName\":\"Ubirat\u00e3 Online\",\"url\":\"https:\\\/\\\/ubirataonline.com.br\\\/\",\"logo\":{\"@id\":\"https:\\\/\\\/ubirataonline.com.br\\\/ministro-do-planejamento-confirma-ajuste-fiscal-com-gatilhos-e-revisao-de-despesas-em-2027\\\/#local-main-organization-logo\"},\"image\":{\"@id\":\"https:\\\/\\\/ubirataonline.com.br\\\/ministro-do-planejamento-confirma-ajuste-fiscal-com-gatilhos-e-revisao-de-despesas-em-2027\\\/#local-main-organization-logo\"},\"sameAs\":[\"https:\\\/\\\/www.facebook.com\\\/portalubirataonline\",\"https:\\\/\\\/x.com\\\/ubirataonline\",\"https:\\\/\\\/mastodon.social\\\/@ubirataonline\",\"https:\\\/\\\/www.facebook.com\\\/groups\\\/311144672285604\",\"https:\\\/\\\/www.facebook.com\\\/UBTAOnline\",\"https:\\\/\\\/www.instagram.com\\\/portalubirataonline\\\/\",\"https:\\\/\\\/twitter.com\\\/ubirataonline\"],\"description\":\"Somos um portal de not\u00edcias independente, criado em 5 de janeiro de 2009, com o objetivo de informar, conectar e valorizar a nossa comunidade de Ubirat\u00e3 e toda aregi\u00e3o. Com conte\u00fado atualizado, confi\u00e1vel e relevante, o Ubirat\u00e3 Online \u00e9 o seu espa\u00e7o para ficar por dentro dos principais acontecimentos locais, regionais, Brasil, Mundo e de interesse geral. Nosso compromisso \u00e9 com a verdade, a transpar\u00eancia e o respeito ao leitor.\",\"legalName\":\"UBIRATA ONLINE NOT\u00cdCIAS\",\"foundingDate\":\"2009-01-05\",\"numberOfEmployees\":{\"@type\":\"QuantitativeValue\",\"minValue\":\"1\",\"maxValue\":\"10\"},\"publishingPrinciples\":\"https:\\\/\\\/ubirataonline.com.br\\\/faq\\\/\",\"address\":{\"@id\":\"https:\\\/\\\/ubirataonline.com.br\\\/ministro-do-planejamento-confirma-ajuste-fiscal-com-gatilhos-e-revisao-de-despesas-em-2027\\\/#local-main-place-address\"},\"geo\":{\"@type\":\"GeoCoordinates\",\"latitude\":\"-24.5361401\",\"longitude\":\"-52.9921776\"},\"telephone\":[\"+5544998308235\"],\"contactPoint\":{\"@type\":\"ContactPoint\",\"email\":\"contato@ubirataonline.com.br\"},\"openingHoursSpecification\":{\"@type\":\"OpeningHoursSpecification\",\"dayOfWeek\":[\"Monday\",\"Tuesday\",\"Wednesday\",\"Thursday\",\"Friday\",\"Saturday\",\"Sunday\"],\"opens\":\"00:00\",\"closes\":\"23:59\"},\"email\":\"contato@ubirataonline.com.br\",\"vatID\":\"47.621.418\\\/0001-80\"},{\"@type\":\"Person\",\"@id\":\"https:\\\/\\\/ubirataonline.com.br\\\/#\\\/schema\\\/person\\\/372f87bbd3fdd79b8556b84c98d0bc1c\",\"name\":\"REDA\u00c7\u00c3O: UBIRAT\u00c3 ONLINE - F\u00c1BIO AUGUSTO CELESTINO\",\"pronouns\":\"Ele\",\"description\":\"Desde 2003 trabalhando com not\u00edcias.\",\"sameAs\":[\"http:\\\/\\\/ubirataoline.com.br\",\"https:\\\/\\\/www.facebook.com\\\/portalubirataonline\",\"https:\\\/\\\/www.instagram.com\\\/ubirataonline_oficial\",\"https:\\\/\\\/x.com\\\/x.com\\\/ubirataonline\"],\"honorificPrefix\":\"Mr.\",\"honorificSuffix\":\"MD\",\"birthDate\":\"1980-06-16\",\"gender\":\"masculino\",\"award\":[\"V\u00e1rios pr\u00eamios de melhor portal da cidade\"],\"jobTitle\":\"Diretor\",\"url\":\"https:\\\/\\\/ubirataonline.com.br\\\/en\\\/author\\\/ubirataonline\\\/\"},{\"@type\":\"PostalAddress\",\"@id\":\"https:\\\/\\\/ubirataonline.com.br\\\/ministro-do-planejamento-confirma-ajuste-fiscal-com-gatilhos-e-revisao-de-despesas-em-2027\\\/#local-main-place-address\",\"streetAddress\":\"Rua dos Coqueiros, 104 - Bairro Boa Vista, Rua dos Coqueiros, 104 Bairro Boa Vista\",\"addressLocality\":\"UBIRATA\",\"postalCode\":\"85440-000\",\"addressRegion\":\"PR\",\"addressCountry\":\"BR\"},{\"@type\":\"ImageObject\",\"inLanguage\":\"en-US\",\"@id\":\"https:\\\/\\\/ubirataonline.com.br\\\/ministro-do-planejamento-confirma-ajuste-fiscal-com-gatilhos-e-revisao-de-despesas-em-2027\\\/#local-main-organization-logo\",\"url\":\"https:\\\/\\\/ubirataonline.com.br\\\/wp-content\\\/uploads\\\/2026\\\/06\\\/logoubirataonline-1.webp\",\"contentUrl\":\"https:\\\/\\\/ubirataonline.com.br\\\/wp-content\\\/uploads\\\/2026\\\/06\\\/logoubirataonline-1.webp\",\"width\":500,\"height\":500,\"caption\":\"Ubirat\u00e3 Online Not\u00edcias\"}]}<\/script>\n<meta name=\"geo.placename\" content=\"UBIRATA\" \/>\n<meta name=\"geo.position\" content=\"-24.5361401;-52.9921776\" \/>\n<meta name=\"geo.region\" content=\"Brazil\" \/>\n<!-- \/ Yoast SEO Premium plugin. -->","yoast_head_json":{"title":"Ministro do Planejamento confirma ajuste fiscal com gatilhos e revis\u00e3o de despesas em 2027 - Ubirat\u00e3 Online Not\u00edcias - A realidade ao seu alcance!","description":"O ministro do Planejamento e Or\u00e7amento, Bruno Moretti, assegurou nesta segunda-feira, 31, que o governo adotar\u00e1 gatilhos, sublimites e revis\u00f5es das","robots":{"index":"index","follow":"follow","max-snippet":"max-snippet:-1","max-image-preview":"max-image-preview:large","max-video-preview":"max-video-preview:-1"},"canonical":"https:\/\/ubirataonline.com.br\/en\/ministro-do-planejamento-confirma-ajuste-fiscal-com-gatilhos-e-revisao-de-despesas-em-2027\/","og_locale":"en_US","og_type":"article","og_title":"Ministro do Planejamento confirma ajuste fiscal com gatilhos e revis\u00e3o de despesas em 2027","og_description":"O ministro do Planejamento e Or\u00e7amento, Bruno Moretti, assegurou nesta segunda-feira, 31, que o governo adotar\u00e1 gatilhos, sublimites e revis\u00f5es das","og_url":"https:\/\/ubirataonline.com.br\/en\/ministro-do-planejamento-confirma-ajuste-fiscal-com-gatilhos-e-revisao-de-despesas-em-2027\/","og_site_name":"Ubirat\u00e3 Online Not\u00edcias - A realidade ao seu alcance!","article_publisher":"https:\/\/www.facebook.com\/portalubirataonline","article_author":"https:\/\/www.facebook.com\/portalubirataonline","article_published_time":"2026-08-31T16:38:38+00:00","og_image":[{"width":1531,"height":418,"url":"https:\/\/ubirataonline.com.br\/wp-content\/uploads\/2026\/05\/logo2026.webp","type":"image\/webp"}],"author":"REDA\u00c7\u00c3O: UBIRAT\u00c3 ONLINE - F\u00c1BIO AUGUSTO CELESTINO","twitter_card":"summary_large_image","twitter_creator":"@x.com\/ubirataonline","twitter_site":"@ubirataonline","twitter_misc":{"Written by":"REDA\u00c7\u00c3O: UBIRAT\u00c3 ONLINE - F\u00c1BIO AUGUSTO CELESTINO","Est. reading time":"3 minutes"},"schema":{"@context":"https:\/\/schema.org","@graph":[{"@type":"NewsArticle","@id":"https:\/\/ubirataonline.com.br\/ministro-do-planejamento-confirma-ajuste-fiscal-com-gatilhos-e-revisao-de-despesas-em-2027\/#article","isPartOf":{"@id":"https:\/\/ubirataonline.com.br\/ministro-do-planejamento-confirma-ajuste-fiscal-com-gatilhos-e-revisao-de-despesas-em-2027\/"},"author":{"name":"REDA\u00c7\u00c3O: UBIRAT\u00c3 ONLINE - F\u00c1BIO AUGUSTO CELESTINO","@id":"https:\/\/ubirataonline.com.br\/#\/schema\/person\/372f87bbd3fdd79b8556b84c98d0bc1c"},"headline":"Ministro do Planejamento confirma ajuste fiscal com gatilhos e revis\u00e3o de despesas em 2027","datePublished":"2026-08-31T16:38:38+00:00","mainEntityOfPage":{"@id":"https:\/\/ubirataonline.com.br\/ministro-do-planejamento-confirma-ajuste-fiscal-com-gatilhos-e-revisao-de-despesas-em-2027\/"},"wordCount":546,"publisher":{"@id":"https:\/\/ubirataonline.com.br\/#organization"},"image":{"@id":"https:\/\/ubirataonline.com.br\/ministro-do-planejamento-confirma-ajuste-fiscal-com-gatilhos-e-revisao-de-despesas-em-2027\/#primaryimage"},"thumbnailUrl":"https:\/\/ubirataonline.com.br\/wp-content\/uploads\/2026\/08\/maaimg-post-169373-20260831-163858.webp","articleSection":["Paran\u00e1"],"inLanguage":"en-US","copyrightYear":"2026","copyrightHolder":{"@id":"https:\/\/ubirataonline.com.br\/en\/#organization"}},{"@type":"WebPage","@id":"https:\/\/ubirataonline.com.br\/ministro-do-planejamento-confirma-ajuste-fiscal-com-gatilhos-e-revisao-de-despesas-em-2027\/","url":"https:\/\/ubirataonline.com.br\/ministro-do-planejamento-confirma-ajuste-fiscal-com-gatilhos-e-revisao-de-despesas-em-2027\/","name":"Ministro do Planejamento confirma ajuste fiscal com gatilhos e revis\u00e3o de despesas em 2027 - Ubirat\u00e3 Online Not\u00edcias - A realidade ao seu alcance!","isPartOf":{"@id":"https:\/\/ubirataonline.com.br\/#website"},"primaryImageOfPage":{"@id":"https:\/\/ubirataonline.com.br\/ministro-do-planejamento-confirma-ajuste-fiscal-com-gatilhos-e-revisao-de-despesas-em-2027\/#primaryimage"},"image":{"@id":"https:\/\/ubirataonline.com.br\/ministro-do-planejamento-confirma-ajuste-fiscal-com-gatilhos-e-revisao-de-despesas-em-2027\/#primaryimage"},"thumbnailUrl":"https:\/\/ubirataonline.com.br\/wp-content\/uploads\/2026\/08\/maaimg-post-169373-20260831-163858.webp","datePublished":"2026-08-31T16:38:38+00:00","description":"O ministro do Planejamento e Or\u00e7amento, Bruno Moretti, assegurou nesta segunda-feira, 31, que o governo adotar\u00e1 gatilhos, sublimites e revis\u00f5es das","breadcrumb":{"@id":"https:\/\/ubirataonline.com.br\/ministro-do-planejamento-confirma-ajuste-fiscal-com-gatilhos-e-revisao-de-despesas-em-2027\/#breadcrumb"},"inLanguage":"en-US","potentialAction":[{"@type":"ReadAction","target":["https:\/\/ubirataonline.com.br\/ministro-do-planejamento-confirma-ajuste-fiscal-com-gatilhos-e-revisao-de-despesas-em-2027\/"]}]},{"@type":"ImageObject","inLanguage":"en-US","@id":"https:\/\/ubirataonline.com.br\/ministro-do-planejamento-confirma-ajuste-fiscal-com-gatilhos-e-revisao-de-despesas-em-2027\/#primaryimage","url":"https:\/\/ubirataonline.com.br\/wp-content\/uploads\/2026\/08\/maaimg-post-169373-20260831-163858.webp","contentUrl":"https:\/\/ubirataonline.com.br\/wp-content\/uploads\/2026\/08\/maaimg-post-169373-20260831-163858.webp","width":1536,"height":1024,"caption":"Imagem capa mostra conceito de ministro planejamento confirma ajuste fiscal com gatilhos e revis\u00e3o de despesas"},{"@type":"BreadcrumbList","@id":"https:\/\/ubirataonline.com.br\/ministro-do-planejamento-confirma-ajuste-fiscal-com-gatilhos-e-revisao-de-despesas-em-2027\/#breadcrumb","itemListElement":[{"@type":"ListItem","position":1,"name":"In\u00edcio","item":"https:\/\/ubirataonline.com.br\/"},{"@type":"ListItem","position":2,"name":"Ministro do Planejamento confirma ajuste fiscal com gatilhos e revis\u00e3o de despesas em 2027"}]},{"@type":"WebSite","@id":"https:\/\/ubirataonline.com.br\/#website","url":"https:\/\/ubirataonline.com.br\/","name":"Ubirat\u00e3 Online Not\u00edcias","description":"Not\u00edcias de Ubirat\u00e3, regi\u00e3o, Brasil e mundo, com informa\u00e7\u00e3o atualizada e compromisso com o leitor.","publisher":{"@id":"https:\/\/ubirataonline.com.br\/#organization"},"alternateName":"Ubirat\u00e3 Online","potentialAction":[{"@type":"SearchAction","target":{"@type":"EntryPoint","urlTemplate":"https:\/\/ubirataonline.com.br\/?s={search_term_string}"},"query-input":{"@type":"PropertyValueSpecification","valueRequired":true,"valueName":"search_term_string"}}],"inLanguage":"en-US"},{"@type":["Organization","Place"],"@id":"https:\/\/ubirataonline.com.br\/#organization","name":"Ubirat\u00e3 Online Not\u00edcias","alternateName":"Ubirat\u00e3 Online","url":"https:\/\/ubirataonline.com.br\/","logo":{"@id":"https:\/\/ubirataonline.com.br\/ministro-do-planejamento-confirma-ajuste-fiscal-com-gatilhos-e-revisao-de-despesas-em-2027\/#local-main-organization-logo"},"image":{"@id":"https:\/\/ubirataonline.com.br\/ministro-do-planejamento-confirma-ajuste-fiscal-com-gatilhos-e-revisao-de-despesas-em-2027\/#local-main-organization-logo"},"sameAs":["https:\/\/www.facebook.com\/portalubirataonline","https:\/\/x.com\/ubirataonline","https:\/\/mastodon.social\/@ubirataonline","https:\/\/www.facebook.com\/groups\/311144672285604","https:\/\/www.facebook.com\/UBTAOnline","https:\/\/www.instagram.com\/portalubirataonline\/","https:\/\/twitter.com\/ubirataonline"],"description":"Somos um portal de not\u00edcias independente, criado em 5 de janeiro de 2009, com o objetivo de informar, conectar e valorizar a nossa comunidade de Ubirat\u00e3 e toda aregi\u00e3o. Com conte\u00fado atualizado, confi\u00e1vel e relevante, o Ubirat\u00e3 Online \u00e9 o seu espa\u00e7o para ficar por dentro dos principais acontecimentos locais, regionais, Brasil, Mundo e de interesse geral. Nosso compromisso \u00e9 com a verdade, a transpar\u00eancia e o respeito ao leitor.","legalName":"UBIRATA ONLINE NOT\u00cdCIAS","foundingDate":"2009-01-05","numberOfEmployees":{"@type":"QuantitativeValue","minValue":"1","maxValue":"10"},"publishingPrinciples":"https:\/\/ubirataonline.com.br\/faq\/","address":{"@id":"https:\/\/ubirataonline.com.br\/ministro-do-planejamento-confirma-ajuste-fiscal-com-gatilhos-e-revisao-de-despesas-em-2027\/#local-main-place-address"},"geo":{"@type":"GeoCoordinates","latitude":"-24.5361401","longitude":"-52.9921776"},"telephone":["+5544998308235"],"contactPoint":{"@type":"ContactPoint","email":"contato@ubirataonline.com.br"},"openingHoursSpecification":{"@type":"OpeningHoursSpecification","dayOfWeek":["Monday","Tuesday","Wednesday","Thursday","Friday","Saturday","Sunday"],"opens":"00:00","closes":"23:59"},"email":"contato@ubirataonline.com.br","vatID":"47.621.418\/0001-80"},{"@type":"Person","@id":"https:\/\/ubirataonline.com.br\/#\/schema\/person\/372f87bbd3fdd79b8556b84c98d0bc1c","name":"REDA\u00c7\u00c3O: UBIRAT\u00c3 ONLINE - F\u00c1BIO AUGUSTO CELESTINO","pronouns":"Ele","description":"Desde 2003 trabalhando com not\u00edcias.","sameAs":["http:\/\/ubirataoline.com.br","https:\/\/www.facebook.com\/portalubirataonline","https:\/\/www.instagram.com\/ubirataonline_oficial","https:\/\/x.com\/x.com\/ubirataonline"],"honorificPrefix":"Mr.","honorificSuffix":"MD","birthDate":"1980-06-16","gender":"masculino","award":["V\u00e1rios pr\u00eamios de melhor portal da cidade"],"jobTitle":"Diretor","url":"https:\/\/ubirataonline.com.br\/en\/author\/ubirataonline\/"},{"@type":"PostalAddress","@id":"https:\/\/ubirataonline.com.br\/ministro-do-planejamento-confirma-ajuste-fiscal-com-gatilhos-e-revisao-de-despesas-em-2027\/#local-main-place-address","streetAddress":"Rua dos Coqueiros, 104 - Bairro Boa Vista, Rua dos Coqueiros, 104 Bairro Boa Vista","addressLocality":"UBIRATA","postalCode":"85440-000","addressRegion":"PR","addressCountry":"BR"},{"@type":"ImageObject","inLanguage":"en-US","@id":"https:\/\/ubirataonline.com.br\/ministro-do-planejamento-confirma-ajuste-fiscal-com-gatilhos-e-revisao-de-despesas-em-2027\/#local-main-organization-logo","url":"https:\/\/ubirataonline.com.br\/wp-content\/uploads\/2026\/06\/logoubirataonline-1.webp","contentUrl":"https:\/\/ubirataonline.com.br\/wp-content\/uploads\/2026\/06\/logoubirataonline-1.webp","width":500,"height":500,"caption":"Ubirat\u00e3 Online Not\u00edcias"}]},"geo.placename":"UBIRATA","geo.position":{"lat":"-24.5361401","long":"-52.9921776"},"geo.region":"Brazil"},"_links":{"self":[{"href":"https:\/\/ubirataonline.com.br\/en\/wp-json\/wp\/v2\/posts\/169373","targetHints":{"allow":["GET"]}}],"collection":[{"href":"https:\/\/ubirataonline.com.br\/en\/wp-json\/wp\/v2\/posts"}],"about":[{"href":"https:\/\/ubirataonline.com.br\/en\/wp-json\/wp\/v2\/types\/post"}],"author":[{"embeddable":true,"href":"https:\/\/ubirataonline.com.br\/en\/wp-json\/wp\/v2\/users\/1"}],"replies":[{"embeddable":true,"href":"https:\/\/ubirataonline.com.br\/en\/wp-json\/wp\/v2\/comments?post=169373"}],"version-history":[{"count":0,"href":"https:\/\/ubirataonline.com.br\/en\/wp-json\/wp\/v2\/posts\/169373\/revisions"}],"wp:featuredmedia":[{"embeddable":true,"href":"https:\/\/ubirataonline.com.br\/en\/wp-json\/wp\/v2\/media\/169374"}],"wp:attachment":[{"href":"https:\/\/ubirataonline.com.br\/en\/wp-json\/wp\/v2\/media?parent=169373"}],"wp:term":[{"taxonomy":"category","embeddable":true,"href":"https:\/\/ubirataonline.com.br\/en\/wp-json\/wp\/v2\/categories?post=169373"},{"taxonomy":"post_tag","embeddable":true,"href":"https:\/\/ubirataonline.com.br\/en\/wp-json\/wp\/v2\/tags?post=169373"}],"curies":[{"name":"wp","href":"https:\/\/api.w.org\/{rel}","templated":true}]}}