{"id":169375,"date":"2026-08-31T14:07:26","date_gmt":"2026-08-31T17:07:26","guid":{"rendered":"https:\/\/ubirataonline.com.br\/candidatos-ao-governo-do-parana-realizam-agendas-com-entrevistas-e-eventos-em-diversas-regioes\/"},"modified":"2026-08-31T14:07:26","modified_gmt":"2026-08-31T17:07:26","slug":"candidatos-ao-governo-do-parana-realizam-agendas-com-entrevistas-e-eventos-em-diversas-regioes","status":"publish","type":"post","link":"https:\/\/ubirataonline.com.br\/en\/candidatos-ao-governo-do-parana-realizam-agendas-com-entrevistas-e-eventos-em-diversas-regioes\/","title":{"rendered":"Candidatos ao governo do Paran\u00e1 realizam agendas com entrevistas e eventos em diversas regi\u00f5es"},"content":{"rendered":"<p>Os candidatos ao governo do Paran\u00e1 estiveram em atividade intensificada nesta segunda-feira (31), cumprindo agendas de campanha em diferentes regi\u00f5es do estado e tamb\u00e9m fora dele. As atividades inclu\u00edram entrevistas, presen\u00e7as em eventos institucionais, visitas a entidades e transmiss\u00f5es ao vivo, conforme divulgado pelos canais oficiais de campanha.<\/p>\n<p>O cumprimento dessas agendas marca a primeira fase da campanha eleitoral iniciada oficialmente no dia 16 de junho, quando os candidatos passaram a ter autoriza\u00e7\u00e3o da Justi\u00e7a Eleitoral para pedir votos, realizar com\u00edcios, caminhadas e divulgar propostas em r\u00e1dio, TV e internet.<\/p>\n<h3>Atividades dos candidatos no Paran\u00e1<\/h3>\n<p>No in\u00edcio do dia, Requi\u00e3o Filho (PDT) concedeu uma entrevista \u00e0 r\u00e1dio Banda B, com transmiss\u00e3o pela internet, momento no qual apresentou a proposta de redu\u00e7\u00e3o do Imposto Sobre Circula\u00e7\u00e3o de Mercadorias e Servi\u00e7os (ICMS) para micro e pequenas empresas do Paran\u00e1, caso seja eleito. Ele tamb\u00e9m confirmou sua participa\u00e7\u00e3o no ciclo de entrevistas promovido pelo Sindicato dos Metal\u00fargicos da Grande Curitiba.<\/p>\n<p>Sandro Alex (PSD) iniciou suas atividades no Sindicato dos M\u00e9dicos Veterin\u00e1rios do Estado do Paran\u00e1, em Curitiba. O candidato realizou ao longo do dia grava\u00e7\u00f5es, concedeu entrevistas a uma emissora de televis\u00e3o e a um portal de not\u00edcias, e participou da posse do novo reitor da Universidade Estadual de Ponta Grossa (UEPG). Tamb\u00e9m est\u00e3o previstas visitas institucionais a empresas.<\/p>\n<h3>Presen\u00e7as de outros candidatos<\/h3>\n<p>S\u00e9rgio Moro (PL) cumpriu agenda fora do Paran\u00e1, em S\u00e3o Paulo, participando do congresso de seguran\u00e7a p\u00fablica organizado pela Federa\u00e7\u00e3o das Ind\u00fastrias do Estado de S\u00e3o Paulo (Fiesp). Seu \u00faltimo compromisso do dia foi uma participa\u00e7\u00e3o em podcast.<\/p>\n<p>Alexandre Salom\u00e3o (Mobiliza) realizou entrevistas, visitas \u00e0 Regi\u00e3o Metropolitana de Curitiba (RMC) e conduziu uma live durante o dia. Luiz Fran\u00e7a (Miss\u00e3o) tamb\u00e9m realizou uma live, gravou material para televis\u00e3o e participou do ciclo de entrevistas do Sindicato dos Metal\u00fargicos da Grande Curitiba, evento que contou ainda com a presen\u00e7a confirmada de Samuel Mattos (PSTU).<\/p>\n<h3>Contexto das Elei\u00e7\u00f5es de 2026 no Paran\u00e1<\/h3>\n<p>O processo eleitoral deste ano ter\u00e1 o primeiro turno realizado em 4 de outubro e um eventual segundo turno marcado para 25 de outubro. O Paran\u00e1 conta com oito candidatos oficialmente definidos na disputa pelo governo estadual. As agendas de campanha s\u00e3o parte fundamental para a apresenta\u00e7\u00e3o de propostas e articula\u00e7\u00e3o pol\u00edtica, al\u00e9m de aproximar os candidatos dos eleitores e entidades locais.<\/p>\n<h2>Frequently asked questions<\/h2>\n<h3>Quando iniciou oficialmente a campanha eleitoral de 2026?<\/h3>\n<p>A campanha eleitoral de 2026 iniciou em 16 de junho, conforme autoriza\u00e7\u00e3o da Justi\u00e7a Eleitoral para pedir votos e realizar atividades como com\u00edcios, debates e divulga\u00e7\u00e3o nas m\u00eddias.<\/p>\n<h3>Quais candidatos participaram do ciclo de entrevistas no Sindicato dos Metal\u00fargicos da Grande Curitiba?<\/h3>\n<p>Requi\u00e3o Filho (PDT), Luiz Fran\u00e7a (Miss\u00e3o) e Samuel Mattos (PSTU) confirmaram presen\u00e7a no ciclo de entrevistas realizado pelo sindicato.<\/p>\n<h3>Qual compromisso S\u00e9rgio Moro cumpriu fora do Paran\u00e1?<\/h3>\n<p>S\u00e9rgio Moro participou do congresso de seguran\u00e7a p\u00fablica promovido pela Federa\u00e7\u00e3o das Ind\u00fastrias do Estado de S\u00e3o Paulo (Fiesp) e participou de um podcast em S\u00e3o Paulo.<\/p>","protected":false},"excerpt":{"rendered":"<p>Os candidatos ao governo do Paran\u00e1 estiveram em atividade intensificada nesta segunda-feira (31), cumprindo agendas de campanha em diferentes regi\u00f5es do estado e tamb\u00e9m fora dele. As atividades inclu\u00edram entrevistas, presen\u00e7as em eventos institucionais, visitas a entidades e transmiss\u00f5es ao vivo, conforme divulgado pelos canais oficiais de campanha. O cumprimento dessas agendas marca a primeira [&hellip;]<\/p>\n","protected":false},"author":1,"featured_media":169376,"comment_status":"","ping_status":"","sticky":false,"template":"","format":"standard","meta":{"googlesitekit_rrm_CAow2JLhCw:productID":"","_gspb_post_css":"","maa_idioma":"","maa_pais":"","footnotes":""},"categories":[4],"tags":[],"class_list":["post-169375","post","type-post","status-publish","format-standard","has-post-thumbnail","hentry","category-brasil"],"blocksy_meta":[],"yoast_head":"<!-- This site is optimized with the Yoast SEO Premium plugin v27.6 (Yoast SEO v27.6) - https:\/\/yoast.com\/product\/yoast-seo-premium-wordpress\/ -->\n<title>Candidatos ao governo do Paran\u00e1 realizam agendas com entrevistas e eventos em diversas regi\u00f5es - Ubirat\u00e3 Online Not\u00edcias - A realidade ao seu alcance!<\/title>\n<meta name=\"description\" content=\"Os candidatos ao governo do Paran\u00e1 estiveram em atividade intensificada nesta segunda-feira (31), cumprindo agendas de campanha em diferentes regi\u00f5es do\" \/>\n<meta name=\"robots\" content=\"index, follow, max-snippet:-1, max-image-preview:large, max-video-preview:-1\" \/>\n<link rel=\"canonical\" href=\"https:\/\/ubirataonline.com.br\/en\/candidatos-ao-governo-do-parana-realizam-agendas-com-entrevistas-e-eventos-em-diversas-regioes\/\" \/>\n<meta property=\"og:locale\" content=\"en_US\" \/>\n<meta property=\"og:type\" content=\"article\" \/>\n<meta property=\"og:title\" content=\"Candidatos ao governo do Paran\u00e1 realizam agendas com entrevistas e eventos em diversas regi\u00f5es\" \/>\n<meta property=\"og:description\" content=\"Os candidatos ao governo do Paran\u00e1 estiveram em atividade intensificada nesta segunda-feira (31), cumprindo agendas de campanha em diferentes regi\u00f5es do\" \/>\n<meta property=\"og:url\" content=\"https:\/\/ubirataonline.com.br\/en\/candidatos-ao-governo-do-parana-realizam-agendas-com-entrevistas-e-eventos-em-diversas-regioes\/\" \/>\n<meta property=\"og:site_name\" content=\"Ubirat\u00e3 Online Not\u00edcias - A realidade ao seu alcance!\" \/>\n<meta property=\"article:publisher\" content=\"https:\/\/www.facebook.com\/portalubirataonline\" \/>\n<meta property=\"article:author\" content=\"https:\/\/www.facebook.com\/portalubirataonline\" \/>\n<meta property=\"article:published_time\" content=\"2026-08-31T17:07:26+00:00\" \/>\n<meta property=\"og:image\" content=\"https:\/\/ubirataonline.com.br\/wp-content\/uploads\/2026\/05\/logo2026.webp\" \/>\n\t<meta property=\"og:image:width\" content=\"1531\" \/>\n\t<meta property=\"og:image:height\" content=\"418\" \/>\n\t<meta property=\"og:image:type\" content=\"image\/webp\" \/>\n<meta name=\"author\" content=\"REDA\u00c7\u00c3O: UBIRAT\u00c3 ONLINE - F\u00c1BIO AUGUSTO CELESTINO\" \/>\n<meta name=\"twitter:card\" content=\"summary_large_image\" \/>\n<meta name=\"twitter:creator\" content=\"@x.com\/ubirataonline\" \/>\n<meta name=\"twitter:site\" content=\"@ubirataonline\" \/>\n<meta name=\"twitter:label1\" content=\"Written by\" \/>\n\t<meta name=\"twitter:data1\" content=\"REDA\u00c7\u00c3O: UBIRAT\u00c3 ONLINE - F\u00c1BIO AUGUSTO CELESTINO\" \/>\n\t<meta name=\"twitter:label2\" content=\"Est. reading time\" \/>\n\t<meta name=\"twitter:data2\" content=\"3 minutes\" \/>\n<script type=\"application\/ld+json\" class=\"yoast-schema-graph\">{\"@context\":\"https:\\\/\\\/schema.org\",\"@graph\":[{\"@type\":\"NewsArticle\",\"@id\":\"https:\\\/\\\/ubirataonline.com.br\\\/candidatos-ao-governo-do-parana-realizam-agendas-com-entrevistas-e-eventos-em-diversas-regioes\\\/#article\",\"isPartOf\":{\"@id\":\"https:\\\/\\\/ubirataonline.com.br\\\/candidatos-ao-governo-do-parana-realizam-agendas-com-entrevistas-e-eventos-em-diversas-regioes\\\/\"},\"author\":{\"name\":\"REDA\u00c7\u00c3O: UBIRAT\u00c3 ONLINE - F\u00c1BIO AUGUSTO CELESTINO\",\"@id\":\"https:\\\/\\\/ubirataonline.com.br\\\/#\\\/schema\\\/person\\\/372f87bbd3fdd79b8556b84c98d0bc1c\"},\"headline\":\"Candidatos ao governo do Paran\u00e1 realizam agendas com entrevistas e eventos em diversas regi\u00f5es\",\"datePublished\":\"2026-08-31T17:07:26+00:00\",\"mainEntityOfPage\":{\"@id\":\"https:\\\/\\\/ubirataonline.com.br\\\/candidatos-ao-governo-do-parana-realizam-agendas-com-entrevistas-e-eventos-em-diversas-regioes\\\/\"},\"wordCount\":560,\"publisher\":{\"@id\":\"https:\\\/\\\/ubirataonline.com.br\\\/#organization\"},\"image\":{\"@id\":\"https:\\\/\\\/ubirataonline.com.br\\\/candidatos-ao-governo-do-parana-realizam-agendas-com-entrevistas-e-eventos-em-diversas-regioes\\\/#primaryimage\"},\"thumbnailUrl\":\"https:\\\/\\\/ubirataonline.com.br\\\/wp-content\\\/uploads\\\/2026\\\/08\\\/maaimg-post-169375-20260831-170743.webp\",\"articleSection\":[\"Brasil\"],\"inLanguage\":\"en-US\",\"copyrightYear\":\"2026\",\"copyrightHolder\":{\"@id\":\"https:\\\/\\\/ubirataonline.com.br\\\/en\\\/#organization\"}},{\"@type\":\"WebPage\",\"@id\":\"https:\\\/\\\/ubirataonline.com.br\\\/candidatos-ao-governo-do-parana-realizam-agendas-com-entrevistas-e-eventos-em-diversas-regioes\\\/\",\"url\":\"https:\\\/\\\/ubirataonline.com.br\\\/candidatos-ao-governo-do-parana-realizam-agendas-com-entrevistas-e-eventos-em-diversas-regioes\\\/\",\"name\":\"Candidatos ao governo do Paran\u00e1 realizam agendas com entrevistas e eventos em diversas regi\u00f5es - Ubirat\u00e3 Online Not\u00edcias - A realidade ao seu alcance!\",\"isPartOf\":{\"@id\":\"https:\\\/\\\/ubirataonline.com.br\\\/#website\"},\"primaryImageOfPage\":{\"@id\":\"https:\\\/\\\/ubirataonline.com.br\\\/candidatos-ao-governo-do-parana-realizam-agendas-com-entrevistas-e-eventos-em-diversas-regioes\\\/#primaryimage\"},\"image\":{\"@id\":\"https:\\\/\\\/ubirataonline.com.br\\\/candidatos-ao-governo-do-parana-realizam-agendas-com-entrevistas-e-eventos-em-diversas-regioes\\\/#primaryimage\"},\"thumbnailUrl\":\"https:\\\/\\\/ubirataonline.com.br\\\/wp-content\\\/uploads\\\/2026\\\/08\\\/maaimg-post-169375-20260831-170743.webp\",\"datePublished\":\"2026-08-31T17:07:26+00:00\",\"description\":\"Os candidatos ao governo do Paran\u00e1 estiveram em atividade intensificada nesta segunda-feira (31), cumprindo agendas de campanha em diferentes regi\u00f5es do\",\"breadcrumb\":{\"@id\":\"https:\\\/\\\/ubirataonline.com.br\\\/candidatos-ao-governo-do-parana-realizam-agendas-com-entrevistas-e-eventos-em-diversas-regioes\\\/#breadcrumb\"},\"inLanguage\":\"en-US\",\"potentialAction\":[{\"@type\":\"ReadAction\",\"target\":[\"https:\\\/\\\/ubirataonline.com.br\\\/candidatos-ao-governo-do-parana-realizam-agendas-com-entrevistas-e-eventos-em-diversas-regioes\\\/\"]}]},{\"@type\":\"ImageObject\",\"inLanguage\":\"en-US\",\"@id\":\"https:\\\/\\\/ubirataonline.com.br\\\/candidatos-ao-governo-do-parana-realizam-agendas-com-entrevistas-e-eventos-em-diversas-regioes\\\/#primaryimage\",\"url\":\"https:\\\/\\\/ubirataonline.com.br\\\/wp-content\\\/uploads\\\/2026\\\/08\\\/maaimg-post-169375-20260831-170743.webp\",\"contentUrl\":\"https:\\\/\\\/ubirataonline.com.br\\\/wp-content\\\/uploads\\\/2026\\\/08\\\/maaimg-post-169375-20260831-170743.webp\",\"width\":1536,\"height\":1024,\"caption\":\"Imagem horizontal mostrando candidatos ao governo Paran\u00e1 durante entrevistas e eventos\"},{\"@type\":\"BreadcrumbList\",\"@id\":\"https:\\\/\\\/ubirataonline.com.br\\\/candidatos-ao-governo-do-parana-realizam-agendas-com-entrevistas-e-eventos-em-diversas-regioes\\\/#breadcrumb\",\"itemListElement\":[{\"@type\":\"ListItem\",\"position\":1,\"name\":\"In\u00edcio\",\"item\":\"https:\\\/\\\/ubirataonline.com.br\\\/\"},{\"@type\":\"ListItem\",\"position\":2,\"name\":\"Candidatos ao governo do Paran\u00e1 realizam agendas com entrevistas e eventos em diversas regi\u00f5es\"}]},{\"@type\":\"WebSite\",\"@id\":\"https:\\\/\\\/ubirataonline.com.br\\\/#website\",\"url\":\"https:\\\/\\\/ubirataonline.com.br\\\/\",\"name\":\"Ubirat\u00e3 Online Not\u00edcias\",\"description\":\"Not\u00edcias de Ubirat\u00e3, regi\u00e3o, Brasil e mundo, com informa\u00e7\u00e3o atualizada e compromisso com o leitor.\",\"publisher\":{\"@id\":\"https:\\\/\\\/ubirataonline.com.br\\\/#organization\"},\"alternateName\":\"Ubirat\u00e3 Online\",\"potentialAction\":[{\"@type\":\"SearchAction\",\"target\":{\"@type\":\"EntryPoint\",\"urlTemplate\":\"https:\\\/\\\/ubirataonline.com.br\\\/?s={search_term_string}\"},\"query-input\":{\"@type\":\"PropertyValueSpecification\",\"valueRequired\":true,\"valueName\":\"search_term_string\"}}],\"inLanguage\":\"en-US\"},{\"@type\":[\"Organization\",\"Place\"],\"@id\":\"https:\\\/\\\/ubirataonline.com.br\\\/#organization\",\"name\":\"Ubirat\u00e3 Online Not\u00edcias\",\"alternateName\":\"Ubirat\u00e3 Online\",\"url\":\"https:\\\/\\\/ubirataonline.com.br\\\/\",\"logo\":{\"@id\":\"https:\\\/\\\/ubirataonline.com.br\\\/candidatos-ao-governo-do-parana-realizam-agendas-com-entrevistas-e-eventos-em-diversas-regioes\\\/#local-main-organization-logo\"},\"image\":{\"@id\":\"https:\\\/\\\/ubirataonline.com.br\\\/candidatos-ao-governo-do-parana-realizam-agendas-com-entrevistas-e-eventos-em-diversas-regioes\\\/#local-main-organization-logo\"},\"sameAs\":[\"https:\\\/\\\/www.facebook.com\\\/portalubirataonline\",\"https:\\\/\\\/x.com\\\/ubirataonline\",\"https:\\\/\\\/mastodon.social\\\/@ubirataonline\",\"https:\\\/\\\/www.facebook.com\\\/groups\\\/311144672285604\",\"https:\\\/\\\/www.facebook.com\\\/UBTAOnline\",\"https:\\\/\\\/www.instagram.com\\\/portalubirataonline\\\/\",\"https:\\\/\\\/twitter.com\\\/ubirataonline\"],\"description\":\"Somos um portal de not\u00edcias independente, criado em 5 de janeiro de 2009, com o objetivo de informar, conectar e valorizar a nossa comunidade de Ubirat\u00e3 e toda aregi\u00e3o. Com conte\u00fado atualizado, confi\u00e1vel e relevante, o Ubirat\u00e3 Online \u00e9 o seu espa\u00e7o para ficar por dentro dos principais acontecimentos locais, regionais, Brasil, Mundo e de interesse geral. Nosso compromisso \u00e9 com a verdade, a transpar\u00eancia e o respeito ao leitor.\",\"legalName\":\"UBIRATA ONLINE NOT\u00cdCIAS\",\"foundingDate\":\"2009-01-05\",\"numberOfEmployees\":{\"@type\":\"QuantitativeValue\",\"minValue\":\"1\",\"maxValue\":\"10\"},\"publishingPrinciples\":\"https:\\\/\\\/ubirataonline.com.br\\\/faq\\\/\",\"address\":{\"@id\":\"https:\\\/\\\/ubirataonline.com.br\\\/candidatos-ao-governo-do-parana-realizam-agendas-com-entrevistas-e-eventos-em-diversas-regioes\\\/#local-main-place-address\"},\"geo\":{\"@type\":\"GeoCoordinates\",\"latitude\":\"-24.5361401\",\"longitude\":\"-52.9921776\"},\"telephone\":[\"+5544998308235\"],\"contactPoint\":{\"@type\":\"ContactPoint\",\"email\":\"contato@ubirataonline.com.br\"},\"openingHoursSpecification\":{\"@type\":\"OpeningHoursSpecification\",\"dayOfWeek\":[\"Monday\",\"Tuesday\",\"Wednesday\",\"Thursday\",\"Friday\",\"Saturday\",\"Sunday\"],\"opens\":\"00:00\",\"closes\":\"23:59\"},\"email\":\"contato@ubirataonline.com.br\",\"vatID\":\"47.621.418\\\/0001-80\"},{\"@type\":\"Person\",\"@id\":\"https:\\\/\\\/ubirataonline.com.br\\\/#\\\/schema\\\/person\\\/372f87bbd3fdd79b8556b84c98d0bc1c\",\"name\":\"REDA\u00c7\u00c3O: UBIRAT\u00c3 ONLINE - F\u00c1BIO AUGUSTO CELESTINO\",\"pronouns\":\"Ele\",\"description\":\"Desde 2003 trabalhando com not\u00edcias.\",\"sameAs\":[\"http:\\\/\\\/ubirataoline.com.br\",\"https:\\\/\\\/www.facebook.com\\\/portalubirataonline\",\"https:\\\/\\\/www.instagram.com\\\/ubirataonline_oficial\",\"https:\\\/\\\/x.com\\\/x.com\\\/ubirataonline\"],\"honorificPrefix\":\"Mr.\",\"honorificSuffix\":\"MD\",\"birthDate\":\"1980-06-16\",\"gender\":\"masculino\",\"award\":[\"V\u00e1rios pr\u00eamios de melhor portal da cidade\"],\"jobTitle\":\"Diretor\",\"url\":\"https:\\\/\\\/ubirataonline.com.br\\\/en\\\/author\\\/ubirataonline\\\/\"},{\"@type\":\"PostalAddress\",\"@id\":\"https:\\\/\\\/ubirataonline.com.br\\\/candidatos-ao-governo-do-parana-realizam-agendas-com-entrevistas-e-eventos-em-diversas-regioes\\\/#local-main-place-address\",\"streetAddress\":\"Rua dos Coqueiros, 104 - Bairro Boa Vista, Rua dos Coqueiros, 104 Bairro Boa Vista\",\"addressLocality\":\"UBIRATA\",\"postalCode\":\"85440-000\",\"addressRegion\":\"PR\",\"addressCountry\":\"BR\"},{\"@type\":\"ImageObject\",\"inLanguage\":\"en-US\",\"@id\":\"https:\\\/\\\/ubirataonline.com.br\\\/candidatos-ao-governo-do-parana-realizam-agendas-com-entrevistas-e-eventos-em-diversas-regioes\\\/#local-main-organization-logo\",\"url\":\"https:\\\/\\\/ubirataonline.com.br\\\/wp-content\\\/uploads\\\/2026\\\/06\\\/logoubirataonline-1.webp\",\"contentUrl\":\"https:\\\/\\\/ubirataonline.com.br\\\/wp-content\\\/uploads\\\/2026\\\/06\\\/logoubirataonline-1.webp\",\"width\":500,\"height\":500,\"caption\":\"Ubirat\u00e3 Online Not\u00edcias\"}]}<\/script>\n<meta name=\"geo.placename\" content=\"UBIRATA\" \/>\n<meta name=\"geo.position\" content=\"-24.5361401;-52.9921776\" \/>\n<meta name=\"geo.region\" content=\"Brazil\" \/>\n<!-- \/ Yoast SEO Premium plugin. -->","yoast_head_json":{"title":"Candidatos ao governo do Paran\u00e1 realizam agendas com entrevistas e eventos em diversas regi\u00f5es - Ubirat\u00e3 Online Not\u00edcias - A realidade ao seu alcance!","description":"Os candidatos ao governo do Paran\u00e1 estiveram em atividade intensificada nesta segunda-feira (31), cumprindo agendas de campanha em diferentes regi\u00f5es do","robots":{"index":"index","follow":"follow","max-snippet":"max-snippet:-1","max-image-preview":"max-image-preview:large","max-video-preview":"max-video-preview:-1"},"canonical":"https:\/\/ubirataonline.com.br\/en\/candidatos-ao-governo-do-parana-realizam-agendas-com-entrevistas-e-eventos-em-diversas-regioes\/","og_locale":"en_US","og_type":"article","og_title":"Candidatos ao governo do Paran\u00e1 realizam agendas com entrevistas e eventos em diversas regi\u00f5es","og_description":"Os candidatos ao governo do Paran\u00e1 estiveram em atividade intensificada nesta segunda-feira (31), cumprindo agendas de campanha em diferentes regi\u00f5es do","og_url":"https:\/\/ubirataonline.com.br\/en\/candidatos-ao-governo-do-parana-realizam-agendas-com-entrevistas-e-eventos-em-diversas-regioes\/","og_site_name":"Ubirat\u00e3 Online Not\u00edcias - A realidade ao seu alcance!","article_publisher":"https:\/\/www.facebook.com\/portalubirataonline","article_author":"https:\/\/www.facebook.com\/portalubirataonline","article_published_time":"2026-08-31T17:07:26+00:00","og_image":[{"width":1531,"height":418,"url":"https:\/\/ubirataonline.com.br\/wp-content\/uploads\/2026\/05\/logo2026.webp","type":"image\/webp"}],"author":"REDA\u00c7\u00c3O: UBIRAT\u00c3 ONLINE - F\u00c1BIO AUGUSTO CELESTINO","twitter_card":"summary_large_image","twitter_creator":"@x.com\/ubirataonline","twitter_site":"@ubirataonline","twitter_misc":{"Written by":"REDA\u00c7\u00c3O: UBIRAT\u00c3 ONLINE - F\u00c1BIO AUGUSTO CELESTINO","Est. reading time":"3 minutes"},"schema":{"@context":"https:\/\/schema.org","@graph":[{"@type":"NewsArticle","@id":"https:\/\/ubirataonline.com.br\/candidatos-ao-governo-do-parana-realizam-agendas-com-entrevistas-e-eventos-em-diversas-regioes\/#article","isPartOf":{"@id":"https:\/\/ubirataonline.com.br\/candidatos-ao-governo-do-parana-realizam-agendas-com-entrevistas-e-eventos-em-diversas-regioes\/"},"author":{"name":"REDA\u00c7\u00c3O: UBIRAT\u00c3 ONLINE - F\u00c1BIO AUGUSTO CELESTINO","@id":"https:\/\/ubirataonline.com.br\/#\/schema\/person\/372f87bbd3fdd79b8556b84c98d0bc1c"},"headline":"Candidatos ao governo do Paran\u00e1 realizam agendas com entrevistas e eventos em diversas regi\u00f5es","datePublished":"2026-08-31T17:07:26+00:00","mainEntityOfPage":{"@id":"https:\/\/ubirataonline.com.br\/candidatos-ao-governo-do-parana-realizam-agendas-com-entrevistas-e-eventos-em-diversas-regioes\/"},"wordCount":560,"publisher":{"@id":"https:\/\/ubirataonline.com.br\/#organization"},"image":{"@id":"https:\/\/ubirataonline.com.br\/candidatos-ao-governo-do-parana-realizam-agendas-com-entrevistas-e-eventos-em-diversas-regioes\/#primaryimage"},"thumbnailUrl":"https:\/\/ubirataonline.com.br\/wp-content\/uploads\/2026\/08\/maaimg-post-169375-20260831-170743.webp","articleSection":["Brasil"],"inLanguage":"en-US","copyrightYear":"2026","copyrightHolder":{"@id":"https:\/\/ubirataonline.com.br\/en\/#organization"}},{"@type":"WebPage","@id":"https:\/\/ubirataonline.com.br\/candidatos-ao-governo-do-parana-realizam-agendas-com-entrevistas-e-eventos-em-diversas-regioes\/","url":"https:\/\/ubirataonline.com.br\/candidatos-ao-governo-do-parana-realizam-agendas-com-entrevistas-e-eventos-em-diversas-regioes\/","name":"Candidatos ao governo do Paran\u00e1 realizam agendas com entrevistas e eventos em diversas regi\u00f5es - Ubirat\u00e3 Online Not\u00edcias - A realidade ao seu alcance!","isPartOf":{"@id":"https:\/\/ubirataonline.com.br\/#website"},"primaryImageOfPage":{"@id":"https:\/\/ubirataonline.com.br\/candidatos-ao-governo-do-parana-realizam-agendas-com-entrevistas-e-eventos-em-diversas-regioes\/#primaryimage"},"image":{"@id":"https:\/\/ubirataonline.com.br\/candidatos-ao-governo-do-parana-realizam-agendas-com-entrevistas-e-eventos-em-diversas-regioes\/#primaryimage"},"thumbnailUrl":"https:\/\/ubirataonline.com.br\/wp-content\/uploads\/2026\/08\/maaimg-post-169375-20260831-170743.webp","datePublished":"2026-08-31T17:07:26+00:00","description":"Os candidatos ao governo do Paran\u00e1 estiveram em atividade intensificada nesta segunda-feira (31), cumprindo agendas de campanha em diferentes regi\u00f5es do","breadcrumb":{"@id":"https:\/\/ubirataonline.com.br\/candidatos-ao-governo-do-parana-realizam-agendas-com-entrevistas-e-eventos-em-diversas-regioes\/#breadcrumb"},"inLanguage":"en-US","potentialAction":[{"@type":"ReadAction","target":["https:\/\/ubirataonline.com.br\/candidatos-ao-governo-do-parana-realizam-agendas-com-entrevistas-e-eventos-em-diversas-regioes\/"]}]},{"@type":"ImageObject","inLanguage":"en-US","@id":"https:\/\/ubirataonline.com.br\/candidatos-ao-governo-do-parana-realizam-agendas-com-entrevistas-e-eventos-em-diversas-regioes\/#primaryimage","url":"https:\/\/ubirataonline.com.br\/wp-content\/uploads\/2026\/08\/maaimg-post-169375-20260831-170743.webp","contentUrl":"https:\/\/ubirataonline.com.br\/wp-content\/uploads\/2026\/08\/maaimg-post-169375-20260831-170743.webp","width":1536,"height":1024,"caption":"Imagem horizontal mostrando candidatos ao governo Paran\u00e1 durante entrevistas e eventos"},{"@type":"BreadcrumbList","@id":"https:\/\/ubirataonline.com.br\/candidatos-ao-governo-do-parana-realizam-agendas-com-entrevistas-e-eventos-em-diversas-regioes\/#breadcrumb","itemListElement":[{"@type":"ListItem","position":1,"name":"In\u00edcio","item":"https:\/\/ubirataonline.com.br\/"},{"@type":"ListItem","position":2,"name":"Candidatos ao governo do Paran\u00e1 realizam agendas com entrevistas e eventos em diversas regi\u00f5es"}]},{"@type":"WebSite","@id":"https:\/\/ubirataonline.com.br\/#website","url":"https:\/\/ubirataonline.com.br\/","name":"Ubirat\u00e3 Online Not\u00edcias","description":"Not\u00edcias de Ubirat\u00e3, regi\u00e3o, Brasil e mundo, com informa\u00e7\u00e3o atualizada e compromisso com o leitor.","publisher":{"@id":"https:\/\/ubirataonline.com.br\/#organization"},"alternateName":"Ubirat\u00e3 Online","potentialAction":[{"@type":"SearchAction","target":{"@type":"EntryPoint","urlTemplate":"https:\/\/ubirataonline.com.br\/?s={search_term_string}"},"query-input":{"@type":"PropertyValueSpecification","valueRequired":true,"valueName":"search_term_string"}}],"inLanguage":"en-US"},{"@type":["Organization","Place"],"@id":"https:\/\/ubirataonline.com.br\/#organization","name":"Ubirat\u00e3 Online Not\u00edcias","alternateName":"Ubirat\u00e3 Online","url":"https:\/\/ubirataonline.com.br\/","logo":{"@id":"https:\/\/ubirataonline.com.br\/candidatos-ao-governo-do-parana-realizam-agendas-com-entrevistas-e-eventos-em-diversas-regioes\/#local-main-organization-logo"},"image":{"@id":"https:\/\/ubirataonline.com.br\/candidatos-ao-governo-do-parana-realizam-agendas-com-entrevistas-e-eventos-em-diversas-regioes\/#local-main-organization-logo"},"sameAs":["https:\/\/www.facebook.com\/portalubirataonline","https:\/\/x.com\/ubirataonline","https:\/\/mastodon.social\/@ubirataonline","https:\/\/www.facebook.com\/groups\/311144672285604","https:\/\/www.facebook.com\/UBTAOnline","https:\/\/www.instagram.com\/portalubirataonline\/","https:\/\/twitter.com\/ubirataonline"],"description":"Somos um portal de not\u00edcias independente, criado em 5 de janeiro de 2009, com o objetivo de informar, conectar e valorizar a nossa comunidade de Ubirat\u00e3 e toda aregi\u00e3o. Com conte\u00fado atualizado, confi\u00e1vel e relevante, o Ubirat\u00e3 Online \u00e9 o seu espa\u00e7o para ficar por dentro dos principais acontecimentos locais, regionais, Brasil, Mundo e de interesse geral. Nosso compromisso \u00e9 com a verdade, a transpar\u00eancia e o respeito ao leitor.","legalName":"UBIRATA ONLINE NOT\u00cdCIAS","foundingDate":"2009-01-05","numberOfEmployees":{"@type":"QuantitativeValue","minValue":"1","maxValue":"10"},"publishingPrinciples":"https:\/\/ubirataonline.com.br\/faq\/","address":{"@id":"https:\/\/ubirataonline.com.br\/candidatos-ao-governo-do-parana-realizam-agendas-com-entrevistas-e-eventos-em-diversas-regioes\/#local-main-place-address"},"geo":{"@type":"GeoCoordinates","latitude":"-24.5361401","longitude":"-52.9921776"},"telephone":["+5544998308235"],"contactPoint":{"@type":"ContactPoint","email":"contato@ubirataonline.com.br"},"openingHoursSpecification":{"@type":"OpeningHoursSpecification","dayOfWeek":["Monday","Tuesday","Wednesday","Thursday","Friday","Saturday","Sunday"],"opens":"00:00","closes":"23:59"},"email":"contato@ubirataonline.com.br","vatID":"47.621.418\/0001-80"},{"@type":"Person","@id":"https:\/\/ubirataonline.com.br\/#\/schema\/person\/372f87bbd3fdd79b8556b84c98d0bc1c","name":"REDA\u00c7\u00c3O: UBIRAT\u00c3 ONLINE - F\u00c1BIO AUGUSTO CELESTINO","pronouns":"Ele","description":"Desde 2003 trabalhando com not\u00edcias.","sameAs":["http:\/\/ubirataoline.com.br","https:\/\/www.facebook.com\/portalubirataonline","https:\/\/www.instagram.com\/ubirataonline_oficial","https:\/\/x.com\/x.com\/ubirataonline"],"honorificPrefix":"Mr.","honorificSuffix":"MD","birthDate":"1980-06-16","gender":"masculino","award":["V\u00e1rios pr\u00eamios de melhor portal da cidade"],"jobTitle":"Diretor","url":"https:\/\/ubirataonline.com.br\/en\/author\/ubirataonline\/"},{"@type":"PostalAddress","@id":"https:\/\/ubirataonline.com.br\/candidatos-ao-governo-do-parana-realizam-agendas-com-entrevistas-e-eventos-em-diversas-regioes\/#local-main-place-address","streetAddress":"Rua dos Coqueiros, 104 - Bairro Boa Vista, Rua dos Coqueiros, 104 Bairro Boa Vista","addressLocality":"UBIRATA","postalCode":"85440-000","addressRegion":"PR","addressCountry":"BR"},{"@type":"ImageObject","inLanguage":"en-US","@id":"https:\/\/ubirataonline.com.br\/candidatos-ao-governo-do-parana-realizam-agendas-com-entrevistas-e-eventos-em-diversas-regioes\/#local-main-organization-logo","url":"https:\/\/ubirataonline.com.br\/wp-content\/uploads\/2026\/06\/logoubirataonline-1.webp","contentUrl":"https:\/\/ubirataonline.com.br\/wp-content\/uploads\/2026\/06\/logoubirataonline-1.webp","width":500,"height":500,"caption":"Ubirat\u00e3 Online Not\u00edcias"}]},"geo.placename":"UBIRATA","geo.position":{"lat":"-24.5361401","long":"-52.9921776"},"geo.region":"Brazil"},"_links":{"self":[{"href":"https:\/\/ubirataonline.com.br\/en\/wp-json\/wp\/v2\/posts\/169375","targetHints":{"allow":["GET"]}}],"collection":[{"href":"https:\/\/ubirataonline.com.br\/en\/wp-json\/wp\/v2\/posts"}],"about":[{"href":"https:\/\/ubirataonline.com.br\/en\/wp-json\/wp\/v2\/types\/post"}],"author":[{"embeddable":true,"href":"https:\/\/ubirataonline.com.br\/en\/wp-json\/wp\/v2\/users\/1"}],"replies":[{"embeddable":true,"href":"https:\/\/ubirataonline.com.br\/en\/wp-json\/wp\/v2\/comments?post=169375"}],"version-history":[{"count":0,"href":"https:\/\/ubirataonline.com.br\/en\/wp-json\/wp\/v2\/posts\/169375\/revisions"}],"wp:featuredmedia":[{"embeddable":true,"href":"https:\/\/ubirataonline.com.br\/en\/wp-json\/wp\/v2\/media\/169376"}],"wp:attachment":[{"href":"https:\/\/ubirataonline.com.br\/en\/wp-json\/wp\/v2\/media?parent=169375"}],"wp:term":[{"taxonomy":"category","embeddable":true,"href":"https:\/\/ubirataonline.com.br\/en\/wp-json\/wp\/v2\/categories?post=169375"},{"taxonomy":"post_tag","embeddable":true,"href":"https:\/\/ubirataonline.com.br\/en\/wp-json\/wp\/v2\/tags?post=169375"}],"curies":[{"name":"wp","href":"https:\/\/api.w.org\/{rel}","templated":true}]}}