{"id":169408,"date":"2026-08-31T16:43:41","date_gmt":"2026-08-31T19:43:41","guid":{"rendered":"https:\/\/ubirataonline.com.br\/novos-promotores-substitutos-tomam-posse-no-ministerio-publico-do-parana-nesta-sexta-feira-4-9-em-solenidade-na-sede-da-instituicao\/"},"modified":"2026-08-31T16:43:42","modified_gmt":"2026-08-31T19:43:42","slug":"novos-promotores-substitutos-tomam-posse-no-ministerio-publico-do-parana-nesta-sexta-feira-4-9-em-solenidade-na-sede-da-instituicao","status":"publish","type":"post","link":"https:\/\/ubirataonline.com.br\/en\/novos-promotores-substitutos-tomam-posse-no-ministerio-publico-do-parana-nesta-sexta-feira-4-9-em-solenidade-na-sede-da-instituicao\/","title":{"rendered":"Novos Promotores Substitutos tomam posse no Minist\u00e9rio P\u00fablico do Paran\u00e1 nesta sexta-feira (4\/9), em solenidade na sede da institui\u00e7\u00e3o"},"content":{"rendered":"<p><\/p>\n<div>\n<p>O Minist\u00e9rio P\u00fablico do Paran\u00e1 empossa nesta sexta-feira, 4 de setembro, 11 Promotores Substitutos: Marisa Neves Magalh\u00e3es Cordeiro, Vin\u00edcius de Faria dos Santos, Leandro Ant\u00f4nio de Sales, Br\u00e1ulio Santos Rabelo de Ara\u00fajo, Marcela Donatelli do Carmo, Luisa Sofia Charmak, Giovani Curioletti Pereira, Nat\u00e1lia Paz de Carvalho, Caio Buose Bazoti, Rodrigo Bley Santos e Let\u00edcia Marguesini Sanches.<\/p>\n<p>A cerim\u00f4nia de posse acontece \u00e0s 17 horas, no audit\u00f3rio do Bloco II da sede da institui\u00e7\u00e3o em Curitiba (Rua Marechal Hermes, 820, Centro C\u00edvico). Haver\u00e1 transmiss\u00e3o ao vivo pelo canal do MPPR no YouTube.\u00a0<\/p>\n<p>Os novos Promotores est\u00e3o entre os 54 candidatos aprovados no concurso p\u00fablico iniciado em setembro de 2025, que contou com 3.694 inscritos.<\/p>\n<\/div>\n<p><a href=\"https:\/\/ubirataonline.com.br\/en\/noticias\/\" target=\"_blank\" rel=\"noopener noreferrer\">Mais Not\u00edcias<\/a><\/p>\n<p><a href=\"https:\/\/ubirataonline.com.br\/en\/\" target=\"_blank\" rel=\"noopener noreferrer\">Home Page &#8211; In\u00edcio<\/a><\/p>\n<p><a href=\"https:\/\/mppr.mp.br\/Noticia\/Novos-Promotores-Substitutos-tomam-posse-no-Ministerio-Publico-do-Parana-nesta-sexta-feira\">Source link <\/a><br \/>\nSee more: <a href=\"https:\/\/theglobaltrack.com\/\" target=\"_blank\" rel=\"noopener noreferrer\">The Global Track<\/a><\/p>\n<p><a href=\"https:\/\/corinthiames.com.br\/\" target=\"_blank\" rel=\"noopener noreferrer\">Corinthia Mes<\/a><\/p>","protected":false},"excerpt":{"rendered":"<p>O Minist\u00e9rio P\u00fablico do Paran\u00e1 empossa nesta sexta-feira, 4 de setembro, 11 Promotores Substitutos: Marisa Neves Magalh\u00e3es Cordeiro, Vin\u00edcius de Faria dos Santos, Leandro Ant\u00f4nio de Sales, Br\u00e1ulio Santos Rabelo de Ara\u00fajo, Marcela Donatelli do Carmo, Luisa Sofia Charmak, Giovani Curioletti Pereira, Nat\u00e1lia Paz de Carvalho, Caio Buose Bazoti, Rodrigo Bley Santos e Let\u00edcia Marguesini [&hellip;]<\/p>\n","protected":false},"author":1,"featured_media":169409,"comment_status":"closed","ping_status":"","sticky":false,"template":"","format":"standard","meta":{"googlesitekit_rrm_CAow2JLhCw:productID":"","_gspb_post_css":"","maa_idioma":"","maa_pais":"","footnotes":""},"categories":[4],"tags":[8186,3438,3599,3987,90,6082,5809,3439,3682,4438,44743,5810,18076],"class_list":["post-169408","post","type-post","status-publish","format-standard","has-post-thumbnail","hentry","category-brasil","tag-instituicao","tag-ministerio","tag-nesta","tag-novos","tag-parana","tag-posse","tag-promotores","tag-publico","tag-sede","tag-sextafeira","tag-solenidade","tag-substitutos","tag-tomam"],"blocksy_meta":[],"yoast_head":"<!-- This site is optimized with the Yoast SEO Premium plugin v27.6 (Yoast SEO v27.6) - https:\/\/yoast.com\/product\/yoast-seo-premium-wordpress\/ -->\n<title>Novos Promotores Substitutos tomam posse no Minist\u00e9rio P\u00fablico do Paran\u00e1 nesta sexta-feira (4\/9), em solenidade na sede da institui\u00e7\u00e3o - Ubirat\u00e3 Online Not\u00edcias - A realidade ao seu alcance!<\/title>\n<meta name=\"description\" content=\"O Minist\u00e9rio P\u00fablico do Paran\u00e1 empossa nesta sexta-feira, 4 de setembro, 11 Promotores Substitutos: Marisa Neves Magalh\u00e3es Cordeiro, Vin\u00edcius de Faria dos Santos, Leandro Ant\u00f4nio de Sales, Br\u00e1ulio Santos Rabelo de Ara\u00fajo, Marcela Donatelli do Carm\" \/>\n<meta name=\"robots\" content=\"index, follow, max-snippet:-1, max-image-preview:large, max-video-preview:-1\" \/>\n<link rel=\"canonical\" href=\"https:\/\/ubirataonline.com.br\/en\/novos-promotores-substitutos-tomam-posse-no-ministerio-publico-do-parana-nesta-sexta-feira-4-9-em-solenidade-na-sede-da-instituicao\/\" \/>\n<meta property=\"og:locale\" content=\"en_US\" \/>\n<meta property=\"og:type\" content=\"article\" \/>\n<meta property=\"og:title\" content=\"Novos Promotores Substitutos tomam posse no Minist\u00e9rio P\u00fablico do Paran\u00e1 nesta sexta-feira (4\/9), em solenidade na sede da institui\u00e7\u00e3o\" \/>\n<meta property=\"og:description\" content=\"O Minist\u00e9rio P\u00fablico do Paran\u00e1 empossa nesta sexta-feira, 4 de setembro, 11 Promotores Substitutos: Marisa Neves Magalh\u00e3es Cordeiro, Vin\u00edcius de Faria dos Santos, Leandro Ant\u00f4nio de Sales, Br\u00e1ulio Santos Rabelo de Ara\u00fajo, Marcela Donatelli do Carm\" \/>\n<meta property=\"og:url\" content=\"https:\/\/ubirataonline.com.br\/en\/novos-promotores-substitutos-tomam-posse-no-ministerio-publico-do-parana-nesta-sexta-feira-4-9-em-solenidade-na-sede-da-instituicao\/\" \/>\n<meta property=\"og:site_name\" content=\"Ubirat\u00e3 Online Not\u00edcias - A realidade ao seu alcance!\" \/>\n<meta property=\"article:publisher\" content=\"https:\/\/www.facebook.com\/portalubirataonline\" \/>\n<meta property=\"article:author\" content=\"https:\/\/www.facebook.com\/portalubirataonline\" \/>\n<meta property=\"article:published_time\" content=\"2026-08-31T19:43:41+00:00\" \/>\n<meta property=\"article:modified_time\" content=\"2026-08-31T19:43:42+00:00\" \/>\n<meta property=\"og:image\" content=\"https:\/\/ubirataonline.com.br\/wp-content\/uploads\/2026\/08\/Novos-Promotores-Substitutos-tomam-posse-no-Ministerio-Publico-do-Parana.png\" \/>\n\t<meta property=\"og:image:width\" content=\"240\" \/>\n\t<meta property=\"og:image:height\" content=\"240\" \/>\n\t<meta property=\"og:image:type\" content=\"image\/png\" \/>\n<meta name=\"author\" content=\"REDA\u00c7\u00c3O: UBIRAT\u00c3 ONLINE - F\u00c1BIO AUGUSTO CELESTINO\" \/>\n<meta name=\"twitter:card\" content=\"summary_large_image\" \/>\n<meta name=\"twitter:creator\" content=\"@x.com\/ubirataonline\" \/>\n<meta name=\"twitter:site\" content=\"@ubirataonline\" \/>\n<meta name=\"twitter:label1\" content=\"Written by\" \/>\n\t<meta name=\"twitter:data1\" content=\"REDA\u00c7\u00c3O: UBIRAT\u00c3 ONLINE - F\u00c1BIO AUGUSTO CELESTINO\" \/>\n\t<meta name=\"twitter:label2\" content=\"Est. reading time\" \/>\n\t<meta name=\"twitter:data2\" content=\"1 minute\" \/>\n<script type=\"application\/ld+json\" class=\"yoast-schema-graph\">{\"@context\":\"https:\\\/\\\/schema.org\",\"@graph\":[{\"@type\":\"NewsArticle\",\"@id\":\"https:\\\/\\\/ubirataonline.com.br\\\/novos-promotores-substitutos-tomam-posse-no-ministerio-publico-do-parana-nesta-sexta-feira-4-9-em-solenidade-na-sede-da-instituicao\\\/#article\",\"isPartOf\":{\"@id\":\"https:\\\/\\\/ubirataonline.com.br\\\/novos-promotores-substitutos-tomam-posse-no-ministerio-publico-do-parana-nesta-sexta-feira-4-9-em-solenidade-na-sede-da-instituicao\\\/\"},\"author\":{\"name\":\"REDA\u00c7\u00c3O: UBIRAT\u00c3 ONLINE - F\u00c1BIO AUGUSTO CELESTINO\",\"@id\":\"https:\\\/\\\/ubirataonline.com.br\\\/#\\\/schema\\\/person\\\/372f87bbd3fdd79b8556b84c98d0bc1c\"},\"headline\":\"Novos Promotores Substitutos tomam posse no Minist\u00e9rio P\u00fablico do Paran\u00e1 nesta sexta-feira (4\\\/9), em solenidade na sede da institui\u00e7\u00e3o\",\"datePublished\":\"2026-08-31T19:43:41+00:00\",\"dateModified\":\"2026-08-31T19:43:42+00:00\",\"mainEntityOfPage\":{\"@id\":\"https:\\\/\\\/ubirataonline.com.br\\\/novos-promotores-substitutos-tomam-posse-no-ministerio-publico-do-parana-nesta-sexta-feira-4-9-em-solenidade-na-sede-da-instituicao\\\/\"},\"wordCount\":160,\"publisher\":{\"@id\":\"https:\\\/\\\/ubirataonline.com.br\\\/#organization\"},\"image\":{\"@id\":\"https:\\\/\\\/ubirataonline.com.br\\\/novos-promotores-substitutos-tomam-posse-no-ministerio-publico-do-parana-nesta-sexta-feira-4-9-em-solenidade-na-sede-da-instituicao\\\/#primaryimage\"},\"thumbnailUrl\":\"https:\\\/\\\/ubirataonline.com.br\\\/wp-content\\\/uploads\\\/2026\\\/08\\\/Novos-Promotores-Substitutos-tomam-posse-no-Ministerio-Publico-do-Parana.png\",\"keywords\":[\"institui\u00e7\u00e3o\",\"Minist\u00e9rio\",\"nesta\",\"novos\",\"paran\u00e1\",\"posse\",\"Promotores\",\"P\u00fablico\",\"sede\",\"sextafeira\",\"solenidade\",\"Substitutos\",\"tomam\"],\"articleSection\":[\"Brasil\"],\"inLanguage\":\"en-US\",\"copyrightYear\":\"2026\",\"copyrightHolder\":{\"@id\":\"https:\\\/\\\/ubirataonline.com.br\\\/en\\\/#organization\"}},{\"@type\":\"WebPage\",\"@id\":\"https:\\\/\\\/ubirataonline.com.br\\\/novos-promotores-substitutos-tomam-posse-no-ministerio-publico-do-parana-nesta-sexta-feira-4-9-em-solenidade-na-sede-da-instituicao\\\/\",\"url\":\"https:\\\/\\\/ubirataonline.com.br\\\/novos-promotores-substitutos-tomam-posse-no-ministerio-publico-do-parana-nesta-sexta-feira-4-9-em-solenidade-na-sede-da-instituicao\\\/\",\"name\":\"Novos Promotores Substitutos tomam posse no Minist\u00e9rio P\u00fablico do Paran\u00e1 nesta sexta-feira (4\\\/9), em solenidade na sede da institui\u00e7\u00e3o - Ubirat\u00e3 Online Not\u00edcias - A realidade ao seu alcance!\",\"isPartOf\":{\"@id\":\"https:\\\/\\\/ubirataonline.com.br\\\/#website\"},\"primaryImageOfPage\":{\"@id\":\"https:\\\/\\\/ubirataonline.com.br\\\/novos-promotores-substitutos-tomam-posse-no-ministerio-publico-do-parana-nesta-sexta-feira-4-9-em-solenidade-na-sede-da-instituicao\\\/#primaryimage\"},\"image\":{\"@id\":\"https:\\\/\\\/ubirataonline.com.br\\\/novos-promotores-substitutos-tomam-posse-no-ministerio-publico-do-parana-nesta-sexta-feira-4-9-em-solenidade-na-sede-da-instituicao\\\/#primaryimage\"},\"thumbnailUrl\":\"https:\\\/\\\/ubirataonline.com.br\\\/wp-content\\\/uploads\\\/2026\\\/08\\\/Novos-Promotores-Substitutos-tomam-posse-no-Ministerio-Publico-do-Parana.png\",\"datePublished\":\"2026-08-31T19:43:41+00:00\",\"dateModified\":\"2026-08-31T19:43:42+00:00\",\"description\":\"O Minist\u00e9rio P\u00fablico do Paran\u00e1 empossa nesta sexta-feira, 4 de setembro, 11 Promotores Substitutos: Marisa Neves Magalh\u00e3es Cordeiro, Vin\u00edcius de Faria dos Santos, Leandro Ant\u00f4nio de Sales, Br\u00e1ulio Santos Rabelo de Ara\u00fajo, Marcela Donatelli do Carm\",\"breadcrumb\":{\"@id\":\"https:\\\/\\\/ubirataonline.com.br\\\/novos-promotores-substitutos-tomam-posse-no-ministerio-publico-do-parana-nesta-sexta-feira-4-9-em-solenidade-na-sede-da-instituicao\\\/#breadcrumb\"},\"inLanguage\":\"en-US\",\"potentialAction\":[{\"@type\":\"ReadAction\",\"target\":[\"https:\\\/\\\/ubirataonline.com.br\\\/novos-promotores-substitutos-tomam-posse-no-ministerio-publico-do-parana-nesta-sexta-feira-4-9-em-solenidade-na-sede-da-instituicao\\\/\"]}]},{\"@type\":\"ImageObject\",\"inLanguage\":\"en-US\",\"@id\":\"https:\\\/\\\/ubirataonline.com.br\\\/novos-promotores-substitutos-tomam-posse-no-ministerio-publico-do-parana-nesta-sexta-feira-4-9-em-solenidade-na-sede-da-instituicao\\\/#primaryimage\",\"url\":\"https:\\\/\\\/ubirataonline.com.br\\\/wp-content\\\/uploads\\\/2026\\\/08\\\/Novos-Promotores-Substitutos-tomam-posse-no-Ministerio-Publico-do-Parana.png\",\"contentUrl\":\"https:\\\/\\\/ubirataonline.com.br\\\/wp-content\\\/uploads\\\/2026\\\/08\\\/Novos-Promotores-Substitutos-tomam-posse-no-Ministerio-Publico-do-Parana.png\",\"width\":240,\"height\":240,\"caption\":\"Novos Promotores Substitutos tomam posse no Minist\u00e9rio P\u00fablico do Paran\u00e1 nesta sexta-feira (4\\\/9), em solenidade na sede da institui\u00e7\u00e3o\"},{\"@type\":\"BreadcrumbList\",\"@id\":\"https:\\\/\\\/ubirataonline.com.br\\\/novos-promotores-substitutos-tomam-posse-no-ministerio-publico-do-parana-nesta-sexta-feira-4-9-em-solenidade-na-sede-da-instituicao\\\/#breadcrumb\",\"itemListElement\":[{\"@type\":\"ListItem\",\"position\":1,\"name\":\"In\u00edcio\",\"item\":\"https:\\\/\\\/ubirataonline.com.br\\\/\"},{\"@type\":\"ListItem\",\"position\":2,\"name\":\"Novos Promotores Substitutos tomam posse no Minist\u00e9rio P\u00fablico do Paran\u00e1 nesta sexta-feira (4\\\/9), em solenidade na sede da institui\u00e7\u00e3o\"}]},{\"@type\":\"WebSite\",\"@id\":\"https:\\\/\\\/ubirataonline.com.br\\\/#website\",\"url\":\"https:\\\/\\\/ubirataonline.com.br\\\/\",\"name\":\"Ubirat\u00e3 Online Not\u00edcias\",\"description\":\"Not\u00edcias de Ubirat\u00e3, regi\u00e3o, Brasil e mundo, com informa\u00e7\u00e3o atualizada e compromisso com o leitor.\",\"publisher\":{\"@id\":\"https:\\\/\\\/ubirataonline.com.br\\\/#organization\"},\"alternateName\":\"Ubirat\u00e3 Online\",\"potentialAction\":[{\"@type\":\"SearchAction\",\"target\":{\"@type\":\"EntryPoint\",\"urlTemplate\":\"https:\\\/\\\/ubirataonline.com.br\\\/?s={search_term_string}\"},\"query-input\":{\"@type\":\"PropertyValueSpecification\",\"valueRequired\":true,\"valueName\":\"search_term_string\"}}],\"inLanguage\":\"en-US\"},{\"@type\":[\"Organization\",\"Place\"],\"@id\":\"https:\\\/\\\/ubirataonline.com.br\\\/#organization\",\"name\":\"Ubirat\u00e3 Online Not\u00edcias\",\"alternateName\":\"Ubirat\u00e3 Online\",\"url\":\"https:\\\/\\\/ubirataonline.com.br\\\/\",\"logo\":{\"@id\":\"https:\\\/\\\/ubirataonline.com.br\\\/novos-promotores-substitutos-tomam-posse-no-ministerio-publico-do-parana-nesta-sexta-feira-4-9-em-solenidade-na-sede-da-instituicao\\\/#local-main-organization-logo\"},\"image\":{\"@id\":\"https:\\\/\\\/ubirataonline.com.br\\\/novos-promotores-substitutos-tomam-posse-no-ministerio-publico-do-parana-nesta-sexta-feira-4-9-em-solenidade-na-sede-da-instituicao\\\/#local-main-organization-logo\"},\"sameAs\":[\"https:\\\/\\\/www.facebook.com\\\/portalubirataonline\",\"https:\\\/\\\/x.com\\\/ubirataonline\",\"https:\\\/\\\/mastodon.social\\\/@ubirataonline\",\"https:\\\/\\\/www.facebook.com\\\/groups\\\/311144672285604\",\"https:\\\/\\\/www.facebook.com\\\/UBTAOnline\",\"https:\\\/\\\/www.instagram.com\\\/portalubirataonline\\\/\",\"https:\\\/\\\/twitter.com\\\/ubirataonline\"],\"description\":\"Somos um portal de not\u00edcias independente, criado em 5 de janeiro de 2009, com o objetivo de informar, conectar e valorizar a nossa comunidade de Ubirat\u00e3 e toda aregi\u00e3o. Com conte\u00fado atualizado, confi\u00e1vel e relevante, o Ubirat\u00e3 Online \u00e9 o seu espa\u00e7o para ficar por dentro dos principais acontecimentos locais, regionais, Brasil, Mundo e de interesse geral. Nosso compromisso \u00e9 com a verdade, a transpar\u00eancia e o respeito ao leitor.\",\"legalName\":\"UBIRATA ONLINE NOT\u00cdCIAS\",\"foundingDate\":\"2009-01-05\",\"numberOfEmployees\":{\"@type\":\"QuantitativeValue\",\"minValue\":\"1\",\"maxValue\":\"10\"},\"publishingPrinciples\":\"https:\\\/\\\/ubirataonline.com.br\\\/faq\\\/\",\"address\":{\"@id\":\"https:\\\/\\\/ubirataonline.com.br\\\/novos-promotores-substitutos-tomam-posse-no-ministerio-publico-do-parana-nesta-sexta-feira-4-9-em-solenidade-na-sede-da-instituicao\\\/#local-main-place-address\"},\"geo\":{\"@type\":\"GeoCoordinates\",\"latitude\":\"-24.5361401\",\"longitude\":\"-52.9921776\"},\"telephone\":[\"+5544998308235\"],\"contactPoint\":{\"@type\":\"ContactPoint\",\"email\":\"contato@ubirataonline.com.br\"},\"openingHoursSpecification\":{\"@type\":\"OpeningHoursSpecification\",\"dayOfWeek\":[\"Monday\",\"Tuesday\",\"Wednesday\",\"Thursday\",\"Friday\",\"Saturday\",\"Sunday\"],\"opens\":\"00:00\",\"closes\":\"23:59\"},\"email\":\"contato@ubirataonline.com.br\",\"vatID\":\"47.621.418\\\/0001-80\"},{\"@type\":\"Person\",\"@id\":\"https:\\\/\\\/ubirataonline.com.br\\\/#\\\/schema\\\/person\\\/372f87bbd3fdd79b8556b84c98d0bc1c\",\"name\":\"REDA\u00c7\u00c3O: UBIRAT\u00c3 ONLINE - F\u00c1BIO AUGUSTO CELESTINO\",\"pronouns\":\"Ele\",\"description\":\"Desde 2003 trabalhando com not\u00edcias.\",\"sameAs\":[\"http:\\\/\\\/ubirataoline.com.br\",\"https:\\\/\\\/www.facebook.com\\\/portalubirataonline\",\"https:\\\/\\\/www.instagram.com\\\/ubirataonline_oficial\",\"https:\\\/\\\/x.com\\\/x.com\\\/ubirataonline\"],\"honorificPrefix\":\"Mr.\",\"honorificSuffix\":\"MD\",\"birthDate\":\"1980-06-16\",\"gender\":\"masculino\",\"award\":[\"V\u00e1rios pr\u00eamios de melhor portal da cidade\"],\"jobTitle\":\"Diretor\",\"url\":\"https:\\\/\\\/ubirataonline.com.br\\\/en\\\/author\\\/ubirataonline\\\/\"},{\"@type\":\"PostalAddress\",\"@id\":\"https:\\\/\\\/ubirataonline.com.br\\\/novos-promotores-substitutos-tomam-posse-no-ministerio-publico-do-parana-nesta-sexta-feira-4-9-em-solenidade-na-sede-da-instituicao\\\/#local-main-place-address\",\"streetAddress\":\"Rua dos Coqueiros, 104 - Bairro Boa Vista, Rua dos Coqueiros, 104 Bairro Boa Vista\",\"addressLocality\":\"UBIRATA\",\"postalCode\":\"85440-000\",\"addressRegion\":\"PR\",\"addressCountry\":\"BR\"},{\"@type\":\"ImageObject\",\"inLanguage\":\"en-US\",\"@id\":\"https:\\\/\\\/ubirataonline.com.br\\\/novos-promotores-substitutos-tomam-posse-no-ministerio-publico-do-parana-nesta-sexta-feira-4-9-em-solenidade-na-sede-da-instituicao\\\/#local-main-organization-logo\",\"url\":\"https:\\\/\\\/ubirataonline.com.br\\\/wp-content\\\/uploads\\\/2026\\\/06\\\/logoubirataonline-1.webp\",\"contentUrl\":\"https:\\\/\\\/ubirataonline.com.br\\\/wp-content\\\/uploads\\\/2026\\\/06\\\/logoubirataonline-1.webp\",\"width\":500,\"height\":500,\"caption\":\"Ubirat\u00e3 Online Not\u00edcias\"}]}<\/script>\n<meta name=\"geo.placename\" content=\"UBIRATA\" \/>\n<meta name=\"geo.position\" content=\"-24.5361401;-52.9921776\" \/>\n<meta name=\"geo.region\" content=\"Brazil\" \/>\n<!-- \/ Yoast SEO Premium plugin. -->","yoast_head_json":{"title":"Novos Promotores Substitutos tomam posse no Minist\u00e9rio P\u00fablico do Paran\u00e1 nesta sexta-feira (4\/9), em solenidade na sede da institui\u00e7\u00e3o - Ubirat\u00e3 Online Not\u00edcias - A realidade ao seu alcance!","description":"O Minist\u00e9rio P\u00fablico do Paran\u00e1 empossa nesta sexta-feira, 4 de setembro, 11 Promotores Substitutos: Marisa Neves Magalh\u00e3es Cordeiro, Vin\u00edcius de Faria dos Santos, Leandro Ant\u00f4nio de Sales, Br\u00e1ulio Santos Rabelo de Ara\u00fajo, Marcela Donatelli do Carm","robots":{"index":"index","follow":"follow","max-snippet":"max-snippet:-1","max-image-preview":"max-image-preview:large","max-video-preview":"max-video-preview:-1"},"canonical":"https:\/\/ubirataonline.com.br\/en\/novos-promotores-substitutos-tomam-posse-no-ministerio-publico-do-parana-nesta-sexta-feira-4-9-em-solenidade-na-sede-da-instituicao\/","og_locale":"en_US","og_type":"article","og_title":"Novos Promotores Substitutos tomam posse no Minist\u00e9rio P\u00fablico do Paran\u00e1 nesta sexta-feira (4\/9), em solenidade na sede da institui\u00e7\u00e3o","og_description":"O Minist\u00e9rio P\u00fablico do Paran\u00e1 empossa nesta sexta-feira, 4 de setembro, 11 Promotores Substitutos: Marisa Neves Magalh\u00e3es Cordeiro, Vin\u00edcius de Faria dos Santos, Leandro Ant\u00f4nio de Sales, Br\u00e1ulio Santos Rabelo de Ara\u00fajo, Marcela Donatelli do Carm","og_url":"https:\/\/ubirataonline.com.br\/en\/novos-promotores-substitutos-tomam-posse-no-ministerio-publico-do-parana-nesta-sexta-feira-4-9-em-solenidade-na-sede-da-instituicao\/","og_site_name":"Ubirat\u00e3 Online Not\u00edcias - A realidade ao seu alcance!","article_publisher":"https:\/\/www.facebook.com\/portalubirataonline","article_author":"https:\/\/www.facebook.com\/portalubirataonline","article_published_time":"2026-08-31T19:43:41+00:00","article_modified_time":"2026-08-31T19:43:42+00:00","og_image":[{"width":240,"height":240,"url":"https:\/\/ubirataonline.com.br\/wp-content\/uploads\/2026\/08\/Novos-Promotores-Substitutos-tomam-posse-no-Ministerio-Publico-do-Parana.png","type":"image\/png"}],"author":"REDA\u00c7\u00c3O: UBIRAT\u00c3 ONLINE - F\u00c1BIO AUGUSTO CELESTINO","twitter_card":"summary_large_image","twitter_creator":"@x.com\/ubirataonline","twitter_site":"@ubirataonline","twitter_misc":{"Written by":"REDA\u00c7\u00c3O: UBIRAT\u00c3 ONLINE - F\u00c1BIO AUGUSTO CELESTINO","Est. reading time":"1 minute"},"schema":{"@context":"https:\/\/schema.org","@graph":[{"@type":"NewsArticle","@id":"https:\/\/ubirataonline.com.br\/novos-promotores-substitutos-tomam-posse-no-ministerio-publico-do-parana-nesta-sexta-feira-4-9-em-solenidade-na-sede-da-instituicao\/#article","isPartOf":{"@id":"https:\/\/ubirataonline.com.br\/novos-promotores-substitutos-tomam-posse-no-ministerio-publico-do-parana-nesta-sexta-feira-4-9-em-solenidade-na-sede-da-instituicao\/"},"author":{"name":"REDA\u00c7\u00c3O: UBIRAT\u00c3 ONLINE - F\u00c1BIO AUGUSTO CELESTINO","@id":"https:\/\/ubirataonline.com.br\/#\/schema\/person\/372f87bbd3fdd79b8556b84c98d0bc1c"},"headline":"Novos Promotores Substitutos tomam posse no Minist\u00e9rio P\u00fablico do Paran\u00e1 nesta sexta-feira (4\/9), em solenidade na sede da institui\u00e7\u00e3o","datePublished":"2026-08-31T19:43:41+00:00","dateModified":"2026-08-31T19:43:42+00:00","mainEntityOfPage":{"@id":"https:\/\/ubirataonline.com.br\/novos-promotores-substitutos-tomam-posse-no-ministerio-publico-do-parana-nesta-sexta-feira-4-9-em-solenidade-na-sede-da-instituicao\/"},"wordCount":160,"publisher":{"@id":"https:\/\/ubirataonline.com.br\/#organization"},"image":{"@id":"https:\/\/ubirataonline.com.br\/novos-promotores-substitutos-tomam-posse-no-ministerio-publico-do-parana-nesta-sexta-feira-4-9-em-solenidade-na-sede-da-instituicao\/#primaryimage"},"thumbnailUrl":"https:\/\/ubirataonline.com.br\/wp-content\/uploads\/2026\/08\/Novos-Promotores-Substitutos-tomam-posse-no-Ministerio-Publico-do-Parana.png","keywords":["institui\u00e7\u00e3o","Minist\u00e9rio","nesta","novos","paran\u00e1","posse","Promotores","P\u00fablico","sede","sextafeira","solenidade","Substitutos","tomam"],"articleSection":["Brasil"],"inLanguage":"en-US","copyrightYear":"2026","copyrightHolder":{"@id":"https:\/\/ubirataonline.com.br\/en\/#organization"}},{"@type":"WebPage","@id":"https:\/\/ubirataonline.com.br\/novos-promotores-substitutos-tomam-posse-no-ministerio-publico-do-parana-nesta-sexta-feira-4-9-em-solenidade-na-sede-da-instituicao\/","url":"https:\/\/ubirataonline.com.br\/novos-promotores-substitutos-tomam-posse-no-ministerio-publico-do-parana-nesta-sexta-feira-4-9-em-solenidade-na-sede-da-instituicao\/","name":"Novos Promotores Substitutos tomam posse no Minist\u00e9rio P\u00fablico do Paran\u00e1 nesta sexta-feira (4\/9), em solenidade na sede da institui\u00e7\u00e3o - Ubirat\u00e3 Online Not\u00edcias - A realidade ao seu alcance!","isPartOf":{"@id":"https:\/\/ubirataonline.com.br\/#website"},"primaryImageOfPage":{"@id":"https:\/\/ubirataonline.com.br\/novos-promotores-substitutos-tomam-posse-no-ministerio-publico-do-parana-nesta-sexta-feira-4-9-em-solenidade-na-sede-da-instituicao\/#primaryimage"},"image":{"@id":"https:\/\/ubirataonline.com.br\/novos-promotores-substitutos-tomam-posse-no-ministerio-publico-do-parana-nesta-sexta-feira-4-9-em-solenidade-na-sede-da-instituicao\/#primaryimage"},"thumbnailUrl":"https:\/\/ubirataonline.com.br\/wp-content\/uploads\/2026\/08\/Novos-Promotores-Substitutos-tomam-posse-no-Ministerio-Publico-do-Parana.png","datePublished":"2026-08-31T19:43:41+00:00","dateModified":"2026-08-31T19:43:42+00:00","description":"O Minist\u00e9rio P\u00fablico do Paran\u00e1 empossa nesta sexta-feira, 4 de setembro, 11 Promotores Substitutos: Marisa Neves Magalh\u00e3es Cordeiro, Vin\u00edcius de Faria dos Santos, Leandro Ant\u00f4nio de Sales, Br\u00e1ulio Santos Rabelo de Ara\u00fajo, Marcela Donatelli do Carm","breadcrumb":{"@id":"https:\/\/ubirataonline.com.br\/novos-promotores-substitutos-tomam-posse-no-ministerio-publico-do-parana-nesta-sexta-feira-4-9-em-solenidade-na-sede-da-instituicao\/#breadcrumb"},"inLanguage":"en-US","potentialAction":[{"@type":"ReadAction","target":["https:\/\/ubirataonline.com.br\/novos-promotores-substitutos-tomam-posse-no-ministerio-publico-do-parana-nesta-sexta-feira-4-9-em-solenidade-na-sede-da-instituicao\/"]}]},{"@type":"ImageObject","inLanguage":"en-US","@id":"https:\/\/ubirataonline.com.br\/novos-promotores-substitutos-tomam-posse-no-ministerio-publico-do-parana-nesta-sexta-feira-4-9-em-solenidade-na-sede-da-instituicao\/#primaryimage","url":"https:\/\/ubirataonline.com.br\/wp-content\/uploads\/2026\/08\/Novos-Promotores-Substitutos-tomam-posse-no-Ministerio-Publico-do-Parana.png","contentUrl":"https:\/\/ubirataonline.com.br\/wp-content\/uploads\/2026\/08\/Novos-Promotores-Substitutos-tomam-posse-no-Ministerio-Publico-do-Parana.png","width":240,"height":240,"caption":"Novos Promotores Substitutos tomam posse no Minist\u00e9rio P\u00fablico do Paran\u00e1 nesta sexta-feira (4\/9), em solenidade na sede da institui\u00e7\u00e3o"},{"@type":"BreadcrumbList","@id":"https:\/\/ubirataonline.com.br\/novos-promotores-substitutos-tomam-posse-no-ministerio-publico-do-parana-nesta-sexta-feira-4-9-em-solenidade-na-sede-da-instituicao\/#breadcrumb","itemListElement":[{"@type":"ListItem","position":1,"name":"In\u00edcio","item":"https:\/\/ubirataonline.com.br\/"},{"@type":"ListItem","position":2,"name":"Novos Promotores Substitutos tomam posse no Minist\u00e9rio P\u00fablico do Paran\u00e1 nesta sexta-feira (4\/9), em solenidade na sede da institui\u00e7\u00e3o"}]},{"@type":"WebSite","@id":"https:\/\/ubirataonline.com.br\/#website","url":"https:\/\/ubirataonline.com.br\/","name":"Ubirat\u00e3 Online Not\u00edcias","description":"Not\u00edcias de Ubirat\u00e3, regi\u00e3o, Brasil e mundo, com informa\u00e7\u00e3o atualizada e compromisso com o leitor.","publisher":{"@id":"https:\/\/ubirataonline.com.br\/#organization"},"alternateName":"Ubirat\u00e3 Online","potentialAction":[{"@type":"SearchAction","target":{"@type":"EntryPoint","urlTemplate":"https:\/\/ubirataonline.com.br\/?s={search_term_string}"},"query-input":{"@type":"PropertyValueSpecification","valueRequired":true,"valueName":"search_term_string"}}],"inLanguage":"en-US"},{"@type":["Organization","Place"],"@id":"https:\/\/ubirataonline.com.br\/#organization","name":"Ubirat\u00e3 Online Not\u00edcias","alternateName":"Ubirat\u00e3 Online","url":"https:\/\/ubirataonline.com.br\/","logo":{"@id":"https:\/\/ubirataonline.com.br\/novos-promotores-substitutos-tomam-posse-no-ministerio-publico-do-parana-nesta-sexta-feira-4-9-em-solenidade-na-sede-da-instituicao\/#local-main-organization-logo"},"image":{"@id":"https:\/\/ubirataonline.com.br\/novos-promotores-substitutos-tomam-posse-no-ministerio-publico-do-parana-nesta-sexta-feira-4-9-em-solenidade-na-sede-da-instituicao\/#local-main-organization-logo"},"sameAs":["https:\/\/www.facebook.com\/portalubirataonline","https:\/\/x.com\/ubirataonline","https:\/\/mastodon.social\/@ubirataonline","https:\/\/www.facebook.com\/groups\/311144672285604","https:\/\/www.facebook.com\/UBTAOnline","https:\/\/www.instagram.com\/portalubirataonline\/","https:\/\/twitter.com\/ubirataonline"],"description":"Somos um portal de not\u00edcias independente, criado em 5 de janeiro de 2009, com o objetivo de informar, conectar e valorizar a nossa comunidade de Ubirat\u00e3 e toda aregi\u00e3o. Com conte\u00fado atualizado, confi\u00e1vel e relevante, o Ubirat\u00e3 Online \u00e9 o seu espa\u00e7o para ficar por dentro dos principais acontecimentos locais, regionais, Brasil, Mundo e de interesse geral. Nosso compromisso \u00e9 com a verdade, a transpar\u00eancia e o respeito ao leitor.","legalName":"UBIRATA ONLINE NOT\u00cdCIAS","foundingDate":"2009-01-05","numberOfEmployees":{"@type":"QuantitativeValue","minValue":"1","maxValue":"10"},"publishingPrinciples":"https:\/\/ubirataonline.com.br\/faq\/","address":{"@id":"https:\/\/ubirataonline.com.br\/novos-promotores-substitutos-tomam-posse-no-ministerio-publico-do-parana-nesta-sexta-feira-4-9-em-solenidade-na-sede-da-instituicao\/#local-main-place-address"},"geo":{"@type":"GeoCoordinates","latitude":"-24.5361401","longitude":"-52.9921776"},"telephone":["+5544998308235"],"contactPoint":{"@type":"ContactPoint","email":"contato@ubirataonline.com.br"},"openingHoursSpecification":{"@type":"OpeningHoursSpecification","dayOfWeek":["Monday","Tuesday","Wednesday","Thursday","Friday","Saturday","Sunday"],"opens":"00:00","closes":"23:59"},"email":"contato@ubirataonline.com.br","vatID":"47.621.418\/0001-80"},{"@type":"Person","@id":"https:\/\/ubirataonline.com.br\/#\/schema\/person\/372f87bbd3fdd79b8556b84c98d0bc1c","name":"REDA\u00c7\u00c3O: UBIRAT\u00c3 ONLINE - F\u00c1BIO AUGUSTO CELESTINO","pronouns":"Ele","description":"Desde 2003 trabalhando com not\u00edcias.","sameAs":["http:\/\/ubirataoline.com.br","https:\/\/www.facebook.com\/portalubirataonline","https:\/\/www.instagram.com\/ubirataonline_oficial","https:\/\/x.com\/x.com\/ubirataonline"],"honorificPrefix":"Mr.","honorificSuffix":"MD","birthDate":"1980-06-16","gender":"masculino","award":["V\u00e1rios pr\u00eamios de melhor portal da cidade"],"jobTitle":"Diretor","url":"https:\/\/ubirataonline.com.br\/en\/author\/ubirataonline\/"},{"@type":"PostalAddress","@id":"https:\/\/ubirataonline.com.br\/novos-promotores-substitutos-tomam-posse-no-ministerio-publico-do-parana-nesta-sexta-feira-4-9-em-solenidade-na-sede-da-instituicao\/#local-main-place-address","streetAddress":"Rua dos Coqueiros, 104 - Bairro Boa Vista, Rua dos Coqueiros, 104 Bairro Boa Vista","addressLocality":"UBIRATA","postalCode":"85440-000","addressRegion":"PR","addressCountry":"BR"},{"@type":"ImageObject","inLanguage":"en-US","@id":"https:\/\/ubirataonline.com.br\/novos-promotores-substitutos-tomam-posse-no-ministerio-publico-do-parana-nesta-sexta-feira-4-9-em-solenidade-na-sede-da-instituicao\/#local-main-organization-logo","url":"https:\/\/ubirataonline.com.br\/wp-content\/uploads\/2026\/06\/logoubirataonline-1.webp","contentUrl":"https:\/\/ubirataonline.com.br\/wp-content\/uploads\/2026\/06\/logoubirataonline-1.webp","width":500,"height":500,"caption":"Ubirat\u00e3 Online Not\u00edcias"}]},"geo.placename":"UBIRATA","geo.position":{"lat":"-24.5361401","long":"-52.9921776"},"geo.region":"Brazil"},"_links":{"self":[{"href":"https:\/\/ubirataonline.com.br\/en\/wp-json\/wp\/v2\/posts\/169408","targetHints":{"allow":["GET"]}}],"collection":[{"href":"https:\/\/ubirataonline.com.br\/en\/wp-json\/wp\/v2\/posts"}],"about":[{"href":"https:\/\/ubirataonline.com.br\/en\/wp-json\/wp\/v2\/types\/post"}],"author":[{"embeddable":true,"href":"https:\/\/ubirataonline.com.br\/en\/wp-json\/wp\/v2\/users\/1"}],"replies":[{"embeddable":true,"href":"https:\/\/ubirataonline.com.br\/en\/wp-json\/wp\/v2\/comments?post=169408"}],"version-history":[{"count":1,"href":"https:\/\/ubirataonline.com.br\/en\/wp-json\/wp\/v2\/posts\/169408\/revisions"}],"predecessor-version":[{"id":169410,"href":"https:\/\/ubirataonline.com.br\/en\/wp-json\/wp\/v2\/posts\/169408\/revisions\/169410"}],"wp:featuredmedia":[{"embeddable":true,"href":"https:\/\/ubirataonline.com.br\/en\/wp-json\/wp\/v2\/media\/169409"}],"wp:attachment":[{"href":"https:\/\/ubirataonline.com.br\/en\/wp-json\/wp\/v2\/media?parent=169408"}],"wp:term":[{"taxonomy":"category","embeddable":true,"href":"https:\/\/ubirataonline.com.br\/en\/wp-json\/wp\/v2\/categories?post=169408"},{"taxonomy":"post_tag","embeddable":true,"href":"https:\/\/ubirataonline.com.br\/en\/wp-json\/wp\/v2\/tags?post=169408"}],"curies":[{"name":"wp","href":"https:\/\/api.w.org\/{rel}","templated":true}]}}