{"id":169411,"date":"2026-08-31T17:04:40","date_gmt":"2026-08-31T20:04:40","guid":{"rendered":"https:\/\/ubirataonline.com.br\/chuva-intensa-com-granizo-transforma-dia-em-noite-e-causa-estragos-em-curitiba\/"},"modified":"2026-08-31T17:04:40","modified_gmt":"2026-08-31T20:04:40","slug":"chuva-intensa-com-granizo-transforma-dia-em-noite-e-causa-estragos-em-curitiba","status":"publish","type":"post","link":"https:\/\/ubirataonline.com.br\/en\/chuva-intensa-com-granizo-transforma-dia-em-noite-e-causa-estragos-em-curitiba\/","title":{"rendered":"Chuva intensa com granizo transforma dia em noite e causa estragos em Curitiba"},"content":{"rendered":"<p>Uma forte tempestade atingiu Curitiba e a Regi\u00e3o Metropolitana na segunda-feira (31), provocando uma r\u00e1pida mudan\u00e7a no tempo que transformou o dia quase em noite. As chuvas intensas vieram acompanhadas de granizo, causando transtornos como quedas de \u00e1rvores, falta de energia el\u00e9trica e alagamentos pontuais em diversos pontos da capital paranaense.<\/p>\n<p>A Defesa Civil emitiu um alerta vermelho \u00e0s 13h27, informando risco muito alto para tempestade severa com chuva forte em curto intervalo, rajadas intensas de vento e granizo, principalmente nas cidades de Curitiba, S\u00e3o Jos\u00e9 dos Pinhais, Colombo e munic\u00edpios pr\u00f3ximos.<\/p>\n<h3>Principais danos e atendimentos<\/h3>\n<p>Na cidade de Almirante Tamandar\u00e9, parte da cobertura do audit\u00f3rio do Col\u00e9gio Estadual Tancredo Neves sofreu danos devido \u00e0 tempestade. Apesar disso, as salas de aula e demais ambientes para os estudantes n\u00e3o foram afetados, e n\u00e3o houve registro de v\u00edtimas. A Secretaria Estadual de Educa\u00e7\u00e3o do Paran\u00e1 acompanha a situa\u00e7\u00e3o para garantir a seguran\u00e7a da comunidade escolar.<\/p>\n<h3>Condi\u00e7\u00f5es meteorol\u00f3gicas e previs\u00e3o<\/h3>\n<p>O epis\u00f3dio de chuva intensa e granizo ocorre em meio \u00e0 forma\u00e7\u00e3o de um novo ciclone extratropical no Sul do Brasil. De acordo com meteorologistas da Climatempo, ventos de at\u00e9 85 km\/h podem ser registrados no Paran\u00e1, principalmente na metade sul e oeste do estado, onde as condi\u00e7\u00f5es s\u00e3o mais severas. No entanto, os temporais tendem a ser mais brandos na regi\u00e3o norte.<\/p>\n<p>Entre os dias 30 e 31 de julho, j\u00e1 haviam ocorrido temporais de granizo com pedras do tamanho de ovos de galinha, causando preju\u00edzos em algumas regi\u00f5es do Paran\u00e1. A forma\u00e7\u00e3o do ciclone, prevista para avan\u00e7ar da regi\u00e3o de Santa Catarina, acelera o avan\u00e7o das instabilidades no estado, favorecendo uma frente fria ativa.<\/p>\n<h3>Perspectivas para os pr\u00f3ximos dias<\/h3>\n<p>Na ter\u00e7a-feira (1\u00ba), a frente fria mant\u00e9m o tempo inst\u00e1vel no Paran\u00e1, com possibilidade de chuva forte principalmente no centro, Campos Gerais, Regi\u00e3o Metropolitana de Curitiba e sul. Na quarta-feira (2), a chegada de uma massa de ar frio e um sistema de alta press\u00e3o pr\u00f3ximo ao oceano devem estabilizar o tempo, com redu\u00e7\u00e3o das chuvas e temperaturas que podem cair at\u00e9 3\u00b0C.<\/p>\n<p>J\u00e1 a quinta-feira (3) deve iniciar com c\u00e9u aberto e tempo firme em quase todo o estado, apesar do frio pela manh\u00e3. A partir da tarde, novas instabilidades podem surgir especialmente na por\u00e7\u00e3o oeste, sudoeste e sul do Paran\u00e1 devido \u00e0 atua\u00e7\u00e3o de um sistema de baixa press\u00e3o atmosf\u00e9rica no interior do continente, provocando chuvas fracas a moderadas nestes locais.<\/p>","protected":false},"excerpt":{"rendered":"<p>Uma forte tempestade atingiu Curitiba e a Regi\u00e3o Metropolitana na segunda-feira (31), provocando uma r\u00e1pida mudan\u00e7a no tempo que transformou o dia quase em noite. As chuvas intensas vieram acompanhadas de granizo, causando transtornos como quedas de \u00e1rvores, falta de energia el\u00e9trica e alagamentos pontuais em diversos pontos da capital paranaense. A Defesa Civil emitiu [&hellip;]<\/p>\n","protected":false},"author":1,"featured_media":169412,"comment_status":"","ping_status":"","sticky":false,"template":"","format":"standard","meta":{"googlesitekit_rrm_CAow2JLhCw:productID":"","_gspb_post_css":"","maa_idioma":"","maa_pais":"","footnotes":""},"categories":[4],"tags":[],"class_list":["post-169411","post","type-post","status-publish","format-standard","has-post-thumbnail","hentry","category-brasil"],"blocksy_meta":[],"yoast_head":"<!-- This site is optimized with the Yoast SEO Premium plugin v27.6 (Yoast SEO v27.6) - https:\/\/yoast.com\/product\/yoast-seo-premium-wordpress\/ -->\n<title>Chuva intensa com granizo transforma dia em noite e causa estragos em Curitiba - Ubirat\u00e3 Online Not\u00edcias - A realidade ao seu alcance!<\/title>\n<meta name=\"description\" content=\"Uma forte tempestade atingiu Curitiba e a Regi\u00e3o Metropolitana na segunda-feira (31), provocando uma r\u00e1pida mudan\u00e7a no tempo que transformou o dia quase\" \/>\n<meta name=\"robots\" content=\"index, follow, max-snippet:-1, max-image-preview:large, max-video-preview:-1\" \/>\n<link rel=\"canonical\" href=\"https:\/\/ubirataonline.com.br\/en\/chuva-intensa-com-granizo-transforma-dia-em-noite-e-causa-estragos-em-curitiba\/\" \/>\n<meta property=\"og:locale\" content=\"en_US\" \/>\n<meta property=\"og:type\" content=\"article\" \/>\n<meta property=\"og:title\" content=\"Chuva intensa com granizo transforma dia em noite e causa estragos em Curitiba\" \/>\n<meta property=\"og:description\" content=\"Uma forte tempestade atingiu Curitiba e a Regi\u00e3o Metropolitana na segunda-feira (31), provocando uma r\u00e1pida mudan\u00e7a no tempo que transformou o dia quase\" \/>\n<meta property=\"og:url\" content=\"https:\/\/ubirataonline.com.br\/en\/chuva-intensa-com-granizo-transforma-dia-em-noite-e-causa-estragos-em-curitiba\/\" \/>\n<meta property=\"og:site_name\" content=\"Ubirat\u00e3 Online Not\u00edcias - A realidade ao seu alcance!\" \/>\n<meta property=\"article:publisher\" content=\"https:\/\/www.facebook.com\/portalubirataonline\" \/>\n<meta property=\"article:author\" content=\"https:\/\/www.facebook.com\/portalubirataonline\" \/>\n<meta property=\"article:published_time\" content=\"2026-08-31T20:04:40+00:00\" \/>\n<meta property=\"og:image\" content=\"https:\/\/ubirataonline.com.br\/wp-content\/uploads\/2026\/05\/logo2026.webp\" \/>\n\t<meta property=\"og:image:width\" content=\"1531\" \/>\n\t<meta property=\"og:image:height\" content=\"418\" \/>\n\t<meta property=\"og:image:type\" content=\"image\/webp\" \/>\n<meta name=\"author\" content=\"REDA\u00c7\u00c3O: UBIRAT\u00c3 ONLINE - F\u00c1BIO AUGUSTO CELESTINO\" \/>\n<meta name=\"twitter:card\" content=\"summary_large_image\" \/>\n<meta name=\"twitter:creator\" content=\"@x.com\/ubirataonline\" \/>\n<meta name=\"twitter:site\" content=\"@ubirataonline\" \/>\n<meta name=\"twitter:label1\" content=\"Written by\" \/>\n\t<meta name=\"twitter:data1\" content=\"REDA\u00c7\u00c3O: UBIRAT\u00c3 ONLINE - F\u00c1BIO AUGUSTO CELESTINO\" \/>\n\t<meta name=\"twitter:label2\" content=\"Est. reading time\" \/>\n\t<meta name=\"twitter:data2\" content=\"2 minutes\" \/>\n<script type=\"application\/ld+json\" class=\"yoast-schema-graph\">{\"@context\":\"https:\\\/\\\/schema.org\",\"@graph\":[{\"@type\":\"NewsArticle\",\"@id\":\"https:\\\/\\\/ubirataonline.com.br\\\/chuva-intensa-com-granizo-transforma-dia-em-noite-e-causa-estragos-em-curitiba\\\/#article\",\"isPartOf\":{\"@id\":\"https:\\\/\\\/ubirataonline.com.br\\\/chuva-intensa-com-granizo-transforma-dia-em-noite-e-causa-estragos-em-curitiba\\\/\"},\"author\":{\"name\":\"REDA\u00c7\u00c3O: UBIRAT\u00c3 ONLINE - F\u00c1BIO AUGUSTO CELESTINO\",\"@id\":\"https:\\\/\\\/ubirataonline.com.br\\\/#\\\/schema\\\/person\\\/372f87bbd3fdd79b8556b84c98d0bc1c\"},\"headline\":\"Chuva intensa com granizo transforma dia em noite e causa estragos em Curitiba\",\"datePublished\":\"2026-08-31T20:04:40+00:00\",\"mainEntityOfPage\":{\"@id\":\"https:\\\/\\\/ubirataonline.com.br\\\/chuva-intensa-com-granizo-transforma-dia-em-noite-e-causa-estragos-em-curitiba\\\/\"},\"wordCount\":448,\"publisher\":{\"@id\":\"https:\\\/\\\/ubirataonline.com.br\\\/#organization\"},\"image\":{\"@id\":\"https:\\\/\\\/ubirataonline.com.br\\\/chuva-intensa-com-granizo-transforma-dia-em-noite-e-causa-estragos-em-curitiba\\\/#primaryimage\"},\"thumbnailUrl\":\"https:\\\/\\\/ubirataonline.com.br\\\/wp-content\\\/uploads\\\/2026\\\/08\\\/maaimg-post-169411-20260831-200456.webp\",\"articleSection\":[\"Brasil\"],\"inLanguage\":\"en-US\",\"copyrightYear\":\"2026\",\"copyrightHolder\":{\"@id\":\"https:\\\/\\\/ubirataonline.com.br\\\/en\\\/#organization\"}},{\"@type\":\"WebPage\",\"@id\":\"https:\\\/\\\/ubirataonline.com.br\\\/chuva-intensa-com-granizo-transforma-dia-em-noite-e-causa-estragos-em-curitiba\\\/\",\"url\":\"https:\\\/\\\/ubirataonline.com.br\\\/chuva-intensa-com-granizo-transforma-dia-em-noite-e-causa-estragos-em-curitiba\\\/\",\"name\":\"Chuva intensa com granizo transforma dia em noite e causa estragos em Curitiba - Ubirat\u00e3 Online Not\u00edcias - A realidade ao seu alcance!\",\"isPartOf\":{\"@id\":\"https:\\\/\\\/ubirataonline.com.br\\\/#website\"},\"primaryImageOfPage\":{\"@id\":\"https:\\\/\\\/ubirataonline.com.br\\\/chuva-intensa-com-granizo-transforma-dia-em-noite-e-causa-estragos-em-curitiba\\\/#primaryimage\"},\"image\":{\"@id\":\"https:\\\/\\\/ubirataonline.com.br\\\/chuva-intensa-com-granizo-transforma-dia-em-noite-e-causa-estragos-em-curitiba\\\/#primaryimage\"},\"thumbnailUrl\":\"https:\\\/\\\/ubirataonline.com.br\\\/wp-content\\\/uploads\\\/2026\\\/08\\\/maaimg-post-169411-20260831-200456.webp\",\"datePublished\":\"2026-08-31T20:04:40+00:00\",\"description\":\"Uma forte tempestade atingiu Curitiba e a Regi\u00e3o Metropolitana na segunda-feira (31), provocando uma r\u00e1pida mudan\u00e7a no tempo que transformou o dia quase\",\"breadcrumb\":{\"@id\":\"https:\\\/\\\/ubirataonline.com.br\\\/chuva-intensa-com-granizo-transforma-dia-em-noite-e-causa-estragos-em-curitiba\\\/#breadcrumb\"},\"inLanguage\":\"en-US\",\"potentialAction\":[{\"@type\":\"ReadAction\",\"target\":[\"https:\\\/\\\/ubirataonline.com.br\\\/chuva-intensa-com-granizo-transforma-dia-em-noite-e-causa-estragos-em-curitiba\\\/\"]}]},{\"@type\":\"ImageObject\",\"inLanguage\":\"en-US\",\"@id\":\"https:\\\/\\\/ubirataonline.com.br\\\/chuva-intensa-com-granizo-transforma-dia-em-noite-e-causa-estragos-em-curitiba\\\/#primaryimage\",\"url\":\"https:\\\/\\\/ubirataonline.com.br\\\/wp-content\\\/uploads\\\/2026\\\/08\\\/maaimg-post-169411-20260831-200456.webp\",\"contentUrl\":\"https:\\\/\\\/ubirataonline.com.br\\\/wp-content\\\/uploads\\\/2026\\\/08\\\/maaimg-post-169411-20260831-200456.webp\",\"width\":1536,\"height\":1024,\"caption\":\"Imagem de capa mostrando chuva intensa granizo transforma o dia em noite em Curitiba\"},{\"@type\":\"BreadcrumbList\",\"@id\":\"https:\\\/\\\/ubirataonline.com.br\\\/chuva-intensa-com-granizo-transforma-dia-em-noite-e-causa-estragos-em-curitiba\\\/#breadcrumb\",\"itemListElement\":[{\"@type\":\"ListItem\",\"position\":1,\"name\":\"In\u00edcio\",\"item\":\"https:\\\/\\\/ubirataonline.com.br\\\/\"},{\"@type\":\"ListItem\",\"position\":2,\"name\":\"Chuva intensa com granizo transforma dia em noite e causa estragos em Curitiba\"}]},{\"@type\":\"WebSite\",\"@id\":\"https:\\\/\\\/ubirataonline.com.br\\\/#website\",\"url\":\"https:\\\/\\\/ubirataonline.com.br\\\/\",\"name\":\"Ubirat\u00e3 Online Not\u00edcias\",\"description\":\"Not\u00edcias de Ubirat\u00e3, regi\u00e3o, Brasil e mundo, com informa\u00e7\u00e3o atualizada e compromisso com o leitor.\",\"publisher\":{\"@id\":\"https:\\\/\\\/ubirataonline.com.br\\\/#organization\"},\"alternateName\":\"Ubirat\u00e3 Online\",\"potentialAction\":[{\"@type\":\"SearchAction\",\"target\":{\"@type\":\"EntryPoint\",\"urlTemplate\":\"https:\\\/\\\/ubirataonline.com.br\\\/?s={search_term_string}\"},\"query-input\":{\"@type\":\"PropertyValueSpecification\",\"valueRequired\":true,\"valueName\":\"search_term_string\"}}],\"inLanguage\":\"en-US\"},{\"@type\":[\"Organization\",\"Place\"],\"@id\":\"https:\\\/\\\/ubirataonline.com.br\\\/#organization\",\"name\":\"Ubirat\u00e3 Online Not\u00edcias\",\"alternateName\":\"Ubirat\u00e3 Online\",\"url\":\"https:\\\/\\\/ubirataonline.com.br\\\/\",\"logo\":{\"@id\":\"https:\\\/\\\/ubirataonline.com.br\\\/chuva-intensa-com-granizo-transforma-dia-em-noite-e-causa-estragos-em-curitiba\\\/#local-main-organization-logo\"},\"image\":{\"@id\":\"https:\\\/\\\/ubirataonline.com.br\\\/chuva-intensa-com-granizo-transforma-dia-em-noite-e-causa-estragos-em-curitiba\\\/#local-main-organization-logo\"},\"sameAs\":[\"https:\\\/\\\/www.facebook.com\\\/portalubirataonline\",\"https:\\\/\\\/x.com\\\/ubirataonline\",\"https:\\\/\\\/mastodon.social\\\/@ubirataonline\",\"https:\\\/\\\/www.facebook.com\\\/groups\\\/311144672285604\",\"https:\\\/\\\/www.facebook.com\\\/UBTAOnline\",\"https:\\\/\\\/www.instagram.com\\\/portalubirataonline\\\/\",\"https:\\\/\\\/twitter.com\\\/ubirataonline\"],\"description\":\"Somos um portal de not\u00edcias independente, criado em 5 de janeiro de 2009, com o objetivo de informar, conectar e valorizar a nossa comunidade de Ubirat\u00e3 e toda aregi\u00e3o. Com conte\u00fado atualizado, confi\u00e1vel e relevante, o Ubirat\u00e3 Online \u00e9 o seu espa\u00e7o para ficar por dentro dos principais acontecimentos locais, regionais, Brasil, Mundo e de interesse geral. Nosso compromisso \u00e9 com a verdade, a transpar\u00eancia e o respeito ao leitor.\",\"legalName\":\"UBIRATA ONLINE NOT\u00cdCIAS\",\"foundingDate\":\"2009-01-05\",\"numberOfEmployees\":{\"@type\":\"QuantitativeValue\",\"minValue\":\"1\",\"maxValue\":\"10\"},\"publishingPrinciples\":\"https:\\\/\\\/ubirataonline.com.br\\\/faq\\\/\",\"address\":{\"@id\":\"https:\\\/\\\/ubirataonline.com.br\\\/chuva-intensa-com-granizo-transforma-dia-em-noite-e-causa-estragos-em-curitiba\\\/#local-main-place-address\"},\"geo\":{\"@type\":\"GeoCoordinates\",\"latitude\":\"-24.5361401\",\"longitude\":\"-52.9921776\"},\"telephone\":[\"+5544998308235\"],\"contactPoint\":{\"@type\":\"ContactPoint\",\"email\":\"contato@ubirataonline.com.br\"},\"openingHoursSpecification\":{\"@type\":\"OpeningHoursSpecification\",\"dayOfWeek\":[\"Monday\",\"Tuesday\",\"Wednesday\",\"Thursday\",\"Friday\",\"Saturday\",\"Sunday\"],\"opens\":\"00:00\",\"closes\":\"23:59\"},\"email\":\"contato@ubirataonline.com.br\",\"vatID\":\"47.621.418\\\/0001-80\"},{\"@type\":\"Person\",\"@id\":\"https:\\\/\\\/ubirataonline.com.br\\\/#\\\/schema\\\/person\\\/372f87bbd3fdd79b8556b84c98d0bc1c\",\"name\":\"REDA\u00c7\u00c3O: UBIRAT\u00c3 ONLINE - F\u00c1BIO AUGUSTO CELESTINO\",\"pronouns\":\"Ele\",\"description\":\"Desde 2003 trabalhando com not\u00edcias.\",\"sameAs\":[\"http:\\\/\\\/ubirataoline.com.br\",\"https:\\\/\\\/www.facebook.com\\\/portalubirataonline\",\"https:\\\/\\\/www.instagram.com\\\/ubirataonline_oficial\",\"https:\\\/\\\/x.com\\\/x.com\\\/ubirataonline\"],\"honorificPrefix\":\"Mr.\",\"honorificSuffix\":\"MD\",\"birthDate\":\"1980-06-16\",\"gender\":\"masculino\",\"award\":[\"V\u00e1rios pr\u00eamios de melhor portal da cidade\"],\"jobTitle\":\"Diretor\",\"url\":\"https:\\\/\\\/ubirataonline.com.br\\\/en\\\/author\\\/ubirataonline\\\/\"},{\"@type\":\"PostalAddress\",\"@id\":\"https:\\\/\\\/ubirataonline.com.br\\\/chuva-intensa-com-granizo-transforma-dia-em-noite-e-causa-estragos-em-curitiba\\\/#local-main-place-address\",\"streetAddress\":\"Rua dos Coqueiros, 104 - Bairro Boa Vista, Rua dos Coqueiros, 104 Bairro Boa Vista\",\"addressLocality\":\"UBIRATA\",\"postalCode\":\"85440-000\",\"addressRegion\":\"PR\",\"addressCountry\":\"BR\"},{\"@type\":\"ImageObject\",\"inLanguage\":\"en-US\",\"@id\":\"https:\\\/\\\/ubirataonline.com.br\\\/chuva-intensa-com-granizo-transforma-dia-em-noite-e-causa-estragos-em-curitiba\\\/#local-main-organization-logo\",\"url\":\"https:\\\/\\\/ubirataonline.com.br\\\/wp-content\\\/uploads\\\/2026\\\/06\\\/logoubirataonline-1.webp\",\"contentUrl\":\"https:\\\/\\\/ubirataonline.com.br\\\/wp-content\\\/uploads\\\/2026\\\/06\\\/logoubirataonline-1.webp\",\"width\":500,\"height\":500,\"caption\":\"Ubirat\u00e3 Online Not\u00edcias\"}]}<\/script>\n<meta name=\"geo.placename\" content=\"UBIRATA\" \/>\n<meta name=\"geo.position\" content=\"-24.5361401;-52.9921776\" \/>\n<meta name=\"geo.region\" content=\"Brazil\" \/>\n<!-- \/ Yoast SEO Premium plugin. -->","yoast_head_json":{"title":"Chuva intensa com granizo transforma dia em noite e causa estragos em Curitiba - Ubirat\u00e3 Online Not\u00edcias - A realidade ao seu alcance!","description":"Uma forte tempestade atingiu Curitiba e a Regi\u00e3o Metropolitana na segunda-feira (31), provocando uma r\u00e1pida mudan\u00e7a no tempo que transformou o dia quase","robots":{"index":"index","follow":"follow","max-snippet":"max-snippet:-1","max-image-preview":"max-image-preview:large","max-video-preview":"max-video-preview:-1"},"canonical":"https:\/\/ubirataonline.com.br\/en\/chuva-intensa-com-granizo-transforma-dia-em-noite-e-causa-estragos-em-curitiba\/","og_locale":"en_US","og_type":"article","og_title":"Chuva intensa com granizo transforma dia em noite e causa estragos em Curitiba","og_description":"Uma forte tempestade atingiu Curitiba e a Regi\u00e3o Metropolitana na segunda-feira (31), provocando uma r\u00e1pida mudan\u00e7a no tempo que transformou o dia quase","og_url":"https:\/\/ubirataonline.com.br\/en\/chuva-intensa-com-granizo-transforma-dia-em-noite-e-causa-estragos-em-curitiba\/","og_site_name":"Ubirat\u00e3 Online Not\u00edcias - A realidade ao seu alcance!","article_publisher":"https:\/\/www.facebook.com\/portalubirataonline","article_author":"https:\/\/www.facebook.com\/portalubirataonline","article_published_time":"2026-08-31T20:04:40+00:00","og_image":[{"width":1531,"height":418,"url":"https:\/\/ubirataonline.com.br\/wp-content\/uploads\/2026\/05\/logo2026.webp","type":"image\/webp"}],"author":"REDA\u00c7\u00c3O: UBIRAT\u00c3 ONLINE - F\u00c1BIO AUGUSTO CELESTINO","twitter_card":"summary_large_image","twitter_creator":"@x.com\/ubirataonline","twitter_site":"@ubirataonline","twitter_misc":{"Written by":"REDA\u00c7\u00c3O: UBIRAT\u00c3 ONLINE - F\u00c1BIO AUGUSTO CELESTINO","Est. reading time":"2 minutes"},"schema":{"@context":"https:\/\/schema.org","@graph":[{"@type":"NewsArticle","@id":"https:\/\/ubirataonline.com.br\/chuva-intensa-com-granizo-transforma-dia-em-noite-e-causa-estragos-em-curitiba\/#article","isPartOf":{"@id":"https:\/\/ubirataonline.com.br\/chuva-intensa-com-granizo-transforma-dia-em-noite-e-causa-estragos-em-curitiba\/"},"author":{"name":"REDA\u00c7\u00c3O: UBIRAT\u00c3 ONLINE - F\u00c1BIO AUGUSTO CELESTINO","@id":"https:\/\/ubirataonline.com.br\/#\/schema\/person\/372f87bbd3fdd79b8556b84c98d0bc1c"},"headline":"Chuva intensa com granizo transforma dia em noite e causa estragos em Curitiba","datePublished":"2026-08-31T20:04:40+00:00","mainEntityOfPage":{"@id":"https:\/\/ubirataonline.com.br\/chuva-intensa-com-granizo-transforma-dia-em-noite-e-causa-estragos-em-curitiba\/"},"wordCount":448,"publisher":{"@id":"https:\/\/ubirataonline.com.br\/#organization"},"image":{"@id":"https:\/\/ubirataonline.com.br\/chuva-intensa-com-granizo-transforma-dia-em-noite-e-causa-estragos-em-curitiba\/#primaryimage"},"thumbnailUrl":"https:\/\/ubirataonline.com.br\/wp-content\/uploads\/2026\/08\/maaimg-post-169411-20260831-200456.webp","articleSection":["Brasil"],"inLanguage":"en-US","copyrightYear":"2026","copyrightHolder":{"@id":"https:\/\/ubirataonline.com.br\/en\/#organization"}},{"@type":"WebPage","@id":"https:\/\/ubirataonline.com.br\/chuva-intensa-com-granizo-transforma-dia-em-noite-e-causa-estragos-em-curitiba\/","url":"https:\/\/ubirataonline.com.br\/chuva-intensa-com-granizo-transforma-dia-em-noite-e-causa-estragos-em-curitiba\/","name":"Chuva intensa com granizo transforma dia em noite e causa estragos em Curitiba - Ubirat\u00e3 Online Not\u00edcias - A realidade ao seu alcance!","isPartOf":{"@id":"https:\/\/ubirataonline.com.br\/#website"},"primaryImageOfPage":{"@id":"https:\/\/ubirataonline.com.br\/chuva-intensa-com-granizo-transforma-dia-em-noite-e-causa-estragos-em-curitiba\/#primaryimage"},"image":{"@id":"https:\/\/ubirataonline.com.br\/chuva-intensa-com-granizo-transforma-dia-em-noite-e-causa-estragos-em-curitiba\/#primaryimage"},"thumbnailUrl":"https:\/\/ubirataonline.com.br\/wp-content\/uploads\/2026\/08\/maaimg-post-169411-20260831-200456.webp","datePublished":"2026-08-31T20:04:40+00:00","description":"Uma forte tempestade atingiu Curitiba e a Regi\u00e3o Metropolitana na segunda-feira (31), provocando uma r\u00e1pida mudan\u00e7a no tempo que transformou o dia quase","breadcrumb":{"@id":"https:\/\/ubirataonline.com.br\/chuva-intensa-com-granizo-transforma-dia-em-noite-e-causa-estragos-em-curitiba\/#breadcrumb"},"inLanguage":"en-US","potentialAction":[{"@type":"ReadAction","target":["https:\/\/ubirataonline.com.br\/chuva-intensa-com-granizo-transforma-dia-em-noite-e-causa-estragos-em-curitiba\/"]}]},{"@type":"ImageObject","inLanguage":"en-US","@id":"https:\/\/ubirataonline.com.br\/chuva-intensa-com-granizo-transforma-dia-em-noite-e-causa-estragos-em-curitiba\/#primaryimage","url":"https:\/\/ubirataonline.com.br\/wp-content\/uploads\/2026\/08\/maaimg-post-169411-20260831-200456.webp","contentUrl":"https:\/\/ubirataonline.com.br\/wp-content\/uploads\/2026\/08\/maaimg-post-169411-20260831-200456.webp","width":1536,"height":1024,"caption":"Imagem de capa mostrando chuva intensa granizo transforma o dia em noite em Curitiba"},{"@type":"BreadcrumbList","@id":"https:\/\/ubirataonline.com.br\/chuva-intensa-com-granizo-transforma-dia-em-noite-e-causa-estragos-em-curitiba\/#breadcrumb","itemListElement":[{"@type":"ListItem","position":1,"name":"In\u00edcio","item":"https:\/\/ubirataonline.com.br\/"},{"@type":"ListItem","position":2,"name":"Chuva intensa com granizo transforma dia em noite e causa estragos em Curitiba"}]},{"@type":"WebSite","@id":"https:\/\/ubirataonline.com.br\/#website","url":"https:\/\/ubirataonline.com.br\/","name":"Ubirat\u00e3 Online Not\u00edcias","description":"Not\u00edcias de Ubirat\u00e3, regi\u00e3o, Brasil e mundo, com informa\u00e7\u00e3o atualizada e compromisso com o leitor.","publisher":{"@id":"https:\/\/ubirataonline.com.br\/#organization"},"alternateName":"Ubirat\u00e3 Online","potentialAction":[{"@type":"SearchAction","target":{"@type":"EntryPoint","urlTemplate":"https:\/\/ubirataonline.com.br\/?s={search_term_string}"},"query-input":{"@type":"PropertyValueSpecification","valueRequired":true,"valueName":"search_term_string"}}],"inLanguage":"en-US"},{"@type":["Organization","Place"],"@id":"https:\/\/ubirataonline.com.br\/#organization","name":"Ubirat\u00e3 Online Not\u00edcias","alternateName":"Ubirat\u00e3 Online","url":"https:\/\/ubirataonline.com.br\/","logo":{"@id":"https:\/\/ubirataonline.com.br\/chuva-intensa-com-granizo-transforma-dia-em-noite-e-causa-estragos-em-curitiba\/#local-main-organization-logo"},"image":{"@id":"https:\/\/ubirataonline.com.br\/chuva-intensa-com-granizo-transforma-dia-em-noite-e-causa-estragos-em-curitiba\/#local-main-organization-logo"},"sameAs":["https:\/\/www.facebook.com\/portalubirataonline","https:\/\/x.com\/ubirataonline","https:\/\/mastodon.social\/@ubirataonline","https:\/\/www.facebook.com\/groups\/311144672285604","https:\/\/www.facebook.com\/UBTAOnline","https:\/\/www.instagram.com\/portalubirataonline\/","https:\/\/twitter.com\/ubirataonline"],"description":"Somos um portal de not\u00edcias independente, criado em 5 de janeiro de 2009, com o objetivo de informar, conectar e valorizar a nossa comunidade de Ubirat\u00e3 e toda aregi\u00e3o. Com conte\u00fado atualizado, confi\u00e1vel e relevante, o Ubirat\u00e3 Online \u00e9 o seu espa\u00e7o para ficar por dentro dos principais acontecimentos locais, regionais, Brasil, Mundo e de interesse geral. Nosso compromisso \u00e9 com a verdade, a transpar\u00eancia e o respeito ao leitor.","legalName":"UBIRATA ONLINE NOT\u00cdCIAS","foundingDate":"2009-01-05","numberOfEmployees":{"@type":"QuantitativeValue","minValue":"1","maxValue":"10"},"publishingPrinciples":"https:\/\/ubirataonline.com.br\/faq\/","address":{"@id":"https:\/\/ubirataonline.com.br\/chuva-intensa-com-granizo-transforma-dia-em-noite-e-causa-estragos-em-curitiba\/#local-main-place-address"},"geo":{"@type":"GeoCoordinates","latitude":"-24.5361401","longitude":"-52.9921776"},"telephone":["+5544998308235"],"contactPoint":{"@type":"ContactPoint","email":"contato@ubirataonline.com.br"},"openingHoursSpecification":{"@type":"OpeningHoursSpecification","dayOfWeek":["Monday","Tuesday","Wednesday","Thursday","Friday","Saturday","Sunday"],"opens":"00:00","closes":"23:59"},"email":"contato@ubirataonline.com.br","vatID":"47.621.418\/0001-80"},{"@type":"Person","@id":"https:\/\/ubirataonline.com.br\/#\/schema\/person\/372f87bbd3fdd79b8556b84c98d0bc1c","name":"REDA\u00c7\u00c3O: UBIRAT\u00c3 ONLINE - F\u00c1BIO AUGUSTO CELESTINO","pronouns":"Ele","description":"Desde 2003 trabalhando com not\u00edcias.","sameAs":["http:\/\/ubirataoline.com.br","https:\/\/www.facebook.com\/portalubirataonline","https:\/\/www.instagram.com\/ubirataonline_oficial","https:\/\/x.com\/x.com\/ubirataonline"],"honorificPrefix":"Mr.","honorificSuffix":"MD","birthDate":"1980-06-16","gender":"masculino","award":["V\u00e1rios pr\u00eamios de melhor portal da cidade"],"jobTitle":"Diretor","url":"https:\/\/ubirataonline.com.br\/en\/author\/ubirataonline\/"},{"@type":"PostalAddress","@id":"https:\/\/ubirataonline.com.br\/chuva-intensa-com-granizo-transforma-dia-em-noite-e-causa-estragos-em-curitiba\/#local-main-place-address","streetAddress":"Rua dos Coqueiros, 104 - Bairro Boa Vista, Rua dos Coqueiros, 104 Bairro Boa Vista","addressLocality":"UBIRATA","postalCode":"85440-000","addressRegion":"PR","addressCountry":"BR"},{"@type":"ImageObject","inLanguage":"en-US","@id":"https:\/\/ubirataonline.com.br\/chuva-intensa-com-granizo-transforma-dia-em-noite-e-causa-estragos-em-curitiba\/#local-main-organization-logo","url":"https:\/\/ubirataonline.com.br\/wp-content\/uploads\/2026\/06\/logoubirataonline-1.webp","contentUrl":"https:\/\/ubirataonline.com.br\/wp-content\/uploads\/2026\/06\/logoubirataonline-1.webp","width":500,"height":500,"caption":"Ubirat\u00e3 Online Not\u00edcias"}]},"geo.placename":"UBIRATA","geo.position":{"lat":"-24.5361401","long":"-52.9921776"},"geo.region":"Brazil"},"_links":{"self":[{"href":"https:\/\/ubirataonline.com.br\/en\/wp-json\/wp\/v2\/posts\/169411","targetHints":{"allow":["GET"]}}],"collection":[{"href":"https:\/\/ubirataonline.com.br\/en\/wp-json\/wp\/v2\/posts"}],"about":[{"href":"https:\/\/ubirataonline.com.br\/en\/wp-json\/wp\/v2\/types\/post"}],"author":[{"embeddable":true,"href":"https:\/\/ubirataonline.com.br\/en\/wp-json\/wp\/v2\/users\/1"}],"replies":[{"embeddable":true,"href":"https:\/\/ubirataonline.com.br\/en\/wp-json\/wp\/v2\/comments?post=169411"}],"version-history":[{"count":0,"href":"https:\/\/ubirataonline.com.br\/en\/wp-json\/wp\/v2\/posts\/169411\/revisions"}],"wp:featuredmedia":[{"embeddable":true,"href":"https:\/\/ubirataonline.com.br\/en\/wp-json\/wp\/v2\/media\/169412"}],"wp:attachment":[{"href":"https:\/\/ubirataonline.com.br\/en\/wp-json\/wp\/v2\/media?parent=169411"}],"wp:term":[{"taxonomy":"category","embeddable":true,"href":"https:\/\/ubirataonline.com.br\/en\/wp-json\/wp\/v2\/categories?post=169411"},{"taxonomy":"post_tag","embeddable":true,"href":"https:\/\/ubirataonline.com.br\/en\/wp-json\/wp\/v2\/tags?post=169411"}],"curies":[{"name":"wp","href":"https:\/\/api.w.org\/{rel}","templated":true}]}}