{"id":169434,"date":"2026-08-31T18:39:51","date_gmt":"2026-08-31T21:39:51","guid":{"rendered":"https:\/\/ubirataonline.com.br\/alexandre-curi-defende-fim-da-escala-6x1-com-compensacao-tributaria-para-empresarios\/"},"modified":"2026-08-31T18:39:51","modified_gmt":"2026-08-31T21:39:51","slug":"alexandre-curi-defende-fim-da-escala-6x1-com-compensacao-tributaria-para-empresarios","status":"publish","type":"post","link":"https:\/\/ubirataonline.com.br\/en\/alexandre-curi-defende-fim-da-escala-6x1-com-compensacao-tributaria-para-empresarios\/","title":{"rendered":"Alexandre Curi defende fim da escala 6&#215;1 com compensa\u00e7\u00e3o tribut\u00e1ria para empres\u00e1rios"},"content":{"rendered":"<h2>Alexandre Curi defende fim da escala 6&#215;1 com compensa\u00e7\u00e3o tribut\u00e1ria para empres\u00e1rios<\/h2>\n<p>O candidato ao Senado pelo Paran\u00e1, Alexandre Curi, afirmou ser favor\u00e1vel ao fim da escala 6&#215;1, desde que haja compensa\u00e7\u00e3o tribut\u00e1ria para micro e pequenos empres\u00e1rios. A declara\u00e7\u00e3o foi dada durante entrevista ao jornal Meio-Dia Paran\u00e1, da RPC, na \u00faltima segunda-feira (31).<\/p>\n<p>Curi ressaltou que apoia a redu\u00e7\u00e3o da jornada de trabalho para beneficiar os trabalhadores, destacando o impacto elevado do estresse na popula\u00e7\u00e3o. No entanto, alertou para os poss\u00edveis efeitos negativos sem a compensa\u00e7\u00e3o adequada, como demiss\u00f5es em massa no setor empresarial.<\/p>\n<h3>Condi\u00e7\u00f5es para o fim da escala 6&#215;1<\/h3>\n<p>O candidato enfatizou que a redu\u00e7\u00e3o da jornada deve ser acompanhada de responsabilidade fiscal. Segundo ele, a aus\u00eancia de uma compensa\u00e7\u00e3o tribut\u00e1ria que alivie o peso dos impostos para micro e pequenos empres\u00e1rios pode causar desemprego, pois os empregadores seriam obrigados a reduzir o quadro de funcion\u00e1rios.<\/p>\n<h3>Entrevista ampla abordou outros temas relevantes<\/h3>\n<p>Al\u00e9m da escala 6&#215;1, Curi respondeu sobre sua desist\u00eancia da candidatura ao Governo do Paran\u00e1 e a escolha por disputar o Senado. Ele afirmou que o interesse do estado \u00e9 priorit\u00e1rio e n\u00e3o se considera derrotado, ficando aberto a futuras oportunidades para o governo.<\/p>\n<p>O candidato tamb\u00e9m tratou do caso dos Di\u00e1rios Secretos, alegando desconhecimento das irregularidades durante seu per\u00edodo como primeiro-secret\u00e1rio da Assembleia Legislativa entre 2007 e 2010, e destacou as mudan\u00e7as implementadas na Casa desde ent\u00e3o.<\/p>\n<p>Ao comentar o acordo envolvendo o ex-presidente da Alep, Ademar Traiano, Curi afirmou respeitar as decis\u00f5es legais, mas evitou avaliar aspectos morais diretamente.<\/p>\n<h3>Outros pontos da entrevista<\/h3>\n<p>Sobre o uso controvertido de ve\u00edculos com placas secretas por deputados estaduais, lembrou que a resolu\u00e7\u00e3o que permitia a pr\u00e1tica foi aprovada antes de sua gest\u00e3o e posteriormente revogada.<\/p>\n<p>Tamb\u00e9m defendeu mecanismos de fiscaliza\u00e7\u00e3o externa para o Supremo Tribunal Federal (STF) visando maior transpar\u00eancia, assim como mudan\u00e7as no processo de escolha dos ministros para diminuir a influ\u00eancia pol\u00edtica.<\/p>\n<p>No campo da seguran\u00e7a, Curi destacou a necessidade de investimentos em infraestrutura e legisla\u00e7\u00e3o mais rigorosa para reduzir mortes nas rodovias federais do Paran\u00e1, al\u00e9m de apoio para obras importantes como a Ferroeste e a Malha Sul.<\/p>","protected":false},"excerpt":{"rendered":"<p>Alexandre Curi defende fim da escala 6&#215;1 com compensa\u00e7\u00e3o tribut\u00e1ria para empres\u00e1rios O candidato ao Senado pelo Paran\u00e1, Alexandre Curi, afirmou ser favor\u00e1vel ao fim da escala 6&#215;1, desde que haja compensa\u00e7\u00e3o tribut\u00e1ria para micro e pequenos empres\u00e1rios. A declara\u00e7\u00e3o foi dada durante entrevista ao jornal Meio-Dia Paran\u00e1, da RPC, na \u00faltima segunda-feira (31). Curi [&hellip;]<\/p>\n","protected":false},"author":1,"featured_media":169435,"comment_status":"","ping_status":"","sticky":false,"template":"","format":"standard","meta":{"googlesitekit_rrm_CAow2JLhCw:productID":"","_gspb_post_css":"","maa_idioma":"","maa_pais":"","footnotes":""},"categories":[4],"tags":[],"class_list":["post-169434","post","type-post","status-publish","format-standard","has-post-thumbnail","hentry","category-brasil"],"blocksy_meta":[],"yoast_head":"<!-- This site is optimized with the Yoast SEO Premium plugin v27.6 (Yoast SEO v27.6) - https:\/\/yoast.com\/product\/yoast-seo-premium-wordpress\/ -->\n<title>Alexandre Curi defende fim da escala 6x1 com compensa\u00e7\u00e3o tribut\u00e1ria para empres\u00e1rios - Ubirat\u00e3 Online Not\u00edcias - A realidade ao seu alcance!<\/title>\n<meta name=\"description\" content=\"Alexandre Curi defende fim da escala 6x1 com compensa\u00e7\u00e3o tribut\u00e1ria para empres\u00e1riosO candidato ao Senado pelo Paran\u00e1, Alexandre Curi, afirmou ser\" \/>\n<meta name=\"robots\" content=\"index, follow, max-snippet:-1, max-image-preview:large, max-video-preview:-1\" \/>\n<link rel=\"canonical\" href=\"https:\/\/ubirataonline.com.br\/en\/alexandre-curi-defende-fim-da-escala-6x1-com-compensacao-tributaria-para-empresarios\/\" \/>\n<meta property=\"og:locale\" content=\"en_US\" \/>\n<meta property=\"og:type\" content=\"article\" \/>\n<meta property=\"og:title\" content=\"Alexandre Curi defende fim da escala 6x1 com compensa\u00e7\u00e3o tribut\u00e1ria para empres\u00e1rios\" \/>\n<meta property=\"og:description\" content=\"Alexandre Curi defende fim da escala 6x1 com compensa\u00e7\u00e3o tribut\u00e1ria para empres\u00e1riosO candidato ao Senado pelo Paran\u00e1, Alexandre Curi, afirmou ser\" \/>\n<meta property=\"og:url\" content=\"https:\/\/ubirataonline.com.br\/en\/alexandre-curi-defende-fim-da-escala-6x1-com-compensacao-tributaria-para-empresarios\/\" \/>\n<meta property=\"og:site_name\" content=\"Ubirat\u00e3 Online Not\u00edcias - A realidade ao seu alcance!\" \/>\n<meta property=\"article:publisher\" content=\"https:\/\/www.facebook.com\/portalubirataonline\" \/>\n<meta property=\"article:author\" content=\"https:\/\/www.facebook.com\/portalubirataonline\" \/>\n<meta property=\"article:published_time\" content=\"2026-08-31T21:39:51+00:00\" \/>\n<meta property=\"og:image\" content=\"https:\/\/ubirataonline.com.br\/wp-content\/uploads\/2026\/05\/logo2026.webp\" \/>\n\t<meta property=\"og:image:width\" content=\"1531\" \/>\n\t<meta property=\"og:image:height\" content=\"418\" \/>\n\t<meta property=\"og:image:type\" content=\"image\/webp\" \/>\n<meta name=\"author\" content=\"REDA\u00c7\u00c3O: UBIRAT\u00c3 ONLINE - F\u00c1BIO AUGUSTO CELESTINO\" \/>\n<meta name=\"twitter:card\" content=\"summary_large_image\" \/>\n<meta name=\"twitter:creator\" content=\"@x.com\/ubirataonline\" \/>\n<meta name=\"twitter:site\" content=\"@ubirataonline\" \/>\n<meta name=\"twitter:label1\" content=\"Written by\" \/>\n\t<meta name=\"twitter:data1\" content=\"REDA\u00c7\u00c3O: UBIRAT\u00c3 ONLINE - F\u00c1BIO AUGUSTO CELESTINO\" \/>\n\t<meta name=\"twitter:label2\" content=\"Est. reading time\" \/>\n\t<meta name=\"twitter:data2\" content=\"2 minutes\" \/>\n<script type=\"application\/ld+json\" class=\"yoast-schema-graph\">{\"@context\":\"https:\\\/\\\/schema.org\",\"@graph\":[{\"@type\":\"NewsArticle\",\"@id\":\"https:\\\/\\\/ubirataonline.com.br\\\/alexandre-curi-defende-fim-da-escala-6x1-com-compensacao-tributaria-para-empresarios\\\/#article\",\"isPartOf\":{\"@id\":\"https:\\\/\\\/ubirataonline.com.br\\\/alexandre-curi-defende-fim-da-escala-6x1-com-compensacao-tributaria-para-empresarios\\\/\"},\"author\":{\"name\":\"REDA\u00c7\u00c3O: UBIRAT\u00c3 ONLINE - F\u00c1BIO AUGUSTO CELESTINO\",\"@id\":\"https:\\\/\\\/ubirataonline.com.br\\\/#\\\/schema\\\/person\\\/372f87bbd3fdd79b8556b84c98d0bc1c\"},\"headline\":\"Alexandre Curi defende fim da escala 6&#215;1 com compensa\u00e7\u00e3o tribut\u00e1ria para empres\u00e1rios\",\"datePublished\":\"2026-08-31T21:39:51+00:00\",\"mainEntityOfPage\":{\"@id\":\"https:\\\/\\\/ubirataonline.com.br\\\/alexandre-curi-defende-fim-da-escala-6x1-com-compensacao-tributaria-para-empresarios\\\/\"},\"wordCount\":410,\"publisher\":{\"@id\":\"https:\\\/\\\/ubirataonline.com.br\\\/#organization\"},\"image\":{\"@id\":\"https:\\\/\\\/ubirataonline.com.br\\\/alexandre-curi-defende-fim-da-escala-6x1-com-compensacao-tributaria-para-empresarios\\\/#primaryimage\"},\"thumbnailUrl\":\"https:\\\/\\\/ubirataonline.com.br\\\/wp-content\\\/uploads\\\/2026\\\/08\\\/maaimg-post-169434-20260831-214012.webp\",\"articleSection\":[\"Brasil\"],\"inLanguage\":\"en-US\",\"copyrightYear\":\"2026\",\"copyrightHolder\":{\"@id\":\"https:\\\/\\\/ubirataonline.com.br\\\/en\\\/#organization\"}},{\"@type\":\"WebPage\",\"@id\":\"https:\\\/\\\/ubirataonline.com.br\\\/alexandre-curi-defende-fim-da-escala-6x1-com-compensacao-tributaria-para-empresarios\\\/\",\"url\":\"https:\\\/\\\/ubirataonline.com.br\\\/alexandre-curi-defende-fim-da-escala-6x1-com-compensacao-tributaria-para-empresarios\\\/\",\"name\":\"Alexandre Curi defende fim da escala 6x1 com compensa\u00e7\u00e3o tribut\u00e1ria para empres\u00e1rios - Ubirat\u00e3 Online Not\u00edcias - A realidade ao seu alcance!\",\"isPartOf\":{\"@id\":\"https:\\\/\\\/ubirataonline.com.br\\\/#website\"},\"primaryImageOfPage\":{\"@id\":\"https:\\\/\\\/ubirataonline.com.br\\\/alexandre-curi-defende-fim-da-escala-6x1-com-compensacao-tributaria-para-empresarios\\\/#primaryimage\"},\"image\":{\"@id\":\"https:\\\/\\\/ubirataonline.com.br\\\/alexandre-curi-defende-fim-da-escala-6x1-com-compensacao-tributaria-para-empresarios\\\/#primaryimage\"},\"thumbnailUrl\":\"https:\\\/\\\/ubirataonline.com.br\\\/wp-content\\\/uploads\\\/2026\\\/08\\\/maaimg-post-169434-20260831-214012.webp\",\"datePublished\":\"2026-08-31T21:39:51+00:00\",\"description\":\"Alexandre Curi defende fim da escala 6x1 com compensa\u00e7\u00e3o tribut\u00e1ria para empres\u00e1riosO candidato ao Senado pelo Paran\u00e1, Alexandre Curi, afirmou ser\",\"breadcrumb\":{\"@id\":\"https:\\\/\\\/ubirataonline.com.br\\\/alexandre-curi-defende-fim-da-escala-6x1-com-compensacao-tributaria-para-empresarios\\\/#breadcrumb\"},\"inLanguage\":\"en-US\",\"potentialAction\":[{\"@type\":\"ReadAction\",\"target\":[\"https:\\\/\\\/ubirataonline.com.br\\\/alexandre-curi-defende-fim-da-escala-6x1-com-compensacao-tributaria-para-empresarios\\\/\"]}]},{\"@type\":\"ImageObject\",\"inLanguage\":\"en-US\",\"@id\":\"https:\\\/\\\/ubirataonline.com.br\\\/alexandre-curi-defende-fim-da-escala-6x1-com-compensacao-tributaria-para-empresarios\\\/#primaryimage\",\"url\":\"https:\\\/\\\/ubirataonline.com.br\\\/wp-content\\\/uploads\\\/2026\\\/08\\\/maaimg-post-169434-20260831-214012.webp\",\"contentUrl\":\"https:\\\/\\\/ubirataonline.com.br\\\/wp-content\\\/uploads\\\/2026\\\/08\\\/maaimg-post-169434-20260831-214012.webp\",\"width\":1536,\"height\":1024,\"caption\":\"Imagem horizontal representando Alexandre Curi defende fim da escala 6x1 com compensa\u00e7\u00e3o tribut\u00e1ria\"},{\"@type\":\"BreadcrumbList\",\"@id\":\"https:\\\/\\\/ubirataonline.com.br\\\/alexandre-curi-defende-fim-da-escala-6x1-com-compensacao-tributaria-para-empresarios\\\/#breadcrumb\",\"itemListElement\":[{\"@type\":\"ListItem\",\"position\":1,\"name\":\"In\u00edcio\",\"item\":\"https:\\\/\\\/ubirataonline.com.br\\\/\"},{\"@type\":\"ListItem\",\"position\":2,\"name\":\"Alexandre Curi defende fim da escala 6&#215;1 com compensa\u00e7\u00e3o tribut\u00e1ria para empres\u00e1rios\"}]},{\"@type\":\"WebSite\",\"@id\":\"https:\\\/\\\/ubirataonline.com.br\\\/#website\",\"url\":\"https:\\\/\\\/ubirataonline.com.br\\\/\",\"name\":\"Ubirat\u00e3 Online Not\u00edcias\",\"description\":\"Not\u00edcias de Ubirat\u00e3, regi\u00e3o, Brasil e mundo, com informa\u00e7\u00e3o atualizada e compromisso com o leitor.\",\"publisher\":{\"@id\":\"https:\\\/\\\/ubirataonline.com.br\\\/#organization\"},\"alternateName\":\"Ubirat\u00e3 Online\",\"potentialAction\":[{\"@type\":\"SearchAction\",\"target\":{\"@type\":\"EntryPoint\",\"urlTemplate\":\"https:\\\/\\\/ubirataonline.com.br\\\/?s={search_term_string}\"},\"query-input\":{\"@type\":\"PropertyValueSpecification\",\"valueRequired\":true,\"valueName\":\"search_term_string\"}}],\"inLanguage\":\"en-US\"},{\"@type\":[\"Organization\",\"Place\"],\"@id\":\"https:\\\/\\\/ubirataonline.com.br\\\/#organization\",\"name\":\"Ubirat\u00e3 Online Not\u00edcias\",\"alternateName\":\"Ubirat\u00e3 Online\",\"url\":\"https:\\\/\\\/ubirataonline.com.br\\\/\",\"logo\":{\"@id\":\"https:\\\/\\\/ubirataonline.com.br\\\/alexandre-curi-defende-fim-da-escala-6x1-com-compensacao-tributaria-para-empresarios\\\/#local-main-organization-logo\"},\"image\":{\"@id\":\"https:\\\/\\\/ubirataonline.com.br\\\/alexandre-curi-defende-fim-da-escala-6x1-com-compensacao-tributaria-para-empresarios\\\/#local-main-organization-logo\"},\"sameAs\":[\"https:\\\/\\\/www.facebook.com\\\/portalubirataonline\",\"https:\\\/\\\/x.com\\\/ubirataonline\",\"https:\\\/\\\/mastodon.social\\\/@ubirataonline\",\"https:\\\/\\\/www.facebook.com\\\/groups\\\/311144672285604\",\"https:\\\/\\\/www.facebook.com\\\/UBTAOnline\",\"https:\\\/\\\/www.instagram.com\\\/portalubirataonline\\\/\",\"https:\\\/\\\/twitter.com\\\/ubirataonline\"],\"description\":\"Somos um portal de not\u00edcias independente, criado em 5 de janeiro de 2009, com o objetivo de informar, conectar e valorizar a nossa comunidade de Ubirat\u00e3 e toda aregi\u00e3o. Com conte\u00fado atualizado, confi\u00e1vel e relevante, o Ubirat\u00e3 Online \u00e9 o seu espa\u00e7o para ficar por dentro dos principais acontecimentos locais, regionais, Brasil, Mundo e de interesse geral. Nosso compromisso \u00e9 com a verdade, a transpar\u00eancia e o respeito ao leitor.\",\"legalName\":\"UBIRATA ONLINE NOT\u00cdCIAS\",\"foundingDate\":\"2009-01-05\",\"numberOfEmployees\":{\"@type\":\"QuantitativeValue\",\"minValue\":\"1\",\"maxValue\":\"10\"},\"publishingPrinciples\":\"https:\\\/\\\/ubirataonline.com.br\\\/faq\\\/\",\"address\":{\"@id\":\"https:\\\/\\\/ubirataonline.com.br\\\/alexandre-curi-defende-fim-da-escala-6x1-com-compensacao-tributaria-para-empresarios\\\/#local-main-place-address\"},\"geo\":{\"@type\":\"GeoCoordinates\",\"latitude\":\"-24.5361401\",\"longitude\":\"-52.9921776\"},\"telephone\":[\"+5544998308235\"],\"contactPoint\":{\"@type\":\"ContactPoint\",\"email\":\"contato@ubirataonline.com.br\"},\"openingHoursSpecification\":{\"@type\":\"OpeningHoursSpecification\",\"dayOfWeek\":[\"Monday\",\"Tuesday\",\"Wednesday\",\"Thursday\",\"Friday\",\"Saturday\",\"Sunday\"],\"opens\":\"00:00\",\"closes\":\"23:59\"},\"email\":\"contato@ubirataonline.com.br\",\"vatID\":\"47.621.418\\\/0001-80\"},{\"@type\":\"Person\",\"@id\":\"https:\\\/\\\/ubirataonline.com.br\\\/#\\\/schema\\\/person\\\/372f87bbd3fdd79b8556b84c98d0bc1c\",\"name\":\"REDA\u00c7\u00c3O: UBIRAT\u00c3 ONLINE - F\u00c1BIO AUGUSTO CELESTINO\",\"pronouns\":\"Ele\",\"description\":\"Desde 2003 trabalhando com not\u00edcias.\",\"sameAs\":[\"http:\\\/\\\/ubirataoline.com.br\",\"https:\\\/\\\/www.facebook.com\\\/portalubirataonline\",\"https:\\\/\\\/www.instagram.com\\\/ubirataonline_oficial\",\"https:\\\/\\\/x.com\\\/x.com\\\/ubirataonline\"],\"honorificPrefix\":\"Mr.\",\"honorificSuffix\":\"MD\",\"birthDate\":\"1980-06-16\",\"gender\":\"masculino\",\"award\":[\"V\u00e1rios pr\u00eamios de melhor portal da cidade\"],\"jobTitle\":\"Diretor\",\"url\":\"https:\\\/\\\/ubirataonline.com.br\\\/en\\\/author\\\/ubirataonline\\\/\"},{\"@type\":\"PostalAddress\",\"@id\":\"https:\\\/\\\/ubirataonline.com.br\\\/alexandre-curi-defende-fim-da-escala-6x1-com-compensacao-tributaria-para-empresarios\\\/#local-main-place-address\",\"streetAddress\":\"Rua dos Coqueiros, 104 - Bairro Boa Vista, Rua dos Coqueiros, 104 Bairro Boa Vista\",\"addressLocality\":\"UBIRATA\",\"postalCode\":\"85440-000\",\"addressRegion\":\"PR\",\"addressCountry\":\"BR\"},{\"@type\":\"ImageObject\",\"inLanguage\":\"en-US\",\"@id\":\"https:\\\/\\\/ubirataonline.com.br\\\/alexandre-curi-defende-fim-da-escala-6x1-com-compensacao-tributaria-para-empresarios\\\/#local-main-organization-logo\",\"url\":\"https:\\\/\\\/ubirataonline.com.br\\\/wp-content\\\/uploads\\\/2026\\\/06\\\/logoubirataonline-1.webp\",\"contentUrl\":\"https:\\\/\\\/ubirataonline.com.br\\\/wp-content\\\/uploads\\\/2026\\\/06\\\/logoubirataonline-1.webp\",\"width\":500,\"height\":500,\"caption\":\"Ubirat\u00e3 Online Not\u00edcias\"}]}<\/script>\n<meta name=\"geo.placename\" content=\"UBIRATA\" \/>\n<meta name=\"geo.position\" content=\"-24.5361401;-52.9921776\" \/>\n<meta name=\"geo.region\" content=\"Brazil\" \/>\n<!-- \/ Yoast SEO Premium plugin. -->","yoast_head_json":{"title":"Alexandre Curi defende fim da escala 6x1 com compensa\u00e7\u00e3o tribut\u00e1ria para empres\u00e1rios - Ubirat\u00e3 Online Not\u00edcias - A realidade ao seu alcance!","description":"Alexandre Curi defende fim da escala 6x1 com compensa\u00e7\u00e3o tribut\u00e1ria para empres\u00e1riosO candidato ao Senado pelo Paran\u00e1, Alexandre Curi, afirmou ser","robots":{"index":"index","follow":"follow","max-snippet":"max-snippet:-1","max-image-preview":"max-image-preview:large","max-video-preview":"max-video-preview:-1"},"canonical":"https:\/\/ubirataonline.com.br\/en\/alexandre-curi-defende-fim-da-escala-6x1-com-compensacao-tributaria-para-empresarios\/","og_locale":"en_US","og_type":"article","og_title":"Alexandre Curi defende fim da escala 6x1 com compensa\u00e7\u00e3o tribut\u00e1ria para empres\u00e1rios","og_description":"Alexandre Curi defende fim da escala 6x1 com compensa\u00e7\u00e3o tribut\u00e1ria para empres\u00e1riosO candidato ao Senado pelo Paran\u00e1, Alexandre Curi, afirmou ser","og_url":"https:\/\/ubirataonline.com.br\/en\/alexandre-curi-defende-fim-da-escala-6x1-com-compensacao-tributaria-para-empresarios\/","og_site_name":"Ubirat\u00e3 Online Not\u00edcias - A realidade ao seu alcance!","article_publisher":"https:\/\/www.facebook.com\/portalubirataonline","article_author":"https:\/\/www.facebook.com\/portalubirataonline","article_published_time":"2026-08-31T21:39:51+00:00","og_image":[{"width":1531,"height":418,"url":"https:\/\/ubirataonline.com.br\/wp-content\/uploads\/2026\/05\/logo2026.webp","type":"image\/webp"}],"author":"REDA\u00c7\u00c3O: UBIRAT\u00c3 ONLINE - F\u00c1BIO AUGUSTO CELESTINO","twitter_card":"summary_large_image","twitter_creator":"@x.com\/ubirataonline","twitter_site":"@ubirataonline","twitter_misc":{"Written by":"REDA\u00c7\u00c3O: UBIRAT\u00c3 ONLINE - F\u00c1BIO AUGUSTO CELESTINO","Est. reading time":"2 minutes"},"schema":{"@context":"https:\/\/schema.org","@graph":[{"@type":"NewsArticle","@id":"https:\/\/ubirataonline.com.br\/alexandre-curi-defende-fim-da-escala-6x1-com-compensacao-tributaria-para-empresarios\/#article","isPartOf":{"@id":"https:\/\/ubirataonline.com.br\/alexandre-curi-defende-fim-da-escala-6x1-com-compensacao-tributaria-para-empresarios\/"},"author":{"name":"REDA\u00c7\u00c3O: UBIRAT\u00c3 ONLINE - F\u00c1BIO AUGUSTO CELESTINO","@id":"https:\/\/ubirataonline.com.br\/#\/schema\/person\/372f87bbd3fdd79b8556b84c98d0bc1c"},"headline":"Alexandre Curi defende fim da escala 6&#215;1 com compensa\u00e7\u00e3o tribut\u00e1ria para empres\u00e1rios","datePublished":"2026-08-31T21:39:51+00:00","mainEntityOfPage":{"@id":"https:\/\/ubirataonline.com.br\/alexandre-curi-defende-fim-da-escala-6x1-com-compensacao-tributaria-para-empresarios\/"},"wordCount":410,"publisher":{"@id":"https:\/\/ubirataonline.com.br\/#organization"},"image":{"@id":"https:\/\/ubirataonline.com.br\/alexandre-curi-defende-fim-da-escala-6x1-com-compensacao-tributaria-para-empresarios\/#primaryimage"},"thumbnailUrl":"https:\/\/ubirataonline.com.br\/wp-content\/uploads\/2026\/08\/maaimg-post-169434-20260831-214012.webp","articleSection":["Brasil"],"inLanguage":"en-US","copyrightYear":"2026","copyrightHolder":{"@id":"https:\/\/ubirataonline.com.br\/en\/#organization"}},{"@type":"WebPage","@id":"https:\/\/ubirataonline.com.br\/alexandre-curi-defende-fim-da-escala-6x1-com-compensacao-tributaria-para-empresarios\/","url":"https:\/\/ubirataonline.com.br\/alexandre-curi-defende-fim-da-escala-6x1-com-compensacao-tributaria-para-empresarios\/","name":"Alexandre Curi defende fim da escala 6x1 com compensa\u00e7\u00e3o tribut\u00e1ria para empres\u00e1rios - Ubirat\u00e3 Online Not\u00edcias - A realidade ao seu alcance!","isPartOf":{"@id":"https:\/\/ubirataonline.com.br\/#website"},"primaryImageOfPage":{"@id":"https:\/\/ubirataonline.com.br\/alexandre-curi-defende-fim-da-escala-6x1-com-compensacao-tributaria-para-empresarios\/#primaryimage"},"image":{"@id":"https:\/\/ubirataonline.com.br\/alexandre-curi-defende-fim-da-escala-6x1-com-compensacao-tributaria-para-empresarios\/#primaryimage"},"thumbnailUrl":"https:\/\/ubirataonline.com.br\/wp-content\/uploads\/2026\/08\/maaimg-post-169434-20260831-214012.webp","datePublished":"2026-08-31T21:39:51+00:00","description":"Alexandre Curi defende fim da escala 6x1 com compensa\u00e7\u00e3o tribut\u00e1ria para empres\u00e1riosO candidato ao Senado pelo Paran\u00e1, Alexandre Curi, afirmou ser","breadcrumb":{"@id":"https:\/\/ubirataonline.com.br\/alexandre-curi-defende-fim-da-escala-6x1-com-compensacao-tributaria-para-empresarios\/#breadcrumb"},"inLanguage":"en-US","potentialAction":[{"@type":"ReadAction","target":["https:\/\/ubirataonline.com.br\/alexandre-curi-defende-fim-da-escala-6x1-com-compensacao-tributaria-para-empresarios\/"]}]},{"@type":"ImageObject","inLanguage":"en-US","@id":"https:\/\/ubirataonline.com.br\/alexandre-curi-defende-fim-da-escala-6x1-com-compensacao-tributaria-para-empresarios\/#primaryimage","url":"https:\/\/ubirataonline.com.br\/wp-content\/uploads\/2026\/08\/maaimg-post-169434-20260831-214012.webp","contentUrl":"https:\/\/ubirataonline.com.br\/wp-content\/uploads\/2026\/08\/maaimg-post-169434-20260831-214012.webp","width":1536,"height":1024,"caption":"Imagem horizontal representando Alexandre Curi defende fim da escala 6x1 com compensa\u00e7\u00e3o tribut\u00e1ria"},{"@type":"BreadcrumbList","@id":"https:\/\/ubirataonline.com.br\/alexandre-curi-defende-fim-da-escala-6x1-com-compensacao-tributaria-para-empresarios\/#breadcrumb","itemListElement":[{"@type":"ListItem","position":1,"name":"In\u00edcio","item":"https:\/\/ubirataonline.com.br\/"},{"@type":"ListItem","position":2,"name":"Alexandre Curi defende fim da escala 6&#215;1 com compensa\u00e7\u00e3o tribut\u00e1ria para empres\u00e1rios"}]},{"@type":"WebSite","@id":"https:\/\/ubirataonline.com.br\/#website","url":"https:\/\/ubirataonline.com.br\/","name":"Ubirat\u00e3 Online Not\u00edcias","description":"Not\u00edcias de Ubirat\u00e3, regi\u00e3o, Brasil e mundo, com informa\u00e7\u00e3o atualizada e compromisso com o leitor.","publisher":{"@id":"https:\/\/ubirataonline.com.br\/#organization"},"alternateName":"Ubirat\u00e3 Online","potentialAction":[{"@type":"SearchAction","target":{"@type":"EntryPoint","urlTemplate":"https:\/\/ubirataonline.com.br\/?s={search_term_string}"},"query-input":{"@type":"PropertyValueSpecification","valueRequired":true,"valueName":"search_term_string"}}],"inLanguage":"en-US"},{"@type":["Organization","Place"],"@id":"https:\/\/ubirataonline.com.br\/#organization","name":"Ubirat\u00e3 Online Not\u00edcias","alternateName":"Ubirat\u00e3 Online","url":"https:\/\/ubirataonline.com.br\/","logo":{"@id":"https:\/\/ubirataonline.com.br\/alexandre-curi-defende-fim-da-escala-6x1-com-compensacao-tributaria-para-empresarios\/#local-main-organization-logo"},"image":{"@id":"https:\/\/ubirataonline.com.br\/alexandre-curi-defende-fim-da-escala-6x1-com-compensacao-tributaria-para-empresarios\/#local-main-organization-logo"},"sameAs":["https:\/\/www.facebook.com\/portalubirataonline","https:\/\/x.com\/ubirataonline","https:\/\/mastodon.social\/@ubirataonline","https:\/\/www.facebook.com\/groups\/311144672285604","https:\/\/www.facebook.com\/UBTAOnline","https:\/\/www.instagram.com\/portalubirataonline\/","https:\/\/twitter.com\/ubirataonline"],"description":"Somos um portal de not\u00edcias independente, criado em 5 de janeiro de 2009, com o objetivo de informar, conectar e valorizar a nossa comunidade de Ubirat\u00e3 e toda aregi\u00e3o. Com conte\u00fado atualizado, confi\u00e1vel e relevante, o Ubirat\u00e3 Online \u00e9 o seu espa\u00e7o para ficar por dentro dos principais acontecimentos locais, regionais, Brasil, Mundo e de interesse geral. Nosso compromisso \u00e9 com a verdade, a transpar\u00eancia e o respeito ao leitor.","legalName":"UBIRATA ONLINE NOT\u00cdCIAS","foundingDate":"2009-01-05","numberOfEmployees":{"@type":"QuantitativeValue","minValue":"1","maxValue":"10"},"publishingPrinciples":"https:\/\/ubirataonline.com.br\/faq\/","address":{"@id":"https:\/\/ubirataonline.com.br\/alexandre-curi-defende-fim-da-escala-6x1-com-compensacao-tributaria-para-empresarios\/#local-main-place-address"},"geo":{"@type":"GeoCoordinates","latitude":"-24.5361401","longitude":"-52.9921776"},"telephone":["+5544998308235"],"contactPoint":{"@type":"ContactPoint","email":"contato@ubirataonline.com.br"},"openingHoursSpecification":{"@type":"OpeningHoursSpecification","dayOfWeek":["Monday","Tuesday","Wednesday","Thursday","Friday","Saturday","Sunday"],"opens":"00:00","closes":"23:59"},"email":"contato@ubirataonline.com.br","vatID":"47.621.418\/0001-80"},{"@type":"Person","@id":"https:\/\/ubirataonline.com.br\/#\/schema\/person\/372f87bbd3fdd79b8556b84c98d0bc1c","name":"REDA\u00c7\u00c3O: UBIRAT\u00c3 ONLINE - F\u00c1BIO AUGUSTO CELESTINO","pronouns":"Ele","description":"Desde 2003 trabalhando com not\u00edcias.","sameAs":["http:\/\/ubirataoline.com.br","https:\/\/www.facebook.com\/portalubirataonline","https:\/\/www.instagram.com\/ubirataonline_oficial","https:\/\/x.com\/x.com\/ubirataonline"],"honorificPrefix":"Mr.","honorificSuffix":"MD","birthDate":"1980-06-16","gender":"masculino","award":["V\u00e1rios pr\u00eamios de melhor portal da cidade"],"jobTitle":"Diretor","url":"https:\/\/ubirataonline.com.br\/en\/author\/ubirataonline\/"},{"@type":"PostalAddress","@id":"https:\/\/ubirataonline.com.br\/alexandre-curi-defende-fim-da-escala-6x1-com-compensacao-tributaria-para-empresarios\/#local-main-place-address","streetAddress":"Rua dos Coqueiros, 104 - Bairro Boa Vista, Rua dos Coqueiros, 104 Bairro Boa Vista","addressLocality":"UBIRATA","postalCode":"85440-000","addressRegion":"PR","addressCountry":"BR"},{"@type":"ImageObject","inLanguage":"en-US","@id":"https:\/\/ubirataonline.com.br\/alexandre-curi-defende-fim-da-escala-6x1-com-compensacao-tributaria-para-empresarios\/#local-main-organization-logo","url":"https:\/\/ubirataonline.com.br\/wp-content\/uploads\/2026\/06\/logoubirataonline-1.webp","contentUrl":"https:\/\/ubirataonline.com.br\/wp-content\/uploads\/2026\/06\/logoubirataonline-1.webp","width":500,"height":500,"caption":"Ubirat\u00e3 Online Not\u00edcias"}]},"geo.placename":"UBIRATA","geo.position":{"lat":"-24.5361401","long":"-52.9921776"},"geo.region":"Brazil"},"_links":{"self":[{"href":"https:\/\/ubirataonline.com.br\/en\/wp-json\/wp\/v2\/posts\/169434","targetHints":{"allow":["GET"]}}],"collection":[{"href":"https:\/\/ubirataonline.com.br\/en\/wp-json\/wp\/v2\/posts"}],"about":[{"href":"https:\/\/ubirataonline.com.br\/en\/wp-json\/wp\/v2\/types\/post"}],"author":[{"embeddable":true,"href":"https:\/\/ubirataonline.com.br\/en\/wp-json\/wp\/v2\/users\/1"}],"replies":[{"embeddable":true,"href":"https:\/\/ubirataonline.com.br\/en\/wp-json\/wp\/v2\/comments?post=169434"}],"version-history":[{"count":0,"href":"https:\/\/ubirataonline.com.br\/en\/wp-json\/wp\/v2\/posts\/169434\/revisions"}],"wp:featuredmedia":[{"embeddable":true,"href":"https:\/\/ubirataonline.com.br\/en\/wp-json\/wp\/v2\/media\/169435"}],"wp:attachment":[{"href":"https:\/\/ubirataonline.com.br\/en\/wp-json\/wp\/v2\/media?parent=169434"}],"wp:term":[{"taxonomy":"category","embeddable":true,"href":"https:\/\/ubirataonline.com.br\/en\/wp-json\/wp\/v2\/categories?post=169434"},{"taxonomy":"post_tag","embeddable":true,"href":"https:\/\/ubirataonline.com.br\/en\/wp-json\/wp\/v2\/tags?post=169434"}],"curies":[{"name":"wp","href":"https:\/\/api.w.org\/{rel}","templated":true}]}}