{"id":169445,"date":"2026-08-31T19:31:53","date_gmt":"2026-08-31T22:31:53","guid":{"rendered":"https:\/\/ubirataonline.com.br\/eleicoes-2026-conheca-os-candidatos-ao-senado-pelo-parana\/"},"modified":"2026-08-31T19:31:53","modified_gmt":"2026-08-31T22:31:53","slug":"eleicoes-2026-conheca-os-candidatos-ao-senado-pelo-parana","status":"publish","type":"post","link":"https:\/\/ubirataonline.com.br\/en\/eleicoes-2026-conheca-os-candidatos-ao-senado-pelo-parana\/","title":{"rendered":"Elei\u00e7\u00f5es 2026: conhe\u00e7a os candidatos ao Senado pelo Paran\u00e1"},"content":{"rendered":"<p>O Paran\u00e1 conta com nove candidatos registrados para concorrer a duas vagas no Senado Federal nas Elei\u00e7\u00f5es de 2026. O pleito ocorrer\u00e1 no dia 4 de outubro, em turno \u00fanico, e os dois candidatos que receberem o maior n\u00famero de votos no estado ser\u00e3o eleitos para mandatos de oito anos.<\/p>\n<p>Nas elei\u00e7\u00f5es de 2026, o Senado renovar\u00e1 dois ter\u00e7os de suas 81 cadeiras, totalizando 54 vagas em disputa no pa\u00eds, sendo duas por estado e pelo Distrito Federal. Cada eleitor poder\u00e1 escolher at\u00e9 dois nomes para o cargo de senador.<\/p>\n<h3>Lista dos candidatos pelo Paran\u00e1<\/h3>\n<p>Conforme dados do Tribunal Superior Eleitoral (TSE), os candidatos que disputam as vagas pelo estado s\u00e3o os seguintes, em ordem alfab\u00e9tica:<\/p>\n<ul>\n<li>Alexandre Curi (REPUBLICANOS) &#8211; n\u00famero 100<\/li>\n<li>Cristina Graeml (PSD) &#8211; n\u00famero 555<\/li>\n<li>Deltan Dallagnol (NOVO) &#8211; n\u00famero 300<\/li>\n<li>Dr Rosinha (PT) &#8211; n\u00famero 132<\/li>\n<li>Filipe Barros (PL) &#8211; n\u00famero 222<\/li>\n<li>Gleisi (PT) &#8211; n\u00famero 131<\/li>\n<li>Joaquim do Mlb (UP) &#8211; n\u00famero 800<\/li>\n<li>Karen Guerreiro (MISS\u00c3O) &#8211; n\u00famero 144<\/li>\n<li>Marcelo Marcelino (PCO) &#8211; n\u00famero 290<\/li>\n<\/ul>\n<p>Todos os candidatos est\u00e3o concorrendo, com suas candidaturas aguardando julgamento pela Justi\u00e7a Eleitoral.<\/p>\n<h3>Funcionamento da elei\u00e7\u00e3o para o Senado<\/h3>\n<p>Segundo o TSE, a elei\u00e7\u00e3o senatorial ocorre em turno \u00fanico com cada eleitor podendo votar em at\u00e9 dois candidatos. Os dois mais votados conquistam mandatos que duram oito anos. Esta rodada de elei\u00e7\u00f5es renovar\u00e1 dois ter\u00e7os das cadeiras do Senado, um total de 54 senadores.<\/p>\n<p>As candidaturas s\u00e3o classificadas em duas categorias principais: concorrendo \u2014 que inclui candidatos deferidos e com pend\u00eancias de recursos \u2014 e inapto, que engloba situa\u00e7\u00f5es como pedidos indeferidos, cancelados ou ren\u00fancias. A Justi\u00e7a Eleitoral mant\u00e9m registros atualizados at\u00e9 o dia da elei\u00e7\u00e3o e pode haver nomes duplicados na lista, sendo apenas um considerado apto para concorrer.<\/p>","protected":false},"excerpt":{"rendered":"<p>O Paran\u00e1 conta com nove candidatos registrados para concorrer a duas vagas no Senado Federal nas Elei\u00e7\u00f5es de 2026. O pleito ocorrer\u00e1 no dia 4 de outubro, em turno \u00fanico, e os dois candidatos que receberem o maior n\u00famero de votos no estado ser\u00e3o eleitos para mandatos de oito anos. Nas elei\u00e7\u00f5es de 2026, o [&hellip;]<\/p>\n","protected":false},"author":1,"featured_media":169446,"comment_status":"","ping_status":"","sticky":false,"template":"","format":"standard","meta":{"googlesitekit_rrm_CAow2JLhCw:productID":"","_gspb_post_css":"","maa_idioma":"","maa_pais":"","footnotes":""},"categories":[4],"tags":[],"class_list":["post-169445","post","type-post","status-publish","format-standard","has-post-thumbnail","hentry","category-brasil"],"blocksy_meta":[],"yoast_head":"<!-- This site is optimized with the Yoast SEO Premium plugin v27.6 (Yoast SEO v27.6) - https:\/\/yoast.com\/product\/yoast-seo-premium-wordpress\/ -->\n<title>Elei\u00e7\u00f5es 2026: conhe\u00e7a os candidatos ao Senado pelo Paran\u00e1 - Ubirat\u00e3 Online Not\u00edcias - A realidade ao seu alcance!<\/title>\n<meta name=\"description\" content=\"O Paran\u00e1 conta com nove candidatos registrados para concorrer a duas vagas no Senado Federal nas Elei\u00e7\u00f5es de 2026. O pleito ocorrer\u00e1 no dia 4 de outubro,\" \/>\n<meta name=\"robots\" content=\"index, follow, max-snippet:-1, max-image-preview:large, max-video-preview:-1\" \/>\n<link rel=\"canonical\" href=\"https:\/\/ubirataonline.com.br\/en\/eleicoes-2026-conheca-os-candidatos-ao-senado-pelo-parana\/\" \/>\n<meta property=\"og:locale\" content=\"en_US\" \/>\n<meta property=\"og:type\" content=\"article\" \/>\n<meta property=\"og:title\" content=\"Elei\u00e7\u00f5es 2026: conhe\u00e7a os candidatos ao Senado pelo Paran\u00e1\" \/>\n<meta property=\"og:description\" content=\"O Paran\u00e1 conta com nove candidatos registrados para concorrer a duas vagas no Senado Federal nas Elei\u00e7\u00f5es de 2026. O pleito ocorrer\u00e1 no dia 4 de outubro,\" \/>\n<meta property=\"og:url\" content=\"https:\/\/ubirataonline.com.br\/en\/eleicoes-2026-conheca-os-candidatos-ao-senado-pelo-parana\/\" \/>\n<meta property=\"og:site_name\" content=\"Ubirat\u00e3 Online Not\u00edcias - A realidade ao seu alcance!\" \/>\n<meta property=\"article:publisher\" content=\"https:\/\/www.facebook.com\/portalubirataonline\" \/>\n<meta property=\"article:author\" content=\"https:\/\/www.facebook.com\/portalubirataonline\" \/>\n<meta property=\"article:published_time\" content=\"2026-08-31T22:31:53+00:00\" \/>\n<meta property=\"og:image\" content=\"https:\/\/ubirataonline.com.br\/wp-content\/uploads\/2026\/05\/logo2026.webp\" \/>\n\t<meta property=\"og:image:width\" content=\"1531\" \/>\n\t<meta property=\"og:image:height\" content=\"418\" \/>\n\t<meta property=\"og:image:type\" content=\"image\/webp\" \/>\n<meta name=\"author\" content=\"REDA\u00c7\u00c3O: UBIRAT\u00c3 ONLINE - F\u00c1BIO AUGUSTO CELESTINO\" \/>\n<meta name=\"twitter:card\" content=\"summary_large_image\" \/>\n<meta name=\"twitter:creator\" content=\"@x.com\/ubirataonline\" \/>\n<meta name=\"twitter:site\" content=\"@ubirataonline\" \/>\n<meta name=\"twitter:label1\" content=\"Written by\" \/>\n\t<meta name=\"twitter:data1\" content=\"REDA\u00c7\u00c3O: UBIRAT\u00c3 ONLINE - F\u00c1BIO AUGUSTO CELESTINO\" \/>\n\t<meta name=\"twitter:label2\" content=\"Est. reading time\" \/>\n\t<meta name=\"twitter:data2\" content=\"2 minutes\" \/>\n<script type=\"application\/ld+json\" class=\"yoast-schema-graph\">{\"@context\":\"https:\\\/\\\/schema.org\",\"@graph\":[{\"@type\":\"NewsArticle\",\"@id\":\"https:\\\/\\\/ubirataonline.com.br\\\/eleicoes-2026-conheca-os-candidatos-ao-senado-pelo-parana\\\/#article\",\"isPartOf\":{\"@id\":\"https:\\\/\\\/ubirataonline.com.br\\\/eleicoes-2026-conheca-os-candidatos-ao-senado-pelo-parana\\\/\"},\"author\":{\"name\":\"REDA\u00c7\u00c3O: UBIRAT\u00c3 ONLINE - F\u00c1BIO AUGUSTO CELESTINO\",\"@id\":\"https:\\\/\\\/ubirataonline.com.br\\\/#\\\/schema\\\/person\\\/372f87bbd3fdd79b8556b84c98d0bc1c\"},\"headline\":\"Elei\u00e7\u00f5es 2026: conhe\u00e7a os candidatos ao Senado pelo Paran\u00e1\",\"datePublished\":\"2026-08-31T22:31:53+00:00\",\"mainEntityOfPage\":{\"@id\":\"https:\\\/\\\/ubirataonline.com.br\\\/eleicoes-2026-conheca-os-candidatos-ao-senado-pelo-parana\\\/\"},\"wordCount\":314,\"publisher\":{\"@id\":\"https:\\\/\\\/ubirataonline.com.br\\\/#organization\"},\"image\":{\"@id\":\"https:\\\/\\\/ubirataonline.com.br\\\/eleicoes-2026-conheca-os-candidatos-ao-senado-pelo-parana\\\/#primaryimage\"},\"thumbnailUrl\":\"https:\\\/\\\/ubirataonline.com.br\\\/wp-content\\\/uploads\\\/2026\\\/08\\\/maaimg-post-169445-20260831-223210.webp\",\"articleSection\":[\"Brasil\"],\"inLanguage\":\"en-US\",\"copyrightYear\":\"2026\",\"copyrightHolder\":{\"@id\":\"https:\\\/\\\/ubirataonline.com.br\\\/en\\\/#organization\"}},{\"@type\":\"WebPage\",\"@id\":\"https:\\\/\\\/ubirataonline.com.br\\\/eleicoes-2026-conheca-os-candidatos-ao-senado-pelo-parana\\\/\",\"url\":\"https:\\\/\\\/ubirataonline.com.br\\\/eleicoes-2026-conheca-os-candidatos-ao-senado-pelo-parana\\\/\",\"name\":\"Elei\u00e7\u00f5es 2026: conhe\u00e7a os candidatos ao Senado pelo Paran\u00e1 - Ubirat\u00e3 Online Not\u00edcias - A realidade ao seu alcance!\",\"isPartOf\":{\"@id\":\"https:\\\/\\\/ubirataonline.com.br\\\/#website\"},\"primaryImageOfPage\":{\"@id\":\"https:\\\/\\\/ubirataonline.com.br\\\/eleicoes-2026-conheca-os-candidatos-ao-senado-pelo-parana\\\/#primaryimage\"},\"image\":{\"@id\":\"https:\\\/\\\/ubirataonline.com.br\\\/eleicoes-2026-conheca-os-candidatos-ao-senado-pelo-parana\\\/#primaryimage\"},\"thumbnailUrl\":\"https:\\\/\\\/ubirataonline.com.br\\\/wp-content\\\/uploads\\\/2026\\\/08\\\/maaimg-post-169445-20260831-223210.webp\",\"datePublished\":\"2026-08-31T22:31:53+00:00\",\"description\":\"O Paran\u00e1 conta com nove candidatos registrados para concorrer a duas vagas no Senado Federal nas Elei\u00e7\u00f5es de 2026. O pleito ocorrer\u00e1 no dia 4 de outubro,\",\"breadcrumb\":{\"@id\":\"https:\\\/\\\/ubirataonline.com.br\\\/eleicoes-2026-conheca-os-candidatos-ao-senado-pelo-parana\\\/#breadcrumb\"},\"inLanguage\":\"en-US\",\"potentialAction\":[{\"@type\":\"ReadAction\",\"target\":[\"https:\\\/\\\/ubirataonline.com.br\\\/eleicoes-2026-conheca-os-candidatos-ao-senado-pelo-parana\\\/\"]}]},{\"@type\":\"ImageObject\",\"inLanguage\":\"en-US\",\"@id\":\"https:\\\/\\\/ubirataonline.com.br\\\/eleicoes-2026-conheca-os-candidatos-ao-senado-pelo-parana\\\/#primaryimage\",\"url\":\"https:\\\/\\\/ubirataonline.com.br\\\/wp-content\\\/uploads\\\/2026\\\/08\\\/maaimg-post-169445-20260831-223210.webp\",\"contentUrl\":\"https:\\\/\\\/ubirataonline.com.br\\\/wp-content\\\/uploads\\\/2026\\\/08\\\/maaimg-post-169445-20260831-223210.webp\",\"width\":1536,\"height\":1024,\"caption\":\"Imagem horizontal representando elei\u00e7\u00f5es 2026 conhe\u00e7a candidatos ao Senado pelo Paran\u00e1\"},{\"@type\":\"BreadcrumbList\",\"@id\":\"https:\\\/\\\/ubirataonline.com.br\\\/eleicoes-2026-conheca-os-candidatos-ao-senado-pelo-parana\\\/#breadcrumb\",\"itemListElement\":[{\"@type\":\"ListItem\",\"position\":1,\"name\":\"In\u00edcio\",\"item\":\"https:\\\/\\\/ubirataonline.com.br\\\/\"},{\"@type\":\"ListItem\",\"position\":2,\"name\":\"Elei\u00e7\u00f5es 2026: conhe\u00e7a os candidatos ao Senado pelo Paran\u00e1\"}]},{\"@type\":\"WebSite\",\"@id\":\"https:\\\/\\\/ubirataonline.com.br\\\/#website\",\"url\":\"https:\\\/\\\/ubirataonline.com.br\\\/\",\"name\":\"Ubirat\u00e3 Online Not\u00edcias\",\"description\":\"Not\u00edcias de Ubirat\u00e3, regi\u00e3o, Brasil e mundo, com informa\u00e7\u00e3o atualizada e compromisso com o leitor.\",\"publisher\":{\"@id\":\"https:\\\/\\\/ubirataonline.com.br\\\/#organization\"},\"alternateName\":\"Ubirat\u00e3 Online\",\"potentialAction\":[{\"@type\":\"SearchAction\",\"target\":{\"@type\":\"EntryPoint\",\"urlTemplate\":\"https:\\\/\\\/ubirataonline.com.br\\\/?s={search_term_string}\"},\"query-input\":{\"@type\":\"PropertyValueSpecification\",\"valueRequired\":true,\"valueName\":\"search_term_string\"}}],\"inLanguage\":\"en-US\"},{\"@type\":[\"Organization\",\"Place\"],\"@id\":\"https:\\\/\\\/ubirataonline.com.br\\\/#organization\",\"name\":\"Ubirat\u00e3 Online Not\u00edcias\",\"alternateName\":\"Ubirat\u00e3 Online\",\"url\":\"https:\\\/\\\/ubirataonline.com.br\\\/\",\"logo\":{\"@id\":\"https:\\\/\\\/ubirataonline.com.br\\\/eleicoes-2026-conheca-os-candidatos-ao-senado-pelo-parana\\\/#local-main-organization-logo\"},\"image\":{\"@id\":\"https:\\\/\\\/ubirataonline.com.br\\\/eleicoes-2026-conheca-os-candidatos-ao-senado-pelo-parana\\\/#local-main-organization-logo\"},\"sameAs\":[\"https:\\\/\\\/www.facebook.com\\\/portalubirataonline\",\"https:\\\/\\\/x.com\\\/ubirataonline\",\"https:\\\/\\\/mastodon.social\\\/@ubirataonline\",\"https:\\\/\\\/www.facebook.com\\\/groups\\\/311144672285604\",\"https:\\\/\\\/www.facebook.com\\\/UBTAOnline\",\"https:\\\/\\\/www.instagram.com\\\/portalubirataonline\\\/\",\"https:\\\/\\\/twitter.com\\\/ubirataonline\"],\"description\":\"Somos um portal de not\u00edcias independente, criado em 5 de janeiro de 2009, com o objetivo de informar, conectar e valorizar a nossa comunidade de Ubirat\u00e3 e toda aregi\u00e3o. Com conte\u00fado atualizado, confi\u00e1vel e relevante, o Ubirat\u00e3 Online \u00e9 o seu espa\u00e7o para ficar por dentro dos principais acontecimentos locais, regionais, Brasil, Mundo e de interesse geral. Nosso compromisso \u00e9 com a verdade, a transpar\u00eancia e o respeito ao leitor.\",\"legalName\":\"UBIRATA ONLINE NOT\u00cdCIAS\",\"foundingDate\":\"2009-01-05\",\"numberOfEmployees\":{\"@type\":\"QuantitativeValue\",\"minValue\":\"1\",\"maxValue\":\"10\"},\"publishingPrinciples\":\"https:\\\/\\\/ubirataonline.com.br\\\/faq\\\/\",\"address\":{\"@id\":\"https:\\\/\\\/ubirataonline.com.br\\\/eleicoes-2026-conheca-os-candidatos-ao-senado-pelo-parana\\\/#local-main-place-address\"},\"geo\":{\"@type\":\"GeoCoordinates\",\"latitude\":\"-24.5361401\",\"longitude\":\"-52.9921776\"},\"telephone\":[\"+5544998308235\"],\"contactPoint\":{\"@type\":\"ContactPoint\",\"email\":\"contato@ubirataonline.com.br\"},\"openingHoursSpecification\":{\"@type\":\"OpeningHoursSpecification\",\"dayOfWeek\":[\"Monday\",\"Tuesday\",\"Wednesday\",\"Thursday\",\"Friday\",\"Saturday\",\"Sunday\"],\"opens\":\"00:00\",\"closes\":\"23:59\"},\"email\":\"contato@ubirataonline.com.br\",\"vatID\":\"47.621.418\\\/0001-80\"},{\"@type\":\"Person\",\"@id\":\"https:\\\/\\\/ubirataonline.com.br\\\/#\\\/schema\\\/person\\\/372f87bbd3fdd79b8556b84c98d0bc1c\",\"name\":\"REDA\u00c7\u00c3O: UBIRAT\u00c3 ONLINE - F\u00c1BIO AUGUSTO CELESTINO\",\"pronouns\":\"Ele\",\"description\":\"Desde 2003 trabalhando com not\u00edcias.\",\"sameAs\":[\"http:\\\/\\\/ubirataoline.com.br\",\"https:\\\/\\\/www.facebook.com\\\/portalubirataonline\",\"https:\\\/\\\/www.instagram.com\\\/ubirataonline_oficial\",\"https:\\\/\\\/x.com\\\/x.com\\\/ubirataonline\"],\"honorificPrefix\":\"Mr.\",\"honorificSuffix\":\"MD\",\"birthDate\":\"1980-06-16\",\"gender\":\"masculino\",\"award\":[\"V\u00e1rios pr\u00eamios de melhor portal da cidade\"],\"jobTitle\":\"Diretor\",\"url\":\"https:\\\/\\\/ubirataonline.com.br\\\/en\\\/author\\\/ubirataonline\\\/\"},{\"@type\":\"PostalAddress\",\"@id\":\"https:\\\/\\\/ubirataonline.com.br\\\/eleicoes-2026-conheca-os-candidatos-ao-senado-pelo-parana\\\/#local-main-place-address\",\"streetAddress\":\"Rua dos Coqueiros, 104 - Bairro Boa Vista, Rua dos Coqueiros, 104 Bairro Boa Vista\",\"addressLocality\":\"UBIRATA\",\"postalCode\":\"85440-000\",\"addressRegion\":\"PR\",\"addressCountry\":\"BR\"},{\"@type\":\"ImageObject\",\"inLanguage\":\"en-US\",\"@id\":\"https:\\\/\\\/ubirataonline.com.br\\\/eleicoes-2026-conheca-os-candidatos-ao-senado-pelo-parana\\\/#local-main-organization-logo\",\"url\":\"https:\\\/\\\/ubirataonline.com.br\\\/wp-content\\\/uploads\\\/2026\\\/06\\\/logoubirataonline-1.webp\",\"contentUrl\":\"https:\\\/\\\/ubirataonline.com.br\\\/wp-content\\\/uploads\\\/2026\\\/06\\\/logoubirataonline-1.webp\",\"width\":500,\"height\":500,\"caption\":\"Ubirat\u00e3 Online Not\u00edcias\"}]}<\/script>\n<meta name=\"geo.placename\" content=\"UBIRATA\" \/>\n<meta name=\"geo.position\" content=\"-24.5361401;-52.9921776\" \/>\n<meta name=\"geo.region\" content=\"Brazil\" \/>\n<!-- \/ Yoast SEO Premium plugin. -->","yoast_head_json":{"title":"Elei\u00e7\u00f5es 2026: conhe\u00e7a os candidatos ao Senado pelo Paran\u00e1 - Ubirat\u00e3 Online Not\u00edcias - A realidade ao seu alcance!","description":"O Paran\u00e1 conta com nove candidatos registrados para concorrer a duas vagas no Senado Federal nas Elei\u00e7\u00f5es de 2026. O pleito ocorrer\u00e1 no dia 4 de outubro,","robots":{"index":"index","follow":"follow","max-snippet":"max-snippet:-1","max-image-preview":"max-image-preview:large","max-video-preview":"max-video-preview:-1"},"canonical":"https:\/\/ubirataonline.com.br\/en\/eleicoes-2026-conheca-os-candidatos-ao-senado-pelo-parana\/","og_locale":"en_US","og_type":"article","og_title":"Elei\u00e7\u00f5es 2026: conhe\u00e7a os candidatos ao Senado pelo Paran\u00e1","og_description":"O Paran\u00e1 conta com nove candidatos registrados para concorrer a duas vagas no Senado Federal nas Elei\u00e7\u00f5es de 2026. O pleito ocorrer\u00e1 no dia 4 de outubro,","og_url":"https:\/\/ubirataonline.com.br\/en\/eleicoes-2026-conheca-os-candidatos-ao-senado-pelo-parana\/","og_site_name":"Ubirat\u00e3 Online Not\u00edcias - A realidade ao seu alcance!","article_publisher":"https:\/\/www.facebook.com\/portalubirataonline","article_author":"https:\/\/www.facebook.com\/portalubirataonline","article_published_time":"2026-08-31T22:31:53+00:00","og_image":[{"width":1531,"height":418,"url":"https:\/\/ubirataonline.com.br\/wp-content\/uploads\/2026\/05\/logo2026.webp","type":"image\/webp"}],"author":"REDA\u00c7\u00c3O: UBIRAT\u00c3 ONLINE - F\u00c1BIO AUGUSTO CELESTINO","twitter_card":"summary_large_image","twitter_creator":"@x.com\/ubirataonline","twitter_site":"@ubirataonline","twitter_misc":{"Written by":"REDA\u00c7\u00c3O: UBIRAT\u00c3 ONLINE - F\u00c1BIO AUGUSTO CELESTINO","Est. reading time":"2 minutes"},"schema":{"@context":"https:\/\/schema.org","@graph":[{"@type":"NewsArticle","@id":"https:\/\/ubirataonline.com.br\/eleicoes-2026-conheca-os-candidatos-ao-senado-pelo-parana\/#article","isPartOf":{"@id":"https:\/\/ubirataonline.com.br\/eleicoes-2026-conheca-os-candidatos-ao-senado-pelo-parana\/"},"author":{"name":"REDA\u00c7\u00c3O: UBIRAT\u00c3 ONLINE - F\u00c1BIO AUGUSTO CELESTINO","@id":"https:\/\/ubirataonline.com.br\/#\/schema\/person\/372f87bbd3fdd79b8556b84c98d0bc1c"},"headline":"Elei\u00e7\u00f5es 2026: conhe\u00e7a os candidatos ao Senado pelo Paran\u00e1","datePublished":"2026-08-31T22:31:53+00:00","mainEntityOfPage":{"@id":"https:\/\/ubirataonline.com.br\/eleicoes-2026-conheca-os-candidatos-ao-senado-pelo-parana\/"},"wordCount":314,"publisher":{"@id":"https:\/\/ubirataonline.com.br\/#organization"},"image":{"@id":"https:\/\/ubirataonline.com.br\/eleicoes-2026-conheca-os-candidatos-ao-senado-pelo-parana\/#primaryimage"},"thumbnailUrl":"https:\/\/ubirataonline.com.br\/wp-content\/uploads\/2026\/08\/maaimg-post-169445-20260831-223210.webp","articleSection":["Brasil"],"inLanguage":"en-US","copyrightYear":"2026","copyrightHolder":{"@id":"https:\/\/ubirataonline.com.br\/en\/#organization"}},{"@type":"WebPage","@id":"https:\/\/ubirataonline.com.br\/eleicoes-2026-conheca-os-candidatos-ao-senado-pelo-parana\/","url":"https:\/\/ubirataonline.com.br\/eleicoes-2026-conheca-os-candidatos-ao-senado-pelo-parana\/","name":"Elei\u00e7\u00f5es 2026: conhe\u00e7a os candidatos ao Senado pelo Paran\u00e1 - Ubirat\u00e3 Online Not\u00edcias - A realidade ao seu alcance!","isPartOf":{"@id":"https:\/\/ubirataonline.com.br\/#website"},"primaryImageOfPage":{"@id":"https:\/\/ubirataonline.com.br\/eleicoes-2026-conheca-os-candidatos-ao-senado-pelo-parana\/#primaryimage"},"image":{"@id":"https:\/\/ubirataonline.com.br\/eleicoes-2026-conheca-os-candidatos-ao-senado-pelo-parana\/#primaryimage"},"thumbnailUrl":"https:\/\/ubirataonline.com.br\/wp-content\/uploads\/2026\/08\/maaimg-post-169445-20260831-223210.webp","datePublished":"2026-08-31T22:31:53+00:00","description":"O Paran\u00e1 conta com nove candidatos registrados para concorrer a duas vagas no Senado Federal nas Elei\u00e7\u00f5es de 2026. O pleito ocorrer\u00e1 no dia 4 de outubro,","breadcrumb":{"@id":"https:\/\/ubirataonline.com.br\/eleicoes-2026-conheca-os-candidatos-ao-senado-pelo-parana\/#breadcrumb"},"inLanguage":"en-US","potentialAction":[{"@type":"ReadAction","target":["https:\/\/ubirataonline.com.br\/eleicoes-2026-conheca-os-candidatos-ao-senado-pelo-parana\/"]}]},{"@type":"ImageObject","inLanguage":"en-US","@id":"https:\/\/ubirataonline.com.br\/eleicoes-2026-conheca-os-candidatos-ao-senado-pelo-parana\/#primaryimage","url":"https:\/\/ubirataonline.com.br\/wp-content\/uploads\/2026\/08\/maaimg-post-169445-20260831-223210.webp","contentUrl":"https:\/\/ubirataonline.com.br\/wp-content\/uploads\/2026\/08\/maaimg-post-169445-20260831-223210.webp","width":1536,"height":1024,"caption":"Imagem horizontal representando elei\u00e7\u00f5es 2026 conhe\u00e7a candidatos ao Senado pelo Paran\u00e1"},{"@type":"BreadcrumbList","@id":"https:\/\/ubirataonline.com.br\/eleicoes-2026-conheca-os-candidatos-ao-senado-pelo-parana\/#breadcrumb","itemListElement":[{"@type":"ListItem","position":1,"name":"In\u00edcio","item":"https:\/\/ubirataonline.com.br\/"},{"@type":"ListItem","position":2,"name":"Elei\u00e7\u00f5es 2026: conhe\u00e7a os candidatos ao Senado pelo Paran\u00e1"}]},{"@type":"WebSite","@id":"https:\/\/ubirataonline.com.br\/#website","url":"https:\/\/ubirataonline.com.br\/","name":"Ubirat\u00e3 Online Not\u00edcias","description":"Not\u00edcias de Ubirat\u00e3, regi\u00e3o, Brasil e mundo, com informa\u00e7\u00e3o atualizada e compromisso com o leitor.","publisher":{"@id":"https:\/\/ubirataonline.com.br\/#organization"},"alternateName":"Ubirat\u00e3 Online","potentialAction":[{"@type":"SearchAction","target":{"@type":"EntryPoint","urlTemplate":"https:\/\/ubirataonline.com.br\/?s={search_term_string}"},"query-input":{"@type":"PropertyValueSpecification","valueRequired":true,"valueName":"search_term_string"}}],"inLanguage":"en-US"},{"@type":["Organization","Place"],"@id":"https:\/\/ubirataonline.com.br\/#organization","name":"Ubirat\u00e3 Online Not\u00edcias","alternateName":"Ubirat\u00e3 Online","url":"https:\/\/ubirataonline.com.br\/","logo":{"@id":"https:\/\/ubirataonline.com.br\/eleicoes-2026-conheca-os-candidatos-ao-senado-pelo-parana\/#local-main-organization-logo"},"image":{"@id":"https:\/\/ubirataonline.com.br\/eleicoes-2026-conheca-os-candidatos-ao-senado-pelo-parana\/#local-main-organization-logo"},"sameAs":["https:\/\/www.facebook.com\/portalubirataonline","https:\/\/x.com\/ubirataonline","https:\/\/mastodon.social\/@ubirataonline","https:\/\/www.facebook.com\/groups\/311144672285604","https:\/\/www.facebook.com\/UBTAOnline","https:\/\/www.instagram.com\/portalubirataonline\/","https:\/\/twitter.com\/ubirataonline"],"description":"Somos um portal de not\u00edcias independente, criado em 5 de janeiro de 2009, com o objetivo de informar, conectar e valorizar a nossa comunidade de Ubirat\u00e3 e toda aregi\u00e3o. Com conte\u00fado atualizado, confi\u00e1vel e relevante, o Ubirat\u00e3 Online \u00e9 o seu espa\u00e7o para ficar por dentro dos principais acontecimentos locais, regionais, Brasil, Mundo e de interesse geral. Nosso compromisso \u00e9 com a verdade, a transpar\u00eancia e o respeito ao leitor.","legalName":"UBIRATA ONLINE NOT\u00cdCIAS","foundingDate":"2009-01-05","numberOfEmployees":{"@type":"QuantitativeValue","minValue":"1","maxValue":"10"},"publishingPrinciples":"https:\/\/ubirataonline.com.br\/faq\/","address":{"@id":"https:\/\/ubirataonline.com.br\/eleicoes-2026-conheca-os-candidatos-ao-senado-pelo-parana\/#local-main-place-address"},"geo":{"@type":"GeoCoordinates","latitude":"-24.5361401","longitude":"-52.9921776"},"telephone":["+5544998308235"],"contactPoint":{"@type":"ContactPoint","email":"contato@ubirataonline.com.br"},"openingHoursSpecification":{"@type":"OpeningHoursSpecification","dayOfWeek":["Monday","Tuesday","Wednesday","Thursday","Friday","Saturday","Sunday"],"opens":"00:00","closes":"23:59"},"email":"contato@ubirataonline.com.br","vatID":"47.621.418\/0001-80"},{"@type":"Person","@id":"https:\/\/ubirataonline.com.br\/#\/schema\/person\/372f87bbd3fdd79b8556b84c98d0bc1c","name":"REDA\u00c7\u00c3O: UBIRAT\u00c3 ONLINE - F\u00c1BIO AUGUSTO CELESTINO","pronouns":"Ele","description":"Desde 2003 trabalhando com not\u00edcias.","sameAs":["http:\/\/ubirataoline.com.br","https:\/\/www.facebook.com\/portalubirataonline","https:\/\/www.instagram.com\/ubirataonline_oficial","https:\/\/x.com\/x.com\/ubirataonline"],"honorificPrefix":"Mr.","honorificSuffix":"MD","birthDate":"1980-06-16","gender":"masculino","award":["V\u00e1rios pr\u00eamios de melhor portal da cidade"],"jobTitle":"Diretor","url":"https:\/\/ubirataonline.com.br\/en\/author\/ubirataonline\/"},{"@type":"PostalAddress","@id":"https:\/\/ubirataonline.com.br\/eleicoes-2026-conheca-os-candidatos-ao-senado-pelo-parana\/#local-main-place-address","streetAddress":"Rua dos Coqueiros, 104 - Bairro Boa Vista, Rua dos Coqueiros, 104 Bairro Boa Vista","addressLocality":"UBIRATA","postalCode":"85440-000","addressRegion":"PR","addressCountry":"BR"},{"@type":"ImageObject","inLanguage":"en-US","@id":"https:\/\/ubirataonline.com.br\/eleicoes-2026-conheca-os-candidatos-ao-senado-pelo-parana\/#local-main-organization-logo","url":"https:\/\/ubirataonline.com.br\/wp-content\/uploads\/2026\/06\/logoubirataonline-1.webp","contentUrl":"https:\/\/ubirataonline.com.br\/wp-content\/uploads\/2026\/06\/logoubirataonline-1.webp","width":500,"height":500,"caption":"Ubirat\u00e3 Online Not\u00edcias"}]},"geo.placename":"UBIRATA","geo.position":{"lat":"-24.5361401","long":"-52.9921776"},"geo.region":"Brazil"},"_links":{"self":[{"href":"https:\/\/ubirataonline.com.br\/en\/wp-json\/wp\/v2\/posts\/169445","targetHints":{"allow":["GET"]}}],"collection":[{"href":"https:\/\/ubirataonline.com.br\/en\/wp-json\/wp\/v2\/posts"}],"about":[{"href":"https:\/\/ubirataonline.com.br\/en\/wp-json\/wp\/v2\/types\/post"}],"author":[{"embeddable":true,"href":"https:\/\/ubirataonline.com.br\/en\/wp-json\/wp\/v2\/users\/1"}],"replies":[{"embeddable":true,"href":"https:\/\/ubirataonline.com.br\/en\/wp-json\/wp\/v2\/comments?post=169445"}],"version-history":[{"count":0,"href":"https:\/\/ubirataonline.com.br\/en\/wp-json\/wp\/v2\/posts\/169445\/revisions"}],"wp:featuredmedia":[{"embeddable":true,"href":"https:\/\/ubirataonline.com.br\/en\/wp-json\/wp\/v2\/media\/169446"}],"wp:attachment":[{"href":"https:\/\/ubirataonline.com.br\/en\/wp-json\/wp\/v2\/media?parent=169445"}],"wp:term":[{"taxonomy":"category","embeddable":true,"href":"https:\/\/ubirataonline.com.br\/en\/wp-json\/wp\/v2\/categories?post=169445"},{"taxonomy":"post_tag","embeddable":true,"href":"https:\/\/ubirataonline.com.br\/en\/wp-json\/wp\/v2\/tags?post=169445"}],"curies":[{"name":"wp","href":"https:\/\/api.w.org\/{rel}","templated":true}]}}