{"id":169542,"date":"2026-09-01T08:23:28","date_gmt":"2026-09-01T11:23:28","guid":{"rendered":"https:\/\/ubirataonline.com.br\/hoje-e-dia-em-setembro-de-2026-datas-fatos-historicos-e-campanhas-de-conscientizacao\/"},"modified":"2026-09-01T08:23:28","modified_gmt":"2026-09-01T11:23:28","slug":"hoje-e-dia-em-setembro-de-2026-datas-fatos-historicos-e-campanhas-de-conscientizacao","status":"publish","type":"post","link":"https:\/\/ubirataonline.com.br\/en\/hoje-e-dia-em-setembro-de-2026-datas-fatos-historicos-e-campanhas-de-conscientizacao\/","title":{"rendered":"Hoje \u00e9 Dia em setembro de 2026: datas, fatos hist\u00f3ricos e campanhas de conscientiza\u00e7\u00e3o"},"content":{"rendered":"<p>Setembro de 2026 re\u00fane diversos momentos significativos no Brasil e no mundo, com datas oficiais, campanhas sociais e efem\u00e9rides que marcam a cultura, a hist\u00f3ria e os direitos humanos. Segundo informa\u00e7\u00f5es da Ag\u00eancia Brasil, o m\u00eas traz no calend\u00e1rio fatos relevantes como o tradicional Dia da Independ\u00eancia do Brasil, em 7 de setembro, e o Dia Nacional de Luta da Pessoa com Defici\u00eancia, celebrado em 21 de setembro.<\/p>\n<p>Al\u00e9m das datas comemorativas, setembro tamb\u00e9m \u00e9 m\u00eas de campanhas importantes, como o Setembro Verde, que visa promover a inclus\u00e3o de pessoas com defici\u00eancia, e o Setembro Amarelo, voltado \u00e0 preven\u00e7\u00e3o do suic\u00eddio, conforme dados compilados pela Ag\u00eancia Brasil.<\/p>\n<h3>Campanha Setembro Verde e a inclus\u00e3o das pessoas com defici\u00eancia<\/h3>\n<p>O Setembro Verde concentra esfor\u00e7os para conscientizar a sociedade sobre a import\u00e2ncia da inclus\u00e3o das pessoas com defici\u00eancia. No Brasil, mais de 14 milh\u00f5es de habitantes t\u00eam essa condi\u00e7\u00e3o, correspondendo a 7,3% da popula\u00e7\u00e3o com dois anos ou mais, segundo o IBGE. A data central dessa mobiliza\u00e7\u00e3o ocorre em 21 de setembro, marcada pelo Dia Nacional de Luta da Pessoa com Defici\u00eancia.<\/p>\n<p>Reportagens anteriores da R\u00e1dio Nacional e da Ag\u00eancia Brasil evidenciaram desafios atuais, como o fato de apenas uma em cada quatro pessoas com defici\u00eancia completar o ensino b\u00e1sico, refor\u00e7ando a urg\u00eancia na inclus\u00e3o educacional e social.<\/p>\n<h3>Comemora\u00e7\u00f5es civis e hist\u00f3ricas de setembro<\/h3>\n<p>O m\u00eas celebra ainda o 7 de setembro, o Dia da Independ\u00eancia do Brasil, data que recebeu ampla cobertura especial da Empresa Brasil de Comunica\u00e7\u00e3o (EBC) especialmente no bicenten\u00e1rio em 2022, quando foi detalhada a escolha da data. Em 12 de setembro, a R\u00e1dio Nacional completa 90 anos, destacando sua import\u00e2ncia na forma\u00e7\u00e3o da identidade cultural brasileira e na promo\u00e7\u00e3o da cidadania.<\/p>\n<p>Outras efem\u00e9rides relevantes incluem o nascimento de personalidades como a pintora modernista Tarsila do Amaral, em 1886, e o m\u00fasico Freddie Mercury, fundador da banda Queen, nascido em 1946. No dia 15, \u00e9 celebrado o Dia Internacional da Democracia, reconhecido pela ONU.<\/p>\n<h3>Sa\u00fade, direitos humanos e prote\u00e7\u00e3o da inf\u00e2ncia<\/h3>\n<p>O m\u00eas tamb\u00e9m chama a aten\u00e7\u00e3o para temas de sa\u00fade e direitos humanos. Em 27 de setembro, ocorre o Dia Nacional de Doa\u00e7\u00e3o de \u00d3rg\u00e3os, refor\u00e7ando a import\u00e2ncia de alertar familiares sobre a vontade de ser doador, conforme divulgado pela R\u00e1dio Nacional e TV Brasil ao longo dos anos.<\/p>\n<p>Outro marco \u00e9 o Estatuto da Crian\u00e7a e do Adolescente Digital, que completa um ano em 17 de setembro, regulamentando e fortalecendo a prote\u00e7\u00e3o dos direitos infantojuvenis no ambiente digital. Essa legisla\u00e7\u00e3o visa coibir viola\u00e7\u00e3o desses direitos em redes sociais, aplicativos e servi\u00e7os virtuais acessados por crian\u00e7as e adolescentes.<\/p>\n<h3>Outras datas internacionais e nacionais de destaque<\/h3>\n<p>Setembro inclui ainda celebrac\u0327o\u0303es mundiais reconhecidas pela Organiza\u00e7\u00e3o das Na\u00e7\u00f5es Unidas (ONU), como o Dia Internacional contra a Explora\u00e7\u00e3o Sexual e o Tr\u00e1fico de Mulheres, Meninas e Meninos em 23 de setembro, o Dia Internacional da Paz tamb\u00e9m na mesma data, e o Dia Internacional do Podcast em 30 de setembro, data criada em 2014 para valorizar o formato de \u00e1udio digital.<\/p>\n<p>Al\u00e9m das campanhas de conscientiza\u00e7\u00e3o e marco culturais, o m\u00eas destaca organiza\u00e7\u00f5es, institui\u00e7\u00f5es e fatos hist\u00f3ricos que contribu\u00edram para o desenvolvimento social, cultural e pol\u00edtico do Brasil e do mundo.<\/p>\n<h2>Frequently asked questions<\/h2>\n<h3>Qual a import\u00e2ncia do Setembro Verde?<\/h3>\n<p>O Setembro Verde promove a conscientiza\u00e7\u00e3o e a inclus\u00e3o social das pessoas com defici\u00eancia, destacando desafios como o baixo \u00edndice de conclus\u00e3o do ensino b\u00e1sico nesse p\u00fablico, segundo dados do IBGE e reportagens da R\u00e1dio Nacional e Ag\u00eancia Brasil.<\/p>\n<h3>Quando \u00e9 celebrado o Dia da Independ\u00eancia do Brasil e qual \u00e9 seu significado?<\/h3>\n<p>O Dia da Independ\u00eancia do Brasil \u00e9 comemorado em 7 de setembro e marca a separa\u00e7\u00e3o do pa\u00eds de Portugal, evento celebrado nacionalmente e que recebe cobertura especial de ve\u00edculos oficiais como a Empresa Brasil de Comunica\u00e7\u00e3o.<\/p>\n<h3>O que \u00e9 o Estatuto da Crian\u00e7a e do Adolescente Digital?<\/h3>\n<p>\u00c9 uma lei sancionada em 2025 que regula a prote\u00e7\u00e3o dos direitos das crian\u00e7as e adolescentes no ambiente digital, buscando coibir viola\u00e7\u00f5es em plataformas on-line e redes sociais, em vigor desde mar\u00e7o de 2026.<\/p>","protected":false},"excerpt":{"rendered":"<p>Setembro de 2026 re\u00fane diversos momentos significativos no Brasil e no mundo, com datas oficiais, campanhas sociais e efem\u00e9rides que marcam a cultura, a hist\u00f3ria e os direitos humanos. Segundo informa\u00e7\u00f5es da Ag\u00eancia Brasil, o m\u00eas traz no calend\u00e1rio fatos relevantes como o tradicional Dia da Independ\u00eancia do Brasil, em 7 de setembro, e o [&hellip;]<\/p>\n","protected":false},"author":1,"featured_media":169543,"comment_status":"","ping_status":"","sticky":false,"template":"","format":"standard","meta":{"googlesitekit_rrm_CAow2JLhCw:productID":"","_gspb_post_css":"","maa_idioma":"","maa_pais":"","footnotes":""},"categories":[43088],"tags":[],"class_list":["post-169542","post","type-post","status-publish","format-standard","has-post-thumbnail","hentry","category-parana"],"blocksy_meta":[],"yoast_head":"<!-- This site is optimized with the Yoast SEO Premium plugin v27.6 (Yoast SEO v27.6) - https:\/\/yoast.com\/product\/yoast-seo-premium-wordpress\/ -->\n<title>Hoje \u00e9 Dia em setembro de 2026: datas, fatos hist\u00f3ricos e campanhas de conscientiza\u00e7\u00e3o - Ubirat\u00e3 Online Not\u00edcias - A realidade ao seu alcance!<\/title>\n<meta name=\"description\" content=\"Setembro de 2026 re\u00fane diversos momentos significativos no Brasil e no mundo, com datas oficiais, campanhas sociais e efem\u00e9rides que marcam a cultura, a\" \/>\n<meta name=\"robots\" content=\"index, follow, max-snippet:-1, max-image-preview:large, max-video-preview:-1\" \/>\n<link rel=\"canonical\" href=\"https:\/\/ubirataonline.com.br\/en\/hoje-e-dia-em-setembro-de-2026-datas-fatos-historicos-e-campanhas-de-conscientizacao\/\" \/>\n<meta property=\"og:locale\" content=\"en_US\" \/>\n<meta property=\"og:type\" content=\"article\" \/>\n<meta property=\"og:title\" content=\"Hoje \u00e9 Dia em setembro de 2026: datas, fatos hist\u00f3ricos e campanhas de conscientiza\u00e7\u00e3o\" \/>\n<meta property=\"og:description\" content=\"Setembro de 2026 re\u00fane diversos momentos significativos no Brasil e no mundo, com datas oficiais, campanhas sociais e efem\u00e9rides que marcam a cultura, a\" \/>\n<meta property=\"og:url\" content=\"https:\/\/ubirataonline.com.br\/en\/hoje-e-dia-em-setembro-de-2026-datas-fatos-historicos-e-campanhas-de-conscientizacao\/\" \/>\n<meta property=\"og:site_name\" content=\"Ubirat\u00e3 Online Not\u00edcias - A realidade ao seu alcance!\" \/>\n<meta property=\"article:publisher\" content=\"https:\/\/www.facebook.com\/portalubirataonline\" \/>\n<meta property=\"article:author\" content=\"https:\/\/www.facebook.com\/portalubirataonline\" \/>\n<meta property=\"article:published_time\" content=\"2026-09-01T11:23:28+00:00\" \/>\n<meta property=\"og:image\" content=\"https:\/\/ubirataonline.com.br\/wp-content\/uploads\/2026\/05\/logo2026.webp\" \/>\n\t<meta property=\"og:image:width\" content=\"1531\" \/>\n\t<meta property=\"og:image:height\" content=\"418\" \/>\n\t<meta property=\"og:image:type\" content=\"image\/webp\" \/>\n<meta name=\"author\" content=\"REDA\u00c7\u00c3O: UBIRAT\u00c3 ONLINE - F\u00c1BIO AUGUSTO CELESTINO\" \/>\n<meta name=\"twitter:card\" content=\"summary_large_image\" \/>\n<meta name=\"twitter:creator\" content=\"@x.com\/ubirataonline\" \/>\n<meta name=\"twitter:site\" content=\"@ubirataonline\" \/>\n<meta name=\"twitter:label1\" content=\"Written by\" \/>\n\t<meta name=\"twitter:data1\" content=\"REDA\u00c7\u00c3O: UBIRAT\u00c3 ONLINE - F\u00c1BIO AUGUSTO CELESTINO\" \/>\n\t<meta name=\"twitter:label2\" content=\"Est. reading time\" \/>\n\t<meta name=\"twitter:data2\" content=\"4 minutes\" \/>\n<script type=\"application\/ld+json\" class=\"yoast-schema-graph\">{\"@context\":\"https:\\\/\\\/schema.org\",\"@graph\":[{\"@type\":\"NewsArticle\",\"@id\":\"https:\\\/\\\/ubirataonline.com.br\\\/hoje-e-dia-em-setembro-de-2026-datas-fatos-historicos-e-campanhas-de-conscientizacao\\\/#article\",\"isPartOf\":{\"@id\":\"https:\\\/\\\/ubirataonline.com.br\\\/hoje-e-dia-em-setembro-de-2026-datas-fatos-historicos-e-campanhas-de-conscientizacao\\\/\"},\"author\":{\"name\":\"REDA\u00c7\u00c3O: UBIRAT\u00c3 ONLINE - F\u00c1BIO AUGUSTO CELESTINO\",\"@id\":\"https:\\\/\\\/ubirataonline.com.br\\\/#\\\/schema\\\/person\\\/372f87bbd3fdd79b8556b84c98d0bc1c\"},\"headline\":\"Hoje \u00e9 Dia em setembro de 2026: datas, fatos hist\u00f3ricos e campanhas de conscientiza\u00e7\u00e3o\",\"datePublished\":\"2026-09-01T11:23:28+00:00\",\"mainEntityOfPage\":{\"@id\":\"https:\\\/\\\/ubirataonline.com.br\\\/hoje-e-dia-em-setembro-de-2026-datas-fatos-historicos-e-campanhas-de-conscientizacao\\\/\"},\"wordCount\":757,\"publisher\":{\"@id\":\"https:\\\/\\\/ubirataonline.com.br\\\/#organization\"},\"image\":{\"@id\":\"https:\\\/\\\/ubirataonline.com.br\\\/hoje-e-dia-em-setembro-de-2026-datas-fatos-historicos-e-campanhas-de-conscientizacao\\\/#primaryimage\"},\"thumbnailUrl\":\"https:\\\/\\\/ubirataonline.com.br\\\/wp-content\\\/uploads\\\/2026\\\/09\\\/maaimg-post-169542-20260901-112345.webp\",\"articleSection\":[\"Paran\u00e1\"],\"inLanguage\":\"en-US\",\"copyrightYear\":\"2026\",\"copyrightHolder\":{\"@id\":\"https:\\\/\\\/ubirataonline.com.br\\\/en\\\/#organization\"}},{\"@type\":\"WebPage\",\"@id\":\"https:\\\/\\\/ubirataonline.com.br\\\/hoje-e-dia-em-setembro-de-2026-datas-fatos-historicos-e-campanhas-de-conscientizacao\\\/\",\"url\":\"https:\\\/\\\/ubirataonline.com.br\\\/hoje-e-dia-em-setembro-de-2026-datas-fatos-historicos-e-campanhas-de-conscientizacao\\\/\",\"name\":\"Hoje \u00e9 Dia em setembro de 2026: datas, fatos hist\u00f3ricos e campanhas de conscientiza\u00e7\u00e3o - Ubirat\u00e3 Online Not\u00edcias - A realidade ao seu alcance!\",\"isPartOf\":{\"@id\":\"https:\\\/\\\/ubirataonline.com.br\\\/#website\"},\"primaryImageOfPage\":{\"@id\":\"https:\\\/\\\/ubirataonline.com.br\\\/hoje-e-dia-em-setembro-de-2026-datas-fatos-historicos-e-campanhas-de-conscientizacao\\\/#primaryimage\"},\"image\":{\"@id\":\"https:\\\/\\\/ubirataonline.com.br\\\/hoje-e-dia-em-setembro-de-2026-datas-fatos-historicos-e-campanhas-de-conscientizacao\\\/#primaryimage\"},\"thumbnailUrl\":\"https:\\\/\\\/ubirataonline.com.br\\\/wp-content\\\/uploads\\\/2026\\\/09\\\/maaimg-post-169542-20260901-112345.webp\",\"datePublished\":\"2026-09-01T11:23:28+00:00\",\"description\":\"Setembro de 2026 re\u00fane diversos momentos significativos no Brasil e no mundo, com datas oficiais, campanhas sociais e efem\u00e9rides que marcam a cultura, a\",\"breadcrumb\":{\"@id\":\"https:\\\/\\\/ubirataonline.com.br\\\/hoje-e-dia-em-setembro-de-2026-datas-fatos-historicos-e-campanhas-de-conscientizacao\\\/#breadcrumb\"},\"inLanguage\":\"en-US\",\"potentialAction\":[{\"@type\":\"ReadAction\",\"target\":[\"https:\\\/\\\/ubirataonline.com.br\\\/hoje-e-dia-em-setembro-de-2026-datas-fatos-historicos-e-campanhas-de-conscientizacao\\\/\"]}]},{\"@type\":\"ImageObject\",\"inLanguage\":\"en-US\",\"@id\":\"https:\\\/\\\/ubirataonline.com.br\\\/hoje-e-dia-em-setembro-de-2026-datas-fatos-historicos-e-campanhas-de-conscientizacao\\\/#primaryimage\",\"url\":\"https:\\\/\\\/ubirataonline.com.br\\\/wp-content\\\/uploads\\\/2026\\\/09\\\/maaimg-post-169542-20260901-112345.webp\",\"contentUrl\":\"https:\\\/\\\/ubirataonline.com.br\\\/wp-content\\\/uploads\\\/2026\\\/09\\\/maaimg-post-169542-20260901-112345.webp\",\"width\":1536,\"height\":1024,\"caption\":\"Imagem horizontal representando hoje \u00e9 dia setembro com elementos hist\u00f3ricos e campanhas\"},{\"@type\":\"BreadcrumbList\",\"@id\":\"https:\\\/\\\/ubirataonline.com.br\\\/hoje-e-dia-em-setembro-de-2026-datas-fatos-historicos-e-campanhas-de-conscientizacao\\\/#breadcrumb\",\"itemListElement\":[{\"@type\":\"ListItem\",\"position\":1,\"name\":\"In\u00edcio\",\"item\":\"https:\\\/\\\/ubirataonline.com.br\\\/\"},{\"@type\":\"ListItem\",\"position\":2,\"name\":\"Hoje \u00e9 Dia em setembro de 2026: datas, fatos hist\u00f3ricos e campanhas de conscientiza\u00e7\u00e3o\"}]},{\"@type\":\"WebSite\",\"@id\":\"https:\\\/\\\/ubirataonline.com.br\\\/#website\",\"url\":\"https:\\\/\\\/ubirataonline.com.br\\\/\",\"name\":\"Ubirat\u00e3 Online Not\u00edcias\",\"description\":\"Not\u00edcias de Ubirat\u00e3, regi\u00e3o, Brasil e mundo, com informa\u00e7\u00e3o atualizada e compromisso com o leitor.\",\"publisher\":{\"@id\":\"https:\\\/\\\/ubirataonline.com.br\\\/#organization\"},\"alternateName\":\"Ubirat\u00e3 Online\",\"potentialAction\":[{\"@type\":\"SearchAction\",\"target\":{\"@type\":\"EntryPoint\",\"urlTemplate\":\"https:\\\/\\\/ubirataonline.com.br\\\/?s={search_term_string}\"},\"query-input\":{\"@type\":\"PropertyValueSpecification\",\"valueRequired\":true,\"valueName\":\"search_term_string\"}}],\"inLanguage\":\"en-US\"},{\"@type\":[\"Organization\",\"Place\"],\"@id\":\"https:\\\/\\\/ubirataonline.com.br\\\/#organization\",\"name\":\"Ubirat\u00e3 Online Not\u00edcias\",\"alternateName\":\"Ubirat\u00e3 Online\",\"url\":\"https:\\\/\\\/ubirataonline.com.br\\\/\",\"logo\":{\"@id\":\"https:\\\/\\\/ubirataonline.com.br\\\/hoje-e-dia-em-setembro-de-2026-datas-fatos-historicos-e-campanhas-de-conscientizacao\\\/#local-main-organization-logo\"},\"image\":{\"@id\":\"https:\\\/\\\/ubirataonline.com.br\\\/hoje-e-dia-em-setembro-de-2026-datas-fatos-historicos-e-campanhas-de-conscientizacao\\\/#local-main-organization-logo\"},\"sameAs\":[\"https:\\\/\\\/www.facebook.com\\\/portalubirataonline\",\"https:\\\/\\\/x.com\\\/ubirataonline\",\"https:\\\/\\\/mastodon.social\\\/@ubirataonline\",\"https:\\\/\\\/www.facebook.com\\\/groups\\\/311144672285604\",\"https:\\\/\\\/www.facebook.com\\\/UBTAOnline\",\"https:\\\/\\\/www.instagram.com\\\/portalubirataonline\\\/\",\"https:\\\/\\\/twitter.com\\\/ubirataonline\"],\"description\":\"Somos um portal de not\u00edcias independente, criado em 5 de janeiro de 2009, com o objetivo de informar, conectar e valorizar a nossa comunidade de Ubirat\u00e3 e toda aregi\u00e3o. Com conte\u00fado atualizado, confi\u00e1vel e relevante, o Ubirat\u00e3 Online \u00e9 o seu espa\u00e7o para ficar por dentro dos principais acontecimentos locais, regionais, Brasil, Mundo e de interesse geral. Nosso compromisso \u00e9 com a verdade, a transpar\u00eancia e o respeito ao leitor.\",\"legalName\":\"UBIRATA ONLINE NOT\u00cdCIAS\",\"foundingDate\":\"2009-01-05\",\"numberOfEmployees\":{\"@type\":\"QuantitativeValue\",\"minValue\":\"1\",\"maxValue\":\"10\"},\"publishingPrinciples\":\"https:\\\/\\\/ubirataonline.com.br\\\/faq\\\/\",\"address\":{\"@id\":\"https:\\\/\\\/ubirataonline.com.br\\\/hoje-e-dia-em-setembro-de-2026-datas-fatos-historicos-e-campanhas-de-conscientizacao\\\/#local-main-place-address\"},\"geo\":{\"@type\":\"GeoCoordinates\",\"latitude\":\"-24.5361401\",\"longitude\":\"-52.9921776\"},\"telephone\":[\"+5544998308235\"],\"contactPoint\":{\"@type\":\"ContactPoint\",\"email\":\"contato@ubirataonline.com.br\"},\"openingHoursSpecification\":{\"@type\":\"OpeningHoursSpecification\",\"dayOfWeek\":[\"Monday\",\"Tuesday\",\"Wednesday\",\"Thursday\",\"Friday\",\"Saturday\",\"Sunday\"],\"opens\":\"00:00\",\"closes\":\"23:59\"},\"email\":\"contato@ubirataonline.com.br\",\"vatID\":\"47.621.418\\\/0001-80\"},{\"@type\":\"Person\",\"@id\":\"https:\\\/\\\/ubirataonline.com.br\\\/#\\\/schema\\\/person\\\/372f87bbd3fdd79b8556b84c98d0bc1c\",\"name\":\"REDA\u00c7\u00c3O: UBIRAT\u00c3 ONLINE - F\u00c1BIO AUGUSTO CELESTINO\",\"pronouns\":\"Ele\",\"description\":\"Desde 2003 trabalhando com not\u00edcias.\",\"sameAs\":[\"http:\\\/\\\/ubirataoline.com.br\",\"https:\\\/\\\/www.facebook.com\\\/portalubirataonline\",\"https:\\\/\\\/www.instagram.com\\\/ubirataonline_oficial\",\"https:\\\/\\\/x.com\\\/x.com\\\/ubirataonline\"],\"honorificPrefix\":\"Mr.\",\"honorificSuffix\":\"MD\",\"birthDate\":\"1980-06-16\",\"gender\":\"masculino\",\"award\":[\"V\u00e1rios pr\u00eamios de melhor portal da cidade\"],\"jobTitle\":\"Diretor\",\"url\":\"https:\\\/\\\/ubirataonline.com.br\\\/en\\\/author\\\/ubirataonline\\\/\"},{\"@type\":\"PostalAddress\",\"@id\":\"https:\\\/\\\/ubirataonline.com.br\\\/hoje-e-dia-em-setembro-de-2026-datas-fatos-historicos-e-campanhas-de-conscientizacao\\\/#local-main-place-address\",\"streetAddress\":\"Rua dos Coqueiros, 104 - Bairro Boa Vista, Rua dos Coqueiros, 104 Bairro Boa Vista\",\"addressLocality\":\"UBIRATA\",\"postalCode\":\"85440-000\",\"addressRegion\":\"PR\",\"addressCountry\":\"BR\"},{\"@type\":\"ImageObject\",\"inLanguage\":\"en-US\",\"@id\":\"https:\\\/\\\/ubirataonline.com.br\\\/hoje-e-dia-em-setembro-de-2026-datas-fatos-historicos-e-campanhas-de-conscientizacao\\\/#local-main-organization-logo\",\"url\":\"https:\\\/\\\/ubirataonline.com.br\\\/wp-content\\\/uploads\\\/2026\\\/06\\\/logoubirataonline-1.webp\",\"contentUrl\":\"https:\\\/\\\/ubirataonline.com.br\\\/wp-content\\\/uploads\\\/2026\\\/06\\\/logoubirataonline-1.webp\",\"width\":500,\"height\":500,\"caption\":\"Ubirat\u00e3 Online Not\u00edcias\"}]}<\/script>\n<meta name=\"geo.placename\" content=\"UBIRATA\" \/>\n<meta name=\"geo.position\" content=\"-24.5361401;-52.9921776\" \/>\n<meta name=\"geo.region\" content=\"Brazil\" \/>\n<!-- \/ Yoast SEO Premium plugin. -->","yoast_head_json":{"title":"Hoje \u00e9 Dia em setembro de 2026: datas, fatos hist\u00f3ricos e campanhas de conscientiza\u00e7\u00e3o - Ubirat\u00e3 Online Not\u00edcias - A realidade ao seu alcance!","description":"Setembro de 2026 re\u00fane diversos momentos significativos no Brasil e no mundo, com datas oficiais, campanhas sociais e efem\u00e9rides que marcam a cultura, a","robots":{"index":"index","follow":"follow","max-snippet":"max-snippet:-1","max-image-preview":"max-image-preview:large","max-video-preview":"max-video-preview:-1"},"canonical":"https:\/\/ubirataonline.com.br\/en\/hoje-e-dia-em-setembro-de-2026-datas-fatos-historicos-e-campanhas-de-conscientizacao\/","og_locale":"en_US","og_type":"article","og_title":"Hoje \u00e9 Dia em setembro de 2026: datas, fatos hist\u00f3ricos e campanhas de conscientiza\u00e7\u00e3o","og_description":"Setembro de 2026 re\u00fane diversos momentos significativos no Brasil e no mundo, com datas oficiais, campanhas sociais e efem\u00e9rides que marcam a cultura, a","og_url":"https:\/\/ubirataonline.com.br\/en\/hoje-e-dia-em-setembro-de-2026-datas-fatos-historicos-e-campanhas-de-conscientizacao\/","og_site_name":"Ubirat\u00e3 Online Not\u00edcias - A realidade ao seu alcance!","article_publisher":"https:\/\/www.facebook.com\/portalubirataonline","article_author":"https:\/\/www.facebook.com\/portalubirataonline","article_published_time":"2026-09-01T11:23:28+00:00","og_image":[{"width":1531,"height":418,"url":"https:\/\/ubirataonline.com.br\/wp-content\/uploads\/2026\/05\/logo2026.webp","type":"image\/webp"}],"author":"REDA\u00c7\u00c3O: UBIRAT\u00c3 ONLINE - F\u00c1BIO AUGUSTO CELESTINO","twitter_card":"summary_large_image","twitter_creator":"@x.com\/ubirataonline","twitter_site":"@ubirataonline","twitter_misc":{"Written by":"REDA\u00c7\u00c3O: UBIRAT\u00c3 ONLINE - F\u00c1BIO AUGUSTO CELESTINO","Est. reading time":"4 minutes"},"schema":{"@context":"https:\/\/schema.org","@graph":[{"@type":"NewsArticle","@id":"https:\/\/ubirataonline.com.br\/hoje-e-dia-em-setembro-de-2026-datas-fatos-historicos-e-campanhas-de-conscientizacao\/#article","isPartOf":{"@id":"https:\/\/ubirataonline.com.br\/hoje-e-dia-em-setembro-de-2026-datas-fatos-historicos-e-campanhas-de-conscientizacao\/"},"author":{"name":"REDA\u00c7\u00c3O: UBIRAT\u00c3 ONLINE - F\u00c1BIO AUGUSTO CELESTINO","@id":"https:\/\/ubirataonline.com.br\/#\/schema\/person\/372f87bbd3fdd79b8556b84c98d0bc1c"},"headline":"Hoje \u00e9 Dia em setembro de 2026: datas, fatos hist\u00f3ricos e campanhas de conscientiza\u00e7\u00e3o","datePublished":"2026-09-01T11:23:28+00:00","mainEntityOfPage":{"@id":"https:\/\/ubirataonline.com.br\/hoje-e-dia-em-setembro-de-2026-datas-fatos-historicos-e-campanhas-de-conscientizacao\/"},"wordCount":757,"publisher":{"@id":"https:\/\/ubirataonline.com.br\/#organization"},"image":{"@id":"https:\/\/ubirataonline.com.br\/hoje-e-dia-em-setembro-de-2026-datas-fatos-historicos-e-campanhas-de-conscientizacao\/#primaryimage"},"thumbnailUrl":"https:\/\/ubirataonline.com.br\/wp-content\/uploads\/2026\/09\/maaimg-post-169542-20260901-112345.webp","articleSection":["Paran\u00e1"],"inLanguage":"en-US","copyrightYear":"2026","copyrightHolder":{"@id":"https:\/\/ubirataonline.com.br\/en\/#organization"}},{"@type":"WebPage","@id":"https:\/\/ubirataonline.com.br\/hoje-e-dia-em-setembro-de-2026-datas-fatos-historicos-e-campanhas-de-conscientizacao\/","url":"https:\/\/ubirataonline.com.br\/hoje-e-dia-em-setembro-de-2026-datas-fatos-historicos-e-campanhas-de-conscientizacao\/","name":"Hoje \u00e9 Dia em setembro de 2026: datas, fatos hist\u00f3ricos e campanhas de conscientiza\u00e7\u00e3o - Ubirat\u00e3 Online Not\u00edcias - A realidade ao seu alcance!","isPartOf":{"@id":"https:\/\/ubirataonline.com.br\/#website"},"primaryImageOfPage":{"@id":"https:\/\/ubirataonline.com.br\/hoje-e-dia-em-setembro-de-2026-datas-fatos-historicos-e-campanhas-de-conscientizacao\/#primaryimage"},"image":{"@id":"https:\/\/ubirataonline.com.br\/hoje-e-dia-em-setembro-de-2026-datas-fatos-historicos-e-campanhas-de-conscientizacao\/#primaryimage"},"thumbnailUrl":"https:\/\/ubirataonline.com.br\/wp-content\/uploads\/2026\/09\/maaimg-post-169542-20260901-112345.webp","datePublished":"2026-09-01T11:23:28+00:00","description":"Setembro de 2026 re\u00fane diversos momentos significativos no Brasil e no mundo, com datas oficiais, campanhas sociais e efem\u00e9rides que marcam a cultura, a","breadcrumb":{"@id":"https:\/\/ubirataonline.com.br\/hoje-e-dia-em-setembro-de-2026-datas-fatos-historicos-e-campanhas-de-conscientizacao\/#breadcrumb"},"inLanguage":"en-US","potentialAction":[{"@type":"ReadAction","target":["https:\/\/ubirataonline.com.br\/hoje-e-dia-em-setembro-de-2026-datas-fatos-historicos-e-campanhas-de-conscientizacao\/"]}]},{"@type":"ImageObject","inLanguage":"en-US","@id":"https:\/\/ubirataonline.com.br\/hoje-e-dia-em-setembro-de-2026-datas-fatos-historicos-e-campanhas-de-conscientizacao\/#primaryimage","url":"https:\/\/ubirataonline.com.br\/wp-content\/uploads\/2026\/09\/maaimg-post-169542-20260901-112345.webp","contentUrl":"https:\/\/ubirataonline.com.br\/wp-content\/uploads\/2026\/09\/maaimg-post-169542-20260901-112345.webp","width":1536,"height":1024,"caption":"Imagem horizontal representando hoje \u00e9 dia setembro com elementos hist\u00f3ricos e campanhas"},{"@type":"BreadcrumbList","@id":"https:\/\/ubirataonline.com.br\/hoje-e-dia-em-setembro-de-2026-datas-fatos-historicos-e-campanhas-de-conscientizacao\/#breadcrumb","itemListElement":[{"@type":"ListItem","position":1,"name":"In\u00edcio","item":"https:\/\/ubirataonline.com.br\/"},{"@type":"ListItem","position":2,"name":"Hoje \u00e9 Dia em setembro de 2026: datas, fatos hist\u00f3ricos e campanhas de conscientiza\u00e7\u00e3o"}]},{"@type":"WebSite","@id":"https:\/\/ubirataonline.com.br\/#website","url":"https:\/\/ubirataonline.com.br\/","name":"Ubirat\u00e3 Online Not\u00edcias","description":"Not\u00edcias de Ubirat\u00e3, regi\u00e3o, Brasil e mundo, com informa\u00e7\u00e3o atualizada e compromisso com o leitor.","publisher":{"@id":"https:\/\/ubirataonline.com.br\/#organization"},"alternateName":"Ubirat\u00e3 Online","potentialAction":[{"@type":"SearchAction","target":{"@type":"EntryPoint","urlTemplate":"https:\/\/ubirataonline.com.br\/?s={search_term_string}"},"query-input":{"@type":"PropertyValueSpecification","valueRequired":true,"valueName":"search_term_string"}}],"inLanguage":"en-US"},{"@type":["Organization","Place"],"@id":"https:\/\/ubirataonline.com.br\/#organization","name":"Ubirat\u00e3 Online Not\u00edcias","alternateName":"Ubirat\u00e3 Online","url":"https:\/\/ubirataonline.com.br\/","logo":{"@id":"https:\/\/ubirataonline.com.br\/hoje-e-dia-em-setembro-de-2026-datas-fatos-historicos-e-campanhas-de-conscientizacao\/#local-main-organization-logo"},"image":{"@id":"https:\/\/ubirataonline.com.br\/hoje-e-dia-em-setembro-de-2026-datas-fatos-historicos-e-campanhas-de-conscientizacao\/#local-main-organization-logo"},"sameAs":["https:\/\/www.facebook.com\/portalubirataonline","https:\/\/x.com\/ubirataonline","https:\/\/mastodon.social\/@ubirataonline","https:\/\/www.facebook.com\/groups\/311144672285604","https:\/\/www.facebook.com\/UBTAOnline","https:\/\/www.instagram.com\/portalubirataonline\/","https:\/\/twitter.com\/ubirataonline"],"description":"Somos um portal de not\u00edcias independente, criado em 5 de janeiro de 2009, com o objetivo de informar, conectar e valorizar a nossa comunidade de Ubirat\u00e3 e toda aregi\u00e3o. Com conte\u00fado atualizado, confi\u00e1vel e relevante, o Ubirat\u00e3 Online \u00e9 o seu espa\u00e7o para ficar por dentro dos principais acontecimentos locais, regionais, Brasil, Mundo e de interesse geral. Nosso compromisso \u00e9 com a verdade, a transpar\u00eancia e o respeito ao leitor.","legalName":"UBIRATA ONLINE NOT\u00cdCIAS","foundingDate":"2009-01-05","numberOfEmployees":{"@type":"QuantitativeValue","minValue":"1","maxValue":"10"},"publishingPrinciples":"https:\/\/ubirataonline.com.br\/faq\/","address":{"@id":"https:\/\/ubirataonline.com.br\/hoje-e-dia-em-setembro-de-2026-datas-fatos-historicos-e-campanhas-de-conscientizacao\/#local-main-place-address"},"geo":{"@type":"GeoCoordinates","latitude":"-24.5361401","longitude":"-52.9921776"},"telephone":["+5544998308235"],"contactPoint":{"@type":"ContactPoint","email":"contato@ubirataonline.com.br"},"openingHoursSpecification":{"@type":"OpeningHoursSpecification","dayOfWeek":["Monday","Tuesday","Wednesday","Thursday","Friday","Saturday","Sunday"],"opens":"00:00","closes":"23:59"},"email":"contato@ubirataonline.com.br","vatID":"47.621.418\/0001-80"},{"@type":"Person","@id":"https:\/\/ubirataonline.com.br\/#\/schema\/person\/372f87bbd3fdd79b8556b84c98d0bc1c","name":"REDA\u00c7\u00c3O: UBIRAT\u00c3 ONLINE - F\u00c1BIO AUGUSTO CELESTINO","pronouns":"Ele","description":"Desde 2003 trabalhando com not\u00edcias.","sameAs":["http:\/\/ubirataoline.com.br","https:\/\/www.facebook.com\/portalubirataonline","https:\/\/www.instagram.com\/ubirataonline_oficial","https:\/\/x.com\/x.com\/ubirataonline"],"honorificPrefix":"Mr.","honorificSuffix":"MD","birthDate":"1980-06-16","gender":"masculino","award":["V\u00e1rios pr\u00eamios de melhor portal da cidade"],"jobTitle":"Diretor","url":"https:\/\/ubirataonline.com.br\/en\/author\/ubirataonline\/"},{"@type":"PostalAddress","@id":"https:\/\/ubirataonline.com.br\/hoje-e-dia-em-setembro-de-2026-datas-fatos-historicos-e-campanhas-de-conscientizacao\/#local-main-place-address","streetAddress":"Rua dos Coqueiros, 104 - Bairro Boa Vista, Rua dos Coqueiros, 104 Bairro Boa Vista","addressLocality":"UBIRATA","postalCode":"85440-000","addressRegion":"PR","addressCountry":"BR"},{"@type":"ImageObject","inLanguage":"en-US","@id":"https:\/\/ubirataonline.com.br\/hoje-e-dia-em-setembro-de-2026-datas-fatos-historicos-e-campanhas-de-conscientizacao\/#local-main-organization-logo","url":"https:\/\/ubirataonline.com.br\/wp-content\/uploads\/2026\/06\/logoubirataonline-1.webp","contentUrl":"https:\/\/ubirataonline.com.br\/wp-content\/uploads\/2026\/06\/logoubirataonline-1.webp","width":500,"height":500,"caption":"Ubirat\u00e3 Online Not\u00edcias"}]},"geo.placename":"UBIRATA","geo.position":{"lat":"-24.5361401","long":"-52.9921776"},"geo.region":"Brazil"},"_links":{"self":[{"href":"https:\/\/ubirataonline.com.br\/en\/wp-json\/wp\/v2\/posts\/169542","targetHints":{"allow":["GET"]}}],"collection":[{"href":"https:\/\/ubirataonline.com.br\/en\/wp-json\/wp\/v2\/posts"}],"about":[{"href":"https:\/\/ubirataonline.com.br\/en\/wp-json\/wp\/v2\/types\/post"}],"author":[{"embeddable":true,"href":"https:\/\/ubirataonline.com.br\/en\/wp-json\/wp\/v2\/users\/1"}],"replies":[{"embeddable":true,"href":"https:\/\/ubirataonline.com.br\/en\/wp-json\/wp\/v2\/comments?post=169542"}],"version-history":[{"count":0,"href":"https:\/\/ubirataonline.com.br\/en\/wp-json\/wp\/v2\/posts\/169542\/revisions"}],"wp:featuredmedia":[{"embeddable":true,"href":"https:\/\/ubirataonline.com.br\/en\/wp-json\/wp\/v2\/media\/169543"}],"wp:attachment":[{"href":"https:\/\/ubirataonline.com.br\/en\/wp-json\/wp\/v2\/media?parent=169542"}],"wp:term":[{"taxonomy":"category","embeddable":true,"href":"https:\/\/ubirataonline.com.br\/en\/wp-json\/wp\/v2\/categories?post=169542"},{"taxonomy":"post_tag","embeddable":true,"href":"https:\/\/ubirataonline.com.br\/en\/wp-json\/wp\/v2\/tags?post=169542"}],"curies":[{"name":"wp","href":"https:\/\/api.w.org\/{rel}","templated":true}]}}