{"id":169547,"date":"2026-09-01T08:31:48","date_gmt":"2026-09-01T11:31:48","guid":{"rendered":"https:\/\/ubirataonline.com.br\/trabalhador-morre-apos-ser-atingido-por-raio-durante-tempestade-em-imbituva-parana\/"},"modified":"2026-09-01T08:31:48","modified_gmt":"2026-09-01T11:31:48","slug":"trabalhador-morre-apos-ser-atingido-por-raio-durante-tempestade-em-imbituva-parana","status":"publish","type":"post","link":"https:\/\/ubirataonline.com.br\/en\/trabalhador-morre-apos-ser-atingido-por-raio-durante-tempestade-em-imbituva-parana\/","title":{"rendered":"Trabalhador morre ap\u00f3s ser atingido por raio durante tempestade em Imbituva, Paran\u00e1"},"content":{"rendered":"<p>Edson Delgado da Silva, trabalhador rural de 51 anos, morreu ap\u00f3s ser atingido por um raio em uma propriedade na localidade de Arroio Grande, em Imbituva, na regi\u00e3o central do Paran\u00e1. O incidente ocorreu na tarde de segunda-feira (31), durante uma s\u00e9rie de tempestades que atingiram o estado.<\/p>\n<p>O Servi\u00e7o de Atendimento M\u00f3vel de Urg\u00eancia (Samu) foi acionado por volta das 13h30, mas ao chegar ao local, o trabalhador j\u00e1 estava sem sinais vitais. Testemunhas relataram que Edson foi atingido pela descarga el\u00e9trica, e a per\u00edcia agora apura se este foi o fator que causou a morte.<\/p>\n<h3>Registro de raios no Paran\u00e1<\/h3>\n<p>Conforme informa\u00e7\u00f5es do Sistema de Tecnologia e Monitoramento Ambiental do Paran\u00e1 (Simepar), o dia 31 marcou a ocorr\u00eancia de mais de 37,5 mil raios do tipo &#8220;nuvem-solo&#8221; em 397 dos 399 munic\u00edpios paranaenses, n\u00famero significativamente acima do registrado em dias comuns de tempestade.<\/p>\n<p>Em Imbituva, foram 122 registros desse tipo de raio, que s\u00e3o descargas el\u00e9tricas direcionadas ao solo, com potencial para causar acidentes graves e danos.<\/p>\n<h3>Detalhes do vel\u00f3rio e sepultamento<\/h3>\n<p>O vel\u00f3rio de Edson Delgado da Silva est\u00e1 sendo realizado na Capela Municipal de Imbituva. O sepultamento est\u00e1 previsto para as 16h desta ter\u00e7a-feira (1\u00ba), no cemit\u00e9rio Luterano da cidade.<\/p>\n<h3>Cidades com maior n\u00famero de raios no estado<\/h3>\n<p>Al\u00e9m de Imbituva, outras cidades do Paran\u00e1 apresentaram altos \u00edndices de raios no dia 31, como Guarapuava (1.182 raios), Pinh\u00e3o (680), Cand\u00f3i (678) e Ortigueira (609). A intensa atividade el\u00e9trica causou alerta em diversas regi\u00f5es.<\/p>","protected":false},"excerpt":{"rendered":"<p>Edson Delgado da Silva, trabalhador rural de 51 anos, morreu ap\u00f3s ser atingido por um raio em uma propriedade na localidade de Arroio Grande, em Imbituva, na regi\u00e3o central do Paran\u00e1. O incidente ocorreu na tarde de segunda-feira (31), durante uma s\u00e9rie de tempestades que atingiram o estado. O Servi\u00e7o de Atendimento M\u00f3vel de Urg\u00eancia [&hellip;]<\/p>\n","protected":false},"author":1,"featured_media":169548,"comment_status":"","ping_status":"","sticky":false,"template":"","format":"standard","meta":{"googlesitekit_rrm_CAow2JLhCw:productID":"","_gspb_post_css":"","maa_idioma":"","maa_pais":"","footnotes":""},"categories":[4],"tags":[],"class_list":["post-169547","post","type-post","status-publish","format-standard","has-post-thumbnail","hentry","category-brasil"],"blocksy_meta":[],"yoast_head":"<!-- This site is optimized with the Yoast SEO Premium plugin v27.6 (Yoast SEO v27.6) - https:\/\/yoast.com\/product\/yoast-seo-premium-wordpress\/ -->\n<title>Trabalhador morre ap\u00f3s ser atingido por raio durante tempestade em Imbituva, Paran\u00e1 - Ubirat\u00e3 Online Not\u00edcias - A realidade ao seu alcance!<\/title>\n<meta name=\"description\" content=\"Edson Delgado da Silva, trabalhador rural de 51 anos, morreu ap\u00f3s ser atingido por um raio em uma propriedade na localidade de Arroio Grande, em Imbituva,\" \/>\n<meta name=\"robots\" content=\"index, follow, max-snippet:-1, max-image-preview:large, max-video-preview:-1\" \/>\n<link rel=\"canonical\" href=\"https:\/\/ubirataonline.com.br\/en\/trabalhador-morre-apos-ser-atingido-por-raio-durante-tempestade-em-imbituva-parana\/\" \/>\n<meta property=\"og:locale\" content=\"en_US\" \/>\n<meta property=\"og:type\" content=\"article\" \/>\n<meta property=\"og:title\" content=\"Trabalhador morre ap\u00f3s ser atingido por raio durante tempestade em Imbituva, Paran\u00e1\" \/>\n<meta property=\"og:description\" content=\"Edson Delgado da Silva, trabalhador rural de 51 anos, morreu ap\u00f3s ser atingido por um raio em uma propriedade na localidade de Arroio Grande, em Imbituva,\" \/>\n<meta property=\"og:url\" content=\"https:\/\/ubirataonline.com.br\/en\/trabalhador-morre-apos-ser-atingido-por-raio-durante-tempestade-em-imbituva-parana\/\" \/>\n<meta property=\"og:site_name\" content=\"Ubirat\u00e3 Online Not\u00edcias - A realidade ao seu alcance!\" \/>\n<meta property=\"article:publisher\" content=\"https:\/\/www.facebook.com\/portalubirataonline\" \/>\n<meta property=\"article:author\" content=\"https:\/\/www.facebook.com\/portalubirataonline\" \/>\n<meta property=\"article:published_time\" content=\"2026-09-01T11:31:48+00:00\" \/>\n<meta property=\"og:image\" content=\"https:\/\/ubirataonline.com.br\/wp-content\/uploads\/2026\/05\/logo2026.webp\" \/>\n\t<meta property=\"og:image:width\" content=\"1531\" \/>\n\t<meta property=\"og:image:height\" content=\"418\" \/>\n\t<meta property=\"og:image:type\" content=\"image\/webp\" \/>\n<meta name=\"author\" content=\"REDA\u00c7\u00c3O: UBIRAT\u00c3 ONLINE - F\u00c1BIO AUGUSTO CELESTINO\" \/>\n<meta name=\"twitter:card\" content=\"summary_large_image\" \/>\n<meta name=\"twitter:creator\" content=\"@x.com\/ubirataonline\" \/>\n<meta name=\"twitter:site\" content=\"@ubirataonline\" \/>\n<meta name=\"twitter:label1\" content=\"Written by\" \/>\n\t<meta name=\"twitter:data1\" content=\"REDA\u00c7\u00c3O: UBIRAT\u00c3 ONLINE - F\u00c1BIO AUGUSTO CELESTINO\" \/>\n\t<meta name=\"twitter:label2\" content=\"Est. reading time\" \/>\n\t<meta name=\"twitter:data2\" content=\"1 minute\" \/>\n<script type=\"application\/ld+json\" class=\"yoast-schema-graph\">{\"@context\":\"https:\\\/\\\/schema.org\",\"@graph\":[{\"@type\":\"NewsArticle\",\"@id\":\"https:\\\/\\\/ubirataonline.com.br\\\/trabalhador-morre-apos-ser-atingido-por-raio-durante-tempestade-em-imbituva-parana\\\/#article\",\"isPartOf\":{\"@id\":\"https:\\\/\\\/ubirataonline.com.br\\\/trabalhador-morre-apos-ser-atingido-por-raio-durante-tempestade-em-imbituva-parana\\\/\"},\"author\":{\"name\":\"REDA\u00c7\u00c3O: UBIRAT\u00c3 ONLINE - F\u00c1BIO AUGUSTO CELESTINO\",\"@id\":\"https:\\\/\\\/ubirataonline.com.br\\\/#\\\/schema\\\/person\\\/372f87bbd3fdd79b8556b84c98d0bc1c\"},\"headline\":\"Trabalhador morre ap\u00f3s ser atingido por raio durante tempestade em Imbituva, Paran\u00e1\",\"datePublished\":\"2026-09-01T11:31:48+00:00\",\"mainEntityOfPage\":{\"@id\":\"https:\\\/\\\/ubirataonline.com.br\\\/trabalhador-morre-apos-ser-atingido-por-raio-durante-tempestade-em-imbituva-parana\\\/\"},\"wordCount\":271,\"publisher\":{\"@id\":\"https:\\\/\\\/ubirataonline.com.br\\\/#organization\"},\"image\":{\"@id\":\"https:\\\/\\\/ubirataonline.com.br\\\/trabalhador-morre-apos-ser-atingido-por-raio-durante-tempestade-em-imbituva-parana\\\/#primaryimage\"},\"thumbnailUrl\":\"https:\\\/\\\/ubirataonline.com.br\\\/wp-content\\\/uploads\\\/2026\\\/09\\\/maaimg-post-169547-20260901-113207.webp\",\"articleSection\":[\"Brasil\"],\"inLanguage\":\"en-US\",\"copyrightYear\":\"2026\",\"copyrightHolder\":{\"@id\":\"https:\\\/\\\/ubirataonline.com.br\\\/en\\\/#organization\"}},{\"@type\":\"WebPage\",\"@id\":\"https:\\\/\\\/ubirataonline.com.br\\\/trabalhador-morre-apos-ser-atingido-por-raio-durante-tempestade-em-imbituva-parana\\\/\",\"url\":\"https:\\\/\\\/ubirataonline.com.br\\\/trabalhador-morre-apos-ser-atingido-por-raio-durante-tempestade-em-imbituva-parana\\\/\",\"name\":\"Trabalhador morre ap\u00f3s ser atingido por raio durante tempestade em Imbituva, Paran\u00e1 - Ubirat\u00e3 Online Not\u00edcias - A realidade ao seu alcance!\",\"isPartOf\":{\"@id\":\"https:\\\/\\\/ubirataonline.com.br\\\/#website\"},\"primaryImageOfPage\":{\"@id\":\"https:\\\/\\\/ubirataonline.com.br\\\/trabalhador-morre-apos-ser-atingido-por-raio-durante-tempestade-em-imbituva-parana\\\/#primaryimage\"},\"image\":{\"@id\":\"https:\\\/\\\/ubirataonline.com.br\\\/trabalhador-morre-apos-ser-atingido-por-raio-durante-tempestade-em-imbituva-parana\\\/#primaryimage\"},\"thumbnailUrl\":\"https:\\\/\\\/ubirataonline.com.br\\\/wp-content\\\/uploads\\\/2026\\\/09\\\/maaimg-post-169547-20260901-113207.webp\",\"datePublished\":\"2026-09-01T11:31:48+00:00\",\"description\":\"Edson Delgado da Silva, trabalhador rural de 51 anos, morreu ap\u00f3s ser atingido por um raio em uma propriedade na localidade de Arroio Grande, em Imbituva,\",\"breadcrumb\":{\"@id\":\"https:\\\/\\\/ubirataonline.com.br\\\/trabalhador-morre-apos-ser-atingido-por-raio-durante-tempestade-em-imbituva-parana\\\/#breadcrumb\"},\"inLanguage\":\"en-US\",\"potentialAction\":[{\"@type\":\"ReadAction\",\"target\":[\"https:\\\/\\\/ubirataonline.com.br\\\/trabalhador-morre-apos-ser-atingido-por-raio-durante-tempestade-em-imbituva-parana\\\/\"]}]},{\"@type\":\"ImageObject\",\"inLanguage\":\"en-US\",\"@id\":\"https:\\\/\\\/ubirataonline.com.br\\\/trabalhador-morre-apos-ser-atingido-por-raio-durante-tempestade-em-imbituva-parana\\\/#primaryimage\",\"url\":\"https:\\\/\\\/ubirataonline.com.br\\\/wp-content\\\/uploads\\\/2026\\\/09\\\/maaimg-post-169547-20260901-113207.webp\",\"contentUrl\":\"https:\\\/\\\/ubirataonline.com.br\\\/wp-content\\\/uploads\\\/2026\\\/09\\\/maaimg-post-169547-20260901-113207.webp\",\"width\":1536,\"height\":1024,\"caption\":\"Imagem representando trabalhador morre ap\u00f3s ser atingido por raio durante tempestade em Imbituva\"},{\"@type\":\"BreadcrumbList\",\"@id\":\"https:\\\/\\\/ubirataonline.com.br\\\/trabalhador-morre-apos-ser-atingido-por-raio-durante-tempestade-em-imbituva-parana\\\/#breadcrumb\",\"itemListElement\":[{\"@type\":\"ListItem\",\"position\":1,\"name\":\"In\u00edcio\",\"item\":\"https:\\\/\\\/ubirataonline.com.br\\\/\"},{\"@type\":\"ListItem\",\"position\":2,\"name\":\"Trabalhador morre ap\u00f3s ser atingido por raio durante tempestade em Imbituva, Paran\u00e1\"}]},{\"@type\":\"WebSite\",\"@id\":\"https:\\\/\\\/ubirataonline.com.br\\\/#website\",\"url\":\"https:\\\/\\\/ubirataonline.com.br\\\/\",\"name\":\"Ubirat\u00e3 Online Not\u00edcias\",\"description\":\"Not\u00edcias de Ubirat\u00e3, regi\u00e3o, Brasil e mundo, com informa\u00e7\u00e3o atualizada e compromisso com o leitor.\",\"publisher\":{\"@id\":\"https:\\\/\\\/ubirataonline.com.br\\\/#organization\"},\"alternateName\":\"Ubirat\u00e3 Online\",\"potentialAction\":[{\"@type\":\"SearchAction\",\"target\":{\"@type\":\"EntryPoint\",\"urlTemplate\":\"https:\\\/\\\/ubirataonline.com.br\\\/?s={search_term_string}\"},\"query-input\":{\"@type\":\"PropertyValueSpecification\",\"valueRequired\":true,\"valueName\":\"search_term_string\"}}],\"inLanguage\":\"en-US\"},{\"@type\":[\"Organization\",\"Place\"],\"@id\":\"https:\\\/\\\/ubirataonline.com.br\\\/#organization\",\"name\":\"Ubirat\u00e3 Online Not\u00edcias\",\"alternateName\":\"Ubirat\u00e3 Online\",\"url\":\"https:\\\/\\\/ubirataonline.com.br\\\/\",\"logo\":{\"@id\":\"https:\\\/\\\/ubirataonline.com.br\\\/trabalhador-morre-apos-ser-atingido-por-raio-durante-tempestade-em-imbituva-parana\\\/#local-main-organization-logo\"},\"image\":{\"@id\":\"https:\\\/\\\/ubirataonline.com.br\\\/trabalhador-morre-apos-ser-atingido-por-raio-durante-tempestade-em-imbituva-parana\\\/#local-main-organization-logo\"},\"sameAs\":[\"https:\\\/\\\/www.facebook.com\\\/portalubirataonline\",\"https:\\\/\\\/x.com\\\/ubirataonline\",\"https:\\\/\\\/mastodon.social\\\/@ubirataonline\",\"https:\\\/\\\/www.facebook.com\\\/groups\\\/311144672285604\",\"https:\\\/\\\/www.facebook.com\\\/UBTAOnline\",\"https:\\\/\\\/www.instagram.com\\\/portalubirataonline\\\/\",\"https:\\\/\\\/twitter.com\\\/ubirataonline\"],\"description\":\"Somos um portal de not\u00edcias independente, criado em 5 de janeiro de 2009, com o objetivo de informar, conectar e valorizar a nossa comunidade de Ubirat\u00e3 e toda aregi\u00e3o. Com conte\u00fado atualizado, confi\u00e1vel e relevante, o Ubirat\u00e3 Online \u00e9 o seu espa\u00e7o para ficar por dentro dos principais acontecimentos locais, regionais, Brasil, Mundo e de interesse geral. Nosso compromisso \u00e9 com a verdade, a transpar\u00eancia e o respeito ao leitor.\",\"legalName\":\"UBIRATA ONLINE NOT\u00cdCIAS\",\"foundingDate\":\"2009-01-05\",\"numberOfEmployees\":{\"@type\":\"QuantitativeValue\",\"minValue\":\"1\",\"maxValue\":\"10\"},\"publishingPrinciples\":\"https:\\\/\\\/ubirataonline.com.br\\\/faq\\\/\",\"address\":{\"@id\":\"https:\\\/\\\/ubirataonline.com.br\\\/trabalhador-morre-apos-ser-atingido-por-raio-durante-tempestade-em-imbituva-parana\\\/#local-main-place-address\"},\"geo\":{\"@type\":\"GeoCoordinates\",\"latitude\":\"-24.5361401\",\"longitude\":\"-52.9921776\"},\"telephone\":[\"+5544998308235\"],\"contactPoint\":{\"@type\":\"ContactPoint\",\"email\":\"contato@ubirataonline.com.br\"},\"openingHoursSpecification\":{\"@type\":\"OpeningHoursSpecification\",\"dayOfWeek\":[\"Monday\",\"Tuesday\",\"Wednesday\",\"Thursday\",\"Friday\",\"Saturday\",\"Sunday\"],\"opens\":\"00:00\",\"closes\":\"23:59\"},\"email\":\"contato@ubirataonline.com.br\",\"vatID\":\"47.621.418\\\/0001-80\"},{\"@type\":\"Person\",\"@id\":\"https:\\\/\\\/ubirataonline.com.br\\\/#\\\/schema\\\/person\\\/372f87bbd3fdd79b8556b84c98d0bc1c\",\"name\":\"REDA\u00c7\u00c3O: UBIRAT\u00c3 ONLINE - F\u00c1BIO AUGUSTO CELESTINO\",\"pronouns\":\"Ele\",\"description\":\"Desde 2003 trabalhando com not\u00edcias.\",\"sameAs\":[\"http:\\\/\\\/ubirataoline.com.br\",\"https:\\\/\\\/www.facebook.com\\\/portalubirataonline\",\"https:\\\/\\\/www.instagram.com\\\/ubirataonline_oficial\",\"https:\\\/\\\/x.com\\\/x.com\\\/ubirataonline\"],\"honorificPrefix\":\"Mr.\",\"honorificSuffix\":\"MD\",\"birthDate\":\"1980-06-16\",\"gender\":\"masculino\",\"award\":[\"V\u00e1rios pr\u00eamios de melhor portal da cidade\"],\"jobTitle\":\"Diretor\",\"url\":\"https:\\\/\\\/ubirataonline.com.br\\\/en\\\/author\\\/ubirataonline\\\/\"},{\"@type\":\"PostalAddress\",\"@id\":\"https:\\\/\\\/ubirataonline.com.br\\\/trabalhador-morre-apos-ser-atingido-por-raio-durante-tempestade-em-imbituva-parana\\\/#local-main-place-address\",\"streetAddress\":\"Rua dos Coqueiros, 104 - Bairro Boa Vista, Rua dos Coqueiros, 104 Bairro Boa Vista\",\"addressLocality\":\"UBIRATA\",\"postalCode\":\"85440-000\",\"addressRegion\":\"PR\",\"addressCountry\":\"BR\"},{\"@type\":\"ImageObject\",\"inLanguage\":\"en-US\",\"@id\":\"https:\\\/\\\/ubirataonline.com.br\\\/trabalhador-morre-apos-ser-atingido-por-raio-durante-tempestade-em-imbituva-parana\\\/#local-main-organization-logo\",\"url\":\"https:\\\/\\\/ubirataonline.com.br\\\/wp-content\\\/uploads\\\/2026\\\/06\\\/logoubirataonline-1.webp\",\"contentUrl\":\"https:\\\/\\\/ubirataonline.com.br\\\/wp-content\\\/uploads\\\/2026\\\/06\\\/logoubirataonline-1.webp\",\"width\":500,\"height\":500,\"caption\":\"Ubirat\u00e3 Online Not\u00edcias\"}]}<\/script>\n<meta name=\"geo.placename\" content=\"UBIRATA\" \/>\n<meta name=\"geo.position\" content=\"-24.5361401;-52.9921776\" \/>\n<meta name=\"geo.region\" content=\"Brazil\" \/>\n<!-- \/ Yoast SEO Premium plugin. -->","yoast_head_json":{"title":"Trabalhador morre ap\u00f3s ser atingido por raio durante tempestade em Imbituva, Paran\u00e1 - Ubirat\u00e3 Online Not\u00edcias - A realidade ao seu alcance!","description":"Edson Delgado da Silva, trabalhador rural de 51 anos, morreu ap\u00f3s ser atingido por um raio em uma propriedade na localidade de Arroio Grande, em Imbituva,","robots":{"index":"index","follow":"follow","max-snippet":"max-snippet:-1","max-image-preview":"max-image-preview:large","max-video-preview":"max-video-preview:-1"},"canonical":"https:\/\/ubirataonline.com.br\/en\/trabalhador-morre-apos-ser-atingido-por-raio-durante-tempestade-em-imbituva-parana\/","og_locale":"en_US","og_type":"article","og_title":"Trabalhador morre ap\u00f3s ser atingido por raio durante tempestade em Imbituva, Paran\u00e1","og_description":"Edson Delgado da Silva, trabalhador rural de 51 anos, morreu ap\u00f3s ser atingido por um raio em uma propriedade na localidade de Arroio Grande, em Imbituva,","og_url":"https:\/\/ubirataonline.com.br\/en\/trabalhador-morre-apos-ser-atingido-por-raio-durante-tempestade-em-imbituva-parana\/","og_site_name":"Ubirat\u00e3 Online Not\u00edcias - A realidade ao seu alcance!","article_publisher":"https:\/\/www.facebook.com\/portalubirataonline","article_author":"https:\/\/www.facebook.com\/portalubirataonline","article_published_time":"2026-09-01T11:31:48+00:00","og_image":[{"width":1531,"height":418,"url":"https:\/\/ubirataonline.com.br\/wp-content\/uploads\/2026\/05\/logo2026.webp","type":"image\/webp"}],"author":"REDA\u00c7\u00c3O: UBIRAT\u00c3 ONLINE - F\u00c1BIO AUGUSTO CELESTINO","twitter_card":"summary_large_image","twitter_creator":"@x.com\/ubirataonline","twitter_site":"@ubirataonline","twitter_misc":{"Written by":"REDA\u00c7\u00c3O: UBIRAT\u00c3 ONLINE - F\u00c1BIO AUGUSTO CELESTINO","Est. reading time":"1 minute"},"schema":{"@context":"https:\/\/schema.org","@graph":[{"@type":"NewsArticle","@id":"https:\/\/ubirataonline.com.br\/trabalhador-morre-apos-ser-atingido-por-raio-durante-tempestade-em-imbituva-parana\/#article","isPartOf":{"@id":"https:\/\/ubirataonline.com.br\/trabalhador-morre-apos-ser-atingido-por-raio-durante-tempestade-em-imbituva-parana\/"},"author":{"name":"REDA\u00c7\u00c3O: UBIRAT\u00c3 ONLINE - F\u00c1BIO AUGUSTO CELESTINO","@id":"https:\/\/ubirataonline.com.br\/#\/schema\/person\/372f87bbd3fdd79b8556b84c98d0bc1c"},"headline":"Trabalhador morre ap\u00f3s ser atingido por raio durante tempestade em Imbituva, Paran\u00e1","datePublished":"2026-09-01T11:31:48+00:00","mainEntityOfPage":{"@id":"https:\/\/ubirataonline.com.br\/trabalhador-morre-apos-ser-atingido-por-raio-durante-tempestade-em-imbituva-parana\/"},"wordCount":271,"publisher":{"@id":"https:\/\/ubirataonline.com.br\/#organization"},"image":{"@id":"https:\/\/ubirataonline.com.br\/trabalhador-morre-apos-ser-atingido-por-raio-durante-tempestade-em-imbituva-parana\/#primaryimage"},"thumbnailUrl":"https:\/\/ubirataonline.com.br\/wp-content\/uploads\/2026\/09\/maaimg-post-169547-20260901-113207.webp","articleSection":["Brasil"],"inLanguage":"en-US","copyrightYear":"2026","copyrightHolder":{"@id":"https:\/\/ubirataonline.com.br\/en\/#organization"}},{"@type":"WebPage","@id":"https:\/\/ubirataonline.com.br\/trabalhador-morre-apos-ser-atingido-por-raio-durante-tempestade-em-imbituva-parana\/","url":"https:\/\/ubirataonline.com.br\/trabalhador-morre-apos-ser-atingido-por-raio-durante-tempestade-em-imbituva-parana\/","name":"Trabalhador morre ap\u00f3s ser atingido por raio durante tempestade em Imbituva, Paran\u00e1 - Ubirat\u00e3 Online Not\u00edcias - A realidade ao seu alcance!","isPartOf":{"@id":"https:\/\/ubirataonline.com.br\/#website"},"primaryImageOfPage":{"@id":"https:\/\/ubirataonline.com.br\/trabalhador-morre-apos-ser-atingido-por-raio-durante-tempestade-em-imbituva-parana\/#primaryimage"},"image":{"@id":"https:\/\/ubirataonline.com.br\/trabalhador-morre-apos-ser-atingido-por-raio-durante-tempestade-em-imbituva-parana\/#primaryimage"},"thumbnailUrl":"https:\/\/ubirataonline.com.br\/wp-content\/uploads\/2026\/09\/maaimg-post-169547-20260901-113207.webp","datePublished":"2026-09-01T11:31:48+00:00","description":"Edson Delgado da Silva, trabalhador rural de 51 anos, morreu ap\u00f3s ser atingido por um raio em uma propriedade na localidade de Arroio Grande, em Imbituva,","breadcrumb":{"@id":"https:\/\/ubirataonline.com.br\/trabalhador-morre-apos-ser-atingido-por-raio-durante-tempestade-em-imbituva-parana\/#breadcrumb"},"inLanguage":"en-US","potentialAction":[{"@type":"ReadAction","target":["https:\/\/ubirataonline.com.br\/trabalhador-morre-apos-ser-atingido-por-raio-durante-tempestade-em-imbituva-parana\/"]}]},{"@type":"ImageObject","inLanguage":"en-US","@id":"https:\/\/ubirataonline.com.br\/trabalhador-morre-apos-ser-atingido-por-raio-durante-tempestade-em-imbituva-parana\/#primaryimage","url":"https:\/\/ubirataonline.com.br\/wp-content\/uploads\/2026\/09\/maaimg-post-169547-20260901-113207.webp","contentUrl":"https:\/\/ubirataonline.com.br\/wp-content\/uploads\/2026\/09\/maaimg-post-169547-20260901-113207.webp","width":1536,"height":1024,"caption":"Imagem representando trabalhador morre ap\u00f3s ser atingido por raio durante tempestade em Imbituva"},{"@type":"BreadcrumbList","@id":"https:\/\/ubirataonline.com.br\/trabalhador-morre-apos-ser-atingido-por-raio-durante-tempestade-em-imbituva-parana\/#breadcrumb","itemListElement":[{"@type":"ListItem","position":1,"name":"In\u00edcio","item":"https:\/\/ubirataonline.com.br\/"},{"@type":"ListItem","position":2,"name":"Trabalhador morre ap\u00f3s ser atingido por raio durante tempestade em Imbituva, Paran\u00e1"}]},{"@type":"WebSite","@id":"https:\/\/ubirataonline.com.br\/#website","url":"https:\/\/ubirataonline.com.br\/","name":"Ubirat\u00e3 Online Not\u00edcias","description":"Not\u00edcias de Ubirat\u00e3, regi\u00e3o, Brasil e mundo, com informa\u00e7\u00e3o atualizada e compromisso com o leitor.","publisher":{"@id":"https:\/\/ubirataonline.com.br\/#organization"},"alternateName":"Ubirat\u00e3 Online","potentialAction":[{"@type":"SearchAction","target":{"@type":"EntryPoint","urlTemplate":"https:\/\/ubirataonline.com.br\/?s={search_term_string}"},"query-input":{"@type":"PropertyValueSpecification","valueRequired":true,"valueName":"search_term_string"}}],"inLanguage":"en-US"},{"@type":["Organization","Place"],"@id":"https:\/\/ubirataonline.com.br\/#organization","name":"Ubirat\u00e3 Online Not\u00edcias","alternateName":"Ubirat\u00e3 Online","url":"https:\/\/ubirataonline.com.br\/","logo":{"@id":"https:\/\/ubirataonline.com.br\/trabalhador-morre-apos-ser-atingido-por-raio-durante-tempestade-em-imbituva-parana\/#local-main-organization-logo"},"image":{"@id":"https:\/\/ubirataonline.com.br\/trabalhador-morre-apos-ser-atingido-por-raio-durante-tempestade-em-imbituva-parana\/#local-main-organization-logo"},"sameAs":["https:\/\/www.facebook.com\/portalubirataonline","https:\/\/x.com\/ubirataonline","https:\/\/mastodon.social\/@ubirataonline","https:\/\/www.facebook.com\/groups\/311144672285604","https:\/\/www.facebook.com\/UBTAOnline","https:\/\/www.instagram.com\/portalubirataonline\/","https:\/\/twitter.com\/ubirataonline"],"description":"Somos um portal de not\u00edcias independente, criado em 5 de janeiro de 2009, com o objetivo de informar, conectar e valorizar a nossa comunidade de Ubirat\u00e3 e toda aregi\u00e3o. Com conte\u00fado atualizado, confi\u00e1vel e relevante, o Ubirat\u00e3 Online \u00e9 o seu espa\u00e7o para ficar por dentro dos principais acontecimentos locais, regionais, Brasil, Mundo e de interesse geral. Nosso compromisso \u00e9 com a verdade, a transpar\u00eancia e o respeito ao leitor.","legalName":"UBIRATA ONLINE NOT\u00cdCIAS","foundingDate":"2009-01-05","numberOfEmployees":{"@type":"QuantitativeValue","minValue":"1","maxValue":"10"},"publishingPrinciples":"https:\/\/ubirataonline.com.br\/faq\/","address":{"@id":"https:\/\/ubirataonline.com.br\/trabalhador-morre-apos-ser-atingido-por-raio-durante-tempestade-em-imbituva-parana\/#local-main-place-address"},"geo":{"@type":"GeoCoordinates","latitude":"-24.5361401","longitude":"-52.9921776"},"telephone":["+5544998308235"],"contactPoint":{"@type":"ContactPoint","email":"contato@ubirataonline.com.br"},"openingHoursSpecification":{"@type":"OpeningHoursSpecification","dayOfWeek":["Monday","Tuesday","Wednesday","Thursday","Friday","Saturday","Sunday"],"opens":"00:00","closes":"23:59"},"email":"contato@ubirataonline.com.br","vatID":"47.621.418\/0001-80"},{"@type":"Person","@id":"https:\/\/ubirataonline.com.br\/#\/schema\/person\/372f87bbd3fdd79b8556b84c98d0bc1c","name":"REDA\u00c7\u00c3O: UBIRAT\u00c3 ONLINE - F\u00c1BIO AUGUSTO CELESTINO","pronouns":"Ele","description":"Desde 2003 trabalhando com not\u00edcias.","sameAs":["http:\/\/ubirataoline.com.br","https:\/\/www.facebook.com\/portalubirataonline","https:\/\/www.instagram.com\/ubirataonline_oficial","https:\/\/x.com\/x.com\/ubirataonline"],"honorificPrefix":"Mr.","honorificSuffix":"MD","birthDate":"1980-06-16","gender":"masculino","award":["V\u00e1rios pr\u00eamios de melhor portal da cidade"],"jobTitle":"Diretor","url":"https:\/\/ubirataonline.com.br\/en\/author\/ubirataonline\/"},{"@type":"PostalAddress","@id":"https:\/\/ubirataonline.com.br\/trabalhador-morre-apos-ser-atingido-por-raio-durante-tempestade-em-imbituva-parana\/#local-main-place-address","streetAddress":"Rua dos Coqueiros, 104 - Bairro Boa Vista, Rua dos Coqueiros, 104 Bairro Boa Vista","addressLocality":"UBIRATA","postalCode":"85440-000","addressRegion":"PR","addressCountry":"BR"},{"@type":"ImageObject","inLanguage":"en-US","@id":"https:\/\/ubirataonline.com.br\/trabalhador-morre-apos-ser-atingido-por-raio-durante-tempestade-em-imbituva-parana\/#local-main-organization-logo","url":"https:\/\/ubirataonline.com.br\/wp-content\/uploads\/2026\/06\/logoubirataonline-1.webp","contentUrl":"https:\/\/ubirataonline.com.br\/wp-content\/uploads\/2026\/06\/logoubirataonline-1.webp","width":500,"height":500,"caption":"Ubirat\u00e3 Online Not\u00edcias"}]},"geo.placename":"UBIRATA","geo.position":{"lat":"-24.5361401","long":"-52.9921776"},"geo.region":"Brazil"},"_links":{"self":[{"href":"https:\/\/ubirataonline.com.br\/en\/wp-json\/wp\/v2\/posts\/169547","targetHints":{"allow":["GET"]}}],"collection":[{"href":"https:\/\/ubirataonline.com.br\/en\/wp-json\/wp\/v2\/posts"}],"about":[{"href":"https:\/\/ubirataonline.com.br\/en\/wp-json\/wp\/v2\/types\/post"}],"author":[{"embeddable":true,"href":"https:\/\/ubirataonline.com.br\/en\/wp-json\/wp\/v2\/users\/1"}],"replies":[{"embeddable":true,"href":"https:\/\/ubirataonline.com.br\/en\/wp-json\/wp\/v2\/comments?post=169547"}],"version-history":[{"count":0,"href":"https:\/\/ubirataonline.com.br\/en\/wp-json\/wp\/v2\/posts\/169547\/revisions"}],"wp:featuredmedia":[{"embeddable":true,"href":"https:\/\/ubirataonline.com.br\/en\/wp-json\/wp\/v2\/media\/169548"}],"wp:attachment":[{"href":"https:\/\/ubirataonline.com.br\/en\/wp-json\/wp\/v2\/media?parent=169547"}],"wp:term":[{"taxonomy":"category","embeddable":true,"href":"https:\/\/ubirataonline.com.br\/en\/wp-json\/wp\/v2\/categories?post=169547"},{"taxonomy":"post_tag","embeddable":true,"href":"https:\/\/ubirataonline.com.br\/en\/wp-json\/wp\/v2\/tags?post=169547"}],"curies":[{"name":"wp","href":"https:\/\/api.w.org\/{rel}","templated":true}]}}