{"id":169555,"date":"2026-09-01T08:41:32","date_gmt":"2026-09-01T11:41:32","guid":{"rendered":"https:\/\/ubirataonline.com.br\/presidente-da-zambia-hakainde-hichilema-e-empossado-para-segundo-mandato-em-meio-a-controversias-eleitorais\/"},"modified":"2026-09-01T08:41:32","modified_gmt":"2026-09-01T11:41:32","slug":"presidente-da-zambia-hakainde-hichilema-e-empossado-para-segundo-mandato-em-meio-a-controversias-eleitorais","status":"publish","type":"post","link":"https:\/\/ubirataonline.com.br\/en\/presidente-da-zambia-hakainde-hichilema-e-empossado-para-segundo-mandato-em-meio-a-controversias-eleitorais\/","title":{"rendered":"Presidente da Z\u00e2mbia Hakainde Hichilema \u00e9 empossado para segundo mandato em meio a controv\u00e9rsias eleitorais"},"content":{"rendered":"<p>Hakainde Hichilema foi empossado para seu segundo mandato presidencial de cinco anos na Z\u00e2mbia ap\u00f3s uma elei\u00e7\u00e3o marcada por controv\u00e9rsias e a deten\u00e7\u00e3o do principal advers\u00e1rio, Brian Mundubile, acusado de trai\u00e7\u00e3o.<\/p>\n<p>O pleito realizado em 13 de agosto registrou vit\u00f3ria de Hichilema com 60% dos votos, segundo dados oficiais, enquanto Mundubile obteve 38% e alegou fraude, embora n\u00e3o tenha apresentado contesta\u00e7\u00e3o jur\u00eddica devido ao fechamento dos tribunais no prazo final para recurso.<\/p>\n<p>Observadores eleitorais destacaram que o dia da vota\u00e7\u00e3o foi pac\u00edfico, mas apontaram falhas no processo de apura\u00e7\u00e3o, como atrasos na anota\u00e7\u00e3o dos resultados e verifica\u00e7\u00f5es insuficientes entre registros digitais e em papel, conforme relato da Uni\u00e3o Europeia.<\/p>\n<p>Ap\u00f3s a elei\u00e7\u00e3o, houve uma opera\u00e7\u00e3o policial que resultou na morte de um ex-ministro durante uma incurs\u00e3o em um im\u00f3vel ligado a Mundubile em Lusaka, al\u00e9m de pris\u00f5es de membros da oposi\u00e7\u00e3o e a acusa\u00e7\u00e3o, negada pelos envolvidos, de planejamento de insurg\u00eancia armada.<\/p>\n<p>A cerim\u00f4nia de posse ocorreu no Est\u00e1dio Nacional dos Her\u00f3is da capital e contou com a presen\u00e7a de l\u00edderes de pa\u00edses africanos, incluindo Qu\u00eania, Botsuana, Zimb\u00e1bue, Nam\u00edbia e Tanz\u00e2nia. Hichilema tomou posse ao lado de sua vice, Mutale Nalumango, sob celebra\u00e7\u00e3o de milhares de apoiadores.<\/p>\n<p>Em seu primeiro mandato iniciado em 2021, Hichilema enfrentou uma economia fragilizada com alta infla\u00e7\u00e3o e d\u00edvida externa, tendo negociado reestrutura\u00e7\u00e3o e tentado estabilizar os indicadores econ\u00f4micos. Ele declarou inten\u00e7\u00e3o de continuar construindo sobre as bases estabelecidas nos \u00faltimos cinco anos.<\/p>","protected":false},"excerpt":{"rendered":"<p>Hakainde Hichilema foi empossado para seu segundo mandato presidencial de cinco anos na Z\u00e2mbia ap\u00f3s uma elei\u00e7\u00e3o marcada por controv\u00e9rsias e a deten\u00e7\u00e3o do principal advers\u00e1rio, Brian Mundubile, acusado de trai\u00e7\u00e3o. O pleito realizado em 13 de agosto registrou vit\u00f3ria de Hichilema com 60% dos votos, segundo dados oficiais, enquanto Mundubile obteve 38% e alegou [&hellip;]<\/p>\n","protected":false},"author":1,"featured_media":169556,"comment_status":"","ping_status":"","sticky":false,"template":"","format":"standard","meta":{"googlesitekit_rrm_CAow2JLhCw:productID":"","_gspb_post_css":"","maa_idioma":"","maa_pais":"","footnotes":""},"categories":[40158],"tags":[],"class_list":["post-169555","post","type-post","status-publish","format-standard","has-post-thumbnail","hentry","category-world"],"blocksy_meta":[],"yoast_head":"<!-- This site is optimized with the Yoast SEO Premium plugin v27.6 (Yoast SEO v27.6) - https:\/\/yoast.com\/product\/yoast-seo-premium-wordpress\/ -->\n<title>Presidente da Z\u00e2mbia Hakainde Hichilema \u00e9 empossado para segundo mandato em meio a controv\u00e9rsias eleitorais - Ubirat\u00e3 Online Not\u00edcias - A realidade ao seu alcance!<\/title>\n<meta name=\"description\" content=\"Hakainde Hichilema foi empossado para seu segundo mandato presidencial de cinco anos na Z\u00e2mbia ap\u00f3s uma elei\u00e7\u00e3o marcada por controv\u00e9rsias e a deten\u00e7\u00e3o do\" \/>\n<meta name=\"robots\" content=\"index, follow, max-snippet:-1, max-image-preview:large, max-video-preview:-1\" \/>\n<link rel=\"canonical\" href=\"https:\/\/ubirataonline.com.br\/en\/presidente-da-zambia-hakainde-hichilema-e-empossado-para-segundo-mandato-em-meio-a-controversias-eleitorais\/\" \/>\n<meta property=\"og:locale\" content=\"en_US\" \/>\n<meta property=\"og:type\" content=\"article\" \/>\n<meta property=\"og:title\" content=\"Presidente da Z\u00e2mbia Hakainde Hichilema \u00e9 empossado para segundo mandato em meio a controv\u00e9rsias eleitorais\" \/>\n<meta property=\"og:description\" content=\"Hakainde Hichilema foi empossado para seu segundo mandato presidencial de cinco anos na Z\u00e2mbia ap\u00f3s uma elei\u00e7\u00e3o marcada por controv\u00e9rsias e a deten\u00e7\u00e3o do\" \/>\n<meta property=\"og:url\" content=\"https:\/\/ubirataonline.com.br\/en\/presidente-da-zambia-hakainde-hichilema-e-empossado-para-segundo-mandato-em-meio-a-controversias-eleitorais\/\" \/>\n<meta property=\"og:site_name\" content=\"Ubirat\u00e3 Online Not\u00edcias - A realidade ao seu alcance!\" \/>\n<meta property=\"article:publisher\" content=\"https:\/\/www.facebook.com\/portalubirataonline\" \/>\n<meta property=\"article:author\" content=\"https:\/\/www.facebook.com\/portalubirataonline\" \/>\n<meta property=\"article:published_time\" content=\"2026-09-01T11:41:32+00:00\" \/>\n<meta property=\"og:image\" content=\"https:\/\/ubirataonline.com.br\/wp-content\/uploads\/2026\/05\/logo2026.webp\" \/>\n\t<meta property=\"og:image:width\" content=\"1531\" \/>\n\t<meta property=\"og:image:height\" content=\"418\" \/>\n\t<meta property=\"og:image:type\" content=\"image\/webp\" \/>\n<meta name=\"author\" content=\"REDA\u00c7\u00c3O: UBIRAT\u00c3 ONLINE - F\u00c1BIO AUGUSTO CELESTINO\" \/>\n<meta name=\"twitter:card\" content=\"summary_large_image\" \/>\n<meta name=\"twitter:creator\" content=\"@x.com\/ubirataonline\" \/>\n<meta name=\"twitter:site\" content=\"@ubirataonline\" \/>\n<meta name=\"twitter:label1\" content=\"Written by\" \/>\n\t<meta name=\"twitter:data1\" content=\"REDA\u00c7\u00c3O: UBIRAT\u00c3 ONLINE - F\u00c1BIO AUGUSTO CELESTINO\" \/>\n\t<meta name=\"twitter:label2\" content=\"Est. reading time\" \/>\n\t<meta name=\"twitter:data2\" content=\"1 minute\" \/>\n<script type=\"application\/ld+json\" class=\"yoast-schema-graph\">{\"@context\":\"https:\\\/\\\/schema.org\",\"@graph\":[{\"@type\":\"NewsArticle\",\"@id\":\"https:\\\/\\\/ubirataonline.com.br\\\/presidente-da-zambia-hakainde-hichilema-e-empossado-para-segundo-mandato-em-meio-a-controversias-eleitorais\\\/#article\",\"isPartOf\":{\"@id\":\"https:\\\/\\\/ubirataonline.com.br\\\/presidente-da-zambia-hakainde-hichilema-e-empossado-para-segundo-mandato-em-meio-a-controversias-eleitorais\\\/\"},\"author\":{\"name\":\"REDA\u00c7\u00c3O: UBIRAT\u00c3 ONLINE - F\u00c1BIO AUGUSTO CELESTINO\",\"@id\":\"https:\\\/\\\/ubirataonline.com.br\\\/#\\\/schema\\\/person\\\/372f87bbd3fdd79b8556b84c98d0bc1c\"},\"headline\":\"Presidente da Z\u00e2mbia Hakainde Hichilema \u00e9 empossado para segundo mandato em meio a controv\u00e9rsias eleitorais\",\"datePublished\":\"2026-09-01T11:41:32+00:00\",\"mainEntityOfPage\":{\"@id\":\"https:\\\/\\\/ubirataonline.com.br\\\/presidente-da-zambia-hakainde-hichilema-e-empossado-para-segundo-mandato-em-meio-a-controversias-eleitorais\\\/\"},\"wordCount\":293,\"publisher\":{\"@id\":\"https:\\\/\\\/ubirataonline.com.br\\\/#organization\"},\"image\":{\"@id\":\"https:\\\/\\\/ubirataonline.com.br\\\/presidente-da-zambia-hakainde-hichilema-e-empossado-para-segundo-mandato-em-meio-a-controversias-eleitorais\\\/#primaryimage\"},\"thumbnailUrl\":\"https:\\\/\\\/ubirataonline.com.br\\\/wp-content\\\/uploads\\\/2026\\\/09\\\/maaimg-post-169555-20260901-114149.webp\",\"articleSection\":[\"World\"],\"inLanguage\":\"en-US\",\"copyrightYear\":\"2026\",\"copyrightHolder\":{\"@id\":\"https:\\\/\\\/ubirataonline.com.br\\\/en\\\/#organization\"}},{\"@type\":\"WebPage\",\"@id\":\"https:\\\/\\\/ubirataonline.com.br\\\/presidente-da-zambia-hakainde-hichilema-e-empossado-para-segundo-mandato-em-meio-a-controversias-eleitorais\\\/\",\"url\":\"https:\\\/\\\/ubirataonline.com.br\\\/presidente-da-zambia-hakainde-hichilema-e-empossado-para-segundo-mandato-em-meio-a-controversias-eleitorais\\\/\",\"name\":\"Presidente da Z\u00e2mbia Hakainde Hichilema \u00e9 empossado para segundo mandato em meio a controv\u00e9rsias eleitorais - Ubirat\u00e3 Online Not\u00edcias - A realidade ao seu alcance!\",\"isPartOf\":{\"@id\":\"https:\\\/\\\/ubirataonline.com.br\\\/#website\"},\"primaryImageOfPage\":{\"@id\":\"https:\\\/\\\/ubirataonline.com.br\\\/presidente-da-zambia-hakainde-hichilema-e-empossado-para-segundo-mandato-em-meio-a-controversias-eleitorais\\\/#primaryimage\"},\"image\":{\"@id\":\"https:\\\/\\\/ubirataonline.com.br\\\/presidente-da-zambia-hakainde-hichilema-e-empossado-para-segundo-mandato-em-meio-a-controversias-eleitorais\\\/#primaryimage\"},\"thumbnailUrl\":\"https:\\\/\\\/ubirataonline.com.br\\\/wp-content\\\/uploads\\\/2026\\\/09\\\/maaimg-post-169555-20260901-114149.webp\",\"datePublished\":\"2026-09-01T11:41:32+00:00\",\"description\":\"Hakainde Hichilema foi empossado para seu segundo mandato presidencial de cinco anos na Z\u00e2mbia ap\u00f3s uma elei\u00e7\u00e3o marcada por controv\u00e9rsias e a deten\u00e7\u00e3o do\",\"breadcrumb\":{\"@id\":\"https:\\\/\\\/ubirataonline.com.br\\\/presidente-da-zambia-hakainde-hichilema-e-empossado-para-segundo-mandato-em-meio-a-controversias-eleitorais\\\/#breadcrumb\"},\"inLanguage\":\"en-US\",\"potentialAction\":[{\"@type\":\"ReadAction\",\"target\":[\"https:\\\/\\\/ubirataonline.com.br\\\/presidente-da-zambia-hakainde-hichilema-e-empossado-para-segundo-mandato-em-meio-a-controversias-eleitorais\\\/\"]}]},{\"@type\":\"ImageObject\",\"inLanguage\":\"en-US\",\"@id\":\"https:\\\/\\\/ubirataonline.com.br\\\/presidente-da-zambia-hakainde-hichilema-e-empossado-para-segundo-mandato-em-meio-a-controversias-eleitorais\\\/#primaryimage\",\"url\":\"https:\\\/\\\/ubirataonline.com.br\\\/wp-content\\\/uploads\\\/2026\\\/09\\\/maaimg-post-169555-20260901-114149.webp\",\"contentUrl\":\"https:\\\/\\\/ubirataonline.com.br\\\/wp-content\\\/uploads\\\/2026\\\/09\\\/maaimg-post-169555-20260901-114149.webp\",\"width\":1536,\"height\":1024,\"caption\":\"Imagem da posse do presidente Z\u00e2mbia Hakainde Hichilema em cerim\u00f4nia oficial\"},{\"@type\":\"BreadcrumbList\",\"@id\":\"https:\\\/\\\/ubirataonline.com.br\\\/presidente-da-zambia-hakainde-hichilema-e-empossado-para-segundo-mandato-em-meio-a-controversias-eleitorais\\\/#breadcrumb\",\"itemListElement\":[{\"@type\":\"ListItem\",\"position\":1,\"name\":\"In\u00edcio\",\"item\":\"https:\\\/\\\/ubirataonline.com.br\\\/\"},{\"@type\":\"ListItem\",\"position\":2,\"name\":\"Presidente da Z\u00e2mbia Hakainde Hichilema \u00e9 empossado para segundo mandato em meio a controv\u00e9rsias eleitorais\"}]},{\"@type\":\"WebSite\",\"@id\":\"https:\\\/\\\/ubirataonline.com.br\\\/#website\",\"url\":\"https:\\\/\\\/ubirataonline.com.br\\\/\",\"name\":\"Ubirat\u00e3 Online Not\u00edcias\",\"description\":\"Not\u00edcias de Ubirat\u00e3, regi\u00e3o, Brasil e mundo, com informa\u00e7\u00e3o atualizada e compromisso com o leitor.\",\"publisher\":{\"@id\":\"https:\\\/\\\/ubirataonline.com.br\\\/#organization\"},\"alternateName\":\"Ubirat\u00e3 Online\",\"potentialAction\":[{\"@type\":\"SearchAction\",\"target\":{\"@type\":\"EntryPoint\",\"urlTemplate\":\"https:\\\/\\\/ubirataonline.com.br\\\/?s={search_term_string}\"},\"query-input\":{\"@type\":\"PropertyValueSpecification\",\"valueRequired\":true,\"valueName\":\"search_term_string\"}}],\"inLanguage\":\"en-US\"},{\"@type\":[\"Organization\",\"Place\"],\"@id\":\"https:\\\/\\\/ubirataonline.com.br\\\/#organization\",\"name\":\"Ubirat\u00e3 Online Not\u00edcias\",\"alternateName\":\"Ubirat\u00e3 Online\",\"url\":\"https:\\\/\\\/ubirataonline.com.br\\\/\",\"logo\":{\"@id\":\"https:\\\/\\\/ubirataonline.com.br\\\/presidente-da-zambia-hakainde-hichilema-e-empossado-para-segundo-mandato-em-meio-a-controversias-eleitorais\\\/#local-main-organization-logo\"},\"image\":{\"@id\":\"https:\\\/\\\/ubirataonline.com.br\\\/presidente-da-zambia-hakainde-hichilema-e-empossado-para-segundo-mandato-em-meio-a-controversias-eleitorais\\\/#local-main-organization-logo\"},\"sameAs\":[\"https:\\\/\\\/www.facebook.com\\\/portalubirataonline\",\"https:\\\/\\\/x.com\\\/ubirataonline\",\"https:\\\/\\\/mastodon.social\\\/@ubirataonline\",\"https:\\\/\\\/www.facebook.com\\\/groups\\\/311144672285604\",\"https:\\\/\\\/www.facebook.com\\\/UBTAOnline\",\"https:\\\/\\\/www.instagram.com\\\/portalubirataonline\\\/\",\"https:\\\/\\\/twitter.com\\\/ubirataonline\"],\"description\":\"Somos um portal de not\u00edcias independente, criado em 5 de janeiro de 2009, com o objetivo de informar, conectar e valorizar a nossa comunidade de Ubirat\u00e3 e toda aregi\u00e3o. Com conte\u00fado atualizado, confi\u00e1vel e relevante, o Ubirat\u00e3 Online \u00e9 o seu espa\u00e7o para ficar por dentro dos principais acontecimentos locais, regionais, Brasil, Mundo e de interesse geral. Nosso compromisso \u00e9 com a verdade, a transpar\u00eancia e o respeito ao leitor.\",\"legalName\":\"UBIRATA ONLINE NOT\u00cdCIAS\",\"foundingDate\":\"2009-01-05\",\"numberOfEmployees\":{\"@type\":\"QuantitativeValue\",\"minValue\":\"1\",\"maxValue\":\"10\"},\"publishingPrinciples\":\"https:\\\/\\\/ubirataonline.com.br\\\/faq\\\/\",\"address\":{\"@id\":\"https:\\\/\\\/ubirataonline.com.br\\\/presidente-da-zambia-hakainde-hichilema-e-empossado-para-segundo-mandato-em-meio-a-controversias-eleitorais\\\/#local-main-place-address\"},\"geo\":{\"@type\":\"GeoCoordinates\",\"latitude\":\"-24.5361401\",\"longitude\":\"-52.9921776\"},\"telephone\":[\"+5544998308235\"],\"contactPoint\":{\"@type\":\"ContactPoint\",\"email\":\"contato@ubirataonline.com.br\"},\"openingHoursSpecification\":{\"@type\":\"OpeningHoursSpecification\",\"dayOfWeek\":[\"Monday\",\"Tuesday\",\"Wednesday\",\"Thursday\",\"Friday\",\"Saturday\",\"Sunday\"],\"opens\":\"00:00\",\"closes\":\"23:59\"},\"email\":\"contato@ubirataonline.com.br\",\"vatID\":\"47.621.418\\\/0001-80\"},{\"@type\":\"Person\",\"@id\":\"https:\\\/\\\/ubirataonline.com.br\\\/#\\\/schema\\\/person\\\/372f87bbd3fdd79b8556b84c98d0bc1c\",\"name\":\"REDA\u00c7\u00c3O: UBIRAT\u00c3 ONLINE - F\u00c1BIO AUGUSTO CELESTINO\",\"pronouns\":\"Ele\",\"description\":\"Desde 2003 trabalhando com not\u00edcias.\",\"sameAs\":[\"http:\\\/\\\/ubirataoline.com.br\",\"https:\\\/\\\/www.facebook.com\\\/portalubirataonline\",\"https:\\\/\\\/www.instagram.com\\\/ubirataonline_oficial\",\"https:\\\/\\\/x.com\\\/x.com\\\/ubirataonline\"],\"honorificPrefix\":\"Mr.\",\"honorificSuffix\":\"MD\",\"birthDate\":\"1980-06-16\",\"gender\":\"masculino\",\"award\":[\"V\u00e1rios pr\u00eamios de melhor portal da cidade\"],\"jobTitle\":\"Diretor\",\"url\":\"https:\\\/\\\/ubirataonline.com.br\\\/en\\\/author\\\/ubirataonline\\\/\"},{\"@type\":\"PostalAddress\",\"@id\":\"https:\\\/\\\/ubirataonline.com.br\\\/presidente-da-zambia-hakainde-hichilema-e-empossado-para-segundo-mandato-em-meio-a-controversias-eleitorais\\\/#local-main-place-address\",\"streetAddress\":\"Rua dos Coqueiros, 104 - Bairro Boa Vista, Rua dos Coqueiros, 104 Bairro Boa Vista\",\"addressLocality\":\"UBIRATA\",\"postalCode\":\"85440-000\",\"addressRegion\":\"PR\",\"addressCountry\":\"BR\"},{\"@type\":\"ImageObject\",\"inLanguage\":\"en-US\",\"@id\":\"https:\\\/\\\/ubirataonline.com.br\\\/presidente-da-zambia-hakainde-hichilema-e-empossado-para-segundo-mandato-em-meio-a-controversias-eleitorais\\\/#local-main-organization-logo\",\"url\":\"https:\\\/\\\/ubirataonline.com.br\\\/wp-content\\\/uploads\\\/2026\\\/06\\\/logoubirataonline-1.webp\",\"contentUrl\":\"https:\\\/\\\/ubirataonline.com.br\\\/wp-content\\\/uploads\\\/2026\\\/06\\\/logoubirataonline-1.webp\",\"width\":500,\"height\":500,\"caption\":\"Ubirat\u00e3 Online Not\u00edcias\"}]}<\/script>\n<meta name=\"geo.placename\" content=\"UBIRATA\" \/>\n<meta name=\"geo.position\" content=\"-24.5361401;-52.9921776\" \/>\n<meta name=\"geo.region\" content=\"Brazil\" \/>\n<!-- \/ Yoast SEO Premium plugin. -->","yoast_head_json":{"title":"Presidente da Z\u00e2mbia Hakainde Hichilema \u00e9 empossado para segundo mandato em meio a controv\u00e9rsias eleitorais - Ubirat\u00e3 Online Not\u00edcias - A realidade ao seu alcance!","description":"Hakainde Hichilema foi empossado para seu segundo mandato presidencial de cinco anos na Z\u00e2mbia ap\u00f3s uma elei\u00e7\u00e3o marcada por controv\u00e9rsias e a deten\u00e7\u00e3o do","robots":{"index":"index","follow":"follow","max-snippet":"max-snippet:-1","max-image-preview":"max-image-preview:large","max-video-preview":"max-video-preview:-1"},"canonical":"https:\/\/ubirataonline.com.br\/en\/presidente-da-zambia-hakainde-hichilema-e-empossado-para-segundo-mandato-em-meio-a-controversias-eleitorais\/","og_locale":"en_US","og_type":"article","og_title":"Presidente da Z\u00e2mbia Hakainde Hichilema \u00e9 empossado para segundo mandato em meio a controv\u00e9rsias eleitorais","og_description":"Hakainde Hichilema foi empossado para seu segundo mandato presidencial de cinco anos na Z\u00e2mbia ap\u00f3s uma elei\u00e7\u00e3o marcada por controv\u00e9rsias e a deten\u00e7\u00e3o do","og_url":"https:\/\/ubirataonline.com.br\/en\/presidente-da-zambia-hakainde-hichilema-e-empossado-para-segundo-mandato-em-meio-a-controversias-eleitorais\/","og_site_name":"Ubirat\u00e3 Online Not\u00edcias - A realidade ao seu alcance!","article_publisher":"https:\/\/www.facebook.com\/portalubirataonline","article_author":"https:\/\/www.facebook.com\/portalubirataonline","article_published_time":"2026-09-01T11:41:32+00:00","og_image":[{"width":1531,"height":418,"url":"https:\/\/ubirataonline.com.br\/wp-content\/uploads\/2026\/05\/logo2026.webp","type":"image\/webp"}],"author":"REDA\u00c7\u00c3O: UBIRAT\u00c3 ONLINE - F\u00c1BIO AUGUSTO CELESTINO","twitter_card":"summary_large_image","twitter_creator":"@x.com\/ubirataonline","twitter_site":"@ubirataonline","twitter_misc":{"Written by":"REDA\u00c7\u00c3O: UBIRAT\u00c3 ONLINE - F\u00c1BIO AUGUSTO CELESTINO","Est. reading time":"1 minute"},"schema":{"@context":"https:\/\/schema.org","@graph":[{"@type":"NewsArticle","@id":"https:\/\/ubirataonline.com.br\/presidente-da-zambia-hakainde-hichilema-e-empossado-para-segundo-mandato-em-meio-a-controversias-eleitorais\/#article","isPartOf":{"@id":"https:\/\/ubirataonline.com.br\/presidente-da-zambia-hakainde-hichilema-e-empossado-para-segundo-mandato-em-meio-a-controversias-eleitorais\/"},"author":{"name":"REDA\u00c7\u00c3O: UBIRAT\u00c3 ONLINE - F\u00c1BIO AUGUSTO CELESTINO","@id":"https:\/\/ubirataonline.com.br\/#\/schema\/person\/372f87bbd3fdd79b8556b84c98d0bc1c"},"headline":"Presidente da Z\u00e2mbia Hakainde Hichilema \u00e9 empossado para segundo mandato em meio a controv\u00e9rsias eleitorais","datePublished":"2026-09-01T11:41:32+00:00","mainEntityOfPage":{"@id":"https:\/\/ubirataonline.com.br\/presidente-da-zambia-hakainde-hichilema-e-empossado-para-segundo-mandato-em-meio-a-controversias-eleitorais\/"},"wordCount":293,"publisher":{"@id":"https:\/\/ubirataonline.com.br\/#organization"},"image":{"@id":"https:\/\/ubirataonline.com.br\/presidente-da-zambia-hakainde-hichilema-e-empossado-para-segundo-mandato-em-meio-a-controversias-eleitorais\/#primaryimage"},"thumbnailUrl":"https:\/\/ubirataonline.com.br\/wp-content\/uploads\/2026\/09\/maaimg-post-169555-20260901-114149.webp","articleSection":["World"],"inLanguage":"en-US","copyrightYear":"2026","copyrightHolder":{"@id":"https:\/\/ubirataonline.com.br\/en\/#organization"}},{"@type":"WebPage","@id":"https:\/\/ubirataonline.com.br\/presidente-da-zambia-hakainde-hichilema-e-empossado-para-segundo-mandato-em-meio-a-controversias-eleitorais\/","url":"https:\/\/ubirataonline.com.br\/presidente-da-zambia-hakainde-hichilema-e-empossado-para-segundo-mandato-em-meio-a-controversias-eleitorais\/","name":"Presidente da Z\u00e2mbia Hakainde Hichilema \u00e9 empossado para segundo mandato em meio a controv\u00e9rsias eleitorais - Ubirat\u00e3 Online Not\u00edcias - A realidade ao seu alcance!","isPartOf":{"@id":"https:\/\/ubirataonline.com.br\/#website"},"primaryImageOfPage":{"@id":"https:\/\/ubirataonline.com.br\/presidente-da-zambia-hakainde-hichilema-e-empossado-para-segundo-mandato-em-meio-a-controversias-eleitorais\/#primaryimage"},"image":{"@id":"https:\/\/ubirataonline.com.br\/presidente-da-zambia-hakainde-hichilema-e-empossado-para-segundo-mandato-em-meio-a-controversias-eleitorais\/#primaryimage"},"thumbnailUrl":"https:\/\/ubirataonline.com.br\/wp-content\/uploads\/2026\/09\/maaimg-post-169555-20260901-114149.webp","datePublished":"2026-09-01T11:41:32+00:00","description":"Hakainde Hichilema foi empossado para seu segundo mandato presidencial de cinco anos na Z\u00e2mbia ap\u00f3s uma elei\u00e7\u00e3o marcada por controv\u00e9rsias e a deten\u00e7\u00e3o do","breadcrumb":{"@id":"https:\/\/ubirataonline.com.br\/presidente-da-zambia-hakainde-hichilema-e-empossado-para-segundo-mandato-em-meio-a-controversias-eleitorais\/#breadcrumb"},"inLanguage":"en-US","potentialAction":[{"@type":"ReadAction","target":["https:\/\/ubirataonline.com.br\/presidente-da-zambia-hakainde-hichilema-e-empossado-para-segundo-mandato-em-meio-a-controversias-eleitorais\/"]}]},{"@type":"ImageObject","inLanguage":"en-US","@id":"https:\/\/ubirataonline.com.br\/presidente-da-zambia-hakainde-hichilema-e-empossado-para-segundo-mandato-em-meio-a-controversias-eleitorais\/#primaryimage","url":"https:\/\/ubirataonline.com.br\/wp-content\/uploads\/2026\/09\/maaimg-post-169555-20260901-114149.webp","contentUrl":"https:\/\/ubirataonline.com.br\/wp-content\/uploads\/2026\/09\/maaimg-post-169555-20260901-114149.webp","width":1536,"height":1024,"caption":"Imagem da posse do presidente Z\u00e2mbia Hakainde Hichilema em cerim\u00f4nia oficial"},{"@type":"BreadcrumbList","@id":"https:\/\/ubirataonline.com.br\/presidente-da-zambia-hakainde-hichilema-e-empossado-para-segundo-mandato-em-meio-a-controversias-eleitorais\/#breadcrumb","itemListElement":[{"@type":"ListItem","position":1,"name":"In\u00edcio","item":"https:\/\/ubirataonline.com.br\/"},{"@type":"ListItem","position":2,"name":"Presidente da Z\u00e2mbia Hakainde Hichilema \u00e9 empossado para segundo mandato em meio a controv\u00e9rsias eleitorais"}]},{"@type":"WebSite","@id":"https:\/\/ubirataonline.com.br\/#website","url":"https:\/\/ubirataonline.com.br\/","name":"Ubirat\u00e3 Online Not\u00edcias","description":"Not\u00edcias de Ubirat\u00e3, regi\u00e3o, Brasil e mundo, com informa\u00e7\u00e3o atualizada e compromisso com o leitor.","publisher":{"@id":"https:\/\/ubirataonline.com.br\/#organization"},"alternateName":"Ubirat\u00e3 Online","potentialAction":[{"@type":"SearchAction","target":{"@type":"EntryPoint","urlTemplate":"https:\/\/ubirataonline.com.br\/?s={search_term_string}"},"query-input":{"@type":"PropertyValueSpecification","valueRequired":true,"valueName":"search_term_string"}}],"inLanguage":"en-US"},{"@type":["Organization","Place"],"@id":"https:\/\/ubirataonline.com.br\/#organization","name":"Ubirat\u00e3 Online Not\u00edcias","alternateName":"Ubirat\u00e3 Online","url":"https:\/\/ubirataonline.com.br\/","logo":{"@id":"https:\/\/ubirataonline.com.br\/presidente-da-zambia-hakainde-hichilema-e-empossado-para-segundo-mandato-em-meio-a-controversias-eleitorais\/#local-main-organization-logo"},"image":{"@id":"https:\/\/ubirataonline.com.br\/presidente-da-zambia-hakainde-hichilema-e-empossado-para-segundo-mandato-em-meio-a-controversias-eleitorais\/#local-main-organization-logo"},"sameAs":["https:\/\/www.facebook.com\/portalubirataonline","https:\/\/x.com\/ubirataonline","https:\/\/mastodon.social\/@ubirataonline","https:\/\/www.facebook.com\/groups\/311144672285604","https:\/\/www.facebook.com\/UBTAOnline","https:\/\/www.instagram.com\/portalubirataonline\/","https:\/\/twitter.com\/ubirataonline"],"description":"Somos um portal de not\u00edcias independente, criado em 5 de janeiro de 2009, com o objetivo de informar, conectar e valorizar a nossa comunidade de Ubirat\u00e3 e toda aregi\u00e3o. Com conte\u00fado atualizado, confi\u00e1vel e relevante, o Ubirat\u00e3 Online \u00e9 o seu espa\u00e7o para ficar por dentro dos principais acontecimentos locais, regionais, Brasil, Mundo e de interesse geral. Nosso compromisso \u00e9 com a verdade, a transpar\u00eancia e o respeito ao leitor.","legalName":"UBIRATA ONLINE NOT\u00cdCIAS","foundingDate":"2009-01-05","numberOfEmployees":{"@type":"QuantitativeValue","minValue":"1","maxValue":"10"},"publishingPrinciples":"https:\/\/ubirataonline.com.br\/faq\/","address":{"@id":"https:\/\/ubirataonline.com.br\/presidente-da-zambia-hakainde-hichilema-e-empossado-para-segundo-mandato-em-meio-a-controversias-eleitorais\/#local-main-place-address"},"geo":{"@type":"GeoCoordinates","latitude":"-24.5361401","longitude":"-52.9921776"},"telephone":["+5544998308235"],"contactPoint":{"@type":"ContactPoint","email":"contato@ubirataonline.com.br"},"openingHoursSpecification":{"@type":"OpeningHoursSpecification","dayOfWeek":["Monday","Tuesday","Wednesday","Thursday","Friday","Saturday","Sunday"],"opens":"00:00","closes":"23:59"},"email":"contato@ubirataonline.com.br","vatID":"47.621.418\/0001-80"},{"@type":"Person","@id":"https:\/\/ubirataonline.com.br\/#\/schema\/person\/372f87bbd3fdd79b8556b84c98d0bc1c","name":"REDA\u00c7\u00c3O: UBIRAT\u00c3 ONLINE - F\u00c1BIO AUGUSTO CELESTINO","pronouns":"Ele","description":"Desde 2003 trabalhando com not\u00edcias.","sameAs":["http:\/\/ubirataoline.com.br","https:\/\/www.facebook.com\/portalubirataonline","https:\/\/www.instagram.com\/ubirataonline_oficial","https:\/\/x.com\/x.com\/ubirataonline"],"honorificPrefix":"Mr.","honorificSuffix":"MD","birthDate":"1980-06-16","gender":"masculino","award":["V\u00e1rios pr\u00eamios de melhor portal da cidade"],"jobTitle":"Diretor","url":"https:\/\/ubirataonline.com.br\/en\/author\/ubirataonline\/"},{"@type":"PostalAddress","@id":"https:\/\/ubirataonline.com.br\/presidente-da-zambia-hakainde-hichilema-e-empossado-para-segundo-mandato-em-meio-a-controversias-eleitorais\/#local-main-place-address","streetAddress":"Rua dos Coqueiros, 104 - Bairro Boa Vista, Rua dos Coqueiros, 104 Bairro Boa Vista","addressLocality":"UBIRATA","postalCode":"85440-000","addressRegion":"PR","addressCountry":"BR"},{"@type":"ImageObject","inLanguage":"en-US","@id":"https:\/\/ubirataonline.com.br\/presidente-da-zambia-hakainde-hichilema-e-empossado-para-segundo-mandato-em-meio-a-controversias-eleitorais\/#local-main-organization-logo","url":"https:\/\/ubirataonline.com.br\/wp-content\/uploads\/2026\/06\/logoubirataonline-1.webp","contentUrl":"https:\/\/ubirataonline.com.br\/wp-content\/uploads\/2026\/06\/logoubirataonline-1.webp","width":500,"height":500,"caption":"Ubirat\u00e3 Online Not\u00edcias"}]},"geo.placename":"UBIRATA","geo.position":{"lat":"-24.5361401","long":"-52.9921776"},"geo.region":"Brazil"},"_links":{"self":[{"href":"https:\/\/ubirataonline.com.br\/en\/wp-json\/wp\/v2\/posts\/169555","targetHints":{"allow":["GET"]}}],"collection":[{"href":"https:\/\/ubirataonline.com.br\/en\/wp-json\/wp\/v2\/posts"}],"about":[{"href":"https:\/\/ubirataonline.com.br\/en\/wp-json\/wp\/v2\/types\/post"}],"author":[{"embeddable":true,"href":"https:\/\/ubirataonline.com.br\/en\/wp-json\/wp\/v2\/users\/1"}],"replies":[{"embeddable":true,"href":"https:\/\/ubirataonline.com.br\/en\/wp-json\/wp\/v2\/comments?post=169555"}],"version-history":[{"count":0,"href":"https:\/\/ubirataonline.com.br\/en\/wp-json\/wp\/v2\/posts\/169555\/revisions"}],"wp:featuredmedia":[{"embeddable":true,"href":"https:\/\/ubirataonline.com.br\/en\/wp-json\/wp\/v2\/media\/169556"}],"wp:attachment":[{"href":"https:\/\/ubirataonline.com.br\/en\/wp-json\/wp\/v2\/media?parent=169555"}],"wp:term":[{"taxonomy":"category","embeddable":true,"href":"https:\/\/ubirataonline.com.br\/en\/wp-json\/wp\/v2\/categories?post=169555"},{"taxonomy":"post_tag","embeddable":true,"href":"https:\/\/ubirataonline.com.br\/en\/wp-json\/wp\/v2\/tags?post=169555"}],"curies":[{"name":"wp","href":"https:\/\/api.w.org\/{rel}","templated":true}]}}