{"id":169613,"date":"2026-09-01T12:03:54","date_gmt":"2026-09-01T15:03:54","guid":{"rendered":"https:\/\/ubirataonline.com.br\/empresa-envolvida-em-morte-de-turista-holandes-nas-cataratas-do-iguacu-entrega-imagens-editadas-e-tem-sede-alvo-de-busca-da-policia\/"},"modified":"2026-09-01T12:03:54","modified_gmt":"2026-09-01T15:03:54","slug":"empresa-envolvida-em-morte-de-turista-holandes-nas-cataratas-do-iguacu-entrega-imagens-editadas-e-tem-sede-alvo-de-busca-da-policia","status":"publish","type":"post","link":"https:\/\/ubirataonline.com.br\/en\/empresa-envolvida-em-morte-de-turista-holandes-nas-cataratas-do-iguacu-entrega-imagens-editadas-e-tem-sede-alvo-de-busca-da-policia\/","title":{"rendered":"Empresa envolvida em morte de turista holand\u00eas nas Cataratas do Igua\u00e7u entrega imagens editadas e tem sede alvo de busca da pol\u00edcia"},"content":{"rendered":"<p>A Pol\u00edcia Civil realizou uma opera\u00e7\u00e3o de busca e apreens\u00e3o na sede da empresa Macuco Safari na segunda-feira (31), em Foz do Igua\u00e7u, ap\u00f3s identificar que a companhia havia entregue \u00e0 pol\u00edcia imagens editadas do acidente que resultou na morte do turista holand\u00eas Mark Lensink, de 25 anos, nas Cataratas do Igua\u00e7u.<\/p>\n<p>A a\u00e7\u00e3o tamb\u00e9m foi motivada pela n\u00e3o apresenta\u00e7\u00e3o da lista completa de passageiros presentes no passeio no dia do acidente. Participaram da opera\u00e7\u00e3o nove policiais, que apreenderam documentos e equipamentos eletr\u00f4nicos com o objetivo de obter as imagens brutas e informa\u00e7\u00f5es que possam contribuir para a investiga\u00e7\u00e3o.<\/p>\n<h3>Investiga\u00e7\u00e3o e posicionamento da empresa<\/h3>\n<p>A busca foi autorizada pela Justi\u00e7a a pedido da Pol\u00edcia Civil, que solicitava os v\u00eddeos e documentos para esclarecer os fatos relativos ao tombamento da embarca\u00e7\u00e3o durante o passeio privativo. Parte do material solicitado, por\u00e9m, n\u00e3o foi entregue de forma integral pela empresa.<\/p>\n<p>Em nota oficial, a Macuco Safari afirmou que mant\u00e9m compromisso com a transpar\u00eancia e tem colaborado com as autoridades, fornecendo informa\u00e7\u00f5es e documentos no \u00e2mbito das investiga\u00e7\u00f5es. A empresa tamb\u00e9m enfatizou a dedica\u00e7\u00e3o em prestar assist\u00eancia \u00e0s v\u00edtimas e familiares, al\u00e9m de acompanhar de perto todas as etapas da apura\u00e7\u00e3o.<\/p>\n<h3>Contexto do acidente<\/h3>\n<p>O acidente aconteceu em 28 de julho durante um passeio de barco promovido pela Macuco Safari nas Cataratas do Igua\u00e7u. A bordo estavam Mark Lensink, sua noiva, os sogros, a cunhada, o namorado da cunhada, al\u00e9m de piloto e copiloto. Segundo relatos, o barco tombou e todos ca\u00edram no Rio Igua\u00e7u.<\/p>\n<p>Mark foi socorrido, transportado para o Hospital Municipal de Foz do Igua\u00e7u, mas sofreu parada cardiorrespirat\u00f3ria e faleceu. Exames apontaram que a causa da morte foi afogamento.<\/p>\n<h3>Progresso das investiga\u00e7\u00f5es<\/h3>\n<p>A Capitania Fluvial do Rio Paran\u00e1 instaurou inqu\u00e9rito administrativo para analisar as condi\u00e7\u00f5es da navega\u00e7\u00e3o e detalhar as causas do ocorrido. A Pol\u00edcia Civil mant\u00e9m inqu\u00e9rito em andamento e aguarda respostas de outros \u00f3rg\u00e3os p\u00fablicos para complementar a investiga\u00e7\u00e3o. Novas informa\u00e7\u00f5es oficiais ser\u00e3o divulgadas ap\u00f3s conclus\u00e3o do inqu\u00e9rito.<\/p>\n<p>Uma vistoria inicial da Pol\u00edcia Cient\u00edfica na embarca\u00e7\u00e3o n\u00e3o identificou danos vis\u00edveis, mas per\u00edcias aprofundadas ficaram sob responsabilidade da Marinha para avaliar poss\u00edveis avarias n\u00e3o percept\u00edveis visualmente.<\/p>","protected":false},"excerpt":{"rendered":"<p>A Pol\u00edcia Civil realizou uma opera\u00e7\u00e3o de busca e apreens\u00e3o na sede da empresa Macuco Safari na segunda-feira (31), em Foz do Igua\u00e7u, ap\u00f3s identificar que a companhia havia entregue \u00e0 pol\u00edcia imagens editadas do acidente que resultou na morte do turista holand\u00eas Mark Lensink, de 25 anos, nas Cataratas do Igua\u00e7u. A a\u00e7\u00e3o tamb\u00e9m [&hellip;]<\/p>\n","protected":false},"author":1,"featured_media":169614,"comment_status":"","ping_status":"","sticky":false,"template":"","format":"standard","meta":{"googlesitekit_rrm_CAow2JLhCw:productID":"","_gspb_post_css":"","maa_idioma":"","maa_pais":"","footnotes":""},"categories":[4],"tags":[],"class_list":["post-169613","post","type-post","status-publish","format-standard","has-post-thumbnail","hentry","category-brasil"],"blocksy_meta":[],"yoast_head":"<!-- This site is optimized with the Yoast SEO Premium plugin v27.6 (Yoast SEO v27.6) - https:\/\/yoast.com\/product\/yoast-seo-premium-wordpress\/ -->\n<title>Empresa envolvida em morte de turista holand\u00eas nas Cataratas do Igua\u00e7u entrega imagens editadas e tem sede alvo de busca da pol\u00edcia - Ubirat\u00e3 Online Not\u00edcias - A realidade ao seu alcance!<\/title>\n<meta name=\"description\" content=\"A Pol\u00edcia Civil realizou uma opera\u00e7\u00e3o de busca e apreens\u00e3o na sede da empresa Macuco Safari na segunda-feira (31), em Foz do Igua\u00e7u, ap\u00f3s identificar que\" \/>\n<meta name=\"robots\" content=\"index, follow, max-snippet:-1, max-image-preview:large, max-video-preview:-1\" \/>\n<link rel=\"canonical\" href=\"https:\/\/ubirataonline.com.br\/en\/empresa-envolvida-em-morte-de-turista-holandes-nas-cataratas-do-iguacu-entrega-imagens-editadas-e-tem-sede-alvo-de-busca-da-policia\/\" \/>\n<meta property=\"og:locale\" content=\"en_US\" \/>\n<meta property=\"og:type\" content=\"article\" \/>\n<meta property=\"og:title\" content=\"Empresa envolvida em morte de turista holand\u00eas nas Cataratas do Igua\u00e7u entrega imagens editadas e tem sede alvo de busca da pol\u00edcia\" \/>\n<meta property=\"og:description\" content=\"A Pol\u00edcia Civil realizou uma opera\u00e7\u00e3o de busca e apreens\u00e3o na sede da empresa Macuco Safari na segunda-feira (31), em Foz do Igua\u00e7u, ap\u00f3s identificar que\" \/>\n<meta property=\"og:url\" content=\"https:\/\/ubirataonline.com.br\/en\/empresa-envolvida-em-morte-de-turista-holandes-nas-cataratas-do-iguacu-entrega-imagens-editadas-e-tem-sede-alvo-de-busca-da-policia\/\" \/>\n<meta property=\"og:site_name\" content=\"Ubirat\u00e3 Online Not\u00edcias - A realidade ao seu alcance!\" \/>\n<meta property=\"article:publisher\" content=\"https:\/\/www.facebook.com\/portalubirataonline\" \/>\n<meta property=\"article:author\" content=\"https:\/\/www.facebook.com\/portalubirataonline\" \/>\n<meta property=\"article:published_time\" content=\"2026-09-01T15:03:54+00:00\" \/>\n<meta property=\"og:image\" content=\"https:\/\/ubirataonline.com.br\/wp-content\/uploads\/2026\/05\/logo2026.webp\" \/>\n\t<meta property=\"og:image:width\" content=\"1531\" \/>\n\t<meta property=\"og:image:height\" content=\"418\" \/>\n\t<meta property=\"og:image:type\" content=\"image\/webp\" \/>\n<meta name=\"author\" content=\"REDA\u00c7\u00c3O: UBIRAT\u00c3 ONLINE - F\u00c1BIO AUGUSTO CELESTINO\" \/>\n<meta name=\"twitter:card\" content=\"summary_large_image\" \/>\n<meta name=\"twitter:creator\" content=\"@x.com\/ubirataonline\" \/>\n<meta name=\"twitter:site\" content=\"@ubirataonline\" \/>\n<meta name=\"twitter:label1\" content=\"Written by\" \/>\n\t<meta name=\"twitter:data1\" content=\"REDA\u00c7\u00c3O: UBIRAT\u00c3 ONLINE - F\u00c1BIO AUGUSTO CELESTINO\" \/>\n\t<meta name=\"twitter:label2\" content=\"Est. reading time\" \/>\n\t<meta name=\"twitter:data2\" content=\"2 minutes\" \/>\n<script type=\"application\/ld+json\" class=\"yoast-schema-graph\">{\"@context\":\"https:\\\/\\\/schema.org\",\"@graph\":[{\"@type\":\"NewsArticle\",\"@id\":\"https:\\\/\\\/ubirataonline.com.br\\\/empresa-envolvida-em-morte-de-turista-holandes-nas-cataratas-do-iguacu-entrega-imagens-editadas-e-tem-sede-alvo-de-busca-da-policia\\\/#article\",\"isPartOf\":{\"@id\":\"https:\\\/\\\/ubirataonline.com.br\\\/empresa-envolvida-em-morte-de-turista-holandes-nas-cataratas-do-iguacu-entrega-imagens-editadas-e-tem-sede-alvo-de-busca-da-policia\\\/\"},\"author\":{\"name\":\"REDA\u00c7\u00c3O: UBIRAT\u00c3 ONLINE - F\u00c1BIO AUGUSTO CELESTINO\",\"@id\":\"https:\\\/\\\/ubirataonline.com.br\\\/#\\\/schema\\\/person\\\/372f87bbd3fdd79b8556b84c98d0bc1c\"},\"headline\":\"Empresa envolvida em morte de turista holand\u00eas nas Cataratas do Igua\u00e7u entrega imagens editadas e tem sede alvo de busca da pol\u00edcia\",\"datePublished\":\"2026-09-01T15:03:54+00:00\",\"mainEntityOfPage\":{\"@id\":\"https:\\\/\\\/ubirataonline.com.br\\\/empresa-envolvida-em-morte-de-turista-holandes-nas-cataratas-do-iguacu-entrega-imagens-editadas-e-tem-sede-alvo-de-busca-da-policia\\\/\"},\"wordCount\":440,\"publisher\":{\"@id\":\"https:\\\/\\\/ubirataonline.com.br\\\/#organization\"},\"image\":{\"@id\":\"https:\\\/\\\/ubirataonline.com.br\\\/empresa-envolvida-em-morte-de-turista-holandes-nas-cataratas-do-iguacu-entrega-imagens-editadas-e-tem-sede-alvo-de-busca-da-policia\\\/#primaryimage\"},\"thumbnailUrl\":\"https:\\\/\\\/ubirataonline.com.br\\\/wp-content\\\/uploads\\\/2026\\\/09\\\/maaimg-post-169613-20260901-150412.webp\",\"articleSection\":[\"Brasil\"],\"inLanguage\":\"en-US\",\"copyrightYear\":\"2026\",\"copyrightHolder\":{\"@id\":\"https:\\\/\\\/ubirataonline.com.br\\\/en\\\/#organization\"}},{\"@type\":\"WebPage\",\"@id\":\"https:\\\/\\\/ubirataonline.com.br\\\/empresa-envolvida-em-morte-de-turista-holandes-nas-cataratas-do-iguacu-entrega-imagens-editadas-e-tem-sede-alvo-de-busca-da-policia\\\/\",\"url\":\"https:\\\/\\\/ubirataonline.com.br\\\/empresa-envolvida-em-morte-de-turista-holandes-nas-cataratas-do-iguacu-entrega-imagens-editadas-e-tem-sede-alvo-de-busca-da-policia\\\/\",\"name\":\"Empresa envolvida em morte de turista holand\u00eas nas Cataratas do Igua\u00e7u entrega imagens editadas e tem sede alvo de busca da pol\u00edcia - Ubirat\u00e3 Online Not\u00edcias - A realidade ao seu alcance!\",\"isPartOf\":{\"@id\":\"https:\\\/\\\/ubirataonline.com.br\\\/#website\"},\"primaryImageOfPage\":{\"@id\":\"https:\\\/\\\/ubirataonline.com.br\\\/empresa-envolvida-em-morte-de-turista-holandes-nas-cataratas-do-iguacu-entrega-imagens-editadas-e-tem-sede-alvo-de-busca-da-policia\\\/#primaryimage\"},\"image\":{\"@id\":\"https:\\\/\\\/ubirataonline.com.br\\\/empresa-envolvida-em-morte-de-turista-holandes-nas-cataratas-do-iguacu-entrega-imagens-editadas-e-tem-sede-alvo-de-busca-da-policia\\\/#primaryimage\"},\"thumbnailUrl\":\"https:\\\/\\\/ubirataonline.com.br\\\/wp-content\\\/uploads\\\/2026\\\/09\\\/maaimg-post-169613-20260901-150412.webp\",\"datePublished\":\"2026-09-01T15:03:54+00:00\",\"description\":\"A Pol\u00edcia Civil realizou uma opera\u00e7\u00e3o de busca e apreens\u00e3o na sede da empresa Macuco Safari na segunda-feira (31), em Foz do Igua\u00e7u, ap\u00f3s identificar que\",\"breadcrumb\":{\"@id\":\"https:\\\/\\\/ubirataonline.com.br\\\/empresa-envolvida-em-morte-de-turista-holandes-nas-cataratas-do-iguacu-entrega-imagens-editadas-e-tem-sede-alvo-de-busca-da-policia\\\/#breadcrumb\"},\"inLanguage\":\"en-US\",\"potentialAction\":[{\"@type\":\"ReadAction\",\"target\":[\"https:\\\/\\\/ubirataonline.com.br\\\/empresa-envolvida-em-morte-de-turista-holandes-nas-cataratas-do-iguacu-entrega-imagens-editadas-e-tem-sede-alvo-de-busca-da-policia\\\/\"]}]},{\"@type\":\"ImageObject\",\"inLanguage\":\"en-US\",\"@id\":\"https:\\\/\\\/ubirataonline.com.br\\\/empresa-envolvida-em-morte-de-turista-holandes-nas-cataratas-do-iguacu-entrega-imagens-editadas-e-tem-sede-alvo-de-busca-da-policia\\\/#primaryimage\",\"url\":\"https:\\\/\\\/ubirataonline.com.br\\\/wp-content\\\/uploads\\\/2026\\\/09\\\/maaimg-post-169613-20260901-150412.webp\",\"contentUrl\":\"https:\\\/\\\/ubirataonline.com.br\\\/wp-content\\\/uploads\\\/2026\\\/09\\\/maaimg-post-169613-20260901-150412.webp\",\"width\":1536,\"height\":1024,\"caption\":\"Sede da empresa envolvida morte turista nas Cataratas do Igua\u00e7u com viaturas policiais\"},{\"@type\":\"BreadcrumbList\",\"@id\":\"https:\\\/\\\/ubirataonline.com.br\\\/empresa-envolvida-em-morte-de-turista-holandes-nas-cataratas-do-iguacu-entrega-imagens-editadas-e-tem-sede-alvo-de-busca-da-policia\\\/#breadcrumb\",\"itemListElement\":[{\"@type\":\"ListItem\",\"position\":1,\"name\":\"In\u00edcio\",\"item\":\"https:\\\/\\\/ubirataonline.com.br\\\/\"},{\"@type\":\"ListItem\",\"position\":2,\"name\":\"Empresa envolvida em morte de turista holand\u00eas nas Cataratas do Igua\u00e7u entrega imagens editadas e tem sede alvo de busca da pol\u00edcia\"}]},{\"@type\":\"WebSite\",\"@id\":\"https:\\\/\\\/ubirataonline.com.br\\\/#website\",\"url\":\"https:\\\/\\\/ubirataonline.com.br\\\/\",\"name\":\"Ubirat\u00e3 Online Not\u00edcias\",\"description\":\"Not\u00edcias de Ubirat\u00e3, regi\u00e3o, Brasil e mundo, com informa\u00e7\u00e3o atualizada e compromisso com o leitor.\",\"publisher\":{\"@id\":\"https:\\\/\\\/ubirataonline.com.br\\\/#organization\"},\"alternateName\":\"Ubirat\u00e3 Online\",\"potentialAction\":[{\"@type\":\"SearchAction\",\"target\":{\"@type\":\"EntryPoint\",\"urlTemplate\":\"https:\\\/\\\/ubirataonline.com.br\\\/?s={search_term_string}\"},\"query-input\":{\"@type\":\"PropertyValueSpecification\",\"valueRequired\":true,\"valueName\":\"search_term_string\"}}],\"inLanguage\":\"en-US\"},{\"@type\":[\"Organization\",\"Place\"],\"@id\":\"https:\\\/\\\/ubirataonline.com.br\\\/#organization\",\"name\":\"Ubirat\u00e3 Online Not\u00edcias\",\"alternateName\":\"Ubirat\u00e3 Online\",\"url\":\"https:\\\/\\\/ubirataonline.com.br\\\/\",\"logo\":{\"@id\":\"https:\\\/\\\/ubirataonline.com.br\\\/empresa-envolvida-em-morte-de-turista-holandes-nas-cataratas-do-iguacu-entrega-imagens-editadas-e-tem-sede-alvo-de-busca-da-policia\\\/#local-main-organization-logo\"},\"image\":{\"@id\":\"https:\\\/\\\/ubirataonline.com.br\\\/empresa-envolvida-em-morte-de-turista-holandes-nas-cataratas-do-iguacu-entrega-imagens-editadas-e-tem-sede-alvo-de-busca-da-policia\\\/#local-main-organization-logo\"},\"sameAs\":[\"https:\\\/\\\/www.facebook.com\\\/portalubirataonline\",\"https:\\\/\\\/x.com\\\/ubirataonline\",\"https:\\\/\\\/mastodon.social\\\/@ubirataonline\",\"https:\\\/\\\/www.facebook.com\\\/groups\\\/311144672285604\",\"https:\\\/\\\/www.facebook.com\\\/UBTAOnline\",\"https:\\\/\\\/www.instagram.com\\\/portalubirataonline\\\/\",\"https:\\\/\\\/twitter.com\\\/ubirataonline\"],\"description\":\"Somos um portal de not\u00edcias independente, criado em 5 de janeiro de 2009, com o objetivo de informar, conectar e valorizar a nossa comunidade de Ubirat\u00e3 e toda aregi\u00e3o. Com conte\u00fado atualizado, confi\u00e1vel e relevante, o Ubirat\u00e3 Online \u00e9 o seu espa\u00e7o para ficar por dentro dos principais acontecimentos locais, regionais, Brasil, Mundo e de interesse geral. Nosso compromisso \u00e9 com a verdade, a transpar\u00eancia e o respeito ao leitor.\",\"legalName\":\"UBIRATA ONLINE NOT\u00cdCIAS\",\"foundingDate\":\"2009-01-05\",\"numberOfEmployees\":{\"@type\":\"QuantitativeValue\",\"minValue\":\"1\",\"maxValue\":\"10\"},\"publishingPrinciples\":\"https:\\\/\\\/ubirataonline.com.br\\\/faq\\\/\",\"address\":{\"@id\":\"https:\\\/\\\/ubirataonline.com.br\\\/empresa-envolvida-em-morte-de-turista-holandes-nas-cataratas-do-iguacu-entrega-imagens-editadas-e-tem-sede-alvo-de-busca-da-policia\\\/#local-main-place-address\"},\"geo\":{\"@type\":\"GeoCoordinates\",\"latitude\":\"-24.5361401\",\"longitude\":\"-52.9921776\"},\"telephone\":[\"+5544998308235\"],\"contactPoint\":{\"@type\":\"ContactPoint\",\"email\":\"contato@ubirataonline.com.br\"},\"openingHoursSpecification\":{\"@type\":\"OpeningHoursSpecification\",\"dayOfWeek\":[\"Monday\",\"Tuesday\",\"Wednesday\",\"Thursday\",\"Friday\",\"Saturday\",\"Sunday\"],\"opens\":\"00:00\",\"closes\":\"23:59\"},\"email\":\"contato@ubirataonline.com.br\",\"vatID\":\"47.621.418\\\/0001-80\"},{\"@type\":\"Person\",\"@id\":\"https:\\\/\\\/ubirataonline.com.br\\\/#\\\/schema\\\/person\\\/372f87bbd3fdd79b8556b84c98d0bc1c\",\"name\":\"REDA\u00c7\u00c3O: UBIRAT\u00c3 ONLINE - F\u00c1BIO AUGUSTO CELESTINO\",\"pronouns\":\"Ele\",\"description\":\"Desde 2003 trabalhando com not\u00edcias.\",\"sameAs\":[\"http:\\\/\\\/ubirataoline.com.br\",\"https:\\\/\\\/www.facebook.com\\\/portalubirataonline\",\"https:\\\/\\\/www.instagram.com\\\/ubirataonline_oficial\",\"https:\\\/\\\/x.com\\\/x.com\\\/ubirataonline\"],\"honorificPrefix\":\"Mr.\",\"honorificSuffix\":\"MD\",\"birthDate\":\"1980-06-16\",\"gender\":\"masculino\",\"award\":[\"V\u00e1rios pr\u00eamios de melhor portal da cidade\"],\"jobTitle\":\"Diretor\",\"url\":\"https:\\\/\\\/ubirataonline.com.br\\\/en\\\/author\\\/ubirataonline\\\/\"},{\"@type\":\"PostalAddress\",\"@id\":\"https:\\\/\\\/ubirataonline.com.br\\\/empresa-envolvida-em-morte-de-turista-holandes-nas-cataratas-do-iguacu-entrega-imagens-editadas-e-tem-sede-alvo-de-busca-da-policia\\\/#local-main-place-address\",\"streetAddress\":\"Rua dos Coqueiros, 104 - Bairro Boa Vista, Rua dos Coqueiros, 104 Bairro Boa Vista\",\"addressLocality\":\"UBIRATA\",\"postalCode\":\"85440-000\",\"addressRegion\":\"PR\",\"addressCountry\":\"BR\"},{\"@type\":\"ImageObject\",\"inLanguage\":\"en-US\",\"@id\":\"https:\\\/\\\/ubirataonline.com.br\\\/empresa-envolvida-em-morte-de-turista-holandes-nas-cataratas-do-iguacu-entrega-imagens-editadas-e-tem-sede-alvo-de-busca-da-policia\\\/#local-main-organization-logo\",\"url\":\"https:\\\/\\\/ubirataonline.com.br\\\/wp-content\\\/uploads\\\/2026\\\/06\\\/logoubirataonline-1.webp\",\"contentUrl\":\"https:\\\/\\\/ubirataonline.com.br\\\/wp-content\\\/uploads\\\/2026\\\/06\\\/logoubirataonline-1.webp\",\"width\":500,\"height\":500,\"caption\":\"Ubirat\u00e3 Online Not\u00edcias\"}]}<\/script>\n<meta name=\"geo.placename\" content=\"UBIRATA\" \/>\n<meta name=\"geo.position\" content=\"-24.5361401;-52.9921776\" \/>\n<meta name=\"geo.region\" content=\"Brazil\" \/>\n<!-- \/ Yoast SEO Premium plugin. -->","yoast_head_json":{"title":"Empresa envolvida em morte de turista holand\u00eas nas Cataratas do Igua\u00e7u entrega imagens editadas e tem sede alvo de busca da pol\u00edcia - Ubirat\u00e3 Online Not\u00edcias - A realidade ao seu alcance!","description":"A Pol\u00edcia Civil realizou uma opera\u00e7\u00e3o de busca e apreens\u00e3o na sede da empresa Macuco Safari na segunda-feira (31), em Foz do Igua\u00e7u, ap\u00f3s identificar que","robots":{"index":"index","follow":"follow","max-snippet":"max-snippet:-1","max-image-preview":"max-image-preview:large","max-video-preview":"max-video-preview:-1"},"canonical":"https:\/\/ubirataonline.com.br\/en\/empresa-envolvida-em-morte-de-turista-holandes-nas-cataratas-do-iguacu-entrega-imagens-editadas-e-tem-sede-alvo-de-busca-da-policia\/","og_locale":"en_US","og_type":"article","og_title":"Empresa envolvida em morte de turista holand\u00eas nas Cataratas do Igua\u00e7u entrega imagens editadas e tem sede alvo de busca da pol\u00edcia","og_description":"A Pol\u00edcia Civil realizou uma opera\u00e7\u00e3o de busca e apreens\u00e3o na sede da empresa Macuco Safari na segunda-feira (31), em Foz do Igua\u00e7u, ap\u00f3s identificar que","og_url":"https:\/\/ubirataonline.com.br\/en\/empresa-envolvida-em-morte-de-turista-holandes-nas-cataratas-do-iguacu-entrega-imagens-editadas-e-tem-sede-alvo-de-busca-da-policia\/","og_site_name":"Ubirat\u00e3 Online Not\u00edcias - A realidade ao seu alcance!","article_publisher":"https:\/\/www.facebook.com\/portalubirataonline","article_author":"https:\/\/www.facebook.com\/portalubirataonline","article_published_time":"2026-09-01T15:03:54+00:00","og_image":[{"width":1531,"height":418,"url":"https:\/\/ubirataonline.com.br\/wp-content\/uploads\/2026\/05\/logo2026.webp","type":"image\/webp"}],"author":"REDA\u00c7\u00c3O: UBIRAT\u00c3 ONLINE - F\u00c1BIO AUGUSTO CELESTINO","twitter_card":"summary_large_image","twitter_creator":"@x.com\/ubirataonline","twitter_site":"@ubirataonline","twitter_misc":{"Written by":"REDA\u00c7\u00c3O: UBIRAT\u00c3 ONLINE - F\u00c1BIO AUGUSTO CELESTINO","Est. reading time":"2 minutes"},"schema":{"@context":"https:\/\/schema.org","@graph":[{"@type":"NewsArticle","@id":"https:\/\/ubirataonline.com.br\/empresa-envolvida-em-morte-de-turista-holandes-nas-cataratas-do-iguacu-entrega-imagens-editadas-e-tem-sede-alvo-de-busca-da-policia\/#article","isPartOf":{"@id":"https:\/\/ubirataonline.com.br\/empresa-envolvida-em-morte-de-turista-holandes-nas-cataratas-do-iguacu-entrega-imagens-editadas-e-tem-sede-alvo-de-busca-da-policia\/"},"author":{"name":"REDA\u00c7\u00c3O: UBIRAT\u00c3 ONLINE - F\u00c1BIO AUGUSTO CELESTINO","@id":"https:\/\/ubirataonline.com.br\/#\/schema\/person\/372f87bbd3fdd79b8556b84c98d0bc1c"},"headline":"Empresa envolvida em morte de turista holand\u00eas nas Cataratas do Igua\u00e7u entrega imagens editadas e tem sede alvo de busca da pol\u00edcia","datePublished":"2026-09-01T15:03:54+00:00","mainEntityOfPage":{"@id":"https:\/\/ubirataonline.com.br\/empresa-envolvida-em-morte-de-turista-holandes-nas-cataratas-do-iguacu-entrega-imagens-editadas-e-tem-sede-alvo-de-busca-da-policia\/"},"wordCount":440,"publisher":{"@id":"https:\/\/ubirataonline.com.br\/#organization"},"image":{"@id":"https:\/\/ubirataonline.com.br\/empresa-envolvida-em-morte-de-turista-holandes-nas-cataratas-do-iguacu-entrega-imagens-editadas-e-tem-sede-alvo-de-busca-da-policia\/#primaryimage"},"thumbnailUrl":"https:\/\/ubirataonline.com.br\/wp-content\/uploads\/2026\/09\/maaimg-post-169613-20260901-150412.webp","articleSection":["Brasil"],"inLanguage":"en-US","copyrightYear":"2026","copyrightHolder":{"@id":"https:\/\/ubirataonline.com.br\/en\/#organization"}},{"@type":"WebPage","@id":"https:\/\/ubirataonline.com.br\/empresa-envolvida-em-morte-de-turista-holandes-nas-cataratas-do-iguacu-entrega-imagens-editadas-e-tem-sede-alvo-de-busca-da-policia\/","url":"https:\/\/ubirataonline.com.br\/empresa-envolvida-em-morte-de-turista-holandes-nas-cataratas-do-iguacu-entrega-imagens-editadas-e-tem-sede-alvo-de-busca-da-policia\/","name":"Empresa envolvida em morte de turista holand\u00eas nas Cataratas do Igua\u00e7u entrega imagens editadas e tem sede alvo de busca da pol\u00edcia - Ubirat\u00e3 Online Not\u00edcias - A realidade ao seu alcance!","isPartOf":{"@id":"https:\/\/ubirataonline.com.br\/#website"},"primaryImageOfPage":{"@id":"https:\/\/ubirataonline.com.br\/empresa-envolvida-em-morte-de-turista-holandes-nas-cataratas-do-iguacu-entrega-imagens-editadas-e-tem-sede-alvo-de-busca-da-policia\/#primaryimage"},"image":{"@id":"https:\/\/ubirataonline.com.br\/empresa-envolvida-em-morte-de-turista-holandes-nas-cataratas-do-iguacu-entrega-imagens-editadas-e-tem-sede-alvo-de-busca-da-policia\/#primaryimage"},"thumbnailUrl":"https:\/\/ubirataonline.com.br\/wp-content\/uploads\/2026\/09\/maaimg-post-169613-20260901-150412.webp","datePublished":"2026-09-01T15:03:54+00:00","description":"A Pol\u00edcia Civil realizou uma opera\u00e7\u00e3o de busca e apreens\u00e3o na sede da empresa Macuco Safari na segunda-feira (31), em Foz do Igua\u00e7u, ap\u00f3s identificar que","breadcrumb":{"@id":"https:\/\/ubirataonline.com.br\/empresa-envolvida-em-morte-de-turista-holandes-nas-cataratas-do-iguacu-entrega-imagens-editadas-e-tem-sede-alvo-de-busca-da-policia\/#breadcrumb"},"inLanguage":"en-US","potentialAction":[{"@type":"ReadAction","target":["https:\/\/ubirataonline.com.br\/empresa-envolvida-em-morte-de-turista-holandes-nas-cataratas-do-iguacu-entrega-imagens-editadas-e-tem-sede-alvo-de-busca-da-policia\/"]}]},{"@type":"ImageObject","inLanguage":"en-US","@id":"https:\/\/ubirataonline.com.br\/empresa-envolvida-em-morte-de-turista-holandes-nas-cataratas-do-iguacu-entrega-imagens-editadas-e-tem-sede-alvo-de-busca-da-policia\/#primaryimage","url":"https:\/\/ubirataonline.com.br\/wp-content\/uploads\/2026\/09\/maaimg-post-169613-20260901-150412.webp","contentUrl":"https:\/\/ubirataonline.com.br\/wp-content\/uploads\/2026\/09\/maaimg-post-169613-20260901-150412.webp","width":1536,"height":1024,"caption":"Sede da empresa envolvida morte turista nas Cataratas do Igua\u00e7u com viaturas policiais"},{"@type":"BreadcrumbList","@id":"https:\/\/ubirataonline.com.br\/empresa-envolvida-em-morte-de-turista-holandes-nas-cataratas-do-iguacu-entrega-imagens-editadas-e-tem-sede-alvo-de-busca-da-policia\/#breadcrumb","itemListElement":[{"@type":"ListItem","position":1,"name":"In\u00edcio","item":"https:\/\/ubirataonline.com.br\/"},{"@type":"ListItem","position":2,"name":"Empresa envolvida em morte de turista holand\u00eas nas Cataratas do Igua\u00e7u entrega imagens editadas e tem sede alvo de busca da pol\u00edcia"}]},{"@type":"WebSite","@id":"https:\/\/ubirataonline.com.br\/#website","url":"https:\/\/ubirataonline.com.br\/","name":"Ubirat\u00e3 Online Not\u00edcias","description":"Not\u00edcias de Ubirat\u00e3, regi\u00e3o, Brasil e mundo, com informa\u00e7\u00e3o atualizada e compromisso com o leitor.","publisher":{"@id":"https:\/\/ubirataonline.com.br\/#organization"},"alternateName":"Ubirat\u00e3 Online","potentialAction":[{"@type":"SearchAction","target":{"@type":"EntryPoint","urlTemplate":"https:\/\/ubirataonline.com.br\/?s={search_term_string}"},"query-input":{"@type":"PropertyValueSpecification","valueRequired":true,"valueName":"search_term_string"}}],"inLanguage":"en-US"},{"@type":["Organization","Place"],"@id":"https:\/\/ubirataonline.com.br\/#organization","name":"Ubirat\u00e3 Online Not\u00edcias","alternateName":"Ubirat\u00e3 Online","url":"https:\/\/ubirataonline.com.br\/","logo":{"@id":"https:\/\/ubirataonline.com.br\/empresa-envolvida-em-morte-de-turista-holandes-nas-cataratas-do-iguacu-entrega-imagens-editadas-e-tem-sede-alvo-de-busca-da-policia\/#local-main-organization-logo"},"image":{"@id":"https:\/\/ubirataonline.com.br\/empresa-envolvida-em-morte-de-turista-holandes-nas-cataratas-do-iguacu-entrega-imagens-editadas-e-tem-sede-alvo-de-busca-da-policia\/#local-main-organization-logo"},"sameAs":["https:\/\/www.facebook.com\/portalubirataonline","https:\/\/x.com\/ubirataonline","https:\/\/mastodon.social\/@ubirataonline","https:\/\/www.facebook.com\/groups\/311144672285604","https:\/\/www.facebook.com\/UBTAOnline","https:\/\/www.instagram.com\/portalubirataonline\/","https:\/\/twitter.com\/ubirataonline"],"description":"Somos um portal de not\u00edcias independente, criado em 5 de janeiro de 2009, com o objetivo de informar, conectar e valorizar a nossa comunidade de Ubirat\u00e3 e toda aregi\u00e3o. Com conte\u00fado atualizado, confi\u00e1vel e relevante, o Ubirat\u00e3 Online \u00e9 o seu espa\u00e7o para ficar por dentro dos principais acontecimentos locais, regionais, Brasil, Mundo e de interesse geral. Nosso compromisso \u00e9 com a verdade, a transpar\u00eancia e o respeito ao leitor.","legalName":"UBIRATA ONLINE NOT\u00cdCIAS","foundingDate":"2009-01-05","numberOfEmployees":{"@type":"QuantitativeValue","minValue":"1","maxValue":"10"},"publishingPrinciples":"https:\/\/ubirataonline.com.br\/faq\/","address":{"@id":"https:\/\/ubirataonline.com.br\/empresa-envolvida-em-morte-de-turista-holandes-nas-cataratas-do-iguacu-entrega-imagens-editadas-e-tem-sede-alvo-de-busca-da-policia\/#local-main-place-address"},"geo":{"@type":"GeoCoordinates","latitude":"-24.5361401","longitude":"-52.9921776"},"telephone":["+5544998308235"],"contactPoint":{"@type":"ContactPoint","email":"contato@ubirataonline.com.br"},"openingHoursSpecification":{"@type":"OpeningHoursSpecification","dayOfWeek":["Monday","Tuesday","Wednesday","Thursday","Friday","Saturday","Sunday"],"opens":"00:00","closes":"23:59"},"email":"contato@ubirataonline.com.br","vatID":"47.621.418\/0001-80"},{"@type":"Person","@id":"https:\/\/ubirataonline.com.br\/#\/schema\/person\/372f87bbd3fdd79b8556b84c98d0bc1c","name":"REDA\u00c7\u00c3O: UBIRAT\u00c3 ONLINE - F\u00c1BIO AUGUSTO CELESTINO","pronouns":"Ele","description":"Desde 2003 trabalhando com not\u00edcias.","sameAs":["http:\/\/ubirataoline.com.br","https:\/\/www.facebook.com\/portalubirataonline","https:\/\/www.instagram.com\/ubirataonline_oficial","https:\/\/x.com\/x.com\/ubirataonline"],"honorificPrefix":"Mr.","honorificSuffix":"MD","birthDate":"1980-06-16","gender":"masculino","award":["V\u00e1rios pr\u00eamios de melhor portal da cidade"],"jobTitle":"Diretor","url":"https:\/\/ubirataonline.com.br\/en\/author\/ubirataonline\/"},{"@type":"PostalAddress","@id":"https:\/\/ubirataonline.com.br\/empresa-envolvida-em-morte-de-turista-holandes-nas-cataratas-do-iguacu-entrega-imagens-editadas-e-tem-sede-alvo-de-busca-da-policia\/#local-main-place-address","streetAddress":"Rua dos Coqueiros, 104 - Bairro Boa Vista, Rua dos Coqueiros, 104 Bairro Boa Vista","addressLocality":"UBIRATA","postalCode":"85440-000","addressRegion":"PR","addressCountry":"BR"},{"@type":"ImageObject","inLanguage":"en-US","@id":"https:\/\/ubirataonline.com.br\/empresa-envolvida-em-morte-de-turista-holandes-nas-cataratas-do-iguacu-entrega-imagens-editadas-e-tem-sede-alvo-de-busca-da-policia\/#local-main-organization-logo","url":"https:\/\/ubirataonline.com.br\/wp-content\/uploads\/2026\/06\/logoubirataonline-1.webp","contentUrl":"https:\/\/ubirataonline.com.br\/wp-content\/uploads\/2026\/06\/logoubirataonline-1.webp","width":500,"height":500,"caption":"Ubirat\u00e3 Online Not\u00edcias"}]},"geo.placename":"UBIRATA","geo.position":{"lat":"-24.5361401","long":"-52.9921776"},"geo.region":"Brazil"},"_links":{"self":[{"href":"https:\/\/ubirataonline.com.br\/en\/wp-json\/wp\/v2\/posts\/169613","targetHints":{"allow":["GET"]}}],"collection":[{"href":"https:\/\/ubirataonline.com.br\/en\/wp-json\/wp\/v2\/posts"}],"about":[{"href":"https:\/\/ubirataonline.com.br\/en\/wp-json\/wp\/v2\/types\/post"}],"author":[{"embeddable":true,"href":"https:\/\/ubirataonline.com.br\/en\/wp-json\/wp\/v2\/users\/1"}],"replies":[{"embeddable":true,"href":"https:\/\/ubirataonline.com.br\/en\/wp-json\/wp\/v2\/comments?post=169613"}],"version-history":[{"count":0,"href":"https:\/\/ubirataonline.com.br\/en\/wp-json\/wp\/v2\/posts\/169613\/revisions"}],"wp:featuredmedia":[{"embeddable":true,"href":"https:\/\/ubirataonline.com.br\/en\/wp-json\/wp\/v2\/media\/169614"}],"wp:attachment":[{"href":"https:\/\/ubirataonline.com.br\/en\/wp-json\/wp\/v2\/media?parent=169613"}],"wp:term":[{"taxonomy":"category","embeddable":true,"href":"https:\/\/ubirataonline.com.br\/en\/wp-json\/wp\/v2\/categories?post=169613"},{"taxonomy":"post_tag","embeddable":true,"href":"https:\/\/ubirataonline.com.br\/en\/wp-json\/wp\/v2\/tags?post=169613"}],"curies":[{"name":"wp","href":"https:\/\/api.w.org\/{rel}","templated":true}]}}