{"id":169619,"date":"2026-09-01T13:01:56","date_gmt":"2026-09-01T16:01:56","guid":{"rendered":"https:\/\/ubirataonline.com.br\/leo-dias-deixa-apresentacao-diaria-do-melhor-da-tarde-e-fala-sobre-vida-em-sao-paulo\/"},"modified":"2026-09-01T13:01:56","modified_gmt":"2026-09-01T16:01:56","slug":"leo-dias-deixa-apresentacao-diaria-do-melhor-da-tarde-e-fala-sobre-vida-em-sao-paulo","status":"publish","type":"post","link":"https:\/\/ubirataonline.com.br\/en\/leo-dias-deixa-apresentacao-diaria-do-melhor-da-tarde-e-fala-sobre-vida-em-sao-paulo\/","title":{"rendered":"L\u00e9o Dias deixa apresenta\u00e7\u00e3o di\u00e1ria do Melhor da Tarde e fala sobre vida em S\u00e3o Paulo"},"content":{"rendered":"<p>L\u00e9o Dias comunicou que 2024 ser\u00e1 seu \u00faltimo ano na apresenta\u00e7\u00e3o di\u00e1ria do programa Melhor da Tarde, exibido pela Band. Em entrevista ao Jornal dos Famosos, transmitido pela Leo Dias TV no YouTube, o jornalista declarou que continuar\u00e1 colaborando com a atra\u00e7\u00e3o, mas n\u00e3o no dia a dia.<\/p>\n<p>Segundo ele, a decis\u00e3o envolve a necessidade de reduzir o tempo na capital paulista e passar mais per\u00edodos no Nordeste, dividindo sua rotina entre as duas regi\u00f5es e mantendo o trabalho \u00e0 dist\u00e2ncia. L\u00e9o Dias enfatizou que n\u00e3o h\u00e1 negocia\u00e7\u00f5es com outras emissoras e que pretende seguir na Band, por\u00e9m fora do formato di\u00e1rio do programa.<\/p>\n<h3>Fim da rotina di\u00e1ria, mas colabora\u00e7\u00e3o mantida<\/h3>\n<p>Apesar de deixar a apresenta\u00e7\u00e3o di\u00e1ria, L\u00e9o Dias reafirmou seu compromisso com o programa ao garantir presen\u00e7a em momentos especiais e em coberturas de not\u00edcias importantes. Segundo ele, a rotina de trabalho di\u00e1ria se tornou exaustiva, e, num momento avan\u00e7ado da carreira, pode optar por um ritmo diferente.<\/p>\n<h3>Divis\u00e3o entre Nordeste e S\u00e3o Paulo<\/h3>\n<p>O jornalista explicou que pretende organizar sua agenda para passar uma semana no Nordeste e outra em S\u00e3o Paulo, de onde vai continuar colaborando via link remoto. Essa nova din\u00e2mica visa proporcionar mais qualidade de vida, conciliando suas atividades com o desejo de estar pr\u00f3ximo da regi\u00e3o nordestina.<\/p>\n<h3>Desabafo sobre viver em S\u00e3o Paulo<\/h3>\n<p>L\u00e9o Dias comentou sobre a rela\u00e7\u00e3o pessoal com S\u00e3o Paulo e justificou sua decis\u00e3o de mudar o ritmo pelo desconforto que sente na cidade. Ele descreveu S\u00e3o Paulo como uma cidade cruel, sem amigos e que o deixa isolado, sentindo falta de elementos como praia e sol. O ambiente feito de &#8220;pedra&#8221; \u00e9 algo que n\u00e3o o atrai e dificulta sua adapta\u00e7\u00e3o.<\/p>\n<h2>Frequently asked questions<\/h2>\n<h3>Por quanto tempo L\u00e9o Dias vai apresentar o Melhor da Tarde?<\/h3>\n<p>Ele afirmou que 2024 ser\u00e1 seu \u00faltimo ano no formato di\u00e1rio do programa.<\/p>\n<h3>Ele vai continuar na Band ap\u00f3s deixar a apresenta\u00e7\u00e3o di\u00e1ria?<\/h3>\n<p>Sim, L\u00e9o Dias garantiu que continuar\u00e1 na emissora, colaborando em momentos especiais do programa.<\/p>\n<h3>Qual o motivo da decis\u00e3o de deixar a rotina di\u00e1ria em S\u00e3o Paulo?<\/h3>\n<p>L\u00e9o Dias quer passar mais tempo no Nordeste, dividir sua rotina e revelou o desconforto pessoal em viver na capital paulista.<\/p>","protected":false},"excerpt":{"rendered":"<p>L\u00e9o Dias comunicou que 2024 ser\u00e1 seu \u00faltimo ano na apresenta\u00e7\u00e3o di\u00e1ria do programa Melhor da Tarde, exibido pela Band. Em entrevista ao Jornal dos Famosos, transmitido pela Leo Dias TV no YouTube, o jornalista declarou que continuar\u00e1 colaborando com a atra\u00e7\u00e3o, mas n\u00e3o no dia a dia. Segundo ele, a decis\u00e3o envolve a necessidade [&hellip;]<\/p>\n","protected":false},"author":1,"featured_media":169620,"comment_status":"","ping_status":"","sticky":false,"template":"","format":"standard","meta":{"googlesitekit_rrm_CAow2JLhCw:productID":"","_gspb_post_css":"","maa_idioma":"","maa_pais":"","footnotes":""},"categories":[43088],"tags":[],"class_list":["post-169619","post","type-post","status-publish","format-standard","has-post-thumbnail","hentry","category-parana"],"blocksy_meta":[],"yoast_head":"<!-- This site is optimized with the Yoast SEO Premium plugin v27.6 (Yoast SEO v27.6) - https:\/\/yoast.com\/product\/yoast-seo-premium-wordpress\/ -->\n<title>L\u00e9o Dias deixa apresenta\u00e7\u00e3o di\u00e1ria do Melhor da Tarde e fala sobre vida em S\u00e3o Paulo - Ubirat\u00e3 Online Not\u00edcias - A realidade ao seu alcance!<\/title>\n<meta name=\"description\" content=\"L\u00e9o Dias comunicou que 2024 ser\u00e1 seu \u00faltimo ano na apresenta\u00e7\u00e3o di\u00e1ria do programa Melhor da Tarde, exibido pela Band. Em entrevista ao Jornal dos\" \/>\n<meta name=\"robots\" content=\"index, follow, max-snippet:-1, max-image-preview:large, max-video-preview:-1\" \/>\n<link rel=\"canonical\" href=\"https:\/\/ubirataonline.com.br\/en\/leo-dias-deixa-apresentacao-diaria-do-melhor-da-tarde-e-fala-sobre-vida-em-sao-paulo\/\" \/>\n<meta property=\"og:locale\" content=\"en_US\" \/>\n<meta property=\"og:type\" content=\"article\" \/>\n<meta property=\"og:title\" content=\"L\u00e9o Dias deixa apresenta\u00e7\u00e3o di\u00e1ria do Melhor da Tarde e fala sobre vida em S\u00e3o Paulo\" \/>\n<meta property=\"og:description\" content=\"L\u00e9o Dias comunicou que 2024 ser\u00e1 seu \u00faltimo ano na apresenta\u00e7\u00e3o di\u00e1ria do programa Melhor da Tarde, exibido pela Band. Em entrevista ao Jornal dos\" \/>\n<meta property=\"og:url\" content=\"https:\/\/ubirataonline.com.br\/en\/leo-dias-deixa-apresentacao-diaria-do-melhor-da-tarde-e-fala-sobre-vida-em-sao-paulo\/\" \/>\n<meta property=\"og:site_name\" content=\"Ubirat\u00e3 Online Not\u00edcias - A realidade ao seu alcance!\" \/>\n<meta property=\"article:publisher\" content=\"https:\/\/www.facebook.com\/portalubirataonline\" \/>\n<meta property=\"article:author\" content=\"https:\/\/www.facebook.com\/portalubirataonline\" \/>\n<meta property=\"article:published_time\" content=\"2026-09-01T16:01:56+00:00\" \/>\n<meta property=\"og:image\" content=\"https:\/\/ubirataonline.com.br\/wp-content\/uploads\/2026\/05\/logo2026.webp\" \/>\n\t<meta property=\"og:image:width\" content=\"1531\" \/>\n\t<meta property=\"og:image:height\" content=\"418\" \/>\n\t<meta property=\"og:image:type\" content=\"image\/webp\" \/>\n<meta name=\"author\" content=\"REDA\u00c7\u00c3O: UBIRAT\u00c3 ONLINE - F\u00c1BIO AUGUSTO CELESTINO\" \/>\n<meta name=\"twitter:card\" content=\"summary_large_image\" \/>\n<meta name=\"twitter:creator\" content=\"@x.com\/ubirataonline\" \/>\n<meta name=\"twitter:site\" content=\"@ubirataonline\" \/>\n<meta name=\"twitter:label1\" content=\"Written by\" \/>\n\t<meta name=\"twitter:data1\" content=\"REDA\u00c7\u00c3O: UBIRAT\u00c3 ONLINE - F\u00c1BIO AUGUSTO CELESTINO\" \/>\n\t<meta name=\"twitter:label2\" content=\"Est. reading time\" \/>\n\t<meta name=\"twitter:data2\" content=\"2 minutes\" \/>\n<script type=\"application\/ld+json\" class=\"yoast-schema-graph\">{\"@context\":\"https:\\\/\\\/schema.org\",\"@graph\":[{\"@type\":\"NewsArticle\",\"@id\":\"https:\\\/\\\/ubirataonline.com.br\\\/leo-dias-deixa-apresentacao-diaria-do-melhor-da-tarde-e-fala-sobre-vida-em-sao-paulo\\\/#article\",\"isPartOf\":{\"@id\":\"https:\\\/\\\/ubirataonline.com.br\\\/leo-dias-deixa-apresentacao-diaria-do-melhor-da-tarde-e-fala-sobre-vida-em-sao-paulo\\\/\"},\"author\":{\"name\":\"REDA\u00c7\u00c3O: UBIRAT\u00c3 ONLINE - F\u00c1BIO AUGUSTO CELESTINO\",\"@id\":\"https:\\\/\\\/ubirataonline.com.br\\\/#\\\/schema\\\/person\\\/372f87bbd3fdd79b8556b84c98d0bc1c\"},\"headline\":\"L\u00e9o Dias deixa apresenta\u00e7\u00e3o di\u00e1ria do Melhor da Tarde e fala sobre vida em S\u00e3o Paulo\",\"datePublished\":\"2026-09-01T16:01:56+00:00\",\"mainEntityOfPage\":{\"@id\":\"https:\\\/\\\/ubirataonline.com.br\\\/leo-dias-deixa-apresentacao-diaria-do-melhor-da-tarde-e-fala-sobre-vida-em-sao-paulo\\\/\"},\"wordCount\":428,\"publisher\":{\"@id\":\"https:\\\/\\\/ubirataonline.com.br\\\/#organization\"},\"image\":{\"@id\":\"https:\\\/\\\/ubirataonline.com.br\\\/leo-dias-deixa-apresentacao-diaria-do-melhor-da-tarde-e-fala-sobre-vida-em-sao-paulo\\\/#primaryimage\"},\"thumbnailUrl\":\"https:\\\/\\\/ubirataonline.com.br\\\/wp-content\\\/uploads\\\/2026\\\/09\\\/maaimg-post-169619-20260901-160213.webp\",\"articleSection\":[\"Paran\u00e1\"],\"inLanguage\":\"en-US\",\"copyrightYear\":\"2026\",\"copyrightHolder\":{\"@id\":\"https:\\\/\\\/ubirataonline.com.br\\\/en\\\/#organization\"}},{\"@type\":\"WebPage\",\"@id\":\"https:\\\/\\\/ubirataonline.com.br\\\/leo-dias-deixa-apresentacao-diaria-do-melhor-da-tarde-e-fala-sobre-vida-em-sao-paulo\\\/\",\"url\":\"https:\\\/\\\/ubirataonline.com.br\\\/leo-dias-deixa-apresentacao-diaria-do-melhor-da-tarde-e-fala-sobre-vida-em-sao-paulo\\\/\",\"name\":\"L\u00e9o Dias deixa apresenta\u00e7\u00e3o di\u00e1ria do Melhor da Tarde e fala sobre vida em S\u00e3o Paulo - Ubirat\u00e3 Online Not\u00edcias - A realidade ao seu alcance!\",\"isPartOf\":{\"@id\":\"https:\\\/\\\/ubirataonline.com.br\\\/#website\"},\"primaryImageOfPage\":{\"@id\":\"https:\\\/\\\/ubirataonline.com.br\\\/leo-dias-deixa-apresentacao-diaria-do-melhor-da-tarde-e-fala-sobre-vida-em-sao-paulo\\\/#primaryimage\"},\"image\":{\"@id\":\"https:\\\/\\\/ubirataonline.com.br\\\/leo-dias-deixa-apresentacao-diaria-do-melhor-da-tarde-e-fala-sobre-vida-em-sao-paulo\\\/#primaryimage\"},\"thumbnailUrl\":\"https:\\\/\\\/ubirataonline.com.br\\\/wp-content\\\/uploads\\\/2026\\\/09\\\/maaimg-post-169619-20260901-160213.webp\",\"datePublished\":\"2026-09-01T16:01:56+00:00\",\"description\":\"L\u00e9o Dias comunicou que 2024 ser\u00e1 seu \u00faltimo ano na apresenta\u00e7\u00e3o di\u00e1ria do programa Melhor da Tarde, exibido pela Band. Em entrevista ao Jornal dos\",\"breadcrumb\":{\"@id\":\"https:\\\/\\\/ubirataonline.com.br\\\/leo-dias-deixa-apresentacao-diaria-do-melhor-da-tarde-e-fala-sobre-vida-em-sao-paulo\\\/#breadcrumb\"},\"inLanguage\":\"en-US\",\"potentialAction\":[{\"@type\":\"ReadAction\",\"target\":[\"https:\\\/\\\/ubirataonline.com.br\\\/leo-dias-deixa-apresentacao-diaria-do-melhor-da-tarde-e-fala-sobre-vida-em-sao-paulo\\\/\"]}]},{\"@type\":\"ImageObject\",\"inLanguage\":\"en-US\",\"@id\":\"https:\\\/\\\/ubirataonline.com.br\\\/leo-dias-deixa-apresentacao-diaria-do-melhor-da-tarde-e-fala-sobre-vida-em-sao-paulo\\\/#primaryimage\",\"url\":\"https:\\\/\\\/ubirataonline.com.br\\\/wp-content\\\/uploads\\\/2026\\\/09\\\/maaimg-post-169619-20260901-160213.webp\",\"contentUrl\":\"https:\\\/\\\/ubirataonline.com.br\\\/wp-content\\\/uploads\\\/2026\\\/09\\\/maaimg-post-169619-20260901-160213.webp\",\"width\":1536,\"height\":1024,\"caption\":\"Imagem ilustrativa de L\u00e9o Dias deixando apresenta\u00e7\u00e3o di\u00e1ria do Melhor da Tarde\"},{\"@type\":\"BreadcrumbList\",\"@id\":\"https:\\\/\\\/ubirataonline.com.br\\\/leo-dias-deixa-apresentacao-diaria-do-melhor-da-tarde-e-fala-sobre-vida-em-sao-paulo\\\/#breadcrumb\",\"itemListElement\":[{\"@type\":\"ListItem\",\"position\":1,\"name\":\"In\u00edcio\",\"item\":\"https:\\\/\\\/ubirataonline.com.br\\\/\"},{\"@type\":\"ListItem\",\"position\":2,\"name\":\"L\u00e9o Dias deixa apresenta\u00e7\u00e3o di\u00e1ria do Melhor da Tarde e fala sobre vida em S\u00e3o Paulo\"}]},{\"@type\":\"WebSite\",\"@id\":\"https:\\\/\\\/ubirataonline.com.br\\\/#website\",\"url\":\"https:\\\/\\\/ubirataonline.com.br\\\/\",\"name\":\"Ubirat\u00e3 Online Not\u00edcias\",\"description\":\"Not\u00edcias de Ubirat\u00e3, regi\u00e3o, Brasil e mundo, com informa\u00e7\u00e3o atualizada e compromisso com o leitor.\",\"publisher\":{\"@id\":\"https:\\\/\\\/ubirataonline.com.br\\\/#organization\"},\"alternateName\":\"Ubirat\u00e3 Online\",\"potentialAction\":[{\"@type\":\"SearchAction\",\"target\":{\"@type\":\"EntryPoint\",\"urlTemplate\":\"https:\\\/\\\/ubirataonline.com.br\\\/?s={search_term_string}\"},\"query-input\":{\"@type\":\"PropertyValueSpecification\",\"valueRequired\":true,\"valueName\":\"search_term_string\"}}],\"inLanguage\":\"en-US\"},{\"@type\":[\"Organization\",\"Place\"],\"@id\":\"https:\\\/\\\/ubirataonline.com.br\\\/#organization\",\"name\":\"Ubirat\u00e3 Online Not\u00edcias\",\"alternateName\":\"Ubirat\u00e3 Online\",\"url\":\"https:\\\/\\\/ubirataonline.com.br\\\/\",\"logo\":{\"@id\":\"https:\\\/\\\/ubirataonline.com.br\\\/leo-dias-deixa-apresentacao-diaria-do-melhor-da-tarde-e-fala-sobre-vida-em-sao-paulo\\\/#local-main-organization-logo\"},\"image\":{\"@id\":\"https:\\\/\\\/ubirataonline.com.br\\\/leo-dias-deixa-apresentacao-diaria-do-melhor-da-tarde-e-fala-sobre-vida-em-sao-paulo\\\/#local-main-organization-logo\"},\"sameAs\":[\"https:\\\/\\\/www.facebook.com\\\/portalubirataonline\",\"https:\\\/\\\/x.com\\\/ubirataonline\",\"https:\\\/\\\/mastodon.social\\\/@ubirataonline\",\"https:\\\/\\\/www.facebook.com\\\/groups\\\/311144672285604\",\"https:\\\/\\\/www.facebook.com\\\/UBTAOnline\",\"https:\\\/\\\/www.instagram.com\\\/portalubirataonline\\\/\",\"https:\\\/\\\/twitter.com\\\/ubirataonline\"],\"description\":\"Somos um portal de not\u00edcias independente, criado em 5 de janeiro de 2009, com o objetivo de informar, conectar e valorizar a nossa comunidade de Ubirat\u00e3 e toda aregi\u00e3o. Com conte\u00fado atualizado, confi\u00e1vel e relevante, o Ubirat\u00e3 Online \u00e9 o seu espa\u00e7o para ficar por dentro dos principais acontecimentos locais, regionais, Brasil, Mundo e de interesse geral. Nosso compromisso \u00e9 com a verdade, a transpar\u00eancia e o respeito ao leitor.\",\"legalName\":\"UBIRATA ONLINE NOT\u00cdCIAS\",\"foundingDate\":\"2009-01-05\",\"numberOfEmployees\":{\"@type\":\"QuantitativeValue\",\"minValue\":\"1\",\"maxValue\":\"10\"},\"publishingPrinciples\":\"https:\\\/\\\/ubirataonline.com.br\\\/faq\\\/\",\"address\":{\"@id\":\"https:\\\/\\\/ubirataonline.com.br\\\/leo-dias-deixa-apresentacao-diaria-do-melhor-da-tarde-e-fala-sobre-vida-em-sao-paulo\\\/#local-main-place-address\"},\"geo\":{\"@type\":\"GeoCoordinates\",\"latitude\":\"-24.5361401\",\"longitude\":\"-52.9921776\"},\"telephone\":[\"+5544998308235\"],\"contactPoint\":{\"@type\":\"ContactPoint\",\"email\":\"contato@ubirataonline.com.br\"},\"openingHoursSpecification\":{\"@type\":\"OpeningHoursSpecification\",\"dayOfWeek\":[\"Monday\",\"Tuesday\",\"Wednesday\",\"Thursday\",\"Friday\",\"Saturday\",\"Sunday\"],\"opens\":\"00:00\",\"closes\":\"23:59\"},\"email\":\"contato@ubirataonline.com.br\",\"vatID\":\"47.621.418\\\/0001-80\"},{\"@type\":\"Person\",\"@id\":\"https:\\\/\\\/ubirataonline.com.br\\\/#\\\/schema\\\/person\\\/372f87bbd3fdd79b8556b84c98d0bc1c\",\"name\":\"REDA\u00c7\u00c3O: UBIRAT\u00c3 ONLINE - F\u00c1BIO AUGUSTO CELESTINO\",\"pronouns\":\"Ele\",\"description\":\"Desde 2003 trabalhando com not\u00edcias.\",\"sameAs\":[\"http:\\\/\\\/ubirataoline.com.br\",\"https:\\\/\\\/www.facebook.com\\\/portalubirataonline\",\"https:\\\/\\\/www.instagram.com\\\/ubirataonline_oficial\",\"https:\\\/\\\/x.com\\\/x.com\\\/ubirataonline\"],\"honorificPrefix\":\"Mr.\",\"honorificSuffix\":\"MD\",\"birthDate\":\"1980-06-16\",\"gender\":\"masculino\",\"award\":[\"V\u00e1rios pr\u00eamios de melhor portal da cidade\"],\"jobTitle\":\"Diretor\",\"url\":\"https:\\\/\\\/ubirataonline.com.br\\\/en\\\/author\\\/ubirataonline\\\/\"},{\"@type\":\"PostalAddress\",\"@id\":\"https:\\\/\\\/ubirataonline.com.br\\\/leo-dias-deixa-apresentacao-diaria-do-melhor-da-tarde-e-fala-sobre-vida-em-sao-paulo\\\/#local-main-place-address\",\"streetAddress\":\"Rua dos Coqueiros, 104 - Bairro Boa Vista, Rua dos Coqueiros, 104 Bairro Boa Vista\",\"addressLocality\":\"UBIRATA\",\"postalCode\":\"85440-000\",\"addressRegion\":\"PR\",\"addressCountry\":\"BR\"},{\"@type\":\"ImageObject\",\"inLanguage\":\"en-US\",\"@id\":\"https:\\\/\\\/ubirataonline.com.br\\\/leo-dias-deixa-apresentacao-diaria-do-melhor-da-tarde-e-fala-sobre-vida-em-sao-paulo\\\/#local-main-organization-logo\",\"url\":\"https:\\\/\\\/ubirataonline.com.br\\\/wp-content\\\/uploads\\\/2026\\\/06\\\/logoubirataonline-1.webp\",\"contentUrl\":\"https:\\\/\\\/ubirataonline.com.br\\\/wp-content\\\/uploads\\\/2026\\\/06\\\/logoubirataonline-1.webp\",\"width\":500,\"height\":500,\"caption\":\"Ubirat\u00e3 Online Not\u00edcias\"}]}<\/script>\n<meta name=\"geo.placename\" content=\"UBIRATA\" \/>\n<meta name=\"geo.position\" content=\"-24.5361401;-52.9921776\" \/>\n<meta name=\"geo.region\" content=\"Brazil\" \/>\n<!-- \/ Yoast SEO Premium plugin. -->","yoast_head_json":{"title":"L\u00e9o Dias deixa apresenta\u00e7\u00e3o di\u00e1ria do Melhor da Tarde e fala sobre vida em S\u00e3o Paulo - Ubirat\u00e3 Online Not\u00edcias - A realidade ao seu alcance!","description":"L\u00e9o Dias comunicou que 2024 ser\u00e1 seu \u00faltimo ano na apresenta\u00e7\u00e3o di\u00e1ria do programa Melhor da Tarde, exibido pela Band. Em entrevista ao Jornal dos","robots":{"index":"index","follow":"follow","max-snippet":"max-snippet:-1","max-image-preview":"max-image-preview:large","max-video-preview":"max-video-preview:-1"},"canonical":"https:\/\/ubirataonline.com.br\/en\/leo-dias-deixa-apresentacao-diaria-do-melhor-da-tarde-e-fala-sobre-vida-em-sao-paulo\/","og_locale":"en_US","og_type":"article","og_title":"L\u00e9o Dias deixa apresenta\u00e7\u00e3o di\u00e1ria do Melhor da Tarde e fala sobre vida em S\u00e3o Paulo","og_description":"L\u00e9o Dias comunicou que 2024 ser\u00e1 seu \u00faltimo ano na apresenta\u00e7\u00e3o di\u00e1ria do programa Melhor da Tarde, exibido pela Band. Em entrevista ao Jornal dos","og_url":"https:\/\/ubirataonline.com.br\/en\/leo-dias-deixa-apresentacao-diaria-do-melhor-da-tarde-e-fala-sobre-vida-em-sao-paulo\/","og_site_name":"Ubirat\u00e3 Online Not\u00edcias - A realidade ao seu alcance!","article_publisher":"https:\/\/www.facebook.com\/portalubirataonline","article_author":"https:\/\/www.facebook.com\/portalubirataonline","article_published_time":"2026-09-01T16:01:56+00:00","og_image":[{"width":1531,"height":418,"url":"https:\/\/ubirataonline.com.br\/wp-content\/uploads\/2026\/05\/logo2026.webp","type":"image\/webp"}],"author":"REDA\u00c7\u00c3O: UBIRAT\u00c3 ONLINE - F\u00c1BIO AUGUSTO CELESTINO","twitter_card":"summary_large_image","twitter_creator":"@x.com\/ubirataonline","twitter_site":"@ubirataonline","twitter_misc":{"Written by":"REDA\u00c7\u00c3O: UBIRAT\u00c3 ONLINE - F\u00c1BIO AUGUSTO CELESTINO","Est. reading time":"2 minutes"},"schema":{"@context":"https:\/\/schema.org","@graph":[{"@type":"NewsArticle","@id":"https:\/\/ubirataonline.com.br\/leo-dias-deixa-apresentacao-diaria-do-melhor-da-tarde-e-fala-sobre-vida-em-sao-paulo\/#article","isPartOf":{"@id":"https:\/\/ubirataonline.com.br\/leo-dias-deixa-apresentacao-diaria-do-melhor-da-tarde-e-fala-sobre-vida-em-sao-paulo\/"},"author":{"name":"REDA\u00c7\u00c3O: UBIRAT\u00c3 ONLINE - F\u00c1BIO AUGUSTO CELESTINO","@id":"https:\/\/ubirataonline.com.br\/#\/schema\/person\/372f87bbd3fdd79b8556b84c98d0bc1c"},"headline":"L\u00e9o Dias deixa apresenta\u00e7\u00e3o di\u00e1ria do Melhor da Tarde e fala sobre vida em S\u00e3o Paulo","datePublished":"2026-09-01T16:01:56+00:00","mainEntityOfPage":{"@id":"https:\/\/ubirataonline.com.br\/leo-dias-deixa-apresentacao-diaria-do-melhor-da-tarde-e-fala-sobre-vida-em-sao-paulo\/"},"wordCount":428,"publisher":{"@id":"https:\/\/ubirataonline.com.br\/#organization"},"image":{"@id":"https:\/\/ubirataonline.com.br\/leo-dias-deixa-apresentacao-diaria-do-melhor-da-tarde-e-fala-sobre-vida-em-sao-paulo\/#primaryimage"},"thumbnailUrl":"https:\/\/ubirataonline.com.br\/wp-content\/uploads\/2026\/09\/maaimg-post-169619-20260901-160213.webp","articleSection":["Paran\u00e1"],"inLanguage":"en-US","copyrightYear":"2026","copyrightHolder":{"@id":"https:\/\/ubirataonline.com.br\/en\/#organization"}},{"@type":"WebPage","@id":"https:\/\/ubirataonline.com.br\/leo-dias-deixa-apresentacao-diaria-do-melhor-da-tarde-e-fala-sobre-vida-em-sao-paulo\/","url":"https:\/\/ubirataonline.com.br\/leo-dias-deixa-apresentacao-diaria-do-melhor-da-tarde-e-fala-sobre-vida-em-sao-paulo\/","name":"L\u00e9o Dias deixa apresenta\u00e7\u00e3o di\u00e1ria do Melhor da Tarde e fala sobre vida em S\u00e3o Paulo - Ubirat\u00e3 Online Not\u00edcias - A realidade ao seu alcance!","isPartOf":{"@id":"https:\/\/ubirataonline.com.br\/#website"},"primaryImageOfPage":{"@id":"https:\/\/ubirataonline.com.br\/leo-dias-deixa-apresentacao-diaria-do-melhor-da-tarde-e-fala-sobre-vida-em-sao-paulo\/#primaryimage"},"image":{"@id":"https:\/\/ubirataonline.com.br\/leo-dias-deixa-apresentacao-diaria-do-melhor-da-tarde-e-fala-sobre-vida-em-sao-paulo\/#primaryimage"},"thumbnailUrl":"https:\/\/ubirataonline.com.br\/wp-content\/uploads\/2026\/09\/maaimg-post-169619-20260901-160213.webp","datePublished":"2026-09-01T16:01:56+00:00","description":"L\u00e9o Dias comunicou que 2024 ser\u00e1 seu \u00faltimo ano na apresenta\u00e7\u00e3o di\u00e1ria do programa Melhor da Tarde, exibido pela Band. Em entrevista ao Jornal dos","breadcrumb":{"@id":"https:\/\/ubirataonline.com.br\/leo-dias-deixa-apresentacao-diaria-do-melhor-da-tarde-e-fala-sobre-vida-em-sao-paulo\/#breadcrumb"},"inLanguage":"en-US","potentialAction":[{"@type":"ReadAction","target":["https:\/\/ubirataonline.com.br\/leo-dias-deixa-apresentacao-diaria-do-melhor-da-tarde-e-fala-sobre-vida-em-sao-paulo\/"]}]},{"@type":"ImageObject","inLanguage":"en-US","@id":"https:\/\/ubirataonline.com.br\/leo-dias-deixa-apresentacao-diaria-do-melhor-da-tarde-e-fala-sobre-vida-em-sao-paulo\/#primaryimage","url":"https:\/\/ubirataonline.com.br\/wp-content\/uploads\/2026\/09\/maaimg-post-169619-20260901-160213.webp","contentUrl":"https:\/\/ubirataonline.com.br\/wp-content\/uploads\/2026\/09\/maaimg-post-169619-20260901-160213.webp","width":1536,"height":1024,"caption":"Imagem ilustrativa de L\u00e9o Dias deixando apresenta\u00e7\u00e3o di\u00e1ria do Melhor da Tarde"},{"@type":"BreadcrumbList","@id":"https:\/\/ubirataonline.com.br\/leo-dias-deixa-apresentacao-diaria-do-melhor-da-tarde-e-fala-sobre-vida-em-sao-paulo\/#breadcrumb","itemListElement":[{"@type":"ListItem","position":1,"name":"In\u00edcio","item":"https:\/\/ubirataonline.com.br\/"},{"@type":"ListItem","position":2,"name":"L\u00e9o Dias deixa apresenta\u00e7\u00e3o di\u00e1ria do Melhor da Tarde e fala sobre vida em S\u00e3o Paulo"}]},{"@type":"WebSite","@id":"https:\/\/ubirataonline.com.br\/#website","url":"https:\/\/ubirataonline.com.br\/","name":"Ubirat\u00e3 Online Not\u00edcias","description":"Not\u00edcias de Ubirat\u00e3, regi\u00e3o, Brasil e mundo, com informa\u00e7\u00e3o atualizada e compromisso com o leitor.","publisher":{"@id":"https:\/\/ubirataonline.com.br\/#organization"},"alternateName":"Ubirat\u00e3 Online","potentialAction":[{"@type":"SearchAction","target":{"@type":"EntryPoint","urlTemplate":"https:\/\/ubirataonline.com.br\/?s={search_term_string}"},"query-input":{"@type":"PropertyValueSpecification","valueRequired":true,"valueName":"search_term_string"}}],"inLanguage":"en-US"},{"@type":["Organization","Place"],"@id":"https:\/\/ubirataonline.com.br\/#organization","name":"Ubirat\u00e3 Online Not\u00edcias","alternateName":"Ubirat\u00e3 Online","url":"https:\/\/ubirataonline.com.br\/","logo":{"@id":"https:\/\/ubirataonline.com.br\/leo-dias-deixa-apresentacao-diaria-do-melhor-da-tarde-e-fala-sobre-vida-em-sao-paulo\/#local-main-organization-logo"},"image":{"@id":"https:\/\/ubirataonline.com.br\/leo-dias-deixa-apresentacao-diaria-do-melhor-da-tarde-e-fala-sobre-vida-em-sao-paulo\/#local-main-organization-logo"},"sameAs":["https:\/\/www.facebook.com\/portalubirataonline","https:\/\/x.com\/ubirataonline","https:\/\/mastodon.social\/@ubirataonline","https:\/\/www.facebook.com\/groups\/311144672285604","https:\/\/www.facebook.com\/UBTAOnline","https:\/\/www.instagram.com\/portalubirataonline\/","https:\/\/twitter.com\/ubirataonline"],"description":"Somos um portal de not\u00edcias independente, criado em 5 de janeiro de 2009, com o objetivo de informar, conectar e valorizar a nossa comunidade de Ubirat\u00e3 e toda aregi\u00e3o. Com conte\u00fado atualizado, confi\u00e1vel e relevante, o Ubirat\u00e3 Online \u00e9 o seu espa\u00e7o para ficar por dentro dos principais acontecimentos locais, regionais, Brasil, Mundo e de interesse geral. Nosso compromisso \u00e9 com a verdade, a transpar\u00eancia e o respeito ao leitor.","legalName":"UBIRATA ONLINE NOT\u00cdCIAS","foundingDate":"2009-01-05","numberOfEmployees":{"@type":"QuantitativeValue","minValue":"1","maxValue":"10"},"publishingPrinciples":"https:\/\/ubirataonline.com.br\/faq\/","address":{"@id":"https:\/\/ubirataonline.com.br\/leo-dias-deixa-apresentacao-diaria-do-melhor-da-tarde-e-fala-sobre-vida-em-sao-paulo\/#local-main-place-address"},"geo":{"@type":"GeoCoordinates","latitude":"-24.5361401","longitude":"-52.9921776"},"telephone":["+5544998308235"],"contactPoint":{"@type":"ContactPoint","email":"contato@ubirataonline.com.br"},"openingHoursSpecification":{"@type":"OpeningHoursSpecification","dayOfWeek":["Monday","Tuesday","Wednesday","Thursday","Friday","Saturday","Sunday"],"opens":"00:00","closes":"23:59"},"email":"contato@ubirataonline.com.br","vatID":"47.621.418\/0001-80"},{"@type":"Person","@id":"https:\/\/ubirataonline.com.br\/#\/schema\/person\/372f87bbd3fdd79b8556b84c98d0bc1c","name":"REDA\u00c7\u00c3O: UBIRAT\u00c3 ONLINE - F\u00c1BIO AUGUSTO CELESTINO","pronouns":"Ele","description":"Desde 2003 trabalhando com not\u00edcias.","sameAs":["http:\/\/ubirataoline.com.br","https:\/\/www.facebook.com\/portalubirataonline","https:\/\/www.instagram.com\/ubirataonline_oficial","https:\/\/x.com\/x.com\/ubirataonline"],"honorificPrefix":"Mr.","honorificSuffix":"MD","birthDate":"1980-06-16","gender":"masculino","award":["V\u00e1rios pr\u00eamios de melhor portal da cidade"],"jobTitle":"Diretor","url":"https:\/\/ubirataonline.com.br\/en\/author\/ubirataonline\/"},{"@type":"PostalAddress","@id":"https:\/\/ubirataonline.com.br\/leo-dias-deixa-apresentacao-diaria-do-melhor-da-tarde-e-fala-sobre-vida-em-sao-paulo\/#local-main-place-address","streetAddress":"Rua dos Coqueiros, 104 - Bairro Boa Vista, Rua dos Coqueiros, 104 Bairro Boa Vista","addressLocality":"UBIRATA","postalCode":"85440-000","addressRegion":"PR","addressCountry":"BR"},{"@type":"ImageObject","inLanguage":"en-US","@id":"https:\/\/ubirataonline.com.br\/leo-dias-deixa-apresentacao-diaria-do-melhor-da-tarde-e-fala-sobre-vida-em-sao-paulo\/#local-main-organization-logo","url":"https:\/\/ubirataonline.com.br\/wp-content\/uploads\/2026\/06\/logoubirataonline-1.webp","contentUrl":"https:\/\/ubirataonline.com.br\/wp-content\/uploads\/2026\/06\/logoubirataonline-1.webp","width":500,"height":500,"caption":"Ubirat\u00e3 Online Not\u00edcias"}]},"geo.placename":"UBIRATA","geo.position":{"lat":"-24.5361401","long":"-52.9921776"},"geo.region":"Brazil"},"_links":{"self":[{"href":"https:\/\/ubirataonline.com.br\/en\/wp-json\/wp\/v2\/posts\/169619","targetHints":{"allow":["GET"]}}],"collection":[{"href":"https:\/\/ubirataonline.com.br\/en\/wp-json\/wp\/v2\/posts"}],"about":[{"href":"https:\/\/ubirataonline.com.br\/en\/wp-json\/wp\/v2\/types\/post"}],"author":[{"embeddable":true,"href":"https:\/\/ubirataonline.com.br\/en\/wp-json\/wp\/v2\/users\/1"}],"replies":[{"embeddable":true,"href":"https:\/\/ubirataonline.com.br\/en\/wp-json\/wp\/v2\/comments?post=169619"}],"version-history":[{"count":0,"href":"https:\/\/ubirataonline.com.br\/en\/wp-json\/wp\/v2\/posts\/169619\/revisions"}],"wp:featuredmedia":[{"embeddable":true,"href":"https:\/\/ubirataonline.com.br\/en\/wp-json\/wp\/v2\/media\/169620"}],"wp:attachment":[{"href":"https:\/\/ubirataonline.com.br\/en\/wp-json\/wp\/v2\/media?parent=169619"}],"wp:term":[{"taxonomy":"category","embeddable":true,"href":"https:\/\/ubirataonline.com.br\/en\/wp-json\/wp\/v2\/categories?post=169619"},{"taxonomy":"post_tag","embeddable":true,"href":"https:\/\/ubirataonline.com.br\/en\/wp-json\/wp\/v2\/tags?post=169619"}],"curies":[{"name":"wp","href":"https:\/\/api.w.org\/{rel}","templated":true}]}}