{"id":169621,"date":"2026-09-01T13:06:57","date_gmt":"2026-09-01T16:06:57","guid":{"rendered":"https:\/\/ubirataonline.com.br\/justica-determina-interdicao-cautelar-de-instituicao-para-idosos-em-ibaiti-apos-acao-do-ministerio-publico-do-parana-que-aponta-maus-tratos-e-diversas-irregularidades\/"},"modified":"2026-09-01T13:06:58","modified_gmt":"2026-09-01T16:06:58","slug":"justica-determina-interdicao-cautelar-de-instituicao-para-idosos-em-ibaiti-apos-acao-do-ministerio-publico-do-parana-que-aponta-maus-tratos-e-diversas-irregularidades","status":"publish","type":"post","link":"https:\/\/ubirataonline.com.br\/en\/justica-determina-interdicao-cautelar-de-instituicao-para-idosos-em-ibaiti-apos-acao-do-ministerio-publico-do-parana-que-aponta-maus-tratos-e-diversas-irregularidades\/","title":{"rendered":"Justi\u00e7a determina interdi\u00e7\u00e3o cautelar de institui\u00e7\u00e3o para idosos em Ibaiti ap\u00f3s a\u00e7\u00e3o do Minist\u00e9rio P\u00fablico do Paran\u00e1 que aponta maus-tratos e diversas irregularidades"},"content":{"rendered":"<p><\/p>\n<div>\n<p>Atendendo a pedido do Minist\u00e9rio P\u00fabico do Paran\u00e1, a Vara da Fazenda P\u00fablica de Ibaiti, no Norte Pioneiro do estado, determinou a interdi\u00e7\u00e3o cautelar de uma Institui\u00e7\u00e3o de Longa Perman\u00eancia para Idosos (ILPI) localizada no munic\u00edpio, com a suspens\u00e3o imediata da admiss\u00e3o de novos residentes e o in\u00edcio do processo de desativa\u00e7\u00e3o da unidade. A decis\u00e3o atente pedido formulado pela da 2\u00aa Promotoria de Justi\u00e7a da Comarca em a\u00e7\u00e3o civil p\u00fablica. O local conta atualmente com 53 residentes.<\/p>\n<p class=\"text-align-center\"><a href=\"https:\/\/apps.mppr.mp.br\/audios\/play\/9c9077af83243c6063dd745835cbe977\" target=\"_blank\"><strong>\u00c1udio do Promotor de Justi\u00e7a Antonio Murat Neto<\/strong><\/a><\/p>\n<p>O Judici\u00e1rio tamb\u00e9m estabeleceu que o Munic\u00edpio, por meio das \u00e1reas de assist\u00eancia social e sa\u00fade, realize avalia\u00e7\u00e3o presencial e multidisciplinar dos residentes e adote as medidas necess\u00e1rias para garantir a continuidade dos cuidados. O Munic\u00edpio ainda dever\u00e1 apresentar, no prazo de dez dias, um censo individualizado e um plano concreto para a desinstitucionaliza\u00e7\u00e3o e transfer\u00eancia dos acolhidos.<\/p>\n<p><strong>Irregularidades <\/strong>\u2013 A institui\u00e7\u00e3o \u00e9 acompanhada pelos \u00f3rg\u00e3os de fiscaliza\u00e7\u00e3o e pelo Minist\u00e9rio P\u00fablico desde 2022, em raz\u00e3o de irregularidades sanit\u00e1rias, estruturais, administrativas e assistenciais. Segundo a a\u00e7\u00e3o, mesmo ap\u00f3s ter sido administrativamente interditado, o estabelecimento continuou funcionando e recebendo novos residentes, inclusive pessoas com defici\u00eancia menores de 60 anos, sem as adequa\u00e7\u00f5es necess\u00e1rias para compartilhamento do espa\u00e7o com pessoas idosas.<\/p>\n<p>Entre os problemas apontados est\u00e3o a aus\u00eancia de licen\u00e7a sanit\u00e1ria e de projeto arquitet\u00f4nico aprovado, falta de acessibilidade, n\u00famero insuficiente de cuidadores e aus\u00eancia de profissionais devidamente qualificados. Tamb\u00e9m foram identificados ind\u00edcios de administra\u00e7\u00e3o de medicamentos sem prescri\u00e7\u00e3o ou supervis\u00e3o profissional, agress\u00f5es f\u00edsicas e psicol\u00f3gicas, alimenta\u00e7\u00e3o inadequada e reten\u00e7\u00e3o de cart\u00f5es banc\u00e1rios e benef\u00edcios dos residentes.<\/p>\n<p>A documenta\u00e7\u00e3o apresentada ao Judici\u00e1rio inclui relat\u00f3rio t\u00e9cnico do Centro de Apoio T\u00e9cnico \u00e0 Execu\u00e7\u00e3o (CAEx\/Nate) do MPPR, recomenda\u00e7\u00f5es do Conselho Municipal de Assist\u00eancia Social e relat\u00f3rio de inspe\u00e7\u00e3o realizada pelo Minist\u00e9rio P\u00fablico em junho deste ano. A fiscaliza\u00e7\u00e3o constatou, entre outros problemas, dormit\u00f3rios superlotados, forte odor de urina, escadas \u00edngremes e sem prote\u00e7\u00e3o adequada, terra\u00e7o inseguro, ac\u00famulo de lixo e materiais inserv\u00edveis e armazenamento prec\u00e1rio de alimentos. Tamb\u00e9m foram encontradas pessoas com mobilidade reduzida instaladas no pavimento superior, sem elevador ou rota acess\u00edvel de sa\u00edda.<\/p>\n<p><strong>Superlota\u00e7\u00e3o <\/strong>\u2013 Segundo a decis\u00e3o, a institui\u00e7\u00e3o abriga 53 residentes, embora a capacidade informada nos documentos administrativos seja de 27 pessoas. Entre os acolhidos est\u00e3o dez pessoas com defici\u00eancia menores de 60 anos. Foram apontados n\u00famero insuficiente de cuidadores, aus\u00eancia de comprova\u00e7\u00e3o regular da responsabilidade t\u00e9cnica, falta de acessibilidade no pavimento superior e inexist\u00eancia de certificado v\u00e1lido do Corpo de Bombeiros.<\/p>\n<p>Na a\u00e7\u00e3o, tamb\u00e9m consta relato de profissional de enfermagem sobre a administra\u00e7\u00e3o de clonazepam sem prescri\u00e7\u00e3o e em doses elevadas, com a finalidade de induzir os residentes ao sono. Foram ainda relatados atos de cuidado realizados por pessoas sem habilita\u00e7\u00e3o t\u00e9cnica e epis\u00f3dios de agress\u00f5es f\u00edsicas e psicol\u00f3gicas.<\/p>\n<p><strong>Transfer\u00eancia dos residentes<\/strong> \u2013 A decis\u00e3o determina que a remo\u00e7\u00e3o dos acolhidos seja realizada de forma progressiva, assistida e humanizada. Ter\u00e3o prioridade os residentes em risco cl\u00ednico ou sanit\u00e1rio imediato, pessoas acamadas ou com mobilidade reduzida que estejam no pavimento superior, aqueles sem prescri\u00e7\u00e3o m\u00e9dica regular ou com suspeita de administra\u00e7\u00e3o inadequada de medicamentos e pessoas para as quais j\u00e1 exista familiar apto ou vaga institucional dispon\u00edvel.<\/p>\n<p>Nenhum residente poder\u00e1 ser retirado sem que haja um destino previamente definido, ressalvadas situa\u00e7\u00f5es de urg\u00eancia m\u00e9dica. O Munic\u00edpio tamb\u00e9m dever\u00e1 comunicar os munic\u00edpios de origem dos 37 residentes que n\u00e3o s\u00e3o domiciliados em Ibaiti, para que participem do planejamento e do custeio dos encaminhamentos.<\/p>\n<p>Para os acolhidos com defici\u00eancia menores de 60 anos, a decis\u00e3o estabelece que n\u00e3o dever\u00e1 ocorrer encaminhamento autom\u00e1tico para outra institui\u00e7\u00e3o de longa perman\u00eancia. O plano dever\u00e1 considerar individualmente a possibilidade de retorno ao conv\u00edvio familiar, acolhimento em resid\u00eancia inclusiva ou inser\u00e7\u00e3o em outro servi\u00e7o compat\u00edvel com as necessidades de cada pessoa.<\/p>\n<p>At\u00e9 a transfer\u00eancia do \u00faltimo residente, fica autorizada exclusivamente a manuten\u00e7\u00e3o transit\u00f3ria dos cuidados essenciais \u00e0s pessoas que j\u00e1 est\u00e3o no local, sob fiscaliza\u00e7\u00e3o dos \u00f3rg\u00e3os p\u00fablicos competentes. A institui\u00e7\u00e3o fica proibida de receber novos acolhidos, celebrar novos contratos, divulgar vagas ou ampliar o n\u00famero de pessoas atendidas.<\/p>\n<p>O Judici\u00e1rio tamb\u00e9m determinou que a Vigil\u00e2ncia Sanit\u00e1ria e as equipes municipais de sa\u00fade e assist\u00eancia social mantenham fiscaliza\u00e7\u00e3o peri\u00f3dica do estabelecimento durante o per\u00edodo de transi\u00e7\u00e3o. Ap\u00f3s a transfer\u00eancia de todos os residentes, o Munic\u00edpio dever\u00e1 comunicar o fato ao Judici\u00e1rio, que poder\u00e1 determinar a cessa\u00e7\u00e3o integral das atividades e, se necess\u00e1rio, a lacra\u00e7\u00e3o do estabelecimento.<\/p>\n<p><em>Informa\u00e7\u00f5es para a imprensa:<br \/>Assessoria de Comunica\u00e7\u00e3o<br \/><a href=\"https:\/\/mppr.mp.br\/cdn-cgi\/l\/email-protection\" class=\"__cf_email__\" data-cfemail=\"bcdfd3d1c9d2d5dfdddfddd3fcd1ccccce92d1cc92dece\">[email\u00a0protected]<\/a><br \/>(41) 3250-4226<\/em><\/p>\n<\/div>\n<p><a href=\"https:\/\/ubirataonline.com.br\/noticias\/\" target=\"_blank\" rel=\"noopener noreferrer\">Mais Not\u00edcias<\/a><\/p>\n<p><a href=\"https:\/\/ubirataonline.com.br\" target=\"_blank\" rel=\"noopener noreferrer\">Home Page &#8211; In\u00edcio<\/a><\/p>\n<p><a href=\"https:\/\/mppr.mp.br\/Noticia\/Justica-determina-interdicao-cautelar-de-instituicao-para-idosos-em-Ibaiti-apos-acao-do\">Source link <\/a><br \/>\nSee more: <a href=\"https:\/\/theglobaltrack.com\/\" target=\"_blank\" rel=\"noopener noreferrer\">The Global Track<\/a><\/p>\n<p><a href=\"https:\/\/corinthiames.com.br\/\" target=\"_blank\" rel=\"noopener noreferrer\">Corinthia Mes<\/a><\/p>\n","protected":false},"excerpt":{"rendered":"<p>Atendendo a pedido do Minist\u00e9rio P\u00fabico do Paran\u00e1, a Vara da Fazenda P\u00fablica de Ibaiti, no Norte Pioneiro do estado, determinou a interdi\u00e7\u00e3o cautelar de uma Institui\u00e7\u00e3o de Longa Perman\u00eancia para Idosos (ILPI) localizada no munic\u00edpio, com a suspens\u00e3o imediata da admiss\u00e3o de novos residentes e o in\u00edcio do processo de desativa\u00e7\u00e3o da unidade. A [&hellip;]<\/p>\n","protected":false},"author":1,"featured_media":169622,"comment_status":"closed","ping_status":"","sticky":false,"template":"","format":"standard","meta":{"googlesitekit_rrm_CAow2JLhCw:productID":"","_gspb_post_css":"","maa_idioma":"","maa_pais":"","footnotes":""},"categories":[4],"tags":[5607,5185,3140,44745,6039,14022,22109,4190,8186,3423,5750,3684,5548,3438,2904,90,3439],"class_list":["post-169621","post","type-post","status-publish","format-standard","has-post-thumbnail","hentry","category-brasil","tag-acao","tag-aponta","tag-apos","tag-cautelar","tag-determina","tag-diversas","tag-ibaiti","tag-idosos","tag-instituicao","tag-interdicao","tag-irregularidades","tag-justica","tag-maustratos","tag-ministerio","tag-para","tag-parana","tag-publico"],"blocksy_meta":[],"yoast_head":"<!-- This site is optimized with the Yoast SEO Premium plugin v27.6 (Yoast SEO v27.6) - https:\/\/yoast.com\/product\/yoast-seo-premium-wordpress\/ -->\n<title>Justi\u00e7a determina interdi\u00e7\u00e3o cautelar de institui\u00e7\u00e3o para idosos em Ibaiti ap\u00f3s a\u00e7\u00e3o do Minist\u00e9rio P\u00fablico do Paran\u00e1 que aponta maus-tratos e diversas irregularidades - Ubirat\u00e3 Online Not\u00edcias - A realidade ao seu alcance!<\/title>\n<meta name=\"description\" content=\"Atendendo a pedido do Minist\u00e9rio P\u00fabico do Paran\u00e1, a Vara da Fazenda P\u00fablica de Ibaiti, no Norte Pioneiro do estado, determinou a interdi\u00e7\u00e3o cautelar de uma Institui\u00e7\u00e3o de Longa Perman\u00eancia para Idosos (ILPI) localizada no munic\u00edpio, com a suspe\" \/>\n<meta name=\"robots\" content=\"index, follow, max-snippet:-1, max-image-preview:large, max-video-preview:-1\" \/>\n<link rel=\"canonical\" href=\"https:\/\/ubirataonline.com.br\/en\/justica-determina-interdicao-cautelar-de-instituicao-para-idosos-em-ibaiti-apos-acao-do-ministerio-publico-do-parana-que-aponta-maus-tratos-e-diversas-irregularidades\/\" \/>\n<meta property=\"og:locale\" content=\"en_US\" \/>\n<meta property=\"og:type\" content=\"article\" \/>\n<meta property=\"og:title\" content=\"Justi\u00e7a determina interdi\u00e7\u00e3o cautelar de institui\u00e7\u00e3o para idosos em Ibaiti ap\u00f3s a\u00e7\u00e3o do Minist\u00e9rio P\u00fablico do Paran\u00e1 que aponta maus-tratos e diversas irregularidades\" \/>\n<meta property=\"og:description\" content=\"Atendendo a pedido do Minist\u00e9rio P\u00fabico do Paran\u00e1, a Vara da Fazenda P\u00fablica de Ibaiti, no Norte Pioneiro do estado, determinou a interdi\u00e7\u00e3o cautelar de uma Institui\u00e7\u00e3o de Longa Perman\u00eancia para Idosos (ILPI) localizada no munic\u00edpio, com a suspe\" \/>\n<meta property=\"og:url\" content=\"https:\/\/ubirataonline.com.br\/en\/justica-determina-interdicao-cautelar-de-instituicao-para-idosos-em-ibaiti-apos-acao-do-ministerio-publico-do-parana-que-aponta-maus-tratos-e-diversas-irregularidades\/\" \/>\n<meta property=\"og:site_name\" content=\"Ubirat\u00e3 Online Not\u00edcias - A realidade ao seu alcance!\" \/>\n<meta property=\"article:publisher\" content=\"https:\/\/www.facebook.com\/portalubirataonline\" \/>\n<meta property=\"article:author\" content=\"https:\/\/www.facebook.com\/portalubirataonline\" \/>\n<meta property=\"article:published_time\" content=\"2026-09-01T16:06:57+00:00\" \/>\n<meta property=\"article:modified_time\" content=\"2026-09-01T16:06:58+00:00\" \/>\n<meta property=\"og:image\" content=\"https:\/\/ubirataonline.com.br\/wp-content\/uploads\/2026\/09\/Justica-determina-interdicao-cautelar-de-instituicao-para-idosos-em-Ibaiti.png\" \/>\n\t<meta property=\"og:image:width\" content=\"240\" \/>\n\t<meta property=\"og:image:height\" content=\"240\" \/>\n\t<meta property=\"og:image:type\" content=\"image\/png\" \/>\n<meta name=\"author\" content=\"REDA\u00c7\u00c3O: UBIRAT\u00c3 ONLINE - F\u00c1BIO AUGUSTO CELESTINO\" \/>\n<meta name=\"twitter:card\" content=\"summary_large_image\" \/>\n<meta name=\"twitter:creator\" content=\"@x.com\/ubirataonline\" \/>\n<meta name=\"twitter:site\" content=\"@ubirataonline\" \/>\n<meta name=\"twitter:label1\" content=\"Written by\" \/>\n\t<meta name=\"twitter:data1\" content=\"REDA\u00c7\u00c3O: UBIRAT\u00c3 ONLINE - F\u00c1BIO AUGUSTO CELESTINO\" \/>\n\t<meta name=\"twitter:label2\" content=\"Est. reading time\" \/>\n\t<meta name=\"twitter:data2\" content=\"4 minutes\" \/>\n<script type=\"application\/ld+json\" class=\"yoast-schema-graph\">{\"@context\":\"https:\\\/\\\/schema.org\",\"@graph\":[{\"@type\":\"NewsArticle\",\"@id\":\"https:\\\/\\\/ubirataonline.com.br\\\/justica-determina-interdicao-cautelar-de-instituicao-para-idosos-em-ibaiti-apos-acao-do-ministerio-publico-do-parana-que-aponta-maus-tratos-e-diversas-irregularidades\\\/#article\",\"isPartOf\":{\"@id\":\"https:\\\/\\\/ubirataonline.com.br\\\/justica-determina-interdicao-cautelar-de-instituicao-para-idosos-em-ibaiti-apos-acao-do-ministerio-publico-do-parana-que-aponta-maus-tratos-e-diversas-irregularidades\\\/\"},\"author\":{\"name\":\"REDA\u00c7\u00c3O: UBIRAT\u00c3 ONLINE - F\u00c1BIO AUGUSTO CELESTINO\",\"@id\":\"https:\\\/\\\/ubirataonline.com.br\\\/#\\\/schema\\\/person\\\/372f87bbd3fdd79b8556b84c98d0bc1c\"},\"headline\":\"Justi\u00e7a determina interdi\u00e7\u00e3o cautelar de institui\u00e7\u00e3o para idosos em Ibaiti ap\u00f3s a\u00e7\u00e3o do Minist\u00e9rio P\u00fablico do Paran\u00e1 que aponta maus-tratos e diversas irregularidades\",\"datePublished\":\"2026-09-01T16:06:57+00:00\",\"dateModified\":\"2026-09-01T16:06:58+00:00\",\"mainEntityOfPage\":{\"@id\":\"https:\\\/\\\/ubirataonline.com.br\\\/justica-determina-interdicao-cautelar-de-instituicao-para-idosos-em-ibaiti-apos-acao-do-ministerio-publico-do-parana-que-aponta-maus-tratos-e-diversas-irregularidades\\\/\"},\"wordCount\":928,\"publisher\":{\"@id\":\"https:\\\/\\\/ubirataonline.com.br\\\/#organization\"},\"image\":{\"@id\":\"https:\\\/\\\/ubirataonline.com.br\\\/justica-determina-interdicao-cautelar-de-instituicao-para-idosos-em-ibaiti-apos-acao-do-ministerio-publico-do-parana-que-aponta-maus-tratos-e-diversas-irregularidades\\\/#primaryimage\"},\"thumbnailUrl\":\"https:\\\/\\\/ubirataonline.com.br\\\/wp-content\\\/uploads\\\/2026\\\/09\\\/Justica-determina-interdicao-cautelar-de-instituicao-para-idosos-em-Ibaiti.png\",\"keywords\":[\"a\u00e7\u00e3o\",\"aponta\",\"ap\u00f3s\",\"cautelar\",\"determina\",\"diversas\",\"Ibaiti\",\"idosos\",\"institui\u00e7\u00e3o\",\"interdi\u00e7\u00e3o\",\"irregularidades\",\"Justi\u00e7a\",\"maustratos\",\"Minist\u00e9rio\",\"para\",\"paran\u00e1\",\"P\u00fablico\"],\"articleSection\":[\"Brasil\"],\"inLanguage\":\"en-US\",\"copyrightYear\":\"2026\",\"copyrightHolder\":{\"@id\":\"https:\\\/\\\/ubirataonline.com.br\\\/en\\\/#organization\"}},{\"@type\":\"WebPage\",\"@id\":\"https:\\\/\\\/ubirataonline.com.br\\\/justica-determina-interdicao-cautelar-de-instituicao-para-idosos-em-ibaiti-apos-acao-do-ministerio-publico-do-parana-que-aponta-maus-tratos-e-diversas-irregularidades\\\/\",\"url\":\"https:\\\/\\\/ubirataonline.com.br\\\/justica-determina-interdicao-cautelar-de-instituicao-para-idosos-em-ibaiti-apos-acao-do-ministerio-publico-do-parana-que-aponta-maus-tratos-e-diversas-irregularidades\\\/\",\"name\":\"Justi\u00e7a determina interdi\u00e7\u00e3o cautelar de institui\u00e7\u00e3o para idosos em Ibaiti ap\u00f3s a\u00e7\u00e3o do Minist\u00e9rio P\u00fablico do Paran\u00e1 que aponta maus-tratos e diversas irregularidades - Ubirat\u00e3 Online Not\u00edcias - A realidade ao seu alcance!\",\"isPartOf\":{\"@id\":\"https:\\\/\\\/ubirataonline.com.br\\\/#website\"},\"primaryImageOfPage\":{\"@id\":\"https:\\\/\\\/ubirataonline.com.br\\\/justica-determina-interdicao-cautelar-de-instituicao-para-idosos-em-ibaiti-apos-acao-do-ministerio-publico-do-parana-que-aponta-maus-tratos-e-diversas-irregularidades\\\/#primaryimage\"},\"image\":{\"@id\":\"https:\\\/\\\/ubirataonline.com.br\\\/justica-determina-interdicao-cautelar-de-instituicao-para-idosos-em-ibaiti-apos-acao-do-ministerio-publico-do-parana-que-aponta-maus-tratos-e-diversas-irregularidades\\\/#primaryimage\"},\"thumbnailUrl\":\"https:\\\/\\\/ubirataonline.com.br\\\/wp-content\\\/uploads\\\/2026\\\/09\\\/Justica-determina-interdicao-cautelar-de-instituicao-para-idosos-em-Ibaiti.png\",\"datePublished\":\"2026-09-01T16:06:57+00:00\",\"dateModified\":\"2026-09-01T16:06:58+00:00\",\"description\":\"Atendendo a pedido do Minist\u00e9rio P\u00fabico do Paran\u00e1, a Vara da Fazenda P\u00fablica de Ibaiti, no Norte Pioneiro do estado, determinou a interdi\u00e7\u00e3o cautelar de uma Institui\u00e7\u00e3o de Longa Perman\u00eancia para Idosos (ILPI) localizada no munic\u00edpio, com a suspe\",\"breadcrumb\":{\"@id\":\"https:\\\/\\\/ubirataonline.com.br\\\/justica-determina-interdicao-cautelar-de-instituicao-para-idosos-em-ibaiti-apos-acao-do-ministerio-publico-do-parana-que-aponta-maus-tratos-e-diversas-irregularidades\\\/#breadcrumb\"},\"inLanguage\":\"en-US\",\"potentialAction\":[{\"@type\":\"ReadAction\",\"target\":[\"https:\\\/\\\/ubirataonline.com.br\\\/justica-determina-interdicao-cautelar-de-instituicao-para-idosos-em-ibaiti-apos-acao-do-ministerio-publico-do-parana-que-aponta-maus-tratos-e-diversas-irregularidades\\\/\"]}]},{\"@type\":\"ImageObject\",\"inLanguage\":\"en-US\",\"@id\":\"https:\\\/\\\/ubirataonline.com.br\\\/justica-determina-interdicao-cautelar-de-instituicao-para-idosos-em-ibaiti-apos-acao-do-ministerio-publico-do-parana-que-aponta-maus-tratos-e-diversas-irregularidades\\\/#primaryimage\",\"url\":\"https:\\\/\\\/ubirataonline.com.br\\\/wp-content\\\/uploads\\\/2026\\\/09\\\/Justica-determina-interdicao-cautelar-de-instituicao-para-idosos-em-Ibaiti.png\",\"contentUrl\":\"https:\\\/\\\/ubirataonline.com.br\\\/wp-content\\\/uploads\\\/2026\\\/09\\\/Justica-determina-interdicao-cautelar-de-instituicao-para-idosos-em-Ibaiti.png\",\"width\":240,\"height\":240,\"caption\":\"Justi\u00e7a determina interdi\u00e7\u00e3o cautelar de institui\u00e7\u00e3o para idosos em Ibaiti ap\u00f3s a\u00e7\u00e3o do Minist\u00e9rio P\u00fablico do Paran\u00e1 que aponta maus-tratos e diversas irregularidades\"},{\"@type\":\"BreadcrumbList\",\"@id\":\"https:\\\/\\\/ubirataonline.com.br\\\/justica-determina-interdicao-cautelar-de-instituicao-para-idosos-em-ibaiti-apos-acao-do-ministerio-publico-do-parana-que-aponta-maus-tratos-e-diversas-irregularidades\\\/#breadcrumb\",\"itemListElement\":[{\"@type\":\"ListItem\",\"position\":1,\"name\":\"In\u00edcio\",\"item\":\"https:\\\/\\\/ubirataonline.com.br\\\/\"},{\"@type\":\"ListItem\",\"position\":2,\"name\":\"Justi\u00e7a determina interdi\u00e7\u00e3o cautelar de institui\u00e7\u00e3o para idosos em Ibaiti ap\u00f3s a\u00e7\u00e3o do Minist\u00e9rio P\u00fablico do Paran\u00e1 que aponta maus-tratos e diversas irregularidades\"}]},{\"@type\":\"WebSite\",\"@id\":\"https:\\\/\\\/ubirataonline.com.br\\\/#website\",\"url\":\"https:\\\/\\\/ubirataonline.com.br\\\/\",\"name\":\"Ubirat\u00e3 Online Not\u00edcias\",\"description\":\"Not\u00edcias de Ubirat\u00e3, regi\u00e3o, Brasil e mundo, com informa\u00e7\u00e3o atualizada e compromisso com o leitor.\",\"publisher\":{\"@id\":\"https:\\\/\\\/ubirataonline.com.br\\\/#organization\"},\"alternateName\":\"Ubirat\u00e3 Online\",\"potentialAction\":[{\"@type\":\"SearchAction\",\"target\":{\"@type\":\"EntryPoint\",\"urlTemplate\":\"https:\\\/\\\/ubirataonline.com.br\\\/?s={search_term_string}\"},\"query-input\":{\"@type\":\"PropertyValueSpecification\",\"valueRequired\":true,\"valueName\":\"search_term_string\"}}],\"inLanguage\":\"en-US\"},{\"@type\":[\"Organization\",\"Place\"],\"@id\":\"https:\\\/\\\/ubirataonline.com.br\\\/#organization\",\"name\":\"Ubirat\u00e3 Online Not\u00edcias\",\"alternateName\":\"Ubirat\u00e3 Online\",\"url\":\"https:\\\/\\\/ubirataonline.com.br\\\/\",\"logo\":{\"@id\":\"https:\\\/\\\/ubirataonline.com.br\\\/justica-determina-interdicao-cautelar-de-instituicao-para-idosos-em-ibaiti-apos-acao-do-ministerio-publico-do-parana-que-aponta-maus-tratos-e-diversas-irregularidades\\\/#local-main-organization-logo\"},\"image\":{\"@id\":\"https:\\\/\\\/ubirataonline.com.br\\\/justica-determina-interdicao-cautelar-de-instituicao-para-idosos-em-ibaiti-apos-acao-do-ministerio-publico-do-parana-que-aponta-maus-tratos-e-diversas-irregularidades\\\/#local-main-organization-logo\"},\"sameAs\":[\"https:\\\/\\\/www.facebook.com\\\/portalubirataonline\",\"https:\\\/\\\/x.com\\\/ubirataonline\",\"https:\\\/\\\/mastodon.social\\\/@ubirataonline\",\"https:\\\/\\\/www.facebook.com\\\/groups\\\/311144672285604\",\"https:\\\/\\\/www.facebook.com\\\/UBTAOnline\",\"https:\\\/\\\/www.instagram.com\\\/portalubirataonline\\\/\",\"https:\\\/\\\/twitter.com\\\/ubirataonline\"],\"description\":\"Somos um portal de not\u00edcias independente, criado em 5 de janeiro de 2009, com o objetivo de informar, conectar e valorizar a nossa comunidade de Ubirat\u00e3 e toda aregi\u00e3o. Com conte\u00fado atualizado, confi\u00e1vel e relevante, o Ubirat\u00e3 Online \u00e9 o seu espa\u00e7o para ficar por dentro dos principais acontecimentos locais, regionais, Brasil, Mundo e de interesse geral. Nosso compromisso \u00e9 com a verdade, a transpar\u00eancia e o respeito ao leitor.\",\"legalName\":\"UBIRATA ONLINE NOT\u00cdCIAS\",\"foundingDate\":\"2009-01-05\",\"numberOfEmployees\":{\"@type\":\"QuantitativeValue\",\"minValue\":\"1\",\"maxValue\":\"10\"},\"publishingPrinciples\":\"https:\\\/\\\/ubirataonline.com.br\\\/faq\\\/\",\"address\":{\"@id\":\"https:\\\/\\\/ubirataonline.com.br\\\/justica-determina-interdicao-cautelar-de-instituicao-para-idosos-em-ibaiti-apos-acao-do-ministerio-publico-do-parana-que-aponta-maus-tratos-e-diversas-irregularidades\\\/#local-main-place-address\"},\"geo\":{\"@type\":\"GeoCoordinates\",\"latitude\":\"-24.5361401\",\"longitude\":\"-52.9921776\"},\"telephone\":[\"+5544998308235\"],\"contactPoint\":{\"@type\":\"ContactPoint\",\"email\":\"contato@ubirataonline.com.br\"},\"openingHoursSpecification\":{\"@type\":\"OpeningHoursSpecification\",\"dayOfWeek\":[\"Monday\",\"Tuesday\",\"Wednesday\",\"Thursday\",\"Friday\",\"Saturday\",\"Sunday\"],\"opens\":\"00:00\",\"closes\":\"23:59\"},\"email\":\"contato@ubirataonline.com.br\",\"vatID\":\"47.621.418\\\/0001-80\"},{\"@type\":\"Person\",\"@id\":\"https:\\\/\\\/ubirataonline.com.br\\\/#\\\/schema\\\/person\\\/372f87bbd3fdd79b8556b84c98d0bc1c\",\"name\":\"REDA\u00c7\u00c3O: UBIRAT\u00c3 ONLINE - F\u00c1BIO AUGUSTO CELESTINO\",\"pronouns\":\"Ele\",\"description\":\"Desde 2003 trabalhando com not\u00edcias.\",\"sameAs\":[\"http:\\\/\\\/ubirataoline.com.br\",\"https:\\\/\\\/www.facebook.com\\\/portalubirataonline\",\"https:\\\/\\\/www.instagram.com\\\/ubirataonline_oficial\",\"https:\\\/\\\/x.com\\\/x.com\\\/ubirataonline\"],\"honorificPrefix\":\"Mr.\",\"honorificSuffix\":\"MD\",\"birthDate\":\"1980-06-16\",\"gender\":\"masculino\",\"award\":[\"V\u00e1rios pr\u00eamios de melhor portal da cidade\"],\"jobTitle\":\"Diretor\",\"url\":\"https:\\\/\\\/ubirataonline.com.br\\\/en\\\/author\\\/ubirataonline\\\/\"},{\"@type\":\"PostalAddress\",\"@id\":\"https:\\\/\\\/ubirataonline.com.br\\\/justica-determina-interdicao-cautelar-de-instituicao-para-idosos-em-ibaiti-apos-acao-do-ministerio-publico-do-parana-que-aponta-maus-tratos-e-diversas-irregularidades\\\/#local-main-place-address\",\"streetAddress\":\"Rua dos Coqueiros, 104 - Bairro Boa Vista, Rua dos Coqueiros, 104 Bairro Boa Vista\",\"addressLocality\":\"UBIRATA\",\"postalCode\":\"85440-000\",\"addressRegion\":\"PR\",\"addressCountry\":\"BR\"},{\"@type\":\"ImageObject\",\"inLanguage\":\"en-US\",\"@id\":\"https:\\\/\\\/ubirataonline.com.br\\\/justica-determina-interdicao-cautelar-de-instituicao-para-idosos-em-ibaiti-apos-acao-do-ministerio-publico-do-parana-que-aponta-maus-tratos-e-diversas-irregularidades\\\/#local-main-organization-logo\",\"url\":\"https:\\\/\\\/ubirataonline.com.br\\\/wp-content\\\/uploads\\\/2026\\\/06\\\/logoubirataonline-1.webp\",\"contentUrl\":\"https:\\\/\\\/ubirataonline.com.br\\\/wp-content\\\/uploads\\\/2026\\\/06\\\/logoubirataonline-1.webp\",\"width\":500,\"height\":500,\"caption\":\"Ubirat\u00e3 Online Not\u00edcias\"}]}<\/script>\n<meta name=\"geo.placename\" content=\"UBIRATA\" \/>\n<meta name=\"geo.position\" content=\"-24.5361401;-52.9921776\" \/>\n<meta name=\"geo.region\" content=\"Brazil\" \/>\n<!-- \/ Yoast SEO Premium plugin. -->","yoast_head_json":{"title":"Justi\u00e7a determina interdi\u00e7\u00e3o cautelar de institui\u00e7\u00e3o para idosos em Ibaiti ap\u00f3s a\u00e7\u00e3o do Minist\u00e9rio P\u00fablico do Paran\u00e1 que aponta maus-tratos e diversas irregularidades - Ubirat\u00e3 Online Not\u00edcias - A realidade ao seu alcance!","description":"Atendendo a pedido do Minist\u00e9rio P\u00fabico do Paran\u00e1, a Vara da Fazenda P\u00fablica de Ibaiti, no Norte Pioneiro do estado, determinou a interdi\u00e7\u00e3o cautelar de uma Institui\u00e7\u00e3o de Longa Perman\u00eancia para Idosos (ILPI) localizada no munic\u00edpio, com a suspe","robots":{"index":"index","follow":"follow","max-snippet":"max-snippet:-1","max-image-preview":"max-image-preview:large","max-video-preview":"max-video-preview:-1"},"canonical":"https:\/\/ubirataonline.com.br\/en\/justica-determina-interdicao-cautelar-de-instituicao-para-idosos-em-ibaiti-apos-acao-do-ministerio-publico-do-parana-que-aponta-maus-tratos-e-diversas-irregularidades\/","og_locale":"en_US","og_type":"article","og_title":"Justi\u00e7a determina interdi\u00e7\u00e3o cautelar de institui\u00e7\u00e3o para idosos em Ibaiti ap\u00f3s a\u00e7\u00e3o do Minist\u00e9rio P\u00fablico do Paran\u00e1 que aponta maus-tratos e diversas irregularidades","og_description":"Atendendo a pedido do Minist\u00e9rio P\u00fabico do Paran\u00e1, a Vara da Fazenda P\u00fablica de Ibaiti, no Norte Pioneiro do estado, determinou a interdi\u00e7\u00e3o cautelar de uma Institui\u00e7\u00e3o de Longa Perman\u00eancia para Idosos (ILPI) localizada no munic\u00edpio, com a suspe","og_url":"https:\/\/ubirataonline.com.br\/en\/justica-determina-interdicao-cautelar-de-instituicao-para-idosos-em-ibaiti-apos-acao-do-ministerio-publico-do-parana-que-aponta-maus-tratos-e-diversas-irregularidades\/","og_site_name":"Ubirat\u00e3 Online Not\u00edcias - A realidade ao seu alcance!","article_publisher":"https:\/\/www.facebook.com\/portalubirataonline","article_author":"https:\/\/www.facebook.com\/portalubirataonline","article_published_time":"2026-09-01T16:06:57+00:00","article_modified_time":"2026-09-01T16:06:58+00:00","og_image":[{"width":240,"height":240,"url":"https:\/\/ubirataonline.com.br\/wp-content\/uploads\/2026\/09\/Justica-determina-interdicao-cautelar-de-instituicao-para-idosos-em-Ibaiti.png","type":"image\/png"}],"author":"REDA\u00c7\u00c3O: UBIRAT\u00c3 ONLINE - F\u00c1BIO AUGUSTO CELESTINO","twitter_card":"summary_large_image","twitter_creator":"@x.com\/ubirataonline","twitter_site":"@ubirataonline","twitter_misc":{"Written by":"REDA\u00c7\u00c3O: UBIRAT\u00c3 ONLINE - F\u00c1BIO AUGUSTO CELESTINO","Est. reading time":"4 minutes"},"schema":{"@context":"https:\/\/schema.org","@graph":[{"@type":"NewsArticle","@id":"https:\/\/ubirataonline.com.br\/justica-determina-interdicao-cautelar-de-instituicao-para-idosos-em-ibaiti-apos-acao-do-ministerio-publico-do-parana-que-aponta-maus-tratos-e-diversas-irregularidades\/#article","isPartOf":{"@id":"https:\/\/ubirataonline.com.br\/justica-determina-interdicao-cautelar-de-instituicao-para-idosos-em-ibaiti-apos-acao-do-ministerio-publico-do-parana-que-aponta-maus-tratos-e-diversas-irregularidades\/"},"author":{"name":"REDA\u00c7\u00c3O: UBIRAT\u00c3 ONLINE - F\u00c1BIO AUGUSTO CELESTINO","@id":"https:\/\/ubirataonline.com.br\/#\/schema\/person\/372f87bbd3fdd79b8556b84c98d0bc1c"},"headline":"Justi\u00e7a determina interdi\u00e7\u00e3o cautelar de institui\u00e7\u00e3o para idosos em Ibaiti ap\u00f3s a\u00e7\u00e3o do Minist\u00e9rio P\u00fablico do Paran\u00e1 que aponta maus-tratos e diversas irregularidades","datePublished":"2026-09-01T16:06:57+00:00","dateModified":"2026-09-01T16:06:58+00:00","mainEntityOfPage":{"@id":"https:\/\/ubirataonline.com.br\/justica-determina-interdicao-cautelar-de-instituicao-para-idosos-em-ibaiti-apos-acao-do-ministerio-publico-do-parana-que-aponta-maus-tratos-e-diversas-irregularidades\/"},"wordCount":928,"publisher":{"@id":"https:\/\/ubirataonline.com.br\/#organization"},"image":{"@id":"https:\/\/ubirataonline.com.br\/justica-determina-interdicao-cautelar-de-instituicao-para-idosos-em-ibaiti-apos-acao-do-ministerio-publico-do-parana-que-aponta-maus-tratos-e-diversas-irregularidades\/#primaryimage"},"thumbnailUrl":"https:\/\/ubirataonline.com.br\/wp-content\/uploads\/2026\/09\/Justica-determina-interdicao-cautelar-de-instituicao-para-idosos-em-Ibaiti.png","keywords":["a\u00e7\u00e3o","aponta","ap\u00f3s","cautelar","determina","diversas","Ibaiti","idosos","institui\u00e7\u00e3o","interdi\u00e7\u00e3o","irregularidades","Justi\u00e7a","maustratos","Minist\u00e9rio","para","paran\u00e1","P\u00fablico"],"articleSection":["Brasil"],"inLanguage":"en-US","copyrightYear":"2026","copyrightHolder":{"@id":"https:\/\/ubirataonline.com.br\/en\/#organization"}},{"@type":"WebPage","@id":"https:\/\/ubirataonline.com.br\/justica-determina-interdicao-cautelar-de-instituicao-para-idosos-em-ibaiti-apos-acao-do-ministerio-publico-do-parana-que-aponta-maus-tratos-e-diversas-irregularidades\/","url":"https:\/\/ubirataonline.com.br\/justica-determina-interdicao-cautelar-de-instituicao-para-idosos-em-ibaiti-apos-acao-do-ministerio-publico-do-parana-que-aponta-maus-tratos-e-diversas-irregularidades\/","name":"Justi\u00e7a determina interdi\u00e7\u00e3o cautelar de institui\u00e7\u00e3o para idosos em Ibaiti ap\u00f3s a\u00e7\u00e3o do Minist\u00e9rio P\u00fablico do Paran\u00e1 que aponta maus-tratos e diversas irregularidades - Ubirat\u00e3 Online Not\u00edcias - A realidade ao seu alcance!","isPartOf":{"@id":"https:\/\/ubirataonline.com.br\/#website"},"primaryImageOfPage":{"@id":"https:\/\/ubirataonline.com.br\/justica-determina-interdicao-cautelar-de-instituicao-para-idosos-em-ibaiti-apos-acao-do-ministerio-publico-do-parana-que-aponta-maus-tratos-e-diversas-irregularidades\/#primaryimage"},"image":{"@id":"https:\/\/ubirataonline.com.br\/justica-determina-interdicao-cautelar-de-instituicao-para-idosos-em-ibaiti-apos-acao-do-ministerio-publico-do-parana-que-aponta-maus-tratos-e-diversas-irregularidades\/#primaryimage"},"thumbnailUrl":"https:\/\/ubirataonline.com.br\/wp-content\/uploads\/2026\/09\/Justica-determina-interdicao-cautelar-de-instituicao-para-idosos-em-Ibaiti.png","datePublished":"2026-09-01T16:06:57+00:00","dateModified":"2026-09-01T16:06:58+00:00","description":"Atendendo a pedido do Minist\u00e9rio P\u00fabico do Paran\u00e1, a Vara da Fazenda P\u00fablica de Ibaiti, no Norte Pioneiro do estado, determinou a interdi\u00e7\u00e3o cautelar de uma Institui\u00e7\u00e3o de Longa Perman\u00eancia para Idosos (ILPI) localizada no munic\u00edpio, com a suspe","breadcrumb":{"@id":"https:\/\/ubirataonline.com.br\/justica-determina-interdicao-cautelar-de-instituicao-para-idosos-em-ibaiti-apos-acao-do-ministerio-publico-do-parana-que-aponta-maus-tratos-e-diversas-irregularidades\/#breadcrumb"},"inLanguage":"en-US","potentialAction":[{"@type":"ReadAction","target":["https:\/\/ubirataonline.com.br\/justica-determina-interdicao-cautelar-de-instituicao-para-idosos-em-ibaiti-apos-acao-do-ministerio-publico-do-parana-que-aponta-maus-tratos-e-diversas-irregularidades\/"]}]},{"@type":"ImageObject","inLanguage":"en-US","@id":"https:\/\/ubirataonline.com.br\/justica-determina-interdicao-cautelar-de-instituicao-para-idosos-em-ibaiti-apos-acao-do-ministerio-publico-do-parana-que-aponta-maus-tratos-e-diversas-irregularidades\/#primaryimage","url":"https:\/\/ubirataonline.com.br\/wp-content\/uploads\/2026\/09\/Justica-determina-interdicao-cautelar-de-instituicao-para-idosos-em-Ibaiti.png","contentUrl":"https:\/\/ubirataonline.com.br\/wp-content\/uploads\/2026\/09\/Justica-determina-interdicao-cautelar-de-instituicao-para-idosos-em-Ibaiti.png","width":240,"height":240,"caption":"Justi\u00e7a determina interdi\u00e7\u00e3o cautelar de institui\u00e7\u00e3o para idosos em Ibaiti ap\u00f3s a\u00e7\u00e3o do Minist\u00e9rio P\u00fablico do Paran\u00e1 que aponta maus-tratos e diversas irregularidades"},{"@type":"BreadcrumbList","@id":"https:\/\/ubirataonline.com.br\/justica-determina-interdicao-cautelar-de-instituicao-para-idosos-em-ibaiti-apos-acao-do-ministerio-publico-do-parana-que-aponta-maus-tratos-e-diversas-irregularidades\/#breadcrumb","itemListElement":[{"@type":"ListItem","position":1,"name":"In\u00edcio","item":"https:\/\/ubirataonline.com.br\/"},{"@type":"ListItem","position":2,"name":"Justi\u00e7a determina interdi\u00e7\u00e3o cautelar de institui\u00e7\u00e3o para idosos em Ibaiti ap\u00f3s a\u00e7\u00e3o do Minist\u00e9rio P\u00fablico do Paran\u00e1 que aponta maus-tratos e diversas irregularidades"}]},{"@type":"WebSite","@id":"https:\/\/ubirataonline.com.br\/#website","url":"https:\/\/ubirataonline.com.br\/","name":"Ubirat\u00e3 Online Not\u00edcias","description":"Not\u00edcias de Ubirat\u00e3, regi\u00e3o, Brasil e mundo, com informa\u00e7\u00e3o atualizada e compromisso com o leitor.","publisher":{"@id":"https:\/\/ubirataonline.com.br\/#organization"},"alternateName":"Ubirat\u00e3 Online","potentialAction":[{"@type":"SearchAction","target":{"@type":"EntryPoint","urlTemplate":"https:\/\/ubirataonline.com.br\/?s={search_term_string}"},"query-input":{"@type":"PropertyValueSpecification","valueRequired":true,"valueName":"search_term_string"}}],"inLanguage":"en-US"},{"@type":["Organization","Place"],"@id":"https:\/\/ubirataonline.com.br\/#organization","name":"Ubirat\u00e3 Online Not\u00edcias","alternateName":"Ubirat\u00e3 Online","url":"https:\/\/ubirataonline.com.br\/","logo":{"@id":"https:\/\/ubirataonline.com.br\/justica-determina-interdicao-cautelar-de-instituicao-para-idosos-em-ibaiti-apos-acao-do-ministerio-publico-do-parana-que-aponta-maus-tratos-e-diversas-irregularidades\/#local-main-organization-logo"},"image":{"@id":"https:\/\/ubirataonline.com.br\/justica-determina-interdicao-cautelar-de-instituicao-para-idosos-em-ibaiti-apos-acao-do-ministerio-publico-do-parana-que-aponta-maus-tratos-e-diversas-irregularidades\/#local-main-organization-logo"},"sameAs":["https:\/\/www.facebook.com\/portalubirataonline","https:\/\/x.com\/ubirataonline","https:\/\/mastodon.social\/@ubirataonline","https:\/\/www.facebook.com\/groups\/311144672285604","https:\/\/www.facebook.com\/UBTAOnline","https:\/\/www.instagram.com\/portalubirataonline\/","https:\/\/twitter.com\/ubirataonline"],"description":"Somos um portal de not\u00edcias independente, criado em 5 de janeiro de 2009, com o objetivo de informar, conectar e valorizar a nossa comunidade de Ubirat\u00e3 e toda aregi\u00e3o. Com conte\u00fado atualizado, confi\u00e1vel e relevante, o Ubirat\u00e3 Online \u00e9 o seu espa\u00e7o para ficar por dentro dos principais acontecimentos locais, regionais, Brasil, Mundo e de interesse geral. Nosso compromisso \u00e9 com a verdade, a transpar\u00eancia e o respeito ao leitor.","legalName":"UBIRATA ONLINE NOT\u00cdCIAS","foundingDate":"2009-01-05","numberOfEmployees":{"@type":"QuantitativeValue","minValue":"1","maxValue":"10"},"publishingPrinciples":"https:\/\/ubirataonline.com.br\/faq\/","address":{"@id":"https:\/\/ubirataonline.com.br\/justica-determina-interdicao-cautelar-de-instituicao-para-idosos-em-ibaiti-apos-acao-do-ministerio-publico-do-parana-que-aponta-maus-tratos-e-diversas-irregularidades\/#local-main-place-address"},"geo":{"@type":"GeoCoordinates","latitude":"-24.5361401","longitude":"-52.9921776"},"telephone":["+5544998308235"],"contactPoint":{"@type":"ContactPoint","email":"contato@ubirataonline.com.br"},"openingHoursSpecification":{"@type":"OpeningHoursSpecification","dayOfWeek":["Monday","Tuesday","Wednesday","Thursday","Friday","Saturday","Sunday"],"opens":"00:00","closes":"23:59"},"email":"contato@ubirataonline.com.br","vatID":"47.621.418\/0001-80"},{"@type":"Person","@id":"https:\/\/ubirataonline.com.br\/#\/schema\/person\/372f87bbd3fdd79b8556b84c98d0bc1c","name":"REDA\u00c7\u00c3O: UBIRAT\u00c3 ONLINE - F\u00c1BIO AUGUSTO CELESTINO","pronouns":"Ele","description":"Desde 2003 trabalhando com not\u00edcias.","sameAs":["http:\/\/ubirataoline.com.br","https:\/\/www.facebook.com\/portalubirataonline","https:\/\/www.instagram.com\/ubirataonline_oficial","https:\/\/x.com\/x.com\/ubirataonline"],"honorificPrefix":"Mr.","honorificSuffix":"MD","birthDate":"1980-06-16","gender":"masculino","award":["V\u00e1rios pr\u00eamios de melhor portal da cidade"],"jobTitle":"Diretor","url":"https:\/\/ubirataonline.com.br\/en\/author\/ubirataonline\/"},{"@type":"PostalAddress","@id":"https:\/\/ubirataonline.com.br\/justica-determina-interdicao-cautelar-de-instituicao-para-idosos-em-ibaiti-apos-acao-do-ministerio-publico-do-parana-que-aponta-maus-tratos-e-diversas-irregularidades\/#local-main-place-address","streetAddress":"Rua dos Coqueiros, 104 - Bairro Boa Vista, Rua dos Coqueiros, 104 Bairro Boa Vista","addressLocality":"UBIRATA","postalCode":"85440-000","addressRegion":"PR","addressCountry":"BR"},{"@type":"ImageObject","inLanguage":"en-US","@id":"https:\/\/ubirataonline.com.br\/justica-determina-interdicao-cautelar-de-instituicao-para-idosos-em-ibaiti-apos-acao-do-ministerio-publico-do-parana-que-aponta-maus-tratos-e-diversas-irregularidades\/#local-main-organization-logo","url":"https:\/\/ubirataonline.com.br\/wp-content\/uploads\/2026\/06\/logoubirataonline-1.webp","contentUrl":"https:\/\/ubirataonline.com.br\/wp-content\/uploads\/2026\/06\/logoubirataonline-1.webp","width":500,"height":500,"caption":"Ubirat\u00e3 Online Not\u00edcias"}]},"geo.placename":"UBIRATA","geo.position":{"lat":"-24.5361401","long":"-52.9921776"},"geo.region":"Brazil"},"_links":{"self":[{"href":"https:\/\/ubirataonline.com.br\/en\/wp-json\/wp\/v2\/posts\/169621","targetHints":{"allow":["GET"]}}],"collection":[{"href":"https:\/\/ubirataonline.com.br\/en\/wp-json\/wp\/v2\/posts"}],"about":[{"href":"https:\/\/ubirataonline.com.br\/en\/wp-json\/wp\/v2\/types\/post"}],"author":[{"embeddable":true,"href":"https:\/\/ubirataonline.com.br\/en\/wp-json\/wp\/v2\/users\/1"}],"replies":[{"embeddable":true,"href":"https:\/\/ubirataonline.com.br\/en\/wp-json\/wp\/v2\/comments?post=169621"}],"version-history":[{"count":1,"href":"https:\/\/ubirataonline.com.br\/en\/wp-json\/wp\/v2\/posts\/169621\/revisions"}],"predecessor-version":[{"id":169623,"href":"https:\/\/ubirataonline.com.br\/en\/wp-json\/wp\/v2\/posts\/169621\/revisions\/169623"}],"wp:featuredmedia":[{"embeddable":true,"href":"https:\/\/ubirataonline.com.br\/en\/wp-json\/wp\/v2\/media\/169622"}],"wp:attachment":[{"href":"https:\/\/ubirataonline.com.br\/en\/wp-json\/wp\/v2\/media?parent=169621"}],"wp:term":[{"taxonomy":"category","embeddable":true,"href":"https:\/\/ubirataonline.com.br\/en\/wp-json\/wp\/v2\/categories?post=169621"},{"taxonomy":"post_tag","embeddable":true,"href":"https:\/\/ubirataonline.com.br\/en\/wp-json\/wp\/v2\/tags?post=169621"}],"curies":[{"name":"wp","href":"https:\/\/api.w.org\/{rel}","templated":true}]}}