{"id":169645,"date":"2026-09-01T14:31:19","date_gmt":"2026-09-01T17:31:19","guid":{"rendered":"https:\/\/ubirataonline.com.br\/idoso-acamado-e-assassinado-no-parana-por-interesse-no-patrimonio-conclui-policia\/"},"modified":"2026-09-01T14:31:19","modified_gmt":"2026-09-01T17:31:19","slug":"idoso-acamado-e-assassinado-no-parana-por-interesse-no-patrimonio-conclui-policia","status":"publish","type":"post","link":"https:\/\/ubirataonline.com.br\/en\/idoso-acamado-e-assassinado-no-parana-por-interesse-no-patrimonio-conclui-policia\/","title":{"rendered":"Idoso acamado \u00e9 assassinado no Paran\u00e1 por interesse no patrim\u00f4nio, conclui pol\u00edcia"},"content":{"rendered":"<p>Um homem de 77 anos, Jos\u00e9 Teixeira da Silva, foi assassinado a tiros na madrugada do dia 22 de agosto na cidade de Bandeirantes, no norte do Paran\u00e1. Segundo investiga\u00e7\u00e3o da Pol\u00edcia Civil, o crime foi motivado por interesse no patrim\u00f4nio da v\u00edtima e envolveu a esposa, o amante dela e a filha do idoso, que est\u00e3o presos preventivamente.<\/p>\n<p>Inicialmente, a esposa de Jos\u00e9 comunicou o caso como um latroc\u00ednio, alegando que dois homens teriam roubado o carro e R$ 15 mil da resid\u00eancia ap\u00f3s o disparo. Contudo, inconsist\u00eancias em seu depoimento levaram a pol\u00edcia a identificar uma simula\u00e7\u00e3o para encobrir um homic\u00eddio premeditado.<\/p>\n<h3>Apura\u00e7\u00e3o policial e indiciamentos<\/h3>\n<p>Conforme o inqu\u00e9rito conclu\u00eddo, Valqu\u00edria Sandoval (esposa), Anderson Justino Estev\u00e3o (amante de Valqu\u00edria) e Amanda Sandoval Teixeira da Silva (filha) foram indiciados por envolvimento direto no homic\u00eddio. A motiva\u00e7\u00e3o principal foi o interesse patrimonial, e n\u00e3o maus-tratos ou falta de cuidado como alegado inicialmente pelas suspeitas, que foram desconsideradas pela pol\u00edcia.<\/p>\n<p>Valqu\u00edria e Anderson respondem por homic\u00eddio qualificado (motivo torpe, meio cruel e recurso que impossibilitou defesa), fraude processual pela simula\u00e7\u00e3o da cena do crime, comunica\u00e7\u00e3o falsa e posse irregular de arma de fogo. A filha Amanda tamb\u00e9m foi indiciada por homic\u00eddio qualificado e fraude processual, esta \u00faltima pelo apagamento de conversas no celular, al\u00e9m de omiss\u00e3o dolosa ao n\u00e3o impedir ou denunciar o crime.<\/p>\n<h3>Din\u00e2mica do crime<\/h3>\n<p>As investiga\u00e7\u00f5es apontam que o assassinato foi planejado cerca de um m\u00eas antes, com participa\u00e7\u00e3o de todos os envolvidos. Na noite do crime, Anderson chegou \u00e0 casa do idoso armado, enquanto Valqu\u00edria facilitava a entrada, trancando os cachorros e abrindo o port\u00e3o. Anderson efetuou o disparo contra Jos\u00e9, que estava acamado, e fugiu levando o carro da v\u00edtima, que posteriormente abandonou em uma \u00e1rea de vegeta\u00e7\u00e3o.<\/p>\n<p>A filha teria sido informada sobre o plano e, em vez de agir para impedir ou denunciar, permaneceu inerte, viajando para outra cidade no dia do crime.<\/p>\n<h3>Posi\u00e7\u00e3o da defesa<\/h3>\n<p>Os advogados dos suspeitos informaram que acompanham as investiga\u00e7\u00f5es e questionam a voluntariedade das declara\u00e7\u00f5es feitas durante os interrogat\u00f3rios, apontando condi\u00e7\u00f5es consideradas inadequadas, como a proibi\u00e7\u00e3o de contato com advogados e press\u00e3o psicol\u00f3gica. Ressaltaram que as conclus\u00f5es atuais ainda n\u00e3o s\u00e3o definitivas, aguardando o andamento do processo e respeitando o direito ao devido processo legal.<\/p>","protected":false},"excerpt":{"rendered":"<p>Um homem de 77 anos, Jos\u00e9 Teixeira da Silva, foi assassinado a tiros na madrugada do dia 22 de agosto na cidade de Bandeirantes, no norte do Paran\u00e1. Segundo investiga\u00e7\u00e3o da Pol\u00edcia Civil, o crime foi motivado por interesse no patrim\u00f4nio da v\u00edtima e envolveu a esposa, o amante dela e a filha do idoso, [&hellip;]<\/p>\n","protected":false},"author":1,"featured_media":169646,"comment_status":"","ping_status":"","sticky":false,"template":"","format":"standard","meta":{"googlesitekit_rrm_CAow2JLhCw:productID":"","_gspb_post_css":"","maa_idioma":"","maa_pais":"","footnotes":""},"categories":[4],"tags":[],"class_list":["post-169645","post","type-post","status-publish","format-standard","has-post-thumbnail","hentry","category-brasil"],"blocksy_meta":[],"yoast_head":"<!-- This site is optimized with the Yoast SEO Premium plugin v27.6 (Yoast SEO v27.6) - https:\/\/yoast.com\/product\/yoast-seo-premium-wordpress\/ -->\n<title>Idoso acamado \u00e9 assassinado no Paran\u00e1 por interesse no patrim\u00f4nio, conclui pol\u00edcia - Ubirat\u00e3 Online Not\u00edcias - A realidade ao seu alcance!<\/title>\n<meta name=\"description\" content=\"Um homem de 77 anos, Jos\u00e9 Teixeira da Silva, foi assassinado a tiros na madrugada do dia 22 de agosto na cidade de Bandeirantes, no norte do Paran\u00e1.\" \/>\n<meta name=\"robots\" content=\"index, follow, max-snippet:-1, max-image-preview:large, max-video-preview:-1\" \/>\n<link rel=\"canonical\" href=\"https:\/\/ubirataonline.com.br\/en\/idoso-acamado-e-assassinado-no-parana-por-interesse-no-patrimonio-conclui-policia\/\" \/>\n<meta property=\"og:locale\" content=\"en_US\" \/>\n<meta property=\"og:type\" content=\"article\" \/>\n<meta property=\"og:title\" content=\"Idoso acamado \u00e9 assassinado no Paran\u00e1 por interesse no patrim\u00f4nio, conclui pol\u00edcia\" \/>\n<meta property=\"og:description\" content=\"Um homem de 77 anos, Jos\u00e9 Teixeira da Silva, foi assassinado a tiros na madrugada do dia 22 de agosto na cidade de Bandeirantes, no norte do Paran\u00e1.\" \/>\n<meta property=\"og:url\" content=\"https:\/\/ubirataonline.com.br\/en\/idoso-acamado-e-assassinado-no-parana-por-interesse-no-patrimonio-conclui-policia\/\" \/>\n<meta property=\"og:site_name\" content=\"Ubirat\u00e3 Online Not\u00edcias - A realidade ao seu alcance!\" \/>\n<meta property=\"article:publisher\" content=\"https:\/\/www.facebook.com\/portalubirataonline\" \/>\n<meta property=\"article:author\" content=\"https:\/\/www.facebook.com\/portalubirataonline\" \/>\n<meta property=\"article:published_time\" content=\"2026-09-01T17:31:19+00:00\" \/>\n<meta property=\"og:image\" content=\"https:\/\/ubirataonline.com.br\/wp-content\/uploads\/2026\/05\/logo2026.webp\" \/>\n\t<meta property=\"og:image:width\" content=\"1531\" \/>\n\t<meta property=\"og:image:height\" content=\"418\" \/>\n\t<meta property=\"og:image:type\" content=\"image\/webp\" \/>\n<meta name=\"author\" content=\"REDA\u00c7\u00c3O: UBIRAT\u00c3 ONLINE - F\u00c1BIO AUGUSTO CELESTINO\" \/>\n<meta name=\"twitter:card\" content=\"summary_large_image\" \/>\n<meta name=\"twitter:creator\" content=\"@x.com\/ubirataonline\" \/>\n<meta name=\"twitter:site\" content=\"@ubirataonline\" \/>\n<meta name=\"twitter:label1\" content=\"Written by\" \/>\n\t<meta name=\"twitter:data1\" content=\"REDA\u00c7\u00c3O: UBIRAT\u00c3 ONLINE - F\u00c1BIO AUGUSTO CELESTINO\" \/>\n\t<meta name=\"twitter:label2\" content=\"Est. reading time\" \/>\n\t<meta name=\"twitter:data2\" content=\"2 minutes\" \/>\n<script type=\"application\/ld+json\" class=\"yoast-schema-graph\">{\"@context\":\"https:\\\/\\\/schema.org\",\"@graph\":[{\"@type\":\"NewsArticle\",\"@id\":\"https:\\\/\\\/ubirataonline.com.br\\\/idoso-acamado-e-assassinado-no-parana-por-interesse-no-patrimonio-conclui-policia\\\/#article\",\"isPartOf\":{\"@id\":\"https:\\\/\\\/ubirataonline.com.br\\\/idoso-acamado-e-assassinado-no-parana-por-interesse-no-patrimonio-conclui-policia\\\/\"},\"author\":{\"name\":\"REDA\u00c7\u00c3O: UBIRAT\u00c3 ONLINE - F\u00c1BIO AUGUSTO CELESTINO\",\"@id\":\"https:\\\/\\\/ubirataonline.com.br\\\/#\\\/schema\\\/person\\\/372f87bbd3fdd79b8556b84c98d0bc1c\"},\"headline\":\"Idoso acamado \u00e9 assassinado no Paran\u00e1 por interesse no patrim\u00f4nio, conclui pol\u00edcia\",\"datePublished\":\"2026-09-01T17:31:19+00:00\",\"mainEntityOfPage\":{\"@id\":\"https:\\\/\\\/ubirataonline.com.br\\\/idoso-acamado-e-assassinado-no-parana-por-interesse-no-patrimonio-conclui-policia\\\/\"},\"wordCount\":436,\"publisher\":{\"@id\":\"https:\\\/\\\/ubirataonline.com.br\\\/#organization\"},\"image\":{\"@id\":\"https:\\\/\\\/ubirataonline.com.br\\\/idoso-acamado-e-assassinado-no-parana-por-interesse-no-patrimonio-conclui-policia\\\/#primaryimage\"},\"thumbnailUrl\":\"https:\\\/\\\/ubirataonline.com.br\\\/wp-content\\\/uploads\\\/2026\\\/09\\\/maaimg-post-169645-20260901-173157.webp\",\"articleSection\":[\"Brasil\"],\"inLanguage\":\"en-US\",\"copyrightYear\":\"2026\",\"copyrightHolder\":{\"@id\":\"https:\\\/\\\/ubirataonline.com.br\\\/en\\\/#organization\"}},{\"@type\":\"WebPage\",\"@id\":\"https:\\\/\\\/ubirataonline.com.br\\\/idoso-acamado-e-assassinado-no-parana-por-interesse-no-patrimonio-conclui-policia\\\/\",\"url\":\"https:\\\/\\\/ubirataonline.com.br\\\/idoso-acamado-e-assassinado-no-parana-por-interesse-no-patrimonio-conclui-policia\\\/\",\"name\":\"Idoso acamado \u00e9 assassinado no Paran\u00e1 por interesse no patrim\u00f4nio, conclui pol\u00edcia - Ubirat\u00e3 Online Not\u00edcias - A realidade ao seu alcance!\",\"isPartOf\":{\"@id\":\"https:\\\/\\\/ubirataonline.com.br\\\/#website\"},\"primaryImageOfPage\":{\"@id\":\"https:\\\/\\\/ubirataonline.com.br\\\/idoso-acamado-e-assassinado-no-parana-por-interesse-no-patrimonio-conclui-policia\\\/#primaryimage\"},\"image\":{\"@id\":\"https:\\\/\\\/ubirataonline.com.br\\\/idoso-acamado-e-assassinado-no-parana-por-interesse-no-patrimonio-conclui-policia\\\/#primaryimage\"},\"thumbnailUrl\":\"https:\\\/\\\/ubirataonline.com.br\\\/wp-content\\\/uploads\\\/2026\\\/09\\\/maaimg-post-169645-20260901-173157.webp\",\"datePublished\":\"2026-09-01T17:31:19+00:00\",\"description\":\"Um homem de 77 anos, Jos\u00e9 Teixeira da Silva, foi assassinado a tiros na madrugada do dia 22 de agosto na cidade de Bandeirantes, no norte do Paran\u00e1.\",\"breadcrumb\":{\"@id\":\"https:\\\/\\\/ubirataonline.com.br\\\/idoso-acamado-e-assassinado-no-parana-por-interesse-no-patrimonio-conclui-policia\\\/#breadcrumb\"},\"inLanguage\":\"en-US\",\"potentialAction\":[{\"@type\":\"ReadAction\",\"target\":[\"https:\\\/\\\/ubirataonline.com.br\\\/idoso-acamado-e-assassinado-no-parana-por-interesse-no-patrimonio-conclui-policia\\\/\"]}]},{\"@type\":\"ImageObject\",\"inLanguage\":\"en-US\",\"@id\":\"https:\\\/\\\/ubirataonline.com.br\\\/idoso-acamado-e-assassinado-no-parana-por-interesse-no-patrimonio-conclui-policia\\\/#primaryimage\",\"url\":\"https:\\\/\\\/ubirataonline.com.br\\\/wp-content\\\/uploads\\\/2026\\\/09\\\/maaimg-post-169645-20260901-173157.webp\",\"contentUrl\":\"https:\\\/\\\/ubirataonline.com.br\\\/wp-content\\\/uploads\\\/2026\\\/09\\\/maaimg-post-169645-20260901-173157.webp\",\"width\":1536,\"height\":1024,\"caption\":\"Imagem que representa idoso acamado \u00e9 assassinado por interesse no patrim\u00f4nio\"},{\"@type\":\"BreadcrumbList\",\"@id\":\"https:\\\/\\\/ubirataonline.com.br\\\/idoso-acamado-e-assassinado-no-parana-por-interesse-no-patrimonio-conclui-policia\\\/#breadcrumb\",\"itemListElement\":[{\"@type\":\"ListItem\",\"position\":1,\"name\":\"In\u00edcio\",\"item\":\"https:\\\/\\\/ubirataonline.com.br\\\/\"},{\"@type\":\"ListItem\",\"position\":2,\"name\":\"Idoso acamado \u00e9 assassinado no Paran\u00e1 por interesse no patrim\u00f4nio, conclui pol\u00edcia\"}]},{\"@type\":\"WebSite\",\"@id\":\"https:\\\/\\\/ubirataonline.com.br\\\/#website\",\"url\":\"https:\\\/\\\/ubirataonline.com.br\\\/\",\"name\":\"Ubirat\u00e3 Online Not\u00edcias\",\"description\":\"Not\u00edcias de Ubirat\u00e3, regi\u00e3o, Brasil e mundo, com informa\u00e7\u00e3o atualizada e compromisso com o leitor.\",\"publisher\":{\"@id\":\"https:\\\/\\\/ubirataonline.com.br\\\/#organization\"},\"alternateName\":\"Ubirat\u00e3 Online\",\"potentialAction\":[{\"@type\":\"SearchAction\",\"target\":{\"@type\":\"EntryPoint\",\"urlTemplate\":\"https:\\\/\\\/ubirataonline.com.br\\\/?s={search_term_string}\"},\"query-input\":{\"@type\":\"PropertyValueSpecification\",\"valueRequired\":true,\"valueName\":\"search_term_string\"}}],\"inLanguage\":\"en-US\"},{\"@type\":[\"Organization\",\"Place\"],\"@id\":\"https:\\\/\\\/ubirataonline.com.br\\\/#organization\",\"name\":\"Ubirat\u00e3 Online Not\u00edcias\",\"alternateName\":\"Ubirat\u00e3 Online\",\"url\":\"https:\\\/\\\/ubirataonline.com.br\\\/\",\"logo\":{\"@id\":\"https:\\\/\\\/ubirataonline.com.br\\\/idoso-acamado-e-assassinado-no-parana-por-interesse-no-patrimonio-conclui-policia\\\/#local-main-organization-logo\"},\"image\":{\"@id\":\"https:\\\/\\\/ubirataonline.com.br\\\/idoso-acamado-e-assassinado-no-parana-por-interesse-no-patrimonio-conclui-policia\\\/#local-main-organization-logo\"},\"sameAs\":[\"https:\\\/\\\/www.facebook.com\\\/portalubirataonline\",\"https:\\\/\\\/x.com\\\/ubirataonline\",\"https:\\\/\\\/mastodon.social\\\/@ubirataonline\",\"https:\\\/\\\/www.facebook.com\\\/groups\\\/311144672285604\",\"https:\\\/\\\/www.facebook.com\\\/UBTAOnline\",\"https:\\\/\\\/www.instagram.com\\\/portalubirataonline\\\/\",\"https:\\\/\\\/twitter.com\\\/ubirataonline\"],\"description\":\"Somos um portal de not\u00edcias independente, criado em 5 de janeiro de 2009, com o objetivo de informar, conectar e valorizar a nossa comunidade de Ubirat\u00e3 e toda aregi\u00e3o. Com conte\u00fado atualizado, confi\u00e1vel e relevante, o Ubirat\u00e3 Online \u00e9 o seu espa\u00e7o para ficar por dentro dos principais acontecimentos locais, regionais, Brasil, Mundo e de interesse geral. Nosso compromisso \u00e9 com a verdade, a transpar\u00eancia e o respeito ao leitor.\",\"legalName\":\"UBIRATA ONLINE NOT\u00cdCIAS\",\"foundingDate\":\"2009-01-05\",\"numberOfEmployees\":{\"@type\":\"QuantitativeValue\",\"minValue\":\"1\",\"maxValue\":\"10\"},\"publishingPrinciples\":\"https:\\\/\\\/ubirataonline.com.br\\\/faq\\\/\",\"address\":{\"@id\":\"https:\\\/\\\/ubirataonline.com.br\\\/idoso-acamado-e-assassinado-no-parana-por-interesse-no-patrimonio-conclui-policia\\\/#local-main-place-address\"},\"geo\":{\"@type\":\"GeoCoordinates\",\"latitude\":\"-24.5361401\",\"longitude\":\"-52.9921776\"},\"telephone\":[\"+5544998308235\"],\"contactPoint\":{\"@type\":\"ContactPoint\",\"email\":\"contato@ubirataonline.com.br\"},\"openingHoursSpecification\":{\"@type\":\"OpeningHoursSpecification\",\"dayOfWeek\":[\"Monday\",\"Tuesday\",\"Wednesday\",\"Thursday\",\"Friday\",\"Saturday\",\"Sunday\"],\"opens\":\"00:00\",\"closes\":\"23:59\"},\"email\":\"contato@ubirataonline.com.br\",\"vatID\":\"47.621.418\\\/0001-80\"},{\"@type\":\"Person\",\"@id\":\"https:\\\/\\\/ubirataonline.com.br\\\/#\\\/schema\\\/person\\\/372f87bbd3fdd79b8556b84c98d0bc1c\",\"name\":\"REDA\u00c7\u00c3O: UBIRAT\u00c3 ONLINE - F\u00c1BIO AUGUSTO CELESTINO\",\"pronouns\":\"Ele\",\"description\":\"Desde 2003 trabalhando com not\u00edcias.\",\"sameAs\":[\"http:\\\/\\\/ubirataoline.com.br\",\"https:\\\/\\\/www.facebook.com\\\/portalubirataonline\",\"https:\\\/\\\/www.instagram.com\\\/ubirataonline_oficial\",\"https:\\\/\\\/x.com\\\/x.com\\\/ubirataonline\"],\"honorificPrefix\":\"Mr.\",\"honorificSuffix\":\"MD\",\"birthDate\":\"1980-06-16\",\"gender\":\"masculino\",\"award\":[\"V\u00e1rios pr\u00eamios de melhor portal da cidade\"],\"jobTitle\":\"Diretor\",\"url\":\"https:\\\/\\\/ubirataonline.com.br\\\/en\\\/author\\\/ubirataonline\\\/\"},{\"@type\":\"PostalAddress\",\"@id\":\"https:\\\/\\\/ubirataonline.com.br\\\/idoso-acamado-e-assassinado-no-parana-por-interesse-no-patrimonio-conclui-policia\\\/#local-main-place-address\",\"streetAddress\":\"Rua dos Coqueiros, 104 - Bairro Boa Vista, Rua dos Coqueiros, 104 Bairro Boa Vista\",\"addressLocality\":\"UBIRATA\",\"postalCode\":\"85440-000\",\"addressRegion\":\"PR\",\"addressCountry\":\"BR\"},{\"@type\":\"ImageObject\",\"inLanguage\":\"en-US\",\"@id\":\"https:\\\/\\\/ubirataonline.com.br\\\/idoso-acamado-e-assassinado-no-parana-por-interesse-no-patrimonio-conclui-policia\\\/#local-main-organization-logo\",\"url\":\"https:\\\/\\\/ubirataonline.com.br\\\/wp-content\\\/uploads\\\/2026\\\/06\\\/logoubirataonline-1.webp\",\"contentUrl\":\"https:\\\/\\\/ubirataonline.com.br\\\/wp-content\\\/uploads\\\/2026\\\/06\\\/logoubirataonline-1.webp\",\"width\":500,\"height\":500,\"caption\":\"Ubirat\u00e3 Online Not\u00edcias\"}]}<\/script>\n<meta name=\"geo.placename\" content=\"UBIRATA\" \/>\n<meta name=\"geo.position\" content=\"-24.5361401;-52.9921776\" \/>\n<meta name=\"geo.region\" content=\"Brazil\" \/>\n<!-- \/ Yoast SEO Premium plugin. -->","yoast_head_json":{"title":"Idoso acamado \u00e9 assassinado no Paran\u00e1 por interesse no patrim\u00f4nio, conclui pol\u00edcia - Ubirat\u00e3 Online Not\u00edcias - A realidade ao seu alcance!","description":"Um homem de 77 anos, Jos\u00e9 Teixeira da Silva, foi assassinado a tiros na madrugada do dia 22 de agosto na cidade de Bandeirantes, no norte do Paran\u00e1.","robots":{"index":"index","follow":"follow","max-snippet":"max-snippet:-1","max-image-preview":"max-image-preview:large","max-video-preview":"max-video-preview:-1"},"canonical":"https:\/\/ubirataonline.com.br\/en\/idoso-acamado-e-assassinado-no-parana-por-interesse-no-patrimonio-conclui-policia\/","og_locale":"en_US","og_type":"article","og_title":"Idoso acamado \u00e9 assassinado no Paran\u00e1 por interesse no patrim\u00f4nio, conclui pol\u00edcia","og_description":"Um homem de 77 anos, Jos\u00e9 Teixeira da Silva, foi assassinado a tiros na madrugada do dia 22 de agosto na cidade de Bandeirantes, no norte do Paran\u00e1.","og_url":"https:\/\/ubirataonline.com.br\/en\/idoso-acamado-e-assassinado-no-parana-por-interesse-no-patrimonio-conclui-policia\/","og_site_name":"Ubirat\u00e3 Online Not\u00edcias - A realidade ao seu alcance!","article_publisher":"https:\/\/www.facebook.com\/portalubirataonline","article_author":"https:\/\/www.facebook.com\/portalubirataonline","article_published_time":"2026-09-01T17:31:19+00:00","og_image":[{"width":1531,"height":418,"url":"https:\/\/ubirataonline.com.br\/wp-content\/uploads\/2026\/05\/logo2026.webp","type":"image\/webp"}],"author":"REDA\u00c7\u00c3O: UBIRAT\u00c3 ONLINE - F\u00c1BIO AUGUSTO CELESTINO","twitter_card":"summary_large_image","twitter_creator":"@x.com\/ubirataonline","twitter_site":"@ubirataonline","twitter_misc":{"Written by":"REDA\u00c7\u00c3O: UBIRAT\u00c3 ONLINE - F\u00c1BIO AUGUSTO CELESTINO","Est. reading time":"2 minutes"},"schema":{"@context":"https:\/\/schema.org","@graph":[{"@type":"NewsArticle","@id":"https:\/\/ubirataonline.com.br\/idoso-acamado-e-assassinado-no-parana-por-interesse-no-patrimonio-conclui-policia\/#article","isPartOf":{"@id":"https:\/\/ubirataonline.com.br\/idoso-acamado-e-assassinado-no-parana-por-interesse-no-patrimonio-conclui-policia\/"},"author":{"name":"REDA\u00c7\u00c3O: UBIRAT\u00c3 ONLINE - F\u00c1BIO AUGUSTO CELESTINO","@id":"https:\/\/ubirataonline.com.br\/#\/schema\/person\/372f87bbd3fdd79b8556b84c98d0bc1c"},"headline":"Idoso acamado \u00e9 assassinado no Paran\u00e1 por interesse no patrim\u00f4nio, conclui pol\u00edcia","datePublished":"2026-09-01T17:31:19+00:00","mainEntityOfPage":{"@id":"https:\/\/ubirataonline.com.br\/idoso-acamado-e-assassinado-no-parana-por-interesse-no-patrimonio-conclui-policia\/"},"wordCount":436,"publisher":{"@id":"https:\/\/ubirataonline.com.br\/#organization"},"image":{"@id":"https:\/\/ubirataonline.com.br\/idoso-acamado-e-assassinado-no-parana-por-interesse-no-patrimonio-conclui-policia\/#primaryimage"},"thumbnailUrl":"https:\/\/ubirataonline.com.br\/wp-content\/uploads\/2026\/09\/maaimg-post-169645-20260901-173157.webp","articleSection":["Brasil"],"inLanguage":"en-US","copyrightYear":"2026","copyrightHolder":{"@id":"https:\/\/ubirataonline.com.br\/en\/#organization"}},{"@type":"WebPage","@id":"https:\/\/ubirataonline.com.br\/idoso-acamado-e-assassinado-no-parana-por-interesse-no-patrimonio-conclui-policia\/","url":"https:\/\/ubirataonline.com.br\/idoso-acamado-e-assassinado-no-parana-por-interesse-no-patrimonio-conclui-policia\/","name":"Idoso acamado \u00e9 assassinado no Paran\u00e1 por interesse no patrim\u00f4nio, conclui pol\u00edcia - Ubirat\u00e3 Online Not\u00edcias - A realidade ao seu alcance!","isPartOf":{"@id":"https:\/\/ubirataonline.com.br\/#website"},"primaryImageOfPage":{"@id":"https:\/\/ubirataonline.com.br\/idoso-acamado-e-assassinado-no-parana-por-interesse-no-patrimonio-conclui-policia\/#primaryimage"},"image":{"@id":"https:\/\/ubirataonline.com.br\/idoso-acamado-e-assassinado-no-parana-por-interesse-no-patrimonio-conclui-policia\/#primaryimage"},"thumbnailUrl":"https:\/\/ubirataonline.com.br\/wp-content\/uploads\/2026\/09\/maaimg-post-169645-20260901-173157.webp","datePublished":"2026-09-01T17:31:19+00:00","description":"Um homem de 77 anos, Jos\u00e9 Teixeira da Silva, foi assassinado a tiros na madrugada do dia 22 de agosto na cidade de Bandeirantes, no norte do Paran\u00e1.","breadcrumb":{"@id":"https:\/\/ubirataonline.com.br\/idoso-acamado-e-assassinado-no-parana-por-interesse-no-patrimonio-conclui-policia\/#breadcrumb"},"inLanguage":"en-US","potentialAction":[{"@type":"ReadAction","target":["https:\/\/ubirataonline.com.br\/idoso-acamado-e-assassinado-no-parana-por-interesse-no-patrimonio-conclui-policia\/"]}]},{"@type":"ImageObject","inLanguage":"en-US","@id":"https:\/\/ubirataonline.com.br\/idoso-acamado-e-assassinado-no-parana-por-interesse-no-patrimonio-conclui-policia\/#primaryimage","url":"https:\/\/ubirataonline.com.br\/wp-content\/uploads\/2026\/09\/maaimg-post-169645-20260901-173157.webp","contentUrl":"https:\/\/ubirataonline.com.br\/wp-content\/uploads\/2026\/09\/maaimg-post-169645-20260901-173157.webp","width":1536,"height":1024,"caption":"Imagem que representa idoso acamado \u00e9 assassinado por interesse no patrim\u00f4nio"},{"@type":"BreadcrumbList","@id":"https:\/\/ubirataonline.com.br\/idoso-acamado-e-assassinado-no-parana-por-interesse-no-patrimonio-conclui-policia\/#breadcrumb","itemListElement":[{"@type":"ListItem","position":1,"name":"In\u00edcio","item":"https:\/\/ubirataonline.com.br\/"},{"@type":"ListItem","position":2,"name":"Idoso acamado \u00e9 assassinado no Paran\u00e1 por interesse no patrim\u00f4nio, conclui pol\u00edcia"}]},{"@type":"WebSite","@id":"https:\/\/ubirataonline.com.br\/#website","url":"https:\/\/ubirataonline.com.br\/","name":"Ubirat\u00e3 Online Not\u00edcias","description":"Not\u00edcias de Ubirat\u00e3, regi\u00e3o, Brasil e mundo, com informa\u00e7\u00e3o atualizada e compromisso com o leitor.","publisher":{"@id":"https:\/\/ubirataonline.com.br\/#organization"},"alternateName":"Ubirat\u00e3 Online","potentialAction":[{"@type":"SearchAction","target":{"@type":"EntryPoint","urlTemplate":"https:\/\/ubirataonline.com.br\/?s={search_term_string}"},"query-input":{"@type":"PropertyValueSpecification","valueRequired":true,"valueName":"search_term_string"}}],"inLanguage":"en-US"},{"@type":["Organization","Place"],"@id":"https:\/\/ubirataonline.com.br\/#organization","name":"Ubirat\u00e3 Online Not\u00edcias","alternateName":"Ubirat\u00e3 Online","url":"https:\/\/ubirataonline.com.br\/","logo":{"@id":"https:\/\/ubirataonline.com.br\/idoso-acamado-e-assassinado-no-parana-por-interesse-no-patrimonio-conclui-policia\/#local-main-organization-logo"},"image":{"@id":"https:\/\/ubirataonline.com.br\/idoso-acamado-e-assassinado-no-parana-por-interesse-no-patrimonio-conclui-policia\/#local-main-organization-logo"},"sameAs":["https:\/\/www.facebook.com\/portalubirataonline","https:\/\/x.com\/ubirataonline","https:\/\/mastodon.social\/@ubirataonline","https:\/\/www.facebook.com\/groups\/311144672285604","https:\/\/www.facebook.com\/UBTAOnline","https:\/\/www.instagram.com\/portalubirataonline\/","https:\/\/twitter.com\/ubirataonline"],"description":"Somos um portal de not\u00edcias independente, criado em 5 de janeiro de 2009, com o objetivo de informar, conectar e valorizar a nossa comunidade de Ubirat\u00e3 e toda aregi\u00e3o. Com conte\u00fado atualizado, confi\u00e1vel e relevante, o Ubirat\u00e3 Online \u00e9 o seu espa\u00e7o para ficar por dentro dos principais acontecimentos locais, regionais, Brasil, Mundo e de interesse geral. Nosso compromisso \u00e9 com a verdade, a transpar\u00eancia e o respeito ao leitor.","legalName":"UBIRATA ONLINE NOT\u00cdCIAS","foundingDate":"2009-01-05","numberOfEmployees":{"@type":"QuantitativeValue","minValue":"1","maxValue":"10"},"publishingPrinciples":"https:\/\/ubirataonline.com.br\/faq\/","address":{"@id":"https:\/\/ubirataonline.com.br\/idoso-acamado-e-assassinado-no-parana-por-interesse-no-patrimonio-conclui-policia\/#local-main-place-address"},"geo":{"@type":"GeoCoordinates","latitude":"-24.5361401","longitude":"-52.9921776"},"telephone":["+5544998308235"],"contactPoint":{"@type":"ContactPoint","email":"contato@ubirataonline.com.br"},"openingHoursSpecification":{"@type":"OpeningHoursSpecification","dayOfWeek":["Monday","Tuesday","Wednesday","Thursday","Friday","Saturday","Sunday"],"opens":"00:00","closes":"23:59"},"email":"contato@ubirataonline.com.br","vatID":"47.621.418\/0001-80"},{"@type":"Person","@id":"https:\/\/ubirataonline.com.br\/#\/schema\/person\/372f87bbd3fdd79b8556b84c98d0bc1c","name":"REDA\u00c7\u00c3O: UBIRAT\u00c3 ONLINE - F\u00c1BIO AUGUSTO CELESTINO","pronouns":"Ele","description":"Desde 2003 trabalhando com not\u00edcias.","sameAs":["http:\/\/ubirataoline.com.br","https:\/\/www.facebook.com\/portalubirataonline","https:\/\/www.instagram.com\/ubirataonline_oficial","https:\/\/x.com\/x.com\/ubirataonline"],"honorificPrefix":"Mr.","honorificSuffix":"MD","birthDate":"1980-06-16","gender":"masculino","award":["V\u00e1rios pr\u00eamios de melhor portal da cidade"],"jobTitle":"Diretor","url":"https:\/\/ubirataonline.com.br\/en\/author\/ubirataonline\/"},{"@type":"PostalAddress","@id":"https:\/\/ubirataonline.com.br\/idoso-acamado-e-assassinado-no-parana-por-interesse-no-patrimonio-conclui-policia\/#local-main-place-address","streetAddress":"Rua dos Coqueiros, 104 - Bairro Boa Vista, Rua dos Coqueiros, 104 Bairro Boa Vista","addressLocality":"UBIRATA","postalCode":"85440-000","addressRegion":"PR","addressCountry":"BR"},{"@type":"ImageObject","inLanguage":"en-US","@id":"https:\/\/ubirataonline.com.br\/idoso-acamado-e-assassinado-no-parana-por-interesse-no-patrimonio-conclui-policia\/#local-main-organization-logo","url":"https:\/\/ubirataonline.com.br\/wp-content\/uploads\/2026\/06\/logoubirataonline-1.webp","contentUrl":"https:\/\/ubirataonline.com.br\/wp-content\/uploads\/2026\/06\/logoubirataonline-1.webp","width":500,"height":500,"caption":"Ubirat\u00e3 Online Not\u00edcias"}]},"geo.placename":"UBIRATA","geo.position":{"lat":"-24.5361401","long":"-52.9921776"},"geo.region":"Brazil"},"_links":{"self":[{"href":"https:\/\/ubirataonline.com.br\/en\/wp-json\/wp\/v2\/posts\/169645","targetHints":{"allow":["GET"]}}],"collection":[{"href":"https:\/\/ubirataonline.com.br\/en\/wp-json\/wp\/v2\/posts"}],"about":[{"href":"https:\/\/ubirataonline.com.br\/en\/wp-json\/wp\/v2\/types\/post"}],"author":[{"embeddable":true,"href":"https:\/\/ubirataonline.com.br\/en\/wp-json\/wp\/v2\/users\/1"}],"replies":[{"embeddable":true,"href":"https:\/\/ubirataonline.com.br\/en\/wp-json\/wp\/v2\/comments?post=169645"}],"version-history":[{"count":0,"href":"https:\/\/ubirataonline.com.br\/en\/wp-json\/wp\/v2\/posts\/169645\/revisions"}],"wp:featuredmedia":[{"embeddable":true,"href":"https:\/\/ubirataonline.com.br\/en\/wp-json\/wp\/v2\/media\/169646"}],"wp:attachment":[{"href":"https:\/\/ubirataonline.com.br\/en\/wp-json\/wp\/v2\/media?parent=169645"}],"wp:term":[{"taxonomy":"category","embeddable":true,"href":"https:\/\/ubirataonline.com.br\/en\/wp-json\/wp\/v2\/categories?post=169645"},{"taxonomy":"post_tag","embeddable":true,"href":"https:\/\/ubirataonline.com.br\/en\/wp-json\/wp\/v2\/tags?post=169645"}],"curies":[{"name":"wp","href":"https:\/\/api.w.org\/{rel}","templated":true}]}}