{"id":169688,"date":"2026-09-01T17:44:15","date_gmt":"2026-09-01T20:44:15","guid":{"rendered":"https:\/\/ubirataonline.com.br\/ministerio-publico-do-parana-denuncia-por-estupro-de-vulneravel-homem-que-abusou-sexualmente-de-crianca-de-sete-anos-de-idade-em-sao-mateus-do-sul\/"},"modified":"2026-09-01T17:44:17","modified_gmt":"2026-09-01T20:44:17","slug":"ministerio-publico-do-parana-denuncia-por-estupro-de-vulneravel-homem-que-abusou-sexualmente-de-crianca-de-sete-anos-de-idade-em-sao-mateus-do-sul","status":"publish","type":"post","link":"https:\/\/ubirataonline.com.br\/en\/ministerio-publico-do-parana-denuncia-por-estupro-de-vulneravel-homem-que-abusou-sexualmente-de-crianca-de-sete-anos-de-idade-em-sao-mateus-do-sul\/","title":{"rendered":"Minist\u00e9rio P\u00fablico do Paran\u00e1 denuncia por estupro de vulner\u00e1vel homem que abusou sexualmente de crian\u00e7a de sete anos de idade em S\u00e3o Mateus do Sul"},"content":{"rendered":"<p><\/p>\n<div>\n<p>Em S\u00e3o Mateus do Sul, no Sul do estado, o Minist\u00e9rio P\u00fablico do Paran\u00e1 denunciou pelo crime de estupro de vulner\u00e1vel um homem de 62 anos que teria praticado atos libidinosos diversos da conjun\u00e7\u00e3o carnal com uma crian\u00e7a de sete anos de idade. O crime foi praticado na \u00faltima segunda-feira, 24 de agosto, e ele foi preso em flagrante. A den\u00fancia foi oferecida nesta quinta-feira, 27 de agosto, pela 2\u00aa Promotoria de Justi\u00e7a de S\u00e3o Mateus do Sul.<\/p>\n<p class=\"text-align-center\"><strong><a href=\"https:\/\/apps.mppr.mp.br\/audios\/play\/f886098b8e4d4478adc4108cc0724d80\" target=\"_blank\">\u00c1udio do promotor de Justi\u00e7a Antonio Basso Filho<\/a><\/strong><\/p>\n<p>De acordo com as apura\u00e7\u00f5es do caso, valendo-se da rela\u00e7\u00e3o de confian\u00e7a que possu\u00eda com a m\u00e3e da v\u00edtima, que recentemente havia come\u00e7ado a trabalhar com ele em atividades de reciclagem de materiais e acreditava no comportamento supostamente religioso do denunciado, este teria atra\u00eddo a crian\u00e7a para o interior de uma resid\u00eancia sob o pretexto de que realizaria rituais de \u201cbenzedura\u201d. Ele teria ent\u00e3o praticado os atos criminosos, que somente cessaram porque a filha do denunciado chegou ao local.<\/p>\n<p>Al\u00e9m da condena\u00e7\u00e3o criminal, o Minist\u00e9rio P\u00fablico pleiteia o pagamento de indeniza\u00e7\u00e3o \u00e0 v\u00edtima em valor m\u00ednimo de R$ 20 mil. A pedido do MPPR, o homem teve a pris\u00e3o em flagrante convertida em preventiva e responder\u00e1 ao processo preso.<\/p>\n<p>Processo 0003043-27.2026.8.16.0158 (sob sigilo)<\/p>\n<p><em>Assessoria de Comunica\u00e7\u00e3o<br \/><a href=\"https:\/\/mppr.mp.br\/cdn-cgi\/l\/email-protection\" class=\"__cf_email__\" data-cfemail=\"71121e1c041f18121012101e311c0101035f1c015f1303\">[email\u00a0protected]<\/a><br \/>(41) 3250-4264<\/em><\/p>\n<\/div>\n<p><a href=\"https:\/\/ubirataonline.com.br\/noticias\/\" target=\"_blank\" rel=\"noopener noreferrer\">Mais Not\u00edcias<\/a><\/p>\n<p><a href=\"https:\/\/ubirataonline.com.br\" target=\"_blank\" rel=\"noopener noreferrer\">Home Page &#8211; In\u00edcio<\/a><\/p>\n<p><a href=\"https:\/\/mppr.mp.br\/Noticia\/Ministerio-Publico-do-Parana-denuncia-por-estupro-de-vulneravel-homem-que-abusou-0\">Source link <\/a><br \/>\nSee more: <a href=\"https:\/\/theglobaltrack.com\/\" target=\"_blank\" rel=\"noopener noreferrer\">The Global Track<\/a><\/p>\n<p><a href=\"https:\/\/corinthiames.com.br\/\" target=\"_blank\" rel=\"noopener noreferrer\">Corinthia Mes<\/a><\/p>\n","protected":false},"excerpt":{"rendered":"<p>Em S\u00e3o Mateus do Sul, no Sul do estado, o Minist\u00e9rio P\u00fablico do Paran\u00e1 denunciou pelo crime de estupro de vulner\u00e1vel um homem de 62 anos que teria praticado atos libidinosos diversos da conjun\u00e7\u00e3o carnal com uma crian\u00e7a de sete anos de idade. O crime foi praticado na \u00faltima segunda-feira, 24 de agosto, e ele [&hellip;]<\/p>\n","protected":false},"author":1,"featured_media":169689,"comment_status":"closed","ping_status":"","sticky":false,"template":"","format":"standard","meta":{"googlesitekit_rrm_CAow2JLhCw:productID":"","_gspb_post_css":"","maa_idioma":"","maa_pais":"","footnotes":""},"categories":[4],"tags":[44756,3141,236,233,99,105,5994,19447,3438,90,3211,3439,3262,4984,24084,4199,5996],"class_list":["post-169688","post","type-post","status-publish","format-standard","has-post-thumbnail","hentry","category-brasil","tag-abusou","tag-anos","tag-crianca","tag-denuncia","tag-estupro","tag-homem","tag-idade","tag-mateus","tag-ministerio","tag-parana","tag-por","tag-publico","tag-sao","tag-sete","tag-sexualmente","tag-sul","tag-vulneravel"],"blocksy_meta":[],"yoast_head":"<!-- This site is optimized with the Yoast SEO Premium plugin v27.6 (Yoast SEO v27.6) - https:\/\/yoast.com\/product\/yoast-seo-premium-wordpress\/ -->\n<title>Minist\u00e9rio P\u00fablico do Paran\u00e1 denuncia por estupro de vulner\u00e1vel homem que abusou sexualmente de crian\u00e7a de sete anos de idade em S\u00e3o Mateus do Sul - Ubirat\u00e3 Online Not\u00edcias - A realidade ao seu alcance!<\/title>\n<meta name=\"description\" content=\"Em S\u00e3o Mateus do Sul, no Sul do estado, o Minist\u00e9rio P\u00fablico do Paran\u00e1 denunciou pelo crime de estupro de vulner\u00e1vel um homem de 62 anos que teria praticado atos libidinosos diversos da conjun\u00e7\u00e3o carnal com uma crian\u00e7a de sete anos de idade\" \/>\n<meta name=\"robots\" content=\"index, follow, max-snippet:-1, max-image-preview:large, max-video-preview:-1\" \/>\n<link rel=\"canonical\" href=\"https:\/\/ubirataonline.com.br\/en\/ministerio-publico-do-parana-denuncia-por-estupro-de-vulneravel-homem-que-abusou-sexualmente-de-crianca-de-sete-anos-de-idade-em-sao-mateus-do-sul\/\" \/>\n<meta property=\"og:locale\" content=\"en_US\" \/>\n<meta property=\"og:type\" content=\"article\" \/>\n<meta property=\"og:title\" content=\"Minist\u00e9rio P\u00fablico do Paran\u00e1 denuncia por estupro de vulner\u00e1vel homem que abusou sexualmente de crian\u00e7a de sete anos de idade em S\u00e3o Mateus do Sul\" \/>\n<meta property=\"og:description\" content=\"Em S\u00e3o Mateus do Sul, no Sul do estado, o Minist\u00e9rio P\u00fablico do Paran\u00e1 denunciou pelo crime de estupro de vulner\u00e1vel um homem de 62 anos que teria praticado atos libidinosos diversos da conjun\u00e7\u00e3o carnal com uma crian\u00e7a de sete anos de idade\" \/>\n<meta property=\"og:url\" content=\"https:\/\/ubirataonline.com.br\/en\/ministerio-publico-do-parana-denuncia-por-estupro-de-vulneravel-homem-que-abusou-sexualmente-de-crianca-de-sete-anos-de-idade-em-sao-mateus-do-sul\/\" \/>\n<meta property=\"og:site_name\" content=\"Ubirat\u00e3 Online Not\u00edcias - A realidade ao seu alcance!\" \/>\n<meta property=\"article:publisher\" content=\"https:\/\/www.facebook.com\/portalubirataonline\" \/>\n<meta property=\"article:author\" content=\"https:\/\/www.facebook.com\/portalubirataonline\" \/>\n<meta property=\"article:published_time\" content=\"2026-09-01T20:44:15+00:00\" \/>\n<meta property=\"article:modified_time\" content=\"2026-09-01T20:44:17+00:00\" \/>\n<meta property=\"og:image\" content=\"https:\/\/ubirataonline.com.br\/wp-content\/uploads\/2026\/09\/Ministerio-Publico-do-Parana-denuncia-por-estupro-de-vulneravel-homem.png\" \/>\n\t<meta property=\"og:image:width\" content=\"240\" \/>\n\t<meta property=\"og:image:height\" content=\"240\" \/>\n\t<meta property=\"og:image:type\" content=\"image\/png\" \/>\n<meta name=\"author\" content=\"REDA\u00c7\u00c3O: UBIRAT\u00c3 ONLINE - F\u00c1BIO AUGUSTO CELESTINO\" \/>\n<meta name=\"twitter:card\" content=\"summary_large_image\" \/>\n<meta name=\"twitter:creator\" content=\"@x.com\/ubirataonline\" \/>\n<meta name=\"twitter:site\" content=\"@ubirataonline\" \/>\n<meta name=\"twitter:label1\" content=\"Written by\" \/>\n\t<meta name=\"twitter:data1\" content=\"REDA\u00c7\u00c3O: UBIRAT\u00c3 ONLINE - F\u00c1BIO AUGUSTO CELESTINO\" \/>\n\t<meta name=\"twitter:label2\" content=\"Est. reading time\" \/>\n\t<meta name=\"twitter:data2\" content=\"1 minute\" \/>\n<script type=\"application\/ld+json\" class=\"yoast-schema-graph\">{\"@context\":\"https:\\\/\\\/schema.org\",\"@graph\":[{\"@type\":\"NewsArticle\",\"@id\":\"https:\\\/\\\/ubirataonline.com.br\\\/ministerio-publico-do-parana-denuncia-por-estupro-de-vulneravel-homem-que-abusou-sexualmente-de-crianca-de-sete-anos-de-idade-em-sao-mateus-do-sul\\\/#article\",\"isPartOf\":{\"@id\":\"https:\\\/\\\/ubirataonline.com.br\\\/ministerio-publico-do-parana-denuncia-por-estupro-de-vulneravel-homem-que-abusou-sexualmente-de-crianca-de-sete-anos-de-idade-em-sao-mateus-do-sul\\\/\"},\"author\":{\"name\":\"REDA\u00c7\u00c3O: UBIRAT\u00c3 ONLINE - F\u00c1BIO AUGUSTO CELESTINO\",\"@id\":\"https:\\\/\\\/ubirataonline.com.br\\\/#\\\/schema\\\/person\\\/372f87bbd3fdd79b8556b84c98d0bc1c\"},\"headline\":\"Minist\u00e9rio P\u00fablico do Paran\u00e1 denuncia por estupro de vulner\u00e1vel homem que abusou sexualmente de crian\u00e7a de sete anos de idade em S\u00e3o Mateus do Sul\",\"datePublished\":\"2026-09-01T20:44:15+00:00\",\"dateModified\":\"2026-09-01T20:44:17+00:00\",\"mainEntityOfPage\":{\"@id\":\"https:\\\/\\\/ubirataonline.com.br\\\/ministerio-publico-do-parana-denuncia-por-estupro-de-vulneravel-homem-que-abusou-sexualmente-de-crianca-de-sete-anos-de-idade-em-sao-mateus-do-sul\\\/\"},\"wordCount\":286,\"publisher\":{\"@id\":\"https:\\\/\\\/ubirataonline.com.br\\\/#organization\"},\"image\":{\"@id\":\"https:\\\/\\\/ubirataonline.com.br\\\/ministerio-publico-do-parana-denuncia-por-estupro-de-vulneravel-homem-que-abusou-sexualmente-de-crianca-de-sete-anos-de-idade-em-sao-mateus-do-sul\\\/#primaryimage\"},\"thumbnailUrl\":\"https:\\\/\\\/ubirataonline.com.br\\\/wp-content\\\/uploads\\\/2026\\\/09\\\/Ministerio-Publico-do-Parana-denuncia-por-estupro-de-vulneravel-homem.png\",\"keywords\":[\"abusou\",\"anos\",\"crian\u00e7a\",\"Den\u00fancia\",\"estupro\",\"homem\",\"idade\",\"Mateus\",\"Minist\u00e9rio\",\"paran\u00e1\",\"por\",\"P\u00fablico\",\"S\u00e3o\",\"sete\",\"sexualmente\",\"Sul\",\"vulner\u00e1vel\"],\"articleSection\":[\"Brasil\"],\"inLanguage\":\"en-US\",\"copyrightYear\":\"2026\",\"copyrightHolder\":{\"@id\":\"https:\\\/\\\/ubirataonline.com.br\\\/en\\\/#organization\"}},{\"@type\":\"WebPage\",\"@id\":\"https:\\\/\\\/ubirataonline.com.br\\\/ministerio-publico-do-parana-denuncia-por-estupro-de-vulneravel-homem-que-abusou-sexualmente-de-crianca-de-sete-anos-de-idade-em-sao-mateus-do-sul\\\/\",\"url\":\"https:\\\/\\\/ubirataonline.com.br\\\/ministerio-publico-do-parana-denuncia-por-estupro-de-vulneravel-homem-que-abusou-sexualmente-de-crianca-de-sete-anos-de-idade-em-sao-mateus-do-sul\\\/\",\"name\":\"Minist\u00e9rio P\u00fablico do Paran\u00e1 denuncia por estupro de vulner\u00e1vel homem que abusou sexualmente de crian\u00e7a de sete anos de idade em S\u00e3o Mateus do Sul - Ubirat\u00e3 Online Not\u00edcias - A realidade ao seu alcance!\",\"isPartOf\":{\"@id\":\"https:\\\/\\\/ubirataonline.com.br\\\/#website\"},\"primaryImageOfPage\":{\"@id\":\"https:\\\/\\\/ubirataonline.com.br\\\/ministerio-publico-do-parana-denuncia-por-estupro-de-vulneravel-homem-que-abusou-sexualmente-de-crianca-de-sete-anos-de-idade-em-sao-mateus-do-sul\\\/#primaryimage\"},\"image\":{\"@id\":\"https:\\\/\\\/ubirataonline.com.br\\\/ministerio-publico-do-parana-denuncia-por-estupro-de-vulneravel-homem-que-abusou-sexualmente-de-crianca-de-sete-anos-de-idade-em-sao-mateus-do-sul\\\/#primaryimage\"},\"thumbnailUrl\":\"https:\\\/\\\/ubirataonline.com.br\\\/wp-content\\\/uploads\\\/2026\\\/09\\\/Ministerio-Publico-do-Parana-denuncia-por-estupro-de-vulneravel-homem.png\",\"datePublished\":\"2026-09-01T20:44:15+00:00\",\"dateModified\":\"2026-09-01T20:44:17+00:00\",\"description\":\"Em S\u00e3o Mateus do Sul, no Sul do estado, o Minist\u00e9rio P\u00fablico do Paran\u00e1 denunciou pelo crime de estupro de vulner\u00e1vel um homem de 62 anos que teria praticado atos libidinosos diversos da conjun\u00e7\u00e3o carnal com uma crian\u00e7a de sete anos de idade\",\"breadcrumb\":{\"@id\":\"https:\\\/\\\/ubirataonline.com.br\\\/ministerio-publico-do-parana-denuncia-por-estupro-de-vulneravel-homem-que-abusou-sexualmente-de-crianca-de-sete-anos-de-idade-em-sao-mateus-do-sul\\\/#breadcrumb\"},\"inLanguage\":\"en-US\",\"potentialAction\":[{\"@type\":\"ReadAction\",\"target\":[\"https:\\\/\\\/ubirataonline.com.br\\\/ministerio-publico-do-parana-denuncia-por-estupro-de-vulneravel-homem-que-abusou-sexualmente-de-crianca-de-sete-anos-de-idade-em-sao-mateus-do-sul\\\/\"]}]},{\"@type\":\"ImageObject\",\"inLanguage\":\"en-US\",\"@id\":\"https:\\\/\\\/ubirataonline.com.br\\\/ministerio-publico-do-parana-denuncia-por-estupro-de-vulneravel-homem-que-abusou-sexualmente-de-crianca-de-sete-anos-de-idade-em-sao-mateus-do-sul\\\/#primaryimage\",\"url\":\"https:\\\/\\\/ubirataonline.com.br\\\/wp-content\\\/uploads\\\/2026\\\/09\\\/Ministerio-Publico-do-Parana-denuncia-por-estupro-de-vulneravel-homem.png\",\"contentUrl\":\"https:\\\/\\\/ubirataonline.com.br\\\/wp-content\\\/uploads\\\/2026\\\/09\\\/Ministerio-Publico-do-Parana-denuncia-por-estupro-de-vulneravel-homem.png\",\"width\":240,\"height\":240,\"caption\":\"Minist\u00e9rio P\u00fablico do Paran\u00e1 denuncia por estupro de vulner\u00e1vel homem que abusou sexualmente de crian\u00e7a de sete anos de idade em S\u00e3o Mateus do Sul\"},{\"@type\":\"BreadcrumbList\",\"@id\":\"https:\\\/\\\/ubirataonline.com.br\\\/ministerio-publico-do-parana-denuncia-por-estupro-de-vulneravel-homem-que-abusou-sexualmente-de-crianca-de-sete-anos-de-idade-em-sao-mateus-do-sul\\\/#breadcrumb\",\"itemListElement\":[{\"@type\":\"ListItem\",\"position\":1,\"name\":\"In\u00edcio\",\"item\":\"https:\\\/\\\/ubirataonline.com.br\\\/\"},{\"@type\":\"ListItem\",\"position\":2,\"name\":\"Minist\u00e9rio P\u00fablico do Paran\u00e1 denuncia por estupro de vulner\u00e1vel homem que abusou sexualmente de crian\u00e7a de sete anos de idade em S\u00e3o Mateus do Sul\"}]},{\"@type\":\"WebSite\",\"@id\":\"https:\\\/\\\/ubirataonline.com.br\\\/#website\",\"url\":\"https:\\\/\\\/ubirataonline.com.br\\\/\",\"name\":\"Ubirat\u00e3 Online Not\u00edcias\",\"description\":\"Not\u00edcias de Ubirat\u00e3, regi\u00e3o, Brasil e mundo, com informa\u00e7\u00e3o atualizada e compromisso com o leitor.\",\"publisher\":{\"@id\":\"https:\\\/\\\/ubirataonline.com.br\\\/#organization\"},\"alternateName\":\"Ubirat\u00e3 Online\",\"potentialAction\":[{\"@type\":\"SearchAction\",\"target\":{\"@type\":\"EntryPoint\",\"urlTemplate\":\"https:\\\/\\\/ubirataonline.com.br\\\/?s={search_term_string}\"},\"query-input\":{\"@type\":\"PropertyValueSpecification\",\"valueRequired\":true,\"valueName\":\"search_term_string\"}}],\"inLanguage\":\"en-US\"},{\"@type\":[\"Organization\",\"Place\"],\"@id\":\"https:\\\/\\\/ubirataonline.com.br\\\/#organization\",\"name\":\"Ubirat\u00e3 Online Not\u00edcias\",\"alternateName\":\"Ubirat\u00e3 Online\",\"url\":\"https:\\\/\\\/ubirataonline.com.br\\\/\",\"logo\":{\"@id\":\"https:\\\/\\\/ubirataonline.com.br\\\/ministerio-publico-do-parana-denuncia-por-estupro-de-vulneravel-homem-que-abusou-sexualmente-de-crianca-de-sete-anos-de-idade-em-sao-mateus-do-sul\\\/#local-main-organization-logo\"},\"image\":{\"@id\":\"https:\\\/\\\/ubirataonline.com.br\\\/ministerio-publico-do-parana-denuncia-por-estupro-de-vulneravel-homem-que-abusou-sexualmente-de-crianca-de-sete-anos-de-idade-em-sao-mateus-do-sul\\\/#local-main-organization-logo\"},\"sameAs\":[\"https:\\\/\\\/www.facebook.com\\\/portalubirataonline\",\"https:\\\/\\\/x.com\\\/ubirataonline\",\"https:\\\/\\\/mastodon.social\\\/@ubirataonline\",\"https:\\\/\\\/www.facebook.com\\\/groups\\\/311144672285604\",\"https:\\\/\\\/www.facebook.com\\\/UBTAOnline\",\"https:\\\/\\\/www.instagram.com\\\/portalubirataonline\\\/\",\"https:\\\/\\\/twitter.com\\\/ubirataonline\"],\"description\":\"Somos um portal de not\u00edcias independente, criado em 5 de janeiro de 2009, com o objetivo de informar, conectar e valorizar a nossa comunidade de Ubirat\u00e3 e toda aregi\u00e3o. Com conte\u00fado atualizado, confi\u00e1vel e relevante, o Ubirat\u00e3 Online \u00e9 o seu espa\u00e7o para ficar por dentro dos principais acontecimentos locais, regionais, Brasil, Mundo e de interesse geral. Nosso compromisso \u00e9 com a verdade, a transpar\u00eancia e o respeito ao leitor.\",\"legalName\":\"UBIRATA ONLINE NOT\u00cdCIAS\",\"foundingDate\":\"2009-01-05\",\"numberOfEmployees\":{\"@type\":\"QuantitativeValue\",\"minValue\":\"1\",\"maxValue\":\"10\"},\"publishingPrinciples\":\"https:\\\/\\\/ubirataonline.com.br\\\/faq\\\/\",\"address\":{\"@id\":\"https:\\\/\\\/ubirataonline.com.br\\\/ministerio-publico-do-parana-denuncia-por-estupro-de-vulneravel-homem-que-abusou-sexualmente-de-crianca-de-sete-anos-de-idade-em-sao-mateus-do-sul\\\/#local-main-place-address\"},\"geo\":{\"@type\":\"GeoCoordinates\",\"latitude\":\"-24.5361401\",\"longitude\":\"-52.9921776\"},\"telephone\":[\"+5544998308235\"],\"contactPoint\":{\"@type\":\"ContactPoint\",\"email\":\"contato@ubirataonline.com.br\"},\"openingHoursSpecification\":{\"@type\":\"OpeningHoursSpecification\",\"dayOfWeek\":[\"Monday\",\"Tuesday\",\"Wednesday\",\"Thursday\",\"Friday\",\"Saturday\",\"Sunday\"],\"opens\":\"00:00\",\"closes\":\"23:59\"},\"email\":\"contato@ubirataonline.com.br\",\"vatID\":\"47.621.418\\\/0001-80\"},{\"@type\":\"Person\",\"@id\":\"https:\\\/\\\/ubirataonline.com.br\\\/#\\\/schema\\\/person\\\/372f87bbd3fdd79b8556b84c98d0bc1c\",\"name\":\"REDA\u00c7\u00c3O: UBIRAT\u00c3 ONLINE - F\u00c1BIO AUGUSTO CELESTINO\",\"pronouns\":\"Ele\",\"description\":\"Desde 2003 trabalhando com not\u00edcias.\",\"sameAs\":[\"http:\\\/\\\/ubirataoline.com.br\",\"https:\\\/\\\/www.facebook.com\\\/portalubirataonline\",\"https:\\\/\\\/www.instagram.com\\\/ubirataonline_oficial\",\"https:\\\/\\\/x.com\\\/x.com\\\/ubirataonline\"],\"honorificPrefix\":\"Mr.\",\"honorificSuffix\":\"MD\",\"birthDate\":\"1980-06-16\",\"gender\":\"masculino\",\"award\":[\"V\u00e1rios pr\u00eamios de melhor portal da cidade\"],\"jobTitle\":\"Diretor\",\"url\":\"https:\\\/\\\/ubirataonline.com.br\\\/en\\\/author\\\/ubirataonline\\\/\"},{\"@type\":\"PostalAddress\",\"@id\":\"https:\\\/\\\/ubirataonline.com.br\\\/ministerio-publico-do-parana-denuncia-por-estupro-de-vulneravel-homem-que-abusou-sexualmente-de-crianca-de-sete-anos-de-idade-em-sao-mateus-do-sul\\\/#local-main-place-address\",\"streetAddress\":\"Rua dos Coqueiros, 104 - Bairro Boa Vista, Rua dos Coqueiros, 104 Bairro Boa Vista\",\"addressLocality\":\"UBIRATA\",\"postalCode\":\"85440-000\",\"addressRegion\":\"PR\",\"addressCountry\":\"BR\"},{\"@type\":\"ImageObject\",\"inLanguage\":\"en-US\",\"@id\":\"https:\\\/\\\/ubirataonline.com.br\\\/ministerio-publico-do-parana-denuncia-por-estupro-de-vulneravel-homem-que-abusou-sexualmente-de-crianca-de-sete-anos-de-idade-em-sao-mateus-do-sul\\\/#local-main-organization-logo\",\"url\":\"https:\\\/\\\/ubirataonline.com.br\\\/wp-content\\\/uploads\\\/2026\\\/06\\\/logoubirataonline-1.webp\",\"contentUrl\":\"https:\\\/\\\/ubirataonline.com.br\\\/wp-content\\\/uploads\\\/2026\\\/06\\\/logoubirataonline-1.webp\",\"width\":500,\"height\":500,\"caption\":\"Ubirat\u00e3 Online Not\u00edcias\"}]}<\/script>\n<meta name=\"geo.placename\" content=\"UBIRATA\" \/>\n<meta name=\"geo.position\" content=\"-24.5361401;-52.9921776\" \/>\n<meta name=\"geo.region\" content=\"Brazil\" \/>\n<!-- \/ Yoast SEO Premium plugin. -->","yoast_head_json":{"title":"Minist\u00e9rio P\u00fablico do Paran\u00e1 denuncia por estupro de vulner\u00e1vel homem que abusou sexualmente de crian\u00e7a de sete anos de idade em S\u00e3o Mateus do Sul - Ubirat\u00e3 Online Not\u00edcias - A realidade ao seu alcance!","description":"Em S\u00e3o Mateus do Sul, no Sul do estado, o Minist\u00e9rio P\u00fablico do Paran\u00e1 denunciou pelo crime de estupro de vulner\u00e1vel um homem de 62 anos que teria praticado atos libidinosos diversos da conjun\u00e7\u00e3o carnal com uma crian\u00e7a de sete anos de idade","robots":{"index":"index","follow":"follow","max-snippet":"max-snippet:-1","max-image-preview":"max-image-preview:large","max-video-preview":"max-video-preview:-1"},"canonical":"https:\/\/ubirataonline.com.br\/en\/ministerio-publico-do-parana-denuncia-por-estupro-de-vulneravel-homem-que-abusou-sexualmente-de-crianca-de-sete-anos-de-idade-em-sao-mateus-do-sul\/","og_locale":"en_US","og_type":"article","og_title":"Minist\u00e9rio P\u00fablico do Paran\u00e1 denuncia por estupro de vulner\u00e1vel homem que abusou sexualmente de crian\u00e7a de sete anos de idade em S\u00e3o Mateus do Sul","og_description":"Em S\u00e3o Mateus do Sul, no Sul do estado, o Minist\u00e9rio P\u00fablico do Paran\u00e1 denunciou pelo crime de estupro de vulner\u00e1vel um homem de 62 anos que teria praticado atos libidinosos diversos da conjun\u00e7\u00e3o carnal com uma crian\u00e7a de sete anos de idade","og_url":"https:\/\/ubirataonline.com.br\/en\/ministerio-publico-do-parana-denuncia-por-estupro-de-vulneravel-homem-que-abusou-sexualmente-de-crianca-de-sete-anos-de-idade-em-sao-mateus-do-sul\/","og_site_name":"Ubirat\u00e3 Online Not\u00edcias - A realidade ao seu alcance!","article_publisher":"https:\/\/www.facebook.com\/portalubirataonline","article_author":"https:\/\/www.facebook.com\/portalubirataonline","article_published_time":"2026-09-01T20:44:15+00:00","article_modified_time":"2026-09-01T20:44:17+00:00","og_image":[{"width":240,"height":240,"url":"https:\/\/ubirataonline.com.br\/wp-content\/uploads\/2026\/09\/Ministerio-Publico-do-Parana-denuncia-por-estupro-de-vulneravel-homem.png","type":"image\/png"}],"author":"REDA\u00c7\u00c3O: UBIRAT\u00c3 ONLINE - F\u00c1BIO AUGUSTO CELESTINO","twitter_card":"summary_large_image","twitter_creator":"@x.com\/ubirataonline","twitter_site":"@ubirataonline","twitter_misc":{"Written by":"REDA\u00c7\u00c3O: UBIRAT\u00c3 ONLINE - F\u00c1BIO AUGUSTO CELESTINO","Est. reading time":"1 minute"},"schema":{"@context":"https:\/\/schema.org","@graph":[{"@type":"NewsArticle","@id":"https:\/\/ubirataonline.com.br\/ministerio-publico-do-parana-denuncia-por-estupro-de-vulneravel-homem-que-abusou-sexualmente-de-crianca-de-sete-anos-de-idade-em-sao-mateus-do-sul\/#article","isPartOf":{"@id":"https:\/\/ubirataonline.com.br\/ministerio-publico-do-parana-denuncia-por-estupro-de-vulneravel-homem-que-abusou-sexualmente-de-crianca-de-sete-anos-de-idade-em-sao-mateus-do-sul\/"},"author":{"name":"REDA\u00c7\u00c3O: UBIRAT\u00c3 ONLINE - F\u00c1BIO AUGUSTO CELESTINO","@id":"https:\/\/ubirataonline.com.br\/#\/schema\/person\/372f87bbd3fdd79b8556b84c98d0bc1c"},"headline":"Minist\u00e9rio P\u00fablico do Paran\u00e1 denuncia por estupro de vulner\u00e1vel homem que abusou sexualmente de crian\u00e7a de sete anos de idade em S\u00e3o Mateus do Sul","datePublished":"2026-09-01T20:44:15+00:00","dateModified":"2026-09-01T20:44:17+00:00","mainEntityOfPage":{"@id":"https:\/\/ubirataonline.com.br\/ministerio-publico-do-parana-denuncia-por-estupro-de-vulneravel-homem-que-abusou-sexualmente-de-crianca-de-sete-anos-de-idade-em-sao-mateus-do-sul\/"},"wordCount":286,"publisher":{"@id":"https:\/\/ubirataonline.com.br\/#organization"},"image":{"@id":"https:\/\/ubirataonline.com.br\/ministerio-publico-do-parana-denuncia-por-estupro-de-vulneravel-homem-que-abusou-sexualmente-de-crianca-de-sete-anos-de-idade-em-sao-mateus-do-sul\/#primaryimage"},"thumbnailUrl":"https:\/\/ubirataonline.com.br\/wp-content\/uploads\/2026\/09\/Ministerio-Publico-do-Parana-denuncia-por-estupro-de-vulneravel-homem.png","keywords":["abusou","anos","crian\u00e7a","Den\u00fancia","estupro","homem","idade","Mateus","Minist\u00e9rio","paran\u00e1","por","P\u00fablico","S\u00e3o","sete","sexualmente","Sul","vulner\u00e1vel"],"articleSection":["Brasil"],"inLanguage":"en-US","copyrightYear":"2026","copyrightHolder":{"@id":"https:\/\/ubirataonline.com.br\/en\/#organization"}},{"@type":"WebPage","@id":"https:\/\/ubirataonline.com.br\/ministerio-publico-do-parana-denuncia-por-estupro-de-vulneravel-homem-que-abusou-sexualmente-de-crianca-de-sete-anos-de-idade-em-sao-mateus-do-sul\/","url":"https:\/\/ubirataonline.com.br\/ministerio-publico-do-parana-denuncia-por-estupro-de-vulneravel-homem-que-abusou-sexualmente-de-crianca-de-sete-anos-de-idade-em-sao-mateus-do-sul\/","name":"Minist\u00e9rio P\u00fablico do Paran\u00e1 denuncia por estupro de vulner\u00e1vel homem que abusou sexualmente de crian\u00e7a de sete anos de idade em S\u00e3o Mateus do Sul - Ubirat\u00e3 Online Not\u00edcias - A realidade ao seu alcance!","isPartOf":{"@id":"https:\/\/ubirataonline.com.br\/#website"},"primaryImageOfPage":{"@id":"https:\/\/ubirataonline.com.br\/ministerio-publico-do-parana-denuncia-por-estupro-de-vulneravel-homem-que-abusou-sexualmente-de-crianca-de-sete-anos-de-idade-em-sao-mateus-do-sul\/#primaryimage"},"image":{"@id":"https:\/\/ubirataonline.com.br\/ministerio-publico-do-parana-denuncia-por-estupro-de-vulneravel-homem-que-abusou-sexualmente-de-crianca-de-sete-anos-de-idade-em-sao-mateus-do-sul\/#primaryimage"},"thumbnailUrl":"https:\/\/ubirataonline.com.br\/wp-content\/uploads\/2026\/09\/Ministerio-Publico-do-Parana-denuncia-por-estupro-de-vulneravel-homem.png","datePublished":"2026-09-01T20:44:15+00:00","dateModified":"2026-09-01T20:44:17+00:00","description":"Em S\u00e3o Mateus do Sul, no Sul do estado, o Minist\u00e9rio P\u00fablico do Paran\u00e1 denunciou pelo crime de estupro de vulner\u00e1vel um homem de 62 anos que teria praticado atos libidinosos diversos da conjun\u00e7\u00e3o carnal com uma crian\u00e7a de sete anos de idade","breadcrumb":{"@id":"https:\/\/ubirataonline.com.br\/ministerio-publico-do-parana-denuncia-por-estupro-de-vulneravel-homem-que-abusou-sexualmente-de-crianca-de-sete-anos-de-idade-em-sao-mateus-do-sul\/#breadcrumb"},"inLanguage":"en-US","potentialAction":[{"@type":"ReadAction","target":["https:\/\/ubirataonline.com.br\/ministerio-publico-do-parana-denuncia-por-estupro-de-vulneravel-homem-que-abusou-sexualmente-de-crianca-de-sete-anos-de-idade-em-sao-mateus-do-sul\/"]}]},{"@type":"ImageObject","inLanguage":"en-US","@id":"https:\/\/ubirataonline.com.br\/ministerio-publico-do-parana-denuncia-por-estupro-de-vulneravel-homem-que-abusou-sexualmente-de-crianca-de-sete-anos-de-idade-em-sao-mateus-do-sul\/#primaryimage","url":"https:\/\/ubirataonline.com.br\/wp-content\/uploads\/2026\/09\/Ministerio-Publico-do-Parana-denuncia-por-estupro-de-vulneravel-homem.png","contentUrl":"https:\/\/ubirataonline.com.br\/wp-content\/uploads\/2026\/09\/Ministerio-Publico-do-Parana-denuncia-por-estupro-de-vulneravel-homem.png","width":240,"height":240,"caption":"Minist\u00e9rio P\u00fablico do Paran\u00e1 denuncia por estupro de vulner\u00e1vel homem que abusou sexualmente de crian\u00e7a de sete anos de idade em S\u00e3o Mateus do Sul"},{"@type":"BreadcrumbList","@id":"https:\/\/ubirataonline.com.br\/ministerio-publico-do-parana-denuncia-por-estupro-de-vulneravel-homem-que-abusou-sexualmente-de-crianca-de-sete-anos-de-idade-em-sao-mateus-do-sul\/#breadcrumb","itemListElement":[{"@type":"ListItem","position":1,"name":"In\u00edcio","item":"https:\/\/ubirataonline.com.br\/"},{"@type":"ListItem","position":2,"name":"Minist\u00e9rio P\u00fablico do Paran\u00e1 denuncia por estupro de vulner\u00e1vel homem que abusou sexualmente de crian\u00e7a de sete anos de idade em S\u00e3o Mateus do Sul"}]},{"@type":"WebSite","@id":"https:\/\/ubirataonline.com.br\/#website","url":"https:\/\/ubirataonline.com.br\/","name":"Ubirat\u00e3 Online Not\u00edcias","description":"Not\u00edcias de Ubirat\u00e3, regi\u00e3o, Brasil e mundo, com informa\u00e7\u00e3o atualizada e compromisso com o leitor.","publisher":{"@id":"https:\/\/ubirataonline.com.br\/#organization"},"alternateName":"Ubirat\u00e3 Online","potentialAction":[{"@type":"SearchAction","target":{"@type":"EntryPoint","urlTemplate":"https:\/\/ubirataonline.com.br\/?s={search_term_string}"},"query-input":{"@type":"PropertyValueSpecification","valueRequired":true,"valueName":"search_term_string"}}],"inLanguage":"en-US"},{"@type":["Organization","Place"],"@id":"https:\/\/ubirataonline.com.br\/#organization","name":"Ubirat\u00e3 Online Not\u00edcias","alternateName":"Ubirat\u00e3 Online","url":"https:\/\/ubirataonline.com.br\/","logo":{"@id":"https:\/\/ubirataonline.com.br\/ministerio-publico-do-parana-denuncia-por-estupro-de-vulneravel-homem-que-abusou-sexualmente-de-crianca-de-sete-anos-de-idade-em-sao-mateus-do-sul\/#local-main-organization-logo"},"image":{"@id":"https:\/\/ubirataonline.com.br\/ministerio-publico-do-parana-denuncia-por-estupro-de-vulneravel-homem-que-abusou-sexualmente-de-crianca-de-sete-anos-de-idade-em-sao-mateus-do-sul\/#local-main-organization-logo"},"sameAs":["https:\/\/www.facebook.com\/portalubirataonline","https:\/\/x.com\/ubirataonline","https:\/\/mastodon.social\/@ubirataonline","https:\/\/www.facebook.com\/groups\/311144672285604","https:\/\/www.facebook.com\/UBTAOnline","https:\/\/www.instagram.com\/portalubirataonline\/","https:\/\/twitter.com\/ubirataonline"],"description":"Somos um portal de not\u00edcias independente, criado em 5 de janeiro de 2009, com o objetivo de informar, conectar e valorizar a nossa comunidade de Ubirat\u00e3 e toda aregi\u00e3o. Com conte\u00fado atualizado, confi\u00e1vel e relevante, o Ubirat\u00e3 Online \u00e9 o seu espa\u00e7o para ficar por dentro dos principais acontecimentos locais, regionais, Brasil, Mundo e de interesse geral. Nosso compromisso \u00e9 com a verdade, a transpar\u00eancia e o respeito ao leitor.","legalName":"UBIRATA ONLINE NOT\u00cdCIAS","foundingDate":"2009-01-05","numberOfEmployees":{"@type":"QuantitativeValue","minValue":"1","maxValue":"10"},"publishingPrinciples":"https:\/\/ubirataonline.com.br\/faq\/","address":{"@id":"https:\/\/ubirataonline.com.br\/ministerio-publico-do-parana-denuncia-por-estupro-de-vulneravel-homem-que-abusou-sexualmente-de-crianca-de-sete-anos-de-idade-em-sao-mateus-do-sul\/#local-main-place-address"},"geo":{"@type":"GeoCoordinates","latitude":"-24.5361401","longitude":"-52.9921776"},"telephone":["+5544998308235"],"contactPoint":{"@type":"ContactPoint","email":"contato@ubirataonline.com.br"},"openingHoursSpecification":{"@type":"OpeningHoursSpecification","dayOfWeek":["Monday","Tuesday","Wednesday","Thursday","Friday","Saturday","Sunday"],"opens":"00:00","closes":"23:59"},"email":"contato@ubirataonline.com.br","vatID":"47.621.418\/0001-80"},{"@type":"Person","@id":"https:\/\/ubirataonline.com.br\/#\/schema\/person\/372f87bbd3fdd79b8556b84c98d0bc1c","name":"REDA\u00c7\u00c3O: UBIRAT\u00c3 ONLINE - F\u00c1BIO AUGUSTO CELESTINO","pronouns":"Ele","description":"Desde 2003 trabalhando com not\u00edcias.","sameAs":["http:\/\/ubirataoline.com.br","https:\/\/www.facebook.com\/portalubirataonline","https:\/\/www.instagram.com\/ubirataonline_oficial","https:\/\/x.com\/x.com\/ubirataonline"],"honorificPrefix":"Mr.","honorificSuffix":"MD","birthDate":"1980-06-16","gender":"masculino","award":["V\u00e1rios pr\u00eamios de melhor portal da cidade"],"jobTitle":"Diretor","url":"https:\/\/ubirataonline.com.br\/en\/author\/ubirataonline\/"},{"@type":"PostalAddress","@id":"https:\/\/ubirataonline.com.br\/ministerio-publico-do-parana-denuncia-por-estupro-de-vulneravel-homem-que-abusou-sexualmente-de-crianca-de-sete-anos-de-idade-em-sao-mateus-do-sul\/#local-main-place-address","streetAddress":"Rua dos Coqueiros, 104 - Bairro Boa Vista, Rua dos Coqueiros, 104 Bairro Boa Vista","addressLocality":"UBIRATA","postalCode":"85440-000","addressRegion":"PR","addressCountry":"BR"},{"@type":"ImageObject","inLanguage":"en-US","@id":"https:\/\/ubirataonline.com.br\/ministerio-publico-do-parana-denuncia-por-estupro-de-vulneravel-homem-que-abusou-sexualmente-de-crianca-de-sete-anos-de-idade-em-sao-mateus-do-sul\/#local-main-organization-logo","url":"https:\/\/ubirataonline.com.br\/wp-content\/uploads\/2026\/06\/logoubirataonline-1.webp","contentUrl":"https:\/\/ubirataonline.com.br\/wp-content\/uploads\/2026\/06\/logoubirataonline-1.webp","width":500,"height":500,"caption":"Ubirat\u00e3 Online Not\u00edcias"}]},"geo.placename":"UBIRATA","geo.position":{"lat":"-24.5361401","long":"-52.9921776"},"geo.region":"Brazil"},"_links":{"self":[{"href":"https:\/\/ubirataonline.com.br\/en\/wp-json\/wp\/v2\/posts\/169688","targetHints":{"allow":["GET"]}}],"collection":[{"href":"https:\/\/ubirataonline.com.br\/en\/wp-json\/wp\/v2\/posts"}],"about":[{"href":"https:\/\/ubirataonline.com.br\/en\/wp-json\/wp\/v2\/types\/post"}],"author":[{"embeddable":true,"href":"https:\/\/ubirataonline.com.br\/en\/wp-json\/wp\/v2\/users\/1"}],"replies":[{"embeddable":true,"href":"https:\/\/ubirataonline.com.br\/en\/wp-json\/wp\/v2\/comments?post=169688"}],"version-history":[{"count":1,"href":"https:\/\/ubirataonline.com.br\/en\/wp-json\/wp\/v2\/posts\/169688\/revisions"}],"predecessor-version":[{"id":169690,"href":"https:\/\/ubirataonline.com.br\/en\/wp-json\/wp\/v2\/posts\/169688\/revisions\/169690"}],"wp:featuredmedia":[{"embeddable":true,"href":"https:\/\/ubirataonline.com.br\/en\/wp-json\/wp\/v2\/media\/169689"}],"wp:attachment":[{"href":"https:\/\/ubirataonline.com.br\/en\/wp-json\/wp\/v2\/media?parent=169688"}],"wp:term":[{"taxonomy":"category","embeddable":true,"href":"https:\/\/ubirataonline.com.br\/en\/wp-json\/wp\/v2\/categories?post=169688"},{"taxonomy":"post_tag","embeddable":true,"href":"https:\/\/ubirataonline.com.br\/en\/wp-json\/wp\/v2\/tags?post=169688"}],"curies":[{"name":"wp","href":"https:\/\/api.w.org\/{rel}","templated":true}]}}