{"id":169710,"date":"2026-09-01T21:10:26","date_gmt":"2026-09-02T00:10:26","guid":{"rendered":"https:\/\/ubirataonline.com.br\/?p=169710"},"modified":"2026-09-01T21:10:28","modified_gmt":"2026-09-02T00:10:28","slug":"breno-guimaraes-assume-diretoria-legislativa-do-iub-e-reforca-articulacao-da-frente-parlamentar","status":"publish","type":"post","link":"https:\/\/ubirataonline.com.br\/en\/breno-guimaraes-assume-diretoria-legislativa-do-iub-e-reforca-articulacao-da-frente-parlamentar\/","title":{"rendered":"Breno Guimar\u00e3es assume Diretoria Legislativa do IUB e refor\u00e7a articula\u00e7\u00e3o da Frente Parlamentar"},"content":{"rendered":"<p class=\"wp-block-paragraph\">Cientista pol\u00edtico, Breno deixa sociedade na Impetus Public Affairs para assumir \u00e1rea estrat\u00e9gica do Instituto Unidos Brasil e da FPN.<\/p>\n\n\n\n<h3 id=\"h-iub-anuncia-breno-guimaraes-como-novo-diretor-legislativo-e-reforca-estrategia-de-articulacao-em-brasilia\" class=\"wp-block-heading\"><strong>IUB anuncia Breno Guimar\u00e3es como novo diretor Legislativo e refor\u00e7a estrat\u00e9gia de articula\u00e7\u00e3o em Bras\u00edlia<\/strong><\/h3>\n\n\n\n<p class=\"wp-block-paragraph\">Depois de um amplo processo de busca e prospec\u00e7\u00e3o de profissionais no mercado, o Instituto Unidos Brasil (IUB) anuncia a chegada de&nbsp;<strong>Breno Guimar\u00e3es<\/strong>&nbsp;para assumir a&nbsp;<strong>Diretoria Legislativa da institui\u00e7\u00e3o<\/strong>, posi\u00e7\u00e3o estrat\u00e9gica para a rela\u00e7\u00e3o entre o Instituto, o Congresso Nacional e a diretoria executiva da Frente Parlamentar do Ambiente de Neg\u00f3cios (FPN).<\/p>\n\n\n\n<figure class=\"wp-block-image size-full\"><img loading=\"lazy\" decoding=\"async\" width=\"1200\" height=\"628\" src=\"https:\/\/ubirataonline.com.br\/wp-content\/uploads\/2026\/09\/imagem-conteudo-0-1.jpg\" alt=\"\" class=\"wp-image-169711\" srcset=\"https:\/\/ubirataonline.com.br\/wp-content\/uploads\/2026\/09\/imagem-conteudo-0-1.jpg 1200w, https:\/\/ubirataonline.com.br\/wp-content\/uploads\/2026\/09\/imagem-conteudo-0-1-300x157.jpg 300w, https:\/\/ubirataonline.com.br\/wp-content\/uploads\/2026\/09\/imagem-conteudo-0-1-766x401.jpg 766w, https:\/\/ubirataonline.com.br\/wp-content\/uploads\/2026\/09\/imagem-conteudo-0-1-18x9.jpg 18w\" sizes=\"auto, (max-width: 1200px) 100vw, 1200px\" \/><\/figure>\n\n\n\n<p class=\"wp-block-paragraph\"><em>Cr\u00e9dito da imagem: iubacervo<\/em><\/p>\n\n\n\n<p class=\"wp-block-paragraph\">A chegada de Breno representa um refor\u00e7o importante para uma \u00e1rea considerada central na estrat\u00e9gia institucional do IUB. A miss\u00e3o do novo diretor ser\u00e1 fortalecer a conex\u00e3o entre a agenda t\u00e9cnica constru\u00edda pelo Instituto e o trabalho pol\u00edtico-legislativo desenvolvido pela Frente Parlamentar, aproximando ainda mais o setor produtivo das decis\u00f5es que impactam diretamente o ambiente de neg\u00f3cios brasileiro.<\/p>\n\n\n\n<p class=\"wp-block-paragraph\">A escolha de Breno acontece pela busca de um profissional com experi\u00eancia pr\u00e1tica em Bras\u00edlia, conhecimento t\u00e9cnico sobre o funcionamento dos Poderes e capacidade de transitar entre o setor privado e o ambiente institucional.<\/p>\n\n\n\n<p class=\"wp-block-paragraph\">Breno chega ao IUB com uma trajet\u00f3ria que chama aten\u00e7\u00e3o pela combina\u00e7\u00e3o entre forma\u00e7\u00e3o acad\u00eamica, experi\u00eancia profissional e atua\u00e7\u00e3o internacional.<\/p>\n\n\n\n<p class=\"wp-block-paragraph\">Cientista pol\u00edtico formado pela&nbsp;<strong>Universidade de Bras\u00edlia (UnB)<\/strong>, possui atua\u00e7\u00e3o especializada no relacionamento com os Poderes Executivo e Legislativo federal. Sua experi\u00eancia constru\u00edda dentro do ambiente pol\u00edtico de Bras\u00edlia ser\u00e1 agora incorporada \u00e0 estrat\u00e9gia do Instituto Unidos Brasil e ao trabalho de articula\u00e7\u00e3o junto \u00e0 Frente Parlamentar do Ambiente de Neg\u00f3cios.<\/p>\n\n\n\n<p class=\"wp-block-paragraph\">Antes de assumir a nova fun\u00e7\u00e3o, Breno integrava a sociedade da&nbsp;<strong>Impetus Public Affairs<\/strong>, empresa de rela\u00e7\u00f5es governamentais com sede no Rio de Janeiro, onde tamb\u00e9m coordenava a atua\u00e7\u00e3o do escrit\u00f3rio em Bras\u00edlia e liderava o relacionamento institucional da organiza\u00e7\u00e3o com \u00f3rg\u00e3os do governo federal.<\/p>\n\n\n\n<p class=\"wp-block-paragraph\">A decis\u00e3o de deixar a sociedade para assumir integralmente o novo desafio demonstra o peso estrat\u00e9gico da posi\u00e7\u00e3o dentro do IUB.<\/p>\n\n\n\n<p class=\"wp-block-paragraph\">Sua experi\u00eancia ultrapassa ainda as fronteiras nacionais. Em 2025, Breno foi&nbsp;<strong>delegado oficial do Brasil no F\u00f3rum da Juventude da ONU\/ECOSOC<\/strong>, realizado em Nova York, representando jovens profissionais da \u00e1rea de rela\u00e7\u00f5es governamentais e participando de debates relacionados aos Objetivos de Desenvolvimento Sustent\u00e1vel.<\/p>\n\n\n\n<p class=\"wp-block-paragraph\">O novo diretor tamb\u00e9m foi reconhecido pelo&nbsp;<strong>Anu\u00e1rio Origem Latam 2023<\/strong>&nbsp;como um dos cinco Jovens Talentos em Rela\u00e7\u00f5es Governamentais da Am\u00e9rica Latina. Em 2022, recebeu o&nbsp;<strong>Outstanding Performance Award<\/strong>, concedido pela University of La Verne, nos Estados Unidos.<\/p>\n\n\n\n<h3 id=\"h-reforco-para-uma-nova-fase-do-instituto\" class=\"wp-block-heading\"><strong>Refor\u00e7o para uma nova fase do Instituto<\/strong><\/h3>\n\n\n\n<p class=\"wp-block-paragraph\">A chegada de Breno ocorre em um momento de expans\u00e3o da atua\u00e7\u00e3o institucional do IUB.<\/p>\n\n\n\n<p class=\"wp-block-paragraph\">O Instituto Unidos Brasil atua como um espa\u00e7o de di\u00e1logo entre empreendedores, setor produtivo e os Poderes da Rep\u00fablica, com foco na constru\u00e7\u00e3o de pol\u00edticas p\u00fablicas e no fortalecimento do ambiente de neg\u00f3cios brasileiro. Atualmente, o Instituto oferece suporte \u00e0 atua\u00e7\u00e3o da&nbsp;<strong>Frente Parlamentar Mista do Ambiente de Neg\u00f3cios<\/strong>, contribuindo para aproximar o debate t\u00e9cnico das decis\u00f5es tomadas no Congresso Nacional.<\/p>\n\n\n\n<p class=\"wp-block-paragraph\">A agenda defendida pela institui\u00e7\u00e3o envolve temas como seguran\u00e7a jur\u00eddica, simplifica\u00e7\u00e3o tribut\u00e1ria, redu\u00e7\u00e3o da burocracia, moderniza\u00e7\u00e3o do Estado, inova\u00e7\u00e3o, competitividade e gera\u00e7\u00e3o de empregos. A Frente Parlamentar do Ambiente de Neg\u00f3cios se apresenta como um canal permanente de di\u00e1logo entre o Congresso, o setor produtivo e a sociedade.<\/p>\n\n\n\n<p class=\"wp-block-paragraph\">\u00c9 justamente nesse ponto que a Diretoria Legislativa ganha protagonismo.<\/p>\n\n\n\n<p class=\"wp-block-paragraph\">Breno ter\u00e1 como uma de suas principais responsabilidades organizar e fortalecer a rela\u00e7\u00e3o cotidiana entre a estrutura t\u00e9cnica do Instituto e a diretoria executiva da Frente Parlamentar, garantindo maior integra\u00e7\u00e3o entre as demandas do setor produtivo, a constru\u00e7\u00e3o das pautas legislativas e o acompanhamento das discuss\u00f5es que acontecem dentro do Congresso Nacional.<\/p>\n\n\n\n<p class=\"wp-block-paragraph\">A expectativa \u00e9 que sua chegada contribua para ampliar a capacidade de articula\u00e7\u00e3o do IUB em um momento em que o debate sobre competitividade, ambiente de neg\u00f3cios e moderniza\u00e7\u00e3o do Estado ganha cada vez mais relev\u00e2ncia em Bras\u00edlia.<\/p>\n\n\n\n<p class=\"wp-block-paragraph\"><strong>Com uma carreira constru\u00edda entre a academia, o setor p\u00fablico, as rela\u00e7\u00f5es governamentais e o ambiente internacional, Breno Guimar\u00e3es chega ao Instituto Unidos Brasil como uma das principais apostas da institui\u00e7\u00e3o para fortalecer sua presen\u00e7a legislativa e preparar uma nova fase de atua\u00e7\u00e3o junto ao Congresso Nacional.<\/strong><\/p>","protected":false},"excerpt":{"rendered":"<p>Cientista pol\u00edtico, Breno deixa sociedade na Impetus Public Affairs para assumir \u00e1rea estrat\u00e9gica do Instituto Unidos Brasil e da FPN. IUB anuncia Breno Guimar\u00e3es como novo diretor Legislativo e refor\u00e7a estrat\u00e9gia de articula\u00e7\u00e3o em Bras\u00edlia Depois de um amplo processo de busca e prospec\u00e7\u00e3o de profissionais no mercado, o Instituto Unidos Brasil (IUB) anuncia a [&hellip;]<\/p>\n","protected":false},"author":1,"featured_media":169712,"comment_status":"closed","ping_status":"closed","sticky":false,"template":"","format":"standard","meta":{"googlesitekit_rrm_CAow2JLhCw:productID":"","_gspb_post_css":"","maa_idioma":"","maa_pais":"","footnotes":""},"categories":[4],"tags":[],"class_list":["post-169710","post","type-post","status-publish","format-standard","has-post-thumbnail","hentry","category-brasil"],"blocksy_meta":[],"yoast_head":"<!-- This site is optimized with the Yoast SEO Premium plugin v27.6 (Yoast SEO v27.6) - https:\/\/yoast.com\/product\/yoast-seo-premium-wordpress\/ -->\n<title>Breno Guimar\u00e3es assume Diretoria Legislativa do IUB e refor\u00e7a articula\u00e7\u00e3o da Frente Parlamentar - Ubirat\u00e3 Online Not\u00edcias - A realidade ao seu alcance!<\/title>\n<meta name=\"description\" content=\"Cientista pol\u00edtico, Breno deixa sociedade na Impetus Public Affairs para assumir \u00e1rea estrat\u00e9gica do Instituto Unidos Brasil e da FPN. IUB anuncia Breno\" \/>\n<meta name=\"robots\" content=\"index, follow, max-snippet:-1, max-image-preview:large, max-video-preview:-1\" \/>\n<link rel=\"canonical\" href=\"https:\/\/ubirataonline.com.br\/en\/breno-guimaraes-assume-diretoria-legislativa-do-iub-e-reforca-articulacao-da-frente-parlamentar\/\" \/>\n<meta property=\"og:locale\" content=\"en_US\" \/>\n<meta property=\"og:type\" content=\"article\" \/>\n<meta property=\"og:title\" content=\"Breno Guimar\u00e3es assume Diretoria Legislativa do IUB e refor\u00e7a articula\u00e7\u00e3o da Frente Parlamentar\" \/>\n<meta property=\"og:description\" content=\"Cientista pol\u00edtico, Breno deixa sociedade na Impetus Public Affairs para assumir \u00e1rea estrat\u00e9gica do Instituto Unidos Brasil e da FPN. IUB anuncia Breno\" \/>\n<meta property=\"og:url\" content=\"https:\/\/ubirataonline.com.br\/en\/breno-guimaraes-assume-diretoria-legislativa-do-iub-e-reforca-articulacao-da-frente-parlamentar\/\" \/>\n<meta property=\"og:site_name\" content=\"Ubirat\u00e3 Online Not\u00edcias - A realidade ao seu alcance!\" \/>\n<meta property=\"article:publisher\" content=\"https:\/\/www.facebook.com\/portalubirataonline\" \/>\n<meta property=\"article:author\" content=\"https:\/\/www.facebook.com\/portalubirataonline\" \/>\n<meta property=\"article:published_time\" content=\"2026-09-02T00:10:26+00:00\" \/>\n<meta property=\"article:modified_time\" content=\"2026-09-02T00:10:28+00:00\" \/>\n<meta property=\"og:image\" content=\"https:\/\/ubirataonline.com.br\/wp-content\/uploads\/2026\/09\/breno-guimaraes-assume-diretoria-legislativa-do-iub-e-reforca-articulacao-da-frente-parlamentar.webp\" \/>\n\t<meta property=\"og:image:width\" content=\"1200\" \/>\n\t<meta property=\"og:image:height\" content=\"628\" \/>\n\t<meta property=\"og:image:type\" content=\"image\/webp\" \/>\n<meta name=\"author\" content=\"REDA\u00c7\u00c3O: UBIRAT\u00c3 ONLINE - F\u00c1BIO AUGUSTO CELESTINO\" \/>\n<meta name=\"twitter:card\" content=\"summary_large_image\" \/>\n<meta name=\"twitter:creator\" content=\"@x.com\/ubirataonline\" \/>\n<meta name=\"twitter:site\" content=\"@ubirataonline\" \/>\n<meta name=\"twitter:label1\" content=\"Written by\" \/>\n\t<meta name=\"twitter:data1\" content=\"REDA\u00c7\u00c3O: UBIRAT\u00c3 ONLINE - F\u00c1BIO AUGUSTO CELESTINO\" \/>\n\t<meta name=\"twitter:label2\" content=\"Est. reading time\" \/>\n\t<meta name=\"twitter:data2\" content=\"5 minutes\" \/>\n<script type=\"application\/ld+json\" class=\"yoast-schema-graph\">{\"@context\":\"https:\\\/\\\/schema.org\",\"@graph\":[{\"@type\":\"NewsArticle\",\"@id\":\"https:\\\/\\\/ubirataonline.com.br\\\/breno-guimaraes-assume-diretoria-legislativa-do-iub-e-reforca-articulacao-da-frente-parlamentar\\\/#article\",\"isPartOf\":{\"@id\":\"https:\\\/\\\/ubirataonline.com.br\\\/breno-guimaraes-assume-diretoria-legislativa-do-iub-e-reforca-articulacao-da-frente-parlamentar\\\/\"},\"author\":{\"name\":\"REDA\u00c7\u00c3O: UBIRAT\u00c3 ONLINE - F\u00c1BIO AUGUSTO CELESTINO\",\"@id\":\"https:\\\/\\\/ubirataonline.com.br\\\/#\\\/schema\\\/person\\\/372f87bbd3fdd79b8556b84c98d0bc1c\"},\"headline\":\"Breno Guimar\u00e3es assume Diretoria Legislativa do IUB e refor\u00e7a articula\u00e7\u00e3o da Frente Parlamentar\",\"datePublished\":\"2026-09-02T00:10:26+00:00\",\"dateModified\":\"2026-09-02T00:10:28+00:00\",\"mainEntityOfPage\":{\"@id\":\"https:\\\/\\\/ubirataonline.com.br\\\/breno-guimaraes-assume-diretoria-legislativa-do-iub-e-reforca-articulacao-da-frente-parlamentar\\\/\"},\"wordCount\":807,\"publisher\":{\"@id\":\"https:\\\/\\\/ubirataonline.com.br\\\/#organization\"},\"image\":{\"@id\":\"https:\\\/\\\/ubirataonline.com.br\\\/breno-guimaraes-assume-diretoria-legislativa-do-iub-e-reforca-articulacao-da-frente-parlamentar\\\/#primaryimage\"},\"thumbnailUrl\":\"https:\\\/\\\/ubirataonline.com.br\\\/wp-content\\\/uploads\\\/2026\\\/09\\\/breno-guimaraes-assume-diretoria-legislativa-do-iub-e-reforca-articulacao-da-frente-parlamentar.webp\",\"articleSection\":[\"Brasil\"],\"inLanguage\":\"en-US\",\"copyrightYear\":\"2026\",\"copyrightHolder\":{\"@id\":\"https:\\\/\\\/ubirataonline.com.br\\\/en\\\/#organization\"}},{\"@type\":\"WebPage\",\"@id\":\"https:\\\/\\\/ubirataonline.com.br\\\/breno-guimaraes-assume-diretoria-legislativa-do-iub-e-reforca-articulacao-da-frente-parlamentar\\\/\",\"url\":\"https:\\\/\\\/ubirataonline.com.br\\\/breno-guimaraes-assume-diretoria-legislativa-do-iub-e-reforca-articulacao-da-frente-parlamentar\\\/\",\"name\":\"Breno Guimar\u00e3es assume Diretoria Legislativa do IUB e refor\u00e7a articula\u00e7\u00e3o da Frente Parlamentar - Ubirat\u00e3 Online Not\u00edcias - A realidade ao seu alcance!\",\"isPartOf\":{\"@id\":\"https:\\\/\\\/ubirataonline.com.br\\\/#website\"},\"primaryImageOfPage\":{\"@id\":\"https:\\\/\\\/ubirataonline.com.br\\\/breno-guimaraes-assume-diretoria-legislativa-do-iub-e-reforca-articulacao-da-frente-parlamentar\\\/#primaryimage\"},\"image\":{\"@id\":\"https:\\\/\\\/ubirataonline.com.br\\\/breno-guimaraes-assume-diretoria-legislativa-do-iub-e-reforca-articulacao-da-frente-parlamentar\\\/#primaryimage\"},\"thumbnailUrl\":\"https:\\\/\\\/ubirataonline.com.br\\\/wp-content\\\/uploads\\\/2026\\\/09\\\/breno-guimaraes-assume-diretoria-legislativa-do-iub-e-reforca-articulacao-da-frente-parlamentar.webp\",\"datePublished\":\"2026-09-02T00:10:26+00:00\",\"dateModified\":\"2026-09-02T00:10:28+00:00\",\"description\":\"Cientista pol\u00edtico, Breno deixa sociedade na Impetus Public Affairs para assumir \u00e1rea estrat\u00e9gica do Instituto Unidos Brasil e da FPN. IUB anuncia Breno\",\"breadcrumb\":{\"@id\":\"https:\\\/\\\/ubirataonline.com.br\\\/breno-guimaraes-assume-diretoria-legislativa-do-iub-e-reforca-articulacao-da-frente-parlamentar\\\/#breadcrumb\"},\"inLanguage\":\"en-US\",\"potentialAction\":[{\"@type\":\"ReadAction\",\"target\":[\"https:\\\/\\\/ubirataonline.com.br\\\/breno-guimaraes-assume-diretoria-legislativa-do-iub-e-reforca-articulacao-da-frente-parlamentar\\\/\"]}]},{\"@type\":\"ImageObject\",\"inLanguage\":\"en-US\",\"@id\":\"https:\\\/\\\/ubirataonline.com.br\\\/breno-guimaraes-assume-diretoria-legislativa-do-iub-e-reforca-articulacao-da-frente-parlamentar\\\/#primaryimage\",\"url\":\"https:\\\/\\\/ubirataonline.com.br\\\/wp-content\\\/uploads\\\/2026\\\/09\\\/breno-guimaraes-assume-diretoria-legislativa-do-iub-e-reforca-articulacao-da-frente-parlamentar.webp\",\"contentUrl\":\"https:\\\/\\\/ubirataonline.com.br\\\/wp-content\\\/uploads\\\/2026\\\/09\\\/breno-guimaraes-assume-diretoria-legislativa-do-iub-e-reforca-articulacao-da-frente-parlamentar.webp\",\"width\":1200,\"height\":628,\"caption\":\"breno-guimaraes-assume-diretoria-legislativa-do-iub-e-reforca-articulacao-da-frente-parlamentar\"},{\"@type\":\"BreadcrumbList\",\"@id\":\"https:\\\/\\\/ubirataonline.com.br\\\/breno-guimaraes-assume-diretoria-legislativa-do-iub-e-reforca-articulacao-da-frente-parlamentar\\\/#breadcrumb\",\"itemListElement\":[{\"@type\":\"ListItem\",\"position\":1,\"name\":\"In\u00edcio\",\"item\":\"https:\\\/\\\/ubirataonline.com.br\\\/\"},{\"@type\":\"ListItem\",\"position\":2,\"name\":\"Breno Guimar\u00e3es assume Diretoria Legislativa do IUB e refor\u00e7a articula\u00e7\u00e3o da Frente Parlamentar\"}]},{\"@type\":\"WebSite\",\"@id\":\"https:\\\/\\\/ubirataonline.com.br\\\/#website\",\"url\":\"https:\\\/\\\/ubirataonline.com.br\\\/\",\"name\":\"Ubirat\u00e3 Online Not\u00edcias\",\"description\":\"Not\u00edcias de Ubirat\u00e3, regi\u00e3o, Brasil e mundo, com informa\u00e7\u00e3o atualizada e compromisso com o leitor.\",\"publisher\":{\"@id\":\"https:\\\/\\\/ubirataonline.com.br\\\/#organization\"},\"alternateName\":\"Ubirat\u00e3 Online\",\"potentialAction\":[{\"@type\":\"SearchAction\",\"target\":{\"@type\":\"EntryPoint\",\"urlTemplate\":\"https:\\\/\\\/ubirataonline.com.br\\\/?s={search_term_string}\"},\"query-input\":{\"@type\":\"PropertyValueSpecification\",\"valueRequired\":true,\"valueName\":\"search_term_string\"}}],\"inLanguage\":\"en-US\"},{\"@type\":[\"Organization\",\"Place\"],\"@id\":\"https:\\\/\\\/ubirataonline.com.br\\\/#organization\",\"name\":\"Ubirat\u00e3 Online Not\u00edcias\",\"alternateName\":\"Ubirat\u00e3 Online\",\"url\":\"https:\\\/\\\/ubirataonline.com.br\\\/\",\"logo\":{\"@id\":\"https:\\\/\\\/ubirataonline.com.br\\\/breno-guimaraes-assume-diretoria-legislativa-do-iub-e-reforca-articulacao-da-frente-parlamentar\\\/#local-main-organization-logo\"},\"image\":{\"@id\":\"https:\\\/\\\/ubirataonline.com.br\\\/breno-guimaraes-assume-diretoria-legislativa-do-iub-e-reforca-articulacao-da-frente-parlamentar\\\/#local-main-organization-logo\"},\"sameAs\":[\"https:\\\/\\\/www.facebook.com\\\/portalubirataonline\",\"https:\\\/\\\/x.com\\\/ubirataonline\",\"https:\\\/\\\/mastodon.social\\\/@ubirataonline\",\"https:\\\/\\\/www.facebook.com\\\/groups\\\/311144672285604\",\"https:\\\/\\\/www.facebook.com\\\/UBTAOnline\",\"https:\\\/\\\/www.instagram.com\\\/portalubirataonline\\\/\",\"https:\\\/\\\/twitter.com\\\/ubirataonline\"],\"description\":\"Somos um portal de not\u00edcias independente, criado em 5 de janeiro de 2009, com o objetivo de informar, conectar e valorizar a nossa comunidade de Ubirat\u00e3 e toda aregi\u00e3o. Com conte\u00fado atualizado, confi\u00e1vel e relevante, o Ubirat\u00e3 Online \u00e9 o seu espa\u00e7o para ficar por dentro dos principais acontecimentos locais, regionais, Brasil, Mundo e de interesse geral. Nosso compromisso \u00e9 com a verdade, a transpar\u00eancia e o respeito ao leitor.\",\"legalName\":\"UBIRATA ONLINE NOT\u00cdCIAS\",\"foundingDate\":\"2009-01-05\",\"numberOfEmployees\":{\"@type\":\"QuantitativeValue\",\"minValue\":\"1\",\"maxValue\":\"10\"},\"publishingPrinciples\":\"https:\\\/\\\/ubirataonline.com.br\\\/faq\\\/\",\"address\":{\"@id\":\"https:\\\/\\\/ubirataonline.com.br\\\/breno-guimaraes-assume-diretoria-legislativa-do-iub-e-reforca-articulacao-da-frente-parlamentar\\\/#local-main-place-address\"},\"geo\":{\"@type\":\"GeoCoordinates\",\"latitude\":\"-24.5361401\",\"longitude\":\"-52.9921776\"},\"telephone\":[\"+5544998308235\"],\"contactPoint\":{\"@type\":\"ContactPoint\",\"email\":\"contato@ubirataonline.com.br\"},\"openingHoursSpecification\":{\"@type\":\"OpeningHoursSpecification\",\"dayOfWeek\":[\"Monday\",\"Tuesday\",\"Wednesday\",\"Thursday\",\"Friday\",\"Saturday\",\"Sunday\"],\"opens\":\"00:00\",\"closes\":\"23:59\"},\"email\":\"contato@ubirataonline.com.br\",\"vatID\":\"47.621.418\\\/0001-80\"},{\"@type\":\"Person\",\"@id\":\"https:\\\/\\\/ubirataonline.com.br\\\/#\\\/schema\\\/person\\\/372f87bbd3fdd79b8556b84c98d0bc1c\",\"name\":\"REDA\u00c7\u00c3O: UBIRAT\u00c3 ONLINE - F\u00c1BIO AUGUSTO CELESTINO\",\"pronouns\":\"Ele\",\"description\":\"Desde 2003 trabalhando com not\u00edcias.\",\"sameAs\":[\"http:\\\/\\\/ubirataoline.com.br\",\"https:\\\/\\\/www.facebook.com\\\/portalubirataonline\",\"https:\\\/\\\/www.instagram.com\\\/ubirataonline_oficial\",\"https:\\\/\\\/x.com\\\/x.com\\\/ubirataonline\"],\"honorificPrefix\":\"Mr.\",\"honorificSuffix\":\"MD\",\"birthDate\":\"1980-06-16\",\"gender\":\"masculino\",\"award\":[\"V\u00e1rios pr\u00eamios de melhor portal da cidade\"],\"jobTitle\":\"Diretor\",\"url\":\"https:\\\/\\\/ubirataonline.com.br\\\/en\\\/author\\\/ubirataonline\\\/\"},{\"@type\":\"PostalAddress\",\"@id\":\"https:\\\/\\\/ubirataonline.com.br\\\/breno-guimaraes-assume-diretoria-legislativa-do-iub-e-reforca-articulacao-da-frente-parlamentar\\\/#local-main-place-address\",\"streetAddress\":\"Rua dos Coqueiros, 104 - Bairro Boa Vista, Rua dos Coqueiros, 104 Bairro Boa Vista\",\"addressLocality\":\"UBIRATA\",\"postalCode\":\"85440-000\",\"addressRegion\":\"PR\",\"addressCountry\":\"BR\"},{\"@type\":\"ImageObject\",\"inLanguage\":\"en-US\",\"@id\":\"https:\\\/\\\/ubirataonline.com.br\\\/breno-guimaraes-assume-diretoria-legislativa-do-iub-e-reforca-articulacao-da-frente-parlamentar\\\/#local-main-organization-logo\",\"url\":\"https:\\\/\\\/ubirataonline.com.br\\\/wp-content\\\/uploads\\\/2026\\\/06\\\/logoubirataonline-1.webp\",\"contentUrl\":\"https:\\\/\\\/ubirataonline.com.br\\\/wp-content\\\/uploads\\\/2026\\\/06\\\/logoubirataonline-1.webp\",\"width\":500,\"height\":500,\"caption\":\"Ubirat\u00e3 Online Not\u00edcias\"}]}<\/script>\n<meta name=\"geo.placename\" content=\"UBIRATA\" \/>\n<meta name=\"geo.position\" content=\"-24.5361401;-52.9921776\" \/>\n<meta name=\"geo.region\" content=\"Brazil\" \/>\n<!-- \/ Yoast SEO Premium plugin. -->","yoast_head_json":{"title":"Breno Guimar\u00e3es assume Diretoria Legislativa do IUB e refor\u00e7a articula\u00e7\u00e3o da Frente Parlamentar - Ubirat\u00e3 Online Not\u00edcias - A realidade ao seu alcance!","description":"Cientista pol\u00edtico, Breno deixa sociedade na Impetus Public Affairs para assumir \u00e1rea estrat\u00e9gica do Instituto Unidos Brasil e da FPN. IUB anuncia Breno","robots":{"index":"index","follow":"follow","max-snippet":"max-snippet:-1","max-image-preview":"max-image-preview:large","max-video-preview":"max-video-preview:-1"},"canonical":"https:\/\/ubirataonline.com.br\/en\/breno-guimaraes-assume-diretoria-legislativa-do-iub-e-reforca-articulacao-da-frente-parlamentar\/","og_locale":"en_US","og_type":"article","og_title":"Breno Guimar\u00e3es assume Diretoria Legislativa do IUB e refor\u00e7a articula\u00e7\u00e3o da Frente Parlamentar","og_description":"Cientista pol\u00edtico, Breno deixa sociedade na Impetus Public Affairs para assumir \u00e1rea estrat\u00e9gica do Instituto Unidos Brasil e da FPN. IUB anuncia Breno","og_url":"https:\/\/ubirataonline.com.br\/en\/breno-guimaraes-assume-diretoria-legislativa-do-iub-e-reforca-articulacao-da-frente-parlamentar\/","og_site_name":"Ubirat\u00e3 Online Not\u00edcias - A realidade ao seu alcance!","article_publisher":"https:\/\/www.facebook.com\/portalubirataonline","article_author":"https:\/\/www.facebook.com\/portalubirataonline","article_published_time":"2026-09-02T00:10:26+00:00","article_modified_time":"2026-09-02T00:10:28+00:00","og_image":[{"width":1200,"height":628,"url":"https:\/\/ubirataonline.com.br\/wp-content\/uploads\/2026\/09\/breno-guimaraes-assume-diretoria-legislativa-do-iub-e-reforca-articulacao-da-frente-parlamentar.webp","type":"image\/webp"}],"author":"REDA\u00c7\u00c3O: UBIRAT\u00c3 ONLINE - F\u00c1BIO AUGUSTO CELESTINO","twitter_card":"summary_large_image","twitter_creator":"@x.com\/ubirataonline","twitter_site":"@ubirataonline","twitter_misc":{"Written by":"REDA\u00c7\u00c3O: UBIRAT\u00c3 ONLINE - F\u00c1BIO AUGUSTO CELESTINO","Est. reading time":"5 minutes"},"schema":{"@context":"https:\/\/schema.org","@graph":[{"@type":"NewsArticle","@id":"https:\/\/ubirataonline.com.br\/breno-guimaraes-assume-diretoria-legislativa-do-iub-e-reforca-articulacao-da-frente-parlamentar\/#article","isPartOf":{"@id":"https:\/\/ubirataonline.com.br\/breno-guimaraes-assume-diretoria-legislativa-do-iub-e-reforca-articulacao-da-frente-parlamentar\/"},"author":{"name":"REDA\u00c7\u00c3O: UBIRAT\u00c3 ONLINE - F\u00c1BIO AUGUSTO CELESTINO","@id":"https:\/\/ubirataonline.com.br\/#\/schema\/person\/372f87bbd3fdd79b8556b84c98d0bc1c"},"headline":"Breno Guimar\u00e3es assume Diretoria Legislativa do IUB e refor\u00e7a articula\u00e7\u00e3o da Frente Parlamentar","datePublished":"2026-09-02T00:10:26+00:00","dateModified":"2026-09-02T00:10:28+00:00","mainEntityOfPage":{"@id":"https:\/\/ubirataonline.com.br\/breno-guimaraes-assume-diretoria-legislativa-do-iub-e-reforca-articulacao-da-frente-parlamentar\/"},"wordCount":807,"publisher":{"@id":"https:\/\/ubirataonline.com.br\/#organization"},"image":{"@id":"https:\/\/ubirataonline.com.br\/breno-guimaraes-assume-diretoria-legislativa-do-iub-e-reforca-articulacao-da-frente-parlamentar\/#primaryimage"},"thumbnailUrl":"https:\/\/ubirataonline.com.br\/wp-content\/uploads\/2026\/09\/breno-guimaraes-assume-diretoria-legislativa-do-iub-e-reforca-articulacao-da-frente-parlamentar.webp","articleSection":["Brasil"],"inLanguage":"en-US","copyrightYear":"2026","copyrightHolder":{"@id":"https:\/\/ubirataonline.com.br\/en\/#organization"}},{"@type":"WebPage","@id":"https:\/\/ubirataonline.com.br\/breno-guimaraes-assume-diretoria-legislativa-do-iub-e-reforca-articulacao-da-frente-parlamentar\/","url":"https:\/\/ubirataonline.com.br\/breno-guimaraes-assume-diretoria-legislativa-do-iub-e-reforca-articulacao-da-frente-parlamentar\/","name":"Breno Guimar\u00e3es assume Diretoria Legislativa do IUB e refor\u00e7a articula\u00e7\u00e3o da Frente Parlamentar - Ubirat\u00e3 Online Not\u00edcias - A realidade ao seu alcance!","isPartOf":{"@id":"https:\/\/ubirataonline.com.br\/#website"},"primaryImageOfPage":{"@id":"https:\/\/ubirataonline.com.br\/breno-guimaraes-assume-diretoria-legislativa-do-iub-e-reforca-articulacao-da-frente-parlamentar\/#primaryimage"},"image":{"@id":"https:\/\/ubirataonline.com.br\/breno-guimaraes-assume-diretoria-legislativa-do-iub-e-reforca-articulacao-da-frente-parlamentar\/#primaryimage"},"thumbnailUrl":"https:\/\/ubirataonline.com.br\/wp-content\/uploads\/2026\/09\/breno-guimaraes-assume-diretoria-legislativa-do-iub-e-reforca-articulacao-da-frente-parlamentar.webp","datePublished":"2026-09-02T00:10:26+00:00","dateModified":"2026-09-02T00:10:28+00:00","description":"Cientista pol\u00edtico, Breno deixa sociedade na Impetus Public Affairs para assumir \u00e1rea estrat\u00e9gica do Instituto Unidos Brasil e da FPN. IUB anuncia Breno","breadcrumb":{"@id":"https:\/\/ubirataonline.com.br\/breno-guimaraes-assume-diretoria-legislativa-do-iub-e-reforca-articulacao-da-frente-parlamentar\/#breadcrumb"},"inLanguage":"en-US","potentialAction":[{"@type":"ReadAction","target":["https:\/\/ubirataonline.com.br\/breno-guimaraes-assume-diretoria-legislativa-do-iub-e-reforca-articulacao-da-frente-parlamentar\/"]}]},{"@type":"ImageObject","inLanguage":"en-US","@id":"https:\/\/ubirataonline.com.br\/breno-guimaraes-assume-diretoria-legislativa-do-iub-e-reforca-articulacao-da-frente-parlamentar\/#primaryimage","url":"https:\/\/ubirataonline.com.br\/wp-content\/uploads\/2026\/09\/breno-guimaraes-assume-diretoria-legislativa-do-iub-e-reforca-articulacao-da-frente-parlamentar.webp","contentUrl":"https:\/\/ubirataonline.com.br\/wp-content\/uploads\/2026\/09\/breno-guimaraes-assume-diretoria-legislativa-do-iub-e-reforca-articulacao-da-frente-parlamentar.webp","width":1200,"height":628,"caption":"breno-guimaraes-assume-diretoria-legislativa-do-iub-e-reforca-articulacao-da-frente-parlamentar"},{"@type":"BreadcrumbList","@id":"https:\/\/ubirataonline.com.br\/breno-guimaraes-assume-diretoria-legislativa-do-iub-e-reforca-articulacao-da-frente-parlamentar\/#breadcrumb","itemListElement":[{"@type":"ListItem","position":1,"name":"In\u00edcio","item":"https:\/\/ubirataonline.com.br\/"},{"@type":"ListItem","position":2,"name":"Breno Guimar\u00e3es assume Diretoria Legislativa do IUB e refor\u00e7a articula\u00e7\u00e3o da Frente Parlamentar"}]},{"@type":"WebSite","@id":"https:\/\/ubirataonline.com.br\/#website","url":"https:\/\/ubirataonline.com.br\/","name":"Ubirat\u00e3 Online Not\u00edcias","description":"Not\u00edcias de Ubirat\u00e3, regi\u00e3o, Brasil e mundo, com informa\u00e7\u00e3o atualizada e compromisso com o leitor.","publisher":{"@id":"https:\/\/ubirataonline.com.br\/#organization"},"alternateName":"Ubirat\u00e3 Online","potentialAction":[{"@type":"SearchAction","target":{"@type":"EntryPoint","urlTemplate":"https:\/\/ubirataonline.com.br\/?s={search_term_string}"},"query-input":{"@type":"PropertyValueSpecification","valueRequired":true,"valueName":"search_term_string"}}],"inLanguage":"en-US"},{"@type":["Organization","Place"],"@id":"https:\/\/ubirataonline.com.br\/#organization","name":"Ubirat\u00e3 Online Not\u00edcias","alternateName":"Ubirat\u00e3 Online","url":"https:\/\/ubirataonline.com.br\/","logo":{"@id":"https:\/\/ubirataonline.com.br\/breno-guimaraes-assume-diretoria-legislativa-do-iub-e-reforca-articulacao-da-frente-parlamentar\/#local-main-organization-logo"},"image":{"@id":"https:\/\/ubirataonline.com.br\/breno-guimaraes-assume-diretoria-legislativa-do-iub-e-reforca-articulacao-da-frente-parlamentar\/#local-main-organization-logo"},"sameAs":["https:\/\/www.facebook.com\/portalubirataonline","https:\/\/x.com\/ubirataonline","https:\/\/mastodon.social\/@ubirataonline","https:\/\/www.facebook.com\/groups\/311144672285604","https:\/\/www.facebook.com\/UBTAOnline","https:\/\/www.instagram.com\/portalubirataonline\/","https:\/\/twitter.com\/ubirataonline"],"description":"Somos um portal de not\u00edcias independente, criado em 5 de janeiro de 2009, com o objetivo de informar, conectar e valorizar a nossa comunidade de Ubirat\u00e3 e toda aregi\u00e3o. Com conte\u00fado atualizado, confi\u00e1vel e relevante, o Ubirat\u00e3 Online \u00e9 o seu espa\u00e7o para ficar por dentro dos principais acontecimentos locais, regionais, Brasil, Mundo e de interesse geral. Nosso compromisso \u00e9 com a verdade, a transpar\u00eancia e o respeito ao leitor.","legalName":"UBIRATA ONLINE NOT\u00cdCIAS","foundingDate":"2009-01-05","numberOfEmployees":{"@type":"QuantitativeValue","minValue":"1","maxValue":"10"},"publishingPrinciples":"https:\/\/ubirataonline.com.br\/faq\/","address":{"@id":"https:\/\/ubirataonline.com.br\/breno-guimaraes-assume-diretoria-legislativa-do-iub-e-reforca-articulacao-da-frente-parlamentar\/#local-main-place-address"},"geo":{"@type":"GeoCoordinates","latitude":"-24.5361401","longitude":"-52.9921776"},"telephone":["+5544998308235"],"contactPoint":{"@type":"ContactPoint","email":"contato@ubirataonline.com.br"},"openingHoursSpecification":{"@type":"OpeningHoursSpecification","dayOfWeek":["Monday","Tuesday","Wednesday","Thursday","Friday","Saturday","Sunday"],"opens":"00:00","closes":"23:59"},"email":"contato@ubirataonline.com.br","vatID":"47.621.418\/0001-80"},{"@type":"Person","@id":"https:\/\/ubirataonline.com.br\/#\/schema\/person\/372f87bbd3fdd79b8556b84c98d0bc1c","name":"REDA\u00c7\u00c3O: UBIRAT\u00c3 ONLINE - F\u00c1BIO AUGUSTO CELESTINO","pronouns":"Ele","description":"Desde 2003 trabalhando com not\u00edcias.","sameAs":["http:\/\/ubirataoline.com.br","https:\/\/www.facebook.com\/portalubirataonline","https:\/\/www.instagram.com\/ubirataonline_oficial","https:\/\/x.com\/x.com\/ubirataonline"],"honorificPrefix":"Mr.","honorificSuffix":"MD","birthDate":"1980-06-16","gender":"masculino","award":["V\u00e1rios pr\u00eamios de melhor portal da cidade"],"jobTitle":"Diretor","url":"https:\/\/ubirataonline.com.br\/en\/author\/ubirataonline\/"},{"@type":"PostalAddress","@id":"https:\/\/ubirataonline.com.br\/breno-guimaraes-assume-diretoria-legislativa-do-iub-e-reforca-articulacao-da-frente-parlamentar\/#local-main-place-address","streetAddress":"Rua dos Coqueiros, 104 - Bairro Boa Vista, Rua dos Coqueiros, 104 Bairro Boa Vista","addressLocality":"UBIRATA","postalCode":"85440-000","addressRegion":"PR","addressCountry":"BR"},{"@type":"ImageObject","inLanguage":"en-US","@id":"https:\/\/ubirataonline.com.br\/breno-guimaraes-assume-diretoria-legislativa-do-iub-e-reforca-articulacao-da-frente-parlamentar\/#local-main-organization-logo","url":"https:\/\/ubirataonline.com.br\/wp-content\/uploads\/2026\/06\/logoubirataonline-1.webp","contentUrl":"https:\/\/ubirataonline.com.br\/wp-content\/uploads\/2026\/06\/logoubirataonline-1.webp","width":500,"height":500,"caption":"Ubirat\u00e3 Online Not\u00edcias"}]},"geo.placename":"UBIRATA","geo.position":{"lat":"-24.5361401","long":"-52.9921776"},"geo.region":"Brazil"},"_links":{"self":[{"href":"https:\/\/ubirataonline.com.br\/en\/wp-json\/wp\/v2\/posts\/169710","targetHints":{"allow":["GET"]}}],"collection":[{"href":"https:\/\/ubirataonline.com.br\/en\/wp-json\/wp\/v2\/posts"}],"about":[{"href":"https:\/\/ubirataonline.com.br\/en\/wp-json\/wp\/v2\/types\/post"}],"author":[{"embeddable":true,"href":"https:\/\/ubirataonline.com.br\/en\/wp-json\/wp\/v2\/users\/1"}],"replies":[{"embeddable":true,"href":"https:\/\/ubirataonline.com.br\/en\/wp-json\/wp\/v2\/comments?post=169710"}],"version-history":[{"count":1,"href":"https:\/\/ubirataonline.com.br\/en\/wp-json\/wp\/v2\/posts\/169710\/revisions"}],"predecessor-version":[{"id":169713,"href":"https:\/\/ubirataonline.com.br\/en\/wp-json\/wp\/v2\/posts\/169710\/revisions\/169713"}],"wp:featuredmedia":[{"embeddable":true,"href":"https:\/\/ubirataonline.com.br\/en\/wp-json\/wp\/v2\/media\/169712"}],"wp:attachment":[{"href":"https:\/\/ubirataonline.com.br\/en\/wp-json\/wp\/v2\/media?parent=169710"}],"wp:term":[{"taxonomy":"category","embeddable":true,"href":"https:\/\/ubirataonline.com.br\/en\/wp-json\/wp\/v2\/categories?post=169710"},{"taxonomy":"post_tag","embeddable":true,"href":"https:\/\/ubirataonline.com.br\/en\/wp-json\/wp\/v2\/tags?post=169710"}],"curies":[{"name":"wp","href":"https:\/\/api.w.org\/{rel}","templated":true}]}}