{"id":169731,"date":"2026-08-31T21:51:04","date_gmt":"2026-09-01T00:51:04","guid":{"rendered":"https:\/\/ubirataonline.com.br\/edson-jose-bandeira-braga-filho-reflete-sobre-o-fogo-antes-do-ouro-e-os-ciclos-de-transformacao-no-empreendedorismo\/"},"modified":"2026-08-31T21:51:04","modified_gmt":"2026-09-01T00:51:04","slug":"edson-jose-bandeira-braga-filho-reflete-sobre-o-fogo-antes-do-ouro-e-os-ciclos-de-transformacao-no-empreendedorismo","status":"publish","type":"post","link":"https:\/\/ubirataonline.com.br\/en\/edson-jose-bandeira-braga-filho-reflete-sobre-o-fogo-antes-do-ouro-e-os-ciclos-de-transformacao-no-empreendedorismo\/","title":{"rendered":"Edson Jos\u00e9 Bandeira Braga Filho reflete sobre o \u201cfogo antes do ouro\u201d e os ciclos de transforma\u00e7\u00e3o no empreendedorismo"},"content":{"rendered":"<h3>Para Edson Braga, algumas fases de crise e desconforto n\u00e3o representam necessariamente fracasso, mas podem marcar o momento em que antigas estruturas deixam de fazer sentido e uma nova forma de lideran\u00e7a come\u00e7a a surgir<\/h3>\n<p>Existem fases da vida empresarial que dificilmente aparecem nas fotografias de sucesso.<\/p>\n<p>Momentos em que a empresa continua existindo, mas j\u00e1 n\u00e3o produz o mesmo sentido.<\/p>\n<p>Per\u00edodos em que rela\u00e7\u00f5es profissionais come\u00e7am a parecer desalinhadas.<\/p>\n<p>Situa\u00e7\u00f5es em que resultados externos permanecem relevantes, mas deixam de preencher determinadas inquieta\u00e7\u00f5es internas.<\/p>\n<p>Para <strong>Edson Jos\u00e9 Bandeira Braga Filho, tamb\u00e9m conhecido como Edson Braga<\/strong>, essas fases podem ser compreendidas como momentos de transforma\u00e7\u00e3o profunda.<\/p>\n<p>Em sua reflex\u00e3o, ele utiliza a imagem do <strong>nigredo<\/strong>, termo associado simbolicamente \u00e0 alquimia, como met\u00e1fora para aquele per\u00edodo em que estruturas antigas come\u00e7am a perder for\u00e7a antes que uma nova dire\u00e7\u00e3o esteja completamente clara.<\/p>\n<p>Edson chama esse processo de uma esp\u00e9cie de \u201cfogo antes do ouro\u201d.<\/p>\n<p>N\u00e3o necessariamente porque toda dificuldade tenha um significado positivo, mas porque determinadas crises podem obrigar uma pessoa a rever aquilo que vinha sustentando sua identidade, sua lideran\u00e7a e suas decis\u00f5es.<\/p>\n<h2>Nem toda escurid\u00e3o representa fracasso<\/h2>\n<p>Quando alguma coisa come\u00e7a a perder sentido, a primeira rea\u00e7\u00e3o costuma ser interpretar a situa\u00e7\u00e3o como queda.<\/p>\n<p>Uma empresa que precisa mudar.<\/p>\n<p>Uma estrutura que deixa de funcionar.<\/p>\n<p>Uma parceria que j\u00e1 n\u00e3o faz sentido.<\/p>\n<p>Um ambiente que passa a limitar.<\/p>\n<p>Uma identidade profissional que parece n\u00e3o representar mais aquilo que algu\u00e9m est\u00e1 se tornando.<\/p>\n<p>Para Edson Braga, essas experi\u00eancias podem ser desconfort\u00e1veis justamente porque retiram refer\u00eancias que durante muito tempo ofereceram seguran\u00e7a.<\/p>\n<p>O problema \u00e9 que seguran\u00e7a e crescimento nem sempre caminham juntos.<\/p>\n<p>Em alguns momentos, continuar exatamente como antes pode produzir mais perda do que transforma\u00e7\u00e3o.<\/p>\n<h2>O que foi importante em uma fase pode deixar de servir na seguinte<\/h2>\n<p>Uma empresa pode ter sido essencial para construir reputa\u00e7\u00e3o.<\/p>\n<p>Uma determinada estrat\u00e9gia pode ter produzido resultados durante anos.<\/p>\n<p>Um ambiente pode ter sido importante para uma etapa da trajet\u00f3ria.<\/p>\n<p>Isso n\u00e3o significa, entretanto, que tudo precise permanecer para sempre.<\/p>\n<p>Segundo Edson Jos\u00e9 Bandeira Braga Filho, um dos desafios da maturidade est\u00e1 em reconhecer quando determinada estrutura cumpriu sua fun\u00e7\u00e3o.<\/p>\n<p>Encerrar um ciclo n\u00e3o necessariamente diminui aquilo que ele representou.<\/p>\n<p>Pode simplesmente significar que a pr\u00f3xima etapa exige outra forma de caminhar.<\/p>\n<h2>A identidade do empreendedor tamb\u00e9m pode precisar mudar<\/h2>\n<p>Empreendedores passam muitos anos construindo identidades.<\/p>\n<p>Fundador.<\/p>\n<p>Empres\u00e1rio.<\/p>\n<p>L\u00edder.<\/p>\n<p>Especialista.<\/p>\n<p>Aquele que resolve.<\/p>\n<p>Aquele que faz acontecer.<\/p>\n<p>Essas identidades ajudam a construir trajet\u00f3ria e reputa\u00e7\u00e3o.<\/p>\n<p>Mas Edson Braga chama aten\u00e7\u00e3o para o risco de transformar aquilo que foi constru\u00eddo em obriga\u00e7\u00e3o permanente.<\/p>\n<p>Uma pessoa pode continuar defendendo determinada estrutura n\u00e3o porque ainda acredita nela, mas porque admitir a necessidade de mudan\u00e7a significaria questionar parte da pr\u00f3pria identidade.<\/p>\n<p>Nesse sentido, algumas transforma\u00e7\u00f5es empresariais come\u00e7am antes dentro do l\u00edder do que dentro da empresa.<\/p>\n<h2>Quando o ego que construiu j\u00e1 n\u00e3o \u00e9 suficiente para sustentar<\/h2>\n<p>Na met\u00e1fora utilizada por Edson Jos\u00e9 Bandeira Braga Filho, o processo de transforma\u00e7\u00e3o exige revisar motiva\u00e7\u00f5es.<\/p>\n<p>O que inicialmente levou algu\u00e9m a construir?<\/p>\n<p>Reconhecimento?<\/p>\n<p>Necessidade de provar capacidade?<\/p>\n<p>Busca por independ\u00eancia?<\/p>\n<p>Desejo de produzir impacto?<\/p>\n<p>Ambi\u00e7\u00e3o?<\/p>\n<p>Prop\u00f3sito?<\/p>\n<p>Provavelmente uma combina\u00e7\u00e3o de v\u00e1rios fatores.<\/p>\n<p>Mas aquilo que impulsiona uma pessoa no in\u00edcio pode n\u00e3o ser suficiente para orientar todas as fases posteriores.<\/p>\n<p>Para Edson, chega um momento em que a pergunta deixa de ser apenas:<\/p>\n<p><strong>\u201cO que consigo construir?\u201d<\/strong><\/p>\n<p>E passa a ser:<\/p>\n<p><strong>\u201cO que realmente merece continuar sendo constru\u00eddo?\u201d<\/strong><\/p>\n<h2>O desconforto pode revelar desalinhamentos<\/h2>\n<p>Nem todo desconforto deve ser interpretado como sinal de mudan\u00e7a.<\/p>\n<p>Existem per\u00edodos dif\u00edceis que exigem apenas perseveran\u00e7a.<\/p>\n<p>Mas Edson Braga considera importante observar quando o inc\u00f4modo deixa de ser pontual e come\u00e7a a revelar um desalinhamento mais profundo.<\/p>\n<p>A empresa continua crescendo, mas o prop\u00f3sito desapareceu?<\/p>\n<p>Os resultados melhoraram, mas a qualidade da vida piorou?<\/p>\n<p>O neg\u00f3cio ficou maior, mas a liberdade diminuiu?<\/p>\n<p>A agenda est\u00e1 cheia, enquanto a sensa\u00e7\u00e3o de dire\u00e7\u00e3o desaparece?<\/p>\n<p>Essas perguntas podem indicar que o problema n\u00e3o est\u00e1 simplesmente na necessidade de trabalhar mais.<\/p>\n<p>Talvez seja necess\u00e1rio enxergar melhor.<\/p>\n<h2>A transforma\u00e7\u00e3o come\u00e7a com perda de certezas<\/h2>\n<p>Uma das partes mais dif\u00edceis de qualquer mudan\u00e7a est\u00e1 em abandonar certezas antigas.<\/p>\n<p>Durante muitos anos, algumas ideias ajudam a organizar decis\u00f5es.<\/p>\n<p>Quem somos.<\/p>\n<p>O que queremos.<\/p>\n<p>Como empresas devem funcionar.<\/p>\n<p>O que significa sucesso.<\/p>\n<p>Qual \u00e9 o pr\u00f3ximo objetivo.<\/p>\n<p>Quando essas certezas deixam de funcionar, surge um per\u00edodo de instabilidade.<\/p>\n<p>Para Edson Jos\u00e9 Bandeira Braga Filho, entretanto, perder uma certeza nem sempre representa perder dire\u00e7\u00e3o.<\/p>\n<p>\u00c0s vezes, significa apenas reconhecer que a dire\u00e7\u00e3o anterior j\u00e1 n\u00e3o serve.<\/p>\n<h2>Consci\u00eancia pode ser um ganho invis\u00edvel<\/h2>\n<p>Alguns per\u00edodos de transforma\u00e7\u00e3o n\u00e3o produzem imediatamente crescimento financeiro.<\/p>\n<p>N\u00e3o aumentam faturamento.<\/p>\n<p>N\u00e3o geram reconhecimento.<\/p>\n<p>N\u00e3o produzem resultados que possam ser exibidos.<\/p>\n<p>Mas podem desenvolver consci\u00eancia.<\/p>\n<p>Para Edson Braga, esse talvez seja um dos ganhos mais importantes.<\/p>\n<p>Consci\u00eancia sobre as pr\u00f3prias motiva\u00e7\u00f5es.<\/p>\n<p>Sobre os limites.<\/p>\n<p>Sobre aquilo que deixou de fazer sentido.<\/p>\n<p>Sobre o tipo de empresa que se deseja construir.<\/p>\n<p>Sobre as pessoas com quem se deseja caminhar.<\/p>\n<p>Sobre aquilo que j\u00e1 n\u00e3o vale o pre\u00e7o exigido.<\/p>\n<p>Esse aprendizado dificilmente aparece em uma demonstra\u00e7\u00e3o financeira.<\/p>\n<p>Mas pode mudar todas as decis\u00f5es seguintes.<\/p>\n<h2>O empreendedor tamb\u00e9m precisa descobrir se ama o resultado ou o prop\u00f3sito<\/h2>\n<p>Existe uma diferen\u00e7a importante entre desejar determinado resultado e possuir compromisso com aquilo que est\u00e1 por tr\u00e1s dele.<\/p>\n<p>Se o resultado desaparecesse temporariamente, ainda haveria raz\u00e3o para continuar?<\/p>\n<p>Se o reconhecimento terminasse, a constru\u00e7\u00e3o ainda faria sentido?<\/p>\n<p>Se ningu\u00e9m estivesse observando, aquela decis\u00e3o continuaria sendo tomada?<\/p>\n<p>Para Edson Jos\u00e9 Bandeira Braga Filho, perguntas como essas ajudam a separar prop\u00f3sito de necessidade de valida\u00e7\u00e3o.<\/p>\n<p>O resultado pode ser importante.<\/p>\n<p>Mas, quando ele se transforma na \u00fanica fonte de identidade, qualquer crise passa a amea\u00e7ar n\u00e3o apenas o neg\u00f3cio, mas a pr\u00f3pria percep\u00e7\u00e3o que o empreendedor possui de si.<\/p>\n<h2>Algumas mudan\u00e7as exigem abandonar estruturas que ajudamos a construir<\/h2>\n<p>Uma das maiores dificuldades para quem empreende \u00e9 reconhecer quando precisa sair de algo criado pelas pr\u00f3prias m\u00e3os.<\/p>\n<p>Uma empresa.<\/p>\n<p>Um projeto.<\/p>\n<p>Uma sociedade.<\/p>\n<p>Um modelo de neg\u00f3cio.<\/p>\n<p>Um ambiente.<\/p>\n<p>Uma estrat\u00e9gia.<\/p>\n<p>Quanto maior o investimento emocional, mais dif\u00edcil se torna mudar.<\/p>\n<p>Para Edson Braga, encerrar determinados ciclos n\u00e3o significa necessariamente negar aquilo que foi constru\u00eddo.<\/p>\n<p>Pode significar reconhecer que aquela constru\u00e7\u00e3o cumpriu seu papel.<\/p>\n<p>\u00c0s vezes, continuar por orgulho custa mais do que mudar por consci\u00eancia.<\/p>\n<h2>O \u201cfogo\u201d tamb\u00e9m testa a qualidade da lideran\u00e7a<\/h2>\n<p>Em per\u00edodos de estabilidade, muitas compet\u00eancias permanecem pouco testadas.<\/p>\n<p>\u00c9 durante as mudan\u00e7as que aparecem outras dimens\u00f5es da lideran\u00e7a.<\/p>\n<p>Capacidade de permanecer sereno.<\/p>\n<p>Reconhecer erros.<\/p>\n<p>Rever decis\u00f5es.<\/p>\n<p>Escutar.<\/p>\n<p>Mudar de dire\u00e7\u00e3o.<\/p>\n<p>Suportar a aus\u00eancia tempor\u00e1ria de respostas.<\/p>\n<p>Para Edson Jos\u00e9 Bandeira Braga Filho, uma lideran\u00e7a mais consciente n\u00e3o depende apenas de convic\u00e7\u00e3o.<\/p>\n<p>Tamb\u00e9m precisa conviver com incerteza.<\/p>\n<p>O l\u00edder n\u00e3o precisa saber imediatamente qual ser\u00e1 a pr\u00f3xima forma.<\/p>\n<p>Mas precisa estar disposto a reconhecer quando a antiga j\u00e1 n\u00e3o funciona.<\/p>\n<h2>Depois da crise, a vis\u00e3o pode ganhar clareza<\/h2>\n<p>Edson utiliza em sua reflex\u00e3o a ideia de que, depois do per\u00edodo simb\u00f3lico de escurid\u00e3o, pode surgir uma etapa de maior clareza.<\/p>\n<p>N\u00e3o porque todas as dificuldades desapare\u00e7am.<\/p>\n<p>Mas porque a pessoa passa a compreender melhor aquilo que deseja preservar e aquilo que precisa abandonar.<\/p>\n<p>Algumas decis\u00f5es ficam mais simples.<\/p>\n<p>Determinadas propostas deixam de parecer irresist\u00edveis.<\/p>\n<p>A necessidade de aprova\u00e7\u00e3o diminui.<\/p>\n<p>O l\u00edder passa a escolher com maior consci\u00eancia.<\/p>\n<p>Para Edson Braga, talvez essa seja uma das marcas da maturidade: decidir menos a partir da necessidade de ser validado e mais a partir daquilo que realmente faz sentido.<\/p>\n<h2>Nem toda proposta precisa ser uma oportunidade<\/h2>\n<p>O amadurecimento tamb\u00e9m altera a maneira de enxergar neg\u00f3cios.<\/p>\n<p>Uma proposta financeiramente atraente pode n\u00e3o corresponder aos princ\u00edpios de quem precisa execut\u00e1-la.<\/p>\n<p>Uma oportunidade pode produzir crescimento e, ao mesmo tempo, afastar a empresa daquilo que deveria sustentar sua trajet\u00f3ria.<\/p>\n<p>Edson Jos\u00e9 Bandeira Braga Filho considera que determinados ciclos ensinam justamente essa capacidade de sele\u00e7\u00e3o.<\/p>\n<p>Depois de algumas experi\u00eancias, o empreendedor deixa de perguntar apenas quanto determinado neg\u00f3cio pode gerar.<\/p>\n<p>Passa a perguntar tamb\u00e9m:<\/p>\n<p>O que ele exigir\u00e1?<\/p>\n<p>Que tipo de empresa ajudar\u00e1 a construir?<\/p>\n<p>Que tipo de pessoa ser\u00e1 necess\u00e1rio tornar-se para sustent\u00e1-lo?<\/p>\n<h2>Mudar de ambiente tamb\u00e9m pode fazer parte do processo<\/h2>\n<p>H\u00e1 transforma\u00e7\u00f5es que exigem mudan\u00e7a f\u00edsica.<\/p>\n<p>Cidade.<\/p>\n<p>Mercado.<\/p>\n<p>Equipe.<\/p>\n<p>Ambiente profissional.<\/p>\n<p>Outras s\u00e3o internas.<\/p>\n<p>Mentalidade.<\/p>\n<p>Prioridades.<\/p>\n<p>Rela\u00e7\u00e3o com o dinheiro.<\/p>\n<p>Rela\u00e7\u00e3o com o poder.<\/p>\n<p>Maneira de liderar.<\/p>\n<p>Para Edson Braga, ambos os movimentos podem fazer parte de uma mesma reorganiza\u00e7\u00e3o.<\/p>\n<p>Mudar de lugar n\u00e3o resolve automaticamente uma crise.<\/p>\n<p>Mas, em determinadas situa\u00e7\u00f5es, pode criar dist\u00e2ncia suficiente para enxergar aquilo que dentro do ambiente antigo permanecia invis\u00edvel.<\/p>\n<h2>O empreendedor consciente n\u00e3o precisa entrar em p\u00e2nico diante de toda mudan\u00e7a<\/h2>\n<p>Crises naturalmente produzem inseguran\u00e7a.<\/p>\n<p>\u00c9 esperado.<\/p>\n<p>O problema surge quando toda instabilidade \u00e9 interpretada automaticamente como destrui\u00e7\u00e3o.<\/p>\n<p>Para Edson Jos\u00e9 Bandeira Braga Filho, algumas mudan\u00e7as tamb\u00e9m podem significar prepara\u00e7\u00e3o.<\/p>\n<p>N\u00e3o existe garantia de que todo per\u00edodo dif\u00edcil produzir\u00e1 crescimento.<\/p>\n<p>Mas existe a possibilidade de atravess\u00e1-lo com aten\u00e7\u00e3o suficiente para aprender alguma coisa sobre si, sobre a empresa e sobre aquilo que precisa mudar.<\/p>\n<h2>Nem tudo aquilo que est\u00e1 sendo perdido pertence ao futuro<\/h2>\n<p>Essa talvez seja uma das ideias centrais da reflex\u00e3o de Edson Braga.<\/p>\n<p>Quando estruturas antigas come\u00e7am a desaparecer, existe uma tend\u00eancia de tentar preserv\u00e1-las a qualquer custo.<\/p>\n<p>Mas algumas delas podem simplesmente n\u00e3o pertencer ao pr\u00f3ximo est\u00e1gio.<\/p>\n<p>Uma antiga maneira de liderar.<\/p>\n<p>Uma necessidade de reconhecimento.<\/p>\n<p>Uma rela\u00e7\u00e3o profissional.<\/p>\n<p>Um modelo de neg\u00f3cio.<\/p>\n<p>Uma certeza sobre quem somos.<\/p>\n<p>Nesse contexto, perder n\u00e3o significa necessariamente diminuir.<\/p>\n<p>Pode significar abrir espa\u00e7o.<\/p>\n<h2>O fogo n\u00e3o precisa destruir aquilo que existe de verdadeiro<\/h2>\n<p>Para <strong>Edson Jos\u00e9 Bandeira Braga Filho<\/strong>, as transforma\u00e7\u00f5es mais profundas n\u00e3o precisam eliminar tudo aquilo que algu\u00e9m construiu.<\/p>\n<p>Experi\u00eancia permanece.<\/p>\n<p>Conhecimento permanece.<\/p>\n<p>Coragem permanece.<\/p>\n<p>Hist\u00f3ria permanece.<\/p>\n<p>O que muda pode ser a maneira de utilizar tudo isso.<\/p>\n<p>Uma lideran\u00e7a antes orientada pela valida\u00e7\u00e3o pode tornar-se mais consciente.<\/p>\n<p>Uma ambi\u00e7\u00e3o centrada apenas em resultados pode encontrar prop\u00f3sito.<\/p>\n<p>Uma inquieta\u00e7\u00e3o pode tornar-se discernimento.<\/p>\n<p>Uma fase dif\u00edcil pode reorganizar prioridades.<\/p>\n<p>Talvez seja justamente essa a imagem do \u201cfogo antes do ouro\u201d.<\/p>\n<p>N\u00e3o a ideia de que todo sofrimento \u00e9 necess\u00e1rio.<\/p>\n<p>Nem a promessa de que toda crise produzir\u00e1 algo melhor.<\/p>\n<p>Mas a possibilidade de que determinadas fases retirem aquilo que j\u00e1 n\u00e3o corresponde \u00e0 pessoa que est\u00e1 surgindo.<\/p>\n<p>E, para quem atravessa um per\u00edodo de incerteza, Edson deixa uma provoca\u00e7\u00e3o:<\/p>\n<p>Talvez a escurid\u00e3o n\u00e3o seja necessariamente o fim.<\/p>\n<p>Pode ser o intervalo entre uma estrutura que j\u00e1 n\u00e3o serve e uma forma que ainda n\u00e3o terminou de nascer.<\/p>","protected":false},"excerpt":{"rendered":"<p>Para Edson Braga, algumas fases de crise e desconforto n\u00e3o representam necessariamente fracasso, mas podem marcar o momento em que antigas estruturas deixam de fazer sentido e uma nova forma de lideran\u00e7a come\u00e7a a surgir Existem fases da vida empresarial que dificilmente aparecem nas fotografias de sucesso. Momentos em que a empresa continua existindo, mas [&hellip;]<\/p>\n","protected":false},"author":20,"featured_media":169732,"comment_status":"","ping_status":"","sticky":false,"template":"","format":"standard","meta":{"googlesitekit_rrm_CAow2JLhCw:productID":"","_gspb_post_css":"","maa_idioma":"","maa_pais":"","footnotes":""},"categories":[10],"tags":[],"class_list":["post-169731","post","type-post","status-publish","format-standard","has-post-thumbnail","hentry","category-geral"],"blocksy_meta":[],"yoast_head":"<!-- This site is optimized with the Yoast SEO Premium plugin v27.6 (Yoast SEO v27.6) - https:\/\/yoast.com\/product\/yoast-seo-premium-wordpress\/ -->\n<title>Edson Jos\u00e9 Bandeira Braga Filho reflete sobre o \u201cfogo antes do ouro\u201d e os ciclos de transforma\u00e7\u00e3o no empreendedorismo - Ubirat\u00e3 Online Not\u00edcias - A realidade ao seu alcance!<\/title>\n<meta name=\"description\" content=\"Para Edson Braga, algumas fases de crise e desconforto n\u00e3o representam necessariamente fracasso, mas podem marcar o momento em que antigas estruturas\" \/>\n<meta name=\"robots\" content=\"index, follow, max-snippet:-1, max-image-preview:large, max-video-preview:-1\" \/>\n<link rel=\"canonical\" href=\"https:\/\/ubirataonline.com.br\/en\/edson-jose-bandeira-braga-filho-reflete-sobre-o-fogo-antes-do-ouro-e-os-ciclos-de-transformacao-no-empreendedorismo\/\" \/>\n<meta property=\"og:locale\" content=\"en_US\" \/>\n<meta property=\"og:type\" content=\"article\" \/>\n<meta property=\"og:title\" content=\"Edson Jos\u00e9 Bandeira Braga Filho reflete sobre o \u201cfogo antes do ouro\u201d e os ciclos de transforma\u00e7\u00e3o no empreendedorismo\" \/>\n<meta property=\"og:description\" content=\"Para Edson Braga, algumas fases de crise e desconforto n\u00e3o representam necessariamente fracasso, mas podem marcar o momento em que antigas estruturas\" \/>\n<meta property=\"og:url\" content=\"https:\/\/ubirataonline.com.br\/en\/edson-jose-bandeira-braga-filho-reflete-sobre-o-fogo-antes-do-ouro-e-os-ciclos-de-transformacao-no-empreendedorismo\/\" \/>\n<meta property=\"og:site_name\" content=\"Ubirat\u00e3 Online Not\u00edcias - A realidade ao seu alcance!\" \/>\n<meta property=\"article:publisher\" content=\"https:\/\/www.facebook.com\/portalubirataonline\" \/>\n<meta property=\"article:published_time\" content=\"2026-09-01T00:51:04+00:00\" \/>\n<meta property=\"og:image\" content=\"https:\/\/ubirataonline.com.br\/wp-content\/uploads\/2026\/05\/logo2026.webp\" \/>\n\t<meta property=\"og:image:width\" content=\"1531\" \/>\n\t<meta property=\"og:image:height\" content=\"418\" \/>\n\t<meta property=\"og:image:type\" content=\"image\/webp\" \/>\n<meta name=\"author\" content=\"Admin\" \/>\n<meta name=\"twitter:card\" content=\"summary_large_image\" \/>\n<meta name=\"twitter:creator\" content=\"@ubirataonline\" \/>\n<meta name=\"twitter:site\" content=\"@ubirataonline\" \/>\n<meta name=\"twitter:label1\" content=\"Written by\" \/>\n\t<meta name=\"twitter:data1\" content=\"Admin\" \/>\n\t<meta name=\"twitter:label2\" content=\"Est. reading time\" \/>\n\t<meta name=\"twitter:data2\" content=\"10 minutes\" \/>\n<script type=\"application\/ld+json\" class=\"yoast-schema-graph\">{\"@context\":\"https:\\\/\\\/schema.org\",\"@graph\":[{\"@type\":\"NewsArticle\",\"@id\":\"https:\\\/\\\/ubirataonline.com.br\\\/edson-jose-bandeira-braga-filho-reflete-sobre-o-fogo-antes-do-ouro-e-os-ciclos-de-transformacao-no-empreendedorismo\\\/#article\",\"isPartOf\":{\"@id\":\"https:\\\/\\\/ubirataonline.com.br\\\/edson-jose-bandeira-braga-filho-reflete-sobre-o-fogo-antes-do-ouro-e-os-ciclos-de-transformacao-no-empreendedorismo\\\/\"},\"author\":{\"name\":\"Admin\",\"@id\":\"https:\\\/\\\/ubirataonline.com.br\\\/#\\\/schema\\\/person\\\/9039435af5b2f99774963a8dda3b362a\"},\"headline\":\"Edson Jos\u00e9 Bandeira Braga Filho reflete sobre o \u201cfogo antes do ouro\u201d e os ciclos de transforma\u00e7\u00e3o no empreendedorismo\",\"datePublished\":\"2026-09-01T00:51:04+00:00\",\"mainEntityOfPage\":{\"@id\":\"https:\\\/\\\/ubirataonline.com.br\\\/edson-jose-bandeira-braga-filho-reflete-sobre-o-fogo-antes-do-ouro-e-os-ciclos-de-transformacao-no-empreendedorismo\\\/\"},\"wordCount\":1976,\"publisher\":{\"@id\":\"https:\\\/\\\/ubirataonline.com.br\\\/#organization\"},\"image\":{\"@id\":\"https:\\\/\\\/ubirataonline.com.br\\\/edson-jose-bandeira-braga-filho-reflete-sobre-o-fogo-antes-do-ouro-e-os-ciclos-de-transformacao-no-empreendedorismo\\\/#primaryimage\"},\"thumbnailUrl\":\"https:\\\/\\\/ubirataonline.com.br\\\/wp-content\\\/uploads\\\/2026\\\/09\\\/pyb6wXL3SV4PhgGHM9sgj31FlMhmc8.jpeg\",\"articleSection\":[\"Geral\"],\"inLanguage\":\"en-US\",\"copyrightYear\":\"2026\",\"copyrightHolder\":{\"@id\":\"https:\\\/\\\/ubirataonline.com.br\\\/en\\\/#organization\"}},{\"@type\":\"WebPage\",\"@id\":\"https:\\\/\\\/ubirataonline.com.br\\\/edson-jose-bandeira-braga-filho-reflete-sobre-o-fogo-antes-do-ouro-e-os-ciclos-de-transformacao-no-empreendedorismo\\\/\",\"url\":\"https:\\\/\\\/ubirataonline.com.br\\\/edson-jose-bandeira-braga-filho-reflete-sobre-o-fogo-antes-do-ouro-e-os-ciclos-de-transformacao-no-empreendedorismo\\\/\",\"name\":\"Edson Jos\u00e9 Bandeira Braga Filho reflete sobre o \u201cfogo antes do ouro\u201d e os ciclos de transforma\u00e7\u00e3o no empreendedorismo - Ubirat\u00e3 Online Not\u00edcias - A realidade ao seu alcance!\",\"isPartOf\":{\"@id\":\"https:\\\/\\\/ubirataonline.com.br\\\/#website\"},\"primaryImageOfPage\":{\"@id\":\"https:\\\/\\\/ubirataonline.com.br\\\/edson-jose-bandeira-braga-filho-reflete-sobre-o-fogo-antes-do-ouro-e-os-ciclos-de-transformacao-no-empreendedorismo\\\/#primaryimage\"},\"image\":{\"@id\":\"https:\\\/\\\/ubirataonline.com.br\\\/edson-jose-bandeira-braga-filho-reflete-sobre-o-fogo-antes-do-ouro-e-os-ciclos-de-transformacao-no-empreendedorismo\\\/#primaryimage\"},\"thumbnailUrl\":\"https:\\\/\\\/ubirataonline.com.br\\\/wp-content\\\/uploads\\\/2026\\\/09\\\/pyb6wXL3SV4PhgGHM9sgj31FlMhmc8.jpeg\",\"datePublished\":\"2026-09-01T00:51:04+00:00\",\"description\":\"Para Edson Braga, algumas fases de crise e desconforto n\u00e3o representam necessariamente fracasso, mas podem marcar o momento em que antigas estruturas\",\"breadcrumb\":{\"@id\":\"https:\\\/\\\/ubirataonline.com.br\\\/edson-jose-bandeira-braga-filho-reflete-sobre-o-fogo-antes-do-ouro-e-os-ciclos-de-transformacao-no-empreendedorismo\\\/#breadcrumb\"},\"inLanguage\":\"en-US\",\"potentialAction\":[{\"@type\":\"ReadAction\",\"target\":[\"https:\\\/\\\/ubirataonline.com.br\\\/edson-jose-bandeira-braga-filho-reflete-sobre-o-fogo-antes-do-ouro-e-os-ciclos-de-transformacao-no-empreendedorismo\\\/\"]}]},{\"@type\":\"ImageObject\",\"inLanguage\":\"en-US\",\"@id\":\"https:\\\/\\\/ubirataonline.com.br\\\/edson-jose-bandeira-braga-filho-reflete-sobre-o-fogo-antes-do-ouro-e-os-ciclos-de-transformacao-no-empreendedorismo\\\/#primaryimage\",\"url\":\"https:\\\/\\\/ubirataonline.com.br\\\/wp-content\\\/uploads\\\/2026\\\/09\\\/pyb6wXL3SV4PhgGHM9sgj31FlMhmc8.jpeg\",\"contentUrl\":\"https:\\\/\\\/ubirataonline.com.br\\\/wp-content\\\/uploads\\\/2026\\\/09\\\/pyb6wXL3SV4PhgGHM9sgj31FlMhmc8.jpeg\",\"width\":1000,\"height\":667},{\"@type\":\"BreadcrumbList\",\"@id\":\"https:\\\/\\\/ubirataonline.com.br\\\/edson-jose-bandeira-braga-filho-reflete-sobre-o-fogo-antes-do-ouro-e-os-ciclos-de-transformacao-no-empreendedorismo\\\/#breadcrumb\",\"itemListElement\":[{\"@type\":\"ListItem\",\"position\":1,\"name\":\"In\u00edcio\",\"item\":\"https:\\\/\\\/ubirataonline.com.br\\\/\"},{\"@type\":\"ListItem\",\"position\":2,\"name\":\"Edson Jos\u00e9 Bandeira Braga Filho reflete sobre o \u201cfogo antes do ouro\u201d e os ciclos de transforma\u00e7\u00e3o no empreendedorismo\"}]},{\"@type\":\"WebSite\",\"@id\":\"https:\\\/\\\/ubirataonline.com.br\\\/#website\",\"url\":\"https:\\\/\\\/ubirataonline.com.br\\\/\",\"name\":\"Ubirat\u00e3 Online Not\u00edcias\",\"description\":\"Not\u00edcias de Ubirat\u00e3, regi\u00e3o, Brasil e mundo, com informa\u00e7\u00e3o atualizada e compromisso com o leitor.\",\"publisher\":{\"@id\":\"https:\\\/\\\/ubirataonline.com.br\\\/#organization\"},\"alternateName\":\"Ubirat\u00e3 Online\",\"potentialAction\":[{\"@type\":\"SearchAction\",\"target\":{\"@type\":\"EntryPoint\",\"urlTemplate\":\"https:\\\/\\\/ubirataonline.com.br\\\/?s={search_term_string}\"},\"query-input\":{\"@type\":\"PropertyValueSpecification\",\"valueRequired\":true,\"valueName\":\"search_term_string\"}}],\"inLanguage\":\"en-US\"},{\"@type\":[\"Organization\",\"Place\"],\"@id\":\"https:\\\/\\\/ubirataonline.com.br\\\/#organization\",\"name\":\"Ubirat\u00e3 Online Not\u00edcias\",\"alternateName\":\"Ubirat\u00e3 Online\",\"url\":\"https:\\\/\\\/ubirataonline.com.br\\\/\",\"logo\":{\"@id\":\"https:\\\/\\\/ubirataonline.com.br\\\/edson-jose-bandeira-braga-filho-reflete-sobre-o-fogo-antes-do-ouro-e-os-ciclos-de-transformacao-no-empreendedorismo\\\/#local-main-organization-logo\"},\"image\":{\"@id\":\"https:\\\/\\\/ubirataonline.com.br\\\/edson-jose-bandeira-braga-filho-reflete-sobre-o-fogo-antes-do-ouro-e-os-ciclos-de-transformacao-no-empreendedorismo\\\/#local-main-organization-logo\"},\"sameAs\":[\"https:\\\/\\\/www.facebook.com\\\/portalubirataonline\",\"https:\\\/\\\/x.com\\\/ubirataonline\",\"https:\\\/\\\/mastodon.social\\\/@ubirataonline\",\"https:\\\/\\\/www.facebook.com\\\/groups\\\/311144672285604\",\"https:\\\/\\\/www.facebook.com\\\/UBTAOnline\",\"https:\\\/\\\/www.instagram.com\\\/portalubirataonline\\\/\",\"https:\\\/\\\/twitter.com\\\/ubirataonline\"],\"description\":\"Somos um portal de not\u00edcias independente, criado em 5 de janeiro de 2009, com o objetivo de informar, conectar e valorizar a nossa comunidade de Ubirat\u00e3 e toda aregi\u00e3o. Com conte\u00fado atualizado, confi\u00e1vel e relevante, o Ubirat\u00e3 Online \u00e9 o seu espa\u00e7o para ficar por dentro dos principais acontecimentos locais, regionais, Brasil, Mundo e de interesse geral. Nosso compromisso \u00e9 com a verdade, a transpar\u00eancia e o respeito ao leitor.\",\"legalName\":\"UBIRATA ONLINE NOT\u00cdCIAS\",\"foundingDate\":\"2009-01-05\",\"numberOfEmployees\":{\"@type\":\"QuantitativeValue\",\"minValue\":\"1\",\"maxValue\":\"10\"},\"publishingPrinciples\":\"https:\\\/\\\/ubirataonline.com.br\\\/faq\\\/\",\"address\":{\"@id\":\"https:\\\/\\\/ubirataonline.com.br\\\/edson-jose-bandeira-braga-filho-reflete-sobre-o-fogo-antes-do-ouro-e-os-ciclos-de-transformacao-no-empreendedorismo\\\/#local-main-place-address\"},\"geo\":{\"@type\":\"GeoCoordinates\",\"latitude\":\"-24.5361401\",\"longitude\":\"-52.9921776\"},\"telephone\":[\"+5544998308235\"],\"contactPoint\":{\"@type\":\"ContactPoint\",\"email\":\"contato@ubirataonline.com.br\"},\"openingHoursSpecification\":{\"@type\":\"OpeningHoursSpecification\",\"dayOfWeek\":[\"Monday\",\"Tuesday\",\"Wednesday\",\"Thursday\",\"Friday\",\"Saturday\",\"Sunday\"],\"opens\":\"00:00\",\"closes\":\"23:59\"},\"email\":\"contato@ubirataonline.com.br\",\"vatID\":\"47.621.418\\\/0001-80\"},{\"@type\":\"Person\",\"@id\":\"https:\\\/\\\/ubirataonline.com.br\\\/#\\\/schema\\\/person\\\/9039435af5b2f99774963a8dda3b362a\",\"name\":\"Admin\",\"url\":\"https:\\\/\\\/ubirataonline.com.br\\\/en\\\/author\\\/admin\\\/\"},{\"@type\":\"PostalAddress\",\"@id\":\"https:\\\/\\\/ubirataonline.com.br\\\/edson-jose-bandeira-braga-filho-reflete-sobre-o-fogo-antes-do-ouro-e-os-ciclos-de-transformacao-no-empreendedorismo\\\/#local-main-place-address\",\"streetAddress\":\"Rua dos Coqueiros, 104 - Bairro Boa Vista, Rua dos Coqueiros, 104 Bairro Boa Vista\",\"addressLocality\":\"UBIRATA\",\"postalCode\":\"85440-000\",\"addressRegion\":\"PR\",\"addressCountry\":\"BR\"},{\"@type\":\"ImageObject\",\"inLanguage\":\"en-US\",\"@id\":\"https:\\\/\\\/ubirataonline.com.br\\\/edson-jose-bandeira-braga-filho-reflete-sobre-o-fogo-antes-do-ouro-e-os-ciclos-de-transformacao-no-empreendedorismo\\\/#local-main-organization-logo\",\"url\":\"https:\\\/\\\/ubirataonline.com.br\\\/wp-content\\\/uploads\\\/2026\\\/06\\\/logoubirataonline-1.webp\",\"contentUrl\":\"https:\\\/\\\/ubirataonline.com.br\\\/wp-content\\\/uploads\\\/2026\\\/06\\\/logoubirataonline-1.webp\",\"width\":500,\"height\":500,\"caption\":\"Ubirat\u00e3 Online Not\u00edcias\"}]}<\/script>\n<meta name=\"geo.placename\" content=\"UBIRATA\" \/>\n<meta name=\"geo.position\" content=\"-24.5361401;-52.9921776\" \/>\n<meta name=\"geo.region\" content=\"Brazil\" \/>\n<!-- \/ Yoast SEO Premium plugin. -->","yoast_head_json":{"title":"Edson Jos\u00e9 Bandeira Braga Filho reflete sobre o \u201cfogo antes do ouro\u201d e os ciclos de transforma\u00e7\u00e3o no empreendedorismo - Ubirat\u00e3 Online Not\u00edcias - A realidade ao seu alcance!","description":"Para Edson Braga, algumas fases de crise e desconforto n\u00e3o representam necessariamente fracasso, mas podem marcar o momento em que antigas estruturas","robots":{"index":"index","follow":"follow","max-snippet":"max-snippet:-1","max-image-preview":"max-image-preview:large","max-video-preview":"max-video-preview:-1"},"canonical":"https:\/\/ubirataonline.com.br\/en\/edson-jose-bandeira-braga-filho-reflete-sobre-o-fogo-antes-do-ouro-e-os-ciclos-de-transformacao-no-empreendedorismo\/","og_locale":"en_US","og_type":"article","og_title":"Edson Jos\u00e9 Bandeira Braga Filho reflete sobre o \u201cfogo antes do ouro\u201d e os ciclos de transforma\u00e7\u00e3o no empreendedorismo","og_description":"Para Edson Braga, algumas fases de crise e desconforto n\u00e3o representam necessariamente fracasso, mas podem marcar o momento em que antigas estruturas","og_url":"https:\/\/ubirataonline.com.br\/en\/edson-jose-bandeira-braga-filho-reflete-sobre-o-fogo-antes-do-ouro-e-os-ciclos-de-transformacao-no-empreendedorismo\/","og_site_name":"Ubirat\u00e3 Online Not\u00edcias - A realidade ao seu alcance!","article_publisher":"https:\/\/www.facebook.com\/portalubirataonline","article_published_time":"2026-09-01T00:51:04+00:00","og_image":[{"width":1531,"height":418,"url":"https:\/\/ubirataonline.com.br\/wp-content\/uploads\/2026\/05\/logo2026.webp","type":"image\/webp"}],"author":"Admin","twitter_card":"summary_large_image","twitter_creator":"@ubirataonline","twitter_site":"@ubirataonline","twitter_misc":{"Written by":"Admin","Est. reading time":"10 minutes"},"schema":{"@context":"https:\/\/schema.org","@graph":[{"@type":"NewsArticle","@id":"https:\/\/ubirataonline.com.br\/edson-jose-bandeira-braga-filho-reflete-sobre-o-fogo-antes-do-ouro-e-os-ciclos-de-transformacao-no-empreendedorismo\/#article","isPartOf":{"@id":"https:\/\/ubirataonline.com.br\/edson-jose-bandeira-braga-filho-reflete-sobre-o-fogo-antes-do-ouro-e-os-ciclos-de-transformacao-no-empreendedorismo\/"},"author":{"name":"Admin","@id":"https:\/\/ubirataonline.com.br\/#\/schema\/person\/9039435af5b2f99774963a8dda3b362a"},"headline":"Edson Jos\u00e9 Bandeira Braga Filho reflete sobre o \u201cfogo antes do ouro\u201d e os ciclos de transforma\u00e7\u00e3o no empreendedorismo","datePublished":"2026-09-01T00:51:04+00:00","mainEntityOfPage":{"@id":"https:\/\/ubirataonline.com.br\/edson-jose-bandeira-braga-filho-reflete-sobre-o-fogo-antes-do-ouro-e-os-ciclos-de-transformacao-no-empreendedorismo\/"},"wordCount":1976,"publisher":{"@id":"https:\/\/ubirataonline.com.br\/#organization"},"image":{"@id":"https:\/\/ubirataonline.com.br\/edson-jose-bandeira-braga-filho-reflete-sobre-o-fogo-antes-do-ouro-e-os-ciclos-de-transformacao-no-empreendedorismo\/#primaryimage"},"thumbnailUrl":"https:\/\/ubirataonline.com.br\/wp-content\/uploads\/2026\/09\/pyb6wXL3SV4PhgGHM9sgj31FlMhmc8.jpeg","articleSection":["Geral"],"inLanguage":"en-US","copyrightYear":"2026","copyrightHolder":{"@id":"https:\/\/ubirataonline.com.br\/en\/#organization"}},{"@type":"WebPage","@id":"https:\/\/ubirataonline.com.br\/edson-jose-bandeira-braga-filho-reflete-sobre-o-fogo-antes-do-ouro-e-os-ciclos-de-transformacao-no-empreendedorismo\/","url":"https:\/\/ubirataonline.com.br\/edson-jose-bandeira-braga-filho-reflete-sobre-o-fogo-antes-do-ouro-e-os-ciclos-de-transformacao-no-empreendedorismo\/","name":"Edson Jos\u00e9 Bandeira Braga Filho reflete sobre o \u201cfogo antes do ouro\u201d e os ciclos de transforma\u00e7\u00e3o no empreendedorismo - Ubirat\u00e3 Online Not\u00edcias - A realidade ao seu alcance!","isPartOf":{"@id":"https:\/\/ubirataonline.com.br\/#website"},"primaryImageOfPage":{"@id":"https:\/\/ubirataonline.com.br\/edson-jose-bandeira-braga-filho-reflete-sobre-o-fogo-antes-do-ouro-e-os-ciclos-de-transformacao-no-empreendedorismo\/#primaryimage"},"image":{"@id":"https:\/\/ubirataonline.com.br\/edson-jose-bandeira-braga-filho-reflete-sobre-o-fogo-antes-do-ouro-e-os-ciclos-de-transformacao-no-empreendedorismo\/#primaryimage"},"thumbnailUrl":"https:\/\/ubirataonline.com.br\/wp-content\/uploads\/2026\/09\/pyb6wXL3SV4PhgGHM9sgj31FlMhmc8.jpeg","datePublished":"2026-09-01T00:51:04+00:00","description":"Para Edson Braga, algumas fases de crise e desconforto n\u00e3o representam necessariamente fracasso, mas podem marcar o momento em que antigas estruturas","breadcrumb":{"@id":"https:\/\/ubirataonline.com.br\/edson-jose-bandeira-braga-filho-reflete-sobre-o-fogo-antes-do-ouro-e-os-ciclos-de-transformacao-no-empreendedorismo\/#breadcrumb"},"inLanguage":"en-US","potentialAction":[{"@type":"ReadAction","target":["https:\/\/ubirataonline.com.br\/edson-jose-bandeira-braga-filho-reflete-sobre-o-fogo-antes-do-ouro-e-os-ciclos-de-transformacao-no-empreendedorismo\/"]}]},{"@type":"ImageObject","inLanguage":"en-US","@id":"https:\/\/ubirataonline.com.br\/edson-jose-bandeira-braga-filho-reflete-sobre-o-fogo-antes-do-ouro-e-os-ciclos-de-transformacao-no-empreendedorismo\/#primaryimage","url":"https:\/\/ubirataonline.com.br\/wp-content\/uploads\/2026\/09\/pyb6wXL3SV4PhgGHM9sgj31FlMhmc8.jpeg","contentUrl":"https:\/\/ubirataonline.com.br\/wp-content\/uploads\/2026\/09\/pyb6wXL3SV4PhgGHM9sgj31FlMhmc8.jpeg","width":1000,"height":667},{"@type":"BreadcrumbList","@id":"https:\/\/ubirataonline.com.br\/edson-jose-bandeira-braga-filho-reflete-sobre-o-fogo-antes-do-ouro-e-os-ciclos-de-transformacao-no-empreendedorismo\/#breadcrumb","itemListElement":[{"@type":"ListItem","position":1,"name":"In\u00edcio","item":"https:\/\/ubirataonline.com.br\/"},{"@type":"ListItem","position":2,"name":"Edson Jos\u00e9 Bandeira Braga Filho reflete sobre o \u201cfogo antes do ouro\u201d e os ciclos de transforma\u00e7\u00e3o no empreendedorismo"}]},{"@type":"WebSite","@id":"https:\/\/ubirataonline.com.br\/#website","url":"https:\/\/ubirataonline.com.br\/","name":"Ubirat\u00e3 Online Not\u00edcias","description":"Not\u00edcias de Ubirat\u00e3, regi\u00e3o, Brasil e mundo, com informa\u00e7\u00e3o atualizada e compromisso com o leitor.","publisher":{"@id":"https:\/\/ubirataonline.com.br\/#organization"},"alternateName":"Ubirat\u00e3 Online","potentialAction":[{"@type":"SearchAction","target":{"@type":"EntryPoint","urlTemplate":"https:\/\/ubirataonline.com.br\/?s={search_term_string}"},"query-input":{"@type":"PropertyValueSpecification","valueRequired":true,"valueName":"search_term_string"}}],"inLanguage":"en-US"},{"@type":["Organization","Place"],"@id":"https:\/\/ubirataonline.com.br\/#organization","name":"Ubirat\u00e3 Online Not\u00edcias","alternateName":"Ubirat\u00e3 Online","url":"https:\/\/ubirataonline.com.br\/","logo":{"@id":"https:\/\/ubirataonline.com.br\/edson-jose-bandeira-braga-filho-reflete-sobre-o-fogo-antes-do-ouro-e-os-ciclos-de-transformacao-no-empreendedorismo\/#local-main-organization-logo"},"image":{"@id":"https:\/\/ubirataonline.com.br\/edson-jose-bandeira-braga-filho-reflete-sobre-o-fogo-antes-do-ouro-e-os-ciclos-de-transformacao-no-empreendedorismo\/#local-main-organization-logo"},"sameAs":["https:\/\/www.facebook.com\/portalubirataonline","https:\/\/x.com\/ubirataonline","https:\/\/mastodon.social\/@ubirataonline","https:\/\/www.facebook.com\/groups\/311144672285604","https:\/\/www.facebook.com\/UBTAOnline","https:\/\/www.instagram.com\/portalubirataonline\/","https:\/\/twitter.com\/ubirataonline"],"description":"Somos um portal de not\u00edcias independente, criado em 5 de janeiro de 2009, com o objetivo de informar, conectar e valorizar a nossa comunidade de Ubirat\u00e3 e toda aregi\u00e3o. Com conte\u00fado atualizado, confi\u00e1vel e relevante, o Ubirat\u00e3 Online \u00e9 o seu espa\u00e7o para ficar por dentro dos principais acontecimentos locais, regionais, Brasil, Mundo e de interesse geral. Nosso compromisso \u00e9 com a verdade, a transpar\u00eancia e o respeito ao leitor.","legalName":"UBIRATA ONLINE NOT\u00cdCIAS","foundingDate":"2009-01-05","numberOfEmployees":{"@type":"QuantitativeValue","minValue":"1","maxValue":"10"},"publishingPrinciples":"https:\/\/ubirataonline.com.br\/faq\/","address":{"@id":"https:\/\/ubirataonline.com.br\/edson-jose-bandeira-braga-filho-reflete-sobre-o-fogo-antes-do-ouro-e-os-ciclos-de-transformacao-no-empreendedorismo\/#local-main-place-address"},"geo":{"@type":"GeoCoordinates","latitude":"-24.5361401","longitude":"-52.9921776"},"telephone":["+5544998308235"],"contactPoint":{"@type":"ContactPoint","email":"contato@ubirataonline.com.br"},"openingHoursSpecification":{"@type":"OpeningHoursSpecification","dayOfWeek":["Monday","Tuesday","Wednesday","Thursday","Friday","Saturday","Sunday"],"opens":"00:00","closes":"23:59"},"email":"contato@ubirataonline.com.br","vatID":"47.621.418\/0001-80"},{"@type":"Person","@id":"https:\/\/ubirataonline.com.br\/#\/schema\/person\/9039435af5b2f99774963a8dda3b362a","name":"Admin","url":"https:\/\/ubirataonline.com.br\/en\/author\/admin\/"},{"@type":"PostalAddress","@id":"https:\/\/ubirataonline.com.br\/edson-jose-bandeira-braga-filho-reflete-sobre-o-fogo-antes-do-ouro-e-os-ciclos-de-transformacao-no-empreendedorismo\/#local-main-place-address","streetAddress":"Rua dos Coqueiros, 104 - Bairro Boa Vista, Rua dos Coqueiros, 104 Bairro Boa Vista","addressLocality":"UBIRATA","postalCode":"85440-000","addressRegion":"PR","addressCountry":"BR"},{"@type":"ImageObject","inLanguage":"en-US","@id":"https:\/\/ubirataonline.com.br\/edson-jose-bandeira-braga-filho-reflete-sobre-o-fogo-antes-do-ouro-e-os-ciclos-de-transformacao-no-empreendedorismo\/#local-main-organization-logo","url":"https:\/\/ubirataonline.com.br\/wp-content\/uploads\/2026\/06\/logoubirataonline-1.webp","contentUrl":"https:\/\/ubirataonline.com.br\/wp-content\/uploads\/2026\/06\/logoubirataonline-1.webp","width":500,"height":500,"caption":"Ubirat\u00e3 Online Not\u00edcias"}]},"geo.placename":"UBIRATA","geo.position":{"lat":"-24.5361401","long":"-52.9921776"},"geo.region":"Brazil"},"_links":{"self":[{"href":"https:\/\/ubirataonline.com.br\/en\/wp-json\/wp\/v2\/posts\/169731","targetHints":{"allow":["GET"]}}],"collection":[{"href":"https:\/\/ubirataonline.com.br\/en\/wp-json\/wp\/v2\/posts"}],"about":[{"href":"https:\/\/ubirataonline.com.br\/en\/wp-json\/wp\/v2\/types\/post"}],"author":[{"embeddable":true,"href":"https:\/\/ubirataonline.com.br\/en\/wp-json\/wp\/v2\/users\/20"}],"replies":[{"embeddable":true,"href":"https:\/\/ubirataonline.com.br\/en\/wp-json\/wp\/v2\/comments?post=169731"}],"version-history":[{"count":0,"href":"https:\/\/ubirataonline.com.br\/en\/wp-json\/wp\/v2\/posts\/169731\/revisions"}],"wp:featuredmedia":[{"embeddable":true,"href":"https:\/\/ubirataonline.com.br\/en\/wp-json\/wp\/v2\/media\/169732"}],"wp:attachment":[{"href":"https:\/\/ubirataonline.com.br\/en\/wp-json\/wp\/v2\/media?parent=169731"}],"wp:term":[{"taxonomy":"category","embeddable":true,"href":"https:\/\/ubirataonline.com.br\/en\/wp-json\/wp\/v2\/categories?post=169731"},{"taxonomy":"post_tag","embeddable":true,"href":"https:\/\/ubirataonline.com.br\/en\/wp-json\/wp\/v2\/tags?post=169731"}],"curies":[{"name":"wp","href":"https:\/\/api.w.org\/{rel}","templated":true}]}}