{"id":169819,"date":"2026-09-02T03:08:48","date_gmt":"2026-09-02T06:08:48","guid":{"rendered":"https:\/\/ubirataonline.com.br\/regularizacao-fundiaria-em-areas-de-preservacao-e-tema-de-oficina\/"},"modified":"2026-09-02T03:08:49","modified_gmt":"2026-09-02T06:08:49","slug":"regularizacao-fundiaria-em-areas-de-preservacao-e-tema-de-oficina","status":"publish","type":"post","link":"https:\/\/ubirataonline.com.br\/en\/regularizacao-fundiaria-em-areas-de-preservacao-e-tema-de-oficina\/","title":{"rendered":"Regulariza\u00e7\u00e3o fundi\u00e1ria em \u00e1reas de preserva\u00e7\u00e3o \u00e9 tema de oficina"},"content":{"rendered":"<p><\/p>\n<div>\n<span data-embed-button=\"midia_embarcada\" data-entity-embed-display=\"view_mode:media.midia_anexada_em_outro_node\" data-entity-embed-display-settings=\"20\" data-entity-type=\"media\" data-entity-uuid=\"a3162379-8799-4272-b775-fc92a9f4ecf8\" class=\"align-right embedded-entity img-mobile\" data-langcode=\"pt-br\" style=\"width:20%;display:block;\"><\/p>\n<p>  <\/span><\/p>\n<p>Os desafios relacionados \u00e0 regulariza\u00e7\u00e3o de ocupa\u00e7\u00f5es em \u00e1reas de preserva\u00e7\u00e3o ambiental foram debatidos durante uma oficina promovida pelas Promotorias de Justi\u00e7a de Prote\u00e7\u00e3o ao Meio Ambiente e de Habita\u00e7\u00e3o e Urbanismo de Curitiba e pela SubPlan, que contou com a presen\u00e7a de gestores de diferentes secretarias e \u00f3rg\u00e3os do Munic\u00edpio.<\/p>\n<p>O encontro, promovido em 27 de agosto no edif\u00edcio Carta de Curitiba, na capital, abordou a aplica\u00e7\u00e3o do Decreto Municipal 390\/2026, que estabelece novos par\u00e2metros para a regulariza\u00e7\u00e3o fundi\u00e1ria em situa\u00e7\u00f5es que envolvem \u00e1reas de preserva\u00e7\u00e3o permanente (APP), drenagem e riscos de inunda\u00e7\u00e3o.<\/p>\n<p>Participaram representantes da Companhia de Habita\u00e7\u00e3o Popular de Curitiba (Cohab), das Secretarias Municipais do Meio Ambiente, de Obras P\u00fablicas e de Urbanismo, do Instituto de Pesquisa e Planejamento Urbano de Curitiba (Ippuc) e da Procuradoria-Geral do Munic\u00edpio.<\/p>\n<h3>Casos concretos<\/h3>\n<p>Com a media\u00e7\u00e3o da Promotora de Justi\u00e7a Aline Bilek Bahr e do Promotor de Justi\u00e7a Robertson Fonseca de Azevedo, durante a oficina, foram analisados tr\u00eas casos reais de comunidades de Curitiba \u2013 Bom Menino, Estrada Velha do Barigui e Nossa Senhora da Paz Norte. A partir de mapas, simula\u00e7\u00f5es e das listas de verifica\u00e7\u00e3o previstas nos Anexos I a V do novo decreto, os participantes discutiram os diferentes aspectos t\u00e9cnicos envolvidos na avalia\u00e7\u00e3o das possibilidades de regulariza\u00e7\u00e3o.<\/p>\n<p>Entre os temas abordados destacam-se a concilia\u00e7\u00e3o entre o direito \u00e0 moradia digna e a prote\u00e7\u00e3o das APPs; os crit\u00e9rios para redu\u00e7\u00e3o e compensa\u00e7\u00e3o de \u00e1reas de preserva\u00e7\u00e3o; a delimita\u00e7\u00e3o das \u00e1reas pass\u00edveis de regulariza\u00e7\u00e3o; e a necessidade de elabora\u00e7\u00e3o de estudos t\u00e9cnicos ambientais e hidrol\u00f3gicos.<\/p>\n<p>Tamb\u00e9m foram discutidos os riscos de inunda\u00e7\u00e3o e os crit\u00e9rios relacionados \u00e0s obras de drenagem e conten\u00e7\u00e3o, considerando tanto as interven\u00e7\u00f5es necess\u00e1rias dentro das comunidades quanto aquelas que dependem de obras externas. Nesse contexto, o grupo avaliou os custos, a viabilidade t\u00e9cnica e a capacidade operacional e or\u00e7ament\u00e1ria do Munic\u00edpio para a execu\u00e7\u00e3o das interven\u00e7\u00f5es necess\u00e1rias.<\/p>\n<h3>Integra\u00e7\u00e3o para solu\u00e7\u00f5es<\/h3>\n<p>Outra atividade foi o mapeamento das diverg\u00eancias e dos pontos de converg\u00eancia entre os diferentes \u00f3rg\u00e3os municipais. A partir de um painel de trabalho, foram identificadas quest\u00f5es burocr\u00e1ticas e jur\u00eddicas que podem dificultar os processos de regulariza\u00e7\u00e3o, com o objetivo de buscar entendimentos comuns e conferir maior agilidade e seguran\u00e7a aos procedimentos.<\/p>\n<\/div>\n<p><a href=\"https:\/\/ubirataonline.com.br\/en\/noticias\/\" target=\"_blank\" rel=\"noopener noreferrer\">Mais Not\u00edcias<\/a><\/p>\n<p><a href=\"https:\/\/ubirataonline.com.br\/en\/\" target=\"_blank\" rel=\"noopener noreferrer\">Home Page &#8211; In\u00edcio<\/a><\/p>\n<p><a href=\"https:\/\/mppr.mp.br\/Noticia\/Regularizacao-fundiaria-em-areas-de-preservacao-e-tema-de-oficina\">Source link <\/a><br \/>\nSee more: <a href=\"https:\/\/theglobaltrack.com\/\" target=\"_blank\" rel=\"noopener noreferrer\">The Global Track<\/a><\/p>\n<p><a href=\"https:\/\/corinthiames.com.br\/\" target=\"_blank\" rel=\"noopener noreferrer\">Corinthia Mes<\/a><\/p>","protected":false},"excerpt":{"rendered":"<p>Os desafios relacionados \u00e0 regulariza\u00e7\u00e3o de ocupa\u00e7\u00f5es em \u00e1reas de preserva\u00e7\u00e3o ambiental foram debatidos durante uma oficina promovida pelas Promotorias de Justi\u00e7a de Prote\u00e7\u00e3o ao Meio Ambiente e de Habita\u00e7\u00e3o e Urbanismo de Curitiba e pela SubPlan, que contou com a presen\u00e7a de gestores de diferentes secretarias e \u00f3rg\u00e3os do Munic\u00edpio. O encontro, promovido em [&hellip;]<\/p>\n","protected":false},"author":1,"featured_media":169820,"comment_status":"closed","ping_status":"","sticky":false,"template":"","format":"standard","meta":{"googlesitekit_rrm_CAow2JLhCw:productID":"","_gspb_post_css":"","maa_idioma":"","maa_pais":"","footnotes":""},"categories":[4],"tags":[6167,42821,11633,18516,15174,7899],"class_list":["post-169819","post","type-post","status-publish","format-standard","has-post-thumbnail","hentry","category-brasil","tag-areas","tag-fundiaria","tag-oficina","tag-preservacao","tag-regularizacao","tag-tema"],"blocksy_meta":[],"yoast_head":"<!-- This site is optimized with the Yoast SEO Premium plugin v27.6 (Yoast SEO v27.6) - https:\/\/yoast.com\/product\/yoast-seo-premium-wordpress\/ -->\n<title>Regulariza\u00e7\u00e3o fundi\u00e1ria em \u00e1reas de preserva\u00e7\u00e3o \u00e9 tema de oficina - Ubirat\u00e3 Online Not\u00edcias - A realidade ao seu alcance!<\/title>\n<meta name=\"description\" content=\"Os desafios relacionados \u00e0 regulariza\u00e7\u00e3o de ocupa\u00e7\u00f5es em \u00e1reas de preserva\u00e7\u00e3o ambiental foram debatidos durante uma oficina promovida pelas Promotorias de Justi\u00e7a de Prote\u00e7\u00e3o ao Meio Ambiente e de Habita\u00e7\u00e3o e Urbanismo de Curitiba e pela\" \/>\n<meta name=\"robots\" content=\"index, follow, max-snippet:-1, max-image-preview:large, max-video-preview:-1\" \/>\n<link rel=\"canonical\" href=\"https:\/\/ubirataonline.com.br\/en\/regularizacao-fundiaria-em-areas-de-preservacao-e-tema-de-oficina\/\" \/>\n<meta property=\"og:locale\" content=\"en_US\" \/>\n<meta property=\"og:type\" content=\"article\" \/>\n<meta property=\"og:title\" content=\"Regulariza\u00e7\u00e3o fundi\u00e1ria em \u00e1reas de preserva\u00e7\u00e3o \u00e9 tema de oficina\" \/>\n<meta property=\"og:description\" content=\"Os desafios relacionados \u00e0 regulariza\u00e7\u00e3o de ocupa\u00e7\u00f5es em \u00e1reas de preserva\u00e7\u00e3o ambiental foram debatidos durante uma oficina promovida pelas Promotorias de Justi\u00e7a de Prote\u00e7\u00e3o ao Meio Ambiente e de Habita\u00e7\u00e3o e Urbanismo de Curitiba e pela\" \/>\n<meta property=\"og:url\" content=\"https:\/\/ubirataonline.com.br\/en\/regularizacao-fundiaria-em-areas-de-preservacao-e-tema-de-oficina\/\" \/>\n<meta property=\"og:site_name\" content=\"Ubirat\u00e3 Online Not\u00edcias - A realidade ao seu alcance!\" \/>\n<meta property=\"article:publisher\" content=\"https:\/\/www.facebook.com\/portalubirataonline\" \/>\n<meta property=\"article:author\" content=\"https:\/\/www.facebook.com\/portalubirataonline\" \/>\n<meta property=\"article:published_time\" content=\"2026-09-02T06:08:48+00:00\" \/>\n<meta property=\"article:modified_time\" content=\"2026-09-02T06:08:49+00:00\" \/>\n<meta property=\"og:image\" content=\"https:\/\/ubirataonline.com.br\/wp-content\/uploads\/2026\/09\/Regularizacao-fundiaria-em-areas-de-preservacao-e-tema-de-oficina.png\" \/>\n\t<meta property=\"og:image:width\" content=\"667\" \/>\n\t<meta property=\"og:image:height\" content=\"450\" \/>\n\t<meta property=\"og:image:type\" content=\"image\/png\" \/>\n<meta name=\"author\" content=\"REDA\u00c7\u00c3O: UBIRAT\u00c3 ONLINE - F\u00c1BIO AUGUSTO CELESTINO\" \/>\n<meta name=\"twitter:card\" content=\"summary_large_image\" \/>\n<meta name=\"twitter:creator\" content=\"@x.com\/ubirataonline\" \/>\n<meta name=\"twitter:site\" content=\"@ubirataonline\" \/>\n<meta name=\"twitter:label1\" content=\"Written by\" \/>\n\t<meta name=\"twitter:data1\" content=\"REDA\u00c7\u00c3O: UBIRAT\u00c3 ONLINE - F\u00c1BIO AUGUSTO CELESTINO\" \/>\n\t<meta name=\"twitter:label2\" content=\"Est. reading time\" \/>\n\t<meta name=\"twitter:data2\" content=\"2 minutes\" \/>\n<script type=\"application\/ld+json\" class=\"yoast-schema-graph\">{\"@context\":\"https:\\\/\\\/schema.org\",\"@graph\":[{\"@type\":\"NewsArticle\",\"@id\":\"https:\\\/\\\/ubirataonline.com.br\\\/regularizacao-fundiaria-em-areas-de-preservacao-e-tema-de-oficina\\\/#article\",\"isPartOf\":{\"@id\":\"https:\\\/\\\/ubirataonline.com.br\\\/regularizacao-fundiaria-em-areas-de-preservacao-e-tema-de-oficina\\\/\"},\"author\":{\"name\":\"REDA\u00c7\u00c3O: UBIRAT\u00c3 ONLINE - F\u00c1BIO AUGUSTO CELESTINO\",\"@id\":\"https:\\\/\\\/ubirataonline.com.br\\\/#\\\/schema\\\/person\\\/372f87bbd3fdd79b8556b84c98d0bc1c\"},\"headline\":\"Regulariza\u00e7\u00e3o fundi\u00e1ria em \u00e1reas de preserva\u00e7\u00e3o \u00e9 tema de oficina\",\"datePublished\":\"2026-09-02T06:08:48+00:00\",\"dateModified\":\"2026-09-02T06:08:49+00:00\",\"mainEntityOfPage\":{\"@id\":\"https:\\\/\\\/ubirataonline.com.br\\\/regularizacao-fundiaria-em-areas-de-preservacao-e-tema-de-oficina\\\/\"},\"wordCount\":455,\"publisher\":{\"@id\":\"https:\\\/\\\/ubirataonline.com.br\\\/#organization\"},\"image\":{\"@id\":\"https:\\\/\\\/ubirataonline.com.br\\\/regularizacao-fundiaria-em-areas-de-preservacao-e-tema-de-oficina\\\/#primaryimage\"},\"thumbnailUrl\":\"https:\\\/\\\/ubirataonline.com.br\\\/wp-content\\\/uploads\\\/2026\\\/09\\\/Regularizacao-fundiaria-em-areas-de-preservacao-e-tema-de-oficina.png\",\"keywords\":[\"\u00e1reas\",\"fundi\u00e1ria\",\"Oficina\",\"preserva\u00e7\u00e3o\",\"regulariza\u00e7\u00e3o\",\"tema\"],\"articleSection\":[\"Brasil\"],\"inLanguage\":\"en-US\",\"copyrightYear\":\"2026\",\"copyrightHolder\":{\"@id\":\"https:\\\/\\\/ubirataonline.com.br\\\/en\\\/#organization\"}},{\"@type\":\"WebPage\",\"@id\":\"https:\\\/\\\/ubirataonline.com.br\\\/regularizacao-fundiaria-em-areas-de-preservacao-e-tema-de-oficina\\\/\",\"url\":\"https:\\\/\\\/ubirataonline.com.br\\\/regularizacao-fundiaria-em-areas-de-preservacao-e-tema-de-oficina\\\/\",\"name\":\"Regulariza\u00e7\u00e3o fundi\u00e1ria em \u00e1reas de preserva\u00e7\u00e3o \u00e9 tema de oficina - Ubirat\u00e3 Online Not\u00edcias - A realidade ao seu alcance!\",\"isPartOf\":{\"@id\":\"https:\\\/\\\/ubirataonline.com.br\\\/#website\"},\"primaryImageOfPage\":{\"@id\":\"https:\\\/\\\/ubirataonline.com.br\\\/regularizacao-fundiaria-em-areas-de-preservacao-e-tema-de-oficina\\\/#primaryimage\"},\"image\":{\"@id\":\"https:\\\/\\\/ubirataonline.com.br\\\/regularizacao-fundiaria-em-areas-de-preservacao-e-tema-de-oficina\\\/#primaryimage\"},\"thumbnailUrl\":\"https:\\\/\\\/ubirataonline.com.br\\\/wp-content\\\/uploads\\\/2026\\\/09\\\/Regularizacao-fundiaria-em-areas-de-preservacao-e-tema-de-oficina.png\",\"datePublished\":\"2026-09-02T06:08:48+00:00\",\"dateModified\":\"2026-09-02T06:08:49+00:00\",\"description\":\"Os desafios relacionados \u00e0 regulariza\u00e7\u00e3o de ocupa\u00e7\u00f5es em \u00e1reas de preserva\u00e7\u00e3o ambiental foram debatidos durante uma oficina promovida pelas Promotorias de Justi\u00e7a de Prote\u00e7\u00e3o ao Meio Ambiente e de Habita\u00e7\u00e3o e Urbanismo de Curitiba e pela\",\"breadcrumb\":{\"@id\":\"https:\\\/\\\/ubirataonline.com.br\\\/regularizacao-fundiaria-em-areas-de-preservacao-e-tema-de-oficina\\\/#breadcrumb\"},\"inLanguage\":\"en-US\",\"potentialAction\":[{\"@type\":\"ReadAction\",\"target\":[\"https:\\\/\\\/ubirataonline.com.br\\\/regularizacao-fundiaria-em-areas-de-preservacao-e-tema-de-oficina\\\/\"]}]},{\"@type\":\"ImageObject\",\"inLanguage\":\"en-US\",\"@id\":\"https:\\\/\\\/ubirataonline.com.br\\\/regularizacao-fundiaria-em-areas-de-preservacao-e-tema-de-oficina\\\/#primaryimage\",\"url\":\"https:\\\/\\\/ubirataonline.com.br\\\/wp-content\\\/uploads\\\/2026\\\/09\\\/Regularizacao-fundiaria-em-areas-de-preservacao-e-tema-de-oficina.png\",\"contentUrl\":\"https:\\\/\\\/ubirataonline.com.br\\\/wp-content\\\/uploads\\\/2026\\\/09\\\/Regularizacao-fundiaria-em-areas-de-preservacao-e-tema-de-oficina.png\",\"width\":667,\"height\":450,\"caption\":\"Regulariza\u00e7\u00e3o fundi\u00e1ria em \u00e1reas de preserva\u00e7\u00e3o \u00e9 tema de oficina\"},{\"@type\":\"BreadcrumbList\",\"@id\":\"https:\\\/\\\/ubirataonline.com.br\\\/regularizacao-fundiaria-em-areas-de-preservacao-e-tema-de-oficina\\\/#breadcrumb\",\"itemListElement\":[{\"@type\":\"ListItem\",\"position\":1,\"name\":\"In\u00edcio\",\"item\":\"https:\\\/\\\/ubirataonline.com.br\\\/\"},{\"@type\":\"ListItem\",\"position\":2,\"name\":\"Regulariza\u00e7\u00e3o fundi\u00e1ria em \u00e1reas de preserva\u00e7\u00e3o \u00e9 tema de oficina\"}]},{\"@type\":\"WebSite\",\"@id\":\"https:\\\/\\\/ubirataonline.com.br\\\/#website\",\"url\":\"https:\\\/\\\/ubirataonline.com.br\\\/\",\"name\":\"Ubirat\u00e3 Online Not\u00edcias\",\"description\":\"Not\u00edcias de Ubirat\u00e3, regi\u00e3o, Brasil e mundo, com informa\u00e7\u00e3o atualizada e compromisso com o leitor.\",\"publisher\":{\"@id\":\"https:\\\/\\\/ubirataonline.com.br\\\/#organization\"},\"alternateName\":\"Ubirat\u00e3 Online\",\"potentialAction\":[{\"@type\":\"SearchAction\",\"target\":{\"@type\":\"EntryPoint\",\"urlTemplate\":\"https:\\\/\\\/ubirataonline.com.br\\\/?s={search_term_string}\"},\"query-input\":{\"@type\":\"PropertyValueSpecification\",\"valueRequired\":true,\"valueName\":\"search_term_string\"}}],\"inLanguage\":\"en-US\"},{\"@type\":[\"Organization\",\"Place\"],\"@id\":\"https:\\\/\\\/ubirataonline.com.br\\\/#organization\",\"name\":\"Ubirat\u00e3 Online Not\u00edcias\",\"alternateName\":\"Ubirat\u00e3 Online\",\"url\":\"https:\\\/\\\/ubirataonline.com.br\\\/\",\"logo\":{\"@id\":\"https:\\\/\\\/ubirataonline.com.br\\\/regularizacao-fundiaria-em-areas-de-preservacao-e-tema-de-oficina\\\/#local-main-organization-logo\"},\"image\":{\"@id\":\"https:\\\/\\\/ubirataonline.com.br\\\/regularizacao-fundiaria-em-areas-de-preservacao-e-tema-de-oficina\\\/#local-main-organization-logo\"},\"sameAs\":[\"https:\\\/\\\/www.facebook.com\\\/portalubirataonline\",\"https:\\\/\\\/x.com\\\/ubirataonline\",\"https:\\\/\\\/mastodon.social\\\/@ubirataonline\",\"https:\\\/\\\/www.facebook.com\\\/groups\\\/311144672285604\",\"https:\\\/\\\/www.facebook.com\\\/UBTAOnline\",\"https:\\\/\\\/www.instagram.com\\\/portalubirataonline\\\/\",\"https:\\\/\\\/twitter.com\\\/ubirataonline\"],\"description\":\"Somos um portal de not\u00edcias independente, criado em 5 de janeiro de 2009, com o objetivo de informar, conectar e valorizar a nossa comunidade de Ubirat\u00e3 e toda aregi\u00e3o. Com conte\u00fado atualizado, confi\u00e1vel e relevante, o Ubirat\u00e3 Online \u00e9 o seu espa\u00e7o para ficar por dentro dos principais acontecimentos locais, regionais, Brasil, Mundo e de interesse geral. Nosso compromisso \u00e9 com a verdade, a transpar\u00eancia e o respeito ao leitor.\",\"legalName\":\"UBIRATA ONLINE NOT\u00cdCIAS\",\"foundingDate\":\"2009-01-05\",\"numberOfEmployees\":{\"@type\":\"QuantitativeValue\",\"minValue\":\"1\",\"maxValue\":\"10\"},\"publishingPrinciples\":\"https:\\\/\\\/ubirataonline.com.br\\\/faq\\\/\",\"address\":{\"@id\":\"https:\\\/\\\/ubirataonline.com.br\\\/regularizacao-fundiaria-em-areas-de-preservacao-e-tema-de-oficina\\\/#local-main-place-address\"},\"geo\":{\"@type\":\"GeoCoordinates\",\"latitude\":\"-24.5361401\",\"longitude\":\"-52.9921776\"},\"telephone\":[\"+5544998308235\"],\"contactPoint\":{\"@type\":\"ContactPoint\",\"email\":\"contato@ubirataonline.com.br\"},\"openingHoursSpecification\":{\"@type\":\"OpeningHoursSpecification\",\"dayOfWeek\":[\"Monday\",\"Tuesday\",\"Wednesday\",\"Thursday\",\"Friday\",\"Saturday\",\"Sunday\"],\"opens\":\"00:00\",\"closes\":\"23:59\"},\"email\":\"contato@ubirataonline.com.br\",\"vatID\":\"47.621.418\\\/0001-80\"},{\"@type\":\"Person\",\"@id\":\"https:\\\/\\\/ubirataonline.com.br\\\/#\\\/schema\\\/person\\\/372f87bbd3fdd79b8556b84c98d0bc1c\",\"name\":\"REDA\u00c7\u00c3O: UBIRAT\u00c3 ONLINE - F\u00c1BIO AUGUSTO CELESTINO\",\"pronouns\":\"Ele\",\"description\":\"Desde 2003 trabalhando com not\u00edcias.\",\"sameAs\":[\"http:\\\/\\\/ubirataoline.com.br\",\"https:\\\/\\\/www.facebook.com\\\/portalubirataonline\",\"https:\\\/\\\/www.instagram.com\\\/ubirataonline_oficial\",\"https:\\\/\\\/x.com\\\/x.com\\\/ubirataonline\"],\"honorificPrefix\":\"Mr.\",\"honorificSuffix\":\"MD\",\"birthDate\":\"1980-06-16\",\"gender\":\"masculino\",\"award\":[\"V\u00e1rios pr\u00eamios de melhor portal da cidade\"],\"jobTitle\":\"Diretor\",\"url\":\"https:\\\/\\\/ubirataonline.com.br\\\/en\\\/author\\\/ubirataonline\\\/\"},{\"@type\":\"PostalAddress\",\"@id\":\"https:\\\/\\\/ubirataonline.com.br\\\/regularizacao-fundiaria-em-areas-de-preservacao-e-tema-de-oficina\\\/#local-main-place-address\",\"streetAddress\":\"Rua dos Coqueiros, 104 - Bairro Boa Vista, Rua dos Coqueiros, 104 Bairro Boa Vista\",\"addressLocality\":\"UBIRATA\",\"postalCode\":\"85440-000\",\"addressRegion\":\"PR\",\"addressCountry\":\"BR\"},{\"@type\":\"ImageObject\",\"inLanguage\":\"en-US\",\"@id\":\"https:\\\/\\\/ubirataonline.com.br\\\/regularizacao-fundiaria-em-areas-de-preservacao-e-tema-de-oficina\\\/#local-main-organization-logo\",\"url\":\"https:\\\/\\\/ubirataonline.com.br\\\/wp-content\\\/uploads\\\/2026\\\/06\\\/logoubirataonline-1.webp\",\"contentUrl\":\"https:\\\/\\\/ubirataonline.com.br\\\/wp-content\\\/uploads\\\/2026\\\/06\\\/logoubirataonline-1.webp\",\"width\":500,\"height\":500,\"caption\":\"Ubirat\u00e3 Online Not\u00edcias\"}]}<\/script>\n<meta name=\"geo.placename\" content=\"UBIRATA\" \/>\n<meta name=\"geo.position\" content=\"-24.5361401;-52.9921776\" \/>\n<meta name=\"geo.region\" content=\"Brazil\" \/>\n<!-- \/ Yoast SEO Premium plugin. -->","yoast_head_json":{"title":"Regulariza\u00e7\u00e3o fundi\u00e1ria em \u00e1reas de preserva\u00e7\u00e3o \u00e9 tema de oficina - Ubirat\u00e3 Online Not\u00edcias - A realidade ao seu alcance!","description":"Os desafios relacionados \u00e0 regulariza\u00e7\u00e3o de ocupa\u00e7\u00f5es em \u00e1reas de preserva\u00e7\u00e3o ambiental foram debatidos durante uma oficina promovida pelas Promotorias de Justi\u00e7a de Prote\u00e7\u00e3o ao Meio Ambiente e de Habita\u00e7\u00e3o e Urbanismo de Curitiba e pela","robots":{"index":"index","follow":"follow","max-snippet":"max-snippet:-1","max-image-preview":"max-image-preview:large","max-video-preview":"max-video-preview:-1"},"canonical":"https:\/\/ubirataonline.com.br\/en\/regularizacao-fundiaria-em-areas-de-preservacao-e-tema-de-oficina\/","og_locale":"en_US","og_type":"article","og_title":"Regulariza\u00e7\u00e3o fundi\u00e1ria em \u00e1reas de preserva\u00e7\u00e3o \u00e9 tema de oficina","og_description":"Os desafios relacionados \u00e0 regulariza\u00e7\u00e3o de ocupa\u00e7\u00f5es em \u00e1reas de preserva\u00e7\u00e3o ambiental foram debatidos durante uma oficina promovida pelas Promotorias de Justi\u00e7a de Prote\u00e7\u00e3o ao Meio Ambiente e de Habita\u00e7\u00e3o e Urbanismo de Curitiba e pela","og_url":"https:\/\/ubirataonline.com.br\/en\/regularizacao-fundiaria-em-areas-de-preservacao-e-tema-de-oficina\/","og_site_name":"Ubirat\u00e3 Online Not\u00edcias - A realidade ao seu alcance!","article_publisher":"https:\/\/www.facebook.com\/portalubirataonline","article_author":"https:\/\/www.facebook.com\/portalubirataonline","article_published_time":"2026-09-02T06:08:48+00:00","article_modified_time":"2026-09-02T06:08:49+00:00","og_image":[{"width":667,"height":450,"url":"https:\/\/ubirataonline.com.br\/wp-content\/uploads\/2026\/09\/Regularizacao-fundiaria-em-areas-de-preservacao-e-tema-de-oficina.png","type":"image\/png"}],"author":"REDA\u00c7\u00c3O: UBIRAT\u00c3 ONLINE - F\u00c1BIO AUGUSTO CELESTINO","twitter_card":"summary_large_image","twitter_creator":"@x.com\/ubirataonline","twitter_site":"@ubirataonline","twitter_misc":{"Written by":"REDA\u00c7\u00c3O: UBIRAT\u00c3 ONLINE - F\u00c1BIO AUGUSTO CELESTINO","Est. reading time":"2 minutes"},"schema":{"@context":"https:\/\/schema.org","@graph":[{"@type":"NewsArticle","@id":"https:\/\/ubirataonline.com.br\/regularizacao-fundiaria-em-areas-de-preservacao-e-tema-de-oficina\/#article","isPartOf":{"@id":"https:\/\/ubirataonline.com.br\/regularizacao-fundiaria-em-areas-de-preservacao-e-tema-de-oficina\/"},"author":{"name":"REDA\u00c7\u00c3O: UBIRAT\u00c3 ONLINE - F\u00c1BIO AUGUSTO CELESTINO","@id":"https:\/\/ubirataonline.com.br\/#\/schema\/person\/372f87bbd3fdd79b8556b84c98d0bc1c"},"headline":"Regulariza\u00e7\u00e3o fundi\u00e1ria em \u00e1reas de preserva\u00e7\u00e3o \u00e9 tema de oficina","datePublished":"2026-09-02T06:08:48+00:00","dateModified":"2026-09-02T06:08:49+00:00","mainEntityOfPage":{"@id":"https:\/\/ubirataonline.com.br\/regularizacao-fundiaria-em-areas-de-preservacao-e-tema-de-oficina\/"},"wordCount":455,"publisher":{"@id":"https:\/\/ubirataonline.com.br\/#organization"},"image":{"@id":"https:\/\/ubirataonline.com.br\/regularizacao-fundiaria-em-areas-de-preservacao-e-tema-de-oficina\/#primaryimage"},"thumbnailUrl":"https:\/\/ubirataonline.com.br\/wp-content\/uploads\/2026\/09\/Regularizacao-fundiaria-em-areas-de-preservacao-e-tema-de-oficina.png","keywords":["\u00e1reas","fundi\u00e1ria","Oficina","preserva\u00e7\u00e3o","regulariza\u00e7\u00e3o","tema"],"articleSection":["Brasil"],"inLanguage":"en-US","copyrightYear":"2026","copyrightHolder":{"@id":"https:\/\/ubirataonline.com.br\/en\/#organization"}},{"@type":"WebPage","@id":"https:\/\/ubirataonline.com.br\/regularizacao-fundiaria-em-areas-de-preservacao-e-tema-de-oficina\/","url":"https:\/\/ubirataonline.com.br\/regularizacao-fundiaria-em-areas-de-preservacao-e-tema-de-oficina\/","name":"Regulariza\u00e7\u00e3o fundi\u00e1ria em \u00e1reas de preserva\u00e7\u00e3o \u00e9 tema de oficina - Ubirat\u00e3 Online Not\u00edcias - A realidade ao seu alcance!","isPartOf":{"@id":"https:\/\/ubirataonline.com.br\/#website"},"primaryImageOfPage":{"@id":"https:\/\/ubirataonline.com.br\/regularizacao-fundiaria-em-areas-de-preservacao-e-tema-de-oficina\/#primaryimage"},"image":{"@id":"https:\/\/ubirataonline.com.br\/regularizacao-fundiaria-em-areas-de-preservacao-e-tema-de-oficina\/#primaryimage"},"thumbnailUrl":"https:\/\/ubirataonline.com.br\/wp-content\/uploads\/2026\/09\/Regularizacao-fundiaria-em-areas-de-preservacao-e-tema-de-oficina.png","datePublished":"2026-09-02T06:08:48+00:00","dateModified":"2026-09-02T06:08:49+00:00","description":"Os desafios relacionados \u00e0 regulariza\u00e7\u00e3o de ocupa\u00e7\u00f5es em \u00e1reas de preserva\u00e7\u00e3o ambiental foram debatidos durante uma oficina promovida pelas Promotorias de Justi\u00e7a de Prote\u00e7\u00e3o ao Meio Ambiente e de Habita\u00e7\u00e3o e Urbanismo de Curitiba e pela","breadcrumb":{"@id":"https:\/\/ubirataonline.com.br\/regularizacao-fundiaria-em-areas-de-preservacao-e-tema-de-oficina\/#breadcrumb"},"inLanguage":"en-US","potentialAction":[{"@type":"ReadAction","target":["https:\/\/ubirataonline.com.br\/regularizacao-fundiaria-em-areas-de-preservacao-e-tema-de-oficina\/"]}]},{"@type":"ImageObject","inLanguage":"en-US","@id":"https:\/\/ubirataonline.com.br\/regularizacao-fundiaria-em-areas-de-preservacao-e-tema-de-oficina\/#primaryimage","url":"https:\/\/ubirataonline.com.br\/wp-content\/uploads\/2026\/09\/Regularizacao-fundiaria-em-areas-de-preservacao-e-tema-de-oficina.png","contentUrl":"https:\/\/ubirataonline.com.br\/wp-content\/uploads\/2026\/09\/Regularizacao-fundiaria-em-areas-de-preservacao-e-tema-de-oficina.png","width":667,"height":450,"caption":"Regulariza\u00e7\u00e3o fundi\u00e1ria em \u00e1reas de preserva\u00e7\u00e3o \u00e9 tema de oficina"},{"@type":"BreadcrumbList","@id":"https:\/\/ubirataonline.com.br\/regularizacao-fundiaria-em-areas-de-preservacao-e-tema-de-oficina\/#breadcrumb","itemListElement":[{"@type":"ListItem","position":1,"name":"In\u00edcio","item":"https:\/\/ubirataonline.com.br\/"},{"@type":"ListItem","position":2,"name":"Regulariza\u00e7\u00e3o fundi\u00e1ria em \u00e1reas de preserva\u00e7\u00e3o \u00e9 tema de oficina"}]},{"@type":"WebSite","@id":"https:\/\/ubirataonline.com.br\/#website","url":"https:\/\/ubirataonline.com.br\/","name":"Ubirat\u00e3 Online Not\u00edcias","description":"Not\u00edcias de Ubirat\u00e3, regi\u00e3o, Brasil e mundo, com informa\u00e7\u00e3o atualizada e compromisso com o leitor.","publisher":{"@id":"https:\/\/ubirataonline.com.br\/#organization"},"alternateName":"Ubirat\u00e3 Online","potentialAction":[{"@type":"SearchAction","target":{"@type":"EntryPoint","urlTemplate":"https:\/\/ubirataonline.com.br\/?s={search_term_string}"},"query-input":{"@type":"PropertyValueSpecification","valueRequired":true,"valueName":"search_term_string"}}],"inLanguage":"en-US"},{"@type":["Organization","Place"],"@id":"https:\/\/ubirataonline.com.br\/#organization","name":"Ubirat\u00e3 Online Not\u00edcias","alternateName":"Ubirat\u00e3 Online","url":"https:\/\/ubirataonline.com.br\/","logo":{"@id":"https:\/\/ubirataonline.com.br\/regularizacao-fundiaria-em-areas-de-preservacao-e-tema-de-oficina\/#local-main-organization-logo"},"image":{"@id":"https:\/\/ubirataonline.com.br\/regularizacao-fundiaria-em-areas-de-preservacao-e-tema-de-oficina\/#local-main-organization-logo"},"sameAs":["https:\/\/www.facebook.com\/portalubirataonline","https:\/\/x.com\/ubirataonline","https:\/\/mastodon.social\/@ubirataonline","https:\/\/www.facebook.com\/groups\/311144672285604","https:\/\/www.facebook.com\/UBTAOnline","https:\/\/www.instagram.com\/portalubirataonline\/","https:\/\/twitter.com\/ubirataonline"],"description":"Somos um portal de not\u00edcias independente, criado em 5 de janeiro de 2009, com o objetivo de informar, conectar e valorizar a nossa comunidade de Ubirat\u00e3 e toda aregi\u00e3o. Com conte\u00fado atualizado, confi\u00e1vel e relevante, o Ubirat\u00e3 Online \u00e9 o seu espa\u00e7o para ficar por dentro dos principais acontecimentos locais, regionais, Brasil, Mundo e de interesse geral. Nosso compromisso \u00e9 com a verdade, a transpar\u00eancia e o respeito ao leitor.","legalName":"UBIRATA ONLINE NOT\u00cdCIAS","foundingDate":"2009-01-05","numberOfEmployees":{"@type":"QuantitativeValue","minValue":"1","maxValue":"10"},"publishingPrinciples":"https:\/\/ubirataonline.com.br\/faq\/","address":{"@id":"https:\/\/ubirataonline.com.br\/regularizacao-fundiaria-em-areas-de-preservacao-e-tema-de-oficina\/#local-main-place-address"},"geo":{"@type":"GeoCoordinates","latitude":"-24.5361401","longitude":"-52.9921776"},"telephone":["+5544998308235"],"contactPoint":{"@type":"ContactPoint","email":"contato@ubirataonline.com.br"},"openingHoursSpecification":{"@type":"OpeningHoursSpecification","dayOfWeek":["Monday","Tuesday","Wednesday","Thursday","Friday","Saturday","Sunday"],"opens":"00:00","closes":"23:59"},"email":"contato@ubirataonline.com.br","vatID":"47.621.418\/0001-80"},{"@type":"Person","@id":"https:\/\/ubirataonline.com.br\/#\/schema\/person\/372f87bbd3fdd79b8556b84c98d0bc1c","name":"REDA\u00c7\u00c3O: UBIRAT\u00c3 ONLINE - F\u00c1BIO AUGUSTO CELESTINO","pronouns":"Ele","description":"Desde 2003 trabalhando com not\u00edcias.","sameAs":["http:\/\/ubirataoline.com.br","https:\/\/www.facebook.com\/portalubirataonline","https:\/\/www.instagram.com\/ubirataonline_oficial","https:\/\/x.com\/x.com\/ubirataonline"],"honorificPrefix":"Mr.","honorificSuffix":"MD","birthDate":"1980-06-16","gender":"masculino","award":["V\u00e1rios pr\u00eamios de melhor portal da cidade"],"jobTitle":"Diretor","url":"https:\/\/ubirataonline.com.br\/en\/author\/ubirataonline\/"},{"@type":"PostalAddress","@id":"https:\/\/ubirataonline.com.br\/regularizacao-fundiaria-em-areas-de-preservacao-e-tema-de-oficina\/#local-main-place-address","streetAddress":"Rua dos Coqueiros, 104 - Bairro Boa Vista, Rua dos Coqueiros, 104 Bairro Boa Vista","addressLocality":"UBIRATA","postalCode":"85440-000","addressRegion":"PR","addressCountry":"BR"},{"@type":"ImageObject","inLanguage":"en-US","@id":"https:\/\/ubirataonline.com.br\/regularizacao-fundiaria-em-areas-de-preservacao-e-tema-de-oficina\/#local-main-organization-logo","url":"https:\/\/ubirataonline.com.br\/wp-content\/uploads\/2026\/06\/logoubirataonline-1.webp","contentUrl":"https:\/\/ubirataonline.com.br\/wp-content\/uploads\/2026\/06\/logoubirataonline-1.webp","width":500,"height":500,"caption":"Ubirat\u00e3 Online Not\u00edcias"}]},"geo.placename":"UBIRATA","geo.position":{"lat":"-24.5361401","long":"-52.9921776"},"geo.region":"Brazil"},"_links":{"self":[{"href":"https:\/\/ubirataonline.com.br\/en\/wp-json\/wp\/v2\/posts\/169819","targetHints":{"allow":["GET"]}}],"collection":[{"href":"https:\/\/ubirataonline.com.br\/en\/wp-json\/wp\/v2\/posts"}],"about":[{"href":"https:\/\/ubirataonline.com.br\/en\/wp-json\/wp\/v2\/types\/post"}],"author":[{"embeddable":true,"href":"https:\/\/ubirataonline.com.br\/en\/wp-json\/wp\/v2\/users\/1"}],"replies":[{"embeddable":true,"href":"https:\/\/ubirataonline.com.br\/en\/wp-json\/wp\/v2\/comments?post=169819"}],"version-history":[{"count":1,"href":"https:\/\/ubirataonline.com.br\/en\/wp-json\/wp\/v2\/posts\/169819\/revisions"}],"predecessor-version":[{"id":169821,"href":"https:\/\/ubirataonline.com.br\/en\/wp-json\/wp\/v2\/posts\/169819\/revisions\/169821"}],"wp:featuredmedia":[{"embeddable":true,"href":"https:\/\/ubirataonline.com.br\/en\/wp-json\/wp\/v2\/media\/169820"}],"wp:attachment":[{"href":"https:\/\/ubirataonline.com.br\/en\/wp-json\/wp\/v2\/media?parent=169819"}],"wp:term":[{"taxonomy":"category","embeddable":true,"href":"https:\/\/ubirataonline.com.br\/en\/wp-json\/wp\/v2\/categories?post=169819"},{"taxonomy":"post_tag","embeddable":true,"href":"https:\/\/ubirataonline.com.br\/en\/wp-json\/wp\/v2\/tags?post=169819"}],"curies":[{"name":"wp","href":"https:\/\/api.w.org\/{rel}","templated":true}]}}