{"id":169845,"date":"2026-09-02T05:46:40","date_gmt":"2026-09-02T08:46:40","guid":{"rendered":"https:\/\/ubirataonline.com.br\/mppr-promove-evento-sobre-socioeducacao-em-meio-aberto\/"},"modified":"2026-09-02T05:46:42","modified_gmt":"2026-09-02T08:46:42","slug":"mppr-promove-evento-sobre-socioeducacao-em-meio-aberto","status":"publish","type":"post","link":"https:\/\/ubirataonline.com.br\/en\/mppr-promove-evento-sobre-socioeducacao-em-meio-aberto\/","title":{"rendered":"MPPR promove evento sobre socioeduca\u00e7\u00e3o em meio aberto"},"content":{"rendered":"<p><\/p>\n<div>\n<p>O Minist\u00e9rio P\u00fablico do Paran\u00e1 promoveu, na sexta-feira, 28 de agosto, o evento \u201cA Socioeduca\u00e7\u00e3o em Meio Aberto em Uni\u00e3o da Vit\u00f3ria\u201d, realizado em parceria com o Grupo de Estudos em Psicologia Judici\u00e1ria da Vara de Fam\u00edlia e Anexos do Centro Judici\u00e1rio de Solu\u00e7\u00e3o de Conflitos e Cidadania. A iniciativa buscou contribuir para o aprimoramento do atendimento e das pol\u00edticas p\u00fablicas sobre o tema, a partir da produ\u00e7\u00e3o acad\u00eamica e da avalia\u00e7\u00e3o de dados da realidade local.<br \/>\u00a0<br \/>Durante o encontro, o pesquisador Gustavo Furtoso apresentou an\u00e1lises sobre a realidade da socioeduca\u00e7\u00e3o em meio aberto no munic\u00edpio, produzidas a partir de sua tese de doutorado em Educa\u00e7\u00e3o pela Universidade Federal do Paran\u00e1. O estudo teve como base dados processuais e do sistema de assist\u00eancia social da comarca, acompanhando adolescentes que cumpriram medidas socioeducativas em meio aberto.<\/p>\n<p>A an\u00e1lise permitiu identificar demandas, encaminhamentos e resultados, contribuindo para a reflex\u00e3o sobre os desafios e as possibilidades de aprimoramento da atua\u00e7\u00e3o da rede de atendimento e do sistema de garantia de direitos na regi\u00e3o. Participaram das discuss\u00f5es o Promotor de Justi\u00e7a J\u00falio Ribeiro de Campos Neto, o Magistrado Carlos Eduardo Mattioli Kockanny, integrantes da Promotoria de Justi\u00e7a e da Central de Atendimento do MPPR em Uni\u00e3o da Vit\u00f3ria, al\u00e9m de profissionais da \u00e1rea e representantes da rede de atendimento.<\/p>\n<p>A abertura do encontro, que reuniu cerca de 35 participantes, foi marcada pela apresenta\u00e7\u00e3o de um rap elaborado por adolescentes em cumprimento de liberdade assistida no Centro de Refer\u00eancia Especializado de Assist\u00eancia Social (Creas) de Uni\u00e3o da Vit\u00f3ria, com apoio da equipe respons\u00e1vel pelo estudo.<\/p>\n<\/div>\n<p><a href=\"https:\/\/ubirataonline.com.br\/en\/noticias\/\" target=\"_blank\" rel=\"noopener noreferrer\">Mais Not\u00edcias<\/a><\/p>\n<p><a href=\"https:\/\/ubirataonline.com.br\/en\/\" target=\"_blank\" rel=\"noopener noreferrer\">Home Page &#8211; In\u00edcio<\/a><\/p>\n<p><a href=\"https:\/\/mppr.mp.br\/Noticia\/MPPR-promove-evento-sobre-socioeducacao-em-meio-aberto\">Source link <\/a><br \/>\nSee more: <a href=\"https:\/\/theglobaltrack.com\/\" target=\"_blank\" rel=\"noopener noreferrer\">The Global Track<\/a><\/p>\n<p><a href=\"https:\/\/corinthiames.com.br\/\" target=\"_blank\" rel=\"noopener noreferrer\">Corinthia Mes<\/a><\/p>","protected":false},"excerpt":{"rendered":"<p>O Minist\u00e9rio P\u00fablico do Paran\u00e1 promoveu, na sexta-feira, 28 de agosto, o evento \u201cA Socioeduca\u00e7\u00e3o em Meio Aberto em Uni\u00e3o da Vit\u00f3ria\u201d, realizado em parceria com o Grupo de Estudos em Psicologia Judici\u00e1ria da Vara de Fam\u00edlia e Anexos do Centro Judici\u00e1rio de Solu\u00e7\u00e3o de Conflitos e Cidadania. A iniciativa buscou contribuir para o aprimoramento [&hellip;]<\/p>\n","protected":false},"author":1,"featured_media":169846,"comment_status":"closed","ping_status":"","sticky":false,"template":"","format":"standard","meta":{"googlesitekit_rrm_CAow2JLhCw:productID":"","_gspb_post_css":"","maa_idioma":"","maa_pais":"","footnotes":""},"categories":[4],"tags":[5930,8213,11128,1632,4878,3203,44762],"class_list":["post-169845","post","type-post","status-publish","format-standard","has-post-thumbnail","hentry","category-brasil","tag-aberto","tag-evento","tag-meio","tag-mppr","tag-promove","tag-sobre","tag-socioeducacao"],"blocksy_meta":[],"yoast_head":"<!-- This site is optimized with the Yoast SEO Premium plugin v27.6 (Yoast SEO v27.6) - https:\/\/yoast.com\/product\/yoast-seo-premium-wordpress\/ -->\n<title>MPPR promove evento sobre socioeduca\u00e7\u00e3o em meio aberto - Ubirat\u00e3 Online Not\u00edcias - A realidade ao seu alcance!<\/title>\n<meta name=\"description\" content=\"O Minist\u00e9rio P\u00fablico do Paran\u00e1 promoveu, na sexta-feira, 28 de agosto, o evento \u201cA Socioeduca\u00e7\u00e3o em Meio Aberto em Uni\u00e3o da Vit\u00f3ria\u201d, realizado em parceria com o Grupo de Estudos em Psicologia Judici\u00e1ria da Vara de Fam\u00edlia e Anexos do Centro\" \/>\n<meta name=\"robots\" content=\"index, follow, max-snippet:-1, max-image-preview:large, max-video-preview:-1\" \/>\n<link rel=\"canonical\" href=\"https:\/\/ubirataonline.com.br\/en\/mppr-promove-evento-sobre-socioeducacao-em-meio-aberto\/\" \/>\n<meta property=\"og:locale\" content=\"en_US\" \/>\n<meta property=\"og:type\" content=\"article\" \/>\n<meta property=\"og:title\" content=\"MPPR promove evento sobre socioeduca\u00e7\u00e3o em meio aberto\" \/>\n<meta property=\"og:description\" content=\"O Minist\u00e9rio P\u00fablico do Paran\u00e1 promoveu, na sexta-feira, 28 de agosto, o evento \u201cA Socioeduca\u00e7\u00e3o em Meio Aberto em Uni\u00e3o da Vit\u00f3ria\u201d, realizado em parceria com o Grupo de Estudos em Psicologia Judici\u00e1ria da Vara de Fam\u00edlia e Anexos do Centro\" \/>\n<meta property=\"og:url\" content=\"https:\/\/ubirataonline.com.br\/en\/mppr-promove-evento-sobre-socioeducacao-em-meio-aberto\/\" \/>\n<meta property=\"og:site_name\" content=\"Ubirat\u00e3 Online Not\u00edcias - A realidade ao seu alcance!\" \/>\n<meta property=\"article:publisher\" content=\"https:\/\/www.facebook.com\/portalubirataonline\" \/>\n<meta property=\"article:author\" content=\"https:\/\/www.facebook.com\/portalubirataonline\" \/>\n<meta property=\"article:published_time\" content=\"2026-09-02T08:46:40+00:00\" \/>\n<meta property=\"article:modified_time\" content=\"2026-09-02T08:46:42+00:00\" \/>\n<meta property=\"og:image\" content=\"https:\/\/ubirataonline.com.br\/wp-content\/uploads\/2026\/09\/MPPR-promove-evento-sobre-socioeducacao-em-meio-aberto.png\" \/>\n\t<meta property=\"og:image:width\" content=\"667\" \/>\n\t<meta property=\"og:image:height\" content=\"450\" \/>\n\t<meta property=\"og:image:type\" content=\"image\/png\" \/>\n<meta name=\"author\" content=\"REDA\u00c7\u00c3O: UBIRAT\u00c3 ONLINE - F\u00c1BIO AUGUSTO CELESTINO\" \/>\n<meta name=\"twitter:card\" content=\"summary_large_image\" \/>\n<meta name=\"twitter:creator\" content=\"@x.com\/ubirataonline\" \/>\n<meta name=\"twitter:site\" content=\"@ubirataonline\" \/>\n<meta name=\"twitter:label1\" content=\"Written by\" \/>\n\t<meta name=\"twitter:data1\" content=\"REDA\u00c7\u00c3O: UBIRAT\u00c3 ONLINE - F\u00c1BIO AUGUSTO CELESTINO\" \/>\n\t<meta name=\"twitter:label2\" content=\"Est. reading time\" \/>\n\t<meta name=\"twitter:data2\" content=\"2 minutes\" \/>\n<script type=\"application\/ld+json\" class=\"yoast-schema-graph\">{\"@context\":\"https:\\\/\\\/schema.org\",\"@graph\":[{\"@type\":\"NewsArticle\",\"@id\":\"https:\\\/\\\/ubirataonline.com.br\\\/mppr-promove-evento-sobre-socioeducacao-em-meio-aberto\\\/#article\",\"isPartOf\":{\"@id\":\"https:\\\/\\\/ubirataonline.com.br\\\/mppr-promove-evento-sobre-socioeducacao-em-meio-aberto\\\/\"},\"author\":{\"name\":\"REDA\u00c7\u00c3O: UBIRAT\u00c3 ONLINE - F\u00c1BIO AUGUSTO CELESTINO\",\"@id\":\"https:\\\/\\\/ubirataonline.com.br\\\/#\\\/schema\\\/person\\\/372f87bbd3fdd79b8556b84c98d0bc1c\"},\"headline\":\"MPPR promove evento sobre socioeduca\u00e7\u00e3o em meio aberto\",\"datePublished\":\"2026-09-02T08:46:40+00:00\",\"dateModified\":\"2026-09-02T08:46:42+00:00\",\"mainEntityOfPage\":{\"@id\":\"https:\\\/\\\/ubirataonline.com.br\\\/mppr-promove-evento-sobre-socioeducacao-em-meio-aberto\\\/\"},\"wordCount\":320,\"publisher\":{\"@id\":\"https:\\\/\\\/ubirataonline.com.br\\\/#organization\"},\"image\":{\"@id\":\"https:\\\/\\\/ubirataonline.com.br\\\/mppr-promove-evento-sobre-socioeducacao-em-meio-aberto\\\/#primaryimage\"},\"thumbnailUrl\":\"https:\\\/\\\/ubirataonline.com.br\\\/wp-content\\\/uploads\\\/2026\\\/09\\\/MPPR-promove-evento-sobre-socioeducacao-em-meio-aberto.png\",\"keywords\":[\"aberto\",\"evento\",\"meio\",\"MPPR\",\"promove\",\"sobre\",\"socioeduca\u00e7\u00e3o\"],\"articleSection\":[\"Brasil\"],\"inLanguage\":\"en-US\",\"copyrightYear\":\"2026\",\"copyrightHolder\":{\"@id\":\"https:\\\/\\\/ubirataonline.com.br\\\/en\\\/#organization\"}},{\"@type\":\"WebPage\",\"@id\":\"https:\\\/\\\/ubirataonline.com.br\\\/mppr-promove-evento-sobre-socioeducacao-em-meio-aberto\\\/\",\"url\":\"https:\\\/\\\/ubirataonline.com.br\\\/mppr-promove-evento-sobre-socioeducacao-em-meio-aberto\\\/\",\"name\":\"MPPR promove evento sobre socioeduca\u00e7\u00e3o em meio aberto - Ubirat\u00e3 Online Not\u00edcias - A realidade ao seu alcance!\",\"isPartOf\":{\"@id\":\"https:\\\/\\\/ubirataonline.com.br\\\/#website\"},\"primaryImageOfPage\":{\"@id\":\"https:\\\/\\\/ubirataonline.com.br\\\/mppr-promove-evento-sobre-socioeducacao-em-meio-aberto\\\/#primaryimage\"},\"image\":{\"@id\":\"https:\\\/\\\/ubirataonline.com.br\\\/mppr-promove-evento-sobre-socioeducacao-em-meio-aberto\\\/#primaryimage\"},\"thumbnailUrl\":\"https:\\\/\\\/ubirataonline.com.br\\\/wp-content\\\/uploads\\\/2026\\\/09\\\/MPPR-promove-evento-sobre-socioeducacao-em-meio-aberto.png\",\"datePublished\":\"2026-09-02T08:46:40+00:00\",\"dateModified\":\"2026-09-02T08:46:42+00:00\",\"description\":\"O Minist\u00e9rio P\u00fablico do Paran\u00e1 promoveu, na sexta-feira, 28 de agosto, o evento \u201cA Socioeduca\u00e7\u00e3o em Meio Aberto em Uni\u00e3o da Vit\u00f3ria\u201d, realizado em parceria com o Grupo de Estudos em Psicologia Judici\u00e1ria da Vara de Fam\u00edlia e Anexos do Centro\",\"breadcrumb\":{\"@id\":\"https:\\\/\\\/ubirataonline.com.br\\\/mppr-promove-evento-sobre-socioeducacao-em-meio-aberto\\\/#breadcrumb\"},\"inLanguage\":\"en-US\",\"potentialAction\":[{\"@type\":\"ReadAction\",\"target\":[\"https:\\\/\\\/ubirataonline.com.br\\\/mppr-promove-evento-sobre-socioeducacao-em-meio-aberto\\\/\"]}]},{\"@type\":\"ImageObject\",\"inLanguage\":\"en-US\",\"@id\":\"https:\\\/\\\/ubirataonline.com.br\\\/mppr-promove-evento-sobre-socioeducacao-em-meio-aberto\\\/#primaryimage\",\"url\":\"https:\\\/\\\/ubirataonline.com.br\\\/wp-content\\\/uploads\\\/2026\\\/09\\\/MPPR-promove-evento-sobre-socioeducacao-em-meio-aberto.png\",\"contentUrl\":\"https:\\\/\\\/ubirataonline.com.br\\\/wp-content\\\/uploads\\\/2026\\\/09\\\/MPPR-promove-evento-sobre-socioeducacao-em-meio-aberto.png\",\"width\":667,\"height\":450,\"caption\":\"MPPR promove evento sobre socioeduca\u00e7\u00e3o em meio aberto\"},{\"@type\":\"BreadcrumbList\",\"@id\":\"https:\\\/\\\/ubirataonline.com.br\\\/mppr-promove-evento-sobre-socioeducacao-em-meio-aberto\\\/#breadcrumb\",\"itemListElement\":[{\"@type\":\"ListItem\",\"position\":1,\"name\":\"In\u00edcio\",\"item\":\"https:\\\/\\\/ubirataonline.com.br\\\/\"},{\"@type\":\"ListItem\",\"position\":2,\"name\":\"MPPR promove evento sobre socioeduca\u00e7\u00e3o em meio aberto\"}]},{\"@type\":\"WebSite\",\"@id\":\"https:\\\/\\\/ubirataonline.com.br\\\/#website\",\"url\":\"https:\\\/\\\/ubirataonline.com.br\\\/\",\"name\":\"Ubirat\u00e3 Online Not\u00edcias\",\"description\":\"Not\u00edcias de Ubirat\u00e3, regi\u00e3o, Brasil e mundo, com informa\u00e7\u00e3o atualizada e compromisso com o leitor.\",\"publisher\":{\"@id\":\"https:\\\/\\\/ubirataonline.com.br\\\/#organization\"},\"alternateName\":\"Ubirat\u00e3 Online\",\"potentialAction\":[{\"@type\":\"SearchAction\",\"target\":{\"@type\":\"EntryPoint\",\"urlTemplate\":\"https:\\\/\\\/ubirataonline.com.br\\\/?s={search_term_string}\"},\"query-input\":{\"@type\":\"PropertyValueSpecification\",\"valueRequired\":true,\"valueName\":\"search_term_string\"}}],\"inLanguage\":\"en-US\"},{\"@type\":[\"Organization\",\"Place\"],\"@id\":\"https:\\\/\\\/ubirataonline.com.br\\\/#organization\",\"name\":\"Ubirat\u00e3 Online Not\u00edcias\",\"alternateName\":\"Ubirat\u00e3 Online\",\"url\":\"https:\\\/\\\/ubirataonline.com.br\\\/\",\"logo\":{\"@id\":\"https:\\\/\\\/ubirataonline.com.br\\\/mppr-promove-evento-sobre-socioeducacao-em-meio-aberto\\\/#local-main-organization-logo\"},\"image\":{\"@id\":\"https:\\\/\\\/ubirataonline.com.br\\\/mppr-promove-evento-sobre-socioeducacao-em-meio-aberto\\\/#local-main-organization-logo\"},\"sameAs\":[\"https:\\\/\\\/www.facebook.com\\\/portalubirataonline\",\"https:\\\/\\\/x.com\\\/ubirataonline\",\"https:\\\/\\\/mastodon.social\\\/@ubirataonline\",\"https:\\\/\\\/www.facebook.com\\\/groups\\\/311144672285604\",\"https:\\\/\\\/www.facebook.com\\\/UBTAOnline\",\"https:\\\/\\\/www.instagram.com\\\/portalubirataonline\\\/\",\"https:\\\/\\\/twitter.com\\\/ubirataonline\"],\"description\":\"Somos um portal de not\u00edcias independente, criado em 5 de janeiro de 2009, com o objetivo de informar, conectar e valorizar a nossa comunidade de Ubirat\u00e3 e toda aregi\u00e3o. Com conte\u00fado atualizado, confi\u00e1vel e relevante, o Ubirat\u00e3 Online \u00e9 o seu espa\u00e7o para ficar por dentro dos principais acontecimentos locais, regionais, Brasil, Mundo e de interesse geral. Nosso compromisso \u00e9 com a verdade, a transpar\u00eancia e o respeito ao leitor.\",\"legalName\":\"UBIRATA ONLINE NOT\u00cdCIAS\",\"foundingDate\":\"2009-01-05\",\"numberOfEmployees\":{\"@type\":\"QuantitativeValue\",\"minValue\":\"1\",\"maxValue\":\"10\"},\"publishingPrinciples\":\"https:\\\/\\\/ubirataonline.com.br\\\/faq\\\/\",\"address\":{\"@id\":\"https:\\\/\\\/ubirataonline.com.br\\\/mppr-promove-evento-sobre-socioeducacao-em-meio-aberto\\\/#local-main-place-address\"},\"geo\":{\"@type\":\"GeoCoordinates\",\"latitude\":\"-24.5361401\",\"longitude\":\"-52.9921776\"},\"telephone\":[\"+5544998308235\"],\"contactPoint\":{\"@type\":\"ContactPoint\",\"email\":\"contato@ubirataonline.com.br\"},\"openingHoursSpecification\":{\"@type\":\"OpeningHoursSpecification\",\"dayOfWeek\":[\"Monday\",\"Tuesday\",\"Wednesday\",\"Thursday\",\"Friday\",\"Saturday\",\"Sunday\"],\"opens\":\"00:00\",\"closes\":\"23:59\"},\"email\":\"contato@ubirataonline.com.br\",\"vatID\":\"47.621.418\\\/0001-80\"},{\"@type\":\"Person\",\"@id\":\"https:\\\/\\\/ubirataonline.com.br\\\/#\\\/schema\\\/person\\\/372f87bbd3fdd79b8556b84c98d0bc1c\",\"name\":\"REDA\u00c7\u00c3O: UBIRAT\u00c3 ONLINE - F\u00c1BIO AUGUSTO CELESTINO\",\"pronouns\":\"Ele\",\"description\":\"Desde 2003 trabalhando com not\u00edcias.\",\"sameAs\":[\"http:\\\/\\\/ubirataoline.com.br\",\"https:\\\/\\\/www.facebook.com\\\/portalubirataonline\",\"https:\\\/\\\/www.instagram.com\\\/ubirataonline_oficial\",\"https:\\\/\\\/x.com\\\/x.com\\\/ubirataonline\"],\"honorificPrefix\":\"Mr.\",\"honorificSuffix\":\"MD\",\"birthDate\":\"1980-06-16\",\"gender\":\"masculino\",\"award\":[\"V\u00e1rios pr\u00eamios de melhor portal da cidade\"],\"jobTitle\":\"Diretor\",\"url\":\"https:\\\/\\\/ubirataonline.com.br\\\/en\\\/author\\\/ubirataonline\\\/\"},{\"@type\":\"PostalAddress\",\"@id\":\"https:\\\/\\\/ubirataonline.com.br\\\/mppr-promove-evento-sobre-socioeducacao-em-meio-aberto\\\/#local-main-place-address\",\"streetAddress\":\"Rua dos Coqueiros, 104 - Bairro Boa Vista, Rua dos Coqueiros, 104 Bairro Boa Vista\",\"addressLocality\":\"UBIRATA\",\"postalCode\":\"85440-000\",\"addressRegion\":\"PR\",\"addressCountry\":\"BR\"},{\"@type\":\"ImageObject\",\"inLanguage\":\"en-US\",\"@id\":\"https:\\\/\\\/ubirataonline.com.br\\\/mppr-promove-evento-sobre-socioeducacao-em-meio-aberto\\\/#local-main-organization-logo\",\"url\":\"https:\\\/\\\/ubirataonline.com.br\\\/wp-content\\\/uploads\\\/2026\\\/06\\\/logoubirataonline-1.webp\",\"contentUrl\":\"https:\\\/\\\/ubirataonline.com.br\\\/wp-content\\\/uploads\\\/2026\\\/06\\\/logoubirataonline-1.webp\",\"width\":500,\"height\":500,\"caption\":\"Ubirat\u00e3 Online Not\u00edcias\"}]}<\/script>\n<meta name=\"geo.placename\" content=\"UBIRATA\" \/>\n<meta name=\"geo.position\" content=\"-24.5361401;-52.9921776\" \/>\n<meta name=\"geo.region\" content=\"Brazil\" \/>\n<!-- \/ Yoast SEO Premium plugin. -->","yoast_head_json":{"title":"MPPR promove evento sobre socioeduca\u00e7\u00e3o em meio aberto - Ubirat\u00e3 Online Not\u00edcias - A realidade ao seu alcance!","description":"O Minist\u00e9rio P\u00fablico do Paran\u00e1 promoveu, na sexta-feira, 28 de agosto, o evento \u201cA Socioeduca\u00e7\u00e3o em Meio Aberto em Uni\u00e3o da Vit\u00f3ria\u201d, realizado em parceria com o Grupo de Estudos em Psicologia Judici\u00e1ria da Vara de Fam\u00edlia e Anexos do Centro","robots":{"index":"index","follow":"follow","max-snippet":"max-snippet:-1","max-image-preview":"max-image-preview:large","max-video-preview":"max-video-preview:-1"},"canonical":"https:\/\/ubirataonline.com.br\/en\/mppr-promove-evento-sobre-socioeducacao-em-meio-aberto\/","og_locale":"en_US","og_type":"article","og_title":"MPPR promove evento sobre socioeduca\u00e7\u00e3o em meio aberto","og_description":"O Minist\u00e9rio P\u00fablico do Paran\u00e1 promoveu, na sexta-feira, 28 de agosto, o evento \u201cA Socioeduca\u00e7\u00e3o em Meio Aberto em Uni\u00e3o da Vit\u00f3ria\u201d, realizado em parceria com o Grupo de Estudos em Psicologia Judici\u00e1ria da Vara de Fam\u00edlia e Anexos do Centro","og_url":"https:\/\/ubirataonline.com.br\/en\/mppr-promove-evento-sobre-socioeducacao-em-meio-aberto\/","og_site_name":"Ubirat\u00e3 Online Not\u00edcias - A realidade ao seu alcance!","article_publisher":"https:\/\/www.facebook.com\/portalubirataonline","article_author":"https:\/\/www.facebook.com\/portalubirataonline","article_published_time":"2026-09-02T08:46:40+00:00","article_modified_time":"2026-09-02T08:46:42+00:00","og_image":[{"width":667,"height":450,"url":"https:\/\/ubirataonline.com.br\/wp-content\/uploads\/2026\/09\/MPPR-promove-evento-sobre-socioeducacao-em-meio-aberto.png","type":"image\/png"}],"author":"REDA\u00c7\u00c3O: UBIRAT\u00c3 ONLINE - F\u00c1BIO AUGUSTO CELESTINO","twitter_card":"summary_large_image","twitter_creator":"@x.com\/ubirataonline","twitter_site":"@ubirataonline","twitter_misc":{"Written by":"REDA\u00c7\u00c3O: UBIRAT\u00c3 ONLINE - F\u00c1BIO AUGUSTO CELESTINO","Est. reading time":"2 minutes"},"schema":{"@context":"https:\/\/schema.org","@graph":[{"@type":"NewsArticle","@id":"https:\/\/ubirataonline.com.br\/mppr-promove-evento-sobre-socioeducacao-em-meio-aberto\/#article","isPartOf":{"@id":"https:\/\/ubirataonline.com.br\/mppr-promove-evento-sobre-socioeducacao-em-meio-aberto\/"},"author":{"name":"REDA\u00c7\u00c3O: UBIRAT\u00c3 ONLINE - F\u00c1BIO AUGUSTO CELESTINO","@id":"https:\/\/ubirataonline.com.br\/#\/schema\/person\/372f87bbd3fdd79b8556b84c98d0bc1c"},"headline":"MPPR promove evento sobre socioeduca\u00e7\u00e3o em meio aberto","datePublished":"2026-09-02T08:46:40+00:00","dateModified":"2026-09-02T08:46:42+00:00","mainEntityOfPage":{"@id":"https:\/\/ubirataonline.com.br\/mppr-promove-evento-sobre-socioeducacao-em-meio-aberto\/"},"wordCount":320,"publisher":{"@id":"https:\/\/ubirataonline.com.br\/#organization"},"image":{"@id":"https:\/\/ubirataonline.com.br\/mppr-promove-evento-sobre-socioeducacao-em-meio-aberto\/#primaryimage"},"thumbnailUrl":"https:\/\/ubirataonline.com.br\/wp-content\/uploads\/2026\/09\/MPPR-promove-evento-sobre-socioeducacao-em-meio-aberto.png","keywords":["aberto","evento","meio","MPPR","promove","sobre","socioeduca\u00e7\u00e3o"],"articleSection":["Brasil"],"inLanguage":"en-US","copyrightYear":"2026","copyrightHolder":{"@id":"https:\/\/ubirataonline.com.br\/en\/#organization"}},{"@type":"WebPage","@id":"https:\/\/ubirataonline.com.br\/mppr-promove-evento-sobre-socioeducacao-em-meio-aberto\/","url":"https:\/\/ubirataonline.com.br\/mppr-promove-evento-sobre-socioeducacao-em-meio-aberto\/","name":"MPPR promove evento sobre socioeduca\u00e7\u00e3o em meio aberto - Ubirat\u00e3 Online Not\u00edcias - A realidade ao seu alcance!","isPartOf":{"@id":"https:\/\/ubirataonline.com.br\/#website"},"primaryImageOfPage":{"@id":"https:\/\/ubirataonline.com.br\/mppr-promove-evento-sobre-socioeducacao-em-meio-aberto\/#primaryimage"},"image":{"@id":"https:\/\/ubirataonline.com.br\/mppr-promove-evento-sobre-socioeducacao-em-meio-aberto\/#primaryimage"},"thumbnailUrl":"https:\/\/ubirataonline.com.br\/wp-content\/uploads\/2026\/09\/MPPR-promove-evento-sobre-socioeducacao-em-meio-aberto.png","datePublished":"2026-09-02T08:46:40+00:00","dateModified":"2026-09-02T08:46:42+00:00","description":"O Minist\u00e9rio P\u00fablico do Paran\u00e1 promoveu, na sexta-feira, 28 de agosto, o evento \u201cA Socioeduca\u00e7\u00e3o em Meio Aberto em Uni\u00e3o da Vit\u00f3ria\u201d, realizado em parceria com o Grupo de Estudos em Psicologia Judici\u00e1ria da Vara de Fam\u00edlia e Anexos do Centro","breadcrumb":{"@id":"https:\/\/ubirataonline.com.br\/mppr-promove-evento-sobre-socioeducacao-em-meio-aberto\/#breadcrumb"},"inLanguage":"en-US","potentialAction":[{"@type":"ReadAction","target":["https:\/\/ubirataonline.com.br\/mppr-promove-evento-sobre-socioeducacao-em-meio-aberto\/"]}]},{"@type":"ImageObject","inLanguage":"en-US","@id":"https:\/\/ubirataonline.com.br\/mppr-promove-evento-sobre-socioeducacao-em-meio-aberto\/#primaryimage","url":"https:\/\/ubirataonline.com.br\/wp-content\/uploads\/2026\/09\/MPPR-promove-evento-sobre-socioeducacao-em-meio-aberto.png","contentUrl":"https:\/\/ubirataonline.com.br\/wp-content\/uploads\/2026\/09\/MPPR-promove-evento-sobre-socioeducacao-em-meio-aberto.png","width":667,"height":450,"caption":"MPPR promove evento sobre socioeduca\u00e7\u00e3o em meio aberto"},{"@type":"BreadcrumbList","@id":"https:\/\/ubirataonline.com.br\/mppr-promove-evento-sobre-socioeducacao-em-meio-aberto\/#breadcrumb","itemListElement":[{"@type":"ListItem","position":1,"name":"In\u00edcio","item":"https:\/\/ubirataonline.com.br\/"},{"@type":"ListItem","position":2,"name":"MPPR promove evento sobre socioeduca\u00e7\u00e3o em meio aberto"}]},{"@type":"WebSite","@id":"https:\/\/ubirataonline.com.br\/#website","url":"https:\/\/ubirataonline.com.br\/","name":"Ubirat\u00e3 Online Not\u00edcias","description":"Not\u00edcias de Ubirat\u00e3, regi\u00e3o, Brasil e mundo, com informa\u00e7\u00e3o atualizada e compromisso com o leitor.","publisher":{"@id":"https:\/\/ubirataonline.com.br\/#organization"},"alternateName":"Ubirat\u00e3 Online","potentialAction":[{"@type":"SearchAction","target":{"@type":"EntryPoint","urlTemplate":"https:\/\/ubirataonline.com.br\/?s={search_term_string}"},"query-input":{"@type":"PropertyValueSpecification","valueRequired":true,"valueName":"search_term_string"}}],"inLanguage":"en-US"},{"@type":["Organization","Place"],"@id":"https:\/\/ubirataonline.com.br\/#organization","name":"Ubirat\u00e3 Online Not\u00edcias","alternateName":"Ubirat\u00e3 Online","url":"https:\/\/ubirataonline.com.br\/","logo":{"@id":"https:\/\/ubirataonline.com.br\/mppr-promove-evento-sobre-socioeducacao-em-meio-aberto\/#local-main-organization-logo"},"image":{"@id":"https:\/\/ubirataonline.com.br\/mppr-promove-evento-sobre-socioeducacao-em-meio-aberto\/#local-main-organization-logo"},"sameAs":["https:\/\/www.facebook.com\/portalubirataonline","https:\/\/x.com\/ubirataonline","https:\/\/mastodon.social\/@ubirataonline","https:\/\/www.facebook.com\/groups\/311144672285604","https:\/\/www.facebook.com\/UBTAOnline","https:\/\/www.instagram.com\/portalubirataonline\/","https:\/\/twitter.com\/ubirataonline"],"description":"Somos um portal de not\u00edcias independente, criado em 5 de janeiro de 2009, com o objetivo de informar, conectar e valorizar a nossa comunidade de Ubirat\u00e3 e toda aregi\u00e3o. Com conte\u00fado atualizado, confi\u00e1vel e relevante, o Ubirat\u00e3 Online \u00e9 o seu espa\u00e7o para ficar por dentro dos principais acontecimentos locais, regionais, Brasil, Mundo e de interesse geral. Nosso compromisso \u00e9 com a verdade, a transpar\u00eancia e o respeito ao leitor.","legalName":"UBIRATA ONLINE NOT\u00cdCIAS","foundingDate":"2009-01-05","numberOfEmployees":{"@type":"QuantitativeValue","minValue":"1","maxValue":"10"},"publishingPrinciples":"https:\/\/ubirataonline.com.br\/faq\/","address":{"@id":"https:\/\/ubirataonline.com.br\/mppr-promove-evento-sobre-socioeducacao-em-meio-aberto\/#local-main-place-address"},"geo":{"@type":"GeoCoordinates","latitude":"-24.5361401","longitude":"-52.9921776"},"telephone":["+5544998308235"],"contactPoint":{"@type":"ContactPoint","email":"contato@ubirataonline.com.br"},"openingHoursSpecification":{"@type":"OpeningHoursSpecification","dayOfWeek":["Monday","Tuesday","Wednesday","Thursday","Friday","Saturday","Sunday"],"opens":"00:00","closes":"23:59"},"email":"contato@ubirataonline.com.br","vatID":"47.621.418\/0001-80"},{"@type":"Person","@id":"https:\/\/ubirataonline.com.br\/#\/schema\/person\/372f87bbd3fdd79b8556b84c98d0bc1c","name":"REDA\u00c7\u00c3O: UBIRAT\u00c3 ONLINE - F\u00c1BIO AUGUSTO CELESTINO","pronouns":"Ele","description":"Desde 2003 trabalhando com not\u00edcias.","sameAs":["http:\/\/ubirataoline.com.br","https:\/\/www.facebook.com\/portalubirataonline","https:\/\/www.instagram.com\/ubirataonline_oficial","https:\/\/x.com\/x.com\/ubirataonline"],"honorificPrefix":"Mr.","honorificSuffix":"MD","birthDate":"1980-06-16","gender":"masculino","award":["V\u00e1rios pr\u00eamios de melhor portal da cidade"],"jobTitle":"Diretor","url":"https:\/\/ubirataonline.com.br\/en\/author\/ubirataonline\/"},{"@type":"PostalAddress","@id":"https:\/\/ubirataonline.com.br\/mppr-promove-evento-sobre-socioeducacao-em-meio-aberto\/#local-main-place-address","streetAddress":"Rua dos Coqueiros, 104 - Bairro Boa Vista, Rua dos Coqueiros, 104 Bairro Boa Vista","addressLocality":"UBIRATA","postalCode":"85440-000","addressRegion":"PR","addressCountry":"BR"},{"@type":"ImageObject","inLanguage":"en-US","@id":"https:\/\/ubirataonline.com.br\/mppr-promove-evento-sobre-socioeducacao-em-meio-aberto\/#local-main-organization-logo","url":"https:\/\/ubirataonline.com.br\/wp-content\/uploads\/2026\/06\/logoubirataonline-1.webp","contentUrl":"https:\/\/ubirataonline.com.br\/wp-content\/uploads\/2026\/06\/logoubirataonline-1.webp","width":500,"height":500,"caption":"Ubirat\u00e3 Online Not\u00edcias"}]},"geo.placename":"UBIRATA","geo.position":{"lat":"-24.5361401","long":"-52.9921776"},"geo.region":"Brazil"},"_links":{"self":[{"href":"https:\/\/ubirataonline.com.br\/en\/wp-json\/wp\/v2\/posts\/169845","targetHints":{"allow":["GET"]}}],"collection":[{"href":"https:\/\/ubirataonline.com.br\/en\/wp-json\/wp\/v2\/posts"}],"about":[{"href":"https:\/\/ubirataonline.com.br\/en\/wp-json\/wp\/v2\/types\/post"}],"author":[{"embeddable":true,"href":"https:\/\/ubirataonline.com.br\/en\/wp-json\/wp\/v2\/users\/1"}],"replies":[{"embeddable":true,"href":"https:\/\/ubirataonline.com.br\/en\/wp-json\/wp\/v2\/comments?post=169845"}],"version-history":[{"count":1,"href":"https:\/\/ubirataonline.com.br\/en\/wp-json\/wp\/v2\/posts\/169845\/revisions"}],"predecessor-version":[{"id":169847,"href":"https:\/\/ubirataonline.com.br\/en\/wp-json\/wp\/v2\/posts\/169845\/revisions\/169847"}],"wp:featuredmedia":[{"embeddable":true,"href":"https:\/\/ubirataonline.com.br\/en\/wp-json\/wp\/v2\/media\/169846"}],"wp:attachment":[{"href":"https:\/\/ubirataonline.com.br\/en\/wp-json\/wp\/v2\/media?parent=169845"}],"wp:term":[{"taxonomy":"category","embeddable":true,"href":"https:\/\/ubirataonline.com.br\/en\/wp-json\/wp\/v2\/categories?post=169845"},{"taxonomy":"post_tag","embeddable":true,"href":"https:\/\/ubirataonline.com.br\/en\/wp-json\/wp\/v2\/tags?post=169845"}],"curies":[{"name":"wp","href":"https:\/\/api.w.org\/{rel}","templated":true}]}}