{"id":169869,"date":"2026-09-02T09:35:38","date_gmt":"2026-09-02T12:35:38","guid":{"rendered":"https:\/\/ubirataonline.com.br\/morre-aos-83-anos-gracindo-jr-ator-e-diretor-da-inauguracao-da-tv-globo\/"},"modified":"2026-09-02T09:35:38","modified_gmt":"2026-09-02T12:35:38","slug":"morre-aos-83-anos-gracindo-jr-ator-e-diretor-da-inauguracao-da-tv-globo","status":"publish","type":"post","link":"https:\/\/ubirataonline.com.br\/en\/morre-aos-83-anos-gracindo-jr-ator-e-diretor-da-inauguracao-da-tv-globo\/","title":{"rendered":"Morre aos 83 anos Gracindo Jr., ator e diretor da inaugura\u00e7\u00e3o da TV Globo"},"content":{"rendered":"<h2>Gracindo Jr. acumulou mais de 50 anos de carreira na TV, teatro, r\u00e1dio e cinema, e faleceu no Rio de Janeiro em 2026<\/h2>\n<p>O ator e diretor Epaminondas Xavier Gracindo, conhecido como Gracindo Jr., morreu na manh\u00e3 de 2 de setembro de 2026, aos 83 anos, em sua resid\u00eancia no Rio de Janeiro. A causa da morte n\u00e3o foi divulgada, conforme confirmou o filho do artista, Pedro Gracindo, ao G1.<\/p>\n<p>Com mais de cinco d\u00e9cadas dedicadas \u00e0s artes c\u00eanicas, Gracindo Jr. teve grande import\u00e2ncia na televis\u00e3o brasileira desde o in\u00edcio da TV Globo. Ele participou da inaugura\u00e7\u00e3o da emissora em 1965 e contribuiu para diversas produ\u00e7\u00f5es ao longo dos primeiros anos do canal.<\/p>\n<h3>Carreira e contribui\u00e7\u00f5es na televis\u00e3o<\/h3>\n<p>Filho do ator Paulo Gracindo, Gracindo Jr. marcou presen\u00e7a em novelas como <strong>Rosinha do Sobrado<\/strong>, <strong>Padre Ti\u00e3o<\/strong>, <strong>A Rainha Louca<\/strong>, <strong>A Pr\u00f3xima Atra\u00e7\u00e3o<\/strong>, <strong>Os Ossos do Bar\u00e3o<\/strong> e <strong>Supermanoela<\/strong>. Al\u00e9m da atua\u00e7\u00e3o, tamb\u00e9m atuou como diretor, ampliando sua influ\u00eancia art\u00edstica na televis\u00e3o.<\/p>\n<h3>Atua\u00e7\u00e3o multidisciplinar<\/h3>\n<p>Al\u00e9m do trabalho na TV, Gracindo Jr. manteve atividades no teatro, r\u00e1dio e cinema, consolidando uma carreira abrangente que ultrapassou cinco d\u00e9cadas. Sua trajet\u00f3ria foi marcada por contribui\u00e7\u00f5es relevantes em v\u00e1rios meios art\u00edsticos brasileiros.<\/p>\n<h3>Legado na cultura brasileira<\/h3>\n<p>Gracindo Jr. \u00e9 lembrado como uma figura importante na hist\u00f3ria da televis\u00e3o nacional, especialmente por sua participa\u00e7\u00e3o na fase inicial da TV Globo, que se tornaria uma das maiores emissoras do pa\u00eds. Seu legado permanece presente nas diversas produ\u00e7\u00f5es que participou.<\/p>\n<h2>Frequently asked questions<\/h2>\n<h3>Qual era a idade de Gracindo Jr. quando faleceu?<\/h3>\n<p>Gracindo Jr. faleceu aos 83 anos.<\/p>\n<h3>Onde e quando Gracindo Jr. morreu?<\/h3>\n<p>Ele morreu na manh\u00e3 do dia 2 de setembro de 2026, em sua casa no Rio de Janeiro.<\/p>\n<h3>Quais foram algumas das novelas em que Gracindo Jr. atuou?<\/h3>\n<p>Entre as novelas est\u00e3o Rosinha do Sobrado, Padre Ti\u00e3o, A Rainha Louca, A Pr\u00f3xima Atra\u00e7\u00e3o, Os Ossos do Bar\u00e3o e Supermanoela.<\/p>","protected":false},"excerpt":{"rendered":"<p>Gracindo Jr. acumulou mais de 50 anos de carreira na TV, teatro, r\u00e1dio e cinema, e faleceu no Rio de Janeiro em 2026 O ator e diretor Epaminondas Xavier Gracindo, conhecido como Gracindo Jr., morreu na manh\u00e3 de 2 de setembro de 2026, aos 83 anos, em sua resid\u00eancia no Rio de Janeiro. A causa [&hellip;]<\/p>\n","protected":false},"author":1,"featured_media":169871,"comment_status":"","ping_status":"","sticky":false,"template":"","format":"standard","meta":{"googlesitekit_rrm_CAow2JLhCw:productID":"","_gspb_post_css":"","maa_idioma":"","maa_pais":"","footnotes":""},"categories":[43088],"tags":[],"class_list":["post-169869","post","type-post","status-publish","format-standard","has-post-thumbnail","hentry","category-parana"],"blocksy_meta":[],"yoast_head":"<!-- This site is optimized with the Yoast SEO Premium plugin v27.6 (Yoast SEO v27.6) - https:\/\/yoast.com\/product\/yoast-seo-premium-wordpress\/ -->\n<title>Morre aos 83 anos Gracindo Jr., ator e diretor da inaugura\u00e7\u00e3o da TV Globo - Ubirat\u00e3 Online Not\u00edcias - A realidade ao seu alcance!<\/title>\n<meta name=\"description\" content=\"Gracindo Jr. acumulou mais de 50 anos de carreira na TV, teatro, r\u00e1dio e cinema, e faleceu no Rio de Janeiro em 2026O ator e diretor Epaminondas Xavier\" \/>\n<meta name=\"robots\" content=\"index, follow, max-snippet:-1, max-image-preview:large, max-video-preview:-1\" \/>\n<link rel=\"canonical\" href=\"https:\/\/ubirataonline.com.br\/en\/morre-aos-83-anos-gracindo-jr-ator-e-diretor-da-inauguracao-da-tv-globo\/\" \/>\n<meta property=\"og:locale\" content=\"en_US\" \/>\n<meta property=\"og:type\" content=\"article\" \/>\n<meta property=\"og:title\" content=\"Morre aos 83 anos Gracindo Jr., ator e diretor da inaugura\u00e7\u00e3o da TV Globo\" \/>\n<meta property=\"og:description\" content=\"Gracindo Jr. acumulou mais de 50 anos de carreira na TV, teatro, r\u00e1dio e cinema, e faleceu no Rio de Janeiro em 2026O ator e diretor Epaminondas Xavier\" \/>\n<meta property=\"og:url\" content=\"https:\/\/ubirataonline.com.br\/en\/morre-aos-83-anos-gracindo-jr-ator-e-diretor-da-inauguracao-da-tv-globo\/\" \/>\n<meta property=\"og:site_name\" content=\"Ubirat\u00e3 Online Not\u00edcias - A realidade ao seu alcance!\" \/>\n<meta property=\"article:publisher\" content=\"https:\/\/www.facebook.com\/portalubirataonline\" \/>\n<meta property=\"article:author\" content=\"https:\/\/www.facebook.com\/portalubirataonline\" \/>\n<meta property=\"article:published_time\" content=\"2026-09-02T12:35:38+00:00\" \/>\n<meta property=\"og:image\" content=\"https:\/\/ubirataonline.com.br\/wp-content\/uploads\/2026\/05\/logo2026.webp\" \/>\n\t<meta property=\"og:image:width\" content=\"1531\" \/>\n\t<meta property=\"og:image:height\" content=\"418\" \/>\n\t<meta property=\"og:image:type\" content=\"image\/webp\" \/>\n<meta name=\"author\" content=\"REDA\u00c7\u00c3O: UBIRAT\u00c3 ONLINE - F\u00c1BIO AUGUSTO CELESTINO\" \/>\n<meta name=\"twitter:card\" content=\"summary_large_image\" \/>\n<meta name=\"twitter:creator\" content=\"@x.com\/ubirataonline\" \/>\n<meta name=\"twitter:site\" content=\"@ubirataonline\" \/>\n<meta name=\"twitter:label1\" content=\"Written by\" \/>\n\t<meta name=\"twitter:data1\" content=\"REDA\u00c7\u00c3O: UBIRAT\u00c3 ONLINE - F\u00c1BIO AUGUSTO CELESTINO\" \/>\n\t<meta name=\"twitter:label2\" content=\"Est. reading time\" \/>\n\t<meta name=\"twitter:data2\" content=\"2 minutes\" \/>\n<script type=\"application\/ld+json\" class=\"yoast-schema-graph\">{\"@context\":\"https:\\\/\\\/schema.org\",\"@graph\":[{\"@type\":\"NewsArticle\",\"@id\":\"https:\\\/\\\/ubirataonline.com.br\\\/morre-aos-83-anos-gracindo-jr-ator-e-diretor-da-inauguracao-da-tv-globo\\\/#article\",\"isPartOf\":{\"@id\":\"https:\\\/\\\/ubirataonline.com.br\\\/morre-aos-83-anos-gracindo-jr-ator-e-diretor-da-inauguracao-da-tv-globo\\\/\"},\"author\":{\"name\":\"REDA\u00c7\u00c3O: UBIRAT\u00c3 ONLINE - F\u00c1BIO AUGUSTO CELESTINO\",\"@id\":\"https:\\\/\\\/ubirataonline.com.br\\\/#\\\/schema\\\/person\\\/372f87bbd3fdd79b8556b84c98d0bc1c\"},\"headline\":\"Morre aos 83 anos Gracindo Jr., ator e diretor da inaugura\u00e7\u00e3o da TV Globo\",\"datePublished\":\"2026-09-02T12:35:38+00:00\",\"mainEntityOfPage\":{\"@id\":\"https:\\\/\\\/ubirataonline.com.br\\\/morre-aos-83-anos-gracindo-jr-ator-e-diretor-da-inauguracao-da-tv-globo\\\/\"},\"wordCount\":358,\"publisher\":{\"@id\":\"https:\\\/\\\/ubirataonline.com.br\\\/#organization\"},\"image\":{\"@id\":\"https:\\\/\\\/ubirataonline.com.br\\\/morre-aos-83-anos-gracindo-jr-ator-e-diretor-da-inauguracao-da-tv-globo\\\/#primaryimage\"},\"thumbnailUrl\":\"https:\\\/\\\/ubirataonline.com.br\\\/wp-content\\\/uploads\\\/2026\\\/09\\\/maaimg-post-169869-20260902-123557.webp\",\"articleSection\":[\"Paran\u00e1\"],\"inLanguage\":\"en-US\",\"copyrightYear\":\"2026\",\"copyrightHolder\":{\"@id\":\"https:\\\/\\\/ubirataonline.com.br\\\/en\\\/#organization\"}},{\"@type\":\"WebPage\",\"@id\":\"https:\\\/\\\/ubirataonline.com.br\\\/morre-aos-83-anos-gracindo-jr-ator-e-diretor-da-inauguracao-da-tv-globo\\\/\",\"url\":\"https:\\\/\\\/ubirataonline.com.br\\\/morre-aos-83-anos-gracindo-jr-ator-e-diretor-da-inauguracao-da-tv-globo\\\/\",\"name\":\"Morre aos 83 anos Gracindo Jr., ator e diretor da inaugura\u00e7\u00e3o da TV Globo - Ubirat\u00e3 Online Not\u00edcias - A realidade ao seu alcance!\",\"isPartOf\":{\"@id\":\"https:\\\/\\\/ubirataonline.com.br\\\/#website\"},\"primaryImageOfPage\":{\"@id\":\"https:\\\/\\\/ubirataonline.com.br\\\/morre-aos-83-anos-gracindo-jr-ator-e-diretor-da-inauguracao-da-tv-globo\\\/#primaryimage\"},\"image\":{\"@id\":\"https:\\\/\\\/ubirataonline.com.br\\\/morre-aos-83-anos-gracindo-jr-ator-e-diretor-da-inauguracao-da-tv-globo\\\/#primaryimage\"},\"thumbnailUrl\":\"https:\\\/\\\/ubirataonline.com.br\\\/wp-content\\\/uploads\\\/2026\\\/09\\\/maaimg-post-169869-20260902-123557.webp\",\"datePublished\":\"2026-09-02T12:35:38+00:00\",\"description\":\"Gracindo Jr. acumulou mais de 50 anos de carreira na TV, teatro, r\u00e1dio e cinema, e faleceu no Rio de Janeiro em 2026O ator e diretor Epaminondas Xavier\",\"breadcrumb\":{\"@id\":\"https:\\\/\\\/ubirataonline.com.br\\\/morre-aos-83-anos-gracindo-jr-ator-e-diretor-da-inauguracao-da-tv-globo\\\/#breadcrumb\"},\"inLanguage\":\"en-US\",\"potentialAction\":[{\"@type\":\"ReadAction\",\"target\":[\"https:\\\/\\\/ubirataonline.com.br\\\/morre-aos-83-anos-gracindo-jr-ator-e-diretor-da-inauguracao-da-tv-globo\\\/\"]}]},{\"@type\":\"ImageObject\",\"inLanguage\":\"en-US\",\"@id\":\"https:\\\/\\\/ubirataonline.com.br\\\/morre-aos-83-anos-gracindo-jr-ator-e-diretor-da-inauguracao-da-tv-globo\\\/#primaryimage\",\"url\":\"https:\\\/\\\/ubirataonline.com.br\\\/wp-content\\\/uploads\\\/2026\\\/09\\\/maaimg-post-169869-20260902-123557.webp\",\"contentUrl\":\"https:\\\/\\\/ubirataonline.com.br\\\/wp-content\\\/uploads\\\/2026\\\/09\\\/maaimg-post-169869-20260902-123557.webp\",\"width\":1536,\"height\":1024,\"caption\":\"Imagem ilustrativa Gerada por IA\"},{\"@type\":\"BreadcrumbList\",\"@id\":\"https:\\\/\\\/ubirataonline.com.br\\\/morre-aos-83-anos-gracindo-jr-ator-e-diretor-da-inauguracao-da-tv-globo\\\/#breadcrumb\",\"itemListElement\":[{\"@type\":\"ListItem\",\"position\":1,\"name\":\"In\u00edcio\",\"item\":\"https:\\\/\\\/ubirataonline.com.br\\\/\"},{\"@type\":\"ListItem\",\"position\":2,\"name\":\"Morre aos 83 anos Gracindo Jr., ator e diretor da inaugura\u00e7\u00e3o da TV Globo\"}]},{\"@type\":\"WebSite\",\"@id\":\"https:\\\/\\\/ubirataonline.com.br\\\/#website\",\"url\":\"https:\\\/\\\/ubirataonline.com.br\\\/\",\"name\":\"Ubirat\u00e3 Online Not\u00edcias\",\"description\":\"Not\u00edcias de Ubirat\u00e3, regi\u00e3o, Brasil e mundo, com informa\u00e7\u00e3o atualizada e compromisso com o leitor.\",\"publisher\":{\"@id\":\"https:\\\/\\\/ubirataonline.com.br\\\/#organization\"},\"alternateName\":\"Ubirat\u00e3 Online\",\"potentialAction\":[{\"@type\":\"SearchAction\",\"target\":{\"@type\":\"EntryPoint\",\"urlTemplate\":\"https:\\\/\\\/ubirataonline.com.br\\\/?s={search_term_string}\"},\"query-input\":{\"@type\":\"PropertyValueSpecification\",\"valueRequired\":true,\"valueName\":\"search_term_string\"}}],\"inLanguage\":\"en-US\"},{\"@type\":[\"Organization\",\"Place\"],\"@id\":\"https:\\\/\\\/ubirataonline.com.br\\\/#organization\",\"name\":\"Ubirat\u00e3 Online Not\u00edcias\",\"alternateName\":\"Ubirat\u00e3 Online\",\"url\":\"https:\\\/\\\/ubirataonline.com.br\\\/\",\"logo\":{\"@id\":\"https:\\\/\\\/ubirataonline.com.br\\\/morre-aos-83-anos-gracindo-jr-ator-e-diretor-da-inauguracao-da-tv-globo\\\/#local-main-organization-logo\"},\"image\":{\"@id\":\"https:\\\/\\\/ubirataonline.com.br\\\/morre-aos-83-anos-gracindo-jr-ator-e-diretor-da-inauguracao-da-tv-globo\\\/#local-main-organization-logo\"},\"sameAs\":[\"https:\\\/\\\/www.facebook.com\\\/portalubirataonline\",\"https:\\\/\\\/x.com\\\/ubirataonline\",\"https:\\\/\\\/mastodon.social\\\/@ubirataonline\",\"https:\\\/\\\/www.facebook.com\\\/groups\\\/311144672285604\",\"https:\\\/\\\/www.facebook.com\\\/UBTAOnline\",\"https:\\\/\\\/www.instagram.com\\\/portalubirataonline\\\/\",\"https:\\\/\\\/twitter.com\\\/ubirataonline\"],\"description\":\"Somos um portal de not\u00edcias independente, criado em 5 de janeiro de 2009, com o objetivo de informar, conectar e valorizar a nossa comunidade de Ubirat\u00e3 e toda aregi\u00e3o. Com conte\u00fado atualizado, confi\u00e1vel e relevante, o Ubirat\u00e3 Online \u00e9 o seu espa\u00e7o para ficar por dentro dos principais acontecimentos locais, regionais, Brasil, Mundo e de interesse geral. Nosso compromisso \u00e9 com a verdade, a transpar\u00eancia e o respeito ao leitor.\",\"legalName\":\"UBIRATA ONLINE NOT\u00cdCIAS\",\"foundingDate\":\"2009-01-05\",\"numberOfEmployees\":{\"@type\":\"QuantitativeValue\",\"minValue\":\"1\",\"maxValue\":\"10\"},\"publishingPrinciples\":\"https:\\\/\\\/ubirataonline.com.br\\\/faq\\\/\",\"address\":{\"@id\":\"https:\\\/\\\/ubirataonline.com.br\\\/morre-aos-83-anos-gracindo-jr-ator-e-diretor-da-inauguracao-da-tv-globo\\\/#local-main-place-address\"},\"geo\":{\"@type\":\"GeoCoordinates\",\"latitude\":\"-24.5361401\",\"longitude\":\"-52.9921776\"},\"telephone\":[\"+5544998308235\"],\"contactPoint\":{\"@type\":\"ContactPoint\",\"email\":\"contato@ubirataonline.com.br\"},\"openingHoursSpecification\":{\"@type\":\"OpeningHoursSpecification\",\"dayOfWeek\":[\"Monday\",\"Tuesday\",\"Wednesday\",\"Thursday\",\"Friday\",\"Saturday\",\"Sunday\"],\"opens\":\"00:00\",\"closes\":\"23:59\"},\"email\":\"contato@ubirataonline.com.br\",\"vatID\":\"47.621.418\\\/0001-80\"},{\"@type\":\"Person\",\"@id\":\"https:\\\/\\\/ubirataonline.com.br\\\/#\\\/schema\\\/person\\\/372f87bbd3fdd79b8556b84c98d0bc1c\",\"name\":\"REDA\u00c7\u00c3O: UBIRAT\u00c3 ONLINE - F\u00c1BIO AUGUSTO CELESTINO\",\"pronouns\":\"Ele\",\"description\":\"Desde 2003 trabalhando com not\u00edcias.\",\"sameAs\":[\"http:\\\/\\\/ubirataoline.com.br\",\"https:\\\/\\\/www.facebook.com\\\/portalubirataonline\",\"https:\\\/\\\/www.instagram.com\\\/ubirataonline_oficial\",\"https:\\\/\\\/x.com\\\/x.com\\\/ubirataonline\"],\"honorificPrefix\":\"Mr.\",\"honorificSuffix\":\"MD\",\"birthDate\":\"1980-06-16\",\"gender\":\"masculino\",\"award\":[\"V\u00e1rios pr\u00eamios de melhor portal da cidade\"],\"jobTitle\":\"Diretor\",\"url\":\"https:\\\/\\\/ubirataonline.com.br\\\/en\\\/author\\\/ubirataonline\\\/\"},{\"@type\":\"PostalAddress\",\"@id\":\"https:\\\/\\\/ubirataonline.com.br\\\/morre-aos-83-anos-gracindo-jr-ator-e-diretor-da-inauguracao-da-tv-globo\\\/#local-main-place-address\",\"streetAddress\":\"Rua dos Coqueiros, 104 - Bairro Boa Vista, Rua dos Coqueiros, 104 Bairro Boa Vista\",\"addressLocality\":\"UBIRATA\",\"postalCode\":\"85440-000\",\"addressRegion\":\"PR\",\"addressCountry\":\"BR\"},{\"@type\":\"ImageObject\",\"inLanguage\":\"en-US\",\"@id\":\"https:\\\/\\\/ubirataonline.com.br\\\/morre-aos-83-anos-gracindo-jr-ator-e-diretor-da-inauguracao-da-tv-globo\\\/#local-main-organization-logo\",\"url\":\"https:\\\/\\\/ubirataonline.com.br\\\/wp-content\\\/uploads\\\/2026\\\/06\\\/logoubirataonline-1.webp\",\"contentUrl\":\"https:\\\/\\\/ubirataonline.com.br\\\/wp-content\\\/uploads\\\/2026\\\/06\\\/logoubirataonline-1.webp\",\"width\":500,\"height\":500,\"caption\":\"Ubirat\u00e3 Online Not\u00edcias\"}]}<\/script>\n<meta name=\"geo.placename\" content=\"UBIRATA\" \/>\n<meta name=\"geo.position\" content=\"-24.5361401;-52.9921776\" \/>\n<meta name=\"geo.region\" content=\"Brazil\" \/>\n<!-- \/ Yoast SEO Premium plugin. -->","yoast_head_json":{"title":"Morre aos 83 anos Gracindo Jr., ator e diretor da inaugura\u00e7\u00e3o da TV Globo - Ubirat\u00e3 Online Not\u00edcias - A realidade ao seu alcance!","description":"Gracindo Jr. acumulou mais de 50 anos de carreira na TV, teatro, r\u00e1dio e cinema, e faleceu no Rio de Janeiro em 2026O ator e diretor Epaminondas Xavier","robots":{"index":"index","follow":"follow","max-snippet":"max-snippet:-1","max-image-preview":"max-image-preview:large","max-video-preview":"max-video-preview:-1"},"canonical":"https:\/\/ubirataonline.com.br\/en\/morre-aos-83-anos-gracindo-jr-ator-e-diretor-da-inauguracao-da-tv-globo\/","og_locale":"en_US","og_type":"article","og_title":"Morre aos 83 anos Gracindo Jr., ator e diretor da inaugura\u00e7\u00e3o da TV Globo","og_description":"Gracindo Jr. acumulou mais de 50 anos de carreira na TV, teatro, r\u00e1dio e cinema, e faleceu no Rio de Janeiro em 2026O ator e diretor Epaminondas Xavier","og_url":"https:\/\/ubirataonline.com.br\/en\/morre-aos-83-anos-gracindo-jr-ator-e-diretor-da-inauguracao-da-tv-globo\/","og_site_name":"Ubirat\u00e3 Online Not\u00edcias - A realidade ao seu alcance!","article_publisher":"https:\/\/www.facebook.com\/portalubirataonline","article_author":"https:\/\/www.facebook.com\/portalubirataonline","article_published_time":"2026-09-02T12:35:38+00:00","og_image":[{"width":1531,"height":418,"url":"https:\/\/ubirataonline.com.br\/wp-content\/uploads\/2026\/05\/logo2026.webp","type":"image\/webp"}],"author":"REDA\u00c7\u00c3O: UBIRAT\u00c3 ONLINE - F\u00c1BIO AUGUSTO CELESTINO","twitter_card":"summary_large_image","twitter_creator":"@x.com\/ubirataonline","twitter_site":"@ubirataonline","twitter_misc":{"Written by":"REDA\u00c7\u00c3O: UBIRAT\u00c3 ONLINE - F\u00c1BIO AUGUSTO CELESTINO","Est. reading time":"2 minutes"},"schema":{"@context":"https:\/\/schema.org","@graph":[{"@type":"NewsArticle","@id":"https:\/\/ubirataonline.com.br\/morre-aos-83-anos-gracindo-jr-ator-e-diretor-da-inauguracao-da-tv-globo\/#article","isPartOf":{"@id":"https:\/\/ubirataonline.com.br\/morre-aos-83-anos-gracindo-jr-ator-e-diretor-da-inauguracao-da-tv-globo\/"},"author":{"name":"REDA\u00c7\u00c3O: UBIRAT\u00c3 ONLINE - F\u00c1BIO AUGUSTO CELESTINO","@id":"https:\/\/ubirataonline.com.br\/#\/schema\/person\/372f87bbd3fdd79b8556b84c98d0bc1c"},"headline":"Morre aos 83 anos Gracindo Jr., ator e diretor da inaugura\u00e7\u00e3o da TV Globo","datePublished":"2026-09-02T12:35:38+00:00","mainEntityOfPage":{"@id":"https:\/\/ubirataonline.com.br\/morre-aos-83-anos-gracindo-jr-ator-e-diretor-da-inauguracao-da-tv-globo\/"},"wordCount":358,"publisher":{"@id":"https:\/\/ubirataonline.com.br\/#organization"},"image":{"@id":"https:\/\/ubirataonline.com.br\/morre-aos-83-anos-gracindo-jr-ator-e-diretor-da-inauguracao-da-tv-globo\/#primaryimage"},"thumbnailUrl":"https:\/\/ubirataonline.com.br\/wp-content\/uploads\/2026\/09\/maaimg-post-169869-20260902-123557.webp","articleSection":["Paran\u00e1"],"inLanguage":"en-US","copyrightYear":"2026","copyrightHolder":{"@id":"https:\/\/ubirataonline.com.br\/en\/#organization"}},{"@type":"WebPage","@id":"https:\/\/ubirataonline.com.br\/morre-aos-83-anos-gracindo-jr-ator-e-diretor-da-inauguracao-da-tv-globo\/","url":"https:\/\/ubirataonline.com.br\/morre-aos-83-anos-gracindo-jr-ator-e-diretor-da-inauguracao-da-tv-globo\/","name":"Morre aos 83 anos Gracindo Jr., ator e diretor da inaugura\u00e7\u00e3o da TV Globo - Ubirat\u00e3 Online Not\u00edcias - A realidade ao seu alcance!","isPartOf":{"@id":"https:\/\/ubirataonline.com.br\/#website"},"primaryImageOfPage":{"@id":"https:\/\/ubirataonline.com.br\/morre-aos-83-anos-gracindo-jr-ator-e-diretor-da-inauguracao-da-tv-globo\/#primaryimage"},"image":{"@id":"https:\/\/ubirataonline.com.br\/morre-aos-83-anos-gracindo-jr-ator-e-diretor-da-inauguracao-da-tv-globo\/#primaryimage"},"thumbnailUrl":"https:\/\/ubirataonline.com.br\/wp-content\/uploads\/2026\/09\/maaimg-post-169869-20260902-123557.webp","datePublished":"2026-09-02T12:35:38+00:00","description":"Gracindo Jr. acumulou mais de 50 anos de carreira na TV, teatro, r\u00e1dio e cinema, e faleceu no Rio de Janeiro em 2026O ator e diretor Epaminondas Xavier","breadcrumb":{"@id":"https:\/\/ubirataonline.com.br\/morre-aos-83-anos-gracindo-jr-ator-e-diretor-da-inauguracao-da-tv-globo\/#breadcrumb"},"inLanguage":"en-US","potentialAction":[{"@type":"ReadAction","target":["https:\/\/ubirataonline.com.br\/morre-aos-83-anos-gracindo-jr-ator-e-diretor-da-inauguracao-da-tv-globo\/"]}]},{"@type":"ImageObject","inLanguage":"en-US","@id":"https:\/\/ubirataonline.com.br\/morre-aos-83-anos-gracindo-jr-ator-e-diretor-da-inauguracao-da-tv-globo\/#primaryimage","url":"https:\/\/ubirataonline.com.br\/wp-content\/uploads\/2026\/09\/maaimg-post-169869-20260902-123557.webp","contentUrl":"https:\/\/ubirataonline.com.br\/wp-content\/uploads\/2026\/09\/maaimg-post-169869-20260902-123557.webp","width":1536,"height":1024,"caption":"Imagem ilustrativa Gerada por IA"},{"@type":"BreadcrumbList","@id":"https:\/\/ubirataonline.com.br\/morre-aos-83-anos-gracindo-jr-ator-e-diretor-da-inauguracao-da-tv-globo\/#breadcrumb","itemListElement":[{"@type":"ListItem","position":1,"name":"In\u00edcio","item":"https:\/\/ubirataonline.com.br\/"},{"@type":"ListItem","position":2,"name":"Morre aos 83 anos Gracindo Jr., ator e diretor da inaugura\u00e7\u00e3o da TV Globo"}]},{"@type":"WebSite","@id":"https:\/\/ubirataonline.com.br\/#website","url":"https:\/\/ubirataonline.com.br\/","name":"Ubirat\u00e3 Online Not\u00edcias","description":"Not\u00edcias de Ubirat\u00e3, regi\u00e3o, Brasil e mundo, com informa\u00e7\u00e3o atualizada e compromisso com o leitor.","publisher":{"@id":"https:\/\/ubirataonline.com.br\/#organization"},"alternateName":"Ubirat\u00e3 Online","potentialAction":[{"@type":"SearchAction","target":{"@type":"EntryPoint","urlTemplate":"https:\/\/ubirataonline.com.br\/?s={search_term_string}"},"query-input":{"@type":"PropertyValueSpecification","valueRequired":true,"valueName":"search_term_string"}}],"inLanguage":"en-US"},{"@type":["Organization","Place"],"@id":"https:\/\/ubirataonline.com.br\/#organization","name":"Ubirat\u00e3 Online Not\u00edcias","alternateName":"Ubirat\u00e3 Online","url":"https:\/\/ubirataonline.com.br\/","logo":{"@id":"https:\/\/ubirataonline.com.br\/morre-aos-83-anos-gracindo-jr-ator-e-diretor-da-inauguracao-da-tv-globo\/#local-main-organization-logo"},"image":{"@id":"https:\/\/ubirataonline.com.br\/morre-aos-83-anos-gracindo-jr-ator-e-diretor-da-inauguracao-da-tv-globo\/#local-main-organization-logo"},"sameAs":["https:\/\/www.facebook.com\/portalubirataonline","https:\/\/x.com\/ubirataonline","https:\/\/mastodon.social\/@ubirataonline","https:\/\/www.facebook.com\/groups\/311144672285604","https:\/\/www.facebook.com\/UBTAOnline","https:\/\/www.instagram.com\/portalubirataonline\/","https:\/\/twitter.com\/ubirataonline"],"description":"Somos um portal de not\u00edcias independente, criado em 5 de janeiro de 2009, com o objetivo de informar, conectar e valorizar a nossa comunidade de Ubirat\u00e3 e toda aregi\u00e3o. Com conte\u00fado atualizado, confi\u00e1vel e relevante, o Ubirat\u00e3 Online \u00e9 o seu espa\u00e7o para ficar por dentro dos principais acontecimentos locais, regionais, Brasil, Mundo e de interesse geral. Nosso compromisso \u00e9 com a verdade, a transpar\u00eancia e o respeito ao leitor.","legalName":"UBIRATA ONLINE NOT\u00cdCIAS","foundingDate":"2009-01-05","numberOfEmployees":{"@type":"QuantitativeValue","minValue":"1","maxValue":"10"},"publishingPrinciples":"https:\/\/ubirataonline.com.br\/faq\/","address":{"@id":"https:\/\/ubirataonline.com.br\/morre-aos-83-anos-gracindo-jr-ator-e-diretor-da-inauguracao-da-tv-globo\/#local-main-place-address"},"geo":{"@type":"GeoCoordinates","latitude":"-24.5361401","longitude":"-52.9921776"},"telephone":["+5544998308235"],"contactPoint":{"@type":"ContactPoint","email":"contato@ubirataonline.com.br"},"openingHoursSpecification":{"@type":"OpeningHoursSpecification","dayOfWeek":["Monday","Tuesday","Wednesday","Thursday","Friday","Saturday","Sunday"],"opens":"00:00","closes":"23:59"},"email":"contato@ubirataonline.com.br","vatID":"47.621.418\/0001-80"},{"@type":"Person","@id":"https:\/\/ubirataonline.com.br\/#\/schema\/person\/372f87bbd3fdd79b8556b84c98d0bc1c","name":"REDA\u00c7\u00c3O: UBIRAT\u00c3 ONLINE - F\u00c1BIO AUGUSTO CELESTINO","pronouns":"Ele","description":"Desde 2003 trabalhando com not\u00edcias.","sameAs":["http:\/\/ubirataoline.com.br","https:\/\/www.facebook.com\/portalubirataonline","https:\/\/www.instagram.com\/ubirataonline_oficial","https:\/\/x.com\/x.com\/ubirataonline"],"honorificPrefix":"Mr.","honorificSuffix":"MD","birthDate":"1980-06-16","gender":"masculino","award":["V\u00e1rios pr\u00eamios de melhor portal da cidade"],"jobTitle":"Diretor","url":"https:\/\/ubirataonline.com.br\/en\/author\/ubirataonline\/"},{"@type":"PostalAddress","@id":"https:\/\/ubirataonline.com.br\/morre-aos-83-anos-gracindo-jr-ator-e-diretor-da-inauguracao-da-tv-globo\/#local-main-place-address","streetAddress":"Rua dos Coqueiros, 104 - Bairro Boa Vista, Rua dos Coqueiros, 104 Bairro Boa Vista","addressLocality":"UBIRATA","postalCode":"85440-000","addressRegion":"PR","addressCountry":"BR"},{"@type":"ImageObject","inLanguage":"en-US","@id":"https:\/\/ubirataonline.com.br\/morre-aos-83-anos-gracindo-jr-ator-e-diretor-da-inauguracao-da-tv-globo\/#local-main-organization-logo","url":"https:\/\/ubirataonline.com.br\/wp-content\/uploads\/2026\/06\/logoubirataonline-1.webp","contentUrl":"https:\/\/ubirataonline.com.br\/wp-content\/uploads\/2026\/06\/logoubirataonline-1.webp","width":500,"height":500,"caption":"Ubirat\u00e3 Online Not\u00edcias"}]},"geo.placename":"UBIRATA","geo.position":{"lat":"-24.5361401","long":"-52.9921776"},"geo.region":"Brazil"},"_links":{"self":[{"href":"https:\/\/ubirataonline.com.br\/en\/wp-json\/wp\/v2\/posts\/169869","targetHints":{"allow":["GET"]}}],"collection":[{"href":"https:\/\/ubirataonline.com.br\/en\/wp-json\/wp\/v2\/posts"}],"about":[{"href":"https:\/\/ubirataonline.com.br\/en\/wp-json\/wp\/v2\/types\/post"}],"author":[{"embeddable":true,"href":"https:\/\/ubirataonline.com.br\/en\/wp-json\/wp\/v2\/users\/1"}],"replies":[{"embeddable":true,"href":"https:\/\/ubirataonline.com.br\/en\/wp-json\/wp\/v2\/comments?post=169869"}],"version-history":[{"count":0,"href":"https:\/\/ubirataonline.com.br\/en\/wp-json\/wp\/v2\/posts\/169869\/revisions"}],"wp:featuredmedia":[{"embeddable":true,"href":"https:\/\/ubirataonline.com.br\/en\/wp-json\/wp\/v2\/media\/169871"}],"wp:attachment":[{"href":"https:\/\/ubirataonline.com.br\/en\/wp-json\/wp\/v2\/media?parent=169869"}],"wp:term":[{"taxonomy":"category","embeddable":true,"href":"https:\/\/ubirataonline.com.br\/en\/wp-json\/wp\/v2\/categories?post=169869"},{"taxonomy":"post_tag","embeddable":true,"href":"https:\/\/ubirataonline.com.br\/en\/wp-json\/wp\/v2\/tags?post=169869"}],"curies":[{"name":"wp","href":"https:\/\/api.w.org\/{rel}","templated":true}]}}