{"id":169874,"date":"2026-09-02T09:41:54","date_gmt":"2026-09-02T12:41:54","guid":{"rendered":"https:\/\/ubirataonline.com.br\/linha-mais-mobilidade-permite-a-um-motorista-de-laranjeiras-do-sul-ampliar-atuacao-nas-estradas\/"},"modified":"2026-09-02T09:41:54","modified_gmt":"2026-09-02T12:41:54","slug":"linha-mais-mobilidade-permite-a-um-motorista-de-laranjeiras-do-sul-ampliar-atuacao-nas-estradas","status":"publish","type":"post","link":"https:\/\/ubirataonline.com.br\/en\/linha-mais-mobilidade-permite-a-um-motorista-de-laranjeiras-do-sul-ampliar-atuacao-nas-estradas\/","title":{"rendered":"Linha &#8220;Mais mobilidade&#8221; permite a um motorista de Laranjeiras do Sul ampliar atua\u00e7\u00e3o nas estradas"},"content":{"rendered":"<h2>Linha &#8220;Mais mobilidade&#8221; do BNDES, repassada pela Cresol, permitiu a Evandro ampliar a frota e formalizar sociedade.<\/h2>\n<p>Um motorista cooperado da Cresol em Laranjeiras do Sul (PR) usou a linha &#8220;Mais mobilidade&#8221;, com recursos do BNDES repassados pela cooperativa, para financiar a compra de um caminh\u00e3o e ampliar a sua atua\u00e7\u00e3o no transporte de gr\u00e3os.<\/p>\n<p>Desde 2015 Evandro Cesar de Mattos atua no transporte rodovi\u00e1rio de cargas. Morador e cooperado da Cresol Vale das \u00c1guas PR\/MG, ele deixou a rotina de gerente comercial em um frigor\u00edfico para trabalhar na estrada e, agora, busca formalizar uma sociedade e expandir a opera\u00e7\u00e3o.<\/p>\n<h3>Da mudan\u00e7a de carreira \u00e0 rotina na estrada<\/h3>\n<p>Evandro relata que come\u00e7ou no transporte em 2015 e que a atividade passou a integrar lazer e trabalho. Ele transporta principalmente gr\u00e3os com destino ao porto de Paranagu\u00e1 (PR) e para unidades na regi\u00e3o de Ponta Grossa (PR). Entre as viagens mais longas est\u00e3o deslocamentos at\u00e9 Sorriso e Sinop (MT), que podem levar quase 30 horas; as viagens a Paranagu\u00e1 t\u00eam dura\u00e7\u00e3o m\u00e9dia de nove horas, segundo o motorista.<\/p>\n<p>Sobre a rotina, Evandro destacou a responsabilidade da profiss\u00e3o: &#8220;Voc\u00ea carrega uma carga e tem o dever de entregar. Voc\u00ea pode parar a hora que quiser para dar uma descansada, mas, n\u00e3o \u00e9 tanta liberdade assim, n\u00e3o. Tem a responsabilidade e, no tr\u00e2nsito, isso \u00e9 redobrado&#8221;.<\/p>\n<p>Ele tamb\u00e9m chamou aten\u00e7\u00e3o para os riscos e as condi\u00e7\u00f5es da malha rodovi\u00e1ria: &#8220;As estradas hoje, eu saio e n\u00e3o sei se volto. \u00c9 muito risco. N\u00f3s temos uma malha de rodovia que, desde quando eu me conhe\u00e7o por gente, \u00e9 a mesma&#8221;.<\/p>\n<h3>Financiamento, parceria e formaliza\u00e7\u00e3o<\/h3>\n<p>A ideia de ampliar a frota surgiu quando Evandro fez uma proposta de sociedade a um colega motorista. Para viabilizar a compra de um segundo caminh\u00e3o, ele procurou a Cresol ap\u00f3s ver um v\u00eddeo sobre a linha &#8220;Mais mobilidade&#8221; e entrou em contato com a ag\u00eancia em Laranjeiras do Sul.<\/p>\n<p>Geisa Luft, gerente de Neg\u00f3cios respons\u00e1vel pela carteira Pessoa F\u00edsica da ag\u00eancia, explicou que a opera\u00e7\u00e3o exigiu aten\u00e7\u00e3o aos procedimentos de um recurso oficial, mas contou com o suporte da cooperativa. &#8220;A linha &#8220;Mais mobilidade&#8221; \u00e9 um recurso do BNDES que a cooperativa repassa, e a Cresol \u00e9 uma das maiores repassadoras de cr\u00e9dito BNDES&#8221;, afirmou.<\/p>\n<p>Segundo Geisa, a formal\u00edstica \u00e9 mais extensa por se tratar de recurso oficial, mas a experi\u00eancia da cooperativa com o BNDES garantiu agilidade: a opera\u00e7\u00e3o foi conclu\u00edda em aproximadamente uma semana. Evandro confirmou que, apesar de um imprevisto \u2014 o primeiro ve\u00edculo escolhido n\u00e3o foi financi\u00e1vel pelo BNDES e houve necessidade de trocar \u2014, tudo ocorreu rapidamente: &#8220;A Cresol foi bem \u00e1gil&#8221;.<\/p>\n<p>Com a sociedade em forma\u00e7\u00e3o, Evandro planeja abrir CNPJ, organizar a opera\u00e7\u00e3o junto \u00e0 ANTT e contratar seguro para o novo caminh\u00e3o. Ele j\u00e1 tem um or\u00e7amento e aguarda a conclus\u00e3o da formaliza\u00e7\u00e3o da empresa.<\/p>\n<p>Geisa ressaltou a import\u00e2ncia do seguro para prote\u00e7\u00e3o do patrim\u00f4nio e redu\u00e7\u00e3o de impactos financeiros, recomendando avaliar o perfil da opera\u00e7\u00e3o, o condutor principal, as caracter\u00edsticas do ve\u00edculo e coberturas para terceiros e danos materiais.<\/p>\n<h3>Contexto da cooperativa<\/h3>\n<p>Na nota sobre a opera\u00e7\u00e3o, a Cresol informou ter 31 anos de hist\u00f3ria, mais de 1,2 milh\u00e3o de cooperados e 1.060 ag\u00eancias de relacionamento no Brasil, e destacou o foco no atendimento personalizado e em solu\u00e7\u00f5es financeiras para pessoas f\u00edsicas, empresas e empreendimentos rurais.<\/p>","protected":false},"excerpt":{"rendered":"<p>Linha &#8220;Mais mobilidade&#8221; do BNDES, repassada pela Cresol, permitiu a Evandro ampliar a frota e formalizar sociedade. Um motorista cooperado da Cresol em Laranjeiras do Sul (PR) usou a linha &#8220;Mais mobilidade&#8221;, com recursos do BNDES repassados pela cooperativa, para financiar a compra de um caminh\u00e3o e ampliar a sua atua\u00e7\u00e3o no transporte de gr\u00e3os. [&hellip;]<\/p>\n","protected":false},"author":1,"featured_media":169879,"comment_status":"","ping_status":"","sticky":false,"template":"","format":"standard","meta":{"googlesitekit_rrm_CAow2JLhCw:productID":"","_gspb_post_css":"","maa_idioma":"","maa_pais":"","footnotes":""},"categories":[4],"tags":[],"class_list":["post-169874","post","type-post","status-publish","format-standard","has-post-thumbnail","hentry","category-brasil"],"blocksy_meta":[],"yoast_head":"<!-- This site is optimized with the Yoast SEO Premium plugin v27.6 (Yoast SEO v27.6) - https:\/\/yoast.com\/product\/yoast-seo-premium-wordpress\/ -->\n<title>Linha &quot;Mais mobilidade&quot; permite a um motorista de Laranjeiras do Sul ampliar atua\u00e7\u00e3o nas estradas - Ubirat\u00e3 Online Not\u00edcias - A realidade ao seu alcance!<\/title>\n<meta name=\"description\" content=\"Linha &quot;Mais mobilidade&quot; do BNDES, repassada pela Cresol, permitiu a Evandro ampliar a frota e formalizar sociedade. Um motorista cooperado da Cresol em\" \/>\n<meta name=\"robots\" content=\"index, follow, max-snippet:-1, max-image-preview:large, max-video-preview:-1\" \/>\n<link rel=\"canonical\" href=\"https:\/\/ubirataonline.com.br\/en\/linha-mais-mobilidade-permite-a-um-motorista-de-laranjeiras-do-sul-ampliar-atuacao-nas-estradas\/\" \/>\n<meta property=\"og:locale\" content=\"en_US\" \/>\n<meta property=\"og:type\" content=\"article\" \/>\n<meta property=\"og:title\" content=\"Linha &quot;Mais mobilidade&quot; permite a um motorista de Laranjeiras do Sul ampliar atua\u00e7\u00e3o nas estradas\" \/>\n<meta property=\"og:description\" content=\"Linha &quot;Mais mobilidade&quot; do BNDES, repassada pela Cresol, permitiu a Evandro ampliar a frota e formalizar sociedade. Um motorista cooperado da Cresol em\" \/>\n<meta property=\"og:url\" content=\"https:\/\/ubirataonline.com.br\/en\/linha-mais-mobilidade-permite-a-um-motorista-de-laranjeiras-do-sul-ampliar-atuacao-nas-estradas\/\" \/>\n<meta property=\"og:site_name\" content=\"Ubirat\u00e3 Online Not\u00edcias - A realidade ao seu alcance!\" \/>\n<meta property=\"article:publisher\" content=\"https:\/\/www.facebook.com\/portalubirataonline\" \/>\n<meta property=\"article:author\" content=\"https:\/\/www.facebook.com\/portalubirataonline\" \/>\n<meta property=\"article:published_time\" content=\"2026-09-02T12:41:54+00:00\" \/>\n<meta property=\"og:image\" content=\"https:\/\/ubirataonline.com.br\/wp-content\/uploads\/2026\/05\/logo2026.webp\" \/>\n\t<meta property=\"og:image:width\" content=\"1531\" \/>\n\t<meta property=\"og:image:height\" content=\"418\" \/>\n\t<meta property=\"og:image:type\" content=\"image\/webp\" \/>\n<meta name=\"author\" content=\"REDA\u00c7\u00c3O: UBIRAT\u00c3 ONLINE - F\u00c1BIO AUGUSTO CELESTINO\" \/>\n<meta name=\"twitter:card\" content=\"summary_large_image\" \/>\n<meta name=\"twitter:creator\" content=\"@x.com\/ubirataonline\" \/>\n<meta name=\"twitter:site\" content=\"@ubirataonline\" \/>\n<meta name=\"twitter:label1\" content=\"Written by\" \/>\n\t<meta name=\"twitter:data1\" content=\"REDA\u00c7\u00c3O: UBIRAT\u00c3 ONLINE - F\u00c1BIO AUGUSTO CELESTINO\" \/>\n\t<meta name=\"twitter:label2\" content=\"Est. reading time\" \/>\n\t<meta name=\"twitter:data2\" content=\"3 minutes\" \/>\n<script type=\"application\/ld+json\" class=\"yoast-schema-graph\">{\"@context\":\"https:\\\/\\\/schema.org\",\"@graph\":[{\"@type\":\"NewsArticle\",\"@id\":\"https:\\\/\\\/ubirataonline.com.br\\\/linha-mais-mobilidade-permite-a-um-motorista-de-laranjeiras-do-sul-ampliar-atuacao-nas-estradas\\\/#article\",\"isPartOf\":{\"@id\":\"https:\\\/\\\/ubirataonline.com.br\\\/linha-mais-mobilidade-permite-a-um-motorista-de-laranjeiras-do-sul-ampliar-atuacao-nas-estradas\\\/\"},\"author\":{\"name\":\"REDA\u00c7\u00c3O: UBIRAT\u00c3 ONLINE - F\u00c1BIO AUGUSTO CELESTINO\",\"@id\":\"https:\\\/\\\/ubirataonline.com.br\\\/#\\\/schema\\\/person\\\/372f87bbd3fdd79b8556b84c98d0bc1c\"},\"headline\":\"Linha &#8220;Mais mobilidade&#8221; permite a um motorista de Laranjeiras do Sul ampliar atua\u00e7\u00e3o nas estradas\",\"datePublished\":\"2026-09-02T12:41:54+00:00\",\"mainEntityOfPage\":{\"@id\":\"https:\\\/\\\/ubirataonline.com.br\\\/linha-mais-mobilidade-permite-a-um-motorista-de-laranjeiras-do-sul-ampliar-atuacao-nas-estradas\\\/\"},\"wordCount\":618,\"publisher\":{\"@id\":\"https:\\\/\\\/ubirataonline.com.br\\\/#organization\"},\"image\":{\"@id\":\"https:\\\/\\\/ubirataonline.com.br\\\/linha-mais-mobilidade-permite-a-um-motorista-de-laranjeiras-do-sul-ampliar-atuacao-nas-estradas\\\/#primaryimage\"},\"thumbnailUrl\":\"https:\\\/\\\/ubirataonline.com.br\\\/wp-content\\\/uploads\\\/2026\\\/09\\\/maaimg-post-169874-20260902-124213.webp\",\"articleSection\":[\"Brasil\"],\"inLanguage\":\"en-US\",\"copyrightYear\":\"2026\",\"copyrightHolder\":{\"@id\":\"https:\\\/\\\/ubirataonline.com.br\\\/en\\\/#organization\"}},{\"@type\":\"WebPage\",\"@id\":\"https:\\\/\\\/ubirataonline.com.br\\\/linha-mais-mobilidade-permite-a-um-motorista-de-laranjeiras-do-sul-ampliar-atuacao-nas-estradas\\\/\",\"url\":\"https:\\\/\\\/ubirataonline.com.br\\\/linha-mais-mobilidade-permite-a-um-motorista-de-laranjeiras-do-sul-ampliar-atuacao-nas-estradas\\\/\",\"name\":\"Linha \\\"Mais mobilidade\\\" permite a um motorista de Laranjeiras do Sul ampliar atua\u00e7\u00e3o nas estradas - Ubirat\u00e3 Online Not\u00edcias - A realidade ao seu alcance!\",\"isPartOf\":{\"@id\":\"https:\\\/\\\/ubirataonline.com.br\\\/#website\"},\"primaryImageOfPage\":{\"@id\":\"https:\\\/\\\/ubirataonline.com.br\\\/linha-mais-mobilidade-permite-a-um-motorista-de-laranjeiras-do-sul-ampliar-atuacao-nas-estradas\\\/#primaryimage\"},\"image\":{\"@id\":\"https:\\\/\\\/ubirataonline.com.br\\\/linha-mais-mobilidade-permite-a-um-motorista-de-laranjeiras-do-sul-ampliar-atuacao-nas-estradas\\\/#primaryimage\"},\"thumbnailUrl\":\"https:\\\/\\\/ubirataonline.com.br\\\/wp-content\\\/uploads\\\/2026\\\/09\\\/maaimg-post-169874-20260902-124213.webp\",\"datePublished\":\"2026-09-02T12:41:54+00:00\",\"description\":\"Linha \\\"Mais mobilidade\\\" do BNDES, repassada pela Cresol, permitiu a Evandro ampliar a frota e formalizar sociedade. Um motorista cooperado da Cresol em\",\"breadcrumb\":{\"@id\":\"https:\\\/\\\/ubirataonline.com.br\\\/linha-mais-mobilidade-permite-a-um-motorista-de-laranjeiras-do-sul-ampliar-atuacao-nas-estradas\\\/#breadcrumb\"},\"inLanguage\":\"en-US\",\"potentialAction\":[{\"@type\":\"ReadAction\",\"target\":[\"https:\\\/\\\/ubirataonline.com.br\\\/linha-mais-mobilidade-permite-a-um-motorista-de-laranjeiras-do-sul-ampliar-atuacao-nas-estradas\\\/\"]}]},{\"@type\":\"ImageObject\",\"inLanguage\":\"en-US\",\"@id\":\"https:\\\/\\\/ubirataonline.com.br\\\/linha-mais-mobilidade-permite-a-um-motorista-de-laranjeiras-do-sul-ampliar-atuacao-nas-estradas\\\/#primaryimage\",\"url\":\"https:\\\/\\\/ubirataonline.com.br\\\/wp-content\\\/uploads\\\/2026\\\/09\\\/maaimg-post-169874-20260902-124213.webp\",\"contentUrl\":\"https:\\\/\\\/ubirataonline.com.br\\\/wp-content\\\/uploads\\\/2026\\\/09\\\/maaimg-post-169874-20260902-124213.webp\",\"width\":1536,\"height\":1024,\"caption\":\"Imagem ilustrativa Gerada por IA\"},{\"@type\":\"BreadcrumbList\",\"@id\":\"https:\\\/\\\/ubirataonline.com.br\\\/linha-mais-mobilidade-permite-a-um-motorista-de-laranjeiras-do-sul-ampliar-atuacao-nas-estradas\\\/#breadcrumb\",\"itemListElement\":[{\"@type\":\"ListItem\",\"position\":1,\"name\":\"In\u00edcio\",\"item\":\"https:\\\/\\\/ubirataonline.com.br\\\/\"},{\"@type\":\"ListItem\",\"position\":2,\"name\":\"Linha &#8220;Mais mobilidade&#8221; permite a um motorista de Laranjeiras do Sul ampliar atua\u00e7\u00e3o nas estradas\"}]},{\"@type\":\"WebSite\",\"@id\":\"https:\\\/\\\/ubirataonline.com.br\\\/#website\",\"url\":\"https:\\\/\\\/ubirataonline.com.br\\\/\",\"name\":\"Ubirat\u00e3 Online Not\u00edcias\",\"description\":\"Not\u00edcias de Ubirat\u00e3, regi\u00e3o, Brasil e mundo, com informa\u00e7\u00e3o atualizada e compromisso com o leitor.\",\"publisher\":{\"@id\":\"https:\\\/\\\/ubirataonline.com.br\\\/#organization\"},\"alternateName\":\"Ubirat\u00e3 Online\",\"potentialAction\":[{\"@type\":\"SearchAction\",\"target\":{\"@type\":\"EntryPoint\",\"urlTemplate\":\"https:\\\/\\\/ubirataonline.com.br\\\/?s={search_term_string}\"},\"query-input\":{\"@type\":\"PropertyValueSpecification\",\"valueRequired\":true,\"valueName\":\"search_term_string\"}}],\"inLanguage\":\"en-US\"},{\"@type\":[\"Organization\",\"Place\"],\"@id\":\"https:\\\/\\\/ubirataonline.com.br\\\/#organization\",\"name\":\"Ubirat\u00e3 Online Not\u00edcias\",\"alternateName\":\"Ubirat\u00e3 Online\",\"url\":\"https:\\\/\\\/ubirataonline.com.br\\\/\",\"logo\":{\"@id\":\"https:\\\/\\\/ubirataonline.com.br\\\/linha-mais-mobilidade-permite-a-um-motorista-de-laranjeiras-do-sul-ampliar-atuacao-nas-estradas\\\/#local-main-organization-logo\"},\"image\":{\"@id\":\"https:\\\/\\\/ubirataonline.com.br\\\/linha-mais-mobilidade-permite-a-um-motorista-de-laranjeiras-do-sul-ampliar-atuacao-nas-estradas\\\/#local-main-organization-logo\"},\"sameAs\":[\"https:\\\/\\\/www.facebook.com\\\/portalubirataonline\",\"https:\\\/\\\/x.com\\\/ubirataonline\",\"https:\\\/\\\/mastodon.social\\\/@ubirataonline\",\"https:\\\/\\\/www.facebook.com\\\/groups\\\/311144672285604\",\"https:\\\/\\\/www.facebook.com\\\/UBTAOnline\",\"https:\\\/\\\/www.instagram.com\\\/portalubirataonline\\\/\",\"https:\\\/\\\/twitter.com\\\/ubirataonline\"],\"description\":\"Somos um portal de not\u00edcias independente, criado em 5 de janeiro de 2009, com o objetivo de informar, conectar e valorizar a nossa comunidade de Ubirat\u00e3 e toda aregi\u00e3o. Com conte\u00fado atualizado, confi\u00e1vel e relevante, o Ubirat\u00e3 Online \u00e9 o seu espa\u00e7o para ficar por dentro dos principais acontecimentos locais, regionais, Brasil, Mundo e de interesse geral. Nosso compromisso \u00e9 com a verdade, a transpar\u00eancia e o respeito ao leitor.\",\"legalName\":\"UBIRATA ONLINE NOT\u00cdCIAS\",\"foundingDate\":\"2009-01-05\",\"numberOfEmployees\":{\"@type\":\"QuantitativeValue\",\"minValue\":\"1\",\"maxValue\":\"10\"},\"publishingPrinciples\":\"https:\\\/\\\/ubirataonline.com.br\\\/faq\\\/\",\"address\":{\"@id\":\"https:\\\/\\\/ubirataonline.com.br\\\/linha-mais-mobilidade-permite-a-um-motorista-de-laranjeiras-do-sul-ampliar-atuacao-nas-estradas\\\/#local-main-place-address\"},\"geo\":{\"@type\":\"GeoCoordinates\",\"latitude\":\"-24.5361401\",\"longitude\":\"-52.9921776\"},\"telephone\":[\"+5544998308235\"],\"contactPoint\":{\"@type\":\"ContactPoint\",\"email\":\"contato@ubirataonline.com.br\"},\"openingHoursSpecification\":{\"@type\":\"OpeningHoursSpecification\",\"dayOfWeek\":[\"Monday\",\"Tuesday\",\"Wednesday\",\"Thursday\",\"Friday\",\"Saturday\",\"Sunday\"],\"opens\":\"00:00\",\"closes\":\"23:59\"},\"email\":\"contato@ubirataonline.com.br\",\"vatID\":\"47.621.418\\\/0001-80\"},{\"@type\":\"Person\",\"@id\":\"https:\\\/\\\/ubirataonline.com.br\\\/#\\\/schema\\\/person\\\/372f87bbd3fdd79b8556b84c98d0bc1c\",\"name\":\"REDA\u00c7\u00c3O: UBIRAT\u00c3 ONLINE - F\u00c1BIO AUGUSTO CELESTINO\",\"pronouns\":\"Ele\",\"description\":\"Desde 2003 trabalhando com not\u00edcias.\",\"sameAs\":[\"http:\\\/\\\/ubirataoline.com.br\",\"https:\\\/\\\/www.facebook.com\\\/portalubirataonline\",\"https:\\\/\\\/www.instagram.com\\\/ubirataonline_oficial\",\"https:\\\/\\\/x.com\\\/x.com\\\/ubirataonline\"],\"honorificPrefix\":\"Mr.\",\"honorificSuffix\":\"MD\",\"birthDate\":\"1980-06-16\",\"gender\":\"masculino\",\"award\":[\"V\u00e1rios pr\u00eamios de melhor portal da cidade\"],\"jobTitle\":\"Diretor\",\"url\":\"https:\\\/\\\/ubirataonline.com.br\\\/en\\\/author\\\/ubirataonline\\\/\"},{\"@type\":\"PostalAddress\",\"@id\":\"https:\\\/\\\/ubirataonline.com.br\\\/linha-mais-mobilidade-permite-a-um-motorista-de-laranjeiras-do-sul-ampliar-atuacao-nas-estradas\\\/#local-main-place-address\",\"streetAddress\":\"Rua dos Coqueiros, 104 - Bairro Boa Vista, Rua dos Coqueiros, 104 Bairro Boa Vista\",\"addressLocality\":\"UBIRATA\",\"postalCode\":\"85440-000\",\"addressRegion\":\"PR\",\"addressCountry\":\"BR\"},{\"@type\":\"ImageObject\",\"inLanguage\":\"en-US\",\"@id\":\"https:\\\/\\\/ubirataonline.com.br\\\/linha-mais-mobilidade-permite-a-um-motorista-de-laranjeiras-do-sul-ampliar-atuacao-nas-estradas\\\/#local-main-organization-logo\",\"url\":\"https:\\\/\\\/ubirataonline.com.br\\\/wp-content\\\/uploads\\\/2026\\\/06\\\/logoubirataonline-1.webp\",\"contentUrl\":\"https:\\\/\\\/ubirataonline.com.br\\\/wp-content\\\/uploads\\\/2026\\\/06\\\/logoubirataonline-1.webp\",\"width\":500,\"height\":500,\"caption\":\"Ubirat\u00e3 Online Not\u00edcias\"}]}<\/script>\n<meta name=\"geo.placename\" content=\"UBIRATA\" \/>\n<meta name=\"geo.position\" content=\"-24.5361401;-52.9921776\" \/>\n<meta name=\"geo.region\" content=\"Brazil\" \/>\n<!-- \/ Yoast SEO Premium plugin. -->","yoast_head_json":{"title":"Linha \"Mais mobilidade\" permite a um motorista de Laranjeiras do Sul ampliar atua\u00e7\u00e3o nas estradas - Ubirat\u00e3 Online Not\u00edcias - A realidade ao seu alcance!","description":"Linha \"Mais mobilidade\" do BNDES, repassada pela Cresol, permitiu a Evandro ampliar a frota e formalizar sociedade. Um motorista cooperado da Cresol em","robots":{"index":"index","follow":"follow","max-snippet":"max-snippet:-1","max-image-preview":"max-image-preview:large","max-video-preview":"max-video-preview:-1"},"canonical":"https:\/\/ubirataonline.com.br\/en\/linha-mais-mobilidade-permite-a-um-motorista-de-laranjeiras-do-sul-ampliar-atuacao-nas-estradas\/","og_locale":"en_US","og_type":"article","og_title":"Linha \"Mais mobilidade\" permite a um motorista de Laranjeiras do Sul ampliar atua\u00e7\u00e3o nas estradas","og_description":"Linha \"Mais mobilidade\" do BNDES, repassada pela Cresol, permitiu a Evandro ampliar a frota e formalizar sociedade. Um motorista cooperado da Cresol em","og_url":"https:\/\/ubirataonline.com.br\/en\/linha-mais-mobilidade-permite-a-um-motorista-de-laranjeiras-do-sul-ampliar-atuacao-nas-estradas\/","og_site_name":"Ubirat\u00e3 Online Not\u00edcias - A realidade ao seu alcance!","article_publisher":"https:\/\/www.facebook.com\/portalubirataonline","article_author":"https:\/\/www.facebook.com\/portalubirataonline","article_published_time":"2026-09-02T12:41:54+00:00","og_image":[{"width":1531,"height":418,"url":"https:\/\/ubirataonline.com.br\/wp-content\/uploads\/2026\/05\/logo2026.webp","type":"image\/webp"}],"author":"REDA\u00c7\u00c3O: UBIRAT\u00c3 ONLINE - F\u00c1BIO AUGUSTO CELESTINO","twitter_card":"summary_large_image","twitter_creator":"@x.com\/ubirataonline","twitter_site":"@ubirataonline","twitter_misc":{"Written by":"REDA\u00c7\u00c3O: UBIRAT\u00c3 ONLINE - F\u00c1BIO AUGUSTO CELESTINO","Est. reading time":"3 minutes"},"schema":{"@context":"https:\/\/schema.org","@graph":[{"@type":"NewsArticle","@id":"https:\/\/ubirataonline.com.br\/linha-mais-mobilidade-permite-a-um-motorista-de-laranjeiras-do-sul-ampliar-atuacao-nas-estradas\/#article","isPartOf":{"@id":"https:\/\/ubirataonline.com.br\/linha-mais-mobilidade-permite-a-um-motorista-de-laranjeiras-do-sul-ampliar-atuacao-nas-estradas\/"},"author":{"name":"REDA\u00c7\u00c3O: UBIRAT\u00c3 ONLINE - F\u00c1BIO AUGUSTO CELESTINO","@id":"https:\/\/ubirataonline.com.br\/#\/schema\/person\/372f87bbd3fdd79b8556b84c98d0bc1c"},"headline":"Linha &#8220;Mais mobilidade&#8221; permite a um motorista de Laranjeiras do Sul ampliar atua\u00e7\u00e3o nas estradas","datePublished":"2026-09-02T12:41:54+00:00","mainEntityOfPage":{"@id":"https:\/\/ubirataonline.com.br\/linha-mais-mobilidade-permite-a-um-motorista-de-laranjeiras-do-sul-ampliar-atuacao-nas-estradas\/"},"wordCount":618,"publisher":{"@id":"https:\/\/ubirataonline.com.br\/#organization"},"image":{"@id":"https:\/\/ubirataonline.com.br\/linha-mais-mobilidade-permite-a-um-motorista-de-laranjeiras-do-sul-ampliar-atuacao-nas-estradas\/#primaryimage"},"thumbnailUrl":"https:\/\/ubirataonline.com.br\/wp-content\/uploads\/2026\/09\/maaimg-post-169874-20260902-124213.webp","articleSection":["Brasil"],"inLanguage":"en-US","copyrightYear":"2026","copyrightHolder":{"@id":"https:\/\/ubirataonline.com.br\/en\/#organization"}},{"@type":"WebPage","@id":"https:\/\/ubirataonline.com.br\/linha-mais-mobilidade-permite-a-um-motorista-de-laranjeiras-do-sul-ampliar-atuacao-nas-estradas\/","url":"https:\/\/ubirataonline.com.br\/linha-mais-mobilidade-permite-a-um-motorista-de-laranjeiras-do-sul-ampliar-atuacao-nas-estradas\/","name":"Linha \"Mais mobilidade\" permite a um motorista de Laranjeiras do Sul ampliar atua\u00e7\u00e3o nas estradas - Ubirat\u00e3 Online Not\u00edcias - A realidade ao seu alcance!","isPartOf":{"@id":"https:\/\/ubirataonline.com.br\/#website"},"primaryImageOfPage":{"@id":"https:\/\/ubirataonline.com.br\/linha-mais-mobilidade-permite-a-um-motorista-de-laranjeiras-do-sul-ampliar-atuacao-nas-estradas\/#primaryimage"},"image":{"@id":"https:\/\/ubirataonline.com.br\/linha-mais-mobilidade-permite-a-um-motorista-de-laranjeiras-do-sul-ampliar-atuacao-nas-estradas\/#primaryimage"},"thumbnailUrl":"https:\/\/ubirataonline.com.br\/wp-content\/uploads\/2026\/09\/maaimg-post-169874-20260902-124213.webp","datePublished":"2026-09-02T12:41:54+00:00","description":"Linha \"Mais mobilidade\" do BNDES, repassada pela Cresol, permitiu a Evandro ampliar a frota e formalizar sociedade. Um motorista cooperado da Cresol em","breadcrumb":{"@id":"https:\/\/ubirataonline.com.br\/linha-mais-mobilidade-permite-a-um-motorista-de-laranjeiras-do-sul-ampliar-atuacao-nas-estradas\/#breadcrumb"},"inLanguage":"en-US","potentialAction":[{"@type":"ReadAction","target":["https:\/\/ubirataonline.com.br\/linha-mais-mobilidade-permite-a-um-motorista-de-laranjeiras-do-sul-ampliar-atuacao-nas-estradas\/"]}]},{"@type":"ImageObject","inLanguage":"en-US","@id":"https:\/\/ubirataonline.com.br\/linha-mais-mobilidade-permite-a-um-motorista-de-laranjeiras-do-sul-ampliar-atuacao-nas-estradas\/#primaryimage","url":"https:\/\/ubirataonline.com.br\/wp-content\/uploads\/2026\/09\/maaimg-post-169874-20260902-124213.webp","contentUrl":"https:\/\/ubirataonline.com.br\/wp-content\/uploads\/2026\/09\/maaimg-post-169874-20260902-124213.webp","width":1536,"height":1024,"caption":"Imagem ilustrativa Gerada por IA"},{"@type":"BreadcrumbList","@id":"https:\/\/ubirataonline.com.br\/linha-mais-mobilidade-permite-a-um-motorista-de-laranjeiras-do-sul-ampliar-atuacao-nas-estradas\/#breadcrumb","itemListElement":[{"@type":"ListItem","position":1,"name":"In\u00edcio","item":"https:\/\/ubirataonline.com.br\/"},{"@type":"ListItem","position":2,"name":"Linha &#8220;Mais mobilidade&#8221; permite a um motorista de Laranjeiras do Sul ampliar atua\u00e7\u00e3o nas estradas"}]},{"@type":"WebSite","@id":"https:\/\/ubirataonline.com.br\/#website","url":"https:\/\/ubirataonline.com.br\/","name":"Ubirat\u00e3 Online Not\u00edcias","description":"Not\u00edcias de Ubirat\u00e3, regi\u00e3o, Brasil e mundo, com informa\u00e7\u00e3o atualizada e compromisso com o leitor.","publisher":{"@id":"https:\/\/ubirataonline.com.br\/#organization"},"alternateName":"Ubirat\u00e3 Online","potentialAction":[{"@type":"SearchAction","target":{"@type":"EntryPoint","urlTemplate":"https:\/\/ubirataonline.com.br\/?s={search_term_string}"},"query-input":{"@type":"PropertyValueSpecification","valueRequired":true,"valueName":"search_term_string"}}],"inLanguage":"en-US"},{"@type":["Organization","Place"],"@id":"https:\/\/ubirataonline.com.br\/#organization","name":"Ubirat\u00e3 Online Not\u00edcias","alternateName":"Ubirat\u00e3 Online","url":"https:\/\/ubirataonline.com.br\/","logo":{"@id":"https:\/\/ubirataonline.com.br\/linha-mais-mobilidade-permite-a-um-motorista-de-laranjeiras-do-sul-ampliar-atuacao-nas-estradas\/#local-main-organization-logo"},"image":{"@id":"https:\/\/ubirataonline.com.br\/linha-mais-mobilidade-permite-a-um-motorista-de-laranjeiras-do-sul-ampliar-atuacao-nas-estradas\/#local-main-organization-logo"},"sameAs":["https:\/\/www.facebook.com\/portalubirataonline","https:\/\/x.com\/ubirataonline","https:\/\/mastodon.social\/@ubirataonline","https:\/\/www.facebook.com\/groups\/311144672285604","https:\/\/www.facebook.com\/UBTAOnline","https:\/\/www.instagram.com\/portalubirataonline\/","https:\/\/twitter.com\/ubirataonline"],"description":"Somos um portal de not\u00edcias independente, criado em 5 de janeiro de 2009, com o objetivo de informar, conectar e valorizar a nossa comunidade de Ubirat\u00e3 e toda aregi\u00e3o. Com conte\u00fado atualizado, confi\u00e1vel e relevante, o Ubirat\u00e3 Online \u00e9 o seu espa\u00e7o para ficar por dentro dos principais acontecimentos locais, regionais, Brasil, Mundo e de interesse geral. Nosso compromisso \u00e9 com a verdade, a transpar\u00eancia e o respeito ao leitor.","legalName":"UBIRATA ONLINE NOT\u00cdCIAS","foundingDate":"2009-01-05","numberOfEmployees":{"@type":"QuantitativeValue","minValue":"1","maxValue":"10"},"publishingPrinciples":"https:\/\/ubirataonline.com.br\/faq\/","address":{"@id":"https:\/\/ubirataonline.com.br\/linha-mais-mobilidade-permite-a-um-motorista-de-laranjeiras-do-sul-ampliar-atuacao-nas-estradas\/#local-main-place-address"},"geo":{"@type":"GeoCoordinates","latitude":"-24.5361401","longitude":"-52.9921776"},"telephone":["+5544998308235"],"contactPoint":{"@type":"ContactPoint","email":"contato@ubirataonline.com.br"},"openingHoursSpecification":{"@type":"OpeningHoursSpecification","dayOfWeek":["Monday","Tuesday","Wednesday","Thursday","Friday","Saturday","Sunday"],"opens":"00:00","closes":"23:59"},"email":"contato@ubirataonline.com.br","vatID":"47.621.418\/0001-80"},{"@type":"Person","@id":"https:\/\/ubirataonline.com.br\/#\/schema\/person\/372f87bbd3fdd79b8556b84c98d0bc1c","name":"REDA\u00c7\u00c3O: UBIRAT\u00c3 ONLINE - F\u00c1BIO AUGUSTO CELESTINO","pronouns":"Ele","description":"Desde 2003 trabalhando com not\u00edcias.","sameAs":["http:\/\/ubirataoline.com.br","https:\/\/www.facebook.com\/portalubirataonline","https:\/\/www.instagram.com\/ubirataonline_oficial","https:\/\/x.com\/x.com\/ubirataonline"],"honorificPrefix":"Mr.","honorificSuffix":"MD","birthDate":"1980-06-16","gender":"masculino","award":["V\u00e1rios pr\u00eamios de melhor portal da cidade"],"jobTitle":"Diretor","url":"https:\/\/ubirataonline.com.br\/en\/author\/ubirataonline\/"},{"@type":"PostalAddress","@id":"https:\/\/ubirataonline.com.br\/linha-mais-mobilidade-permite-a-um-motorista-de-laranjeiras-do-sul-ampliar-atuacao-nas-estradas\/#local-main-place-address","streetAddress":"Rua dos Coqueiros, 104 - Bairro Boa Vista, Rua dos Coqueiros, 104 Bairro Boa Vista","addressLocality":"UBIRATA","postalCode":"85440-000","addressRegion":"PR","addressCountry":"BR"},{"@type":"ImageObject","inLanguage":"en-US","@id":"https:\/\/ubirataonline.com.br\/linha-mais-mobilidade-permite-a-um-motorista-de-laranjeiras-do-sul-ampliar-atuacao-nas-estradas\/#local-main-organization-logo","url":"https:\/\/ubirataonline.com.br\/wp-content\/uploads\/2026\/06\/logoubirataonline-1.webp","contentUrl":"https:\/\/ubirataonline.com.br\/wp-content\/uploads\/2026\/06\/logoubirataonline-1.webp","width":500,"height":500,"caption":"Ubirat\u00e3 Online Not\u00edcias"}]},"geo.placename":"UBIRATA","geo.position":{"lat":"-24.5361401","long":"-52.9921776"},"geo.region":"Brazil"},"_links":{"self":[{"href":"https:\/\/ubirataonline.com.br\/en\/wp-json\/wp\/v2\/posts\/169874","targetHints":{"allow":["GET"]}}],"collection":[{"href":"https:\/\/ubirataonline.com.br\/en\/wp-json\/wp\/v2\/posts"}],"about":[{"href":"https:\/\/ubirataonline.com.br\/en\/wp-json\/wp\/v2\/types\/post"}],"author":[{"embeddable":true,"href":"https:\/\/ubirataonline.com.br\/en\/wp-json\/wp\/v2\/users\/1"}],"replies":[{"embeddable":true,"href":"https:\/\/ubirataonline.com.br\/en\/wp-json\/wp\/v2\/comments?post=169874"}],"version-history":[{"count":0,"href":"https:\/\/ubirataonline.com.br\/en\/wp-json\/wp\/v2\/posts\/169874\/revisions"}],"wp:featuredmedia":[{"embeddable":true,"href":"https:\/\/ubirataonline.com.br\/en\/wp-json\/wp\/v2\/media\/169879"}],"wp:attachment":[{"href":"https:\/\/ubirataonline.com.br\/en\/wp-json\/wp\/v2\/media?parent=169874"}],"wp:term":[{"taxonomy":"category","embeddable":true,"href":"https:\/\/ubirataonline.com.br\/en\/wp-json\/wp\/v2\/categories?post=169874"},{"taxonomy":"post_tag","embeddable":true,"href":"https:\/\/ubirataonline.com.br\/en\/wp-json\/wp\/v2\/tags?post=169874"}],"curies":[{"name":"wp","href":"https:\/\/api.w.org\/{rel}","templated":true}]}}