{"id":169901,"date":"2026-09-02T10:42:10","date_gmt":"2026-09-02T13:42:10","guid":{"rendered":"https:\/\/ubirataonline.com.br\/frente-fria-causa-queda-das-temperaturas-em-sao-paulo-com-previsao-de-chuva-no-domingo\/"},"modified":"2026-09-02T10:42:10","modified_gmt":"2026-09-02T13:42:10","slug":"frente-fria-causa-queda-das-temperaturas-em-sao-paulo-com-previsao-de-chuva-no-domingo","status":"publish","type":"post","link":"https:\/\/ubirataonline.com.br\/en\/frente-fria-causa-queda-das-temperaturas-em-sao-paulo-com-previsao-de-chuva-no-domingo\/","title":{"rendered":"Frente fria causa queda das temperaturas em S\u00e3o Paulo com previs\u00e3o de chuva no domingo"},"content":{"rendered":"<h2>As temperaturas caem a partir desta quarta-feira em S\u00e3o Paulo; previs\u00e3o indica tempo mais frio e chuva pr\u00f3xima ao feriado da Independ\u00eancia<\/h2>\n<p>A passagem de uma frente fria j\u00e1 provoca a redu\u00e7\u00e3o das temperaturas na capital paulista a partir desta quarta-feira, 2 de setembro. Segundo informa\u00e7\u00f5es divulgadas pelo CGN com base na Meteoblue, a manh\u00e3 come\u00e7ou com c\u00e9u encoberto, por\u00e9m sem registro de chuva, manifestando a influ\u00eancia do sistema atmosf\u00e9rico.<\/p>\n<p>O recuo das temperaturas traz uma perspectiva de tempo fresco e nublado nesta quinta-feira, 3. Durante a madrugada, a temperatura m\u00e9dia gira em torno de 12\u00b0C, com sensa\u00e7\u00e3o ligeira de frio. \u00c0 medida que o dia avan\u00e7a, a nebulosidade diminui e o sol aparece, o que permite aumento dos term\u00f4metros, sem previs\u00e3o de chuvas.<\/p>\n<h3>Varia\u00e7\u00e3o das temperaturas entre quarta e segunda-feira<\/h3>\n<p>A sexta-feira, 4, apresentar\u00e1 temperaturas variando entre 15\u00baC e 25\u00baC. Na sequ\u00eancia, o esfriamento retorna de s\u00e1bado, 5, at\u00e9 o feriado da Independ\u00eancia, segunda-feira, 7, quando a queda mais acentuada \u00e9 esperada, segundo proje\u00e7\u00f5es.<\/p>\n<h3>Previs\u00e3o detalhada para os pr\u00f3ximos dias em S\u00e3o Paulo<\/h3>\n<ul>\n<li>Quarta-feira (2): m\u00ednima de 13\u00baC e m\u00e1xima de 19\u00baC;<\/li>\n<li>Quinta-feira (3): m\u00ednima de 12\u00baC e m\u00e1xima de 24\u00baC;<\/li>\n<li>Sexta-feira (4): m\u00ednima de 15\u00baC e m\u00e1xima de 25\u00baC;<\/li>\n<li>S\u00e1bado (5): m\u00ednima de 14\u00baC e m\u00e1xima de 17\u00baC;<\/li>\n<li>Domingo (6): m\u00ednima de 10\u00baC e m\u00e1xima de 14\u00baC, com previs\u00e3o de fortes chuvas;<\/li>\n<li>Segunda-feira (7): m\u00ednima de 9\u00baC e m\u00e1xima de 10\u00baC.<\/li>\n<\/ul>\n<h3>Chuvas e impacto no feriado<\/h3>\n<p>A expectativa para o domingo inclui previs\u00e3o de fortes chuvas, que devem marcar o in\u00edcio de um per\u00edodo com tempo inst\u00e1vel na regi\u00e3o. O feriado da Independ\u00eancia, na segunda, ser\u00e1 marcado por temperaturas baixas, refor\u00e7ando o impacto da frente fria na capital paulista.<\/p>\n<h2>Frequently asked questions<\/h2>\n<h3>Quando come\u00e7a a queda de temperatura em S\u00e3o Paulo?<\/h3>\n<p>A queda das temperaturas come\u00e7ou na manh\u00e3 desta quarta-feira, 2 de setembro, com c\u00e9u encoberto e temperaturas amenas.<\/p>\n<h3>Qual a previs\u00e3o de temperatura para o feriado da Independ\u00eancia?<\/h3>\n<p>O feriado, na segunda-feira, 7 de setembro, ter\u00e1 temperaturas entre 9\u00baC e 10\u00baC, com sensa\u00e7\u00e3o de frio acentuada.<\/p>\n<h3>H\u00e1 previs\u00e3o de chuva na sequ\u00eancia da frente fria?<\/h3>\n<p>Sim, especialmente no domingo, 6 de setembro, quando s\u00e3o esperadas fortes chuvas na cidade de S\u00e3o Paulo.<\/p>","protected":false},"excerpt":{"rendered":"<p>As temperaturas caem a partir desta quarta-feira em S\u00e3o Paulo; previs\u00e3o indica tempo mais frio e chuva pr\u00f3xima ao feriado da Independ\u00eancia A passagem de uma frente fria j\u00e1 provoca a redu\u00e7\u00e3o das temperaturas na capital paulista a partir desta quarta-feira, 2 de setembro. Segundo informa\u00e7\u00f5es divulgadas pelo CGN com base na Meteoblue, a manh\u00e3 [&hellip;]<\/p>\n","protected":false},"author":1,"featured_media":169902,"comment_status":"","ping_status":"","sticky":false,"template":"","format":"standard","meta":{"googlesitekit_rrm_CAow2JLhCw:productID":"","_gspb_post_css":"","maa_idioma":"","maa_pais":"","footnotes":""},"categories":[4],"tags":[],"class_list":["post-169901","post","type-post","status-publish","format-standard","has-post-thumbnail","hentry","category-brasil"],"blocksy_meta":[],"yoast_head":"<!-- This site is optimized with the Yoast SEO Premium plugin v27.6 (Yoast SEO v27.6) - https:\/\/yoast.com\/product\/yoast-seo-premium-wordpress\/ -->\n<title>Frente fria causa queda das temperaturas em S\u00e3o Paulo com previs\u00e3o de chuva no domingo - Ubirat\u00e3 Online Not\u00edcias - A realidade ao seu alcance!<\/title>\n<meta name=\"description\" content=\"As temperaturas caem a partir desta quarta-feira em S\u00e3o Paulo; previs\u00e3o indica tempo mais frio e chuva pr\u00f3xima ao feriado da Independ\u00eanciaA passagem de\" \/>\n<meta name=\"robots\" content=\"index, follow, max-snippet:-1, max-image-preview:large, max-video-preview:-1\" \/>\n<link rel=\"canonical\" href=\"https:\/\/ubirataonline.com.br\/en\/frente-fria-causa-queda-das-temperaturas-em-sao-paulo-com-previsao-de-chuva-no-domingo\/\" \/>\n<meta property=\"og:locale\" content=\"en_US\" \/>\n<meta property=\"og:type\" content=\"article\" \/>\n<meta property=\"og:title\" content=\"Frente fria causa queda das temperaturas em S\u00e3o Paulo com previs\u00e3o de chuva no domingo\" \/>\n<meta property=\"og:description\" content=\"As temperaturas caem a partir desta quarta-feira em S\u00e3o Paulo; previs\u00e3o indica tempo mais frio e chuva pr\u00f3xima ao feriado da Independ\u00eanciaA passagem de\" \/>\n<meta property=\"og:url\" content=\"https:\/\/ubirataonline.com.br\/en\/frente-fria-causa-queda-das-temperaturas-em-sao-paulo-com-previsao-de-chuva-no-domingo\/\" \/>\n<meta property=\"og:site_name\" content=\"Ubirat\u00e3 Online Not\u00edcias - A realidade ao seu alcance!\" \/>\n<meta property=\"article:publisher\" content=\"https:\/\/www.facebook.com\/portalubirataonline\" \/>\n<meta property=\"article:author\" content=\"https:\/\/www.facebook.com\/portalubirataonline\" \/>\n<meta property=\"article:published_time\" content=\"2026-09-02T13:42:10+00:00\" \/>\n<meta property=\"og:image\" content=\"https:\/\/ubirataonline.com.br\/wp-content\/uploads\/2026\/05\/logo2026.webp\" \/>\n\t<meta property=\"og:image:width\" content=\"1531\" \/>\n\t<meta property=\"og:image:height\" content=\"418\" \/>\n\t<meta property=\"og:image:type\" content=\"image\/webp\" \/>\n<meta name=\"author\" content=\"REDA\u00c7\u00c3O: UBIRAT\u00c3 ONLINE - F\u00c1BIO AUGUSTO CELESTINO\" \/>\n<meta name=\"twitter:card\" content=\"summary_large_image\" \/>\n<meta name=\"twitter:creator\" content=\"@x.com\/ubirataonline\" \/>\n<meta name=\"twitter:site\" content=\"@ubirataonline\" \/>\n<meta name=\"twitter:label1\" content=\"Written by\" \/>\n\t<meta name=\"twitter:data1\" content=\"REDA\u00c7\u00c3O: UBIRAT\u00c3 ONLINE - F\u00c1BIO AUGUSTO CELESTINO\" \/>\n\t<meta name=\"twitter:label2\" content=\"Est. reading time\" \/>\n\t<meta name=\"twitter:data2\" content=\"2 minutes\" \/>\n<script type=\"application\/ld+json\" class=\"yoast-schema-graph\">{\"@context\":\"https:\\\/\\\/schema.org\",\"@graph\":[{\"@type\":\"NewsArticle\",\"@id\":\"https:\\\/\\\/ubirataonline.com.br\\\/frente-fria-causa-queda-das-temperaturas-em-sao-paulo-com-previsao-de-chuva-no-domingo\\\/#article\",\"isPartOf\":{\"@id\":\"https:\\\/\\\/ubirataonline.com.br\\\/frente-fria-causa-queda-das-temperaturas-em-sao-paulo-com-previsao-de-chuva-no-domingo\\\/\"},\"author\":{\"name\":\"REDA\u00c7\u00c3O: UBIRAT\u00c3 ONLINE - F\u00c1BIO AUGUSTO CELESTINO\",\"@id\":\"https:\\\/\\\/ubirataonline.com.br\\\/#\\\/schema\\\/person\\\/372f87bbd3fdd79b8556b84c98d0bc1c\"},\"headline\":\"Frente fria causa queda das temperaturas em S\u00e3o Paulo com previs\u00e3o de chuva no domingo\",\"datePublished\":\"2026-09-02T13:42:10+00:00\",\"mainEntityOfPage\":{\"@id\":\"https:\\\/\\\/ubirataonline.com.br\\\/frente-fria-causa-queda-das-temperaturas-em-sao-paulo-com-previsao-de-chuva-no-domingo\\\/\"},\"wordCount\":421,\"publisher\":{\"@id\":\"https:\\\/\\\/ubirataonline.com.br\\\/#organization\"},\"image\":{\"@id\":\"https:\\\/\\\/ubirataonline.com.br\\\/frente-fria-causa-queda-das-temperaturas-em-sao-paulo-com-previsao-de-chuva-no-domingo\\\/#primaryimage\"},\"thumbnailUrl\":\"https:\\\/\\\/ubirataonline.com.br\\\/wp-content\\\/uploads\\\/2026\\\/09\\\/maaimg-post-169901-20260902-134229.webp\",\"articleSection\":[\"Brasil\"],\"inLanguage\":\"en-US\",\"copyrightYear\":\"2026\",\"copyrightHolder\":{\"@id\":\"https:\\\/\\\/ubirataonline.com.br\\\/en\\\/#organization\"}},{\"@type\":\"WebPage\",\"@id\":\"https:\\\/\\\/ubirataonline.com.br\\\/frente-fria-causa-queda-das-temperaturas-em-sao-paulo-com-previsao-de-chuva-no-domingo\\\/\",\"url\":\"https:\\\/\\\/ubirataonline.com.br\\\/frente-fria-causa-queda-das-temperaturas-em-sao-paulo-com-previsao-de-chuva-no-domingo\\\/\",\"name\":\"Frente fria causa queda das temperaturas em S\u00e3o Paulo com previs\u00e3o de chuva no domingo - Ubirat\u00e3 Online Not\u00edcias - A realidade ao seu alcance!\",\"isPartOf\":{\"@id\":\"https:\\\/\\\/ubirataonline.com.br\\\/#website\"},\"primaryImageOfPage\":{\"@id\":\"https:\\\/\\\/ubirataonline.com.br\\\/frente-fria-causa-queda-das-temperaturas-em-sao-paulo-com-previsao-de-chuva-no-domingo\\\/#primaryimage\"},\"image\":{\"@id\":\"https:\\\/\\\/ubirataonline.com.br\\\/frente-fria-causa-queda-das-temperaturas-em-sao-paulo-com-previsao-de-chuva-no-domingo\\\/#primaryimage\"},\"thumbnailUrl\":\"https:\\\/\\\/ubirataonline.com.br\\\/wp-content\\\/uploads\\\/2026\\\/09\\\/maaimg-post-169901-20260902-134229.webp\",\"datePublished\":\"2026-09-02T13:42:10+00:00\",\"description\":\"As temperaturas caem a partir desta quarta-feira em S\u00e3o Paulo; previs\u00e3o indica tempo mais frio e chuva pr\u00f3xima ao feriado da Independ\u00eanciaA passagem de\",\"breadcrumb\":{\"@id\":\"https:\\\/\\\/ubirataonline.com.br\\\/frente-fria-causa-queda-das-temperaturas-em-sao-paulo-com-previsao-de-chuva-no-domingo\\\/#breadcrumb\"},\"inLanguage\":\"en-US\",\"potentialAction\":[{\"@type\":\"ReadAction\",\"target\":[\"https:\\\/\\\/ubirataonline.com.br\\\/frente-fria-causa-queda-das-temperaturas-em-sao-paulo-com-previsao-de-chuva-no-domingo\\\/\"]}]},{\"@type\":\"ImageObject\",\"inLanguage\":\"en-US\",\"@id\":\"https:\\\/\\\/ubirataonline.com.br\\\/frente-fria-causa-queda-das-temperaturas-em-sao-paulo-com-previsao-de-chuva-no-domingo\\\/#primaryimage\",\"url\":\"https:\\\/\\\/ubirataonline.com.br\\\/wp-content\\\/uploads\\\/2026\\\/09\\\/maaimg-post-169901-20260902-134229.webp\",\"contentUrl\":\"https:\\\/\\\/ubirataonline.com.br\\\/wp-content\\\/uploads\\\/2026\\\/09\\\/maaimg-post-169901-20260902-134229.webp\",\"width\":1536,\"height\":1024,\"caption\":\"Imagem ilustrativa Gerada por IA\"},{\"@type\":\"BreadcrumbList\",\"@id\":\"https:\\\/\\\/ubirataonline.com.br\\\/frente-fria-causa-queda-das-temperaturas-em-sao-paulo-com-previsao-de-chuva-no-domingo\\\/#breadcrumb\",\"itemListElement\":[{\"@type\":\"ListItem\",\"position\":1,\"name\":\"In\u00edcio\",\"item\":\"https:\\\/\\\/ubirataonline.com.br\\\/\"},{\"@type\":\"ListItem\",\"position\":2,\"name\":\"Frente fria causa queda das temperaturas em S\u00e3o Paulo com previs\u00e3o de chuva no domingo\"}]},{\"@type\":\"WebSite\",\"@id\":\"https:\\\/\\\/ubirataonline.com.br\\\/#website\",\"url\":\"https:\\\/\\\/ubirataonline.com.br\\\/\",\"name\":\"Ubirat\u00e3 Online Not\u00edcias\",\"description\":\"Not\u00edcias de Ubirat\u00e3, regi\u00e3o, Brasil e mundo, com informa\u00e7\u00e3o atualizada e compromisso com o leitor.\",\"publisher\":{\"@id\":\"https:\\\/\\\/ubirataonline.com.br\\\/#organization\"},\"alternateName\":\"Ubirat\u00e3 Online\",\"potentialAction\":[{\"@type\":\"SearchAction\",\"target\":{\"@type\":\"EntryPoint\",\"urlTemplate\":\"https:\\\/\\\/ubirataonline.com.br\\\/?s={search_term_string}\"},\"query-input\":{\"@type\":\"PropertyValueSpecification\",\"valueRequired\":true,\"valueName\":\"search_term_string\"}}],\"inLanguage\":\"en-US\"},{\"@type\":[\"Organization\",\"Place\"],\"@id\":\"https:\\\/\\\/ubirataonline.com.br\\\/#organization\",\"name\":\"Ubirat\u00e3 Online Not\u00edcias\",\"alternateName\":\"Ubirat\u00e3 Online\",\"url\":\"https:\\\/\\\/ubirataonline.com.br\\\/\",\"logo\":{\"@id\":\"https:\\\/\\\/ubirataonline.com.br\\\/frente-fria-causa-queda-das-temperaturas-em-sao-paulo-com-previsao-de-chuva-no-domingo\\\/#local-main-organization-logo\"},\"image\":{\"@id\":\"https:\\\/\\\/ubirataonline.com.br\\\/frente-fria-causa-queda-das-temperaturas-em-sao-paulo-com-previsao-de-chuva-no-domingo\\\/#local-main-organization-logo\"},\"sameAs\":[\"https:\\\/\\\/www.facebook.com\\\/portalubirataonline\",\"https:\\\/\\\/x.com\\\/ubirataonline\",\"https:\\\/\\\/mastodon.social\\\/@ubirataonline\",\"https:\\\/\\\/www.facebook.com\\\/groups\\\/311144672285604\",\"https:\\\/\\\/www.facebook.com\\\/UBTAOnline\",\"https:\\\/\\\/www.instagram.com\\\/portalubirataonline\\\/\",\"https:\\\/\\\/twitter.com\\\/ubirataonline\"],\"description\":\"Somos um portal de not\u00edcias independente, criado em 5 de janeiro de 2009, com o objetivo de informar, conectar e valorizar a nossa comunidade de Ubirat\u00e3 e toda aregi\u00e3o. Com conte\u00fado atualizado, confi\u00e1vel e relevante, o Ubirat\u00e3 Online \u00e9 o seu espa\u00e7o para ficar por dentro dos principais acontecimentos locais, regionais, Brasil, Mundo e de interesse geral. Nosso compromisso \u00e9 com a verdade, a transpar\u00eancia e o respeito ao leitor.\",\"legalName\":\"UBIRATA ONLINE NOT\u00cdCIAS\",\"foundingDate\":\"2009-01-05\",\"numberOfEmployees\":{\"@type\":\"QuantitativeValue\",\"minValue\":\"1\",\"maxValue\":\"10\"},\"publishingPrinciples\":\"https:\\\/\\\/ubirataonline.com.br\\\/faq\\\/\",\"address\":{\"@id\":\"https:\\\/\\\/ubirataonline.com.br\\\/frente-fria-causa-queda-das-temperaturas-em-sao-paulo-com-previsao-de-chuva-no-domingo\\\/#local-main-place-address\"},\"geo\":{\"@type\":\"GeoCoordinates\",\"latitude\":\"-24.5361401\",\"longitude\":\"-52.9921776\"},\"telephone\":[\"+5544998308235\"],\"contactPoint\":{\"@type\":\"ContactPoint\",\"email\":\"contato@ubirataonline.com.br\"},\"openingHoursSpecification\":{\"@type\":\"OpeningHoursSpecification\",\"dayOfWeek\":[\"Monday\",\"Tuesday\",\"Wednesday\",\"Thursday\",\"Friday\",\"Saturday\",\"Sunday\"],\"opens\":\"00:00\",\"closes\":\"23:59\"},\"email\":\"contato@ubirataonline.com.br\",\"vatID\":\"47.621.418\\\/0001-80\"},{\"@type\":\"Person\",\"@id\":\"https:\\\/\\\/ubirataonline.com.br\\\/#\\\/schema\\\/person\\\/372f87bbd3fdd79b8556b84c98d0bc1c\",\"name\":\"REDA\u00c7\u00c3O: UBIRAT\u00c3 ONLINE - F\u00c1BIO AUGUSTO CELESTINO\",\"pronouns\":\"Ele\",\"description\":\"Desde 2003 trabalhando com not\u00edcias.\",\"sameAs\":[\"http:\\\/\\\/ubirataoline.com.br\",\"https:\\\/\\\/www.facebook.com\\\/portalubirataonline\",\"https:\\\/\\\/www.instagram.com\\\/ubirataonline_oficial\",\"https:\\\/\\\/x.com\\\/x.com\\\/ubirataonline\"],\"honorificPrefix\":\"Mr.\",\"honorificSuffix\":\"MD\",\"birthDate\":\"1980-06-16\",\"gender\":\"masculino\",\"award\":[\"V\u00e1rios pr\u00eamios de melhor portal da cidade\"],\"jobTitle\":\"Diretor\",\"url\":\"https:\\\/\\\/ubirataonline.com.br\\\/en\\\/author\\\/ubirataonline\\\/\"},{\"@type\":\"PostalAddress\",\"@id\":\"https:\\\/\\\/ubirataonline.com.br\\\/frente-fria-causa-queda-das-temperaturas-em-sao-paulo-com-previsao-de-chuva-no-domingo\\\/#local-main-place-address\",\"streetAddress\":\"Rua dos Coqueiros, 104 - Bairro Boa Vista, Rua dos Coqueiros, 104 Bairro Boa Vista\",\"addressLocality\":\"UBIRATA\",\"postalCode\":\"85440-000\",\"addressRegion\":\"PR\",\"addressCountry\":\"BR\"},{\"@type\":\"ImageObject\",\"inLanguage\":\"en-US\",\"@id\":\"https:\\\/\\\/ubirataonline.com.br\\\/frente-fria-causa-queda-das-temperaturas-em-sao-paulo-com-previsao-de-chuva-no-domingo\\\/#local-main-organization-logo\",\"url\":\"https:\\\/\\\/ubirataonline.com.br\\\/wp-content\\\/uploads\\\/2026\\\/06\\\/logoubirataonline-1.webp\",\"contentUrl\":\"https:\\\/\\\/ubirataonline.com.br\\\/wp-content\\\/uploads\\\/2026\\\/06\\\/logoubirataonline-1.webp\",\"width\":500,\"height\":500,\"caption\":\"Ubirat\u00e3 Online Not\u00edcias\"}]}<\/script>\n<meta name=\"geo.placename\" content=\"UBIRATA\" \/>\n<meta name=\"geo.position\" content=\"-24.5361401;-52.9921776\" \/>\n<meta name=\"geo.region\" content=\"Brazil\" \/>\n<!-- \/ Yoast SEO Premium plugin. -->","yoast_head_json":{"title":"Frente fria causa queda das temperaturas em S\u00e3o Paulo com previs\u00e3o de chuva no domingo - Ubirat\u00e3 Online Not\u00edcias - A realidade ao seu alcance!","description":"As temperaturas caem a partir desta quarta-feira em S\u00e3o Paulo; previs\u00e3o indica tempo mais frio e chuva pr\u00f3xima ao feriado da Independ\u00eanciaA passagem de","robots":{"index":"index","follow":"follow","max-snippet":"max-snippet:-1","max-image-preview":"max-image-preview:large","max-video-preview":"max-video-preview:-1"},"canonical":"https:\/\/ubirataonline.com.br\/en\/frente-fria-causa-queda-das-temperaturas-em-sao-paulo-com-previsao-de-chuva-no-domingo\/","og_locale":"en_US","og_type":"article","og_title":"Frente fria causa queda das temperaturas em S\u00e3o Paulo com previs\u00e3o de chuva no domingo","og_description":"As temperaturas caem a partir desta quarta-feira em S\u00e3o Paulo; previs\u00e3o indica tempo mais frio e chuva pr\u00f3xima ao feriado da Independ\u00eanciaA passagem de","og_url":"https:\/\/ubirataonline.com.br\/en\/frente-fria-causa-queda-das-temperaturas-em-sao-paulo-com-previsao-de-chuva-no-domingo\/","og_site_name":"Ubirat\u00e3 Online Not\u00edcias - A realidade ao seu alcance!","article_publisher":"https:\/\/www.facebook.com\/portalubirataonline","article_author":"https:\/\/www.facebook.com\/portalubirataonline","article_published_time":"2026-09-02T13:42:10+00:00","og_image":[{"width":1531,"height":418,"url":"https:\/\/ubirataonline.com.br\/wp-content\/uploads\/2026\/05\/logo2026.webp","type":"image\/webp"}],"author":"REDA\u00c7\u00c3O: UBIRAT\u00c3 ONLINE - F\u00c1BIO AUGUSTO CELESTINO","twitter_card":"summary_large_image","twitter_creator":"@x.com\/ubirataonline","twitter_site":"@ubirataonline","twitter_misc":{"Written by":"REDA\u00c7\u00c3O: UBIRAT\u00c3 ONLINE - F\u00c1BIO AUGUSTO CELESTINO","Est. reading time":"2 minutes"},"schema":{"@context":"https:\/\/schema.org","@graph":[{"@type":"NewsArticle","@id":"https:\/\/ubirataonline.com.br\/frente-fria-causa-queda-das-temperaturas-em-sao-paulo-com-previsao-de-chuva-no-domingo\/#article","isPartOf":{"@id":"https:\/\/ubirataonline.com.br\/frente-fria-causa-queda-das-temperaturas-em-sao-paulo-com-previsao-de-chuva-no-domingo\/"},"author":{"name":"REDA\u00c7\u00c3O: UBIRAT\u00c3 ONLINE - F\u00c1BIO AUGUSTO CELESTINO","@id":"https:\/\/ubirataonline.com.br\/#\/schema\/person\/372f87bbd3fdd79b8556b84c98d0bc1c"},"headline":"Frente fria causa queda das temperaturas em S\u00e3o Paulo com previs\u00e3o de chuva no domingo","datePublished":"2026-09-02T13:42:10+00:00","mainEntityOfPage":{"@id":"https:\/\/ubirataonline.com.br\/frente-fria-causa-queda-das-temperaturas-em-sao-paulo-com-previsao-de-chuva-no-domingo\/"},"wordCount":421,"publisher":{"@id":"https:\/\/ubirataonline.com.br\/#organization"},"image":{"@id":"https:\/\/ubirataonline.com.br\/frente-fria-causa-queda-das-temperaturas-em-sao-paulo-com-previsao-de-chuva-no-domingo\/#primaryimage"},"thumbnailUrl":"https:\/\/ubirataonline.com.br\/wp-content\/uploads\/2026\/09\/maaimg-post-169901-20260902-134229.webp","articleSection":["Brasil"],"inLanguage":"en-US","copyrightYear":"2026","copyrightHolder":{"@id":"https:\/\/ubirataonline.com.br\/en\/#organization"}},{"@type":"WebPage","@id":"https:\/\/ubirataonline.com.br\/frente-fria-causa-queda-das-temperaturas-em-sao-paulo-com-previsao-de-chuva-no-domingo\/","url":"https:\/\/ubirataonline.com.br\/frente-fria-causa-queda-das-temperaturas-em-sao-paulo-com-previsao-de-chuva-no-domingo\/","name":"Frente fria causa queda das temperaturas em S\u00e3o Paulo com previs\u00e3o de chuva no domingo - Ubirat\u00e3 Online Not\u00edcias - A realidade ao seu alcance!","isPartOf":{"@id":"https:\/\/ubirataonline.com.br\/#website"},"primaryImageOfPage":{"@id":"https:\/\/ubirataonline.com.br\/frente-fria-causa-queda-das-temperaturas-em-sao-paulo-com-previsao-de-chuva-no-domingo\/#primaryimage"},"image":{"@id":"https:\/\/ubirataonline.com.br\/frente-fria-causa-queda-das-temperaturas-em-sao-paulo-com-previsao-de-chuva-no-domingo\/#primaryimage"},"thumbnailUrl":"https:\/\/ubirataonline.com.br\/wp-content\/uploads\/2026\/09\/maaimg-post-169901-20260902-134229.webp","datePublished":"2026-09-02T13:42:10+00:00","description":"As temperaturas caem a partir desta quarta-feira em S\u00e3o Paulo; previs\u00e3o indica tempo mais frio e chuva pr\u00f3xima ao feriado da Independ\u00eanciaA passagem de","breadcrumb":{"@id":"https:\/\/ubirataonline.com.br\/frente-fria-causa-queda-das-temperaturas-em-sao-paulo-com-previsao-de-chuva-no-domingo\/#breadcrumb"},"inLanguage":"en-US","potentialAction":[{"@type":"ReadAction","target":["https:\/\/ubirataonline.com.br\/frente-fria-causa-queda-das-temperaturas-em-sao-paulo-com-previsao-de-chuva-no-domingo\/"]}]},{"@type":"ImageObject","inLanguage":"en-US","@id":"https:\/\/ubirataonline.com.br\/frente-fria-causa-queda-das-temperaturas-em-sao-paulo-com-previsao-de-chuva-no-domingo\/#primaryimage","url":"https:\/\/ubirataonline.com.br\/wp-content\/uploads\/2026\/09\/maaimg-post-169901-20260902-134229.webp","contentUrl":"https:\/\/ubirataonline.com.br\/wp-content\/uploads\/2026\/09\/maaimg-post-169901-20260902-134229.webp","width":1536,"height":1024,"caption":"Imagem ilustrativa Gerada por IA"},{"@type":"BreadcrumbList","@id":"https:\/\/ubirataonline.com.br\/frente-fria-causa-queda-das-temperaturas-em-sao-paulo-com-previsao-de-chuva-no-domingo\/#breadcrumb","itemListElement":[{"@type":"ListItem","position":1,"name":"In\u00edcio","item":"https:\/\/ubirataonline.com.br\/"},{"@type":"ListItem","position":2,"name":"Frente fria causa queda das temperaturas em S\u00e3o Paulo com previs\u00e3o de chuva no domingo"}]},{"@type":"WebSite","@id":"https:\/\/ubirataonline.com.br\/#website","url":"https:\/\/ubirataonline.com.br\/","name":"Ubirat\u00e3 Online Not\u00edcias","description":"Not\u00edcias de Ubirat\u00e3, regi\u00e3o, Brasil e mundo, com informa\u00e7\u00e3o atualizada e compromisso com o leitor.","publisher":{"@id":"https:\/\/ubirataonline.com.br\/#organization"},"alternateName":"Ubirat\u00e3 Online","potentialAction":[{"@type":"SearchAction","target":{"@type":"EntryPoint","urlTemplate":"https:\/\/ubirataonline.com.br\/?s={search_term_string}"},"query-input":{"@type":"PropertyValueSpecification","valueRequired":true,"valueName":"search_term_string"}}],"inLanguage":"en-US"},{"@type":["Organization","Place"],"@id":"https:\/\/ubirataonline.com.br\/#organization","name":"Ubirat\u00e3 Online Not\u00edcias","alternateName":"Ubirat\u00e3 Online","url":"https:\/\/ubirataonline.com.br\/","logo":{"@id":"https:\/\/ubirataonline.com.br\/frente-fria-causa-queda-das-temperaturas-em-sao-paulo-com-previsao-de-chuva-no-domingo\/#local-main-organization-logo"},"image":{"@id":"https:\/\/ubirataonline.com.br\/frente-fria-causa-queda-das-temperaturas-em-sao-paulo-com-previsao-de-chuva-no-domingo\/#local-main-organization-logo"},"sameAs":["https:\/\/www.facebook.com\/portalubirataonline","https:\/\/x.com\/ubirataonline","https:\/\/mastodon.social\/@ubirataonline","https:\/\/www.facebook.com\/groups\/311144672285604","https:\/\/www.facebook.com\/UBTAOnline","https:\/\/www.instagram.com\/portalubirataonline\/","https:\/\/twitter.com\/ubirataonline"],"description":"Somos um portal de not\u00edcias independente, criado em 5 de janeiro de 2009, com o objetivo de informar, conectar e valorizar a nossa comunidade de Ubirat\u00e3 e toda aregi\u00e3o. Com conte\u00fado atualizado, confi\u00e1vel e relevante, o Ubirat\u00e3 Online \u00e9 o seu espa\u00e7o para ficar por dentro dos principais acontecimentos locais, regionais, Brasil, Mundo e de interesse geral. Nosso compromisso \u00e9 com a verdade, a transpar\u00eancia e o respeito ao leitor.","legalName":"UBIRATA ONLINE NOT\u00cdCIAS","foundingDate":"2009-01-05","numberOfEmployees":{"@type":"QuantitativeValue","minValue":"1","maxValue":"10"},"publishingPrinciples":"https:\/\/ubirataonline.com.br\/faq\/","address":{"@id":"https:\/\/ubirataonline.com.br\/frente-fria-causa-queda-das-temperaturas-em-sao-paulo-com-previsao-de-chuva-no-domingo\/#local-main-place-address"},"geo":{"@type":"GeoCoordinates","latitude":"-24.5361401","longitude":"-52.9921776"},"telephone":["+5544998308235"],"contactPoint":{"@type":"ContactPoint","email":"contato@ubirataonline.com.br"},"openingHoursSpecification":{"@type":"OpeningHoursSpecification","dayOfWeek":["Monday","Tuesday","Wednesday","Thursday","Friday","Saturday","Sunday"],"opens":"00:00","closes":"23:59"},"email":"contato@ubirataonline.com.br","vatID":"47.621.418\/0001-80"},{"@type":"Person","@id":"https:\/\/ubirataonline.com.br\/#\/schema\/person\/372f87bbd3fdd79b8556b84c98d0bc1c","name":"REDA\u00c7\u00c3O: UBIRAT\u00c3 ONLINE - F\u00c1BIO AUGUSTO CELESTINO","pronouns":"Ele","description":"Desde 2003 trabalhando com not\u00edcias.","sameAs":["http:\/\/ubirataoline.com.br","https:\/\/www.facebook.com\/portalubirataonline","https:\/\/www.instagram.com\/ubirataonline_oficial","https:\/\/x.com\/x.com\/ubirataonline"],"honorificPrefix":"Mr.","honorificSuffix":"MD","birthDate":"1980-06-16","gender":"masculino","award":["V\u00e1rios pr\u00eamios de melhor portal da cidade"],"jobTitle":"Diretor","url":"https:\/\/ubirataonline.com.br\/en\/author\/ubirataonline\/"},{"@type":"PostalAddress","@id":"https:\/\/ubirataonline.com.br\/frente-fria-causa-queda-das-temperaturas-em-sao-paulo-com-previsao-de-chuva-no-domingo\/#local-main-place-address","streetAddress":"Rua dos Coqueiros, 104 - Bairro Boa Vista, Rua dos Coqueiros, 104 Bairro Boa Vista","addressLocality":"UBIRATA","postalCode":"85440-000","addressRegion":"PR","addressCountry":"BR"},{"@type":"ImageObject","inLanguage":"en-US","@id":"https:\/\/ubirataonline.com.br\/frente-fria-causa-queda-das-temperaturas-em-sao-paulo-com-previsao-de-chuva-no-domingo\/#local-main-organization-logo","url":"https:\/\/ubirataonline.com.br\/wp-content\/uploads\/2026\/06\/logoubirataonline-1.webp","contentUrl":"https:\/\/ubirataonline.com.br\/wp-content\/uploads\/2026\/06\/logoubirataonline-1.webp","width":500,"height":500,"caption":"Ubirat\u00e3 Online Not\u00edcias"}]},"geo.placename":"UBIRATA","geo.position":{"lat":"-24.5361401","long":"-52.9921776"},"geo.region":"Brazil"},"_links":{"self":[{"href":"https:\/\/ubirataonline.com.br\/en\/wp-json\/wp\/v2\/posts\/169901","targetHints":{"allow":["GET"]}}],"collection":[{"href":"https:\/\/ubirataonline.com.br\/en\/wp-json\/wp\/v2\/posts"}],"about":[{"href":"https:\/\/ubirataonline.com.br\/en\/wp-json\/wp\/v2\/types\/post"}],"author":[{"embeddable":true,"href":"https:\/\/ubirataonline.com.br\/en\/wp-json\/wp\/v2\/users\/1"}],"replies":[{"embeddable":true,"href":"https:\/\/ubirataonline.com.br\/en\/wp-json\/wp\/v2\/comments?post=169901"}],"version-history":[{"count":0,"href":"https:\/\/ubirataonline.com.br\/en\/wp-json\/wp\/v2\/posts\/169901\/revisions"}],"wp:featuredmedia":[{"embeddable":true,"href":"https:\/\/ubirataonline.com.br\/en\/wp-json\/wp\/v2\/media\/169902"}],"wp:attachment":[{"href":"https:\/\/ubirataonline.com.br\/en\/wp-json\/wp\/v2\/media?parent=169901"}],"wp:term":[{"taxonomy":"category","embeddable":true,"href":"https:\/\/ubirataonline.com.br\/en\/wp-json\/wp\/v2\/categories?post=169901"},{"taxonomy":"post_tag","embeddable":true,"href":"https:\/\/ubirataonline.com.br\/en\/wp-json\/wp\/v2\/tags?post=169901"}],"curies":[{"name":"wp","href":"https:\/\/api.w.org\/{rel}","templated":true}]}}