{"id":169929,"date":"2026-09-02T11:55:06","date_gmt":"2026-09-02T14:55:06","guid":{"rendered":"https:\/\/ubirataonline.com.br\/gracindo-jr-principais-atuacoes-do-ator-com-mais-de-seis-decadas-na-televisao-brasileira\/"},"modified":"2026-09-02T11:55:06","modified_gmt":"2026-09-02T14:55:06","slug":"gracindo-jr-principais-atuacoes-do-ator-com-mais-de-seis-decadas-na-televisao-brasileira","status":"publish","type":"post","link":"https:\/\/ubirataonline.com.br\/en\/gracindo-jr-principais-atuacoes-do-ator-com-mais-de-seis-decadas-na-televisao-brasileira\/","title":{"rendered":"Gracindo Jr.: principais atua\u00e7\u00f5es do ator com mais de seis d\u00e9cadas na televis\u00e3o brasileira"},"content":{"rendered":"<h2>Ator e diretor com mais de 60 anos de carreira, Gracindo Jr. marcou novelas na Globo e outras emissoras, al\u00e9m de trabalhos no cinema e streaming<\/h2>\n<p>O ator e diretor Gracindo Jr., que faleceu em 1\u00ba de setembro de 2026 aos 83 anos, deixou um legado expressivo na televis\u00e3o brasileira, com mais de seis d\u00e9cadas dedicadas \u00e0 atua\u00e7\u00e3o no teatro, r\u00e1dio, cinema e, principalmente, na TV.<\/p>\n<p>Segundo informa\u00e7\u00f5es divulgadas pela CGN, Gracindo Jr., filho do ator Paulo Gracindo, participou da g\u00eanese da TV Globo, estando contratado antes mesmo da inaugura\u00e7\u00e3o do canal em 1965, integrando seu primeiro elenco.<\/p>\n<h3>In\u00edcio e destaques na Globo<\/h3>\n<p>Nos primeiros anos da Globo, o ator participou de novelas como <strong>Rosinha do Sobrado<\/strong> (1965), <strong>Padre Ti\u00e3o<\/strong> (1966), <strong>A Rainha Louca<\/strong> (1967), <strong>A Pr\u00f3xima Atra\u00e7\u00e3o<\/strong> (1970) e <strong>Supermanoela<\/strong> (1974).<\/p>\n<p>Um de seus pap\u00e9is mais emblem\u00e1ticos foi em <strong>O Casar\u00e3o<\/strong> (1976), novela de Lauro C\u00e9sar Muniz que retratava a trajet\u00f3ria de uma fam\u00edlia ao longo de diferentes per\u00edodos. Na trama, Gracindo Jr. interpretou o pintor Jo\u00e3o Maciel na fase jovem, personagem que depois foi vivido por seu pai, Paulo Gracindo, representando a fase mais avan\u00e7ada da hist\u00f3ria.<\/p>\n<h3>Participa\u00e7\u00f5es em outras emissoras e produ\u00e7\u00f5es<\/h3>\n<p>Al\u00e9m da Globo, Gracindo Jr. atuou na TV Manchete, onde participou da primeira vers\u00e3o de <strong>Dona Beija<\/strong>, interpretando o personagem Ant\u00f4nio Sampaio, e na produ\u00e7\u00e3o <strong>Tudo ou Nada<\/strong>.<\/p>\n<p>Na Record TV, integrou in\u00fameros projetos, como as novelas <strong>Cidad\u00e3o Brasileiro<\/strong> (2006), <strong>Luz do Sol<\/strong> (2007), <strong>Poder Paralelo<\/strong> (2009), <strong>Ribeir\u00e3o do Tempo<\/strong> (2010) e <strong>Pecado Mortal<\/strong> (2013). Na miniss\u00e9rie <strong>Rei Davi<\/strong> (2012), tamb\u00e9m da Record, interpretou o rei Saul.<\/p>\n<h3>Trabalhos nas d\u00e9cadas recentes e no streaming<\/h3>\n<p>Entre seus \u00faltimos trabalhos na televis\u00e3o destacam-se as participa\u00e7\u00f5es nas novelas <strong>Deus nos Acuda<\/strong> (1992) e <strong>Celebridade<\/strong> (2003). Na era do streaming, atuou na com\u00e9dia <strong>Homens<\/strong>, lan\u00e7ada em 2019 no Prime Video.<\/p>\n<h3>Atua\u00e7\u00e3o no cinema<\/h3>\n<p>Gracindo Jr. tamb\u00e9m deixou sua marca no cinema, com filmes como <strong>Os Homens que Eu Tive<\/strong> (1973), <strong>Os Trapalh\u00f5es na Serra Pelada<\/strong> (1982), <strong>O Trapalh\u00e3o na Arca de No\u00e9<\/strong> (1983), <strong>Floresta das Esmeraldas<\/strong> (1985), <strong>Desterro<\/strong> (1991), <strong>A Hora Marcada<\/strong> (2000), <strong>Bufo e Spallanzani<\/strong> (2001), <strong>A Selva<\/strong> (2004), <strong>Primo Bas\u00edlio<\/strong> (2006), <strong>Seguran\u00e7a Nacional<\/strong> (2010) e <strong>A Queda<\/strong> (2022).<\/p>","protected":false},"excerpt":{"rendered":"<p>Ator e diretor com mais de 60 anos de carreira, Gracindo Jr. marcou novelas na Globo e outras emissoras, al\u00e9m de trabalhos no cinema e streaming O ator e diretor Gracindo Jr., que faleceu em 1\u00ba de setembro de 2026 aos 83 anos, deixou um legado expressivo na televis\u00e3o brasileira, com mais de seis d\u00e9cadas [&hellip;]<\/p>\n","protected":false},"author":1,"featured_media":169930,"comment_status":"","ping_status":"","sticky":false,"template":"","format":"standard","meta":{"googlesitekit_rrm_CAow2JLhCw:productID":"","_gspb_post_css":"","maa_idioma":"","maa_pais":"","footnotes":""},"categories":[4],"tags":[],"class_list":["post-169929","post","type-post","status-publish","format-standard","has-post-thumbnail","hentry","category-brasil"],"blocksy_meta":[],"yoast_head":"<!-- This site is optimized with the Yoast SEO Premium plugin v27.6 (Yoast SEO v27.6) - https:\/\/yoast.com\/product\/yoast-seo-premium-wordpress\/ -->\n<title>Gracindo Jr.: principais atua\u00e7\u00f5es do ator com mais de seis d\u00e9cadas na televis\u00e3o brasileira - Ubirat\u00e3 Online Not\u00edcias - A realidade ao seu alcance!<\/title>\n<meta name=\"description\" content=\"Ator e diretor com mais de 60 anos de carreira, Gracindo Jr. marcou novelas na Globo e outras emissoras, al\u00e9m de trabalhos no cinema e streamingO ator e\" \/>\n<meta name=\"robots\" content=\"index, follow, max-snippet:-1, max-image-preview:large, max-video-preview:-1\" \/>\n<link rel=\"canonical\" href=\"https:\/\/ubirataonline.com.br\/en\/gracindo-jr-principais-atuacoes-do-ator-com-mais-de-seis-decadas-na-televisao-brasileira\/\" \/>\n<meta property=\"og:locale\" content=\"en_US\" \/>\n<meta property=\"og:type\" content=\"article\" \/>\n<meta property=\"og:title\" content=\"Gracindo Jr.: principais atua\u00e7\u00f5es do ator com mais de seis d\u00e9cadas na televis\u00e3o brasileira\" \/>\n<meta property=\"og:description\" content=\"Ator e diretor com mais de 60 anos de carreira, Gracindo Jr. marcou novelas na Globo e outras emissoras, al\u00e9m de trabalhos no cinema e streamingO ator e\" \/>\n<meta property=\"og:url\" content=\"https:\/\/ubirataonline.com.br\/en\/gracindo-jr-principais-atuacoes-do-ator-com-mais-de-seis-decadas-na-televisao-brasileira\/\" \/>\n<meta property=\"og:site_name\" content=\"Ubirat\u00e3 Online Not\u00edcias - A realidade ao seu alcance!\" \/>\n<meta property=\"article:publisher\" content=\"https:\/\/www.facebook.com\/portalubirataonline\" \/>\n<meta property=\"article:author\" content=\"https:\/\/www.facebook.com\/portalubirataonline\" \/>\n<meta property=\"article:published_time\" content=\"2026-09-02T14:55:06+00:00\" \/>\n<meta property=\"og:image\" content=\"https:\/\/ubirataonline.com.br\/wp-content\/uploads\/2026\/05\/logo2026.webp\" \/>\n\t<meta property=\"og:image:width\" content=\"1531\" \/>\n\t<meta property=\"og:image:height\" content=\"418\" \/>\n\t<meta property=\"og:image:type\" content=\"image\/webp\" \/>\n<meta name=\"author\" content=\"REDA\u00c7\u00c3O: UBIRAT\u00c3 ONLINE - F\u00c1BIO AUGUSTO CELESTINO\" \/>\n<meta name=\"twitter:card\" content=\"summary_large_image\" \/>\n<meta name=\"twitter:creator\" content=\"@x.com\/ubirataonline\" \/>\n<meta name=\"twitter:site\" content=\"@ubirataonline\" \/>\n<meta name=\"twitter:label1\" content=\"Written by\" \/>\n\t<meta name=\"twitter:data1\" content=\"REDA\u00c7\u00c3O: UBIRAT\u00c3 ONLINE - F\u00c1BIO AUGUSTO CELESTINO\" \/>\n\t<meta name=\"twitter:label2\" content=\"Est. reading time\" \/>\n\t<meta name=\"twitter:data2\" content=\"2 minutes\" \/>\n<script type=\"application\/ld+json\" class=\"yoast-schema-graph\">{\"@context\":\"https:\\\/\\\/schema.org\",\"@graph\":[{\"@type\":\"NewsArticle\",\"@id\":\"https:\\\/\\\/ubirataonline.com.br\\\/gracindo-jr-principais-atuacoes-do-ator-com-mais-de-seis-decadas-na-televisao-brasileira\\\/#article\",\"isPartOf\":{\"@id\":\"https:\\\/\\\/ubirataonline.com.br\\\/gracindo-jr-principais-atuacoes-do-ator-com-mais-de-seis-decadas-na-televisao-brasileira\\\/\"},\"author\":{\"name\":\"REDA\u00c7\u00c3O: UBIRAT\u00c3 ONLINE - F\u00c1BIO AUGUSTO CELESTINO\",\"@id\":\"https:\\\/\\\/ubirataonline.com.br\\\/#\\\/schema\\\/person\\\/372f87bbd3fdd79b8556b84c98d0bc1c\"},\"headline\":\"Gracindo Jr.: principais atua\u00e7\u00f5es do ator com mais de seis d\u00e9cadas na televis\u00e3o brasileira\",\"datePublished\":\"2026-09-02T14:55:06+00:00\",\"mainEntityOfPage\":{\"@id\":\"https:\\\/\\\/ubirataonline.com.br\\\/gracindo-jr-principais-atuacoes-do-ator-com-mais-de-seis-decadas-na-televisao-brasileira\\\/\"},\"wordCount\":390,\"publisher\":{\"@id\":\"https:\\\/\\\/ubirataonline.com.br\\\/#organization\"},\"image\":{\"@id\":\"https:\\\/\\\/ubirataonline.com.br\\\/gracindo-jr-principais-atuacoes-do-ator-com-mais-de-seis-decadas-na-televisao-brasileira\\\/#primaryimage\"},\"thumbnailUrl\":\"https:\\\/\\\/ubirataonline.com.br\\\/wp-content\\\/uploads\\\/2026\\\/09\\\/maaimg-post-169929-20260902-145523.webp\",\"articleSection\":[\"Brasil\"],\"inLanguage\":\"en-US\",\"copyrightYear\":\"2026\",\"copyrightHolder\":{\"@id\":\"https:\\\/\\\/ubirataonline.com.br\\\/en\\\/#organization\"}},{\"@type\":\"WebPage\",\"@id\":\"https:\\\/\\\/ubirataonline.com.br\\\/gracindo-jr-principais-atuacoes-do-ator-com-mais-de-seis-decadas-na-televisao-brasileira\\\/\",\"url\":\"https:\\\/\\\/ubirataonline.com.br\\\/gracindo-jr-principais-atuacoes-do-ator-com-mais-de-seis-decadas-na-televisao-brasileira\\\/\",\"name\":\"Gracindo Jr.: principais atua\u00e7\u00f5es do ator com mais de seis d\u00e9cadas na televis\u00e3o brasileira - Ubirat\u00e3 Online Not\u00edcias - A realidade ao seu alcance!\",\"isPartOf\":{\"@id\":\"https:\\\/\\\/ubirataonline.com.br\\\/#website\"},\"primaryImageOfPage\":{\"@id\":\"https:\\\/\\\/ubirataonline.com.br\\\/gracindo-jr-principais-atuacoes-do-ator-com-mais-de-seis-decadas-na-televisao-brasileira\\\/#primaryimage\"},\"image\":{\"@id\":\"https:\\\/\\\/ubirataonline.com.br\\\/gracindo-jr-principais-atuacoes-do-ator-com-mais-de-seis-decadas-na-televisao-brasileira\\\/#primaryimage\"},\"thumbnailUrl\":\"https:\\\/\\\/ubirataonline.com.br\\\/wp-content\\\/uploads\\\/2026\\\/09\\\/maaimg-post-169929-20260902-145523.webp\",\"datePublished\":\"2026-09-02T14:55:06+00:00\",\"description\":\"Ator e diretor com mais de 60 anos de carreira, Gracindo Jr. marcou novelas na Globo e outras emissoras, al\u00e9m de trabalhos no cinema e streamingO ator e\",\"breadcrumb\":{\"@id\":\"https:\\\/\\\/ubirataonline.com.br\\\/gracindo-jr-principais-atuacoes-do-ator-com-mais-de-seis-decadas-na-televisao-brasileira\\\/#breadcrumb\"},\"inLanguage\":\"en-US\",\"potentialAction\":[{\"@type\":\"ReadAction\",\"target\":[\"https:\\\/\\\/ubirataonline.com.br\\\/gracindo-jr-principais-atuacoes-do-ator-com-mais-de-seis-decadas-na-televisao-brasileira\\\/\"]}]},{\"@type\":\"ImageObject\",\"inLanguage\":\"en-US\",\"@id\":\"https:\\\/\\\/ubirataonline.com.br\\\/gracindo-jr-principais-atuacoes-do-ator-com-mais-de-seis-decadas-na-televisao-brasileira\\\/#primaryimage\",\"url\":\"https:\\\/\\\/ubirataonline.com.br\\\/wp-content\\\/uploads\\\/2026\\\/09\\\/maaimg-post-169929-20260902-145523.webp\",\"contentUrl\":\"https:\\\/\\\/ubirataonline.com.br\\\/wp-content\\\/uploads\\\/2026\\\/09\\\/maaimg-post-169929-20260902-145523.webp\",\"width\":1536,\"height\":1024,\"caption\":\"Imagem ilustrativa Gerada por IA\"},{\"@type\":\"BreadcrumbList\",\"@id\":\"https:\\\/\\\/ubirataonline.com.br\\\/gracindo-jr-principais-atuacoes-do-ator-com-mais-de-seis-decadas-na-televisao-brasileira\\\/#breadcrumb\",\"itemListElement\":[{\"@type\":\"ListItem\",\"position\":1,\"name\":\"In\u00edcio\",\"item\":\"https:\\\/\\\/ubirataonline.com.br\\\/\"},{\"@type\":\"ListItem\",\"position\":2,\"name\":\"Gracindo Jr.: principais atua\u00e7\u00f5es do ator com mais de seis d\u00e9cadas na televis\u00e3o brasileira\"}]},{\"@type\":\"WebSite\",\"@id\":\"https:\\\/\\\/ubirataonline.com.br\\\/#website\",\"url\":\"https:\\\/\\\/ubirataonline.com.br\\\/\",\"name\":\"Ubirat\u00e3 Online Not\u00edcias\",\"description\":\"Not\u00edcias de Ubirat\u00e3, regi\u00e3o, Brasil e mundo, com informa\u00e7\u00e3o atualizada e compromisso com o leitor.\",\"publisher\":{\"@id\":\"https:\\\/\\\/ubirataonline.com.br\\\/#organization\"},\"alternateName\":\"Ubirat\u00e3 Online\",\"potentialAction\":[{\"@type\":\"SearchAction\",\"target\":{\"@type\":\"EntryPoint\",\"urlTemplate\":\"https:\\\/\\\/ubirataonline.com.br\\\/?s={search_term_string}\"},\"query-input\":{\"@type\":\"PropertyValueSpecification\",\"valueRequired\":true,\"valueName\":\"search_term_string\"}}],\"inLanguage\":\"en-US\"},{\"@type\":[\"Organization\",\"Place\"],\"@id\":\"https:\\\/\\\/ubirataonline.com.br\\\/#organization\",\"name\":\"Ubirat\u00e3 Online Not\u00edcias\",\"alternateName\":\"Ubirat\u00e3 Online\",\"url\":\"https:\\\/\\\/ubirataonline.com.br\\\/\",\"logo\":{\"@id\":\"https:\\\/\\\/ubirataonline.com.br\\\/gracindo-jr-principais-atuacoes-do-ator-com-mais-de-seis-decadas-na-televisao-brasileira\\\/#local-main-organization-logo\"},\"image\":{\"@id\":\"https:\\\/\\\/ubirataonline.com.br\\\/gracindo-jr-principais-atuacoes-do-ator-com-mais-de-seis-decadas-na-televisao-brasileira\\\/#local-main-organization-logo\"},\"sameAs\":[\"https:\\\/\\\/www.facebook.com\\\/portalubirataonline\",\"https:\\\/\\\/x.com\\\/ubirataonline\",\"https:\\\/\\\/mastodon.social\\\/@ubirataonline\",\"https:\\\/\\\/www.facebook.com\\\/groups\\\/311144672285604\",\"https:\\\/\\\/www.facebook.com\\\/UBTAOnline\",\"https:\\\/\\\/www.instagram.com\\\/portalubirataonline\\\/\",\"https:\\\/\\\/twitter.com\\\/ubirataonline\"],\"description\":\"Somos um portal de not\u00edcias independente, criado em 5 de janeiro de 2009, com o objetivo de informar, conectar e valorizar a nossa comunidade de Ubirat\u00e3 e toda aregi\u00e3o. Com conte\u00fado atualizado, confi\u00e1vel e relevante, o Ubirat\u00e3 Online \u00e9 o seu espa\u00e7o para ficar por dentro dos principais acontecimentos locais, regionais, Brasil, Mundo e de interesse geral. Nosso compromisso \u00e9 com a verdade, a transpar\u00eancia e o respeito ao leitor.\",\"legalName\":\"UBIRATA ONLINE NOT\u00cdCIAS\",\"foundingDate\":\"2009-01-05\",\"numberOfEmployees\":{\"@type\":\"QuantitativeValue\",\"minValue\":\"1\",\"maxValue\":\"10\"},\"publishingPrinciples\":\"https:\\\/\\\/ubirataonline.com.br\\\/faq\\\/\",\"address\":{\"@id\":\"https:\\\/\\\/ubirataonline.com.br\\\/gracindo-jr-principais-atuacoes-do-ator-com-mais-de-seis-decadas-na-televisao-brasileira\\\/#local-main-place-address\"},\"geo\":{\"@type\":\"GeoCoordinates\",\"latitude\":\"-24.5361401\",\"longitude\":\"-52.9921776\"},\"telephone\":[\"+5544998308235\"],\"contactPoint\":{\"@type\":\"ContactPoint\",\"email\":\"contato@ubirataonline.com.br\"},\"openingHoursSpecification\":{\"@type\":\"OpeningHoursSpecification\",\"dayOfWeek\":[\"Monday\",\"Tuesday\",\"Wednesday\",\"Thursday\",\"Friday\",\"Saturday\",\"Sunday\"],\"opens\":\"00:00\",\"closes\":\"23:59\"},\"email\":\"contato@ubirataonline.com.br\",\"vatID\":\"47.621.418\\\/0001-80\"},{\"@type\":\"Person\",\"@id\":\"https:\\\/\\\/ubirataonline.com.br\\\/#\\\/schema\\\/person\\\/372f87bbd3fdd79b8556b84c98d0bc1c\",\"name\":\"REDA\u00c7\u00c3O: UBIRAT\u00c3 ONLINE - F\u00c1BIO AUGUSTO CELESTINO\",\"pronouns\":\"Ele\",\"description\":\"Desde 2003 trabalhando com not\u00edcias.\",\"sameAs\":[\"http:\\\/\\\/ubirataoline.com.br\",\"https:\\\/\\\/www.facebook.com\\\/portalubirataonline\",\"https:\\\/\\\/www.instagram.com\\\/ubirataonline_oficial\",\"https:\\\/\\\/x.com\\\/x.com\\\/ubirataonline\"],\"honorificPrefix\":\"Mr.\",\"honorificSuffix\":\"MD\",\"birthDate\":\"1980-06-16\",\"gender\":\"masculino\",\"award\":[\"V\u00e1rios pr\u00eamios de melhor portal da cidade\"],\"jobTitle\":\"Diretor\",\"url\":\"https:\\\/\\\/ubirataonline.com.br\\\/en\\\/author\\\/ubirataonline\\\/\"},{\"@type\":\"PostalAddress\",\"@id\":\"https:\\\/\\\/ubirataonline.com.br\\\/gracindo-jr-principais-atuacoes-do-ator-com-mais-de-seis-decadas-na-televisao-brasileira\\\/#local-main-place-address\",\"streetAddress\":\"Rua dos Coqueiros, 104 - Bairro Boa Vista, Rua dos Coqueiros, 104 Bairro Boa Vista\",\"addressLocality\":\"UBIRATA\",\"postalCode\":\"85440-000\",\"addressRegion\":\"PR\",\"addressCountry\":\"BR\"},{\"@type\":\"ImageObject\",\"inLanguage\":\"en-US\",\"@id\":\"https:\\\/\\\/ubirataonline.com.br\\\/gracindo-jr-principais-atuacoes-do-ator-com-mais-de-seis-decadas-na-televisao-brasileira\\\/#local-main-organization-logo\",\"url\":\"https:\\\/\\\/ubirataonline.com.br\\\/wp-content\\\/uploads\\\/2026\\\/06\\\/logoubirataonline-1.webp\",\"contentUrl\":\"https:\\\/\\\/ubirataonline.com.br\\\/wp-content\\\/uploads\\\/2026\\\/06\\\/logoubirataonline-1.webp\",\"width\":500,\"height\":500,\"caption\":\"Ubirat\u00e3 Online Not\u00edcias\"}]}<\/script>\n<meta name=\"geo.placename\" content=\"UBIRATA\" \/>\n<meta name=\"geo.position\" content=\"-24.5361401;-52.9921776\" \/>\n<meta name=\"geo.region\" content=\"Brazil\" \/>\n<!-- \/ Yoast SEO Premium plugin. -->","yoast_head_json":{"title":"Gracindo Jr.: principais atua\u00e7\u00f5es do ator com mais de seis d\u00e9cadas na televis\u00e3o brasileira - Ubirat\u00e3 Online Not\u00edcias - A realidade ao seu alcance!","description":"Ator e diretor com mais de 60 anos de carreira, Gracindo Jr. marcou novelas na Globo e outras emissoras, al\u00e9m de trabalhos no cinema e streamingO ator e","robots":{"index":"index","follow":"follow","max-snippet":"max-snippet:-1","max-image-preview":"max-image-preview:large","max-video-preview":"max-video-preview:-1"},"canonical":"https:\/\/ubirataonline.com.br\/en\/gracindo-jr-principais-atuacoes-do-ator-com-mais-de-seis-decadas-na-televisao-brasileira\/","og_locale":"en_US","og_type":"article","og_title":"Gracindo Jr.: principais atua\u00e7\u00f5es do ator com mais de seis d\u00e9cadas na televis\u00e3o brasileira","og_description":"Ator e diretor com mais de 60 anos de carreira, Gracindo Jr. marcou novelas na Globo e outras emissoras, al\u00e9m de trabalhos no cinema e streamingO ator e","og_url":"https:\/\/ubirataonline.com.br\/en\/gracindo-jr-principais-atuacoes-do-ator-com-mais-de-seis-decadas-na-televisao-brasileira\/","og_site_name":"Ubirat\u00e3 Online Not\u00edcias - A realidade ao seu alcance!","article_publisher":"https:\/\/www.facebook.com\/portalubirataonline","article_author":"https:\/\/www.facebook.com\/portalubirataonline","article_published_time":"2026-09-02T14:55:06+00:00","og_image":[{"width":1531,"height":418,"url":"https:\/\/ubirataonline.com.br\/wp-content\/uploads\/2026\/05\/logo2026.webp","type":"image\/webp"}],"author":"REDA\u00c7\u00c3O: UBIRAT\u00c3 ONLINE - F\u00c1BIO AUGUSTO CELESTINO","twitter_card":"summary_large_image","twitter_creator":"@x.com\/ubirataonline","twitter_site":"@ubirataonline","twitter_misc":{"Written by":"REDA\u00c7\u00c3O: UBIRAT\u00c3 ONLINE - F\u00c1BIO AUGUSTO CELESTINO","Est. reading time":"2 minutes"},"schema":{"@context":"https:\/\/schema.org","@graph":[{"@type":"NewsArticle","@id":"https:\/\/ubirataonline.com.br\/gracindo-jr-principais-atuacoes-do-ator-com-mais-de-seis-decadas-na-televisao-brasileira\/#article","isPartOf":{"@id":"https:\/\/ubirataonline.com.br\/gracindo-jr-principais-atuacoes-do-ator-com-mais-de-seis-decadas-na-televisao-brasileira\/"},"author":{"name":"REDA\u00c7\u00c3O: UBIRAT\u00c3 ONLINE - F\u00c1BIO AUGUSTO CELESTINO","@id":"https:\/\/ubirataonline.com.br\/#\/schema\/person\/372f87bbd3fdd79b8556b84c98d0bc1c"},"headline":"Gracindo Jr.: principais atua\u00e7\u00f5es do ator com mais de seis d\u00e9cadas na televis\u00e3o brasileira","datePublished":"2026-09-02T14:55:06+00:00","mainEntityOfPage":{"@id":"https:\/\/ubirataonline.com.br\/gracindo-jr-principais-atuacoes-do-ator-com-mais-de-seis-decadas-na-televisao-brasileira\/"},"wordCount":390,"publisher":{"@id":"https:\/\/ubirataonline.com.br\/#organization"},"image":{"@id":"https:\/\/ubirataonline.com.br\/gracindo-jr-principais-atuacoes-do-ator-com-mais-de-seis-decadas-na-televisao-brasileira\/#primaryimage"},"thumbnailUrl":"https:\/\/ubirataonline.com.br\/wp-content\/uploads\/2026\/09\/maaimg-post-169929-20260902-145523.webp","articleSection":["Brasil"],"inLanguage":"en-US","copyrightYear":"2026","copyrightHolder":{"@id":"https:\/\/ubirataonline.com.br\/en\/#organization"}},{"@type":"WebPage","@id":"https:\/\/ubirataonline.com.br\/gracindo-jr-principais-atuacoes-do-ator-com-mais-de-seis-decadas-na-televisao-brasileira\/","url":"https:\/\/ubirataonline.com.br\/gracindo-jr-principais-atuacoes-do-ator-com-mais-de-seis-decadas-na-televisao-brasileira\/","name":"Gracindo Jr.: principais atua\u00e7\u00f5es do ator com mais de seis d\u00e9cadas na televis\u00e3o brasileira - Ubirat\u00e3 Online Not\u00edcias - A realidade ao seu alcance!","isPartOf":{"@id":"https:\/\/ubirataonline.com.br\/#website"},"primaryImageOfPage":{"@id":"https:\/\/ubirataonline.com.br\/gracindo-jr-principais-atuacoes-do-ator-com-mais-de-seis-decadas-na-televisao-brasileira\/#primaryimage"},"image":{"@id":"https:\/\/ubirataonline.com.br\/gracindo-jr-principais-atuacoes-do-ator-com-mais-de-seis-decadas-na-televisao-brasileira\/#primaryimage"},"thumbnailUrl":"https:\/\/ubirataonline.com.br\/wp-content\/uploads\/2026\/09\/maaimg-post-169929-20260902-145523.webp","datePublished":"2026-09-02T14:55:06+00:00","description":"Ator e diretor com mais de 60 anos de carreira, Gracindo Jr. marcou novelas na Globo e outras emissoras, al\u00e9m de trabalhos no cinema e streamingO ator e","breadcrumb":{"@id":"https:\/\/ubirataonline.com.br\/gracindo-jr-principais-atuacoes-do-ator-com-mais-de-seis-decadas-na-televisao-brasileira\/#breadcrumb"},"inLanguage":"en-US","potentialAction":[{"@type":"ReadAction","target":["https:\/\/ubirataonline.com.br\/gracindo-jr-principais-atuacoes-do-ator-com-mais-de-seis-decadas-na-televisao-brasileira\/"]}]},{"@type":"ImageObject","inLanguage":"en-US","@id":"https:\/\/ubirataonline.com.br\/gracindo-jr-principais-atuacoes-do-ator-com-mais-de-seis-decadas-na-televisao-brasileira\/#primaryimage","url":"https:\/\/ubirataonline.com.br\/wp-content\/uploads\/2026\/09\/maaimg-post-169929-20260902-145523.webp","contentUrl":"https:\/\/ubirataonline.com.br\/wp-content\/uploads\/2026\/09\/maaimg-post-169929-20260902-145523.webp","width":1536,"height":1024,"caption":"Imagem ilustrativa Gerada por IA"},{"@type":"BreadcrumbList","@id":"https:\/\/ubirataonline.com.br\/gracindo-jr-principais-atuacoes-do-ator-com-mais-de-seis-decadas-na-televisao-brasileira\/#breadcrumb","itemListElement":[{"@type":"ListItem","position":1,"name":"In\u00edcio","item":"https:\/\/ubirataonline.com.br\/"},{"@type":"ListItem","position":2,"name":"Gracindo Jr.: principais atua\u00e7\u00f5es do ator com mais de seis d\u00e9cadas na televis\u00e3o brasileira"}]},{"@type":"WebSite","@id":"https:\/\/ubirataonline.com.br\/#website","url":"https:\/\/ubirataonline.com.br\/","name":"Ubirat\u00e3 Online Not\u00edcias","description":"Not\u00edcias de Ubirat\u00e3, regi\u00e3o, Brasil e mundo, com informa\u00e7\u00e3o atualizada e compromisso com o leitor.","publisher":{"@id":"https:\/\/ubirataonline.com.br\/#organization"},"alternateName":"Ubirat\u00e3 Online","potentialAction":[{"@type":"SearchAction","target":{"@type":"EntryPoint","urlTemplate":"https:\/\/ubirataonline.com.br\/?s={search_term_string}"},"query-input":{"@type":"PropertyValueSpecification","valueRequired":true,"valueName":"search_term_string"}}],"inLanguage":"en-US"},{"@type":["Organization","Place"],"@id":"https:\/\/ubirataonline.com.br\/#organization","name":"Ubirat\u00e3 Online Not\u00edcias","alternateName":"Ubirat\u00e3 Online","url":"https:\/\/ubirataonline.com.br\/","logo":{"@id":"https:\/\/ubirataonline.com.br\/gracindo-jr-principais-atuacoes-do-ator-com-mais-de-seis-decadas-na-televisao-brasileira\/#local-main-organization-logo"},"image":{"@id":"https:\/\/ubirataonline.com.br\/gracindo-jr-principais-atuacoes-do-ator-com-mais-de-seis-decadas-na-televisao-brasileira\/#local-main-organization-logo"},"sameAs":["https:\/\/www.facebook.com\/portalubirataonline","https:\/\/x.com\/ubirataonline","https:\/\/mastodon.social\/@ubirataonline","https:\/\/www.facebook.com\/groups\/311144672285604","https:\/\/www.facebook.com\/UBTAOnline","https:\/\/www.instagram.com\/portalubirataonline\/","https:\/\/twitter.com\/ubirataonline"],"description":"Somos um portal de not\u00edcias independente, criado em 5 de janeiro de 2009, com o objetivo de informar, conectar e valorizar a nossa comunidade de Ubirat\u00e3 e toda aregi\u00e3o. Com conte\u00fado atualizado, confi\u00e1vel e relevante, o Ubirat\u00e3 Online \u00e9 o seu espa\u00e7o para ficar por dentro dos principais acontecimentos locais, regionais, Brasil, Mundo e de interesse geral. Nosso compromisso \u00e9 com a verdade, a transpar\u00eancia e o respeito ao leitor.","legalName":"UBIRATA ONLINE NOT\u00cdCIAS","foundingDate":"2009-01-05","numberOfEmployees":{"@type":"QuantitativeValue","minValue":"1","maxValue":"10"},"publishingPrinciples":"https:\/\/ubirataonline.com.br\/faq\/","address":{"@id":"https:\/\/ubirataonline.com.br\/gracindo-jr-principais-atuacoes-do-ator-com-mais-de-seis-decadas-na-televisao-brasileira\/#local-main-place-address"},"geo":{"@type":"GeoCoordinates","latitude":"-24.5361401","longitude":"-52.9921776"},"telephone":["+5544998308235"],"contactPoint":{"@type":"ContactPoint","email":"contato@ubirataonline.com.br"},"openingHoursSpecification":{"@type":"OpeningHoursSpecification","dayOfWeek":["Monday","Tuesday","Wednesday","Thursday","Friday","Saturday","Sunday"],"opens":"00:00","closes":"23:59"},"email":"contato@ubirataonline.com.br","vatID":"47.621.418\/0001-80"},{"@type":"Person","@id":"https:\/\/ubirataonline.com.br\/#\/schema\/person\/372f87bbd3fdd79b8556b84c98d0bc1c","name":"REDA\u00c7\u00c3O: UBIRAT\u00c3 ONLINE - F\u00c1BIO AUGUSTO CELESTINO","pronouns":"Ele","description":"Desde 2003 trabalhando com not\u00edcias.","sameAs":["http:\/\/ubirataoline.com.br","https:\/\/www.facebook.com\/portalubirataonline","https:\/\/www.instagram.com\/ubirataonline_oficial","https:\/\/x.com\/x.com\/ubirataonline"],"honorificPrefix":"Mr.","honorificSuffix":"MD","birthDate":"1980-06-16","gender":"masculino","award":["V\u00e1rios pr\u00eamios de melhor portal da cidade"],"jobTitle":"Diretor","url":"https:\/\/ubirataonline.com.br\/en\/author\/ubirataonline\/"},{"@type":"PostalAddress","@id":"https:\/\/ubirataonline.com.br\/gracindo-jr-principais-atuacoes-do-ator-com-mais-de-seis-decadas-na-televisao-brasileira\/#local-main-place-address","streetAddress":"Rua dos Coqueiros, 104 - Bairro Boa Vista, Rua dos Coqueiros, 104 Bairro Boa Vista","addressLocality":"UBIRATA","postalCode":"85440-000","addressRegion":"PR","addressCountry":"BR"},{"@type":"ImageObject","inLanguage":"en-US","@id":"https:\/\/ubirataonline.com.br\/gracindo-jr-principais-atuacoes-do-ator-com-mais-de-seis-decadas-na-televisao-brasileira\/#local-main-organization-logo","url":"https:\/\/ubirataonline.com.br\/wp-content\/uploads\/2026\/06\/logoubirataonline-1.webp","contentUrl":"https:\/\/ubirataonline.com.br\/wp-content\/uploads\/2026\/06\/logoubirataonline-1.webp","width":500,"height":500,"caption":"Ubirat\u00e3 Online Not\u00edcias"}]},"geo.placename":"UBIRATA","geo.position":{"lat":"-24.5361401","long":"-52.9921776"},"geo.region":"Brazil"},"_links":{"self":[{"href":"https:\/\/ubirataonline.com.br\/en\/wp-json\/wp\/v2\/posts\/169929","targetHints":{"allow":["GET"]}}],"collection":[{"href":"https:\/\/ubirataonline.com.br\/en\/wp-json\/wp\/v2\/posts"}],"about":[{"href":"https:\/\/ubirataonline.com.br\/en\/wp-json\/wp\/v2\/types\/post"}],"author":[{"embeddable":true,"href":"https:\/\/ubirataonline.com.br\/en\/wp-json\/wp\/v2\/users\/1"}],"replies":[{"embeddable":true,"href":"https:\/\/ubirataonline.com.br\/en\/wp-json\/wp\/v2\/comments?post=169929"}],"version-history":[{"count":0,"href":"https:\/\/ubirataonline.com.br\/en\/wp-json\/wp\/v2\/posts\/169929\/revisions"}],"wp:featuredmedia":[{"embeddable":true,"href":"https:\/\/ubirataonline.com.br\/en\/wp-json\/wp\/v2\/media\/169930"}],"wp:attachment":[{"href":"https:\/\/ubirataonline.com.br\/en\/wp-json\/wp\/v2\/media?parent=169929"}],"wp:term":[{"taxonomy":"category","embeddable":true,"href":"https:\/\/ubirataonline.com.br\/en\/wp-json\/wp\/v2\/categories?post=169929"},{"taxonomy":"post_tag","embeddable":true,"href":"https:\/\/ubirataonline.com.br\/en\/wp-json\/wp\/v2\/tags?post=169929"}],"curies":[{"name":"wp","href":"https:\/\/api.w.org\/{rel}","templated":true}]}}