{"id":169959,"date":"2026-09-02T13:32:57","date_gmt":"2026-09-02T16:32:57","guid":{"rendered":"https:\/\/ubirataonline.com.br\/mulher-de-62-anos-e-atropelada-por-bmw-enquanto-fechava-porta-de-carro-em-curitiba\/"},"modified":"2026-09-02T13:32:57","modified_gmt":"2026-09-02T16:32:57","slug":"mulher-de-62-anos-e-atropelada-por-bmw-enquanto-fechava-porta-de-carro-em-curitiba","status":"publish","type":"post","link":"https:\/\/ubirataonline.com.br\/en\/mulher-de-62-anos-e-atropelada-por-bmw-enquanto-fechava-porta-de-carro-em-curitiba\/","title":{"rendered":"Mulher de 62 anos \u00e9 atropelada por BMW enquanto fechava porta de carro em Curitiba"},"content":{"rendered":"<h2>V\u00edtima de 62 anos ficou gravemente ferida ap\u00f3s ser atingida por uma BMW no bairro Merc\u00eas; carro tamb\u00e9m colidiu com outros dois ve\u00edculos, diz G1.<\/h2>\n<p>Uma mulher de 62 anos ficou gravemente ferida ap\u00f3s ser atropelada por um autom\u00f3vel da marca BMW no bairro Merc\u00eas, em Curitiba. O G1 relata que o acidente ocorreu na noite de ter\u00e7a-feira; na pr\u00f3pria mat\u00e9ria h\u00e1 passagem que indica a data como 1\u00ba e outra que informa que aconteceu por volta das 20h de ter\u00e7a-feira (2).<\/p>\n<p>Conforme apurou a RPC, afiliada da TV Globo no Paran\u00e1, a v\u00edtima havia acabado de sair de outro carro e estava fechando a porta quando foi atingida. Testemunhas relataram que o ve\u00edculo seguia em alta velocidade.<\/p>\n<h3>O que aconteceu<\/h3>\n<p>Segundo relatos reunidos pela reportagem, ap\u00f3s atingir a mulher o carro ainda atingiu outros dois ve\u00edculos. O motorista do ve\u00edculo que causou o acidente n\u00e3o teve o nome divulgado e foi levado a um hospital por familiares. Os ocupantes dos outros dois carros n\u00e3o ficaram feridos.<\/p>\n<h3>Depoimentos e socorro<\/h3>\n<p>Uma testemunha, identificada como Nilton Palmeiro, afirmou: <b>&#8220;N\u00e3o tinha ningu\u00e9m na rua, ele veio feito um louco de l\u00e1 e atropelou a senhora que estava fechando [a porta] o carro. Passou em cima dela, bateu no meu carro e parou ali&#8221;<\/b>.<\/p>\n<p>A v\u00edtima foi socorrida e encaminhada ao Hospital Universit\u00e1rio Evang\u00e9lico Mackenzie, em estado grave. At\u00e9 a publica\u00e7\u00e3o da mat\u00e9ria do G1 n\u00e3o havia informa\u00e7\u00f5es atualizadas sobre seu quadro cl\u00ednico.<\/p>\n<h3>Apura\u00e7\u00e3o<\/h3>\n<p>O G1 informou que fez contato com a Pol\u00edcia Civil do Paran\u00e1 (PC-PR) e aguarda retorno.<\/p>\n","protected":false},"excerpt":{"rendered":"<p>V\u00edtima de 62 anos ficou gravemente ferida ap\u00f3s ser atingida por uma BMW no bairro Merc\u00eas; carro tamb\u00e9m colidiu com outros dois ve\u00edculos, diz G1. Uma mulher de 62 anos ficou gravemente ferida ap\u00f3s ser atropelada por um autom\u00f3vel da marca BMW no bairro Merc\u00eas, em Curitiba. O G1 relata que o acidente ocorreu na [&hellip;]<\/p>\n","protected":false},"author":1,"featured_media":169961,"comment_status":"","ping_status":"","sticky":false,"template":"","format":"standard","meta":{"googlesitekit_rrm_CAow2JLhCw:productID":"","_gspb_post_css":"","maa_idioma":"","maa_pais":"","footnotes":""},"categories":[4],"tags":[],"class_list":["post-169959","post","type-post","status-publish","format-standard","has-post-thumbnail","hentry","category-brasil"],"blocksy_meta":[],"yoast_head":"<!-- This site is optimized with the Yoast SEO Premium plugin v27.6 (Yoast SEO v27.6) - https:\/\/yoast.com\/product\/yoast-seo-premium-wordpress\/ -->\n<title>Mulher de 62 anos \u00e9 atropelada por BMW enquanto fechava porta de carro em Curitiba - Ubirat\u00e3 Online Not\u00edcias - A realidade ao seu alcance!<\/title>\n<meta name=\"description\" content=\"V\u00edtima de 62 anos ficou gravemente ferida ap\u00f3s ser atingida por uma BMW no bairro Merc\u00eas; carro tamb\u00e9m colidiu com outros dois ve\u00edculos, diz G1. Uma\" \/>\n<meta name=\"robots\" content=\"index, follow, max-snippet:-1, max-image-preview:large, max-video-preview:-1\" \/>\n<link rel=\"canonical\" href=\"https:\/\/ubirataonline.com.br\/en\/mulher-de-62-anos-e-atropelada-por-bmw-enquanto-fechava-porta-de-carro-em-curitiba\/\" \/>\n<meta property=\"og:locale\" content=\"en_US\" \/>\n<meta property=\"og:type\" content=\"article\" \/>\n<meta property=\"og:title\" content=\"Mulher de 62 anos \u00e9 atropelada por BMW enquanto fechava porta de carro em Curitiba\" \/>\n<meta property=\"og:description\" content=\"V\u00edtima de 62 anos ficou gravemente ferida ap\u00f3s ser atingida por uma BMW no bairro Merc\u00eas; carro tamb\u00e9m colidiu com outros dois ve\u00edculos, diz G1. Uma\" \/>\n<meta property=\"og:url\" content=\"https:\/\/ubirataonline.com.br\/en\/mulher-de-62-anos-e-atropelada-por-bmw-enquanto-fechava-porta-de-carro-em-curitiba\/\" \/>\n<meta property=\"og:site_name\" content=\"Ubirat\u00e3 Online Not\u00edcias - A realidade ao seu alcance!\" \/>\n<meta property=\"article:publisher\" content=\"https:\/\/www.facebook.com\/portalubirataonline\" \/>\n<meta property=\"article:author\" content=\"https:\/\/www.facebook.com\/portalubirataonline\" \/>\n<meta property=\"article:published_time\" content=\"2026-09-02T16:32:57+00:00\" \/>\n<meta property=\"og:image\" content=\"https:\/\/ubirataonline.com.br\/wp-content\/uploads\/2026\/05\/logo2026.webp\" \/>\n\t<meta property=\"og:image:width\" content=\"1531\" \/>\n\t<meta property=\"og:image:height\" content=\"418\" \/>\n\t<meta property=\"og:image:type\" content=\"image\/webp\" \/>\n<meta name=\"author\" content=\"REDA\u00c7\u00c3O: UBIRAT\u00c3 ONLINE - F\u00c1BIO AUGUSTO CELESTINO\" \/>\n<meta name=\"twitter:card\" content=\"summary_large_image\" \/>\n<meta name=\"twitter:creator\" content=\"@x.com\/ubirataonline\" \/>\n<meta name=\"twitter:site\" content=\"@ubirataonline\" \/>\n<meta name=\"twitter:label1\" content=\"Written by\" \/>\n\t<meta name=\"twitter:data1\" content=\"REDA\u00c7\u00c3O: UBIRAT\u00c3 ONLINE - F\u00c1BIO AUGUSTO CELESTINO\" \/>\n\t<meta name=\"twitter:label2\" content=\"Est. reading time\" \/>\n\t<meta name=\"twitter:data2\" content=\"1 minute\" \/>\n<script type=\"application\/ld+json\" class=\"yoast-schema-graph\">{\"@context\":\"https:\\\/\\\/schema.org\",\"@graph\":[{\"@type\":\"NewsArticle\",\"@id\":\"https:\\\/\\\/ubirataonline.com.br\\\/mulher-de-62-anos-e-atropelada-por-bmw-enquanto-fechava-porta-de-carro-em-curitiba\\\/#article\",\"isPartOf\":{\"@id\":\"https:\\\/\\\/ubirataonline.com.br\\\/mulher-de-62-anos-e-atropelada-por-bmw-enquanto-fechava-porta-de-carro-em-curitiba\\\/\"},\"author\":{\"name\":\"REDA\u00c7\u00c3O: UBIRAT\u00c3 ONLINE - F\u00c1BIO AUGUSTO CELESTINO\",\"@id\":\"https:\\\/\\\/ubirataonline.com.br\\\/#\\\/schema\\\/person\\\/372f87bbd3fdd79b8556b84c98d0bc1c\"},\"headline\":\"Mulher de 62 anos \u00e9 atropelada por BMW enquanto fechava porta de carro em Curitiba\",\"datePublished\":\"2026-09-02T16:32:57+00:00\",\"mainEntityOfPage\":{\"@id\":\"https:\\\/\\\/ubirataonline.com.br\\\/mulher-de-62-anos-e-atropelada-por-bmw-enquanto-fechava-porta-de-carro-em-curitiba\\\/\"},\"wordCount\":297,\"publisher\":{\"@id\":\"https:\\\/\\\/ubirataonline.com.br\\\/#organization\"},\"image\":{\"@id\":\"https:\\\/\\\/ubirataonline.com.br\\\/mulher-de-62-anos-e-atropelada-por-bmw-enquanto-fechava-porta-de-carro-em-curitiba\\\/#primaryimage\"},\"thumbnailUrl\":\"https:\\\/\\\/ubirataonline.com.br\\\/wp-content\\\/uploads\\\/2026\\\/09\\\/maaimg-post-169959-20260902-163319.webp\",\"articleSection\":[\"Brasil\"],\"inLanguage\":\"en-US\",\"copyrightYear\":\"2026\",\"copyrightHolder\":{\"@id\":\"https:\\\/\\\/ubirataonline.com.br\\\/en\\\/#organization\"}},{\"@type\":\"WebPage\",\"@id\":\"https:\\\/\\\/ubirataonline.com.br\\\/mulher-de-62-anos-e-atropelada-por-bmw-enquanto-fechava-porta-de-carro-em-curitiba\\\/\",\"url\":\"https:\\\/\\\/ubirataonline.com.br\\\/mulher-de-62-anos-e-atropelada-por-bmw-enquanto-fechava-porta-de-carro-em-curitiba\\\/\",\"name\":\"Mulher de 62 anos \u00e9 atropelada por BMW enquanto fechava porta de carro em Curitiba - Ubirat\u00e3 Online Not\u00edcias - A realidade ao seu alcance!\",\"isPartOf\":{\"@id\":\"https:\\\/\\\/ubirataonline.com.br\\\/#website\"},\"primaryImageOfPage\":{\"@id\":\"https:\\\/\\\/ubirataonline.com.br\\\/mulher-de-62-anos-e-atropelada-por-bmw-enquanto-fechava-porta-de-carro-em-curitiba\\\/#primaryimage\"},\"image\":{\"@id\":\"https:\\\/\\\/ubirataonline.com.br\\\/mulher-de-62-anos-e-atropelada-por-bmw-enquanto-fechava-porta-de-carro-em-curitiba\\\/#primaryimage\"},\"thumbnailUrl\":\"https:\\\/\\\/ubirataonline.com.br\\\/wp-content\\\/uploads\\\/2026\\\/09\\\/maaimg-post-169959-20260902-163319.webp\",\"datePublished\":\"2026-09-02T16:32:57+00:00\",\"description\":\"V\u00edtima de 62 anos ficou gravemente ferida ap\u00f3s ser atingida por uma BMW no bairro Merc\u00eas; carro tamb\u00e9m colidiu com outros dois ve\u00edculos, diz G1. Uma\",\"breadcrumb\":{\"@id\":\"https:\\\/\\\/ubirataonline.com.br\\\/mulher-de-62-anos-e-atropelada-por-bmw-enquanto-fechava-porta-de-carro-em-curitiba\\\/#breadcrumb\"},\"inLanguage\":\"en-US\",\"potentialAction\":[{\"@type\":\"ReadAction\",\"target\":[\"https:\\\/\\\/ubirataonline.com.br\\\/mulher-de-62-anos-e-atropelada-por-bmw-enquanto-fechava-porta-de-carro-em-curitiba\\\/\"]}]},{\"@type\":\"ImageObject\",\"inLanguage\":\"en-US\",\"@id\":\"https:\\\/\\\/ubirataonline.com.br\\\/mulher-de-62-anos-e-atropelada-por-bmw-enquanto-fechava-porta-de-carro-em-curitiba\\\/#primaryimage\",\"url\":\"https:\\\/\\\/ubirataonline.com.br\\\/wp-content\\\/uploads\\\/2026\\\/09\\\/maaimg-post-169959-20260902-163319.webp\",\"contentUrl\":\"https:\\\/\\\/ubirataonline.com.br\\\/wp-content\\\/uploads\\\/2026\\\/09\\\/maaimg-post-169959-20260902-163319.webp\",\"width\":1536,\"height\":1024,\"caption\":\"Imagem ilustrativa Gerada por IA\"},{\"@type\":\"BreadcrumbList\",\"@id\":\"https:\\\/\\\/ubirataonline.com.br\\\/mulher-de-62-anos-e-atropelada-por-bmw-enquanto-fechava-porta-de-carro-em-curitiba\\\/#breadcrumb\",\"itemListElement\":[{\"@type\":\"ListItem\",\"position\":1,\"name\":\"In\u00edcio\",\"item\":\"https:\\\/\\\/ubirataonline.com.br\\\/\"},{\"@type\":\"ListItem\",\"position\":2,\"name\":\"Mulher de 62 anos \u00e9 atropelada por BMW enquanto fechava porta de carro em Curitiba\"}]},{\"@type\":\"WebSite\",\"@id\":\"https:\\\/\\\/ubirataonline.com.br\\\/#website\",\"url\":\"https:\\\/\\\/ubirataonline.com.br\\\/\",\"name\":\"Ubirat\u00e3 Online Not\u00edcias\",\"description\":\"Not\u00edcias de Ubirat\u00e3, regi\u00e3o, Brasil e mundo, com informa\u00e7\u00e3o atualizada e compromisso com o leitor.\",\"publisher\":{\"@id\":\"https:\\\/\\\/ubirataonline.com.br\\\/#organization\"},\"alternateName\":\"Ubirat\u00e3 Online\",\"potentialAction\":[{\"@type\":\"SearchAction\",\"target\":{\"@type\":\"EntryPoint\",\"urlTemplate\":\"https:\\\/\\\/ubirataonline.com.br\\\/?s={search_term_string}\"},\"query-input\":{\"@type\":\"PropertyValueSpecification\",\"valueRequired\":true,\"valueName\":\"search_term_string\"}}],\"inLanguage\":\"en-US\"},{\"@type\":[\"Organization\",\"Place\"],\"@id\":\"https:\\\/\\\/ubirataonline.com.br\\\/#organization\",\"name\":\"Ubirat\u00e3 Online Not\u00edcias\",\"alternateName\":\"Ubirat\u00e3 Online\",\"url\":\"https:\\\/\\\/ubirataonline.com.br\\\/\",\"logo\":{\"@id\":\"https:\\\/\\\/ubirataonline.com.br\\\/mulher-de-62-anos-e-atropelada-por-bmw-enquanto-fechava-porta-de-carro-em-curitiba\\\/#local-main-organization-logo\"},\"image\":{\"@id\":\"https:\\\/\\\/ubirataonline.com.br\\\/mulher-de-62-anos-e-atropelada-por-bmw-enquanto-fechava-porta-de-carro-em-curitiba\\\/#local-main-organization-logo\"},\"sameAs\":[\"https:\\\/\\\/www.facebook.com\\\/portalubirataonline\",\"https:\\\/\\\/x.com\\\/ubirataonline\",\"https:\\\/\\\/mastodon.social\\\/@ubirataonline\",\"https:\\\/\\\/www.facebook.com\\\/groups\\\/311144672285604\",\"https:\\\/\\\/www.facebook.com\\\/UBTAOnline\",\"https:\\\/\\\/www.instagram.com\\\/portalubirataonline\\\/\",\"https:\\\/\\\/twitter.com\\\/ubirataonline\"],\"description\":\"Somos um portal de not\u00edcias independente, criado em 5 de janeiro de 2009, com o objetivo de informar, conectar e valorizar a nossa comunidade de Ubirat\u00e3 e toda aregi\u00e3o. Com conte\u00fado atualizado, confi\u00e1vel e relevante, o Ubirat\u00e3 Online \u00e9 o seu espa\u00e7o para ficar por dentro dos principais acontecimentos locais, regionais, Brasil, Mundo e de interesse geral. Nosso compromisso \u00e9 com a verdade, a transpar\u00eancia e o respeito ao leitor.\",\"legalName\":\"UBIRATA ONLINE NOT\u00cdCIAS\",\"foundingDate\":\"2009-01-05\",\"numberOfEmployees\":{\"@type\":\"QuantitativeValue\",\"minValue\":\"1\",\"maxValue\":\"10\"},\"publishingPrinciples\":\"https:\\\/\\\/ubirataonline.com.br\\\/faq\\\/\",\"address\":{\"@id\":\"https:\\\/\\\/ubirataonline.com.br\\\/mulher-de-62-anos-e-atropelada-por-bmw-enquanto-fechava-porta-de-carro-em-curitiba\\\/#local-main-place-address\"},\"geo\":{\"@type\":\"GeoCoordinates\",\"latitude\":\"-24.5361401\",\"longitude\":\"-52.9921776\"},\"telephone\":[\"+5544998308235\"],\"contactPoint\":{\"@type\":\"ContactPoint\",\"email\":\"contato@ubirataonline.com.br\"},\"openingHoursSpecification\":{\"@type\":\"OpeningHoursSpecification\",\"dayOfWeek\":[\"Monday\",\"Tuesday\",\"Wednesday\",\"Thursday\",\"Friday\",\"Saturday\",\"Sunday\"],\"opens\":\"00:00\",\"closes\":\"23:59\"},\"email\":\"contato@ubirataonline.com.br\",\"vatID\":\"47.621.418\\\/0001-80\"},{\"@type\":\"Person\",\"@id\":\"https:\\\/\\\/ubirataonline.com.br\\\/#\\\/schema\\\/person\\\/372f87bbd3fdd79b8556b84c98d0bc1c\",\"name\":\"REDA\u00c7\u00c3O: UBIRAT\u00c3 ONLINE - F\u00c1BIO AUGUSTO CELESTINO\",\"pronouns\":\"Ele\",\"description\":\"Desde 2003 trabalhando com not\u00edcias.\",\"sameAs\":[\"http:\\\/\\\/ubirataoline.com.br\",\"https:\\\/\\\/www.facebook.com\\\/portalubirataonline\",\"https:\\\/\\\/www.instagram.com\\\/ubirataonline_oficial\",\"https:\\\/\\\/x.com\\\/x.com\\\/ubirataonline\"],\"honorificPrefix\":\"Mr.\",\"honorificSuffix\":\"MD\",\"birthDate\":\"1980-06-16\",\"gender\":\"masculino\",\"award\":[\"V\u00e1rios pr\u00eamios de melhor portal da cidade\"],\"jobTitle\":\"Diretor\",\"url\":\"https:\\\/\\\/ubirataonline.com.br\\\/en\\\/author\\\/ubirataonline\\\/\"},{\"@type\":\"PostalAddress\",\"@id\":\"https:\\\/\\\/ubirataonline.com.br\\\/mulher-de-62-anos-e-atropelada-por-bmw-enquanto-fechava-porta-de-carro-em-curitiba\\\/#local-main-place-address\",\"streetAddress\":\"Rua dos Coqueiros, 104 - Bairro Boa Vista, Rua dos Coqueiros, 104 Bairro Boa Vista\",\"addressLocality\":\"UBIRATA\",\"postalCode\":\"85440-000\",\"addressRegion\":\"PR\",\"addressCountry\":\"BR\"},{\"@type\":\"ImageObject\",\"inLanguage\":\"en-US\",\"@id\":\"https:\\\/\\\/ubirataonline.com.br\\\/mulher-de-62-anos-e-atropelada-por-bmw-enquanto-fechava-porta-de-carro-em-curitiba\\\/#local-main-organization-logo\",\"url\":\"https:\\\/\\\/ubirataonline.com.br\\\/wp-content\\\/uploads\\\/2026\\\/06\\\/logoubirataonline-1.webp\",\"contentUrl\":\"https:\\\/\\\/ubirataonline.com.br\\\/wp-content\\\/uploads\\\/2026\\\/06\\\/logoubirataonline-1.webp\",\"width\":500,\"height\":500,\"caption\":\"Ubirat\u00e3 Online Not\u00edcias\"}]}<\/script>\n<meta name=\"geo.placename\" content=\"UBIRATA\" \/>\n<meta name=\"geo.position\" content=\"-24.5361401;-52.9921776\" \/>\n<meta name=\"geo.region\" content=\"Brazil\" \/>\n<!-- \/ Yoast SEO Premium plugin. -->","yoast_head_json":{"title":"Mulher de 62 anos \u00e9 atropelada por BMW enquanto fechava porta de carro em Curitiba - Ubirat\u00e3 Online Not\u00edcias - A realidade ao seu alcance!","description":"V\u00edtima de 62 anos ficou gravemente ferida ap\u00f3s ser atingida por uma BMW no bairro Merc\u00eas; carro tamb\u00e9m colidiu com outros dois ve\u00edculos, diz G1. Uma","robots":{"index":"index","follow":"follow","max-snippet":"max-snippet:-1","max-image-preview":"max-image-preview:large","max-video-preview":"max-video-preview:-1"},"canonical":"https:\/\/ubirataonline.com.br\/en\/mulher-de-62-anos-e-atropelada-por-bmw-enquanto-fechava-porta-de-carro-em-curitiba\/","og_locale":"en_US","og_type":"article","og_title":"Mulher de 62 anos \u00e9 atropelada por BMW enquanto fechava porta de carro em Curitiba","og_description":"V\u00edtima de 62 anos ficou gravemente ferida ap\u00f3s ser atingida por uma BMW no bairro Merc\u00eas; carro tamb\u00e9m colidiu com outros dois ve\u00edculos, diz G1. Uma","og_url":"https:\/\/ubirataonline.com.br\/en\/mulher-de-62-anos-e-atropelada-por-bmw-enquanto-fechava-porta-de-carro-em-curitiba\/","og_site_name":"Ubirat\u00e3 Online Not\u00edcias - A realidade ao seu alcance!","article_publisher":"https:\/\/www.facebook.com\/portalubirataonline","article_author":"https:\/\/www.facebook.com\/portalubirataonline","article_published_time":"2026-09-02T16:32:57+00:00","og_image":[{"width":1531,"height":418,"url":"https:\/\/ubirataonline.com.br\/wp-content\/uploads\/2026\/05\/logo2026.webp","type":"image\/webp"}],"author":"REDA\u00c7\u00c3O: UBIRAT\u00c3 ONLINE - F\u00c1BIO AUGUSTO CELESTINO","twitter_card":"summary_large_image","twitter_creator":"@x.com\/ubirataonline","twitter_site":"@ubirataonline","twitter_misc":{"Written by":"REDA\u00c7\u00c3O: UBIRAT\u00c3 ONLINE - F\u00c1BIO AUGUSTO CELESTINO","Est. reading time":"1 minute"},"schema":{"@context":"https:\/\/schema.org","@graph":[{"@type":"NewsArticle","@id":"https:\/\/ubirataonline.com.br\/mulher-de-62-anos-e-atropelada-por-bmw-enquanto-fechava-porta-de-carro-em-curitiba\/#article","isPartOf":{"@id":"https:\/\/ubirataonline.com.br\/mulher-de-62-anos-e-atropelada-por-bmw-enquanto-fechava-porta-de-carro-em-curitiba\/"},"author":{"name":"REDA\u00c7\u00c3O: UBIRAT\u00c3 ONLINE - F\u00c1BIO AUGUSTO CELESTINO","@id":"https:\/\/ubirataonline.com.br\/#\/schema\/person\/372f87bbd3fdd79b8556b84c98d0bc1c"},"headline":"Mulher de 62 anos \u00e9 atropelada por BMW enquanto fechava porta de carro em Curitiba","datePublished":"2026-09-02T16:32:57+00:00","mainEntityOfPage":{"@id":"https:\/\/ubirataonline.com.br\/mulher-de-62-anos-e-atropelada-por-bmw-enquanto-fechava-porta-de-carro-em-curitiba\/"},"wordCount":297,"publisher":{"@id":"https:\/\/ubirataonline.com.br\/#organization"},"image":{"@id":"https:\/\/ubirataonline.com.br\/mulher-de-62-anos-e-atropelada-por-bmw-enquanto-fechava-porta-de-carro-em-curitiba\/#primaryimage"},"thumbnailUrl":"https:\/\/ubirataonline.com.br\/wp-content\/uploads\/2026\/09\/maaimg-post-169959-20260902-163319.webp","articleSection":["Brasil"],"inLanguage":"en-US","copyrightYear":"2026","copyrightHolder":{"@id":"https:\/\/ubirataonline.com.br\/en\/#organization"}},{"@type":"WebPage","@id":"https:\/\/ubirataonline.com.br\/mulher-de-62-anos-e-atropelada-por-bmw-enquanto-fechava-porta-de-carro-em-curitiba\/","url":"https:\/\/ubirataonline.com.br\/mulher-de-62-anos-e-atropelada-por-bmw-enquanto-fechava-porta-de-carro-em-curitiba\/","name":"Mulher de 62 anos \u00e9 atropelada por BMW enquanto fechava porta de carro em Curitiba - Ubirat\u00e3 Online Not\u00edcias - A realidade ao seu alcance!","isPartOf":{"@id":"https:\/\/ubirataonline.com.br\/#website"},"primaryImageOfPage":{"@id":"https:\/\/ubirataonline.com.br\/mulher-de-62-anos-e-atropelada-por-bmw-enquanto-fechava-porta-de-carro-em-curitiba\/#primaryimage"},"image":{"@id":"https:\/\/ubirataonline.com.br\/mulher-de-62-anos-e-atropelada-por-bmw-enquanto-fechava-porta-de-carro-em-curitiba\/#primaryimage"},"thumbnailUrl":"https:\/\/ubirataonline.com.br\/wp-content\/uploads\/2026\/09\/maaimg-post-169959-20260902-163319.webp","datePublished":"2026-09-02T16:32:57+00:00","description":"V\u00edtima de 62 anos ficou gravemente ferida ap\u00f3s ser atingida por uma BMW no bairro Merc\u00eas; carro tamb\u00e9m colidiu com outros dois ve\u00edculos, diz G1. Uma","breadcrumb":{"@id":"https:\/\/ubirataonline.com.br\/mulher-de-62-anos-e-atropelada-por-bmw-enquanto-fechava-porta-de-carro-em-curitiba\/#breadcrumb"},"inLanguage":"en-US","potentialAction":[{"@type":"ReadAction","target":["https:\/\/ubirataonline.com.br\/mulher-de-62-anos-e-atropelada-por-bmw-enquanto-fechava-porta-de-carro-em-curitiba\/"]}]},{"@type":"ImageObject","inLanguage":"en-US","@id":"https:\/\/ubirataonline.com.br\/mulher-de-62-anos-e-atropelada-por-bmw-enquanto-fechava-porta-de-carro-em-curitiba\/#primaryimage","url":"https:\/\/ubirataonline.com.br\/wp-content\/uploads\/2026\/09\/maaimg-post-169959-20260902-163319.webp","contentUrl":"https:\/\/ubirataonline.com.br\/wp-content\/uploads\/2026\/09\/maaimg-post-169959-20260902-163319.webp","width":1536,"height":1024,"caption":"Imagem ilustrativa Gerada por IA"},{"@type":"BreadcrumbList","@id":"https:\/\/ubirataonline.com.br\/mulher-de-62-anos-e-atropelada-por-bmw-enquanto-fechava-porta-de-carro-em-curitiba\/#breadcrumb","itemListElement":[{"@type":"ListItem","position":1,"name":"In\u00edcio","item":"https:\/\/ubirataonline.com.br\/"},{"@type":"ListItem","position":2,"name":"Mulher de 62 anos \u00e9 atropelada por BMW enquanto fechava porta de carro em Curitiba"}]},{"@type":"WebSite","@id":"https:\/\/ubirataonline.com.br\/#website","url":"https:\/\/ubirataonline.com.br\/","name":"Ubirat\u00e3 Online Not\u00edcias","description":"Not\u00edcias de Ubirat\u00e3, regi\u00e3o, Brasil e mundo, com informa\u00e7\u00e3o atualizada e compromisso com o leitor.","publisher":{"@id":"https:\/\/ubirataonline.com.br\/#organization"},"alternateName":"Ubirat\u00e3 Online","potentialAction":[{"@type":"SearchAction","target":{"@type":"EntryPoint","urlTemplate":"https:\/\/ubirataonline.com.br\/?s={search_term_string}"},"query-input":{"@type":"PropertyValueSpecification","valueRequired":true,"valueName":"search_term_string"}}],"inLanguage":"en-US"},{"@type":["Organization","Place"],"@id":"https:\/\/ubirataonline.com.br\/#organization","name":"Ubirat\u00e3 Online Not\u00edcias","alternateName":"Ubirat\u00e3 Online","url":"https:\/\/ubirataonline.com.br\/","logo":{"@id":"https:\/\/ubirataonline.com.br\/mulher-de-62-anos-e-atropelada-por-bmw-enquanto-fechava-porta-de-carro-em-curitiba\/#local-main-organization-logo"},"image":{"@id":"https:\/\/ubirataonline.com.br\/mulher-de-62-anos-e-atropelada-por-bmw-enquanto-fechava-porta-de-carro-em-curitiba\/#local-main-organization-logo"},"sameAs":["https:\/\/www.facebook.com\/portalubirataonline","https:\/\/x.com\/ubirataonline","https:\/\/mastodon.social\/@ubirataonline","https:\/\/www.facebook.com\/groups\/311144672285604","https:\/\/www.facebook.com\/UBTAOnline","https:\/\/www.instagram.com\/portalubirataonline\/","https:\/\/twitter.com\/ubirataonline"],"description":"Somos um portal de not\u00edcias independente, criado em 5 de janeiro de 2009, com o objetivo de informar, conectar e valorizar a nossa comunidade de Ubirat\u00e3 e toda aregi\u00e3o. Com conte\u00fado atualizado, confi\u00e1vel e relevante, o Ubirat\u00e3 Online \u00e9 o seu espa\u00e7o para ficar por dentro dos principais acontecimentos locais, regionais, Brasil, Mundo e de interesse geral. Nosso compromisso \u00e9 com a verdade, a transpar\u00eancia e o respeito ao leitor.","legalName":"UBIRATA ONLINE NOT\u00cdCIAS","foundingDate":"2009-01-05","numberOfEmployees":{"@type":"QuantitativeValue","minValue":"1","maxValue":"10"},"publishingPrinciples":"https:\/\/ubirataonline.com.br\/faq\/","address":{"@id":"https:\/\/ubirataonline.com.br\/mulher-de-62-anos-e-atropelada-por-bmw-enquanto-fechava-porta-de-carro-em-curitiba\/#local-main-place-address"},"geo":{"@type":"GeoCoordinates","latitude":"-24.5361401","longitude":"-52.9921776"},"telephone":["+5544998308235"],"contactPoint":{"@type":"ContactPoint","email":"contato@ubirataonline.com.br"},"openingHoursSpecification":{"@type":"OpeningHoursSpecification","dayOfWeek":["Monday","Tuesday","Wednesday","Thursday","Friday","Saturday","Sunday"],"opens":"00:00","closes":"23:59"},"email":"contato@ubirataonline.com.br","vatID":"47.621.418\/0001-80"},{"@type":"Person","@id":"https:\/\/ubirataonline.com.br\/#\/schema\/person\/372f87bbd3fdd79b8556b84c98d0bc1c","name":"REDA\u00c7\u00c3O: UBIRAT\u00c3 ONLINE - F\u00c1BIO AUGUSTO CELESTINO","pronouns":"Ele","description":"Desde 2003 trabalhando com not\u00edcias.","sameAs":["http:\/\/ubirataoline.com.br","https:\/\/www.facebook.com\/portalubirataonline","https:\/\/www.instagram.com\/ubirataonline_oficial","https:\/\/x.com\/x.com\/ubirataonline"],"honorificPrefix":"Mr.","honorificSuffix":"MD","birthDate":"1980-06-16","gender":"masculino","award":["V\u00e1rios pr\u00eamios de melhor portal da cidade"],"jobTitle":"Diretor","url":"https:\/\/ubirataonline.com.br\/en\/author\/ubirataonline\/"},{"@type":"PostalAddress","@id":"https:\/\/ubirataonline.com.br\/mulher-de-62-anos-e-atropelada-por-bmw-enquanto-fechava-porta-de-carro-em-curitiba\/#local-main-place-address","streetAddress":"Rua dos Coqueiros, 104 - Bairro Boa Vista, Rua dos Coqueiros, 104 Bairro Boa Vista","addressLocality":"UBIRATA","postalCode":"85440-000","addressRegion":"PR","addressCountry":"BR"},{"@type":"ImageObject","inLanguage":"en-US","@id":"https:\/\/ubirataonline.com.br\/mulher-de-62-anos-e-atropelada-por-bmw-enquanto-fechava-porta-de-carro-em-curitiba\/#local-main-organization-logo","url":"https:\/\/ubirataonline.com.br\/wp-content\/uploads\/2026\/06\/logoubirataonline-1.webp","contentUrl":"https:\/\/ubirataonline.com.br\/wp-content\/uploads\/2026\/06\/logoubirataonline-1.webp","width":500,"height":500,"caption":"Ubirat\u00e3 Online Not\u00edcias"}]},"geo.placename":"UBIRATA","geo.position":{"lat":"-24.5361401","long":"-52.9921776"},"geo.region":"Brazil"},"_links":{"self":[{"href":"https:\/\/ubirataonline.com.br\/en\/wp-json\/wp\/v2\/posts\/169959","targetHints":{"allow":["GET"]}}],"collection":[{"href":"https:\/\/ubirataonline.com.br\/en\/wp-json\/wp\/v2\/posts"}],"about":[{"href":"https:\/\/ubirataonline.com.br\/en\/wp-json\/wp\/v2\/types\/post"}],"author":[{"embeddable":true,"href":"https:\/\/ubirataonline.com.br\/en\/wp-json\/wp\/v2\/users\/1"}],"replies":[{"embeddable":true,"href":"https:\/\/ubirataonline.com.br\/en\/wp-json\/wp\/v2\/comments?post=169959"}],"version-history":[{"count":0,"href":"https:\/\/ubirataonline.com.br\/en\/wp-json\/wp\/v2\/posts\/169959\/revisions"}],"wp:featuredmedia":[{"embeddable":true,"href":"https:\/\/ubirataonline.com.br\/en\/wp-json\/wp\/v2\/media\/169961"}],"wp:attachment":[{"href":"https:\/\/ubirataonline.com.br\/en\/wp-json\/wp\/v2\/media?parent=169959"}],"wp:term":[{"taxonomy":"category","embeddable":true,"href":"https:\/\/ubirataonline.com.br\/en\/wp-json\/wp\/v2\/categories?post=169959"},{"taxonomy":"post_tag","embeddable":true,"href":"https:\/\/ubirataonline.com.br\/en\/wp-json\/wp\/v2\/tags?post=169959"}],"curies":[{"name":"wp","href":"https:\/\/api.w.org\/{rel}","templated":true}]}}