{"id":169968,"date":"2026-09-02T13:45:40","date_gmt":"2026-09-02T16:45:40","guid":{"rendered":"https:\/\/ubirataonline.com.br\/festival-favela-gourmet-reune-40-estabelecimentos-em-comunidades-do-rio-na-segunda-edicao\/"},"modified":"2026-09-02T13:45:40","modified_gmt":"2026-09-02T16:45:40","slug":"festival-favela-gourmet-reune-40-estabelecimentos-em-comunidades-do-rio-na-segunda-edicao","status":"publish","type":"post","link":"https:\/\/ubirataonline.com.br\/en\/festival-favela-gourmet-reune-40-estabelecimentos-em-comunidades-do-rio-na-segunda-edicao\/","title":{"rendered":"Festival Favela Gourmet re\u00fane 40 estabelecimentos em comunidades do Rio na segunda edi\u00e7\u00e3o"},"content":{"rendered":"<h2>Festival Favela Gourmet re\u00fane 40 estabelecimentos em comunidades do Rio na segunda edi\u00e7\u00e3o<\/h2>\n<p>A segunda edi\u00e7\u00e3o do Festival Favela Gourmet tem in\u00edcio nesta sexta-feira (4) nas comunidades da Rocinha e Vidigal, na zona sul do Rio de Janeiro. O evento contar\u00e1 com a participa\u00e7\u00e3o de cerca de 40 bares, restaurantes e lanchonetes locais, reunindo moradores, turistas e profissionais do setor para celebrar a gastronomia, o empreendedorismo e o turismo na regi\u00e3o.<\/p>\n<p>Segundo informa\u00e7\u00f5es divulgadas pelo projeto Na Favela Turismo, liderado pelo empreendedor Renan Monteiro, a expectativa \u00e9 receber aproximadamente 5 mil visitantes at\u00e9 o encerramento do festival, previsto para o dia 11 de setembro.<\/p>\n<h3>Amplia\u00e7\u00e3o e novas categorias de premia\u00e7\u00e3o<\/h3>\n<p>Diferentemente da primeira edi\u00e7\u00e3o em 2025, quando participaram 14 estabelecimentos, este ano o n\u00famero de participantes quase triplicou, ampliando a representatividade gastron\u00f4mica das comunidades. Al\u00e9m disso, a premia\u00e7\u00e3o foi ampliada para contemplar sete vencedores em distintas categorias.<\/p>\n<p>Entre os pr\u00eamios, est\u00e3o valores que variam de R$ 500 a R$ 2 mil para categorias como Melhor Comida, Melhor Bebida, Melhor Revela\u00e7\u00e3o e reconhecimento a guias tur\u00edsticos que mais visitarem restaurantes ou atra\u00edrem turistas para o evento. A premia\u00e7\u00e3o, segundo Renan Monteiro, visa fortalecer o turismo local e o desenvolvimento dos neg\u00f3cios associados.<\/p>\n<h3>Impacto econ\u00f4mico e social nas comunidades<\/h3>\n<p>Na edi\u00e7\u00e3o anterior, o movimento nos estabelecimentos participantes cresceu cerca de 35%, com 3,2 mil votos registrados na vota\u00e7\u00e3o feita por QR Code. O engajamento tamb\u00e9m aumentou nas redes sociais, ampliando a visibilidade e destacando o potencial econ\u00f4mico e cultural da Rocinha e do Vidigal.<\/p>\n<p>O evento vai al\u00e9m da gastronomia, promovendo um ambiente prop\u00edcio para o fortalecimento dos pequenos neg\u00f3cios, que recebem suporte do Sebrae Rio para ampliar sua capacidade produtiva. Renan Monteiro destaca a inten\u00e7\u00e3o de transformar o festival em um impulsionador da rota tur\u00edstica das comunidades por meio da gastronomia.<\/p>\n<h3>Hist\u00f3rias locais que revelam inova\u00e7\u00e3o e resist\u00eancia<\/h3>\n<p>Exemplo do impacto do festival \u00e9 Ver\u00f4nica Batista de Oliveira, moradora do Vidigal e propriet\u00e1ria da cafeteria Flor de Baunilha, que participou da primeira edi\u00e7\u00e3o com suas receitas de caf\u00e9 da manh\u00e3. Ap\u00f3s anos atuando na produ\u00e7\u00e3o de doces, Ver\u00f4nica criou um ambiente acolhedor na cafeteria para oferecer uma experi\u00eancia diferenciada aos clientes, fortalecendo o v\u00ednculo com a comunidade.<\/p>\n<p>Este ano, ela apresenta croissants nas vers\u00f5es salgadas e doces, ressaltando a diversidade culin\u00e1ria que o festival favorece e o protagonismo feminino no empreendedorismo local.<\/p>\n<h3>Participa\u00e7\u00e3o e programa\u00e7\u00e3o<\/h3>\n<p>A premia\u00e7\u00e3o final ser\u00e1 realizada no dia 11 de setembro, encerrando a semana de celebra\u00e7\u00e3o \u00e0 gastronomia e ao empreendedorismo local.<\/p>","protected":false},"excerpt":{"rendered":"<p>Festival Favela Gourmet re\u00fane 40 estabelecimentos em comunidades do Rio na segunda edi\u00e7\u00e3o A segunda edi\u00e7\u00e3o do Festival Favela Gourmet tem in\u00edcio nesta sexta-feira (4) nas comunidades da Rocinha e Vidigal, na zona sul do Rio de Janeiro. O evento contar\u00e1 com a participa\u00e7\u00e3o de cerca de 40 bares, restaurantes e lanchonetes locais, reunindo moradores, [&hellip;]<\/p>\n","protected":false},"author":1,"featured_media":169969,"comment_status":"","ping_status":"","sticky":false,"template":"","format":"standard","meta":{"googlesitekit_rrm_CAow2JLhCw:productID":"","_gspb_post_css":"","maa_idioma":"","maa_pais":"","footnotes":""},"categories":[4],"tags":[],"class_list":["post-169968","post","type-post","status-publish","format-standard","has-post-thumbnail","hentry","category-brasil"],"blocksy_meta":[],"yoast_head":"<!-- This site is optimized with the Yoast SEO Premium plugin v27.6 (Yoast SEO v27.6) - https:\/\/yoast.com\/product\/yoast-seo-premium-wordpress\/ -->\n<title>Festival Favela Gourmet re\u00fane 40 estabelecimentos em comunidades do Rio na segunda edi\u00e7\u00e3o - Ubirat\u00e3 Online Not\u00edcias - A realidade ao seu alcance!<\/title>\n<meta name=\"description\" content=\"Festival Favela Gourmet re\u00fane 40 estabelecimentos em comunidades do Rio na segunda edi\u00e7\u00e3oA segunda edi\u00e7\u00e3o do Festival Favela Gourmet tem in\u00edcio nesta\" \/>\n<meta name=\"robots\" content=\"index, follow, max-snippet:-1, max-image-preview:large, max-video-preview:-1\" \/>\n<link rel=\"canonical\" href=\"https:\/\/ubirataonline.com.br\/en\/festival-favela-gourmet-reune-40-estabelecimentos-em-comunidades-do-rio-na-segunda-edicao\/\" \/>\n<meta property=\"og:locale\" content=\"en_US\" \/>\n<meta property=\"og:type\" content=\"article\" \/>\n<meta property=\"og:title\" content=\"Festival Favela Gourmet re\u00fane 40 estabelecimentos em comunidades do Rio na segunda edi\u00e7\u00e3o\" \/>\n<meta property=\"og:description\" content=\"Festival Favela Gourmet re\u00fane 40 estabelecimentos em comunidades do Rio na segunda edi\u00e7\u00e3oA segunda edi\u00e7\u00e3o do Festival Favela Gourmet tem in\u00edcio nesta\" \/>\n<meta property=\"og:url\" content=\"https:\/\/ubirataonline.com.br\/en\/festival-favela-gourmet-reune-40-estabelecimentos-em-comunidades-do-rio-na-segunda-edicao\/\" \/>\n<meta property=\"og:site_name\" content=\"Ubirat\u00e3 Online Not\u00edcias - A realidade ao seu alcance!\" \/>\n<meta property=\"article:publisher\" content=\"https:\/\/www.facebook.com\/portalubirataonline\" \/>\n<meta property=\"article:author\" content=\"https:\/\/www.facebook.com\/portalubirataonline\" \/>\n<meta property=\"article:published_time\" content=\"2026-09-02T16:45:40+00:00\" \/>\n<meta property=\"og:image\" content=\"https:\/\/ubirataonline.com.br\/wp-content\/uploads\/2026\/05\/logo2026.webp\" \/>\n\t<meta property=\"og:image:width\" content=\"1531\" \/>\n\t<meta property=\"og:image:height\" content=\"418\" \/>\n\t<meta property=\"og:image:type\" content=\"image\/webp\" \/>\n<meta name=\"author\" content=\"REDA\u00c7\u00c3O: UBIRAT\u00c3 ONLINE - F\u00c1BIO AUGUSTO CELESTINO\" \/>\n<meta name=\"twitter:card\" content=\"summary_large_image\" \/>\n<meta name=\"twitter:creator\" content=\"@x.com\/ubirataonline\" \/>\n<meta name=\"twitter:site\" content=\"@ubirataonline\" \/>\n<meta name=\"twitter:label1\" content=\"Written by\" \/>\n\t<meta name=\"twitter:data1\" content=\"REDA\u00c7\u00c3O: UBIRAT\u00c3 ONLINE - F\u00c1BIO AUGUSTO CELESTINO\" \/>\n\t<meta name=\"twitter:label2\" content=\"Est. reading time\" \/>\n\t<meta name=\"twitter:data2\" content=\"2 minutes\" \/>\n<script type=\"application\/ld+json\" class=\"yoast-schema-graph\">{\"@context\":\"https:\\\/\\\/schema.org\",\"@graph\":[{\"@type\":\"NewsArticle\",\"@id\":\"https:\\\/\\\/ubirataonline.com.br\\\/festival-favela-gourmet-reune-40-estabelecimentos-em-comunidades-do-rio-na-segunda-edicao\\\/#article\",\"isPartOf\":{\"@id\":\"https:\\\/\\\/ubirataonline.com.br\\\/festival-favela-gourmet-reune-40-estabelecimentos-em-comunidades-do-rio-na-segunda-edicao\\\/\"},\"author\":{\"name\":\"REDA\u00c7\u00c3O: UBIRAT\u00c3 ONLINE - F\u00c1BIO AUGUSTO CELESTINO\",\"@id\":\"https:\\\/\\\/ubirataonline.com.br\\\/#\\\/schema\\\/person\\\/372f87bbd3fdd79b8556b84c98d0bc1c\"},\"headline\":\"Festival Favela Gourmet re\u00fane 40 estabelecimentos em comunidades do Rio na segunda edi\u00e7\u00e3o\",\"datePublished\":\"2026-09-02T16:45:40+00:00\",\"mainEntityOfPage\":{\"@id\":\"https:\\\/\\\/ubirataonline.com.br\\\/festival-favela-gourmet-reune-40-estabelecimentos-em-comunidades-do-rio-na-segunda-edicao\\\/\"},\"wordCount\":462,\"publisher\":{\"@id\":\"https:\\\/\\\/ubirataonline.com.br\\\/#organization\"},\"image\":{\"@id\":\"https:\\\/\\\/ubirataonline.com.br\\\/festival-favela-gourmet-reune-40-estabelecimentos-em-comunidades-do-rio-na-segunda-edicao\\\/#primaryimage\"},\"thumbnailUrl\":\"https:\\\/\\\/ubirataonline.com.br\\\/wp-content\\\/uploads\\\/2026\\\/09\\\/maaimg-post-169968-20260902-164558.webp\",\"articleSection\":[\"Brasil\"],\"inLanguage\":\"en-US\",\"copyrightYear\":\"2026\",\"copyrightHolder\":{\"@id\":\"https:\\\/\\\/ubirataonline.com.br\\\/en\\\/#organization\"}},{\"@type\":\"WebPage\",\"@id\":\"https:\\\/\\\/ubirataonline.com.br\\\/festival-favela-gourmet-reune-40-estabelecimentos-em-comunidades-do-rio-na-segunda-edicao\\\/\",\"url\":\"https:\\\/\\\/ubirataonline.com.br\\\/festival-favela-gourmet-reune-40-estabelecimentos-em-comunidades-do-rio-na-segunda-edicao\\\/\",\"name\":\"Festival Favela Gourmet re\u00fane 40 estabelecimentos em comunidades do Rio na segunda edi\u00e7\u00e3o - Ubirat\u00e3 Online Not\u00edcias - A realidade ao seu alcance!\",\"isPartOf\":{\"@id\":\"https:\\\/\\\/ubirataonline.com.br\\\/#website\"},\"primaryImageOfPage\":{\"@id\":\"https:\\\/\\\/ubirataonline.com.br\\\/festival-favela-gourmet-reune-40-estabelecimentos-em-comunidades-do-rio-na-segunda-edicao\\\/#primaryimage\"},\"image\":{\"@id\":\"https:\\\/\\\/ubirataonline.com.br\\\/festival-favela-gourmet-reune-40-estabelecimentos-em-comunidades-do-rio-na-segunda-edicao\\\/#primaryimage\"},\"thumbnailUrl\":\"https:\\\/\\\/ubirataonline.com.br\\\/wp-content\\\/uploads\\\/2026\\\/09\\\/maaimg-post-169968-20260902-164558.webp\",\"datePublished\":\"2026-09-02T16:45:40+00:00\",\"description\":\"Festival Favela Gourmet re\u00fane 40 estabelecimentos em comunidades do Rio na segunda edi\u00e7\u00e3oA segunda edi\u00e7\u00e3o do Festival Favela Gourmet tem in\u00edcio nesta\",\"breadcrumb\":{\"@id\":\"https:\\\/\\\/ubirataonline.com.br\\\/festival-favela-gourmet-reune-40-estabelecimentos-em-comunidades-do-rio-na-segunda-edicao\\\/#breadcrumb\"},\"inLanguage\":\"en-US\",\"potentialAction\":[{\"@type\":\"ReadAction\",\"target\":[\"https:\\\/\\\/ubirataonline.com.br\\\/festival-favela-gourmet-reune-40-estabelecimentos-em-comunidades-do-rio-na-segunda-edicao\\\/\"]}]},{\"@type\":\"ImageObject\",\"inLanguage\":\"en-US\",\"@id\":\"https:\\\/\\\/ubirataonline.com.br\\\/festival-favela-gourmet-reune-40-estabelecimentos-em-comunidades-do-rio-na-segunda-edicao\\\/#primaryimage\",\"url\":\"https:\\\/\\\/ubirataonline.com.br\\\/wp-content\\\/uploads\\\/2026\\\/09\\\/maaimg-post-169968-20260902-164558.webp\",\"contentUrl\":\"https:\\\/\\\/ubirataonline.com.br\\\/wp-content\\\/uploads\\\/2026\\\/09\\\/maaimg-post-169968-20260902-164558.webp\",\"width\":1536,\"height\":1024,\"caption\":\"Imagem ilustrativa Gerada por IA\"},{\"@type\":\"BreadcrumbList\",\"@id\":\"https:\\\/\\\/ubirataonline.com.br\\\/festival-favela-gourmet-reune-40-estabelecimentos-em-comunidades-do-rio-na-segunda-edicao\\\/#breadcrumb\",\"itemListElement\":[{\"@type\":\"ListItem\",\"position\":1,\"name\":\"In\u00edcio\",\"item\":\"https:\\\/\\\/ubirataonline.com.br\\\/\"},{\"@type\":\"ListItem\",\"position\":2,\"name\":\"Festival Favela Gourmet re\u00fane 40 estabelecimentos em comunidades do Rio na segunda edi\u00e7\u00e3o\"}]},{\"@type\":\"WebSite\",\"@id\":\"https:\\\/\\\/ubirataonline.com.br\\\/#website\",\"url\":\"https:\\\/\\\/ubirataonline.com.br\\\/\",\"name\":\"Ubirat\u00e3 Online Not\u00edcias\",\"description\":\"Not\u00edcias de Ubirat\u00e3, regi\u00e3o, Brasil e mundo, com informa\u00e7\u00e3o atualizada e compromisso com o leitor.\",\"publisher\":{\"@id\":\"https:\\\/\\\/ubirataonline.com.br\\\/#organization\"},\"alternateName\":\"Ubirat\u00e3 Online\",\"potentialAction\":[{\"@type\":\"SearchAction\",\"target\":{\"@type\":\"EntryPoint\",\"urlTemplate\":\"https:\\\/\\\/ubirataonline.com.br\\\/?s={search_term_string}\"},\"query-input\":{\"@type\":\"PropertyValueSpecification\",\"valueRequired\":true,\"valueName\":\"search_term_string\"}}],\"inLanguage\":\"en-US\"},{\"@type\":[\"Organization\",\"Place\"],\"@id\":\"https:\\\/\\\/ubirataonline.com.br\\\/#organization\",\"name\":\"Ubirat\u00e3 Online Not\u00edcias\",\"alternateName\":\"Ubirat\u00e3 Online\",\"url\":\"https:\\\/\\\/ubirataonline.com.br\\\/\",\"logo\":{\"@id\":\"https:\\\/\\\/ubirataonline.com.br\\\/festival-favela-gourmet-reune-40-estabelecimentos-em-comunidades-do-rio-na-segunda-edicao\\\/#local-main-organization-logo\"},\"image\":{\"@id\":\"https:\\\/\\\/ubirataonline.com.br\\\/festival-favela-gourmet-reune-40-estabelecimentos-em-comunidades-do-rio-na-segunda-edicao\\\/#local-main-organization-logo\"},\"sameAs\":[\"https:\\\/\\\/www.facebook.com\\\/portalubirataonline\",\"https:\\\/\\\/x.com\\\/ubirataonline\",\"https:\\\/\\\/mastodon.social\\\/@ubirataonline\",\"https:\\\/\\\/www.facebook.com\\\/groups\\\/311144672285604\",\"https:\\\/\\\/www.facebook.com\\\/UBTAOnline\",\"https:\\\/\\\/www.instagram.com\\\/portalubirataonline\\\/\",\"https:\\\/\\\/twitter.com\\\/ubirataonline\"],\"description\":\"Somos um portal de not\u00edcias independente, criado em 5 de janeiro de 2009, com o objetivo de informar, conectar e valorizar a nossa comunidade de Ubirat\u00e3 e toda aregi\u00e3o. Com conte\u00fado atualizado, confi\u00e1vel e relevante, o Ubirat\u00e3 Online \u00e9 o seu espa\u00e7o para ficar por dentro dos principais acontecimentos locais, regionais, Brasil, Mundo e de interesse geral. Nosso compromisso \u00e9 com a verdade, a transpar\u00eancia e o respeito ao leitor.\",\"legalName\":\"UBIRATA ONLINE NOT\u00cdCIAS\",\"foundingDate\":\"2009-01-05\",\"numberOfEmployees\":{\"@type\":\"QuantitativeValue\",\"minValue\":\"1\",\"maxValue\":\"10\"},\"publishingPrinciples\":\"https:\\\/\\\/ubirataonline.com.br\\\/faq\\\/\",\"address\":{\"@id\":\"https:\\\/\\\/ubirataonline.com.br\\\/festival-favela-gourmet-reune-40-estabelecimentos-em-comunidades-do-rio-na-segunda-edicao\\\/#local-main-place-address\"},\"geo\":{\"@type\":\"GeoCoordinates\",\"latitude\":\"-24.5361401\",\"longitude\":\"-52.9921776\"},\"telephone\":[\"+5544998308235\"],\"contactPoint\":{\"@type\":\"ContactPoint\",\"email\":\"contato@ubirataonline.com.br\"},\"openingHoursSpecification\":{\"@type\":\"OpeningHoursSpecification\",\"dayOfWeek\":[\"Monday\",\"Tuesday\",\"Wednesday\",\"Thursday\",\"Friday\",\"Saturday\",\"Sunday\"],\"opens\":\"00:00\",\"closes\":\"23:59\"},\"email\":\"contato@ubirataonline.com.br\",\"vatID\":\"47.621.418\\\/0001-80\"},{\"@type\":\"Person\",\"@id\":\"https:\\\/\\\/ubirataonline.com.br\\\/#\\\/schema\\\/person\\\/372f87bbd3fdd79b8556b84c98d0bc1c\",\"name\":\"REDA\u00c7\u00c3O: UBIRAT\u00c3 ONLINE - F\u00c1BIO AUGUSTO CELESTINO\",\"pronouns\":\"Ele\",\"description\":\"Desde 2003 trabalhando com not\u00edcias.\",\"sameAs\":[\"http:\\\/\\\/ubirataoline.com.br\",\"https:\\\/\\\/www.facebook.com\\\/portalubirataonline\",\"https:\\\/\\\/www.instagram.com\\\/ubirataonline_oficial\",\"https:\\\/\\\/x.com\\\/x.com\\\/ubirataonline\"],\"honorificPrefix\":\"Mr.\",\"honorificSuffix\":\"MD\",\"birthDate\":\"1980-06-16\",\"gender\":\"masculino\",\"award\":[\"V\u00e1rios pr\u00eamios de melhor portal da cidade\"],\"jobTitle\":\"Diretor\",\"url\":\"https:\\\/\\\/ubirataonline.com.br\\\/en\\\/author\\\/ubirataonline\\\/\"},{\"@type\":\"PostalAddress\",\"@id\":\"https:\\\/\\\/ubirataonline.com.br\\\/festival-favela-gourmet-reune-40-estabelecimentos-em-comunidades-do-rio-na-segunda-edicao\\\/#local-main-place-address\",\"streetAddress\":\"Rua dos Coqueiros, 104 - Bairro Boa Vista, Rua dos Coqueiros, 104 Bairro Boa Vista\",\"addressLocality\":\"UBIRATA\",\"postalCode\":\"85440-000\",\"addressRegion\":\"PR\",\"addressCountry\":\"BR\"},{\"@type\":\"ImageObject\",\"inLanguage\":\"en-US\",\"@id\":\"https:\\\/\\\/ubirataonline.com.br\\\/festival-favela-gourmet-reune-40-estabelecimentos-em-comunidades-do-rio-na-segunda-edicao\\\/#local-main-organization-logo\",\"url\":\"https:\\\/\\\/ubirataonline.com.br\\\/wp-content\\\/uploads\\\/2026\\\/06\\\/logoubirataonline-1.webp\",\"contentUrl\":\"https:\\\/\\\/ubirataonline.com.br\\\/wp-content\\\/uploads\\\/2026\\\/06\\\/logoubirataonline-1.webp\",\"width\":500,\"height\":500,\"caption\":\"Ubirat\u00e3 Online Not\u00edcias\"}]}<\/script>\n<meta name=\"geo.placename\" content=\"UBIRATA\" \/>\n<meta name=\"geo.position\" content=\"-24.5361401;-52.9921776\" \/>\n<meta name=\"geo.region\" content=\"Brazil\" \/>\n<!-- \/ Yoast SEO Premium plugin. -->","yoast_head_json":{"title":"Festival Favela Gourmet re\u00fane 40 estabelecimentos em comunidades do Rio na segunda edi\u00e7\u00e3o - Ubirat\u00e3 Online Not\u00edcias - A realidade ao seu alcance!","description":"Festival Favela Gourmet re\u00fane 40 estabelecimentos em comunidades do Rio na segunda edi\u00e7\u00e3oA segunda edi\u00e7\u00e3o do Festival Favela Gourmet tem in\u00edcio nesta","robots":{"index":"index","follow":"follow","max-snippet":"max-snippet:-1","max-image-preview":"max-image-preview:large","max-video-preview":"max-video-preview:-1"},"canonical":"https:\/\/ubirataonline.com.br\/en\/festival-favela-gourmet-reune-40-estabelecimentos-em-comunidades-do-rio-na-segunda-edicao\/","og_locale":"en_US","og_type":"article","og_title":"Festival Favela Gourmet re\u00fane 40 estabelecimentos em comunidades do Rio na segunda edi\u00e7\u00e3o","og_description":"Festival Favela Gourmet re\u00fane 40 estabelecimentos em comunidades do Rio na segunda edi\u00e7\u00e3oA segunda edi\u00e7\u00e3o do Festival Favela Gourmet tem in\u00edcio nesta","og_url":"https:\/\/ubirataonline.com.br\/en\/festival-favela-gourmet-reune-40-estabelecimentos-em-comunidades-do-rio-na-segunda-edicao\/","og_site_name":"Ubirat\u00e3 Online Not\u00edcias - A realidade ao seu alcance!","article_publisher":"https:\/\/www.facebook.com\/portalubirataonline","article_author":"https:\/\/www.facebook.com\/portalubirataonline","article_published_time":"2026-09-02T16:45:40+00:00","og_image":[{"width":1531,"height":418,"url":"https:\/\/ubirataonline.com.br\/wp-content\/uploads\/2026\/05\/logo2026.webp","type":"image\/webp"}],"author":"REDA\u00c7\u00c3O: UBIRAT\u00c3 ONLINE - F\u00c1BIO AUGUSTO CELESTINO","twitter_card":"summary_large_image","twitter_creator":"@x.com\/ubirataonline","twitter_site":"@ubirataonline","twitter_misc":{"Written by":"REDA\u00c7\u00c3O: UBIRAT\u00c3 ONLINE - F\u00c1BIO AUGUSTO CELESTINO","Est. reading time":"2 minutes"},"schema":{"@context":"https:\/\/schema.org","@graph":[{"@type":"NewsArticle","@id":"https:\/\/ubirataonline.com.br\/festival-favela-gourmet-reune-40-estabelecimentos-em-comunidades-do-rio-na-segunda-edicao\/#article","isPartOf":{"@id":"https:\/\/ubirataonline.com.br\/festival-favela-gourmet-reune-40-estabelecimentos-em-comunidades-do-rio-na-segunda-edicao\/"},"author":{"name":"REDA\u00c7\u00c3O: UBIRAT\u00c3 ONLINE - F\u00c1BIO AUGUSTO CELESTINO","@id":"https:\/\/ubirataonline.com.br\/#\/schema\/person\/372f87bbd3fdd79b8556b84c98d0bc1c"},"headline":"Festival Favela Gourmet re\u00fane 40 estabelecimentos em comunidades do Rio na segunda edi\u00e7\u00e3o","datePublished":"2026-09-02T16:45:40+00:00","mainEntityOfPage":{"@id":"https:\/\/ubirataonline.com.br\/festival-favela-gourmet-reune-40-estabelecimentos-em-comunidades-do-rio-na-segunda-edicao\/"},"wordCount":462,"publisher":{"@id":"https:\/\/ubirataonline.com.br\/#organization"},"image":{"@id":"https:\/\/ubirataonline.com.br\/festival-favela-gourmet-reune-40-estabelecimentos-em-comunidades-do-rio-na-segunda-edicao\/#primaryimage"},"thumbnailUrl":"https:\/\/ubirataonline.com.br\/wp-content\/uploads\/2026\/09\/maaimg-post-169968-20260902-164558.webp","articleSection":["Brasil"],"inLanguage":"en-US","copyrightYear":"2026","copyrightHolder":{"@id":"https:\/\/ubirataonline.com.br\/en\/#organization"}},{"@type":"WebPage","@id":"https:\/\/ubirataonline.com.br\/festival-favela-gourmet-reune-40-estabelecimentos-em-comunidades-do-rio-na-segunda-edicao\/","url":"https:\/\/ubirataonline.com.br\/festival-favela-gourmet-reune-40-estabelecimentos-em-comunidades-do-rio-na-segunda-edicao\/","name":"Festival Favela Gourmet re\u00fane 40 estabelecimentos em comunidades do Rio na segunda edi\u00e7\u00e3o - Ubirat\u00e3 Online Not\u00edcias - A realidade ao seu alcance!","isPartOf":{"@id":"https:\/\/ubirataonline.com.br\/#website"},"primaryImageOfPage":{"@id":"https:\/\/ubirataonline.com.br\/festival-favela-gourmet-reune-40-estabelecimentos-em-comunidades-do-rio-na-segunda-edicao\/#primaryimage"},"image":{"@id":"https:\/\/ubirataonline.com.br\/festival-favela-gourmet-reune-40-estabelecimentos-em-comunidades-do-rio-na-segunda-edicao\/#primaryimage"},"thumbnailUrl":"https:\/\/ubirataonline.com.br\/wp-content\/uploads\/2026\/09\/maaimg-post-169968-20260902-164558.webp","datePublished":"2026-09-02T16:45:40+00:00","description":"Festival Favela Gourmet re\u00fane 40 estabelecimentos em comunidades do Rio na segunda edi\u00e7\u00e3oA segunda edi\u00e7\u00e3o do Festival Favela Gourmet tem in\u00edcio nesta","breadcrumb":{"@id":"https:\/\/ubirataonline.com.br\/festival-favela-gourmet-reune-40-estabelecimentos-em-comunidades-do-rio-na-segunda-edicao\/#breadcrumb"},"inLanguage":"en-US","potentialAction":[{"@type":"ReadAction","target":["https:\/\/ubirataonline.com.br\/festival-favela-gourmet-reune-40-estabelecimentos-em-comunidades-do-rio-na-segunda-edicao\/"]}]},{"@type":"ImageObject","inLanguage":"en-US","@id":"https:\/\/ubirataonline.com.br\/festival-favela-gourmet-reune-40-estabelecimentos-em-comunidades-do-rio-na-segunda-edicao\/#primaryimage","url":"https:\/\/ubirataonline.com.br\/wp-content\/uploads\/2026\/09\/maaimg-post-169968-20260902-164558.webp","contentUrl":"https:\/\/ubirataonline.com.br\/wp-content\/uploads\/2026\/09\/maaimg-post-169968-20260902-164558.webp","width":1536,"height":1024,"caption":"Imagem ilustrativa Gerada por IA"},{"@type":"BreadcrumbList","@id":"https:\/\/ubirataonline.com.br\/festival-favela-gourmet-reune-40-estabelecimentos-em-comunidades-do-rio-na-segunda-edicao\/#breadcrumb","itemListElement":[{"@type":"ListItem","position":1,"name":"In\u00edcio","item":"https:\/\/ubirataonline.com.br\/"},{"@type":"ListItem","position":2,"name":"Festival Favela Gourmet re\u00fane 40 estabelecimentos em comunidades do Rio na segunda edi\u00e7\u00e3o"}]},{"@type":"WebSite","@id":"https:\/\/ubirataonline.com.br\/#website","url":"https:\/\/ubirataonline.com.br\/","name":"Ubirat\u00e3 Online Not\u00edcias","description":"Not\u00edcias de Ubirat\u00e3, regi\u00e3o, Brasil e mundo, com informa\u00e7\u00e3o atualizada e compromisso com o leitor.","publisher":{"@id":"https:\/\/ubirataonline.com.br\/#organization"},"alternateName":"Ubirat\u00e3 Online","potentialAction":[{"@type":"SearchAction","target":{"@type":"EntryPoint","urlTemplate":"https:\/\/ubirataonline.com.br\/?s={search_term_string}"},"query-input":{"@type":"PropertyValueSpecification","valueRequired":true,"valueName":"search_term_string"}}],"inLanguage":"en-US"},{"@type":["Organization","Place"],"@id":"https:\/\/ubirataonline.com.br\/#organization","name":"Ubirat\u00e3 Online Not\u00edcias","alternateName":"Ubirat\u00e3 Online","url":"https:\/\/ubirataonline.com.br\/","logo":{"@id":"https:\/\/ubirataonline.com.br\/festival-favela-gourmet-reune-40-estabelecimentos-em-comunidades-do-rio-na-segunda-edicao\/#local-main-organization-logo"},"image":{"@id":"https:\/\/ubirataonline.com.br\/festival-favela-gourmet-reune-40-estabelecimentos-em-comunidades-do-rio-na-segunda-edicao\/#local-main-organization-logo"},"sameAs":["https:\/\/www.facebook.com\/portalubirataonline","https:\/\/x.com\/ubirataonline","https:\/\/mastodon.social\/@ubirataonline","https:\/\/www.facebook.com\/groups\/311144672285604","https:\/\/www.facebook.com\/UBTAOnline","https:\/\/www.instagram.com\/portalubirataonline\/","https:\/\/twitter.com\/ubirataonline"],"description":"Somos um portal de not\u00edcias independente, criado em 5 de janeiro de 2009, com o objetivo de informar, conectar e valorizar a nossa comunidade de Ubirat\u00e3 e toda aregi\u00e3o. Com conte\u00fado atualizado, confi\u00e1vel e relevante, o Ubirat\u00e3 Online \u00e9 o seu espa\u00e7o para ficar por dentro dos principais acontecimentos locais, regionais, Brasil, Mundo e de interesse geral. Nosso compromisso \u00e9 com a verdade, a transpar\u00eancia e o respeito ao leitor.","legalName":"UBIRATA ONLINE NOT\u00cdCIAS","foundingDate":"2009-01-05","numberOfEmployees":{"@type":"QuantitativeValue","minValue":"1","maxValue":"10"},"publishingPrinciples":"https:\/\/ubirataonline.com.br\/faq\/","address":{"@id":"https:\/\/ubirataonline.com.br\/festival-favela-gourmet-reune-40-estabelecimentos-em-comunidades-do-rio-na-segunda-edicao\/#local-main-place-address"},"geo":{"@type":"GeoCoordinates","latitude":"-24.5361401","longitude":"-52.9921776"},"telephone":["+5544998308235"],"contactPoint":{"@type":"ContactPoint","email":"contato@ubirataonline.com.br"},"openingHoursSpecification":{"@type":"OpeningHoursSpecification","dayOfWeek":["Monday","Tuesday","Wednesday","Thursday","Friday","Saturday","Sunday"],"opens":"00:00","closes":"23:59"},"email":"contato@ubirataonline.com.br","vatID":"47.621.418\/0001-80"},{"@type":"Person","@id":"https:\/\/ubirataonline.com.br\/#\/schema\/person\/372f87bbd3fdd79b8556b84c98d0bc1c","name":"REDA\u00c7\u00c3O: UBIRAT\u00c3 ONLINE - F\u00c1BIO AUGUSTO CELESTINO","pronouns":"Ele","description":"Desde 2003 trabalhando com not\u00edcias.","sameAs":["http:\/\/ubirataoline.com.br","https:\/\/www.facebook.com\/portalubirataonline","https:\/\/www.instagram.com\/ubirataonline_oficial","https:\/\/x.com\/x.com\/ubirataonline"],"honorificPrefix":"Mr.","honorificSuffix":"MD","birthDate":"1980-06-16","gender":"masculino","award":["V\u00e1rios pr\u00eamios de melhor portal da cidade"],"jobTitle":"Diretor","url":"https:\/\/ubirataonline.com.br\/en\/author\/ubirataonline\/"},{"@type":"PostalAddress","@id":"https:\/\/ubirataonline.com.br\/festival-favela-gourmet-reune-40-estabelecimentos-em-comunidades-do-rio-na-segunda-edicao\/#local-main-place-address","streetAddress":"Rua dos Coqueiros, 104 - Bairro Boa Vista, Rua dos Coqueiros, 104 Bairro Boa Vista","addressLocality":"UBIRATA","postalCode":"85440-000","addressRegion":"PR","addressCountry":"BR"},{"@type":"ImageObject","inLanguage":"en-US","@id":"https:\/\/ubirataonline.com.br\/festival-favela-gourmet-reune-40-estabelecimentos-em-comunidades-do-rio-na-segunda-edicao\/#local-main-organization-logo","url":"https:\/\/ubirataonline.com.br\/wp-content\/uploads\/2026\/06\/logoubirataonline-1.webp","contentUrl":"https:\/\/ubirataonline.com.br\/wp-content\/uploads\/2026\/06\/logoubirataonline-1.webp","width":500,"height":500,"caption":"Ubirat\u00e3 Online Not\u00edcias"}]},"geo.placename":"UBIRATA","geo.position":{"lat":"-24.5361401","long":"-52.9921776"},"geo.region":"Brazil"},"_links":{"self":[{"href":"https:\/\/ubirataonline.com.br\/en\/wp-json\/wp\/v2\/posts\/169968","targetHints":{"allow":["GET"]}}],"collection":[{"href":"https:\/\/ubirataonline.com.br\/en\/wp-json\/wp\/v2\/posts"}],"about":[{"href":"https:\/\/ubirataonline.com.br\/en\/wp-json\/wp\/v2\/types\/post"}],"author":[{"embeddable":true,"href":"https:\/\/ubirataonline.com.br\/en\/wp-json\/wp\/v2\/users\/1"}],"replies":[{"embeddable":true,"href":"https:\/\/ubirataonline.com.br\/en\/wp-json\/wp\/v2\/comments?post=169968"}],"version-history":[{"count":0,"href":"https:\/\/ubirataonline.com.br\/en\/wp-json\/wp\/v2\/posts\/169968\/revisions"}],"wp:featuredmedia":[{"embeddable":true,"href":"https:\/\/ubirataonline.com.br\/en\/wp-json\/wp\/v2\/media\/169969"}],"wp:attachment":[{"href":"https:\/\/ubirataonline.com.br\/en\/wp-json\/wp\/v2\/media?parent=169968"}],"wp:term":[{"taxonomy":"category","embeddable":true,"href":"https:\/\/ubirataonline.com.br\/en\/wp-json\/wp\/v2\/categories?post=169968"},{"taxonomy":"post_tag","embeddable":true,"href":"https:\/\/ubirataonline.com.br\/en\/wp-json\/wp\/v2\/tags?post=169968"}],"curies":[{"name":"wp","href":"https:\/\/api.w.org\/{rel}","templated":true}]}}