{"id":169977,"date":"2026-09-02T14:06:05","date_gmt":"2026-09-02T17:06:05","guid":{"rendered":"https:\/\/ubirataonline.com.br\/requiao-filho-e-pt-candidato-diz-que-seguira-critico-ao-governo-lula-apesar-da-alianca\/"},"modified":"2026-09-02T14:06:05","modified_gmt":"2026-09-02T17:06:05","slug":"requiao-filho-e-pt-candidato-diz-que-seguira-critico-ao-governo-lula-apesar-da-alianca","status":"publish","type":"post","link":"https:\/\/ubirataonline.com.br\/en\/requiao-filho-e-pt-candidato-diz-que-seguira-critico-ao-governo-lula-apesar-da-alianca\/","title":{"rendered":"Requi\u00e3o Filho e PT: candidato diz que seguir\u00e1 cr\u00edtico ao governo Lula apesar da alian\u00e7a"},"content":{"rendered":"<h2>Requi\u00e3o Filho e PT aparecem aliados no Paran\u00e1, mas o candidato do PDT afirma que o apoio petista n\u00e3o o impedir\u00e1 de criticar medidas federais, segundo Ag\u00eancia Estado<\/h2>\n<p>O candidato ao governo do Paran\u00e1 Requi\u00e3o Filho (PDT) afirmou em sabatina \u00e0 CNN Brasil que o apoio do PT \u00e0 sua candidatura n\u00e3o o impedir\u00e1 de fazer cr\u00edticas ao governo federal. Segundo a Ag\u00eancia Estado, a declara\u00e7\u00e3o foi dada no contexto da alian\u00e7a entre o pedetista e o PT no estado.<\/p>\n<h3>Alian\u00e7a no Paran\u00e1<\/h3>\n<p>Segundo a Ag\u00eancia Estado, a candidatura de Requi\u00e3o conta com o apoio do PT no Paran\u00e1. Perguntado sobre os efeitos eleitorais dessa alian\u00e7a, o candidato afirmou que o apoio petista &#8220;n\u00e3o atrapalha de maneira alguma&#8221; seus planos e ressaltou que a rela\u00e7\u00e3o \u00e9 rec\u00edproca.<\/p>\n<h3>Postura cr\u00edtica anunciada<\/h3>\n<p>Em resposta \u00e0s perguntas na sabatina, Requi\u00e3o afirmou: <strong>&#8220;n\u00e3o passa pano para ningu\u00e9m&#8221;<\/strong>, e disse que, quando discordar de uma pol\u00edtica federal, explicar\u00e1 por que discorda e qual caminho acredita ser o correto, conforme informa\u00e7\u00f5es da Ag\u00eancia Estado.<\/p>\n<h3>Estrat\u00e9gia de campanha<\/h3>\n<p>A reportagem tamb\u00e9m registra que Requi\u00e3o tem evitado associar diretamente sua imagem \u00e0 do presidente Luiz In\u00e1cio Lula da Silva nas pe\u00e7as de campanha, diferenciando sua estrat\u00e9gia da adotada por advers\u00e1rios que fazem refer\u00eancia direta a figuras nacionais, segundo a Ag\u00eancia Estado.<\/p>\n<h2>Frequently asked questions<\/h2>\n<h3>Qual postura Requi\u00e3o promete adotar se for eleito?<\/h3>\n<p>Conforme a Ag\u00eancia Estado, Requi\u00e3o declarou que ser\u00e1 cr\u00edtico a quaisquer propostas do governo federal que, em sua avalia\u00e7\u00e3o, prejudiquem o Paran\u00e1 ou n\u00e3o tragam benef\u00edcios devidos ao estado.<\/p>","protected":false},"excerpt":{"rendered":"<p>Requi\u00e3o Filho e PT aparecem aliados no Paran\u00e1, mas o candidato do PDT afirma que o apoio petista n\u00e3o o impedir\u00e1 de criticar medidas federais, segundo Ag\u00eancia Estado O candidato ao governo do Paran\u00e1 Requi\u00e3o Filho (PDT) afirmou em sabatina \u00e0 CNN Brasil que o apoio do PT \u00e0 sua candidatura n\u00e3o o impedir\u00e1 de [&hellip;]<\/p>\n","protected":false},"author":1,"featured_media":169978,"comment_status":"","ping_status":"","sticky":false,"template":"","format":"standard","meta":{"googlesitekit_rrm_CAow2JLhCw:productID":"","_gspb_post_css":"","maa_idioma":"","maa_pais":"","footnotes":""},"categories":[43088],"tags":[],"class_list":["post-169977","post","type-post","status-publish","format-standard","has-post-thumbnail","hentry","category-parana"],"blocksy_meta":[],"yoast_head":"<!-- This site is optimized with the Yoast SEO Premium plugin v27.6 (Yoast SEO v27.6) - https:\/\/yoast.com\/product\/yoast-seo-premium-wordpress\/ -->\n<title>Requi\u00e3o Filho e PT: candidato diz que seguir\u00e1 cr\u00edtico ao governo Lula apesar da alian\u00e7a - Ubirat\u00e3 Online Not\u00edcias - A realidade ao seu alcance!<\/title>\n<meta name=\"description\" content=\"Requi\u00e3o Filho e PT aparecem aliados no Paran\u00e1, mas o candidato do PDT afirma que o apoio petista n\u00e3o o impedir\u00e1 de criticar medidas federais, segundo\" \/>\n<meta name=\"robots\" content=\"index, follow, max-snippet:-1, max-image-preview:large, max-video-preview:-1\" \/>\n<link rel=\"canonical\" href=\"https:\/\/ubirataonline.com.br\/en\/requiao-filho-e-pt-candidato-diz-que-seguira-critico-ao-governo-lula-apesar-da-alianca\/\" \/>\n<meta property=\"og:locale\" content=\"en_US\" \/>\n<meta property=\"og:type\" content=\"article\" \/>\n<meta property=\"og:title\" content=\"Requi\u00e3o Filho e PT: candidato diz que seguir\u00e1 cr\u00edtico ao governo Lula apesar da alian\u00e7a\" \/>\n<meta property=\"og:description\" content=\"Requi\u00e3o Filho e PT aparecem aliados no Paran\u00e1, mas o candidato do PDT afirma que o apoio petista n\u00e3o o impedir\u00e1 de criticar medidas federais, segundo\" \/>\n<meta property=\"og:url\" content=\"https:\/\/ubirataonline.com.br\/en\/requiao-filho-e-pt-candidato-diz-que-seguira-critico-ao-governo-lula-apesar-da-alianca\/\" \/>\n<meta property=\"og:site_name\" content=\"Ubirat\u00e3 Online Not\u00edcias - A realidade ao seu alcance!\" \/>\n<meta property=\"article:publisher\" content=\"https:\/\/www.facebook.com\/portalubirataonline\" \/>\n<meta property=\"article:author\" content=\"https:\/\/www.facebook.com\/portalubirataonline\" \/>\n<meta property=\"article:published_time\" content=\"2026-09-02T17:06:05+00:00\" \/>\n<meta property=\"og:image\" content=\"https:\/\/ubirataonline.com.br\/wp-content\/uploads\/2026\/05\/logo2026.webp\" \/>\n\t<meta property=\"og:image:width\" content=\"1531\" \/>\n\t<meta property=\"og:image:height\" content=\"418\" \/>\n\t<meta property=\"og:image:type\" content=\"image\/webp\" \/>\n<meta name=\"author\" content=\"REDA\u00c7\u00c3O: UBIRAT\u00c3 ONLINE - F\u00c1BIO AUGUSTO CELESTINO\" \/>\n<meta name=\"twitter:card\" content=\"summary_large_image\" \/>\n<meta name=\"twitter:creator\" content=\"@x.com\/ubirataonline\" \/>\n<meta name=\"twitter:site\" content=\"@ubirataonline\" \/>\n<meta name=\"twitter:label1\" content=\"Written by\" \/>\n\t<meta name=\"twitter:data1\" content=\"REDA\u00c7\u00c3O: UBIRAT\u00c3 ONLINE - F\u00c1BIO AUGUSTO CELESTINO\" \/>\n\t<meta name=\"twitter:label2\" content=\"Est. reading time\" \/>\n\t<meta name=\"twitter:data2\" content=\"1 minute\" \/>\n<script type=\"application\/ld+json\" class=\"yoast-schema-graph\">{\"@context\":\"https:\\\/\\\/schema.org\",\"@graph\":[{\"@type\":\"NewsArticle\",\"@id\":\"https:\\\/\\\/ubirataonline.com.br\\\/requiao-filho-e-pt-candidato-diz-que-seguira-critico-ao-governo-lula-apesar-da-alianca\\\/#article\",\"isPartOf\":{\"@id\":\"https:\\\/\\\/ubirataonline.com.br\\\/requiao-filho-e-pt-candidato-diz-que-seguira-critico-ao-governo-lula-apesar-da-alianca\\\/\"},\"author\":{\"name\":\"REDA\u00c7\u00c3O: UBIRAT\u00c3 ONLINE - F\u00c1BIO AUGUSTO CELESTINO\",\"@id\":\"https:\\\/\\\/ubirataonline.com.br\\\/#\\\/schema\\\/person\\\/372f87bbd3fdd79b8556b84c98d0bc1c\"},\"headline\":\"Requi\u00e3o Filho e PT: candidato diz que seguir\u00e1 cr\u00edtico ao governo Lula apesar da alian\u00e7a\",\"datePublished\":\"2026-09-02T17:06:05+00:00\",\"mainEntityOfPage\":{\"@id\":\"https:\\\/\\\/ubirataonline.com.br\\\/requiao-filho-e-pt-candidato-diz-que-seguira-critico-ao-governo-lula-apesar-da-alianca\\\/\"},\"wordCount\":305,\"publisher\":{\"@id\":\"https:\\\/\\\/ubirataonline.com.br\\\/#organization\"},\"image\":{\"@id\":\"https:\\\/\\\/ubirataonline.com.br\\\/requiao-filho-e-pt-candidato-diz-que-seguira-critico-ao-governo-lula-apesar-da-alianca\\\/#primaryimage\"},\"thumbnailUrl\":\"https:\\\/\\\/ubirataonline.com.br\\\/wp-content\\\/uploads\\\/2026\\\/09\\\/maaimg-post-169977-20260902-170632.webp\",\"articleSection\":[\"Paran\u00e1\"],\"inLanguage\":\"en-US\",\"copyrightYear\":\"2026\",\"copyrightHolder\":{\"@id\":\"https:\\\/\\\/ubirataonline.com.br\\\/en\\\/#organization\"}},{\"@type\":\"WebPage\",\"@id\":\"https:\\\/\\\/ubirataonline.com.br\\\/requiao-filho-e-pt-candidato-diz-que-seguira-critico-ao-governo-lula-apesar-da-alianca\\\/\",\"url\":\"https:\\\/\\\/ubirataonline.com.br\\\/requiao-filho-e-pt-candidato-diz-que-seguira-critico-ao-governo-lula-apesar-da-alianca\\\/\",\"name\":\"Requi\u00e3o Filho e PT: candidato diz que seguir\u00e1 cr\u00edtico ao governo Lula apesar da alian\u00e7a - Ubirat\u00e3 Online Not\u00edcias - A realidade ao seu alcance!\",\"isPartOf\":{\"@id\":\"https:\\\/\\\/ubirataonline.com.br\\\/#website\"},\"primaryImageOfPage\":{\"@id\":\"https:\\\/\\\/ubirataonline.com.br\\\/requiao-filho-e-pt-candidato-diz-que-seguira-critico-ao-governo-lula-apesar-da-alianca\\\/#primaryimage\"},\"image\":{\"@id\":\"https:\\\/\\\/ubirataonline.com.br\\\/requiao-filho-e-pt-candidato-diz-que-seguira-critico-ao-governo-lula-apesar-da-alianca\\\/#primaryimage\"},\"thumbnailUrl\":\"https:\\\/\\\/ubirataonline.com.br\\\/wp-content\\\/uploads\\\/2026\\\/09\\\/maaimg-post-169977-20260902-170632.webp\",\"datePublished\":\"2026-09-02T17:06:05+00:00\",\"description\":\"Requi\u00e3o Filho e PT aparecem aliados no Paran\u00e1, mas o candidato do PDT afirma que o apoio petista n\u00e3o o impedir\u00e1 de criticar medidas federais, segundo\",\"breadcrumb\":{\"@id\":\"https:\\\/\\\/ubirataonline.com.br\\\/requiao-filho-e-pt-candidato-diz-que-seguira-critico-ao-governo-lula-apesar-da-alianca\\\/#breadcrumb\"},\"inLanguage\":\"en-US\",\"potentialAction\":[{\"@type\":\"ReadAction\",\"target\":[\"https:\\\/\\\/ubirataonline.com.br\\\/requiao-filho-e-pt-candidato-diz-que-seguira-critico-ao-governo-lula-apesar-da-alianca\\\/\"]}]},{\"@type\":\"ImageObject\",\"inLanguage\":\"en-US\",\"@id\":\"https:\\\/\\\/ubirataonline.com.br\\\/requiao-filho-e-pt-candidato-diz-que-seguira-critico-ao-governo-lula-apesar-da-alianca\\\/#primaryimage\",\"url\":\"https:\\\/\\\/ubirataonline.com.br\\\/wp-content\\\/uploads\\\/2026\\\/09\\\/maaimg-post-169977-20260902-170632.webp\",\"contentUrl\":\"https:\\\/\\\/ubirataonline.com.br\\\/wp-content\\\/uploads\\\/2026\\\/09\\\/maaimg-post-169977-20260902-170632.webp\",\"width\":1536,\"height\":1024,\"caption\":\"Imagem ilustrativa Gerada por IA\"},{\"@type\":\"BreadcrumbList\",\"@id\":\"https:\\\/\\\/ubirataonline.com.br\\\/requiao-filho-e-pt-candidato-diz-que-seguira-critico-ao-governo-lula-apesar-da-alianca\\\/#breadcrumb\",\"itemListElement\":[{\"@type\":\"ListItem\",\"position\":1,\"name\":\"In\u00edcio\",\"item\":\"https:\\\/\\\/ubirataonline.com.br\\\/\"},{\"@type\":\"ListItem\",\"position\":2,\"name\":\"Requi\u00e3o Filho e PT: candidato diz que seguir\u00e1 cr\u00edtico ao governo Lula apesar da alian\u00e7a\"}]},{\"@type\":\"WebSite\",\"@id\":\"https:\\\/\\\/ubirataonline.com.br\\\/#website\",\"url\":\"https:\\\/\\\/ubirataonline.com.br\\\/\",\"name\":\"Ubirat\u00e3 Online Not\u00edcias\",\"description\":\"Not\u00edcias de Ubirat\u00e3, regi\u00e3o, Brasil e mundo, com informa\u00e7\u00e3o atualizada e compromisso com o leitor.\",\"publisher\":{\"@id\":\"https:\\\/\\\/ubirataonline.com.br\\\/#organization\"},\"alternateName\":\"Ubirat\u00e3 Online\",\"potentialAction\":[{\"@type\":\"SearchAction\",\"target\":{\"@type\":\"EntryPoint\",\"urlTemplate\":\"https:\\\/\\\/ubirataonline.com.br\\\/?s={search_term_string}\"},\"query-input\":{\"@type\":\"PropertyValueSpecification\",\"valueRequired\":true,\"valueName\":\"search_term_string\"}}],\"inLanguage\":\"en-US\"},{\"@type\":[\"Organization\",\"Place\"],\"@id\":\"https:\\\/\\\/ubirataonline.com.br\\\/#organization\",\"name\":\"Ubirat\u00e3 Online Not\u00edcias\",\"alternateName\":\"Ubirat\u00e3 Online\",\"url\":\"https:\\\/\\\/ubirataonline.com.br\\\/\",\"logo\":{\"@id\":\"https:\\\/\\\/ubirataonline.com.br\\\/requiao-filho-e-pt-candidato-diz-que-seguira-critico-ao-governo-lula-apesar-da-alianca\\\/#local-main-organization-logo\"},\"image\":{\"@id\":\"https:\\\/\\\/ubirataonline.com.br\\\/requiao-filho-e-pt-candidato-diz-que-seguira-critico-ao-governo-lula-apesar-da-alianca\\\/#local-main-organization-logo\"},\"sameAs\":[\"https:\\\/\\\/www.facebook.com\\\/portalubirataonline\",\"https:\\\/\\\/x.com\\\/ubirataonline\",\"https:\\\/\\\/mastodon.social\\\/@ubirataonline\",\"https:\\\/\\\/www.facebook.com\\\/groups\\\/311144672285604\",\"https:\\\/\\\/www.facebook.com\\\/UBTAOnline\",\"https:\\\/\\\/www.instagram.com\\\/portalubirataonline\\\/\",\"https:\\\/\\\/twitter.com\\\/ubirataonline\"],\"description\":\"Somos um portal de not\u00edcias independente, criado em 5 de janeiro de 2009, com o objetivo de informar, conectar e valorizar a nossa comunidade de Ubirat\u00e3 e toda aregi\u00e3o. Com conte\u00fado atualizado, confi\u00e1vel e relevante, o Ubirat\u00e3 Online \u00e9 o seu espa\u00e7o para ficar por dentro dos principais acontecimentos locais, regionais, Brasil, Mundo e de interesse geral. Nosso compromisso \u00e9 com a verdade, a transpar\u00eancia e o respeito ao leitor.\",\"legalName\":\"UBIRATA ONLINE NOT\u00cdCIAS\",\"foundingDate\":\"2009-01-05\",\"numberOfEmployees\":{\"@type\":\"QuantitativeValue\",\"minValue\":\"1\",\"maxValue\":\"10\"},\"publishingPrinciples\":\"https:\\\/\\\/ubirataonline.com.br\\\/faq\\\/\",\"address\":{\"@id\":\"https:\\\/\\\/ubirataonline.com.br\\\/requiao-filho-e-pt-candidato-diz-que-seguira-critico-ao-governo-lula-apesar-da-alianca\\\/#local-main-place-address\"},\"geo\":{\"@type\":\"GeoCoordinates\",\"latitude\":\"-24.5361401\",\"longitude\":\"-52.9921776\"},\"telephone\":[\"+5544998308235\"],\"contactPoint\":{\"@type\":\"ContactPoint\",\"email\":\"contato@ubirataonline.com.br\"},\"openingHoursSpecification\":{\"@type\":\"OpeningHoursSpecification\",\"dayOfWeek\":[\"Monday\",\"Tuesday\",\"Wednesday\",\"Thursday\",\"Friday\",\"Saturday\",\"Sunday\"],\"opens\":\"00:00\",\"closes\":\"23:59\"},\"email\":\"contato@ubirataonline.com.br\",\"vatID\":\"47.621.418\\\/0001-80\"},{\"@type\":\"Person\",\"@id\":\"https:\\\/\\\/ubirataonline.com.br\\\/#\\\/schema\\\/person\\\/372f87bbd3fdd79b8556b84c98d0bc1c\",\"name\":\"REDA\u00c7\u00c3O: UBIRAT\u00c3 ONLINE - F\u00c1BIO AUGUSTO CELESTINO\",\"pronouns\":\"Ele\",\"description\":\"Desde 2003 trabalhando com not\u00edcias.\",\"sameAs\":[\"http:\\\/\\\/ubirataoline.com.br\",\"https:\\\/\\\/www.facebook.com\\\/portalubirataonline\",\"https:\\\/\\\/www.instagram.com\\\/ubirataonline_oficial\",\"https:\\\/\\\/x.com\\\/x.com\\\/ubirataonline\"],\"honorificPrefix\":\"Mr.\",\"honorificSuffix\":\"MD\",\"birthDate\":\"1980-06-16\",\"gender\":\"masculino\",\"award\":[\"V\u00e1rios pr\u00eamios de melhor portal da cidade\"],\"jobTitle\":\"Diretor\",\"url\":\"https:\\\/\\\/ubirataonline.com.br\\\/en\\\/author\\\/ubirataonline\\\/\"},{\"@type\":\"PostalAddress\",\"@id\":\"https:\\\/\\\/ubirataonline.com.br\\\/requiao-filho-e-pt-candidato-diz-que-seguira-critico-ao-governo-lula-apesar-da-alianca\\\/#local-main-place-address\",\"streetAddress\":\"Rua dos Coqueiros, 104 - Bairro Boa Vista, Rua dos Coqueiros, 104 Bairro Boa Vista\",\"addressLocality\":\"UBIRATA\",\"postalCode\":\"85440-000\",\"addressRegion\":\"PR\",\"addressCountry\":\"BR\"},{\"@type\":\"ImageObject\",\"inLanguage\":\"en-US\",\"@id\":\"https:\\\/\\\/ubirataonline.com.br\\\/requiao-filho-e-pt-candidato-diz-que-seguira-critico-ao-governo-lula-apesar-da-alianca\\\/#local-main-organization-logo\",\"url\":\"https:\\\/\\\/ubirataonline.com.br\\\/wp-content\\\/uploads\\\/2026\\\/06\\\/logoubirataonline-1.webp\",\"contentUrl\":\"https:\\\/\\\/ubirataonline.com.br\\\/wp-content\\\/uploads\\\/2026\\\/06\\\/logoubirataonline-1.webp\",\"width\":500,\"height\":500,\"caption\":\"Ubirat\u00e3 Online Not\u00edcias\"}]}<\/script>\n<meta name=\"geo.placename\" content=\"UBIRATA\" \/>\n<meta name=\"geo.position\" content=\"-24.5361401;-52.9921776\" \/>\n<meta name=\"geo.region\" content=\"Brazil\" \/>\n<!-- \/ Yoast SEO Premium plugin. -->","yoast_head_json":{"title":"Requi\u00e3o Filho e PT: candidato diz que seguir\u00e1 cr\u00edtico ao governo Lula apesar da alian\u00e7a - Ubirat\u00e3 Online Not\u00edcias - A realidade ao seu alcance!","description":"Requi\u00e3o Filho e PT aparecem aliados no Paran\u00e1, mas o candidato do PDT afirma que o apoio petista n\u00e3o o impedir\u00e1 de criticar medidas federais, segundo","robots":{"index":"index","follow":"follow","max-snippet":"max-snippet:-1","max-image-preview":"max-image-preview:large","max-video-preview":"max-video-preview:-1"},"canonical":"https:\/\/ubirataonline.com.br\/en\/requiao-filho-e-pt-candidato-diz-que-seguira-critico-ao-governo-lula-apesar-da-alianca\/","og_locale":"en_US","og_type":"article","og_title":"Requi\u00e3o Filho e PT: candidato diz que seguir\u00e1 cr\u00edtico ao governo Lula apesar da alian\u00e7a","og_description":"Requi\u00e3o Filho e PT aparecem aliados no Paran\u00e1, mas o candidato do PDT afirma que o apoio petista n\u00e3o o impedir\u00e1 de criticar medidas federais, segundo","og_url":"https:\/\/ubirataonline.com.br\/en\/requiao-filho-e-pt-candidato-diz-que-seguira-critico-ao-governo-lula-apesar-da-alianca\/","og_site_name":"Ubirat\u00e3 Online Not\u00edcias - A realidade ao seu alcance!","article_publisher":"https:\/\/www.facebook.com\/portalubirataonline","article_author":"https:\/\/www.facebook.com\/portalubirataonline","article_published_time":"2026-09-02T17:06:05+00:00","og_image":[{"width":1531,"height":418,"url":"https:\/\/ubirataonline.com.br\/wp-content\/uploads\/2026\/05\/logo2026.webp","type":"image\/webp"}],"author":"REDA\u00c7\u00c3O: UBIRAT\u00c3 ONLINE - F\u00c1BIO AUGUSTO CELESTINO","twitter_card":"summary_large_image","twitter_creator":"@x.com\/ubirataonline","twitter_site":"@ubirataonline","twitter_misc":{"Written by":"REDA\u00c7\u00c3O: UBIRAT\u00c3 ONLINE - F\u00c1BIO AUGUSTO CELESTINO","Est. reading time":"1 minute"},"schema":{"@context":"https:\/\/schema.org","@graph":[{"@type":"NewsArticle","@id":"https:\/\/ubirataonline.com.br\/requiao-filho-e-pt-candidato-diz-que-seguira-critico-ao-governo-lula-apesar-da-alianca\/#article","isPartOf":{"@id":"https:\/\/ubirataonline.com.br\/requiao-filho-e-pt-candidato-diz-que-seguira-critico-ao-governo-lula-apesar-da-alianca\/"},"author":{"name":"REDA\u00c7\u00c3O: UBIRAT\u00c3 ONLINE - F\u00c1BIO AUGUSTO CELESTINO","@id":"https:\/\/ubirataonline.com.br\/#\/schema\/person\/372f87bbd3fdd79b8556b84c98d0bc1c"},"headline":"Requi\u00e3o Filho e PT: candidato diz que seguir\u00e1 cr\u00edtico ao governo Lula apesar da alian\u00e7a","datePublished":"2026-09-02T17:06:05+00:00","mainEntityOfPage":{"@id":"https:\/\/ubirataonline.com.br\/requiao-filho-e-pt-candidato-diz-que-seguira-critico-ao-governo-lula-apesar-da-alianca\/"},"wordCount":305,"publisher":{"@id":"https:\/\/ubirataonline.com.br\/#organization"},"image":{"@id":"https:\/\/ubirataonline.com.br\/requiao-filho-e-pt-candidato-diz-que-seguira-critico-ao-governo-lula-apesar-da-alianca\/#primaryimage"},"thumbnailUrl":"https:\/\/ubirataonline.com.br\/wp-content\/uploads\/2026\/09\/maaimg-post-169977-20260902-170632.webp","articleSection":["Paran\u00e1"],"inLanguage":"en-US","copyrightYear":"2026","copyrightHolder":{"@id":"https:\/\/ubirataonline.com.br\/en\/#organization"}},{"@type":"WebPage","@id":"https:\/\/ubirataonline.com.br\/requiao-filho-e-pt-candidato-diz-que-seguira-critico-ao-governo-lula-apesar-da-alianca\/","url":"https:\/\/ubirataonline.com.br\/requiao-filho-e-pt-candidato-diz-que-seguira-critico-ao-governo-lula-apesar-da-alianca\/","name":"Requi\u00e3o Filho e PT: candidato diz que seguir\u00e1 cr\u00edtico ao governo Lula apesar da alian\u00e7a - Ubirat\u00e3 Online Not\u00edcias - A realidade ao seu alcance!","isPartOf":{"@id":"https:\/\/ubirataonline.com.br\/#website"},"primaryImageOfPage":{"@id":"https:\/\/ubirataonline.com.br\/requiao-filho-e-pt-candidato-diz-que-seguira-critico-ao-governo-lula-apesar-da-alianca\/#primaryimage"},"image":{"@id":"https:\/\/ubirataonline.com.br\/requiao-filho-e-pt-candidato-diz-que-seguira-critico-ao-governo-lula-apesar-da-alianca\/#primaryimage"},"thumbnailUrl":"https:\/\/ubirataonline.com.br\/wp-content\/uploads\/2026\/09\/maaimg-post-169977-20260902-170632.webp","datePublished":"2026-09-02T17:06:05+00:00","description":"Requi\u00e3o Filho e PT aparecem aliados no Paran\u00e1, mas o candidato do PDT afirma que o apoio petista n\u00e3o o impedir\u00e1 de criticar medidas federais, segundo","breadcrumb":{"@id":"https:\/\/ubirataonline.com.br\/requiao-filho-e-pt-candidato-diz-que-seguira-critico-ao-governo-lula-apesar-da-alianca\/#breadcrumb"},"inLanguage":"en-US","potentialAction":[{"@type":"ReadAction","target":["https:\/\/ubirataonline.com.br\/requiao-filho-e-pt-candidato-diz-que-seguira-critico-ao-governo-lula-apesar-da-alianca\/"]}]},{"@type":"ImageObject","inLanguage":"en-US","@id":"https:\/\/ubirataonline.com.br\/requiao-filho-e-pt-candidato-diz-que-seguira-critico-ao-governo-lula-apesar-da-alianca\/#primaryimage","url":"https:\/\/ubirataonline.com.br\/wp-content\/uploads\/2026\/09\/maaimg-post-169977-20260902-170632.webp","contentUrl":"https:\/\/ubirataonline.com.br\/wp-content\/uploads\/2026\/09\/maaimg-post-169977-20260902-170632.webp","width":1536,"height":1024,"caption":"Imagem ilustrativa Gerada por IA"},{"@type":"BreadcrumbList","@id":"https:\/\/ubirataonline.com.br\/requiao-filho-e-pt-candidato-diz-que-seguira-critico-ao-governo-lula-apesar-da-alianca\/#breadcrumb","itemListElement":[{"@type":"ListItem","position":1,"name":"In\u00edcio","item":"https:\/\/ubirataonline.com.br\/"},{"@type":"ListItem","position":2,"name":"Requi\u00e3o Filho e PT: candidato diz que seguir\u00e1 cr\u00edtico ao governo Lula apesar da alian\u00e7a"}]},{"@type":"WebSite","@id":"https:\/\/ubirataonline.com.br\/#website","url":"https:\/\/ubirataonline.com.br\/","name":"Ubirat\u00e3 Online Not\u00edcias","description":"Not\u00edcias de Ubirat\u00e3, regi\u00e3o, Brasil e mundo, com informa\u00e7\u00e3o atualizada e compromisso com o leitor.","publisher":{"@id":"https:\/\/ubirataonline.com.br\/#organization"},"alternateName":"Ubirat\u00e3 Online","potentialAction":[{"@type":"SearchAction","target":{"@type":"EntryPoint","urlTemplate":"https:\/\/ubirataonline.com.br\/?s={search_term_string}"},"query-input":{"@type":"PropertyValueSpecification","valueRequired":true,"valueName":"search_term_string"}}],"inLanguage":"en-US"},{"@type":["Organization","Place"],"@id":"https:\/\/ubirataonline.com.br\/#organization","name":"Ubirat\u00e3 Online Not\u00edcias","alternateName":"Ubirat\u00e3 Online","url":"https:\/\/ubirataonline.com.br\/","logo":{"@id":"https:\/\/ubirataonline.com.br\/requiao-filho-e-pt-candidato-diz-que-seguira-critico-ao-governo-lula-apesar-da-alianca\/#local-main-organization-logo"},"image":{"@id":"https:\/\/ubirataonline.com.br\/requiao-filho-e-pt-candidato-diz-que-seguira-critico-ao-governo-lula-apesar-da-alianca\/#local-main-organization-logo"},"sameAs":["https:\/\/www.facebook.com\/portalubirataonline","https:\/\/x.com\/ubirataonline","https:\/\/mastodon.social\/@ubirataonline","https:\/\/www.facebook.com\/groups\/311144672285604","https:\/\/www.facebook.com\/UBTAOnline","https:\/\/www.instagram.com\/portalubirataonline\/","https:\/\/twitter.com\/ubirataonline"],"description":"Somos um portal de not\u00edcias independente, criado em 5 de janeiro de 2009, com o objetivo de informar, conectar e valorizar a nossa comunidade de Ubirat\u00e3 e toda aregi\u00e3o. Com conte\u00fado atualizado, confi\u00e1vel e relevante, o Ubirat\u00e3 Online \u00e9 o seu espa\u00e7o para ficar por dentro dos principais acontecimentos locais, regionais, Brasil, Mundo e de interesse geral. Nosso compromisso \u00e9 com a verdade, a transpar\u00eancia e o respeito ao leitor.","legalName":"UBIRATA ONLINE NOT\u00cdCIAS","foundingDate":"2009-01-05","numberOfEmployees":{"@type":"QuantitativeValue","minValue":"1","maxValue":"10"},"publishingPrinciples":"https:\/\/ubirataonline.com.br\/faq\/","address":{"@id":"https:\/\/ubirataonline.com.br\/requiao-filho-e-pt-candidato-diz-que-seguira-critico-ao-governo-lula-apesar-da-alianca\/#local-main-place-address"},"geo":{"@type":"GeoCoordinates","latitude":"-24.5361401","longitude":"-52.9921776"},"telephone":["+5544998308235"],"contactPoint":{"@type":"ContactPoint","email":"contato@ubirataonline.com.br"},"openingHoursSpecification":{"@type":"OpeningHoursSpecification","dayOfWeek":["Monday","Tuesday","Wednesday","Thursday","Friday","Saturday","Sunday"],"opens":"00:00","closes":"23:59"},"email":"contato@ubirataonline.com.br","vatID":"47.621.418\/0001-80"},{"@type":"Person","@id":"https:\/\/ubirataonline.com.br\/#\/schema\/person\/372f87bbd3fdd79b8556b84c98d0bc1c","name":"REDA\u00c7\u00c3O: UBIRAT\u00c3 ONLINE - F\u00c1BIO AUGUSTO CELESTINO","pronouns":"Ele","description":"Desde 2003 trabalhando com not\u00edcias.","sameAs":["http:\/\/ubirataoline.com.br","https:\/\/www.facebook.com\/portalubirataonline","https:\/\/www.instagram.com\/ubirataonline_oficial","https:\/\/x.com\/x.com\/ubirataonline"],"honorificPrefix":"Mr.","honorificSuffix":"MD","birthDate":"1980-06-16","gender":"masculino","award":["V\u00e1rios pr\u00eamios de melhor portal da cidade"],"jobTitle":"Diretor","url":"https:\/\/ubirataonline.com.br\/en\/author\/ubirataonline\/"},{"@type":"PostalAddress","@id":"https:\/\/ubirataonline.com.br\/requiao-filho-e-pt-candidato-diz-que-seguira-critico-ao-governo-lula-apesar-da-alianca\/#local-main-place-address","streetAddress":"Rua dos Coqueiros, 104 - Bairro Boa Vista, Rua dos Coqueiros, 104 Bairro Boa Vista","addressLocality":"UBIRATA","postalCode":"85440-000","addressRegion":"PR","addressCountry":"BR"},{"@type":"ImageObject","inLanguage":"en-US","@id":"https:\/\/ubirataonline.com.br\/requiao-filho-e-pt-candidato-diz-que-seguira-critico-ao-governo-lula-apesar-da-alianca\/#local-main-organization-logo","url":"https:\/\/ubirataonline.com.br\/wp-content\/uploads\/2026\/06\/logoubirataonline-1.webp","contentUrl":"https:\/\/ubirataonline.com.br\/wp-content\/uploads\/2026\/06\/logoubirataonline-1.webp","width":500,"height":500,"caption":"Ubirat\u00e3 Online Not\u00edcias"}]},"geo.placename":"UBIRATA","geo.position":{"lat":"-24.5361401","long":"-52.9921776"},"geo.region":"Brazil"},"_links":{"self":[{"href":"https:\/\/ubirataonline.com.br\/en\/wp-json\/wp\/v2\/posts\/169977","targetHints":{"allow":["GET"]}}],"collection":[{"href":"https:\/\/ubirataonline.com.br\/en\/wp-json\/wp\/v2\/posts"}],"about":[{"href":"https:\/\/ubirataonline.com.br\/en\/wp-json\/wp\/v2\/types\/post"}],"author":[{"embeddable":true,"href":"https:\/\/ubirataonline.com.br\/en\/wp-json\/wp\/v2\/users\/1"}],"replies":[{"embeddable":true,"href":"https:\/\/ubirataonline.com.br\/en\/wp-json\/wp\/v2\/comments?post=169977"}],"version-history":[{"count":0,"href":"https:\/\/ubirataonline.com.br\/en\/wp-json\/wp\/v2\/posts\/169977\/revisions"}],"wp:featuredmedia":[{"embeddable":true,"href":"https:\/\/ubirataonline.com.br\/en\/wp-json\/wp\/v2\/media\/169978"}],"wp:attachment":[{"href":"https:\/\/ubirataonline.com.br\/en\/wp-json\/wp\/v2\/media?parent=169977"}],"wp:term":[{"taxonomy":"category","embeddable":true,"href":"https:\/\/ubirataonline.com.br\/en\/wp-json\/wp\/v2\/categories?post=169977"},{"taxonomy":"post_tag","embeddable":true,"href":"https:\/\/ubirataonline.com.br\/en\/wp-json\/wp\/v2\/tags?post=169977"}],"curies":[{"name":"wp","href":"https:\/\/api.w.org\/{rel}","templated":true}]}}