{"id":169979,"date":"2026-09-02T14:07:52","date_gmt":"2026-09-02T17:07:52","guid":{"rendered":"https:\/\/ubirataonline.com.br\/motociclista-de-24-anos-fica-ferido-ao-ser-atingido-por-carro-que-furou-preferencial-em-ponta-grossa\/"},"modified":"2026-09-02T14:41:13","modified_gmt":"2026-09-02T17:41:13","slug":"motociclista-de-24-anos-fica-ferido-ao-ser-atingido-por-carro-que-furou-preferencial-em-ponta-grossa","status":"publish","type":"post","link":"https:\/\/ubirataonline.com.br\/en\/motociclista-de-24-anos-fica-ferido-ao-ser-atingido-por-carro-que-furou-preferencial-em-ponta-grossa\/","title":{"rendered":"C\u00e2meras corporais enviadas \u00e0 Justi\u00e7a n\u00e3o registraram abordagem que terminou com morte de adolescente em Londrina"},"content":{"rendered":"<h2>Grava\u00e7\u00e3o enviada \u00e0 Justi\u00e7a come\u00e7a ap\u00f3s a persegui\u00e7\u00e3o e mostra apenas movimenta\u00e7\u00e3o no local depois da morte do adolescente.<\/h2>\n<p>A Guarda Municipal (GM) de Londrina enviou \u00e0 Justi\u00e7a, em 1\u00ba de setembro, grava\u00e7\u00f5es de c\u00e2mera corporal relacionadas \u00e0 morte do adolescente <b>Murilo Dias<\/b>, de 15 anos. segundo G1l entregue, as imagens come\u00e7am depois que a persegui\u00e7\u00e3o terminou: o pai da v\u00edtima j\u00e1 havia sido encaminhado \u00e0 delegacia e Murilo j\u00e1 estava morto quando a filmagem tem in\u00edcio.<\/p>\n<h3>O que as imagens mostram<\/h3>\n<p>As imagens encaminhadas pela corpora\u00e7\u00e3o registram a movimenta\u00e7\u00e3o de autoridades e testemunhas ao redor do carro de Volmir Dias, que bateu contra um poste ao final da persegui\u00e7\u00e3o. No momento em que a grava\u00e7\u00e3o come\u00e7a, a reportagem do <i>g1<\/i> relata que o pai j\u00e1 estava na delegacia da Pol\u00edcia Civil (PC-PR) e Murilo j\u00e1 havia sido socorrido, mas n\u00e3o resistiu aos ferimentos.<\/p>\n<p>Um guarda que carregava a c\u00e2mera aparece relatando brevemente a um policial penal o que havia ocorrido, mas n\u00e3o descreve como ocorreu a morte do adolescente. A grava\u00e7\u00e3o foi interrompida depois que o agente anotou os nomes dos profissionais que prestavam atendimento no local. A GM n\u00e3o detalhou se as imagens entregues sejam de mais de um agente nem identificou os ocupantes das c\u00e2meras.<\/p>\n<h3>Vers\u00f5es sobre o ocorrido<\/h3>\n<p>Segundo relat\u00f3rio divulgado pela Guarda Municipal, a ocorr\u00eancia come\u00e7ou em 31 de julho, ap\u00f3s um disparo dado por Volmir em uma pizzaria. A GM afirma que, quando o pai se entregou, o passageiro (Murilo) resistiu e, &#8220;segundo relato da equipe, tentou sacar uma arma de fogo da cintura. Diante da amea\u00e7a iminente, um guarda municipal efetuou disparo de arma de fogo.&#8221;<\/p>\n<p>Volmir, em depoimento na delegacia, confirmou ter atirado para o alto na pizzaria e disse que derrubou a arma no ve\u00edculo e que o filho n\u00e3o a teria pegado. A defesa do pai, por sua vez, sustenta que Murilo teve uma crise de epilepsia e n\u00e3o teria alcan\u00e7ado o rev\u00f3lver.<\/p>\n<p>Murilo foi atendido pelo Corpo de Bombeiros e pelo Samu, mas morreu no local. O corpo foi encaminhado \u00e0 Pol\u00edcia Cient\u00edfica. Volmir foi preso em flagrante por disparo de arma de fogo, conduzir ve\u00edculo sob influ\u00eancia de \u00e1lcool e desobedi\u00eancia; um rev\u00f3lver com seis muni\u00e7\u00f5es intactas e uma deflagrada foi apreendido. Em audi\u00eancia de cust\u00f3dia, ele recebeu liberdade provis\u00f3ria em 1\u00ba de agosto, sob uso de tornozeleira eletr\u00f4nica.<\/p>\n<h3>Pedido da defesa e investiga\u00e7\u00e3o<\/h3>\n<p>A defesa de Volmir solicitou \u00e0 Justi\u00e7a que pe\u00e7a \u00e0 GM os v\u00eddeos na \u00edntegra, sem cortes ou edi\u00e7\u00f5es, e informa\u00e7\u00f5es t\u00e9cnicas sobre as grava\u00e7\u00f5es, como identifica\u00e7\u00e3o dos equipamentos, quais agentes portavam cada c\u00e2mera, hor\u00e1rios de ativa\u00e7\u00e3o e metadados. Em manifesta\u00e7\u00e3o, a defesa afirmou que a resposta administrativa &#8220;n\u00e3o individualiza os equipamentos utilizados, n\u00e3o identifica quais agentes portavam cada c\u00e2mera, n\u00e3o informa hor\u00e1rios de retirada, ativa\u00e7\u00e3o, interrup\u00e7\u00e3o e devolu\u00e7\u00e3o dos equipamentos, n\u00e3o esclarece se houve grava\u00e7\u00f5es adicionais, n\u00e3o apresenta metadados ou logs e tampouco oferece justificativa t\u00e9cnica para eventual inexist\u00eancia de imagens do momento central dos fatos.&#8221;<\/p>\n<p>At\u00e9 a \u00faltima atualiza\u00e7\u00e3o da reportagem, a Justi\u00e7a n\u00e3o havia se manifestado sobre essa solicita\u00e7\u00e3o e a Guarda Municipal n\u00e3o havia retornado ao <i>g1<\/i> pedido de explica\u00e7\u00e3o para a aus\u00eancia de registros do momento central da abordagem. Os nomes dos guardas envolvidos n\u00e3o foram divulgados, o processo corre sob sigilo e, segundo declara\u00e7\u00e3o anterior do comandante da corpora\u00e7\u00e3o, tenente-coronel Ricardo Eguedis, os agentes est\u00e3o afastados enquanto a Corregedoria-Geral do Munic\u00edpio apura o caso.<\/p>\n<p><strong>Pr\u00f3ximos passos:<\/strong> permanece a expectativa pela decis\u00e3o da Justi\u00e7a sobre o pedido de acesso \u00e0s imagens integrais e pela conclus\u00e3o das apura\u00e7\u00f5es administrativas e judiciais citadas nas investiga\u00e7\u00f5es.<\/p>","protected":false},"excerpt":{"rendered":"<p>Grava\u00e7\u00e3o enviada \u00e0 Justi\u00e7a come\u00e7a ap\u00f3s a persegui\u00e7\u00e3o e mostra apenas movimenta\u00e7\u00e3o no local depois da morte do adolescente. A Guarda Municipal (GM) de Londrina enviou \u00e0 Justi\u00e7a, em 1\u00ba de setembro, grava\u00e7\u00f5es de c\u00e2mera corporal relacionadas \u00e0 morte do adolescente Murilo Dias, de 15 anos. segundo G1l entregue, as imagens come\u00e7am depois que a [&hellip;]<\/p>\n","protected":false},"author":1,"featured_media":169980,"comment_status":"closed","ping_status":"","sticky":false,"template":"","format":"standard","meta":{"googlesitekit_rrm_CAow2JLhCw:productID":"","_gspb_post_css":"","maa_idioma":"","maa_pais":"","footnotes":""},"categories":[43088],"tags":[],"class_list":["post-169979","post","type-post","status-publish","format-standard","has-post-thumbnail","hentry","category-parana"],"blocksy_meta":[],"yoast_head":"<!-- This site is optimized with the Yoast SEO Premium plugin v27.6 (Yoast SEO v27.6) - https:\/\/yoast.com\/product\/yoast-seo-premium-wordpress\/ -->\n<title>C\u00e2meras corporais enviadas \u00e0 Justi\u00e7a n\u00e3o registraram abordagem que terminou com morte de adolescente em Londrina - Ubirat\u00e3 Online Not\u00edcias - A realidade ao seu alcance!<\/title>\n<meta name=\"description\" content=\"Grava\u00e7\u00e3o enviada \u00e0 Justi\u00e7a come\u00e7a ap\u00f3s a persegui\u00e7\u00e3o e mostra apenas movimenta\u00e7\u00e3o no local depois da morte do adolescente. A Guarda Municipal (GM) de\" \/>\n<meta name=\"robots\" content=\"index, follow, max-snippet:-1, max-image-preview:large, max-video-preview:-1\" \/>\n<link rel=\"canonical\" href=\"https:\/\/ubirataonline.com.br\/en\/motociclista-de-24-anos-fica-ferido-ao-ser-atingido-por-carro-que-furou-preferencial-em-ponta-grossa\/\" \/>\n<meta property=\"og:locale\" content=\"en_US\" \/>\n<meta property=\"og:type\" content=\"article\" \/>\n<meta property=\"og:title\" content=\"C\u00e2meras corporais enviadas \u00e0 Justi\u00e7a n\u00e3o registraram abordagem que terminou com morte de adolescente em Londrina\" \/>\n<meta property=\"og:description\" content=\"Grava\u00e7\u00e3o enviada \u00e0 Justi\u00e7a come\u00e7a ap\u00f3s a persegui\u00e7\u00e3o e mostra apenas movimenta\u00e7\u00e3o no local depois da morte do adolescente. A Guarda Municipal (GM) de\" \/>\n<meta property=\"og:url\" content=\"https:\/\/ubirataonline.com.br\/en\/motociclista-de-24-anos-fica-ferido-ao-ser-atingido-por-carro-que-furou-preferencial-em-ponta-grossa\/\" \/>\n<meta property=\"og:site_name\" content=\"Ubirat\u00e3 Online Not\u00edcias - A realidade ao seu alcance!\" \/>\n<meta property=\"article:publisher\" content=\"https:\/\/www.facebook.com\/portalubirataonline\" \/>\n<meta property=\"article:author\" content=\"https:\/\/www.facebook.com\/portalubirataonline\" \/>\n<meta property=\"article:published_time\" content=\"2026-09-02T17:07:52+00:00\" \/>\n<meta property=\"article:modified_time\" content=\"2026-09-02T17:41:13+00:00\" \/>\n<meta property=\"og:image\" content=\"https:\/\/ubirataonline.com.br\/wp-content\/uploads\/2026\/09\/maaimg-post-169979-20260902-170809.webp\" \/>\n\t<meta property=\"og:image:width\" content=\"1536\" \/>\n\t<meta property=\"og:image:height\" content=\"1024\" \/>\n\t<meta property=\"og:image:type\" content=\"image\/webp\" \/>\n<meta name=\"author\" content=\"REDA\u00c7\u00c3O: UBIRAT\u00c3 ONLINE - F\u00c1BIO AUGUSTO CELESTINO\" \/>\n<meta name=\"twitter:card\" content=\"summary_large_image\" \/>\n<meta name=\"twitter:creator\" content=\"@x.com\/ubirataonline\" \/>\n<meta name=\"twitter:site\" content=\"@ubirataonline\" \/>\n<meta name=\"twitter:label1\" content=\"Written by\" \/>\n\t<meta name=\"twitter:data1\" content=\"REDA\u00c7\u00c3O: UBIRAT\u00c3 ONLINE - F\u00c1BIO AUGUSTO CELESTINO\" \/>\n\t<meta name=\"twitter:label2\" content=\"Est. reading time\" \/>\n\t<meta name=\"twitter:data2\" content=\"3 minutes\" \/>\n<script type=\"application\/ld+json\" class=\"yoast-schema-graph\">{\"@context\":\"https:\\\/\\\/schema.org\",\"@graph\":[{\"@type\":\"NewsArticle\",\"@id\":\"https:\\\/\\\/ubirataonline.com.br\\\/motociclista-de-24-anos-fica-ferido-ao-ser-atingido-por-carro-que-furou-preferencial-em-ponta-grossa\\\/#article\",\"isPartOf\":{\"@id\":\"https:\\\/\\\/ubirataonline.com.br\\\/motociclista-de-24-anos-fica-ferido-ao-ser-atingido-por-carro-que-furou-preferencial-em-ponta-grossa\\\/\"},\"author\":{\"name\":\"REDA\u00c7\u00c3O: UBIRAT\u00c3 ONLINE - F\u00c1BIO AUGUSTO CELESTINO\",\"@id\":\"https:\\\/\\\/ubirataonline.com.br\\\/#\\\/schema\\\/person\\\/372f87bbd3fdd79b8556b84c98d0bc1c\"},\"headline\":\"C\u00e2meras corporais enviadas \u00e0 Justi\u00e7a n\u00e3o registraram abordagem que terminou com morte de adolescente em Londrina\",\"datePublished\":\"2026-09-02T17:07:52+00:00\",\"dateModified\":\"2026-09-02T17:41:13+00:00\",\"mainEntityOfPage\":{\"@id\":\"https:\\\/\\\/ubirataonline.com.br\\\/motociclista-de-24-anos-fica-ferido-ao-ser-atingido-por-carro-que-furou-preferencial-em-ponta-grossa\\\/\"},\"wordCount\":693,\"publisher\":{\"@id\":\"https:\\\/\\\/ubirataonline.com.br\\\/#organization\"},\"image\":{\"@id\":\"https:\\\/\\\/ubirataonline.com.br\\\/motociclista-de-24-anos-fica-ferido-ao-ser-atingido-por-carro-que-furou-preferencial-em-ponta-grossa\\\/#primaryimage\"},\"thumbnailUrl\":\"https:\\\/\\\/ubirataonline.com.br\\\/wp-content\\\/uploads\\\/2026\\\/09\\\/maaimg-post-169979-20260902-170809.webp\",\"articleSection\":[\"Paran\u00e1\"],\"inLanguage\":\"en-US\",\"copyrightYear\":\"2026\",\"copyrightHolder\":{\"@id\":\"https:\\\/\\\/ubirataonline.com.br\\\/en\\\/#organization\"}},{\"@type\":\"WebPage\",\"@id\":\"https:\\\/\\\/ubirataonline.com.br\\\/motociclista-de-24-anos-fica-ferido-ao-ser-atingido-por-carro-que-furou-preferencial-em-ponta-grossa\\\/\",\"url\":\"https:\\\/\\\/ubirataonline.com.br\\\/motociclista-de-24-anos-fica-ferido-ao-ser-atingido-por-carro-que-furou-preferencial-em-ponta-grossa\\\/\",\"name\":\"C\u00e2meras corporais enviadas \u00e0 Justi\u00e7a n\u00e3o registraram abordagem que terminou com morte de adolescente em Londrina - Ubirat\u00e3 Online Not\u00edcias - A realidade ao seu alcance!\",\"isPartOf\":{\"@id\":\"https:\\\/\\\/ubirataonline.com.br\\\/#website\"},\"primaryImageOfPage\":{\"@id\":\"https:\\\/\\\/ubirataonline.com.br\\\/motociclista-de-24-anos-fica-ferido-ao-ser-atingido-por-carro-que-furou-preferencial-em-ponta-grossa\\\/#primaryimage\"},\"image\":{\"@id\":\"https:\\\/\\\/ubirataonline.com.br\\\/motociclista-de-24-anos-fica-ferido-ao-ser-atingido-por-carro-que-furou-preferencial-em-ponta-grossa\\\/#primaryimage\"},\"thumbnailUrl\":\"https:\\\/\\\/ubirataonline.com.br\\\/wp-content\\\/uploads\\\/2026\\\/09\\\/maaimg-post-169979-20260902-170809.webp\",\"datePublished\":\"2026-09-02T17:07:52+00:00\",\"dateModified\":\"2026-09-02T17:41:13+00:00\",\"description\":\"Grava\u00e7\u00e3o enviada \u00e0 Justi\u00e7a come\u00e7a ap\u00f3s a persegui\u00e7\u00e3o e mostra apenas movimenta\u00e7\u00e3o no local depois da morte do adolescente. A Guarda Municipal (GM) de\",\"breadcrumb\":{\"@id\":\"https:\\\/\\\/ubirataonline.com.br\\\/motociclista-de-24-anos-fica-ferido-ao-ser-atingido-por-carro-que-furou-preferencial-em-ponta-grossa\\\/#breadcrumb\"},\"inLanguage\":\"en-US\",\"potentialAction\":[{\"@type\":\"ReadAction\",\"target\":[\"https:\\\/\\\/ubirataonline.com.br\\\/motociclista-de-24-anos-fica-ferido-ao-ser-atingido-por-carro-que-furou-preferencial-em-ponta-grossa\\\/\"]}]},{\"@type\":\"ImageObject\",\"inLanguage\":\"en-US\",\"@id\":\"https:\\\/\\\/ubirataonline.com.br\\\/motociclista-de-24-anos-fica-ferido-ao-ser-atingido-por-carro-que-furou-preferencial-em-ponta-grossa\\\/#primaryimage\",\"url\":\"https:\\\/\\\/ubirataonline.com.br\\\/wp-content\\\/uploads\\\/2026\\\/09\\\/maaimg-post-169979-20260902-170809.webp\",\"contentUrl\":\"https:\\\/\\\/ubirataonline.com.br\\\/wp-content\\\/uploads\\\/2026\\\/09\\\/maaimg-post-169979-20260902-170809.webp\",\"width\":1536,\"height\":1024,\"caption\":\"Imagem ilustrativa Gerada por IA\"},{\"@type\":\"BreadcrumbList\",\"@id\":\"https:\\\/\\\/ubirataonline.com.br\\\/motociclista-de-24-anos-fica-ferido-ao-ser-atingido-por-carro-que-furou-preferencial-em-ponta-grossa\\\/#breadcrumb\",\"itemListElement\":[{\"@type\":\"ListItem\",\"position\":1,\"name\":\"In\u00edcio\",\"item\":\"https:\\\/\\\/ubirataonline.com.br\\\/\"},{\"@type\":\"ListItem\",\"position\":2,\"name\":\"C\u00e2meras corporais enviadas \u00e0 Justi\u00e7a n\u00e3o registraram abordagem que terminou com morte de adolescente em Londrina\"}]},{\"@type\":\"WebSite\",\"@id\":\"https:\\\/\\\/ubirataonline.com.br\\\/#website\",\"url\":\"https:\\\/\\\/ubirataonline.com.br\\\/\",\"name\":\"Ubirat\u00e3 Online Not\u00edcias\",\"description\":\"Not\u00edcias de Ubirat\u00e3, regi\u00e3o, Brasil e mundo, com informa\u00e7\u00e3o atualizada e compromisso com o leitor.\",\"publisher\":{\"@id\":\"https:\\\/\\\/ubirataonline.com.br\\\/#organization\"},\"alternateName\":\"Ubirat\u00e3 Online\",\"potentialAction\":[{\"@type\":\"SearchAction\",\"target\":{\"@type\":\"EntryPoint\",\"urlTemplate\":\"https:\\\/\\\/ubirataonline.com.br\\\/?s={search_term_string}\"},\"query-input\":{\"@type\":\"PropertyValueSpecification\",\"valueRequired\":true,\"valueName\":\"search_term_string\"}}],\"inLanguage\":\"en-US\"},{\"@type\":[\"Organization\",\"Place\"],\"@id\":\"https:\\\/\\\/ubirataonline.com.br\\\/#organization\",\"name\":\"Ubirat\u00e3 Online Not\u00edcias\",\"alternateName\":\"Ubirat\u00e3 Online\",\"url\":\"https:\\\/\\\/ubirataonline.com.br\\\/\",\"logo\":{\"@id\":\"https:\\\/\\\/ubirataonline.com.br\\\/motociclista-de-24-anos-fica-ferido-ao-ser-atingido-por-carro-que-furou-preferencial-em-ponta-grossa\\\/#local-main-organization-logo\"},\"image\":{\"@id\":\"https:\\\/\\\/ubirataonline.com.br\\\/motociclista-de-24-anos-fica-ferido-ao-ser-atingido-por-carro-que-furou-preferencial-em-ponta-grossa\\\/#local-main-organization-logo\"},\"sameAs\":[\"https:\\\/\\\/www.facebook.com\\\/portalubirataonline\",\"https:\\\/\\\/x.com\\\/ubirataonline\",\"https:\\\/\\\/mastodon.social\\\/@ubirataonline\",\"https:\\\/\\\/www.facebook.com\\\/groups\\\/311144672285604\",\"https:\\\/\\\/www.facebook.com\\\/UBTAOnline\",\"https:\\\/\\\/www.instagram.com\\\/portalubirataonline\\\/\",\"https:\\\/\\\/twitter.com\\\/ubirataonline\"],\"description\":\"Somos um portal de not\u00edcias independente, criado em 5 de janeiro de 2009, com o objetivo de informar, conectar e valorizar a nossa comunidade de Ubirat\u00e3 e toda aregi\u00e3o. Com conte\u00fado atualizado, confi\u00e1vel e relevante, o Ubirat\u00e3 Online \u00e9 o seu espa\u00e7o para ficar por dentro dos principais acontecimentos locais, regionais, Brasil, Mundo e de interesse geral. Nosso compromisso \u00e9 com a verdade, a transpar\u00eancia e o respeito ao leitor.\",\"legalName\":\"UBIRATA ONLINE NOT\u00cdCIAS\",\"foundingDate\":\"2009-01-05\",\"numberOfEmployees\":{\"@type\":\"QuantitativeValue\",\"minValue\":\"1\",\"maxValue\":\"10\"},\"publishingPrinciples\":\"https:\\\/\\\/ubirataonline.com.br\\\/faq\\\/\",\"address\":{\"@id\":\"https:\\\/\\\/ubirataonline.com.br\\\/motociclista-de-24-anos-fica-ferido-ao-ser-atingido-por-carro-que-furou-preferencial-em-ponta-grossa\\\/#local-main-place-address\"},\"geo\":{\"@type\":\"GeoCoordinates\",\"latitude\":\"-24.5361401\",\"longitude\":\"-52.9921776\"},\"telephone\":[\"+5544998308235\"],\"contactPoint\":{\"@type\":\"ContactPoint\",\"email\":\"contato@ubirataonline.com.br\"},\"openingHoursSpecification\":{\"@type\":\"OpeningHoursSpecification\",\"dayOfWeek\":[\"Monday\",\"Tuesday\",\"Wednesday\",\"Thursday\",\"Friday\",\"Saturday\",\"Sunday\"],\"opens\":\"00:00\",\"closes\":\"23:59\"},\"email\":\"contato@ubirataonline.com.br\",\"vatID\":\"47.621.418\\\/0001-80\"},{\"@type\":\"Person\",\"@id\":\"https:\\\/\\\/ubirataonline.com.br\\\/#\\\/schema\\\/person\\\/372f87bbd3fdd79b8556b84c98d0bc1c\",\"name\":\"REDA\u00c7\u00c3O: UBIRAT\u00c3 ONLINE - F\u00c1BIO AUGUSTO CELESTINO\",\"pronouns\":\"Ele\",\"description\":\"Desde 2003 trabalhando com not\u00edcias.\",\"sameAs\":[\"http:\\\/\\\/ubirataoline.com.br\",\"https:\\\/\\\/www.facebook.com\\\/portalubirataonline\",\"https:\\\/\\\/www.instagram.com\\\/ubirataonline_oficial\",\"https:\\\/\\\/x.com\\\/x.com\\\/ubirataonline\"],\"honorificPrefix\":\"Mr.\",\"honorificSuffix\":\"MD\",\"birthDate\":\"1980-06-16\",\"gender\":\"masculino\",\"award\":[\"V\u00e1rios pr\u00eamios de melhor portal da cidade\"],\"jobTitle\":\"Diretor\",\"url\":\"https:\\\/\\\/ubirataonline.com.br\\\/en\\\/author\\\/ubirataonline\\\/\"},{\"@type\":\"PostalAddress\",\"@id\":\"https:\\\/\\\/ubirataonline.com.br\\\/motociclista-de-24-anos-fica-ferido-ao-ser-atingido-por-carro-que-furou-preferencial-em-ponta-grossa\\\/#local-main-place-address\",\"streetAddress\":\"Rua dos Coqueiros, 104 - Bairro Boa Vista, Rua dos Coqueiros, 104 Bairro Boa Vista\",\"addressLocality\":\"UBIRATA\",\"postalCode\":\"85440-000\",\"addressRegion\":\"PR\",\"addressCountry\":\"BR\"},{\"@type\":\"ImageObject\",\"inLanguage\":\"en-US\",\"@id\":\"https:\\\/\\\/ubirataonline.com.br\\\/motociclista-de-24-anos-fica-ferido-ao-ser-atingido-por-carro-que-furou-preferencial-em-ponta-grossa\\\/#local-main-organization-logo\",\"url\":\"https:\\\/\\\/ubirataonline.com.br\\\/wp-content\\\/uploads\\\/2026\\\/06\\\/logoubirataonline-1.webp\",\"contentUrl\":\"https:\\\/\\\/ubirataonline.com.br\\\/wp-content\\\/uploads\\\/2026\\\/06\\\/logoubirataonline-1.webp\",\"width\":500,\"height\":500,\"caption\":\"Ubirat\u00e3 Online Not\u00edcias\"}]}<\/script>\n<meta name=\"geo.placename\" content=\"UBIRATA\" \/>\n<meta name=\"geo.position\" content=\"-24.5361401;-52.9921776\" \/>\n<meta name=\"geo.region\" content=\"Brazil\" \/>\n<!-- \/ Yoast SEO Premium plugin. -->","yoast_head_json":{"title":"C\u00e2meras corporais enviadas \u00e0 Justi\u00e7a n\u00e3o registraram abordagem que terminou com morte de adolescente em Londrina - Ubirat\u00e3 Online Not\u00edcias - A realidade ao seu alcance!","description":"Grava\u00e7\u00e3o enviada \u00e0 Justi\u00e7a come\u00e7a ap\u00f3s a persegui\u00e7\u00e3o e mostra apenas movimenta\u00e7\u00e3o no local depois da morte do adolescente. A Guarda Municipal (GM) de","robots":{"index":"index","follow":"follow","max-snippet":"max-snippet:-1","max-image-preview":"max-image-preview:large","max-video-preview":"max-video-preview:-1"},"canonical":"https:\/\/ubirataonline.com.br\/en\/motociclista-de-24-anos-fica-ferido-ao-ser-atingido-por-carro-que-furou-preferencial-em-ponta-grossa\/","og_locale":"en_US","og_type":"article","og_title":"C\u00e2meras corporais enviadas \u00e0 Justi\u00e7a n\u00e3o registraram abordagem que terminou com morte de adolescente em Londrina","og_description":"Grava\u00e7\u00e3o enviada \u00e0 Justi\u00e7a come\u00e7a ap\u00f3s a persegui\u00e7\u00e3o e mostra apenas movimenta\u00e7\u00e3o no local depois da morte do adolescente. A Guarda Municipal (GM) de","og_url":"https:\/\/ubirataonline.com.br\/en\/motociclista-de-24-anos-fica-ferido-ao-ser-atingido-por-carro-que-furou-preferencial-em-ponta-grossa\/","og_site_name":"Ubirat\u00e3 Online Not\u00edcias - A realidade ao seu alcance!","article_publisher":"https:\/\/www.facebook.com\/portalubirataonline","article_author":"https:\/\/www.facebook.com\/portalubirataonline","article_published_time":"2026-09-02T17:07:52+00:00","article_modified_time":"2026-09-02T17:41:13+00:00","og_image":[{"width":1536,"height":1024,"url":"https:\/\/ubirataonline.com.br\/wp-content\/uploads\/2026\/09\/maaimg-post-169979-20260902-170809.webp","type":"image\/webp"}],"author":"REDA\u00c7\u00c3O: UBIRAT\u00c3 ONLINE - F\u00c1BIO AUGUSTO CELESTINO","twitter_card":"summary_large_image","twitter_creator":"@x.com\/ubirataonline","twitter_site":"@ubirataonline","twitter_misc":{"Written by":"REDA\u00c7\u00c3O: UBIRAT\u00c3 ONLINE - F\u00c1BIO AUGUSTO CELESTINO","Est. reading time":"3 minutes"},"schema":{"@context":"https:\/\/schema.org","@graph":[{"@type":"NewsArticle","@id":"https:\/\/ubirataonline.com.br\/motociclista-de-24-anos-fica-ferido-ao-ser-atingido-por-carro-que-furou-preferencial-em-ponta-grossa\/#article","isPartOf":{"@id":"https:\/\/ubirataonline.com.br\/motociclista-de-24-anos-fica-ferido-ao-ser-atingido-por-carro-que-furou-preferencial-em-ponta-grossa\/"},"author":{"name":"REDA\u00c7\u00c3O: UBIRAT\u00c3 ONLINE - F\u00c1BIO AUGUSTO CELESTINO","@id":"https:\/\/ubirataonline.com.br\/#\/schema\/person\/372f87bbd3fdd79b8556b84c98d0bc1c"},"headline":"C\u00e2meras corporais enviadas \u00e0 Justi\u00e7a n\u00e3o registraram abordagem que terminou com morte de adolescente em Londrina","datePublished":"2026-09-02T17:07:52+00:00","dateModified":"2026-09-02T17:41:13+00:00","mainEntityOfPage":{"@id":"https:\/\/ubirataonline.com.br\/motociclista-de-24-anos-fica-ferido-ao-ser-atingido-por-carro-que-furou-preferencial-em-ponta-grossa\/"},"wordCount":693,"publisher":{"@id":"https:\/\/ubirataonline.com.br\/#organization"},"image":{"@id":"https:\/\/ubirataonline.com.br\/motociclista-de-24-anos-fica-ferido-ao-ser-atingido-por-carro-que-furou-preferencial-em-ponta-grossa\/#primaryimage"},"thumbnailUrl":"https:\/\/ubirataonline.com.br\/wp-content\/uploads\/2026\/09\/maaimg-post-169979-20260902-170809.webp","articleSection":["Paran\u00e1"],"inLanguage":"en-US","copyrightYear":"2026","copyrightHolder":{"@id":"https:\/\/ubirataonline.com.br\/en\/#organization"}},{"@type":"WebPage","@id":"https:\/\/ubirataonline.com.br\/motociclista-de-24-anos-fica-ferido-ao-ser-atingido-por-carro-que-furou-preferencial-em-ponta-grossa\/","url":"https:\/\/ubirataonline.com.br\/motociclista-de-24-anos-fica-ferido-ao-ser-atingido-por-carro-que-furou-preferencial-em-ponta-grossa\/","name":"C\u00e2meras corporais enviadas \u00e0 Justi\u00e7a n\u00e3o registraram abordagem que terminou com morte de adolescente em Londrina - Ubirat\u00e3 Online Not\u00edcias - A realidade ao seu alcance!","isPartOf":{"@id":"https:\/\/ubirataonline.com.br\/#website"},"primaryImageOfPage":{"@id":"https:\/\/ubirataonline.com.br\/motociclista-de-24-anos-fica-ferido-ao-ser-atingido-por-carro-que-furou-preferencial-em-ponta-grossa\/#primaryimage"},"image":{"@id":"https:\/\/ubirataonline.com.br\/motociclista-de-24-anos-fica-ferido-ao-ser-atingido-por-carro-que-furou-preferencial-em-ponta-grossa\/#primaryimage"},"thumbnailUrl":"https:\/\/ubirataonline.com.br\/wp-content\/uploads\/2026\/09\/maaimg-post-169979-20260902-170809.webp","datePublished":"2026-09-02T17:07:52+00:00","dateModified":"2026-09-02T17:41:13+00:00","description":"Grava\u00e7\u00e3o enviada \u00e0 Justi\u00e7a come\u00e7a ap\u00f3s a persegui\u00e7\u00e3o e mostra apenas movimenta\u00e7\u00e3o no local depois da morte do adolescente. A Guarda Municipal (GM) de","breadcrumb":{"@id":"https:\/\/ubirataonline.com.br\/motociclista-de-24-anos-fica-ferido-ao-ser-atingido-por-carro-que-furou-preferencial-em-ponta-grossa\/#breadcrumb"},"inLanguage":"en-US","potentialAction":[{"@type":"ReadAction","target":["https:\/\/ubirataonline.com.br\/motociclista-de-24-anos-fica-ferido-ao-ser-atingido-por-carro-que-furou-preferencial-em-ponta-grossa\/"]}]},{"@type":"ImageObject","inLanguage":"en-US","@id":"https:\/\/ubirataonline.com.br\/motociclista-de-24-anos-fica-ferido-ao-ser-atingido-por-carro-que-furou-preferencial-em-ponta-grossa\/#primaryimage","url":"https:\/\/ubirataonline.com.br\/wp-content\/uploads\/2026\/09\/maaimg-post-169979-20260902-170809.webp","contentUrl":"https:\/\/ubirataonline.com.br\/wp-content\/uploads\/2026\/09\/maaimg-post-169979-20260902-170809.webp","width":1536,"height":1024,"caption":"Imagem ilustrativa Gerada por IA"},{"@type":"BreadcrumbList","@id":"https:\/\/ubirataonline.com.br\/motociclista-de-24-anos-fica-ferido-ao-ser-atingido-por-carro-que-furou-preferencial-em-ponta-grossa\/#breadcrumb","itemListElement":[{"@type":"ListItem","position":1,"name":"In\u00edcio","item":"https:\/\/ubirataonline.com.br\/"},{"@type":"ListItem","position":2,"name":"C\u00e2meras corporais enviadas \u00e0 Justi\u00e7a n\u00e3o registraram abordagem que terminou com morte de adolescente em Londrina"}]},{"@type":"WebSite","@id":"https:\/\/ubirataonline.com.br\/#website","url":"https:\/\/ubirataonline.com.br\/","name":"Ubirat\u00e3 Online Not\u00edcias","description":"Not\u00edcias de Ubirat\u00e3, regi\u00e3o, Brasil e mundo, com informa\u00e7\u00e3o atualizada e compromisso com o leitor.","publisher":{"@id":"https:\/\/ubirataonline.com.br\/#organization"},"alternateName":"Ubirat\u00e3 Online","potentialAction":[{"@type":"SearchAction","target":{"@type":"EntryPoint","urlTemplate":"https:\/\/ubirataonline.com.br\/?s={search_term_string}"},"query-input":{"@type":"PropertyValueSpecification","valueRequired":true,"valueName":"search_term_string"}}],"inLanguage":"en-US"},{"@type":["Organization","Place"],"@id":"https:\/\/ubirataonline.com.br\/#organization","name":"Ubirat\u00e3 Online Not\u00edcias","alternateName":"Ubirat\u00e3 Online","url":"https:\/\/ubirataonline.com.br\/","logo":{"@id":"https:\/\/ubirataonline.com.br\/motociclista-de-24-anos-fica-ferido-ao-ser-atingido-por-carro-que-furou-preferencial-em-ponta-grossa\/#local-main-organization-logo"},"image":{"@id":"https:\/\/ubirataonline.com.br\/motociclista-de-24-anos-fica-ferido-ao-ser-atingido-por-carro-que-furou-preferencial-em-ponta-grossa\/#local-main-organization-logo"},"sameAs":["https:\/\/www.facebook.com\/portalubirataonline","https:\/\/x.com\/ubirataonline","https:\/\/mastodon.social\/@ubirataonline","https:\/\/www.facebook.com\/groups\/311144672285604","https:\/\/www.facebook.com\/UBTAOnline","https:\/\/www.instagram.com\/portalubirataonline\/","https:\/\/twitter.com\/ubirataonline"],"description":"Somos um portal de not\u00edcias independente, criado em 5 de janeiro de 2009, com o objetivo de informar, conectar e valorizar a nossa comunidade de Ubirat\u00e3 e toda aregi\u00e3o. Com conte\u00fado atualizado, confi\u00e1vel e relevante, o Ubirat\u00e3 Online \u00e9 o seu espa\u00e7o para ficar por dentro dos principais acontecimentos locais, regionais, Brasil, Mundo e de interesse geral. Nosso compromisso \u00e9 com a verdade, a transpar\u00eancia e o respeito ao leitor.","legalName":"UBIRATA ONLINE NOT\u00cdCIAS","foundingDate":"2009-01-05","numberOfEmployees":{"@type":"QuantitativeValue","minValue":"1","maxValue":"10"},"publishingPrinciples":"https:\/\/ubirataonline.com.br\/faq\/","address":{"@id":"https:\/\/ubirataonline.com.br\/motociclista-de-24-anos-fica-ferido-ao-ser-atingido-por-carro-que-furou-preferencial-em-ponta-grossa\/#local-main-place-address"},"geo":{"@type":"GeoCoordinates","latitude":"-24.5361401","longitude":"-52.9921776"},"telephone":["+5544998308235"],"contactPoint":{"@type":"ContactPoint","email":"contato@ubirataonline.com.br"},"openingHoursSpecification":{"@type":"OpeningHoursSpecification","dayOfWeek":["Monday","Tuesday","Wednesday","Thursday","Friday","Saturday","Sunday"],"opens":"00:00","closes":"23:59"},"email":"contato@ubirataonline.com.br","vatID":"47.621.418\/0001-80"},{"@type":"Person","@id":"https:\/\/ubirataonline.com.br\/#\/schema\/person\/372f87bbd3fdd79b8556b84c98d0bc1c","name":"REDA\u00c7\u00c3O: UBIRAT\u00c3 ONLINE - F\u00c1BIO AUGUSTO CELESTINO","pronouns":"Ele","description":"Desde 2003 trabalhando com not\u00edcias.","sameAs":["http:\/\/ubirataoline.com.br","https:\/\/www.facebook.com\/portalubirataonline","https:\/\/www.instagram.com\/ubirataonline_oficial","https:\/\/x.com\/x.com\/ubirataonline"],"honorificPrefix":"Mr.","honorificSuffix":"MD","birthDate":"1980-06-16","gender":"masculino","award":["V\u00e1rios pr\u00eamios de melhor portal da cidade"],"jobTitle":"Diretor","url":"https:\/\/ubirataonline.com.br\/en\/author\/ubirataonline\/"},{"@type":"PostalAddress","@id":"https:\/\/ubirataonline.com.br\/motociclista-de-24-anos-fica-ferido-ao-ser-atingido-por-carro-que-furou-preferencial-em-ponta-grossa\/#local-main-place-address","streetAddress":"Rua dos Coqueiros, 104 - Bairro Boa Vista, Rua dos Coqueiros, 104 Bairro Boa Vista","addressLocality":"UBIRATA","postalCode":"85440-000","addressRegion":"PR","addressCountry":"BR"},{"@type":"ImageObject","inLanguage":"en-US","@id":"https:\/\/ubirataonline.com.br\/motociclista-de-24-anos-fica-ferido-ao-ser-atingido-por-carro-que-furou-preferencial-em-ponta-grossa\/#local-main-organization-logo","url":"https:\/\/ubirataonline.com.br\/wp-content\/uploads\/2026\/06\/logoubirataonline-1.webp","contentUrl":"https:\/\/ubirataonline.com.br\/wp-content\/uploads\/2026\/06\/logoubirataonline-1.webp","width":500,"height":500,"caption":"Ubirat\u00e3 Online Not\u00edcias"}]},"geo.placename":"UBIRATA","geo.position":{"lat":"-24.5361401","long":"-52.9921776"},"geo.region":"Brazil"},"_links":{"self":[{"href":"https:\/\/ubirataonline.com.br\/en\/wp-json\/wp\/v2\/posts\/169979","targetHints":{"allow":["GET"]}}],"collection":[{"href":"https:\/\/ubirataonline.com.br\/en\/wp-json\/wp\/v2\/posts"}],"about":[{"href":"https:\/\/ubirataonline.com.br\/en\/wp-json\/wp\/v2\/types\/post"}],"author":[{"embeddable":true,"href":"https:\/\/ubirataonline.com.br\/en\/wp-json\/wp\/v2\/users\/1"}],"replies":[{"embeddable":true,"href":"https:\/\/ubirataonline.com.br\/en\/wp-json\/wp\/v2\/comments?post=169979"}],"version-history":[{"count":1,"href":"https:\/\/ubirataonline.com.br\/en\/wp-json\/wp\/v2\/posts\/169979\/revisions"}],"predecessor-version":[{"id":170000,"href":"https:\/\/ubirataonline.com.br\/en\/wp-json\/wp\/v2\/posts\/169979\/revisions\/170000"}],"wp:featuredmedia":[{"embeddable":true,"href":"https:\/\/ubirataonline.com.br\/en\/wp-json\/wp\/v2\/media\/169980"}],"wp:attachment":[{"href":"https:\/\/ubirataonline.com.br\/en\/wp-json\/wp\/v2\/media?parent=169979"}],"wp:term":[{"taxonomy":"category","embeddable":true,"href":"https:\/\/ubirataonline.com.br\/en\/wp-json\/wp\/v2\/categories?post=169979"},{"taxonomy":"post_tag","embeddable":true,"href":"https:\/\/ubirataonline.com.br\/en\/wp-json\/wp\/v2\/tags?post=169979"}],"curies":[{"name":"wp","href":"https:\/\/api.w.org\/{rel}","templated":true}]}}