{"id":169986,"date":"2026-09-02T14:18:12","date_gmt":"2026-09-02T17:18:12","guid":{"rendered":"https:\/\/ubirataonline.com.br\/parana-tem-425-candidatos-a-deputado-federal-nas-eleicoes-2026\/"},"modified":"2026-09-02T14:18:12","modified_gmt":"2026-09-02T17:18:12","slug":"parana-tem-425-candidatos-a-deputado-federal-nas-eleicoes-2026","status":"publish","type":"post","link":"https:\/\/ubirataonline.com.br\/en\/parana-tem-425-candidatos-a-deputado-federal-nas-eleicoes-2026\/","title":{"rendered":"Paran\u00e1 tem 425 candidatos a deputado federal nas Elei\u00e7\u00f5es 2026"},"content":{"rendered":"<h2>Lista alfab\u00e9tica traz nomes, n\u00fameros de urna e situa\u00e7\u00e3o de registro; vota\u00e7\u00e3o ser\u00e1 em 4 de outubro em turno \u00fanico, segundo G1 e dados do TSE.<\/h2>\n<p>O Paran\u00e1 registrou 425 candidatos disputando 30 vagas na C\u00e2mara dos Deputados nas Elei\u00e7\u00f5es 2026, segundo dados do Tribunal Superior Eleitoral (TSE) compilados e publicados pelo G1. A vota\u00e7\u00e3o est\u00e1 marcada para 4 de outubro e ocorre em turno \u00fanico para a C\u00e2mara dos Deputados.<\/p>\n<p>As vagas s\u00e3o distribu\u00eddas pelo sistema proporcional para mandatos de quatro anos. A lista disponibilizada pelo G1 re\u00fane, em ordem alfab\u00e9tica, os nomes dos candidatos, seus n\u00fameros de urna e a situa\u00e7\u00e3o do registro junto \u00e0 Justi\u00e7a Eleitoral \u2014 por exemplo, se o pedido est\u00e1 deferido, pendente ou se o candidato foi declarado inapto.<\/p>\n<h3>O que a lista traz<\/h3>\n<p>A reportagem publicada pelo G1 foi produzida automaticamente com dados fornecidos pelo TSE e inclui a classifica\u00e7\u00e3o dos candidatos em duas situa\u00e7\u00f5es principais: &#8220;concorrendo&#8221; (com varia\u00e7\u00f5es como deferido, deferido com recurso ou aguardando julgamento) e &#8220;inapto&#8221; (por cancelamento, indeferimento, falecimento, ren\u00fancia ou n\u00e3o conhecimento do pedido), conforme explicado pelo pr\u00f3prio TSE.<\/p>\n<p>Na lista constam, por exemplo, candidaturas marcadas como inapta por ren\u00fancia, como Alexandre Roller (PP) \u2014 1100 \u2014 Inapto \u2014 Ren\u00fancia, entre outros nomes que aparecem com esse status.<\/p>\n<p>O TSE tamb\u00e9m informa que, quando houver duplicidade de inscri\u00e7\u00e3o, manter\u00e1 os nomes duplicados na base, mas indicar\u00e1 apenas uma das op\u00e7\u00f5es como apta (&#8220;concorrendo&#8221;) at\u00e9 o dia da elei\u00e7\u00e3o.<\/p>\n<h3>Contexto das elei\u00e7\u00f5es<\/h3>\n<p>Segundo o TSE, o Brasil tem 158,7 milh\u00f5es de eleitores aptos a votar nas Elei\u00e7\u00f5es 2026. Al\u00e9m dos deputados federais, o eleitor vota para presidente, governador, senador e deputado estadual (ou distrital, no caso do Distrito Federal).<\/p>\n<p>O Senado renovar\u00e1 54 das 81 cadeiras nesta elei\u00e7\u00e3o; cada eleitor dever\u00e1 votar em dois candidatos ao Senado, de acordo com os dados do TSE citados pelo G1.<\/p>\n<h3>Atualiza\u00e7\u00f5es e verifica\u00e7\u00e3o<\/h3>\n<p>A lista de candidatos pode ser atualizada caso haja altera\u00e7\u00f5es no registro junto ao TSE. A mat\u00e9ria do G1 indica que foi produzida automaticamente com base nos dados do tribunal e pode ser revista; leitores que identifiquem erro foram orientados a informar o ve\u00edculo por meio do formul\u00e1rio indicado na reportagem.<\/p>\n<p><strong>Fonte:<\/strong> G1, com dados do Tribunal Superior Eleitoral (TSE).<\/p>","protected":false},"excerpt":{"rendered":"<p>Lista alfab\u00e9tica traz nomes, n\u00fameros de urna e situa\u00e7\u00e3o de registro; vota\u00e7\u00e3o ser\u00e1 em 4 de outubro em turno \u00fanico, segundo G1 e dados do TSE. O Paran\u00e1 registrou 425 candidatos disputando 30 vagas na C\u00e2mara dos Deputados nas Elei\u00e7\u00f5es 2026, segundo dados do Tribunal Superior Eleitoral (TSE) compilados e publicados pelo G1. A vota\u00e7\u00e3o [&hellip;]<\/p>\n","protected":false},"author":1,"featured_media":169987,"comment_status":"","ping_status":"","sticky":false,"template":"","format":"standard","meta":{"googlesitekit_rrm_CAow2JLhCw:productID":"","_gspb_post_css":"","maa_idioma":"","maa_pais":"","footnotes":""},"categories":[4],"tags":[],"class_list":["post-169986","post","type-post","status-publish","format-standard","has-post-thumbnail","hentry","category-brasil"],"blocksy_meta":[],"yoast_head":"<!-- This site is optimized with the Yoast SEO Premium plugin v27.6 (Yoast SEO v27.6) - https:\/\/yoast.com\/product\/yoast-seo-premium-wordpress\/ -->\n<title>Paran\u00e1 tem 425 candidatos a deputado federal nas Elei\u00e7\u00f5es 2026 - Ubirat\u00e3 Online Not\u00edcias - A realidade ao seu alcance!<\/title>\n<meta name=\"description\" content=\"Lista alfab\u00e9tica traz nomes, n\u00fameros de urna e situa\u00e7\u00e3o de registro; vota\u00e7\u00e3o ser\u00e1 em 4 de outubro em turno \u00fanico, segundo G1 e dados do TSE. O Paran\u00e1\" \/>\n<meta name=\"robots\" content=\"index, follow, max-snippet:-1, max-image-preview:large, max-video-preview:-1\" \/>\n<link rel=\"canonical\" href=\"https:\/\/ubirataonline.com.br\/en\/parana-tem-425-candidatos-a-deputado-federal-nas-eleicoes-2026\/\" \/>\n<meta property=\"og:locale\" content=\"en_US\" \/>\n<meta property=\"og:type\" content=\"article\" \/>\n<meta property=\"og:title\" content=\"Paran\u00e1 tem 425 candidatos a deputado federal nas Elei\u00e7\u00f5es 2026\" \/>\n<meta property=\"og:description\" content=\"Lista alfab\u00e9tica traz nomes, n\u00fameros de urna e situa\u00e7\u00e3o de registro; vota\u00e7\u00e3o ser\u00e1 em 4 de outubro em turno \u00fanico, segundo G1 e dados do TSE. O Paran\u00e1\" \/>\n<meta property=\"og:url\" content=\"https:\/\/ubirataonline.com.br\/en\/parana-tem-425-candidatos-a-deputado-federal-nas-eleicoes-2026\/\" \/>\n<meta property=\"og:site_name\" content=\"Ubirat\u00e3 Online Not\u00edcias - A realidade ao seu alcance!\" \/>\n<meta property=\"article:publisher\" content=\"https:\/\/www.facebook.com\/portalubirataonline\" \/>\n<meta property=\"article:author\" content=\"https:\/\/www.facebook.com\/portalubirataonline\" \/>\n<meta property=\"article:published_time\" content=\"2026-09-02T17:18:12+00:00\" \/>\n<meta property=\"og:image\" content=\"https:\/\/ubirataonline.com.br\/wp-content\/uploads\/2026\/05\/logo2026.webp\" \/>\n\t<meta property=\"og:image:width\" content=\"1531\" \/>\n\t<meta property=\"og:image:height\" content=\"418\" \/>\n\t<meta property=\"og:image:type\" content=\"image\/webp\" \/>\n<meta name=\"author\" content=\"REDA\u00c7\u00c3O: UBIRAT\u00c3 ONLINE - F\u00c1BIO AUGUSTO CELESTINO\" \/>\n<meta name=\"twitter:card\" content=\"summary_large_image\" \/>\n<meta name=\"twitter:creator\" content=\"@x.com\/ubirataonline\" \/>\n<meta name=\"twitter:site\" content=\"@ubirataonline\" \/>\n<meta name=\"twitter:label1\" content=\"Written by\" \/>\n\t<meta name=\"twitter:data1\" content=\"REDA\u00c7\u00c3O: UBIRAT\u00c3 ONLINE - F\u00c1BIO AUGUSTO CELESTINO\" \/>\n\t<meta name=\"twitter:label2\" content=\"Est. reading time\" \/>\n\t<meta name=\"twitter:data2\" content=\"2 minutes\" \/>\n<script type=\"application\/ld+json\" class=\"yoast-schema-graph\">{\"@context\":\"https:\\\/\\\/schema.org\",\"@graph\":[{\"@type\":\"NewsArticle\",\"@id\":\"https:\\\/\\\/ubirataonline.com.br\\\/parana-tem-425-candidatos-a-deputado-federal-nas-eleicoes-2026\\\/#article\",\"isPartOf\":{\"@id\":\"https:\\\/\\\/ubirataonline.com.br\\\/parana-tem-425-candidatos-a-deputado-federal-nas-eleicoes-2026\\\/\"},\"author\":{\"name\":\"REDA\u00c7\u00c3O: UBIRAT\u00c3 ONLINE - F\u00c1BIO AUGUSTO CELESTINO\",\"@id\":\"https:\\\/\\\/ubirataonline.com.br\\\/#\\\/schema\\\/person\\\/372f87bbd3fdd79b8556b84c98d0bc1c\"},\"headline\":\"Paran\u00e1 tem 425 candidatos a deputado federal nas Elei\u00e7\u00f5es 2026\",\"datePublished\":\"2026-09-02T17:18:12+00:00\",\"mainEntityOfPage\":{\"@id\":\"https:\\\/\\\/ubirataonline.com.br\\\/parana-tem-425-candidatos-a-deputado-federal-nas-eleicoes-2026\\\/\"},\"wordCount\":403,\"publisher\":{\"@id\":\"https:\\\/\\\/ubirataonline.com.br\\\/#organization\"},\"image\":{\"@id\":\"https:\\\/\\\/ubirataonline.com.br\\\/parana-tem-425-candidatos-a-deputado-federal-nas-eleicoes-2026\\\/#primaryimage\"},\"thumbnailUrl\":\"https:\\\/\\\/ubirataonline.com.br\\\/wp-content\\\/uploads\\\/2026\\\/09\\\/maaimg-post-169986-20260902-171829.webp\",\"articleSection\":[\"Brasil\"],\"inLanguage\":\"en-US\",\"copyrightYear\":\"2026\",\"copyrightHolder\":{\"@id\":\"https:\\\/\\\/ubirataonline.com.br\\\/en\\\/#organization\"}},{\"@type\":\"WebPage\",\"@id\":\"https:\\\/\\\/ubirataonline.com.br\\\/parana-tem-425-candidatos-a-deputado-federal-nas-eleicoes-2026\\\/\",\"url\":\"https:\\\/\\\/ubirataonline.com.br\\\/parana-tem-425-candidatos-a-deputado-federal-nas-eleicoes-2026\\\/\",\"name\":\"Paran\u00e1 tem 425 candidatos a deputado federal nas Elei\u00e7\u00f5es 2026 - Ubirat\u00e3 Online Not\u00edcias - A realidade ao seu alcance!\",\"isPartOf\":{\"@id\":\"https:\\\/\\\/ubirataonline.com.br\\\/#website\"},\"primaryImageOfPage\":{\"@id\":\"https:\\\/\\\/ubirataonline.com.br\\\/parana-tem-425-candidatos-a-deputado-federal-nas-eleicoes-2026\\\/#primaryimage\"},\"image\":{\"@id\":\"https:\\\/\\\/ubirataonline.com.br\\\/parana-tem-425-candidatos-a-deputado-federal-nas-eleicoes-2026\\\/#primaryimage\"},\"thumbnailUrl\":\"https:\\\/\\\/ubirataonline.com.br\\\/wp-content\\\/uploads\\\/2026\\\/09\\\/maaimg-post-169986-20260902-171829.webp\",\"datePublished\":\"2026-09-02T17:18:12+00:00\",\"description\":\"Lista alfab\u00e9tica traz nomes, n\u00fameros de urna e situa\u00e7\u00e3o de registro; vota\u00e7\u00e3o ser\u00e1 em 4 de outubro em turno \u00fanico, segundo G1 e dados do TSE. O Paran\u00e1\",\"breadcrumb\":{\"@id\":\"https:\\\/\\\/ubirataonline.com.br\\\/parana-tem-425-candidatos-a-deputado-federal-nas-eleicoes-2026\\\/#breadcrumb\"},\"inLanguage\":\"en-US\",\"potentialAction\":[{\"@type\":\"ReadAction\",\"target\":[\"https:\\\/\\\/ubirataonline.com.br\\\/parana-tem-425-candidatos-a-deputado-federal-nas-eleicoes-2026\\\/\"]}]},{\"@type\":\"ImageObject\",\"inLanguage\":\"en-US\",\"@id\":\"https:\\\/\\\/ubirataonline.com.br\\\/parana-tem-425-candidatos-a-deputado-federal-nas-eleicoes-2026\\\/#primaryimage\",\"url\":\"https:\\\/\\\/ubirataonline.com.br\\\/wp-content\\\/uploads\\\/2026\\\/09\\\/maaimg-post-169986-20260902-171829.webp\",\"contentUrl\":\"https:\\\/\\\/ubirataonline.com.br\\\/wp-content\\\/uploads\\\/2026\\\/09\\\/maaimg-post-169986-20260902-171829.webp\",\"width\":1536,\"height\":1024,\"caption\":\"Imagem ilustrativa Gerada por IA\"},{\"@type\":\"BreadcrumbList\",\"@id\":\"https:\\\/\\\/ubirataonline.com.br\\\/parana-tem-425-candidatos-a-deputado-federal-nas-eleicoes-2026\\\/#breadcrumb\",\"itemListElement\":[{\"@type\":\"ListItem\",\"position\":1,\"name\":\"In\u00edcio\",\"item\":\"https:\\\/\\\/ubirataonline.com.br\\\/\"},{\"@type\":\"ListItem\",\"position\":2,\"name\":\"Paran\u00e1 tem 425 candidatos a deputado federal nas Elei\u00e7\u00f5es 2026\"}]},{\"@type\":\"WebSite\",\"@id\":\"https:\\\/\\\/ubirataonline.com.br\\\/#website\",\"url\":\"https:\\\/\\\/ubirataonline.com.br\\\/\",\"name\":\"Ubirat\u00e3 Online Not\u00edcias\",\"description\":\"Not\u00edcias de Ubirat\u00e3, regi\u00e3o, Brasil e mundo, com informa\u00e7\u00e3o atualizada e compromisso com o leitor.\",\"publisher\":{\"@id\":\"https:\\\/\\\/ubirataonline.com.br\\\/#organization\"},\"alternateName\":\"Ubirat\u00e3 Online\",\"potentialAction\":[{\"@type\":\"SearchAction\",\"target\":{\"@type\":\"EntryPoint\",\"urlTemplate\":\"https:\\\/\\\/ubirataonline.com.br\\\/?s={search_term_string}\"},\"query-input\":{\"@type\":\"PropertyValueSpecification\",\"valueRequired\":true,\"valueName\":\"search_term_string\"}}],\"inLanguage\":\"en-US\"},{\"@type\":[\"Organization\",\"Place\"],\"@id\":\"https:\\\/\\\/ubirataonline.com.br\\\/#organization\",\"name\":\"Ubirat\u00e3 Online Not\u00edcias\",\"alternateName\":\"Ubirat\u00e3 Online\",\"url\":\"https:\\\/\\\/ubirataonline.com.br\\\/\",\"logo\":{\"@id\":\"https:\\\/\\\/ubirataonline.com.br\\\/parana-tem-425-candidatos-a-deputado-federal-nas-eleicoes-2026\\\/#local-main-organization-logo\"},\"image\":{\"@id\":\"https:\\\/\\\/ubirataonline.com.br\\\/parana-tem-425-candidatos-a-deputado-federal-nas-eleicoes-2026\\\/#local-main-organization-logo\"},\"sameAs\":[\"https:\\\/\\\/www.facebook.com\\\/portalubirataonline\",\"https:\\\/\\\/x.com\\\/ubirataonline\",\"https:\\\/\\\/mastodon.social\\\/@ubirataonline\",\"https:\\\/\\\/www.facebook.com\\\/groups\\\/311144672285604\",\"https:\\\/\\\/www.facebook.com\\\/UBTAOnline\",\"https:\\\/\\\/www.instagram.com\\\/portalubirataonline\\\/\",\"https:\\\/\\\/twitter.com\\\/ubirataonline\"],\"description\":\"Somos um portal de not\u00edcias independente, criado em 5 de janeiro de 2009, com o objetivo de informar, conectar e valorizar a nossa comunidade de Ubirat\u00e3 e toda aregi\u00e3o. Com conte\u00fado atualizado, confi\u00e1vel e relevante, o Ubirat\u00e3 Online \u00e9 o seu espa\u00e7o para ficar por dentro dos principais acontecimentos locais, regionais, Brasil, Mundo e de interesse geral. Nosso compromisso \u00e9 com a verdade, a transpar\u00eancia e o respeito ao leitor.\",\"legalName\":\"UBIRATA ONLINE NOT\u00cdCIAS\",\"foundingDate\":\"2009-01-05\",\"numberOfEmployees\":{\"@type\":\"QuantitativeValue\",\"minValue\":\"1\",\"maxValue\":\"10\"},\"publishingPrinciples\":\"https:\\\/\\\/ubirataonline.com.br\\\/faq\\\/\",\"address\":{\"@id\":\"https:\\\/\\\/ubirataonline.com.br\\\/parana-tem-425-candidatos-a-deputado-federal-nas-eleicoes-2026\\\/#local-main-place-address\"},\"geo\":{\"@type\":\"GeoCoordinates\",\"latitude\":\"-24.5361401\",\"longitude\":\"-52.9921776\"},\"telephone\":[\"+5544998308235\"],\"contactPoint\":{\"@type\":\"ContactPoint\",\"email\":\"contato@ubirataonline.com.br\"},\"openingHoursSpecification\":{\"@type\":\"OpeningHoursSpecification\",\"dayOfWeek\":[\"Monday\",\"Tuesday\",\"Wednesday\",\"Thursday\",\"Friday\",\"Saturday\",\"Sunday\"],\"opens\":\"00:00\",\"closes\":\"23:59\"},\"email\":\"contato@ubirataonline.com.br\",\"vatID\":\"47.621.418\\\/0001-80\"},{\"@type\":\"Person\",\"@id\":\"https:\\\/\\\/ubirataonline.com.br\\\/#\\\/schema\\\/person\\\/372f87bbd3fdd79b8556b84c98d0bc1c\",\"name\":\"REDA\u00c7\u00c3O: UBIRAT\u00c3 ONLINE - F\u00c1BIO AUGUSTO CELESTINO\",\"pronouns\":\"Ele\",\"description\":\"Desde 2003 trabalhando com not\u00edcias.\",\"sameAs\":[\"http:\\\/\\\/ubirataoline.com.br\",\"https:\\\/\\\/www.facebook.com\\\/portalubirataonline\",\"https:\\\/\\\/www.instagram.com\\\/ubirataonline_oficial\",\"https:\\\/\\\/x.com\\\/x.com\\\/ubirataonline\"],\"honorificPrefix\":\"Mr.\",\"honorificSuffix\":\"MD\",\"birthDate\":\"1980-06-16\",\"gender\":\"masculino\",\"award\":[\"V\u00e1rios pr\u00eamios de melhor portal da cidade\"],\"jobTitle\":\"Diretor\",\"url\":\"https:\\\/\\\/ubirataonline.com.br\\\/en\\\/author\\\/ubirataonline\\\/\"},{\"@type\":\"PostalAddress\",\"@id\":\"https:\\\/\\\/ubirataonline.com.br\\\/parana-tem-425-candidatos-a-deputado-federal-nas-eleicoes-2026\\\/#local-main-place-address\",\"streetAddress\":\"Rua dos Coqueiros, 104 - Bairro Boa Vista, Rua dos Coqueiros, 104 Bairro Boa Vista\",\"addressLocality\":\"UBIRATA\",\"postalCode\":\"85440-000\",\"addressRegion\":\"PR\",\"addressCountry\":\"BR\"},{\"@type\":\"ImageObject\",\"inLanguage\":\"en-US\",\"@id\":\"https:\\\/\\\/ubirataonline.com.br\\\/parana-tem-425-candidatos-a-deputado-federal-nas-eleicoes-2026\\\/#local-main-organization-logo\",\"url\":\"https:\\\/\\\/ubirataonline.com.br\\\/wp-content\\\/uploads\\\/2026\\\/06\\\/logoubirataonline-1.webp\",\"contentUrl\":\"https:\\\/\\\/ubirataonline.com.br\\\/wp-content\\\/uploads\\\/2026\\\/06\\\/logoubirataonline-1.webp\",\"width\":500,\"height\":500,\"caption\":\"Ubirat\u00e3 Online Not\u00edcias\"}]}<\/script>\n<meta name=\"geo.placename\" content=\"UBIRATA\" \/>\n<meta name=\"geo.position\" content=\"-24.5361401;-52.9921776\" \/>\n<meta name=\"geo.region\" content=\"Brazil\" \/>\n<!-- \/ Yoast SEO Premium plugin. -->","yoast_head_json":{"title":"Paran\u00e1 tem 425 candidatos a deputado federal nas Elei\u00e7\u00f5es 2026 - Ubirat\u00e3 Online Not\u00edcias - A realidade ao seu alcance!","description":"Lista alfab\u00e9tica traz nomes, n\u00fameros de urna e situa\u00e7\u00e3o de registro; vota\u00e7\u00e3o ser\u00e1 em 4 de outubro em turno \u00fanico, segundo G1 e dados do TSE. O Paran\u00e1","robots":{"index":"index","follow":"follow","max-snippet":"max-snippet:-1","max-image-preview":"max-image-preview:large","max-video-preview":"max-video-preview:-1"},"canonical":"https:\/\/ubirataonline.com.br\/en\/parana-tem-425-candidatos-a-deputado-federal-nas-eleicoes-2026\/","og_locale":"en_US","og_type":"article","og_title":"Paran\u00e1 tem 425 candidatos a deputado federal nas Elei\u00e7\u00f5es 2026","og_description":"Lista alfab\u00e9tica traz nomes, n\u00fameros de urna e situa\u00e7\u00e3o de registro; vota\u00e7\u00e3o ser\u00e1 em 4 de outubro em turno \u00fanico, segundo G1 e dados do TSE. O Paran\u00e1","og_url":"https:\/\/ubirataonline.com.br\/en\/parana-tem-425-candidatos-a-deputado-federal-nas-eleicoes-2026\/","og_site_name":"Ubirat\u00e3 Online Not\u00edcias - A realidade ao seu alcance!","article_publisher":"https:\/\/www.facebook.com\/portalubirataonline","article_author":"https:\/\/www.facebook.com\/portalubirataonline","article_published_time":"2026-09-02T17:18:12+00:00","og_image":[{"width":1531,"height":418,"url":"https:\/\/ubirataonline.com.br\/wp-content\/uploads\/2026\/05\/logo2026.webp","type":"image\/webp"}],"author":"REDA\u00c7\u00c3O: UBIRAT\u00c3 ONLINE - F\u00c1BIO AUGUSTO CELESTINO","twitter_card":"summary_large_image","twitter_creator":"@x.com\/ubirataonline","twitter_site":"@ubirataonline","twitter_misc":{"Written by":"REDA\u00c7\u00c3O: UBIRAT\u00c3 ONLINE - F\u00c1BIO AUGUSTO CELESTINO","Est. reading time":"2 minutes"},"schema":{"@context":"https:\/\/schema.org","@graph":[{"@type":"NewsArticle","@id":"https:\/\/ubirataonline.com.br\/parana-tem-425-candidatos-a-deputado-federal-nas-eleicoes-2026\/#article","isPartOf":{"@id":"https:\/\/ubirataonline.com.br\/parana-tem-425-candidatos-a-deputado-federal-nas-eleicoes-2026\/"},"author":{"name":"REDA\u00c7\u00c3O: UBIRAT\u00c3 ONLINE - F\u00c1BIO AUGUSTO CELESTINO","@id":"https:\/\/ubirataonline.com.br\/#\/schema\/person\/372f87bbd3fdd79b8556b84c98d0bc1c"},"headline":"Paran\u00e1 tem 425 candidatos a deputado federal nas Elei\u00e7\u00f5es 2026","datePublished":"2026-09-02T17:18:12+00:00","mainEntityOfPage":{"@id":"https:\/\/ubirataonline.com.br\/parana-tem-425-candidatos-a-deputado-federal-nas-eleicoes-2026\/"},"wordCount":403,"publisher":{"@id":"https:\/\/ubirataonline.com.br\/#organization"},"image":{"@id":"https:\/\/ubirataonline.com.br\/parana-tem-425-candidatos-a-deputado-federal-nas-eleicoes-2026\/#primaryimage"},"thumbnailUrl":"https:\/\/ubirataonline.com.br\/wp-content\/uploads\/2026\/09\/maaimg-post-169986-20260902-171829.webp","articleSection":["Brasil"],"inLanguage":"en-US","copyrightYear":"2026","copyrightHolder":{"@id":"https:\/\/ubirataonline.com.br\/en\/#organization"}},{"@type":"WebPage","@id":"https:\/\/ubirataonline.com.br\/parana-tem-425-candidatos-a-deputado-federal-nas-eleicoes-2026\/","url":"https:\/\/ubirataonline.com.br\/parana-tem-425-candidatos-a-deputado-federal-nas-eleicoes-2026\/","name":"Paran\u00e1 tem 425 candidatos a deputado federal nas Elei\u00e7\u00f5es 2026 - Ubirat\u00e3 Online Not\u00edcias - A realidade ao seu alcance!","isPartOf":{"@id":"https:\/\/ubirataonline.com.br\/#website"},"primaryImageOfPage":{"@id":"https:\/\/ubirataonline.com.br\/parana-tem-425-candidatos-a-deputado-federal-nas-eleicoes-2026\/#primaryimage"},"image":{"@id":"https:\/\/ubirataonline.com.br\/parana-tem-425-candidatos-a-deputado-federal-nas-eleicoes-2026\/#primaryimage"},"thumbnailUrl":"https:\/\/ubirataonline.com.br\/wp-content\/uploads\/2026\/09\/maaimg-post-169986-20260902-171829.webp","datePublished":"2026-09-02T17:18:12+00:00","description":"Lista alfab\u00e9tica traz nomes, n\u00fameros de urna e situa\u00e7\u00e3o de registro; vota\u00e7\u00e3o ser\u00e1 em 4 de outubro em turno \u00fanico, segundo G1 e dados do TSE. O Paran\u00e1","breadcrumb":{"@id":"https:\/\/ubirataonline.com.br\/parana-tem-425-candidatos-a-deputado-federal-nas-eleicoes-2026\/#breadcrumb"},"inLanguage":"en-US","potentialAction":[{"@type":"ReadAction","target":["https:\/\/ubirataonline.com.br\/parana-tem-425-candidatos-a-deputado-federal-nas-eleicoes-2026\/"]}]},{"@type":"ImageObject","inLanguage":"en-US","@id":"https:\/\/ubirataonline.com.br\/parana-tem-425-candidatos-a-deputado-federal-nas-eleicoes-2026\/#primaryimage","url":"https:\/\/ubirataonline.com.br\/wp-content\/uploads\/2026\/09\/maaimg-post-169986-20260902-171829.webp","contentUrl":"https:\/\/ubirataonline.com.br\/wp-content\/uploads\/2026\/09\/maaimg-post-169986-20260902-171829.webp","width":1536,"height":1024,"caption":"Imagem ilustrativa Gerada por IA"},{"@type":"BreadcrumbList","@id":"https:\/\/ubirataonline.com.br\/parana-tem-425-candidatos-a-deputado-federal-nas-eleicoes-2026\/#breadcrumb","itemListElement":[{"@type":"ListItem","position":1,"name":"In\u00edcio","item":"https:\/\/ubirataonline.com.br\/"},{"@type":"ListItem","position":2,"name":"Paran\u00e1 tem 425 candidatos a deputado federal nas Elei\u00e7\u00f5es 2026"}]},{"@type":"WebSite","@id":"https:\/\/ubirataonline.com.br\/#website","url":"https:\/\/ubirataonline.com.br\/","name":"Ubirat\u00e3 Online Not\u00edcias","description":"Not\u00edcias de Ubirat\u00e3, regi\u00e3o, Brasil e mundo, com informa\u00e7\u00e3o atualizada e compromisso com o leitor.","publisher":{"@id":"https:\/\/ubirataonline.com.br\/#organization"},"alternateName":"Ubirat\u00e3 Online","potentialAction":[{"@type":"SearchAction","target":{"@type":"EntryPoint","urlTemplate":"https:\/\/ubirataonline.com.br\/?s={search_term_string}"},"query-input":{"@type":"PropertyValueSpecification","valueRequired":true,"valueName":"search_term_string"}}],"inLanguage":"en-US"},{"@type":["Organization","Place"],"@id":"https:\/\/ubirataonline.com.br\/#organization","name":"Ubirat\u00e3 Online Not\u00edcias","alternateName":"Ubirat\u00e3 Online","url":"https:\/\/ubirataonline.com.br\/","logo":{"@id":"https:\/\/ubirataonline.com.br\/parana-tem-425-candidatos-a-deputado-federal-nas-eleicoes-2026\/#local-main-organization-logo"},"image":{"@id":"https:\/\/ubirataonline.com.br\/parana-tem-425-candidatos-a-deputado-federal-nas-eleicoes-2026\/#local-main-organization-logo"},"sameAs":["https:\/\/www.facebook.com\/portalubirataonline","https:\/\/x.com\/ubirataonline","https:\/\/mastodon.social\/@ubirataonline","https:\/\/www.facebook.com\/groups\/311144672285604","https:\/\/www.facebook.com\/UBTAOnline","https:\/\/www.instagram.com\/portalubirataonline\/","https:\/\/twitter.com\/ubirataonline"],"description":"Somos um portal de not\u00edcias independente, criado em 5 de janeiro de 2009, com o objetivo de informar, conectar e valorizar a nossa comunidade de Ubirat\u00e3 e toda aregi\u00e3o. Com conte\u00fado atualizado, confi\u00e1vel e relevante, o Ubirat\u00e3 Online \u00e9 o seu espa\u00e7o para ficar por dentro dos principais acontecimentos locais, regionais, Brasil, Mundo e de interesse geral. Nosso compromisso \u00e9 com a verdade, a transpar\u00eancia e o respeito ao leitor.","legalName":"UBIRATA ONLINE NOT\u00cdCIAS","foundingDate":"2009-01-05","numberOfEmployees":{"@type":"QuantitativeValue","minValue":"1","maxValue":"10"},"publishingPrinciples":"https:\/\/ubirataonline.com.br\/faq\/","address":{"@id":"https:\/\/ubirataonline.com.br\/parana-tem-425-candidatos-a-deputado-federal-nas-eleicoes-2026\/#local-main-place-address"},"geo":{"@type":"GeoCoordinates","latitude":"-24.5361401","longitude":"-52.9921776"},"telephone":["+5544998308235"],"contactPoint":{"@type":"ContactPoint","email":"contato@ubirataonline.com.br"},"openingHoursSpecification":{"@type":"OpeningHoursSpecification","dayOfWeek":["Monday","Tuesday","Wednesday","Thursday","Friday","Saturday","Sunday"],"opens":"00:00","closes":"23:59"},"email":"contato@ubirataonline.com.br","vatID":"47.621.418\/0001-80"},{"@type":"Person","@id":"https:\/\/ubirataonline.com.br\/#\/schema\/person\/372f87bbd3fdd79b8556b84c98d0bc1c","name":"REDA\u00c7\u00c3O: UBIRAT\u00c3 ONLINE - F\u00c1BIO AUGUSTO CELESTINO","pronouns":"Ele","description":"Desde 2003 trabalhando com not\u00edcias.","sameAs":["http:\/\/ubirataoline.com.br","https:\/\/www.facebook.com\/portalubirataonline","https:\/\/www.instagram.com\/ubirataonline_oficial","https:\/\/x.com\/x.com\/ubirataonline"],"honorificPrefix":"Mr.","honorificSuffix":"MD","birthDate":"1980-06-16","gender":"masculino","award":["V\u00e1rios pr\u00eamios de melhor portal da cidade"],"jobTitle":"Diretor","url":"https:\/\/ubirataonline.com.br\/en\/author\/ubirataonline\/"},{"@type":"PostalAddress","@id":"https:\/\/ubirataonline.com.br\/parana-tem-425-candidatos-a-deputado-federal-nas-eleicoes-2026\/#local-main-place-address","streetAddress":"Rua dos Coqueiros, 104 - Bairro Boa Vista, Rua dos Coqueiros, 104 Bairro Boa Vista","addressLocality":"UBIRATA","postalCode":"85440-000","addressRegion":"PR","addressCountry":"BR"},{"@type":"ImageObject","inLanguage":"en-US","@id":"https:\/\/ubirataonline.com.br\/parana-tem-425-candidatos-a-deputado-federal-nas-eleicoes-2026\/#local-main-organization-logo","url":"https:\/\/ubirataonline.com.br\/wp-content\/uploads\/2026\/06\/logoubirataonline-1.webp","contentUrl":"https:\/\/ubirataonline.com.br\/wp-content\/uploads\/2026\/06\/logoubirataonline-1.webp","width":500,"height":500,"caption":"Ubirat\u00e3 Online Not\u00edcias"}]},"geo.placename":"UBIRATA","geo.position":{"lat":"-24.5361401","long":"-52.9921776"},"geo.region":"Brazil"},"_links":{"self":[{"href":"https:\/\/ubirataonline.com.br\/en\/wp-json\/wp\/v2\/posts\/169986","targetHints":{"allow":["GET"]}}],"collection":[{"href":"https:\/\/ubirataonline.com.br\/en\/wp-json\/wp\/v2\/posts"}],"about":[{"href":"https:\/\/ubirataonline.com.br\/en\/wp-json\/wp\/v2\/types\/post"}],"author":[{"embeddable":true,"href":"https:\/\/ubirataonline.com.br\/en\/wp-json\/wp\/v2\/users\/1"}],"replies":[{"embeddable":true,"href":"https:\/\/ubirataonline.com.br\/en\/wp-json\/wp\/v2\/comments?post=169986"}],"version-history":[{"count":0,"href":"https:\/\/ubirataonline.com.br\/en\/wp-json\/wp\/v2\/posts\/169986\/revisions"}],"wp:featuredmedia":[{"embeddable":true,"href":"https:\/\/ubirataonline.com.br\/en\/wp-json\/wp\/v2\/media\/169987"}],"wp:attachment":[{"href":"https:\/\/ubirataonline.com.br\/en\/wp-json\/wp\/v2\/media?parent=169986"}],"wp:term":[{"taxonomy":"category","embeddable":true,"href":"https:\/\/ubirataonline.com.br\/en\/wp-json\/wp\/v2\/categories?post=169986"},{"taxonomy":"post_tag","embeddable":true,"href":"https:\/\/ubirataonline.com.br\/en\/wp-json\/wp\/v2\/tags?post=169986"}],"curies":[{"name":"wp","href":"https:\/\/api.w.org\/{rel}","templated":true}]}}