{"id":169992,"date":"2026-09-02T14:27:57","date_gmt":"2026-09-02T17:27:57","guid":{"rendered":"https:\/\/ubirataonline.com.br\/deltan-dallagnol-afirma-estar-elegivel-e-contesta-motivo-da-cassacao-de-2023\/"},"modified":"2026-09-02T14:27:57","modified_gmt":"2026-09-02T17:27:57","slug":"deltan-dallagnol-afirma-estar-elegivel-e-contesta-motivo-da-cassacao-de-2023","status":"publish","type":"post","link":"https:\/\/ubirataonline.com.br\/en\/deltan-dallagnol-afirma-estar-elegivel-e-contesta-motivo-da-cassacao-de-2023\/","title":{"rendered":"Deltan Dallagnol afirma estar eleg\u00edvel e contesta motivo da cassa\u00e7\u00e3o de 2023"},"content":{"rendered":"<h2>Candidato ao Senado pelo Paran\u00e1 diz, em entrevista \u00e0 RPC, que registro segue pendente e que raz\u00e3o para indeferimento &#8216;n\u00e3o se sustenta mais&#8217;.<\/h2>\n<p>O candidato ao Senado pelo Paran\u00e1 Deltan Dallagnol (Novo) afirmou nesta quarta-feira (2) que est\u00e1 eleg\u00edvel para disputar as elei\u00e7\u00f5es, mesmo com o registro de candidatura ainda pendente de an\u00e1lise definitiva pela Justi\u00e7a Eleitoral. &#8220;Eu estou sim eleg\u00edvel&#8221;, disse em entrevista ao telejornal Meio-Dia Paran\u00e1, da RPC, afiliada da TV Globo.<\/p>\n<p>Ele afirmou ainda que a quest\u00e3o que motivou a cassa\u00e7\u00e3o de seu mandato em 2023 &#8220;n\u00e3o se sustenta mais&#8221; e que, por isso, participa dos programas eleitorais sob supervis\u00e3o do Tribunal Eleitoral do Paran\u00e1.<\/p>\n<h3>Registro, cassa\u00e7\u00e3o e posicionamento<\/h3>\n<p>Em 2023, quando foi eleito deputado federal, Deltan teve o mandato cassado pelo Tribunal Superior Eleitoral (TSE) com base na Lei da Ficha Limpa, conforme informou a reportagem. Na entrevista, o candidato disse que, ao analisar a Constitui\u00e7\u00e3o e a legisla\u00e7\u00e3o, considera-se eleg\u00edvel e afirmou que o motivo do indeferimento anterior n\u00e3o se mant\u00e9m.<\/p>\n<h3>Financiamento de campanha e remunera\u00e7\u00e3o pelo partido<\/h3>\n<p>Deltan foi questionado sobre o uso de recursos p\u00fablicos em sua campanha. segundo G1, ele recebeu R$ 300 mil do Fundo Eleitoral e R$ 500 mil do Fundo Partid\u00e1rio. Perguntado sobre poss\u00edvel contradi\u00e7\u00e3o com cr\u00edticas anteriores ao financiamento p\u00fablico, respondeu que \u00e9 contra o uso de dinheiro p\u00fablico em campanhas, mas que utiliza as ferramentas legais dispon\u00edveis para competir em igualdade; afirmou ainda que, se eleito, pretende votar pela redu\u00e7\u00e3o ou extin\u00e7\u00e3o do Fundo Eleitoral.<\/p>\n<p>A reportagem tamb\u00e9m registrou que Deltan recebeu, em 2025, cerca de R$ 40 mil por m\u00eas do Partido Novo pela atua\u00e7\u00e3o como embaixador da sigla. Ele afirmou que a remunera\u00e7\u00e3o teve contrato, declara\u00e7\u00e3o e presta\u00e7\u00e3o de contas.<\/p>\n<h3>Alian\u00e7as e posi\u00e7\u00f5es sobre temas institucionais<\/h3>\n<p>Deltan comentou a alian\u00e7a no Paran\u00e1 com o PL e a divis\u00e3o de palanque com Valdemar Costa Neto, condenado no caso do Mensal\u00e3o. segundo G1, ele afirmou que a composi\u00e7\u00e3o \u00e9 estadual e que &#8220;cada pessoa responda pelos pr\u00f3prios atos&#8221;; disse tamb\u00e9m que &#8220;n\u00e3o passa pano para ningu\u00e9m&#8221;, seja de direita ou de esquerda.<\/p>\n<p>Sobre o processo de impeachment de ministros do Supremo Tribunal Federal (STF), o candidato defendeu redu\u00e7\u00e3o do prazo para an\u00e1lise dos pedidos e exig\u00eancia de menos votos para aprovar o afastamento, medidas que, segundo ele, seriam importantes para responsabilizar autoridades. Em rela\u00e7\u00e3o \u00e0 proposta conhecida como escala 6&#215;1, afirmou n\u00e3o se opor a sua discuss\u00e3o, mas que \u00e9 necess\u00e1rio estudo de viabilidade para evitar preju\u00edzos aos trabalhadores.<\/p>\n<p>Quanto ao uso de provas il\u00edcitas, Deltan disse que defende o aproveitamento de provas produzidas de boa-f\u00e9, citando uma teoria adotada nos Estados Unidos. Sobre a mudan\u00e7a de compet\u00eancia de crimes de corrup\u00e7\u00e3o para a Justi\u00e7a Eleitoral, afirmou que a transfer\u00eancia enfraqueceu o combate \u00e0 corrup\u00e7\u00e3o e que a Lava Jato funcionou enquanto os casos eram julgados pela Justi\u00e7a Federal, posi\u00e7\u00e3o apresentada na entrevista.<\/p>\n<h3>Contexto da entrevista<\/h3>\n<p>A entrevista fez parte de uma s\u00e9rie do telejornal Meio-Dia Paran\u00e1 com candidatos mais bem colocados no cen\u00e1rio estimulado da pesquisa Quaest; a ordem foi definida por sorteio e o tempo previsto para cada entrevista \u00e9 de 30 minutos, informou a reportagem. A agenda da semana citada inclui, segundo G1, entrevistas com Alexandre Curi e Gleisi Hoffmann j\u00e1 realizadas, e com Filipe Barros e Cristina Graeml programadas para os dias seguintes.<\/p>\n<p>Ao final da entrevista, Deltan tamb\u00e9m relacionou parte das mortes nas rodovias federais do Paran\u00e1 \u00e0 corrup\u00e7\u00e3o em obras rodovi\u00e1rias, conforme registro da reportagem.<\/p>","protected":false},"excerpt":{"rendered":"<p>Candidato ao Senado pelo Paran\u00e1 diz, em entrevista \u00e0 RPC, que registro segue pendente e que raz\u00e3o para indeferimento &#8216;n\u00e3o se sustenta mais&#8217;. O candidato ao Senado pelo Paran\u00e1 Deltan Dallagnol (Novo) afirmou nesta quarta-feira (2) que est\u00e1 eleg\u00edvel para disputar as elei\u00e7\u00f5es, mesmo com o registro de candidatura ainda pendente de an\u00e1lise definitiva pela [&hellip;]<\/p>\n","protected":false},"author":1,"featured_media":169993,"comment_status":"","ping_status":"","sticky":false,"template":"","format":"standard","meta":{"googlesitekit_rrm_CAow2JLhCw:productID":"","_gspb_post_css":"","maa_idioma":"","maa_pais":"","footnotes":""},"categories":[4],"tags":[],"class_list":["post-169992","post","type-post","status-publish","format-standard","has-post-thumbnail","hentry","category-brasil"],"blocksy_meta":[],"yoast_head":"<!-- This site is optimized with the Yoast SEO Premium plugin v27.6 (Yoast SEO v27.6) - https:\/\/yoast.com\/product\/yoast-seo-premium-wordpress\/ -->\n<title>Deltan Dallagnol afirma estar eleg\u00edvel e contesta motivo da cassa\u00e7\u00e3o de 2023 - Ubirat\u00e3 Online Not\u00edcias - A realidade ao seu alcance!<\/title>\n<meta name=\"description\" content=\"Candidato ao Senado pelo Paran\u00e1 diz, em entrevista \u00e0 RPC, que registro segue pendente e que raz\u00e3o para indeferimento &#039;n\u00e3o se sustenta mais&#039;. O candidato\" \/>\n<meta name=\"robots\" content=\"index, follow, max-snippet:-1, max-image-preview:large, max-video-preview:-1\" \/>\n<link rel=\"canonical\" href=\"https:\/\/ubirataonline.com.br\/en\/deltan-dallagnol-afirma-estar-elegivel-e-contesta-motivo-da-cassacao-de-2023\/\" \/>\n<meta property=\"og:locale\" content=\"en_US\" \/>\n<meta property=\"og:type\" content=\"article\" \/>\n<meta property=\"og:title\" content=\"Deltan Dallagnol afirma estar eleg\u00edvel e contesta motivo da cassa\u00e7\u00e3o de 2023\" \/>\n<meta property=\"og:description\" content=\"Candidato ao Senado pelo Paran\u00e1 diz, em entrevista \u00e0 RPC, que registro segue pendente e que raz\u00e3o para indeferimento &#039;n\u00e3o se sustenta mais&#039;. O candidato\" \/>\n<meta property=\"og:url\" content=\"https:\/\/ubirataonline.com.br\/en\/deltan-dallagnol-afirma-estar-elegivel-e-contesta-motivo-da-cassacao-de-2023\/\" \/>\n<meta property=\"og:site_name\" content=\"Ubirat\u00e3 Online Not\u00edcias - A realidade ao seu alcance!\" \/>\n<meta property=\"article:publisher\" content=\"https:\/\/www.facebook.com\/portalubirataonline\" \/>\n<meta property=\"article:author\" content=\"https:\/\/www.facebook.com\/portalubirataonline\" \/>\n<meta property=\"article:published_time\" content=\"2026-09-02T17:27:57+00:00\" \/>\n<meta property=\"og:image\" content=\"https:\/\/ubirataonline.com.br\/wp-content\/uploads\/2026\/05\/logo2026.webp\" \/>\n\t<meta property=\"og:image:width\" content=\"1531\" \/>\n\t<meta property=\"og:image:height\" content=\"418\" \/>\n\t<meta property=\"og:image:type\" content=\"image\/webp\" \/>\n<meta name=\"author\" content=\"REDA\u00c7\u00c3O: UBIRAT\u00c3 ONLINE - F\u00c1BIO AUGUSTO CELESTINO\" \/>\n<meta name=\"twitter:card\" content=\"summary_large_image\" \/>\n<meta name=\"twitter:creator\" content=\"@x.com\/ubirataonline\" \/>\n<meta name=\"twitter:site\" content=\"@ubirataonline\" \/>\n<meta name=\"twitter:label1\" content=\"Written by\" \/>\n\t<meta name=\"twitter:data1\" content=\"REDA\u00c7\u00c3O: UBIRAT\u00c3 ONLINE - F\u00c1BIO AUGUSTO CELESTINO\" \/>\n\t<meta name=\"twitter:label2\" content=\"Est. reading time\" \/>\n\t<meta name=\"twitter:data2\" content=\"3 minutes\" \/>\n<script type=\"application\/ld+json\" class=\"yoast-schema-graph\">{\"@context\":\"https:\\\/\\\/schema.org\",\"@graph\":[{\"@type\":\"NewsArticle\",\"@id\":\"https:\\\/\\\/ubirataonline.com.br\\\/deltan-dallagnol-afirma-estar-elegivel-e-contesta-motivo-da-cassacao-de-2023\\\/#article\",\"isPartOf\":{\"@id\":\"https:\\\/\\\/ubirataonline.com.br\\\/deltan-dallagnol-afirma-estar-elegivel-e-contesta-motivo-da-cassacao-de-2023\\\/\"},\"author\":{\"name\":\"REDA\u00c7\u00c3O: UBIRAT\u00c3 ONLINE - F\u00c1BIO AUGUSTO CELESTINO\",\"@id\":\"https:\\\/\\\/ubirataonline.com.br\\\/#\\\/schema\\\/person\\\/372f87bbd3fdd79b8556b84c98d0bc1c\"},\"headline\":\"Deltan Dallagnol afirma estar eleg\u00edvel e contesta motivo da cassa\u00e7\u00e3o de 2023\",\"datePublished\":\"2026-09-02T17:27:57+00:00\",\"mainEntityOfPage\":{\"@id\":\"https:\\\/\\\/ubirataonline.com.br\\\/deltan-dallagnol-afirma-estar-elegivel-e-contesta-motivo-da-cassacao-de-2023\\\/\"},\"wordCount\":637,\"publisher\":{\"@id\":\"https:\\\/\\\/ubirataonline.com.br\\\/#organization\"},\"image\":{\"@id\":\"https:\\\/\\\/ubirataonline.com.br\\\/deltan-dallagnol-afirma-estar-elegivel-e-contesta-motivo-da-cassacao-de-2023\\\/#primaryimage\"},\"thumbnailUrl\":\"https:\\\/\\\/ubirataonline.com.br\\\/wp-content\\\/uploads\\\/2026\\\/09\\\/maaimg-post-169992-20260902-172813.webp\",\"articleSection\":[\"Brasil\"],\"inLanguage\":\"en-US\",\"copyrightYear\":\"2026\",\"copyrightHolder\":{\"@id\":\"https:\\\/\\\/ubirataonline.com.br\\\/en\\\/#organization\"}},{\"@type\":\"WebPage\",\"@id\":\"https:\\\/\\\/ubirataonline.com.br\\\/deltan-dallagnol-afirma-estar-elegivel-e-contesta-motivo-da-cassacao-de-2023\\\/\",\"url\":\"https:\\\/\\\/ubirataonline.com.br\\\/deltan-dallagnol-afirma-estar-elegivel-e-contesta-motivo-da-cassacao-de-2023\\\/\",\"name\":\"Deltan Dallagnol afirma estar eleg\u00edvel e contesta motivo da cassa\u00e7\u00e3o de 2023 - Ubirat\u00e3 Online Not\u00edcias - A realidade ao seu alcance!\",\"isPartOf\":{\"@id\":\"https:\\\/\\\/ubirataonline.com.br\\\/#website\"},\"primaryImageOfPage\":{\"@id\":\"https:\\\/\\\/ubirataonline.com.br\\\/deltan-dallagnol-afirma-estar-elegivel-e-contesta-motivo-da-cassacao-de-2023\\\/#primaryimage\"},\"image\":{\"@id\":\"https:\\\/\\\/ubirataonline.com.br\\\/deltan-dallagnol-afirma-estar-elegivel-e-contesta-motivo-da-cassacao-de-2023\\\/#primaryimage\"},\"thumbnailUrl\":\"https:\\\/\\\/ubirataonline.com.br\\\/wp-content\\\/uploads\\\/2026\\\/09\\\/maaimg-post-169992-20260902-172813.webp\",\"datePublished\":\"2026-09-02T17:27:57+00:00\",\"description\":\"Candidato ao Senado pelo Paran\u00e1 diz, em entrevista \u00e0 RPC, que registro segue pendente e que raz\u00e3o para indeferimento 'n\u00e3o se sustenta mais'. O candidato\",\"breadcrumb\":{\"@id\":\"https:\\\/\\\/ubirataonline.com.br\\\/deltan-dallagnol-afirma-estar-elegivel-e-contesta-motivo-da-cassacao-de-2023\\\/#breadcrumb\"},\"inLanguage\":\"en-US\",\"potentialAction\":[{\"@type\":\"ReadAction\",\"target\":[\"https:\\\/\\\/ubirataonline.com.br\\\/deltan-dallagnol-afirma-estar-elegivel-e-contesta-motivo-da-cassacao-de-2023\\\/\"]}]},{\"@type\":\"ImageObject\",\"inLanguage\":\"en-US\",\"@id\":\"https:\\\/\\\/ubirataonline.com.br\\\/deltan-dallagnol-afirma-estar-elegivel-e-contesta-motivo-da-cassacao-de-2023\\\/#primaryimage\",\"url\":\"https:\\\/\\\/ubirataonline.com.br\\\/wp-content\\\/uploads\\\/2026\\\/09\\\/maaimg-post-169992-20260902-172813.webp\",\"contentUrl\":\"https:\\\/\\\/ubirataonline.com.br\\\/wp-content\\\/uploads\\\/2026\\\/09\\\/maaimg-post-169992-20260902-172813.webp\",\"width\":1536,\"height\":1024,\"caption\":\"Imagem ilustrativa Gerada por IA\"},{\"@type\":\"BreadcrumbList\",\"@id\":\"https:\\\/\\\/ubirataonline.com.br\\\/deltan-dallagnol-afirma-estar-elegivel-e-contesta-motivo-da-cassacao-de-2023\\\/#breadcrumb\",\"itemListElement\":[{\"@type\":\"ListItem\",\"position\":1,\"name\":\"In\u00edcio\",\"item\":\"https:\\\/\\\/ubirataonline.com.br\\\/\"},{\"@type\":\"ListItem\",\"position\":2,\"name\":\"Deltan Dallagnol afirma estar eleg\u00edvel e contesta motivo da cassa\u00e7\u00e3o de 2023\"}]},{\"@type\":\"WebSite\",\"@id\":\"https:\\\/\\\/ubirataonline.com.br\\\/#website\",\"url\":\"https:\\\/\\\/ubirataonline.com.br\\\/\",\"name\":\"Ubirat\u00e3 Online Not\u00edcias\",\"description\":\"Not\u00edcias de Ubirat\u00e3, regi\u00e3o, Brasil e mundo, com informa\u00e7\u00e3o atualizada e compromisso com o leitor.\",\"publisher\":{\"@id\":\"https:\\\/\\\/ubirataonline.com.br\\\/#organization\"},\"alternateName\":\"Ubirat\u00e3 Online\",\"potentialAction\":[{\"@type\":\"SearchAction\",\"target\":{\"@type\":\"EntryPoint\",\"urlTemplate\":\"https:\\\/\\\/ubirataonline.com.br\\\/?s={search_term_string}\"},\"query-input\":{\"@type\":\"PropertyValueSpecification\",\"valueRequired\":true,\"valueName\":\"search_term_string\"}}],\"inLanguage\":\"en-US\"},{\"@type\":[\"Organization\",\"Place\"],\"@id\":\"https:\\\/\\\/ubirataonline.com.br\\\/#organization\",\"name\":\"Ubirat\u00e3 Online Not\u00edcias\",\"alternateName\":\"Ubirat\u00e3 Online\",\"url\":\"https:\\\/\\\/ubirataonline.com.br\\\/\",\"logo\":{\"@id\":\"https:\\\/\\\/ubirataonline.com.br\\\/deltan-dallagnol-afirma-estar-elegivel-e-contesta-motivo-da-cassacao-de-2023\\\/#local-main-organization-logo\"},\"image\":{\"@id\":\"https:\\\/\\\/ubirataonline.com.br\\\/deltan-dallagnol-afirma-estar-elegivel-e-contesta-motivo-da-cassacao-de-2023\\\/#local-main-organization-logo\"},\"sameAs\":[\"https:\\\/\\\/www.facebook.com\\\/portalubirataonline\",\"https:\\\/\\\/x.com\\\/ubirataonline\",\"https:\\\/\\\/mastodon.social\\\/@ubirataonline\",\"https:\\\/\\\/www.facebook.com\\\/groups\\\/311144672285604\",\"https:\\\/\\\/www.facebook.com\\\/UBTAOnline\",\"https:\\\/\\\/www.instagram.com\\\/portalubirataonline\\\/\",\"https:\\\/\\\/twitter.com\\\/ubirataonline\"],\"description\":\"Somos um portal de not\u00edcias independente, criado em 5 de janeiro de 2009, com o objetivo de informar, conectar e valorizar a nossa comunidade de Ubirat\u00e3 e toda aregi\u00e3o. Com conte\u00fado atualizado, confi\u00e1vel e relevante, o Ubirat\u00e3 Online \u00e9 o seu espa\u00e7o para ficar por dentro dos principais acontecimentos locais, regionais, Brasil, Mundo e de interesse geral. Nosso compromisso \u00e9 com a verdade, a transpar\u00eancia e o respeito ao leitor.\",\"legalName\":\"UBIRATA ONLINE NOT\u00cdCIAS\",\"foundingDate\":\"2009-01-05\",\"numberOfEmployees\":{\"@type\":\"QuantitativeValue\",\"minValue\":\"1\",\"maxValue\":\"10\"},\"publishingPrinciples\":\"https:\\\/\\\/ubirataonline.com.br\\\/faq\\\/\",\"address\":{\"@id\":\"https:\\\/\\\/ubirataonline.com.br\\\/deltan-dallagnol-afirma-estar-elegivel-e-contesta-motivo-da-cassacao-de-2023\\\/#local-main-place-address\"},\"geo\":{\"@type\":\"GeoCoordinates\",\"latitude\":\"-24.5361401\",\"longitude\":\"-52.9921776\"},\"telephone\":[\"+5544998308235\"],\"contactPoint\":{\"@type\":\"ContactPoint\",\"email\":\"contato@ubirataonline.com.br\"},\"openingHoursSpecification\":{\"@type\":\"OpeningHoursSpecification\",\"dayOfWeek\":[\"Monday\",\"Tuesday\",\"Wednesday\",\"Thursday\",\"Friday\",\"Saturday\",\"Sunday\"],\"opens\":\"00:00\",\"closes\":\"23:59\"},\"email\":\"contato@ubirataonline.com.br\",\"vatID\":\"47.621.418\\\/0001-80\"},{\"@type\":\"Person\",\"@id\":\"https:\\\/\\\/ubirataonline.com.br\\\/#\\\/schema\\\/person\\\/372f87bbd3fdd79b8556b84c98d0bc1c\",\"name\":\"REDA\u00c7\u00c3O: UBIRAT\u00c3 ONLINE - F\u00c1BIO AUGUSTO CELESTINO\",\"pronouns\":\"Ele\",\"description\":\"Desde 2003 trabalhando com not\u00edcias.\",\"sameAs\":[\"http:\\\/\\\/ubirataoline.com.br\",\"https:\\\/\\\/www.facebook.com\\\/portalubirataonline\",\"https:\\\/\\\/www.instagram.com\\\/ubirataonline_oficial\",\"https:\\\/\\\/x.com\\\/x.com\\\/ubirataonline\"],\"honorificPrefix\":\"Mr.\",\"honorificSuffix\":\"MD\",\"birthDate\":\"1980-06-16\",\"gender\":\"masculino\",\"award\":[\"V\u00e1rios pr\u00eamios de melhor portal da cidade\"],\"jobTitle\":\"Diretor\",\"url\":\"https:\\\/\\\/ubirataonline.com.br\\\/en\\\/author\\\/ubirataonline\\\/\"},{\"@type\":\"PostalAddress\",\"@id\":\"https:\\\/\\\/ubirataonline.com.br\\\/deltan-dallagnol-afirma-estar-elegivel-e-contesta-motivo-da-cassacao-de-2023\\\/#local-main-place-address\",\"streetAddress\":\"Rua dos Coqueiros, 104 - Bairro Boa Vista, Rua dos Coqueiros, 104 Bairro Boa Vista\",\"addressLocality\":\"UBIRATA\",\"postalCode\":\"85440-000\",\"addressRegion\":\"PR\",\"addressCountry\":\"BR\"},{\"@type\":\"ImageObject\",\"inLanguage\":\"en-US\",\"@id\":\"https:\\\/\\\/ubirataonline.com.br\\\/deltan-dallagnol-afirma-estar-elegivel-e-contesta-motivo-da-cassacao-de-2023\\\/#local-main-organization-logo\",\"url\":\"https:\\\/\\\/ubirataonline.com.br\\\/wp-content\\\/uploads\\\/2026\\\/06\\\/logoubirataonline-1.webp\",\"contentUrl\":\"https:\\\/\\\/ubirataonline.com.br\\\/wp-content\\\/uploads\\\/2026\\\/06\\\/logoubirataonline-1.webp\",\"width\":500,\"height\":500,\"caption\":\"Ubirat\u00e3 Online Not\u00edcias\"}]}<\/script>\n<meta name=\"geo.placename\" content=\"UBIRATA\" \/>\n<meta name=\"geo.position\" content=\"-24.5361401;-52.9921776\" \/>\n<meta name=\"geo.region\" content=\"Brazil\" \/>\n<!-- \/ Yoast SEO Premium plugin. -->","yoast_head_json":{"title":"Deltan Dallagnol afirma estar eleg\u00edvel e contesta motivo da cassa\u00e7\u00e3o de 2023 - Ubirat\u00e3 Online Not\u00edcias - A realidade ao seu alcance!","description":"Candidato ao Senado pelo Paran\u00e1 diz, em entrevista \u00e0 RPC, que registro segue pendente e que raz\u00e3o para indeferimento 'n\u00e3o se sustenta mais'. O candidato","robots":{"index":"index","follow":"follow","max-snippet":"max-snippet:-1","max-image-preview":"max-image-preview:large","max-video-preview":"max-video-preview:-1"},"canonical":"https:\/\/ubirataonline.com.br\/en\/deltan-dallagnol-afirma-estar-elegivel-e-contesta-motivo-da-cassacao-de-2023\/","og_locale":"en_US","og_type":"article","og_title":"Deltan Dallagnol afirma estar eleg\u00edvel e contesta motivo da cassa\u00e7\u00e3o de 2023","og_description":"Candidato ao Senado pelo Paran\u00e1 diz, em entrevista \u00e0 RPC, que registro segue pendente e que raz\u00e3o para indeferimento 'n\u00e3o se sustenta mais'. O candidato","og_url":"https:\/\/ubirataonline.com.br\/en\/deltan-dallagnol-afirma-estar-elegivel-e-contesta-motivo-da-cassacao-de-2023\/","og_site_name":"Ubirat\u00e3 Online Not\u00edcias - A realidade ao seu alcance!","article_publisher":"https:\/\/www.facebook.com\/portalubirataonline","article_author":"https:\/\/www.facebook.com\/portalubirataonline","article_published_time":"2026-09-02T17:27:57+00:00","og_image":[{"width":1531,"height":418,"url":"https:\/\/ubirataonline.com.br\/wp-content\/uploads\/2026\/05\/logo2026.webp","type":"image\/webp"}],"author":"REDA\u00c7\u00c3O: UBIRAT\u00c3 ONLINE - F\u00c1BIO AUGUSTO CELESTINO","twitter_card":"summary_large_image","twitter_creator":"@x.com\/ubirataonline","twitter_site":"@ubirataonline","twitter_misc":{"Written by":"REDA\u00c7\u00c3O: UBIRAT\u00c3 ONLINE - F\u00c1BIO AUGUSTO CELESTINO","Est. reading time":"3 minutes"},"schema":{"@context":"https:\/\/schema.org","@graph":[{"@type":"NewsArticle","@id":"https:\/\/ubirataonline.com.br\/deltan-dallagnol-afirma-estar-elegivel-e-contesta-motivo-da-cassacao-de-2023\/#article","isPartOf":{"@id":"https:\/\/ubirataonline.com.br\/deltan-dallagnol-afirma-estar-elegivel-e-contesta-motivo-da-cassacao-de-2023\/"},"author":{"name":"REDA\u00c7\u00c3O: UBIRAT\u00c3 ONLINE - F\u00c1BIO AUGUSTO CELESTINO","@id":"https:\/\/ubirataonline.com.br\/#\/schema\/person\/372f87bbd3fdd79b8556b84c98d0bc1c"},"headline":"Deltan Dallagnol afirma estar eleg\u00edvel e contesta motivo da cassa\u00e7\u00e3o de 2023","datePublished":"2026-09-02T17:27:57+00:00","mainEntityOfPage":{"@id":"https:\/\/ubirataonline.com.br\/deltan-dallagnol-afirma-estar-elegivel-e-contesta-motivo-da-cassacao-de-2023\/"},"wordCount":637,"publisher":{"@id":"https:\/\/ubirataonline.com.br\/#organization"},"image":{"@id":"https:\/\/ubirataonline.com.br\/deltan-dallagnol-afirma-estar-elegivel-e-contesta-motivo-da-cassacao-de-2023\/#primaryimage"},"thumbnailUrl":"https:\/\/ubirataonline.com.br\/wp-content\/uploads\/2026\/09\/maaimg-post-169992-20260902-172813.webp","articleSection":["Brasil"],"inLanguage":"en-US","copyrightYear":"2026","copyrightHolder":{"@id":"https:\/\/ubirataonline.com.br\/en\/#organization"}},{"@type":"WebPage","@id":"https:\/\/ubirataonline.com.br\/deltan-dallagnol-afirma-estar-elegivel-e-contesta-motivo-da-cassacao-de-2023\/","url":"https:\/\/ubirataonline.com.br\/deltan-dallagnol-afirma-estar-elegivel-e-contesta-motivo-da-cassacao-de-2023\/","name":"Deltan Dallagnol afirma estar eleg\u00edvel e contesta motivo da cassa\u00e7\u00e3o de 2023 - Ubirat\u00e3 Online Not\u00edcias - A realidade ao seu alcance!","isPartOf":{"@id":"https:\/\/ubirataonline.com.br\/#website"},"primaryImageOfPage":{"@id":"https:\/\/ubirataonline.com.br\/deltan-dallagnol-afirma-estar-elegivel-e-contesta-motivo-da-cassacao-de-2023\/#primaryimage"},"image":{"@id":"https:\/\/ubirataonline.com.br\/deltan-dallagnol-afirma-estar-elegivel-e-contesta-motivo-da-cassacao-de-2023\/#primaryimage"},"thumbnailUrl":"https:\/\/ubirataonline.com.br\/wp-content\/uploads\/2026\/09\/maaimg-post-169992-20260902-172813.webp","datePublished":"2026-09-02T17:27:57+00:00","description":"Candidato ao Senado pelo Paran\u00e1 diz, em entrevista \u00e0 RPC, que registro segue pendente e que raz\u00e3o para indeferimento 'n\u00e3o se sustenta mais'. O candidato","breadcrumb":{"@id":"https:\/\/ubirataonline.com.br\/deltan-dallagnol-afirma-estar-elegivel-e-contesta-motivo-da-cassacao-de-2023\/#breadcrumb"},"inLanguage":"en-US","potentialAction":[{"@type":"ReadAction","target":["https:\/\/ubirataonline.com.br\/deltan-dallagnol-afirma-estar-elegivel-e-contesta-motivo-da-cassacao-de-2023\/"]}]},{"@type":"ImageObject","inLanguage":"en-US","@id":"https:\/\/ubirataonline.com.br\/deltan-dallagnol-afirma-estar-elegivel-e-contesta-motivo-da-cassacao-de-2023\/#primaryimage","url":"https:\/\/ubirataonline.com.br\/wp-content\/uploads\/2026\/09\/maaimg-post-169992-20260902-172813.webp","contentUrl":"https:\/\/ubirataonline.com.br\/wp-content\/uploads\/2026\/09\/maaimg-post-169992-20260902-172813.webp","width":1536,"height":1024,"caption":"Imagem ilustrativa Gerada por IA"},{"@type":"BreadcrumbList","@id":"https:\/\/ubirataonline.com.br\/deltan-dallagnol-afirma-estar-elegivel-e-contesta-motivo-da-cassacao-de-2023\/#breadcrumb","itemListElement":[{"@type":"ListItem","position":1,"name":"In\u00edcio","item":"https:\/\/ubirataonline.com.br\/"},{"@type":"ListItem","position":2,"name":"Deltan Dallagnol afirma estar eleg\u00edvel e contesta motivo da cassa\u00e7\u00e3o de 2023"}]},{"@type":"WebSite","@id":"https:\/\/ubirataonline.com.br\/#website","url":"https:\/\/ubirataonline.com.br\/","name":"Ubirat\u00e3 Online Not\u00edcias","description":"Not\u00edcias de Ubirat\u00e3, regi\u00e3o, Brasil e mundo, com informa\u00e7\u00e3o atualizada e compromisso com o leitor.","publisher":{"@id":"https:\/\/ubirataonline.com.br\/#organization"},"alternateName":"Ubirat\u00e3 Online","potentialAction":[{"@type":"SearchAction","target":{"@type":"EntryPoint","urlTemplate":"https:\/\/ubirataonline.com.br\/?s={search_term_string}"},"query-input":{"@type":"PropertyValueSpecification","valueRequired":true,"valueName":"search_term_string"}}],"inLanguage":"en-US"},{"@type":["Organization","Place"],"@id":"https:\/\/ubirataonline.com.br\/#organization","name":"Ubirat\u00e3 Online Not\u00edcias","alternateName":"Ubirat\u00e3 Online","url":"https:\/\/ubirataonline.com.br\/","logo":{"@id":"https:\/\/ubirataonline.com.br\/deltan-dallagnol-afirma-estar-elegivel-e-contesta-motivo-da-cassacao-de-2023\/#local-main-organization-logo"},"image":{"@id":"https:\/\/ubirataonline.com.br\/deltan-dallagnol-afirma-estar-elegivel-e-contesta-motivo-da-cassacao-de-2023\/#local-main-organization-logo"},"sameAs":["https:\/\/www.facebook.com\/portalubirataonline","https:\/\/x.com\/ubirataonline","https:\/\/mastodon.social\/@ubirataonline","https:\/\/www.facebook.com\/groups\/311144672285604","https:\/\/www.facebook.com\/UBTAOnline","https:\/\/www.instagram.com\/portalubirataonline\/","https:\/\/twitter.com\/ubirataonline"],"description":"Somos um portal de not\u00edcias independente, criado em 5 de janeiro de 2009, com o objetivo de informar, conectar e valorizar a nossa comunidade de Ubirat\u00e3 e toda aregi\u00e3o. Com conte\u00fado atualizado, confi\u00e1vel e relevante, o Ubirat\u00e3 Online \u00e9 o seu espa\u00e7o para ficar por dentro dos principais acontecimentos locais, regionais, Brasil, Mundo e de interesse geral. Nosso compromisso \u00e9 com a verdade, a transpar\u00eancia e o respeito ao leitor.","legalName":"UBIRATA ONLINE NOT\u00cdCIAS","foundingDate":"2009-01-05","numberOfEmployees":{"@type":"QuantitativeValue","minValue":"1","maxValue":"10"},"publishingPrinciples":"https:\/\/ubirataonline.com.br\/faq\/","address":{"@id":"https:\/\/ubirataonline.com.br\/deltan-dallagnol-afirma-estar-elegivel-e-contesta-motivo-da-cassacao-de-2023\/#local-main-place-address"},"geo":{"@type":"GeoCoordinates","latitude":"-24.5361401","longitude":"-52.9921776"},"telephone":["+5544998308235"],"contactPoint":{"@type":"ContactPoint","email":"contato@ubirataonline.com.br"},"openingHoursSpecification":{"@type":"OpeningHoursSpecification","dayOfWeek":["Monday","Tuesday","Wednesday","Thursday","Friday","Saturday","Sunday"],"opens":"00:00","closes":"23:59"},"email":"contato@ubirataonline.com.br","vatID":"47.621.418\/0001-80"},{"@type":"Person","@id":"https:\/\/ubirataonline.com.br\/#\/schema\/person\/372f87bbd3fdd79b8556b84c98d0bc1c","name":"REDA\u00c7\u00c3O: UBIRAT\u00c3 ONLINE - F\u00c1BIO AUGUSTO CELESTINO","pronouns":"Ele","description":"Desde 2003 trabalhando com not\u00edcias.","sameAs":["http:\/\/ubirataoline.com.br","https:\/\/www.facebook.com\/portalubirataonline","https:\/\/www.instagram.com\/ubirataonline_oficial","https:\/\/x.com\/x.com\/ubirataonline"],"honorificPrefix":"Mr.","honorificSuffix":"MD","birthDate":"1980-06-16","gender":"masculino","award":["V\u00e1rios pr\u00eamios de melhor portal da cidade"],"jobTitle":"Diretor","url":"https:\/\/ubirataonline.com.br\/en\/author\/ubirataonline\/"},{"@type":"PostalAddress","@id":"https:\/\/ubirataonline.com.br\/deltan-dallagnol-afirma-estar-elegivel-e-contesta-motivo-da-cassacao-de-2023\/#local-main-place-address","streetAddress":"Rua dos Coqueiros, 104 - Bairro Boa Vista, Rua dos Coqueiros, 104 Bairro Boa Vista","addressLocality":"UBIRATA","postalCode":"85440-000","addressRegion":"PR","addressCountry":"BR"},{"@type":"ImageObject","inLanguage":"en-US","@id":"https:\/\/ubirataonline.com.br\/deltan-dallagnol-afirma-estar-elegivel-e-contesta-motivo-da-cassacao-de-2023\/#local-main-organization-logo","url":"https:\/\/ubirataonline.com.br\/wp-content\/uploads\/2026\/06\/logoubirataonline-1.webp","contentUrl":"https:\/\/ubirataonline.com.br\/wp-content\/uploads\/2026\/06\/logoubirataonline-1.webp","width":500,"height":500,"caption":"Ubirat\u00e3 Online Not\u00edcias"}]},"geo.placename":"UBIRATA","geo.position":{"lat":"-24.5361401","long":"-52.9921776"},"geo.region":"Brazil"},"_links":{"self":[{"href":"https:\/\/ubirataonline.com.br\/en\/wp-json\/wp\/v2\/posts\/169992","targetHints":{"allow":["GET"]}}],"collection":[{"href":"https:\/\/ubirataonline.com.br\/en\/wp-json\/wp\/v2\/posts"}],"about":[{"href":"https:\/\/ubirataonline.com.br\/en\/wp-json\/wp\/v2\/types\/post"}],"author":[{"embeddable":true,"href":"https:\/\/ubirataonline.com.br\/en\/wp-json\/wp\/v2\/users\/1"}],"replies":[{"embeddable":true,"href":"https:\/\/ubirataonline.com.br\/en\/wp-json\/wp\/v2\/comments?post=169992"}],"version-history":[{"count":0,"href":"https:\/\/ubirataonline.com.br\/en\/wp-json\/wp\/v2\/posts\/169992\/revisions"}],"wp:featuredmedia":[{"embeddable":true,"href":"https:\/\/ubirataonline.com.br\/en\/wp-json\/wp\/v2\/media\/169993"}],"wp:attachment":[{"href":"https:\/\/ubirataonline.com.br\/en\/wp-json\/wp\/v2\/media?parent=169992"}],"wp:term":[{"taxonomy":"category","embeddable":true,"href":"https:\/\/ubirataonline.com.br\/en\/wp-json\/wp\/v2\/categories?post=169992"},{"taxonomy":"post_tag","embeddable":true,"href":"https:\/\/ubirataonline.com.br\/en\/wp-json\/wp\/v2\/tags?post=169992"}],"curies":[{"name":"wp","href":"https:\/\/api.w.org\/{rel}","templated":true}]}}