{"id":169995,"date":"2026-09-02T14:32:49","date_gmt":"2026-09-02T17:32:49","guid":{"rendered":"https:\/\/ubirataonline.com.br\/homem-morre-atropelado-em-frente-ao-trabalho-em-sarandi-motorista-disse-que-dormiu-ao-volante\/"},"modified":"2026-09-02T14:32:49","modified_gmt":"2026-09-02T17:32:49","slug":"homem-morre-atropelado-em-frente-ao-trabalho-em-sarandi-motorista-disse-que-dormiu-ao-volante","status":"publish","type":"post","link":"https:\/\/ubirataonline.com.br\/en\/homem-morre-atropelado-em-frente-ao-trabalho-em-sarandi-motorista-disse-que-dormiu-ao-volante\/","title":{"rendered":"Homem morre atropelado em frente ao trabalho em Sarandi; motorista disse que dormiu ao volante"},"content":{"rendered":"<h2>C\u00e2meras mostram caminhonete subir na cal\u00e7ada e atingir duas pessoas; condutor fugiu e se apresentou horas depois \u00e0 pol\u00edcia<\/h2>\n<p>Um homem morreu ap\u00f3s ser atropelado em frente ao a\u00e7ougue onde trabalhava em Sarandi, no Norte do Paran\u00e1, na ter\u00e7a-feira, 1\u00ba de setembro de 2026. Segundo o G1, o atropelamento foi causado por uma caminhonete que subiu na cal\u00e7ada e atingiu as v\u00edtimas.<\/p>\n<p>O motorista disse \u00e0 pol\u00edcia que havia trabalhado durante a noite e que perdeu o controle do ve\u00edculo depois de dormir ao volante. Em depoimento, afirmou n\u00e3o ter tido inten\u00e7\u00e3o de matar; o nome do condutor n\u00e3o foi divulgado.<\/p>\n<h3>Imagens e v\u00edtimas<\/h3>\n<p>Imagens de seguran\u00e7a registraram o momento em que a caminhonete sobe na cal\u00e7ada, bate em uma moto e atinge dois funcion\u00e1rios que aguardavam a abertura do estabelecimento. Um dos atingidos morreu; o outro teve ferimentos leves e foi levado para a Unidade de Pronto Atendimento (UPA) de Sarandi.<\/p>\n<h3>A\u00e7\u00e3o da pol\u00edcia e encaminhamentos<\/h3>\n<p>Ap\u00f3s o atropelamento, o condutor fugiu do local, mas se apresentou na delegacia algumas horas depois e n\u00e3o foi preso. Conforme informado pelo G1, ele deve responder por homic\u00eddio culposo no tr\u00e2nsito e por les\u00e3o corporal. At\u00e9 a \u00faltima atualiza\u00e7\u00e3o da reportagem, a defesa do motorista n\u00e3o havia sido identificada.<\/p>","protected":false},"excerpt":{"rendered":"<p>C\u00e2meras mostram caminhonete subir na cal\u00e7ada e atingir duas pessoas; condutor fugiu e se apresentou horas depois \u00e0 pol\u00edcia Um homem morreu ap\u00f3s ser atropelado em frente ao a\u00e7ougue onde trabalhava em Sarandi, no Norte do Paran\u00e1, na ter\u00e7a-feira, 1\u00ba de setembro de 2026. Segundo o G1, o atropelamento foi causado por uma caminhonete que [&hellip;]<\/p>\n","protected":false},"author":1,"featured_media":169996,"comment_status":"","ping_status":"","sticky":false,"template":"","format":"standard","meta":{"googlesitekit_rrm_CAow2JLhCw:productID":"","_gspb_post_css":"","maa_idioma":"","maa_pais":"","footnotes":""},"categories":[43088],"tags":[],"class_list":["post-169995","post","type-post","status-publish","format-standard","has-post-thumbnail","hentry","category-parana"],"blocksy_meta":[],"yoast_head":"<!-- This site is optimized with the Yoast SEO Premium plugin v27.6 (Yoast SEO v27.6) - https:\/\/yoast.com\/product\/yoast-seo-premium-wordpress\/ -->\n<title>Homem morre atropelado em frente ao trabalho em Sarandi; motorista disse que dormiu ao volante - Ubirat\u00e3 Online Not\u00edcias - A realidade ao seu alcance!<\/title>\n<meta name=\"description\" content=\"C\u00e2meras mostram caminhonete subir na cal\u00e7ada e atingir duas pessoas; condutor fugiu e se apresentou horas depois \u00e0 pol\u00edciaUm homem morreu ap\u00f3s ser\" \/>\n<meta name=\"robots\" content=\"index, follow, max-snippet:-1, max-image-preview:large, max-video-preview:-1\" \/>\n<link rel=\"canonical\" href=\"https:\/\/ubirataonline.com.br\/en\/homem-morre-atropelado-em-frente-ao-trabalho-em-sarandi-motorista-disse-que-dormiu-ao-volante\/\" \/>\n<meta property=\"og:locale\" content=\"en_US\" \/>\n<meta property=\"og:type\" content=\"article\" \/>\n<meta property=\"og:title\" content=\"Homem morre atropelado em frente ao trabalho em Sarandi; motorista disse que dormiu ao volante\" \/>\n<meta property=\"og:description\" content=\"C\u00e2meras mostram caminhonete subir na cal\u00e7ada e atingir duas pessoas; condutor fugiu e se apresentou horas depois \u00e0 pol\u00edciaUm homem morreu ap\u00f3s ser\" \/>\n<meta property=\"og:url\" content=\"https:\/\/ubirataonline.com.br\/en\/homem-morre-atropelado-em-frente-ao-trabalho-em-sarandi-motorista-disse-que-dormiu-ao-volante\/\" \/>\n<meta property=\"og:site_name\" content=\"Ubirat\u00e3 Online Not\u00edcias - A realidade ao seu alcance!\" \/>\n<meta property=\"article:publisher\" content=\"https:\/\/www.facebook.com\/portalubirataonline\" \/>\n<meta property=\"article:author\" content=\"https:\/\/www.facebook.com\/portalubirataonline\" \/>\n<meta property=\"article:published_time\" content=\"2026-09-02T17:32:49+00:00\" \/>\n<meta property=\"og:image\" content=\"https:\/\/ubirataonline.com.br\/wp-content\/uploads\/2026\/05\/logo2026.webp\" \/>\n\t<meta property=\"og:image:width\" content=\"1531\" \/>\n\t<meta property=\"og:image:height\" content=\"418\" \/>\n\t<meta property=\"og:image:type\" content=\"image\/webp\" \/>\n<meta name=\"author\" content=\"REDA\u00c7\u00c3O: UBIRAT\u00c3 ONLINE - F\u00c1BIO AUGUSTO CELESTINO\" \/>\n<meta name=\"twitter:card\" content=\"summary_large_image\" \/>\n<meta name=\"twitter:creator\" content=\"@x.com\/ubirataonline\" \/>\n<meta name=\"twitter:site\" content=\"@ubirataonline\" \/>\n<meta name=\"twitter:label1\" content=\"Written by\" \/>\n\t<meta name=\"twitter:data1\" content=\"REDA\u00c7\u00c3O: UBIRAT\u00c3 ONLINE - F\u00c1BIO AUGUSTO CELESTINO\" \/>\n\t<meta name=\"twitter:label2\" content=\"Est. reading time\" \/>\n\t<meta name=\"twitter:data2\" content=\"1 minute\" \/>\n<script type=\"application\/ld+json\" class=\"yoast-schema-graph\">{\"@context\":\"https:\\\/\\\/schema.org\",\"@graph\":[{\"@type\":\"NewsArticle\",\"@id\":\"https:\\\/\\\/ubirataonline.com.br\\\/homem-morre-atropelado-em-frente-ao-trabalho-em-sarandi-motorista-disse-que-dormiu-ao-volante\\\/#article\",\"isPartOf\":{\"@id\":\"https:\\\/\\\/ubirataonline.com.br\\\/homem-morre-atropelado-em-frente-ao-trabalho-em-sarandi-motorista-disse-que-dormiu-ao-volante\\\/\"},\"author\":{\"name\":\"REDA\u00c7\u00c3O: UBIRAT\u00c3 ONLINE - F\u00c1BIO AUGUSTO CELESTINO\",\"@id\":\"https:\\\/\\\/ubirataonline.com.br\\\/#\\\/schema\\\/person\\\/372f87bbd3fdd79b8556b84c98d0bc1c\"},\"headline\":\"Homem morre atropelado em frente ao trabalho em Sarandi; motorista disse que dormiu ao volante\",\"datePublished\":\"2026-09-02T17:32:49+00:00\",\"mainEntityOfPage\":{\"@id\":\"https:\\\/\\\/ubirataonline.com.br\\\/homem-morre-atropelado-em-frente-ao-trabalho-em-sarandi-motorista-disse-que-dormiu-ao-volante\\\/\"},\"wordCount\":244,\"publisher\":{\"@id\":\"https:\\\/\\\/ubirataonline.com.br\\\/#organization\"},\"image\":{\"@id\":\"https:\\\/\\\/ubirataonline.com.br\\\/homem-morre-atropelado-em-frente-ao-trabalho-em-sarandi-motorista-disse-que-dormiu-ao-volante\\\/#primaryimage\"},\"thumbnailUrl\":\"https:\\\/\\\/ubirataonline.com.br\\\/wp-content\\\/uploads\\\/2026\\\/09\\\/maaimg-post-169995-20260902-173306.webp\",\"articleSection\":[\"Paran\u00e1\"],\"inLanguage\":\"en-US\",\"copyrightYear\":\"2026\",\"copyrightHolder\":{\"@id\":\"https:\\\/\\\/ubirataonline.com.br\\\/en\\\/#organization\"}},{\"@type\":\"WebPage\",\"@id\":\"https:\\\/\\\/ubirataonline.com.br\\\/homem-morre-atropelado-em-frente-ao-trabalho-em-sarandi-motorista-disse-que-dormiu-ao-volante\\\/\",\"url\":\"https:\\\/\\\/ubirataonline.com.br\\\/homem-morre-atropelado-em-frente-ao-trabalho-em-sarandi-motorista-disse-que-dormiu-ao-volante\\\/\",\"name\":\"Homem morre atropelado em frente ao trabalho em Sarandi; motorista disse que dormiu ao volante - Ubirat\u00e3 Online Not\u00edcias - A realidade ao seu alcance!\",\"isPartOf\":{\"@id\":\"https:\\\/\\\/ubirataonline.com.br\\\/#website\"},\"primaryImageOfPage\":{\"@id\":\"https:\\\/\\\/ubirataonline.com.br\\\/homem-morre-atropelado-em-frente-ao-trabalho-em-sarandi-motorista-disse-que-dormiu-ao-volante\\\/#primaryimage\"},\"image\":{\"@id\":\"https:\\\/\\\/ubirataonline.com.br\\\/homem-morre-atropelado-em-frente-ao-trabalho-em-sarandi-motorista-disse-que-dormiu-ao-volante\\\/#primaryimage\"},\"thumbnailUrl\":\"https:\\\/\\\/ubirataonline.com.br\\\/wp-content\\\/uploads\\\/2026\\\/09\\\/maaimg-post-169995-20260902-173306.webp\",\"datePublished\":\"2026-09-02T17:32:49+00:00\",\"description\":\"C\u00e2meras mostram caminhonete subir na cal\u00e7ada e atingir duas pessoas; condutor fugiu e se apresentou horas depois \u00e0 pol\u00edciaUm homem morreu ap\u00f3s ser\",\"breadcrumb\":{\"@id\":\"https:\\\/\\\/ubirataonline.com.br\\\/homem-morre-atropelado-em-frente-ao-trabalho-em-sarandi-motorista-disse-que-dormiu-ao-volante\\\/#breadcrumb\"},\"inLanguage\":\"en-US\",\"potentialAction\":[{\"@type\":\"ReadAction\",\"target\":[\"https:\\\/\\\/ubirataonline.com.br\\\/homem-morre-atropelado-em-frente-ao-trabalho-em-sarandi-motorista-disse-que-dormiu-ao-volante\\\/\"]}]},{\"@type\":\"ImageObject\",\"inLanguage\":\"en-US\",\"@id\":\"https:\\\/\\\/ubirataonline.com.br\\\/homem-morre-atropelado-em-frente-ao-trabalho-em-sarandi-motorista-disse-que-dormiu-ao-volante\\\/#primaryimage\",\"url\":\"https:\\\/\\\/ubirataonline.com.br\\\/wp-content\\\/uploads\\\/2026\\\/09\\\/maaimg-post-169995-20260902-173306.webp\",\"contentUrl\":\"https:\\\/\\\/ubirataonline.com.br\\\/wp-content\\\/uploads\\\/2026\\\/09\\\/maaimg-post-169995-20260902-173306.webp\",\"width\":1536,\"height\":1024,\"caption\":\"Imagem ilustrativa Gerada por IA\"},{\"@type\":\"BreadcrumbList\",\"@id\":\"https:\\\/\\\/ubirataonline.com.br\\\/homem-morre-atropelado-em-frente-ao-trabalho-em-sarandi-motorista-disse-que-dormiu-ao-volante\\\/#breadcrumb\",\"itemListElement\":[{\"@type\":\"ListItem\",\"position\":1,\"name\":\"In\u00edcio\",\"item\":\"https:\\\/\\\/ubirataonline.com.br\\\/\"},{\"@type\":\"ListItem\",\"position\":2,\"name\":\"Homem morre atropelado em frente ao trabalho em Sarandi; motorista disse que dormiu ao volante\"}]},{\"@type\":\"WebSite\",\"@id\":\"https:\\\/\\\/ubirataonline.com.br\\\/#website\",\"url\":\"https:\\\/\\\/ubirataonline.com.br\\\/\",\"name\":\"Ubirat\u00e3 Online Not\u00edcias\",\"description\":\"Not\u00edcias de Ubirat\u00e3, regi\u00e3o, Brasil e mundo, com informa\u00e7\u00e3o atualizada e compromisso com o leitor.\",\"publisher\":{\"@id\":\"https:\\\/\\\/ubirataonline.com.br\\\/#organization\"},\"alternateName\":\"Ubirat\u00e3 Online\",\"potentialAction\":[{\"@type\":\"SearchAction\",\"target\":{\"@type\":\"EntryPoint\",\"urlTemplate\":\"https:\\\/\\\/ubirataonline.com.br\\\/?s={search_term_string}\"},\"query-input\":{\"@type\":\"PropertyValueSpecification\",\"valueRequired\":true,\"valueName\":\"search_term_string\"}}],\"inLanguage\":\"en-US\"},{\"@type\":[\"Organization\",\"Place\"],\"@id\":\"https:\\\/\\\/ubirataonline.com.br\\\/#organization\",\"name\":\"Ubirat\u00e3 Online Not\u00edcias\",\"alternateName\":\"Ubirat\u00e3 Online\",\"url\":\"https:\\\/\\\/ubirataonline.com.br\\\/\",\"logo\":{\"@id\":\"https:\\\/\\\/ubirataonline.com.br\\\/homem-morre-atropelado-em-frente-ao-trabalho-em-sarandi-motorista-disse-que-dormiu-ao-volante\\\/#local-main-organization-logo\"},\"image\":{\"@id\":\"https:\\\/\\\/ubirataonline.com.br\\\/homem-morre-atropelado-em-frente-ao-trabalho-em-sarandi-motorista-disse-que-dormiu-ao-volante\\\/#local-main-organization-logo\"},\"sameAs\":[\"https:\\\/\\\/www.facebook.com\\\/portalubirataonline\",\"https:\\\/\\\/x.com\\\/ubirataonline\",\"https:\\\/\\\/mastodon.social\\\/@ubirataonline\",\"https:\\\/\\\/www.facebook.com\\\/groups\\\/311144672285604\",\"https:\\\/\\\/www.facebook.com\\\/UBTAOnline\",\"https:\\\/\\\/www.instagram.com\\\/portalubirataonline\\\/\",\"https:\\\/\\\/twitter.com\\\/ubirataonline\"],\"description\":\"Somos um portal de not\u00edcias independente, criado em 5 de janeiro de 2009, com o objetivo de informar, conectar e valorizar a nossa comunidade de Ubirat\u00e3 e toda aregi\u00e3o. Com conte\u00fado atualizado, confi\u00e1vel e relevante, o Ubirat\u00e3 Online \u00e9 o seu espa\u00e7o para ficar por dentro dos principais acontecimentos locais, regionais, Brasil, Mundo e de interesse geral. Nosso compromisso \u00e9 com a verdade, a transpar\u00eancia e o respeito ao leitor.\",\"legalName\":\"UBIRATA ONLINE NOT\u00cdCIAS\",\"foundingDate\":\"2009-01-05\",\"numberOfEmployees\":{\"@type\":\"QuantitativeValue\",\"minValue\":\"1\",\"maxValue\":\"10\"},\"publishingPrinciples\":\"https:\\\/\\\/ubirataonline.com.br\\\/faq\\\/\",\"address\":{\"@id\":\"https:\\\/\\\/ubirataonline.com.br\\\/homem-morre-atropelado-em-frente-ao-trabalho-em-sarandi-motorista-disse-que-dormiu-ao-volante\\\/#local-main-place-address\"},\"geo\":{\"@type\":\"GeoCoordinates\",\"latitude\":\"-24.5361401\",\"longitude\":\"-52.9921776\"},\"telephone\":[\"+5544998308235\"],\"contactPoint\":{\"@type\":\"ContactPoint\",\"email\":\"contato@ubirataonline.com.br\"},\"openingHoursSpecification\":{\"@type\":\"OpeningHoursSpecification\",\"dayOfWeek\":[\"Monday\",\"Tuesday\",\"Wednesday\",\"Thursday\",\"Friday\",\"Saturday\",\"Sunday\"],\"opens\":\"00:00\",\"closes\":\"23:59\"},\"email\":\"contato@ubirataonline.com.br\",\"vatID\":\"47.621.418\\\/0001-80\"},{\"@type\":\"Person\",\"@id\":\"https:\\\/\\\/ubirataonline.com.br\\\/#\\\/schema\\\/person\\\/372f87bbd3fdd79b8556b84c98d0bc1c\",\"name\":\"REDA\u00c7\u00c3O: UBIRAT\u00c3 ONLINE - F\u00c1BIO AUGUSTO CELESTINO\",\"pronouns\":\"Ele\",\"description\":\"Desde 2003 trabalhando com not\u00edcias.\",\"sameAs\":[\"http:\\\/\\\/ubirataoline.com.br\",\"https:\\\/\\\/www.facebook.com\\\/portalubirataonline\",\"https:\\\/\\\/www.instagram.com\\\/ubirataonline_oficial\",\"https:\\\/\\\/x.com\\\/x.com\\\/ubirataonline\"],\"honorificPrefix\":\"Mr.\",\"honorificSuffix\":\"MD\",\"birthDate\":\"1980-06-16\",\"gender\":\"masculino\",\"award\":[\"V\u00e1rios pr\u00eamios de melhor portal da cidade\"],\"jobTitle\":\"Diretor\",\"url\":\"https:\\\/\\\/ubirataonline.com.br\\\/en\\\/author\\\/ubirataonline\\\/\"},{\"@type\":\"PostalAddress\",\"@id\":\"https:\\\/\\\/ubirataonline.com.br\\\/homem-morre-atropelado-em-frente-ao-trabalho-em-sarandi-motorista-disse-que-dormiu-ao-volante\\\/#local-main-place-address\",\"streetAddress\":\"Rua dos Coqueiros, 104 - Bairro Boa Vista, Rua dos Coqueiros, 104 Bairro Boa Vista\",\"addressLocality\":\"UBIRATA\",\"postalCode\":\"85440-000\",\"addressRegion\":\"PR\",\"addressCountry\":\"BR\"},{\"@type\":\"ImageObject\",\"inLanguage\":\"en-US\",\"@id\":\"https:\\\/\\\/ubirataonline.com.br\\\/homem-morre-atropelado-em-frente-ao-trabalho-em-sarandi-motorista-disse-que-dormiu-ao-volante\\\/#local-main-organization-logo\",\"url\":\"https:\\\/\\\/ubirataonline.com.br\\\/wp-content\\\/uploads\\\/2026\\\/06\\\/logoubirataonline-1.webp\",\"contentUrl\":\"https:\\\/\\\/ubirataonline.com.br\\\/wp-content\\\/uploads\\\/2026\\\/06\\\/logoubirataonline-1.webp\",\"width\":500,\"height\":500,\"caption\":\"Ubirat\u00e3 Online Not\u00edcias\"}]}<\/script>\n<meta name=\"geo.placename\" content=\"UBIRATA\" \/>\n<meta name=\"geo.position\" content=\"-24.5361401;-52.9921776\" \/>\n<meta name=\"geo.region\" content=\"Brazil\" \/>\n<!-- \/ Yoast SEO Premium plugin. -->","yoast_head_json":{"title":"Homem morre atropelado em frente ao trabalho em Sarandi; motorista disse que dormiu ao volante - Ubirat\u00e3 Online Not\u00edcias - A realidade ao seu alcance!","description":"C\u00e2meras mostram caminhonete subir na cal\u00e7ada e atingir duas pessoas; condutor fugiu e se apresentou horas depois \u00e0 pol\u00edciaUm homem morreu ap\u00f3s ser","robots":{"index":"index","follow":"follow","max-snippet":"max-snippet:-1","max-image-preview":"max-image-preview:large","max-video-preview":"max-video-preview:-1"},"canonical":"https:\/\/ubirataonline.com.br\/en\/homem-morre-atropelado-em-frente-ao-trabalho-em-sarandi-motorista-disse-que-dormiu-ao-volante\/","og_locale":"en_US","og_type":"article","og_title":"Homem morre atropelado em frente ao trabalho em Sarandi; motorista disse que dormiu ao volante","og_description":"C\u00e2meras mostram caminhonete subir na cal\u00e7ada e atingir duas pessoas; condutor fugiu e se apresentou horas depois \u00e0 pol\u00edciaUm homem morreu ap\u00f3s ser","og_url":"https:\/\/ubirataonline.com.br\/en\/homem-morre-atropelado-em-frente-ao-trabalho-em-sarandi-motorista-disse-que-dormiu-ao-volante\/","og_site_name":"Ubirat\u00e3 Online Not\u00edcias - A realidade ao seu alcance!","article_publisher":"https:\/\/www.facebook.com\/portalubirataonline","article_author":"https:\/\/www.facebook.com\/portalubirataonline","article_published_time":"2026-09-02T17:32:49+00:00","og_image":[{"width":1531,"height":418,"url":"https:\/\/ubirataonline.com.br\/wp-content\/uploads\/2026\/05\/logo2026.webp","type":"image\/webp"}],"author":"REDA\u00c7\u00c3O: UBIRAT\u00c3 ONLINE - F\u00c1BIO AUGUSTO CELESTINO","twitter_card":"summary_large_image","twitter_creator":"@x.com\/ubirataonline","twitter_site":"@ubirataonline","twitter_misc":{"Written by":"REDA\u00c7\u00c3O: UBIRAT\u00c3 ONLINE - F\u00c1BIO AUGUSTO CELESTINO","Est. reading time":"1 minute"},"schema":{"@context":"https:\/\/schema.org","@graph":[{"@type":"NewsArticle","@id":"https:\/\/ubirataonline.com.br\/homem-morre-atropelado-em-frente-ao-trabalho-em-sarandi-motorista-disse-que-dormiu-ao-volante\/#article","isPartOf":{"@id":"https:\/\/ubirataonline.com.br\/homem-morre-atropelado-em-frente-ao-trabalho-em-sarandi-motorista-disse-que-dormiu-ao-volante\/"},"author":{"name":"REDA\u00c7\u00c3O: UBIRAT\u00c3 ONLINE - F\u00c1BIO AUGUSTO CELESTINO","@id":"https:\/\/ubirataonline.com.br\/#\/schema\/person\/372f87bbd3fdd79b8556b84c98d0bc1c"},"headline":"Homem morre atropelado em frente ao trabalho em Sarandi; motorista disse que dormiu ao volante","datePublished":"2026-09-02T17:32:49+00:00","mainEntityOfPage":{"@id":"https:\/\/ubirataonline.com.br\/homem-morre-atropelado-em-frente-ao-trabalho-em-sarandi-motorista-disse-que-dormiu-ao-volante\/"},"wordCount":244,"publisher":{"@id":"https:\/\/ubirataonline.com.br\/#organization"},"image":{"@id":"https:\/\/ubirataonline.com.br\/homem-morre-atropelado-em-frente-ao-trabalho-em-sarandi-motorista-disse-que-dormiu-ao-volante\/#primaryimage"},"thumbnailUrl":"https:\/\/ubirataonline.com.br\/wp-content\/uploads\/2026\/09\/maaimg-post-169995-20260902-173306.webp","articleSection":["Paran\u00e1"],"inLanguage":"en-US","copyrightYear":"2026","copyrightHolder":{"@id":"https:\/\/ubirataonline.com.br\/en\/#organization"}},{"@type":"WebPage","@id":"https:\/\/ubirataonline.com.br\/homem-morre-atropelado-em-frente-ao-trabalho-em-sarandi-motorista-disse-que-dormiu-ao-volante\/","url":"https:\/\/ubirataonline.com.br\/homem-morre-atropelado-em-frente-ao-trabalho-em-sarandi-motorista-disse-que-dormiu-ao-volante\/","name":"Homem morre atropelado em frente ao trabalho em Sarandi; motorista disse que dormiu ao volante - Ubirat\u00e3 Online Not\u00edcias - A realidade ao seu alcance!","isPartOf":{"@id":"https:\/\/ubirataonline.com.br\/#website"},"primaryImageOfPage":{"@id":"https:\/\/ubirataonline.com.br\/homem-morre-atropelado-em-frente-ao-trabalho-em-sarandi-motorista-disse-que-dormiu-ao-volante\/#primaryimage"},"image":{"@id":"https:\/\/ubirataonline.com.br\/homem-morre-atropelado-em-frente-ao-trabalho-em-sarandi-motorista-disse-que-dormiu-ao-volante\/#primaryimage"},"thumbnailUrl":"https:\/\/ubirataonline.com.br\/wp-content\/uploads\/2026\/09\/maaimg-post-169995-20260902-173306.webp","datePublished":"2026-09-02T17:32:49+00:00","description":"C\u00e2meras mostram caminhonete subir na cal\u00e7ada e atingir duas pessoas; condutor fugiu e se apresentou horas depois \u00e0 pol\u00edciaUm homem morreu ap\u00f3s ser","breadcrumb":{"@id":"https:\/\/ubirataonline.com.br\/homem-morre-atropelado-em-frente-ao-trabalho-em-sarandi-motorista-disse-que-dormiu-ao-volante\/#breadcrumb"},"inLanguage":"en-US","potentialAction":[{"@type":"ReadAction","target":["https:\/\/ubirataonline.com.br\/homem-morre-atropelado-em-frente-ao-trabalho-em-sarandi-motorista-disse-que-dormiu-ao-volante\/"]}]},{"@type":"ImageObject","inLanguage":"en-US","@id":"https:\/\/ubirataonline.com.br\/homem-morre-atropelado-em-frente-ao-trabalho-em-sarandi-motorista-disse-que-dormiu-ao-volante\/#primaryimage","url":"https:\/\/ubirataonline.com.br\/wp-content\/uploads\/2026\/09\/maaimg-post-169995-20260902-173306.webp","contentUrl":"https:\/\/ubirataonline.com.br\/wp-content\/uploads\/2026\/09\/maaimg-post-169995-20260902-173306.webp","width":1536,"height":1024,"caption":"Imagem ilustrativa Gerada por IA"},{"@type":"BreadcrumbList","@id":"https:\/\/ubirataonline.com.br\/homem-morre-atropelado-em-frente-ao-trabalho-em-sarandi-motorista-disse-que-dormiu-ao-volante\/#breadcrumb","itemListElement":[{"@type":"ListItem","position":1,"name":"In\u00edcio","item":"https:\/\/ubirataonline.com.br\/"},{"@type":"ListItem","position":2,"name":"Homem morre atropelado em frente ao trabalho em Sarandi; motorista disse que dormiu ao volante"}]},{"@type":"WebSite","@id":"https:\/\/ubirataonline.com.br\/#website","url":"https:\/\/ubirataonline.com.br\/","name":"Ubirat\u00e3 Online Not\u00edcias","description":"Not\u00edcias de Ubirat\u00e3, regi\u00e3o, Brasil e mundo, com informa\u00e7\u00e3o atualizada e compromisso com o leitor.","publisher":{"@id":"https:\/\/ubirataonline.com.br\/#organization"},"alternateName":"Ubirat\u00e3 Online","potentialAction":[{"@type":"SearchAction","target":{"@type":"EntryPoint","urlTemplate":"https:\/\/ubirataonline.com.br\/?s={search_term_string}"},"query-input":{"@type":"PropertyValueSpecification","valueRequired":true,"valueName":"search_term_string"}}],"inLanguage":"en-US"},{"@type":["Organization","Place"],"@id":"https:\/\/ubirataonline.com.br\/#organization","name":"Ubirat\u00e3 Online Not\u00edcias","alternateName":"Ubirat\u00e3 Online","url":"https:\/\/ubirataonline.com.br\/","logo":{"@id":"https:\/\/ubirataonline.com.br\/homem-morre-atropelado-em-frente-ao-trabalho-em-sarandi-motorista-disse-que-dormiu-ao-volante\/#local-main-organization-logo"},"image":{"@id":"https:\/\/ubirataonline.com.br\/homem-morre-atropelado-em-frente-ao-trabalho-em-sarandi-motorista-disse-que-dormiu-ao-volante\/#local-main-organization-logo"},"sameAs":["https:\/\/www.facebook.com\/portalubirataonline","https:\/\/x.com\/ubirataonline","https:\/\/mastodon.social\/@ubirataonline","https:\/\/www.facebook.com\/groups\/311144672285604","https:\/\/www.facebook.com\/UBTAOnline","https:\/\/www.instagram.com\/portalubirataonline\/","https:\/\/twitter.com\/ubirataonline"],"description":"Somos um portal de not\u00edcias independente, criado em 5 de janeiro de 2009, com o objetivo de informar, conectar e valorizar a nossa comunidade de Ubirat\u00e3 e toda aregi\u00e3o. Com conte\u00fado atualizado, confi\u00e1vel e relevante, o Ubirat\u00e3 Online \u00e9 o seu espa\u00e7o para ficar por dentro dos principais acontecimentos locais, regionais, Brasil, Mundo e de interesse geral. Nosso compromisso \u00e9 com a verdade, a transpar\u00eancia e o respeito ao leitor.","legalName":"UBIRATA ONLINE NOT\u00cdCIAS","foundingDate":"2009-01-05","numberOfEmployees":{"@type":"QuantitativeValue","minValue":"1","maxValue":"10"},"publishingPrinciples":"https:\/\/ubirataonline.com.br\/faq\/","address":{"@id":"https:\/\/ubirataonline.com.br\/homem-morre-atropelado-em-frente-ao-trabalho-em-sarandi-motorista-disse-que-dormiu-ao-volante\/#local-main-place-address"},"geo":{"@type":"GeoCoordinates","latitude":"-24.5361401","longitude":"-52.9921776"},"telephone":["+5544998308235"],"contactPoint":{"@type":"ContactPoint","email":"contato@ubirataonline.com.br"},"openingHoursSpecification":{"@type":"OpeningHoursSpecification","dayOfWeek":["Monday","Tuesday","Wednesday","Thursday","Friday","Saturday","Sunday"],"opens":"00:00","closes":"23:59"},"email":"contato@ubirataonline.com.br","vatID":"47.621.418\/0001-80"},{"@type":"Person","@id":"https:\/\/ubirataonline.com.br\/#\/schema\/person\/372f87bbd3fdd79b8556b84c98d0bc1c","name":"REDA\u00c7\u00c3O: UBIRAT\u00c3 ONLINE - F\u00c1BIO AUGUSTO CELESTINO","pronouns":"Ele","description":"Desde 2003 trabalhando com not\u00edcias.","sameAs":["http:\/\/ubirataoline.com.br","https:\/\/www.facebook.com\/portalubirataonline","https:\/\/www.instagram.com\/ubirataonline_oficial","https:\/\/x.com\/x.com\/ubirataonline"],"honorificPrefix":"Mr.","honorificSuffix":"MD","birthDate":"1980-06-16","gender":"masculino","award":["V\u00e1rios pr\u00eamios de melhor portal da cidade"],"jobTitle":"Diretor","url":"https:\/\/ubirataonline.com.br\/en\/author\/ubirataonline\/"},{"@type":"PostalAddress","@id":"https:\/\/ubirataonline.com.br\/homem-morre-atropelado-em-frente-ao-trabalho-em-sarandi-motorista-disse-que-dormiu-ao-volante\/#local-main-place-address","streetAddress":"Rua dos Coqueiros, 104 - Bairro Boa Vista, Rua dos Coqueiros, 104 Bairro Boa Vista","addressLocality":"UBIRATA","postalCode":"85440-000","addressRegion":"PR","addressCountry":"BR"},{"@type":"ImageObject","inLanguage":"en-US","@id":"https:\/\/ubirataonline.com.br\/homem-morre-atropelado-em-frente-ao-trabalho-em-sarandi-motorista-disse-que-dormiu-ao-volante\/#local-main-organization-logo","url":"https:\/\/ubirataonline.com.br\/wp-content\/uploads\/2026\/06\/logoubirataonline-1.webp","contentUrl":"https:\/\/ubirataonline.com.br\/wp-content\/uploads\/2026\/06\/logoubirataonline-1.webp","width":500,"height":500,"caption":"Ubirat\u00e3 Online Not\u00edcias"}]},"geo.placename":"UBIRATA","geo.position":{"lat":"-24.5361401","long":"-52.9921776"},"geo.region":"Brazil"},"_links":{"self":[{"href":"https:\/\/ubirataonline.com.br\/en\/wp-json\/wp\/v2\/posts\/169995","targetHints":{"allow":["GET"]}}],"collection":[{"href":"https:\/\/ubirataonline.com.br\/en\/wp-json\/wp\/v2\/posts"}],"about":[{"href":"https:\/\/ubirataonline.com.br\/en\/wp-json\/wp\/v2\/types\/post"}],"author":[{"embeddable":true,"href":"https:\/\/ubirataonline.com.br\/en\/wp-json\/wp\/v2\/users\/1"}],"replies":[{"embeddable":true,"href":"https:\/\/ubirataonline.com.br\/en\/wp-json\/wp\/v2\/comments?post=169995"}],"version-history":[{"count":0,"href":"https:\/\/ubirataonline.com.br\/en\/wp-json\/wp\/v2\/posts\/169995\/revisions"}],"wp:featuredmedia":[{"embeddable":true,"href":"https:\/\/ubirataonline.com.br\/en\/wp-json\/wp\/v2\/media\/169996"}],"wp:attachment":[{"href":"https:\/\/ubirataonline.com.br\/en\/wp-json\/wp\/v2\/media?parent=169995"}],"wp:term":[{"taxonomy":"category","embeddable":true,"href":"https:\/\/ubirataonline.com.br\/en\/wp-json\/wp\/v2\/categories?post=169995"},{"taxonomy":"post_tag","embeddable":true,"href":"https:\/\/ubirataonline.com.br\/en\/wp-json\/wp\/v2\/tags?post=169995"}],"curies":[{"name":"wp","href":"https:\/\/api.w.org\/{rel}","templated":true}]}}