{"id":170030,"date":"2026-09-02T15:21:14","date_gmt":"2026-09-02T18:21:14","guid":{"rendered":"https:\/\/ubirataonline.com.br\/defesa-afirma-que-suspeito-preso-por-morte-em-cascavel-agiu-em-legitima-defesa\/"},"modified":"2026-09-02T15:21:14","modified_gmt":"2026-09-02T18:21:14","slug":"defesa-afirma-que-suspeito-preso-por-morte-em-cascavel-agiu-em-legitima-defesa","status":"publish","type":"post","link":"https:\/\/ubirataonline.com.br\/en\/defesa-afirma-que-suspeito-preso-por-morte-em-cascavel-agiu-em-legitima-defesa\/","title":{"rendered":"Defesa afirma que suspeito preso por morte em Cascavel agiu em leg\u00edtima defesa"},"content":{"rendered":"<h2>O advogado Guilherme Cameran diz que Luiz Schneider agiu para se defender em briga num bar rural de Cascavel; pris\u00e3o preventiva foi cumprida em 2 de setembro<\/h2>\n<p>O advogado de defesa de Luiz Schneider afirmou que o cliente \u00e9 inocente e teria agido em leg\u00edtima defesa durante a discuss\u00e3o que terminou com a morte de M\u00e1rcio Cristiano de Almeida Lenhart. A declara\u00e7\u00e3o foi dada \u00e0 reportagem publicada pelo CGN em 2 de setembro de 2026.<\/p>\n<p>O caso ocorreu em um bar no reassentamento Valmir Motta, na \u00e1rea rural de Cascavel. A investiga\u00e7\u00e3o segue sob a responsabilidade da Delegacia de Homic\u00eddios de Cascavel ap\u00f3s o cumprimento da pris\u00e3o preventiva.<\/p>\n<h3>O caso<\/h3>\n<p>Segundo o levantamento do CGN, M\u00e1rcio Cristiano de Almeida Lenhart foi esfaqueado durante uma discuss\u00e3o na noite de 9 de agosto de 2026 e foi encaminhado ao Hospital Universit\u00e1rio do Oeste do Paran\u00e1 (HUOP), onde morreu em 10 de agosto de 2026.<\/p>\n<p>O principal suspeito apontado pela pol\u00edcia \u00e9 Luiz Schneider, de 39 anos; a pris\u00e3o preventiva foi cumprida pela Delegacia de Homic\u00eddios de Cascavel em 2 de setembro de 2026, segundo CGN.<\/p>\n<h3>Vers\u00e3o da defesa<\/h3>\n<p>O advogado Guilherme Cameran afirmou ao CGN que Luiz n\u00e3o teria iniciado a confus\u00e3o e que imagens do bar indicariam que a v\u00edtima teria procurado o confronto. Segundo a defesa, a briga teria come\u00e7ado depois que M\u00e1rcio, aparentemente embriagado, teria trope\u00e7ado no p\u00e9 de Luiz dentro do estabelecimento.<\/p>\n<p>De acordo com a vers\u00e3o apresentada pela defesa, Luiz saiu do bar para buscar a chave da motocicleta e M\u00e1rcio teria ido atr\u00e1s dele, reiniciando o confronto e puxando uma faca. Sobre a atua\u00e7\u00e3o do cliente, Cameran declarou: &#8220;Ele \u00e9 inocente dessa situa\u00e7\u00e3o, ele n\u00e3o provocou o ocorrido&#8221; e tamb\u00e9m afirmou que, &#8220;pelo contexto das imagens, logo se v\u00ea que n\u00e3o \u00e9 ele que puxa a briga&#8221;.<\/p>\n<h3>A\u00e7\u00e3o da pol\u00edcia e pr\u00f3ximos passos<\/h3>\n<p>A Delegacia de Homic\u00eddios de Cascavel instaurou investiga\u00e7\u00e3o para apurar as circunst\u00e2ncias do homic\u00eddio e a din\u00e2mica da briga, informou o CGN. A defesa disse ter procurado a autoridade policial desde o in\u00edcio e afirmou ter sido surpreendida pelo cumprimento do mandado de pris\u00e3o preventiva.<\/p>\n<p>segundo CGN, a defesa pretende ter acesso \u00e0s informa\u00e7\u00f5es do processo e apresentar pedidos cab\u00edveis, como a revoga\u00e7\u00e3o da pris\u00e3o preventiva.<\/p>","protected":false},"excerpt":{"rendered":"<p>O advogado Guilherme Cameran diz que Luiz Schneider agiu para se defender em briga num bar rural de Cascavel; pris\u00e3o preventiva foi cumprida em 2 de setembro O advogado de defesa de Luiz Schneider afirmou que o cliente \u00e9 inocente e teria agido em leg\u00edtima defesa durante a discuss\u00e3o que terminou com a morte de [&hellip;]<\/p>\n","protected":false},"author":1,"featured_media":170031,"comment_status":"","ping_status":"","sticky":false,"template":"","format":"standard","meta":{"googlesitekit_rrm_CAow2JLhCw:productID":"","_gspb_post_css":"","maa_idioma":"","maa_pais":"","footnotes":""},"categories":[43088],"tags":[],"class_list":["post-170030","post","type-post","status-publish","format-standard","has-post-thumbnail","hentry","category-parana"],"blocksy_meta":[],"yoast_head":"<!-- This site is optimized with the Yoast SEO Premium plugin v27.6 (Yoast SEO v27.6) - https:\/\/yoast.com\/product\/yoast-seo-premium-wordpress\/ -->\n<title>Defesa afirma que suspeito preso por morte em Cascavel agiu em leg\u00edtima defesa - Ubirat\u00e3 Online Not\u00edcias - A realidade ao seu alcance!<\/title>\n<meta name=\"description\" content=\"O advogado Guilherme Cameran diz que Luiz Schneider agiu para se defender em briga num bar rural de Cascavel; pris\u00e3o preventiva foi cumprida em 2 de\" \/>\n<meta name=\"robots\" content=\"index, follow, max-snippet:-1, max-image-preview:large, max-video-preview:-1\" \/>\n<link rel=\"canonical\" href=\"https:\/\/ubirataonline.com.br\/en\/defesa-afirma-que-suspeito-preso-por-morte-em-cascavel-agiu-em-legitima-defesa\/\" \/>\n<meta property=\"og:locale\" content=\"en_US\" \/>\n<meta property=\"og:type\" content=\"article\" \/>\n<meta property=\"og:title\" content=\"Defesa afirma que suspeito preso por morte em Cascavel agiu em leg\u00edtima defesa\" \/>\n<meta property=\"og:description\" content=\"O advogado Guilherme Cameran diz que Luiz Schneider agiu para se defender em briga num bar rural de Cascavel; pris\u00e3o preventiva foi cumprida em 2 de\" \/>\n<meta property=\"og:url\" content=\"https:\/\/ubirataonline.com.br\/en\/defesa-afirma-que-suspeito-preso-por-morte-em-cascavel-agiu-em-legitima-defesa\/\" \/>\n<meta property=\"og:site_name\" content=\"Ubirat\u00e3 Online Not\u00edcias - A realidade ao seu alcance!\" \/>\n<meta property=\"article:publisher\" content=\"https:\/\/www.facebook.com\/portalubirataonline\" \/>\n<meta property=\"article:author\" content=\"https:\/\/www.facebook.com\/portalubirataonline\" \/>\n<meta property=\"article:published_time\" content=\"2026-09-02T18:21:14+00:00\" \/>\n<meta property=\"og:image\" content=\"https:\/\/ubirataonline.com.br\/wp-content\/uploads\/2026\/05\/logo2026.webp\" \/>\n\t<meta property=\"og:image:width\" content=\"1531\" \/>\n\t<meta property=\"og:image:height\" content=\"418\" \/>\n\t<meta property=\"og:image:type\" content=\"image\/webp\" \/>\n<meta name=\"author\" content=\"REDA\u00c7\u00c3O: UBIRAT\u00c3 ONLINE - F\u00c1BIO AUGUSTO CELESTINO\" \/>\n<meta name=\"twitter:card\" content=\"summary_large_image\" \/>\n<meta name=\"twitter:creator\" content=\"@x.com\/ubirataonline\" \/>\n<meta name=\"twitter:site\" content=\"@ubirataonline\" \/>\n<meta name=\"twitter:label1\" content=\"Written by\" \/>\n\t<meta name=\"twitter:data1\" content=\"REDA\u00c7\u00c3O: UBIRAT\u00c3 ONLINE - F\u00c1BIO AUGUSTO CELESTINO\" \/>\n\t<meta name=\"twitter:label2\" content=\"Est. reading time\" \/>\n\t<meta name=\"twitter:data2\" content=\"2 minutes\" \/>\n<script type=\"application\/ld+json\" class=\"yoast-schema-graph\">{\"@context\":\"https:\\\/\\\/schema.org\",\"@graph\":[{\"@type\":\"NewsArticle\",\"@id\":\"https:\\\/\\\/ubirataonline.com.br\\\/defesa-afirma-que-suspeito-preso-por-morte-em-cascavel-agiu-em-legitima-defesa\\\/#article\",\"isPartOf\":{\"@id\":\"https:\\\/\\\/ubirataonline.com.br\\\/defesa-afirma-que-suspeito-preso-por-morte-em-cascavel-agiu-em-legitima-defesa\\\/\"},\"author\":{\"name\":\"REDA\u00c7\u00c3O: UBIRAT\u00c3 ONLINE - F\u00c1BIO AUGUSTO CELESTINO\",\"@id\":\"https:\\\/\\\/ubirataonline.com.br\\\/#\\\/schema\\\/person\\\/372f87bbd3fdd79b8556b84c98d0bc1c\"},\"headline\":\"Defesa afirma que suspeito preso por morte em Cascavel agiu em leg\u00edtima defesa\",\"datePublished\":\"2026-09-02T18:21:14+00:00\",\"mainEntityOfPage\":{\"@id\":\"https:\\\/\\\/ubirataonline.com.br\\\/defesa-afirma-que-suspeito-preso-por-morte-em-cascavel-agiu-em-legitima-defesa\\\/\"},\"wordCount\":416,\"publisher\":{\"@id\":\"https:\\\/\\\/ubirataonline.com.br\\\/#organization\"},\"image\":{\"@id\":\"https:\\\/\\\/ubirataonline.com.br\\\/defesa-afirma-que-suspeito-preso-por-morte-em-cascavel-agiu-em-legitima-defesa\\\/#primaryimage\"},\"thumbnailUrl\":\"https:\\\/\\\/ubirataonline.com.br\\\/wp-content\\\/uploads\\\/2026\\\/09\\\/maaimg-post-170030-20260902-182141.webp\",\"articleSection\":[\"Paran\u00e1\"],\"inLanguage\":\"en-US\",\"copyrightYear\":\"2026\",\"copyrightHolder\":{\"@id\":\"https:\\\/\\\/ubirataonline.com.br\\\/en\\\/#organization\"}},{\"@type\":\"WebPage\",\"@id\":\"https:\\\/\\\/ubirataonline.com.br\\\/defesa-afirma-que-suspeito-preso-por-morte-em-cascavel-agiu-em-legitima-defesa\\\/\",\"url\":\"https:\\\/\\\/ubirataonline.com.br\\\/defesa-afirma-que-suspeito-preso-por-morte-em-cascavel-agiu-em-legitima-defesa\\\/\",\"name\":\"Defesa afirma que suspeito preso por morte em Cascavel agiu em leg\u00edtima defesa - Ubirat\u00e3 Online Not\u00edcias - A realidade ao seu alcance!\",\"isPartOf\":{\"@id\":\"https:\\\/\\\/ubirataonline.com.br\\\/#website\"},\"primaryImageOfPage\":{\"@id\":\"https:\\\/\\\/ubirataonline.com.br\\\/defesa-afirma-que-suspeito-preso-por-morte-em-cascavel-agiu-em-legitima-defesa\\\/#primaryimage\"},\"image\":{\"@id\":\"https:\\\/\\\/ubirataonline.com.br\\\/defesa-afirma-que-suspeito-preso-por-morte-em-cascavel-agiu-em-legitima-defesa\\\/#primaryimage\"},\"thumbnailUrl\":\"https:\\\/\\\/ubirataonline.com.br\\\/wp-content\\\/uploads\\\/2026\\\/09\\\/maaimg-post-170030-20260902-182141.webp\",\"datePublished\":\"2026-09-02T18:21:14+00:00\",\"description\":\"O advogado Guilherme Cameran diz que Luiz Schneider agiu para se defender em briga num bar rural de Cascavel; pris\u00e3o preventiva foi cumprida em 2 de\",\"breadcrumb\":{\"@id\":\"https:\\\/\\\/ubirataonline.com.br\\\/defesa-afirma-que-suspeito-preso-por-morte-em-cascavel-agiu-em-legitima-defesa\\\/#breadcrumb\"},\"inLanguage\":\"en-US\",\"potentialAction\":[{\"@type\":\"ReadAction\",\"target\":[\"https:\\\/\\\/ubirataonline.com.br\\\/defesa-afirma-que-suspeito-preso-por-morte-em-cascavel-agiu-em-legitima-defesa\\\/\"]}]},{\"@type\":\"ImageObject\",\"inLanguage\":\"en-US\",\"@id\":\"https:\\\/\\\/ubirataonline.com.br\\\/defesa-afirma-que-suspeito-preso-por-morte-em-cascavel-agiu-em-legitima-defesa\\\/#primaryimage\",\"url\":\"https:\\\/\\\/ubirataonline.com.br\\\/wp-content\\\/uploads\\\/2026\\\/09\\\/maaimg-post-170030-20260902-182141.webp\",\"contentUrl\":\"https:\\\/\\\/ubirataonline.com.br\\\/wp-content\\\/uploads\\\/2026\\\/09\\\/maaimg-post-170030-20260902-182141.webp\",\"width\":1536,\"height\":1024,\"caption\":\"Imagem ilustrativa Gerada por IA\"},{\"@type\":\"BreadcrumbList\",\"@id\":\"https:\\\/\\\/ubirataonline.com.br\\\/defesa-afirma-que-suspeito-preso-por-morte-em-cascavel-agiu-em-legitima-defesa\\\/#breadcrumb\",\"itemListElement\":[{\"@type\":\"ListItem\",\"position\":1,\"name\":\"In\u00edcio\",\"item\":\"https:\\\/\\\/ubirataonline.com.br\\\/\"},{\"@type\":\"ListItem\",\"position\":2,\"name\":\"Defesa afirma que suspeito preso por morte em Cascavel agiu em leg\u00edtima defesa\"}]},{\"@type\":\"WebSite\",\"@id\":\"https:\\\/\\\/ubirataonline.com.br\\\/#website\",\"url\":\"https:\\\/\\\/ubirataonline.com.br\\\/\",\"name\":\"Ubirat\u00e3 Online Not\u00edcias\",\"description\":\"Not\u00edcias de Ubirat\u00e3, regi\u00e3o, Brasil e mundo, com informa\u00e7\u00e3o atualizada e compromisso com o leitor.\",\"publisher\":{\"@id\":\"https:\\\/\\\/ubirataonline.com.br\\\/#organization\"},\"alternateName\":\"Ubirat\u00e3 Online\",\"potentialAction\":[{\"@type\":\"SearchAction\",\"target\":{\"@type\":\"EntryPoint\",\"urlTemplate\":\"https:\\\/\\\/ubirataonline.com.br\\\/?s={search_term_string}\"},\"query-input\":{\"@type\":\"PropertyValueSpecification\",\"valueRequired\":true,\"valueName\":\"search_term_string\"}}],\"inLanguage\":\"en-US\"},{\"@type\":[\"Organization\",\"Place\"],\"@id\":\"https:\\\/\\\/ubirataonline.com.br\\\/#organization\",\"name\":\"Ubirat\u00e3 Online Not\u00edcias\",\"alternateName\":\"Ubirat\u00e3 Online\",\"url\":\"https:\\\/\\\/ubirataonline.com.br\\\/\",\"logo\":{\"@id\":\"https:\\\/\\\/ubirataonline.com.br\\\/defesa-afirma-que-suspeito-preso-por-morte-em-cascavel-agiu-em-legitima-defesa\\\/#local-main-organization-logo\"},\"image\":{\"@id\":\"https:\\\/\\\/ubirataonline.com.br\\\/defesa-afirma-que-suspeito-preso-por-morte-em-cascavel-agiu-em-legitima-defesa\\\/#local-main-organization-logo\"},\"sameAs\":[\"https:\\\/\\\/www.facebook.com\\\/portalubirataonline\",\"https:\\\/\\\/x.com\\\/ubirataonline\",\"https:\\\/\\\/mastodon.social\\\/@ubirataonline\",\"https:\\\/\\\/www.facebook.com\\\/groups\\\/311144672285604\",\"https:\\\/\\\/www.facebook.com\\\/UBTAOnline\",\"https:\\\/\\\/www.instagram.com\\\/portalubirataonline\\\/\",\"https:\\\/\\\/twitter.com\\\/ubirataonline\"],\"description\":\"Somos um portal de not\u00edcias independente, criado em 5 de janeiro de 2009, com o objetivo de informar, conectar e valorizar a nossa comunidade de Ubirat\u00e3 e toda aregi\u00e3o. Com conte\u00fado atualizado, confi\u00e1vel e relevante, o Ubirat\u00e3 Online \u00e9 o seu espa\u00e7o para ficar por dentro dos principais acontecimentos locais, regionais, Brasil, Mundo e de interesse geral. Nosso compromisso \u00e9 com a verdade, a transpar\u00eancia e o respeito ao leitor.\",\"legalName\":\"UBIRATA ONLINE NOT\u00cdCIAS\",\"foundingDate\":\"2009-01-05\",\"numberOfEmployees\":{\"@type\":\"QuantitativeValue\",\"minValue\":\"1\",\"maxValue\":\"10\"},\"publishingPrinciples\":\"https:\\\/\\\/ubirataonline.com.br\\\/faq\\\/\",\"address\":{\"@id\":\"https:\\\/\\\/ubirataonline.com.br\\\/defesa-afirma-que-suspeito-preso-por-morte-em-cascavel-agiu-em-legitima-defesa\\\/#local-main-place-address\"},\"geo\":{\"@type\":\"GeoCoordinates\",\"latitude\":\"-24.5361401\",\"longitude\":\"-52.9921776\"},\"telephone\":[\"+5544998308235\"],\"contactPoint\":{\"@type\":\"ContactPoint\",\"email\":\"contato@ubirataonline.com.br\"},\"openingHoursSpecification\":{\"@type\":\"OpeningHoursSpecification\",\"dayOfWeek\":[\"Monday\",\"Tuesday\",\"Wednesday\",\"Thursday\",\"Friday\",\"Saturday\",\"Sunday\"],\"opens\":\"00:00\",\"closes\":\"23:59\"},\"email\":\"contato@ubirataonline.com.br\",\"vatID\":\"47.621.418\\\/0001-80\"},{\"@type\":\"Person\",\"@id\":\"https:\\\/\\\/ubirataonline.com.br\\\/#\\\/schema\\\/person\\\/372f87bbd3fdd79b8556b84c98d0bc1c\",\"name\":\"REDA\u00c7\u00c3O: UBIRAT\u00c3 ONLINE - F\u00c1BIO AUGUSTO CELESTINO\",\"pronouns\":\"Ele\",\"description\":\"Desde 2003 trabalhando com not\u00edcias.\",\"sameAs\":[\"http:\\\/\\\/ubirataoline.com.br\",\"https:\\\/\\\/www.facebook.com\\\/portalubirataonline\",\"https:\\\/\\\/www.instagram.com\\\/ubirataonline_oficial\",\"https:\\\/\\\/x.com\\\/x.com\\\/ubirataonline\"],\"honorificPrefix\":\"Mr.\",\"honorificSuffix\":\"MD\",\"birthDate\":\"1980-06-16\",\"gender\":\"masculino\",\"award\":[\"V\u00e1rios pr\u00eamios de melhor portal da cidade\"],\"jobTitle\":\"Diretor\",\"url\":\"https:\\\/\\\/ubirataonline.com.br\\\/en\\\/author\\\/ubirataonline\\\/\"},{\"@type\":\"PostalAddress\",\"@id\":\"https:\\\/\\\/ubirataonline.com.br\\\/defesa-afirma-que-suspeito-preso-por-morte-em-cascavel-agiu-em-legitima-defesa\\\/#local-main-place-address\",\"streetAddress\":\"Rua dos Coqueiros, 104 - Bairro Boa Vista, Rua dos Coqueiros, 104 Bairro Boa Vista\",\"addressLocality\":\"UBIRATA\",\"postalCode\":\"85440-000\",\"addressRegion\":\"PR\",\"addressCountry\":\"BR\"},{\"@type\":\"ImageObject\",\"inLanguage\":\"en-US\",\"@id\":\"https:\\\/\\\/ubirataonline.com.br\\\/defesa-afirma-que-suspeito-preso-por-morte-em-cascavel-agiu-em-legitima-defesa\\\/#local-main-organization-logo\",\"url\":\"https:\\\/\\\/ubirataonline.com.br\\\/wp-content\\\/uploads\\\/2026\\\/06\\\/logoubirataonline-1.webp\",\"contentUrl\":\"https:\\\/\\\/ubirataonline.com.br\\\/wp-content\\\/uploads\\\/2026\\\/06\\\/logoubirataonline-1.webp\",\"width\":500,\"height\":500,\"caption\":\"Ubirat\u00e3 Online Not\u00edcias\"}]}<\/script>\n<meta name=\"geo.placename\" content=\"UBIRATA\" \/>\n<meta name=\"geo.position\" content=\"-24.5361401;-52.9921776\" \/>\n<meta name=\"geo.region\" content=\"Brazil\" \/>\n<!-- \/ Yoast SEO Premium plugin. -->","yoast_head_json":{"title":"Defesa afirma que suspeito preso por morte em Cascavel agiu em leg\u00edtima defesa - Ubirat\u00e3 Online Not\u00edcias - A realidade ao seu alcance!","description":"O advogado Guilherme Cameran diz que Luiz Schneider agiu para se defender em briga num bar rural de Cascavel; pris\u00e3o preventiva foi cumprida em 2 de","robots":{"index":"index","follow":"follow","max-snippet":"max-snippet:-1","max-image-preview":"max-image-preview:large","max-video-preview":"max-video-preview:-1"},"canonical":"https:\/\/ubirataonline.com.br\/en\/defesa-afirma-que-suspeito-preso-por-morte-em-cascavel-agiu-em-legitima-defesa\/","og_locale":"en_US","og_type":"article","og_title":"Defesa afirma que suspeito preso por morte em Cascavel agiu em leg\u00edtima defesa","og_description":"O advogado Guilherme Cameran diz que Luiz Schneider agiu para se defender em briga num bar rural de Cascavel; pris\u00e3o preventiva foi cumprida em 2 de","og_url":"https:\/\/ubirataonline.com.br\/en\/defesa-afirma-que-suspeito-preso-por-morte-em-cascavel-agiu-em-legitima-defesa\/","og_site_name":"Ubirat\u00e3 Online Not\u00edcias - A realidade ao seu alcance!","article_publisher":"https:\/\/www.facebook.com\/portalubirataonline","article_author":"https:\/\/www.facebook.com\/portalubirataonline","article_published_time":"2026-09-02T18:21:14+00:00","og_image":[{"width":1531,"height":418,"url":"https:\/\/ubirataonline.com.br\/wp-content\/uploads\/2026\/05\/logo2026.webp","type":"image\/webp"}],"author":"REDA\u00c7\u00c3O: UBIRAT\u00c3 ONLINE - F\u00c1BIO AUGUSTO CELESTINO","twitter_card":"summary_large_image","twitter_creator":"@x.com\/ubirataonline","twitter_site":"@ubirataonline","twitter_misc":{"Written by":"REDA\u00c7\u00c3O: UBIRAT\u00c3 ONLINE - F\u00c1BIO AUGUSTO CELESTINO","Est. reading time":"2 minutes"},"schema":{"@context":"https:\/\/schema.org","@graph":[{"@type":"NewsArticle","@id":"https:\/\/ubirataonline.com.br\/defesa-afirma-que-suspeito-preso-por-morte-em-cascavel-agiu-em-legitima-defesa\/#article","isPartOf":{"@id":"https:\/\/ubirataonline.com.br\/defesa-afirma-que-suspeito-preso-por-morte-em-cascavel-agiu-em-legitima-defesa\/"},"author":{"name":"REDA\u00c7\u00c3O: UBIRAT\u00c3 ONLINE - F\u00c1BIO AUGUSTO CELESTINO","@id":"https:\/\/ubirataonline.com.br\/#\/schema\/person\/372f87bbd3fdd79b8556b84c98d0bc1c"},"headline":"Defesa afirma que suspeito preso por morte em Cascavel agiu em leg\u00edtima defesa","datePublished":"2026-09-02T18:21:14+00:00","mainEntityOfPage":{"@id":"https:\/\/ubirataonline.com.br\/defesa-afirma-que-suspeito-preso-por-morte-em-cascavel-agiu-em-legitima-defesa\/"},"wordCount":416,"publisher":{"@id":"https:\/\/ubirataonline.com.br\/#organization"},"image":{"@id":"https:\/\/ubirataonline.com.br\/defesa-afirma-que-suspeito-preso-por-morte-em-cascavel-agiu-em-legitima-defesa\/#primaryimage"},"thumbnailUrl":"https:\/\/ubirataonline.com.br\/wp-content\/uploads\/2026\/09\/maaimg-post-170030-20260902-182141.webp","articleSection":["Paran\u00e1"],"inLanguage":"en-US","copyrightYear":"2026","copyrightHolder":{"@id":"https:\/\/ubirataonline.com.br\/en\/#organization"}},{"@type":"WebPage","@id":"https:\/\/ubirataonline.com.br\/defesa-afirma-que-suspeito-preso-por-morte-em-cascavel-agiu-em-legitima-defesa\/","url":"https:\/\/ubirataonline.com.br\/defesa-afirma-que-suspeito-preso-por-morte-em-cascavel-agiu-em-legitima-defesa\/","name":"Defesa afirma que suspeito preso por morte em Cascavel agiu em leg\u00edtima defesa - Ubirat\u00e3 Online Not\u00edcias - A realidade ao seu alcance!","isPartOf":{"@id":"https:\/\/ubirataonline.com.br\/#website"},"primaryImageOfPage":{"@id":"https:\/\/ubirataonline.com.br\/defesa-afirma-que-suspeito-preso-por-morte-em-cascavel-agiu-em-legitima-defesa\/#primaryimage"},"image":{"@id":"https:\/\/ubirataonline.com.br\/defesa-afirma-que-suspeito-preso-por-morte-em-cascavel-agiu-em-legitima-defesa\/#primaryimage"},"thumbnailUrl":"https:\/\/ubirataonline.com.br\/wp-content\/uploads\/2026\/09\/maaimg-post-170030-20260902-182141.webp","datePublished":"2026-09-02T18:21:14+00:00","description":"O advogado Guilherme Cameran diz que Luiz Schneider agiu para se defender em briga num bar rural de Cascavel; pris\u00e3o preventiva foi cumprida em 2 de","breadcrumb":{"@id":"https:\/\/ubirataonline.com.br\/defesa-afirma-que-suspeito-preso-por-morte-em-cascavel-agiu-em-legitima-defesa\/#breadcrumb"},"inLanguage":"en-US","potentialAction":[{"@type":"ReadAction","target":["https:\/\/ubirataonline.com.br\/defesa-afirma-que-suspeito-preso-por-morte-em-cascavel-agiu-em-legitima-defesa\/"]}]},{"@type":"ImageObject","inLanguage":"en-US","@id":"https:\/\/ubirataonline.com.br\/defesa-afirma-que-suspeito-preso-por-morte-em-cascavel-agiu-em-legitima-defesa\/#primaryimage","url":"https:\/\/ubirataonline.com.br\/wp-content\/uploads\/2026\/09\/maaimg-post-170030-20260902-182141.webp","contentUrl":"https:\/\/ubirataonline.com.br\/wp-content\/uploads\/2026\/09\/maaimg-post-170030-20260902-182141.webp","width":1536,"height":1024,"caption":"Imagem ilustrativa Gerada por IA"},{"@type":"BreadcrumbList","@id":"https:\/\/ubirataonline.com.br\/defesa-afirma-que-suspeito-preso-por-morte-em-cascavel-agiu-em-legitima-defesa\/#breadcrumb","itemListElement":[{"@type":"ListItem","position":1,"name":"In\u00edcio","item":"https:\/\/ubirataonline.com.br\/"},{"@type":"ListItem","position":2,"name":"Defesa afirma que suspeito preso por morte em Cascavel agiu em leg\u00edtima defesa"}]},{"@type":"WebSite","@id":"https:\/\/ubirataonline.com.br\/#website","url":"https:\/\/ubirataonline.com.br\/","name":"Ubirat\u00e3 Online Not\u00edcias","description":"Not\u00edcias de Ubirat\u00e3, regi\u00e3o, Brasil e mundo, com informa\u00e7\u00e3o atualizada e compromisso com o leitor.","publisher":{"@id":"https:\/\/ubirataonline.com.br\/#organization"},"alternateName":"Ubirat\u00e3 Online","potentialAction":[{"@type":"SearchAction","target":{"@type":"EntryPoint","urlTemplate":"https:\/\/ubirataonline.com.br\/?s={search_term_string}"},"query-input":{"@type":"PropertyValueSpecification","valueRequired":true,"valueName":"search_term_string"}}],"inLanguage":"en-US"},{"@type":["Organization","Place"],"@id":"https:\/\/ubirataonline.com.br\/#organization","name":"Ubirat\u00e3 Online Not\u00edcias","alternateName":"Ubirat\u00e3 Online","url":"https:\/\/ubirataonline.com.br\/","logo":{"@id":"https:\/\/ubirataonline.com.br\/defesa-afirma-que-suspeito-preso-por-morte-em-cascavel-agiu-em-legitima-defesa\/#local-main-organization-logo"},"image":{"@id":"https:\/\/ubirataonline.com.br\/defesa-afirma-que-suspeito-preso-por-morte-em-cascavel-agiu-em-legitima-defesa\/#local-main-organization-logo"},"sameAs":["https:\/\/www.facebook.com\/portalubirataonline","https:\/\/x.com\/ubirataonline","https:\/\/mastodon.social\/@ubirataonline","https:\/\/www.facebook.com\/groups\/311144672285604","https:\/\/www.facebook.com\/UBTAOnline","https:\/\/www.instagram.com\/portalubirataonline\/","https:\/\/twitter.com\/ubirataonline"],"description":"Somos um portal de not\u00edcias independente, criado em 5 de janeiro de 2009, com o objetivo de informar, conectar e valorizar a nossa comunidade de Ubirat\u00e3 e toda aregi\u00e3o. Com conte\u00fado atualizado, confi\u00e1vel e relevante, o Ubirat\u00e3 Online \u00e9 o seu espa\u00e7o para ficar por dentro dos principais acontecimentos locais, regionais, Brasil, Mundo e de interesse geral. Nosso compromisso \u00e9 com a verdade, a transpar\u00eancia e o respeito ao leitor.","legalName":"UBIRATA ONLINE NOT\u00cdCIAS","foundingDate":"2009-01-05","numberOfEmployees":{"@type":"QuantitativeValue","minValue":"1","maxValue":"10"},"publishingPrinciples":"https:\/\/ubirataonline.com.br\/faq\/","address":{"@id":"https:\/\/ubirataonline.com.br\/defesa-afirma-que-suspeito-preso-por-morte-em-cascavel-agiu-em-legitima-defesa\/#local-main-place-address"},"geo":{"@type":"GeoCoordinates","latitude":"-24.5361401","longitude":"-52.9921776"},"telephone":["+5544998308235"],"contactPoint":{"@type":"ContactPoint","email":"contato@ubirataonline.com.br"},"openingHoursSpecification":{"@type":"OpeningHoursSpecification","dayOfWeek":["Monday","Tuesday","Wednesday","Thursday","Friday","Saturday","Sunday"],"opens":"00:00","closes":"23:59"},"email":"contato@ubirataonline.com.br","vatID":"47.621.418\/0001-80"},{"@type":"Person","@id":"https:\/\/ubirataonline.com.br\/#\/schema\/person\/372f87bbd3fdd79b8556b84c98d0bc1c","name":"REDA\u00c7\u00c3O: UBIRAT\u00c3 ONLINE - F\u00c1BIO AUGUSTO CELESTINO","pronouns":"Ele","description":"Desde 2003 trabalhando com not\u00edcias.","sameAs":["http:\/\/ubirataoline.com.br","https:\/\/www.facebook.com\/portalubirataonline","https:\/\/www.instagram.com\/ubirataonline_oficial","https:\/\/x.com\/x.com\/ubirataonline"],"honorificPrefix":"Mr.","honorificSuffix":"MD","birthDate":"1980-06-16","gender":"masculino","award":["V\u00e1rios pr\u00eamios de melhor portal da cidade"],"jobTitle":"Diretor","url":"https:\/\/ubirataonline.com.br\/en\/author\/ubirataonline\/"},{"@type":"PostalAddress","@id":"https:\/\/ubirataonline.com.br\/defesa-afirma-que-suspeito-preso-por-morte-em-cascavel-agiu-em-legitima-defesa\/#local-main-place-address","streetAddress":"Rua dos Coqueiros, 104 - Bairro Boa Vista, Rua dos Coqueiros, 104 Bairro Boa Vista","addressLocality":"UBIRATA","postalCode":"85440-000","addressRegion":"PR","addressCountry":"BR"},{"@type":"ImageObject","inLanguage":"en-US","@id":"https:\/\/ubirataonline.com.br\/defesa-afirma-que-suspeito-preso-por-morte-em-cascavel-agiu-em-legitima-defesa\/#local-main-organization-logo","url":"https:\/\/ubirataonline.com.br\/wp-content\/uploads\/2026\/06\/logoubirataonline-1.webp","contentUrl":"https:\/\/ubirataonline.com.br\/wp-content\/uploads\/2026\/06\/logoubirataonline-1.webp","width":500,"height":500,"caption":"Ubirat\u00e3 Online Not\u00edcias"}]},"geo.placename":"UBIRATA","geo.position":{"lat":"-24.5361401","long":"-52.9921776"},"geo.region":"Brazil"},"_links":{"self":[{"href":"https:\/\/ubirataonline.com.br\/en\/wp-json\/wp\/v2\/posts\/170030","targetHints":{"allow":["GET"]}}],"collection":[{"href":"https:\/\/ubirataonline.com.br\/en\/wp-json\/wp\/v2\/posts"}],"about":[{"href":"https:\/\/ubirataonline.com.br\/en\/wp-json\/wp\/v2\/types\/post"}],"author":[{"embeddable":true,"href":"https:\/\/ubirataonline.com.br\/en\/wp-json\/wp\/v2\/users\/1"}],"replies":[{"embeddable":true,"href":"https:\/\/ubirataonline.com.br\/en\/wp-json\/wp\/v2\/comments?post=170030"}],"version-history":[{"count":0,"href":"https:\/\/ubirataonline.com.br\/en\/wp-json\/wp\/v2\/posts\/170030\/revisions"}],"wp:featuredmedia":[{"embeddable":true,"href":"https:\/\/ubirataonline.com.br\/en\/wp-json\/wp\/v2\/media\/170031"}],"wp:attachment":[{"href":"https:\/\/ubirataonline.com.br\/en\/wp-json\/wp\/v2\/media?parent=170030"}],"wp:term":[{"taxonomy":"category","embeddable":true,"href":"https:\/\/ubirataonline.com.br\/en\/wp-json\/wp\/v2\/categories?post=170030"},{"taxonomy":"post_tag","embeddable":true,"href":"https:\/\/ubirataonline.com.br\/en\/wp-json\/wp\/v2\/tags?post=170030"}],"curies":[{"name":"wp","href":"https:\/\/api.w.org\/{rel}","templated":true}]}}