{"id":170048,"date":"2026-09-02T15:59:36","date_gmt":"2026-09-02T18:59:36","guid":{"rendered":"https:\/\/ubirataonline.com.br\/fim-da-escala-6x1-avanca-no-senado-entenda-o-que-muda-na-jornada-de-trabalho-e-o-impacto-para-milhoes-de-brasileiros\/"},"modified":"2026-09-02T15:59:36","modified_gmt":"2026-09-02T18:59:36","slug":"fim-da-escala-6x1-avanca-no-senado-entenda-o-que-muda-na-jornada-de-trabalho-e-o-impacto-para-milhoes-de-brasileiros","status":"publish","type":"post","link":"https:\/\/ubirataonline.com.br\/en\/fim-da-escala-6x1-avanca-no-senado-entenda-o-que-muda-na-jornada-de-trabalho-e-o-impacto-para-milhoes-de-brasileiros\/","title":{"rendered":"Fim da escala 6&#215;1 avan\u00e7a no Senado: entenda o que muda na jornada de trabalho e o impacto para milh\u00f5es de brasileiros"},"content":{"rendered":"<h2>A Comiss\u00e3o de Constitui\u00e7\u00e3o e Justi\u00e7a do Senado aprovou a proposta que extingue a escala 6&#215;1, visando reduzir a jornada de trabalho semanal de 44 para 40 horas.<\/h2>\n<p>A Comiss\u00e3o de Constitui\u00e7\u00e3o e Justi\u00e7a (CCJ) do Senado Federal aprovou, nesta quarta-feira (2), a Proposta de Emenda \u00e0 Constitui\u00e7\u00e3o (PEC) 221\/2019. O texto, que prop\u00f5e o fim da escala 6&#215;1, segue agora para an\u00e1lise no Plen\u00e1rio da Casa.<\/p>\n<p>A medida busca reduzir a jornada m\u00e1xima de trabalho de 44 para 40 horas semanais. Al\u00e9m disso, a proposta estabelece o direito a dois dias de repouso remunerado, sendo preferencialmente um deles aos domingos, conforme informa\u00e7\u00e3o divulgada pela Ag\u00eancia Senado.<\/p>\n<p>A relatoria do projeto ficou a cargo do senador Omar Aziz (PSD-AM), que rejeitou as 36 emendas apresentadas durante a tramita\u00e7\u00e3o na comiss\u00e3o. O relator argumentou que altera\u00e7\u00f5es no texto original obrigariam a mat\u00e9ria a retornar para uma nova vota\u00e7\u00e3o na C\u00e2mara dos Deputados.<\/p>\n<h3>Detalhes da transi\u00e7\u00e3o e regras da nova jornada<\/h3>\n<p>O texto aprovado prev\u00ea que a transi\u00e7\u00e3o para a nova jornada ocorra em duas etapas distintas. Dois meses ap\u00f3s a publica\u00e7\u00e3o da emenda, o limite passa a ser de 42 horas semanais. Ap\u00f3s um ano e dois meses, o limite cai definitivamente para 40 horas semanais.<\/p>\n<p>A proposta garante que n\u00e3o haver\u00e1 redu\u00e7\u00e3o salarial nominal ou proporcional com a mudan\u00e7a. Durante o per\u00edodo de transi\u00e7\u00e3o, acordos coletivos poder\u00e3o ajustar a jornada di\u00e1ria para acomodar as 42 horas semanais, desde que os dois dias de descanso sejam mantidos.<\/p>\n<h3>Impacto econ\u00f4mico e posicionamento dos senadores<\/h3>\n<p>Durante os debates, o senador Omar Aziz afirmou que a mudan\u00e7a beneficiar\u00e1 mais de 37 milh\u00f5es de trabalhadores, destacando que mais de 57% desse grupo \u00e9 composto por mulheres. O relator defendeu que a atualiza\u00e7\u00e3o \u00e9 necess\u00e1ria diante das mudan\u00e7as tecnol\u00f3gicas.<\/p>\n<p>Por outro lado, senadores como Rog\u00e9rio Marinho (PL-RN) e Jaime Bagattoli (PL-RO) manifestaram preocupa\u00e7\u00e3o com os custos para os empregadores.<\/p>\n<h3>Tramita\u00e7\u00e3o no Plen\u00e1rio do Senado<\/h3>\n<p>Para ser aprovada definitivamente, a PEC precisa passar por cinco sess\u00f5es de discuss\u00e3o antes da vota\u00e7\u00e3o em primeiro turno. A aprova\u00e7\u00e3o exige o apoio de tr\u00eas quintos dos senadores, o que corresponde a 49 dos 81 parlamentares, em dois turnos de vota\u00e7\u00e3o.<\/p>\n<p>A base governista e outros parlamentares defensores da medida argumentam que o descanso adequado aumenta a produtividade. O senador Renan Calheiros (MDB-AL) refor\u00e7ou que a proposta conta com o apoio de cerca de 70% da sociedade brasileira.<\/p>\n<h3>Perguntas frequentes sobre o fim da escala 6&#215;1<\/h3>\n<p><b>O sal\u00e1rio ser\u00e1 reduzido com a nova jornada?<\/b> N\u00e3o, a proposta estabelece que a redu\u00e7\u00e3o da jornada de trabalho n\u00e3o implicar\u00e1 qualquer diminui\u00e7\u00e3o salarial, seja nominal ou proporcional.<\/p>\n<p><b>Quando a nova regra entra em vigor?<\/b> O cronograma prev\u00ea uma transi\u00e7\u00e3o em duas etapas, iniciando dois meses ap\u00f3s a publica\u00e7\u00e3o da emenda com a redu\u00e7\u00e3o para 42 horas semanais.<\/p>\n<p><b>Todos os trabalhadores ser\u00e3o beneficiados?<\/b> A regra n\u00e3o se aplica a servidores p\u00fablicos e a empregados com diploma superior que recebam ao menos 2,5 vezes o teto do RGPS, salvo acordos espec\u00edficos.<\/p>\n<p><b>O que acontece com as empresas que n\u00e3o conseguirem adaptar a escala?<\/b> O texto prev\u00ea que leis complementares poder\u00e3o definir regras de transi\u00e7\u00e3o para microempreendedores individuais (MEIs) e pequenas empresas, focando na manuten\u00e7\u00e3o do emprego.<\/p>\n<p><b>A PEC j\u00e1 est\u00e1 valendo?<\/b> N\u00e3o, a mat\u00e9ria ainda precisa ser discutida e votada em dois turnos pelo Plen\u00e1rio do Senado antes de seguir para promulga\u00e7\u00e3o.<\/p>","protected":false},"excerpt":{"rendered":"<p>A Comiss\u00e3o de Constitui\u00e7\u00e3o e Justi\u00e7a do Senado aprovou a proposta que extingue a escala 6&#215;1, visando reduzir a jornada de trabalho semanal de 44 para 40 horas. A Comiss\u00e3o de Constitui\u00e7\u00e3o e Justi\u00e7a (CCJ) do Senado Federal aprovou, nesta quarta-feira (2), a Proposta de Emenda \u00e0 Constitui\u00e7\u00e3o (PEC) 221\/2019. O texto, que prop\u00f5e o [&hellip;]<\/p>\n","protected":false},"author":1,"featured_media":170049,"comment_status":"","ping_status":"","sticky":false,"template":"","format":"standard","meta":{"googlesitekit_rrm_CAow2JLhCw:productID":"","_gspb_post_css":"","maa_idioma":"","maa_pais":"","footnotes":""},"categories":[4],"tags":[],"class_list":["post-170048","post","type-post","status-publish","format-standard","has-post-thumbnail","hentry","category-brasil"],"blocksy_meta":[],"yoast_head":"<!-- This site is optimized with the Yoast SEO Premium plugin v27.6 (Yoast SEO v27.6) - https:\/\/yoast.com\/product\/yoast-seo-premium-wordpress\/ -->\n<title>Fim da escala 6x1 avan\u00e7a no Senado: entenda o que muda na jornada de trabalho e o impacto para milh\u00f5es de brasileiros - Ubirat\u00e3 Online Not\u00edcias - A realidade ao seu alcance!<\/title>\n<meta name=\"description\" content=\"A Comiss\u00e3o de Constitui\u00e7\u00e3o e Justi\u00e7a do Senado aprovou a proposta que extingue a escala 6x1, visando reduzir a jornada de trabalho semanal de 44 para 40\" \/>\n<meta name=\"robots\" content=\"index, follow, max-snippet:-1, max-image-preview:large, max-video-preview:-1\" \/>\n<link rel=\"canonical\" href=\"https:\/\/ubirataonline.com.br\/en\/fim-da-escala-6x1-avanca-no-senado-entenda-o-que-muda-na-jornada-de-trabalho-e-o-impacto-para-milhoes-de-brasileiros\/\" \/>\n<meta property=\"og:locale\" content=\"en_US\" \/>\n<meta property=\"og:type\" content=\"article\" \/>\n<meta property=\"og:title\" content=\"Fim da escala 6x1 avan\u00e7a no Senado: entenda o que muda na jornada de trabalho e o impacto para milh\u00f5es de brasileiros\" \/>\n<meta property=\"og:description\" content=\"A Comiss\u00e3o de Constitui\u00e7\u00e3o e Justi\u00e7a do Senado aprovou a proposta que extingue a escala 6x1, visando reduzir a jornada de trabalho semanal de 44 para 40\" \/>\n<meta property=\"og:url\" content=\"https:\/\/ubirataonline.com.br\/en\/fim-da-escala-6x1-avanca-no-senado-entenda-o-que-muda-na-jornada-de-trabalho-e-o-impacto-para-milhoes-de-brasileiros\/\" \/>\n<meta property=\"og:site_name\" content=\"Ubirat\u00e3 Online Not\u00edcias - A realidade ao seu alcance!\" \/>\n<meta property=\"article:publisher\" content=\"https:\/\/www.facebook.com\/portalubirataonline\" \/>\n<meta property=\"article:author\" content=\"https:\/\/www.facebook.com\/portalubirataonline\" \/>\n<meta property=\"article:published_time\" content=\"2026-09-02T18:59:36+00:00\" \/>\n<meta property=\"og:image\" content=\"https:\/\/ubirataonline.com.br\/wp-content\/uploads\/2026\/05\/logo2026.webp\" \/>\n\t<meta property=\"og:image:width\" content=\"1531\" \/>\n\t<meta property=\"og:image:height\" content=\"418\" \/>\n\t<meta property=\"og:image:type\" content=\"image\/webp\" \/>\n<meta name=\"author\" content=\"REDA\u00c7\u00c3O: UBIRAT\u00c3 ONLINE - F\u00c1BIO AUGUSTO CELESTINO\" \/>\n<meta name=\"twitter:card\" content=\"summary_large_image\" \/>\n<meta name=\"twitter:creator\" content=\"@x.com\/ubirataonline\" \/>\n<meta name=\"twitter:site\" content=\"@ubirataonline\" \/>\n<meta name=\"twitter:label1\" content=\"Written by\" \/>\n\t<meta name=\"twitter:data1\" content=\"REDA\u00c7\u00c3O: UBIRAT\u00c3 ONLINE - F\u00c1BIO AUGUSTO CELESTINO\" \/>\n\t<meta name=\"twitter:label2\" content=\"Est. reading time\" \/>\n\t<meta name=\"twitter:data2\" content=\"3 minutes\" \/>\n<script type=\"application\/ld+json\" class=\"yoast-schema-graph\">{\"@context\":\"https:\\\/\\\/schema.org\",\"@graph\":[{\"@type\":\"NewsArticle\",\"@id\":\"https:\\\/\\\/ubirataonline.com.br\\\/fim-da-escala-6x1-avanca-no-senado-entenda-o-que-muda-na-jornada-de-trabalho-e-o-impacto-para-milhoes-de-brasileiros\\\/#article\",\"isPartOf\":{\"@id\":\"https:\\\/\\\/ubirataonline.com.br\\\/fim-da-escala-6x1-avanca-no-senado-entenda-o-que-muda-na-jornada-de-trabalho-e-o-impacto-para-milhoes-de-brasileiros\\\/\"},\"author\":{\"name\":\"REDA\u00c7\u00c3O: UBIRAT\u00c3 ONLINE - F\u00c1BIO AUGUSTO CELESTINO\",\"@id\":\"https:\\\/\\\/ubirataonline.com.br\\\/#\\\/schema\\\/person\\\/372f87bbd3fdd79b8556b84c98d0bc1c\"},\"headline\":\"Fim da escala 6&#215;1 avan\u00e7a no Senado: entenda o que muda na jornada de trabalho e o impacto para milh\u00f5es de brasileiros\",\"datePublished\":\"2026-09-02T18:59:36+00:00\",\"mainEntityOfPage\":{\"@id\":\"https:\\\/\\\/ubirataonline.com.br\\\/fim-da-escala-6x1-avanca-no-senado-entenda-o-que-muda-na-jornada-de-trabalho-e-o-impacto-para-milhoes-de-brasileiros\\\/\"},\"wordCount\":631,\"publisher\":{\"@id\":\"https:\\\/\\\/ubirataonline.com.br\\\/#organization\"},\"image\":{\"@id\":\"https:\\\/\\\/ubirataonline.com.br\\\/fim-da-escala-6x1-avanca-no-senado-entenda-o-que-muda-na-jornada-de-trabalho-e-o-impacto-para-milhoes-de-brasileiros\\\/#primaryimage\"},\"thumbnailUrl\":\"https:\\\/\\\/ubirataonline.com.br\\\/wp-content\\\/uploads\\\/2026\\\/09\\\/maaimg-post-170048-20260902-185952.webp\",\"articleSection\":[\"Brasil\"],\"inLanguage\":\"en-US\",\"copyrightYear\":\"2026\",\"copyrightHolder\":{\"@id\":\"https:\\\/\\\/ubirataonline.com.br\\\/en\\\/#organization\"}},{\"@type\":\"WebPage\",\"@id\":\"https:\\\/\\\/ubirataonline.com.br\\\/fim-da-escala-6x1-avanca-no-senado-entenda-o-que-muda-na-jornada-de-trabalho-e-o-impacto-para-milhoes-de-brasileiros\\\/\",\"url\":\"https:\\\/\\\/ubirataonline.com.br\\\/fim-da-escala-6x1-avanca-no-senado-entenda-o-que-muda-na-jornada-de-trabalho-e-o-impacto-para-milhoes-de-brasileiros\\\/\",\"name\":\"Fim da escala 6x1 avan\u00e7a no Senado: entenda o que muda na jornada de trabalho e o impacto para milh\u00f5es de brasileiros - Ubirat\u00e3 Online Not\u00edcias - A realidade ao seu alcance!\",\"isPartOf\":{\"@id\":\"https:\\\/\\\/ubirataonline.com.br\\\/#website\"},\"primaryImageOfPage\":{\"@id\":\"https:\\\/\\\/ubirataonline.com.br\\\/fim-da-escala-6x1-avanca-no-senado-entenda-o-que-muda-na-jornada-de-trabalho-e-o-impacto-para-milhoes-de-brasileiros\\\/#primaryimage\"},\"image\":{\"@id\":\"https:\\\/\\\/ubirataonline.com.br\\\/fim-da-escala-6x1-avanca-no-senado-entenda-o-que-muda-na-jornada-de-trabalho-e-o-impacto-para-milhoes-de-brasileiros\\\/#primaryimage\"},\"thumbnailUrl\":\"https:\\\/\\\/ubirataonline.com.br\\\/wp-content\\\/uploads\\\/2026\\\/09\\\/maaimg-post-170048-20260902-185952.webp\",\"datePublished\":\"2026-09-02T18:59:36+00:00\",\"description\":\"A Comiss\u00e3o de Constitui\u00e7\u00e3o e Justi\u00e7a do Senado aprovou a proposta que extingue a escala 6x1, visando reduzir a jornada de trabalho semanal de 44 para 40\",\"breadcrumb\":{\"@id\":\"https:\\\/\\\/ubirataonline.com.br\\\/fim-da-escala-6x1-avanca-no-senado-entenda-o-que-muda-na-jornada-de-trabalho-e-o-impacto-para-milhoes-de-brasileiros\\\/#breadcrumb\"},\"inLanguage\":\"en-US\",\"potentialAction\":[{\"@type\":\"ReadAction\",\"target\":[\"https:\\\/\\\/ubirataonline.com.br\\\/fim-da-escala-6x1-avanca-no-senado-entenda-o-que-muda-na-jornada-de-trabalho-e-o-impacto-para-milhoes-de-brasileiros\\\/\"]}]},{\"@type\":\"ImageObject\",\"inLanguage\":\"en-US\",\"@id\":\"https:\\\/\\\/ubirataonline.com.br\\\/fim-da-escala-6x1-avanca-no-senado-entenda-o-que-muda-na-jornada-de-trabalho-e-o-impacto-para-milhoes-de-brasileiros\\\/#primaryimage\",\"url\":\"https:\\\/\\\/ubirataonline.com.br\\\/wp-content\\\/uploads\\\/2026\\\/09\\\/maaimg-post-170048-20260902-185952.webp\",\"contentUrl\":\"https:\\\/\\\/ubirataonline.com.br\\\/wp-content\\\/uploads\\\/2026\\\/09\\\/maaimg-post-170048-20260902-185952.webp\",\"width\":1536,\"height\":1024,\"caption\":\"Imagem ilustrativa Gerada por IA\"},{\"@type\":\"BreadcrumbList\",\"@id\":\"https:\\\/\\\/ubirataonline.com.br\\\/fim-da-escala-6x1-avanca-no-senado-entenda-o-que-muda-na-jornada-de-trabalho-e-o-impacto-para-milhoes-de-brasileiros\\\/#breadcrumb\",\"itemListElement\":[{\"@type\":\"ListItem\",\"position\":1,\"name\":\"In\u00edcio\",\"item\":\"https:\\\/\\\/ubirataonline.com.br\\\/\"},{\"@type\":\"ListItem\",\"position\":2,\"name\":\"Fim da escala 6&#215;1 avan\u00e7a no Senado: entenda o que muda na jornada de trabalho e o impacto para milh\u00f5es de brasileiros\"}]},{\"@type\":\"WebSite\",\"@id\":\"https:\\\/\\\/ubirataonline.com.br\\\/#website\",\"url\":\"https:\\\/\\\/ubirataonline.com.br\\\/\",\"name\":\"Ubirat\u00e3 Online Not\u00edcias\",\"description\":\"Not\u00edcias de Ubirat\u00e3, regi\u00e3o, Brasil e mundo, com informa\u00e7\u00e3o atualizada e compromisso com o leitor.\",\"publisher\":{\"@id\":\"https:\\\/\\\/ubirataonline.com.br\\\/#organization\"},\"alternateName\":\"Ubirat\u00e3 Online\",\"potentialAction\":[{\"@type\":\"SearchAction\",\"target\":{\"@type\":\"EntryPoint\",\"urlTemplate\":\"https:\\\/\\\/ubirataonline.com.br\\\/?s={search_term_string}\"},\"query-input\":{\"@type\":\"PropertyValueSpecification\",\"valueRequired\":true,\"valueName\":\"search_term_string\"}}],\"inLanguage\":\"en-US\"},{\"@type\":[\"Organization\",\"Place\"],\"@id\":\"https:\\\/\\\/ubirataonline.com.br\\\/#organization\",\"name\":\"Ubirat\u00e3 Online Not\u00edcias\",\"alternateName\":\"Ubirat\u00e3 Online\",\"url\":\"https:\\\/\\\/ubirataonline.com.br\\\/\",\"logo\":{\"@id\":\"https:\\\/\\\/ubirataonline.com.br\\\/fim-da-escala-6x1-avanca-no-senado-entenda-o-que-muda-na-jornada-de-trabalho-e-o-impacto-para-milhoes-de-brasileiros\\\/#local-main-organization-logo\"},\"image\":{\"@id\":\"https:\\\/\\\/ubirataonline.com.br\\\/fim-da-escala-6x1-avanca-no-senado-entenda-o-que-muda-na-jornada-de-trabalho-e-o-impacto-para-milhoes-de-brasileiros\\\/#local-main-organization-logo\"},\"sameAs\":[\"https:\\\/\\\/www.facebook.com\\\/portalubirataonline\",\"https:\\\/\\\/x.com\\\/ubirataonline\",\"https:\\\/\\\/mastodon.social\\\/@ubirataonline\",\"https:\\\/\\\/www.facebook.com\\\/groups\\\/311144672285604\",\"https:\\\/\\\/www.facebook.com\\\/UBTAOnline\",\"https:\\\/\\\/www.instagram.com\\\/portalubirataonline\\\/\",\"https:\\\/\\\/twitter.com\\\/ubirataonline\"],\"description\":\"Somos um portal de not\u00edcias independente, criado em 5 de janeiro de 2009, com o objetivo de informar, conectar e valorizar a nossa comunidade de Ubirat\u00e3 e toda aregi\u00e3o. Com conte\u00fado atualizado, confi\u00e1vel e relevante, o Ubirat\u00e3 Online \u00e9 o seu espa\u00e7o para ficar por dentro dos principais acontecimentos locais, regionais, Brasil, Mundo e de interesse geral. Nosso compromisso \u00e9 com a verdade, a transpar\u00eancia e o respeito ao leitor.\",\"legalName\":\"UBIRATA ONLINE NOT\u00cdCIAS\",\"foundingDate\":\"2009-01-05\",\"numberOfEmployees\":{\"@type\":\"QuantitativeValue\",\"minValue\":\"1\",\"maxValue\":\"10\"},\"publishingPrinciples\":\"https:\\\/\\\/ubirataonline.com.br\\\/faq\\\/\",\"address\":{\"@id\":\"https:\\\/\\\/ubirataonline.com.br\\\/fim-da-escala-6x1-avanca-no-senado-entenda-o-que-muda-na-jornada-de-trabalho-e-o-impacto-para-milhoes-de-brasileiros\\\/#local-main-place-address\"},\"geo\":{\"@type\":\"GeoCoordinates\",\"latitude\":\"-24.5361401\",\"longitude\":\"-52.9921776\"},\"telephone\":[\"+5544998308235\"],\"contactPoint\":{\"@type\":\"ContactPoint\",\"email\":\"contato@ubirataonline.com.br\"},\"openingHoursSpecification\":{\"@type\":\"OpeningHoursSpecification\",\"dayOfWeek\":[\"Monday\",\"Tuesday\",\"Wednesday\",\"Thursday\",\"Friday\",\"Saturday\",\"Sunday\"],\"opens\":\"00:00\",\"closes\":\"23:59\"},\"email\":\"contato@ubirataonline.com.br\",\"vatID\":\"47.621.418\\\/0001-80\"},{\"@type\":\"Person\",\"@id\":\"https:\\\/\\\/ubirataonline.com.br\\\/#\\\/schema\\\/person\\\/372f87bbd3fdd79b8556b84c98d0bc1c\",\"name\":\"REDA\u00c7\u00c3O: UBIRAT\u00c3 ONLINE - F\u00c1BIO AUGUSTO CELESTINO\",\"pronouns\":\"Ele\",\"description\":\"Desde 2003 trabalhando com not\u00edcias.\",\"sameAs\":[\"http:\\\/\\\/ubirataoline.com.br\",\"https:\\\/\\\/www.facebook.com\\\/portalubirataonline\",\"https:\\\/\\\/www.instagram.com\\\/ubirataonline_oficial\",\"https:\\\/\\\/x.com\\\/x.com\\\/ubirataonline\"],\"honorificPrefix\":\"Mr.\",\"honorificSuffix\":\"MD\",\"birthDate\":\"1980-06-16\",\"gender\":\"masculino\",\"award\":[\"V\u00e1rios pr\u00eamios de melhor portal da cidade\"],\"jobTitle\":\"Diretor\",\"url\":\"https:\\\/\\\/ubirataonline.com.br\\\/en\\\/author\\\/ubirataonline\\\/\"},{\"@type\":\"PostalAddress\",\"@id\":\"https:\\\/\\\/ubirataonline.com.br\\\/fim-da-escala-6x1-avanca-no-senado-entenda-o-que-muda-na-jornada-de-trabalho-e-o-impacto-para-milhoes-de-brasileiros\\\/#local-main-place-address\",\"streetAddress\":\"Rua dos Coqueiros, 104 - Bairro Boa Vista, Rua dos Coqueiros, 104 Bairro Boa Vista\",\"addressLocality\":\"UBIRATA\",\"postalCode\":\"85440-000\",\"addressRegion\":\"PR\",\"addressCountry\":\"BR\"},{\"@type\":\"ImageObject\",\"inLanguage\":\"en-US\",\"@id\":\"https:\\\/\\\/ubirataonline.com.br\\\/fim-da-escala-6x1-avanca-no-senado-entenda-o-que-muda-na-jornada-de-trabalho-e-o-impacto-para-milhoes-de-brasileiros\\\/#local-main-organization-logo\",\"url\":\"https:\\\/\\\/ubirataonline.com.br\\\/wp-content\\\/uploads\\\/2026\\\/06\\\/logoubirataonline-1.webp\",\"contentUrl\":\"https:\\\/\\\/ubirataonline.com.br\\\/wp-content\\\/uploads\\\/2026\\\/06\\\/logoubirataonline-1.webp\",\"width\":500,\"height\":500,\"caption\":\"Ubirat\u00e3 Online Not\u00edcias\"}]}<\/script>\n<meta name=\"geo.placename\" content=\"UBIRATA\" \/>\n<meta name=\"geo.position\" content=\"-24.5361401;-52.9921776\" \/>\n<meta name=\"geo.region\" content=\"Brazil\" \/>\n<!-- \/ Yoast SEO Premium plugin. -->","yoast_head_json":{"title":"Fim da escala 6x1 avan\u00e7a no Senado: entenda o que muda na jornada de trabalho e o impacto para milh\u00f5es de brasileiros - Ubirat\u00e3 Online Not\u00edcias - A realidade ao seu alcance!","description":"A Comiss\u00e3o de Constitui\u00e7\u00e3o e Justi\u00e7a do Senado aprovou a proposta que extingue a escala 6x1, visando reduzir a jornada de trabalho semanal de 44 para 40","robots":{"index":"index","follow":"follow","max-snippet":"max-snippet:-1","max-image-preview":"max-image-preview:large","max-video-preview":"max-video-preview:-1"},"canonical":"https:\/\/ubirataonline.com.br\/en\/fim-da-escala-6x1-avanca-no-senado-entenda-o-que-muda-na-jornada-de-trabalho-e-o-impacto-para-milhoes-de-brasileiros\/","og_locale":"en_US","og_type":"article","og_title":"Fim da escala 6x1 avan\u00e7a no Senado: entenda o que muda na jornada de trabalho e o impacto para milh\u00f5es de brasileiros","og_description":"A Comiss\u00e3o de Constitui\u00e7\u00e3o e Justi\u00e7a do Senado aprovou a proposta que extingue a escala 6x1, visando reduzir a jornada de trabalho semanal de 44 para 40","og_url":"https:\/\/ubirataonline.com.br\/en\/fim-da-escala-6x1-avanca-no-senado-entenda-o-que-muda-na-jornada-de-trabalho-e-o-impacto-para-milhoes-de-brasileiros\/","og_site_name":"Ubirat\u00e3 Online Not\u00edcias - A realidade ao seu alcance!","article_publisher":"https:\/\/www.facebook.com\/portalubirataonline","article_author":"https:\/\/www.facebook.com\/portalubirataonline","article_published_time":"2026-09-02T18:59:36+00:00","og_image":[{"width":1531,"height":418,"url":"https:\/\/ubirataonline.com.br\/wp-content\/uploads\/2026\/05\/logo2026.webp","type":"image\/webp"}],"author":"REDA\u00c7\u00c3O: UBIRAT\u00c3 ONLINE - F\u00c1BIO AUGUSTO CELESTINO","twitter_card":"summary_large_image","twitter_creator":"@x.com\/ubirataonline","twitter_site":"@ubirataonline","twitter_misc":{"Written by":"REDA\u00c7\u00c3O: UBIRAT\u00c3 ONLINE - F\u00c1BIO AUGUSTO CELESTINO","Est. reading time":"3 minutes"},"schema":{"@context":"https:\/\/schema.org","@graph":[{"@type":"NewsArticle","@id":"https:\/\/ubirataonline.com.br\/fim-da-escala-6x1-avanca-no-senado-entenda-o-que-muda-na-jornada-de-trabalho-e-o-impacto-para-milhoes-de-brasileiros\/#article","isPartOf":{"@id":"https:\/\/ubirataonline.com.br\/fim-da-escala-6x1-avanca-no-senado-entenda-o-que-muda-na-jornada-de-trabalho-e-o-impacto-para-milhoes-de-brasileiros\/"},"author":{"name":"REDA\u00c7\u00c3O: UBIRAT\u00c3 ONLINE - F\u00c1BIO AUGUSTO CELESTINO","@id":"https:\/\/ubirataonline.com.br\/#\/schema\/person\/372f87bbd3fdd79b8556b84c98d0bc1c"},"headline":"Fim da escala 6&#215;1 avan\u00e7a no Senado: entenda o que muda na jornada de trabalho e o impacto para milh\u00f5es de brasileiros","datePublished":"2026-09-02T18:59:36+00:00","mainEntityOfPage":{"@id":"https:\/\/ubirataonline.com.br\/fim-da-escala-6x1-avanca-no-senado-entenda-o-que-muda-na-jornada-de-trabalho-e-o-impacto-para-milhoes-de-brasileiros\/"},"wordCount":631,"publisher":{"@id":"https:\/\/ubirataonline.com.br\/#organization"},"image":{"@id":"https:\/\/ubirataonline.com.br\/fim-da-escala-6x1-avanca-no-senado-entenda-o-que-muda-na-jornada-de-trabalho-e-o-impacto-para-milhoes-de-brasileiros\/#primaryimage"},"thumbnailUrl":"https:\/\/ubirataonline.com.br\/wp-content\/uploads\/2026\/09\/maaimg-post-170048-20260902-185952.webp","articleSection":["Brasil"],"inLanguage":"en-US","copyrightYear":"2026","copyrightHolder":{"@id":"https:\/\/ubirataonline.com.br\/en\/#organization"}},{"@type":"WebPage","@id":"https:\/\/ubirataonline.com.br\/fim-da-escala-6x1-avanca-no-senado-entenda-o-que-muda-na-jornada-de-trabalho-e-o-impacto-para-milhoes-de-brasileiros\/","url":"https:\/\/ubirataonline.com.br\/fim-da-escala-6x1-avanca-no-senado-entenda-o-que-muda-na-jornada-de-trabalho-e-o-impacto-para-milhoes-de-brasileiros\/","name":"Fim da escala 6x1 avan\u00e7a no Senado: entenda o que muda na jornada de trabalho e o impacto para milh\u00f5es de brasileiros - Ubirat\u00e3 Online Not\u00edcias - A realidade ao seu alcance!","isPartOf":{"@id":"https:\/\/ubirataonline.com.br\/#website"},"primaryImageOfPage":{"@id":"https:\/\/ubirataonline.com.br\/fim-da-escala-6x1-avanca-no-senado-entenda-o-que-muda-na-jornada-de-trabalho-e-o-impacto-para-milhoes-de-brasileiros\/#primaryimage"},"image":{"@id":"https:\/\/ubirataonline.com.br\/fim-da-escala-6x1-avanca-no-senado-entenda-o-que-muda-na-jornada-de-trabalho-e-o-impacto-para-milhoes-de-brasileiros\/#primaryimage"},"thumbnailUrl":"https:\/\/ubirataonline.com.br\/wp-content\/uploads\/2026\/09\/maaimg-post-170048-20260902-185952.webp","datePublished":"2026-09-02T18:59:36+00:00","description":"A Comiss\u00e3o de Constitui\u00e7\u00e3o e Justi\u00e7a do Senado aprovou a proposta que extingue a escala 6x1, visando reduzir a jornada de trabalho semanal de 44 para 40","breadcrumb":{"@id":"https:\/\/ubirataonline.com.br\/fim-da-escala-6x1-avanca-no-senado-entenda-o-que-muda-na-jornada-de-trabalho-e-o-impacto-para-milhoes-de-brasileiros\/#breadcrumb"},"inLanguage":"en-US","potentialAction":[{"@type":"ReadAction","target":["https:\/\/ubirataonline.com.br\/fim-da-escala-6x1-avanca-no-senado-entenda-o-que-muda-na-jornada-de-trabalho-e-o-impacto-para-milhoes-de-brasileiros\/"]}]},{"@type":"ImageObject","inLanguage":"en-US","@id":"https:\/\/ubirataonline.com.br\/fim-da-escala-6x1-avanca-no-senado-entenda-o-que-muda-na-jornada-de-trabalho-e-o-impacto-para-milhoes-de-brasileiros\/#primaryimage","url":"https:\/\/ubirataonline.com.br\/wp-content\/uploads\/2026\/09\/maaimg-post-170048-20260902-185952.webp","contentUrl":"https:\/\/ubirataonline.com.br\/wp-content\/uploads\/2026\/09\/maaimg-post-170048-20260902-185952.webp","width":1536,"height":1024,"caption":"Imagem ilustrativa Gerada por IA"},{"@type":"BreadcrumbList","@id":"https:\/\/ubirataonline.com.br\/fim-da-escala-6x1-avanca-no-senado-entenda-o-que-muda-na-jornada-de-trabalho-e-o-impacto-para-milhoes-de-brasileiros\/#breadcrumb","itemListElement":[{"@type":"ListItem","position":1,"name":"In\u00edcio","item":"https:\/\/ubirataonline.com.br\/"},{"@type":"ListItem","position":2,"name":"Fim da escala 6&#215;1 avan\u00e7a no Senado: entenda o que muda na jornada de trabalho e o impacto para milh\u00f5es de brasileiros"}]},{"@type":"WebSite","@id":"https:\/\/ubirataonline.com.br\/#website","url":"https:\/\/ubirataonline.com.br\/","name":"Ubirat\u00e3 Online Not\u00edcias","description":"Not\u00edcias de Ubirat\u00e3, regi\u00e3o, Brasil e mundo, com informa\u00e7\u00e3o atualizada e compromisso com o leitor.","publisher":{"@id":"https:\/\/ubirataonline.com.br\/#organization"},"alternateName":"Ubirat\u00e3 Online","potentialAction":[{"@type":"SearchAction","target":{"@type":"EntryPoint","urlTemplate":"https:\/\/ubirataonline.com.br\/?s={search_term_string}"},"query-input":{"@type":"PropertyValueSpecification","valueRequired":true,"valueName":"search_term_string"}}],"inLanguage":"en-US"},{"@type":["Organization","Place"],"@id":"https:\/\/ubirataonline.com.br\/#organization","name":"Ubirat\u00e3 Online Not\u00edcias","alternateName":"Ubirat\u00e3 Online","url":"https:\/\/ubirataonline.com.br\/","logo":{"@id":"https:\/\/ubirataonline.com.br\/fim-da-escala-6x1-avanca-no-senado-entenda-o-que-muda-na-jornada-de-trabalho-e-o-impacto-para-milhoes-de-brasileiros\/#local-main-organization-logo"},"image":{"@id":"https:\/\/ubirataonline.com.br\/fim-da-escala-6x1-avanca-no-senado-entenda-o-que-muda-na-jornada-de-trabalho-e-o-impacto-para-milhoes-de-brasileiros\/#local-main-organization-logo"},"sameAs":["https:\/\/www.facebook.com\/portalubirataonline","https:\/\/x.com\/ubirataonline","https:\/\/mastodon.social\/@ubirataonline","https:\/\/www.facebook.com\/groups\/311144672285604","https:\/\/www.facebook.com\/UBTAOnline","https:\/\/www.instagram.com\/portalubirataonline\/","https:\/\/twitter.com\/ubirataonline"],"description":"Somos um portal de not\u00edcias independente, criado em 5 de janeiro de 2009, com o objetivo de informar, conectar e valorizar a nossa comunidade de Ubirat\u00e3 e toda aregi\u00e3o. Com conte\u00fado atualizado, confi\u00e1vel e relevante, o Ubirat\u00e3 Online \u00e9 o seu espa\u00e7o para ficar por dentro dos principais acontecimentos locais, regionais, Brasil, Mundo e de interesse geral. Nosso compromisso \u00e9 com a verdade, a transpar\u00eancia e o respeito ao leitor.","legalName":"UBIRATA ONLINE NOT\u00cdCIAS","foundingDate":"2009-01-05","numberOfEmployees":{"@type":"QuantitativeValue","minValue":"1","maxValue":"10"},"publishingPrinciples":"https:\/\/ubirataonline.com.br\/faq\/","address":{"@id":"https:\/\/ubirataonline.com.br\/fim-da-escala-6x1-avanca-no-senado-entenda-o-que-muda-na-jornada-de-trabalho-e-o-impacto-para-milhoes-de-brasileiros\/#local-main-place-address"},"geo":{"@type":"GeoCoordinates","latitude":"-24.5361401","longitude":"-52.9921776"},"telephone":["+5544998308235"],"contactPoint":{"@type":"ContactPoint","email":"contato@ubirataonline.com.br"},"openingHoursSpecification":{"@type":"OpeningHoursSpecification","dayOfWeek":["Monday","Tuesday","Wednesday","Thursday","Friday","Saturday","Sunday"],"opens":"00:00","closes":"23:59"},"email":"contato@ubirataonline.com.br","vatID":"47.621.418\/0001-80"},{"@type":"Person","@id":"https:\/\/ubirataonline.com.br\/#\/schema\/person\/372f87bbd3fdd79b8556b84c98d0bc1c","name":"REDA\u00c7\u00c3O: UBIRAT\u00c3 ONLINE - F\u00c1BIO AUGUSTO CELESTINO","pronouns":"Ele","description":"Desde 2003 trabalhando com not\u00edcias.","sameAs":["http:\/\/ubirataoline.com.br","https:\/\/www.facebook.com\/portalubirataonline","https:\/\/www.instagram.com\/ubirataonline_oficial","https:\/\/x.com\/x.com\/ubirataonline"],"honorificPrefix":"Mr.","honorificSuffix":"MD","birthDate":"1980-06-16","gender":"masculino","award":["V\u00e1rios pr\u00eamios de melhor portal da cidade"],"jobTitle":"Diretor","url":"https:\/\/ubirataonline.com.br\/en\/author\/ubirataonline\/"},{"@type":"PostalAddress","@id":"https:\/\/ubirataonline.com.br\/fim-da-escala-6x1-avanca-no-senado-entenda-o-que-muda-na-jornada-de-trabalho-e-o-impacto-para-milhoes-de-brasileiros\/#local-main-place-address","streetAddress":"Rua dos Coqueiros, 104 - Bairro Boa Vista, Rua dos Coqueiros, 104 Bairro Boa Vista","addressLocality":"UBIRATA","postalCode":"85440-000","addressRegion":"PR","addressCountry":"BR"},{"@type":"ImageObject","inLanguage":"en-US","@id":"https:\/\/ubirataonline.com.br\/fim-da-escala-6x1-avanca-no-senado-entenda-o-que-muda-na-jornada-de-trabalho-e-o-impacto-para-milhoes-de-brasileiros\/#local-main-organization-logo","url":"https:\/\/ubirataonline.com.br\/wp-content\/uploads\/2026\/06\/logoubirataonline-1.webp","contentUrl":"https:\/\/ubirataonline.com.br\/wp-content\/uploads\/2026\/06\/logoubirataonline-1.webp","width":500,"height":500,"caption":"Ubirat\u00e3 Online Not\u00edcias"}]},"geo.placename":"UBIRATA","geo.position":{"lat":"-24.5361401","long":"-52.9921776"},"geo.region":"Brazil"},"_links":{"self":[{"href":"https:\/\/ubirataonline.com.br\/en\/wp-json\/wp\/v2\/posts\/170048","targetHints":{"allow":["GET"]}}],"collection":[{"href":"https:\/\/ubirataonline.com.br\/en\/wp-json\/wp\/v2\/posts"}],"about":[{"href":"https:\/\/ubirataonline.com.br\/en\/wp-json\/wp\/v2\/types\/post"}],"author":[{"embeddable":true,"href":"https:\/\/ubirataonline.com.br\/en\/wp-json\/wp\/v2\/users\/1"}],"replies":[{"embeddable":true,"href":"https:\/\/ubirataonline.com.br\/en\/wp-json\/wp\/v2\/comments?post=170048"}],"version-history":[{"count":0,"href":"https:\/\/ubirataonline.com.br\/en\/wp-json\/wp\/v2\/posts\/170048\/revisions"}],"wp:featuredmedia":[{"embeddable":true,"href":"https:\/\/ubirataonline.com.br\/en\/wp-json\/wp\/v2\/media\/170049"}],"wp:attachment":[{"href":"https:\/\/ubirataonline.com.br\/en\/wp-json\/wp\/v2\/media?parent=170048"}],"wp:term":[{"taxonomy":"category","embeddable":true,"href":"https:\/\/ubirataonline.com.br\/en\/wp-json\/wp\/v2\/categories?post=170048"},{"taxonomy":"post_tag","embeddable":true,"href":"https:\/\/ubirataonline.com.br\/en\/wp-json\/wp\/v2\/tags?post=170048"}],"curies":[{"name":"wp","href":"https:\/\/api.w.org\/{rel}","templated":true}]}}