{"id":170050,"date":"2026-09-02T16:04:48","date_gmt":"2026-09-02T19:04:48","guid":{"rendered":"https:\/\/ubirataonline.com.br\/palmeiras-ajusta-elenco-com-4-saidas-2-reforcos-e-3-renovacoes-importantes-antes-do-fim-da-janela\/"},"modified":"2026-09-02T16:04:48","modified_gmt":"2026-09-02T19:04:48","slug":"palmeiras-ajusta-elenco-com-4-saidas-2-reforcos-e-3-renovacoes-importantes-antes-do-fim-da-janela","status":"publish","type":"post","link":"https:\/\/ubirataonline.com.br\/en\/palmeiras-ajusta-elenco-com-4-saidas-2-reforcos-e-3-renovacoes-importantes-antes-do-fim-da-janela\/","title":{"rendered":"Palmeiras ajusta elenco com 4 sa\u00eddas, 2 refor\u00e7os e 3 renova\u00e7\u00f5es importantes antes do fim da janela"},"content":{"rendered":"<h2>O Palmeiras segue ativo nos bastidores da janela de transfer\u00eancias com foco em equilibrar o elenco para os desafios da reta final da temporada de 2026.<\/h2>\n<p>A pouco mais de uma semana para o fechamento do mercado brasileiro, marcado para o dia 11 de setembro, o clube alviverde consolidou uma s\u00e9rie de mudan\u00e7as estrat\u00e9gicas. O movimento inclui a sa\u00edda de quatro atletas, a chegada de dois refor\u00e7os pontuais e a renova\u00e7\u00e3o de tr\u00eas jogadores fundamentais para o t\u00e9cnico Abel Ferreira.<\/p>\n<p>Conforme informa\u00e7\u00e3o divulgada pelo <b>ge<\/b>, as movimenta\u00e7\u00f5es buscam tanto o ajuste financeiro quanto a manuten\u00e7\u00e3o da competitividade do plantel. Entre as decis\u00f5es tomadas, destaca-se a prioridade em segurar nomes que formam a espinha dorsal da equipe, ao mesmo tempo em que o clube se despede de jogadores com menos espa\u00e7o ou alvos de propostas elevadas.<\/p>\n<p>Abaixo, detalhamos como o Palmeiras organizou essas altera\u00e7\u00f5es e quais s\u00e3o as expectativas da diretoria para o restante do ano, considerando as novas pe\u00e7as e as sa\u00eddas que impactaram a estrutura do grupo profissional.<\/p>\n<h3>Sa\u00eddas e a vis\u00e3o sobre o mercado<\/h3>\n<p>O Palmeiras oficializou a sa\u00edda de quatro jogadores. O goleiro <b>Kaique<\/b> foi para o Sporting, de Portugal, enquanto o atacante <b>Luighi<\/b> seguiu para o New York City por empr\u00e9stimo. J\u00e1 <b>Riquelme Fillipi<\/b> foi negociado com o Inter Miami, em definitivo. A sa\u00edda de maior repercuss\u00e3o foi a do atacante <b>Allan<\/b>, contratado pelo Manchester City.<\/p>\n<p>Segundo o <b>ge<\/b>, a venda de Allan foi a terceira maior da hist\u00f3ria do clube, alcan\u00e7ando 240 milh\u00f5es de reais entre valores fixos e b\u00f4nus. Apesar de o Palmeiras n\u00e3o ter o desejo inicial de negoci\u00e1-lo, a oferta e a vontade do atleta foram determinantes. Agora, o clube descarta investimentos pesados para a reposi\u00e7\u00e3o, focando em oportunidades de mercado ou solu\u00e7\u00f5es internas.<\/p>\n<h3>Refor\u00e7os para posi\u00e7\u00f5es espec\u00edficas<\/h3>\n<p>Para repor lacunas, o Palmeiras trouxe dois novos nomes. O zagueiro <b>Barboza<\/b> foi contratado para oferecer uma nova op\u00e7\u00e3o t\u00e1tica como canhoto na defesa. J\u00e1 o goleiro <b>Bruno Bertinato<\/b>, de 28 anos, chegou para compor o grupo de arqueiros ap\u00f3s a sa\u00edda de Kaique, integrando o elenco ao lado de Carlos Miguel, Marcelo Lomba e o jovem Kauan Lima.<\/p>\n<p>Vale lembrar que, em julho, o clube tentou a contrata\u00e7\u00e3o de Danilo, do Botafogo, mas a investida de cerca de 28 milh\u00f5es de euros foi recusada pelo time carioca. O Palmeiras informou que n\u00e3o busca outro atleta para a mesma fun\u00e7\u00e3o, mantendo o foco nas op\u00e7\u00f5es que j\u00e1 est\u00e3o \u00e0 disposi\u00e7\u00e3o da comiss\u00e3o t\u00e9cnica de Abel Ferreira.<\/p>\n<h3>Renova\u00e7\u00f5es e a espinha dorsal<\/h3>\n<p>Al\u00e9m das negocia\u00e7\u00f5es, o clube garantiu a perman\u00eancia de tr\u00eas pilares do time. Conforme o <b>ge<\/b>, a diretoria renovou os contratos de <b>Gustavo G\u00f3mez<\/b> e <b>Flaco L\u00f3pez<\/b>, ambos at\u00e9 o fim de 2030, al\u00e9m de <b>Murilo<\/b>, que teve seu v\u00ednculo estendido at\u00e9 2029. Essas medidas visam estabilizar o elenco a longo prazo.<\/p>\n<h3>FAQ: Perguntas e Respostas<\/h3>\n<p><b>1. Quando fecha a janela de transfer\u00eancias do Brasil?<\/b> A janela se encerra no dia 11 de setembro de 2026.<\/p>\n<p><b>2. O Palmeiras pretende contratar um substituto para Allan?<\/b> A diretoria descarta investimentos altos e buscar\u00e1 apenas oportunidades de mercado ou solu\u00e7\u00f5es internas.<\/p>\n<p><b>3. Quem s\u00e3o os novos refor\u00e7os do clube?<\/b> O zagueiro Barboza e o goleiro Bruno Bertinato foram as duas contrata\u00e7\u00f5es desta janela.<\/p>\n<p><b>4. Quem teve o contrato renovado recentemente?<\/b> Gustavo G\u00f3mez, Murilo e Flaco L\u00f3pez tiveram seus v\u00ednculos renovados com o clube.<\/p>\n<p><b>5. O Palmeiras ainda busca um meio-campista?<\/b> N\u00e3o, ap\u00f3s a recusa do Botafogo pela venda de Danilo, o clube optou por n\u00e3o buscar outro atleta para a fun\u00e7\u00e3o.<\/p>","protected":false},"excerpt":{"rendered":"<p>O Palmeiras segue ativo nos bastidores da janela de transfer\u00eancias com foco em equilibrar o elenco para os desafios da reta final da temporada de 2026. A pouco mais de uma semana para o fechamento do mercado brasileiro, marcado para o dia 11 de setembro, o clube alviverde consolidou uma s\u00e9rie de mudan\u00e7as estrat\u00e9gicas. O [&hellip;]<\/p>\n","protected":false},"author":1,"featured_media":170052,"comment_status":"","ping_status":"","sticky":false,"template":"","format":"standard","meta":{"googlesitekit_rrm_CAow2JLhCw:productID":"","_gspb_post_css":"","maa_idioma":"","maa_pais":"","footnotes":""},"categories":[40744],"tags":[],"class_list":["post-170050","post","type-post","status-publish","format-standard","has-post-thumbnail","hentry","category-esportes"],"blocksy_meta":[],"yoast_head":"<!-- This site is optimized with the Yoast SEO Premium plugin v27.6 (Yoast SEO v27.6) - https:\/\/yoast.com\/product\/yoast-seo-premium-wordpress\/ -->\n<title>Palmeiras ajusta elenco com 4 sa\u00eddas, 2 refor\u00e7os e 3 renova\u00e7\u00f5es importantes antes do fim da janela - Ubirat\u00e3 Online Not\u00edcias - A realidade ao seu alcance!<\/title>\n<meta name=\"description\" content=\"O Palmeiras segue ativo nos bastidores da janela de transfer\u00eancias com foco em equilibrar o elenco para os desafios da reta final da temporada de 2026. A\" \/>\n<meta name=\"robots\" content=\"index, follow, max-snippet:-1, max-image-preview:large, max-video-preview:-1\" \/>\n<link rel=\"canonical\" href=\"https:\/\/ubirataonline.com.br\/en\/palmeiras-ajusta-elenco-com-4-saidas-2-reforcos-e-3-renovacoes-importantes-antes-do-fim-da-janela\/\" \/>\n<meta property=\"og:locale\" content=\"en_US\" \/>\n<meta property=\"og:type\" content=\"article\" \/>\n<meta property=\"og:title\" content=\"Palmeiras ajusta elenco com 4 sa\u00eddas, 2 refor\u00e7os e 3 renova\u00e7\u00f5es importantes antes do fim da janela\" \/>\n<meta property=\"og:description\" content=\"O Palmeiras segue ativo nos bastidores da janela de transfer\u00eancias com foco em equilibrar o elenco para os desafios da reta final da temporada de 2026. A\" \/>\n<meta property=\"og:url\" content=\"https:\/\/ubirataonline.com.br\/en\/palmeiras-ajusta-elenco-com-4-saidas-2-reforcos-e-3-renovacoes-importantes-antes-do-fim-da-janela\/\" \/>\n<meta property=\"og:site_name\" content=\"Ubirat\u00e3 Online Not\u00edcias - A realidade ao seu alcance!\" \/>\n<meta property=\"article:publisher\" content=\"https:\/\/www.facebook.com\/portalubirataonline\" \/>\n<meta property=\"article:author\" content=\"https:\/\/www.facebook.com\/portalubirataonline\" \/>\n<meta property=\"article:published_time\" content=\"2026-09-02T19:04:48+00:00\" \/>\n<meta property=\"og:image\" content=\"https:\/\/ubirataonline.com.br\/wp-content\/uploads\/2026\/05\/logo2026.webp\" \/>\n\t<meta property=\"og:image:width\" content=\"1531\" \/>\n\t<meta property=\"og:image:height\" content=\"418\" \/>\n\t<meta property=\"og:image:type\" content=\"image\/webp\" \/>\n<meta name=\"author\" content=\"REDA\u00c7\u00c3O: UBIRAT\u00c3 ONLINE - F\u00c1BIO AUGUSTO CELESTINO\" \/>\n<meta name=\"twitter:card\" content=\"summary_large_image\" \/>\n<meta name=\"twitter:creator\" content=\"@x.com\/ubirataonline\" \/>\n<meta name=\"twitter:site\" content=\"@ubirataonline\" \/>\n<meta name=\"twitter:label1\" content=\"Written by\" \/>\n\t<meta name=\"twitter:data1\" content=\"REDA\u00c7\u00c3O: UBIRAT\u00c3 ONLINE - F\u00c1BIO AUGUSTO CELESTINO\" \/>\n\t<meta name=\"twitter:label2\" content=\"Est. reading time\" \/>\n\t<meta name=\"twitter:data2\" content=\"3 minutes\" \/>\n<script type=\"application\/ld+json\" class=\"yoast-schema-graph\">{\"@context\":\"https:\\\/\\\/schema.org\",\"@graph\":[{\"@type\":\"NewsArticle\",\"@id\":\"https:\\\/\\\/ubirataonline.com.br\\\/palmeiras-ajusta-elenco-com-4-saidas-2-reforcos-e-3-renovacoes-importantes-antes-do-fim-da-janela\\\/#article\",\"isPartOf\":{\"@id\":\"https:\\\/\\\/ubirataonline.com.br\\\/palmeiras-ajusta-elenco-com-4-saidas-2-reforcos-e-3-renovacoes-importantes-antes-do-fim-da-janela\\\/\"},\"author\":{\"name\":\"REDA\u00c7\u00c3O: UBIRAT\u00c3 ONLINE - F\u00c1BIO AUGUSTO CELESTINO\",\"@id\":\"https:\\\/\\\/ubirataonline.com.br\\\/#\\\/schema\\\/person\\\/372f87bbd3fdd79b8556b84c98d0bc1c\"},\"headline\":\"Palmeiras ajusta elenco com 4 sa\u00eddas, 2 refor\u00e7os e 3 renova\u00e7\u00f5es importantes antes do fim da janela\",\"datePublished\":\"2026-09-02T19:04:48+00:00\",\"mainEntityOfPage\":{\"@id\":\"https:\\\/\\\/ubirataonline.com.br\\\/palmeiras-ajusta-elenco-com-4-saidas-2-reforcos-e-3-renovacoes-importantes-antes-do-fim-da-janela\\\/\"},\"wordCount\":657,\"publisher\":{\"@id\":\"https:\\\/\\\/ubirataonline.com.br\\\/#organization\"},\"image\":{\"@id\":\"https:\\\/\\\/ubirataonline.com.br\\\/palmeiras-ajusta-elenco-com-4-saidas-2-reforcos-e-3-renovacoes-importantes-antes-do-fim-da-janela\\\/#primaryimage\"},\"thumbnailUrl\":\"https:\\\/\\\/ubirataonline.com.br\\\/wp-content\\\/uploads\\\/2026\\\/09\\\/maaimg-post-170050-20260902-190504.webp\",\"articleSection\":[\"Esportes\"],\"inLanguage\":\"en-US\",\"copyrightYear\":\"2026\",\"copyrightHolder\":{\"@id\":\"https:\\\/\\\/ubirataonline.com.br\\\/en\\\/#organization\"}},{\"@type\":\"WebPage\",\"@id\":\"https:\\\/\\\/ubirataonline.com.br\\\/palmeiras-ajusta-elenco-com-4-saidas-2-reforcos-e-3-renovacoes-importantes-antes-do-fim-da-janela\\\/\",\"url\":\"https:\\\/\\\/ubirataonline.com.br\\\/palmeiras-ajusta-elenco-com-4-saidas-2-reforcos-e-3-renovacoes-importantes-antes-do-fim-da-janela\\\/\",\"name\":\"Palmeiras ajusta elenco com 4 sa\u00eddas, 2 refor\u00e7os e 3 renova\u00e7\u00f5es importantes antes do fim da janela - Ubirat\u00e3 Online Not\u00edcias - A realidade ao seu alcance!\",\"isPartOf\":{\"@id\":\"https:\\\/\\\/ubirataonline.com.br\\\/#website\"},\"primaryImageOfPage\":{\"@id\":\"https:\\\/\\\/ubirataonline.com.br\\\/palmeiras-ajusta-elenco-com-4-saidas-2-reforcos-e-3-renovacoes-importantes-antes-do-fim-da-janela\\\/#primaryimage\"},\"image\":{\"@id\":\"https:\\\/\\\/ubirataonline.com.br\\\/palmeiras-ajusta-elenco-com-4-saidas-2-reforcos-e-3-renovacoes-importantes-antes-do-fim-da-janela\\\/#primaryimage\"},\"thumbnailUrl\":\"https:\\\/\\\/ubirataonline.com.br\\\/wp-content\\\/uploads\\\/2026\\\/09\\\/maaimg-post-170050-20260902-190504.webp\",\"datePublished\":\"2026-09-02T19:04:48+00:00\",\"description\":\"O Palmeiras segue ativo nos bastidores da janela de transfer\u00eancias com foco em equilibrar o elenco para os desafios da reta final da temporada de 2026. A\",\"breadcrumb\":{\"@id\":\"https:\\\/\\\/ubirataonline.com.br\\\/palmeiras-ajusta-elenco-com-4-saidas-2-reforcos-e-3-renovacoes-importantes-antes-do-fim-da-janela\\\/#breadcrumb\"},\"inLanguage\":\"en-US\",\"potentialAction\":[{\"@type\":\"ReadAction\",\"target\":[\"https:\\\/\\\/ubirataonline.com.br\\\/palmeiras-ajusta-elenco-com-4-saidas-2-reforcos-e-3-renovacoes-importantes-antes-do-fim-da-janela\\\/\"]}]},{\"@type\":\"ImageObject\",\"inLanguage\":\"en-US\",\"@id\":\"https:\\\/\\\/ubirataonline.com.br\\\/palmeiras-ajusta-elenco-com-4-saidas-2-reforcos-e-3-renovacoes-importantes-antes-do-fim-da-janela\\\/#primaryimage\",\"url\":\"https:\\\/\\\/ubirataonline.com.br\\\/wp-content\\\/uploads\\\/2026\\\/09\\\/maaimg-post-170050-20260902-190504.webp\",\"contentUrl\":\"https:\\\/\\\/ubirataonline.com.br\\\/wp-content\\\/uploads\\\/2026\\\/09\\\/maaimg-post-170050-20260902-190504.webp\",\"width\":1536,\"height\":1024,\"caption\":\"Imagem ilustrativa Gerada por IA\"},{\"@type\":\"BreadcrumbList\",\"@id\":\"https:\\\/\\\/ubirataonline.com.br\\\/palmeiras-ajusta-elenco-com-4-saidas-2-reforcos-e-3-renovacoes-importantes-antes-do-fim-da-janela\\\/#breadcrumb\",\"itemListElement\":[{\"@type\":\"ListItem\",\"position\":1,\"name\":\"In\u00edcio\",\"item\":\"https:\\\/\\\/ubirataonline.com.br\\\/\"},{\"@type\":\"ListItem\",\"position\":2,\"name\":\"Palmeiras ajusta elenco com 4 sa\u00eddas, 2 refor\u00e7os e 3 renova\u00e7\u00f5es importantes antes do fim da janela\"}]},{\"@type\":\"WebSite\",\"@id\":\"https:\\\/\\\/ubirataonline.com.br\\\/#website\",\"url\":\"https:\\\/\\\/ubirataonline.com.br\\\/\",\"name\":\"Ubirat\u00e3 Online Not\u00edcias\",\"description\":\"Not\u00edcias de Ubirat\u00e3, regi\u00e3o, Brasil e mundo, com informa\u00e7\u00e3o atualizada e compromisso com o leitor.\",\"publisher\":{\"@id\":\"https:\\\/\\\/ubirataonline.com.br\\\/#organization\"},\"alternateName\":\"Ubirat\u00e3 Online\",\"potentialAction\":[{\"@type\":\"SearchAction\",\"target\":{\"@type\":\"EntryPoint\",\"urlTemplate\":\"https:\\\/\\\/ubirataonline.com.br\\\/?s={search_term_string}\"},\"query-input\":{\"@type\":\"PropertyValueSpecification\",\"valueRequired\":true,\"valueName\":\"search_term_string\"}}],\"inLanguage\":\"en-US\"},{\"@type\":[\"Organization\",\"Place\"],\"@id\":\"https:\\\/\\\/ubirataonline.com.br\\\/#organization\",\"name\":\"Ubirat\u00e3 Online Not\u00edcias\",\"alternateName\":\"Ubirat\u00e3 Online\",\"url\":\"https:\\\/\\\/ubirataonline.com.br\\\/\",\"logo\":{\"@id\":\"https:\\\/\\\/ubirataonline.com.br\\\/palmeiras-ajusta-elenco-com-4-saidas-2-reforcos-e-3-renovacoes-importantes-antes-do-fim-da-janela\\\/#local-main-organization-logo\"},\"image\":{\"@id\":\"https:\\\/\\\/ubirataonline.com.br\\\/palmeiras-ajusta-elenco-com-4-saidas-2-reforcos-e-3-renovacoes-importantes-antes-do-fim-da-janela\\\/#local-main-organization-logo\"},\"sameAs\":[\"https:\\\/\\\/www.facebook.com\\\/portalubirataonline\",\"https:\\\/\\\/x.com\\\/ubirataonline\",\"https:\\\/\\\/mastodon.social\\\/@ubirataonline\",\"https:\\\/\\\/www.facebook.com\\\/groups\\\/311144672285604\",\"https:\\\/\\\/www.facebook.com\\\/UBTAOnline\",\"https:\\\/\\\/www.instagram.com\\\/portalubirataonline\\\/\",\"https:\\\/\\\/twitter.com\\\/ubirataonline\"],\"description\":\"Somos um portal de not\u00edcias independente, criado em 5 de janeiro de 2009, com o objetivo de informar, conectar e valorizar a nossa comunidade de Ubirat\u00e3 e toda aregi\u00e3o. Com conte\u00fado atualizado, confi\u00e1vel e relevante, o Ubirat\u00e3 Online \u00e9 o seu espa\u00e7o para ficar por dentro dos principais acontecimentos locais, regionais, Brasil, Mundo e de interesse geral. Nosso compromisso \u00e9 com a verdade, a transpar\u00eancia e o respeito ao leitor.\",\"legalName\":\"UBIRATA ONLINE NOT\u00cdCIAS\",\"foundingDate\":\"2009-01-05\",\"numberOfEmployees\":{\"@type\":\"QuantitativeValue\",\"minValue\":\"1\",\"maxValue\":\"10\"},\"publishingPrinciples\":\"https:\\\/\\\/ubirataonline.com.br\\\/faq\\\/\",\"address\":{\"@id\":\"https:\\\/\\\/ubirataonline.com.br\\\/palmeiras-ajusta-elenco-com-4-saidas-2-reforcos-e-3-renovacoes-importantes-antes-do-fim-da-janela\\\/#local-main-place-address\"},\"geo\":{\"@type\":\"GeoCoordinates\",\"latitude\":\"-24.5361401\",\"longitude\":\"-52.9921776\"},\"telephone\":[\"+5544998308235\"],\"contactPoint\":{\"@type\":\"ContactPoint\",\"email\":\"contato@ubirataonline.com.br\"},\"openingHoursSpecification\":{\"@type\":\"OpeningHoursSpecification\",\"dayOfWeek\":[\"Monday\",\"Tuesday\",\"Wednesday\",\"Thursday\",\"Friday\",\"Saturday\",\"Sunday\"],\"opens\":\"00:00\",\"closes\":\"23:59\"},\"email\":\"contato@ubirataonline.com.br\",\"vatID\":\"47.621.418\\\/0001-80\"},{\"@type\":\"Person\",\"@id\":\"https:\\\/\\\/ubirataonline.com.br\\\/#\\\/schema\\\/person\\\/372f87bbd3fdd79b8556b84c98d0bc1c\",\"name\":\"REDA\u00c7\u00c3O: UBIRAT\u00c3 ONLINE - F\u00c1BIO AUGUSTO CELESTINO\",\"pronouns\":\"Ele\",\"description\":\"Desde 2003 trabalhando com not\u00edcias.\",\"sameAs\":[\"http:\\\/\\\/ubirataoline.com.br\",\"https:\\\/\\\/www.facebook.com\\\/portalubirataonline\",\"https:\\\/\\\/www.instagram.com\\\/ubirataonline_oficial\",\"https:\\\/\\\/x.com\\\/x.com\\\/ubirataonline\"],\"honorificPrefix\":\"Mr.\",\"honorificSuffix\":\"MD\",\"birthDate\":\"1980-06-16\",\"gender\":\"masculino\",\"award\":[\"V\u00e1rios pr\u00eamios de melhor portal da cidade\"],\"jobTitle\":\"Diretor\",\"url\":\"https:\\\/\\\/ubirataonline.com.br\\\/en\\\/author\\\/ubirataonline\\\/\"},{\"@type\":\"PostalAddress\",\"@id\":\"https:\\\/\\\/ubirataonline.com.br\\\/palmeiras-ajusta-elenco-com-4-saidas-2-reforcos-e-3-renovacoes-importantes-antes-do-fim-da-janela\\\/#local-main-place-address\",\"streetAddress\":\"Rua dos Coqueiros, 104 - Bairro Boa Vista, Rua dos Coqueiros, 104 Bairro Boa Vista\",\"addressLocality\":\"UBIRATA\",\"postalCode\":\"85440-000\",\"addressRegion\":\"PR\",\"addressCountry\":\"BR\"},{\"@type\":\"ImageObject\",\"inLanguage\":\"en-US\",\"@id\":\"https:\\\/\\\/ubirataonline.com.br\\\/palmeiras-ajusta-elenco-com-4-saidas-2-reforcos-e-3-renovacoes-importantes-antes-do-fim-da-janela\\\/#local-main-organization-logo\",\"url\":\"https:\\\/\\\/ubirataonline.com.br\\\/wp-content\\\/uploads\\\/2026\\\/06\\\/logoubirataonline-1.webp\",\"contentUrl\":\"https:\\\/\\\/ubirataonline.com.br\\\/wp-content\\\/uploads\\\/2026\\\/06\\\/logoubirataonline-1.webp\",\"width\":500,\"height\":500,\"caption\":\"Ubirat\u00e3 Online Not\u00edcias\"}]}<\/script>\n<meta name=\"geo.placename\" content=\"UBIRATA\" \/>\n<meta name=\"geo.position\" content=\"-24.5361401;-52.9921776\" \/>\n<meta name=\"geo.region\" content=\"Brazil\" \/>\n<!-- \/ Yoast SEO Premium plugin. -->","yoast_head_json":{"title":"Palmeiras ajusta elenco com 4 sa\u00eddas, 2 refor\u00e7os e 3 renova\u00e7\u00f5es importantes antes do fim da janela - Ubirat\u00e3 Online Not\u00edcias - A realidade ao seu alcance!","description":"O Palmeiras segue ativo nos bastidores da janela de transfer\u00eancias com foco em equilibrar o elenco para os desafios da reta final da temporada de 2026. A","robots":{"index":"index","follow":"follow","max-snippet":"max-snippet:-1","max-image-preview":"max-image-preview:large","max-video-preview":"max-video-preview:-1"},"canonical":"https:\/\/ubirataonline.com.br\/en\/palmeiras-ajusta-elenco-com-4-saidas-2-reforcos-e-3-renovacoes-importantes-antes-do-fim-da-janela\/","og_locale":"en_US","og_type":"article","og_title":"Palmeiras ajusta elenco com 4 sa\u00eddas, 2 refor\u00e7os e 3 renova\u00e7\u00f5es importantes antes do fim da janela","og_description":"O Palmeiras segue ativo nos bastidores da janela de transfer\u00eancias com foco em equilibrar o elenco para os desafios da reta final da temporada de 2026. A","og_url":"https:\/\/ubirataonline.com.br\/en\/palmeiras-ajusta-elenco-com-4-saidas-2-reforcos-e-3-renovacoes-importantes-antes-do-fim-da-janela\/","og_site_name":"Ubirat\u00e3 Online Not\u00edcias - A realidade ao seu alcance!","article_publisher":"https:\/\/www.facebook.com\/portalubirataonline","article_author":"https:\/\/www.facebook.com\/portalubirataonline","article_published_time":"2026-09-02T19:04:48+00:00","og_image":[{"width":1531,"height":418,"url":"https:\/\/ubirataonline.com.br\/wp-content\/uploads\/2026\/05\/logo2026.webp","type":"image\/webp"}],"author":"REDA\u00c7\u00c3O: UBIRAT\u00c3 ONLINE - F\u00c1BIO AUGUSTO CELESTINO","twitter_card":"summary_large_image","twitter_creator":"@x.com\/ubirataonline","twitter_site":"@ubirataonline","twitter_misc":{"Written by":"REDA\u00c7\u00c3O: UBIRAT\u00c3 ONLINE - F\u00c1BIO AUGUSTO CELESTINO","Est. reading time":"3 minutes"},"schema":{"@context":"https:\/\/schema.org","@graph":[{"@type":"NewsArticle","@id":"https:\/\/ubirataonline.com.br\/palmeiras-ajusta-elenco-com-4-saidas-2-reforcos-e-3-renovacoes-importantes-antes-do-fim-da-janela\/#article","isPartOf":{"@id":"https:\/\/ubirataonline.com.br\/palmeiras-ajusta-elenco-com-4-saidas-2-reforcos-e-3-renovacoes-importantes-antes-do-fim-da-janela\/"},"author":{"name":"REDA\u00c7\u00c3O: UBIRAT\u00c3 ONLINE - F\u00c1BIO AUGUSTO CELESTINO","@id":"https:\/\/ubirataonline.com.br\/#\/schema\/person\/372f87bbd3fdd79b8556b84c98d0bc1c"},"headline":"Palmeiras ajusta elenco com 4 sa\u00eddas, 2 refor\u00e7os e 3 renova\u00e7\u00f5es importantes antes do fim da janela","datePublished":"2026-09-02T19:04:48+00:00","mainEntityOfPage":{"@id":"https:\/\/ubirataonline.com.br\/palmeiras-ajusta-elenco-com-4-saidas-2-reforcos-e-3-renovacoes-importantes-antes-do-fim-da-janela\/"},"wordCount":657,"publisher":{"@id":"https:\/\/ubirataonline.com.br\/#organization"},"image":{"@id":"https:\/\/ubirataonline.com.br\/palmeiras-ajusta-elenco-com-4-saidas-2-reforcos-e-3-renovacoes-importantes-antes-do-fim-da-janela\/#primaryimage"},"thumbnailUrl":"https:\/\/ubirataonline.com.br\/wp-content\/uploads\/2026\/09\/maaimg-post-170050-20260902-190504.webp","articleSection":["Esportes"],"inLanguage":"en-US","copyrightYear":"2026","copyrightHolder":{"@id":"https:\/\/ubirataonline.com.br\/en\/#organization"}},{"@type":"WebPage","@id":"https:\/\/ubirataonline.com.br\/palmeiras-ajusta-elenco-com-4-saidas-2-reforcos-e-3-renovacoes-importantes-antes-do-fim-da-janela\/","url":"https:\/\/ubirataonline.com.br\/palmeiras-ajusta-elenco-com-4-saidas-2-reforcos-e-3-renovacoes-importantes-antes-do-fim-da-janela\/","name":"Palmeiras ajusta elenco com 4 sa\u00eddas, 2 refor\u00e7os e 3 renova\u00e7\u00f5es importantes antes do fim da janela - Ubirat\u00e3 Online Not\u00edcias - A realidade ao seu alcance!","isPartOf":{"@id":"https:\/\/ubirataonline.com.br\/#website"},"primaryImageOfPage":{"@id":"https:\/\/ubirataonline.com.br\/palmeiras-ajusta-elenco-com-4-saidas-2-reforcos-e-3-renovacoes-importantes-antes-do-fim-da-janela\/#primaryimage"},"image":{"@id":"https:\/\/ubirataonline.com.br\/palmeiras-ajusta-elenco-com-4-saidas-2-reforcos-e-3-renovacoes-importantes-antes-do-fim-da-janela\/#primaryimage"},"thumbnailUrl":"https:\/\/ubirataonline.com.br\/wp-content\/uploads\/2026\/09\/maaimg-post-170050-20260902-190504.webp","datePublished":"2026-09-02T19:04:48+00:00","description":"O Palmeiras segue ativo nos bastidores da janela de transfer\u00eancias com foco em equilibrar o elenco para os desafios da reta final da temporada de 2026. A","breadcrumb":{"@id":"https:\/\/ubirataonline.com.br\/palmeiras-ajusta-elenco-com-4-saidas-2-reforcos-e-3-renovacoes-importantes-antes-do-fim-da-janela\/#breadcrumb"},"inLanguage":"en-US","potentialAction":[{"@type":"ReadAction","target":["https:\/\/ubirataonline.com.br\/palmeiras-ajusta-elenco-com-4-saidas-2-reforcos-e-3-renovacoes-importantes-antes-do-fim-da-janela\/"]}]},{"@type":"ImageObject","inLanguage":"en-US","@id":"https:\/\/ubirataonline.com.br\/palmeiras-ajusta-elenco-com-4-saidas-2-reforcos-e-3-renovacoes-importantes-antes-do-fim-da-janela\/#primaryimage","url":"https:\/\/ubirataonline.com.br\/wp-content\/uploads\/2026\/09\/maaimg-post-170050-20260902-190504.webp","contentUrl":"https:\/\/ubirataonline.com.br\/wp-content\/uploads\/2026\/09\/maaimg-post-170050-20260902-190504.webp","width":1536,"height":1024,"caption":"Imagem ilustrativa Gerada por IA"},{"@type":"BreadcrumbList","@id":"https:\/\/ubirataonline.com.br\/palmeiras-ajusta-elenco-com-4-saidas-2-reforcos-e-3-renovacoes-importantes-antes-do-fim-da-janela\/#breadcrumb","itemListElement":[{"@type":"ListItem","position":1,"name":"In\u00edcio","item":"https:\/\/ubirataonline.com.br\/"},{"@type":"ListItem","position":2,"name":"Palmeiras ajusta elenco com 4 sa\u00eddas, 2 refor\u00e7os e 3 renova\u00e7\u00f5es importantes antes do fim da janela"}]},{"@type":"WebSite","@id":"https:\/\/ubirataonline.com.br\/#website","url":"https:\/\/ubirataonline.com.br\/","name":"Ubirat\u00e3 Online Not\u00edcias","description":"Not\u00edcias de Ubirat\u00e3, regi\u00e3o, Brasil e mundo, com informa\u00e7\u00e3o atualizada e compromisso com o leitor.","publisher":{"@id":"https:\/\/ubirataonline.com.br\/#organization"},"alternateName":"Ubirat\u00e3 Online","potentialAction":[{"@type":"SearchAction","target":{"@type":"EntryPoint","urlTemplate":"https:\/\/ubirataonline.com.br\/?s={search_term_string}"},"query-input":{"@type":"PropertyValueSpecification","valueRequired":true,"valueName":"search_term_string"}}],"inLanguage":"en-US"},{"@type":["Organization","Place"],"@id":"https:\/\/ubirataonline.com.br\/#organization","name":"Ubirat\u00e3 Online Not\u00edcias","alternateName":"Ubirat\u00e3 Online","url":"https:\/\/ubirataonline.com.br\/","logo":{"@id":"https:\/\/ubirataonline.com.br\/palmeiras-ajusta-elenco-com-4-saidas-2-reforcos-e-3-renovacoes-importantes-antes-do-fim-da-janela\/#local-main-organization-logo"},"image":{"@id":"https:\/\/ubirataonline.com.br\/palmeiras-ajusta-elenco-com-4-saidas-2-reforcos-e-3-renovacoes-importantes-antes-do-fim-da-janela\/#local-main-organization-logo"},"sameAs":["https:\/\/www.facebook.com\/portalubirataonline","https:\/\/x.com\/ubirataonline","https:\/\/mastodon.social\/@ubirataonline","https:\/\/www.facebook.com\/groups\/311144672285604","https:\/\/www.facebook.com\/UBTAOnline","https:\/\/www.instagram.com\/portalubirataonline\/","https:\/\/twitter.com\/ubirataonline"],"description":"Somos um portal de not\u00edcias independente, criado em 5 de janeiro de 2009, com o objetivo de informar, conectar e valorizar a nossa comunidade de Ubirat\u00e3 e toda aregi\u00e3o. Com conte\u00fado atualizado, confi\u00e1vel e relevante, o Ubirat\u00e3 Online \u00e9 o seu espa\u00e7o para ficar por dentro dos principais acontecimentos locais, regionais, Brasil, Mundo e de interesse geral. Nosso compromisso \u00e9 com a verdade, a transpar\u00eancia e o respeito ao leitor.","legalName":"UBIRATA ONLINE NOT\u00cdCIAS","foundingDate":"2009-01-05","numberOfEmployees":{"@type":"QuantitativeValue","minValue":"1","maxValue":"10"},"publishingPrinciples":"https:\/\/ubirataonline.com.br\/faq\/","address":{"@id":"https:\/\/ubirataonline.com.br\/palmeiras-ajusta-elenco-com-4-saidas-2-reforcos-e-3-renovacoes-importantes-antes-do-fim-da-janela\/#local-main-place-address"},"geo":{"@type":"GeoCoordinates","latitude":"-24.5361401","longitude":"-52.9921776"},"telephone":["+5544998308235"],"contactPoint":{"@type":"ContactPoint","email":"contato@ubirataonline.com.br"},"openingHoursSpecification":{"@type":"OpeningHoursSpecification","dayOfWeek":["Monday","Tuesday","Wednesday","Thursday","Friday","Saturday","Sunday"],"opens":"00:00","closes":"23:59"},"email":"contato@ubirataonline.com.br","vatID":"47.621.418\/0001-80"},{"@type":"Person","@id":"https:\/\/ubirataonline.com.br\/#\/schema\/person\/372f87bbd3fdd79b8556b84c98d0bc1c","name":"REDA\u00c7\u00c3O: UBIRAT\u00c3 ONLINE - F\u00c1BIO AUGUSTO CELESTINO","pronouns":"Ele","description":"Desde 2003 trabalhando com not\u00edcias.","sameAs":["http:\/\/ubirataoline.com.br","https:\/\/www.facebook.com\/portalubirataonline","https:\/\/www.instagram.com\/ubirataonline_oficial","https:\/\/x.com\/x.com\/ubirataonline"],"honorificPrefix":"Mr.","honorificSuffix":"MD","birthDate":"1980-06-16","gender":"masculino","award":["V\u00e1rios pr\u00eamios de melhor portal da cidade"],"jobTitle":"Diretor","url":"https:\/\/ubirataonline.com.br\/en\/author\/ubirataonline\/"},{"@type":"PostalAddress","@id":"https:\/\/ubirataonline.com.br\/palmeiras-ajusta-elenco-com-4-saidas-2-reforcos-e-3-renovacoes-importantes-antes-do-fim-da-janela\/#local-main-place-address","streetAddress":"Rua dos Coqueiros, 104 - Bairro Boa Vista, Rua dos Coqueiros, 104 Bairro Boa Vista","addressLocality":"UBIRATA","postalCode":"85440-000","addressRegion":"PR","addressCountry":"BR"},{"@type":"ImageObject","inLanguage":"en-US","@id":"https:\/\/ubirataonline.com.br\/palmeiras-ajusta-elenco-com-4-saidas-2-reforcos-e-3-renovacoes-importantes-antes-do-fim-da-janela\/#local-main-organization-logo","url":"https:\/\/ubirataonline.com.br\/wp-content\/uploads\/2026\/06\/logoubirataonline-1.webp","contentUrl":"https:\/\/ubirataonline.com.br\/wp-content\/uploads\/2026\/06\/logoubirataonline-1.webp","width":500,"height":500,"caption":"Ubirat\u00e3 Online Not\u00edcias"}]},"geo.placename":"UBIRATA","geo.position":{"lat":"-24.5361401","long":"-52.9921776"},"geo.region":"Brazil"},"_links":{"self":[{"href":"https:\/\/ubirataonline.com.br\/en\/wp-json\/wp\/v2\/posts\/170050","targetHints":{"allow":["GET"]}}],"collection":[{"href":"https:\/\/ubirataonline.com.br\/en\/wp-json\/wp\/v2\/posts"}],"about":[{"href":"https:\/\/ubirataonline.com.br\/en\/wp-json\/wp\/v2\/types\/post"}],"author":[{"embeddable":true,"href":"https:\/\/ubirataonline.com.br\/en\/wp-json\/wp\/v2\/users\/1"}],"replies":[{"embeddable":true,"href":"https:\/\/ubirataonline.com.br\/en\/wp-json\/wp\/v2\/comments?post=170050"}],"version-history":[{"count":0,"href":"https:\/\/ubirataonline.com.br\/en\/wp-json\/wp\/v2\/posts\/170050\/revisions"}],"wp:featuredmedia":[{"embeddable":true,"href":"https:\/\/ubirataonline.com.br\/en\/wp-json\/wp\/v2\/media\/170052"}],"wp:attachment":[{"href":"https:\/\/ubirataonline.com.br\/en\/wp-json\/wp\/v2\/media?parent=170050"}],"wp:term":[{"taxonomy":"category","embeddable":true,"href":"https:\/\/ubirataonline.com.br\/en\/wp-json\/wp\/v2\/categories?post=170050"},{"taxonomy":"post_tag","embeddable":true,"href":"https:\/\/ubirataonline.com.br\/en\/wp-json\/wp\/v2\/tags?post=170050"}],"curies":[{"name":"wp","href":"https:\/\/api.w.org\/{rel}","templated":true}]}}