{"id":170089,"date":"2026-09-02T17:59:23","date_gmt":"2026-09-02T20:59:23","guid":{"rendered":"https:\/\/ubirataonline.com.br\/camara-aprova-criacao-das-novas-universidades-federais-de-ciencia-e-inovacao-em-minas-gerais-e-no-rio-de-janeiro\/"},"modified":"2026-09-02T17:59:23","modified_gmt":"2026-09-02T20:59:23","slug":"camara-aprova-criacao-das-novas-universidades-federais-de-ciencia-e-inovacao-em-minas-gerais-e-no-rio-de-janeiro","status":"publish","type":"post","link":"https:\/\/ubirataonline.com.br\/en\/camara-aprova-criacao-das-novas-universidades-federais-de-ciencia-e-inovacao-em-minas-gerais-e-no-rio-de-janeiro\/","title":{"rendered":"C\u00e2mara aprova cria\u00e7\u00e3o das novas Universidades Federais de Ci\u00eancia e Inova\u00e7\u00e3o em Minas Gerais e no Rio de Janeiro"},"content":{"rendered":"<h2>A C\u00e2mara dos Deputados aprovou, nesta quarta-feira (2), o projeto que transforma os atuais centros federais de educa\u00e7\u00e3o tecnol\u00f3gica em novas universidades.<\/h2>\n<p>A cria\u00e7\u00e3o das <b>Universidades Federais de Ci\u00eancia e Inova\u00e7\u00e3o<\/b> em Minas Gerais e no Rio de Janeiro avan\u00e7ou na C\u00e2mara dos Deputados. A proposta visa elevar o patamar das institui\u00e7\u00f5es de ensino existentes nos dois estados.<\/p>\n<p>O texto, que agora segue para an\u00e1lise do Senado, foi aprovado com o substitutivo do relator, o Deputados Rog\u00e9rio Correia (PT-MG). A medida integra o Projeto de Lei 4952\/26, enviado pelo Poder Executivo.<\/p>\n<p>Conforme informa\u00e7\u00e3o divulgada pela <b>Ag\u00eancia C\u00e2mara<\/b>, a transforma\u00e7\u00e3o dos centros tecnol\u00f3gicos em universidades federais busca democratizar o acesso \u00e0 educa\u00e7\u00e3o p\u00fablica e qualificada.<\/p>\n<h3>Estrutura e funcionamento das novas universidades<\/h3>\n<p>segundo Portal da C\u00e2mara dos Deputados aprovado, as novas universidades ser\u00e3o autarquias vinculadas ao <b>Minist\u00e9rio da Educa\u00e7\u00e3o<\/b>. O projeto estabelece normas claras para a nomea\u00e7\u00e3o de reitor e vice-reitor, garantindo a governan\u00e7a institucional.<\/p>\n<p>Uma novidade importante \u00e9 a inclus\u00e3o de um centro de forma\u00e7\u00e3o e ensino t\u00e9cnico dentro das universidades. O objetivo \u00e9 assegurar que a oferta de <b>educa\u00e7\u00e3o profissional t\u00e9cnica de n\u00edvel m\u00e9dio<\/b> continue sendo um pilar fundamental da institui\u00e7\u00e3o.<\/p>\n<h3>Impacto no ensino e na produ\u00e7\u00e3o cient\u00edfica<\/h3>\n<p>O relator Rog\u00e9rio Correia destacou que a mudan\u00e7a permitir\u00e1 ampliar a oferta de vagas em cursos de gradua\u00e7\u00e3o e p\u00f3s-gradua\u00e7\u00e3o. O foco principal ser\u00e1 atender \u00e0s regi\u00f5es metropolitanas de Belo Horizonte e do Rio de Janeiro.<\/p>\n<p>Al\u00e9m do ensino, a transi\u00e7\u00e3o para o status de universidade facilita o acesso a <b>editais de fomento<\/b> e parcerias institucionais. A expectativa \u00e9 que a produ\u00e7\u00e3o cient\u00edfica e tecnol\u00f3gica, j\u00e1 consolidada nos Cefets, seja potencializada.<\/p>\n<h3>Abrang\u00eancia dos campi em Minas e no Rio<\/h3>\n<p>A nova estrutura vai contemplar uma vasta rede de campi. O <b>Cefet-RJ<\/b> possui unidades em Angra dos Reis, Itagua\u00ed, Maria da Gra\u00e7a, Nova Friburgo, Nova Igua\u00e7u, Petr\u00f3polis, Valen\u00e7a e na capital fluminense.<\/p>\n<p>J\u00e1 o <b>Cefet-MG<\/b> conta com 11 campi, sendo tr\u00eas em Belo Horizonte e os demais em Arax\u00e1, Contagem, Curvelo, Divin\u00f3polis, Leopoldina, Nepomuceno, Tim\u00f3teo e Varginha.<\/p>\n<h3>Perguntas frequentes sobre o projeto<\/h3>\n<p><b>O que acontece com os atuais Cefets?<\/b> Eles ser\u00e3o transformados nas novas Universidades Federais de Ci\u00eancia e Inova\u00e7\u00e3o.<\/p>\n<p><b>O ensino t\u00e9cnico de n\u00edvel m\u00e9dio vai acabar?<\/b> N\u00e3o, o projeto prev\u00ea a cria\u00e7\u00e3o de centros de ensino t\u00e9cnico dentro das novas universidades para manter essa oferta.<\/p>\n<p><b>Qual o pr\u00f3ximo passo para o projeto?<\/b> Ap\u00f3s a aprova\u00e7\u00e3o na C\u00e2mara, a proposta segue para an\u00e1lise e vota\u00e7\u00e3o no Senado Federal.<\/p>\n<p><b>Quem ser\u00e1 o respons\u00e1vel pelas novas universidades?<\/b> Elas ser\u00e3o autarquias vinculadas ao Minist\u00e9rio da Educa\u00e7\u00e3o, com reitoria e vice-reitoria definidas por normas estabelecidas.<\/p>\n<p><b>Qual o benef\u00edcio da mudan\u00e7a?<\/b> A expectativa \u00e9 ampliar vagas, facilitar o acesso a editais de pesquisa e fortalecer a produ\u00e7\u00e3o cient\u00edfica nacional.<\/p>","protected":false},"excerpt":{"rendered":"<p>A C\u00e2mara dos Deputados aprovou, nesta quarta-feira (2), o projeto que transforma os atuais centros federais de educa\u00e7\u00e3o tecnol\u00f3gica em novas universidades. A cria\u00e7\u00e3o das Universidades Federais de Ci\u00eancia e Inova\u00e7\u00e3o em Minas Gerais e no Rio de Janeiro avan\u00e7ou na C\u00e2mara dos Deputados. A proposta visa elevar o patamar das institui\u00e7\u00f5es de ensino existentes [&hellip;]<\/p>\n","protected":false},"author":1,"featured_media":170090,"comment_status":"","ping_status":"","sticky":false,"template":"","format":"standard","meta":{"googlesitekit_rrm_CAow2JLhCw:productID":"","_gspb_post_css":"","maa_idioma":"","maa_pais":"","footnotes":""},"categories":[4],"tags":[],"class_list":["post-170089","post","type-post","status-publish","format-standard","has-post-thumbnail","hentry","category-brasil"],"blocksy_meta":[],"yoast_head":"<!-- This site is optimized with the Yoast SEO Premium plugin v27.6 (Yoast SEO v27.6) - https:\/\/yoast.com\/product\/yoast-seo-premium-wordpress\/ -->\n<title>C\u00e2mara aprova cria\u00e7\u00e3o das novas Universidades Federais de Ci\u00eancia e Inova\u00e7\u00e3o em Minas Gerais e no Rio de Janeiro - Ubirat\u00e3 Online Not\u00edcias - A realidade ao seu alcance!<\/title>\n<meta name=\"description\" content=\"A C\u00e2mara dos Deputados aprovou, nesta quarta-feira (2), o projeto que transforma os atuais centros federais de educa\u00e7\u00e3o tecnol\u00f3gica em novas\" \/>\n<meta name=\"robots\" content=\"index, follow, max-snippet:-1, max-image-preview:large, max-video-preview:-1\" \/>\n<link rel=\"canonical\" href=\"https:\/\/ubirataonline.com.br\/en\/camara-aprova-criacao-das-novas-universidades-federais-de-ciencia-e-inovacao-em-minas-gerais-e-no-rio-de-janeiro\/\" \/>\n<meta property=\"og:locale\" content=\"en_US\" \/>\n<meta property=\"og:type\" content=\"article\" \/>\n<meta property=\"og:title\" content=\"C\u00e2mara aprova cria\u00e7\u00e3o das novas Universidades Federais de Ci\u00eancia e Inova\u00e7\u00e3o em Minas Gerais e no Rio de Janeiro\" \/>\n<meta property=\"og:description\" content=\"A C\u00e2mara dos Deputados aprovou, nesta quarta-feira (2), o projeto que transforma os atuais centros federais de educa\u00e7\u00e3o tecnol\u00f3gica em novas\" \/>\n<meta property=\"og:url\" content=\"https:\/\/ubirataonline.com.br\/en\/camara-aprova-criacao-das-novas-universidades-federais-de-ciencia-e-inovacao-em-minas-gerais-e-no-rio-de-janeiro\/\" \/>\n<meta property=\"og:site_name\" content=\"Ubirat\u00e3 Online Not\u00edcias - A realidade ao seu alcance!\" \/>\n<meta property=\"article:publisher\" content=\"https:\/\/www.facebook.com\/portalubirataonline\" \/>\n<meta property=\"article:author\" content=\"https:\/\/www.facebook.com\/portalubirataonline\" \/>\n<meta property=\"article:published_time\" content=\"2026-09-02T20:59:23+00:00\" \/>\n<meta property=\"og:image\" content=\"https:\/\/ubirataonline.com.br\/wp-content\/uploads\/2026\/05\/logo2026.webp\" \/>\n\t<meta property=\"og:image:width\" content=\"1531\" \/>\n\t<meta property=\"og:image:height\" content=\"418\" \/>\n\t<meta property=\"og:image:type\" content=\"image\/webp\" \/>\n<meta name=\"author\" content=\"REDA\u00c7\u00c3O: UBIRAT\u00c3 ONLINE - F\u00c1BIO AUGUSTO CELESTINO\" \/>\n<meta name=\"twitter:card\" content=\"summary_large_image\" \/>\n<meta name=\"twitter:creator\" content=\"@x.com\/ubirataonline\" \/>\n<meta name=\"twitter:site\" content=\"@ubirataonline\" \/>\n<meta name=\"twitter:label1\" content=\"Written by\" \/>\n\t<meta name=\"twitter:data1\" content=\"REDA\u00c7\u00c3O: UBIRAT\u00c3 ONLINE - F\u00c1BIO AUGUSTO CELESTINO\" \/>\n\t<meta name=\"twitter:label2\" content=\"Est. reading time\" \/>\n\t<meta name=\"twitter:data2\" content=\"3 minutes\" \/>\n<script type=\"application\/ld+json\" class=\"yoast-schema-graph\">{\"@context\":\"https:\\\/\\\/schema.org\",\"@graph\":[{\"@type\":\"NewsArticle\",\"@id\":\"https:\\\/\\\/ubirataonline.com.br\\\/camara-aprova-criacao-das-novas-universidades-federais-de-ciencia-e-inovacao-em-minas-gerais-e-no-rio-de-janeiro\\\/#article\",\"isPartOf\":{\"@id\":\"https:\\\/\\\/ubirataonline.com.br\\\/camara-aprova-criacao-das-novas-universidades-federais-de-ciencia-e-inovacao-em-minas-gerais-e-no-rio-de-janeiro\\\/\"},\"author\":{\"name\":\"REDA\u00c7\u00c3O: UBIRAT\u00c3 ONLINE - F\u00c1BIO AUGUSTO CELESTINO\",\"@id\":\"https:\\\/\\\/ubirataonline.com.br\\\/#\\\/schema\\\/person\\\/372f87bbd3fdd79b8556b84c98d0bc1c\"},\"headline\":\"C\u00e2mara aprova cria\u00e7\u00e3o das novas Universidades Federais de Ci\u00eancia e Inova\u00e7\u00e3o em Minas Gerais e no Rio de Janeiro\",\"datePublished\":\"2026-09-02T20:59:23+00:00\",\"mainEntityOfPage\":{\"@id\":\"https:\\\/\\\/ubirataonline.com.br\\\/camara-aprova-criacao-das-novas-universidades-federais-de-ciencia-e-inovacao-em-minas-gerais-e-no-rio-de-janeiro\\\/\"},\"wordCount\":543,\"publisher\":{\"@id\":\"https:\\\/\\\/ubirataonline.com.br\\\/#organization\"},\"image\":{\"@id\":\"https:\\\/\\\/ubirataonline.com.br\\\/camara-aprova-criacao-das-novas-universidades-federais-de-ciencia-e-inovacao-em-minas-gerais-e-no-rio-de-janeiro\\\/#primaryimage\"},\"thumbnailUrl\":\"https:\\\/\\\/ubirataonline.com.br\\\/wp-content\\\/uploads\\\/2026\\\/09\\\/maaimg-post-170089-20260902-205942.webp\",\"articleSection\":[\"Brasil\"],\"inLanguage\":\"en-US\",\"copyrightYear\":\"2026\",\"copyrightHolder\":{\"@id\":\"https:\\\/\\\/ubirataonline.com.br\\\/en\\\/#organization\"}},{\"@type\":\"WebPage\",\"@id\":\"https:\\\/\\\/ubirataonline.com.br\\\/camara-aprova-criacao-das-novas-universidades-federais-de-ciencia-e-inovacao-em-minas-gerais-e-no-rio-de-janeiro\\\/\",\"url\":\"https:\\\/\\\/ubirataonline.com.br\\\/camara-aprova-criacao-das-novas-universidades-federais-de-ciencia-e-inovacao-em-minas-gerais-e-no-rio-de-janeiro\\\/\",\"name\":\"C\u00e2mara aprova cria\u00e7\u00e3o das novas Universidades Federais de Ci\u00eancia e Inova\u00e7\u00e3o em Minas Gerais e no Rio de Janeiro - Ubirat\u00e3 Online Not\u00edcias - A realidade ao seu alcance!\",\"isPartOf\":{\"@id\":\"https:\\\/\\\/ubirataonline.com.br\\\/#website\"},\"primaryImageOfPage\":{\"@id\":\"https:\\\/\\\/ubirataonline.com.br\\\/camara-aprova-criacao-das-novas-universidades-federais-de-ciencia-e-inovacao-em-minas-gerais-e-no-rio-de-janeiro\\\/#primaryimage\"},\"image\":{\"@id\":\"https:\\\/\\\/ubirataonline.com.br\\\/camara-aprova-criacao-das-novas-universidades-federais-de-ciencia-e-inovacao-em-minas-gerais-e-no-rio-de-janeiro\\\/#primaryimage\"},\"thumbnailUrl\":\"https:\\\/\\\/ubirataonline.com.br\\\/wp-content\\\/uploads\\\/2026\\\/09\\\/maaimg-post-170089-20260902-205942.webp\",\"datePublished\":\"2026-09-02T20:59:23+00:00\",\"description\":\"A C\u00e2mara dos Deputados aprovou, nesta quarta-feira (2), o projeto que transforma os atuais centros federais de educa\u00e7\u00e3o tecnol\u00f3gica em novas\",\"breadcrumb\":{\"@id\":\"https:\\\/\\\/ubirataonline.com.br\\\/camara-aprova-criacao-das-novas-universidades-federais-de-ciencia-e-inovacao-em-minas-gerais-e-no-rio-de-janeiro\\\/#breadcrumb\"},\"inLanguage\":\"en-US\",\"potentialAction\":[{\"@type\":\"ReadAction\",\"target\":[\"https:\\\/\\\/ubirataonline.com.br\\\/camara-aprova-criacao-das-novas-universidades-federais-de-ciencia-e-inovacao-em-minas-gerais-e-no-rio-de-janeiro\\\/\"]}]},{\"@type\":\"ImageObject\",\"inLanguage\":\"en-US\",\"@id\":\"https:\\\/\\\/ubirataonline.com.br\\\/camara-aprova-criacao-das-novas-universidades-federais-de-ciencia-e-inovacao-em-minas-gerais-e-no-rio-de-janeiro\\\/#primaryimage\",\"url\":\"https:\\\/\\\/ubirataonline.com.br\\\/wp-content\\\/uploads\\\/2026\\\/09\\\/maaimg-post-170089-20260902-205942.webp\",\"contentUrl\":\"https:\\\/\\\/ubirataonline.com.br\\\/wp-content\\\/uploads\\\/2026\\\/09\\\/maaimg-post-170089-20260902-205942.webp\",\"width\":1536,\"height\":1024,\"caption\":\"Imagem ilustrativa Gerada por IA\"},{\"@type\":\"BreadcrumbList\",\"@id\":\"https:\\\/\\\/ubirataonline.com.br\\\/camara-aprova-criacao-das-novas-universidades-federais-de-ciencia-e-inovacao-em-minas-gerais-e-no-rio-de-janeiro\\\/#breadcrumb\",\"itemListElement\":[{\"@type\":\"ListItem\",\"position\":1,\"name\":\"In\u00edcio\",\"item\":\"https:\\\/\\\/ubirataonline.com.br\\\/\"},{\"@type\":\"ListItem\",\"position\":2,\"name\":\"C\u00e2mara aprova cria\u00e7\u00e3o das novas Universidades Federais de Ci\u00eancia e Inova\u00e7\u00e3o em Minas Gerais e no Rio de Janeiro\"}]},{\"@type\":\"WebSite\",\"@id\":\"https:\\\/\\\/ubirataonline.com.br\\\/#website\",\"url\":\"https:\\\/\\\/ubirataonline.com.br\\\/\",\"name\":\"Ubirat\u00e3 Online Not\u00edcias\",\"description\":\"Not\u00edcias de Ubirat\u00e3, regi\u00e3o, Brasil e mundo, com informa\u00e7\u00e3o atualizada e compromisso com o leitor.\",\"publisher\":{\"@id\":\"https:\\\/\\\/ubirataonline.com.br\\\/#organization\"},\"alternateName\":\"Ubirat\u00e3 Online\",\"potentialAction\":[{\"@type\":\"SearchAction\",\"target\":{\"@type\":\"EntryPoint\",\"urlTemplate\":\"https:\\\/\\\/ubirataonline.com.br\\\/?s={search_term_string}\"},\"query-input\":{\"@type\":\"PropertyValueSpecification\",\"valueRequired\":true,\"valueName\":\"search_term_string\"}}],\"inLanguage\":\"en-US\"},{\"@type\":[\"Organization\",\"Place\"],\"@id\":\"https:\\\/\\\/ubirataonline.com.br\\\/#organization\",\"name\":\"Ubirat\u00e3 Online Not\u00edcias\",\"alternateName\":\"Ubirat\u00e3 Online\",\"url\":\"https:\\\/\\\/ubirataonline.com.br\\\/\",\"logo\":{\"@id\":\"https:\\\/\\\/ubirataonline.com.br\\\/camara-aprova-criacao-das-novas-universidades-federais-de-ciencia-e-inovacao-em-minas-gerais-e-no-rio-de-janeiro\\\/#local-main-organization-logo\"},\"image\":{\"@id\":\"https:\\\/\\\/ubirataonline.com.br\\\/camara-aprova-criacao-das-novas-universidades-federais-de-ciencia-e-inovacao-em-minas-gerais-e-no-rio-de-janeiro\\\/#local-main-organization-logo\"},\"sameAs\":[\"https:\\\/\\\/www.facebook.com\\\/portalubirataonline\",\"https:\\\/\\\/x.com\\\/ubirataonline\",\"https:\\\/\\\/mastodon.social\\\/@ubirataonline\",\"https:\\\/\\\/www.facebook.com\\\/groups\\\/311144672285604\",\"https:\\\/\\\/www.facebook.com\\\/UBTAOnline\",\"https:\\\/\\\/www.instagram.com\\\/portalubirataonline\\\/\",\"https:\\\/\\\/twitter.com\\\/ubirataonline\"],\"description\":\"Somos um portal de not\u00edcias independente, criado em 5 de janeiro de 2009, com o objetivo de informar, conectar e valorizar a nossa comunidade de Ubirat\u00e3 e toda aregi\u00e3o. Com conte\u00fado atualizado, confi\u00e1vel e relevante, o Ubirat\u00e3 Online \u00e9 o seu espa\u00e7o para ficar por dentro dos principais acontecimentos locais, regionais, Brasil, Mundo e de interesse geral. Nosso compromisso \u00e9 com a verdade, a transpar\u00eancia e o respeito ao leitor.\",\"legalName\":\"UBIRATA ONLINE NOT\u00cdCIAS\",\"foundingDate\":\"2009-01-05\",\"numberOfEmployees\":{\"@type\":\"QuantitativeValue\",\"minValue\":\"1\",\"maxValue\":\"10\"},\"publishingPrinciples\":\"https:\\\/\\\/ubirataonline.com.br\\\/faq\\\/\",\"address\":{\"@id\":\"https:\\\/\\\/ubirataonline.com.br\\\/camara-aprova-criacao-das-novas-universidades-federais-de-ciencia-e-inovacao-em-minas-gerais-e-no-rio-de-janeiro\\\/#local-main-place-address\"},\"geo\":{\"@type\":\"GeoCoordinates\",\"latitude\":\"-24.5361401\",\"longitude\":\"-52.9921776\"},\"telephone\":[\"+5544998308235\"],\"contactPoint\":{\"@type\":\"ContactPoint\",\"email\":\"contato@ubirataonline.com.br\"},\"openingHoursSpecification\":{\"@type\":\"OpeningHoursSpecification\",\"dayOfWeek\":[\"Monday\",\"Tuesday\",\"Wednesday\",\"Thursday\",\"Friday\",\"Saturday\",\"Sunday\"],\"opens\":\"00:00\",\"closes\":\"23:59\"},\"email\":\"contato@ubirataonline.com.br\",\"vatID\":\"47.621.418\\\/0001-80\"},{\"@type\":\"Person\",\"@id\":\"https:\\\/\\\/ubirataonline.com.br\\\/#\\\/schema\\\/person\\\/372f87bbd3fdd79b8556b84c98d0bc1c\",\"name\":\"REDA\u00c7\u00c3O: UBIRAT\u00c3 ONLINE - F\u00c1BIO AUGUSTO CELESTINO\",\"pronouns\":\"Ele\",\"description\":\"Desde 2003 trabalhando com not\u00edcias.\",\"sameAs\":[\"http:\\\/\\\/ubirataoline.com.br\",\"https:\\\/\\\/www.facebook.com\\\/portalubirataonline\",\"https:\\\/\\\/www.instagram.com\\\/ubirataonline_oficial\",\"https:\\\/\\\/x.com\\\/x.com\\\/ubirataonline\"],\"honorificPrefix\":\"Mr.\",\"honorificSuffix\":\"MD\",\"birthDate\":\"1980-06-16\",\"gender\":\"masculino\",\"award\":[\"V\u00e1rios pr\u00eamios de melhor portal da cidade\"],\"jobTitle\":\"Diretor\",\"url\":\"https:\\\/\\\/ubirataonline.com.br\\\/en\\\/author\\\/ubirataonline\\\/\"},{\"@type\":\"PostalAddress\",\"@id\":\"https:\\\/\\\/ubirataonline.com.br\\\/camara-aprova-criacao-das-novas-universidades-federais-de-ciencia-e-inovacao-em-minas-gerais-e-no-rio-de-janeiro\\\/#local-main-place-address\",\"streetAddress\":\"Rua dos Coqueiros, 104 - Bairro Boa Vista, Rua dos Coqueiros, 104 Bairro Boa Vista\",\"addressLocality\":\"UBIRATA\",\"postalCode\":\"85440-000\",\"addressRegion\":\"PR\",\"addressCountry\":\"BR\"},{\"@type\":\"ImageObject\",\"inLanguage\":\"en-US\",\"@id\":\"https:\\\/\\\/ubirataonline.com.br\\\/camara-aprova-criacao-das-novas-universidades-federais-de-ciencia-e-inovacao-em-minas-gerais-e-no-rio-de-janeiro\\\/#local-main-organization-logo\",\"url\":\"https:\\\/\\\/ubirataonline.com.br\\\/wp-content\\\/uploads\\\/2026\\\/06\\\/logoubirataonline-1.webp\",\"contentUrl\":\"https:\\\/\\\/ubirataonline.com.br\\\/wp-content\\\/uploads\\\/2026\\\/06\\\/logoubirataonline-1.webp\",\"width\":500,\"height\":500,\"caption\":\"Ubirat\u00e3 Online Not\u00edcias\"}]}<\/script>\n<meta name=\"geo.placename\" content=\"UBIRATA\" \/>\n<meta name=\"geo.position\" content=\"-24.5361401;-52.9921776\" \/>\n<meta name=\"geo.region\" content=\"Brazil\" \/>\n<!-- \/ Yoast SEO Premium plugin. -->","yoast_head_json":{"title":"C\u00e2mara aprova cria\u00e7\u00e3o das novas Universidades Federais de Ci\u00eancia e Inova\u00e7\u00e3o em Minas Gerais e no Rio de Janeiro - Ubirat\u00e3 Online Not\u00edcias - A realidade ao seu alcance!","description":"A C\u00e2mara dos Deputados aprovou, nesta quarta-feira (2), o projeto que transforma os atuais centros federais de educa\u00e7\u00e3o tecnol\u00f3gica em novas","robots":{"index":"index","follow":"follow","max-snippet":"max-snippet:-1","max-image-preview":"max-image-preview:large","max-video-preview":"max-video-preview:-1"},"canonical":"https:\/\/ubirataonline.com.br\/en\/camara-aprova-criacao-das-novas-universidades-federais-de-ciencia-e-inovacao-em-minas-gerais-e-no-rio-de-janeiro\/","og_locale":"en_US","og_type":"article","og_title":"C\u00e2mara aprova cria\u00e7\u00e3o das novas Universidades Federais de Ci\u00eancia e Inova\u00e7\u00e3o em Minas Gerais e no Rio de Janeiro","og_description":"A C\u00e2mara dos Deputados aprovou, nesta quarta-feira (2), o projeto que transforma os atuais centros federais de educa\u00e7\u00e3o tecnol\u00f3gica em novas","og_url":"https:\/\/ubirataonline.com.br\/en\/camara-aprova-criacao-das-novas-universidades-federais-de-ciencia-e-inovacao-em-minas-gerais-e-no-rio-de-janeiro\/","og_site_name":"Ubirat\u00e3 Online Not\u00edcias - A realidade ao seu alcance!","article_publisher":"https:\/\/www.facebook.com\/portalubirataonline","article_author":"https:\/\/www.facebook.com\/portalubirataonline","article_published_time":"2026-09-02T20:59:23+00:00","og_image":[{"width":1531,"height":418,"url":"https:\/\/ubirataonline.com.br\/wp-content\/uploads\/2026\/05\/logo2026.webp","type":"image\/webp"}],"author":"REDA\u00c7\u00c3O: UBIRAT\u00c3 ONLINE - F\u00c1BIO AUGUSTO CELESTINO","twitter_card":"summary_large_image","twitter_creator":"@x.com\/ubirataonline","twitter_site":"@ubirataonline","twitter_misc":{"Written by":"REDA\u00c7\u00c3O: UBIRAT\u00c3 ONLINE - F\u00c1BIO AUGUSTO CELESTINO","Est. reading time":"3 minutes"},"schema":{"@context":"https:\/\/schema.org","@graph":[{"@type":"NewsArticle","@id":"https:\/\/ubirataonline.com.br\/camara-aprova-criacao-das-novas-universidades-federais-de-ciencia-e-inovacao-em-minas-gerais-e-no-rio-de-janeiro\/#article","isPartOf":{"@id":"https:\/\/ubirataonline.com.br\/camara-aprova-criacao-das-novas-universidades-federais-de-ciencia-e-inovacao-em-minas-gerais-e-no-rio-de-janeiro\/"},"author":{"name":"REDA\u00c7\u00c3O: UBIRAT\u00c3 ONLINE - F\u00c1BIO AUGUSTO CELESTINO","@id":"https:\/\/ubirataonline.com.br\/#\/schema\/person\/372f87bbd3fdd79b8556b84c98d0bc1c"},"headline":"C\u00e2mara aprova cria\u00e7\u00e3o das novas Universidades Federais de Ci\u00eancia e Inova\u00e7\u00e3o em Minas Gerais e no Rio de Janeiro","datePublished":"2026-09-02T20:59:23+00:00","mainEntityOfPage":{"@id":"https:\/\/ubirataonline.com.br\/camara-aprova-criacao-das-novas-universidades-federais-de-ciencia-e-inovacao-em-minas-gerais-e-no-rio-de-janeiro\/"},"wordCount":543,"publisher":{"@id":"https:\/\/ubirataonline.com.br\/#organization"},"image":{"@id":"https:\/\/ubirataonline.com.br\/camara-aprova-criacao-das-novas-universidades-federais-de-ciencia-e-inovacao-em-minas-gerais-e-no-rio-de-janeiro\/#primaryimage"},"thumbnailUrl":"https:\/\/ubirataonline.com.br\/wp-content\/uploads\/2026\/09\/maaimg-post-170089-20260902-205942.webp","articleSection":["Brasil"],"inLanguage":"en-US","copyrightYear":"2026","copyrightHolder":{"@id":"https:\/\/ubirataonline.com.br\/en\/#organization"}},{"@type":"WebPage","@id":"https:\/\/ubirataonline.com.br\/camara-aprova-criacao-das-novas-universidades-federais-de-ciencia-e-inovacao-em-minas-gerais-e-no-rio-de-janeiro\/","url":"https:\/\/ubirataonline.com.br\/camara-aprova-criacao-das-novas-universidades-federais-de-ciencia-e-inovacao-em-minas-gerais-e-no-rio-de-janeiro\/","name":"C\u00e2mara aprova cria\u00e7\u00e3o das novas Universidades Federais de Ci\u00eancia e Inova\u00e7\u00e3o em Minas Gerais e no Rio de Janeiro - Ubirat\u00e3 Online Not\u00edcias - A realidade ao seu alcance!","isPartOf":{"@id":"https:\/\/ubirataonline.com.br\/#website"},"primaryImageOfPage":{"@id":"https:\/\/ubirataonline.com.br\/camara-aprova-criacao-das-novas-universidades-federais-de-ciencia-e-inovacao-em-minas-gerais-e-no-rio-de-janeiro\/#primaryimage"},"image":{"@id":"https:\/\/ubirataonline.com.br\/camara-aprova-criacao-das-novas-universidades-federais-de-ciencia-e-inovacao-em-minas-gerais-e-no-rio-de-janeiro\/#primaryimage"},"thumbnailUrl":"https:\/\/ubirataonline.com.br\/wp-content\/uploads\/2026\/09\/maaimg-post-170089-20260902-205942.webp","datePublished":"2026-09-02T20:59:23+00:00","description":"A C\u00e2mara dos Deputados aprovou, nesta quarta-feira (2), o projeto que transforma os atuais centros federais de educa\u00e7\u00e3o tecnol\u00f3gica em novas","breadcrumb":{"@id":"https:\/\/ubirataonline.com.br\/camara-aprova-criacao-das-novas-universidades-federais-de-ciencia-e-inovacao-em-minas-gerais-e-no-rio-de-janeiro\/#breadcrumb"},"inLanguage":"en-US","potentialAction":[{"@type":"ReadAction","target":["https:\/\/ubirataonline.com.br\/camara-aprova-criacao-das-novas-universidades-federais-de-ciencia-e-inovacao-em-minas-gerais-e-no-rio-de-janeiro\/"]}]},{"@type":"ImageObject","inLanguage":"en-US","@id":"https:\/\/ubirataonline.com.br\/camara-aprova-criacao-das-novas-universidades-federais-de-ciencia-e-inovacao-em-minas-gerais-e-no-rio-de-janeiro\/#primaryimage","url":"https:\/\/ubirataonline.com.br\/wp-content\/uploads\/2026\/09\/maaimg-post-170089-20260902-205942.webp","contentUrl":"https:\/\/ubirataonline.com.br\/wp-content\/uploads\/2026\/09\/maaimg-post-170089-20260902-205942.webp","width":1536,"height":1024,"caption":"Imagem ilustrativa Gerada por IA"},{"@type":"BreadcrumbList","@id":"https:\/\/ubirataonline.com.br\/camara-aprova-criacao-das-novas-universidades-federais-de-ciencia-e-inovacao-em-minas-gerais-e-no-rio-de-janeiro\/#breadcrumb","itemListElement":[{"@type":"ListItem","position":1,"name":"In\u00edcio","item":"https:\/\/ubirataonline.com.br\/"},{"@type":"ListItem","position":2,"name":"C\u00e2mara aprova cria\u00e7\u00e3o das novas Universidades Federais de Ci\u00eancia e Inova\u00e7\u00e3o em Minas Gerais e no Rio de Janeiro"}]},{"@type":"WebSite","@id":"https:\/\/ubirataonline.com.br\/#website","url":"https:\/\/ubirataonline.com.br\/","name":"Ubirat\u00e3 Online Not\u00edcias","description":"Not\u00edcias de Ubirat\u00e3, regi\u00e3o, Brasil e mundo, com informa\u00e7\u00e3o atualizada e compromisso com o leitor.","publisher":{"@id":"https:\/\/ubirataonline.com.br\/#organization"},"alternateName":"Ubirat\u00e3 Online","potentialAction":[{"@type":"SearchAction","target":{"@type":"EntryPoint","urlTemplate":"https:\/\/ubirataonline.com.br\/?s={search_term_string}"},"query-input":{"@type":"PropertyValueSpecification","valueRequired":true,"valueName":"search_term_string"}}],"inLanguage":"en-US"},{"@type":["Organization","Place"],"@id":"https:\/\/ubirataonline.com.br\/#organization","name":"Ubirat\u00e3 Online Not\u00edcias","alternateName":"Ubirat\u00e3 Online","url":"https:\/\/ubirataonline.com.br\/","logo":{"@id":"https:\/\/ubirataonline.com.br\/camara-aprova-criacao-das-novas-universidades-federais-de-ciencia-e-inovacao-em-minas-gerais-e-no-rio-de-janeiro\/#local-main-organization-logo"},"image":{"@id":"https:\/\/ubirataonline.com.br\/camara-aprova-criacao-das-novas-universidades-federais-de-ciencia-e-inovacao-em-minas-gerais-e-no-rio-de-janeiro\/#local-main-organization-logo"},"sameAs":["https:\/\/www.facebook.com\/portalubirataonline","https:\/\/x.com\/ubirataonline","https:\/\/mastodon.social\/@ubirataonline","https:\/\/www.facebook.com\/groups\/311144672285604","https:\/\/www.facebook.com\/UBTAOnline","https:\/\/www.instagram.com\/portalubirataonline\/","https:\/\/twitter.com\/ubirataonline"],"description":"Somos um portal de not\u00edcias independente, criado em 5 de janeiro de 2009, com o objetivo de informar, conectar e valorizar a nossa comunidade de Ubirat\u00e3 e toda aregi\u00e3o. Com conte\u00fado atualizado, confi\u00e1vel e relevante, o Ubirat\u00e3 Online \u00e9 o seu espa\u00e7o para ficar por dentro dos principais acontecimentos locais, regionais, Brasil, Mundo e de interesse geral. Nosso compromisso \u00e9 com a verdade, a transpar\u00eancia e o respeito ao leitor.","legalName":"UBIRATA ONLINE NOT\u00cdCIAS","foundingDate":"2009-01-05","numberOfEmployees":{"@type":"QuantitativeValue","minValue":"1","maxValue":"10"},"publishingPrinciples":"https:\/\/ubirataonline.com.br\/faq\/","address":{"@id":"https:\/\/ubirataonline.com.br\/camara-aprova-criacao-das-novas-universidades-federais-de-ciencia-e-inovacao-em-minas-gerais-e-no-rio-de-janeiro\/#local-main-place-address"},"geo":{"@type":"GeoCoordinates","latitude":"-24.5361401","longitude":"-52.9921776"},"telephone":["+5544998308235"],"contactPoint":{"@type":"ContactPoint","email":"contato@ubirataonline.com.br"},"openingHoursSpecification":{"@type":"OpeningHoursSpecification","dayOfWeek":["Monday","Tuesday","Wednesday","Thursday","Friday","Saturday","Sunday"],"opens":"00:00","closes":"23:59"},"email":"contato@ubirataonline.com.br","vatID":"47.621.418\/0001-80"},{"@type":"Person","@id":"https:\/\/ubirataonline.com.br\/#\/schema\/person\/372f87bbd3fdd79b8556b84c98d0bc1c","name":"REDA\u00c7\u00c3O: UBIRAT\u00c3 ONLINE - F\u00c1BIO AUGUSTO CELESTINO","pronouns":"Ele","description":"Desde 2003 trabalhando com not\u00edcias.","sameAs":["http:\/\/ubirataoline.com.br","https:\/\/www.facebook.com\/portalubirataonline","https:\/\/www.instagram.com\/ubirataonline_oficial","https:\/\/x.com\/x.com\/ubirataonline"],"honorificPrefix":"Mr.","honorificSuffix":"MD","birthDate":"1980-06-16","gender":"masculino","award":["V\u00e1rios pr\u00eamios de melhor portal da cidade"],"jobTitle":"Diretor","url":"https:\/\/ubirataonline.com.br\/en\/author\/ubirataonline\/"},{"@type":"PostalAddress","@id":"https:\/\/ubirataonline.com.br\/camara-aprova-criacao-das-novas-universidades-federais-de-ciencia-e-inovacao-em-minas-gerais-e-no-rio-de-janeiro\/#local-main-place-address","streetAddress":"Rua dos Coqueiros, 104 - Bairro Boa Vista, Rua dos Coqueiros, 104 Bairro Boa Vista","addressLocality":"UBIRATA","postalCode":"85440-000","addressRegion":"PR","addressCountry":"BR"},{"@type":"ImageObject","inLanguage":"en-US","@id":"https:\/\/ubirataonline.com.br\/camara-aprova-criacao-das-novas-universidades-federais-de-ciencia-e-inovacao-em-minas-gerais-e-no-rio-de-janeiro\/#local-main-organization-logo","url":"https:\/\/ubirataonline.com.br\/wp-content\/uploads\/2026\/06\/logoubirataonline-1.webp","contentUrl":"https:\/\/ubirataonline.com.br\/wp-content\/uploads\/2026\/06\/logoubirataonline-1.webp","width":500,"height":500,"caption":"Ubirat\u00e3 Online Not\u00edcias"}]},"geo.placename":"UBIRATA","geo.position":{"lat":"-24.5361401","long":"-52.9921776"},"geo.region":"Brazil"},"_links":{"self":[{"href":"https:\/\/ubirataonline.com.br\/en\/wp-json\/wp\/v2\/posts\/170089","targetHints":{"allow":["GET"]}}],"collection":[{"href":"https:\/\/ubirataonline.com.br\/en\/wp-json\/wp\/v2\/posts"}],"about":[{"href":"https:\/\/ubirataonline.com.br\/en\/wp-json\/wp\/v2\/types\/post"}],"author":[{"embeddable":true,"href":"https:\/\/ubirataonline.com.br\/en\/wp-json\/wp\/v2\/users\/1"}],"replies":[{"embeddable":true,"href":"https:\/\/ubirataonline.com.br\/en\/wp-json\/wp\/v2\/comments?post=170089"}],"version-history":[{"count":0,"href":"https:\/\/ubirataonline.com.br\/en\/wp-json\/wp\/v2\/posts\/170089\/revisions"}],"wp:featuredmedia":[{"embeddable":true,"href":"https:\/\/ubirataonline.com.br\/en\/wp-json\/wp\/v2\/media\/170090"}],"wp:attachment":[{"href":"https:\/\/ubirataonline.com.br\/en\/wp-json\/wp\/v2\/media?parent=170089"}],"wp:term":[{"taxonomy":"category","embeddable":true,"href":"https:\/\/ubirataonline.com.br\/en\/wp-json\/wp\/v2\/categories?post=170089"},{"taxonomy":"post_tag","embeddable":true,"href":"https:\/\/ubirataonline.com.br\/en\/wp-json\/wp\/v2\/tags?post=170089"}],"curies":[{"name":"wp","href":"https:\/\/api.w.org\/{rel}","templated":true}]}}