{"id":170093,"date":"2026-09-02T18:14:53","date_gmt":"2026-09-02T21:14:53","guid":{"rendered":"https:\/\/ubirataonline.com.br\/joao-silva-rescinde-com-o-sport-e-tem-saida-oficializada-no-bid-apos-acordo-entre-as-partes\/"},"modified":"2026-09-02T18:14:53","modified_gmt":"2026-09-02T21:14:53","slug":"joao-silva-rescinde-com-o-sport-e-tem-saida-oficializada-no-bid-apos-acordo-entre-as-partes","status":"publish","type":"post","link":"https:\/\/ubirataonline.com.br\/en\/joao-silva-rescinde-com-o-sport-e-tem-saida-oficializada-no-bid-apos-acordo-entre-as-partes\/","title":{"rendered":"Jo\u00e3o Silva rescinde com o Sport e tem sa\u00edda oficializada no BID ap\u00f3s acordo entre as partes"},"content":{"rendered":"<h2>O zagueiro Jo\u00e3o Silva teve sua rescis\u00e3o contratual com o Sport oficializada nesta quinta-feira, ap\u00f3s o nome do atleta aparecer no Boletim Informativo Di\u00e1rio da CBF.<\/h2>\n<p>A oficializa\u00e7\u00e3o marca o encerramento do v\u00ednculo do defensor portugu\u00eas com o clube rubro-negro, conforme informa\u00e7\u00e3o divulgada pelo ge. A decis\u00e3o ocorre ap\u00f3s semanas de tratativas entre a diretoria e o jogador para a resolu\u00e7\u00e3o definitiva da situa\u00e7\u00e3o.<\/p>\n<p>Conforme apurado pelo ge, o processo de sa\u00edda foi amig\u00e1vel e envolveu concess\u00f5es de ambos os lados. O atleta optou por abrir m\u00e3o de uma parte dos valores que tinha a receber, enquanto o clube se comprometeu a quitar as pend\u00eancias financeiras restantes em 24 parcelas.<\/p>\n<p>Os detalhes completos deste acordo devem ser disponibilizados em breve atrav\u00e9s do Portal da Transpar\u00eancia do Sport, oferecendo clareza sobre os termos firmados para a rescis\u00e3o do contrato que originalmente iria at\u00e9 o final de 2027.<\/p>\n<h3>Contexto da sa\u00edda e planos do clube<\/h3>\n<p>A sa\u00edda de <b>Jo\u00e3o Silva<\/b> j\u00e1 era esperada pelos bastidores do clube. Em agosto, a gest\u00e3o do <b>Sport<\/b> havia comunicado publicamente que trabalhava em uma solu\u00e7\u00e3o para o futuro do jogador, que retornava de um per\u00edodo de empr\u00e9stimo ao futebol portugu\u00eas.<\/p>\n<h3>Trajet\u00f3ria de Jo\u00e3o Silva no Le\u00e3o<\/h3>\n<p>Contratado em 2025, o defensor chegou ao Recife com a expectativa de assumir a titularidade na zaga rubro-negra. O atleta iniciou sua trajet\u00f3ria no clube entre os onze iniciais, mas perdeu espa\u00e7o ao longo da temporada.<\/p>\n<p>Durante sua passagem, <b>Jo\u00e3o Silva<\/b> acumulou 22 partidas disputadas com a camisa do <b>Sport<\/b> e anotou um gol. Na reta final de sua perman\u00eancia, ele passou a figurar no banco de reservas durante a disputa do Campeonato Brasileiro.<\/p>\n<h3>FAQ: Perguntas e Respostas<\/h3>\n<p><b>Por que o nome de Jo\u00e3o Silva apareceu no BID?<\/b><br \/>O nome do atleta foi publicado no Boletim Informativo Di\u00e1rio da CBF para oficializar a rescis\u00e3o contratual com o Sport.<\/p>\n<p><b>O acordo envolveu pagamento de d\u00edvidas?<\/b><br \/>Sim, o clube acertou o pagamento de valores devidos ao atleta, que ser\u00e3o quitados em 24 parcelas, segundo ge.<\/p>\n<p><b>O jogador abriu m\u00e3o de algum valor?<\/b><br \/>Sim, o zagueiro concordou em abdicar de parte do montante que tinha a receber para facilitar o encerramento do v\u00ednculo.<\/p>\n<p><b>At\u00e9 quando ia o contrato original?<\/b><br \/>O contrato de Jo\u00e3o Silva com o Sport tinha validade prevista at\u00e9 o final de 2027, mas foi encerrado de forma antecipada.<\/p>\n<p><b>Quantos jogos ele fez pelo clube?<\/b><br \/>Ao longo de sua passagem pelo Le\u00e3o, o defensor participou de 22 partidas e marcou um gol.<\/p>","protected":false},"excerpt":{"rendered":"<p>O zagueiro Jo\u00e3o Silva teve sua rescis\u00e3o contratual com o Sport oficializada nesta quinta-feira, ap\u00f3s o nome do atleta aparecer no Boletim Informativo Di\u00e1rio da CBF. A oficializa\u00e7\u00e3o marca o encerramento do v\u00ednculo do defensor portugu\u00eas com o clube rubro-negro, conforme informa\u00e7\u00e3o divulgada pelo ge. A decis\u00e3o ocorre ap\u00f3s semanas de tratativas entre a diretoria [&hellip;]<\/p>\n","protected":false},"author":1,"featured_media":170094,"comment_status":"","ping_status":"","sticky":false,"template":"","format":"standard","meta":{"googlesitekit_rrm_CAow2JLhCw:productID":"","_gspb_post_css":"","maa_idioma":"","maa_pais":"","footnotes":""},"categories":[40744],"tags":[],"class_list":["post-170093","post","type-post","status-publish","format-standard","has-post-thumbnail","hentry","category-esportes"],"blocksy_meta":[],"yoast_head":"<!-- This site is optimized with the Yoast SEO Premium plugin v27.6 (Yoast SEO v27.6) - https:\/\/yoast.com\/product\/yoast-seo-premium-wordpress\/ -->\n<title>Jo\u00e3o Silva rescinde com o Sport e tem sa\u00edda oficializada no BID ap\u00f3s acordo entre as partes - Ubirat\u00e3 Online Not\u00edcias - A realidade ao seu alcance!<\/title>\n<meta name=\"description\" content=\"O zagueiro Jo\u00e3o Silva teve sua rescis\u00e3o contratual com o Sport oficializada nesta quinta-feira, ap\u00f3s o nome do atleta aparecer no Boletim Informativo\" \/>\n<meta name=\"robots\" content=\"index, follow, max-snippet:-1, max-image-preview:large, max-video-preview:-1\" \/>\n<link rel=\"canonical\" href=\"https:\/\/ubirataonline.com.br\/en\/joao-silva-rescinde-com-o-sport-e-tem-saida-oficializada-no-bid-apos-acordo-entre-as-partes\/\" \/>\n<meta property=\"og:locale\" content=\"en_US\" \/>\n<meta property=\"og:type\" content=\"article\" \/>\n<meta property=\"og:title\" content=\"Jo\u00e3o Silva rescinde com o Sport e tem sa\u00edda oficializada no BID ap\u00f3s acordo entre as partes\" \/>\n<meta property=\"og:description\" content=\"O zagueiro Jo\u00e3o Silva teve sua rescis\u00e3o contratual com o Sport oficializada nesta quinta-feira, ap\u00f3s o nome do atleta aparecer no Boletim Informativo\" \/>\n<meta property=\"og:url\" content=\"https:\/\/ubirataonline.com.br\/en\/joao-silva-rescinde-com-o-sport-e-tem-saida-oficializada-no-bid-apos-acordo-entre-as-partes\/\" \/>\n<meta property=\"og:site_name\" content=\"Ubirat\u00e3 Online Not\u00edcias - A realidade ao seu alcance!\" \/>\n<meta property=\"article:publisher\" content=\"https:\/\/www.facebook.com\/portalubirataonline\" \/>\n<meta property=\"article:author\" content=\"https:\/\/www.facebook.com\/portalubirataonline\" \/>\n<meta property=\"article:published_time\" content=\"2026-09-02T21:14:53+00:00\" \/>\n<meta property=\"og:image\" content=\"https:\/\/ubirataonline.com.br\/wp-content\/uploads\/2026\/05\/logo2026.webp\" \/>\n\t<meta property=\"og:image:width\" content=\"1531\" \/>\n\t<meta property=\"og:image:height\" content=\"418\" \/>\n\t<meta property=\"og:image:type\" content=\"image\/webp\" \/>\n<meta name=\"author\" content=\"REDA\u00c7\u00c3O: UBIRAT\u00c3 ONLINE - F\u00c1BIO AUGUSTO CELESTINO\" \/>\n<meta name=\"twitter:card\" content=\"summary_large_image\" \/>\n<meta name=\"twitter:creator\" content=\"@x.com\/ubirataonline\" \/>\n<meta name=\"twitter:site\" content=\"@ubirataonline\" \/>\n<meta name=\"twitter:label1\" content=\"Written by\" \/>\n\t<meta name=\"twitter:data1\" content=\"REDA\u00c7\u00c3O: UBIRAT\u00c3 ONLINE - F\u00c1BIO AUGUSTO CELESTINO\" \/>\n\t<meta name=\"twitter:label2\" content=\"Est. reading time\" \/>\n\t<meta name=\"twitter:data2\" content=\"2 minutes\" \/>\n<script type=\"application\/ld+json\" class=\"yoast-schema-graph\">{\"@context\":\"https:\\\/\\\/schema.org\",\"@graph\":[{\"@type\":\"NewsArticle\",\"@id\":\"https:\\\/\\\/ubirataonline.com.br\\\/joao-silva-rescinde-com-o-sport-e-tem-saida-oficializada-no-bid-apos-acordo-entre-as-partes\\\/#article\",\"isPartOf\":{\"@id\":\"https:\\\/\\\/ubirataonline.com.br\\\/joao-silva-rescinde-com-o-sport-e-tem-saida-oficializada-no-bid-apos-acordo-entre-as-partes\\\/\"},\"author\":{\"name\":\"REDA\u00c7\u00c3O: UBIRAT\u00c3 ONLINE - F\u00c1BIO AUGUSTO CELESTINO\",\"@id\":\"https:\\\/\\\/ubirataonline.com.br\\\/#\\\/schema\\\/person\\\/372f87bbd3fdd79b8556b84c98d0bc1c\"},\"headline\":\"Jo\u00e3o Silva rescinde com o Sport e tem sa\u00edda oficializada no BID ap\u00f3s acordo entre as partes\",\"datePublished\":\"2026-09-02T21:14:53+00:00\",\"mainEntityOfPage\":{\"@id\":\"https:\\\/\\\/ubirataonline.com.br\\\/joao-silva-rescinde-com-o-sport-e-tem-saida-oficializada-no-bid-apos-acordo-entre-as-partes\\\/\"},\"wordCount\":468,\"publisher\":{\"@id\":\"https:\\\/\\\/ubirataonline.com.br\\\/#organization\"},\"image\":{\"@id\":\"https:\\\/\\\/ubirataonline.com.br\\\/joao-silva-rescinde-com-o-sport-e-tem-saida-oficializada-no-bid-apos-acordo-entre-as-partes\\\/#primaryimage\"},\"thumbnailUrl\":\"https:\\\/\\\/ubirataonline.com.br\\\/wp-content\\\/uploads\\\/2026\\\/09\\\/maaimg-post-170093-20260902-211517.webp\",\"articleSection\":[\"Esportes\"],\"inLanguage\":\"en-US\",\"copyrightYear\":\"2026\",\"copyrightHolder\":{\"@id\":\"https:\\\/\\\/ubirataonline.com.br\\\/en\\\/#organization\"}},{\"@type\":\"WebPage\",\"@id\":\"https:\\\/\\\/ubirataonline.com.br\\\/joao-silva-rescinde-com-o-sport-e-tem-saida-oficializada-no-bid-apos-acordo-entre-as-partes\\\/\",\"url\":\"https:\\\/\\\/ubirataonline.com.br\\\/joao-silva-rescinde-com-o-sport-e-tem-saida-oficializada-no-bid-apos-acordo-entre-as-partes\\\/\",\"name\":\"Jo\u00e3o Silva rescinde com o Sport e tem sa\u00edda oficializada no BID ap\u00f3s acordo entre as partes - Ubirat\u00e3 Online Not\u00edcias - A realidade ao seu alcance!\",\"isPartOf\":{\"@id\":\"https:\\\/\\\/ubirataonline.com.br\\\/#website\"},\"primaryImageOfPage\":{\"@id\":\"https:\\\/\\\/ubirataonline.com.br\\\/joao-silva-rescinde-com-o-sport-e-tem-saida-oficializada-no-bid-apos-acordo-entre-as-partes\\\/#primaryimage\"},\"image\":{\"@id\":\"https:\\\/\\\/ubirataonline.com.br\\\/joao-silva-rescinde-com-o-sport-e-tem-saida-oficializada-no-bid-apos-acordo-entre-as-partes\\\/#primaryimage\"},\"thumbnailUrl\":\"https:\\\/\\\/ubirataonline.com.br\\\/wp-content\\\/uploads\\\/2026\\\/09\\\/maaimg-post-170093-20260902-211517.webp\",\"datePublished\":\"2026-09-02T21:14:53+00:00\",\"description\":\"O zagueiro Jo\u00e3o Silva teve sua rescis\u00e3o contratual com o Sport oficializada nesta quinta-feira, ap\u00f3s o nome do atleta aparecer no Boletim Informativo\",\"breadcrumb\":{\"@id\":\"https:\\\/\\\/ubirataonline.com.br\\\/joao-silva-rescinde-com-o-sport-e-tem-saida-oficializada-no-bid-apos-acordo-entre-as-partes\\\/#breadcrumb\"},\"inLanguage\":\"en-US\",\"potentialAction\":[{\"@type\":\"ReadAction\",\"target\":[\"https:\\\/\\\/ubirataonline.com.br\\\/joao-silva-rescinde-com-o-sport-e-tem-saida-oficializada-no-bid-apos-acordo-entre-as-partes\\\/\"]}]},{\"@type\":\"ImageObject\",\"inLanguage\":\"en-US\",\"@id\":\"https:\\\/\\\/ubirataonline.com.br\\\/joao-silva-rescinde-com-o-sport-e-tem-saida-oficializada-no-bid-apos-acordo-entre-as-partes\\\/#primaryimage\",\"url\":\"https:\\\/\\\/ubirataonline.com.br\\\/wp-content\\\/uploads\\\/2026\\\/09\\\/maaimg-post-170093-20260902-211517.webp\",\"contentUrl\":\"https:\\\/\\\/ubirataonline.com.br\\\/wp-content\\\/uploads\\\/2026\\\/09\\\/maaimg-post-170093-20260902-211517.webp\",\"width\":1536,\"height\":1024,\"caption\":\"Imagem ilustrativa Gerada por IA\"},{\"@type\":\"BreadcrumbList\",\"@id\":\"https:\\\/\\\/ubirataonline.com.br\\\/joao-silva-rescinde-com-o-sport-e-tem-saida-oficializada-no-bid-apos-acordo-entre-as-partes\\\/#breadcrumb\",\"itemListElement\":[{\"@type\":\"ListItem\",\"position\":1,\"name\":\"In\u00edcio\",\"item\":\"https:\\\/\\\/ubirataonline.com.br\\\/\"},{\"@type\":\"ListItem\",\"position\":2,\"name\":\"Jo\u00e3o Silva rescinde com o Sport e tem sa\u00edda oficializada no BID ap\u00f3s acordo entre as partes\"}]},{\"@type\":\"WebSite\",\"@id\":\"https:\\\/\\\/ubirataonline.com.br\\\/#website\",\"url\":\"https:\\\/\\\/ubirataonline.com.br\\\/\",\"name\":\"Ubirat\u00e3 Online Not\u00edcias\",\"description\":\"Not\u00edcias de Ubirat\u00e3, regi\u00e3o, Brasil e mundo, com informa\u00e7\u00e3o atualizada e compromisso com o leitor.\",\"publisher\":{\"@id\":\"https:\\\/\\\/ubirataonline.com.br\\\/#organization\"},\"alternateName\":\"Ubirat\u00e3 Online\",\"potentialAction\":[{\"@type\":\"SearchAction\",\"target\":{\"@type\":\"EntryPoint\",\"urlTemplate\":\"https:\\\/\\\/ubirataonline.com.br\\\/?s={search_term_string}\"},\"query-input\":{\"@type\":\"PropertyValueSpecification\",\"valueRequired\":true,\"valueName\":\"search_term_string\"}}],\"inLanguage\":\"en-US\"},{\"@type\":[\"Organization\",\"Place\"],\"@id\":\"https:\\\/\\\/ubirataonline.com.br\\\/#organization\",\"name\":\"Ubirat\u00e3 Online Not\u00edcias\",\"alternateName\":\"Ubirat\u00e3 Online\",\"url\":\"https:\\\/\\\/ubirataonline.com.br\\\/\",\"logo\":{\"@id\":\"https:\\\/\\\/ubirataonline.com.br\\\/joao-silva-rescinde-com-o-sport-e-tem-saida-oficializada-no-bid-apos-acordo-entre-as-partes\\\/#local-main-organization-logo\"},\"image\":{\"@id\":\"https:\\\/\\\/ubirataonline.com.br\\\/joao-silva-rescinde-com-o-sport-e-tem-saida-oficializada-no-bid-apos-acordo-entre-as-partes\\\/#local-main-organization-logo\"},\"sameAs\":[\"https:\\\/\\\/www.facebook.com\\\/portalubirataonline\",\"https:\\\/\\\/x.com\\\/ubirataonline\",\"https:\\\/\\\/mastodon.social\\\/@ubirataonline\",\"https:\\\/\\\/www.facebook.com\\\/groups\\\/311144672285604\",\"https:\\\/\\\/www.facebook.com\\\/UBTAOnline\",\"https:\\\/\\\/www.instagram.com\\\/portalubirataonline\\\/\",\"https:\\\/\\\/twitter.com\\\/ubirataonline\"],\"description\":\"Somos um portal de not\u00edcias independente, criado em 5 de janeiro de 2009, com o objetivo de informar, conectar e valorizar a nossa comunidade de Ubirat\u00e3 e toda aregi\u00e3o. Com conte\u00fado atualizado, confi\u00e1vel e relevante, o Ubirat\u00e3 Online \u00e9 o seu espa\u00e7o para ficar por dentro dos principais acontecimentos locais, regionais, Brasil, Mundo e de interesse geral. Nosso compromisso \u00e9 com a verdade, a transpar\u00eancia e o respeito ao leitor.\",\"legalName\":\"UBIRATA ONLINE NOT\u00cdCIAS\",\"foundingDate\":\"2009-01-05\",\"numberOfEmployees\":{\"@type\":\"QuantitativeValue\",\"minValue\":\"1\",\"maxValue\":\"10\"},\"publishingPrinciples\":\"https:\\\/\\\/ubirataonline.com.br\\\/faq\\\/\",\"address\":{\"@id\":\"https:\\\/\\\/ubirataonline.com.br\\\/joao-silva-rescinde-com-o-sport-e-tem-saida-oficializada-no-bid-apos-acordo-entre-as-partes\\\/#local-main-place-address\"},\"geo\":{\"@type\":\"GeoCoordinates\",\"latitude\":\"-24.5361401\",\"longitude\":\"-52.9921776\"},\"telephone\":[\"+5544998308235\"],\"contactPoint\":{\"@type\":\"ContactPoint\",\"email\":\"contato@ubirataonline.com.br\"},\"openingHoursSpecification\":{\"@type\":\"OpeningHoursSpecification\",\"dayOfWeek\":[\"Monday\",\"Tuesday\",\"Wednesday\",\"Thursday\",\"Friday\",\"Saturday\",\"Sunday\"],\"opens\":\"00:00\",\"closes\":\"23:59\"},\"email\":\"contato@ubirataonline.com.br\",\"vatID\":\"47.621.418\\\/0001-80\"},{\"@type\":\"Person\",\"@id\":\"https:\\\/\\\/ubirataonline.com.br\\\/#\\\/schema\\\/person\\\/372f87bbd3fdd79b8556b84c98d0bc1c\",\"name\":\"REDA\u00c7\u00c3O: UBIRAT\u00c3 ONLINE - F\u00c1BIO AUGUSTO CELESTINO\",\"pronouns\":\"Ele\",\"description\":\"Desde 2003 trabalhando com not\u00edcias.\",\"sameAs\":[\"http:\\\/\\\/ubirataoline.com.br\",\"https:\\\/\\\/www.facebook.com\\\/portalubirataonline\",\"https:\\\/\\\/www.instagram.com\\\/ubirataonline_oficial\",\"https:\\\/\\\/x.com\\\/x.com\\\/ubirataonline\"],\"honorificPrefix\":\"Mr.\",\"honorificSuffix\":\"MD\",\"birthDate\":\"1980-06-16\",\"gender\":\"masculino\",\"award\":[\"V\u00e1rios pr\u00eamios de melhor portal da cidade\"],\"jobTitle\":\"Diretor\",\"url\":\"https:\\\/\\\/ubirataonline.com.br\\\/en\\\/author\\\/ubirataonline\\\/\"},{\"@type\":\"PostalAddress\",\"@id\":\"https:\\\/\\\/ubirataonline.com.br\\\/joao-silva-rescinde-com-o-sport-e-tem-saida-oficializada-no-bid-apos-acordo-entre-as-partes\\\/#local-main-place-address\",\"streetAddress\":\"Rua dos Coqueiros, 104 - Bairro Boa Vista, Rua dos Coqueiros, 104 Bairro Boa Vista\",\"addressLocality\":\"UBIRATA\",\"postalCode\":\"85440-000\",\"addressRegion\":\"PR\",\"addressCountry\":\"BR\"},{\"@type\":\"ImageObject\",\"inLanguage\":\"en-US\",\"@id\":\"https:\\\/\\\/ubirataonline.com.br\\\/joao-silva-rescinde-com-o-sport-e-tem-saida-oficializada-no-bid-apos-acordo-entre-as-partes\\\/#local-main-organization-logo\",\"url\":\"https:\\\/\\\/ubirataonline.com.br\\\/wp-content\\\/uploads\\\/2026\\\/06\\\/logoubirataonline-1.webp\",\"contentUrl\":\"https:\\\/\\\/ubirataonline.com.br\\\/wp-content\\\/uploads\\\/2026\\\/06\\\/logoubirataonline-1.webp\",\"width\":500,\"height\":500,\"caption\":\"Ubirat\u00e3 Online Not\u00edcias\"}]}<\/script>\n<meta name=\"geo.placename\" content=\"UBIRATA\" \/>\n<meta name=\"geo.position\" content=\"-24.5361401;-52.9921776\" \/>\n<meta name=\"geo.region\" content=\"Brazil\" \/>\n<!-- \/ Yoast SEO Premium plugin. -->","yoast_head_json":{"title":"Jo\u00e3o Silva rescinde com o Sport e tem sa\u00edda oficializada no BID ap\u00f3s acordo entre as partes - Ubirat\u00e3 Online Not\u00edcias - A realidade ao seu alcance!","description":"O zagueiro Jo\u00e3o Silva teve sua rescis\u00e3o contratual com o Sport oficializada nesta quinta-feira, ap\u00f3s o nome do atleta aparecer no Boletim Informativo","robots":{"index":"index","follow":"follow","max-snippet":"max-snippet:-1","max-image-preview":"max-image-preview:large","max-video-preview":"max-video-preview:-1"},"canonical":"https:\/\/ubirataonline.com.br\/en\/joao-silva-rescinde-com-o-sport-e-tem-saida-oficializada-no-bid-apos-acordo-entre-as-partes\/","og_locale":"en_US","og_type":"article","og_title":"Jo\u00e3o Silva rescinde com o Sport e tem sa\u00edda oficializada no BID ap\u00f3s acordo entre as partes","og_description":"O zagueiro Jo\u00e3o Silva teve sua rescis\u00e3o contratual com o Sport oficializada nesta quinta-feira, ap\u00f3s o nome do atleta aparecer no Boletim Informativo","og_url":"https:\/\/ubirataonline.com.br\/en\/joao-silva-rescinde-com-o-sport-e-tem-saida-oficializada-no-bid-apos-acordo-entre-as-partes\/","og_site_name":"Ubirat\u00e3 Online Not\u00edcias - A realidade ao seu alcance!","article_publisher":"https:\/\/www.facebook.com\/portalubirataonline","article_author":"https:\/\/www.facebook.com\/portalubirataonline","article_published_time":"2026-09-02T21:14:53+00:00","og_image":[{"width":1531,"height":418,"url":"https:\/\/ubirataonline.com.br\/wp-content\/uploads\/2026\/05\/logo2026.webp","type":"image\/webp"}],"author":"REDA\u00c7\u00c3O: UBIRAT\u00c3 ONLINE - F\u00c1BIO AUGUSTO CELESTINO","twitter_card":"summary_large_image","twitter_creator":"@x.com\/ubirataonline","twitter_site":"@ubirataonline","twitter_misc":{"Written by":"REDA\u00c7\u00c3O: UBIRAT\u00c3 ONLINE - F\u00c1BIO AUGUSTO CELESTINO","Est. reading time":"2 minutes"},"schema":{"@context":"https:\/\/schema.org","@graph":[{"@type":"NewsArticle","@id":"https:\/\/ubirataonline.com.br\/joao-silva-rescinde-com-o-sport-e-tem-saida-oficializada-no-bid-apos-acordo-entre-as-partes\/#article","isPartOf":{"@id":"https:\/\/ubirataonline.com.br\/joao-silva-rescinde-com-o-sport-e-tem-saida-oficializada-no-bid-apos-acordo-entre-as-partes\/"},"author":{"name":"REDA\u00c7\u00c3O: UBIRAT\u00c3 ONLINE - F\u00c1BIO AUGUSTO CELESTINO","@id":"https:\/\/ubirataonline.com.br\/#\/schema\/person\/372f87bbd3fdd79b8556b84c98d0bc1c"},"headline":"Jo\u00e3o Silva rescinde com o Sport e tem sa\u00edda oficializada no BID ap\u00f3s acordo entre as partes","datePublished":"2026-09-02T21:14:53+00:00","mainEntityOfPage":{"@id":"https:\/\/ubirataonline.com.br\/joao-silva-rescinde-com-o-sport-e-tem-saida-oficializada-no-bid-apos-acordo-entre-as-partes\/"},"wordCount":468,"publisher":{"@id":"https:\/\/ubirataonline.com.br\/#organization"},"image":{"@id":"https:\/\/ubirataonline.com.br\/joao-silva-rescinde-com-o-sport-e-tem-saida-oficializada-no-bid-apos-acordo-entre-as-partes\/#primaryimage"},"thumbnailUrl":"https:\/\/ubirataonline.com.br\/wp-content\/uploads\/2026\/09\/maaimg-post-170093-20260902-211517.webp","articleSection":["Esportes"],"inLanguage":"en-US","copyrightYear":"2026","copyrightHolder":{"@id":"https:\/\/ubirataonline.com.br\/en\/#organization"}},{"@type":"WebPage","@id":"https:\/\/ubirataonline.com.br\/joao-silva-rescinde-com-o-sport-e-tem-saida-oficializada-no-bid-apos-acordo-entre-as-partes\/","url":"https:\/\/ubirataonline.com.br\/joao-silva-rescinde-com-o-sport-e-tem-saida-oficializada-no-bid-apos-acordo-entre-as-partes\/","name":"Jo\u00e3o Silva rescinde com o Sport e tem sa\u00edda oficializada no BID ap\u00f3s acordo entre as partes - Ubirat\u00e3 Online Not\u00edcias - A realidade ao seu alcance!","isPartOf":{"@id":"https:\/\/ubirataonline.com.br\/#website"},"primaryImageOfPage":{"@id":"https:\/\/ubirataonline.com.br\/joao-silva-rescinde-com-o-sport-e-tem-saida-oficializada-no-bid-apos-acordo-entre-as-partes\/#primaryimage"},"image":{"@id":"https:\/\/ubirataonline.com.br\/joao-silva-rescinde-com-o-sport-e-tem-saida-oficializada-no-bid-apos-acordo-entre-as-partes\/#primaryimage"},"thumbnailUrl":"https:\/\/ubirataonline.com.br\/wp-content\/uploads\/2026\/09\/maaimg-post-170093-20260902-211517.webp","datePublished":"2026-09-02T21:14:53+00:00","description":"O zagueiro Jo\u00e3o Silva teve sua rescis\u00e3o contratual com o Sport oficializada nesta quinta-feira, ap\u00f3s o nome do atleta aparecer no Boletim Informativo","breadcrumb":{"@id":"https:\/\/ubirataonline.com.br\/joao-silva-rescinde-com-o-sport-e-tem-saida-oficializada-no-bid-apos-acordo-entre-as-partes\/#breadcrumb"},"inLanguage":"en-US","potentialAction":[{"@type":"ReadAction","target":["https:\/\/ubirataonline.com.br\/joao-silva-rescinde-com-o-sport-e-tem-saida-oficializada-no-bid-apos-acordo-entre-as-partes\/"]}]},{"@type":"ImageObject","inLanguage":"en-US","@id":"https:\/\/ubirataonline.com.br\/joao-silva-rescinde-com-o-sport-e-tem-saida-oficializada-no-bid-apos-acordo-entre-as-partes\/#primaryimage","url":"https:\/\/ubirataonline.com.br\/wp-content\/uploads\/2026\/09\/maaimg-post-170093-20260902-211517.webp","contentUrl":"https:\/\/ubirataonline.com.br\/wp-content\/uploads\/2026\/09\/maaimg-post-170093-20260902-211517.webp","width":1536,"height":1024,"caption":"Imagem ilustrativa Gerada por IA"},{"@type":"BreadcrumbList","@id":"https:\/\/ubirataonline.com.br\/joao-silva-rescinde-com-o-sport-e-tem-saida-oficializada-no-bid-apos-acordo-entre-as-partes\/#breadcrumb","itemListElement":[{"@type":"ListItem","position":1,"name":"In\u00edcio","item":"https:\/\/ubirataonline.com.br\/"},{"@type":"ListItem","position":2,"name":"Jo\u00e3o Silva rescinde com o Sport e tem sa\u00edda oficializada no BID ap\u00f3s acordo entre as partes"}]},{"@type":"WebSite","@id":"https:\/\/ubirataonline.com.br\/#website","url":"https:\/\/ubirataonline.com.br\/","name":"Ubirat\u00e3 Online Not\u00edcias","description":"Not\u00edcias de Ubirat\u00e3, regi\u00e3o, Brasil e mundo, com informa\u00e7\u00e3o atualizada e compromisso com o leitor.","publisher":{"@id":"https:\/\/ubirataonline.com.br\/#organization"},"alternateName":"Ubirat\u00e3 Online","potentialAction":[{"@type":"SearchAction","target":{"@type":"EntryPoint","urlTemplate":"https:\/\/ubirataonline.com.br\/?s={search_term_string}"},"query-input":{"@type":"PropertyValueSpecification","valueRequired":true,"valueName":"search_term_string"}}],"inLanguage":"en-US"},{"@type":["Organization","Place"],"@id":"https:\/\/ubirataonline.com.br\/#organization","name":"Ubirat\u00e3 Online Not\u00edcias","alternateName":"Ubirat\u00e3 Online","url":"https:\/\/ubirataonline.com.br\/","logo":{"@id":"https:\/\/ubirataonline.com.br\/joao-silva-rescinde-com-o-sport-e-tem-saida-oficializada-no-bid-apos-acordo-entre-as-partes\/#local-main-organization-logo"},"image":{"@id":"https:\/\/ubirataonline.com.br\/joao-silva-rescinde-com-o-sport-e-tem-saida-oficializada-no-bid-apos-acordo-entre-as-partes\/#local-main-organization-logo"},"sameAs":["https:\/\/www.facebook.com\/portalubirataonline","https:\/\/x.com\/ubirataonline","https:\/\/mastodon.social\/@ubirataonline","https:\/\/www.facebook.com\/groups\/311144672285604","https:\/\/www.facebook.com\/UBTAOnline","https:\/\/www.instagram.com\/portalubirataonline\/","https:\/\/twitter.com\/ubirataonline"],"description":"Somos um portal de not\u00edcias independente, criado em 5 de janeiro de 2009, com o objetivo de informar, conectar e valorizar a nossa comunidade de Ubirat\u00e3 e toda aregi\u00e3o. Com conte\u00fado atualizado, confi\u00e1vel e relevante, o Ubirat\u00e3 Online \u00e9 o seu espa\u00e7o para ficar por dentro dos principais acontecimentos locais, regionais, Brasil, Mundo e de interesse geral. Nosso compromisso \u00e9 com a verdade, a transpar\u00eancia e o respeito ao leitor.","legalName":"UBIRATA ONLINE NOT\u00cdCIAS","foundingDate":"2009-01-05","numberOfEmployees":{"@type":"QuantitativeValue","minValue":"1","maxValue":"10"},"publishingPrinciples":"https:\/\/ubirataonline.com.br\/faq\/","address":{"@id":"https:\/\/ubirataonline.com.br\/joao-silva-rescinde-com-o-sport-e-tem-saida-oficializada-no-bid-apos-acordo-entre-as-partes\/#local-main-place-address"},"geo":{"@type":"GeoCoordinates","latitude":"-24.5361401","longitude":"-52.9921776"},"telephone":["+5544998308235"],"contactPoint":{"@type":"ContactPoint","email":"contato@ubirataonline.com.br"},"openingHoursSpecification":{"@type":"OpeningHoursSpecification","dayOfWeek":["Monday","Tuesday","Wednesday","Thursday","Friday","Saturday","Sunday"],"opens":"00:00","closes":"23:59"},"email":"contato@ubirataonline.com.br","vatID":"47.621.418\/0001-80"},{"@type":"Person","@id":"https:\/\/ubirataonline.com.br\/#\/schema\/person\/372f87bbd3fdd79b8556b84c98d0bc1c","name":"REDA\u00c7\u00c3O: UBIRAT\u00c3 ONLINE - F\u00c1BIO AUGUSTO CELESTINO","pronouns":"Ele","description":"Desde 2003 trabalhando com not\u00edcias.","sameAs":["http:\/\/ubirataoline.com.br","https:\/\/www.facebook.com\/portalubirataonline","https:\/\/www.instagram.com\/ubirataonline_oficial","https:\/\/x.com\/x.com\/ubirataonline"],"honorificPrefix":"Mr.","honorificSuffix":"MD","birthDate":"1980-06-16","gender":"masculino","award":["V\u00e1rios pr\u00eamios de melhor portal da cidade"],"jobTitle":"Diretor","url":"https:\/\/ubirataonline.com.br\/en\/author\/ubirataonline\/"},{"@type":"PostalAddress","@id":"https:\/\/ubirataonline.com.br\/joao-silva-rescinde-com-o-sport-e-tem-saida-oficializada-no-bid-apos-acordo-entre-as-partes\/#local-main-place-address","streetAddress":"Rua dos Coqueiros, 104 - Bairro Boa Vista, Rua dos Coqueiros, 104 Bairro Boa Vista","addressLocality":"UBIRATA","postalCode":"85440-000","addressRegion":"PR","addressCountry":"BR"},{"@type":"ImageObject","inLanguage":"en-US","@id":"https:\/\/ubirataonline.com.br\/joao-silva-rescinde-com-o-sport-e-tem-saida-oficializada-no-bid-apos-acordo-entre-as-partes\/#local-main-organization-logo","url":"https:\/\/ubirataonline.com.br\/wp-content\/uploads\/2026\/06\/logoubirataonline-1.webp","contentUrl":"https:\/\/ubirataonline.com.br\/wp-content\/uploads\/2026\/06\/logoubirataonline-1.webp","width":500,"height":500,"caption":"Ubirat\u00e3 Online Not\u00edcias"}]},"geo.placename":"UBIRATA","geo.position":{"lat":"-24.5361401","long":"-52.9921776"},"geo.region":"Brazil"},"_links":{"self":[{"href":"https:\/\/ubirataonline.com.br\/en\/wp-json\/wp\/v2\/posts\/170093","targetHints":{"allow":["GET"]}}],"collection":[{"href":"https:\/\/ubirataonline.com.br\/en\/wp-json\/wp\/v2\/posts"}],"about":[{"href":"https:\/\/ubirataonline.com.br\/en\/wp-json\/wp\/v2\/types\/post"}],"author":[{"embeddable":true,"href":"https:\/\/ubirataonline.com.br\/en\/wp-json\/wp\/v2\/users\/1"}],"replies":[{"embeddable":true,"href":"https:\/\/ubirataonline.com.br\/en\/wp-json\/wp\/v2\/comments?post=170093"}],"version-history":[{"count":0,"href":"https:\/\/ubirataonline.com.br\/en\/wp-json\/wp\/v2\/posts\/170093\/revisions"}],"wp:featuredmedia":[{"embeddable":true,"href":"https:\/\/ubirataonline.com.br\/en\/wp-json\/wp\/v2\/media\/170094"}],"wp:attachment":[{"href":"https:\/\/ubirataonline.com.br\/en\/wp-json\/wp\/v2\/media?parent=170093"}],"wp:term":[{"taxonomy":"category","embeddable":true,"href":"https:\/\/ubirataonline.com.br\/en\/wp-json\/wp\/v2\/categories?post=170093"},{"taxonomy":"post_tag","embeddable":true,"href":"https:\/\/ubirataonline.com.br\/en\/wp-json\/wp\/v2\/tags?post=170093"}],"curies":[{"name":"wp","href":"https:\/\/api.w.org\/{rel}","templated":true}]}}