{"id":170099,"date":"2026-09-02T18:35:43","date_gmt":"2026-09-02T21:35:43","guid":{"rendered":"https:\/\/ubirataonline.com.br\/professores-de-escolas-particulares-do-rio-entram-em-greve-de-24-horas-por-melhores-salarios-e-condicoes-de-trabalho\/"},"modified":"2026-09-02T18:35:43","modified_gmt":"2026-09-02T21:35:43","slug":"professores-de-escolas-particulares-do-rio-entram-em-greve-de-24-horas-por-melhores-salarios-e-condicoes-de-trabalho","status":"publish","type":"post","link":"https:\/\/ubirataonline.com.br\/en\/professores-de-escolas-particulares-do-rio-entram-em-greve-de-24-horas-por-melhores-salarios-e-condicoes-de-trabalho\/","title":{"rendered":"Professores de escolas particulares do Rio entram em greve de 24 horas por melhores sal\u00e1rios e condi\u00e7\u00f5es de trabalho"},"content":{"rendered":"<h2>A paralisa\u00e7\u00e3o de professores de escolas particulares no Rio de Janeiro busca o atendimento de pautas fundamentais para a categoria e melhores condi\u00e7\u00f5es laborais<\/h2>\n<p>Os professores das escolas particulares do Rio de Janeiro decidiram cruzar os bra\u00e7os nesta quarta-feira, dia 2 de setembro de 2026. A <b>greve de 24 horas<\/b> foi deflagrada ap\u00f3s rodadas de negocia\u00e7\u00e3o com o patronato terminarem sem um acordo satisfat\u00f3rio para os docentes.<\/p>\n<p>A decis\u00e3o pela paralisa\u00e7\u00e3o foi tomada durante uma assembleia conduzida pelo <b>Sindicato dos Professores do Munic\u00edpio do Rio de Janeiro e Regi\u00e3o (Sinpro-Rio)<\/b>, realizada no \u00faltimo s\u00e1bado. O movimento reuniu mais de 1 mil profissionais em um ato p\u00fablico no Largo do Machado, localizado no bairro do Catete, zona sul da capital fluminense.<\/p>\n<p>Conforme informa\u00e7\u00e3o divulgada pela <b>Empresa Brasil de Comunica\u00e7\u00e3o (EBC)<\/b>, a categoria busca o reajuste salarial de, ao menos, ao menos 5,5%, al\u00e9m de melhorias estruturais que impactam diretamente a rotina pedag\u00f3gica e a sa\u00fade mental dos educadores.<\/p>\n<h3>Principais reivindica\u00e7\u00f5es da categoria<\/h3>\n<p>O sindicato aponta que a carga de trabalho aumentou significativamente, especialmente ap\u00f3s a pandemia, com a necessidade de realizar atividades virtuais e utilizar plataformas de ensino fora do hor\u00e1rio de sala de aula. Os profissionais pleiteiam o pagamento da <b>hora-atividade<\/b> para essas tarefas pedag\u00f3gicas extras.<\/p>\n<p>Al\u00e9m do reajuste salarial, a pauta de reivindica\u00e7\u00f5es inclui a gratifica\u00e7\u00e3o por aprimoramento acad\u00eamico e a equipara\u00e7\u00e3o salarial entre professores da educa\u00e7\u00e3o infantil, do ensino fundamental e do ensino m\u00e9dio. O objetivo \u00e9 garantir uma remunera\u00e7\u00e3o justa para todas as etapas da forma\u00e7\u00e3o b\u00e1sica.<\/p>\n<h3>Impactos na sa\u00fade do professor<\/h3>\n<p>Segundo o diretor jur\u00eddico do Sinpro-Rio, F\u00e1bio Conde, muitos docentes est\u00e3o atuando em uma jornada exaustiva, apelidada de escala 7 por 0. O professor acaba trabalhando todos os dias, corrigindo fichas e adaptando materiais sem per\u00edodos de descanso adequados.<\/p>\n<p>Essa sobrecarga tem gerado consequ\u00eancias graves para a sa\u00fade da classe. O sindicato alerta que o n\u00famero de profissionais que precisam se afastar das salas de aula devido a <b>quest\u00f5es mentais<\/b> \u00e9 alarmante, evidenciando a necessidade urgente de revis\u00e3o das condi\u00e7\u00f5es de trabalho.<\/p>\n<h3>Posicionamento das institui\u00e7\u00f5es<\/h3>\n<p>O Sindicato dos Estabelecimentos de Ensino no Rio de Janeiro (SinepeRio), que representa o patronato, foi procurado pela Ag\u00eancia Brasil para comentar a paralisa\u00e7\u00e3o. No entanto, a entidade optou por n\u00e3o se manifestar sobre o tema neste momento.<\/p>\n<h3>Perguntas Frequentes<\/h3>\n<p><b>Qual o motivo da greve dos professores no Rio?<\/b><br \/>A greve ocorre pela falta de acordo em negocia\u00e7\u00f5es salariais e pela exig\u00eancia de melhores condi\u00e7\u00f5es de trabalho, como o pagamento de hora-atividade.<\/p>\n<p><b>Qual o percentual de reajuste salarial solicitado?<\/b><br \/>Os professores reivindicam um reajuste salarial de, ao menos, ao menos 5,5%.<\/p>\n<p><b>O que \u00e9 a hora-atividade reivindicada pelos docentes?<\/b><br \/>\u00c9 a remunera\u00e7\u00e3o pelo trabalho pedag\u00f3gico realizado fora da sala de aula, como corre\u00e7\u00e3o de provas, adapta\u00e7\u00e3o de materiais e uso de plataformas virtuais.<\/p>\n<p><b>Qual sindicato representa os professores na paralisa\u00e7\u00e3o?<\/b><br \/>O movimento \u00e9 liderado pelo Sindicato dos Professores do Munic\u00edpio do Rio de Janeiro e Regi\u00e3o (Sinpro-Rio).<\/p>\n<p><b>O SinepeRio se manifestou sobre a greve?<\/b><br \/>N\u00e3o, o Sindicato dos Estabelecimentos de Ensino no Rio de Janeiro optou por n\u00e3o se pronunciar sobre a paralisa\u00e7\u00e3o no momento.<\/p>","protected":false},"excerpt":{"rendered":"<p>A paralisa\u00e7\u00e3o de professores de escolas particulares no Rio de Janeiro busca o atendimento de pautas fundamentais para a categoria e melhores condi\u00e7\u00f5es laborais Os professores das escolas particulares do Rio de Janeiro decidiram cruzar os bra\u00e7os nesta quarta-feira, dia 2 de setembro de 2026. A greve de 24 horas foi deflagrada ap\u00f3s rodadas de [&hellip;]<\/p>\n","protected":false},"author":1,"featured_media":170100,"comment_status":"","ping_status":"","sticky":false,"template":"","format":"standard","meta":{"googlesitekit_rrm_CAow2JLhCw:productID":"","_gspb_post_css":"","maa_idioma":"","maa_pais":"","footnotes":""},"categories":[4],"tags":[],"class_list":["post-170099","post","type-post","status-publish","format-standard","has-post-thumbnail","hentry","category-brasil"],"blocksy_meta":[],"yoast_head":"<!-- This site is optimized with the Yoast SEO Premium plugin v27.6 (Yoast SEO v27.6) - https:\/\/yoast.com\/product\/yoast-seo-premium-wordpress\/ -->\n<title>Professores de escolas particulares do Rio entram em greve de 24 horas por melhores sal\u00e1rios e condi\u00e7\u00f5es de trabalho - Ubirat\u00e3 Online Not\u00edcias - A realidade ao seu alcance!<\/title>\n<meta name=\"description\" content=\"A paralisa\u00e7\u00e3o de professores de escolas particulares no Rio de Janeiro busca o atendimento de pautas fundamentais para a categoria e melhores condi\u00e7\u00f5es\" \/>\n<meta name=\"robots\" content=\"index, follow, max-snippet:-1, max-image-preview:large, max-video-preview:-1\" \/>\n<link rel=\"canonical\" href=\"https:\/\/ubirataonline.com.br\/en\/professores-de-escolas-particulares-do-rio-entram-em-greve-de-24-horas-por-melhores-salarios-e-condicoes-de-trabalho\/\" \/>\n<meta property=\"og:locale\" content=\"en_US\" \/>\n<meta property=\"og:type\" content=\"article\" \/>\n<meta property=\"og:title\" content=\"Professores de escolas particulares do Rio entram em greve de 24 horas por melhores sal\u00e1rios e condi\u00e7\u00f5es de trabalho\" \/>\n<meta property=\"og:description\" content=\"A paralisa\u00e7\u00e3o de professores de escolas particulares no Rio de Janeiro busca o atendimento de pautas fundamentais para a categoria e melhores condi\u00e7\u00f5es\" \/>\n<meta property=\"og:url\" content=\"https:\/\/ubirataonline.com.br\/en\/professores-de-escolas-particulares-do-rio-entram-em-greve-de-24-horas-por-melhores-salarios-e-condicoes-de-trabalho\/\" \/>\n<meta property=\"og:site_name\" content=\"Ubirat\u00e3 Online Not\u00edcias - A realidade ao seu alcance!\" \/>\n<meta property=\"article:publisher\" content=\"https:\/\/www.facebook.com\/portalubirataonline\" \/>\n<meta property=\"article:author\" content=\"https:\/\/www.facebook.com\/portalubirataonline\" \/>\n<meta property=\"article:published_time\" content=\"2026-09-02T21:35:43+00:00\" \/>\n<meta property=\"og:image\" content=\"https:\/\/ubirataonline.com.br\/wp-content\/uploads\/2026\/05\/logo2026.webp\" \/>\n\t<meta property=\"og:image:width\" content=\"1531\" \/>\n\t<meta property=\"og:image:height\" content=\"418\" \/>\n\t<meta property=\"og:image:type\" content=\"image\/webp\" \/>\n<meta name=\"author\" content=\"REDA\u00c7\u00c3O: UBIRAT\u00c3 ONLINE - F\u00c1BIO AUGUSTO CELESTINO\" \/>\n<meta name=\"twitter:card\" content=\"summary_large_image\" \/>\n<meta name=\"twitter:creator\" content=\"@x.com\/ubirataonline\" \/>\n<meta name=\"twitter:site\" content=\"@ubirataonline\" \/>\n<meta name=\"twitter:label1\" content=\"Written by\" \/>\n\t<meta name=\"twitter:data1\" content=\"REDA\u00c7\u00c3O: UBIRAT\u00c3 ONLINE - F\u00c1BIO AUGUSTO CELESTINO\" \/>\n\t<meta name=\"twitter:label2\" content=\"Est. reading time\" \/>\n\t<meta name=\"twitter:data2\" content=\"3 minutes\" \/>\n<script type=\"application\/ld+json\" class=\"yoast-schema-graph\">{\"@context\":\"https:\\\/\\\/schema.org\",\"@graph\":[{\"@type\":\"NewsArticle\",\"@id\":\"https:\\\/\\\/ubirataonline.com.br\\\/professores-de-escolas-particulares-do-rio-entram-em-greve-de-24-horas-por-melhores-salarios-e-condicoes-de-trabalho\\\/#article\",\"isPartOf\":{\"@id\":\"https:\\\/\\\/ubirataonline.com.br\\\/professores-de-escolas-particulares-do-rio-entram-em-greve-de-24-horas-por-melhores-salarios-e-condicoes-de-trabalho\\\/\"},\"author\":{\"name\":\"REDA\u00c7\u00c3O: UBIRAT\u00c3 ONLINE - F\u00c1BIO AUGUSTO CELESTINO\",\"@id\":\"https:\\\/\\\/ubirataonline.com.br\\\/#\\\/schema\\\/person\\\/372f87bbd3fdd79b8556b84c98d0bc1c\"},\"headline\":\"Professores de escolas particulares do Rio entram em greve de 24 horas por melhores sal\u00e1rios e condi\u00e7\u00f5es de trabalho\",\"datePublished\":\"2026-09-02T21:35:43+00:00\",\"mainEntityOfPage\":{\"@id\":\"https:\\\/\\\/ubirataonline.com.br\\\/professores-de-escolas-particulares-do-rio-entram-em-greve-de-24-horas-por-melhores-salarios-e-condicoes-de-trabalho\\\/\"},\"wordCount\":581,\"publisher\":{\"@id\":\"https:\\\/\\\/ubirataonline.com.br\\\/#organization\"},\"image\":{\"@id\":\"https:\\\/\\\/ubirataonline.com.br\\\/professores-de-escolas-particulares-do-rio-entram-em-greve-de-24-horas-por-melhores-salarios-e-condicoes-de-trabalho\\\/#primaryimage\"},\"thumbnailUrl\":\"https:\\\/\\\/ubirataonline.com.br\\\/wp-content\\\/uploads\\\/2026\\\/09\\\/maaimg-post-170099-20260902-213558.webp\",\"articleSection\":[\"Brasil\"],\"inLanguage\":\"en-US\",\"copyrightYear\":\"2026\",\"copyrightHolder\":{\"@id\":\"https:\\\/\\\/ubirataonline.com.br\\\/en\\\/#organization\"}},{\"@type\":\"WebPage\",\"@id\":\"https:\\\/\\\/ubirataonline.com.br\\\/professores-de-escolas-particulares-do-rio-entram-em-greve-de-24-horas-por-melhores-salarios-e-condicoes-de-trabalho\\\/\",\"url\":\"https:\\\/\\\/ubirataonline.com.br\\\/professores-de-escolas-particulares-do-rio-entram-em-greve-de-24-horas-por-melhores-salarios-e-condicoes-de-trabalho\\\/\",\"name\":\"Professores de escolas particulares do Rio entram em greve de 24 horas por melhores sal\u00e1rios e condi\u00e7\u00f5es de trabalho - Ubirat\u00e3 Online Not\u00edcias - A realidade ao seu alcance!\",\"isPartOf\":{\"@id\":\"https:\\\/\\\/ubirataonline.com.br\\\/#website\"},\"primaryImageOfPage\":{\"@id\":\"https:\\\/\\\/ubirataonline.com.br\\\/professores-de-escolas-particulares-do-rio-entram-em-greve-de-24-horas-por-melhores-salarios-e-condicoes-de-trabalho\\\/#primaryimage\"},\"image\":{\"@id\":\"https:\\\/\\\/ubirataonline.com.br\\\/professores-de-escolas-particulares-do-rio-entram-em-greve-de-24-horas-por-melhores-salarios-e-condicoes-de-trabalho\\\/#primaryimage\"},\"thumbnailUrl\":\"https:\\\/\\\/ubirataonline.com.br\\\/wp-content\\\/uploads\\\/2026\\\/09\\\/maaimg-post-170099-20260902-213558.webp\",\"datePublished\":\"2026-09-02T21:35:43+00:00\",\"description\":\"A paralisa\u00e7\u00e3o de professores de escolas particulares no Rio de Janeiro busca o atendimento de pautas fundamentais para a categoria e melhores condi\u00e7\u00f5es\",\"breadcrumb\":{\"@id\":\"https:\\\/\\\/ubirataonline.com.br\\\/professores-de-escolas-particulares-do-rio-entram-em-greve-de-24-horas-por-melhores-salarios-e-condicoes-de-trabalho\\\/#breadcrumb\"},\"inLanguage\":\"en-US\",\"potentialAction\":[{\"@type\":\"ReadAction\",\"target\":[\"https:\\\/\\\/ubirataonline.com.br\\\/professores-de-escolas-particulares-do-rio-entram-em-greve-de-24-horas-por-melhores-salarios-e-condicoes-de-trabalho\\\/\"]}]},{\"@type\":\"ImageObject\",\"inLanguage\":\"en-US\",\"@id\":\"https:\\\/\\\/ubirataonline.com.br\\\/professores-de-escolas-particulares-do-rio-entram-em-greve-de-24-horas-por-melhores-salarios-e-condicoes-de-trabalho\\\/#primaryimage\",\"url\":\"https:\\\/\\\/ubirataonline.com.br\\\/wp-content\\\/uploads\\\/2026\\\/09\\\/maaimg-post-170099-20260902-213558.webp\",\"contentUrl\":\"https:\\\/\\\/ubirataonline.com.br\\\/wp-content\\\/uploads\\\/2026\\\/09\\\/maaimg-post-170099-20260902-213558.webp\",\"width\":1536,\"height\":1024,\"caption\":\"Imagem ilustrativa Gerada por IA\"},{\"@type\":\"BreadcrumbList\",\"@id\":\"https:\\\/\\\/ubirataonline.com.br\\\/professores-de-escolas-particulares-do-rio-entram-em-greve-de-24-horas-por-melhores-salarios-e-condicoes-de-trabalho\\\/#breadcrumb\",\"itemListElement\":[{\"@type\":\"ListItem\",\"position\":1,\"name\":\"In\u00edcio\",\"item\":\"https:\\\/\\\/ubirataonline.com.br\\\/\"},{\"@type\":\"ListItem\",\"position\":2,\"name\":\"Professores de escolas particulares do Rio entram em greve de 24 horas por melhores sal\u00e1rios e condi\u00e7\u00f5es de trabalho\"}]},{\"@type\":\"WebSite\",\"@id\":\"https:\\\/\\\/ubirataonline.com.br\\\/#website\",\"url\":\"https:\\\/\\\/ubirataonline.com.br\\\/\",\"name\":\"Ubirat\u00e3 Online Not\u00edcias\",\"description\":\"Not\u00edcias de Ubirat\u00e3, regi\u00e3o, Brasil e mundo, com informa\u00e7\u00e3o atualizada e compromisso com o leitor.\",\"publisher\":{\"@id\":\"https:\\\/\\\/ubirataonline.com.br\\\/#organization\"},\"alternateName\":\"Ubirat\u00e3 Online\",\"potentialAction\":[{\"@type\":\"SearchAction\",\"target\":{\"@type\":\"EntryPoint\",\"urlTemplate\":\"https:\\\/\\\/ubirataonline.com.br\\\/?s={search_term_string}\"},\"query-input\":{\"@type\":\"PropertyValueSpecification\",\"valueRequired\":true,\"valueName\":\"search_term_string\"}}],\"inLanguage\":\"en-US\"},{\"@type\":[\"Organization\",\"Place\"],\"@id\":\"https:\\\/\\\/ubirataonline.com.br\\\/#organization\",\"name\":\"Ubirat\u00e3 Online Not\u00edcias\",\"alternateName\":\"Ubirat\u00e3 Online\",\"url\":\"https:\\\/\\\/ubirataonline.com.br\\\/\",\"logo\":{\"@id\":\"https:\\\/\\\/ubirataonline.com.br\\\/professores-de-escolas-particulares-do-rio-entram-em-greve-de-24-horas-por-melhores-salarios-e-condicoes-de-trabalho\\\/#local-main-organization-logo\"},\"image\":{\"@id\":\"https:\\\/\\\/ubirataonline.com.br\\\/professores-de-escolas-particulares-do-rio-entram-em-greve-de-24-horas-por-melhores-salarios-e-condicoes-de-trabalho\\\/#local-main-organization-logo\"},\"sameAs\":[\"https:\\\/\\\/www.facebook.com\\\/portalubirataonline\",\"https:\\\/\\\/x.com\\\/ubirataonline\",\"https:\\\/\\\/mastodon.social\\\/@ubirataonline\",\"https:\\\/\\\/www.facebook.com\\\/groups\\\/311144672285604\",\"https:\\\/\\\/www.facebook.com\\\/UBTAOnline\",\"https:\\\/\\\/www.instagram.com\\\/portalubirataonline\\\/\",\"https:\\\/\\\/twitter.com\\\/ubirataonline\"],\"description\":\"Somos um portal de not\u00edcias independente, criado em 5 de janeiro de 2009, com o objetivo de informar, conectar e valorizar a nossa comunidade de Ubirat\u00e3 e toda aregi\u00e3o. Com conte\u00fado atualizado, confi\u00e1vel e relevante, o Ubirat\u00e3 Online \u00e9 o seu espa\u00e7o para ficar por dentro dos principais acontecimentos locais, regionais, Brasil, Mundo e de interesse geral. Nosso compromisso \u00e9 com a verdade, a transpar\u00eancia e o respeito ao leitor.\",\"legalName\":\"UBIRATA ONLINE NOT\u00cdCIAS\",\"foundingDate\":\"2009-01-05\",\"numberOfEmployees\":{\"@type\":\"QuantitativeValue\",\"minValue\":\"1\",\"maxValue\":\"10\"},\"publishingPrinciples\":\"https:\\\/\\\/ubirataonline.com.br\\\/faq\\\/\",\"address\":{\"@id\":\"https:\\\/\\\/ubirataonline.com.br\\\/professores-de-escolas-particulares-do-rio-entram-em-greve-de-24-horas-por-melhores-salarios-e-condicoes-de-trabalho\\\/#local-main-place-address\"},\"geo\":{\"@type\":\"GeoCoordinates\",\"latitude\":\"-24.5361401\",\"longitude\":\"-52.9921776\"},\"telephone\":[\"+5544998308235\"],\"contactPoint\":{\"@type\":\"ContactPoint\",\"email\":\"contato@ubirataonline.com.br\"},\"openingHoursSpecification\":{\"@type\":\"OpeningHoursSpecification\",\"dayOfWeek\":[\"Monday\",\"Tuesday\",\"Wednesday\",\"Thursday\",\"Friday\",\"Saturday\",\"Sunday\"],\"opens\":\"00:00\",\"closes\":\"23:59\"},\"email\":\"contato@ubirataonline.com.br\",\"vatID\":\"47.621.418\\\/0001-80\"},{\"@type\":\"Person\",\"@id\":\"https:\\\/\\\/ubirataonline.com.br\\\/#\\\/schema\\\/person\\\/372f87bbd3fdd79b8556b84c98d0bc1c\",\"name\":\"REDA\u00c7\u00c3O: UBIRAT\u00c3 ONLINE - F\u00c1BIO AUGUSTO CELESTINO\",\"pronouns\":\"Ele\",\"description\":\"Desde 2003 trabalhando com not\u00edcias.\",\"sameAs\":[\"http:\\\/\\\/ubirataoline.com.br\",\"https:\\\/\\\/www.facebook.com\\\/portalubirataonline\",\"https:\\\/\\\/www.instagram.com\\\/ubirataonline_oficial\",\"https:\\\/\\\/x.com\\\/x.com\\\/ubirataonline\"],\"honorificPrefix\":\"Mr.\",\"honorificSuffix\":\"MD\",\"birthDate\":\"1980-06-16\",\"gender\":\"masculino\",\"award\":[\"V\u00e1rios pr\u00eamios de melhor portal da cidade\"],\"jobTitle\":\"Diretor\",\"url\":\"https:\\\/\\\/ubirataonline.com.br\\\/en\\\/author\\\/ubirataonline\\\/\"},{\"@type\":\"PostalAddress\",\"@id\":\"https:\\\/\\\/ubirataonline.com.br\\\/professores-de-escolas-particulares-do-rio-entram-em-greve-de-24-horas-por-melhores-salarios-e-condicoes-de-trabalho\\\/#local-main-place-address\",\"streetAddress\":\"Rua dos Coqueiros, 104 - Bairro Boa Vista, Rua dos Coqueiros, 104 Bairro Boa Vista\",\"addressLocality\":\"UBIRATA\",\"postalCode\":\"85440-000\",\"addressRegion\":\"PR\",\"addressCountry\":\"BR\"},{\"@type\":\"ImageObject\",\"inLanguage\":\"en-US\",\"@id\":\"https:\\\/\\\/ubirataonline.com.br\\\/professores-de-escolas-particulares-do-rio-entram-em-greve-de-24-horas-por-melhores-salarios-e-condicoes-de-trabalho\\\/#local-main-organization-logo\",\"url\":\"https:\\\/\\\/ubirataonline.com.br\\\/wp-content\\\/uploads\\\/2026\\\/06\\\/logoubirataonline-1.webp\",\"contentUrl\":\"https:\\\/\\\/ubirataonline.com.br\\\/wp-content\\\/uploads\\\/2026\\\/06\\\/logoubirataonline-1.webp\",\"width\":500,\"height\":500,\"caption\":\"Ubirat\u00e3 Online Not\u00edcias\"}]}<\/script>\n<meta name=\"geo.placename\" content=\"UBIRATA\" \/>\n<meta name=\"geo.position\" content=\"-24.5361401;-52.9921776\" \/>\n<meta name=\"geo.region\" content=\"Brazil\" \/>\n<!-- \/ Yoast SEO Premium plugin. -->","yoast_head_json":{"title":"Professores de escolas particulares do Rio entram em greve de 24 horas por melhores sal\u00e1rios e condi\u00e7\u00f5es de trabalho - Ubirat\u00e3 Online Not\u00edcias - A realidade ao seu alcance!","description":"A paralisa\u00e7\u00e3o de professores de escolas particulares no Rio de Janeiro busca o atendimento de pautas fundamentais para a categoria e melhores condi\u00e7\u00f5es","robots":{"index":"index","follow":"follow","max-snippet":"max-snippet:-1","max-image-preview":"max-image-preview:large","max-video-preview":"max-video-preview:-1"},"canonical":"https:\/\/ubirataonline.com.br\/en\/professores-de-escolas-particulares-do-rio-entram-em-greve-de-24-horas-por-melhores-salarios-e-condicoes-de-trabalho\/","og_locale":"en_US","og_type":"article","og_title":"Professores de escolas particulares do Rio entram em greve de 24 horas por melhores sal\u00e1rios e condi\u00e7\u00f5es de trabalho","og_description":"A paralisa\u00e7\u00e3o de professores de escolas particulares no Rio de Janeiro busca o atendimento de pautas fundamentais para a categoria e melhores condi\u00e7\u00f5es","og_url":"https:\/\/ubirataonline.com.br\/en\/professores-de-escolas-particulares-do-rio-entram-em-greve-de-24-horas-por-melhores-salarios-e-condicoes-de-trabalho\/","og_site_name":"Ubirat\u00e3 Online Not\u00edcias - A realidade ao seu alcance!","article_publisher":"https:\/\/www.facebook.com\/portalubirataonline","article_author":"https:\/\/www.facebook.com\/portalubirataonline","article_published_time":"2026-09-02T21:35:43+00:00","og_image":[{"width":1531,"height":418,"url":"https:\/\/ubirataonline.com.br\/wp-content\/uploads\/2026\/05\/logo2026.webp","type":"image\/webp"}],"author":"REDA\u00c7\u00c3O: UBIRAT\u00c3 ONLINE - F\u00c1BIO AUGUSTO CELESTINO","twitter_card":"summary_large_image","twitter_creator":"@x.com\/ubirataonline","twitter_site":"@ubirataonline","twitter_misc":{"Written by":"REDA\u00c7\u00c3O: UBIRAT\u00c3 ONLINE - F\u00c1BIO AUGUSTO CELESTINO","Est. reading time":"3 minutes"},"schema":{"@context":"https:\/\/schema.org","@graph":[{"@type":"NewsArticle","@id":"https:\/\/ubirataonline.com.br\/professores-de-escolas-particulares-do-rio-entram-em-greve-de-24-horas-por-melhores-salarios-e-condicoes-de-trabalho\/#article","isPartOf":{"@id":"https:\/\/ubirataonline.com.br\/professores-de-escolas-particulares-do-rio-entram-em-greve-de-24-horas-por-melhores-salarios-e-condicoes-de-trabalho\/"},"author":{"name":"REDA\u00c7\u00c3O: UBIRAT\u00c3 ONLINE - F\u00c1BIO AUGUSTO CELESTINO","@id":"https:\/\/ubirataonline.com.br\/#\/schema\/person\/372f87bbd3fdd79b8556b84c98d0bc1c"},"headline":"Professores de escolas particulares do Rio entram em greve de 24 horas por melhores sal\u00e1rios e condi\u00e7\u00f5es de trabalho","datePublished":"2026-09-02T21:35:43+00:00","mainEntityOfPage":{"@id":"https:\/\/ubirataonline.com.br\/professores-de-escolas-particulares-do-rio-entram-em-greve-de-24-horas-por-melhores-salarios-e-condicoes-de-trabalho\/"},"wordCount":581,"publisher":{"@id":"https:\/\/ubirataonline.com.br\/#organization"},"image":{"@id":"https:\/\/ubirataonline.com.br\/professores-de-escolas-particulares-do-rio-entram-em-greve-de-24-horas-por-melhores-salarios-e-condicoes-de-trabalho\/#primaryimage"},"thumbnailUrl":"https:\/\/ubirataonline.com.br\/wp-content\/uploads\/2026\/09\/maaimg-post-170099-20260902-213558.webp","articleSection":["Brasil"],"inLanguage":"en-US","copyrightYear":"2026","copyrightHolder":{"@id":"https:\/\/ubirataonline.com.br\/en\/#organization"}},{"@type":"WebPage","@id":"https:\/\/ubirataonline.com.br\/professores-de-escolas-particulares-do-rio-entram-em-greve-de-24-horas-por-melhores-salarios-e-condicoes-de-trabalho\/","url":"https:\/\/ubirataonline.com.br\/professores-de-escolas-particulares-do-rio-entram-em-greve-de-24-horas-por-melhores-salarios-e-condicoes-de-trabalho\/","name":"Professores de escolas particulares do Rio entram em greve de 24 horas por melhores sal\u00e1rios e condi\u00e7\u00f5es de trabalho - Ubirat\u00e3 Online Not\u00edcias - A realidade ao seu alcance!","isPartOf":{"@id":"https:\/\/ubirataonline.com.br\/#website"},"primaryImageOfPage":{"@id":"https:\/\/ubirataonline.com.br\/professores-de-escolas-particulares-do-rio-entram-em-greve-de-24-horas-por-melhores-salarios-e-condicoes-de-trabalho\/#primaryimage"},"image":{"@id":"https:\/\/ubirataonline.com.br\/professores-de-escolas-particulares-do-rio-entram-em-greve-de-24-horas-por-melhores-salarios-e-condicoes-de-trabalho\/#primaryimage"},"thumbnailUrl":"https:\/\/ubirataonline.com.br\/wp-content\/uploads\/2026\/09\/maaimg-post-170099-20260902-213558.webp","datePublished":"2026-09-02T21:35:43+00:00","description":"A paralisa\u00e7\u00e3o de professores de escolas particulares no Rio de Janeiro busca o atendimento de pautas fundamentais para a categoria e melhores condi\u00e7\u00f5es","breadcrumb":{"@id":"https:\/\/ubirataonline.com.br\/professores-de-escolas-particulares-do-rio-entram-em-greve-de-24-horas-por-melhores-salarios-e-condicoes-de-trabalho\/#breadcrumb"},"inLanguage":"en-US","potentialAction":[{"@type":"ReadAction","target":["https:\/\/ubirataonline.com.br\/professores-de-escolas-particulares-do-rio-entram-em-greve-de-24-horas-por-melhores-salarios-e-condicoes-de-trabalho\/"]}]},{"@type":"ImageObject","inLanguage":"en-US","@id":"https:\/\/ubirataonline.com.br\/professores-de-escolas-particulares-do-rio-entram-em-greve-de-24-horas-por-melhores-salarios-e-condicoes-de-trabalho\/#primaryimage","url":"https:\/\/ubirataonline.com.br\/wp-content\/uploads\/2026\/09\/maaimg-post-170099-20260902-213558.webp","contentUrl":"https:\/\/ubirataonline.com.br\/wp-content\/uploads\/2026\/09\/maaimg-post-170099-20260902-213558.webp","width":1536,"height":1024,"caption":"Imagem ilustrativa Gerada por IA"},{"@type":"BreadcrumbList","@id":"https:\/\/ubirataonline.com.br\/professores-de-escolas-particulares-do-rio-entram-em-greve-de-24-horas-por-melhores-salarios-e-condicoes-de-trabalho\/#breadcrumb","itemListElement":[{"@type":"ListItem","position":1,"name":"In\u00edcio","item":"https:\/\/ubirataonline.com.br\/"},{"@type":"ListItem","position":2,"name":"Professores de escolas particulares do Rio entram em greve de 24 horas por melhores sal\u00e1rios e condi\u00e7\u00f5es de trabalho"}]},{"@type":"WebSite","@id":"https:\/\/ubirataonline.com.br\/#website","url":"https:\/\/ubirataonline.com.br\/","name":"Ubirat\u00e3 Online Not\u00edcias","description":"Not\u00edcias de Ubirat\u00e3, regi\u00e3o, Brasil e mundo, com informa\u00e7\u00e3o atualizada e compromisso com o leitor.","publisher":{"@id":"https:\/\/ubirataonline.com.br\/#organization"},"alternateName":"Ubirat\u00e3 Online","potentialAction":[{"@type":"SearchAction","target":{"@type":"EntryPoint","urlTemplate":"https:\/\/ubirataonline.com.br\/?s={search_term_string}"},"query-input":{"@type":"PropertyValueSpecification","valueRequired":true,"valueName":"search_term_string"}}],"inLanguage":"en-US"},{"@type":["Organization","Place"],"@id":"https:\/\/ubirataonline.com.br\/#organization","name":"Ubirat\u00e3 Online Not\u00edcias","alternateName":"Ubirat\u00e3 Online","url":"https:\/\/ubirataonline.com.br\/","logo":{"@id":"https:\/\/ubirataonline.com.br\/professores-de-escolas-particulares-do-rio-entram-em-greve-de-24-horas-por-melhores-salarios-e-condicoes-de-trabalho\/#local-main-organization-logo"},"image":{"@id":"https:\/\/ubirataonline.com.br\/professores-de-escolas-particulares-do-rio-entram-em-greve-de-24-horas-por-melhores-salarios-e-condicoes-de-trabalho\/#local-main-organization-logo"},"sameAs":["https:\/\/www.facebook.com\/portalubirataonline","https:\/\/x.com\/ubirataonline","https:\/\/mastodon.social\/@ubirataonline","https:\/\/www.facebook.com\/groups\/311144672285604","https:\/\/www.facebook.com\/UBTAOnline","https:\/\/www.instagram.com\/portalubirataonline\/","https:\/\/twitter.com\/ubirataonline"],"description":"Somos um portal de not\u00edcias independente, criado em 5 de janeiro de 2009, com o objetivo de informar, conectar e valorizar a nossa comunidade de Ubirat\u00e3 e toda aregi\u00e3o. Com conte\u00fado atualizado, confi\u00e1vel e relevante, o Ubirat\u00e3 Online \u00e9 o seu espa\u00e7o para ficar por dentro dos principais acontecimentos locais, regionais, Brasil, Mundo e de interesse geral. Nosso compromisso \u00e9 com a verdade, a transpar\u00eancia e o respeito ao leitor.","legalName":"UBIRATA ONLINE NOT\u00cdCIAS","foundingDate":"2009-01-05","numberOfEmployees":{"@type":"QuantitativeValue","minValue":"1","maxValue":"10"},"publishingPrinciples":"https:\/\/ubirataonline.com.br\/faq\/","address":{"@id":"https:\/\/ubirataonline.com.br\/professores-de-escolas-particulares-do-rio-entram-em-greve-de-24-horas-por-melhores-salarios-e-condicoes-de-trabalho\/#local-main-place-address"},"geo":{"@type":"GeoCoordinates","latitude":"-24.5361401","longitude":"-52.9921776"},"telephone":["+5544998308235"],"contactPoint":{"@type":"ContactPoint","email":"contato@ubirataonline.com.br"},"openingHoursSpecification":{"@type":"OpeningHoursSpecification","dayOfWeek":["Monday","Tuesday","Wednesday","Thursday","Friday","Saturday","Sunday"],"opens":"00:00","closes":"23:59"},"email":"contato@ubirataonline.com.br","vatID":"47.621.418\/0001-80"},{"@type":"Person","@id":"https:\/\/ubirataonline.com.br\/#\/schema\/person\/372f87bbd3fdd79b8556b84c98d0bc1c","name":"REDA\u00c7\u00c3O: UBIRAT\u00c3 ONLINE - F\u00c1BIO AUGUSTO CELESTINO","pronouns":"Ele","description":"Desde 2003 trabalhando com not\u00edcias.","sameAs":["http:\/\/ubirataoline.com.br","https:\/\/www.facebook.com\/portalubirataonline","https:\/\/www.instagram.com\/ubirataonline_oficial","https:\/\/x.com\/x.com\/ubirataonline"],"honorificPrefix":"Mr.","honorificSuffix":"MD","birthDate":"1980-06-16","gender":"masculino","award":["V\u00e1rios pr\u00eamios de melhor portal da cidade"],"jobTitle":"Diretor","url":"https:\/\/ubirataonline.com.br\/en\/author\/ubirataonline\/"},{"@type":"PostalAddress","@id":"https:\/\/ubirataonline.com.br\/professores-de-escolas-particulares-do-rio-entram-em-greve-de-24-horas-por-melhores-salarios-e-condicoes-de-trabalho\/#local-main-place-address","streetAddress":"Rua dos Coqueiros, 104 - Bairro Boa Vista, Rua dos Coqueiros, 104 Bairro Boa Vista","addressLocality":"UBIRATA","postalCode":"85440-000","addressRegion":"PR","addressCountry":"BR"},{"@type":"ImageObject","inLanguage":"en-US","@id":"https:\/\/ubirataonline.com.br\/professores-de-escolas-particulares-do-rio-entram-em-greve-de-24-horas-por-melhores-salarios-e-condicoes-de-trabalho\/#local-main-organization-logo","url":"https:\/\/ubirataonline.com.br\/wp-content\/uploads\/2026\/06\/logoubirataonline-1.webp","contentUrl":"https:\/\/ubirataonline.com.br\/wp-content\/uploads\/2026\/06\/logoubirataonline-1.webp","width":500,"height":500,"caption":"Ubirat\u00e3 Online Not\u00edcias"}]},"geo.placename":"UBIRATA","geo.position":{"lat":"-24.5361401","long":"-52.9921776"},"geo.region":"Brazil"},"_links":{"self":[{"href":"https:\/\/ubirataonline.com.br\/en\/wp-json\/wp\/v2\/posts\/170099","targetHints":{"allow":["GET"]}}],"collection":[{"href":"https:\/\/ubirataonline.com.br\/en\/wp-json\/wp\/v2\/posts"}],"about":[{"href":"https:\/\/ubirataonline.com.br\/en\/wp-json\/wp\/v2\/types\/post"}],"author":[{"embeddable":true,"href":"https:\/\/ubirataonline.com.br\/en\/wp-json\/wp\/v2\/users\/1"}],"replies":[{"embeddable":true,"href":"https:\/\/ubirataonline.com.br\/en\/wp-json\/wp\/v2\/comments?post=170099"}],"version-history":[{"count":0,"href":"https:\/\/ubirataonline.com.br\/en\/wp-json\/wp\/v2\/posts\/170099\/revisions"}],"wp:featuredmedia":[{"embeddable":true,"href":"https:\/\/ubirataonline.com.br\/en\/wp-json\/wp\/v2\/media\/170100"}],"wp:attachment":[{"href":"https:\/\/ubirataonline.com.br\/en\/wp-json\/wp\/v2\/media?parent=170099"}],"wp:term":[{"taxonomy":"category","embeddable":true,"href":"https:\/\/ubirataonline.com.br\/en\/wp-json\/wp\/v2\/categories?post=170099"},{"taxonomy":"post_tag","embeddable":true,"href":"https:\/\/ubirataonline.com.br\/en\/wp-json\/wp\/v2\/tags?post=170099"}],"curies":[{"name":"wp","href":"https:\/\/api.w.org\/{rel}","templated":true}]}}