{"id":170106,"date":"2026-09-02T19:21:18","date_gmt":"2026-09-02T22:21:18","guid":{"rendered":"https:\/\/ubirataonline.com.br\/milhares-protestam-na-espanha-contra-atuacao-do-governo-na-crise-migratoria-de-ceuta\/"},"modified":"2026-09-02T19:21:18","modified_gmt":"2026-09-02T22:21:18","slug":"milhares-protestam-na-espanha-contra-atuacao-do-governo-na-crise-migratoria-de-ceuta","status":"publish","type":"post","link":"https:\/\/ubirataonline.com.br\/en\/milhares-protestam-na-espanha-contra-atuacao-do-governo-na-crise-migratoria-de-ceuta\/","title":{"rendered":"Milhares protestam na Espanha contra atua\u00e7\u00e3o do governo na crise migrat\u00f3ria de Ceuta"},"content":{"rendered":"<h2>Rali em v\u00e1rias cidades, incluindo Madrid com mais de 50 mil, ocorre ap\u00f3s entrada de pelo menos 72.000 migrantes; relat\u00f3rio policial aponta &#8216;permissividade&#8217; das for\u00e7as marroquinas<\/h2>\n<p>Milhares de pessoas sa\u00edram \u00e0s ruas em cidades da Espanha para protestar contra a forma como o governo lidou com a chegada massiva de migrantes \u00e0 cidade aut\u00f4noma de Ceuta, no norte da \u00c1frica, informou a BBC.<\/p>\n<p>Os atos, organizados por prefeituras em regi\u00f5es onde Partido de oposi\u00e7\u00e3o t\u00eam poder ou influ\u00eancia, inclu\u00edram uma manifesta\u00e7\u00e3o em Madrid com mais de 50.000 presentes, segundo dados citados pelo governo, e um grande Protests em Ceuta.<\/p>\n<h3>O que motivou os Protests<\/h3>\n<p>Os manifestantes pediram que os migrantes sejam devolvidos aos pa\u00edses de origem ou redistribu\u00eddos pela Espanha e exigiram a ren\u00fancia do primeiro\u2011ministro Pedro S\u00e1nchez, segundo a BBC. Lideran\u00e7as do Partido Popular (PP) e do Vox participaram dos atos: o l\u00edder do PP, Alberto N\u00fa\u00f1ez Feij\u00f3o, afirmou que &#8220;uma cidade espanhola foi invadida, ocupada e, infelizmente, isso ocorreu com o conhecimento do Governo da Espanha&#8221;; o l\u00edder do Vox, Santiago Abascal, disse que S\u00e1nchez estaria &#8220;ao servi\u00e7o, como um lacaio, do regime marroquino&#8221;, conforme reportado pela BBC.<\/p>\n<h3>Relat\u00f3rio policial e vers\u00f5es sobre a entrada em massa<\/h3>\n<p>De acordo com a BBC, um relat\u00f3rio policial enviado ao tribunal nacional afirmou que as for\u00e7as de seguran\u00e7a marroquinas demonstraram &#8220;permissividade total&#8221; durante a entrada in\u00e9dita de migrantes. O documento citou que o efetivo marroquino na \u00e1rea junto \u00e0 fronteira estava &#8220;claramente menor do que o habitual&#8221; e que migrantes relataram uma atitude &#8220;passiva&#8221; enquanto as travessias aconteciam. O relat\u00f3rio, por\u00e9m, n\u00e3o imputou categoricamente a responsabilidade ao governo marroquino, segundo a BBC.<\/p>\n<p>O epis\u00f3dio come\u00e7ou em 30 e 31 de julho, quando pelo menos 72.000 pessoas cruzaram desde Marrocos para Ceuta. A maioria retornou posteriormente, mas a BBC informou que at\u00e9 5.000 ainda permaneciam em acampamentos improvisados ou espalhados pela cidade, situa\u00e7\u00e3o que tem gerado epis\u00f3dios de agita\u00e7\u00e3o e Protests locais quase di\u00e1rios.<\/p>\n<h3>Rea\u00e7\u00f5es oficiais e contexto citado<\/h3>\n<p>As informa\u00e7\u00f5es desta mat\u00e9ria s\u00e3o baseadas na reportagem da BBC publicada em 2 de setembro de 2026.<\/p>","protected":false},"excerpt":{"rendered":"<p>Rali em v\u00e1rias cidades, incluindo Madrid com mais de 50 mil, ocorre ap\u00f3s entrada de pelo menos 72.000 migrantes; relat\u00f3rio policial aponta &#8216;permissividade&#8217; das for\u00e7as marroquinas Milhares de pessoas sa\u00edram \u00e0s ruas em cidades da Espanha para protestar contra a forma como o governo lidou com a chegada massiva de migrantes \u00e0 cidade aut\u00f4noma de [&hellip;]<\/p>\n","protected":false},"author":1,"featured_media":0,"comment_status":"","ping_status":"","sticky":false,"template":"","format":"standard","meta":{"googlesitekit_rrm_CAow2JLhCw:productID":"","_gspb_post_css":"","maa_idioma":"","maa_pais":"","footnotes":""},"categories":[40158],"tags":[],"class_list":["post-170106","post","type-post","status-publish","format-standard","hentry","category-world"],"blocksy_meta":[],"yoast_head":"<!-- This site is optimized with the Yoast SEO Premium plugin v27.6 (Yoast SEO v27.6) - https:\/\/yoast.com\/product\/yoast-seo-premium-wordpress\/ -->\n<title>Milhares protestam na Espanha contra atua\u00e7\u00e3o do governo na crise migrat\u00f3ria de Ceuta - Ubirat\u00e3 Online Not\u00edcias - A realidade ao seu alcance!<\/title>\n<meta name=\"description\" content=\"Rali em v\u00e1rias cidades, incluindo Madrid com mais de 50 mil, ocorre ap\u00f3s entrada de pelo menos 72.000 migrantes; relat\u00f3rio policial aponta\" \/>\n<meta name=\"robots\" content=\"index, follow, max-snippet:-1, max-image-preview:large, max-video-preview:-1\" \/>\n<link rel=\"canonical\" href=\"https:\/\/ubirataonline.com.br\/en\/milhares-protestam-na-espanha-contra-atuacao-do-governo-na-crise-migratoria-de-ceuta\/\" \/>\n<meta property=\"og:locale\" content=\"en_US\" \/>\n<meta property=\"og:type\" content=\"article\" \/>\n<meta property=\"og:title\" content=\"Milhares protestam na Espanha contra atua\u00e7\u00e3o do governo na crise migrat\u00f3ria de Ceuta\" \/>\n<meta property=\"og:description\" content=\"Rali em v\u00e1rias cidades, incluindo Madrid com mais de 50 mil, ocorre ap\u00f3s entrada de pelo menos 72.000 migrantes; relat\u00f3rio policial aponta\" \/>\n<meta property=\"og:url\" content=\"https:\/\/ubirataonline.com.br\/en\/milhares-protestam-na-espanha-contra-atuacao-do-governo-na-crise-migratoria-de-ceuta\/\" \/>\n<meta property=\"og:site_name\" content=\"Ubirat\u00e3 Online Not\u00edcias - A realidade ao seu alcance!\" \/>\n<meta property=\"article:publisher\" content=\"https:\/\/www.facebook.com\/portalubirataonline\" \/>\n<meta property=\"article:author\" content=\"https:\/\/www.facebook.com\/portalubirataonline\" \/>\n<meta property=\"article:published_time\" content=\"2026-09-02T22:21:18+00:00\" \/>\n<meta property=\"og:image\" content=\"https:\/\/ubirataonline.com.br\/wp-content\/uploads\/2026\/05\/logo2026.webp\" \/>\n\t<meta property=\"og:image:width\" content=\"1531\" \/>\n\t<meta property=\"og:image:height\" content=\"418\" \/>\n\t<meta property=\"og:image:type\" content=\"image\/webp\" \/>\n<meta name=\"author\" content=\"REDA\u00c7\u00c3O: UBIRAT\u00c3 ONLINE - F\u00c1BIO AUGUSTO CELESTINO\" \/>\n<meta name=\"twitter:card\" content=\"summary_large_image\" \/>\n<meta name=\"twitter:creator\" content=\"@x.com\/ubirataonline\" \/>\n<meta name=\"twitter:site\" content=\"@ubirataonline\" \/>\n<meta name=\"twitter:label1\" content=\"Written by\" \/>\n\t<meta name=\"twitter:data1\" content=\"REDA\u00c7\u00c3O: UBIRAT\u00c3 ONLINE - F\u00c1BIO AUGUSTO CELESTINO\" \/>\n\t<meta name=\"twitter:label2\" content=\"Est. reading time\" \/>\n\t<meta name=\"twitter:data2\" content=\"2 minutes\" \/>\n<script type=\"application\/ld+json\" class=\"yoast-schema-graph\">{\"@context\":\"https:\\\/\\\/schema.org\",\"@graph\":[{\"@type\":\"NewsArticle\",\"@id\":\"https:\\\/\\\/ubirataonline.com.br\\\/milhares-protestam-na-espanha-contra-atuacao-do-governo-na-crise-migratoria-de-ceuta\\\/#article\",\"isPartOf\":{\"@id\":\"https:\\\/\\\/ubirataonline.com.br\\\/milhares-protestam-na-espanha-contra-atuacao-do-governo-na-crise-migratoria-de-ceuta\\\/\"},\"author\":{\"name\":\"REDA\u00c7\u00c3O: UBIRAT\u00c3 ONLINE - F\u00c1BIO AUGUSTO CELESTINO\",\"@id\":\"https:\\\/\\\/ubirataonline.com.br\\\/#\\\/schema\\\/person\\\/372f87bbd3fdd79b8556b84c98d0bc1c\"},\"headline\":\"Milhares protestam na Espanha contra atua\u00e7\u00e3o do governo na crise migrat\u00f3ria de Ceuta\",\"datePublished\":\"2026-09-02T22:21:18+00:00\",\"mainEntityOfPage\":{\"@id\":\"https:\\\/\\\/ubirataonline.com.br\\\/milhares-protestam-na-espanha-contra-atuacao-do-governo-na-crise-migratoria-de-ceuta\\\/\"},\"wordCount\":391,\"publisher\":{\"@id\":\"https:\\\/\\\/ubirataonline.com.br\\\/#organization\"},\"articleSection\":[\"World\"],\"inLanguage\":\"en-US\",\"copyrightYear\":\"2026\",\"copyrightHolder\":{\"@id\":\"https:\\\/\\\/ubirataonline.com.br\\\/en\\\/#organization\"}},{\"@type\":\"WebPage\",\"@id\":\"https:\\\/\\\/ubirataonline.com.br\\\/milhares-protestam-na-espanha-contra-atuacao-do-governo-na-crise-migratoria-de-ceuta\\\/\",\"url\":\"https:\\\/\\\/ubirataonline.com.br\\\/milhares-protestam-na-espanha-contra-atuacao-do-governo-na-crise-migratoria-de-ceuta\\\/\",\"name\":\"Milhares protestam na Espanha contra atua\u00e7\u00e3o do governo na crise migrat\u00f3ria de Ceuta - Ubirat\u00e3 Online Not\u00edcias - A realidade ao seu alcance!\",\"isPartOf\":{\"@id\":\"https:\\\/\\\/ubirataonline.com.br\\\/#website\"},\"datePublished\":\"2026-09-02T22:21:18+00:00\",\"description\":\"Rali em v\u00e1rias cidades, incluindo Madrid com mais de 50 mil, ocorre ap\u00f3s entrada de pelo menos 72.000 migrantes; relat\u00f3rio policial aponta\",\"breadcrumb\":{\"@id\":\"https:\\\/\\\/ubirataonline.com.br\\\/milhares-protestam-na-espanha-contra-atuacao-do-governo-na-crise-migratoria-de-ceuta\\\/#breadcrumb\"},\"inLanguage\":\"en-US\",\"potentialAction\":[{\"@type\":\"ReadAction\",\"target\":[\"https:\\\/\\\/ubirataonline.com.br\\\/milhares-protestam-na-espanha-contra-atuacao-do-governo-na-crise-migratoria-de-ceuta\\\/\"]}]},{\"@type\":\"BreadcrumbList\",\"@id\":\"https:\\\/\\\/ubirataonline.com.br\\\/milhares-protestam-na-espanha-contra-atuacao-do-governo-na-crise-migratoria-de-ceuta\\\/#breadcrumb\",\"itemListElement\":[{\"@type\":\"ListItem\",\"position\":1,\"name\":\"In\u00edcio\",\"item\":\"https:\\\/\\\/ubirataonline.com.br\\\/\"},{\"@type\":\"ListItem\",\"position\":2,\"name\":\"Milhares protestam na Espanha contra atua\u00e7\u00e3o do governo na crise migrat\u00f3ria de Ceuta\"}]},{\"@type\":\"WebSite\",\"@id\":\"https:\\\/\\\/ubirataonline.com.br\\\/#website\",\"url\":\"https:\\\/\\\/ubirataonline.com.br\\\/\",\"name\":\"Ubirat\u00e3 Online Not\u00edcias\",\"description\":\"Not\u00edcias de Ubirat\u00e3, regi\u00e3o, Brasil e mundo, com informa\u00e7\u00e3o atualizada e compromisso com o leitor.\",\"publisher\":{\"@id\":\"https:\\\/\\\/ubirataonline.com.br\\\/#organization\"},\"alternateName\":\"Ubirat\u00e3 Online\",\"potentialAction\":[{\"@type\":\"SearchAction\",\"target\":{\"@type\":\"EntryPoint\",\"urlTemplate\":\"https:\\\/\\\/ubirataonline.com.br\\\/?s={search_term_string}\"},\"query-input\":{\"@type\":\"PropertyValueSpecification\",\"valueRequired\":true,\"valueName\":\"search_term_string\"}}],\"inLanguage\":\"en-US\"},{\"@type\":[\"Organization\",\"Place\"],\"@id\":\"https:\\\/\\\/ubirataonline.com.br\\\/#organization\",\"name\":\"Ubirat\u00e3 Online Not\u00edcias\",\"alternateName\":\"Ubirat\u00e3 Online\",\"url\":\"https:\\\/\\\/ubirataonline.com.br\\\/\",\"logo\":{\"@id\":\"https:\\\/\\\/ubirataonline.com.br\\\/milhares-protestam-na-espanha-contra-atuacao-do-governo-na-crise-migratoria-de-ceuta\\\/#local-main-organization-logo\"},\"image\":{\"@id\":\"https:\\\/\\\/ubirataonline.com.br\\\/milhares-protestam-na-espanha-contra-atuacao-do-governo-na-crise-migratoria-de-ceuta\\\/#local-main-organization-logo\"},\"sameAs\":[\"https:\\\/\\\/www.facebook.com\\\/portalubirataonline\",\"https:\\\/\\\/x.com\\\/ubirataonline\",\"https:\\\/\\\/mastodon.social\\\/@ubirataonline\",\"https:\\\/\\\/www.facebook.com\\\/groups\\\/311144672285604\",\"https:\\\/\\\/www.facebook.com\\\/UBTAOnline\",\"https:\\\/\\\/www.instagram.com\\\/portalubirataonline\\\/\",\"https:\\\/\\\/twitter.com\\\/ubirataonline\"],\"description\":\"Somos um portal de not\u00edcias independente, criado em 5 de janeiro de 2009, com o objetivo de informar, conectar e valorizar a nossa comunidade de Ubirat\u00e3 e toda aregi\u00e3o. Com conte\u00fado atualizado, confi\u00e1vel e relevante, o Ubirat\u00e3 Online \u00e9 o seu espa\u00e7o para ficar por dentro dos principais acontecimentos locais, regionais, Brasil, Mundo e de interesse geral. Nosso compromisso \u00e9 com a verdade, a transpar\u00eancia e o respeito ao leitor.\",\"legalName\":\"UBIRATA ONLINE NOT\u00cdCIAS\",\"foundingDate\":\"2009-01-05\",\"numberOfEmployees\":{\"@type\":\"QuantitativeValue\",\"minValue\":\"1\",\"maxValue\":\"10\"},\"publishingPrinciples\":\"https:\\\/\\\/ubirataonline.com.br\\\/faq\\\/\",\"address\":{\"@id\":\"https:\\\/\\\/ubirataonline.com.br\\\/milhares-protestam-na-espanha-contra-atuacao-do-governo-na-crise-migratoria-de-ceuta\\\/#local-main-place-address\"},\"geo\":{\"@type\":\"GeoCoordinates\",\"latitude\":\"-24.5361401\",\"longitude\":\"-52.9921776\"},\"telephone\":[\"+5544998308235\"],\"contactPoint\":{\"@type\":\"ContactPoint\",\"email\":\"contato@ubirataonline.com.br\"},\"openingHoursSpecification\":{\"@type\":\"OpeningHoursSpecification\",\"dayOfWeek\":[\"Monday\",\"Tuesday\",\"Wednesday\",\"Thursday\",\"Friday\",\"Saturday\",\"Sunday\"],\"opens\":\"00:00\",\"closes\":\"23:59\"},\"email\":\"contato@ubirataonline.com.br\",\"vatID\":\"47.621.418\\\/0001-80\"},{\"@type\":\"Person\",\"@id\":\"https:\\\/\\\/ubirataonline.com.br\\\/#\\\/schema\\\/person\\\/372f87bbd3fdd79b8556b84c98d0bc1c\",\"name\":\"REDA\u00c7\u00c3O: UBIRAT\u00c3 ONLINE - F\u00c1BIO AUGUSTO CELESTINO\",\"pronouns\":\"Ele\",\"description\":\"Desde 2003 trabalhando com not\u00edcias.\",\"sameAs\":[\"http:\\\/\\\/ubirataoline.com.br\",\"https:\\\/\\\/www.facebook.com\\\/portalubirataonline\",\"https:\\\/\\\/www.instagram.com\\\/ubirataonline_oficial\",\"https:\\\/\\\/x.com\\\/x.com\\\/ubirataonline\"],\"honorificPrefix\":\"Mr.\",\"honorificSuffix\":\"MD\",\"birthDate\":\"1980-06-16\",\"gender\":\"masculino\",\"award\":[\"V\u00e1rios pr\u00eamios de melhor portal da cidade\"],\"jobTitle\":\"Diretor\",\"url\":\"https:\\\/\\\/ubirataonline.com.br\\\/en\\\/author\\\/ubirataonline\\\/\"},{\"@type\":\"PostalAddress\",\"@id\":\"https:\\\/\\\/ubirataonline.com.br\\\/milhares-protestam-na-espanha-contra-atuacao-do-governo-na-crise-migratoria-de-ceuta\\\/#local-main-place-address\",\"streetAddress\":\"Rua dos Coqueiros, 104 - Bairro Boa Vista, Rua dos Coqueiros, 104 Bairro Boa Vista\",\"addressLocality\":\"UBIRATA\",\"postalCode\":\"85440-000\",\"addressRegion\":\"PR\",\"addressCountry\":\"BR\"},{\"@type\":\"ImageObject\",\"inLanguage\":\"en-US\",\"@id\":\"https:\\\/\\\/ubirataonline.com.br\\\/milhares-protestam-na-espanha-contra-atuacao-do-governo-na-crise-migratoria-de-ceuta\\\/#local-main-organization-logo\",\"url\":\"https:\\\/\\\/ubirataonline.com.br\\\/wp-content\\\/uploads\\\/2026\\\/06\\\/logoubirataonline-1.webp\",\"contentUrl\":\"https:\\\/\\\/ubirataonline.com.br\\\/wp-content\\\/uploads\\\/2026\\\/06\\\/logoubirataonline-1.webp\",\"width\":500,\"height\":500,\"caption\":\"Ubirat\u00e3 Online Not\u00edcias\"}]}<\/script>\n<meta name=\"geo.placename\" content=\"UBIRATA\" \/>\n<meta name=\"geo.position\" content=\"-24.5361401;-52.9921776\" \/>\n<meta name=\"geo.region\" content=\"Brazil\" \/>\n<!-- \/ Yoast SEO Premium plugin. -->","yoast_head_json":{"title":"Milhares protestam na Espanha contra atua\u00e7\u00e3o do governo na crise migrat\u00f3ria de Ceuta - Ubirat\u00e3 Online Not\u00edcias - A realidade ao seu alcance!","description":"Rali em v\u00e1rias cidades, incluindo Madrid com mais de 50 mil, ocorre ap\u00f3s entrada de pelo menos 72.000 migrantes; relat\u00f3rio policial aponta","robots":{"index":"index","follow":"follow","max-snippet":"max-snippet:-1","max-image-preview":"max-image-preview:large","max-video-preview":"max-video-preview:-1"},"canonical":"https:\/\/ubirataonline.com.br\/en\/milhares-protestam-na-espanha-contra-atuacao-do-governo-na-crise-migratoria-de-ceuta\/","og_locale":"en_US","og_type":"article","og_title":"Milhares protestam na Espanha contra atua\u00e7\u00e3o do governo na crise migrat\u00f3ria de Ceuta","og_description":"Rali em v\u00e1rias cidades, incluindo Madrid com mais de 50 mil, ocorre ap\u00f3s entrada de pelo menos 72.000 migrantes; relat\u00f3rio policial aponta","og_url":"https:\/\/ubirataonline.com.br\/en\/milhares-protestam-na-espanha-contra-atuacao-do-governo-na-crise-migratoria-de-ceuta\/","og_site_name":"Ubirat\u00e3 Online Not\u00edcias - A realidade ao seu alcance!","article_publisher":"https:\/\/www.facebook.com\/portalubirataonline","article_author":"https:\/\/www.facebook.com\/portalubirataonline","article_published_time":"2026-09-02T22:21:18+00:00","og_image":[{"width":1531,"height":418,"url":"https:\/\/ubirataonline.com.br\/wp-content\/uploads\/2026\/05\/logo2026.webp","type":"image\/webp"}],"author":"REDA\u00c7\u00c3O: UBIRAT\u00c3 ONLINE - F\u00c1BIO AUGUSTO CELESTINO","twitter_card":"summary_large_image","twitter_creator":"@x.com\/ubirataonline","twitter_site":"@ubirataonline","twitter_misc":{"Written by":"REDA\u00c7\u00c3O: UBIRAT\u00c3 ONLINE - F\u00c1BIO AUGUSTO CELESTINO","Est. reading time":"2 minutes"},"schema":{"@context":"https:\/\/schema.org","@graph":[{"@type":"NewsArticle","@id":"https:\/\/ubirataonline.com.br\/milhares-protestam-na-espanha-contra-atuacao-do-governo-na-crise-migratoria-de-ceuta\/#article","isPartOf":{"@id":"https:\/\/ubirataonline.com.br\/milhares-protestam-na-espanha-contra-atuacao-do-governo-na-crise-migratoria-de-ceuta\/"},"author":{"name":"REDA\u00c7\u00c3O: UBIRAT\u00c3 ONLINE - F\u00c1BIO AUGUSTO CELESTINO","@id":"https:\/\/ubirataonline.com.br\/#\/schema\/person\/372f87bbd3fdd79b8556b84c98d0bc1c"},"headline":"Milhares protestam na Espanha contra atua\u00e7\u00e3o do governo na crise migrat\u00f3ria de Ceuta","datePublished":"2026-09-02T22:21:18+00:00","mainEntityOfPage":{"@id":"https:\/\/ubirataonline.com.br\/milhares-protestam-na-espanha-contra-atuacao-do-governo-na-crise-migratoria-de-ceuta\/"},"wordCount":391,"publisher":{"@id":"https:\/\/ubirataonline.com.br\/#organization"},"articleSection":["World"],"inLanguage":"en-US","copyrightYear":"2026","copyrightHolder":{"@id":"https:\/\/ubirataonline.com.br\/en\/#organization"}},{"@type":"WebPage","@id":"https:\/\/ubirataonline.com.br\/milhares-protestam-na-espanha-contra-atuacao-do-governo-na-crise-migratoria-de-ceuta\/","url":"https:\/\/ubirataonline.com.br\/milhares-protestam-na-espanha-contra-atuacao-do-governo-na-crise-migratoria-de-ceuta\/","name":"Milhares protestam na Espanha contra atua\u00e7\u00e3o do governo na crise migrat\u00f3ria de Ceuta - Ubirat\u00e3 Online Not\u00edcias - A realidade ao seu alcance!","isPartOf":{"@id":"https:\/\/ubirataonline.com.br\/#website"},"datePublished":"2026-09-02T22:21:18+00:00","description":"Rali em v\u00e1rias cidades, incluindo Madrid com mais de 50 mil, ocorre ap\u00f3s entrada de pelo menos 72.000 migrantes; relat\u00f3rio policial aponta","breadcrumb":{"@id":"https:\/\/ubirataonline.com.br\/milhares-protestam-na-espanha-contra-atuacao-do-governo-na-crise-migratoria-de-ceuta\/#breadcrumb"},"inLanguage":"en-US","potentialAction":[{"@type":"ReadAction","target":["https:\/\/ubirataonline.com.br\/milhares-protestam-na-espanha-contra-atuacao-do-governo-na-crise-migratoria-de-ceuta\/"]}]},{"@type":"BreadcrumbList","@id":"https:\/\/ubirataonline.com.br\/milhares-protestam-na-espanha-contra-atuacao-do-governo-na-crise-migratoria-de-ceuta\/#breadcrumb","itemListElement":[{"@type":"ListItem","position":1,"name":"In\u00edcio","item":"https:\/\/ubirataonline.com.br\/"},{"@type":"ListItem","position":2,"name":"Milhares protestam na Espanha contra atua\u00e7\u00e3o do governo na crise migrat\u00f3ria de Ceuta"}]},{"@type":"WebSite","@id":"https:\/\/ubirataonline.com.br\/#website","url":"https:\/\/ubirataonline.com.br\/","name":"Ubirat\u00e3 Online Not\u00edcias","description":"Not\u00edcias de Ubirat\u00e3, regi\u00e3o, Brasil e mundo, com informa\u00e7\u00e3o atualizada e compromisso com o leitor.","publisher":{"@id":"https:\/\/ubirataonline.com.br\/#organization"},"alternateName":"Ubirat\u00e3 Online","potentialAction":[{"@type":"SearchAction","target":{"@type":"EntryPoint","urlTemplate":"https:\/\/ubirataonline.com.br\/?s={search_term_string}"},"query-input":{"@type":"PropertyValueSpecification","valueRequired":true,"valueName":"search_term_string"}}],"inLanguage":"en-US"},{"@type":["Organization","Place"],"@id":"https:\/\/ubirataonline.com.br\/#organization","name":"Ubirat\u00e3 Online Not\u00edcias","alternateName":"Ubirat\u00e3 Online","url":"https:\/\/ubirataonline.com.br\/","logo":{"@id":"https:\/\/ubirataonline.com.br\/milhares-protestam-na-espanha-contra-atuacao-do-governo-na-crise-migratoria-de-ceuta\/#local-main-organization-logo"},"image":{"@id":"https:\/\/ubirataonline.com.br\/milhares-protestam-na-espanha-contra-atuacao-do-governo-na-crise-migratoria-de-ceuta\/#local-main-organization-logo"},"sameAs":["https:\/\/www.facebook.com\/portalubirataonline","https:\/\/x.com\/ubirataonline","https:\/\/mastodon.social\/@ubirataonline","https:\/\/www.facebook.com\/groups\/311144672285604","https:\/\/www.facebook.com\/UBTAOnline","https:\/\/www.instagram.com\/portalubirataonline\/","https:\/\/twitter.com\/ubirataonline"],"description":"Somos um portal de not\u00edcias independente, criado em 5 de janeiro de 2009, com o objetivo de informar, conectar e valorizar a nossa comunidade de Ubirat\u00e3 e toda aregi\u00e3o. Com conte\u00fado atualizado, confi\u00e1vel e relevante, o Ubirat\u00e3 Online \u00e9 o seu espa\u00e7o para ficar por dentro dos principais acontecimentos locais, regionais, Brasil, Mundo e de interesse geral. Nosso compromisso \u00e9 com a verdade, a transpar\u00eancia e o respeito ao leitor.","legalName":"UBIRATA ONLINE NOT\u00cdCIAS","foundingDate":"2009-01-05","numberOfEmployees":{"@type":"QuantitativeValue","minValue":"1","maxValue":"10"},"publishingPrinciples":"https:\/\/ubirataonline.com.br\/faq\/","address":{"@id":"https:\/\/ubirataonline.com.br\/milhares-protestam-na-espanha-contra-atuacao-do-governo-na-crise-migratoria-de-ceuta\/#local-main-place-address"},"geo":{"@type":"GeoCoordinates","latitude":"-24.5361401","longitude":"-52.9921776"},"telephone":["+5544998308235"],"contactPoint":{"@type":"ContactPoint","email":"contato@ubirataonline.com.br"},"openingHoursSpecification":{"@type":"OpeningHoursSpecification","dayOfWeek":["Monday","Tuesday","Wednesday","Thursday","Friday","Saturday","Sunday"],"opens":"00:00","closes":"23:59"},"email":"contato@ubirataonline.com.br","vatID":"47.621.418\/0001-80"},{"@type":"Person","@id":"https:\/\/ubirataonline.com.br\/#\/schema\/person\/372f87bbd3fdd79b8556b84c98d0bc1c","name":"REDA\u00c7\u00c3O: UBIRAT\u00c3 ONLINE - F\u00c1BIO AUGUSTO CELESTINO","pronouns":"Ele","description":"Desde 2003 trabalhando com not\u00edcias.","sameAs":["http:\/\/ubirataoline.com.br","https:\/\/www.facebook.com\/portalubirataonline","https:\/\/www.instagram.com\/ubirataonline_oficial","https:\/\/x.com\/x.com\/ubirataonline"],"honorificPrefix":"Mr.","honorificSuffix":"MD","birthDate":"1980-06-16","gender":"masculino","award":["V\u00e1rios pr\u00eamios de melhor portal da cidade"],"jobTitle":"Diretor","url":"https:\/\/ubirataonline.com.br\/en\/author\/ubirataonline\/"},{"@type":"PostalAddress","@id":"https:\/\/ubirataonline.com.br\/milhares-protestam-na-espanha-contra-atuacao-do-governo-na-crise-migratoria-de-ceuta\/#local-main-place-address","streetAddress":"Rua dos Coqueiros, 104 - Bairro Boa Vista, Rua dos Coqueiros, 104 Bairro Boa Vista","addressLocality":"UBIRATA","postalCode":"85440-000","addressRegion":"PR","addressCountry":"BR"},{"@type":"ImageObject","inLanguage":"en-US","@id":"https:\/\/ubirataonline.com.br\/milhares-protestam-na-espanha-contra-atuacao-do-governo-na-crise-migratoria-de-ceuta\/#local-main-organization-logo","url":"https:\/\/ubirataonline.com.br\/wp-content\/uploads\/2026\/06\/logoubirataonline-1.webp","contentUrl":"https:\/\/ubirataonline.com.br\/wp-content\/uploads\/2026\/06\/logoubirataonline-1.webp","width":500,"height":500,"caption":"Ubirat\u00e3 Online Not\u00edcias"}]},"geo.placename":"UBIRATA","geo.position":{"lat":"-24.5361401","long":"-52.9921776"},"geo.region":"Brazil"},"_links":{"self":[{"href":"https:\/\/ubirataonline.com.br\/en\/wp-json\/wp\/v2\/posts\/170106","targetHints":{"allow":["GET"]}}],"collection":[{"href":"https:\/\/ubirataonline.com.br\/en\/wp-json\/wp\/v2\/posts"}],"about":[{"href":"https:\/\/ubirataonline.com.br\/en\/wp-json\/wp\/v2\/types\/post"}],"author":[{"embeddable":true,"href":"https:\/\/ubirataonline.com.br\/en\/wp-json\/wp\/v2\/users\/1"}],"replies":[{"embeddable":true,"href":"https:\/\/ubirataonline.com.br\/en\/wp-json\/wp\/v2\/comments?post=170106"}],"version-history":[{"count":0,"href":"https:\/\/ubirataonline.com.br\/en\/wp-json\/wp\/v2\/posts\/170106\/revisions"}],"wp:attachment":[{"href":"https:\/\/ubirataonline.com.br\/en\/wp-json\/wp\/v2\/media?parent=170106"}],"wp:term":[{"taxonomy":"category","embeddable":true,"href":"https:\/\/ubirataonline.com.br\/en\/wp-json\/wp\/v2\/categories?post=170106"},{"taxonomy":"post_tag","embeddable":true,"href":"https:\/\/ubirataonline.com.br\/en\/wp-json\/wp\/v2\/tags?post=170106"}],"curies":[{"name":"wp","href":"https:\/\/api.w.org\/{rel}","templated":true}]}}