{"id":170107,"date":"2026-09-02T19:21:56","date_gmt":"2026-09-02T22:21:56","guid":{"rendered":"https:\/\/ubirataonline.com.br\/permanencia-de-adriano-souza-no-treze-e-condicionada-a-continuidade-da-gestao-pela-spe\/"},"modified":"2026-09-02T19:21:56","modified_gmt":"2026-09-02T22:21:56","slug":"permanencia-de-adriano-souza-no-treze-e-condicionada-a-continuidade-da-gestao-pela-spe","status":"publish","type":"post","link":"https:\/\/ubirataonline.com.br\/en\/permanencia-de-adriano-souza-no-treze-e-condicionada-a-continuidade-da-gestao-pela-spe\/","title":{"rendered":"Perman\u00eancia de Adriano Souza no Treze \u00e9 condicionada \u00e0 continuidade da gest\u00e3o pela SPE"},"content":{"rendered":"<h2>O t\u00e9cnico do Treze, Adriano Souza, condicionou a sua perman\u00eancia no comando da equipe \u00e0 manuten\u00e7\u00e3o da Sociedade de Prop\u00f3sito Espec\u00edfico (SPE) na gest\u00e3o do futebol alvinegro.<\/h2>\n<p>O cen\u00e1rio de incertezas no Treze ganhou um novo cap\u00edtulo envolvendo o planejamento para a temporada 2027. O t\u00e9cnico Adriano Souza, que renovou seu v\u00ednculo por dois anos ap\u00f3s a boa campanha na S\u00e9rie D, afirmou que o seguimento de seu trabalho depende diretamente da estabilidade financeira proporcionada pela SPE.<\/p>\n<p>Conforme informa\u00e7\u00e3o divulgada pelo ge, o treinador destacou que tanto ele quanto os atletas aguardam um desfecho positivo para a situa\u00e7\u00e3o administrativa. O projeto atual, segundo Souza, foi desenhado com base nos aportes e na gest\u00e3o profissional que a sociedade prometeu implementar no clube.<\/p>\n<p>A situa\u00e7\u00e3o ganhou contornos cr\u00edticos ap\u00f3s uma decis\u00e3o judicial liminar, proferida pelo juiz Henrique Jorge J\u00e1come, que proibiu o Treze de contratar novos atletas. A restri\u00e7\u00e3o atende a um pedido de credores da recupera\u00e7\u00e3o judicial, que alegam falta de transpar\u00eancia na constitui\u00e7\u00e3o da SPE.<\/p>\n<h3>O impacto jur\u00eddico nas opera\u00e7\u00f5es do clube<\/h3>\n<p>A Justi\u00e7a determinou que o clube apresente documentos e explica\u00e7\u00f5es sobre a cria\u00e7\u00e3o da Treze Futebol S.A. no prazo de 15 dias. A institui\u00e7\u00e3o deve esclarecer a origem dos R$ 13 milh\u00f5es de capital social declarados, al\u00e9m de detalhar contratos e movimenta\u00e7\u00f5es banc\u00e1rias.<\/p>\n<p>Em caso de descumprimento da ordem judicial, foi fixada uma multa di\u00e1ria de R$ 5.000, com limite inicial de R$ 50 mil. O imbr\u00f3glio trava as atividades administrativas e impede a oficializa\u00e7\u00e3o de refor\u00e7os para o elenco que disputar\u00e1 a Copa Para\u00edba.<\/p>\n<h3>Planejamento t\u00e9cnico e expectativas<\/h3>\n<p>Apesar da crise, o planejamento desportivo segue em curso com a expectativa de que o impasse seja resolvido. Adriano Souza refor\u00e7ou que a renova\u00e7\u00e3o de seu contrato contou com o aval da presid\u00eancia do clube e dos gestores da SPE, focando na continuidade de um projeto de m\u00e9dio prazo.<\/p>\n<h3>Perguntas Frequentes (FAQ)<\/h3>\n<p><b>Por que o t\u00e9cnico Adriano Souza pode deixar o Treze?<\/b> Ele condicionou sua perman\u00eancia \u00e0 continuidade da SPE na gest\u00e3o do futebol, argumentando que o projeto de estabilidade financeira e profissionaliza\u00e7\u00e3o depende dessa estrutura.<\/p>\n<p><b>O que a Justi\u00e7a decidiu sobre o Treze?<\/b> O clube foi proibido de contratar novos atletas por meio de uma liminar, que tamb\u00e9m exige explica\u00e7\u00f5es sobre a legalidade e a transpar\u00eancia da cria\u00e7\u00e3o da SPE.<\/p>\n<p><b>Qual o prazo para o clube se explicar \u00e0 Justi\u00e7a?<\/b> A institui\u00e7\u00e3o possui 15 dias, contados a partir da decis\u00e3o, para apresentar documentos sobre a origem dos R$ 13 milh\u00f5es de capital social e os contratos firmados.<\/p>\n<p>Quando come\u00e7a a pr\u00e9-temporada do Galo? O planejamento do clube prev\u00ea o in\u00edcio dos trabalhos para o dia 28 de setembro, com a apresenta\u00e7\u00e3o da comiss\u00e3o T\u00e9cnico e dos jogadores contratados.<\/p>\n<p><b>O que os credores alegam no processo?<\/b> Os credores afirmam que a constitui\u00e7\u00e3o da SPE para gerir ativos e o futebol do clube n\u00e3o foi comunicada de maneira adequada no processo de recupera\u00e7\u00e3o judicial da equipe.<\/p>","protected":false},"excerpt":{"rendered":"<p>O t\u00e9cnico do Treze, Adriano Souza, condicionou a sua perman\u00eancia no comando da equipe \u00e0 manuten\u00e7\u00e3o da Sociedade de Prop\u00f3sito Espec\u00edfico (SPE) na gest\u00e3o do futebol alvinegro. O cen\u00e1rio de incertezas no Treze ganhou um novo cap\u00edtulo envolvendo o planejamento para a temporada 2027. O t\u00e9cnico Adriano Souza, que renovou seu v\u00ednculo por dois anos [&hellip;]<\/p>\n","protected":false},"author":1,"featured_media":170108,"comment_status":"","ping_status":"","sticky":false,"template":"","format":"standard","meta":{"googlesitekit_rrm_CAow2JLhCw:productID":"","_gspb_post_css":"","maa_idioma":"","maa_pais":"","footnotes":""},"categories":[40744],"tags":[],"class_list":["post-170107","post","type-post","status-publish","format-standard","has-post-thumbnail","hentry","category-esportes"],"blocksy_meta":[],"yoast_head":"<!-- This site is optimized with the Yoast SEO Premium plugin v27.6 (Yoast SEO v27.6) - https:\/\/yoast.com\/product\/yoast-seo-premium-wordpress\/ -->\n<title>Perman\u00eancia de Adriano Souza no Treze \u00e9 condicionada \u00e0 continuidade da gest\u00e3o pela SPE - Ubirat\u00e3 Online Not\u00edcias - A realidade ao seu alcance!<\/title>\n<meta name=\"description\" content=\"O t\u00e9cnico do Treze, Adriano Souza, condicionou a sua perman\u00eancia no comando da equipe \u00e0 manuten\u00e7\u00e3o da Sociedade de Prop\u00f3sito Espec\u00edfico (SPE) na gest\u00e3o do\" \/>\n<meta name=\"robots\" content=\"index, follow, max-snippet:-1, max-image-preview:large, max-video-preview:-1\" \/>\n<link rel=\"canonical\" href=\"https:\/\/ubirataonline.com.br\/en\/permanencia-de-adriano-souza-no-treze-e-condicionada-a-continuidade-da-gestao-pela-spe\/\" \/>\n<meta property=\"og:locale\" content=\"en_US\" \/>\n<meta property=\"og:type\" content=\"article\" \/>\n<meta property=\"og:title\" content=\"Perman\u00eancia de Adriano Souza no Treze \u00e9 condicionada \u00e0 continuidade da gest\u00e3o pela SPE\" \/>\n<meta property=\"og:description\" content=\"O t\u00e9cnico do Treze, Adriano Souza, condicionou a sua perman\u00eancia no comando da equipe \u00e0 manuten\u00e7\u00e3o da Sociedade de Prop\u00f3sito Espec\u00edfico (SPE) na gest\u00e3o do\" \/>\n<meta property=\"og:url\" content=\"https:\/\/ubirataonline.com.br\/en\/permanencia-de-adriano-souza-no-treze-e-condicionada-a-continuidade-da-gestao-pela-spe\/\" \/>\n<meta property=\"og:site_name\" content=\"Ubirat\u00e3 Online Not\u00edcias - A realidade ao seu alcance!\" \/>\n<meta property=\"article:publisher\" content=\"https:\/\/www.facebook.com\/portalubirataonline\" \/>\n<meta property=\"article:author\" content=\"https:\/\/www.facebook.com\/portalubirataonline\" \/>\n<meta property=\"article:published_time\" content=\"2026-09-02T22:21:56+00:00\" \/>\n<meta property=\"og:image\" content=\"https:\/\/ubirataonline.com.br\/wp-content\/uploads\/2026\/05\/logo2026.webp\" \/>\n\t<meta property=\"og:image:width\" content=\"1531\" \/>\n\t<meta property=\"og:image:height\" content=\"418\" \/>\n\t<meta property=\"og:image:type\" content=\"image\/webp\" \/>\n<meta name=\"author\" content=\"REDA\u00c7\u00c3O: UBIRAT\u00c3 ONLINE - F\u00c1BIO AUGUSTO CELESTINO\" \/>\n<meta name=\"twitter:card\" content=\"summary_large_image\" \/>\n<meta name=\"twitter:creator\" content=\"@x.com\/ubirataonline\" \/>\n<meta name=\"twitter:site\" content=\"@ubirataonline\" \/>\n<meta name=\"twitter:label1\" content=\"Written by\" \/>\n\t<meta name=\"twitter:data1\" content=\"REDA\u00c7\u00c3O: UBIRAT\u00c3 ONLINE - F\u00c1BIO AUGUSTO CELESTINO\" \/>\n\t<meta name=\"twitter:label2\" content=\"Est. reading time\" \/>\n\t<meta name=\"twitter:data2\" content=\"3 minutes\" \/>\n<script type=\"application\/ld+json\" class=\"yoast-schema-graph\">{\"@context\":\"https:\\\/\\\/schema.org\",\"@graph\":[{\"@type\":\"NewsArticle\",\"@id\":\"https:\\\/\\\/ubirataonline.com.br\\\/permanencia-de-adriano-souza-no-treze-e-condicionada-a-continuidade-da-gestao-pela-spe\\\/#article\",\"isPartOf\":{\"@id\":\"https:\\\/\\\/ubirataonline.com.br\\\/permanencia-de-adriano-souza-no-treze-e-condicionada-a-continuidade-da-gestao-pela-spe\\\/\"},\"author\":{\"name\":\"REDA\u00c7\u00c3O: UBIRAT\u00c3 ONLINE - F\u00c1BIO AUGUSTO CELESTINO\",\"@id\":\"https:\\\/\\\/ubirataonline.com.br\\\/#\\\/schema\\\/person\\\/372f87bbd3fdd79b8556b84c98d0bc1c\"},\"headline\":\"Perman\u00eancia de Adriano Souza no Treze \u00e9 condicionada \u00e0 continuidade da gest\u00e3o pela SPE\",\"datePublished\":\"2026-09-02T22:21:56+00:00\",\"mainEntityOfPage\":{\"@id\":\"https:\\\/\\\/ubirataonline.com.br\\\/permanencia-de-adriano-souza-no-treze-e-condicionada-a-continuidade-da-gestao-pela-spe\\\/\"},\"wordCount\":556,\"publisher\":{\"@id\":\"https:\\\/\\\/ubirataonline.com.br\\\/#organization\"},\"image\":{\"@id\":\"https:\\\/\\\/ubirataonline.com.br\\\/permanencia-de-adriano-souza-no-treze-e-condicionada-a-continuidade-da-gestao-pela-spe\\\/#primaryimage\"},\"thumbnailUrl\":\"https:\\\/\\\/ubirataonline.com.br\\\/wp-content\\\/uploads\\\/2026\\\/09\\\/maaimg-post-170107-20260902-222212.webp\",\"articleSection\":[\"Esportes\"],\"inLanguage\":\"en-US\",\"copyrightYear\":\"2026\",\"copyrightHolder\":{\"@id\":\"https:\\\/\\\/ubirataonline.com.br\\\/en\\\/#organization\"}},{\"@type\":\"WebPage\",\"@id\":\"https:\\\/\\\/ubirataonline.com.br\\\/permanencia-de-adriano-souza-no-treze-e-condicionada-a-continuidade-da-gestao-pela-spe\\\/\",\"url\":\"https:\\\/\\\/ubirataonline.com.br\\\/permanencia-de-adriano-souza-no-treze-e-condicionada-a-continuidade-da-gestao-pela-spe\\\/\",\"name\":\"Perman\u00eancia de Adriano Souza no Treze \u00e9 condicionada \u00e0 continuidade da gest\u00e3o pela SPE - Ubirat\u00e3 Online Not\u00edcias - A realidade ao seu alcance!\",\"isPartOf\":{\"@id\":\"https:\\\/\\\/ubirataonline.com.br\\\/#website\"},\"primaryImageOfPage\":{\"@id\":\"https:\\\/\\\/ubirataonline.com.br\\\/permanencia-de-adriano-souza-no-treze-e-condicionada-a-continuidade-da-gestao-pela-spe\\\/#primaryimage\"},\"image\":{\"@id\":\"https:\\\/\\\/ubirataonline.com.br\\\/permanencia-de-adriano-souza-no-treze-e-condicionada-a-continuidade-da-gestao-pela-spe\\\/#primaryimage\"},\"thumbnailUrl\":\"https:\\\/\\\/ubirataonline.com.br\\\/wp-content\\\/uploads\\\/2026\\\/09\\\/maaimg-post-170107-20260902-222212.webp\",\"datePublished\":\"2026-09-02T22:21:56+00:00\",\"description\":\"O t\u00e9cnico do Treze, Adriano Souza, condicionou a sua perman\u00eancia no comando da equipe \u00e0 manuten\u00e7\u00e3o da Sociedade de Prop\u00f3sito Espec\u00edfico (SPE) na gest\u00e3o do\",\"breadcrumb\":{\"@id\":\"https:\\\/\\\/ubirataonline.com.br\\\/permanencia-de-adriano-souza-no-treze-e-condicionada-a-continuidade-da-gestao-pela-spe\\\/#breadcrumb\"},\"inLanguage\":\"en-US\",\"potentialAction\":[{\"@type\":\"ReadAction\",\"target\":[\"https:\\\/\\\/ubirataonline.com.br\\\/permanencia-de-adriano-souza-no-treze-e-condicionada-a-continuidade-da-gestao-pela-spe\\\/\"]}]},{\"@type\":\"ImageObject\",\"inLanguage\":\"en-US\",\"@id\":\"https:\\\/\\\/ubirataonline.com.br\\\/permanencia-de-adriano-souza-no-treze-e-condicionada-a-continuidade-da-gestao-pela-spe\\\/#primaryimage\",\"url\":\"https:\\\/\\\/ubirataonline.com.br\\\/wp-content\\\/uploads\\\/2026\\\/09\\\/maaimg-post-170107-20260902-222212.webp\",\"contentUrl\":\"https:\\\/\\\/ubirataonline.com.br\\\/wp-content\\\/uploads\\\/2026\\\/09\\\/maaimg-post-170107-20260902-222212.webp\",\"width\":1536,\"height\":1024,\"caption\":\"Imagem ilustrativa Gerada por IA\"},{\"@type\":\"BreadcrumbList\",\"@id\":\"https:\\\/\\\/ubirataonline.com.br\\\/permanencia-de-adriano-souza-no-treze-e-condicionada-a-continuidade-da-gestao-pela-spe\\\/#breadcrumb\",\"itemListElement\":[{\"@type\":\"ListItem\",\"position\":1,\"name\":\"In\u00edcio\",\"item\":\"https:\\\/\\\/ubirataonline.com.br\\\/\"},{\"@type\":\"ListItem\",\"position\":2,\"name\":\"Perman\u00eancia de Adriano Souza no Treze \u00e9 condicionada \u00e0 continuidade da gest\u00e3o pela SPE\"}]},{\"@type\":\"WebSite\",\"@id\":\"https:\\\/\\\/ubirataonline.com.br\\\/#website\",\"url\":\"https:\\\/\\\/ubirataonline.com.br\\\/\",\"name\":\"Ubirat\u00e3 Online Not\u00edcias\",\"description\":\"Not\u00edcias de Ubirat\u00e3, regi\u00e3o, Brasil e mundo, com informa\u00e7\u00e3o atualizada e compromisso com o leitor.\",\"publisher\":{\"@id\":\"https:\\\/\\\/ubirataonline.com.br\\\/#organization\"},\"alternateName\":\"Ubirat\u00e3 Online\",\"potentialAction\":[{\"@type\":\"SearchAction\",\"target\":{\"@type\":\"EntryPoint\",\"urlTemplate\":\"https:\\\/\\\/ubirataonline.com.br\\\/?s={search_term_string}\"},\"query-input\":{\"@type\":\"PropertyValueSpecification\",\"valueRequired\":true,\"valueName\":\"search_term_string\"}}],\"inLanguage\":\"en-US\"},{\"@type\":[\"Organization\",\"Place\"],\"@id\":\"https:\\\/\\\/ubirataonline.com.br\\\/#organization\",\"name\":\"Ubirat\u00e3 Online Not\u00edcias\",\"alternateName\":\"Ubirat\u00e3 Online\",\"url\":\"https:\\\/\\\/ubirataonline.com.br\\\/\",\"logo\":{\"@id\":\"https:\\\/\\\/ubirataonline.com.br\\\/permanencia-de-adriano-souza-no-treze-e-condicionada-a-continuidade-da-gestao-pela-spe\\\/#local-main-organization-logo\"},\"image\":{\"@id\":\"https:\\\/\\\/ubirataonline.com.br\\\/permanencia-de-adriano-souza-no-treze-e-condicionada-a-continuidade-da-gestao-pela-spe\\\/#local-main-organization-logo\"},\"sameAs\":[\"https:\\\/\\\/www.facebook.com\\\/portalubirataonline\",\"https:\\\/\\\/x.com\\\/ubirataonline\",\"https:\\\/\\\/mastodon.social\\\/@ubirataonline\",\"https:\\\/\\\/www.facebook.com\\\/groups\\\/311144672285604\",\"https:\\\/\\\/www.facebook.com\\\/UBTAOnline\",\"https:\\\/\\\/www.instagram.com\\\/portalubirataonline\\\/\",\"https:\\\/\\\/twitter.com\\\/ubirataonline\"],\"description\":\"Somos um portal de not\u00edcias independente, criado em 5 de janeiro de 2009, com o objetivo de informar, conectar e valorizar a nossa comunidade de Ubirat\u00e3 e toda aregi\u00e3o. Com conte\u00fado atualizado, confi\u00e1vel e relevante, o Ubirat\u00e3 Online \u00e9 o seu espa\u00e7o para ficar por dentro dos principais acontecimentos locais, regionais, Brasil, Mundo e de interesse geral. Nosso compromisso \u00e9 com a verdade, a transpar\u00eancia e o respeito ao leitor.\",\"legalName\":\"UBIRATA ONLINE NOT\u00cdCIAS\",\"foundingDate\":\"2009-01-05\",\"numberOfEmployees\":{\"@type\":\"QuantitativeValue\",\"minValue\":\"1\",\"maxValue\":\"10\"},\"publishingPrinciples\":\"https:\\\/\\\/ubirataonline.com.br\\\/faq\\\/\",\"address\":{\"@id\":\"https:\\\/\\\/ubirataonline.com.br\\\/permanencia-de-adriano-souza-no-treze-e-condicionada-a-continuidade-da-gestao-pela-spe\\\/#local-main-place-address\"},\"geo\":{\"@type\":\"GeoCoordinates\",\"latitude\":\"-24.5361401\",\"longitude\":\"-52.9921776\"},\"telephone\":[\"+5544998308235\"],\"contactPoint\":{\"@type\":\"ContactPoint\",\"email\":\"contato@ubirataonline.com.br\"},\"openingHoursSpecification\":{\"@type\":\"OpeningHoursSpecification\",\"dayOfWeek\":[\"Monday\",\"Tuesday\",\"Wednesday\",\"Thursday\",\"Friday\",\"Saturday\",\"Sunday\"],\"opens\":\"00:00\",\"closes\":\"23:59\"},\"email\":\"contato@ubirataonline.com.br\",\"vatID\":\"47.621.418\\\/0001-80\"},{\"@type\":\"Person\",\"@id\":\"https:\\\/\\\/ubirataonline.com.br\\\/#\\\/schema\\\/person\\\/372f87bbd3fdd79b8556b84c98d0bc1c\",\"name\":\"REDA\u00c7\u00c3O: UBIRAT\u00c3 ONLINE - F\u00c1BIO AUGUSTO CELESTINO\",\"pronouns\":\"Ele\",\"description\":\"Desde 2003 trabalhando com not\u00edcias.\",\"sameAs\":[\"http:\\\/\\\/ubirataoline.com.br\",\"https:\\\/\\\/www.facebook.com\\\/portalubirataonline\",\"https:\\\/\\\/www.instagram.com\\\/ubirataonline_oficial\",\"https:\\\/\\\/x.com\\\/x.com\\\/ubirataonline\"],\"honorificPrefix\":\"Mr.\",\"honorificSuffix\":\"MD\",\"birthDate\":\"1980-06-16\",\"gender\":\"masculino\",\"award\":[\"V\u00e1rios pr\u00eamios de melhor portal da cidade\"],\"jobTitle\":\"Diretor\",\"url\":\"https:\\\/\\\/ubirataonline.com.br\\\/en\\\/author\\\/ubirataonline\\\/\"},{\"@type\":\"PostalAddress\",\"@id\":\"https:\\\/\\\/ubirataonline.com.br\\\/permanencia-de-adriano-souza-no-treze-e-condicionada-a-continuidade-da-gestao-pela-spe\\\/#local-main-place-address\",\"streetAddress\":\"Rua dos Coqueiros, 104 - Bairro Boa Vista, Rua dos Coqueiros, 104 Bairro Boa Vista\",\"addressLocality\":\"UBIRATA\",\"postalCode\":\"85440-000\",\"addressRegion\":\"PR\",\"addressCountry\":\"BR\"},{\"@type\":\"ImageObject\",\"inLanguage\":\"en-US\",\"@id\":\"https:\\\/\\\/ubirataonline.com.br\\\/permanencia-de-adriano-souza-no-treze-e-condicionada-a-continuidade-da-gestao-pela-spe\\\/#local-main-organization-logo\",\"url\":\"https:\\\/\\\/ubirataonline.com.br\\\/wp-content\\\/uploads\\\/2026\\\/06\\\/logoubirataonline-1.webp\",\"contentUrl\":\"https:\\\/\\\/ubirataonline.com.br\\\/wp-content\\\/uploads\\\/2026\\\/06\\\/logoubirataonline-1.webp\",\"width\":500,\"height\":500,\"caption\":\"Ubirat\u00e3 Online Not\u00edcias\"}]}<\/script>\n<meta name=\"geo.placename\" content=\"UBIRATA\" \/>\n<meta name=\"geo.position\" content=\"-24.5361401;-52.9921776\" \/>\n<meta name=\"geo.region\" content=\"Brazil\" \/>\n<!-- \/ Yoast SEO Premium plugin. -->","yoast_head_json":{"title":"Perman\u00eancia de Adriano Souza no Treze \u00e9 condicionada \u00e0 continuidade da gest\u00e3o pela SPE - Ubirat\u00e3 Online Not\u00edcias - A realidade ao seu alcance!","description":"O t\u00e9cnico do Treze, Adriano Souza, condicionou a sua perman\u00eancia no comando da equipe \u00e0 manuten\u00e7\u00e3o da Sociedade de Prop\u00f3sito Espec\u00edfico (SPE) na gest\u00e3o do","robots":{"index":"index","follow":"follow","max-snippet":"max-snippet:-1","max-image-preview":"max-image-preview:large","max-video-preview":"max-video-preview:-1"},"canonical":"https:\/\/ubirataonline.com.br\/en\/permanencia-de-adriano-souza-no-treze-e-condicionada-a-continuidade-da-gestao-pela-spe\/","og_locale":"en_US","og_type":"article","og_title":"Perman\u00eancia de Adriano Souza no Treze \u00e9 condicionada \u00e0 continuidade da gest\u00e3o pela SPE","og_description":"O t\u00e9cnico do Treze, Adriano Souza, condicionou a sua perman\u00eancia no comando da equipe \u00e0 manuten\u00e7\u00e3o da Sociedade de Prop\u00f3sito Espec\u00edfico (SPE) na gest\u00e3o do","og_url":"https:\/\/ubirataonline.com.br\/en\/permanencia-de-adriano-souza-no-treze-e-condicionada-a-continuidade-da-gestao-pela-spe\/","og_site_name":"Ubirat\u00e3 Online Not\u00edcias - A realidade ao seu alcance!","article_publisher":"https:\/\/www.facebook.com\/portalubirataonline","article_author":"https:\/\/www.facebook.com\/portalubirataonline","article_published_time":"2026-09-02T22:21:56+00:00","og_image":[{"width":1531,"height":418,"url":"https:\/\/ubirataonline.com.br\/wp-content\/uploads\/2026\/05\/logo2026.webp","type":"image\/webp"}],"author":"REDA\u00c7\u00c3O: UBIRAT\u00c3 ONLINE - F\u00c1BIO AUGUSTO CELESTINO","twitter_card":"summary_large_image","twitter_creator":"@x.com\/ubirataonline","twitter_site":"@ubirataonline","twitter_misc":{"Written by":"REDA\u00c7\u00c3O: UBIRAT\u00c3 ONLINE - F\u00c1BIO AUGUSTO CELESTINO","Est. reading time":"3 minutes"},"schema":{"@context":"https:\/\/schema.org","@graph":[{"@type":"NewsArticle","@id":"https:\/\/ubirataonline.com.br\/permanencia-de-adriano-souza-no-treze-e-condicionada-a-continuidade-da-gestao-pela-spe\/#article","isPartOf":{"@id":"https:\/\/ubirataonline.com.br\/permanencia-de-adriano-souza-no-treze-e-condicionada-a-continuidade-da-gestao-pela-spe\/"},"author":{"name":"REDA\u00c7\u00c3O: UBIRAT\u00c3 ONLINE - F\u00c1BIO AUGUSTO CELESTINO","@id":"https:\/\/ubirataonline.com.br\/#\/schema\/person\/372f87bbd3fdd79b8556b84c98d0bc1c"},"headline":"Perman\u00eancia de Adriano Souza no Treze \u00e9 condicionada \u00e0 continuidade da gest\u00e3o pela SPE","datePublished":"2026-09-02T22:21:56+00:00","mainEntityOfPage":{"@id":"https:\/\/ubirataonline.com.br\/permanencia-de-adriano-souza-no-treze-e-condicionada-a-continuidade-da-gestao-pela-spe\/"},"wordCount":556,"publisher":{"@id":"https:\/\/ubirataonline.com.br\/#organization"},"image":{"@id":"https:\/\/ubirataonline.com.br\/permanencia-de-adriano-souza-no-treze-e-condicionada-a-continuidade-da-gestao-pela-spe\/#primaryimage"},"thumbnailUrl":"https:\/\/ubirataonline.com.br\/wp-content\/uploads\/2026\/09\/maaimg-post-170107-20260902-222212.webp","articleSection":["Esportes"],"inLanguage":"en-US","copyrightYear":"2026","copyrightHolder":{"@id":"https:\/\/ubirataonline.com.br\/en\/#organization"}},{"@type":"WebPage","@id":"https:\/\/ubirataonline.com.br\/permanencia-de-adriano-souza-no-treze-e-condicionada-a-continuidade-da-gestao-pela-spe\/","url":"https:\/\/ubirataonline.com.br\/permanencia-de-adriano-souza-no-treze-e-condicionada-a-continuidade-da-gestao-pela-spe\/","name":"Perman\u00eancia de Adriano Souza no Treze \u00e9 condicionada \u00e0 continuidade da gest\u00e3o pela SPE - Ubirat\u00e3 Online Not\u00edcias - A realidade ao seu alcance!","isPartOf":{"@id":"https:\/\/ubirataonline.com.br\/#website"},"primaryImageOfPage":{"@id":"https:\/\/ubirataonline.com.br\/permanencia-de-adriano-souza-no-treze-e-condicionada-a-continuidade-da-gestao-pela-spe\/#primaryimage"},"image":{"@id":"https:\/\/ubirataonline.com.br\/permanencia-de-adriano-souza-no-treze-e-condicionada-a-continuidade-da-gestao-pela-spe\/#primaryimage"},"thumbnailUrl":"https:\/\/ubirataonline.com.br\/wp-content\/uploads\/2026\/09\/maaimg-post-170107-20260902-222212.webp","datePublished":"2026-09-02T22:21:56+00:00","description":"O t\u00e9cnico do Treze, Adriano Souza, condicionou a sua perman\u00eancia no comando da equipe \u00e0 manuten\u00e7\u00e3o da Sociedade de Prop\u00f3sito Espec\u00edfico (SPE) na gest\u00e3o do","breadcrumb":{"@id":"https:\/\/ubirataonline.com.br\/permanencia-de-adriano-souza-no-treze-e-condicionada-a-continuidade-da-gestao-pela-spe\/#breadcrumb"},"inLanguage":"en-US","potentialAction":[{"@type":"ReadAction","target":["https:\/\/ubirataonline.com.br\/permanencia-de-adriano-souza-no-treze-e-condicionada-a-continuidade-da-gestao-pela-spe\/"]}]},{"@type":"ImageObject","inLanguage":"en-US","@id":"https:\/\/ubirataonline.com.br\/permanencia-de-adriano-souza-no-treze-e-condicionada-a-continuidade-da-gestao-pela-spe\/#primaryimage","url":"https:\/\/ubirataonline.com.br\/wp-content\/uploads\/2026\/09\/maaimg-post-170107-20260902-222212.webp","contentUrl":"https:\/\/ubirataonline.com.br\/wp-content\/uploads\/2026\/09\/maaimg-post-170107-20260902-222212.webp","width":1536,"height":1024,"caption":"Imagem ilustrativa Gerada por IA"},{"@type":"BreadcrumbList","@id":"https:\/\/ubirataonline.com.br\/permanencia-de-adriano-souza-no-treze-e-condicionada-a-continuidade-da-gestao-pela-spe\/#breadcrumb","itemListElement":[{"@type":"ListItem","position":1,"name":"In\u00edcio","item":"https:\/\/ubirataonline.com.br\/"},{"@type":"ListItem","position":2,"name":"Perman\u00eancia de Adriano Souza no Treze \u00e9 condicionada \u00e0 continuidade da gest\u00e3o pela SPE"}]},{"@type":"WebSite","@id":"https:\/\/ubirataonline.com.br\/#website","url":"https:\/\/ubirataonline.com.br\/","name":"Ubirat\u00e3 Online Not\u00edcias","description":"Not\u00edcias de Ubirat\u00e3, regi\u00e3o, Brasil e mundo, com informa\u00e7\u00e3o atualizada e compromisso com o leitor.","publisher":{"@id":"https:\/\/ubirataonline.com.br\/#organization"},"alternateName":"Ubirat\u00e3 Online","potentialAction":[{"@type":"SearchAction","target":{"@type":"EntryPoint","urlTemplate":"https:\/\/ubirataonline.com.br\/?s={search_term_string}"},"query-input":{"@type":"PropertyValueSpecification","valueRequired":true,"valueName":"search_term_string"}}],"inLanguage":"en-US"},{"@type":["Organization","Place"],"@id":"https:\/\/ubirataonline.com.br\/#organization","name":"Ubirat\u00e3 Online Not\u00edcias","alternateName":"Ubirat\u00e3 Online","url":"https:\/\/ubirataonline.com.br\/","logo":{"@id":"https:\/\/ubirataonline.com.br\/permanencia-de-adriano-souza-no-treze-e-condicionada-a-continuidade-da-gestao-pela-spe\/#local-main-organization-logo"},"image":{"@id":"https:\/\/ubirataonline.com.br\/permanencia-de-adriano-souza-no-treze-e-condicionada-a-continuidade-da-gestao-pela-spe\/#local-main-organization-logo"},"sameAs":["https:\/\/www.facebook.com\/portalubirataonline","https:\/\/x.com\/ubirataonline","https:\/\/mastodon.social\/@ubirataonline","https:\/\/www.facebook.com\/groups\/311144672285604","https:\/\/www.facebook.com\/UBTAOnline","https:\/\/www.instagram.com\/portalubirataonline\/","https:\/\/twitter.com\/ubirataonline"],"description":"Somos um portal de not\u00edcias independente, criado em 5 de janeiro de 2009, com o objetivo de informar, conectar e valorizar a nossa comunidade de Ubirat\u00e3 e toda aregi\u00e3o. Com conte\u00fado atualizado, confi\u00e1vel e relevante, o Ubirat\u00e3 Online \u00e9 o seu espa\u00e7o para ficar por dentro dos principais acontecimentos locais, regionais, Brasil, Mundo e de interesse geral. Nosso compromisso \u00e9 com a verdade, a transpar\u00eancia e o respeito ao leitor.","legalName":"UBIRATA ONLINE NOT\u00cdCIAS","foundingDate":"2009-01-05","numberOfEmployees":{"@type":"QuantitativeValue","minValue":"1","maxValue":"10"},"publishingPrinciples":"https:\/\/ubirataonline.com.br\/faq\/","address":{"@id":"https:\/\/ubirataonline.com.br\/permanencia-de-adriano-souza-no-treze-e-condicionada-a-continuidade-da-gestao-pela-spe\/#local-main-place-address"},"geo":{"@type":"GeoCoordinates","latitude":"-24.5361401","longitude":"-52.9921776"},"telephone":["+5544998308235"],"contactPoint":{"@type":"ContactPoint","email":"contato@ubirataonline.com.br"},"openingHoursSpecification":{"@type":"OpeningHoursSpecification","dayOfWeek":["Monday","Tuesday","Wednesday","Thursday","Friday","Saturday","Sunday"],"opens":"00:00","closes":"23:59"},"email":"contato@ubirataonline.com.br","vatID":"47.621.418\/0001-80"},{"@type":"Person","@id":"https:\/\/ubirataonline.com.br\/#\/schema\/person\/372f87bbd3fdd79b8556b84c98d0bc1c","name":"REDA\u00c7\u00c3O: UBIRAT\u00c3 ONLINE - F\u00c1BIO AUGUSTO CELESTINO","pronouns":"Ele","description":"Desde 2003 trabalhando com not\u00edcias.","sameAs":["http:\/\/ubirataoline.com.br","https:\/\/www.facebook.com\/portalubirataonline","https:\/\/www.instagram.com\/ubirataonline_oficial","https:\/\/x.com\/x.com\/ubirataonline"],"honorificPrefix":"Mr.","honorificSuffix":"MD","birthDate":"1980-06-16","gender":"masculino","award":["V\u00e1rios pr\u00eamios de melhor portal da cidade"],"jobTitle":"Diretor","url":"https:\/\/ubirataonline.com.br\/en\/author\/ubirataonline\/"},{"@type":"PostalAddress","@id":"https:\/\/ubirataonline.com.br\/permanencia-de-adriano-souza-no-treze-e-condicionada-a-continuidade-da-gestao-pela-spe\/#local-main-place-address","streetAddress":"Rua dos Coqueiros, 104 - Bairro Boa Vista, Rua dos Coqueiros, 104 Bairro Boa Vista","addressLocality":"UBIRATA","postalCode":"85440-000","addressRegion":"PR","addressCountry":"BR"},{"@type":"ImageObject","inLanguage":"en-US","@id":"https:\/\/ubirataonline.com.br\/permanencia-de-adriano-souza-no-treze-e-condicionada-a-continuidade-da-gestao-pela-spe\/#local-main-organization-logo","url":"https:\/\/ubirataonline.com.br\/wp-content\/uploads\/2026\/06\/logoubirataonline-1.webp","contentUrl":"https:\/\/ubirataonline.com.br\/wp-content\/uploads\/2026\/06\/logoubirataonline-1.webp","width":500,"height":500,"caption":"Ubirat\u00e3 Online Not\u00edcias"}]},"geo.placename":"UBIRATA","geo.position":{"lat":"-24.5361401","long":"-52.9921776"},"geo.region":"Brazil"},"_links":{"self":[{"href":"https:\/\/ubirataonline.com.br\/en\/wp-json\/wp\/v2\/posts\/170107","targetHints":{"allow":["GET"]}}],"collection":[{"href":"https:\/\/ubirataonline.com.br\/en\/wp-json\/wp\/v2\/posts"}],"about":[{"href":"https:\/\/ubirataonline.com.br\/en\/wp-json\/wp\/v2\/types\/post"}],"author":[{"embeddable":true,"href":"https:\/\/ubirataonline.com.br\/en\/wp-json\/wp\/v2\/users\/1"}],"replies":[{"embeddable":true,"href":"https:\/\/ubirataonline.com.br\/en\/wp-json\/wp\/v2\/comments?post=170107"}],"version-history":[{"count":0,"href":"https:\/\/ubirataonline.com.br\/en\/wp-json\/wp\/v2\/posts\/170107\/revisions"}],"wp:featuredmedia":[{"embeddable":true,"href":"https:\/\/ubirataonline.com.br\/en\/wp-json\/wp\/v2\/media\/170108"}],"wp:attachment":[{"href":"https:\/\/ubirataonline.com.br\/en\/wp-json\/wp\/v2\/media?parent=170107"}],"wp:term":[{"taxonomy":"category","embeddable":true,"href":"https:\/\/ubirataonline.com.br\/en\/wp-json\/wp\/v2\/categories?post=170107"},{"taxonomy":"post_tag","embeddable":true,"href":"https:\/\/ubirataonline.com.br\/en\/wp-json\/wp\/v2\/tags?post=170107"}],"curies":[{"name":"wp","href":"https:\/\/api.w.org\/{rel}","templated":true}]}}