{"id":170133,"date":"2026-09-02T20:22:33","date_gmt":"2026-09-02T23:22:33","guid":{"rendered":"https:\/\/ubirataonline.com.br\/ministro-andre-mendonca-confirma-depoimento-de-daniel-vorcaro-em-seu-gabinete-apos-relatos-de-intimidacao\/"},"modified":"2026-09-02T20:22:33","modified_gmt":"2026-09-02T23:22:33","slug":"ministro-andre-mendonca-confirma-depoimento-de-daniel-vorcaro-em-seu-gabinete-apos-relatos-de-intimidacao","status":"publish","type":"post","link":"https:\/\/ubirataonline.com.br\/en\/ministro-andre-mendonca-confirma-depoimento-de-daniel-vorcaro-em-seu-gabinete-apos-relatos-de-intimidacao\/","title":{"rendered":"Ministro Andr\u00e9 Mendon\u00e7a confirma depoimento de Daniel Vorcaro em seu gabinete ap\u00f3s relatos de intimida\u00e7\u00e3o"},"content":{"rendered":"<h2>O gabinete do ministro do Supremo Tribunal Federal, Andr\u00e9 Mendon\u00e7a, confirmou formalmente a realiza\u00e7\u00e3o de um depoimento de Daniel Vorcaro em sua sede de trabalho.<\/h2>\n<p>Conforme informa\u00e7\u00e3o divulgada pela <b>Empresa Brasil de Comunica\u00e7\u00e3o (EBC)<\/b>, a reuni\u00e3o foi motivada por um pedido urgente do dono do <b>Banco Master<\/b>, que relatou estar sofrendo graves intimida\u00e7\u00f5es. O ministro destacou que o procedimento seguiu normas de prote\u00e7\u00e3o ao depoente.<\/p>\n<p>O encontro contou com a presen\u00e7a de um representante do <b>Minist\u00e9rio P\u00fablico (MP)<\/b>, cumprindo exig\u00eancias legais para atos dessa natureza. N\u00e3o houve a participa\u00e7\u00e3o de agentes da <b>Pol\u00edcia Federal (PF)<\/b> no momento da oitiva realizada pelo ministro.<\/p>\n<p>A exist\u00eancia desse depoimento veio a p\u00fablico inicialmente por meio do jornal O Globo e foi posteriormente ratificada pela equipe do gabinete de Mendon\u00e7a, que atua como relator do processo sobre <b>supostas fraudes financeiras<\/b> no Banco Master.<\/p>\n<h3>Justificativa sobre a aus\u00eancia da Pol\u00edcia Federal<\/h3>\n<p>Em nota oficial, o ministro Andr\u00e9 Mendon\u00e7a esclareceu que o afastamento da equipe Pol\u00edcia respons\u00e1vel pela investiga\u00e7\u00e3o durante o depoimento seguiu diretrizes do Conselho Nacional de Justi\u00e7a. A medida visa garantir a incolumidade f\u00edsica e psicol\u00f3gica de quem presta esclarecimentos.<\/p>\n<p>Segundo o magistrado, a aus\u00eancia da PF n\u00e3o foi uma escolha de conveni\u00eancia, mas sim uma estrat\u00e9gia de prote\u00e7\u00e3o. O ministro refor\u00e7ou que a presen\u00e7a de um membro do <b>Minist\u00e9rio P\u00fablico<\/b> foi mantida para garantir a validade jur\u00eddica do procedimento realizado em seu gabinete.<\/p>\n<h3>Esclarecimentos sobre o ministro Alexandre de Moraes<\/h3>\n<p>A equipe de Mendon\u00e7a negou veementemente que o empres\u00e1rio Daniel Vorcaro tenha abordado temas relacionados ao ministro <b>Alexandre de Moraes<\/b> durante a audi\u00eancia. O conte\u00fado do depoimento permanece sob <b>sigilo legal<\/b>, conforme as normas vigentes.<\/p>\n<p>A men\u00e7\u00e3o ao nome de Moraes surgiu em apura\u00e7\u00f5es da PF ap\u00f3s a quebra de sigilo do celular de Vorcaro, alvo da <b>Opera\u00e7\u00e3o Compliance Zero<\/b>. Mensagens recuperadas indicariam conversas entre o ex-banqueiro e um contato atribu\u00eddo ao ministro do STF.<\/p>\n<h3>Contesta\u00e7\u00e3o da Procuradoria-Geral da Rep\u00fablica<\/h3>\n<p>Na noite de ter\u00e7a-feira (1\u00ba), o procurador-geral da Rep\u00fablica, <b>Paulo Gonet<\/b>, defendeu a nulidade das investiga\u00e7\u00f5es conduzidas pela PF. Gonet argumenta que Mendon\u00e7a teria investigado Moraes sem a devida autoriza\u00e7\u00e3o do plen\u00e1rio do <b>STF<\/b>.<\/p>\n<p>O foco da diverg\u00eancia est\u00e1 no aprofundamento das apura\u00e7\u00f5es sobre o caso Banco Master, que esmiu\u00e7ou intera\u00e7\u00f5es entre o empres\u00e1rio e o ministro. O caso segue em pauta no Judici\u00e1rio, enquanto as partes divergem sobre os m\u00e9todos utilizados nas investiga\u00e7\u00f5es.<\/p>\n<h3>Perguntas Frequentes (FAQ)<\/h3>\n<p><b>1. Onde foi realizado o depoimento de Daniel Vorcaro?<\/b><br \/>O depoimento ocorreu no pr\u00f3prio gabinete do ministro Andr\u00e9 Mendon\u00e7a, no Supremo Tribunal Federal.<\/p>\n<p><b>2. Por que a Pol\u00edcia Federal n\u00e3o participou da oitiva?<\/b><br \/>Segundo Mendon\u00e7a, o afastamento da PF foi uma medida de prote\u00e7\u00e3o ao depoente, seguindo normas do Conselho Nacional de Justi\u00e7a para casos de relatos de intimida\u00e7\u00e3o.<\/p>\n<p><b>3. O empres\u00e1rio falou sobre o ministro Alexandre de Moraes?<\/b><br \/>N\u00e3o. O gabinete de Mendon\u00e7a afirmou que a informa\u00e7\u00e3o de que temas relacionados a Moraes foram tratados no depoimento n\u00e3o procede.<\/p>\n<p><b>4. Qual \u00e9 a rela\u00e7\u00e3o de Mendon\u00e7a com o caso do Banco Master?<\/b><br \/>O ministro Andr\u00e9 Mendon\u00e7a \u00e9 o relator do processo no STF que investiga supostas fraudes financeiras envolvendo a institui\u00e7\u00e3o banc\u00e1ria.<\/p>\n<p><b>5. Por que Paulo Gonet defendeu a nulidade da investiga\u00e7\u00e3o?<\/b><br \/>O procurador-geral da Rep\u00fablica entende que o ministro Mendon\u00e7a teria investigado Alexandre de Moraes de forma ilegal, sem a autoriza\u00e7\u00e3o necess\u00e1ria do plen\u00e1rio da Corte.<\/p>","protected":false},"excerpt":{"rendered":"<p>O gabinete do ministro do Supremo Tribunal Federal, Andr\u00e9 Mendon\u00e7a, confirmou formalmente a realiza\u00e7\u00e3o de um depoimento de Daniel Vorcaro em sua sede de trabalho. Conforme informa\u00e7\u00e3o divulgada pela Empresa Brasil de Comunica\u00e7\u00e3o (EBC), a reuni\u00e3o foi motivada por um pedido urgente do dono do Banco Master, que relatou estar sofrendo graves intimida\u00e7\u00f5es. O ministro [&hellip;]<\/p>\n","protected":false},"author":1,"featured_media":170134,"comment_status":"","ping_status":"","sticky":false,"template":"","format":"standard","meta":{"googlesitekit_rrm_CAow2JLhCw:productID":"","_gspb_post_css":"","maa_idioma":"","maa_pais":"","footnotes":""},"categories":[4],"tags":[],"class_list":["post-170133","post","type-post","status-publish","format-standard","has-post-thumbnail","hentry","category-brasil"],"blocksy_meta":[],"yoast_head":"<!-- This site is optimized with the Yoast SEO Premium plugin v27.6 (Yoast SEO v27.6) - https:\/\/yoast.com\/product\/yoast-seo-premium-wordpress\/ -->\n<title>Ministro Andr\u00e9 Mendon\u00e7a confirma depoimento de Daniel Vorcaro em seu gabinete ap\u00f3s relatos de intimida\u00e7\u00e3o - Ubirat\u00e3 Online Not\u00edcias - A realidade ao seu alcance!<\/title>\n<meta name=\"description\" content=\"O gabinete do ministro do Supremo Tribunal Federal, Andr\u00e9 Mendon\u00e7a, confirmou formalmente a realiza\u00e7\u00e3o de um depoimento de Daniel Vorcaro em sua sede de\" \/>\n<meta name=\"robots\" content=\"index, follow, max-snippet:-1, max-image-preview:large, max-video-preview:-1\" \/>\n<link rel=\"canonical\" href=\"https:\/\/ubirataonline.com.br\/en\/ministro-andre-mendonca-confirma-depoimento-de-daniel-vorcaro-em-seu-gabinete-apos-relatos-de-intimidacao\/\" \/>\n<meta property=\"og:locale\" content=\"en_US\" \/>\n<meta property=\"og:type\" content=\"article\" \/>\n<meta property=\"og:title\" content=\"Ministro Andr\u00e9 Mendon\u00e7a confirma depoimento de Daniel Vorcaro em seu gabinete ap\u00f3s relatos de intimida\u00e7\u00e3o\" \/>\n<meta property=\"og:description\" content=\"O gabinete do ministro do Supremo Tribunal Federal, Andr\u00e9 Mendon\u00e7a, confirmou formalmente a realiza\u00e7\u00e3o de um depoimento de Daniel Vorcaro em sua sede de\" \/>\n<meta property=\"og:url\" content=\"https:\/\/ubirataonline.com.br\/en\/ministro-andre-mendonca-confirma-depoimento-de-daniel-vorcaro-em-seu-gabinete-apos-relatos-de-intimidacao\/\" \/>\n<meta property=\"og:site_name\" content=\"Ubirat\u00e3 Online Not\u00edcias - A realidade ao seu alcance!\" \/>\n<meta property=\"article:publisher\" content=\"https:\/\/www.facebook.com\/portalubirataonline\" \/>\n<meta property=\"article:author\" content=\"https:\/\/www.facebook.com\/portalubirataonline\" \/>\n<meta property=\"article:published_time\" content=\"2026-09-02T23:22:33+00:00\" \/>\n<meta property=\"og:image\" content=\"https:\/\/ubirataonline.com.br\/wp-content\/uploads\/2026\/05\/logo2026.webp\" \/>\n\t<meta property=\"og:image:width\" content=\"1531\" \/>\n\t<meta property=\"og:image:height\" content=\"418\" \/>\n\t<meta property=\"og:image:type\" content=\"image\/webp\" \/>\n<meta name=\"author\" content=\"REDA\u00c7\u00c3O: UBIRAT\u00c3 ONLINE - F\u00c1BIO AUGUSTO CELESTINO\" \/>\n<meta name=\"twitter:card\" content=\"summary_large_image\" \/>\n<meta name=\"twitter:creator\" content=\"@x.com\/ubirataonline\" \/>\n<meta name=\"twitter:site\" content=\"@ubirataonline\" \/>\n<meta name=\"twitter:label1\" content=\"Written by\" \/>\n\t<meta name=\"twitter:data1\" content=\"REDA\u00c7\u00c3O: UBIRAT\u00c3 ONLINE - F\u00c1BIO AUGUSTO CELESTINO\" \/>\n\t<meta name=\"twitter:label2\" content=\"Est. reading time\" \/>\n\t<meta name=\"twitter:data2\" content=\"3 minutes\" \/>\n<script type=\"application\/ld+json\" class=\"yoast-schema-graph\">{\"@context\":\"https:\\\/\\\/schema.org\",\"@graph\":[{\"@type\":\"NewsArticle\",\"@id\":\"https:\\\/\\\/ubirataonline.com.br\\\/ministro-andre-mendonca-confirma-depoimento-de-daniel-vorcaro-em-seu-gabinete-apos-relatos-de-intimidacao\\\/#article\",\"isPartOf\":{\"@id\":\"https:\\\/\\\/ubirataonline.com.br\\\/ministro-andre-mendonca-confirma-depoimento-de-daniel-vorcaro-em-seu-gabinete-apos-relatos-de-intimidacao\\\/\"},\"author\":{\"name\":\"REDA\u00c7\u00c3O: UBIRAT\u00c3 ONLINE - F\u00c1BIO AUGUSTO CELESTINO\",\"@id\":\"https:\\\/\\\/ubirataonline.com.br\\\/#\\\/schema\\\/person\\\/372f87bbd3fdd79b8556b84c98d0bc1c\"},\"headline\":\"Ministro Andr\u00e9 Mendon\u00e7a confirma depoimento de Daniel Vorcaro em seu gabinete ap\u00f3s relatos de intimida\u00e7\u00e3o\",\"datePublished\":\"2026-09-02T23:22:33+00:00\",\"mainEntityOfPage\":{\"@id\":\"https:\\\/\\\/ubirataonline.com.br\\\/ministro-andre-mendonca-confirma-depoimento-de-daniel-vorcaro-em-seu-gabinete-apos-relatos-de-intimidacao\\\/\"},\"wordCount\":647,\"publisher\":{\"@id\":\"https:\\\/\\\/ubirataonline.com.br\\\/#organization\"},\"image\":{\"@id\":\"https:\\\/\\\/ubirataonline.com.br\\\/ministro-andre-mendonca-confirma-depoimento-de-daniel-vorcaro-em-seu-gabinete-apos-relatos-de-intimidacao\\\/#primaryimage\"},\"thumbnailUrl\":\"https:\\\/\\\/ubirataonline.com.br\\\/wp-content\\\/uploads\\\/2026\\\/09\\\/maaimg-post-170133-20260902-232250.webp\",\"articleSection\":[\"Brasil\"],\"inLanguage\":\"en-US\",\"copyrightYear\":\"2026\",\"copyrightHolder\":{\"@id\":\"https:\\\/\\\/ubirataonline.com.br\\\/en\\\/#organization\"}},{\"@type\":\"WebPage\",\"@id\":\"https:\\\/\\\/ubirataonline.com.br\\\/ministro-andre-mendonca-confirma-depoimento-de-daniel-vorcaro-em-seu-gabinete-apos-relatos-de-intimidacao\\\/\",\"url\":\"https:\\\/\\\/ubirataonline.com.br\\\/ministro-andre-mendonca-confirma-depoimento-de-daniel-vorcaro-em-seu-gabinete-apos-relatos-de-intimidacao\\\/\",\"name\":\"Ministro Andr\u00e9 Mendon\u00e7a confirma depoimento de Daniel Vorcaro em seu gabinete ap\u00f3s relatos de intimida\u00e7\u00e3o - Ubirat\u00e3 Online Not\u00edcias - A realidade ao seu alcance!\",\"isPartOf\":{\"@id\":\"https:\\\/\\\/ubirataonline.com.br\\\/#website\"},\"primaryImageOfPage\":{\"@id\":\"https:\\\/\\\/ubirataonline.com.br\\\/ministro-andre-mendonca-confirma-depoimento-de-daniel-vorcaro-em-seu-gabinete-apos-relatos-de-intimidacao\\\/#primaryimage\"},\"image\":{\"@id\":\"https:\\\/\\\/ubirataonline.com.br\\\/ministro-andre-mendonca-confirma-depoimento-de-daniel-vorcaro-em-seu-gabinete-apos-relatos-de-intimidacao\\\/#primaryimage\"},\"thumbnailUrl\":\"https:\\\/\\\/ubirataonline.com.br\\\/wp-content\\\/uploads\\\/2026\\\/09\\\/maaimg-post-170133-20260902-232250.webp\",\"datePublished\":\"2026-09-02T23:22:33+00:00\",\"description\":\"O gabinete do ministro do Supremo Tribunal Federal, Andr\u00e9 Mendon\u00e7a, confirmou formalmente a realiza\u00e7\u00e3o de um depoimento de Daniel Vorcaro em sua sede de\",\"breadcrumb\":{\"@id\":\"https:\\\/\\\/ubirataonline.com.br\\\/ministro-andre-mendonca-confirma-depoimento-de-daniel-vorcaro-em-seu-gabinete-apos-relatos-de-intimidacao\\\/#breadcrumb\"},\"inLanguage\":\"en-US\",\"potentialAction\":[{\"@type\":\"ReadAction\",\"target\":[\"https:\\\/\\\/ubirataonline.com.br\\\/ministro-andre-mendonca-confirma-depoimento-de-daniel-vorcaro-em-seu-gabinete-apos-relatos-de-intimidacao\\\/\"]}]},{\"@type\":\"ImageObject\",\"inLanguage\":\"en-US\",\"@id\":\"https:\\\/\\\/ubirataonline.com.br\\\/ministro-andre-mendonca-confirma-depoimento-de-daniel-vorcaro-em-seu-gabinete-apos-relatos-de-intimidacao\\\/#primaryimage\",\"url\":\"https:\\\/\\\/ubirataonline.com.br\\\/wp-content\\\/uploads\\\/2026\\\/09\\\/maaimg-post-170133-20260902-232250.webp\",\"contentUrl\":\"https:\\\/\\\/ubirataonline.com.br\\\/wp-content\\\/uploads\\\/2026\\\/09\\\/maaimg-post-170133-20260902-232250.webp\",\"width\":1536,\"height\":1024,\"caption\":\"Imagem ilustrativa Gerada por IA\"},{\"@type\":\"BreadcrumbList\",\"@id\":\"https:\\\/\\\/ubirataonline.com.br\\\/ministro-andre-mendonca-confirma-depoimento-de-daniel-vorcaro-em-seu-gabinete-apos-relatos-de-intimidacao\\\/#breadcrumb\",\"itemListElement\":[{\"@type\":\"ListItem\",\"position\":1,\"name\":\"In\u00edcio\",\"item\":\"https:\\\/\\\/ubirataonline.com.br\\\/\"},{\"@type\":\"ListItem\",\"position\":2,\"name\":\"Ministro Andr\u00e9 Mendon\u00e7a confirma depoimento de Daniel Vorcaro em seu gabinete ap\u00f3s relatos de intimida\u00e7\u00e3o\"}]},{\"@type\":\"WebSite\",\"@id\":\"https:\\\/\\\/ubirataonline.com.br\\\/#website\",\"url\":\"https:\\\/\\\/ubirataonline.com.br\\\/\",\"name\":\"Ubirat\u00e3 Online Not\u00edcias\",\"description\":\"Not\u00edcias de Ubirat\u00e3, regi\u00e3o, Brasil e mundo, com informa\u00e7\u00e3o atualizada e compromisso com o leitor.\",\"publisher\":{\"@id\":\"https:\\\/\\\/ubirataonline.com.br\\\/#organization\"},\"alternateName\":\"Ubirat\u00e3 Online\",\"potentialAction\":[{\"@type\":\"SearchAction\",\"target\":{\"@type\":\"EntryPoint\",\"urlTemplate\":\"https:\\\/\\\/ubirataonline.com.br\\\/?s={search_term_string}\"},\"query-input\":{\"@type\":\"PropertyValueSpecification\",\"valueRequired\":true,\"valueName\":\"search_term_string\"}}],\"inLanguage\":\"en-US\"},{\"@type\":[\"Organization\",\"Place\"],\"@id\":\"https:\\\/\\\/ubirataonline.com.br\\\/#organization\",\"name\":\"Ubirat\u00e3 Online Not\u00edcias\",\"alternateName\":\"Ubirat\u00e3 Online\",\"url\":\"https:\\\/\\\/ubirataonline.com.br\\\/\",\"logo\":{\"@id\":\"https:\\\/\\\/ubirataonline.com.br\\\/ministro-andre-mendonca-confirma-depoimento-de-daniel-vorcaro-em-seu-gabinete-apos-relatos-de-intimidacao\\\/#local-main-organization-logo\"},\"image\":{\"@id\":\"https:\\\/\\\/ubirataonline.com.br\\\/ministro-andre-mendonca-confirma-depoimento-de-daniel-vorcaro-em-seu-gabinete-apos-relatos-de-intimidacao\\\/#local-main-organization-logo\"},\"sameAs\":[\"https:\\\/\\\/www.facebook.com\\\/portalubirataonline\",\"https:\\\/\\\/x.com\\\/ubirataonline\",\"https:\\\/\\\/mastodon.social\\\/@ubirataonline\",\"https:\\\/\\\/www.facebook.com\\\/groups\\\/311144672285604\",\"https:\\\/\\\/www.facebook.com\\\/UBTAOnline\",\"https:\\\/\\\/www.instagram.com\\\/portalubirataonline\\\/\",\"https:\\\/\\\/twitter.com\\\/ubirataonline\"],\"description\":\"Somos um portal de not\u00edcias independente, criado em 5 de janeiro de 2009, com o objetivo de informar, conectar e valorizar a nossa comunidade de Ubirat\u00e3 e toda aregi\u00e3o. Com conte\u00fado atualizado, confi\u00e1vel e relevante, o Ubirat\u00e3 Online \u00e9 o seu espa\u00e7o para ficar por dentro dos principais acontecimentos locais, regionais, Brasil, Mundo e de interesse geral. Nosso compromisso \u00e9 com a verdade, a transpar\u00eancia e o respeito ao leitor.\",\"legalName\":\"UBIRATA ONLINE NOT\u00cdCIAS\",\"foundingDate\":\"2009-01-05\",\"numberOfEmployees\":{\"@type\":\"QuantitativeValue\",\"minValue\":\"1\",\"maxValue\":\"10\"},\"publishingPrinciples\":\"https:\\\/\\\/ubirataonline.com.br\\\/faq\\\/\",\"address\":{\"@id\":\"https:\\\/\\\/ubirataonline.com.br\\\/ministro-andre-mendonca-confirma-depoimento-de-daniel-vorcaro-em-seu-gabinete-apos-relatos-de-intimidacao\\\/#local-main-place-address\"},\"geo\":{\"@type\":\"GeoCoordinates\",\"latitude\":\"-24.5361401\",\"longitude\":\"-52.9921776\"},\"telephone\":[\"+5544998308235\"],\"contactPoint\":{\"@type\":\"ContactPoint\",\"email\":\"contato@ubirataonline.com.br\"},\"openingHoursSpecification\":{\"@type\":\"OpeningHoursSpecification\",\"dayOfWeek\":[\"Monday\",\"Tuesday\",\"Wednesday\",\"Thursday\",\"Friday\",\"Saturday\",\"Sunday\"],\"opens\":\"00:00\",\"closes\":\"23:59\"},\"email\":\"contato@ubirataonline.com.br\",\"vatID\":\"47.621.418\\\/0001-80\"},{\"@type\":\"Person\",\"@id\":\"https:\\\/\\\/ubirataonline.com.br\\\/#\\\/schema\\\/person\\\/372f87bbd3fdd79b8556b84c98d0bc1c\",\"name\":\"REDA\u00c7\u00c3O: UBIRAT\u00c3 ONLINE - F\u00c1BIO AUGUSTO CELESTINO\",\"pronouns\":\"Ele\",\"description\":\"Desde 2003 trabalhando com not\u00edcias.\",\"sameAs\":[\"http:\\\/\\\/ubirataoline.com.br\",\"https:\\\/\\\/www.facebook.com\\\/portalubirataonline\",\"https:\\\/\\\/www.instagram.com\\\/ubirataonline_oficial\",\"https:\\\/\\\/x.com\\\/x.com\\\/ubirataonline\"],\"honorificPrefix\":\"Mr.\",\"honorificSuffix\":\"MD\",\"birthDate\":\"1980-06-16\",\"gender\":\"masculino\",\"award\":[\"V\u00e1rios pr\u00eamios de melhor portal da cidade\"],\"jobTitle\":\"Diretor\",\"url\":\"https:\\\/\\\/ubirataonline.com.br\\\/en\\\/author\\\/ubirataonline\\\/\"},{\"@type\":\"PostalAddress\",\"@id\":\"https:\\\/\\\/ubirataonline.com.br\\\/ministro-andre-mendonca-confirma-depoimento-de-daniel-vorcaro-em-seu-gabinete-apos-relatos-de-intimidacao\\\/#local-main-place-address\",\"streetAddress\":\"Rua dos Coqueiros, 104 - Bairro Boa Vista, Rua dos Coqueiros, 104 Bairro Boa Vista\",\"addressLocality\":\"UBIRATA\",\"postalCode\":\"85440-000\",\"addressRegion\":\"PR\",\"addressCountry\":\"BR\"},{\"@type\":\"ImageObject\",\"inLanguage\":\"en-US\",\"@id\":\"https:\\\/\\\/ubirataonline.com.br\\\/ministro-andre-mendonca-confirma-depoimento-de-daniel-vorcaro-em-seu-gabinete-apos-relatos-de-intimidacao\\\/#local-main-organization-logo\",\"url\":\"https:\\\/\\\/ubirataonline.com.br\\\/wp-content\\\/uploads\\\/2026\\\/06\\\/logoubirataonline-1.webp\",\"contentUrl\":\"https:\\\/\\\/ubirataonline.com.br\\\/wp-content\\\/uploads\\\/2026\\\/06\\\/logoubirataonline-1.webp\",\"width\":500,\"height\":500,\"caption\":\"Ubirat\u00e3 Online Not\u00edcias\"}]}<\/script>\n<meta name=\"geo.placename\" content=\"UBIRATA\" \/>\n<meta name=\"geo.position\" content=\"-24.5361401;-52.9921776\" \/>\n<meta name=\"geo.region\" content=\"Brazil\" \/>\n<!-- \/ Yoast SEO Premium plugin. -->","yoast_head_json":{"title":"Ministro Andr\u00e9 Mendon\u00e7a confirma depoimento de Daniel Vorcaro em seu gabinete ap\u00f3s relatos de intimida\u00e7\u00e3o - Ubirat\u00e3 Online Not\u00edcias - A realidade ao seu alcance!","description":"O gabinete do ministro do Supremo Tribunal Federal, Andr\u00e9 Mendon\u00e7a, confirmou formalmente a realiza\u00e7\u00e3o de um depoimento de Daniel Vorcaro em sua sede de","robots":{"index":"index","follow":"follow","max-snippet":"max-snippet:-1","max-image-preview":"max-image-preview:large","max-video-preview":"max-video-preview:-1"},"canonical":"https:\/\/ubirataonline.com.br\/en\/ministro-andre-mendonca-confirma-depoimento-de-daniel-vorcaro-em-seu-gabinete-apos-relatos-de-intimidacao\/","og_locale":"en_US","og_type":"article","og_title":"Ministro Andr\u00e9 Mendon\u00e7a confirma depoimento de Daniel Vorcaro em seu gabinete ap\u00f3s relatos de intimida\u00e7\u00e3o","og_description":"O gabinete do ministro do Supremo Tribunal Federal, Andr\u00e9 Mendon\u00e7a, confirmou formalmente a realiza\u00e7\u00e3o de um depoimento de Daniel Vorcaro em sua sede de","og_url":"https:\/\/ubirataonline.com.br\/en\/ministro-andre-mendonca-confirma-depoimento-de-daniel-vorcaro-em-seu-gabinete-apos-relatos-de-intimidacao\/","og_site_name":"Ubirat\u00e3 Online Not\u00edcias - A realidade ao seu alcance!","article_publisher":"https:\/\/www.facebook.com\/portalubirataonline","article_author":"https:\/\/www.facebook.com\/portalubirataonline","article_published_time":"2026-09-02T23:22:33+00:00","og_image":[{"width":1531,"height":418,"url":"https:\/\/ubirataonline.com.br\/wp-content\/uploads\/2026\/05\/logo2026.webp","type":"image\/webp"}],"author":"REDA\u00c7\u00c3O: UBIRAT\u00c3 ONLINE - F\u00c1BIO AUGUSTO CELESTINO","twitter_card":"summary_large_image","twitter_creator":"@x.com\/ubirataonline","twitter_site":"@ubirataonline","twitter_misc":{"Written by":"REDA\u00c7\u00c3O: UBIRAT\u00c3 ONLINE - F\u00c1BIO AUGUSTO CELESTINO","Est. reading time":"3 minutes"},"schema":{"@context":"https:\/\/schema.org","@graph":[{"@type":"NewsArticle","@id":"https:\/\/ubirataonline.com.br\/ministro-andre-mendonca-confirma-depoimento-de-daniel-vorcaro-em-seu-gabinete-apos-relatos-de-intimidacao\/#article","isPartOf":{"@id":"https:\/\/ubirataonline.com.br\/ministro-andre-mendonca-confirma-depoimento-de-daniel-vorcaro-em-seu-gabinete-apos-relatos-de-intimidacao\/"},"author":{"name":"REDA\u00c7\u00c3O: UBIRAT\u00c3 ONLINE - F\u00c1BIO AUGUSTO CELESTINO","@id":"https:\/\/ubirataonline.com.br\/#\/schema\/person\/372f87bbd3fdd79b8556b84c98d0bc1c"},"headline":"Ministro Andr\u00e9 Mendon\u00e7a confirma depoimento de Daniel Vorcaro em seu gabinete ap\u00f3s relatos de intimida\u00e7\u00e3o","datePublished":"2026-09-02T23:22:33+00:00","mainEntityOfPage":{"@id":"https:\/\/ubirataonline.com.br\/ministro-andre-mendonca-confirma-depoimento-de-daniel-vorcaro-em-seu-gabinete-apos-relatos-de-intimidacao\/"},"wordCount":647,"publisher":{"@id":"https:\/\/ubirataonline.com.br\/#organization"},"image":{"@id":"https:\/\/ubirataonline.com.br\/ministro-andre-mendonca-confirma-depoimento-de-daniel-vorcaro-em-seu-gabinete-apos-relatos-de-intimidacao\/#primaryimage"},"thumbnailUrl":"https:\/\/ubirataonline.com.br\/wp-content\/uploads\/2026\/09\/maaimg-post-170133-20260902-232250.webp","articleSection":["Brasil"],"inLanguage":"en-US","copyrightYear":"2026","copyrightHolder":{"@id":"https:\/\/ubirataonline.com.br\/en\/#organization"}},{"@type":"WebPage","@id":"https:\/\/ubirataonline.com.br\/ministro-andre-mendonca-confirma-depoimento-de-daniel-vorcaro-em-seu-gabinete-apos-relatos-de-intimidacao\/","url":"https:\/\/ubirataonline.com.br\/ministro-andre-mendonca-confirma-depoimento-de-daniel-vorcaro-em-seu-gabinete-apos-relatos-de-intimidacao\/","name":"Ministro Andr\u00e9 Mendon\u00e7a confirma depoimento de Daniel Vorcaro em seu gabinete ap\u00f3s relatos de intimida\u00e7\u00e3o - Ubirat\u00e3 Online Not\u00edcias - A realidade ao seu alcance!","isPartOf":{"@id":"https:\/\/ubirataonline.com.br\/#website"},"primaryImageOfPage":{"@id":"https:\/\/ubirataonline.com.br\/ministro-andre-mendonca-confirma-depoimento-de-daniel-vorcaro-em-seu-gabinete-apos-relatos-de-intimidacao\/#primaryimage"},"image":{"@id":"https:\/\/ubirataonline.com.br\/ministro-andre-mendonca-confirma-depoimento-de-daniel-vorcaro-em-seu-gabinete-apos-relatos-de-intimidacao\/#primaryimage"},"thumbnailUrl":"https:\/\/ubirataonline.com.br\/wp-content\/uploads\/2026\/09\/maaimg-post-170133-20260902-232250.webp","datePublished":"2026-09-02T23:22:33+00:00","description":"O gabinete do ministro do Supremo Tribunal Federal, Andr\u00e9 Mendon\u00e7a, confirmou formalmente a realiza\u00e7\u00e3o de um depoimento de Daniel Vorcaro em sua sede de","breadcrumb":{"@id":"https:\/\/ubirataonline.com.br\/ministro-andre-mendonca-confirma-depoimento-de-daniel-vorcaro-em-seu-gabinete-apos-relatos-de-intimidacao\/#breadcrumb"},"inLanguage":"en-US","potentialAction":[{"@type":"ReadAction","target":["https:\/\/ubirataonline.com.br\/ministro-andre-mendonca-confirma-depoimento-de-daniel-vorcaro-em-seu-gabinete-apos-relatos-de-intimidacao\/"]}]},{"@type":"ImageObject","inLanguage":"en-US","@id":"https:\/\/ubirataonline.com.br\/ministro-andre-mendonca-confirma-depoimento-de-daniel-vorcaro-em-seu-gabinete-apos-relatos-de-intimidacao\/#primaryimage","url":"https:\/\/ubirataonline.com.br\/wp-content\/uploads\/2026\/09\/maaimg-post-170133-20260902-232250.webp","contentUrl":"https:\/\/ubirataonline.com.br\/wp-content\/uploads\/2026\/09\/maaimg-post-170133-20260902-232250.webp","width":1536,"height":1024,"caption":"Imagem ilustrativa Gerada por IA"},{"@type":"BreadcrumbList","@id":"https:\/\/ubirataonline.com.br\/ministro-andre-mendonca-confirma-depoimento-de-daniel-vorcaro-em-seu-gabinete-apos-relatos-de-intimidacao\/#breadcrumb","itemListElement":[{"@type":"ListItem","position":1,"name":"In\u00edcio","item":"https:\/\/ubirataonline.com.br\/"},{"@type":"ListItem","position":2,"name":"Ministro Andr\u00e9 Mendon\u00e7a confirma depoimento de Daniel Vorcaro em seu gabinete ap\u00f3s relatos de intimida\u00e7\u00e3o"}]},{"@type":"WebSite","@id":"https:\/\/ubirataonline.com.br\/#website","url":"https:\/\/ubirataonline.com.br\/","name":"Ubirat\u00e3 Online Not\u00edcias","description":"Not\u00edcias de Ubirat\u00e3, regi\u00e3o, Brasil e mundo, com informa\u00e7\u00e3o atualizada e compromisso com o leitor.","publisher":{"@id":"https:\/\/ubirataonline.com.br\/#organization"},"alternateName":"Ubirat\u00e3 Online","potentialAction":[{"@type":"SearchAction","target":{"@type":"EntryPoint","urlTemplate":"https:\/\/ubirataonline.com.br\/?s={search_term_string}"},"query-input":{"@type":"PropertyValueSpecification","valueRequired":true,"valueName":"search_term_string"}}],"inLanguage":"en-US"},{"@type":["Organization","Place"],"@id":"https:\/\/ubirataonline.com.br\/#organization","name":"Ubirat\u00e3 Online Not\u00edcias","alternateName":"Ubirat\u00e3 Online","url":"https:\/\/ubirataonline.com.br\/","logo":{"@id":"https:\/\/ubirataonline.com.br\/ministro-andre-mendonca-confirma-depoimento-de-daniel-vorcaro-em-seu-gabinete-apos-relatos-de-intimidacao\/#local-main-organization-logo"},"image":{"@id":"https:\/\/ubirataonline.com.br\/ministro-andre-mendonca-confirma-depoimento-de-daniel-vorcaro-em-seu-gabinete-apos-relatos-de-intimidacao\/#local-main-organization-logo"},"sameAs":["https:\/\/www.facebook.com\/portalubirataonline","https:\/\/x.com\/ubirataonline","https:\/\/mastodon.social\/@ubirataonline","https:\/\/www.facebook.com\/groups\/311144672285604","https:\/\/www.facebook.com\/UBTAOnline","https:\/\/www.instagram.com\/portalubirataonline\/","https:\/\/twitter.com\/ubirataonline"],"description":"Somos um portal de not\u00edcias independente, criado em 5 de janeiro de 2009, com o objetivo de informar, conectar e valorizar a nossa comunidade de Ubirat\u00e3 e toda aregi\u00e3o. Com conte\u00fado atualizado, confi\u00e1vel e relevante, o Ubirat\u00e3 Online \u00e9 o seu espa\u00e7o para ficar por dentro dos principais acontecimentos locais, regionais, Brasil, Mundo e de interesse geral. Nosso compromisso \u00e9 com a verdade, a transpar\u00eancia e o respeito ao leitor.","legalName":"UBIRATA ONLINE NOT\u00cdCIAS","foundingDate":"2009-01-05","numberOfEmployees":{"@type":"QuantitativeValue","minValue":"1","maxValue":"10"},"publishingPrinciples":"https:\/\/ubirataonline.com.br\/faq\/","address":{"@id":"https:\/\/ubirataonline.com.br\/ministro-andre-mendonca-confirma-depoimento-de-daniel-vorcaro-em-seu-gabinete-apos-relatos-de-intimidacao\/#local-main-place-address"},"geo":{"@type":"GeoCoordinates","latitude":"-24.5361401","longitude":"-52.9921776"},"telephone":["+5544998308235"],"contactPoint":{"@type":"ContactPoint","email":"contato@ubirataonline.com.br"},"openingHoursSpecification":{"@type":"OpeningHoursSpecification","dayOfWeek":["Monday","Tuesday","Wednesday","Thursday","Friday","Saturday","Sunday"],"opens":"00:00","closes":"23:59"},"email":"contato@ubirataonline.com.br","vatID":"47.621.418\/0001-80"},{"@type":"Person","@id":"https:\/\/ubirataonline.com.br\/#\/schema\/person\/372f87bbd3fdd79b8556b84c98d0bc1c","name":"REDA\u00c7\u00c3O: UBIRAT\u00c3 ONLINE - F\u00c1BIO AUGUSTO CELESTINO","pronouns":"Ele","description":"Desde 2003 trabalhando com not\u00edcias.","sameAs":["http:\/\/ubirataoline.com.br","https:\/\/www.facebook.com\/portalubirataonline","https:\/\/www.instagram.com\/ubirataonline_oficial","https:\/\/x.com\/x.com\/ubirataonline"],"honorificPrefix":"Mr.","honorificSuffix":"MD","birthDate":"1980-06-16","gender":"masculino","award":["V\u00e1rios pr\u00eamios de melhor portal da cidade"],"jobTitle":"Diretor","url":"https:\/\/ubirataonline.com.br\/en\/author\/ubirataonline\/"},{"@type":"PostalAddress","@id":"https:\/\/ubirataonline.com.br\/ministro-andre-mendonca-confirma-depoimento-de-daniel-vorcaro-em-seu-gabinete-apos-relatos-de-intimidacao\/#local-main-place-address","streetAddress":"Rua dos Coqueiros, 104 - Bairro Boa Vista, Rua dos Coqueiros, 104 Bairro Boa Vista","addressLocality":"UBIRATA","postalCode":"85440-000","addressRegion":"PR","addressCountry":"BR"},{"@type":"ImageObject","inLanguage":"en-US","@id":"https:\/\/ubirataonline.com.br\/ministro-andre-mendonca-confirma-depoimento-de-daniel-vorcaro-em-seu-gabinete-apos-relatos-de-intimidacao\/#local-main-organization-logo","url":"https:\/\/ubirataonline.com.br\/wp-content\/uploads\/2026\/06\/logoubirataonline-1.webp","contentUrl":"https:\/\/ubirataonline.com.br\/wp-content\/uploads\/2026\/06\/logoubirataonline-1.webp","width":500,"height":500,"caption":"Ubirat\u00e3 Online Not\u00edcias"}]},"geo.placename":"UBIRATA","geo.position":{"lat":"-24.5361401","long":"-52.9921776"},"geo.region":"Brazil"},"_links":{"self":[{"href":"https:\/\/ubirataonline.com.br\/en\/wp-json\/wp\/v2\/posts\/170133","targetHints":{"allow":["GET"]}}],"collection":[{"href":"https:\/\/ubirataonline.com.br\/en\/wp-json\/wp\/v2\/posts"}],"about":[{"href":"https:\/\/ubirataonline.com.br\/en\/wp-json\/wp\/v2\/types\/post"}],"author":[{"embeddable":true,"href":"https:\/\/ubirataonline.com.br\/en\/wp-json\/wp\/v2\/users\/1"}],"replies":[{"embeddable":true,"href":"https:\/\/ubirataonline.com.br\/en\/wp-json\/wp\/v2\/comments?post=170133"}],"version-history":[{"count":0,"href":"https:\/\/ubirataonline.com.br\/en\/wp-json\/wp\/v2\/posts\/170133\/revisions"}],"wp:featuredmedia":[{"embeddable":true,"href":"https:\/\/ubirataonline.com.br\/en\/wp-json\/wp\/v2\/media\/170134"}],"wp:attachment":[{"href":"https:\/\/ubirataonline.com.br\/en\/wp-json\/wp\/v2\/media?parent=170133"}],"wp:term":[{"taxonomy":"category","embeddable":true,"href":"https:\/\/ubirataonline.com.br\/en\/wp-json\/wp\/v2\/categories?post=170133"},{"taxonomy":"post_tag","embeddable":true,"href":"https:\/\/ubirataonline.com.br\/en\/wp-json\/wp\/v2\/tags?post=170133"}],"curies":[{"name":"wp","href":"https:\/\/api.w.org\/{rel}","templated":true}]}}