{"id":170135,"date":"2026-09-02T20:23:12","date_gmt":"2026-09-02T23:23:12","guid":{"rendered":"https:\/\/ubirataonline.com.br\/martinez-desfalca-o-vitoria-em-decisao-contra-o-vasco-pela-copa-do-brasil\/"},"modified":"2026-09-02T20:23:12","modified_gmt":"2026-09-02T23:23:12","slug":"martinez-desfalca-o-vitoria-em-decisao-contra-o-vasco-pela-copa-do-brasil","status":"publish","type":"post","link":"https:\/\/ubirataonline.com.br\/en\/martinez-desfalca-o-vitoria-em-decisao-contra-o-vasco-pela-copa-do-brasil\/","title":{"rendered":"Mart\u00ednez desfalca o Vit\u00f3ria em decis\u00e3o contra o Vasco pela Copa do Brasil"},"content":{"rendered":"<h2>Vit\u00f3ria enfrenta desfalque importante de Mart\u00ednez para o confronto decisivo contra o Vasco nas quartas de final da Copa do Brasil<\/h2>\n<p>O <b>Vit\u00f3ria<\/b> chega para a partida decisiva contra o Vasco, v\u00e1lida pelas quartas de final da <b>Copa do Brasil<\/b>, com uma baixa de \u00faltima hora. O meio-campista <b>Mart\u00ednez<\/b> foi vetado pelo departamento m\u00e9dico e n\u00e3o estar\u00e1 \u00e0 disposi\u00e7\u00e3o do t\u00e9cnico Jair Ventura para o confronto desta quarta-feira, \u00e0s 21h30, no <b>Barrad\u00e3o<\/b>.<\/p>\n<p>Conforme informa\u00e7\u00e3o divulgada pelo <b>ge<\/b>, o jogador argentino sofreu uma les\u00e3o na regi\u00e3o posterior da coxa esquerda. A aus\u00eancia de Mart\u00ednez amplia a lista de problemas enfrentados pela equipe baiana, que precisa vencer por dois gols de diferen\u00e7a para evitar a decis\u00e3o por p\u00eanaltis, visto que o Vasco possui a vantagem do primeiro jogo.<\/p>\n<p>A prepara\u00e7\u00e3o do time rubro-negro para este duelo eliminat\u00f3rio tem sido marcada por uma s\u00e9rie de aus\u00eancias confirmadas pelo clube. Al\u00e9m de Mart\u00ednez, outros atletas n\u00e3o integram a rela\u00e7\u00e3o de 23 jogadores que buscam a classifica\u00e7\u00e3o no torneio nacional nesta semana.<\/p>\n<h3>Lista de desfalques do Rubro-Negro<\/h3>\n<p>O departamento m\u00e9dico do Vit\u00f3ria segue ocupado. O meia <b>Gabriel Baralhas<\/b> permanece afastado dos gramados pelo sexto jogo consecutivo, tratando uma les\u00e3o na regi\u00e3o anterior da coxa direita. A lista de lesionados ainda conta com R\u00faben Ismael, Camutanga, Edu, Dudu e Nathan Mendes, todos em processo de recupera\u00e7\u00e3o f\u00edsica.<\/p>\n<h3>Restri\u00e7\u00f5es e suspens\u00f5es<\/h3>\n<p>Al\u00e9m das quest\u00f5es f\u00edsicas, o t\u00e9cnico Jair Ventura precisa lidar com outras limita\u00e7\u00f5es na montagem do elenco. O zagueiro <b>Br\u00edtez<\/b> e o volante <b>Ca\u00edque Gon\u00e7alves<\/b> est\u00e3o fora da partida devido a suspens\u00f5es autom\u00e1ticas. Adicionalmente, o meia Tom\u00e1s Pochettino e o atacante Alex Bruno n\u00e3o est\u00e3o inscritos na competi\u00e7\u00e3o, o que impede a participa\u00e7\u00e3o de ambos no confronto decisivo.<\/p>\n<h3>FAQ &#8211; Perguntas Frequentes<\/h3>\n<p><b>Por que Mart\u00ednez est\u00e1 fora do jogo contra o Vasco?<\/b><br \/>O jogador sofreu uma les\u00e3o na regi\u00e3o posterior da coxa esquerda e foi vetado pelo departamento m\u00e9dico do Vit\u00f3ria.<\/p>\n<p><b>Qual o cen\u00e1rio do Vit\u00f3ria na Copa do Brasil?<\/b><br \/>O time baiano precisa vencer o Vasco por dois gols de diferen\u00e7a no Barrad\u00e3o para avan\u00e7ar sem a necessidade de disputa por p\u00eanaltis.<\/p>\n<p><b>Quem s\u00e3o os outros desfalques do Vit\u00f3ria?<\/b><br \/>O clube n\u00e3o conta com Gabriel Baralhas, R\u00faben Ismael, Camutanga, Edu, Dudu e Nathan Mendes, todos por problemas f\u00edsicos, al\u00e9m de Br\u00edtez e Ca\u00edque Gon\u00e7alves, que est\u00e3o suspensos.<\/p>\n<p><b>Existem jogadores impedidos de atuar por inscri\u00e7\u00e3o?<\/b><br \/>Sim, o meia Tom\u00e1s Pochettino e o atacante Alex Bruno n\u00e3o est\u00e3o inscritos na Copa do Brasil e, por isso, n\u00e3o foram relacionados.<\/p>\n<p><b>Quantos jogadores foram relacionados para a partida?<\/b><br \/>O Vit\u00f3ria divulgou uma lista com 23 jogadores para o confronto decisivo desta quarta-feira no Barrad\u00e3o.<\/p>","protected":false},"excerpt":{"rendered":"<p>Vit\u00f3ria enfrenta desfalque importante de Mart\u00ednez para o confronto decisivo contra o Vasco nas quartas de final da Copa do Brasil O Vit\u00f3ria chega para a partida decisiva contra o Vasco, v\u00e1lida pelas quartas de final da Copa do Brasil, com uma baixa de \u00faltima hora. O meio-campista Mart\u00ednez foi vetado pelo departamento m\u00e9dico e [&hellip;]<\/p>\n","protected":false},"author":1,"featured_media":170136,"comment_status":"","ping_status":"","sticky":false,"template":"","format":"standard","meta":{"googlesitekit_rrm_CAow2JLhCw:productID":"","_gspb_post_css":"","maa_idioma":"","maa_pais":"","footnotes":""},"categories":[40744],"tags":[],"class_list":["post-170135","post","type-post","status-publish","format-standard","has-post-thumbnail","hentry","category-esportes"],"blocksy_meta":[],"yoast_head":"<!-- This site is optimized with the Yoast SEO Premium plugin v27.6 (Yoast SEO v27.6) - https:\/\/yoast.com\/product\/yoast-seo-premium-wordpress\/ -->\n<title>Mart\u00ednez desfalca o Vit\u00f3ria em decis\u00e3o contra o Vasco pela Copa do Brasil - Ubirat\u00e3 Online Not\u00edcias - A realidade ao seu alcance!<\/title>\n<meta name=\"description\" content=\"Vit\u00f3ria enfrenta desfalque importante de Mart\u00ednez para o confronto decisivo contra o Vasco nas quartas de final da Copa do BrasilO Vit\u00f3ria chega para a\" \/>\n<meta name=\"robots\" content=\"index, follow, max-snippet:-1, max-image-preview:large, max-video-preview:-1\" \/>\n<link rel=\"canonical\" href=\"https:\/\/ubirataonline.com.br\/en\/martinez-desfalca-o-vitoria-em-decisao-contra-o-vasco-pela-copa-do-brasil\/\" \/>\n<meta property=\"og:locale\" content=\"en_US\" \/>\n<meta property=\"og:type\" content=\"article\" \/>\n<meta property=\"og:title\" content=\"Mart\u00ednez desfalca o Vit\u00f3ria em decis\u00e3o contra o Vasco pela Copa do Brasil\" \/>\n<meta property=\"og:description\" content=\"Vit\u00f3ria enfrenta desfalque importante de Mart\u00ednez para o confronto decisivo contra o Vasco nas quartas de final da Copa do BrasilO Vit\u00f3ria chega para a\" \/>\n<meta property=\"og:url\" content=\"https:\/\/ubirataonline.com.br\/en\/martinez-desfalca-o-vitoria-em-decisao-contra-o-vasco-pela-copa-do-brasil\/\" \/>\n<meta property=\"og:site_name\" content=\"Ubirat\u00e3 Online Not\u00edcias - A realidade ao seu alcance!\" \/>\n<meta property=\"article:publisher\" content=\"https:\/\/www.facebook.com\/portalubirataonline\" \/>\n<meta property=\"article:author\" content=\"https:\/\/www.facebook.com\/portalubirataonline\" \/>\n<meta property=\"article:published_time\" content=\"2026-09-02T23:23:12+00:00\" \/>\n<meta property=\"og:image\" content=\"https:\/\/ubirataonline.com.br\/wp-content\/uploads\/2026\/05\/logo2026.webp\" \/>\n\t<meta property=\"og:image:width\" content=\"1531\" \/>\n\t<meta property=\"og:image:height\" content=\"418\" \/>\n\t<meta property=\"og:image:type\" content=\"image\/webp\" \/>\n<meta name=\"author\" content=\"REDA\u00c7\u00c3O: UBIRAT\u00c3 ONLINE - F\u00c1BIO AUGUSTO CELESTINO\" \/>\n<meta name=\"twitter:card\" content=\"summary_large_image\" \/>\n<meta name=\"twitter:creator\" content=\"@x.com\/ubirataonline\" \/>\n<meta name=\"twitter:site\" content=\"@ubirataonline\" \/>\n<meta name=\"twitter:label1\" content=\"Written by\" \/>\n\t<meta name=\"twitter:data1\" content=\"REDA\u00c7\u00c3O: UBIRAT\u00c3 ONLINE - F\u00c1BIO AUGUSTO CELESTINO\" \/>\n\t<meta name=\"twitter:label2\" content=\"Est. reading time\" \/>\n\t<meta name=\"twitter:data2\" content=\"3 minutes\" \/>\n<script type=\"application\/ld+json\" class=\"yoast-schema-graph\">{\"@context\":\"https:\\\/\\\/schema.org\",\"@graph\":[{\"@type\":\"NewsArticle\",\"@id\":\"https:\\\/\\\/ubirataonline.com.br\\\/martinez-desfalca-o-vitoria-em-decisao-contra-o-vasco-pela-copa-do-brasil\\\/#article\",\"isPartOf\":{\"@id\":\"https:\\\/\\\/ubirataonline.com.br\\\/martinez-desfalca-o-vitoria-em-decisao-contra-o-vasco-pela-copa-do-brasil\\\/\"},\"author\":{\"name\":\"REDA\u00c7\u00c3O: UBIRAT\u00c3 ONLINE - F\u00c1BIO AUGUSTO CELESTINO\",\"@id\":\"https:\\\/\\\/ubirataonline.com.br\\\/#\\\/schema\\\/person\\\/372f87bbd3fdd79b8556b84c98d0bc1c\"},\"headline\":\"Mart\u00ednez desfalca o Vit\u00f3ria em decis\u00e3o contra o Vasco pela Copa do Brasil\",\"datePublished\":\"2026-09-02T23:23:12+00:00\",\"mainEntityOfPage\":{\"@id\":\"https:\\\/\\\/ubirataonline.com.br\\\/martinez-desfalca-o-vitoria-em-decisao-contra-o-vasco-pela-copa-do-brasil\\\/\"},\"wordCount\":528,\"publisher\":{\"@id\":\"https:\\\/\\\/ubirataonline.com.br\\\/#organization\"},\"image\":{\"@id\":\"https:\\\/\\\/ubirataonline.com.br\\\/martinez-desfalca-o-vitoria-em-decisao-contra-o-vasco-pela-copa-do-brasil\\\/#primaryimage\"},\"thumbnailUrl\":\"https:\\\/\\\/ubirataonline.com.br\\\/wp-content\\\/uploads\\\/2026\\\/09\\\/maaimg-post-170135-20260902-232328.webp\",\"articleSection\":[\"Esportes\"],\"inLanguage\":\"en-US\",\"copyrightYear\":\"2026\",\"copyrightHolder\":{\"@id\":\"https:\\\/\\\/ubirataonline.com.br\\\/en\\\/#organization\"}},{\"@type\":\"WebPage\",\"@id\":\"https:\\\/\\\/ubirataonline.com.br\\\/martinez-desfalca-o-vitoria-em-decisao-contra-o-vasco-pela-copa-do-brasil\\\/\",\"url\":\"https:\\\/\\\/ubirataonline.com.br\\\/martinez-desfalca-o-vitoria-em-decisao-contra-o-vasco-pela-copa-do-brasil\\\/\",\"name\":\"Mart\u00ednez desfalca o Vit\u00f3ria em decis\u00e3o contra o Vasco pela Copa do Brasil - Ubirat\u00e3 Online Not\u00edcias - A realidade ao seu alcance!\",\"isPartOf\":{\"@id\":\"https:\\\/\\\/ubirataonline.com.br\\\/#website\"},\"primaryImageOfPage\":{\"@id\":\"https:\\\/\\\/ubirataonline.com.br\\\/martinez-desfalca-o-vitoria-em-decisao-contra-o-vasco-pela-copa-do-brasil\\\/#primaryimage\"},\"image\":{\"@id\":\"https:\\\/\\\/ubirataonline.com.br\\\/martinez-desfalca-o-vitoria-em-decisao-contra-o-vasco-pela-copa-do-brasil\\\/#primaryimage\"},\"thumbnailUrl\":\"https:\\\/\\\/ubirataonline.com.br\\\/wp-content\\\/uploads\\\/2026\\\/09\\\/maaimg-post-170135-20260902-232328.webp\",\"datePublished\":\"2026-09-02T23:23:12+00:00\",\"description\":\"Vit\u00f3ria enfrenta desfalque importante de Mart\u00ednez para o confronto decisivo contra o Vasco nas quartas de final da Copa do BrasilO Vit\u00f3ria chega para a\",\"breadcrumb\":{\"@id\":\"https:\\\/\\\/ubirataonline.com.br\\\/martinez-desfalca-o-vitoria-em-decisao-contra-o-vasco-pela-copa-do-brasil\\\/#breadcrumb\"},\"inLanguage\":\"en-US\",\"potentialAction\":[{\"@type\":\"ReadAction\",\"target\":[\"https:\\\/\\\/ubirataonline.com.br\\\/martinez-desfalca-o-vitoria-em-decisao-contra-o-vasco-pela-copa-do-brasil\\\/\"]}]},{\"@type\":\"ImageObject\",\"inLanguage\":\"en-US\",\"@id\":\"https:\\\/\\\/ubirataonline.com.br\\\/martinez-desfalca-o-vitoria-em-decisao-contra-o-vasco-pela-copa-do-brasil\\\/#primaryimage\",\"url\":\"https:\\\/\\\/ubirataonline.com.br\\\/wp-content\\\/uploads\\\/2026\\\/09\\\/maaimg-post-170135-20260902-232328.webp\",\"contentUrl\":\"https:\\\/\\\/ubirataonline.com.br\\\/wp-content\\\/uploads\\\/2026\\\/09\\\/maaimg-post-170135-20260902-232328.webp\",\"width\":1536,\"height\":1024,\"caption\":\"Imagem ilustrativa Gerada por IA\"},{\"@type\":\"BreadcrumbList\",\"@id\":\"https:\\\/\\\/ubirataonline.com.br\\\/martinez-desfalca-o-vitoria-em-decisao-contra-o-vasco-pela-copa-do-brasil\\\/#breadcrumb\",\"itemListElement\":[{\"@type\":\"ListItem\",\"position\":1,\"name\":\"In\u00edcio\",\"item\":\"https:\\\/\\\/ubirataonline.com.br\\\/\"},{\"@type\":\"ListItem\",\"position\":2,\"name\":\"Mart\u00ednez desfalca o Vit\u00f3ria em decis\u00e3o contra o Vasco pela Copa do Brasil\"}]},{\"@type\":\"WebSite\",\"@id\":\"https:\\\/\\\/ubirataonline.com.br\\\/#website\",\"url\":\"https:\\\/\\\/ubirataonline.com.br\\\/\",\"name\":\"Ubirat\u00e3 Online Not\u00edcias\",\"description\":\"Not\u00edcias de Ubirat\u00e3, regi\u00e3o, Brasil e mundo, com informa\u00e7\u00e3o atualizada e compromisso com o leitor.\",\"publisher\":{\"@id\":\"https:\\\/\\\/ubirataonline.com.br\\\/#organization\"},\"alternateName\":\"Ubirat\u00e3 Online\",\"potentialAction\":[{\"@type\":\"SearchAction\",\"target\":{\"@type\":\"EntryPoint\",\"urlTemplate\":\"https:\\\/\\\/ubirataonline.com.br\\\/?s={search_term_string}\"},\"query-input\":{\"@type\":\"PropertyValueSpecification\",\"valueRequired\":true,\"valueName\":\"search_term_string\"}}],\"inLanguage\":\"en-US\"},{\"@type\":[\"Organization\",\"Place\"],\"@id\":\"https:\\\/\\\/ubirataonline.com.br\\\/#organization\",\"name\":\"Ubirat\u00e3 Online Not\u00edcias\",\"alternateName\":\"Ubirat\u00e3 Online\",\"url\":\"https:\\\/\\\/ubirataonline.com.br\\\/\",\"logo\":{\"@id\":\"https:\\\/\\\/ubirataonline.com.br\\\/martinez-desfalca-o-vitoria-em-decisao-contra-o-vasco-pela-copa-do-brasil\\\/#local-main-organization-logo\"},\"image\":{\"@id\":\"https:\\\/\\\/ubirataonline.com.br\\\/martinez-desfalca-o-vitoria-em-decisao-contra-o-vasco-pela-copa-do-brasil\\\/#local-main-organization-logo\"},\"sameAs\":[\"https:\\\/\\\/www.facebook.com\\\/portalubirataonline\",\"https:\\\/\\\/x.com\\\/ubirataonline\",\"https:\\\/\\\/mastodon.social\\\/@ubirataonline\",\"https:\\\/\\\/www.facebook.com\\\/groups\\\/311144672285604\",\"https:\\\/\\\/www.facebook.com\\\/UBTAOnline\",\"https:\\\/\\\/www.instagram.com\\\/portalubirataonline\\\/\",\"https:\\\/\\\/twitter.com\\\/ubirataonline\"],\"description\":\"Somos um portal de not\u00edcias independente, criado em 5 de janeiro de 2009, com o objetivo de informar, conectar e valorizar a nossa comunidade de Ubirat\u00e3 e toda aregi\u00e3o. Com conte\u00fado atualizado, confi\u00e1vel e relevante, o Ubirat\u00e3 Online \u00e9 o seu espa\u00e7o para ficar por dentro dos principais acontecimentos locais, regionais, Brasil, Mundo e de interesse geral. Nosso compromisso \u00e9 com a verdade, a transpar\u00eancia e o respeito ao leitor.\",\"legalName\":\"UBIRATA ONLINE NOT\u00cdCIAS\",\"foundingDate\":\"2009-01-05\",\"numberOfEmployees\":{\"@type\":\"QuantitativeValue\",\"minValue\":\"1\",\"maxValue\":\"10\"},\"publishingPrinciples\":\"https:\\\/\\\/ubirataonline.com.br\\\/faq\\\/\",\"address\":{\"@id\":\"https:\\\/\\\/ubirataonline.com.br\\\/martinez-desfalca-o-vitoria-em-decisao-contra-o-vasco-pela-copa-do-brasil\\\/#local-main-place-address\"},\"geo\":{\"@type\":\"GeoCoordinates\",\"latitude\":\"-24.5361401\",\"longitude\":\"-52.9921776\"},\"telephone\":[\"+5544998308235\"],\"contactPoint\":{\"@type\":\"ContactPoint\",\"email\":\"contato@ubirataonline.com.br\"},\"openingHoursSpecification\":{\"@type\":\"OpeningHoursSpecification\",\"dayOfWeek\":[\"Monday\",\"Tuesday\",\"Wednesday\",\"Thursday\",\"Friday\",\"Saturday\",\"Sunday\"],\"opens\":\"00:00\",\"closes\":\"23:59\"},\"email\":\"contato@ubirataonline.com.br\",\"vatID\":\"47.621.418\\\/0001-80\"},{\"@type\":\"Person\",\"@id\":\"https:\\\/\\\/ubirataonline.com.br\\\/#\\\/schema\\\/person\\\/372f87bbd3fdd79b8556b84c98d0bc1c\",\"name\":\"REDA\u00c7\u00c3O: UBIRAT\u00c3 ONLINE - F\u00c1BIO AUGUSTO CELESTINO\",\"pronouns\":\"Ele\",\"description\":\"Desde 2003 trabalhando com not\u00edcias.\",\"sameAs\":[\"http:\\\/\\\/ubirataoline.com.br\",\"https:\\\/\\\/www.facebook.com\\\/portalubirataonline\",\"https:\\\/\\\/www.instagram.com\\\/ubirataonline_oficial\",\"https:\\\/\\\/x.com\\\/x.com\\\/ubirataonline\"],\"honorificPrefix\":\"Mr.\",\"honorificSuffix\":\"MD\",\"birthDate\":\"1980-06-16\",\"gender\":\"masculino\",\"award\":[\"V\u00e1rios pr\u00eamios de melhor portal da cidade\"],\"jobTitle\":\"Diretor\",\"url\":\"https:\\\/\\\/ubirataonline.com.br\\\/en\\\/author\\\/ubirataonline\\\/\"},{\"@type\":\"PostalAddress\",\"@id\":\"https:\\\/\\\/ubirataonline.com.br\\\/martinez-desfalca-o-vitoria-em-decisao-contra-o-vasco-pela-copa-do-brasil\\\/#local-main-place-address\",\"streetAddress\":\"Rua dos Coqueiros, 104 - Bairro Boa Vista, Rua dos Coqueiros, 104 Bairro Boa Vista\",\"addressLocality\":\"UBIRATA\",\"postalCode\":\"85440-000\",\"addressRegion\":\"PR\",\"addressCountry\":\"BR\"},{\"@type\":\"ImageObject\",\"inLanguage\":\"en-US\",\"@id\":\"https:\\\/\\\/ubirataonline.com.br\\\/martinez-desfalca-o-vitoria-em-decisao-contra-o-vasco-pela-copa-do-brasil\\\/#local-main-organization-logo\",\"url\":\"https:\\\/\\\/ubirataonline.com.br\\\/wp-content\\\/uploads\\\/2026\\\/06\\\/logoubirataonline-1.webp\",\"contentUrl\":\"https:\\\/\\\/ubirataonline.com.br\\\/wp-content\\\/uploads\\\/2026\\\/06\\\/logoubirataonline-1.webp\",\"width\":500,\"height\":500,\"caption\":\"Ubirat\u00e3 Online Not\u00edcias\"}]}<\/script>\n<meta name=\"geo.placename\" content=\"UBIRATA\" \/>\n<meta name=\"geo.position\" content=\"-24.5361401;-52.9921776\" \/>\n<meta name=\"geo.region\" content=\"Brazil\" \/>\n<!-- \/ Yoast SEO Premium plugin. -->","yoast_head_json":{"title":"Mart\u00ednez desfalca o Vit\u00f3ria em decis\u00e3o contra o Vasco pela Copa do Brasil - Ubirat\u00e3 Online Not\u00edcias - A realidade ao seu alcance!","description":"Vit\u00f3ria enfrenta desfalque importante de Mart\u00ednez para o confronto decisivo contra o Vasco nas quartas de final da Copa do BrasilO Vit\u00f3ria chega para a","robots":{"index":"index","follow":"follow","max-snippet":"max-snippet:-1","max-image-preview":"max-image-preview:large","max-video-preview":"max-video-preview:-1"},"canonical":"https:\/\/ubirataonline.com.br\/en\/martinez-desfalca-o-vitoria-em-decisao-contra-o-vasco-pela-copa-do-brasil\/","og_locale":"en_US","og_type":"article","og_title":"Mart\u00ednez desfalca o Vit\u00f3ria em decis\u00e3o contra o Vasco pela Copa do Brasil","og_description":"Vit\u00f3ria enfrenta desfalque importante de Mart\u00ednez para o confronto decisivo contra o Vasco nas quartas de final da Copa do BrasilO Vit\u00f3ria chega para a","og_url":"https:\/\/ubirataonline.com.br\/en\/martinez-desfalca-o-vitoria-em-decisao-contra-o-vasco-pela-copa-do-brasil\/","og_site_name":"Ubirat\u00e3 Online Not\u00edcias - A realidade ao seu alcance!","article_publisher":"https:\/\/www.facebook.com\/portalubirataonline","article_author":"https:\/\/www.facebook.com\/portalubirataonline","article_published_time":"2026-09-02T23:23:12+00:00","og_image":[{"width":1531,"height":418,"url":"https:\/\/ubirataonline.com.br\/wp-content\/uploads\/2026\/05\/logo2026.webp","type":"image\/webp"}],"author":"REDA\u00c7\u00c3O: UBIRAT\u00c3 ONLINE - F\u00c1BIO AUGUSTO CELESTINO","twitter_card":"summary_large_image","twitter_creator":"@x.com\/ubirataonline","twitter_site":"@ubirataonline","twitter_misc":{"Written by":"REDA\u00c7\u00c3O: UBIRAT\u00c3 ONLINE - F\u00c1BIO AUGUSTO CELESTINO","Est. reading time":"3 minutes"},"schema":{"@context":"https:\/\/schema.org","@graph":[{"@type":"NewsArticle","@id":"https:\/\/ubirataonline.com.br\/martinez-desfalca-o-vitoria-em-decisao-contra-o-vasco-pela-copa-do-brasil\/#article","isPartOf":{"@id":"https:\/\/ubirataonline.com.br\/martinez-desfalca-o-vitoria-em-decisao-contra-o-vasco-pela-copa-do-brasil\/"},"author":{"name":"REDA\u00c7\u00c3O: UBIRAT\u00c3 ONLINE - F\u00c1BIO AUGUSTO CELESTINO","@id":"https:\/\/ubirataonline.com.br\/#\/schema\/person\/372f87bbd3fdd79b8556b84c98d0bc1c"},"headline":"Mart\u00ednez desfalca o Vit\u00f3ria em decis\u00e3o contra o Vasco pela Copa do Brasil","datePublished":"2026-09-02T23:23:12+00:00","mainEntityOfPage":{"@id":"https:\/\/ubirataonline.com.br\/martinez-desfalca-o-vitoria-em-decisao-contra-o-vasco-pela-copa-do-brasil\/"},"wordCount":528,"publisher":{"@id":"https:\/\/ubirataonline.com.br\/#organization"},"image":{"@id":"https:\/\/ubirataonline.com.br\/martinez-desfalca-o-vitoria-em-decisao-contra-o-vasco-pela-copa-do-brasil\/#primaryimage"},"thumbnailUrl":"https:\/\/ubirataonline.com.br\/wp-content\/uploads\/2026\/09\/maaimg-post-170135-20260902-232328.webp","articleSection":["Esportes"],"inLanguage":"en-US","copyrightYear":"2026","copyrightHolder":{"@id":"https:\/\/ubirataonline.com.br\/en\/#organization"}},{"@type":"WebPage","@id":"https:\/\/ubirataonline.com.br\/martinez-desfalca-o-vitoria-em-decisao-contra-o-vasco-pela-copa-do-brasil\/","url":"https:\/\/ubirataonline.com.br\/martinez-desfalca-o-vitoria-em-decisao-contra-o-vasco-pela-copa-do-brasil\/","name":"Mart\u00ednez desfalca o Vit\u00f3ria em decis\u00e3o contra o Vasco pela Copa do Brasil - Ubirat\u00e3 Online Not\u00edcias - A realidade ao seu alcance!","isPartOf":{"@id":"https:\/\/ubirataonline.com.br\/#website"},"primaryImageOfPage":{"@id":"https:\/\/ubirataonline.com.br\/martinez-desfalca-o-vitoria-em-decisao-contra-o-vasco-pela-copa-do-brasil\/#primaryimage"},"image":{"@id":"https:\/\/ubirataonline.com.br\/martinez-desfalca-o-vitoria-em-decisao-contra-o-vasco-pela-copa-do-brasil\/#primaryimage"},"thumbnailUrl":"https:\/\/ubirataonline.com.br\/wp-content\/uploads\/2026\/09\/maaimg-post-170135-20260902-232328.webp","datePublished":"2026-09-02T23:23:12+00:00","description":"Vit\u00f3ria enfrenta desfalque importante de Mart\u00ednez para o confronto decisivo contra o Vasco nas quartas de final da Copa do BrasilO Vit\u00f3ria chega para a","breadcrumb":{"@id":"https:\/\/ubirataonline.com.br\/martinez-desfalca-o-vitoria-em-decisao-contra-o-vasco-pela-copa-do-brasil\/#breadcrumb"},"inLanguage":"en-US","potentialAction":[{"@type":"ReadAction","target":["https:\/\/ubirataonline.com.br\/martinez-desfalca-o-vitoria-em-decisao-contra-o-vasco-pela-copa-do-brasil\/"]}]},{"@type":"ImageObject","inLanguage":"en-US","@id":"https:\/\/ubirataonline.com.br\/martinez-desfalca-o-vitoria-em-decisao-contra-o-vasco-pela-copa-do-brasil\/#primaryimage","url":"https:\/\/ubirataonline.com.br\/wp-content\/uploads\/2026\/09\/maaimg-post-170135-20260902-232328.webp","contentUrl":"https:\/\/ubirataonline.com.br\/wp-content\/uploads\/2026\/09\/maaimg-post-170135-20260902-232328.webp","width":1536,"height":1024,"caption":"Imagem ilustrativa Gerada por IA"},{"@type":"BreadcrumbList","@id":"https:\/\/ubirataonline.com.br\/martinez-desfalca-o-vitoria-em-decisao-contra-o-vasco-pela-copa-do-brasil\/#breadcrumb","itemListElement":[{"@type":"ListItem","position":1,"name":"In\u00edcio","item":"https:\/\/ubirataonline.com.br\/"},{"@type":"ListItem","position":2,"name":"Mart\u00ednez desfalca o Vit\u00f3ria em decis\u00e3o contra o Vasco pela Copa do Brasil"}]},{"@type":"WebSite","@id":"https:\/\/ubirataonline.com.br\/#website","url":"https:\/\/ubirataonline.com.br\/","name":"Ubirat\u00e3 Online Not\u00edcias","description":"Not\u00edcias de Ubirat\u00e3, regi\u00e3o, Brasil e mundo, com informa\u00e7\u00e3o atualizada e compromisso com o leitor.","publisher":{"@id":"https:\/\/ubirataonline.com.br\/#organization"},"alternateName":"Ubirat\u00e3 Online","potentialAction":[{"@type":"SearchAction","target":{"@type":"EntryPoint","urlTemplate":"https:\/\/ubirataonline.com.br\/?s={search_term_string}"},"query-input":{"@type":"PropertyValueSpecification","valueRequired":true,"valueName":"search_term_string"}}],"inLanguage":"en-US"},{"@type":["Organization","Place"],"@id":"https:\/\/ubirataonline.com.br\/#organization","name":"Ubirat\u00e3 Online Not\u00edcias","alternateName":"Ubirat\u00e3 Online","url":"https:\/\/ubirataonline.com.br\/","logo":{"@id":"https:\/\/ubirataonline.com.br\/martinez-desfalca-o-vitoria-em-decisao-contra-o-vasco-pela-copa-do-brasil\/#local-main-organization-logo"},"image":{"@id":"https:\/\/ubirataonline.com.br\/martinez-desfalca-o-vitoria-em-decisao-contra-o-vasco-pela-copa-do-brasil\/#local-main-organization-logo"},"sameAs":["https:\/\/www.facebook.com\/portalubirataonline","https:\/\/x.com\/ubirataonline","https:\/\/mastodon.social\/@ubirataonline","https:\/\/www.facebook.com\/groups\/311144672285604","https:\/\/www.facebook.com\/UBTAOnline","https:\/\/www.instagram.com\/portalubirataonline\/","https:\/\/twitter.com\/ubirataonline"],"description":"Somos um portal de not\u00edcias independente, criado em 5 de janeiro de 2009, com o objetivo de informar, conectar e valorizar a nossa comunidade de Ubirat\u00e3 e toda aregi\u00e3o. Com conte\u00fado atualizado, confi\u00e1vel e relevante, o Ubirat\u00e3 Online \u00e9 o seu espa\u00e7o para ficar por dentro dos principais acontecimentos locais, regionais, Brasil, Mundo e de interesse geral. Nosso compromisso \u00e9 com a verdade, a transpar\u00eancia e o respeito ao leitor.","legalName":"UBIRATA ONLINE NOT\u00cdCIAS","foundingDate":"2009-01-05","numberOfEmployees":{"@type":"QuantitativeValue","minValue":"1","maxValue":"10"},"publishingPrinciples":"https:\/\/ubirataonline.com.br\/faq\/","address":{"@id":"https:\/\/ubirataonline.com.br\/martinez-desfalca-o-vitoria-em-decisao-contra-o-vasco-pela-copa-do-brasil\/#local-main-place-address"},"geo":{"@type":"GeoCoordinates","latitude":"-24.5361401","longitude":"-52.9921776"},"telephone":["+5544998308235"],"contactPoint":{"@type":"ContactPoint","email":"contato@ubirataonline.com.br"},"openingHoursSpecification":{"@type":"OpeningHoursSpecification","dayOfWeek":["Monday","Tuesday","Wednesday","Thursday","Friday","Saturday","Sunday"],"opens":"00:00","closes":"23:59"},"email":"contato@ubirataonline.com.br","vatID":"47.621.418\/0001-80"},{"@type":"Person","@id":"https:\/\/ubirataonline.com.br\/#\/schema\/person\/372f87bbd3fdd79b8556b84c98d0bc1c","name":"REDA\u00c7\u00c3O: UBIRAT\u00c3 ONLINE - F\u00c1BIO AUGUSTO CELESTINO","pronouns":"Ele","description":"Desde 2003 trabalhando com not\u00edcias.","sameAs":["http:\/\/ubirataoline.com.br","https:\/\/www.facebook.com\/portalubirataonline","https:\/\/www.instagram.com\/ubirataonline_oficial","https:\/\/x.com\/x.com\/ubirataonline"],"honorificPrefix":"Mr.","honorificSuffix":"MD","birthDate":"1980-06-16","gender":"masculino","award":["V\u00e1rios pr\u00eamios de melhor portal da cidade"],"jobTitle":"Diretor","url":"https:\/\/ubirataonline.com.br\/en\/author\/ubirataonline\/"},{"@type":"PostalAddress","@id":"https:\/\/ubirataonline.com.br\/martinez-desfalca-o-vitoria-em-decisao-contra-o-vasco-pela-copa-do-brasil\/#local-main-place-address","streetAddress":"Rua dos Coqueiros, 104 - Bairro Boa Vista, Rua dos Coqueiros, 104 Bairro Boa Vista","addressLocality":"UBIRATA","postalCode":"85440-000","addressRegion":"PR","addressCountry":"BR"},{"@type":"ImageObject","inLanguage":"en-US","@id":"https:\/\/ubirataonline.com.br\/martinez-desfalca-o-vitoria-em-decisao-contra-o-vasco-pela-copa-do-brasil\/#local-main-organization-logo","url":"https:\/\/ubirataonline.com.br\/wp-content\/uploads\/2026\/06\/logoubirataonline-1.webp","contentUrl":"https:\/\/ubirataonline.com.br\/wp-content\/uploads\/2026\/06\/logoubirataonline-1.webp","width":500,"height":500,"caption":"Ubirat\u00e3 Online Not\u00edcias"}]},"geo.placename":"UBIRATA","geo.position":{"lat":"-24.5361401","long":"-52.9921776"},"geo.region":"Brazil"},"_links":{"self":[{"href":"https:\/\/ubirataonline.com.br\/en\/wp-json\/wp\/v2\/posts\/170135","targetHints":{"allow":["GET"]}}],"collection":[{"href":"https:\/\/ubirataonline.com.br\/en\/wp-json\/wp\/v2\/posts"}],"about":[{"href":"https:\/\/ubirataonline.com.br\/en\/wp-json\/wp\/v2\/types\/post"}],"author":[{"embeddable":true,"href":"https:\/\/ubirataonline.com.br\/en\/wp-json\/wp\/v2\/users\/1"}],"replies":[{"embeddable":true,"href":"https:\/\/ubirataonline.com.br\/en\/wp-json\/wp\/v2\/comments?post=170135"}],"version-history":[{"count":0,"href":"https:\/\/ubirataonline.com.br\/en\/wp-json\/wp\/v2\/posts\/170135\/revisions"}],"wp:featuredmedia":[{"embeddable":true,"href":"https:\/\/ubirataonline.com.br\/en\/wp-json\/wp\/v2\/media\/170136"}],"wp:attachment":[{"href":"https:\/\/ubirataonline.com.br\/en\/wp-json\/wp\/v2\/media?parent=170135"}],"wp:term":[{"taxonomy":"category","embeddable":true,"href":"https:\/\/ubirataonline.com.br\/en\/wp-json\/wp\/v2\/categories?post=170135"},{"taxonomy":"post_tag","embeddable":true,"href":"https:\/\/ubirataonline.com.br\/en\/wp-json\/wp\/v2\/tags?post=170135"}],"curies":[{"name":"wp","href":"https:\/\/api.w.org\/{rel}","templated":true}]}}