{"id":170141,"date":"2026-09-02T20:54:43","date_gmt":"2026-09-02T23:54:43","guid":{"rendered":"https:\/\/ubirataonline.com.br\/senado-aprova-mudancas-na-estrutura-da-oab-veja-o-que-muda-na-gestao-da-ordem-dos-advogados-do-brasil\/"},"modified":"2026-09-02T20:54:43","modified_gmt":"2026-09-02T23:54:43","slug":"senado-aprova-mudancas-na-estrutura-da-oab-veja-o-que-muda-na-gestao-da-ordem-dos-advogados-do-brasil","status":"publish","type":"post","link":"https:\/\/ubirataonline.com.br\/en\/senado-aprova-mudancas-na-estrutura-da-oab-veja-o-que-muda-na-gestao-da-ordem-dos-advogados-do-brasil\/","title":{"rendered":"Senado aprova mudan\u00e7as na estrutura da OAB: veja o que muda na gest\u00e3o da Ordem dos Advogados do Brasil"},"content":{"rendered":"<h2>Senado Federal aprova reestrutura\u00e7\u00e3o administrativa da Ordem dos Advogados do Brasil para otimizar o funcionamento da entidade em todo o pa\u00eds<\/h2>\n<p>O Plen\u00e1rio do Senado Federal aprovou, nesta quarta-feira (2), o Projeto de Lei (PL) 1.743\/2024, que estabelece importantes altera\u00e7\u00f5es na estrutura administrativa do Conselho Federal da <b>Ordem dos Advogados do Brasil (OAB)<\/b>. A medida, que tramitou em regime de urg\u00eancia, visa modernizar a organiza\u00e7\u00e3o interna da entidade.<\/p>\n<p>A proposta, de autoria do Deputados Doutor Luizinho (PP-RJ), segue agora para a san\u00e7\u00e3o presidencial. Com a aprova\u00e7\u00e3o em regime de urg\u00eancia, a etapa de an\u00e1lise pela Comiss\u00e3o de Constitui\u00e7\u00e3o e Justi\u00e7a (CCJ) foi suprimida, agilizando o processo legislativo no Senado.<\/p>\n<p>Conforme informa\u00e7\u00e3o divulgada pela <b>Ag\u00eancia Senado<\/b>, as mudan\u00e7as focam em flexibilizar a gest\u00e3o e atualizar cargos dentro da estrutura da OAB, fortalecendo a representatividade da advocacia brasileira em suas demandas institucionais.<\/p>\n<h3>Novos cargos e diretoria tempor\u00e1ria na OAB<\/h3>\n<p>O projeto promove altera\u00e7\u00f5es diretas no <b>Estatuto da Advocacia<\/b>, institu\u00eddo pela Lei 8.906 de 1994. Uma das principais mudan\u00e7as \u00e9 a cria\u00e7\u00e3o dos cargos de diretor administrativo e diretor executivo, que substituir\u00e3o a atual fun\u00e7\u00e3o de secret\u00e1rio-geral adjunto na diretoria do Conselho Federal.<\/p>\n<p>Al\u00e9m disso, o texto atualiza as atribui\u00e7\u00f5es do corregedor-geral e permite que os Conselho seccionais criem diretorias tempor\u00e1rias voltadas a temas espec\u00edficos. Essa flexibilidade tem como objetivo principal permitir que a OAB se adapte com mais agilidade \u00e0s novas demandas e desafios da profiss\u00e3o.<\/p>\n<h3>Parecer do relator e apoio \u00e0 advocacia<\/h3>\n<p>O Senado Rodrigo Pacheco (PSD-MG), relator da mat\u00e9ria, apresentou parecer favor\u00e1vel com uma emenda de reda\u00e7\u00e3o. O ajuste determina que a cria\u00e7\u00e3o das novas diretorias tempor\u00e1rias dever\u00e1 respeitar rigorosamente o Regulamento Geral da Ordem dos Advogados do Brasil.<\/p>\n<p>Durante a sess\u00e3o, Pacheco destacou o papel indispens\u00e1vel da advocacia para o exerc\u00edcio da democracia e da cidadania. O Senado, que \u00e9 advogado criminalista, ressaltou que, embora as altera\u00e7\u00f5es sejam pontuais, elas s\u00e3o fundamentais para o aprimoramento da organiza\u00e7\u00e3o da entidade em prol dos advogados brasileiros.<\/p>\n<h3>Contexto pol\u00edtico e vota\u00e7\u00e3o<\/h3>\n<p>A vota\u00e7\u00e3o do projeto ocorreu em um dia de movimenta\u00e7\u00e3o pol\u00edtica intensa no Congresso Nacional. No mesmo per\u00edodo, a C\u00e2mara dos Deputados aprovou a indica\u00e7\u00e3o de Rodrigo Pacheco para o cargo de ministro do <b>Tribunal de Contas da Uni\u00e3o (TCU)<\/b>, ap\u00f3s o Senado tamb\u00e9m ter chancelado a nomea\u00e7\u00e3o no dia anterior.<\/p>\n<h3>FAQ: Perguntas e respostas sobre as mudan\u00e7as na OAB<\/h3>\n<p><b>1. O que muda na estrutura da OAB?<\/b><br \/>O PL 1.743\/2024 cria os cargos de diretor administrativo e diretor executivo, substituindo o secret\u00e1rio-geral adjunto, al\u00e9m de permitir diretorias tempor\u00e1rias seccionais.<\/p>\n<p><b>2. O projeto j\u00e1 est\u00e1 em vigor?<\/b><br \/>N\u00e3o, o texto foi aprovado pelo Senado e agora segue para a san\u00e7\u00e3o presidencial antes de se tornar lei.<\/p>\n<p>3. Por que foram criadas as diretorias tempor\u00e1rias?Elas visam dar maior flexibilidade para que os Conselho seccionais da OAB respondam rapidamente a demandas espec\u00edficas e novos cen\u00e1rios jur\u00eddicos.<\/p>\n<p><b>4. As mudan\u00e7as alteram o Estatuto da Advocacia?<\/b><br \/>Sim, o projeto modifica pontos espec\u00edficos da Lei 8.906 de 1994, que rege o exerc\u00edcio da advocacia e a organiza\u00e7\u00e3o da Ordem.<\/p>\n<p>5. Quem foi o relator da proposta no Senado?O relator do projeto foi o Senado Rodrigo Pacheco (PSD-MG), que apresentou parecer favor\u00e1vel com emenda de reda\u00e7\u00e3o.<\/p>","protected":false},"excerpt":{"rendered":"<p>Senado Federal aprova reestrutura\u00e7\u00e3o administrativa da Ordem dos Advogados do Brasil para otimizar o funcionamento da entidade em todo o pa\u00eds O Plen\u00e1rio do Senado Federal aprovou, nesta quarta-feira (2), o Projeto de Lei (PL) 1.743\/2024, que estabelece importantes altera\u00e7\u00f5es na estrutura administrativa do Conselho Federal da Ordem dos Advogados do Brasil (OAB). A medida, [&hellip;]<\/p>\n","protected":false},"author":1,"featured_media":170142,"comment_status":"","ping_status":"","sticky":false,"template":"","format":"standard","meta":{"googlesitekit_rrm_CAow2JLhCw:productID":"","_gspb_post_css":"","maa_idioma":"","maa_pais":"","footnotes":""},"categories":[4],"tags":[],"class_list":["post-170141","post","type-post","status-publish","format-standard","has-post-thumbnail","hentry","category-brasil"],"blocksy_meta":[],"yoast_head":"<!-- This site is optimized with the Yoast SEO Premium plugin v27.6 (Yoast SEO v27.6) - https:\/\/yoast.com\/product\/yoast-seo-premium-wordpress\/ -->\n<title>Senado aprova mudan\u00e7as na estrutura da OAB: veja o que muda na gest\u00e3o da Ordem dos Advogados do Brasil - Ubirat\u00e3 Online Not\u00edcias - A realidade ao seu alcance!<\/title>\n<meta name=\"description\" content=\"Senado Federal aprova reestrutura\u00e7\u00e3o administrativa da Ordem dos Advogados do Brasil para otimizar o funcionamento da entidade em todo o pa\u00edsO Plen\u00e1rio do\" \/>\n<meta name=\"robots\" content=\"index, follow, max-snippet:-1, max-image-preview:large, max-video-preview:-1\" \/>\n<link rel=\"canonical\" href=\"https:\/\/ubirataonline.com.br\/en\/senado-aprova-mudancas-na-estrutura-da-oab-veja-o-que-muda-na-gestao-da-ordem-dos-advogados-do-brasil\/\" \/>\n<meta property=\"og:locale\" content=\"en_US\" \/>\n<meta property=\"og:type\" content=\"article\" \/>\n<meta property=\"og:title\" content=\"Senado aprova mudan\u00e7as na estrutura da OAB: veja o que muda na gest\u00e3o da Ordem dos Advogados do Brasil\" \/>\n<meta property=\"og:description\" content=\"Senado Federal aprova reestrutura\u00e7\u00e3o administrativa da Ordem dos Advogados do Brasil para otimizar o funcionamento da entidade em todo o pa\u00edsO Plen\u00e1rio do\" \/>\n<meta property=\"og:url\" content=\"https:\/\/ubirataonline.com.br\/en\/senado-aprova-mudancas-na-estrutura-da-oab-veja-o-que-muda-na-gestao-da-ordem-dos-advogados-do-brasil\/\" \/>\n<meta property=\"og:site_name\" content=\"Ubirat\u00e3 Online Not\u00edcias - A realidade ao seu alcance!\" \/>\n<meta property=\"article:publisher\" content=\"https:\/\/www.facebook.com\/portalubirataonline\" \/>\n<meta property=\"article:author\" content=\"https:\/\/www.facebook.com\/portalubirataonline\" \/>\n<meta property=\"article:published_time\" content=\"2026-09-02T23:54:43+00:00\" \/>\n<meta property=\"og:image\" content=\"https:\/\/ubirataonline.com.br\/wp-content\/uploads\/2026\/05\/logo2026.webp\" \/>\n\t<meta property=\"og:image:width\" content=\"1531\" \/>\n\t<meta property=\"og:image:height\" content=\"418\" \/>\n\t<meta property=\"og:image:type\" content=\"image\/webp\" \/>\n<meta name=\"author\" content=\"REDA\u00c7\u00c3O: UBIRAT\u00c3 ONLINE - F\u00c1BIO AUGUSTO CELESTINO\" \/>\n<meta name=\"twitter:card\" content=\"summary_large_image\" \/>\n<meta name=\"twitter:creator\" content=\"@x.com\/ubirataonline\" \/>\n<meta name=\"twitter:site\" content=\"@ubirataonline\" \/>\n<meta name=\"twitter:label1\" content=\"Written by\" \/>\n\t<meta name=\"twitter:data1\" content=\"REDA\u00c7\u00c3O: UBIRAT\u00c3 ONLINE - F\u00c1BIO AUGUSTO CELESTINO\" \/>\n\t<meta name=\"twitter:label2\" content=\"Est. reading time\" \/>\n\t<meta name=\"twitter:data2\" content=\"3 minutes\" \/>\n<script type=\"application\/ld+json\" class=\"yoast-schema-graph\">{\"@context\":\"https:\\\/\\\/schema.org\",\"@graph\":[{\"@type\":\"NewsArticle\",\"@id\":\"https:\\\/\\\/ubirataonline.com.br\\\/senado-aprova-mudancas-na-estrutura-da-oab-veja-o-que-muda-na-gestao-da-ordem-dos-advogados-do-brasil\\\/#article\",\"isPartOf\":{\"@id\":\"https:\\\/\\\/ubirataonline.com.br\\\/senado-aprova-mudancas-na-estrutura-da-oab-veja-o-que-muda-na-gestao-da-ordem-dos-advogados-do-brasil\\\/\"},\"author\":{\"name\":\"REDA\u00c7\u00c3O: UBIRAT\u00c3 ONLINE - F\u00c1BIO AUGUSTO CELESTINO\",\"@id\":\"https:\\\/\\\/ubirataonline.com.br\\\/#\\\/schema\\\/person\\\/372f87bbd3fdd79b8556b84c98d0bc1c\"},\"headline\":\"Senado aprova mudan\u00e7as na estrutura da OAB: veja o que muda na gest\u00e3o da Ordem dos Advogados do Brasil\",\"datePublished\":\"2026-09-02T23:54:43+00:00\",\"mainEntityOfPage\":{\"@id\":\"https:\\\/\\\/ubirataonline.com.br\\\/senado-aprova-mudancas-na-estrutura-da-oab-veja-o-que-muda-na-gestao-da-ordem-dos-advogados-do-brasil\\\/\"},\"wordCount\":606,\"publisher\":{\"@id\":\"https:\\\/\\\/ubirataonline.com.br\\\/#organization\"},\"image\":{\"@id\":\"https:\\\/\\\/ubirataonline.com.br\\\/senado-aprova-mudancas-na-estrutura-da-oab-veja-o-que-muda-na-gestao-da-ordem-dos-advogados-do-brasil\\\/#primaryimage\"},\"thumbnailUrl\":\"https:\\\/\\\/ubirataonline.com.br\\\/wp-content\\\/uploads\\\/2026\\\/09\\\/maaimg-post-170141-20260902-235502.webp\",\"articleSection\":[\"Brasil\"],\"inLanguage\":\"en-US\",\"copyrightYear\":\"2026\",\"copyrightHolder\":{\"@id\":\"https:\\\/\\\/ubirataonline.com.br\\\/en\\\/#organization\"}},{\"@type\":\"WebPage\",\"@id\":\"https:\\\/\\\/ubirataonline.com.br\\\/senado-aprova-mudancas-na-estrutura-da-oab-veja-o-que-muda-na-gestao-da-ordem-dos-advogados-do-brasil\\\/\",\"url\":\"https:\\\/\\\/ubirataonline.com.br\\\/senado-aprova-mudancas-na-estrutura-da-oab-veja-o-que-muda-na-gestao-da-ordem-dos-advogados-do-brasil\\\/\",\"name\":\"Senado aprova mudan\u00e7as na estrutura da OAB: veja o que muda na gest\u00e3o da Ordem dos Advogados do Brasil - Ubirat\u00e3 Online Not\u00edcias - A realidade ao seu alcance!\",\"isPartOf\":{\"@id\":\"https:\\\/\\\/ubirataonline.com.br\\\/#website\"},\"primaryImageOfPage\":{\"@id\":\"https:\\\/\\\/ubirataonline.com.br\\\/senado-aprova-mudancas-na-estrutura-da-oab-veja-o-que-muda-na-gestao-da-ordem-dos-advogados-do-brasil\\\/#primaryimage\"},\"image\":{\"@id\":\"https:\\\/\\\/ubirataonline.com.br\\\/senado-aprova-mudancas-na-estrutura-da-oab-veja-o-que-muda-na-gestao-da-ordem-dos-advogados-do-brasil\\\/#primaryimage\"},\"thumbnailUrl\":\"https:\\\/\\\/ubirataonline.com.br\\\/wp-content\\\/uploads\\\/2026\\\/09\\\/maaimg-post-170141-20260902-235502.webp\",\"datePublished\":\"2026-09-02T23:54:43+00:00\",\"description\":\"Senado Federal aprova reestrutura\u00e7\u00e3o administrativa da Ordem dos Advogados do Brasil para otimizar o funcionamento da entidade em todo o pa\u00edsO Plen\u00e1rio do\",\"breadcrumb\":{\"@id\":\"https:\\\/\\\/ubirataonline.com.br\\\/senado-aprova-mudancas-na-estrutura-da-oab-veja-o-que-muda-na-gestao-da-ordem-dos-advogados-do-brasil\\\/#breadcrumb\"},\"inLanguage\":\"en-US\",\"potentialAction\":[{\"@type\":\"ReadAction\",\"target\":[\"https:\\\/\\\/ubirataonline.com.br\\\/senado-aprova-mudancas-na-estrutura-da-oab-veja-o-que-muda-na-gestao-da-ordem-dos-advogados-do-brasil\\\/\"]}]},{\"@type\":\"ImageObject\",\"inLanguage\":\"en-US\",\"@id\":\"https:\\\/\\\/ubirataonline.com.br\\\/senado-aprova-mudancas-na-estrutura-da-oab-veja-o-que-muda-na-gestao-da-ordem-dos-advogados-do-brasil\\\/#primaryimage\",\"url\":\"https:\\\/\\\/ubirataonline.com.br\\\/wp-content\\\/uploads\\\/2026\\\/09\\\/maaimg-post-170141-20260902-235502.webp\",\"contentUrl\":\"https:\\\/\\\/ubirataonline.com.br\\\/wp-content\\\/uploads\\\/2026\\\/09\\\/maaimg-post-170141-20260902-235502.webp\",\"width\":1536,\"height\":1024,\"caption\":\"Imagem ilustrativa Gerada por IA\"},{\"@type\":\"BreadcrumbList\",\"@id\":\"https:\\\/\\\/ubirataonline.com.br\\\/senado-aprova-mudancas-na-estrutura-da-oab-veja-o-que-muda-na-gestao-da-ordem-dos-advogados-do-brasil\\\/#breadcrumb\",\"itemListElement\":[{\"@type\":\"ListItem\",\"position\":1,\"name\":\"In\u00edcio\",\"item\":\"https:\\\/\\\/ubirataonline.com.br\\\/\"},{\"@type\":\"ListItem\",\"position\":2,\"name\":\"Senado aprova mudan\u00e7as na estrutura da OAB: veja o que muda na gest\u00e3o da Ordem dos Advogados do Brasil\"}]},{\"@type\":\"WebSite\",\"@id\":\"https:\\\/\\\/ubirataonline.com.br\\\/#website\",\"url\":\"https:\\\/\\\/ubirataonline.com.br\\\/\",\"name\":\"Ubirat\u00e3 Online Not\u00edcias\",\"description\":\"Not\u00edcias de Ubirat\u00e3, regi\u00e3o, Brasil e mundo, com informa\u00e7\u00e3o atualizada e compromisso com o leitor.\",\"publisher\":{\"@id\":\"https:\\\/\\\/ubirataonline.com.br\\\/#organization\"},\"alternateName\":\"Ubirat\u00e3 Online\",\"potentialAction\":[{\"@type\":\"SearchAction\",\"target\":{\"@type\":\"EntryPoint\",\"urlTemplate\":\"https:\\\/\\\/ubirataonline.com.br\\\/?s={search_term_string}\"},\"query-input\":{\"@type\":\"PropertyValueSpecification\",\"valueRequired\":true,\"valueName\":\"search_term_string\"}}],\"inLanguage\":\"en-US\"},{\"@type\":[\"Organization\",\"Place\"],\"@id\":\"https:\\\/\\\/ubirataonline.com.br\\\/#organization\",\"name\":\"Ubirat\u00e3 Online Not\u00edcias\",\"alternateName\":\"Ubirat\u00e3 Online\",\"url\":\"https:\\\/\\\/ubirataonline.com.br\\\/\",\"logo\":{\"@id\":\"https:\\\/\\\/ubirataonline.com.br\\\/senado-aprova-mudancas-na-estrutura-da-oab-veja-o-que-muda-na-gestao-da-ordem-dos-advogados-do-brasil\\\/#local-main-organization-logo\"},\"image\":{\"@id\":\"https:\\\/\\\/ubirataonline.com.br\\\/senado-aprova-mudancas-na-estrutura-da-oab-veja-o-que-muda-na-gestao-da-ordem-dos-advogados-do-brasil\\\/#local-main-organization-logo\"},\"sameAs\":[\"https:\\\/\\\/www.facebook.com\\\/portalubirataonline\",\"https:\\\/\\\/x.com\\\/ubirataonline\",\"https:\\\/\\\/mastodon.social\\\/@ubirataonline\",\"https:\\\/\\\/www.facebook.com\\\/groups\\\/311144672285604\",\"https:\\\/\\\/www.facebook.com\\\/UBTAOnline\",\"https:\\\/\\\/www.instagram.com\\\/portalubirataonline\\\/\",\"https:\\\/\\\/twitter.com\\\/ubirataonline\"],\"description\":\"Somos um portal de not\u00edcias independente, criado em 5 de janeiro de 2009, com o objetivo de informar, conectar e valorizar a nossa comunidade de Ubirat\u00e3 e toda aregi\u00e3o. Com conte\u00fado atualizado, confi\u00e1vel e relevante, o Ubirat\u00e3 Online \u00e9 o seu espa\u00e7o para ficar por dentro dos principais acontecimentos locais, regionais, Brasil, Mundo e de interesse geral. Nosso compromisso \u00e9 com a verdade, a transpar\u00eancia e o respeito ao leitor.\",\"legalName\":\"UBIRATA ONLINE NOT\u00cdCIAS\",\"foundingDate\":\"2009-01-05\",\"numberOfEmployees\":{\"@type\":\"QuantitativeValue\",\"minValue\":\"1\",\"maxValue\":\"10\"},\"publishingPrinciples\":\"https:\\\/\\\/ubirataonline.com.br\\\/faq\\\/\",\"address\":{\"@id\":\"https:\\\/\\\/ubirataonline.com.br\\\/senado-aprova-mudancas-na-estrutura-da-oab-veja-o-que-muda-na-gestao-da-ordem-dos-advogados-do-brasil\\\/#local-main-place-address\"},\"geo\":{\"@type\":\"GeoCoordinates\",\"latitude\":\"-24.5361401\",\"longitude\":\"-52.9921776\"},\"telephone\":[\"+5544998308235\"],\"contactPoint\":{\"@type\":\"ContactPoint\",\"email\":\"contato@ubirataonline.com.br\"},\"openingHoursSpecification\":{\"@type\":\"OpeningHoursSpecification\",\"dayOfWeek\":[\"Monday\",\"Tuesday\",\"Wednesday\",\"Thursday\",\"Friday\",\"Saturday\",\"Sunday\"],\"opens\":\"00:00\",\"closes\":\"23:59\"},\"email\":\"contato@ubirataonline.com.br\",\"vatID\":\"47.621.418\\\/0001-80\"},{\"@type\":\"Person\",\"@id\":\"https:\\\/\\\/ubirataonline.com.br\\\/#\\\/schema\\\/person\\\/372f87bbd3fdd79b8556b84c98d0bc1c\",\"name\":\"REDA\u00c7\u00c3O: UBIRAT\u00c3 ONLINE - F\u00c1BIO AUGUSTO CELESTINO\",\"pronouns\":\"Ele\",\"description\":\"Desde 2003 trabalhando com not\u00edcias.\",\"sameAs\":[\"http:\\\/\\\/ubirataoline.com.br\",\"https:\\\/\\\/www.facebook.com\\\/portalubirataonline\",\"https:\\\/\\\/www.instagram.com\\\/ubirataonline_oficial\",\"https:\\\/\\\/x.com\\\/x.com\\\/ubirataonline\"],\"honorificPrefix\":\"Mr.\",\"honorificSuffix\":\"MD\",\"birthDate\":\"1980-06-16\",\"gender\":\"masculino\",\"award\":[\"V\u00e1rios pr\u00eamios de melhor portal da cidade\"],\"jobTitle\":\"Diretor\",\"url\":\"https:\\\/\\\/ubirataonline.com.br\\\/en\\\/author\\\/ubirataonline\\\/\"},{\"@type\":\"PostalAddress\",\"@id\":\"https:\\\/\\\/ubirataonline.com.br\\\/senado-aprova-mudancas-na-estrutura-da-oab-veja-o-que-muda-na-gestao-da-ordem-dos-advogados-do-brasil\\\/#local-main-place-address\",\"streetAddress\":\"Rua dos Coqueiros, 104 - Bairro Boa Vista, Rua dos Coqueiros, 104 Bairro Boa Vista\",\"addressLocality\":\"UBIRATA\",\"postalCode\":\"85440-000\",\"addressRegion\":\"PR\",\"addressCountry\":\"BR\"},{\"@type\":\"ImageObject\",\"inLanguage\":\"en-US\",\"@id\":\"https:\\\/\\\/ubirataonline.com.br\\\/senado-aprova-mudancas-na-estrutura-da-oab-veja-o-que-muda-na-gestao-da-ordem-dos-advogados-do-brasil\\\/#local-main-organization-logo\",\"url\":\"https:\\\/\\\/ubirataonline.com.br\\\/wp-content\\\/uploads\\\/2026\\\/06\\\/logoubirataonline-1.webp\",\"contentUrl\":\"https:\\\/\\\/ubirataonline.com.br\\\/wp-content\\\/uploads\\\/2026\\\/06\\\/logoubirataonline-1.webp\",\"width\":500,\"height\":500,\"caption\":\"Ubirat\u00e3 Online Not\u00edcias\"}]}<\/script>\n<meta name=\"geo.placename\" content=\"UBIRATA\" \/>\n<meta name=\"geo.position\" content=\"-24.5361401;-52.9921776\" \/>\n<meta name=\"geo.region\" content=\"Brazil\" \/>\n<!-- \/ Yoast SEO Premium plugin. -->","yoast_head_json":{"title":"Senado aprova mudan\u00e7as na estrutura da OAB: veja o que muda na gest\u00e3o da Ordem dos Advogados do Brasil - Ubirat\u00e3 Online Not\u00edcias - A realidade ao seu alcance!","description":"Senado Federal aprova reestrutura\u00e7\u00e3o administrativa da Ordem dos Advogados do Brasil para otimizar o funcionamento da entidade em todo o pa\u00edsO Plen\u00e1rio do","robots":{"index":"index","follow":"follow","max-snippet":"max-snippet:-1","max-image-preview":"max-image-preview:large","max-video-preview":"max-video-preview:-1"},"canonical":"https:\/\/ubirataonline.com.br\/en\/senado-aprova-mudancas-na-estrutura-da-oab-veja-o-que-muda-na-gestao-da-ordem-dos-advogados-do-brasil\/","og_locale":"en_US","og_type":"article","og_title":"Senado aprova mudan\u00e7as na estrutura da OAB: veja o que muda na gest\u00e3o da Ordem dos Advogados do Brasil","og_description":"Senado Federal aprova reestrutura\u00e7\u00e3o administrativa da Ordem dos Advogados do Brasil para otimizar o funcionamento da entidade em todo o pa\u00edsO Plen\u00e1rio do","og_url":"https:\/\/ubirataonline.com.br\/en\/senado-aprova-mudancas-na-estrutura-da-oab-veja-o-que-muda-na-gestao-da-ordem-dos-advogados-do-brasil\/","og_site_name":"Ubirat\u00e3 Online Not\u00edcias - A realidade ao seu alcance!","article_publisher":"https:\/\/www.facebook.com\/portalubirataonline","article_author":"https:\/\/www.facebook.com\/portalubirataonline","article_published_time":"2026-09-02T23:54:43+00:00","og_image":[{"width":1531,"height":418,"url":"https:\/\/ubirataonline.com.br\/wp-content\/uploads\/2026\/05\/logo2026.webp","type":"image\/webp"}],"author":"REDA\u00c7\u00c3O: UBIRAT\u00c3 ONLINE - F\u00c1BIO AUGUSTO CELESTINO","twitter_card":"summary_large_image","twitter_creator":"@x.com\/ubirataonline","twitter_site":"@ubirataonline","twitter_misc":{"Written by":"REDA\u00c7\u00c3O: UBIRAT\u00c3 ONLINE - F\u00c1BIO AUGUSTO CELESTINO","Est. reading time":"3 minutes"},"schema":{"@context":"https:\/\/schema.org","@graph":[{"@type":"NewsArticle","@id":"https:\/\/ubirataonline.com.br\/senado-aprova-mudancas-na-estrutura-da-oab-veja-o-que-muda-na-gestao-da-ordem-dos-advogados-do-brasil\/#article","isPartOf":{"@id":"https:\/\/ubirataonline.com.br\/senado-aprova-mudancas-na-estrutura-da-oab-veja-o-que-muda-na-gestao-da-ordem-dos-advogados-do-brasil\/"},"author":{"name":"REDA\u00c7\u00c3O: UBIRAT\u00c3 ONLINE - F\u00c1BIO AUGUSTO CELESTINO","@id":"https:\/\/ubirataonline.com.br\/#\/schema\/person\/372f87bbd3fdd79b8556b84c98d0bc1c"},"headline":"Senado aprova mudan\u00e7as na estrutura da OAB: veja o que muda na gest\u00e3o da Ordem dos Advogados do Brasil","datePublished":"2026-09-02T23:54:43+00:00","mainEntityOfPage":{"@id":"https:\/\/ubirataonline.com.br\/senado-aprova-mudancas-na-estrutura-da-oab-veja-o-que-muda-na-gestao-da-ordem-dos-advogados-do-brasil\/"},"wordCount":606,"publisher":{"@id":"https:\/\/ubirataonline.com.br\/#organization"},"image":{"@id":"https:\/\/ubirataonline.com.br\/senado-aprova-mudancas-na-estrutura-da-oab-veja-o-que-muda-na-gestao-da-ordem-dos-advogados-do-brasil\/#primaryimage"},"thumbnailUrl":"https:\/\/ubirataonline.com.br\/wp-content\/uploads\/2026\/09\/maaimg-post-170141-20260902-235502.webp","articleSection":["Brasil"],"inLanguage":"en-US","copyrightYear":"2026","copyrightHolder":{"@id":"https:\/\/ubirataonline.com.br\/en\/#organization"}},{"@type":"WebPage","@id":"https:\/\/ubirataonline.com.br\/senado-aprova-mudancas-na-estrutura-da-oab-veja-o-que-muda-na-gestao-da-ordem-dos-advogados-do-brasil\/","url":"https:\/\/ubirataonline.com.br\/senado-aprova-mudancas-na-estrutura-da-oab-veja-o-que-muda-na-gestao-da-ordem-dos-advogados-do-brasil\/","name":"Senado aprova mudan\u00e7as na estrutura da OAB: veja o que muda na gest\u00e3o da Ordem dos Advogados do Brasil - Ubirat\u00e3 Online Not\u00edcias - A realidade ao seu alcance!","isPartOf":{"@id":"https:\/\/ubirataonline.com.br\/#website"},"primaryImageOfPage":{"@id":"https:\/\/ubirataonline.com.br\/senado-aprova-mudancas-na-estrutura-da-oab-veja-o-que-muda-na-gestao-da-ordem-dos-advogados-do-brasil\/#primaryimage"},"image":{"@id":"https:\/\/ubirataonline.com.br\/senado-aprova-mudancas-na-estrutura-da-oab-veja-o-que-muda-na-gestao-da-ordem-dos-advogados-do-brasil\/#primaryimage"},"thumbnailUrl":"https:\/\/ubirataonline.com.br\/wp-content\/uploads\/2026\/09\/maaimg-post-170141-20260902-235502.webp","datePublished":"2026-09-02T23:54:43+00:00","description":"Senado Federal aprova reestrutura\u00e7\u00e3o administrativa da Ordem dos Advogados do Brasil para otimizar o funcionamento da entidade em todo o pa\u00edsO Plen\u00e1rio do","breadcrumb":{"@id":"https:\/\/ubirataonline.com.br\/senado-aprova-mudancas-na-estrutura-da-oab-veja-o-que-muda-na-gestao-da-ordem-dos-advogados-do-brasil\/#breadcrumb"},"inLanguage":"en-US","potentialAction":[{"@type":"ReadAction","target":["https:\/\/ubirataonline.com.br\/senado-aprova-mudancas-na-estrutura-da-oab-veja-o-que-muda-na-gestao-da-ordem-dos-advogados-do-brasil\/"]}]},{"@type":"ImageObject","inLanguage":"en-US","@id":"https:\/\/ubirataonline.com.br\/senado-aprova-mudancas-na-estrutura-da-oab-veja-o-que-muda-na-gestao-da-ordem-dos-advogados-do-brasil\/#primaryimage","url":"https:\/\/ubirataonline.com.br\/wp-content\/uploads\/2026\/09\/maaimg-post-170141-20260902-235502.webp","contentUrl":"https:\/\/ubirataonline.com.br\/wp-content\/uploads\/2026\/09\/maaimg-post-170141-20260902-235502.webp","width":1536,"height":1024,"caption":"Imagem ilustrativa Gerada por IA"},{"@type":"BreadcrumbList","@id":"https:\/\/ubirataonline.com.br\/senado-aprova-mudancas-na-estrutura-da-oab-veja-o-que-muda-na-gestao-da-ordem-dos-advogados-do-brasil\/#breadcrumb","itemListElement":[{"@type":"ListItem","position":1,"name":"In\u00edcio","item":"https:\/\/ubirataonline.com.br\/"},{"@type":"ListItem","position":2,"name":"Senado aprova mudan\u00e7as na estrutura da OAB: veja o que muda na gest\u00e3o da Ordem dos Advogados do Brasil"}]},{"@type":"WebSite","@id":"https:\/\/ubirataonline.com.br\/#website","url":"https:\/\/ubirataonline.com.br\/","name":"Ubirat\u00e3 Online Not\u00edcias","description":"Not\u00edcias de Ubirat\u00e3, regi\u00e3o, Brasil e mundo, com informa\u00e7\u00e3o atualizada e compromisso com o leitor.","publisher":{"@id":"https:\/\/ubirataonline.com.br\/#organization"},"alternateName":"Ubirat\u00e3 Online","potentialAction":[{"@type":"SearchAction","target":{"@type":"EntryPoint","urlTemplate":"https:\/\/ubirataonline.com.br\/?s={search_term_string}"},"query-input":{"@type":"PropertyValueSpecification","valueRequired":true,"valueName":"search_term_string"}}],"inLanguage":"en-US"},{"@type":["Organization","Place"],"@id":"https:\/\/ubirataonline.com.br\/#organization","name":"Ubirat\u00e3 Online Not\u00edcias","alternateName":"Ubirat\u00e3 Online","url":"https:\/\/ubirataonline.com.br\/","logo":{"@id":"https:\/\/ubirataonline.com.br\/senado-aprova-mudancas-na-estrutura-da-oab-veja-o-que-muda-na-gestao-da-ordem-dos-advogados-do-brasil\/#local-main-organization-logo"},"image":{"@id":"https:\/\/ubirataonline.com.br\/senado-aprova-mudancas-na-estrutura-da-oab-veja-o-que-muda-na-gestao-da-ordem-dos-advogados-do-brasil\/#local-main-organization-logo"},"sameAs":["https:\/\/www.facebook.com\/portalubirataonline","https:\/\/x.com\/ubirataonline","https:\/\/mastodon.social\/@ubirataonline","https:\/\/www.facebook.com\/groups\/311144672285604","https:\/\/www.facebook.com\/UBTAOnline","https:\/\/www.instagram.com\/portalubirataonline\/","https:\/\/twitter.com\/ubirataonline"],"description":"Somos um portal de not\u00edcias independente, criado em 5 de janeiro de 2009, com o objetivo de informar, conectar e valorizar a nossa comunidade de Ubirat\u00e3 e toda aregi\u00e3o. Com conte\u00fado atualizado, confi\u00e1vel e relevante, o Ubirat\u00e3 Online \u00e9 o seu espa\u00e7o para ficar por dentro dos principais acontecimentos locais, regionais, Brasil, Mundo e de interesse geral. Nosso compromisso \u00e9 com a verdade, a transpar\u00eancia e o respeito ao leitor.","legalName":"UBIRATA ONLINE NOT\u00cdCIAS","foundingDate":"2009-01-05","numberOfEmployees":{"@type":"QuantitativeValue","minValue":"1","maxValue":"10"},"publishingPrinciples":"https:\/\/ubirataonline.com.br\/faq\/","address":{"@id":"https:\/\/ubirataonline.com.br\/senado-aprova-mudancas-na-estrutura-da-oab-veja-o-que-muda-na-gestao-da-ordem-dos-advogados-do-brasil\/#local-main-place-address"},"geo":{"@type":"GeoCoordinates","latitude":"-24.5361401","longitude":"-52.9921776"},"telephone":["+5544998308235"],"contactPoint":{"@type":"ContactPoint","email":"contato@ubirataonline.com.br"},"openingHoursSpecification":{"@type":"OpeningHoursSpecification","dayOfWeek":["Monday","Tuesday","Wednesday","Thursday","Friday","Saturday","Sunday"],"opens":"00:00","closes":"23:59"},"email":"contato@ubirataonline.com.br","vatID":"47.621.418\/0001-80"},{"@type":"Person","@id":"https:\/\/ubirataonline.com.br\/#\/schema\/person\/372f87bbd3fdd79b8556b84c98d0bc1c","name":"REDA\u00c7\u00c3O: UBIRAT\u00c3 ONLINE - F\u00c1BIO AUGUSTO CELESTINO","pronouns":"Ele","description":"Desde 2003 trabalhando com not\u00edcias.","sameAs":["http:\/\/ubirataoline.com.br","https:\/\/www.facebook.com\/portalubirataonline","https:\/\/www.instagram.com\/ubirataonline_oficial","https:\/\/x.com\/x.com\/ubirataonline"],"honorificPrefix":"Mr.","honorificSuffix":"MD","birthDate":"1980-06-16","gender":"masculino","award":["V\u00e1rios pr\u00eamios de melhor portal da cidade"],"jobTitle":"Diretor","url":"https:\/\/ubirataonline.com.br\/en\/author\/ubirataonline\/"},{"@type":"PostalAddress","@id":"https:\/\/ubirataonline.com.br\/senado-aprova-mudancas-na-estrutura-da-oab-veja-o-que-muda-na-gestao-da-ordem-dos-advogados-do-brasil\/#local-main-place-address","streetAddress":"Rua dos Coqueiros, 104 - Bairro Boa Vista, Rua dos Coqueiros, 104 Bairro Boa Vista","addressLocality":"UBIRATA","postalCode":"85440-000","addressRegion":"PR","addressCountry":"BR"},{"@type":"ImageObject","inLanguage":"en-US","@id":"https:\/\/ubirataonline.com.br\/senado-aprova-mudancas-na-estrutura-da-oab-veja-o-que-muda-na-gestao-da-ordem-dos-advogados-do-brasil\/#local-main-organization-logo","url":"https:\/\/ubirataonline.com.br\/wp-content\/uploads\/2026\/06\/logoubirataonline-1.webp","contentUrl":"https:\/\/ubirataonline.com.br\/wp-content\/uploads\/2026\/06\/logoubirataonline-1.webp","width":500,"height":500,"caption":"Ubirat\u00e3 Online Not\u00edcias"}]},"geo.placename":"UBIRATA","geo.position":{"lat":"-24.5361401","long":"-52.9921776"},"geo.region":"Brazil"},"_links":{"self":[{"href":"https:\/\/ubirataonline.com.br\/en\/wp-json\/wp\/v2\/posts\/170141","targetHints":{"allow":["GET"]}}],"collection":[{"href":"https:\/\/ubirataonline.com.br\/en\/wp-json\/wp\/v2\/posts"}],"about":[{"href":"https:\/\/ubirataonline.com.br\/en\/wp-json\/wp\/v2\/types\/post"}],"author":[{"embeddable":true,"href":"https:\/\/ubirataonline.com.br\/en\/wp-json\/wp\/v2\/users\/1"}],"replies":[{"embeddable":true,"href":"https:\/\/ubirataonline.com.br\/en\/wp-json\/wp\/v2\/comments?post=170141"}],"version-history":[{"count":0,"href":"https:\/\/ubirataonline.com.br\/en\/wp-json\/wp\/v2\/posts\/170141\/revisions"}],"wp:featuredmedia":[{"embeddable":true,"href":"https:\/\/ubirataonline.com.br\/en\/wp-json\/wp\/v2\/media\/170142"}],"wp:attachment":[{"href":"https:\/\/ubirataonline.com.br\/en\/wp-json\/wp\/v2\/media?parent=170141"}],"wp:term":[{"taxonomy":"category","embeddable":true,"href":"https:\/\/ubirataonline.com.br\/en\/wp-json\/wp\/v2\/categories?post=170141"},{"taxonomy":"post_tag","embeddable":true,"href":"https:\/\/ubirataonline.com.br\/en\/wp-json\/wp\/v2\/tags?post=170141"}],"curies":[{"name":"wp","href":"https:\/\/api.w.org\/{rel}","templated":true}]}}