{"id":170145,"date":"2026-09-02T21:24:41","date_gmt":"2026-09-03T00:24:41","guid":{"rendered":"https:\/\/ubirataonline.com.br\/discord-recebe-prazo-de-dez-dias-da-justica-federal-para-apresentar-plano-de-protecao-a-usuarios-e-combate-a-crimes-na-plataforma\/"},"modified":"2026-09-02T21:24:41","modified_gmt":"2026-09-03T00:24:41","slug":"discord-recebe-prazo-de-dez-dias-da-justica-federal-para-apresentar-plano-de-protecao-a-usuarios-e-combate-a-crimes-na-plataforma","status":"publish","type":"post","link":"https:\/\/ubirataonline.com.br\/en\/discord-recebe-prazo-de-dez-dias-da-justica-federal-para-apresentar-plano-de-protecao-a-usuarios-e-combate-a-crimes-na-plataforma\/","title":{"rendered":"Discord recebe prazo de dez dias da Justi\u00e7a Federal para apresentar plano de prote\u00e7\u00e3o a usu\u00e1rios e combate a crimes na plataforma"},"content":{"rendered":"<h2>Justi\u00e7a Federal determina que Discord apresente proposta detalhada de prote\u00e7\u00e3o a usu\u00e1rios ap\u00f3s falhas de seguran\u00e7a serem apontadas pelo governo<\/h2>\n<p>A Justi\u00e7a Federal no Distrito Federal estabeleceu um prazo de dez dias para que o <b>Discord<\/b> apresente uma proposta de concilia\u00e7\u00e3o. A medida ocorre no \u00e2mbito de uma a\u00e7\u00e3o movida pelo governo federal, que exige que a plataforma implemente novas salvaguardas para <b>mulheres, crian\u00e7as e adolescentes<\/b> na internet, conforme informa\u00e7\u00e3o divulgada pela <b>Empresa Brasil de Comunica\u00e7\u00e3o<\/b>.<\/p>\n<p>O prazo foi concedido ap\u00f3s ser solicitado pela pr\u00f3pria empresa durante a primeira audi\u00eancia do processo. O encontro contou com a presen\u00e7a de representantes da <b>Advocacia-Geral da Uni\u00e3o (AGU)<\/b> e do <b>Minist\u00e9rio P\u00fablico Federal (MPF)<\/b>, que buscam responsabilizar a rede social por falhas na modera\u00e7\u00e3o de conte\u00fados sens\u00edveis.<\/p>\n<p>A iniciativa do governo federal de levar o caso aos tribunais surgiu ap\u00f3s tentativas anteriores de firmar um acordo extrajudicial com o <b>Discord<\/b>, que foram consideradas insuficientes pela AGU para solucionar os problemas de seguran\u00e7a relatados na plataforma.<\/p>\n<h3>Medidas em negocia\u00e7\u00e3o para a seguran\u00e7a digital<\/h3>\n<p>O <b>Discord<\/b> sinalizou que pretende estruturar um protocolo espec\u00edfico para o recebimento de notifica\u00e7\u00f5es relacionadas a casos de <b>sextors\u00e3o<\/b>. Al\u00e9m disso, a empresa planeja desenvolver mecanismos aprimorados para a detec\u00e7\u00e3o e modera\u00e7\u00e3o de conte\u00fados que envolvam maus-tratos e crueldade contra animais.<\/p>\n<p>Outro ponto central nas negocia\u00e7\u00f5es envolve a preserva\u00e7\u00e3o de dados dos usu\u00e1rios. O objetivo \u00e9 assegurar que, em futuras investiga\u00e7\u00f5es criminais, as autoridades tenham acesso facilitado \u00e0s informa\u00e7\u00f5es necess\u00e1rias para o trabalho de apura\u00e7\u00e3o dos \u00f3rg\u00e3os competentes.<\/p>\n<h3>Motiva\u00e7\u00e3o da a\u00e7\u00e3o judicial<\/h3>\n<p>A press\u00e3o sobre o <b>Discord<\/b> aumentou significativamente ap\u00f3s a repercuss\u00e3o de um caso grave ocorrido em julho. Na ocasi\u00e3o, uma adolescente foi induzida a tirar a pr\u00f3pria vida durante uma transmiss\u00e3o ao vivo realizada dentro da plataforma, o que gerou forte mobiliza\u00e7\u00e3o do governo federal.<\/p>\n<p>Desde esse epis\u00f3dio, a empresa passou a ser alvo de cobran\u00e7as mais rigorosas por parte das autoridades brasileiras. A a\u00e7\u00e3o judicial busca garantir que a plataforma n\u00e3o seja apenas um espa\u00e7o de intera\u00e7\u00e3o, mas um ambiente seguro para todos os seus usu\u00e1rios, especialmente os mais vulner\u00e1veis.<\/p>\n<h3>Expectativas para o desfecho do processo<\/h3>\n<p>O cumprimento do prazo de dez dias ser\u00e1 fundamental para definir os pr\u00f3ximos passos do processo judicial. Caso o <b>Discord<\/b> apresente medidas consideradas eficazes pela Justi\u00e7a e pelos \u00f3rg\u00e3os de controle, o caso poder\u00e1 seguir para uma fase de homologa\u00e7\u00e3o de acordo ou monitoramento cont\u00ednuo.<\/p>\n<p>A expectativa \u00e9 que a plataforma adote padr\u00f5es internacionais de seguran\u00e7a digital, alinhando suas opera\u00e7\u00f5es \u00e0s exig\u00eancias brasileiras para prevenir a ocorr\u00eancia de novos crimes e proteger a integridade f\u00edsica e psicol\u00f3gica de seus usu\u00e1rios.<\/p>\n<h3>Perguntas Frequentes<\/h3>\n<p><b>Por que o governo federal entrou com uma a\u00e7\u00e3o contra o Discord?<\/b><br \/>O governo busca obrigar a plataforma a adotar medidas eficazes de prote\u00e7\u00e3o para mulheres, crian\u00e7as e adolescentes, ap\u00f3s tentativas de acordo pr\u00e9vio n\u00e3o serem suficientes para corrigir falhas de seguran\u00e7a.<\/p>\n<p><b>Qual foi o epis\u00f3dio que motivou a cobran\u00e7a?<\/b><br \/>A plataforma passou a ser pressionada ap\u00f3s uma adolescente ter sido induzida a tirar a pr\u00f3pria vida durante uma live realizada no Discord em julho.<\/p>\n<p><b>Quais medidas o Discord pretende apresentar?<\/b><br \/>A empresa planeja criar um protocolo para den\u00fancias de sextors\u00e3o, ferramentas de modera\u00e7\u00e3o contra crueldade animal e mecanismos de preserva\u00e7\u00e3o de dados para investiga\u00e7\u00f5es.<\/p>\n<p><b>Quem participa da audi\u00eancia com o Discord?<\/b><br \/>Al\u00e9m da plataforma, o processo envolve representantes da Advocacia-Geral da Uni\u00e3o (AGU) e do Minist\u00e9rio P\u00fablico Federal (MPF).<\/p>\n<p><b>O que acontece ap\u00f3s o prazo de dez dias?<\/b><br \/>A Justi\u00e7a Federal analisar\u00e1 a proposta de concilia\u00e7\u00e3o apresentada pela empresa para decidir se as medidas s\u00e3o adequadas para resolver as falhas apontadas na a\u00e7\u00e3o.<\/p>","protected":false},"excerpt":{"rendered":"<p>Justi\u00e7a Federal determina que Discord apresente proposta detalhada de prote\u00e7\u00e3o a usu\u00e1rios ap\u00f3s falhas de seguran\u00e7a serem apontadas pelo governo A Justi\u00e7a Federal no Distrito Federal estabeleceu um prazo de dez dias para que o Discord apresente uma proposta de concilia\u00e7\u00e3o. A medida ocorre no \u00e2mbito de uma a\u00e7\u00e3o movida pelo governo federal, que exige [&hellip;]<\/p>\n","protected":false},"author":1,"featured_media":170146,"comment_status":"","ping_status":"","sticky":false,"template":"","format":"standard","meta":{"googlesitekit_rrm_CAow2JLhCw:productID":"","_gspb_post_css":"","maa_idioma":"","maa_pais":"","footnotes":""},"categories":[4],"tags":[],"class_list":["post-170145","post","type-post","status-publish","format-standard","has-post-thumbnail","hentry","category-brasil"],"blocksy_meta":[],"yoast_head":"<!-- This site is optimized with the Yoast SEO Premium plugin v27.6 (Yoast SEO v27.6) - https:\/\/yoast.com\/product\/yoast-seo-premium-wordpress\/ -->\n<title>Discord recebe prazo de dez dias da Justi\u00e7a Federal para apresentar plano de prote\u00e7\u00e3o a usu\u00e1rios e combate a crimes na plataforma - Ubirat\u00e3 Online Not\u00edcias - A realidade ao seu alcance!<\/title>\n<meta name=\"description\" content=\"Justi\u00e7a Federal determina que Discord apresente proposta detalhada de prote\u00e7\u00e3o a usu\u00e1rios ap\u00f3s falhas de seguran\u00e7a serem apontadas pelo governo A Justi\u00e7a\" \/>\n<meta name=\"robots\" content=\"index, follow, max-snippet:-1, max-image-preview:large, max-video-preview:-1\" \/>\n<link rel=\"canonical\" href=\"https:\/\/ubirataonline.com.br\/en\/discord-recebe-prazo-de-dez-dias-da-justica-federal-para-apresentar-plano-de-protecao-a-usuarios-e-combate-a-crimes-na-plataforma\/\" \/>\n<meta property=\"og:locale\" content=\"en_US\" \/>\n<meta property=\"og:type\" content=\"article\" \/>\n<meta property=\"og:title\" content=\"Discord recebe prazo de dez dias da Justi\u00e7a Federal para apresentar plano de prote\u00e7\u00e3o a usu\u00e1rios e combate a crimes na plataforma\" \/>\n<meta property=\"og:description\" content=\"Justi\u00e7a Federal determina que Discord apresente proposta detalhada de prote\u00e7\u00e3o a usu\u00e1rios ap\u00f3s falhas de seguran\u00e7a serem apontadas pelo governo A Justi\u00e7a\" \/>\n<meta property=\"og:url\" content=\"https:\/\/ubirataonline.com.br\/en\/discord-recebe-prazo-de-dez-dias-da-justica-federal-para-apresentar-plano-de-protecao-a-usuarios-e-combate-a-crimes-na-plataforma\/\" \/>\n<meta property=\"og:site_name\" content=\"Ubirat\u00e3 Online Not\u00edcias - A realidade ao seu alcance!\" \/>\n<meta property=\"article:publisher\" content=\"https:\/\/www.facebook.com\/portalubirataonline\" \/>\n<meta property=\"article:author\" content=\"https:\/\/www.facebook.com\/portalubirataonline\" \/>\n<meta property=\"article:published_time\" content=\"2026-09-03T00:24:41+00:00\" \/>\n<meta property=\"og:image\" content=\"https:\/\/ubirataonline.com.br\/wp-content\/uploads\/2026\/05\/logo2026.webp\" \/>\n\t<meta property=\"og:image:width\" content=\"1531\" \/>\n\t<meta property=\"og:image:height\" content=\"418\" \/>\n\t<meta property=\"og:image:type\" content=\"image\/webp\" \/>\n<meta name=\"author\" content=\"REDA\u00c7\u00c3O: UBIRAT\u00c3 ONLINE - F\u00c1BIO AUGUSTO CELESTINO\" \/>\n<meta name=\"twitter:card\" content=\"summary_large_image\" \/>\n<meta name=\"twitter:creator\" content=\"@x.com\/ubirataonline\" \/>\n<meta name=\"twitter:site\" content=\"@ubirataonline\" \/>\n<meta name=\"twitter:label1\" content=\"Written by\" \/>\n\t<meta name=\"twitter:data1\" content=\"REDA\u00c7\u00c3O: UBIRAT\u00c3 ONLINE - F\u00c1BIO AUGUSTO CELESTINO\" \/>\n\t<meta name=\"twitter:label2\" content=\"Est. reading time\" \/>\n\t<meta name=\"twitter:data2\" content=\"3 minutes\" \/>\n<script type=\"application\/ld+json\" class=\"yoast-schema-graph\">{\"@context\":\"https:\\\/\\\/schema.org\",\"@graph\":[{\"@type\":\"NewsArticle\",\"@id\":\"https:\\\/\\\/ubirataonline.com.br\\\/discord-recebe-prazo-de-dez-dias-da-justica-federal-para-apresentar-plano-de-protecao-a-usuarios-e-combate-a-crimes-na-plataforma\\\/#article\",\"isPartOf\":{\"@id\":\"https:\\\/\\\/ubirataonline.com.br\\\/discord-recebe-prazo-de-dez-dias-da-justica-federal-para-apresentar-plano-de-protecao-a-usuarios-e-combate-a-crimes-na-plataforma\\\/\"},\"author\":{\"name\":\"REDA\u00c7\u00c3O: UBIRAT\u00c3 ONLINE - F\u00c1BIO AUGUSTO CELESTINO\",\"@id\":\"https:\\\/\\\/ubirataonline.com.br\\\/#\\\/schema\\\/person\\\/372f87bbd3fdd79b8556b84c98d0bc1c\"},\"headline\":\"Discord recebe prazo de dez dias da Justi\u00e7a Federal para apresentar plano de prote\u00e7\u00e3o a usu\u00e1rios e combate a crimes na plataforma\",\"datePublished\":\"2026-09-03T00:24:41+00:00\",\"mainEntityOfPage\":{\"@id\":\"https:\\\/\\\/ubirataonline.com.br\\\/discord-recebe-prazo-de-dez-dias-da-justica-federal-para-apresentar-plano-de-protecao-a-usuarios-e-combate-a-crimes-na-plataforma\\\/\"},\"wordCount\":713,\"publisher\":{\"@id\":\"https:\\\/\\\/ubirataonline.com.br\\\/#organization\"},\"image\":{\"@id\":\"https:\\\/\\\/ubirataonline.com.br\\\/discord-recebe-prazo-de-dez-dias-da-justica-federal-para-apresentar-plano-de-protecao-a-usuarios-e-combate-a-crimes-na-plataforma\\\/#primaryimage\"},\"thumbnailUrl\":\"https:\\\/\\\/ubirataonline.com.br\\\/wp-content\\\/uploads\\\/2026\\\/09\\\/maaimg-post-170145-20260903-002458.webp\",\"articleSection\":[\"Brasil\"],\"inLanguage\":\"en-US\",\"copyrightYear\":\"2026\",\"copyrightHolder\":{\"@id\":\"https:\\\/\\\/ubirataonline.com.br\\\/en\\\/#organization\"}},{\"@type\":\"WebPage\",\"@id\":\"https:\\\/\\\/ubirataonline.com.br\\\/discord-recebe-prazo-de-dez-dias-da-justica-federal-para-apresentar-plano-de-protecao-a-usuarios-e-combate-a-crimes-na-plataforma\\\/\",\"url\":\"https:\\\/\\\/ubirataonline.com.br\\\/discord-recebe-prazo-de-dez-dias-da-justica-federal-para-apresentar-plano-de-protecao-a-usuarios-e-combate-a-crimes-na-plataforma\\\/\",\"name\":\"Discord recebe prazo de dez dias da Justi\u00e7a Federal para apresentar plano de prote\u00e7\u00e3o a usu\u00e1rios e combate a crimes na plataforma - Ubirat\u00e3 Online Not\u00edcias - A realidade ao seu alcance!\",\"isPartOf\":{\"@id\":\"https:\\\/\\\/ubirataonline.com.br\\\/#website\"},\"primaryImageOfPage\":{\"@id\":\"https:\\\/\\\/ubirataonline.com.br\\\/discord-recebe-prazo-de-dez-dias-da-justica-federal-para-apresentar-plano-de-protecao-a-usuarios-e-combate-a-crimes-na-plataforma\\\/#primaryimage\"},\"image\":{\"@id\":\"https:\\\/\\\/ubirataonline.com.br\\\/discord-recebe-prazo-de-dez-dias-da-justica-federal-para-apresentar-plano-de-protecao-a-usuarios-e-combate-a-crimes-na-plataforma\\\/#primaryimage\"},\"thumbnailUrl\":\"https:\\\/\\\/ubirataonline.com.br\\\/wp-content\\\/uploads\\\/2026\\\/09\\\/maaimg-post-170145-20260903-002458.webp\",\"datePublished\":\"2026-09-03T00:24:41+00:00\",\"description\":\"Justi\u00e7a Federal determina que Discord apresente proposta detalhada de prote\u00e7\u00e3o a usu\u00e1rios ap\u00f3s falhas de seguran\u00e7a serem apontadas pelo governo A Justi\u00e7a\",\"breadcrumb\":{\"@id\":\"https:\\\/\\\/ubirataonline.com.br\\\/discord-recebe-prazo-de-dez-dias-da-justica-federal-para-apresentar-plano-de-protecao-a-usuarios-e-combate-a-crimes-na-plataforma\\\/#breadcrumb\"},\"inLanguage\":\"en-US\",\"potentialAction\":[{\"@type\":\"ReadAction\",\"target\":[\"https:\\\/\\\/ubirataonline.com.br\\\/discord-recebe-prazo-de-dez-dias-da-justica-federal-para-apresentar-plano-de-protecao-a-usuarios-e-combate-a-crimes-na-plataforma\\\/\"]}]},{\"@type\":\"ImageObject\",\"inLanguage\":\"en-US\",\"@id\":\"https:\\\/\\\/ubirataonline.com.br\\\/discord-recebe-prazo-de-dez-dias-da-justica-federal-para-apresentar-plano-de-protecao-a-usuarios-e-combate-a-crimes-na-plataforma\\\/#primaryimage\",\"url\":\"https:\\\/\\\/ubirataonline.com.br\\\/wp-content\\\/uploads\\\/2026\\\/09\\\/maaimg-post-170145-20260903-002458.webp\",\"contentUrl\":\"https:\\\/\\\/ubirataonline.com.br\\\/wp-content\\\/uploads\\\/2026\\\/09\\\/maaimg-post-170145-20260903-002458.webp\",\"width\":1536,\"height\":1024,\"caption\":\"Imagem ilustrativa Gerada por IA\"},{\"@type\":\"BreadcrumbList\",\"@id\":\"https:\\\/\\\/ubirataonline.com.br\\\/discord-recebe-prazo-de-dez-dias-da-justica-federal-para-apresentar-plano-de-protecao-a-usuarios-e-combate-a-crimes-na-plataforma\\\/#breadcrumb\",\"itemListElement\":[{\"@type\":\"ListItem\",\"position\":1,\"name\":\"In\u00edcio\",\"item\":\"https:\\\/\\\/ubirataonline.com.br\\\/\"},{\"@type\":\"ListItem\",\"position\":2,\"name\":\"Discord recebe prazo de dez dias da Justi\u00e7a Federal para apresentar plano de prote\u00e7\u00e3o a usu\u00e1rios e combate a crimes na plataforma\"}]},{\"@type\":\"WebSite\",\"@id\":\"https:\\\/\\\/ubirataonline.com.br\\\/#website\",\"url\":\"https:\\\/\\\/ubirataonline.com.br\\\/\",\"name\":\"Ubirat\u00e3 Online Not\u00edcias\",\"description\":\"Not\u00edcias de Ubirat\u00e3, regi\u00e3o, Brasil e mundo, com informa\u00e7\u00e3o atualizada e compromisso com o leitor.\",\"publisher\":{\"@id\":\"https:\\\/\\\/ubirataonline.com.br\\\/#organization\"},\"alternateName\":\"Ubirat\u00e3 Online\",\"potentialAction\":[{\"@type\":\"SearchAction\",\"target\":{\"@type\":\"EntryPoint\",\"urlTemplate\":\"https:\\\/\\\/ubirataonline.com.br\\\/?s={search_term_string}\"},\"query-input\":{\"@type\":\"PropertyValueSpecification\",\"valueRequired\":true,\"valueName\":\"search_term_string\"}}],\"inLanguage\":\"en-US\"},{\"@type\":[\"Organization\",\"Place\"],\"@id\":\"https:\\\/\\\/ubirataonline.com.br\\\/#organization\",\"name\":\"Ubirat\u00e3 Online Not\u00edcias\",\"alternateName\":\"Ubirat\u00e3 Online\",\"url\":\"https:\\\/\\\/ubirataonline.com.br\\\/\",\"logo\":{\"@id\":\"https:\\\/\\\/ubirataonline.com.br\\\/discord-recebe-prazo-de-dez-dias-da-justica-federal-para-apresentar-plano-de-protecao-a-usuarios-e-combate-a-crimes-na-plataforma\\\/#local-main-organization-logo\"},\"image\":{\"@id\":\"https:\\\/\\\/ubirataonline.com.br\\\/discord-recebe-prazo-de-dez-dias-da-justica-federal-para-apresentar-plano-de-protecao-a-usuarios-e-combate-a-crimes-na-plataforma\\\/#local-main-organization-logo\"},\"sameAs\":[\"https:\\\/\\\/www.facebook.com\\\/portalubirataonline\",\"https:\\\/\\\/x.com\\\/ubirataonline\",\"https:\\\/\\\/mastodon.social\\\/@ubirataonline\",\"https:\\\/\\\/www.facebook.com\\\/groups\\\/311144672285604\",\"https:\\\/\\\/www.facebook.com\\\/UBTAOnline\",\"https:\\\/\\\/www.instagram.com\\\/portalubirataonline\\\/\",\"https:\\\/\\\/twitter.com\\\/ubirataonline\"],\"description\":\"Somos um portal de not\u00edcias independente, criado em 5 de janeiro de 2009, com o objetivo de informar, conectar e valorizar a nossa comunidade de Ubirat\u00e3 e toda aregi\u00e3o. Com conte\u00fado atualizado, confi\u00e1vel e relevante, o Ubirat\u00e3 Online \u00e9 o seu espa\u00e7o para ficar por dentro dos principais acontecimentos locais, regionais, Brasil, Mundo e de interesse geral. Nosso compromisso \u00e9 com a verdade, a transpar\u00eancia e o respeito ao leitor.\",\"legalName\":\"UBIRATA ONLINE NOT\u00cdCIAS\",\"foundingDate\":\"2009-01-05\",\"numberOfEmployees\":{\"@type\":\"QuantitativeValue\",\"minValue\":\"1\",\"maxValue\":\"10\"},\"publishingPrinciples\":\"https:\\\/\\\/ubirataonline.com.br\\\/faq\\\/\",\"address\":{\"@id\":\"https:\\\/\\\/ubirataonline.com.br\\\/discord-recebe-prazo-de-dez-dias-da-justica-federal-para-apresentar-plano-de-protecao-a-usuarios-e-combate-a-crimes-na-plataforma\\\/#local-main-place-address\"},\"geo\":{\"@type\":\"GeoCoordinates\",\"latitude\":\"-24.5361401\",\"longitude\":\"-52.9921776\"},\"telephone\":[\"+5544998308235\"],\"contactPoint\":{\"@type\":\"ContactPoint\",\"email\":\"contato@ubirataonline.com.br\"},\"openingHoursSpecification\":{\"@type\":\"OpeningHoursSpecification\",\"dayOfWeek\":[\"Monday\",\"Tuesday\",\"Wednesday\",\"Thursday\",\"Friday\",\"Saturday\",\"Sunday\"],\"opens\":\"00:00\",\"closes\":\"23:59\"},\"email\":\"contato@ubirataonline.com.br\",\"vatID\":\"47.621.418\\\/0001-80\"},{\"@type\":\"Person\",\"@id\":\"https:\\\/\\\/ubirataonline.com.br\\\/#\\\/schema\\\/person\\\/372f87bbd3fdd79b8556b84c98d0bc1c\",\"name\":\"REDA\u00c7\u00c3O: UBIRAT\u00c3 ONLINE - F\u00c1BIO AUGUSTO CELESTINO\",\"pronouns\":\"Ele\",\"description\":\"Desde 2003 trabalhando com not\u00edcias.\",\"sameAs\":[\"http:\\\/\\\/ubirataoline.com.br\",\"https:\\\/\\\/www.facebook.com\\\/portalubirataonline\",\"https:\\\/\\\/www.instagram.com\\\/ubirataonline_oficial\",\"https:\\\/\\\/x.com\\\/x.com\\\/ubirataonline\"],\"honorificPrefix\":\"Mr.\",\"honorificSuffix\":\"MD\",\"birthDate\":\"1980-06-16\",\"gender\":\"masculino\",\"award\":[\"V\u00e1rios pr\u00eamios de melhor portal da cidade\"],\"jobTitle\":\"Diretor\",\"url\":\"https:\\\/\\\/ubirataonline.com.br\\\/en\\\/author\\\/ubirataonline\\\/\"},{\"@type\":\"PostalAddress\",\"@id\":\"https:\\\/\\\/ubirataonline.com.br\\\/discord-recebe-prazo-de-dez-dias-da-justica-federal-para-apresentar-plano-de-protecao-a-usuarios-e-combate-a-crimes-na-plataforma\\\/#local-main-place-address\",\"streetAddress\":\"Rua dos Coqueiros, 104 - Bairro Boa Vista, Rua dos Coqueiros, 104 Bairro Boa Vista\",\"addressLocality\":\"UBIRATA\",\"postalCode\":\"85440-000\",\"addressRegion\":\"PR\",\"addressCountry\":\"BR\"},{\"@type\":\"ImageObject\",\"inLanguage\":\"en-US\",\"@id\":\"https:\\\/\\\/ubirataonline.com.br\\\/discord-recebe-prazo-de-dez-dias-da-justica-federal-para-apresentar-plano-de-protecao-a-usuarios-e-combate-a-crimes-na-plataforma\\\/#local-main-organization-logo\",\"url\":\"https:\\\/\\\/ubirataonline.com.br\\\/wp-content\\\/uploads\\\/2026\\\/06\\\/logoubirataonline-1.webp\",\"contentUrl\":\"https:\\\/\\\/ubirataonline.com.br\\\/wp-content\\\/uploads\\\/2026\\\/06\\\/logoubirataonline-1.webp\",\"width\":500,\"height\":500,\"caption\":\"Ubirat\u00e3 Online Not\u00edcias\"}]}<\/script>\n<meta name=\"geo.placename\" content=\"UBIRATA\" \/>\n<meta name=\"geo.position\" content=\"-24.5361401;-52.9921776\" \/>\n<meta name=\"geo.region\" content=\"Brazil\" \/>\n<!-- \/ Yoast SEO Premium plugin. -->","yoast_head_json":{"title":"Discord recebe prazo de dez dias da Justi\u00e7a Federal para apresentar plano de prote\u00e7\u00e3o a usu\u00e1rios e combate a crimes na plataforma - Ubirat\u00e3 Online Not\u00edcias - A realidade ao seu alcance!","description":"Justi\u00e7a Federal determina que Discord apresente proposta detalhada de prote\u00e7\u00e3o a usu\u00e1rios ap\u00f3s falhas de seguran\u00e7a serem apontadas pelo governo A Justi\u00e7a","robots":{"index":"index","follow":"follow","max-snippet":"max-snippet:-1","max-image-preview":"max-image-preview:large","max-video-preview":"max-video-preview:-1"},"canonical":"https:\/\/ubirataonline.com.br\/en\/discord-recebe-prazo-de-dez-dias-da-justica-federal-para-apresentar-plano-de-protecao-a-usuarios-e-combate-a-crimes-na-plataforma\/","og_locale":"en_US","og_type":"article","og_title":"Discord recebe prazo de dez dias da Justi\u00e7a Federal para apresentar plano de prote\u00e7\u00e3o a usu\u00e1rios e combate a crimes na plataforma","og_description":"Justi\u00e7a Federal determina que Discord apresente proposta detalhada de prote\u00e7\u00e3o a usu\u00e1rios ap\u00f3s falhas de seguran\u00e7a serem apontadas pelo governo A Justi\u00e7a","og_url":"https:\/\/ubirataonline.com.br\/en\/discord-recebe-prazo-de-dez-dias-da-justica-federal-para-apresentar-plano-de-protecao-a-usuarios-e-combate-a-crimes-na-plataforma\/","og_site_name":"Ubirat\u00e3 Online Not\u00edcias - A realidade ao seu alcance!","article_publisher":"https:\/\/www.facebook.com\/portalubirataonline","article_author":"https:\/\/www.facebook.com\/portalubirataonline","article_published_time":"2026-09-03T00:24:41+00:00","og_image":[{"width":1531,"height":418,"url":"https:\/\/ubirataonline.com.br\/wp-content\/uploads\/2026\/05\/logo2026.webp","type":"image\/webp"}],"author":"REDA\u00c7\u00c3O: UBIRAT\u00c3 ONLINE - F\u00c1BIO AUGUSTO CELESTINO","twitter_card":"summary_large_image","twitter_creator":"@x.com\/ubirataonline","twitter_site":"@ubirataonline","twitter_misc":{"Written by":"REDA\u00c7\u00c3O: UBIRAT\u00c3 ONLINE - F\u00c1BIO AUGUSTO CELESTINO","Est. reading time":"3 minutes"},"schema":{"@context":"https:\/\/schema.org","@graph":[{"@type":"NewsArticle","@id":"https:\/\/ubirataonline.com.br\/discord-recebe-prazo-de-dez-dias-da-justica-federal-para-apresentar-plano-de-protecao-a-usuarios-e-combate-a-crimes-na-plataforma\/#article","isPartOf":{"@id":"https:\/\/ubirataonline.com.br\/discord-recebe-prazo-de-dez-dias-da-justica-federal-para-apresentar-plano-de-protecao-a-usuarios-e-combate-a-crimes-na-plataforma\/"},"author":{"name":"REDA\u00c7\u00c3O: UBIRAT\u00c3 ONLINE - F\u00c1BIO AUGUSTO CELESTINO","@id":"https:\/\/ubirataonline.com.br\/#\/schema\/person\/372f87bbd3fdd79b8556b84c98d0bc1c"},"headline":"Discord recebe prazo de dez dias da Justi\u00e7a Federal para apresentar plano de prote\u00e7\u00e3o a usu\u00e1rios e combate a crimes na plataforma","datePublished":"2026-09-03T00:24:41+00:00","mainEntityOfPage":{"@id":"https:\/\/ubirataonline.com.br\/discord-recebe-prazo-de-dez-dias-da-justica-federal-para-apresentar-plano-de-protecao-a-usuarios-e-combate-a-crimes-na-plataforma\/"},"wordCount":713,"publisher":{"@id":"https:\/\/ubirataonline.com.br\/#organization"},"image":{"@id":"https:\/\/ubirataonline.com.br\/discord-recebe-prazo-de-dez-dias-da-justica-federal-para-apresentar-plano-de-protecao-a-usuarios-e-combate-a-crimes-na-plataforma\/#primaryimage"},"thumbnailUrl":"https:\/\/ubirataonline.com.br\/wp-content\/uploads\/2026\/09\/maaimg-post-170145-20260903-002458.webp","articleSection":["Brasil"],"inLanguage":"en-US","copyrightYear":"2026","copyrightHolder":{"@id":"https:\/\/ubirataonline.com.br\/en\/#organization"}},{"@type":"WebPage","@id":"https:\/\/ubirataonline.com.br\/discord-recebe-prazo-de-dez-dias-da-justica-federal-para-apresentar-plano-de-protecao-a-usuarios-e-combate-a-crimes-na-plataforma\/","url":"https:\/\/ubirataonline.com.br\/discord-recebe-prazo-de-dez-dias-da-justica-federal-para-apresentar-plano-de-protecao-a-usuarios-e-combate-a-crimes-na-plataforma\/","name":"Discord recebe prazo de dez dias da Justi\u00e7a Federal para apresentar plano de prote\u00e7\u00e3o a usu\u00e1rios e combate a crimes na plataforma - Ubirat\u00e3 Online Not\u00edcias - A realidade ao seu alcance!","isPartOf":{"@id":"https:\/\/ubirataonline.com.br\/#website"},"primaryImageOfPage":{"@id":"https:\/\/ubirataonline.com.br\/discord-recebe-prazo-de-dez-dias-da-justica-federal-para-apresentar-plano-de-protecao-a-usuarios-e-combate-a-crimes-na-plataforma\/#primaryimage"},"image":{"@id":"https:\/\/ubirataonline.com.br\/discord-recebe-prazo-de-dez-dias-da-justica-federal-para-apresentar-plano-de-protecao-a-usuarios-e-combate-a-crimes-na-plataforma\/#primaryimage"},"thumbnailUrl":"https:\/\/ubirataonline.com.br\/wp-content\/uploads\/2026\/09\/maaimg-post-170145-20260903-002458.webp","datePublished":"2026-09-03T00:24:41+00:00","description":"Justi\u00e7a Federal determina que Discord apresente proposta detalhada de prote\u00e7\u00e3o a usu\u00e1rios ap\u00f3s falhas de seguran\u00e7a serem apontadas pelo governo A Justi\u00e7a","breadcrumb":{"@id":"https:\/\/ubirataonline.com.br\/discord-recebe-prazo-de-dez-dias-da-justica-federal-para-apresentar-plano-de-protecao-a-usuarios-e-combate-a-crimes-na-plataforma\/#breadcrumb"},"inLanguage":"en-US","potentialAction":[{"@type":"ReadAction","target":["https:\/\/ubirataonline.com.br\/discord-recebe-prazo-de-dez-dias-da-justica-federal-para-apresentar-plano-de-protecao-a-usuarios-e-combate-a-crimes-na-plataforma\/"]}]},{"@type":"ImageObject","inLanguage":"en-US","@id":"https:\/\/ubirataonline.com.br\/discord-recebe-prazo-de-dez-dias-da-justica-federal-para-apresentar-plano-de-protecao-a-usuarios-e-combate-a-crimes-na-plataforma\/#primaryimage","url":"https:\/\/ubirataonline.com.br\/wp-content\/uploads\/2026\/09\/maaimg-post-170145-20260903-002458.webp","contentUrl":"https:\/\/ubirataonline.com.br\/wp-content\/uploads\/2026\/09\/maaimg-post-170145-20260903-002458.webp","width":1536,"height":1024,"caption":"Imagem ilustrativa Gerada por IA"},{"@type":"BreadcrumbList","@id":"https:\/\/ubirataonline.com.br\/discord-recebe-prazo-de-dez-dias-da-justica-federal-para-apresentar-plano-de-protecao-a-usuarios-e-combate-a-crimes-na-plataforma\/#breadcrumb","itemListElement":[{"@type":"ListItem","position":1,"name":"In\u00edcio","item":"https:\/\/ubirataonline.com.br\/"},{"@type":"ListItem","position":2,"name":"Discord recebe prazo de dez dias da Justi\u00e7a Federal para apresentar plano de prote\u00e7\u00e3o a usu\u00e1rios e combate a crimes na plataforma"}]},{"@type":"WebSite","@id":"https:\/\/ubirataonline.com.br\/#website","url":"https:\/\/ubirataonline.com.br\/","name":"Ubirat\u00e3 Online Not\u00edcias","description":"Not\u00edcias de Ubirat\u00e3, regi\u00e3o, Brasil e mundo, com informa\u00e7\u00e3o atualizada e compromisso com o leitor.","publisher":{"@id":"https:\/\/ubirataonline.com.br\/#organization"},"alternateName":"Ubirat\u00e3 Online","potentialAction":[{"@type":"SearchAction","target":{"@type":"EntryPoint","urlTemplate":"https:\/\/ubirataonline.com.br\/?s={search_term_string}"},"query-input":{"@type":"PropertyValueSpecification","valueRequired":true,"valueName":"search_term_string"}}],"inLanguage":"en-US"},{"@type":["Organization","Place"],"@id":"https:\/\/ubirataonline.com.br\/#organization","name":"Ubirat\u00e3 Online Not\u00edcias","alternateName":"Ubirat\u00e3 Online","url":"https:\/\/ubirataonline.com.br\/","logo":{"@id":"https:\/\/ubirataonline.com.br\/discord-recebe-prazo-de-dez-dias-da-justica-federal-para-apresentar-plano-de-protecao-a-usuarios-e-combate-a-crimes-na-plataforma\/#local-main-organization-logo"},"image":{"@id":"https:\/\/ubirataonline.com.br\/discord-recebe-prazo-de-dez-dias-da-justica-federal-para-apresentar-plano-de-protecao-a-usuarios-e-combate-a-crimes-na-plataforma\/#local-main-organization-logo"},"sameAs":["https:\/\/www.facebook.com\/portalubirataonline","https:\/\/x.com\/ubirataonline","https:\/\/mastodon.social\/@ubirataonline","https:\/\/www.facebook.com\/groups\/311144672285604","https:\/\/www.facebook.com\/UBTAOnline","https:\/\/www.instagram.com\/portalubirataonline\/","https:\/\/twitter.com\/ubirataonline"],"description":"Somos um portal de not\u00edcias independente, criado em 5 de janeiro de 2009, com o objetivo de informar, conectar e valorizar a nossa comunidade de Ubirat\u00e3 e toda aregi\u00e3o. Com conte\u00fado atualizado, confi\u00e1vel e relevante, o Ubirat\u00e3 Online \u00e9 o seu espa\u00e7o para ficar por dentro dos principais acontecimentos locais, regionais, Brasil, Mundo e de interesse geral. Nosso compromisso \u00e9 com a verdade, a transpar\u00eancia e o respeito ao leitor.","legalName":"UBIRATA ONLINE NOT\u00cdCIAS","foundingDate":"2009-01-05","numberOfEmployees":{"@type":"QuantitativeValue","minValue":"1","maxValue":"10"},"publishingPrinciples":"https:\/\/ubirataonline.com.br\/faq\/","address":{"@id":"https:\/\/ubirataonline.com.br\/discord-recebe-prazo-de-dez-dias-da-justica-federal-para-apresentar-plano-de-protecao-a-usuarios-e-combate-a-crimes-na-plataforma\/#local-main-place-address"},"geo":{"@type":"GeoCoordinates","latitude":"-24.5361401","longitude":"-52.9921776"},"telephone":["+5544998308235"],"contactPoint":{"@type":"ContactPoint","email":"contato@ubirataonline.com.br"},"openingHoursSpecification":{"@type":"OpeningHoursSpecification","dayOfWeek":["Monday","Tuesday","Wednesday","Thursday","Friday","Saturday","Sunday"],"opens":"00:00","closes":"23:59"},"email":"contato@ubirataonline.com.br","vatID":"47.621.418\/0001-80"},{"@type":"Person","@id":"https:\/\/ubirataonline.com.br\/#\/schema\/person\/372f87bbd3fdd79b8556b84c98d0bc1c","name":"REDA\u00c7\u00c3O: UBIRAT\u00c3 ONLINE - F\u00c1BIO AUGUSTO CELESTINO","pronouns":"Ele","description":"Desde 2003 trabalhando com not\u00edcias.","sameAs":["http:\/\/ubirataoline.com.br","https:\/\/www.facebook.com\/portalubirataonline","https:\/\/www.instagram.com\/ubirataonline_oficial","https:\/\/x.com\/x.com\/ubirataonline"],"honorificPrefix":"Mr.","honorificSuffix":"MD","birthDate":"1980-06-16","gender":"masculino","award":["V\u00e1rios pr\u00eamios de melhor portal da cidade"],"jobTitle":"Diretor","url":"https:\/\/ubirataonline.com.br\/en\/author\/ubirataonline\/"},{"@type":"PostalAddress","@id":"https:\/\/ubirataonline.com.br\/discord-recebe-prazo-de-dez-dias-da-justica-federal-para-apresentar-plano-de-protecao-a-usuarios-e-combate-a-crimes-na-plataforma\/#local-main-place-address","streetAddress":"Rua dos Coqueiros, 104 - Bairro Boa Vista, Rua dos Coqueiros, 104 Bairro Boa Vista","addressLocality":"UBIRATA","postalCode":"85440-000","addressRegion":"PR","addressCountry":"BR"},{"@type":"ImageObject","inLanguage":"en-US","@id":"https:\/\/ubirataonline.com.br\/discord-recebe-prazo-de-dez-dias-da-justica-federal-para-apresentar-plano-de-protecao-a-usuarios-e-combate-a-crimes-na-plataforma\/#local-main-organization-logo","url":"https:\/\/ubirataonline.com.br\/wp-content\/uploads\/2026\/06\/logoubirataonline-1.webp","contentUrl":"https:\/\/ubirataonline.com.br\/wp-content\/uploads\/2026\/06\/logoubirataonline-1.webp","width":500,"height":500,"caption":"Ubirat\u00e3 Online Not\u00edcias"}]},"geo.placename":"UBIRATA","geo.position":{"lat":"-24.5361401","long":"-52.9921776"},"geo.region":"Brazil"},"_links":{"self":[{"href":"https:\/\/ubirataonline.com.br\/en\/wp-json\/wp\/v2\/posts\/170145","targetHints":{"allow":["GET"]}}],"collection":[{"href":"https:\/\/ubirataonline.com.br\/en\/wp-json\/wp\/v2\/posts"}],"about":[{"href":"https:\/\/ubirataonline.com.br\/en\/wp-json\/wp\/v2\/types\/post"}],"author":[{"embeddable":true,"href":"https:\/\/ubirataonline.com.br\/en\/wp-json\/wp\/v2\/users\/1"}],"replies":[{"embeddable":true,"href":"https:\/\/ubirataonline.com.br\/en\/wp-json\/wp\/v2\/comments?post=170145"}],"version-history":[{"count":0,"href":"https:\/\/ubirataonline.com.br\/en\/wp-json\/wp\/v2\/posts\/170145\/revisions"}],"wp:featuredmedia":[{"embeddable":true,"href":"https:\/\/ubirataonline.com.br\/en\/wp-json\/wp\/v2\/media\/170146"}],"wp:attachment":[{"href":"https:\/\/ubirataonline.com.br\/en\/wp-json\/wp\/v2\/media?parent=170145"}],"wp:term":[{"taxonomy":"category","embeddable":true,"href":"https:\/\/ubirataonline.com.br\/en\/wp-json\/wp\/v2\/categories?post=170145"},{"taxonomy":"post_tag","embeddable":true,"href":"https:\/\/ubirataonline.com.br\/en\/wp-json\/wp\/v2\/tags?post=170145"}],"curies":[{"name":"wp","href":"https:\/\/api.w.org\/{rel}","templated":true}]}}