{"id":170148,"date":"2026-09-02T21:36:15","date_gmt":"2026-09-03T00:36:15","guid":{"rendered":"https:\/\/ubirataonline.com.br\/manaus-investe-em-novo-onibus-para-a-temporada-2027-visando-conforto-e-profissionalizacao-do-gaviao-real\/"},"modified":"2026-09-02T21:36:15","modified_gmt":"2026-09-03T00:36:15","slug":"manaus-investe-em-novo-onibus-para-a-temporada-2027-visando-conforto-e-profissionalizacao-do-gaviao-real","status":"publish","type":"post","link":"https:\/\/ubirataonline.com.br\/en\/manaus-investe-em-novo-onibus-para-a-temporada-2027-visando-conforto-e-profissionalizacao-do-gaviao-real\/","title":{"rendered":"Manaus investe em novo \u00f4nibus para a temporada 2027 visando conforto e profissionaliza\u00e7\u00e3o do Gavi\u00e3o Real"},"content":{"rendered":"<h2>O Manaus FC d\u00e1 um passo importante na prepara\u00e7\u00e3o para 2027 com a chegada de um novo \u00f4nibus, visando otimizar a log\u00edstica da equipe em competi\u00e7\u00f5es estaduais e nacionais.<\/h2>\n<p>O <b>Manaus FC<\/b> iniciou os preparativos para a temporada de 2027 com um importante refor\u00e7o voltado para a estrutura do clube. Nesta quarta-feira (2), a agremia\u00e7\u00e3o recebeu um <b>novo \u00f4nibus<\/b> que ser\u00e1 utilizado pela delega\u00e7\u00e3o em diversos compromissos oficiais.<\/p>\n<p>O ve\u00edculo ser\u00e1 fundamental para os deslocamentos do elenco durante o <b>Campeonato Amazonense<\/b> e a <b>S\u00e9rie D do Campeonato Brasileiro<\/b> do pr\u00f3ximo ano. A iniciativa busca proporcionar mais conforto e seguran\u00e7a aos atletas e \u00e0 comiss\u00e3o t\u00e9cnica.<\/p>\n<p>As informa\u00e7\u00f5es sobre a entrega do ve\u00edculo foram divulgadas pelo portal <b>ge<\/b>, detalhando que o planejamento do clube segue focado em melhorar as condi\u00e7\u00f5es de trabalho para os desafios que vir\u00e3o na pr\u00f3xima temporada.<\/p>\n<h3>Detalhes da entrega e parcerias estrat\u00e9gicas<\/h3>\n<p>O novo \u00f4nibus foi entregue ao presidente do Gavi\u00e3o Real, <b>Luis Mitoso<\/b>, pelo presidente da Eucatur, <b>Algacir Gurgacz<\/b>. O ato marca uma parceria voltada para a melhoria dos servi\u00e7os de transporte da equipe profissional do clube.<\/p>\n<p>Conforme destacado por Luis Mitoso, a aquisi\u00e7\u00e3o representa muito mais do que apenas um meio de locomo\u00e7\u00e3o. Para o dirigente, o investimento simboliza o compromisso com o <b>planejamento e a profissionaliza\u00e7\u00e3o<\/b> do Manaus FC.<\/p>\n<h3>Log\u00edstica para as competi\u00e7\u00f5es de 2027<\/h3>\n<p>O ve\u00edculo ser\u00e1 utilizado em diferentes frentes, desde os treinos di\u00e1rios at\u00e9 as viagens para jogos fora de Manaus. A estrutura tamb\u00e9m est\u00e1 preparada para atender \u00e0s necessidades do clube em viagens intermunicipais.<\/p>\n<p>Na S\u00e9rie D do Campeonato Brasileiro, a equipe ter\u00e1 deslocamentos para outros estados, incluindo viagens para <b>Boa Vista<\/b>, em Roraima. O objetivo \u00e9 garantir que o time chegue aos locais de partida com maior comodidade.<\/p>\n<h3>O planejamento do Gavi\u00e3o Real<\/h3>\n<p>Com o Campeonato Amazonense sendo a primeira competi\u00e7\u00e3o do ano, a equipe busca iniciar o ciclo com organiza\u00e7\u00e3o. O foco \u00e9 manter o Gavi\u00e3o Real competitivo, tanto dentro quanto fora dos gramados, ao longo de toda a temporada.<\/p>\n<h3>FAQ<\/h3>\n<p>Qual a finalidade do novo \u00f4nibus do Manaus FC?O ve\u00edculo ser\u00e1 utilizado para o transporte da equipe em treinos, jogos do Campeonato Amazonense, partidas da S\u00e9rie D do Brasileiro e viagens intermunicipais.<\/p>\n<p><b>Quem realizou a entrega do ve\u00edculo?<\/b><br \/>O \u00f4nibus foi entregue pelo presidente da Eucatur, Algacir Gurgacz, ao presidente do Manaus FC, Luis Mitoso.<\/p>\n<p><b>Quais competi\u00e7\u00f5es o Manaus disputa em 2027?<\/b><br \/>O clube est\u00e1 confirmado no Campeonato Amazonense e na S\u00e9rie D do Campeonato Brasileiro.<\/p>\n<p><b>Haver\u00e1 viagens para outros estados?<\/b><br \/>Sim, o calend\u00e1rio da S\u00e9rie D prev\u00ea deslocamentos para outros estados, como Roraima, para enfrentar advers\u00e1rios em Boa Vista.<\/p>\n<p><b>O que o novo \u00f4nibus representa para o clube?<\/b><br \/>Segundo a diretoria, o \u00f4nibus simboliza investimento em estrutura, planejamento e profissionaliza\u00e7\u00e3o para o avan\u00e7o do Gavi\u00e3o Real.<\/p>","protected":false},"excerpt":{"rendered":"<p>O Manaus FC d\u00e1 um passo importante na prepara\u00e7\u00e3o para 2027 com a chegada de um novo \u00f4nibus, visando otimizar a log\u00edstica da equipe em competi\u00e7\u00f5es estaduais e nacionais. O Manaus FC iniciou os preparativos para a temporada de 2027 com um importante refor\u00e7o voltado para a estrutura do clube. Nesta quarta-feira (2), a agremia\u00e7\u00e3o [&hellip;]<\/p>\n","protected":false},"author":1,"featured_media":170149,"comment_status":"","ping_status":"","sticky":false,"template":"","format":"standard","meta":{"googlesitekit_rrm_CAow2JLhCw:productID":"","_gspb_post_css":"","maa_idioma":"","maa_pais":"","footnotes":""},"categories":[40744],"tags":[],"class_list":["post-170148","post","type-post","status-publish","format-standard","has-post-thumbnail","hentry","category-esportes"],"blocksy_meta":[],"yoast_head":"<!-- This site is optimized with the Yoast SEO Premium plugin v27.6 (Yoast SEO v27.6) - https:\/\/yoast.com\/product\/yoast-seo-premium-wordpress\/ -->\n<title>Manaus investe em novo \u00f4nibus para a temporada 2027 visando conforto e profissionaliza\u00e7\u00e3o do Gavi\u00e3o Real - Ubirat\u00e3 Online Not\u00edcias - A realidade ao seu alcance!<\/title>\n<meta name=\"description\" content=\"O Manaus FC d\u00e1 um passo importante na prepara\u00e7\u00e3o para 2027 com a chegada de um novo \u00f4nibus, visando otimizar a log\u00edstica da equipe em competi\u00e7\u00f5es\" \/>\n<meta name=\"robots\" content=\"index, follow, max-snippet:-1, max-image-preview:large, max-video-preview:-1\" \/>\n<link rel=\"canonical\" href=\"https:\/\/ubirataonline.com.br\/en\/manaus-investe-em-novo-onibus-para-a-temporada-2027-visando-conforto-e-profissionalizacao-do-gaviao-real\/\" \/>\n<meta property=\"og:locale\" content=\"en_US\" \/>\n<meta property=\"og:type\" content=\"article\" \/>\n<meta property=\"og:title\" content=\"Manaus investe em novo \u00f4nibus para a temporada 2027 visando conforto e profissionaliza\u00e7\u00e3o do Gavi\u00e3o Real\" \/>\n<meta property=\"og:description\" content=\"O Manaus FC d\u00e1 um passo importante na prepara\u00e7\u00e3o para 2027 com a chegada de um novo \u00f4nibus, visando otimizar a log\u00edstica da equipe em competi\u00e7\u00f5es\" \/>\n<meta property=\"og:url\" content=\"https:\/\/ubirataonline.com.br\/en\/manaus-investe-em-novo-onibus-para-a-temporada-2027-visando-conforto-e-profissionalizacao-do-gaviao-real\/\" \/>\n<meta property=\"og:site_name\" content=\"Ubirat\u00e3 Online Not\u00edcias - A realidade ao seu alcance!\" \/>\n<meta property=\"article:publisher\" content=\"https:\/\/www.facebook.com\/portalubirataonline\" \/>\n<meta property=\"article:author\" content=\"https:\/\/www.facebook.com\/portalubirataonline\" \/>\n<meta property=\"article:published_time\" content=\"2026-09-03T00:36:15+00:00\" \/>\n<meta property=\"og:image\" content=\"https:\/\/ubirataonline.com.br\/wp-content\/uploads\/2026\/05\/logo2026.webp\" \/>\n\t<meta property=\"og:image:width\" content=\"1531\" \/>\n\t<meta property=\"og:image:height\" content=\"418\" \/>\n\t<meta property=\"og:image:type\" content=\"image\/webp\" \/>\n<meta name=\"author\" content=\"REDA\u00c7\u00c3O: UBIRAT\u00c3 ONLINE - F\u00c1BIO AUGUSTO CELESTINO\" \/>\n<meta name=\"twitter:card\" content=\"summary_large_image\" \/>\n<meta name=\"twitter:creator\" content=\"@x.com\/ubirataonline\" \/>\n<meta name=\"twitter:site\" content=\"@ubirataonline\" \/>\n<meta name=\"twitter:label1\" content=\"Written by\" \/>\n\t<meta name=\"twitter:data1\" content=\"REDA\u00c7\u00c3O: UBIRAT\u00c3 ONLINE - F\u00c1BIO AUGUSTO CELESTINO\" \/>\n\t<meta name=\"twitter:label2\" content=\"Est. reading time\" \/>\n\t<meta name=\"twitter:data2\" content=\"2 minutes\" \/>\n<script type=\"application\/ld+json\" class=\"yoast-schema-graph\">{\"@context\":\"https:\\\/\\\/schema.org\",\"@graph\":[{\"@type\":\"NewsArticle\",\"@id\":\"https:\\\/\\\/ubirataonline.com.br\\\/manaus-investe-em-novo-onibus-para-a-temporada-2027-visando-conforto-e-profissionalizacao-do-gaviao-real\\\/#article\",\"isPartOf\":{\"@id\":\"https:\\\/\\\/ubirataonline.com.br\\\/manaus-investe-em-novo-onibus-para-a-temporada-2027-visando-conforto-e-profissionalizacao-do-gaviao-real\\\/\"},\"author\":{\"name\":\"REDA\u00c7\u00c3O: UBIRAT\u00c3 ONLINE - F\u00c1BIO AUGUSTO CELESTINO\",\"@id\":\"https:\\\/\\\/ubirataonline.com.br\\\/#\\\/schema\\\/person\\\/372f87bbd3fdd79b8556b84c98d0bc1c\"},\"headline\":\"Manaus investe em novo \u00f4nibus para a temporada 2027 visando conforto e profissionaliza\u00e7\u00e3o do Gavi\u00e3o Real\",\"datePublished\":\"2026-09-03T00:36:15+00:00\",\"mainEntityOfPage\":{\"@id\":\"https:\\\/\\\/ubirataonline.com.br\\\/manaus-investe-em-novo-onibus-para-a-temporada-2027-visando-conforto-e-profissionalizacao-do-gaviao-real\\\/\"},\"wordCount\":514,\"publisher\":{\"@id\":\"https:\\\/\\\/ubirataonline.com.br\\\/#organization\"},\"image\":{\"@id\":\"https:\\\/\\\/ubirataonline.com.br\\\/manaus-investe-em-novo-onibus-para-a-temporada-2027-visando-conforto-e-profissionalizacao-do-gaviao-real\\\/#primaryimage\"},\"thumbnailUrl\":\"https:\\\/\\\/ubirataonline.com.br\\\/wp-content\\\/uploads\\\/2026\\\/09\\\/maaimg-post-170148-20260903-003633.webp\",\"articleSection\":[\"Esportes\"],\"inLanguage\":\"en-US\",\"copyrightYear\":\"2026\",\"copyrightHolder\":{\"@id\":\"https:\\\/\\\/ubirataonline.com.br\\\/en\\\/#organization\"}},{\"@type\":\"WebPage\",\"@id\":\"https:\\\/\\\/ubirataonline.com.br\\\/manaus-investe-em-novo-onibus-para-a-temporada-2027-visando-conforto-e-profissionalizacao-do-gaviao-real\\\/\",\"url\":\"https:\\\/\\\/ubirataonline.com.br\\\/manaus-investe-em-novo-onibus-para-a-temporada-2027-visando-conforto-e-profissionalizacao-do-gaviao-real\\\/\",\"name\":\"Manaus investe em novo \u00f4nibus para a temporada 2027 visando conforto e profissionaliza\u00e7\u00e3o do Gavi\u00e3o Real - Ubirat\u00e3 Online Not\u00edcias - A realidade ao seu alcance!\",\"isPartOf\":{\"@id\":\"https:\\\/\\\/ubirataonline.com.br\\\/#website\"},\"primaryImageOfPage\":{\"@id\":\"https:\\\/\\\/ubirataonline.com.br\\\/manaus-investe-em-novo-onibus-para-a-temporada-2027-visando-conforto-e-profissionalizacao-do-gaviao-real\\\/#primaryimage\"},\"image\":{\"@id\":\"https:\\\/\\\/ubirataonline.com.br\\\/manaus-investe-em-novo-onibus-para-a-temporada-2027-visando-conforto-e-profissionalizacao-do-gaviao-real\\\/#primaryimage\"},\"thumbnailUrl\":\"https:\\\/\\\/ubirataonline.com.br\\\/wp-content\\\/uploads\\\/2026\\\/09\\\/maaimg-post-170148-20260903-003633.webp\",\"datePublished\":\"2026-09-03T00:36:15+00:00\",\"description\":\"O Manaus FC d\u00e1 um passo importante na prepara\u00e7\u00e3o para 2027 com a chegada de um novo \u00f4nibus, visando otimizar a log\u00edstica da equipe em competi\u00e7\u00f5es\",\"breadcrumb\":{\"@id\":\"https:\\\/\\\/ubirataonline.com.br\\\/manaus-investe-em-novo-onibus-para-a-temporada-2027-visando-conforto-e-profissionalizacao-do-gaviao-real\\\/#breadcrumb\"},\"inLanguage\":\"en-US\",\"potentialAction\":[{\"@type\":\"ReadAction\",\"target\":[\"https:\\\/\\\/ubirataonline.com.br\\\/manaus-investe-em-novo-onibus-para-a-temporada-2027-visando-conforto-e-profissionalizacao-do-gaviao-real\\\/\"]}]},{\"@type\":\"ImageObject\",\"inLanguage\":\"en-US\",\"@id\":\"https:\\\/\\\/ubirataonline.com.br\\\/manaus-investe-em-novo-onibus-para-a-temporada-2027-visando-conforto-e-profissionalizacao-do-gaviao-real\\\/#primaryimage\",\"url\":\"https:\\\/\\\/ubirataonline.com.br\\\/wp-content\\\/uploads\\\/2026\\\/09\\\/maaimg-post-170148-20260903-003633.webp\",\"contentUrl\":\"https:\\\/\\\/ubirataonline.com.br\\\/wp-content\\\/uploads\\\/2026\\\/09\\\/maaimg-post-170148-20260903-003633.webp\",\"width\":1536,\"height\":1024,\"caption\":\"Imagem ilustrativa Gerada por IA\"},{\"@type\":\"BreadcrumbList\",\"@id\":\"https:\\\/\\\/ubirataonline.com.br\\\/manaus-investe-em-novo-onibus-para-a-temporada-2027-visando-conforto-e-profissionalizacao-do-gaviao-real\\\/#breadcrumb\",\"itemListElement\":[{\"@type\":\"ListItem\",\"position\":1,\"name\":\"In\u00edcio\",\"item\":\"https:\\\/\\\/ubirataonline.com.br\\\/\"},{\"@type\":\"ListItem\",\"position\":2,\"name\":\"Manaus investe em novo \u00f4nibus para a temporada 2027 visando conforto e profissionaliza\u00e7\u00e3o do Gavi\u00e3o Real\"}]},{\"@type\":\"WebSite\",\"@id\":\"https:\\\/\\\/ubirataonline.com.br\\\/#website\",\"url\":\"https:\\\/\\\/ubirataonline.com.br\\\/\",\"name\":\"Ubirat\u00e3 Online Not\u00edcias\",\"description\":\"Not\u00edcias de Ubirat\u00e3, regi\u00e3o, Brasil e mundo, com informa\u00e7\u00e3o atualizada e compromisso com o leitor.\",\"publisher\":{\"@id\":\"https:\\\/\\\/ubirataonline.com.br\\\/#organization\"},\"alternateName\":\"Ubirat\u00e3 Online\",\"potentialAction\":[{\"@type\":\"SearchAction\",\"target\":{\"@type\":\"EntryPoint\",\"urlTemplate\":\"https:\\\/\\\/ubirataonline.com.br\\\/?s={search_term_string}\"},\"query-input\":{\"@type\":\"PropertyValueSpecification\",\"valueRequired\":true,\"valueName\":\"search_term_string\"}}],\"inLanguage\":\"en-US\"},{\"@type\":[\"Organization\",\"Place\"],\"@id\":\"https:\\\/\\\/ubirataonline.com.br\\\/#organization\",\"name\":\"Ubirat\u00e3 Online Not\u00edcias\",\"alternateName\":\"Ubirat\u00e3 Online\",\"url\":\"https:\\\/\\\/ubirataonline.com.br\\\/\",\"logo\":{\"@id\":\"https:\\\/\\\/ubirataonline.com.br\\\/manaus-investe-em-novo-onibus-para-a-temporada-2027-visando-conforto-e-profissionalizacao-do-gaviao-real\\\/#local-main-organization-logo\"},\"image\":{\"@id\":\"https:\\\/\\\/ubirataonline.com.br\\\/manaus-investe-em-novo-onibus-para-a-temporada-2027-visando-conforto-e-profissionalizacao-do-gaviao-real\\\/#local-main-organization-logo\"},\"sameAs\":[\"https:\\\/\\\/www.facebook.com\\\/portalubirataonline\",\"https:\\\/\\\/x.com\\\/ubirataonline\",\"https:\\\/\\\/mastodon.social\\\/@ubirataonline\",\"https:\\\/\\\/www.facebook.com\\\/groups\\\/311144672285604\",\"https:\\\/\\\/www.facebook.com\\\/UBTAOnline\",\"https:\\\/\\\/www.instagram.com\\\/portalubirataonline\\\/\",\"https:\\\/\\\/twitter.com\\\/ubirataonline\"],\"description\":\"Somos um portal de not\u00edcias independente, criado em 5 de janeiro de 2009, com o objetivo de informar, conectar e valorizar a nossa comunidade de Ubirat\u00e3 e toda aregi\u00e3o. Com conte\u00fado atualizado, confi\u00e1vel e relevante, o Ubirat\u00e3 Online \u00e9 o seu espa\u00e7o para ficar por dentro dos principais acontecimentos locais, regionais, Brasil, Mundo e de interesse geral. Nosso compromisso \u00e9 com a verdade, a transpar\u00eancia e o respeito ao leitor.\",\"legalName\":\"UBIRATA ONLINE NOT\u00cdCIAS\",\"foundingDate\":\"2009-01-05\",\"numberOfEmployees\":{\"@type\":\"QuantitativeValue\",\"minValue\":\"1\",\"maxValue\":\"10\"},\"publishingPrinciples\":\"https:\\\/\\\/ubirataonline.com.br\\\/faq\\\/\",\"address\":{\"@id\":\"https:\\\/\\\/ubirataonline.com.br\\\/manaus-investe-em-novo-onibus-para-a-temporada-2027-visando-conforto-e-profissionalizacao-do-gaviao-real\\\/#local-main-place-address\"},\"geo\":{\"@type\":\"GeoCoordinates\",\"latitude\":\"-24.5361401\",\"longitude\":\"-52.9921776\"},\"telephone\":[\"+5544998308235\"],\"contactPoint\":{\"@type\":\"ContactPoint\",\"email\":\"contato@ubirataonline.com.br\"},\"openingHoursSpecification\":{\"@type\":\"OpeningHoursSpecification\",\"dayOfWeek\":[\"Monday\",\"Tuesday\",\"Wednesday\",\"Thursday\",\"Friday\",\"Saturday\",\"Sunday\"],\"opens\":\"00:00\",\"closes\":\"23:59\"},\"email\":\"contato@ubirataonline.com.br\",\"vatID\":\"47.621.418\\\/0001-80\"},{\"@type\":\"Person\",\"@id\":\"https:\\\/\\\/ubirataonline.com.br\\\/#\\\/schema\\\/person\\\/372f87bbd3fdd79b8556b84c98d0bc1c\",\"name\":\"REDA\u00c7\u00c3O: UBIRAT\u00c3 ONLINE - F\u00c1BIO AUGUSTO CELESTINO\",\"pronouns\":\"Ele\",\"description\":\"Desde 2003 trabalhando com not\u00edcias.\",\"sameAs\":[\"http:\\\/\\\/ubirataoline.com.br\",\"https:\\\/\\\/www.facebook.com\\\/portalubirataonline\",\"https:\\\/\\\/www.instagram.com\\\/ubirataonline_oficial\",\"https:\\\/\\\/x.com\\\/x.com\\\/ubirataonline\"],\"honorificPrefix\":\"Mr.\",\"honorificSuffix\":\"MD\",\"birthDate\":\"1980-06-16\",\"gender\":\"masculino\",\"award\":[\"V\u00e1rios pr\u00eamios de melhor portal da cidade\"],\"jobTitle\":\"Diretor\",\"url\":\"https:\\\/\\\/ubirataonline.com.br\\\/en\\\/author\\\/ubirataonline\\\/\"},{\"@type\":\"PostalAddress\",\"@id\":\"https:\\\/\\\/ubirataonline.com.br\\\/manaus-investe-em-novo-onibus-para-a-temporada-2027-visando-conforto-e-profissionalizacao-do-gaviao-real\\\/#local-main-place-address\",\"streetAddress\":\"Rua dos Coqueiros, 104 - Bairro Boa Vista, Rua dos Coqueiros, 104 Bairro Boa Vista\",\"addressLocality\":\"UBIRATA\",\"postalCode\":\"85440-000\",\"addressRegion\":\"PR\",\"addressCountry\":\"BR\"},{\"@type\":\"ImageObject\",\"inLanguage\":\"en-US\",\"@id\":\"https:\\\/\\\/ubirataonline.com.br\\\/manaus-investe-em-novo-onibus-para-a-temporada-2027-visando-conforto-e-profissionalizacao-do-gaviao-real\\\/#local-main-organization-logo\",\"url\":\"https:\\\/\\\/ubirataonline.com.br\\\/wp-content\\\/uploads\\\/2026\\\/06\\\/logoubirataonline-1.webp\",\"contentUrl\":\"https:\\\/\\\/ubirataonline.com.br\\\/wp-content\\\/uploads\\\/2026\\\/06\\\/logoubirataonline-1.webp\",\"width\":500,\"height\":500,\"caption\":\"Ubirat\u00e3 Online Not\u00edcias\"}]}<\/script>\n<meta name=\"geo.placename\" content=\"UBIRATA\" \/>\n<meta name=\"geo.position\" content=\"-24.5361401;-52.9921776\" \/>\n<meta name=\"geo.region\" content=\"Brazil\" \/>\n<!-- \/ Yoast SEO Premium plugin. -->","yoast_head_json":{"title":"Manaus investe em novo \u00f4nibus para a temporada 2027 visando conforto e profissionaliza\u00e7\u00e3o do Gavi\u00e3o Real - Ubirat\u00e3 Online Not\u00edcias - A realidade ao seu alcance!","description":"O Manaus FC d\u00e1 um passo importante na prepara\u00e7\u00e3o para 2027 com a chegada de um novo \u00f4nibus, visando otimizar a log\u00edstica da equipe em competi\u00e7\u00f5es","robots":{"index":"index","follow":"follow","max-snippet":"max-snippet:-1","max-image-preview":"max-image-preview:large","max-video-preview":"max-video-preview:-1"},"canonical":"https:\/\/ubirataonline.com.br\/en\/manaus-investe-em-novo-onibus-para-a-temporada-2027-visando-conforto-e-profissionalizacao-do-gaviao-real\/","og_locale":"en_US","og_type":"article","og_title":"Manaus investe em novo \u00f4nibus para a temporada 2027 visando conforto e profissionaliza\u00e7\u00e3o do Gavi\u00e3o Real","og_description":"O Manaus FC d\u00e1 um passo importante na prepara\u00e7\u00e3o para 2027 com a chegada de um novo \u00f4nibus, visando otimizar a log\u00edstica da equipe em competi\u00e7\u00f5es","og_url":"https:\/\/ubirataonline.com.br\/en\/manaus-investe-em-novo-onibus-para-a-temporada-2027-visando-conforto-e-profissionalizacao-do-gaviao-real\/","og_site_name":"Ubirat\u00e3 Online Not\u00edcias - A realidade ao seu alcance!","article_publisher":"https:\/\/www.facebook.com\/portalubirataonline","article_author":"https:\/\/www.facebook.com\/portalubirataonline","article_published_time":"2026-09-03T00:36:15+00:00","og_image":[{"width":1531,"height":418,"url":"https:\/\/ubirataonline.com.br\/wp-content\/uploads\/2026\/05\/logo2026.webp","type":"image\/webp"}],"author":"REDA\u00c7\u00c3O: UBIRAT\u00c3 ONLINE - F\u00c1BIO AUGUSTO CELESTINO","twitter_card":"summary_large_image","twitter_creator":"@x.com\/ubirataonline","twitter_site":"@ubirataonline","twitter_misc":{"Written by":"REDA\u00c7\u00c3O: UBIRAT\u00c3 ONLINE - F\u00c1BIO AUGUSTO CELESTINO","Est. reading time":"2 minutes"},"schema":{"@context":"https:\/\/schema.org","@graph":[{"@type":"NewsArticle","@id":"https:\/\/ubirataonline.com.br\/manaus-investe-em-novo-onibus-para-a-temporada-2027-visando-conforto-e-profissionalizacao-do-gaviao-real\/#article","isPartOf":{"@id":"https:\/\/ubirataonline.com.br\/manaus-investe-em-novo-onibus-para-a-temporada-2027-visando-conforto-e-profissionalizacao-do-gaviao-real\/"},"author":{"name":"REDA\u00c7\u00c3O: UBIRAT\u00c3 ONLINE - F\u00c1BIO AUGUSTO CELESTINO","@id":"https:\/\/ubirataonline.com.br\/#\/schema\/person\/372f87bbd3fdd79b8556b84c98d0bc1c"},"headline":"Manaus investe em novo \u00f4nibus para a temporada 2027 visando conforto e profissionaliza\u00e7\u00e3o do Gavi\u00e3o Real","datePublished":"2026-09-03T00:36:15+00:00","mainEntityOfPage":{"@id":"https:\/\/ubirataonline.com.br\/manaus-investe-em-novo-onibus-para-a-temporada-2027-visando-conforto-e-profissionalizacao-do-gaviao-real\/"},"wordCount":514,"publisher":{"@id":"https:\/\/ubirataonline.com.br\/#organization"},"image":{"@id":"https:\/\/ubirataonline.com.br\/manaus-investe-em-novo-onibus-para-a-temporada-2027-visando-conforto-e-profissionalizacao-do-gaviao-real\/#primaryimage"},"thumbnailUrl":"https:\/\/ubirataonline.com.br\/wp-content\/uploads\/2026\/09\/maaimg-post-170148-20260903-003633.webp","articleSection":["Esportes"],"inLanguage":"en-US","copyrightYear":"2026","copyrightHolder":{"@id":"https:\/\/ubirataonline.com.br\/en\/#organization"}},{"@type":"WebPage","@id":"https:\/\/ubirataonline.com.br\/manaus-investe-em-novo-onibus-para-a-temporada-2027-visando-conforto-e-profissionalizacao-do-gaviao-real\/","url":"https:\/\/ubirataonline.com.br\/manaus-investe-em-novo-onibus-para-a-temporada-2027-visando-conforto-e-profissionalizacao-do-gaviao-real\/","name":"Manaus investe em novo \u00f4nibus para a temporada 2027 visando conforto e profissionaliza\u00e7\u00e3o do Gavi\u00e3o Real - Ubirat\u00e3 Online Not\u00edcias - A realidade ao seu alcance!","isPartOf":{"@id":"https:\/\/ubirataonline.com.br\/#website"},"primaryImageOfPage":{"@id":"https:\/\/ubirataonline.com.br\/manaus-investe-em-novo-onibus-para-a-temporada-2027-visando-conforto-e-profissionalizacao-do-gaviao-real\/#primaryimage"},"image":{"@id":"https:\/\/ubirataonline.com.br\/manaus-investe-em-novo-onibus-para-a-temporada-2027-visando-conforto-e-profissionalizacao-do-gaviao-real\/#primaryimage"},"thumbnailUrl":"https:\/\/ubirataonline.com.br\/wp-content\/uploads\/2026\/09\/maaimg-post-170148-20260903-003633.webp","datePublished":"2026-09-03T00:36:15+00:00","description":"O Manaus FC d\u00e1 um passo importante na prepara\u00e7\u00e3o para 2027 com a chegada de um novo \u00f4nibus, visando otimizar a log\u00edstica da equipe em competi\u00e7\u00f5es","breadcrumb":{"@id":"https:\/\/ubirataonline.com.br\/manaus-investe-em-novo-onibus-para-a-temporada-2027-visando-conforto-e-profissionalizacao-do-gaviao-real\/#breadcrumb"},"inLanguage":"en-US","potentialAction":[{"@type":"ReadAction","target":["https:\/\/ubirataonline.com.br\/manaus-investe-em-novo-onibus-para-a-temporada-2027-visando-conforto-e-profissionalizacao-do-gaviao-real\/"]}]},{"@type":"ImageObject","inLanguage":"en-US","@id":"https:\/\/ubirataonline.com.br\/manaus-investe-em-novo-onibus-para-a-temporada-2027-visando-conforto-e-profissionalizacao-do-gaviao-real\/#primaryimage","url":"https:\/\/ubirataonline.com.br\/wp-content\/uploads\/2026\/09\/maaimg-post-170148-20260903-003633.webp","contentUrl":"https:\/\/ubirataonline.com.br\/wp-content\/uploads\/2026\/09\/maaimg-post-170148-20260903-003633.webp","width":1536,"height":1024,"caption":"Imagem ilustrativa Gerada por IA"},{"@type":"BreadcrumbList","@id":"https:\/\/ubirataonline.com.br\/manaus-investe-em-novo-onibus-para-a-temporada-2027-visando-conforto-e-profissionalizacao-do-gaviao-real\/#breadcrumb","itemListElement":[{"@type":"ListItem","position":1,"name":"In\u00edcio","item":"https:\/\/ubirataonline.com.br\/"},{"@type":"ListItem","position":2,"name":"Manaus investe em novo \u00f4nibus para a temporada 2027 visando conforto e profissionaliza\u00e7\u00e3o do Gavi\u00e3o Real"}]},{"@type":"WebSite","@id":"https:\/\/ubirataonline.com.br\/#website","url":"https:\/\/ubirataonline.com.br\/","name":"Ubirat\u00e3 Online Not\u00edcias","description":"Not\u00edcias de Ubirat\u00e3, regi\u00e3o, Brasil e mundo, com informa\u00e7\u00e3o atualizada e compromisso com o leitor.","publisher":{"@id":"https:\/\/ubirataonline.com.br\/#organization"},"alternateName":"Ubirat\u00e3 Online","potentialAction":[{"@type":"SearchAction","target":{"@type":"EntryPoint","urlTemplate":"https:\/\/ubirataonline.com.br\/?s={search_term_string}"},"query-input":{"@type":"PropertyValueSpecification","valueRequired":true,"valueName":"search_term_string"}}],"inLanguage":"en-US"},{"@type":["Organization","Place"],"@id":"https:\/\/ubirataonline.com.br\/#organization","name":"Ubirat\u00e3 Online Not\u00edcias","alternateName":"Ubirat\u00e3 Online","url":"https:\/\/ubirataonline.com.br\/","logo":{"@id":"https:\/\/ubirataonline.com.br\/manaus-investe-em-novo-onibus-para-a-temporada-2027-visando-conforto-e-profissionalizacao-do-gaviao-real\/#local-main-organization-logo"},"image":{"@id":"https:\/\/ubirataonline.com.br\/manaus-investe-em-novo-onibus-para-a-temporada-2027-visando-conforto-e-profissionalizacao-do-gaviao-real\/#local-main-organization-logo"},"sameAs":["https:\/\/www.facebook.com\/portalubirataonline","https:\/\/x.com\/ubirataonline","https:\/\/mastodon.social\/@ubirataonline","https:\/\/www.facebook.com\/groups\/311144672285604","https:\/\/www.facebook.com\/UBTAOnline","https:\/\/www.instagram.com\/portalubirataonline\/","https:\/\/twitter.com\/ubirataonline"],"description":"Somos um portal de not\u00edcias independente, criado em 5 de janeiro de 2009, com o objetivo de informar, conectar e valorizar a nossa comunidade de Ubirat\u00e3 e toda aregi\u00e3o. Com conte\u00fado atualizado, confi\u00e1vel e relevante, o Ubirat\u00e3 Online \u00e9 o seu espa\u00e7o para ficar por dentro dos principais acontecimentos locais, regionais, Brasil, Mundo e de interesse geral. Nosso compromisso \u00e9 com a verdade, a transpar\u00eancia e o respeito ao leitor.","legalName":"UBIRATA ONLINE NOT\u00cdCIAS","foundingDate":"2009-01-05","numberOfEmployees":{"@type":"QuantitativeValue","minValue":"1","maxValue":"10"},"publishingPrinciples":"https:\/\/ubirataonline.com.br\/faq\/","address":{"@id":"https:\/\/ubirataonline.com.br\/manaus-investe-em-novo-onibus-para-a-temporada-2027-visando-conforto-e-profissionalizacao-do-gaviao-real\/#local-main-place-address"},"geo":{"@type":"GeoCoordinates","latitude":"-24.5361401","longitude":"-52.9921776"},"telephone":["+5544998308235"],"contactPoint":{"@type":"ContactPoint","email":"contato@ubirataonline.com.br"},"openingHoursSpecification":{"@type":"OpeningHoursSpecification","dayOfWeek":["Monday","Tuesday","Wednesday","Thursday","Friday","Saturday","Sunday"],"opens":"00:00","closes":"23:59"},"email":"contato@ubirataonline.com.br","vatID":"47.621.418\/0001-80"},{"@type":"Person","@id":"https:\/\/ubirataonline.com.br\/#\/schema\/person\/372f87bbd3fdd79b8556b84c98d0bc1c","name":"REDA\u00c7\u00c3O: UBIRAT\u00c3 ONLINE - F\u00c1BIO AUGUSTO CELESTINO","pronouns":"Ele","description":"Desde 2003 trabalhando com not\u00edcias.","sameAs":["http:\/\/ubirataoline.com.br","https:\/\/www.facebook.com\/portalubirataonline","https:\/\/www.instagram.com\/ubirataonline_oficial","https:\/\/x.com\/x.com\/ubirataonline"],"honorificPrefix":"Mr.","honorificSuffix":"MD","birthDate":"1980-06-16","gender":"masculino","award":["V\u00e1rios pr\u00eamios de melhor portal da cidade"],"jobTitle":"Diretor","url":"https:\/\/ubirataonline.com.br\/en\/author\/ubirataonline\/"},{"@type":"PostalAddress","@id":"https:\/\/ubirataonline.com.br\/manaus-investe-em-novo-onibus-para-a-temporada-2027-visando-conforto-e-profissionalizacao-do-gaviao-real\/#local-main-place-address","streetAddress":"Rua dos Coqueiros, 104 - Bairro Boa Vista, Rua dos Coqueiros, 104 Bairro Boa Vista","addressLocality":"UBIRATA","postalCode":"85440-000","addressRegion":"PR","addressCountry":"BR"},{"@type":"ImageObject","inLanguage":"en-US","@id":"https:\/\/ubirataonline.com.br\/manaus-investe-em-novo-onibus-para-a-temporada-2027-visando-conforto-e-profissionalizacao-do-gaviao-real\/#local-main-organization-logo","url":"https:\/\/ubirataonline.com.br\/wp-content\/uploads\/2026\/06\/logoubirataonline-1.webp","contentUrl":"https:\/\/ubirataonline.com.br\/wp-content\/uploads\/2026\/06\/logoubirataonline-1.webp","width":500,"height":500,"caption":"Ubirat\u00e3 Online Not\u00edcias"}]},"geo.placename":"UBIRATA","geo.position":{"lat":"-24.5361401","long":"-52.9921776"},"geo.region":"Brazil"},"_links":{"self":[{"href":"https:\/\/ubirataonline.com.br\/en\/wp-json\/wp\/v2\/posts\/170148","targetHints":{"allow":["GET"]}}],"collection":[{"href":"https:\/\/ubirataonline.com.br\/en\/wp-json\/wp\/v2\/posts"}],"about":[{"href":"https:\/\/ubirataonline.com.br\/en\/wp-json\/wp\/v2\/types\/post"}],"author":[{"embeddable":true,"href":"https:\/\/ubirataonline.com.br\/en\/wp-json\/wp\/v2\/users\/1"}],"replies":[{"embeddable":true,"href":"https:\/\/ubirataonline.com.br\/en\/wp-json\/wp\/v2\/comments?post=170148"}],"version-history":[{"count":0,"href":"https:\/\/ubirataonline.com.br\/en\/wp-json\/wp\/v2\/posts\/170148\/revisions"}],"wp:featuredmedia":[{"embeddable":true,"href":"https:\/\/ubirataonline.com.br\/en\/wp-json\/wp\/v2\/media\/170149"}],"wp:attachment":[{"href":"https:\/\/ubirataonline.com.br\/en\/wp-json\/wp\/v2\/media?parent=170148"}],"wp:term":[{"taxonomy":"category","embeddable":true,"href":"https:\/\/ubirataonline.com.br\/en\/wp-json\/wp\/v2\/categories?post=170148"},{"taxonomy":"post_tag","embeddable":true,"href":"https:\/\/ubirataonline.com.br\/en\/wp-json\/wp\/v2\/tags?post=170148"}],"curies":[{"name":"wp","href":"https:\/\/api.w.org\/{rel}","templated":true}]}}