{"id":170152,"date":"2026-09-02T22:14:47","date_gmt":"2026-09-03T01:14:47","guid":{"rendered":"https:\/\/ubirataonline.com.br\/tse-oficializa-seis-candidaturas-a-presidencia-e-define-rumos-da-disputa-eleitoral-de-outubro\/"},"modified":"2026-09-02T22:14:47","modified_gmt":"2026-09-03T01:14:47","slug":"tse-oficializa-seis-candidaturas-a-presidencia-e-define-rumos-da-disputa-eleitoral-de-outubro","status":"publish","type":"post","link":"https:\/\/ubirataonline.com.br\/en\/tse-oficializa-seis-candidaturas-a-presidencia-e-define-rumos-da-disputa-eleitoral-de-outubro\/","title":{"rendered":"TSE oficializa seis candidaturas \u00e0 Presid\u00eancia e define rumos da disputa eleitoral de outubro"},"content":{"rendered":"<h2>O Tribunal Superior Eleitoral (TSE) avan\u00e7ou nesta quarta-feira (2) no processo das elei\u00e7\u00f5es de outubro, oficializando o registro de seis chapas que disputar\u00e3o a Presid\u00eancia da Rep\u00fablica.<\/h2>\n<p>A decis\u00e3o foi tomada durante uma sess\u00e3o virtual da Corte, onde os ministros registraram seus votos no sistema eletr\u00f4nico. Conforme informa\u00e7\u00e3o divulgada pela <b>Empresa Brasil de Comunica\u00e7\u00e3o<\/b>, o tribunal analisou a documenta\u00e7\u00e3o enviada e confirmou que os candidatos est\u00e3o aptos a concorrer ao pleito.<\/p>\n<p>Os magistrados foram un\u00e2nimes ao validar os registros, concluindo que todas as exig\u00eancias legais foram cumpridas pelos postulantes ao cargo m\u00e1ximo do Executivo federal. Este \u00e9 um passo fundamental para a organiza\u00e7\u00e3o do calend\u00e1rio eleitoral brasileiro.<\/p>\n<p>Abaixo, detalhamos quais grupos pol\u00edticos tiveram suas candidaturas confirmadas oficialmente pelo TSE para a disputa Presid\u00eancia deste ano:<\/p>\n<h3>Chapas confirmadas pelo TSE<\/h3>\n<p>As chapas que tiveram o registro aprovado incluem os seguintes nomes e seus respectivos vices: <b>Edmilson Costa e Cleusa Santos (PCB)<\/b>, <b>Fl\u00e1vio Bolsonaro e Alfredo Gaspar (PL)<\/b>, al\u00e9m de <b>Hertz Dias e Vanessa Portugal (PSTU)<\/b>.<\/p>\n<p>Tamb\u00e9m foram validados os registros de <b>Luiz In\u00e1cio Lula da Silva e Geraldo Alckmin (PT\/PSB)<\/b>, <b>Romeu Zema e Eduardo Gir\u00e3o (Novo)<\/b>, e a chapa formada por <b>Samara Martins e Raquel Br\u00edcio (UP)<\/b>.<\/p>\n<h3>Situa\u00e7\u00e3o dos demais candidatos<\/h3>\n<p>O tribunal recebeu, no total, 13 pedidos de candidatura. Al\u00e9m dos seis aprovados, outros sete nomes seguem em processo de julgamento pela Corte. Entre eles est\u00e3o os representantes de partidos como Avante, DC, PRTB, Miss\u00e3o, PSD, PCO e Democrata.<\/p>\n<p>Um ponto de aten\u00e7\u00e3o envolve a candidatura de <b>Pablo Mar\u00e7al<\/b>. O TSE determinou a proibi\u00e7\u00e3o tempor\u00e1ria de sua participa\u00e7\u00e3o em debates, campanha eleitoral e hor\u00e1rio gratuito, atendendo a um pedido do Minist\u00e9rio P\u00fablico Eleitoral (MPE).<\/p>\n<h3>Restri\u00e7\u00f5es e regras do pleito<\/h3>\n<p>O MPE argumenta que Pablo Mar\u00e7al estaria ineleg\u00edvel at\u00e9 2032 devido a uma condena\u00e7\u00e3o pela Justi\u00e7a Eleitoral de S\u00e3o Paulo, ocorrida nas elei\u00e7\u00f5es municipais de 2024. A suspens\u00e3o de sua campanha permanece vigente at\u00e9 que o plen\u00e1rio julgue o m\u00e9rito do registro.<\/p>\n<p>Vale lembrar que o primeiro turno ocorre em 4 de outubro. Caso nenhum candidato atinja mais de 50% dos votos v\u00e1lidos, o segundo turno est\u00e1 marcado para o dia 25, definindo os eleitos para os cargos de presidente e governadores.<\/p>\n<h3>Perguntas e Respostas<\/h3>\n<p><b>Quantas chapas presidenciais foram aprovadas pelo TSE?<\/b> Foram aprovadas seis chapas at\u00e9 o momento, ap\u00f3s an\u00e1lise un\u00e2nime dos ministros em sess\u00e3o virtual.<\/p>\n<p><b>Quais candidatos ainda aguardam julgamento?<\/b> Ainda ser\u00e3o julgados os registros de sete chapas, incluindo nomes como Augusto Cury, Ronaldo Caiado e Pablo Mar\u00e7al.<\/p>\n<p><b>Por que Pablo Mar\u00e7al est\u00e1 com a campanha suspensa?<\/b> O MPE aponta que o candidato est\u00e1 ineleg\u00edvel at\u00e9 2032 por condena\u00e7\u00e3o anterior, levando o TSE a suspender temporariamente suas atividades de campanha.<\/p>\n<p><b>Quando ser\u00e1 realizado o primeiro turno das elei\u00e7\u00f5es?<\/b> O primeiro turno est\u00e1 marcado para o dia 4 de outubro, quando ser\u00e3o escolhidos diversos cargos, incluindo o presidente da Rep\u00fablica.<\/p>\n<p><b>Quando ocorre o eventual segundo turno?<\/b> O segundo turno, caso necess\u00e1rio para presidente ou governadores, est\u00e1 agendado para o dia 25 de outubro.<\/p>","protected":false},"excerpt":{"rendered":"<p>O Tribunal Superior Eleitoral (TSE) avan\u00e7ou nesta quarta-feira (2) no processo das elei\u00e7\u00f5es de outubro, oficializando o registro de seis chapas que disputar\u00e3o a Presid\u00eancia da Rep\u00fablica. A decis\u00e3o foi tomada durante uma sess\u00e3o virtual da Corte, onde os ministros registraram seus votos no sistema eletr\u00f4nico. Conforme informa\u00e7\u00e3o divulgada pela Empresa Brasil de Comunica\u00e7\u00e3o, o [&hellip;]<\/p>\n","protected":false},"author":1,"featured_media":170153,"comment_status":"","ping_status":"","sticky":false,"template":"","format":"standard","meta":{"googlesitekit_rrm_CAow2JLhCw:productID":"","_gspb_post_css":"","maa_idioma":"","maa_pais":"","footnotes":""},"categories":[4],"tags":[],"class_list":["post-170152","post","type-post","status-publish","format-standard","has-post-thumbnail","hentry","category-brasil"],"blocksy_meta":[],"yoast_head":"<!-- This site is optimized with the Yoast SEO Premium plugin v27.6 (Yoast SEO v27.6) - https:\/\/yoast.com\/product\/yoast-seo-premium-wordpress\/ -->\n<title>TSE oficializa seis candidaturas \u00e0 Presid\u00eancia e define rumos da disputa eleitoral de outubro - Ubirat\u00e3 Online Not\u00edcias - A realidade ao seu alcance!<\/title>\n<meta name=\"description\" content=\"O Tribunal Superior Eleitoral (TSE) avan\u00e7ou nesta quarta-feira (2) no processo das elei\u00e7\u00f5es de outubro, oficializando o registro de seis chapas que\" \/>\n<meta name=\"robots\" content=\"index, follow, max-snippet:-1, max-image-preview:large, max-video-preview:-1\" \/>\n<link rel=\"canonical\" href=\"https:\/\/ubirataonline.com.br\/en\/tse-oficializa-seis-candidaturas-a-presidencia-e-define-rumos-da-disputa-eleitoral-de-outubro\/\" \/>\n<meta property=\"og:locale\" content=\"en_US\" \/>\n<meta property=\"og:type\" content=\"article\" \/>\n<meta property=\"og:title\" content=\"TSE oficializa seis candidaturas \u00e0 Presid\u00eancia e define rumos da disputa eleitoral de outubro\" \/>\n<meta property=\"og:description\" content=\"O Tribunal Superior Eleitoral (TSE) avan\u00e7ou nesta quarta-feira (2) no processo das elei\u00e7\u00f5es de outubro, oficializando o registro de seis chapas que\" \/>\n<meta property=\"og:url\" content=\"https:\/\/ubirataonline.com.br\/en\/tse-oficializa-seis-candidaturas-a-presidencia-e-define-rumos-da-disputa-eleitoral-de-outubro\/\" \/>\n<meta property=\"og:site_name\" content=\"Ubirat\u00e3 Online Not\u00edcias - A realidade ao seu alcance!\" \/>\n<meta property=\"article:publisher\" content=\"https:\/\/www.facebook.com\/portalubirataonline\" \/>\n<meta property=\"article:author\" content=\"https:\/\/www.facebook.com\/portalubirataonline\" \/>\n<meta property=\"article:published_time\" content=\"2026-09-03T01:14:47+00:00\" \/>\n<meta property=\"og:image\" content=\"https:\/\/ubirataonline.com.br\/wp-content\/uploads\/2026\/05\/logo2026.webp\" \/>\n\t<meta property=\"og:image:width\" content=\"1531\" \/>\n\t<meta property=\"og:image:height\" content=\"418\" \/>\n\t<meta property=\"og:image:type\" content=\"image\/webp\" \/>\n<meta name=\"author\" content=\"REDA\u00c7\u00c3O: UBIRAT\u00c3 ONLINE - F\u00c1BIO AUGUSTO CELESTINO\" \/>\n<meta name=\"twitter:card\" content=\"summary_large_image\" \/>\n<meta name=\"twitter:creator\" content=\"@x.com\/ubirataonline\" \/>\n<meta name=\"twitter:site\" content=\"@ubirataonline\" \/>\n<meta name=\"twitter:label1\" content=\"Written by\" \/>\n\t<meta name=\"twitter:data1\" content=\"REDA\u00c7\u00c3O: UBIRAT\u00c3 ONLINE - F\u00c1BIO AUGUSTO CELESTINO\" \/>\n\t<meta name=\"twitter:label2\" content=\"Est. reading time\" \/>\n\t<meta name=\"twitter:data2\" content=\"3 minutes\" \/>\n<script type=\"application\/ld+json\" class=\"yoast-schema-graph\">{\"@context\":\"https:\\\/\\\/schema.org\",\"@graph\":[{\"@type\":\"NewsArticle\",\"@id\":\"https:\\\/\\\/ubirataonline.com.br\\\/tse-oficializa-seis-candidaturas-a-presidencia-e-define-rumos-da-disputa-eleitoral-de-outubro\\\/#article\",\"isPartOf\":{\"@id\":\"https:\\\/\\\/ubirataonline.com.br\\\/tse-oficializa-seis-candidaturas-a-presidencia-e-define-rumos-da-disputa-eleitoral-de-outubro\\\/\"},\"author\":{\"name\":\"REDA\u00c7\u00c3O: UBIRAT\u00c3 ONLINE - F\u00c1BIO AUGUSTO CELESTINO\",\"@id\":\"https:\\\/\\\/ubirataonline.com.br\\\/#\\\/schema\\\/person\\\/372f87bbd3fdd79b8556b84c98d0bc1c\"},\"headline\":\"TSE oficializa seis candidaturas \u00e0 Presid\u00eancia e define rumos da disputa eleitoral de outubro\",\"datePublished\":\"2026-09-03T01:14:47+00:00\",\"mainEntityOfPage\":{\"@id\":\"https:\\\/\\\/ubirataonline.com.br\\\/tse-oficializa-seis-candidaturas-a-presidencia-e-define-rumos-da-disputa-eleitoral-de-outubro\\\/\"},\"wordCount\":558,\"publisher\":{\"@id\":\"https:\\\/\\\/ubirataonline.com.br\\\/#organization\"},\"image\":{\"@id\":\"https:\\\/\\\/ubirataonline.com.br\\\/tse-oficializa-seis-candidaturas-a-presidencia-e-define-rumos-da-disputa-eleitoral-de-outubro\\\/#primaryimage\"},\"thumbnailUrl\":\"https:\\\/\\\/ubirataonline.com.br\\\/wp-content\\\/uploads\\\/2026\\\/09\\\/maaimg-post-170152-20260903-011504.webp\",\"articleSection\":[\"Brasil\"],\"inLanguage\":\"en-US\",\"copyrightYear\":\"2026\",\"copyrightHolder\":{\"@id\":\"https:\\\/\\\/ubirataonline.com.br\\\/en\\\/#organization\"}},{\"@type\":\"WebPage\",\"@id\":\"https:\\\/\\\/ubirataonline.com.br\\\/tse-oficializa-seis-candidaturas-a-presidencia-e-define-rumos-da-disputa-eleitoral-de-outubro\\\/\",\"url\":\"https:\\\/\\\/ubirataonline.com.br\\\/tse-oficializa-seis-candidaturas-a-presidencia-e-define-rumos-da-disputa-eleitoral-de-outubro\\\/\",\"name\":\"TSE oficializa seis candidaturas \u00e0 Presid\u00eancia e define rumos da disputa eleitoral de outubro - Ubirat\u00e3 Online Not\u00edcias - A realidade ao seu alcance!\",\"isPartOf\":{\"@id\":\"https:\\\/\\\/ubirataonline.com.br\\\/#website\"},\"primaryImageOfPage\":{\"@id\":\"https:\\\/\\\/ubirataonline.com.br\\\/tse-oficializa-seis-candidaturas-a-presidencia-e-define-rumos-da-disputa-eleitoral-de-outubro\\\/#primaryimage\"},\"image\":{\"@id\":\"https:\\\/\\\/ubirataonline.com.br\\\/tse-oficializa-seis-candidaturas-a-presidencia-e-define-rumos-da-disputa-eleitoral-de-outubro\\\/#primaryimage\"},\"thumbnailUrl\":\"https:\\\/\\\/ubirataonline.com.br\\\/wp-content\\\/uploads\\\/2026\\\/09\\\/maaimg-post-170152-20260903-011504.webp\",\"datePublished\":\"2026-09-03T01:14:47+00:00\",\"description\":\"O Tribunal Superior Eleitoral (TSE) avan\u00e7ou nesta quarta-feira (2) no processo das elei\u00e7\u00f5es de outubro, oficializando o registro de seis chapas que\",\"breadcrumb\":{\"@id\":\"https:\\\/\\\/ubirataonline.com.br\\\/tse-oficializa-seis-candidaturas-a-presidencia-e-define-rumos-da-disputa-eleitoral-de-outubro\\\/#breadcrumb\"},\"inLanguage\":\"en-US\",\"potentialAction\":[{\"@type\":\"ReadAction\",\"target\":[\"https:\\\/\\\/ubirataonline.com.br\\\/tse-oficializa-seis-candidaturas-a-presidencia-e-define-rumos-da-disputa-eleitoral-de-outubro\\\/\"]}]},{\"@type\":\"ImageObject\",\"inLanguage\":\"en-US\",\"@id\":\"https:\\\/\\\/ubirataonline.com.br\\\/tse-oficializa-seis-candidaturas-a-presidencia-e-define-rumos-da-disputa-eleitoral-de-outubro\\\/#primaryimage\",\"url\":\"https:\\\/\\\/ubirataonline.com.br\\\/wp-content\\\/uploads\\\/2026\\\/09\\\/maaimg-post-170152-20260903-011504.webp\",\"contentUrl\":\"https:\\\/\\\/ubirataonline.com.br\\\/wp-content\\\/uploads\\\/2026\\\/09\\\/maaimg-post-170152-20260903-011504.webp\",\"width\":1536,\"height\":1024,\"caption\":\"Imagem ilustrativa Gerada por IA\"},{\"@type\":\"BreadcrumbList\",\"@id\":\"https:\\\/\\\/ubirataonline.com.br\\\/tse-oficializa-seis-candidaturas-a-presidencia-e-define-rumos-da-disputa-eleitoral-de-outubro\\\/#breadcrumb\",\"itemListElement\":[{\"@type\":\"ListItem\",\"position\":1,\"name\":\"In\u00edcio\",\"item\":\"https:\\\/\\\/ubirataonline.com.br\\\/\"},{\"@type\":\"ListItem\",\"position\":2,\"name\":\"TSE oficializa seis candidaturas \u00e0 Presid\u00eancia e define rumos da disputa eleitoral de outubro\"}]},{\"@type\":\"WebSite\",\"@id\":\"https:\\\/\\\/ubirataonline.com.br\\\/#website\",\"url\":\"https:\\\/\\\/ubirataonline.com.br\\\/\",\"name\":\"Ubirat\u00e3 Online Not\u00edcias\",\"description\":\"Not\u00edcias de Ubirat\u00e3, regi\u00e3o, Brasil e mundo, com informa\u00e7\u00e3o atualizada e compromisso com o leitor.\",\"publisher\":{\"@id\":\"https:\\\/\\\/ubirataonline.com.br\\\/#organization\"},\"alternateName\":\"Ubirat\u00e3 Online\",\"potentialAction\":[{\"@type\":\"SearchAction\",\"target\":{\"@type\":\"EntryPoint\",\"urlTemplate\":\"https:\\\/\\\/ubirataonline.com.br\\\/?s={search_term_string}\"},\"query-input\":{\"@type\":\"PropertyValueSpecification\",\"valueRequired\":true,\"valueName\":\"search_term_string\"}}],\"inLanguage\":\"en-US\"},{\"@type\":[\"Organization\",\"Place\"],\"@id\":\"https:\\\/\\\/ubirataonline.com.br\\\/#organization\",\"name\":\"Ubirat\u00e3 Online Not\u00edcias\",\"alternateName\":\"Ubirat\u00e3 Online\",\"url\":\"https:\\\/\\\/ubirataonline.com.br\\\/\",\"logo\":{\"@id\":\"https:\\\/\\\/ubirataonline.com.br\\\/tse-oficializa-seis-candidaturas-a-presidencia-e-define-rumos-da-disputa-eleitoral-de-outubro\\\/#local-main-organization-logo\"},\"image\":{\"@id\":\"https:\\\/\\\/ubirataonline.com.br\\\/tse-oficializa-seis-candidaturas-a-presidencia-e-define-rumos-da-disputa-eleitoral-de-outubro\\\/#local-main-organization-logo\"},\"sameAs\":[\"https:\\\/\\\/www.facebook.com\\\/portalubirataonline\",\"https:\\\/\\\/x.com\\\/ubirataonline\",\"https:\\\/\\\/mastodon.social\\\/@ubirataonline\",\"https:\\\/\\\/www.facebook.com\\\/groups\\\/311144672285604\",\"https:\\\/\\\/www.facebook.com\\\/UBTAOnline\",\"https:\\\/\\\/www.instagram.com\\\/portalubirataonline\\\/\",\"https:\\\/\\\/twitter.com\\\/ubirataonline\"],\"description\":\"Somos um portal de not\u00edcias independente, criado em 5 de janeiro de 2009, com o objetivo de informar, conectar e valorizar a nossa comunidade de Ubirat\u00e3 e toda aregi\u00e3o. Com conte\u00fado atualizado, confi\u00e1vel e relevante, o Ubirat\u00e3 Online \u00e9 o seu espa\u00e7o para ficar por dentro dos principais acontecimentos locais, regionais, Brasil, Mundo e de interesse geral. Nosso compromisso \u00e9 com a verdade, a transpar\u00eancia e o respeito ao leitor.\",\"legalName\":\"UBIRATA ONLINE NOT\u00cdCIAS\",\"foundingDate\":\"2009-01-05\",\"numberOfEmployees\":{\"@type\":\"QuantitativeValue\",\"minValue\":\"1\",\"maxValue\":\"10\"},\"publishingPrinciples\":\"https:\\\/\\\/ubirataonline.com.br\\\/faq\\\/\",\"address\":{\"@id\":\"https:\\\/\\\/ubirataonline.com.br\\\/tse-oficializa-seis-candidaturas-a-presidencia-e-define-rumos-da-disputa-eleitoral-de-outubro\\\/#local-main-place-address\"},\"geo\":{\"@type\":\"GeoCoordinates\",\"latitude\":\"-24.5361401\",\"longitude\":\"-52.9921776\"},\"telephone\":[\"+5544998308235\"],\"contactPoint\":{\"@type\":\"ContactPoint\",\"email\":\"contato@ubirataonline.com.br\"},\"openingHoursSpecification\":{\"@type\":\"OpeningHoursSpecification\",\"dayOfWeek\":[\"Monday\",\"Tuesday\",\"Wednesday\",\"Thursday\",\"Friday\",\"Saturday\",\"Sunday\"],\"opens\":\"00:00\",\"closes\":\"23:59\"},\"email\":\"contato@ubirataonline.com.br\",\"vatID\":\"47.621.418\\\/0001-80\"},{\"@type\":\"Person\",\"@id\":\"https:\\\/\\\/ubirataonline.com.br\\\/#\\\/schema\\\/person\\\/372f87bbd3fdd79b8556b84c98d0bc1c\",\"name\":\"REDA\u00c7\u00c3O: UBIRAT\u00c3 ONLINE - F\u00c1BIO AUGUSTO CELESTINO\",\"pronouns\":\"Ele\",\"description\":\"Desde 2003 trabalhando com not\u00edcias.\",\"sameAs\":[\"http:\\\/\\\/ubirataoline.com.br\",\"https:\\\/\\\/www.facebook.com\\\/portalubirataonline\",\"https:\\\/\\\/www.instagram.com\\\/ubirataonline_oficial\",\"https:\\\/\\\/x.com\\\/x.com\\\/ubirataonline\"],\"honorificPrefix\":\"Mr.\",\"honorificSuffix\":\"MD\",\"birthDate\":\"1980-06-16\",\"gender\":\"masculino\",\"award\":[\"V\u00e1rios pr\u00eamios de melhor portal da cidade\"],\"jobTitle\":\"Diretor\",\"url\":\"https:\\\/\\\/ubirataonline.com.br\\\/en\\\/author\\\/ubirataonline\\\/\"},{\"@type\":\"PostalAddress\",\"@id\":\"https:\\\/\\\/ubirataonline.com.br\\\/tse-oficializa-seis-candidaturas-a-presidencia-e-define-rumos-da-disputa-eleitoral-de-outubro\\\/#local-main-place-address\",\"streetAddress\":\"Rua dos Coqueiros, 104 - Bairro Boa Vista, Rua dos Coqueiros, 104 Bairro Boa Vista\",\"addressLocality\":\"UBIRATA\",\"postalCode\":\"85440-000\",\"addressRegion\":\"PR\",\"addressCountry\":\"BR\"},{\"@type\":\"ImageObject\",\"inLanguage\":\"en-US\",\"@id\":\"https:\\\/\\\/ubirataonline.com.br\\\/tse-oficializa-seis-candidaturas-a-presidencia-e-define-rumos-da-disputa-eleitoral-de-outubro\\\/#local-main-organization-logo\",\"url\":\"https:\\\/\\\/ubirataonline.com.br\\\/wp-content\\\/uploads\\\/2026\\\/06\\\/logoubirataonline-1.webp\",\"contentUrl\":\"https:\\\/\\\/ubirataonline.com.br\\\/wp-content\\\/uploads\\\/2026\\\/06\\\/logoubirataonline-1.webp\",\"width\":500,\"height\":500,\"caption\":\"Ubirat\u00e3 Online Not\u00edcias\"}]}<\/script>\n<meta name=\"geo.placename\" content=\"UBIRATA\" \/>\n<meta name=\"geo.position\" content=\"-24.5361401;-52.9921776\" \/>\n<meta name=\"geo.region\" content=\"Brazil\" \/>\n<!-- \/ Yoast SEO Premium plugin. -->","yoast_head_json":{"title":"TSE oficializa seis candidaturas \u00e0 Presid\u00eancia e define rumos da disputa eleitoral de outubro - Ubirat\u00e3 Online Not\u00edcias - A realidade ao seu alcance!","description":"O Tribunal Superior Eleitoral (TSE) avan\u00e7ou nesta quarta-feira (2) no processo das elei\u00e7\u00f5es de outubro, oficializando o registro de seis chapas que","robots":{"index":"index","follow":"follow","max-snippet":"max-snippet:-1","max-image-preview":"max-image-preview:large","max-video-preview":"max-video-preview:-1"},"canonical":"https:\/\/ubirataonline.com.br\/en\/tse-oficializa-seis-candidaturas-a-presidencia-e-define-rumos-da-disputa-eleitoral-de-outubro\/","og_locale":"en_US","og_type":"article","og_title":"TSE oficializa seis candidaturas \u00e0 Presid\u00eancia e define rumos da disputa eleitoral de outubro","og_description":"O Tribunal Superior Eleitoral (TSE) avan\u00e7ou nesta quarta-feira (2) no processo das elei\u00e7\u00f5es de outubro, oficializando o registro de seis chapas que","og_url":"https:\/\/ubirataonline.com.br\/en\/tse-oficializa-seis-candidaturas-a-presidencia-e-define-rumos-da-disputa-eleitoral-de-outubro\/","og_site_name":"Ubirat\u00e3 Online Not\u00edcias - A realidade ao seu alcance!","article_publisher":"https:\/\/www.facebook.com\/portalubirataonline","article_author":"https:\/\/www.facebook.com\/portalubirataonline","article_published_time":"2026-09-03T01:14:47+00:00","og_image":[{"width":1531,"height":418,"url":"https:\/\/ubirataonline.com.br\/wp-content\/uploads\/2026\/05\/logo2026.webp","type":"image\/webp"}],"author":"REDA\u00c7\u00c3O: UBIRAT\u00c3 ONLINE - F\u00c1BIO AUGUSTO CELESTINO","twitter_card":"summary_large_image","twitter_creator":"@x.com\/ubirataonline","twitter_site":"@ubirataonline","twitter_misc":{"Written by":"REDA\u00c7\u00c3O: UBIRAT\u00c3 ONLINE - F\u00c1BIO AUGUSTO CELESTINO","Est. reading time":"3 minutes"},"schema":{"@context":"https:\/\/schema.org","@graph":[{"@type":"NewsArticle","@id":"https:\/\/ubirataonline.com.br\/tse-oficializa-seis-candidaturas-a-presidencia-e-define-rumos-da-disputa-eleitoral-de-outubro\/#article","isPartOf":{"@id":"https:\/\/ubirataonline.com.br\/tse-oficializa-seis-candidaturas-a-presidencia-e-define-rumos-da-disputa-eleitoral-de-outubro\/"},"author":{"name":"REDA\u00c7\u00c3O: UBIRAT\u00c3 ONLINE - F\u00c1BIO AUGUSTO CELESTINO","@id":"https:\/\/ubirataonline.com.br\/#\/schema\/person\/372f87bbd3fdd79b8556b84c98d0bc1c"},"headline":"TSE oficializa seis candidaturas \u00e0 Presid\u00eancia e define rumos da disputa eleitoral de outubro","datePublished":"2026-09-03T01:14:47+00:00","mainEntityOfPage":{"@id":"https:\/\/ubirataonline.com.br\/tse-oficializa-seis-candidaturas-a-presidencia-e-define-rumos-da-disputa-eleitoral-de-outubro\/"},"wordCount":558,"publisher":{"@id":"https:\/\/ubirataonline.com.br\/#organization"},"image":{"@id":"https:\/\/ubirataonline.com.br\/tse-oficializa-seis-candidaturas-a-presidencia-e-define-rumos-da-disputa-eleitoral-de-outubro\/#primaryimage"},"thumbnailUrl":"https:\/\/ubirataonline.com.br\/wp-content\/uploads\/2026\/09\/maaimg-post-170152-20260903-011504.webp","articleSection":["Brasil"],"inLanguage":"en-US","copyrightYear":"2026","copyrightHolder":{"@id":"https:\/\/ubirataonline.com.br\/en\/#organization"}},{"@type":"WebPage","@id":"https:\/\/ubirataonline.com.br\/tse-oficializa-seis-candidaturas-a-presidencia-e-define-rumos-da-disputa-eleitoral-de-outubro\/","url":"https:\/\/ubirataonline.com.br\/tse-oficializa-seis-candidaturas-a-presidencia-e-define-rumos-da-disputa-eleitoral-de-outubro\/","name":"TSE oficializa seis candidaturas \u00e0 Presid\u00eancia e define rumos da disputa eleitoral de outubro - Ubirat\u00e3 Online Not\u00edcias - A realidade ao seu alcance!","isPartOf":{"@id":"https:\/\/ubirataonline.com.br\/#website"},"primaryImageOfPage":{"@id":"https:\/\/ubirataonline.com.br\/tse-oficializa-seis-candidaturas-a-presidencia-e-define-rumos-da-disputa-eleitoral-de-outubro\/#primaryimage"},"image":{"@id":"https:\/\/ubirataonline.com.br\/tse-oficializa-seis-candidaturas-a-presidencia-e-define-rumos-da-disputa-eleitoral-de-outubro\/#primaryimage"},"thumbnailUrl":"https:\/\/ubirataonline.com.br\/wp-content\/uploads\/2026\/09\/maaimg-post-170152-20260903-011504.webp","datePublished":"2026-09-03T01:14:47+00:00","description":"O Tribunal Superior Eleitoral (TSE) avan\u00e7ou nesta quarta-feira (2) no processo das elei\u00e7\u00f5es de outubro, oficializando o registro de seis chapas que","breadcrumb":{"@id":"https:\/\/ubirataonline.com.br\/tse-oficializa-seis-candidaturas-a-presidencia-e-define-rumos-da-disputa-eleitoral-de-outubro\/#breadcrumb"},"inLanguage":"en-US","potentialAction":[{"@type":"ReadAction","target":["https:\/\/ubirataonline.com.br\/tse-oficializa-seis-candidaturas-a-presidencia-e-define-rumos-da-disputa-eleitoral-de-outubro\/"]}]},{"@type":"ImageObject","inLanguage":"en-US","@id":"https:\/\/ubirataonline.com.br\/tse-oficializa-seis-candidaturas-a-presidencia-e-define-rumos-da-disputa-eleitoral-de-outubro\/#primaryimage","url":"https:\/\/ubirataonline.com.br\/wp-content\/uploads\/2026\/09\/maaimg-post-170152-20260903-011504.webp","contentUrl":"https:\/\/ubirataonline.com.br\/wp-content\/uploads\/2026\/09\/maaimg-post-170152-20260903-011504.webp","width":1536,"height":1024,"caption":"Imagem ilustrativa Gerada por IA"},{"@type":"BreadcrumbList","@id":"https:\/\/ubirataonline.com.br\/tse-oficializa-seis-candidaturas-a-presidencia-e-define-rumos-da-disputa-eleitoral-de-outubro\/#breadcrumb","itemListElement":[{"@type":"ListItem","position":1,"name":"In\u00edcio","item":"https:\/\/ubirataonline.com.br\/"},{"@type":"ListItem","position":2,"name":"TSE oficializa seis candidaturas \u00e0 Presid\u00eancia e define rumos da disputa eleitoral de outubro"}]},{"@type":"WebSite","@id":"https:\/\/ubirataonline.com.br\/#website","url":"https:\/\/ubirataonline.com.br\/","name":"Ubirat\u00e3 Online Not\u00edcias","description":"Not\u00edcias de Ubirat\u00e3, regi\u00e3o, Brasil e mundo, com informa\u00e7\u00e3o atualizada e compromisso com o leitor.","publisher":{"@id":"https:\/\/ubirataonline.com.br\/#organization"},"alternateName":"Ubirat\u00e3 Online","potentialAction":[{"@type":"SearchAction","target":{"@type":"EntryPoint","urlTemplate":"https:\/\/ubirataonline.com.br\/?s={search_term_string}"},"query-input":{"@type":"PropertyValueSpecification","valueRequired":true,"valueName":"search_term_string"}}],"inLanguage":"en-US"},{"@type":["Organization","Place"],"@id":"https:\/\/ubirataonline.com.br\/#organization","name":"Ubirat\u00e3 Online Not\u00edcias","alternateName":"Ubirat\u00e3 Online","url":"https:\/\/ubirataonline.com.br\/","logo":{"@id":"https:\/\/ubirataonline.com.br\/tse-oficializa-seis-candidaturas-a-presidencia-e-define-rumos-da-disputa-eleitoral-de-outubro\/#local-main-organization-logo"},"image":{"@id":"https:\/\/ubirataonline.com.br\/tse-oficializa-seis-candidaturas-a-presidencia-e-define-rumos-da-disputa-eleitoral-de-outubro\/#local-main-organization-logo"},"sameAs":["https:\/\/www.facebook.com\/portalubirataonline","https:\/\/x.com\/ubirataonline","https:\/\/mastodon.social\/@ubirataonline","https:\/\/www.facebook.com\/groups\/311144672285604","https:\/\/www.facebook.com\/UBTAOnline","https:\/\/www.instagram.com\/portalubirataonline\/","https:\/\/twitter.com\/ubirataonline"],"description":"Somos um portal de not\u00edcias independente, criado em 5 de janeiro de 2009, com o objetivo de informar, conectar e valorizar a nossa comunidade de Ubirat\u00e3 e toda aregi\u00e3o. Com conte\u00fado atualizado, confi\u00e1vel e relevante, o Ubirat\u00e3 Online \u00e9 o seu espa\u00e7o para ficar por dentro dos principais acontecimentos locais, regionais, Brasil, Mundo e de interesse geral. Nosso compromisso \u00e9 com a verdade, a transpar\u00eancia e o respeito ao leitor.","legalName":"UBIRATA ONLINE NOT\u00cdCIAS","foundingDate":"2009-01-05","numberOfEmployees":{"@type":"QuantitativeValue","minValue":"1","maxValue":"10"},"publishingPrinciples":"https:\/\/ubirataonline.com.br\/faq\/","address":{"@id":"https:\/\/ubirataonline.com.br\/tse-oficializa-seis-candidaturas-a-presidencia-e-define-rumos-da-disputa-eleitoral-de-outubro\/#local-main-place-address"},"geo":{"@type":"GeoCoordinates","latitude":"-24.5361401","longitude":"-52.9921776"},"telephone":["+5544998308235"],"contactPoint":{"@type":"ContactPoint","email":"contato@ubirataonline.com.br"},"openingHoursSpecification":{"@type":"OpeningHoursSpecification","dayOfWeek":["Monday","Tuesday","Wednesday","Thursday","Friday","Saturday","Sunday"],"opens":"00:00","closes":"23:59"},"email":"contato@ubirataonline.com.br","vatID":"47.621.418\/0001-80"},{"@type":"Person","@id":"https:\/\/ubirataonline.com.br\/#\/schema\/person\/372f87bbd3fdd79b8556b84c98d0bc1c","name":"REDA\u00c7\u00c3O: UBIRAT\u00c3 ONLINE - F\u00c1BIO AUGUSTO CELESTINO","pronouns":"Ele","description":"Desde 2003 trabalhando com not\u00edcias.","sameAs":["http:\/\/ubirataoline.com.br","https:\/\/www.facebook.com\/portalubirataonline","https:\/\/www.instagram.com\/ubirataonline_oficial","https:\/\/x.com\/x.com\/ubirataonline"],"honorificPrefix":"Mr.","honorificSuffix":"MD","birthDate":"1980-06-16","gender":"masculino","award":["V\u00e1rios pr\u00eamios de melhor portal da cidade"],"jobTitle":"Diretor","url":"https:\/\/ubirataonline.com.br\/en\/author\/ubirataonline\/"},{"@type":"PostalAddress","@id":"https:\/\/ubirataonline.com.br\/tse-oficializa-seis-candidaturas-a-presidencia-e-define-rumos-da-disputa-eleitoral-de-outubro\/#local-main-place-address","streetAddress":"Rua dos Coqueiros, 104 - Bairro Boa Vista, Rua dos Coqueiros, 104 Bairro Boa Vista","addressLocality":"UBIRATA","postalCode":"85440-000","addressRegion":"PR","addressCountry":"BR"},{"@type":"ImageObject","inLanguage":"en-US","@id":"https:\/\/ubirataonline.com.br\/tse-oficializa-seis-candidaturas-a-presidencia-e-define-rumos-da-disputa-eleitoral-de-outubro\/#local-main-organization-logo","url":"https:\/\/ubirataonline.com.br\/wp-content\/uploads\/2026\/06\/logoubirataonline-1.webp","contentUrl":"https:\/\/ubirataonline.com.br\/wp-content\/uploads\/2026\/06\/logoubirataonline-1.webp","width":500,"height":500,"caption":"Ubirat\u00e3 Online Not\u00edcias"}]},"geo.placename":"UBIRATA","geo.position":{"lat":"-24.5361401","long":"-52.9921776"},"geo.region":"Brazil"},"_links":{"self":[{"href":"https:\/\/ubirataonline.com.br\/en\/wp-json\/wp\/v2\/posts\/170152","targetHints":{"allow":["GET"]}}],"collection":[{"href":"https:\/\/ubirataonline.com.br\/en\/wp-json\/wp\/v2\/posts"}],"about":[{"href":"https:\/\/ubirataonline.com.br\/en\/wp-json\/wp\/v2\/types\/post"}],"author":[{"embeddable":true,"href":"https:\/\/ubirataonline.com.br\/en\/wp-json\/wp\/v2\/users\/1"}],"replies":[{"embeddable":true,"href":"https:\/\/ubirataonline.com.br\/en\/wp-json\/wp\/v2\/comments?post=170152"}],"version-history":[{"count":0,"href":"https:\/\/ubirataonline.com.br\/en\/wp-json\/wp\/v2\/posts\/170152\/revisions"}],"wp:featuredmedia":[{"embeddable":true,"href":"https:\/\/ubirataonline.com.br\/en\/wp-json\/wp\/v2\/media\/170153"}],"wp:attachment":[{"href":"https:\/\/ubirataonline.com.br\/en\/wp-json\/wp\/v2\/media?parent=170152"}],"wp:term":[{"taxonomy":"category","embeddable":true,"href":"https:\/\/ubirataonline.com.br\/en\/wp-json\/wp\/v2\/categories?post=170152"},{"taxonomy":"post_tag","embeddable":true,"href":"https:\/\/ubirataonline.com.br\/en\/wp-json\/wp\/v2\/tags?post=170152"}],"curies":[{"name":"wp","href":"https:\/\/api.w.org\/{rel}","templated":true}]}}