{"id":170319,"date":"2026-09-03T11:46:58","date_gmt":"2026-09-03T14:46:58","guid":{"rendered":"https:\/\/ubirataonline.com.br\/gloria-steinem-trajetoria-de-uma-voz-central-do-feminismo-american\/"},"modified":"2026-09-03T11:46:58","modified_gmt":"2026-09-03T14:46:58","slug":"gloria-steinem-trajetoria-de-uma-voz-central-do-feminismo-american","status":"publish","type":"post","link":"https:\/\/ubirataonline.com.br\/en\/gloria-steinem-trajetoria-de-uma-voz-central-do-feminismo-american\/","title":{"rendered":"Gloria Steinem: trajet\u00f3ria de uma voz central do feminismo American"},"content":{"rendered":"<h2>Jornalista e ativista nascida em 25 de mar\u00e7o de 1934, Steinem fundou a Ms. magazine em 1972 e foi figura-chave na luta por direitos reprodutivos, segundo a BBC.<\/h2>\n<p>Gloria Steinem tornou-se uma refer\u00eancia internacional do movimento feminista dos Estados Unidos ao longo de uma carreira que combinou jornalismo, ativismo e organiza\u00e7\u00e3o Political, segundo perfil publicado pela BBC em 3 de setembro de 2026.<\/p>\n<h3>Origens e in\u00edcio da carreira<\/h3>\n<p>Gloria Steinem nasceu em 25 de mar\u00e7o de 1934, em Toledo, Ohio. Filha de Leo Steinem, um vendedor itinerante, e de Ruth, e irm\u00e3 de Susanne, passou parte da inf\u00e2ncia viajando em uma caravana com a fam\u00edlia. Seu pai deixou a fam\u00edlia quando ela tinha 10 anos, e Steinem cuidou da m\u00e3e, que sofria de problemas mentais, fato que atrasou sua frequ\u00eancia escolar at\u00e9 os 12 anos, relata a BBC.<\/p>\n<p>No fim da d\u00e9cada de 1950, ela recebeu uma bolsa de pesquisa para a \u00cdndia, onde passou dois anos e ajudou mulheres rurais a organizar protestos n\u00e3o violentos \u2014 experi\u00eancia que acendeu seu interesse pelo ativismo de base. J\u00e1 nos Estados Unidos, mudou-se para Nova York no in\u00edcio dos anos 1960 e trabalhou como jornalista freelancer em reda\u00e7\u00f5es majoritariamente masculinas.<\/p>\n<h3>Reportagem que abriu portas e funda\u00e7\u00e3o da Ms.<\/h3>\n<p>O trabalho que projetou Steinem foi a reportagem A Bunny&#8217;s Tale, publicada em 1963 na revista Show, quando ela investigou o cotidiano das Playboy Bunnies fingindo ser contratada com o nome falso &#8220;Marie&#8221; e mentindo sobre a idade. A mat\u00e9ria exp\u00f4s condi\u00e7\u00f5es de trabalho degradantes e de explora\u00e7\u00e3o, e ajudou a lhe garantir publica\u00e7\u00f5es em ve\u00edculos como The New York Times e New York Magazine, segundo a BBC.<\/p>\n<p>Em 1968, tornou-se colunista da New York Magazine e ganhou repercuss\u00e3o nacional com o texto After Black Power, Women&#8217;s Liberation. Em 1972, ela e um grupo de ativistas lan\u00e7aram a <strong>Ms. magazine<\/strong>, descrita pela BBC como o primeiro peri\u00f3dico fundado e operado exclusivamente por mulheres; a primeira edi\u00e7\u00e3o esgotou na semana de lan\u00e7amento e atraiu 26 mil assinantes.<\/p>\n<h3>Ativismo p\u00fablico, campanhas e controv\u00e9rsias<\/h3>\n<p>Steinem se tornou porta-voz de campanhas pelos direitos ao aborto e pela inclus\u00e3o Political das mulheres. Em 1969, ao participar de um com\u00edcio sobre aborto, compartilhou uma experi\u00eancia pessoal de interrup\u00e7\u00e3o de gravidez ocorrida anos antes em Londres; mais tarde, ela dedicou seu livro de mem\u00f3rias My Life On The Road ao m\u00e9dico John Sharpe, que a teria atendido, segundo a BBC.<\/p>\n<p>Ela cunhou a express\u00e3o &quot;reproductive freedom&quot; (liberdade reprodutiva), que passou a ser usada no debate p\u00fablico sobre aborto, e ajudou a fundar o National Women&#039;s Political Caucus ap\u00f3s a n\u00e3o aprova\u00e7\u00e3o da Emenda dos Direitos Iguais (ERA) pelo Congress em 1970, participando tamb\u00e9m de audi\u00eancias no Senado em defesa da emenda.<\/p>\n<p>Ao longo da carreira, Steinem enfrentou Critics de diferentes lados: foi acusada de elitismo e de se transformar em uma celebridade do movimento; Betty Friedan chegou a criticar sua centralidade no movimento feminista. Ela tamb\u00e9m foi alvo de ataques mis\u00f3ginos e ass\u00e9dio \u2014 a BBC relata campanhas de intimida\u00e7\u00e3o promovidas pelo editor Al Goldstein, que publicou seu n\u00famero de telefone e material ofensivo.<\/p>\n<p>Alguns escritos antigos renderam controv\u00e9rsia: a reportagem lembra de um ensaio de 1977 sobre pessoas trans que foi alvo de Critics, e registra que Steinem buscou revisar esse posicionamento em 2013, afirmando que pessoas trans vivem vidas aut\u00eanticas que devem ser celebradas. Outro texto de 1998, em que expressou apoio ao ent\u00e3o President Bill Clinton no contexto do esc\u00e2ndalo com Monica Lewinsky, tamb\u00e9m foi tema de revis\u00f5es pessoais: ela disse em 2017 que n\u00e3o escreveria a mesma coisa hoje, segundo a BBC.<\/p>\n<h3>Vida pessoal e reconhecimentos<\/h3>\n<p>Steinem disse que n\u00e3o quis ter filhos porque j\u00e1 havia cuidado da pr\u00f3pria m\u00e3e. Em 2000, aos 66 anos, casou-se com David Bale; o casal permaneceu junto at\u00e9 a morte dele, tr\u00eas anos depois, por um c\u00e2ncer cerebral, segundo BBC. Em 1986, ela teve c\u00e2ncer de mama e passou por uma lumpectomia.<\/p>\n<p><strong>Fonte:<\/strong> BBC, artigo publicado em 3 de setembro de 2026.<\/p>","protected":false},"excerpt":{"rendered":"<p>Jornalista e ativista nascida em 25 de mar\u00e7o de 1934, Steinem fundou a Ms. magazine em 1972 e foi figura-chave na luta por direitos reprodutivos, segundo a BBC. Gloria Steinem tornou-se uma refer\u00eancia internacional do movimento feminista dos Estados Unidos ao longo de uma carreira que combinou jornalismo, ativismo e organiza\u00e7\u00e3o Political, segundo perfil publicado [&hellip;]<\/p>\n","protected":false},"author":1,"featured_media":170320,"comment_status":"","ping_status":"","sticky":false,"template":"","format":"standard","meta":{"googlesitekit_rrm_CAow2JLhCw:productID":"","_gspb_post_css":"","maa_idioma":"","maa_pais":"","footnotes":""},"categories":[40158],"tags":[],"class_list":["post-170319","post","type-post","status-publish","format-standard","has-post-thumbnail","hentry","category-world"],"blocksy_meta":[],"yoast_head":"<!-- This site is optimized with the Yoast SEO Premium plugin v27.6 (Yoast SEO v27.6) - https:\/\/yoast.com\/product\/yoast-seo-premium-wordpress\/ -->\n<title>Gloria Steinem: trajet\u00f3ria de uma voz central do feminismo American - Ubirat\u00e3 Online Not\u00edcias - A realidade ao seu alcance!<\/title>\n<meta name=\"description\" content=\"Jornalista e ativista nascida em 25 de mar\u00e7o de 1934, Steinem fundou a Ms. magazine em 1972 e foi figura-chave na luta por direitos reprodutivos, segundo\" \/>\n<meta name=\"robots\" content=\"index, follow, max-snippet:-1, max-image-preview:large, max-video-preview:-1\" \/>\n<link rel=\"canonical\" href=\"https:\/\/ubirataonline.com.br\/en\/gloria-steinem-trajetoria-de-uma-voz-central-do-feminismo-american\/\" \/>\n<meta property=\"og:locale\" content=\"en_US\" \/>\n<meta property=\"og:type\" content=\"article\" \/>\n<meta property=\"og:title\" content=\"Gloria Steinem: trajet\u00f3ria de uma voz central do feminismo American\" \/>\n<meta property=\"og:description\" content=\"Jornalista e ativista nascida em 25 de mar\u00e7o de 1934, Steinem fundou a Ms. magazine em 1972 e foi figura-chave na luta por direitos reprodutivos, segundo\" \/>\n<meta property=\"og:url\" content=\"https:\/\/ubirataonline.com.br\/en\/gloria-steinem-trajetoria-de-uma-voz-central-do-feminismo-american\/\" \/>\n<meta property=\"og:site_name\" content=\"Ubirat\u00e3 Online Not\u00edcias - A realidade ao seu alcance!\" \/>\n<meta property=\"article:publisher\" content=\"https:\/\/www.facebook.com\/portalubirataonline\" \/>\n<meta property=\"article:author\" content=\"https:\/\/www.facebook.com\/portalubirataonline\" \/>\n<meta property=\"article:published_time\" content=\"2026-09-03T14:46:58+00:00\" \/>\n<meta property=\"og:image\" content=\"https:\/\/ubirataonline.com.br\/wp-content\/uploads\/2026\/05\/logo2026.webp\" \/>\n\t<meta property=\"og:image:width\" content=\"1531\" \/>\n\t<meta property=\"og:image:height\" content=\"418\" \/>\n\t<meta property=\"og:image:type\" content=\"image\/webp\" \/>\n<meta name=\"author\" content=\"REDA\u00c7\u00c3O: UBIRAT\u00c3 ONLINE - F\u00c1BIO AUGUSTO CELESTINO\" \/>\n<meta name=\"twitter:card\" content=\"summary_large_image\" \/>\n<meta name=\"twitter:creator\" content=\"@x.com\/ubirataonline\" \/>\n<meta name=\"twitter:site\" content=\"@ubirataonline\" \/>\n<meta name=\"twitter:label1\" content=\"Written by\" \/>\n\t<meta name=\"twitter:data1\" content=\"REDA\u00c7\u00c3O: UBIRAT\u00c3 ONLINE - F\u00c1BIO AUGUSTO CELESTINO\" \/>\n\t<meta name=\"twitter:label2\" content=\"Est. reading time\" \/>\n\t<meta name=\"twitter:data2\" content=\"3 minutes\" \/>\n<script type=\"application\/ld+json\" class=\"yoast-schema-graph\">{\"@context\":\"https:\\\/\\\/schema.org\",\"@graph\":[{\"@type\":\"NewsArticle\",\"@id\":\"https:\\\/\\\/ubirataonline.com.br\\\/gloria-steinem-trajetoria-de-uma-voz-central-do-feminismo-american\\\/#article\",\"isPartOf\":{\"@id\":\"https:\\\/\\\/ubirataonline.com.br\\\/gloria-steinem-trajetoria-de-uma-voz-central-do-feminismo-american\\\/\"},\"author\":{\"name\":\"REDA\u00c7\u00c3O: UBIRAT\u00c3 ONLINE - F\u00c1BIO AUGUSTO CELESTINO\",\"@id\":\"https:\\\/\\\/ubirataonline.com.br\\\/#\\\/schema\\\/person\\\/372f87bbd3fdd79b8556b84c98d0bc1c\"},\"headline\":\"Gloria Steinem: trajet\u00f3ria de uma voz central do feminismo American\",\"datePublished\":\"2026-09-03T14:46:58+00:00\",\"mainEntityOfPage\":{\"@id\":\"https:\\\/\\\/ubirataonline.com.br\\\/gloria-steinem-trajetoria-de-uma-voz-central-do-feminismo-american\\\/\"},\"wordCount\":709,\"publisher\":{\"@id\":\"https:\\\/\\\/ubirataonline.com.br\\\/#organization\"},\"image\":{\"@id\":\"https:\\\/\\\/ubirataonline.com.br\\\/gloria-steinem-trajetoria-de-uma-voz-central-do-feminismo-american\\\/#primaryimage\"},\"thumbnailUrl\":\"https:\\\/\\\/ubirataonline.com.br\\\/wp-content\\\/uploads\\\/2026\\\/09\\\/maaimg-post-170319-20260903-144716.webp\",\"articleSection\":[\"World\"],\"inLanguage\":\"en-US\",\"copyrightYear\":\"2026\",\"copyrightHolder\":{\"@id\":\"https:\\\/\\\/ubirataonline.com.br\\\/en\\\/#organization\"}},{\"@type\":\"WebPage\",\"@id\":\"https:\\\/\\\/ubirataonline.com.br\\\/gloria-steinem-trajetoria-de-uma-voz-central-do-feminismo-american\\\/\",\"url\":\"https:\\\/\\\/ubirataonline.com.br\\\/gloria-steinem-trajetoria-de-uma-voz-central-do-feminismo-american\\\/\",\"name\":\"Gloria Steinem: trajet\u00f3ria de uma voz central do feminismo American - Ubirat\u00e3 Online Not\u00edcias - A realidade ao seu alcance!\",\"isPartOf\":{\"@id\":\"https:\\\/\\\/ubirataonline.com.br\\\/#website\"},\"primaryImageOfPage\":{\"@id\":\"https:\\\/\\\/ubirataonline.com.br\\\/gloria-steinem-trajetoria-de-uma-voz-central-do-feminismo-american\\\/#primaryimage\"},\"image\":{\"@id\":\"https:\\\/\\\/ubirataonline.com.br\\\/gloria-steinem-trajetoria-de-uma-voz-central-do-feminismo-american\\\/#primaryimage\"},\"thumbnailUrl\":\"https:\\\/\\\/ubirataonline.com.br\\\/wp-content\\\/uploads\\\/2026\\\/09\\\/maaimg-post-170319-20260903-144716.webp\",\"datePublished\":\"2026-09-03T14:46:58+00:00\",\"description\":\"Jornalista e ativista nascida em 25 de mar\u00e7o de 1934, Steinem fundou a Ms. magazine em 1972 e foi figura-chave na luta por direitos reprodutivos, segundo\",\"breadcrumb\":{\"@id\":\"https:\\\/\\\/ubirataonline.com.br\\\/gloria-steinem-trajetoria-de-uma-voz-central-do-feminismo-american\\\/#breadcrumb\"},\"inLanguage\":\"en-US\",\"potentialAction\":[{\"@type\":\"ReadAction\",\"target\":[\"https:\\\/\\\/ubirataonline.com.br\\\/gloria-steinem-trajetoria-de-uma-voz-central-do-feminismo-american\\\/\"]}]},{\"@type\":\"ImageObject\",\"inLanguage\":\"en-US\",\"@id\":\"https:\\\/\\\/ubirataonline.com.br\\\/gloria-steinem-trajetoria-de-uma-voz-central-do-feminismo-american\\\/#primaryimage\",\"url\":\"https:\\\/\\\/ubirataonline.com.br\\\/wp-content\\\/uploads\\\/2026\\\/09\\\/maaimg-post-170319-20260903-144716.webp\",\"contentUrl\":\"https:\\\/\\\/ubirataonline.com.br\\\/wp-content\\\/uploads\\\/2026\\\/09\\\/maaimg-post-170319-20260903-144716.webp\",\"width\":1536,\"height\":1024,\"caption\":\"Imagem ilustrativa Gerada por IA\"},{\"@type\":\"BreadcrumbList\",\"@id\":\"https:\\\/\\\/ubirataonline.com.br\\\/gloria-steinem-trajetoria-de-uma-voz-central-do-feminismo-american\\\/#breadcrumb\",\"itemListElement\":[{\"@type\":\"ListItem\",\"position\":1,\"name\":\"In\u00edcio\",\"item\":\"https:\\\/\\\/ubirataonline.com.br\\\/\"},{\"@type\":\"ListItem\",\"position\":2,\"name\":\"Gloria Steinem: trajet\u00f3ria de uma voz central do feminismo American\"}]},{\"@type\":\"WebSite\",\"@id\":\"https:\\\/\\\/ubirataonline.com.br\\\/#website\",\"url\":\"https:\\\/\\\/ubirataonline.com.br\\\/\",\"name\":\"Ubirat\u00e3 Online Not\u00edcias\",\"description\":\"Not\u00edcias de Ubirat\u00e3, regi\u00e3o, Brasil e mundo, com informa\u00e7\u00e3o atualizada e compromisso com o leitor.\",\"publisher\":{\"@id\":\"https:\\\/\\\/ubirataonline.com.br\\\/#organization\"},\"alternateName\":\"Ubirat\u00e3 Online\",\"potentialAction\":[{\"@type\":\"SearchAction\",\"target\":{\"@type\":\"EntryPoint\",\"urlTemplate\":\"https:\\\/\\\/ubirataonline.com.br\\\/?s={search_term_string}\"},\"query-input\":{\"@type\":\"PropertyValueSpecification\",\"valueRequired\":true,\"valueName\":\"search_term_string\"}}],\"inLanguage\":\"en-US\"},{\"@type\":[\"Organization\",\"Place\"],\"@id\":\"https:\\\/\\\/ubirataonline.com.br\\\/#organization\",\"name\":\"Ubirat\u00e3 Online Not\u00edcias\",\"alternateName\":\"Ubirat\u00e3 Online\",\"url\":\"https:\\\/\\\/ubirataonline.com.br\\\/\",\"logo\":{\"@id\":\"https:\\\/\\\/ubirataonline.com.br\\\/gloria-steinem-trajetoria-de-uma-voz-central-do-feminismo-american\\\/#local-main-organization-logo\"},\"image\":{\"@id\":\"https:\\\/\\\/ubirataonline.com.br\\\/gloria-steinem-trajetoria-de-uma-voz-central-do-feminismo-american\\\/#local-main-organization-logo\"},\"sameAs\":[\"https:\\\/\\\/www.facebook.com\\\/portalubirataonline\",\"https:\\\/\\\/x.com\\\/ubirataonline\",\"https:\\\/\\\/mastodon.social\\\/@ubirataonline\",\"https:\\\/\\\/www.facebook.com\\\/groups\\\/311144672285604\",\"https:\\\/\\\/www.facebook.com\\\/UBTAOnline\",\"https:\\\/\\\/www.instagram.com\\\/portalubirataonline\\\/\",\"https:\\\/\\\/twitter.com\\\/ubirataonline\"],\"description\":\"Somos um portal de not\u00edcias independente, criado em 5 de janeiro de 2009, com o objetivo de informar, conectar e valorizar a nossa comunidade de Ubirat\u00e3 e toda aregi\u00e3o. Com conte\u00fado atualizado, confi\u00e1vel e relevante, o Ubirat\u00e3 Online \u00e9 o seu espa\u00e7o para ficar por dentro dos principais acontecimentos locais, regionais, Brasil, Mundo e de interesse geral. Nosso compromisso \u00e9 com a verdade, a transpar\u00eancia e o respeito ao leitor.\",\"legalName\":\"UBIRATA ONLINE NOT\u00cdCIAS\",\"foundingDate\":\"2009-01-05\",\"numberOfEmployees\":{\"@type\":\"QuantitativeValue\",\"minValue\":\"1\",\"maxValue\":\"10\"},\"publishingPrinciples\":\"https:\\\/\\\/ubirataonline.com.br\\\/faq\\\/\",\"address\":{\"@id\":\"https:\\\/\\\/ubirataonline.com.br\\\/gloria-steinem-trajetoria-de-uma-voz-central-do-feminismo-american\\\/#local-main-place-address\"},\"geo\":{\"@type\":\"GeoCoordinates\",\"latitude\":\"-24.5361401\",\"longitude\":\"-52.9921776\"},\"telephone\":[\"+5544998308235\"],\"contactPoint\":{\"@type\":\"ContactPoint\",\"email\":\"contato@ubirataonline.com.br\"},\"openingHoursSpecification\":{\"@type\":\"OpeningHoursSpecification\",\"dayOfWeek\":[\"Monday\",\"Tuesday\",\"Wednesday\",\"Thursday\",\"Friday\",\"Saturday\",\"Sunday\"],\"opens\":\"00:00\",\"closes\":\"23:59\"},\"email\":\"contato@ubirataonline.com.br\",\"vatID\":\"47.621.418\\\/0001-80\"},{\"@type\":\"Person\",\"@id\":\"https:\\\/\\\/ubirataonline.com.br\\\/#\\\/schema\\\/person\\\/372f87bbd3fdd79b8556b84c98d0bc1c\",\"name\":\"REDA\u00c7\u00c3O: UBIRAT\u00c3 ONLINE - F\u00c1BIO AUGUSTO CELESTINO\",\"pronouns\":\"Ele\",\"description\":\"Desde 2003 trabalhando com not\u00edcias.\",\"sameAs\":[\"http:\\\/\\\/ubirataoline.com.br\",\"https:\\\/\\\/www.facebook.com\\\/portalubirataonline\",\"https:\\\/\\\/www.instagram.com\\\/ubirataonline_oficial\",\"https:\\\/\\\/x.com\\\/x.com\\\/ubirataonline\"],\"honorificPrefix\":\"Mr.\",\"honorificSuffix\":\"MD\",\"birthDate\":\"1980-06-16\",\"gender\":\"masculino\",\"award\":[\"V\u00e1rios pr\u00eamios de melhor portal da cidade\"],\"jobTitle\":\"Diretor\",\"url\":\"https:\\\/\\\/ubirataonline.com.br\\\/en\\\/author\\\/ubirataonline\\\/\"},{\"@type\":\"PostalAddress\",\"@id\":\"https:\\\/\\\/ubirataonline.com.br\\\/gloria-steinem-trajetoria-de-uma-voz-central-do-feminismo-american\\\/#local-main-place-address\",\"streetAddress\":\"Rua dos Coqueiros, 104 - Bairro Boa Vista, Rua dos Coqueiros, 104 Bairro Boa Vista\",\"addressLocality\":\"UBIRATA\",\"postalCode\":\"85440-000\",\"addressRegion\":\"PR\",\"addressCountry\":\"BR\"},{\"@type\":\"ImageObject\",\"inLanguage\":\"en-US\",\"@id\":\"https:\\\/\\\/ubirataonline.com.br\\\/gloria-steinem-trajetoria-de-uma-voz-central-do-feminismo-american\\\/#local-main-organization-logo\",\"url\":\"https:\\\/\\\/ubirataonline.com.br\\\/wp-content\\\/uploads\\\/2026\\\/06\\\/logoubirataonline-1.webp\",\"contentUrl\":\"https:\\\/\\\/ubirataonline.com.br\\\/wp-content\\\/uploads\\\/2026\\\/06\\\/logoubirataonline-1.webp\",\"width\":500,\"height\":500,\"caption\":\"Ubirat\u00e3 Online Not\u00edcias\"}]}<\/script>\n<meta name=\"geo.placename\" content=\"UBIRATA\" \/>\n<meta name=\"geo.position\" content=\"-24.5361401;-52.9921776\" \/>\n<meta name=\"geo.region\" content=\"Brazil\" \/>\n<!-- \/ Yoast SEO Premium plugin. -->","yoast_head_json":{"title":"Gloria Steinem: trajet\u00f3ria de uma voz central do feminismo American - Ubirat\u00e3 Online Not\u00edcias - A realidade ao seu alcance!","description":"Jornalista e ativista nascida em 25 de mar\u00e7o de 1934, Steinem fundou a Ms. magazine em 1972 e foi figura-chave na luta por direitos reprodutivos, segundo","robots":{"index":"index","follow":"follow","max-snippet":"max-snippet:-1","max-image-preview":"max-image-preview:large","max-video-preview":"max-video-preview:-1"},"canonical":"https:\/\/ubirataonline.com.br\/en\/gloria-steinem-trajetoria-de-uma-voz-central-do-feminismo-american\/","og_locale":"en_US","og_type":"article","og_title":"Gloria Steinem: trajet\u00f3ria de uma voz central do feminismo American","og_description":"Jornalista e ativista nascida em 25 de mar\u00e7o de 1934, Steinem fundou a Ms. magazine em 1972 e foi figura-chave na luta por direitos reprodutivos, segundo","og_url":"https:\/\/ubirataonline.com.br\/en\/gloria-steinem-trajetoria-de-uma-voz-central-do-feminismo-american\/","og_site_name":"Ubirat\u00e3 Online Not\u00edcias - A realidade ao seu alcance!","article_publisher":"https:\/\/www.facebook.com\/portalubirataonline","article_author":"https:\/\/www.facebook.com\/portalubirataonline","article_published_time":"2026-09-03T14:46:58+00:00","og_image":[{"width":1531,"height":418,"url":"https:\/\/ubirataonline.com.br\/wp-content\/uploads\/2026\/05\/logo2026.webp","type":"image\/webp"}],"author":"REDA\u00c7\u00c3O: UBIRAT\u00c3 ONLINE - F\u00c1BIO AUGUSTO CELESTINO","twitter_card":"summary_large_image","twitter_creator":"@x.com\/ubirataonline","twitter_site":"@ubirataonline","twitter_misc":{"Written by":"REDA\u00c7\u00c3O: UBIRAT\u00c3 ONLINE - F\u00c1BIO AUGUSTO CELESTINO","Est. reading time":"3 minutes"},"schema":{"@context":"https:\/\/schema.org","@graph":[{"@type":"NewsArticle","@id":"https:\/\/ubirataonline.com.br\/gloria-steinem-trajetoria-de-uma-voz-central-do-feminismo-american\/#article","isPartOf":{"@id":"https:\/\/ubirataonline.com.br\/gloria-steinem-trajetoria-de-uma-voz-central-do-feminismo-american\/"},"author":{"name":"REDA\u00c7\u00c3O: UBIRAT\u00c3 ONLINE - F\u00c1BIO AUGUSTO CELESTINO","@id":"https:\/\/ubirataonline.com.br\/#\/schema\/person\/372f87bbd3fdd79b8556b84c98d0bc1c"},"headline":"Gloria Steinem: trajet\u00f3ria de uma voz central do feminismo American","datePublished":"2026-09-03T14:46:58+00:00","mainEntityOfPage":{"@id":"https:\/\/ubirataonline.com.br\/gloria-steinem-trajetoria-de-uma-voz-central-do-feminismo-american\/"},"wordCount":709,"publisher":{"@id":"https:\/\/ubirataonline.com.br\/#organization"},"image":{"@id":"https:\/\/ubirataonline.com.br\/gloria-steinem-trajetoria-de-uma-voz-central-do-feminismo-american\/#primaryimage"},"thumbnailUrl":"https:\/\/ubirataonline.com.br\/wp-content\/uploads\/2026\/09\/maaimg-post-170319-20260903-144716.webp","articleSection":["World"],"inLanguage":"en-US","copyrightYear":"2026","copyrightHolder":{"@id":"https:\/\/ubirataonline.com.br\/en\/#organization"}},{"@type":"WebPage","@id":"https:\/\/ubirataonline.com.br\/gloria-steinem-trajetoria-de-uma-voz-central-do-feminismo-american\/","url":"https:\/\/ubirataonline.com.br\/gloria-steinem-trajetoria-de-uma-voz-central-do-feminismo-american\/","name":"Gloria Steinem: trajet\u00f3ria de uma voz central do feminismo American - Ubirat\u00e3 Online Not\u00edcias - A realidade ao seu alcance!","isPartOf":{"@id":"https:\/\/ubirataonline.com.br\/#website"},"primaryImageOfPage":{"@id":"https:\/\/ubirataonline.com.br\/gloria-steinem-trajetoria-de-uma-voz-central-do-feminismo-american\/#primaryimage"},"image":{"@id":"https:\/\/ubirataonline.com.br\/gloria-steinem-trajetoria-de-uma-voz-central-do-feminismo-american\/#primaryimage"},"thumbnailUrl":"https:\/\/ubirataonline.com.br\/wp-content\/uploads\/2026\/09\/maaimg-post-170319-20260903-144716.webp","datePublished":"2026-09-03T14:46:58+00:00","description":"Jornalista e ativista nascida em 25 de mar\u00e7o de 1934, Steinem fundou a Ms. magazine em 1972 e foi figura-chave na luta por direitos reprodutivos, segundo","breadcrumb":{"@id":"https:\/\/ubirataonline.com.br\/gloria-steinem-trajetoria-de-uma-voz-central-do-feminismo-american\/#breadcrumb"},"inLanguage":"en-US","potentialAction":[{"@type":"ReadAction","target":["https:\/\/ubirataonline.com.br\/gloria-steinem-trajetoria-de-uma-voz-central-do-feminismo-american\/"]}]},{"@type":"ImageObject","inLanguage":"en-US","@id":"https:\/\/ubirataonline.com.br\/gloria-steinem-trajetoria-de-uma-voz-central-do-feminismo-american\/#primaryimage","url":"https:\/\/ubirataonline.com.br\/wp-content\/uploads\/2026\/09\/maaimg-post-170319-20260903-144716.webp","contentUrl":"https:\/\/ubirataonline.com.br\/wp-content\/uploads\/2026\/09\/maaimg-post-170319-20260903-144716.webp","width":1536,"height":1024,"caption":"Imagem ilustrativa Gerada por IA"},{"@type":"BreadcrumbList","@id":"https:\/\/ubirataonline.com.br\/gloria-steinem-trajetoria-de-uma-voz-central-do-feminismo-american\/#breadcrumb","itemListElement":[{"@type":"ListItem","position":1,"name":"In\u00edcio","item":"https:\/\/ubirataonline.com.br\/"},{"@type":"ListItem","position":2,"name":"Gloria Steinem: trajet\u00f3ria de uma voz central do feminismo American"}]},{"@type":"WebSite","@id":"https:\/\/ubirataonline.com.br\/#website","url":"https:\/\/ubirataonline.com.br\/","name":"Ubirat\u00e3 Online Not\u00edcias","description":"Not\u00edcias de Ubirat\u00e3, regi\u00e3o, Brasil e mundo, com informa\u00e7\u00e3o atualizada e compromisso com o leitor.","publisher":{"@id":"https:\/\/ubirataonline.com.br\/#organization"},"alternateName":"Ubirat\u00e3 Online","potentialAction":[{"@type":"SearchAction","target":{"@type":"EntryPoint","urlTemplate":"https:\/\/ubirataonline.com.br\/?s={search_term_string}"},"query-input":{"@type":"PropertyValueSpecification","valueRequired":true,"valueName":"search_term_string"}}],"inLanguage":"en-US"},{"@type":["Organization","Place"],"@id":"https:\/\/ubirataonline.com.br\/#organization","name":"Ubirat\u00e3 Online Not\u00edcias","alternateName":"Ubirat\u00e3 Online","url":"https:\/\/ubirataonline.com.br\/","logo":{"@id":"https:\/\/ubirataonline.com.br\/gloria-steinem-trajetoria-de-uma-voz-central-do-feminismo-american\/#local-main-organization-logo"},"image":{"@id":"https:\/\/ubirataonline.com.br\/gloria-steinem-trajetoria-de-uma-voz-central-do-feminismo-american\/#local-main-organization-logo"},"sameAs":["https:\/\/www.facebook.com\/portalubirataonline","https:\/\/x.com\/ubirataonline","https:\/\/mastodon.social\/@ubirataonline","https:\/\/www.facebook.com\/groups\/311144672285604","https:\/\/www.facebook.com\/UBTAOnline","https:\/\/www.instagram.com\/portalubirataonline\/","https:\/\/twitter.com\/ubirataonline"],"description":"Somos um portal de not\u00edcias independente, criado em 5 de janeiro de 2009, com o objetivo de informar, conectar e valorizar a nossa comunidade de Ubirat\u00e3 e toda aregi\u00e3o. Com conte\u00fado atualizado, confi\u00e1vel e relevante, o Ubirat\u00e3 Online \u00e9 o seu espa\u00e7o para ficar por dentro dos principais acontecimentos locais, regionais, Brasil, Mundo e de interesse geral. Nosso compromisso \u00e9 com a verdade, a transpar\u00eancia e o respeito ao leitor.","legalName":"UBIRATA ONLINE NOT\u00cdCIAS","foundingDate":"2009-01-05","numberOfEmployees":{"@type":"QuantitativeValue","minValue":"1","maxValue":"10"},"publishingPrinciples":"https:\/\/ubirataonline.com.br\/faq\/","address":{"@id":"https:\/\/ubirataonline.com.br\/gloria-steinem-trajetoria-de-uma-voz-central-do-feminismo-american\/#local-main-place-address"},"geo":{"@type":"GeoCoordinates","latitude":"-24.5361401","longitude":"-52.9921776"},"telephone":["+5544998308235"],"contactPoint":{"@type":"ContactPoint","email":"contato@ubirataonline.com.br"},"openingHoursSpecification":{"@type":"OpeningHoursSpecification","dayOfWeek":["Monday","Tuesday","Wednesday","Thursday","Friday","Saturday","Sunday"],"opens":"00:00","closes":"23:59"},"email":"contato@ubirataonline.com.br","vatID":"47.621.418\/0001-80"},{"@type":"Person","@id":"https:\/\/ubirataonline.com.br\/#\/schema\/person\/372f87bbd3fdd79b8556b84c98d0bc1c","name":"REDA\u00c7\u00c3O: UBIRAT\u00c3 ONLINE - F\u00c1BIO AUGUSTO CELESTINO","pronouns":"Ele","description":"Desde 2003 trabalhando com not\u00edcias.","sameAs":["http:\/\/ubirataoline.com.br","https:\/\/www.facebook.com\/portalubirataonline","https:\/\/www.instagram.com\/ubirataonline_oficial","https:\/\/x.com\/x.com\/ubirataonline"],"honorificPrefix":"Mr.","honorificSuffix":"MD","birthDate":"1980-06-16","gender":"masculino","award":["V\u00e1rios pr\u00eamios de melhor portal da cidade"],"jobTitle":"Diretor","url":"https:\/\/ubirataonline.com.br\/en\/author\/ubirataonline\/"},{"@type":"PostalAddress","@id":"https:\/\/ubirataonline.com.br\/gloria-steinem-trajetoria-de-uma-voz-central-do-feminismo-american\/#local-main-place-address","streetAddress":"Rua dos Coqueiros, 104 - Bairro Boa Vista, Rua dos Coqueiros, 104 Bairro Boa Vista","addressLocality":"UBIRATA","postalCode":"85440-000","addressRegion":"PR","addressCountry":"BR"},{"@type":"ImageObject","inLanguage":"en-US","@id":"https:\/\/ubirataonline.com.br\/gloria-steinem-trajetoria-de-uma-voz-central-do-feminismo-american\/#local-main-organization-logo","url":"https:\/\/ubirataonline.com.br\/wp-content\/uploads\/2026\/06\/logoubirataonline-1.webp","contentUrl":"https:\/\/ubirataonline.com.br\/wp-content\/uploads\/2026\/06\/logoubirataonline-1.webp","width":500,"height":500,"caption":"Ubirat\u00e3 Online Not\u00edcias"}]},"geo.placename":"UBIRATA","geo.position":{"lat":"-24.5361401","long":"-52.9921776"},"geo.region":"Brazil"},"_links":{"self":[{"href":"https:\/\/ubirataonline.com.br\/en\/wp-json\/wp\/v2\/posts\/170319","targetHints":{"allow":["GET"]}}],"collection":[{"href":"https:\/\/ubirataonline.com.br\/en\/wp-json\/wp\/v2\/posts"}],"about":[{"href":"https:\/\/ubirataonline.com.br\/en\/wp-json\/wp\/v2\/types\/post"}],"author":[{"embeddable":true,"href":"https:\/\/ubirataonline.com.br\/en\/wp-json\/wp\/v2\/users\/1"}],"replies":[{"embeddable":true,"href":"https:\/\/ubirataonline.com.br\/en\/wp-json\/wp\/v2\/comments?post=170319"}],"version-history":[{"count":0,"href":"https:\/\/ubirataonline.com.br\/en\/wp-json\/wp\/v2\/posts\/170319\/revisions"}],"wp:featuredmedia":[{"embeddable":true,"href":"https:\/\/ubirataonline.com.br\/en\/wp-json\/wp\/v2\/media\/170320"}],"wp:attachment":[{"href":"https:\/\/ubirataonline.com.br\/en\/wp-json\/wp\/v2\/media?parent=170319"}],"wp:term":[{"taxonomy":"category","embeddable":true,"href":"https:\/\/ubirataonline.com.br\/en\/wp-json\/wp\/v2\/categories?post=170319"},{"taxonomy":"post_tag","embeddable":true,"href":"https:\/\/ubirataonline.com.br\/en\/wp-json\/wp\/v2\/tags?post=170319"}],"curies":[{"name":"wp","href":"https:\/\/api.w.org\/{rel}","templated":true}]}}