{"id":170323,"date":"2026-09-03T11:49:36","date_gmt":"2026-09-03T14:49:36","guid":{"rendered":"https:\/\/ubirataonline.com.br\/mppr-participa-de-mobilizacao-nacional-pelo-enfrentamento-da-violencia-contra-as-mulheres\/"},"modified":"2026-09-03T11:49:38","modified_gmt":"2026-09-03T14:49:38","slug":"mppr-participa-de-mobilizacao-nacional-pelo-enfrentamento-da-violencia-contra-as-mulheres","status":"publish","type":"post","link":"https:\/\/ubirataonline.com.br\/en\/mppr-participa-de-mobilizacao-nacional-pelo-enfrentamento-da-violencia-contra-as-mulheres\/","title":{"rendered":"MPPR participa de mobiliza\u00e7\u00e3o nacional pelo enfrentamento da viol\u00eancia contra as mulheres"},"content":{"rendered":"<p><\/p>\n<div>\n<p>Mais de 7,7 mil profissionais das for\u00e7as de seguran\u00e7a, em 110 cidades de todo o pa\u00eds, participaram nesta quarta-feira, 2 de setembro, do Dia C de Capacita\u00e7\u00e3o, mobiliza\u00e7\u00e3o nacional pelo enfrentamento da viol\u00eancia contra as mulheres. Em Curitiba, o Minist\u00e9rio P\u00fablico do Paran\u00e1 sediou uma das a\u00e7\u00f5es realizadas simultaneamente nas unidades dos Minist\u00e9rios P\u00fablicos das 26 capitais e do Distrito Federal. A iniciativa busca fortalecer uma atua\u00e7\u00e3o humanizada e orientada pela perspectiva de g\u00eanero na preven\u00e7\u00e3o, no acolhimento e no enfrentamento da viol\u00eancia contra a mulher.<\/p>\n<p>O encontro reuniu integrantes das Pol\u00edcias Civil, Militar, Penal e Cient\u00edfica, do Corpo de Bombeiros Militar e das Guardas Municipais, al\u00e9m de gestoras e gestores dos fundos estaduais de Seguran\u00e7a P\u00fablica. Ao longo do dia, integrantes do MPPR e das Pol\u00edcias Civil e Militar ministraram palestras sobre os tr\u00eas eixos tem\u00e1ticos que orientaram a programa\u00e7\u00e3o em todo o pa\u00eds: perspectiva de g\u00eanero na atua\u00e7\u00e3o da seguran\u00e7a p\u00fablica; acolhimento e atendimento sem revitimiza\u00e7\u00e3o; e medidas protetivas e avalia\u00e7\u00e3o de risco.\u00a0<\/p>\n<p>\u00a0<\/p>\n<p>\u00a0<\/p>\n<p><strong>Atua\u00e7\u00e3o articulada &#8211;<\/strong> Na abertura do evento, representando o Procurador-Geral de Justi\u00e7a, Francisco Zanicotti, a Subprocuradora-Geral de Justi\u00e7a para Assuntos de Planejamento Institucional, Terezinha Signorini, ressaltou o prop\u00f3sito transformador da iniciativa e a necessidade de atua\u00e7\u00e3o articulada para enfrentar esse cen\u00e1rio. \u201cA viol\u00eancia contra a mulher \u00e9 um problema alarmante e crescente que exige esfor\u00e7os cont\u00ednuos, a\u00e7\u00f5es imediatas e atua\u00e7\u00f5es coordenadas do Poder P\u00fablico e da sociedade\u201d, afirmou.<\/p>\n<p>Representando a Pol\u00edcia Militar do Paran\u00e1, o Coronel Stefano Roberto Janata destacou o papel dos profissionais de seguran\u00e7a na linha de frente do atendimento \u00e0s v\u00edtimas e a responsabilidade de oferecer uma escuta qualificada e encaminhamentos que contribuam para a prote\u00e7\u00e3o. \u201cO primeiro contato pode ser decisivo para garantir que mulheres e crian\u00e7as v\u00edtimas de viol\u00eancia sejam ouvidas e recebam o atendimento necess\u00e1rio\u201d, ressaltou.\u00a0<\/p>\n<p>A mesa de abertura teve ainda com a participa\u00e7\u00e3o do Procurador de Justi\u00e7a Acir Bueno de Camargo, representando a Funda\u00e7\u00e3o Escola do Minist\u00e9rio P\u00fablico do Paran\u00e1 (Fempar); do Inspetor Jos\u00e9 Carlos Felipus Costa, Comandante da Guarda Municipal de Curitiba; da Promotora de Justi\u00e7a Tarcila Santos Teixeira, Coordenadora da Pol\u00edtica Institucional de Prote\u00e7\u00e3o e Promo\u00e7\u00e3o dos Direitos das V\u00edtimas; e da Promotora de Justi\u00e7a Ana Carolina Pinto Franceschi, Coordenadora do N\u00facleo de Promo\u00e7\u00e3o da Igualdade de G\u00eanero.<\/p>\n<p>A programa\u00e7\u00e3o tamb\u00e9m contou com mensagens em v\u00eddeo da Ministra das Mulheres, M\u00e1rcia Lopes, e do Diretor do Sistema \u00danico de Seguran\u00e7a P\u00fablica, Coronel Jo\u00e3o Alberto Nogueira J\u00fanior, exibidas nos eventos realizados em todo o pa\u00eds.<\/p>\n<p>\u00a0<\/p>\n<p>\u00a0<\/p>\n<p><strong>Eixos tem\u00e1ticos &#8211;<\/strong> Na sequ\u00eancia da abertura, a Promotora de Justi\u00e7a Ana Carolina Pinto Franceschi apresentou a estrutura da capacita\u00e7\u00e3o, organizada em tr\u00eas eixos tem\u00e1ticos definidos pela Secretaria Nacional de Seguran\u00e7a P\u00fablica (Senasp), em articula\u00e7\u00e3o com o Minist\u00e9rio P\u00fablico Brasileiro. Ao explicar a proposta, destacou o objetivo da a\u00e7\u00e3o de qualificar as respostas institucionais \u00e0s situa\u00e7\u00f5es de viol\u00eancia contra as mulheres, fazendo com que o atendimento prestado pelos diferentes \u00f3rg\u00e3os contribua efetivamente para a prote\u00e7\u00e3o e para o acesso \u00e0 rede de atendimento.\u00a0<\/p>\n<p>Dando in\u00edcio \u00e0 capacita\u00e7\u00e3o, a Promotora de Justi\u00e7a Roberta Franco Massa abordou a perspectiva de g\u00eanero na atua\u00e7\u00e3o dos profissionais de seguran\u00e7a p\u00fablica. A exposi\u00e7\u00e3o tratou das desigualdades de g\u00eanero e das diferentes formas de viol\u00eancia contra mulheres e meninas, com destaque para o impacto de estere\u00f3tipos, preconceitos e da culpabiliza\u00e7\u00e3o das v\u00edtimas na interpreta\u00e7\u00e3o das ocorr\u00eancias e na tomada de decis\u00f5es.<\/p>\n<p>No eixo sobre acolhimento e atendimento sem revitimiza\u00e7\u00e3o, a Promotora de Justi\u00e7a Tarcila Santos Teixeira e o Capit\u00e3o Victor Rodrigo Amaral trataram da escuta qualificada, da comunica\u00e7\u00e3o respeitosa e dos cuidados para preservar a intimidade das v\u00edtimas. Tamb\u00e9m foram abordados procedimentos de registro, encaminhamento e continuidade do atendimento, incluindo situa\u00e7\u00f5es de viol\u00eancia pol\u00edtica de g\u00eanero.<\/p>\n<p>No terceiro eixo, medidas protetivas e avalia\u00e7\u00e3o de risco, o Promotor de Justi\u00e7a Thimotie Aragon Heemann e a Major Carolina Pauleto Zancan trataram dos fatores associados ao agravamento da viol\u00eancia e ao risco de feminic\u00eddio, al\u00e9m da finalidade e utiliza\u00e7\u00e3o do Formul\u00e1rio Nacional de Avalia\u00e7\u00e3o de Risco (Fonar). As discuss\u00f5es inclu\u00edram ainda as provid\u00eancias diante do descumprimento de medidas protetivas ou do agravamento do risco.<\/p>\n<p><strong>Parcerias &#8211; <\/strong>A mobiliza\u00e7\u00e3o do Dia C de Capacita\u00e7\u00e3o \u00e9 uma parceria entre o Minist\u00e9rio da Justi\u00e7a e Seguran\u00e7a P\u00fablica, o Minist\u00e9rio das Mulheres e o Conselho Nacional dos Procuradores-Gerais do Minist\u00e9rio P\u00fablico dos Estados e da Uni\u00e3o (CNPG), por meio da Comiss\u00e3o Permanente de Combate \u00e0 Viol\u00eancia Dom\u00e9stica e Familiar contra a Mulher (Copevid). O MPPR apoia a iniciativa por meio do N\u00facleo de Promo\u00e7\u00e3o da Igualdade de G\u00eanero (Nupige), do Centro de Apoio Operacional das Promotorias de Justi\u00e7a de Prote\u00e7\u00e3o aos Direitos Humanos e da Escola Superior.<\/p>\n<\/div>\n<p><a href=\"https:\/\/ubirataonline.com.br\/en\/noticias\/\" target=\"_blank\" rel=\"noopener noreferrer\">Mais Not\u00edcias<\/a><\/p>\n<p><a href=\"https:\/\/ubirataonline.com.br\/en\/\" target=\"_blank\" rel=\"noopener noreferrer\">Home Page &#8211; In\u00edcio<\/a><\/p>\n<p><a href=\"https:\/\/mppr.mp.br\/Noticia\/MPPR-participa-de-mobilizacao-nacional-pelo-enfrentamento-da-violencia-contra-mulheres\">Source link <\/a><br \/>\nSee more: <a href=\"https:\/\/theglobaltrack.com\/\" target=\"_blank\" rel=\"noopener noreferrer\">The Global Track<\/a><\/p>\n<p><a href=\"https:\/\/corinthiames.com.br\/\" target=\"_blank\" rel=\"noopener noreferrer\">Corinthia Mes<\/a><\/p>","protected":false},"excerpt":{"rendered":"<p>Mais de 7,7 mil profissionais das for\u00e7as de seguran\u00e7a, em 110 cidades de todo o pa\u00eds, participaram nesta quarta-feira, 2 de setembro, do Dia C de Capacita\u00e7\u00e3o, mobiliza\u00e7\u00e3o nacional pelo enfrentamento da viol\u00eancia contra as mulheres. Em Curitiba, o Minist\u00e9rio P\u00fablico do Paran\u00e1 sediou uma das a\u00e7\u00f5es realizadas simultaneamente nas unidades dos Minist\u00e9rios P\u00fablicos das [&hellip;]<\/p>\n","protected":false},"author":1,"featured_media":170324,"comment_status":"closed","ping_status":"","sticky":false,"template":"","format":"standard","meta":{"googlesitekit_rrm_CAow2JLhCw:productID":"","_gspb_post_css":"","maa_idioma":"","maa_pais":"","footnotes":""},"categories":[4],"tags":[3180,3633,20679,1632,4266,3337,5199,3382,1913],"class_list":["post-170323","post","type-post","status-publish","format-standard","has-post-thumbnail","hentry","category-brasil","tag-contra","tag-enfrentamento","tag-mobilizacao","tag-mppr","tag-mulheres","tag-nacional","tag-participa","tag-pelo","tag-violencia"],"blocksy_meta":[],"yoast_head":"<!-- This site is optimized with the Yoast SEO Premium plugin v27.6 (Yoast SEO v27.6) - https:\/\/yoast.com\/product\/yoast-seo-premium-wordpress\/ -->\n<title>MPPR participa de mobiliza\u00e7\u00e3o nacional pelo enfrentamento da viol\u00eancia contra as mulheres - Ubirat\u00e3 Online Not\u00edcias - A realidade ao seu alcance!<\/title>\n<meta name=\"description\" content=\"Mais de 7,7 mil profissionais das for\u00e7as de seguran\u00e7a, em 110 cidades de todo o pa\u00eds, participaram nesta quarta-feira, 2 de setembro, do Dia C de Capacita\u00e7\u00e3o, mobiliza\u00e7\u00e3o nacional pelo enfrentamento da viol\u00eancia contra as mulheres\" \/>\n<meta name=\"robots\" content=\"index, follow, max-snippet:-1, max-image-preview:large, max-video-preview:-1\" \/>\n<link rel=\"canonical\" href=\"https:\/\/ubirataonline.com.br\/en\/mppr-participa-de-mobilizacao-nacional-pelo-enfrentamento-da-violencia-contra-as-mulheres\/\" \/>\n<meta property=\"og:locale\" content=\"en_US\" \/>\n<meta property=\"og:type\" content=\"article\" \/>\n<meta property=\"og:title\" content=\"MPPR participa de mobiliza\u00e7\u00e3o nacional pelo enfrentamento da viol\u00eancia contra as mulheres\" \/>\n<meta property=\"og:description\" content=\"Mais de 7,7 mil profissionais das for\u00e7as de seguran\u00e7a, em 110 cidades de todo o pa\u00eds, participaram nesta quarta-feira, 2 de setembro, do Dia C de Capacita\u00e7\u00e3o, mobiliza\u00e7\u00e3o nacional pelo enfrentamento da viol\u00eancia contra as mulheres\" \/>\n<meta property=\"og:url\" content=\"https:\/\/ubirataonline.com.br\/en\/mppr-participa-de-mobilizacao-nacional-pelo-enfrentamento-da-violencia-contra-as-mulheres\/\" \/>\n<meta property=\"og:site_name\" content=\"Ubirat\u00e3 Online Not\u00edcias - A realidade ao seu alcance!\" \/>\n<meta property=\"article:publisher\" content=\"https:\/\/www.facebook.com\/portalubirataonline\" \/>\n<meta property=\"article:author\" content=\"https:\/\/www.facebook.com\/portalubirataonline\" \/>\n<meta property=\"article:published_time\" content=\"2026-09-03T14:49:36+00:00\" \/>\n<meta property=\"article:modified_time\" content=\"2026-09-03T14:49:38+00:00\" \/>\n<meta property=\"og:image\" content=\"https:\/\/ubirataonline.com.br\/wp-content\/uploads\/2026\/09\/MPPR-participa-de-mobilizacao-nacional-pelo-enfrentamento-da-violencia-contra.jpg\" \/>\n\t<meta property=\"og:image:width\" content=\"675\" \/>\n\t<meta property=\"og:image:height\" content=\"450\" \/>\n\t<meta property=\"og:image:type\" content=\"image\/jpeg\" \/>\n<meta name=\"author\" content=\"REDA\u00c7\u00c3O: UBIRAT\u00c3 ONLINE - F\u00c1BIO AUGUSTO CELESTINO\" \/>\n<meta name=\"twitter:card\" content=\"summary_large_image\" \/>\n<meta name=\"twitter:creator\" content=\"@x.com\/ubirataonline\" \/>\n<meta name=\"twitter:site\" content=\"@ubirataonline\" \/>\n<meta name=\"twitter:label1\" content=\"Written by\" \/>\n\t<meta name=\"twitter:data1\" content=\"REDA\u00c7\u00c3O: UBIRAT\u00c3 ONLINE - F\u00c1BIO AUGUSTO CELESTINO\" \/>\n\t<meta name=\"twitter:label2\" content=\"Est. reading time\" \/>\n\t<meta name=\"twitter:data2\" content=\"5 minutes\" \/>\n<script type=\"application\/ld+json\" class=\"yoast-schema-graph\">{\"@context\":\"https:\\\/\\\/schema.org\",\"@graph\":[{\"@type\":\"NewsArticle\",\"@id\":\"https:\\\/\\\/ubirataonline.com.br\\\/mppr-participa-de-mobilizacao-nacional-pelo-enfrentamento-da-violencia-contra-as-mulheres\\\/#article\",\"isPartOf\":{\"@id\":\"https:\\\/\\\/ubirataonline.com.br\\\/mppr-participa-de-mobilizacao-nacional-pelo-enfrentamento-da-violencia-contra-as-mulheres\\\/\"},\"author\":{\"name\":\"REDA\u00c7\u00c3O: UBIRAT\u00c3 ONLINE - F\u00c1BIO AUGUSTO CELESTINO\",\"@id\":\"https:\\\/\\\/ubirataonline.com.br\\\/#\\\/schema\\\/person\\\/372f87bbd3fdd79b8556b84c98d0bc1c\"},\"headline\":\"MPPR participa de mobiliza\u00e7\u00e3o nacional pelo enfrentamento da viol\u00eancia contra as mulheres\",\"datePublished\":\"2026-09-03T14:49:36+00:00\",\"dateModified\":\"2026-09-03T14:49:38+00:00\",\"mainEntityOfPage\":{\"@id\":\"https:\\\/\\\/ubirataonline.com.br\\\/mppr-participa-de-mobilizacao-nacional-pelo-enfrentamento-da-violencia-contra-as-mulheres\\\/\"},\"wordCount\":930,\"publisher\":{\"@id\":\"https:\\\/\\\/ubirataonline.com.br\\\/#organization\"},\"image\":{\"@id\":\"https:\\\/\\\/ubirataonline.com.br\\\/mppr-participa-de-mobilizacao-nacional-pelo-enfrentamento-da-violencia-contra-as-mulheres\\\/#primaryimage\"},\"thumbnailUrl\":\"https:\\\/\\\/ubirataonline.com.br\\\/wp-content\\\/uploads\\\/2026\\\/09\\\/MPPR-participa-de-mobilizacao-nacional-pelo-enfrentamento-da-violencia-contra.jpg\",\"keywords\":[\"contra\",\"Enfrentamento\",\"Mobiliza\u00e7\u00e3o\",\"MPPR\",\"mulheres\",\"Nacional\",\"participa\",\"pelo\",\"Viol\u00eancia\"],\"articleSection\":[\"Brasil\"],\"inLanguage\":\"en-US\",\"copyrightYear\":\"2026\",\"copyrightHolder\":{\"@id\":\"https:\\\/\\\/ubirataonline.com.br\\\/en\\\/#organization\"}},{\"@type\":\"WebPage\",\"@id\":\"https:\\\/\\\/ubirataonline.com.br\\\/mppr-participa-de-mobilizacao-nacional-pelo-enfrentamento-da-violencia-contra-as-mulheres\\\/\",\"url\":\"https:\\\/\\\/ubirataonline.com.br\\\/mppr-participa-de-mobilizacao-nacional-pelo-enfrentamento-da-violencia-contra-as-mulheres\\\/\",\"name\":\"MPPR participa de mobiliza\u00e7\u00e3o nacional pelo enfrentamento da viol\u00eancia contra as mulheres - Ubirat\u00e3 Online Not\u00edcias - A realidade ao seu alcance!\",\"isPartOf\":{\"@id\":\"https:\\\/\\\/ubirataonline.com.br\\\/#website\"},\"primaryImageOfPage\":{\"@id\":\"https:\\\/\\\/ubirataonline.com.br\\\/mppr-participa-de-mobilizacao-nacional-pelo-enfrentamento-da-violencia-contra-as-mulheres\\\/#primaryimage\"},\"image\":{\"@id\":\"https:\\\/\\\/ubirataonline.com.br\\\/mppr-participa-de-mobilizacao-nacional-pelo-enfrentamento-da-violencia-contra-as-mulheres\\\/#primaryimage\"},\"thumbnailUrl\":\"https:\\\/\\\/ubirataonline.com.br\\\/wp-content\\\/uploads\\\/2026\\\/09\\\/MPPR-participa-de-mobilizacao-nacional-pelo-enfrentamento-da-violencia-contra.jpg\",\"datePublished\":\"2026-09-03T14:49:36+00:00\",\"dateModified\":\"2026-09-03T14:49:38+00:00\",\"description\":\"Mais de 7,7 mil profissionais das for\u00e7as de seguran\u00e7a, em 110 cidades de todo o pa\u00eds, participaram nesta quarta-feira, 2 de setembro, do Dia C de Capacita\u00e7\u00e3o, mobiliza\u00e7\u00e3o nacional pelo enfrentamento da viol\u00eancia contra as mulheres\",\"breadcrumb\":{\"@id\":\"https:\\\/\\\/ubirataonline.com.br\\\/mppr-participa-de-mobilizacao-nacional-pelo-enfrentamento-da-violencia-contra-as-mulheres\\\/#breadcrumb\"},\"inLanguage\":\"en-US\",\"potentialAction\":[{\"@type\":\"ReadAction\",\"target\":[\"https:\\\/\\\/ubirataonline.com.br\\\/mppr-participa-de-mobilizacao-nacional-pelo-enfrentamento-da-violencia-contra-as-mulheres\\\/\"]}]},{\"@type\":\"ImageObject\",\"inLanguage\":\"en-US\",\"@id\":\"https:\\\/\\\/ubirataonline.com.br\\\/mppr-participa-de-mobilizacao-nacional-pelo-enfrentamento-da-violencia-contra-as-mulheres\\\/#primaryimage\",\"url\":\"https:\\\/\\\/ubirataonline.com.br\\\/wp-content\\\/uploads\\\/2026\\\/09\\\/MPPR-participa-de-mobilizacao-nacional-pelo-enfrentamento-da-violencia-contra.jpg\",\"contentUrl\":\"https:\\\/\\\/ubirataonline.com.br\\\/wp-content\\\/uploads\\\/2026\\\/09\\\/MPPR-participa-de-mobilizacao-nacional-pelo-enfrentamento-da-violencia-contra.jpg\",\"width\":675,\"height\":450,\"caption\":\"MPPR participa de mobiliza\u00e7\u00e3o nacional pelo enfrentamento da viol\u00eancia contra as mulheres\"},{\"@type\":\"BreadcrumbList\",\"@id\":\"https:\\\/\\\/ubirataonline.com.br\\\/mppr-participa-de-mobilizacao-nacional-pelo-enfrentamento-da-violencia-contra-as-mulheres\\\/#breadcrumb\",\"itemListElement\":[{\"@type\":\"ListItem\",\"position\":1,\"name\":\"In\u00edcio\",\"item\":\"https:\\\/\\\/ubirataonline.com.br\\\/\"},{\"@type\":\"ListItem\",\"position\":2,\"name\":\"MPPR participa de mobiliza\u00e7\u00e3o nacional pelo enfrentamento da viol\u00eancia contra as mulheres\"}]},{\"@type\":\"WebSite\",\"@id\":\"https:\\\/\\\/ubirataonline.com.br\\\/#website\",\"url\":\"https:\\\/\\\/ubirataonline.com.br\\\/\",\"name\":\"Ubirat\u00e3 Online Not\u00edcias\",\"description\":\"Not\u00edcias de Ubirat\u00e3, regi\u00e3o, Brasil e mundo, com informa\u00e7\u00e3o atualizada e compromisso com o leitor.\",\"publisher\":{\"@id\":\"https:\\\/\\\/ubirataonline.com.br\\\/#organization\"},\"alternateName\":\"Ubirat\u00e3 Online\",\"potentialAction\":[{\"@type\":\"SearchAction\",\"target\":{\"@type\":\"EntryPoint\",\"urlTemplate\":\"https:\\\/\\\/ubirataonline.com.br\\\/?s={search_term_string}\"},\"query-input\":{\"@type\":\"PropertyValueSpecification\",\"valueRequired\":true,\"valueName\":\"search_term_string\"}}],\"inLanguage\":\"en-US\"},{\"@type\":[\"Organization\",\"Place\"],\"@id\":\"https:\\\/\\\/ubirataonline.com.br\\\/#organization\",\"name\":\"Ubirat\u00e3 Online Not\u00edcias\",\"alternateName\":\"Ubirat\u00e3 Online\",\"url\":\"https:\\\/\\\/ubirataonline.com.br\\\/\",\"logo\":{\"@id\":\"https:\\\/\\\/ubirataonline.com.br\\\/mppr-participa-de-mobilizacao-nacional-pelo-enfrentamento-da-violencia-contra-as-mulheres\\\/#local-main-organization-logo\"},\"image\":{\"@id\":\"https:\\\/\\\/ubirataonline.com.br\\\/mppr-participa-de-mobilizacao-nacional-pelo-enfrentamento-da-violencia-contra-as-mulheres\\\/#local-main-organization-logo\"},\"sameAs\":[\"https:\\\/\\\/www.facebook.com\\\/portalubirataonline\",\"https:\\\/\\\/x.com\\\/ubirataonline\",\"https:\\\/\\\/mastodon.social\\\/@ubirataonline\",\"https:\\\/\\\/www.facebook.com\\\/groups\\\/311144672285604\",\"https:\\\/\\\/www.facebook.com\\\/UBTAOnline\",\"https:\\\/\\\/www.instagram.com\\\/portalubirataonline\\\/\",\"https:\\\/\\\/twitter.com\\\/ubirataonline\"],\"description\":\"Somos um portal de not\u00edcias independente, criado em 5 de janeiro de 2009, com o objetivo de informar, conectar e valorizar a nossa comunidade de Ubirat\u00e3 e toda aregi\u00e3o. Com conte\u00fado atualizado, confi\u00e1vel e relevante, o Ubirat\u00e3 Online \u00e9 o seu espa\u00e7o para ficar por dentro dos principais acontecimentos locais, regionais, Brasil, Mundo e de interesse geral. Nosso compromisso \u00e9 com a verdade, a transpar\u00eancia e o respeito ao leitor.\",\"legalName\":\"UBIRATA ONLINE NOT\u00cdCIAS\",\"foundingDate\":\"2009-01-05\",\"numberOfEmployees\":{\"@type\":\"QuantitativeValue\",\"minValue\":\"1\",\"maxValue\":\"10\"},\"publishingPrinciples\":\"https:\\\/\\\/ubirataonline.com.br\\\/faq\\\/\",\"address\":{\"@id\":\"https:\\\/\\\/ubirataonline.com.br\\\/mppr-participa-de-mobilizacao-nacional-pelo-enfrentamento-da-violencia-contra-as-mulheres\\\/#local-main-place-address\"},\"geo\":{\"@type\":\"GeoCoordinates\",\"latitude\":\"-24.5361401\",\"longitude\":\"-52.9921776\"},\"telephone\":[\"+5544998308235\"],\"contactPoint\":{\"@type\":\"ContactPoint\",\"email\":\"contato@ubirataonline.com.br\"},\"openingHoursSpecification\":{\"@type\":\"OpeningHoursSpecification\",\"dayOfWeek\":[\"Monday\",\"Tuesday\",\"Wednesday\",\"Thursday\",\"Friday\",\"Saturday\",\"Sunday\"],\"opens\":\"00:00\",\"closes\":\"23:59\"},\"email\":\"contato@ubirataonline.com.br\",\"vatID\":\"47.621.418\\\/0001-80\"},{\"@type\":\"Person\",\"@id\":\"https:\\\/\\\/ubirataonline.com.br\\\/#\\\/schema\\\/person\\\/372f87bbd3fdd79b8556b84c98d0bc1c\",\"name\":\"REDA\u00c7\u00c3O: UBIRAT\u00c3 ONLINE - F\u00c1BIO AUGUSTO CELESTINO\",\"pronouns\":\"Ele\",\"description\":\"Desde 2003 trabalhando com not\u00edcias.\",\"sameAs\":[\"http:\\\/\\\/ubirataoline.com.br\",\"https:\\\/\\\/www.facebook.com\\\/portalubirataonline\",\"https:\\\/\\\/www.instagram.com\\\/ubirataonline_oficial\",\"https:\\\/\\\/x.com\\\/x.com\\\/ubirataonline\"],\"honorificPrefix\":\"Mr.\",\"honorificSuffix\":\"MD\",\"birthDate\":\"1980-06-16\",\"gender\":\"masculino\",\"award\":[\"V\u00e1rios pr\u00eamios de melhor portal da cidade\"],\"jobTitle\":\"Diretor\",\"url\":\"https:\\\/\\\/ubirataonline.com.br\\\/en\\\/author\\\/ubirataonline\\\/\"},{\"@type\":\"PostalAddress\",\"@id\":\"https:\\\/\\\/ubirataonline.com.br\\\/mppr-participa-de-mobilizacao-nacional-pelo-enfrentamento-da-violencia-contra-as-mulheres\\\/#local-main-place-address\",\"streetAddress\":\"Rua dos Coqueiros, 104 - Bairro Boa Vista, Rua dos Coqueiros, 104 Bairro Boa Vista\",\"addressLocality\":\"UBIRATA\",\"postalCode\":\"85440-000\",\"addressRegion\":\"PR\",\"addressCountry\":\"BR\"},{\"@type\":\"ImageObject\",\"inLanguage\":\"en-US\",\"@id\":\"https:\\\/\\\/ubirataonline.com.br\\\/mppr-participa-de-mobilizacao-nacional-pelo-enfrentamento-da-violencia-contra-as-mulheres\\\/#local-main-organization-logo\",\"url\":\"https:\\\/\\\/ubirataonline.com.br\\\/wp-content\\\/uploads\\\/2026\\\/06\\\/logoubirataonline-1.webp\",\"contentUrl\":\"https:\\\/\\\/ubirataonline.com.br\\\/wp-content\\\/uploads\\\/2026\\\/06\\\/logoubirataonline-1.webp\",\"width\":500,\"height\":500,\"caption\":\"Ubirat\u00e3 Online Not\u00edcias\"}]}<\/script>\n<meta name=\"geo.placename\" content=\"UBIRATA\" \/>\n<meta name=\"geo.position\" content=\"-24.5361401;-52.9921776\" \/>\n<meta name=\"geo.region\" content=\"Brazil\" \/>\n<!-- \/ Yoast SEO Premium plugin. -->","yoast_head_json":{"title":"MPPR participa de mobiliza\u00e7\u00e3o nacional pelo enfrentamento da viol\u00eancia contra as mulheres - Ubirat\u00e3 Online Not\u00edcias - A realidade ao seu alcance!","description":"Mais de 7,7 mil profissionais das for\u00e7as de seguran\u00e7a, em 110 cidades de todo o pa\u00eds, participaram nesta quarta-feira, 2 de setembro, do Dia C de Capacita\u00e7\u00e3o, mobiliza\u00e7\u00e3o nacional pelo enfrentamento da viol\u00eancia contra as mulheres","robots":{"index":"index","follow":"follow","max-snippet":"max-snippet:-1","max-image-preview":"max-image-preview:large","max-video-preview":"max-video-preview:-1"},"canonical":"https:\/\/ubirataonline.com.br\/en\/mppr-participa-de-mobilizacao-nacional-pelo-enfrentamento-da-violencia-contra-as-mulheres\/","og_locale":"en_US","og_type":"article","og_title":"MPPR participa de mobiliza\u00e7\u00e3o nacional pelo enfrentamento da viol\u00eancia contra as mulheres","og_description":"Mais de 7,7 mil profissionais das for\u00e7as de seguran\u00e7a, em 110 cidades de todo o pa\u00eds, participaram nesta quarta-feira, 2 de setembro, do Dia C de Capacita\u00e7\u00e3o, mobiliza\u00e7\u00e3o nacional pelo enfrentamento da viol\u00eancia contra as mulheres","og_url":"https:\/\/ubirataonline.com.br\/en\/mppr-participa-de-mobilizacao-nacional-pelo-enfrentamento-da-violencia-contra-as-mulheres\/","og_site_name":"Ubirat\u00e3 Online Not\u00edcias - A realidade ao seu alcance!","article_publisher":"https:\/\/www.facebook.com\/portalubirataonline","article_author":"https:\/\/www.facebook.com\/portalubirataonline","article_published_time":"2026-09-03T14:49:36+00:00","article_modified_time":"2026-09-03T14:49:38+00:00","og_image":[{"width":675,"height":450,"url":"https:\/\/ubirataonline.com.br\/wp-content\/uploads\/2026\/09\/MPPR-participa-de-mobilizacao-nacional-pelo-enfrentamento-da-violencia-contra.jpg","type":"image\/jpeg"}],"author":"REDA\u00c7\u00c3O: UBIRAT\u00c3 ONLINE - F\u00c1BIO AUGUSTO CELESTINO","twitter_card":"summary_large_image","twitter_creator":"@x.com\/ubirataonline","twitter_site":"@ubirataonline","twitter_misc":{"Written by":"REDA\u00c7\u00c3O: UBIRAT\u00c3 ONLINE - F\u00c1BIO AUGUSTO CELESTINO","Est. reading time":"5 minutes"},"schema":{"@context":"https:\/\/schema.org","@graph":[{"@type":"NewsArticle","@id":"https:\/\/ubirataonline.com.br\/mppr-participa-de-mobilizacao-nacional-pelo-enfrentamento-da-violencia-contra-as-mulheres\/#article","isPartOf":{"@id":"https:\/\/ubirataonline.com.br\/mppr-participa-de-mobilizacao-nacional-pelo-enfrentamento-da-violencia-contra-as-mulheres\/"},"author":{"name":"REDA\u00c7\u00c3O: UBIRAT\u00c3 ONLINE - F\u00c1BIO AUGUSTO CELESTINO","@id":"https:\/\/ubirataonline.com.br\/#\/schema\/person\/372f87bbd3fdd79b8556b84c98d0bc1c"},"headline":"MPPR participa de mobiliza\u00e7\u00e3o nacional pelo enfrentamento da viol\u00eancia contra as mulheres","datePublished":"2026-09-03T14:49:36+00:00","dateModified":"2026-09-03T14:49:38+00:00","mainEntityOfPage":{"@id":"https:\/\/ubirataonline.com.br\/mppr-participa-de-mobilizacao-nacional-pelo-enfrentamento-da-violencia-contra-as-mulheres\/"},"wordCount":930,"publisher":{"@id":"https:\/\/ubirataonline.com.br\/#organization"},"image":{"@id":"https:\/\/ubirataonline.com.br\/mppr-participa-de-mobilizacao-nacional-pelo-enfrentamento-da-violencia-contra-as-mulheres\/#primaryimage"},"thumbnailUrl":"https:\/\/ubirataonline.com.br\/wp-content\/uploads\/2026\/09\/MPPR-participa-de-mobilizacao-nacional-pelo-enfrentamento-da-violencia-contra.jpg","keywords":["contra","Enfrentamento","Mobiliza\u00e7\u00e3o","MPPR","mulheres","Nacional","participa","pelo","Viol\u00eancia"],"articleSection":["Brasil"],"inLanguage":"en-US","copyrightYear":"2026","copyrightHolder":{"@id":"https:\/\/ubirataonline.com.br\/en\/#organization"}},{"@type":"WebPage","@id":"https:\/\/ubirataonline.com.br\/mppr-participa-de-mobilizacao-nacional-pelo-enfrentamento-da-violencia-contra-as-mulheres\/","url":"https:\/\/ubirataonline.com.br\/mppr-participa-de-mobilizacao-nacional-pelo-enfrentamento-da-violencia-contra-as-mulheres\/","name":"MPPR participa de mobiliza\u00e7\u00e3o nacional pelo enfrentamento da viol\u00eancia contra as mulheres - Ubirat\u00e3 Online Not\u00edcias - A realidade ao seu alcance!","isPartOf":{"@id":"https:\/\/ubirataonline.com.br\/#website"},"primaryImageOfPage":{"@id":"https:\/\/ubirataonline.com.br\/mppr-participa-de-mobilizacao-nacional-pelo-enfrentamento-da-violencia-contra-as-mulheres\/#primaryimage"},"image":{"@id":"https:\/\/ubirataonline.com.br\/mppr-participa-de-mobilizacao-nacional-pelo-enfrentamento-da-violencia-contra-as-mulheres\/#primaryimage"},"thumbnailUrl":"https:\/\/ubirataonline.com.br\/wp-content\/uploads\/2026\/09\/MPPR-participa-de-mobilizacao-nacional-pelo-enfrentamento-da-violencia-contra.jpg","datePublished":"2026-09-03T14:49:36+00:00","dateModified":"2026-09-03T14:49:38+00:00","description":"Mais de 7,7 mil profissionais das for\u00e7as de seguran\u00e7a, em 110 cidades de todo o pa\u00eds, participaram nesta quarta-feira, 2 de setembro, do Dia C de Capacita\u00e7\u00e3o, mobiliza\u00e7\u00e3o nacional pelo enfrentamento da viol\u00eancia contra as mulheres","breadcrumb":{"@id":"https:\/\/ubirataonline.com.br\/mppr-participa-de-mobilizacao-nacional-pelo-enfrentamento-da-violencia-contra-as-mulheres\/#breadcrumb"},"inLanguage":"en-US","potentialAction":[{"@type":"ReadAction","target":["https:\/\/ubirataonline.com.br\/mppr-participa-de-mobilizacao-nacional-pelo-enfrentamento-da-violencia-contra-as-mulheres\/"]}]},{"@type":"ImageObject","inLanguage":"en-US","@id":"https:\/\/ubirataonline.com.br\/mppr-participa-de-mobilizacao-nacional-pelo-enfrentamento-da-violencia-contra-as-mulheres\/#primaryimage","url":"https:\/\/ubirataonline.com.br\/wp-content\/uploads\/2026\/09\/MPPR-participa-de-mobilizacao-nacional-pelo-enfrentamento-da-violencia-contra.jpg","contentUrl":"https:\/\/ubirataonline.com.br\/wp-content\/uploads\/2026\/09\/MPPR-participa-de-mobilizacao-nacional-pelo-enfrentamento-da-violencia-contra.jpg","width":675,"height":450,"caption":"MPPR participa de mobiliza\u00e7\u00e3o nacional pelo enfrentamento da viol\u00eancia contra as mulheres"},{"@type":"BreadcrumbList","@id":"https:\/\/ubirataonline.com.br\/mppr-participa-de-mobilizacao-nacional-pelo-enfrentamento-da-violencia-contra-as-mulheres\/#breadcrumb","itemListElement":[{"@type":"ListItem","position":1,"name":"In\u00edcio","item":"https:\/\/ubirataonline.com.br\/"},{"@type":"ListItem","position":2,"name":"MPPR participa de mobiliza\u00e7\u00e3o nacional pelo enfrentamento da viol\u00eancia contra as mulheres"}]},{"@type":"WebSite","@id":"https:\/\/ubirataonline.com.br\/#website","url":"https:\/\/ubirataonline.com.br\/","name":"Ubirat\u00e3 Online Not\u00edcias","description":"Not\u00edcias de Ubirat\u00e3, regi\u00e3o, Brasil e mundo, com informa\u00e7\u00e3o atualizada e compromisso com o leitor.","publisher":{"@id":"https:\/\/ubirataonline.com.br\/#organization"},"alternateName":"Ubirat\u00e3 Online","potentialAction":[{"@type":"SearchAction","target":{"@type":"EntryPoint","urlTemplate":"https:\/\/ubirataonline.com.br\/?s={search_term_string}"},"query-input":{"@type":"PropertyValueSpecification","valueRequired":true,"valueName":"search_term_string"}}],"inLanguage":"en-US"},{"@type":["Organization","Place"],"@id":"https:\/\/ubirataonline.com.br\/#organization","name":"Ubirat\u00e3 Online Not\u00edcias","alternateName":"Ubirat\u00e3 Online","url":"https:\/\/ubirataonline.com.br\/","logo":{"@id":"https:\/\/ubirataonline.com.br\/mppr-participa-de-mobilizacao-nacional-pelo-enfrentamento-da-violencia-contra-as-mulheres\/#local-main-organization-logo"},"image":{"@id":"https:\/\/ubirataonline.com.br\/mppr-participa-de-mobilizacao-nacional-pelo-enfrentamento-da-violencia-contra-as-mulheres\/#local-main-organization-logo"},"sameAs":["https:\/\/www.facebook.com\/portalubirataonline","https:\/\/x.com\/ubirataonline","https:\/\/mastodon.social\/@ubirataonline","https:\/\/www.facebook.com\/groups\/311144672285604","https:\/\/www.facebook.com\/UBTAOnline","https:\/\/www.instagram.com\/portalubirataonline\/","https:\/\/twitter.com\/ubirataonline"],"description":"Somos um portal de not\u00edcias independente, criado em 5 de janeiro de 2009, com o objetivo de informar, conectar e valorizar a nossa comunidade de Ubirat\u00e3 e toda aregi\u00e3o. Com conte\u00fado atualizado, confi\u00e1vel e relevante, o Ubirat\u00e3 Online \u00e9 o seu espa\u00e7o para ficar por dentro dos principais acontecimentos locais, regionais, Brasil, Mundo e de interesse geral. Nosso compromisso \u00e9 com a verdade, a transpar\u00eancia e o respeito ao leitor.","legalName":"UBIRATA ONLINE NOT\u00cdCIAS","foundingDate":"2009-01-05","numberOfEmployees":{"@type":"QuantitativeValue","minValue":"1","maxValue":"10"},"publishingPrinciples":"https:\/\/ubirataonline.com.br\/faq\/","address":{"@id":"https:\/\/ubirataonline.com.br\/mppr-participa-de-mobilizacao-nacional-pelo-enfrentamento-da-violencia-contra-as-mulheres\/#local-main-place-address"},"geo":{"@type":"GeoCoordinates","latitude":"-24.5361401","longitude":"-52.9921776"},"telephone":["+5544998308235"],"contactPoint":{"@type":"ContactPoint","email":"contato@ubirataonline.com.br"},"openingHoursSpecification":{"@type":"OpeningHoursSpecification","dayOfWeek":["Monday","Tuesday","Wednesday","Thursday","Friday","Saturday","Sunday"],"opens":"00:00","closes":"23:59"},"email":"contato@ubirataonline.com.br","vatID":"47.621.418\/0001-80"},{"@type":"Person","@id":"https:\/\/ubirataonline.com.br\/#\/schema\/person\/372f87bbd3fdd79b8556b84c98d0bc1c","name":"REDA\u00c7\u00c3O: UBIRAT\u00c3 ONLINE - F\u00c1BIO AUGUSTO CELESTINO","pronouns":"Ele","description":"Desde 2003 trabalhando com not\u00edcias.","sameAs":["http:\/\/ubirataoline.com.br","https:\/\/www.facebook.com\/portalubirataonline","https:\/\/www.instagram.com\/ubirataonline_oficial","https:\/\/x.com\/x.com\/ubirataonline"],"honorificPrefix":"Mr.","honorificSuffix":"MD","birthDate":"1980-06-16","gender":"masculino","award":["V\u00e1rios pr\u00eamios de melhor portal da cidade"],"jobTitle":"Diretor","url":"https:\/\/ubirataonline.com.br\/en\/author\/ubirataonline\/"},{"@type":"PostalAddress","@id":"https:\/\/ubirataonline.com.br\/mppr-participa-de-mobilizacao-nacional-pelo-enfrentamento-da-violencia-contra-as-mulheres\/#local-main-place-address","streetAddress":"Rua dos Coqueiros, 104 - Bairro Boa Vista, Rua dos Coqueiros, 104 Bairro Boa Vista","addressLocality":"UBIRATA","postalCode":"85440-000","addressRegion":"PR","addressCountry":"BR"},{"@type":"ImageObject","inLanguage":"en-US","@id":"https:\/\/ubirataonline.com.br\/mppr-participa-de-mobilizacao-nacional-pelo-enfrentamento-da-violencia-contra-as-mulheres\/#local-main-organization-logo","url":"https:\/\/ubirataonline.com.br\/wp-content\/uploads\/2026\/06\/logoubirataonline-1.webp","contentUrl":"https:\/\/ubirataonline.com.br\/wp-content\/uploads\/2026\/06\/logoubirataonline-1.webp","width":500,"height":500,"caption":"Ubirat\u00e3 Online Not\u00edcias"}]},"geo.placename":"UBIRATA","geo.position":{"lat":"-24.5361401","long":"-52.9921776"},"geo.region":"Brazil"},"_links":{"self":[{"href":"https:\/\/ubirataonline.com.br\/en\/wp-json\/wp\/v2\/posts\/170323","targetHints":{"allow":["GET"]}}],"collection":[{"href":"https:\/\/ubirataonline.com.br\/en\/wp-json\/wp\/v2\/posts"}],"about":[{"href":"https:\/\/ubirataonline.com.br\/en\/wp-json\/wp\/v2\/types\/post"}],"author":[{"embeddable":true,"href":"https:\/\/ubirataonline.com.br\/en\/wp-json\/wp\/v2\/users\/1"}],"replies":[{"embeddable":true,"href":"https:\/\/ubirataonline.com.br\/en\/wp-json\/wp\/v2\/comments?post=170323"}],"version-history":[{"count":1,"href":"https:\/\/ubirataonline.com.br\/en\/wp-json\/wp\/v2\/posts\/170323\/revisions"}],"predecessor-version":[{"id":170325,"href":"https:\/\/ubirataonline.com.br\/en\/wp-json\/wp\/v2\/posts\/170323\/revisions\/170325"}],"wp:featuredmedia":[{"embeddable":true,"href":"https:\/\/ubirataonline.com.br\/en\/wp-json\/wp\/v2\/media\/170324"}],"wp:attachment":[{"href":"https:\/\/ubirataonline.com.br\/en\/wp-json\/wp\/v2\/media?parent=170323"}],"wp:term":[{"taxonomy":"category","embeddable":true,"href":"https:\/\/ubirataonline.com.br\/en\/wp-json\/wp\/v2\/categories?post=170323"},{"taxonomy":"post_tag","embeddable":true,"href":"https:\/\/ubirataonline.com.br\/en\/wp-json\/wp\/v2\/tags?post=170323"}],"curies":[{"name":"wp","href":"https:\/\/api.w.org\/{rel}","templated":true}]}}