{"id":170327,"date":"2026-09-03T12:12:20","date_gmt":"2026-09-03T15:12:20","guid":{"rendered":"https:\/\/ubirataonline.com.br\/motociclista-fica-gravemente-ferida-apos-colisao-com-carro-na-avenida-rocha-pombo\/"},"modified":"2026-09-03T12:12:20","modified_gmt":"2026-09-03T15:12:20","slug":"motociclista-fica-gravemente-ferida-apos-colisao-com-carro-na-avenida-rocha-pombo","status":"publish","type":"post","link":"https:\/\/ubirataonline.com.br\/en\/motociclista-fica-gravemente-ferida-apos-colisao-com-carro-na-avenida-rocha-pombo\/","title":{"rendered":"Motociclista fica gravemente ferida ap\u00f3s colis\u00e3o com carro na Avenida Rocha Pombo"},"content":{"rendered":"<h2>C\u00e2mera registrou o acidente em Cascavel; v\u00edtima de 30 anos teve les\u00e3o na cabe\u00e7a e foi encaminhada \u00e0 Casa Hospitalar, diz CGN<\/h2>\n<p>Uma c\u00e2mera de monitoramento registrou o momento em que uma motociclista ficou gravemente ferida ap\u00f3s uma colis\u00e3o com um carro no cruzamento da Avenida Rocha Pombo com a Rua Ponta Grossa, no Bairro S\u00e3o Crist\u00f3v\u00e3o, em Cascavel, no final da manh\u00e3 de 3 de setembro de 2026, segundo o CGN.<\/p>\n<p>segundo CGN, imagens mostram um <strong>Corsa vermelho<\/strong> atravessando a via e atingindo a motociclista. Testemunhas relataram que o motorista deixou o local sem prestar socorro pouco depois do acidente.<\/p>\n<h3>O v\u00eddeo<\/h3>\n<p>As imagens registradas pela c\u00e2mera mostram o instante da batida e a queda da motociclista na pista. O material, diz o CGN, pode auxiliar na investiga\u00e7\u00e3o do caso.<\/p>\n<h3>Atendimento \u00e0 v\u00edtima<\/h3>\n<p>Populares acionaram o Corpo de Bombeiros, que encontrou a motociclista com les\u00e3o na cabe\u00e7a, suspeita de fratura, e diversas escoria\u00e7\u00f5es. A equipe prestou atendimento no local e encaminhou a mulher, de 30 anos, \u00e0 Casa Hospitalar para avalia\u00e7\u00e3o m\u00e9dica, conforme o CGN.<\/p>\n<h3>Pol\u00edcia, tr\u00e2nsito e condutor<\/h3>\n<p>A Pol\u00edcia Militar esteve no local para registrar a ocorr\u00eancia e controlar o tr\u00e2nsito, que ficou lento devido \u00e0 interdi\u00e7\u00e3o de uma faixa durante o atendimento. Pouco depois da chegada das equipes, o condutor do Corsa retornou ao local sem o ve\u00edculo e relatou mal-estar; ele foi atendido pelo Siate, segundo CGN.<\/p>","protected":false},"excerpt":{"rendered":"<p>C\u00e2mera registrou o acidente em Cascavel; v\u00edtima de 30 anos teve les\u00e3o na cabe\u00e7a e foi encaminhada \u00e0 Casa Hospitalar, diz CGN Uma c\u00e2mera de monitoramento registrou o momento em que uma motociclista ficou gravemente ferida ap\u00f3s uma colis\u00e3o com um carro no cruzamento da Avenida Rocha Pombo com a Rua Ponta Grossa, no Bairro [&hellip;]<\/p>\n","protected":false},"author":1,"featured_media":170328,"comment_status":"","ping_status":"","sticky":false,"template":"","format":"standard","meta":{"googlesitekit_rrm_CAow2JLhCw:productID":"","_gspb_post_css":"","maa_idioma":"","maa_pais":"","footnotes":""},"categories":[43088],"tags":[],"class_list":["post-170327","post","type-post","status-publish","format-standard","has-post-thumbnail","hentry","category-parana"],"blocksy_meta":[],"yoast_head":"<!-- This site is optimized with the Yoast SEO Premium plugin v27.6 (Yoast SEO v27.6) - https:\/\/yoast.com\/product\/yoast-seo-premium-wordpress\/ -->\n<title>Motociclista fica gravemente ferida ap\u00f3s colis\u00e3o com carro na Avenida Rocha Pombo - Ubirat\u00e3 Online Not\u00edcias - A realidade ao seu alcance!<\/title>\n<meta name=\"description\" content=\"C\u00e2mera registrou o acidente em Cascavel; v\u00edtima de 30 anos teve les\u00e3o na cabe\u00e7a e foi encaminhada \u00e0 Casa Hospitalar, diz CGNUma c\u00e2mera de monitoramento\" \/>\n<meta name=\"robots\" content=\"index, follow, max-snippet:-1, max-image-preview:large, max-video-preview:-1\" \/>\n<link rel=\"canonical\" href=\"https:\/\/ubirataonline.com.br\/en\/motociclista-fica-gravemente-ferida-apos-colisao-com-carro-na-avenida-rocha-pombo\/\" \/>\n<meta property=\"og:locale\" content=\"en_US\" \/>\n<meta property=\"og:type\" content=\"article\" \/>\n<meta property=\"og:title\" content=\"Motociclista fica gravemente ferida ap\u00f3s colis\u00e3o com carro na Avenida Rocha Pombo\" \/>\n<meta property=\"og:description\" content=\"C\u00e2mera registrou o acidente em Cascavel; v\u00edtima de 30 anos teve les\u00e3o na cabe\u00e7a e foi encaminhada \u00e0 Casa Hospitalar, diz CGNUma c\u00e2mera de monitoramento\" \/>\n<meta property=\"og:url\" content=\"https:\/\/ubirataonline.com.br\/en\/motociclista-fica-gravemente-ferida-apos-colisao-com-carro-na-avenida-rocha-pombo\/\" \/>\n<meta property=\"og:site_name\" content=\"Ubirat\u00e3 Online Not\u00edcias - A realidade ao seu alcance!\" \/>\n<meta property=\"article:publisher\" content=\"https:\/\/www.facebook.com\/portalubirataonline\" \/>\n<meta property=\"article:author\" content=\"https:\/\/www.facebook.com\/portalubirataonline\" \/>\n<meta property=\"article:published_time\" content=\"2026-09-03T15:12:20+00:00\" \/>\n<meta property=\"og:image\" content=\"https:\/\/ubirataonline.com.br\/wp-content\/uploads\/2026\/05\/logo2026.webp\" \/>\n\t<meta property=\"og:image:width\" content=\"1531\" \/>\n\t<meta property=\"og:image:height\" content=\"418\" \/>\n\t<meta property=\"og:image:type\" content=\"image\/webp\" \/>\n<meta name=\"author\" content=\"REDA\u00c7\u00c3O: UBIRAT\u00c3 ONLINE - F\u00c1BIO AUGUSTO CELESTINO\" \/>\n<meta name=\"twitter:card\" content=\"summary_large_image\" \/>\n<meta name=\"twitter:creator\" content=\"@x.com\/ubirataonline\" \/>\n<meta name=\"twitter:site\" content=\"@ubirataonline\" \/>\n<meta name=\"twitter:label1\" content=\"Written by\" \/>\n\t<meta name=\"twitter:data1\" content=\"REDA\u00c7\u00c3O: UBIRAT\u00c3 ONLINE - F\u00c1BIO AUGUSTO CELESTINO\" \/>\n\t<meta name=\"twitter:label2\" content=\"Est. reading time\" \/>\n\t<meta name=\"twitter:data2\" content=\"1 minute\" \/>\n<script type=\"application\/ld+json\" class=\"yoast-schema-graph\">{\"@context\":\"https:\\\/\\\/schema.org\",\"@graph\":[{\"@type\":\"NewsArticle\",\"@id\":\"https:\\\/\\\/ubirataonline.com.br\\\/motociclista-fica-gravemente-ferida-apos-colisao-com-carro-na-avenida-rocha-pombo\\\/#article\",\"isPartOf\":{\"@id\":\"https:\\\/\\\/ubirataonline.com.br\\\/motociclista-fica-gravemente-ferida-apos-colisao-com-carro-na-avenida-rocha-pombo\\\/\"},\"author\":{\"name\":\"REDA\u00c7\u00c3O: UBIRAT\u00c3 ONLINE - F\u00c1BIO AUGUSTO CELESTINO\",\"@id\":\"https:\\\/\\\/ubirataonline.com.br\\\/#\\\/schema\\\/person\\\/372f87bbd3fdd79b8556b84c98d0bc1c\"},\"headline\":\"Motociclista fica gravemente ferida ap\u00f3s colis\u00e3o com carro na Avenida Rocha Pombo\",\"datePublished\":\"2026-09-03T15:12:20+00:00\",\"mainEntityOfPage\":{\"@id\":\"https:\\\/\\\/ubirataonline.com.br\\\/motociclista-fica-gravemente-ferida-apos-colisao-com-carro-na-avenida-rocha-pombo\\\/\"},\"wordCount\":264,\"publisher\":{\"@id\":\"https:\\\/\\\/ubirataonline.com.br\\\/#organization\"},\"image\":{\"@id\":\"https:\\\/\\\/ubirataonline.com.br\\\/motociclista-fica-gravemente-ferida-apos-colisao-com-carro-na-avenida-rocha-pombo\\\/#primaryimage\"},\"thumbnailUrl\":\"https:\\\/\\\/ubirataonline.com.br\\\/wp-content\\\/uploads\\\/2026\\\/09\\\/maaimg-post-170327-20260903-151244.webp\",\"articleSection\":[\"Paran\u00e1\"],\"inLanguage\":\"en-US\",\"copyrightYear\":\"2026\",\"copyrightHolder\":{\"@id\":\"https:\\\/\\\/ubirataonline.com.br\\\/en\\\/#organization\"}},{\"@type\":\"WebPage\",\"@id\":\"https:\\\/\\\/ubirataonline.com.br\\\/motociclista-fica-gravemente-ferida-apos-colisao-com-carro-na-avenida-rocha-pombo\\\/\",\"url\":\"https:\\\/\\\/ubirataonline.com.br\\\/motociclista-fica-gravemente-ferida-apos-colisao-com-carro-na-avenida-rocha-pombo\\\/\",\"name\":\"Motociclista fica gravemente ferida ap\u00f3s colis\u00e3o com carro na Avenida Rocha Pombo - Ubirat\u00e3 Online Not\u00edcias - A realidade ao seu alcance!\",\"isPartOf\":{\"@id\":\"https:\\\/\\\/ubirataonline.com.br\\\/#website\"},\"primaryImageOfPage\":{\"@id\":\"https:\\\/\\\/ubirataonline.com.br\\\/motociclista-fica-gravemente-ferida-apos-colisao-com-carro-na-avenida-rocha-pombo\\\/#primaryimage\"},\"image\":{\"@id\":\"https:\\\/\\\/ubirataonline.com.br\\\/motociclista-fica-gravemente-ferida-apos-colisao-com-carro-na-avenida-rocha-pombo\\\/#primaryimage\"},\"thumbnailUrl\":\"https:\\\/\\\/ubirataonline.com.br\\\/wp-content\\\/uploads\\\/2026\\\/09\\\/maaimg-post-170327-20260903-151244.webp\",\"datePublished\":\"2026-09-03T15:12:20+00:00\",\"description\":\"C\u00e2mera registrou o acidente em Cascavel; v\u00edtima de 30 anos teve les\u00e3o na cabe\u00e7a e foi encaminhada \u00e0 Casa Hospitalar, diz CGNUma c\u00e2mera de monitoramento\",\"breadcrumb\":{\"@id\":\"https:\\\/\\\/ubirataonline.com.br\\\/motociclista-fica-gravemente-ferida-apos-colisao-com-carro-na-avenida-rocha-pombo\\\/#breadcrumb\"},\"inLanguage\":\"en-US\",\"potentialAction\":[{\"@type\":\"ReadAction\",\"target\":[\"https:\\\/\\\/ubirataonline.com.br\\\/motociclista-fica-gravemente-ferida-apos-colisao-com-carro-na-avenida-rocha-pombo\\\/\"]}]},{\"@type\":\"ImageObject\",\"inLanguage\":\"en-US\",\"@id\":\"https:\\\/\\\/ubirataonline.com.br\\\/motociclista-fica-gravemente-ferida-apos-colisao-com-carro-na-avenida-rocha-pombo\\\/#primaryimage\",\"url\":\"https:\\\/\\\/ubirataonline.com.br\\\/wp-content\\\/uploads\\\/2026\\\/09\\\/maaimg-post-170327-20260903-151244.webp\",\"contentUrl\":\"https:\\\/\\\/ubirataonline.com.br\\\/wp-content\\\/uploads\\\/2026\\\/09\\\/maaimg-post-170327-20260903-151244.webp\",\"width\":1536,\"height\":1024,\"caption\":\"Imagem ilustrativa Gerada por IA\"},{\"@type\":\"BreadcrumbList\",\"@id\":\"https:\\\/\\\/ubirataonline.com.br\\\/motociclista-fica-gravemente-ferida-apos-colisao-com-carro-na-avenida-rocha-pombo\\\/#breadcrumb\",\"itemListElement\":[{\"@type\":\"ListItem\",\"position\":1,\"name\":\"In\u00edcio\",\"item\":\"https:\\\/\\\/ubirataonline.com.br\\\/\"},{\"@type\":\"ListItem\",\"position\":2,\"name\":\"Motociclista fica gravemente ferida ap\u00f3s colis\u00e3o com carro na Avenida Rocha Pombo\"}]},{\"@type\":\"WebSite\",\"@id\":\"https:\\\/\\\/ubirataonline.com.br\\\/#website\",\"url\":\"https:\\\/\\\/ubirataonline.com.br\\\/\",\"name\":\"Ubirat\u00e3 Online Not\u00edcias\",\"description\":\"Not\u00edcias de Ubirat\u00e3, regi\u00e3o, Brasil e mundo, com informa\u00e7\u00e3o atualizada e compromisso com o leitor.\",\"publisher\":{\"@id\":\"https:\\\/\\\/ubirataonline.com.br\\\/#organization\"},\"alternateName\":\"Ubirat\u00e3 Online\",\"potentialAction\":[{\"@type\":\"SearchAction\",\"target\":{\"@type\":\"EntryPoint\",\"urlTemplate\":\"https:\\\/\\\/ubirataonline.com.br\\\/?s={search_term_string}\"},\"query-input\":{\"@type\":\"PropertyValueSpecification\",\"valueRequired\":true,\"valueName\":\"search_term_string\"}}],\"inLanguage\":\"en-US\"},{\"@type\":[\"Organization\",\"Place\"],\"@id\":\"https:\\\/\\\/ubirataonline.com.br\\\/#organization\",\"name\":\"Ubirat\u00e3 Online Not\u00edcias\",\"alternateName\":\"Ubirat\u00e3 Online\",\"url\":\"https:\\\/\\\/ubirataonline.com.br\\\/\",\"logo\":{\"@id\":\"https:\\\/\\\/ubirataonline.com.br\\\/motociclista-fica-gravemente-ferida-apos-colisao-com-carro-na-avenida-rocha-pombo\\\/#local-main-organization-logo\"},\"image\":{\"@id\":\"https:\\\/\\\/ubirataonline.com.br\\\/motociclista-fica-gravemente-ferida-apos-colisao-com-carro-na-avenida-rocha-pombo\\\/#local-main-organization-logo\"},\"sameAs\":[\"https:\\\/\\\/www.facebook.com\\\/portalubirataonline\",\"https:\\\/\\\/x.com\\\/ubirataonline\",\"https:\\\/\\\/mastodon.social\\\/@ubirataonline\",\"https:\\\/\\\/www.facebook.com\\\/groups\\\/311144672285604\",\"https:\\\/\\\/www.facebook.com\\\/UBTAOnline\",\"https:\\\/\\\/www.instagram.com\\\/portalubirataonline\\\/\",\"https:\\\/\\\/twitter.com\\\/ubirataonline\"],\"description\":\"Somos um portal de not\u00edcias independente, criado em 5 de janeiro de 2009, com o objetivo de informar, conectar e valorizar a nossa comunidade de Ubirat\u00e3 e toda aregi\u00e3o. Com conte\u00fado atualizado, confi\u00e1vel e relevante, o Ubirat\u00e3 Online \u00e9 o seu espa\u00e7o para ficar por dentro dos principais acontecimentos locais, regionais, Brasil, Mundo e de interesse geral. Nosso compromisso \u00e9 com a verdade, a transpar\u00eancia e o respeito ao leitor.\",\"legalName\":\"UBIRATA ONLINE NOT\u00cdCIAS\",\"foundingDate\":\"2009-01-05\",\"numberOfEmployees\":{\"@type\":\"QuantitativeValue\",\"minValue\":\"1\",\"maxValue\":\"10\"},\"publishingPrinciples\":\"https:\\\/\\\/ubirataonline.com.br\\\/faq\\\/\",\"address\":{\"@id\":\"https:\\\/\\\/ubirataonline.com.br\\\/motociclista-fica-gravemente-ferida-apos-colisao-com-carro-na-avenida-rocha-pombo\\\/#local-main-place-address\"},\"geo\":{\"@type\":\"GeoCoordinates\",\"latitude\":\"-24.5361401\",\"longitude\":\"-52.9921776\"},\"telephone\":[\"+5544998308235\"],\"contactPoint\":{\"@type\":\"ContactPoint\",\"email\":\"contato@ubirataonline.com.br\"},\"openingHoursSpecification\":{\"@type\":\"OpeningHoursSpecification\",\"dayOfWeek\":[\"Monday\",\"Tuesday\",\"Wednesday\",\"Thursday\",\"Friday\",\"Saturday\",\"Sunday\"],\"opens\":\"00:00\",\"closes\":\"23:59\"},\"email\":\"contato@ubirataonline.com.br\",\"vatID\":\"47.621.418\\\/0001-80\"},{\"@type\":\"Person\",\"@id\":\"https:\\\/\\\/ubirataonline.com.br\\\/#\\\/schema\\\/person\\\/372f87bbd3fdd79b8556b84c98d0bc1c\",\"name\":\"REDA\u00c7\u00c3O: UBIRAT\u00c3 ONLINE - F\u00c1BIO AUGUSTO CELESTINO\",\"pronouns\":\"Ele\",\"description\":\"Desde 2003 trabalhando com not\u00edcias.\",\"sameAs\":[\"http:\\\/\\\/ubirataoline.com.br\",\"https:\\\/\\\/www.facebook.com\\\/portalubirataonline\",\"https:\\\/\\\/www.instagram.com\\\/ubirataonline_oficial\",\"https:\\\/\\\/x.com\\\/x.com\\\/ubirataonline\"],\"honorificPrefix\":\"Mr.\",\"honorificSuffix\":\"MD\",\"birthDate\":\"1980-06-16\",\"gender\":\"masculino\",\"award\":[\"V\u00e1rios pr\u00eamios de melhor portal da cidade\"],\"jobTitle\":\"Diretor\",\"url\":\"https:\\\/\\\/ubirataonline.com.br\\\/en\\\/author\\\/ubirataonline\\\/\"},{\"@type\":\"PostalAddress\",\"@id\":\"https:\\\/\\\/ubirataonline.com.br\\\/motociclista-fica-gravemente-ferida-apos-colisao-com-carro-na-avenida-rocha-pombo\\\/#local-main-place-address\",\"streetAddress\":\"Rua dos Coqueiros, 104 - Bairro Boa Vista, Rua dos Coqueiros, 104 Bairro Boa Vista\",\"addressLocality\":\"UBIRATA\",\"postalCode\":\"85440-000\",\"addressRegion\":\"PR\",\"addressCountry\":\"BR\"},{\"@type\":\"ImageObject\",\"inLanguage\":\"en-US\",\"@id\":\"https:\\\/\\\/ubirataonline.com.br\\\/motociclista-fica-gravemente-ferida-apos-colisao-com-carro-na-avenida-rocha-pombo\\\/#local-main-organization-logo\",\"url\":\"https:\\\/\\\/ubirataonline.com.br\\\/wp-content\\\/uploads\\\/2026\\\/06\\\/logoubirataonline-1.webp\",\"contentUrl\":\"https:\\\/\\\/ubirataonline.com.br\\\/wp-content\\\/uploads\\\/2026\\\/06\\\/logoubirataonline-1.webp\",\"width\":500,\"height\":500,\"caption\":\"Ubirat\u00e3 Online Not\u00edcias\"}]}<\/script>\n<meta name=\"geo.placename\" content=\"UBIRATA\" \/>\n<meta name=\"geo.position\" content=\"-24.5361401;-52.9921776\" \/>\n<meta name=\"geo.region\" content=\"Brazil\" \/>\n<!-- \/ Yoast SEO Premium plugin. -->","yoast_head_json":{"title":"Motociclista fica gravemente ferida ap\u00f3s colis\u00e3o com carro na Avenida Rocha Pombo - Ubirat\u00e3 Online Not\u00edcias - A realidade ao seu alcance!","description":"C\u00e2mera registrou o acidente em Cascavel; v\u00edtima de 30 anos teve les\u00e3o na cabe\u00e7a e foi encaminhada \u00e0 Casa Hospitalar, diz CGNUma c\u00e2mera de monitoramento","robots":{"index":"index","follow":"follow","max-snippet":"max-snippet:-1","max-image-preview":"max-image-preview:large","max-video-preview":"max-video-preview:-1"},"canonical":"https:\/\/ubirataonline.com.br\/en\/motociclista-fica-gravemente-ferida-apos-colisao-com-carro-na-avenida-rocha-pombo\/","og_locale":"en_US","og_type":"article","og_title":"Motociclista fica gravemente ferida ap\u00f3s colis\u00e3o com carro na Avenida Rocha Pombo","og_description":"C\u00e2mera registrou o acidente em Cascavel; v\u00edtima de 30 anos teve les\u00e3o na cabe\u00e7a e foi encaminhada \u00e0 Casa Hospitalar, diz CGNUma c\u00e2mera de monitoramento","og_url":"https:\/\/ubirataonline.com.br\/en\/motociclista-fica-gravemente-ferida-apos-colisao-com-carro-na-avenida-rocha-pombo\/","og_site_name":"Ubirat\u00e3 Online Not\u00edcias - A realidade ao seu alcance!","article_publisher":"https:\/\/www.facebook.com\/portalubirataonline","article_author":"https:\/\/www.facebook.com\/portalubirataonline","article_published_time":"2026-09-03T15:12:20+00:00","og_image":[{"width":1531,"height":418,"url":"https:\/\/ubirataonline.com.br\/wp-content\/uploads\/2026\/05\/logo2026.webp","type":"image\/webp"}],"author":"REDA\u00c7\u00c3O: UBIRAT\u00c3 ONLINE - F\u00c1BIO AUGUSTO CELESTINO","twitter_card":"summary_large_image","twitter_creator":"@x.com\/ubirataonline","twitter_site":"@ubirataonline","twitter_misc":{"Written by":"REDA\u00c7\u00c3O: UBIRAT\u00c3 ONLINE - F\u00c1BIO AUGUSTO CELESTINO","Est. reading time":"1 minute"},"schema":{"@context":"https:\/\/schema.org","@graph":[{"@type":"NewsArticle","@id":"https:\/\/ubirataonline.com.br\/motociclista-fica-gravemente-ferida-apos-colisao-com-carro-na-avenida-rocha-pombo\/#article","isPartOf":{"@id":"https:\/\/ubirataonline.com.br\/motociclista-fica-gravemente-ferida-apos-colisao-com-carro-na-avenida-rocha-pombo\/"},"author":{"name":"REDA\u00c7\u00c3O: UBIRAT\u00c3 ONLINE - F\u00c1BIO AUGUSTO CELESTINO","@id":"https:\/\/ubirataonline.com.br\/#\/schema\/person\/372f87bbd3fdd79b8556b84c98d0bc1c"},"headline":"Motociclista fica gravemente ferida ap\u00f3s colis\u00e3o com carro na Avenida Rocha Pombo","datePublished":"2026-09-03T15:12:20+00:00","mainEntityOfPage":{"@id":"https:\/\/ubirataonline.com.br\/motociclista-fica-gravemente-ferida-apos-colisao-com-carro-na-avenida-rocha-pombo\/"},"wordCount":264,"publisher":{"@id":"https:\/\/ubirataonline.com.br\/#organization"},"image":{"@id":"https:\/\/ubirataonline.com.br\/motociclista-fica-gravemente-ferida-apos-colisao-com-carro-na-avenida-rocha-pombo\/#primaryimage"},"thumbnailUrl":"https:\/\/ubirataonline.com.br\/wp-content\/uploads\/2026\/09\/maaimg-post-170327-20260903-151244.webp","articleSection":["Paran\u00e1"],"inLanguage":"en-US","copyrightYear":"2026","copyrightHolder":{"@id":"https:\/\/ubirataonline.com.br\/en\/#organization"}},{"@type":"WebPage","@id":"https:\/\/ubirataonline.com.br\/motociclista-fica-gravemente-ferida-apos-colisao-com-carro-na-avenida-rocha-pombo\/","url":"https:\/\/ubirataonline.com.br\/motociclista-fica-gravemente-ferida-apos-colisao-com-carro-na-avenida-rocha-pombo\/","name":"Motociclista fica gravemente ferida ap\u00f3s colis\u00e3o com carro na Avenida Rocha Pombo - Ubirat\u00e3 Online Not\u00edcias - A realidade ao seu alcance!","isPartOf":{"@id":"https:\/\/ubirataonline.com.br\/#website"},"primaryImageOfPage":{"@id":"https:\/\/ubirataonline.com.br\/motociclista-fica-gravemente-ferida-apos-colisao-com-carro-na-avenida-rocha-pombo\/#primaryimage"},"image":{"@id":"https:\/\/ubirataonline.com.br\/motociclista-fica-gravemente-ferida-apos-colisao-com-carro-na-avenida-rocha-pombo\/#primaryimage"},"thumbnailUrl":"https:\/\/ubirataonline.com.br\/wp-content\/uploads\/2026\/09\/maaimg-post-170327-20260903-151244.webp","datePublished":"2026-09-03T15:12:20+00:00","description":"C\u00e2mera registrou o acidente em Cascavel; v\u00edtima de 30 anos teve les\u00e3o na cabe\u00e7a e foi encaminhada \u00e0 Casa Hospitalar, diz CGNUma c\u00e2mera de monitoramento","breadcrumb":{"@id":"https:\/\/ubirataonline.com.br\/motociclista-fica-gravemente-ferida-apos-colisao-com-carro-na-avenida-rocha-pombo\/#breadcrumb"},"inLanguage":"en-US","potentialAction":[{"@type":"ReadAction","target":["https:\/\/ubirataonline.com.br\/motociclista-fica-gravemente-ferida-apos-colisao-com-carro-na-avenida-rocha-pombo\/"]}]},{"@type":"ImageObject","inLanguage":"en-US","@id":"https:\/\/ubirataonline.com.br\/motociclista-fica-gravemente-ferida-apos-colisao-com-carro-na-avenida-rocha-pombo\/#primaryimage","url":"https:\/\/ubirataonline.com.br\/wp-content\/uploads\/2026\/09\/maaimg-post-170327-20260903-151244.webp","contentUrl":"https:\/\/ubirataonline.com.br\/wp-content\/uploads\/2026\/09\/maaimg-post-170327-20260903-151244.webp","width":1536,"height":1024,"caption":"Imagem ilustrativa Gerada por IA"},{"@type":"BreadcrumbList","@id":"https:\/\/ubirataonline.com.br\/motociclista-fica-gravemente-ferida-apos-colisao-com-carro-na-avenida-rocha-pombo\/#breadcrumb","itemListElement":[{"@type":"ListItem","position":1,"name":"In\u00edcio","item":"https:\/\/ubirataonline.com.br\/"},{"@type":"ListItem","position":2,"name":"Motociclista fica gravemente ferida ap\u00f3s colis\u00e3o com carro na Avenida Rocha Pombo"}]},{"@type":"WebSite","@id":"https:\/\/ubirataonline.com.br\/#website","url":"https:\/\/ubirataonline.com.br\/","name":"Ubirat\u00e3 Online Not\u00edcias","description":"Not\u00edcias de Ubirat\u00e3, regi\u00e3o, Brasil e mundo, com informa\u00e7\u00e3o atualizada e compromisso com o leitor.","publisher":{"@id":"https:\/\/ubirataonline.com.br\/#organization"},"alternateName":"Ubirat\u00e3 Online","potentialAction":[{"@type":"SearchAction","target":{"@type":"EntryPoint","urlTemplate":"https:\/\/ubirataonline.com.br\/?s={search_term_string}"},"query-input":{"@type":"PropertyValueSpecification","valueRequired":true,"valueName":"search_term_string"}}],"inLanguage":"en-US"},{"@type":["Organization","Place"],"@id":"https:\/\/ubirataonline.com.br\/#organization","name":"Ubirat\u00e3 Online Not\u00edcias","alternateName":"Ubirat\u00e3 Online","url":"https:\/\/ubirataonline.com.br\/","logo":{"@id":"https:\/\/ubirataonline.com.br\/motociclista-fica-gravemente-ferida-apos-colisao-com-carro-na-avenida-rocha-pombo\/#local-main-organization-logo"},"image":{"@id":"https:\/\/ubirataonline.com.br\/motociclista-fica-gravemente-ferida-apos-colisao-com-carro-na-avenida-rocha-pombo\/#local-main-organization-logo"},"sameAs":["https:\/\/www.facebook.com\/portalubirataonline","https:\/\/x.com\/ubirataonline","https:\/\/mastodon.social\/@ubirataonline","https:\/\/www.facebook.com\/groups\/311144672285604","https:\/\/www.facebook.com\/UBTAOnline","https:\/\/www.instagram.com\/portalubirataonline\/","https:\/\/twitter.com\/ubirataonline"],"description":"Somos um portal de not\u00edcias independente, criado em 5 de janeiro de 2009, com o objetivo de informar, conectar e valorizar a nossa comunidade de Ubirat\u00e3 e toda aregi\u00e3o. Com conte\u00fado atualizado, confi\u00e1vel e relevante, o Ubirat\u00e3 Online \u00e9 o seu espa\u00e7o para ficar por dentro dos principais acontecimentos locais, regionais, Brasil, Mundo e de interesse geral. Nosso compromisso \u00e9 com a verdade, a transpar\u00eancia e o respeito ao leitor.","legalName":"UBIRATA ONLINE NOT\u00cdCIAS","foundingDate":"2009-01-05","numberOfEmployees":{"@type":"QuantitativeValue","minValue":"1","maxValue":"10"},"publishingPrinciples":"https:\/\/ubirataonline.com.br\/faq\/","address":{"@id":"https:\/\/ubirataonline.com.br\/motociclista-fica-gravemente-ferida-apos-colisao-com-carro-na-avenida-rocha-pombo\/#local-main-place-address"},"geo":{"@type":"GeoCoordinates","latitude":"-24.5361401","longitude":"-52.9921776"},"telephone":["+5544998308235"],"contactPoint":{"@type":"ContactPoint","email":"contato@ubirataonline.com.br"},"openingHoursSpecification":{"@type":"OpeningHoursSpecification","dayOfWeek":["Monday","Tuesday","Wednesday","Thursday","Friday","Saturday","Sunday"],"opens":"00:00","closes":"23:59"},"email":"contato@ubirataonline.com.br","vatID":"47.621.418\/0001-80"},{"@type":"Person","@id":"https:\/\/ubirataonline.com.br\/#\/schema\/person\/372f87bbd3fdd79b8556b84c98d0bc1c","name":"REDA\u00c7\u00c3O: UBIRAT\u00c3 ONLINE - F\u00c1BIO AUGUSTO CELESTINO","pronouns":"Ele","description":"Desde 2003 trabalhando com not\u00edcias.","sameAs":["http:\/\/ubirataoline.com.br","https:\/\/www.facebook.com\/portalubirataonline","https:\/\/www.instagram.com\/ubirataonline_oficial","https:\/\/x.com\/x.com\/ubirataonline"],"honorificPrefix":"Mr.","honorificSuffix":"MD","birthDate":"1980-06-16","gender":"masculino","award":["V\u00e1rios pr\u00eamios de melhor portal da cidade"],"jobTitle":"Diretor","url":"https:\/\/ubirataonline.com.br\/en\/author\/ubirataonline\/"},{"@type":"PostalAddress","@id":"https:\/\/ubirataonline.com.br\/motociclista-fica-gravemente-ferida-apos-colisao-com-carro-na-avenida-rocha-pombo\/#local-main-place-address","streetAddress":"Rua dos Coqueiros, 104 - Bairro Boa Vista, Rua dos Coqueiros, 104 Bairro Boa Vista","addressLocality":"UBIRATA","postalCode":"85440-000","addressRegion":"PR","addressCountry":"BR"},{"@type":"ImageObject","inLanguage":"en-US","@id":"https:\/\/ubirataonline.com.br\/motociclista-fica-gravemente-ferida-apos-colisao-com-carro-na-avenida-rocha-pombo\/#local-main-organization-logo","url":"https:\/\/ubirataonline.com.br\/wp-content\/uploads\/2026\/06\/logoubirataonline-1.webp","contentUrl":"https:\/\/ubirataonline.com.br\/wp-content\/uploads\/2026\/06\/logoubirataonline-1.webp","width":500,"height":500,"caption":"Ubirat\u00e3 Online Not\u00edcias"}]},"geo.placename":"UBIRATA","geo.position":{"lat":"-24.5361401","long":"-52.9921776"},"geo.region":"Brazil"},"_links":{"self":[{"href":"https:\/\/ubirataonline.com.br\/en\/wp-json\/wp\/v2\/posts\/170327","targetHints":{"allow":["GET"]}}],"collection":[{"href":"https:\/\/ubirataonline.com.br\/en\/wp-json\/wp\/v2\/posts"}],"about":[{"href":"https:\/\/ubirataonline.com.br\/en\/wp-json\/wp\/v2\/types\/post"}],"author":[{"embeddable":true,"href":"https:\/\/ubirataonline.com.br\/en\/wp-json\/wp\/v2\/users\/1"}],"replies":[{"embeddable":true,"href":"https:\/\/ubirataonline.com.br\/en\/wp-json\/wp\/v2\/comments?post=170327"}],"version-history":[{"count":0,"href":"https:\/\/ubirataonline.com.br\/en\/wp-json\/wp\/v2\/posts\/170327\/revisions"}],"wp:featuredmedia":[{"embeddable":true,"href":"https:\/\/ubirataonline.com.br\/en\/wp-json\/wp\/v2\/media\/170328"}],"wp:attachment":[{"href":"https:\/\/ubirataonline.com.br\/en\/wp-json\/wp\/v2\/media?parent=170327"}],"wp:term":[{"taxonomy":"category","embeddable":true,"href":"https:\/\/ubirataonline.com.br\/en\/wp-json\/wp\/v2\/categories?post=170327"},{"taxonomy":"post_tag","embeddable":true,"href":"https:\/\/ubirataonline.com.br\/en\/wp-json\/wp\/v2\/tags?post=170327"}],"curies":[{"name":"wp","href":"https:\/\/api.w.org\/{rel}","templated":true}]}}